{"id":5489,"date":"2019-02-15T10:14:57","date_gmt":"2019-02-15T10:14:57","guid":{"rendered":"http:\/\/entandem.cat\/fr\/un-avancament-de-lagenda-cultural-marc-2019\/"},"modified":"2019-09-26T11:40:51","modified_gmt":"2019-09-26T11:40:51","slug":"agenda-cultural-marc-2019","status":"publish","type":"post","link":"https:\/\/entandem.cat\/fr\/ressources\/agenda-cultural-marc-2019\/","title":{"rendered":"Agenda Cultural &#8211; Mar\u00e7 2019 (BCN)"},"content":{"rendered":"<p>&nbsp;<\/p>\n<p><span class=\"tlid-translation translation\"><span title=\"\">Aquest mes de<\/span> <span title=\"\">mar\u00e7 \u00e9s<\/span> <span title=\"\">una mica<\/span> <span title=\"\">diferent.<\/span> <span title=\"\">Per qu\u00e8?<\/span> <span title=\"\">Perqu\u00e8 el<\/span> <span title=\"\">mes de mar\u00e7<\/span> <span title=\"\">t\u00e9<\/span> <span title=\"\">una data<\/span> <span title=\"\">important<\/span><span title=\"\">,<strong> el 8<\/strong><\/span><strong> <span title=\"\">de mar\u00e7<\/span><\/strong><span title=\"\">,<\/span> <span title=\"\">com a <strong>Dia<\/strong><\/span><strong> <span title=\"\">internacional<\/span> <\/strong><span title=\"\"><strong>de la Dona<\/strong>.<\/span> <span title=\"\">Per celebrar<\/span> <span title=\"\">aquest dia,<\/span> <span title=\"\">us<\/span> <span title=\"\">proposem<\/span><span title=\"\">,<\/span> <span title=\"\">amb<\/span> <span title=\"\">antelaci\u00f3<\/span><span title=\"\">,<\/span> <span title=\"\">unes<\/span> <span title=\"\">activitats que<\/span> <span title=\"\">podran<\/span> <span title=\"\">fer d&rsquo;aquest<\/span> <span title=\"\">dia<\/span> <span class=\"\" title=\"\">un dia memorable, i altres activitats que puntuen aquest mes.<br \/>\n<\/span><\/span><\/p>\n<p><strong>Un avan\u00e7ament pel 8M :<\/strong><\/p>\n<p><span style=\"color: #99cc00;\">[Espectacle]<\/span> <a href=\"https:\/\/www.timeout.es\/barcelona\/es\/que-hacer\/barcelona-districte-cultural-una-mujer-fue-la-causa#tab_panel_2\" target=\"_blank\" rel=\"noopener noreferrer\"><span style=\"color: #ff0000;\"><span class=\"short_text\" lang=\"ca\"><span class=\"\">\u00ab<\/span><\/span>Una mujer fue la causa<span id=\"result_box\" class=\"short_text\" lang=\"ca\"><span class=\"\">\u00bb<\/span><\/span><span id=\"result_box\" class=\"short_text\" lang=\"ca\"><\/span><\/span><\/a><\/p>\n<ul style=\"list-style-type: square;\">\n<li>Diverses dates, del 1\/03 al 29\/03<\/li>\n<li>Diversos llocs<\/li>\n<li>Joves<\/li>\n<li>Entrada gratu\u00efta &#8211; cal inscripci\u00f3 pr\u00e8via<\/li>\n<li><strong>Qu\u00e8 \u00e9s?<\/strong> <span class=\"tlid-translation translation\"><span title=\"\">Espectacle<\/span> <span title=\"\">escrit<\/span> <span title=\"\">amb veu<\/span> <span title=\"\">i<\/span> <span title=\"\">cos<\/span> <span title=\"\">de dona que<\/span> <span title=\"\">reescriu<\/span> <span title=\"\">el flamenc, que<\/span> <span title=\"\">el mira<\/span> <span title=\"\">amb<\/span> <span title=\"\">uns altres ulls,<\/span> <span title=\"\">que<\/span> <span title=\"\">el passeja<\/span> <span title=\"\">per altres<\/span> <span title=\"\">escenaris, que<\/span> <span title=\"\">el<\/span> <span title=\"\">vol fer<\/span> <span title=\"\">menys<\/span> <span title=\"\">petit<\/span><span title=\"\">, menys<\/span> <span title=\"\">tancat,<\/span> <span title=\"\">m\u00e9s<\/span> <span title=\"\">atrevit<\/span> <span title=\"\">i<\/span> <span title=\"\">m\u00e9s<\/span> <span title=\"\">dialogant.<\/span> <span title=\"\">Guitarra<\/span><span title=\"\">, cant<\/span> <span title=\"\">i<\/span> <span title=\"\">ball per<\/span> <span title=\"\">treballar les<\/span> <span title=\"\">capacitats<\/span> <span title=\"\">del flamenc<\/span> <span title=\"\">i<\/span> <span title=\"\">explorar els seus<\/span> <span title=\"\">l\u00edmits,<\/span> <span title=\"\">per<\/span> <span title=\"\">transgredir-<\/span><span title=\"\">, per deixar<\/span> <span class=\"\" title=\"\">const\u00e0ncia,<\/span> <span class=\"\" title=\"\">per<\/span> <span title=\"\">engrandir<\/span><span title=\"\">, per aconseguir que<\/span> <span title=\"\">es<\/span> <span title=\"\">difuminin<\/span> <span title=\"\">i que<\/span> <span title=\"\">aquest<\/span> <span title=\"\">territori<\/span> <span class=\"\" title=\"\">de tradici\u00f3<\/span> <span class=\"\" title=\"\">es torni<\/span> <span class=\"\" title=\"\">permeable<\/span> <span title=\"\">a nous<\/span> <span title=\"\">llenguatges<\/span> <span title=\"\">t\u00e8cnics,<\/span> <span title=\"\">dramat\u00fargics<\/span> <span title=\"\">i<\/span> <span title=\"\">esc\u00e8nics.<\/span><\/span><\/li>\n<\/ul>\n<p><span style=\"color: #99cc00;\">[Contacontes]<\/span> <a href=\"https:\/\/www.timeout.es\/barcelona\/es\/ninyos\/petites-histories-grans-dones\" target=\"_blank\" rel=\"noopener noreferrer\"><span class=\"short_text\" lang=\"ca\" style=\"color: #ff0000;\"><span class=\"\">\u00abPetites hist\u00f2ries, grans dones<\/span><\/span><span id=\"result_box\" class=\"short_text\" lang=\"ca\"><span class=\"\"><span style=\"color: #ff0000;\">\u00bb<\/span><\/span><\/span><\/a><span id=\"result_box\" class=\"short_text\" lang=\"ca\"><\/span><\/p>\n<ul style=\"list-style-type: square;\">\n<li>Diverses dates, del 02\/03 al 30\/03<\/li>\n<li>Diversos llocs<\/li>\n<li>Infants \/ joves<\/li>\n<li>Entrada gratu\u00efta<\/li>\n<li><strong>Qu\u00e8 \u00e9s?&nbsp;<\/strong><span class=\"tlid-translation translation\"><span title=\"\">Pintores<\/span><span title=\"\">,<\/span> <span title=\"\">arque\u00f2logues<\/span><span title=\"\">, matem\u00e0tiques,<\/span> <span title=\"\">dissenyadores<\/span><span title=\"\">,<\/span> <span title=\"\">estibadores<\/span><span title=\"\">&#8230;<\/span><span title=\"\">Totes elles<\/span> <span title=\"\">dones<\/span> <span title=\"\">que viuen<\/span> <span title=\"\">amb passi\u00f3<\/span> <span title=\"\">la seva professi\u00f3<\/span> <span title=\"\">i<\/span> <span title=\"\">que podreu<\/span> <span title=\"\">con\u00e8ixer<\/span> <span title=\"\">gr\u00e0cies a &lsquo;<\/span><span title=\"\">Petites<\/span> <span title=\"\">hist\u00f2ries,<\/span> <span title=\"\">grans dones<\/span><span title=\"\">&lsquo;<\/span><span title=\"\">, set<\/span> <span class=\"\" title=\"\">sessions<\/span> <span title=\"\">de contacontes<\/span> <span title=\"\">que tindran<\/span> <span title=\"\">lloc<\/span> <span title=\"\">en set<\/span> <span title=\"\">museus de la<\/span> <span title=\"\">ciutat: el<\/span> <span title=\"\">MNAC,<\/span> <span class=\"\" title=\"\">la Fundaci\u00f3 Mir\u00f3<\/span><span title=\"\">, el Museu<\/span> <span title=\"\">Mar\u00edtim, el<\/span> <span title=\"\">d&rsquo;Arqueologia<\/span><span title=\"\">,<\/span> <span title=\"\">el de Ci\u00e8ncies<\/span> <span class=\"\" title=\"\">Naturals, el<\/span> <span title=\"\">del Disseny<\/span> <span title=\"\">i el Museu<\/span> <span title=\"\">Picasso.<\/span> <span title=\"\">Cada<\/span> <span title=\"\">museu ha<\/span> <span title=\"\">triat<\/span> <span title=\"\">dues dones<\/span> <span class=\"\" title=\"\">afins<\/span> <span title=\"\">a la seva tem\u00e0tica<\/span> <span title=\"\">o que tenen<\/span> <span title=\"\">algun vincle<\/span> <span title=\"\">amb la seva col\u00b7lecci\u00f3<\/span> <span class=\"\" title=\"\">i han<\/span> <span title=\"\">encarregat a<\/span> <span title=\"\">les<\/span> <span title=\"\">escriptores<\/span> <span title=\"\">Vict\u00f2ria<\/span> <span title=\"\">Bermejo<\/span> <span title=\"\">i Anna<\/span> <span title=\"\">Manso<\/span> <span class=\"\" title=\"\">&#8211; guionistes<\/span><span title=\"\">,<\/span> <span title=\"\">entre d&rsquo;altres,<\/span> <span title=\"\">de &lsquo;<\/span><span title=\"\">Una<\/span> <span title=\"\">m\u00e0<\/span> <span class=\"\" title=\"\">de<\/span> <span title=\"\">contes&rsquo;-<\/span> <span title=\"\">la creaci\u00f3<\/span> <span title=\"\">d&rsquo;hist\u00f2ries<\/span> <span class=\"\" title=\"\">curtes<\/span> <span title=\"\">basades en<\/span> <span class=\"\" title=\"\">les seves biografies.<\/span><\/span><\/li>\n<\/ul>\n<p><span style=\"color: #99cc00;\">[Homenatge]<\/span> <a href=\"http:\/\/ajuntament.barcelona.cat\/centrescivics\/ca\/detall\/dia-de-la-dona_99400617067.html\" target=\"_blank\" rel=\"noopener noreferrer\"><span style=\"color: #ff0000;\"><span class=\"short_text\" lang=\"ca\"><span class=\"\">\u00ab<\/span><\/span>Dia de la Dona<span id=\"result_box\" class=\"short_text\" lang=\"ca\"><span class=\"\">\u00bb<\/span><\/span><\/span><\/a><\/p>\n<ul style=\"list-style-type: square;\">\n<li>8 de mar\u00e7, a les 18h30<\/li>\n<li>Centre C\u00edvic Bar\u00f3 de Viver<\/li>\n<li>Joves<\/li>\n<li>Entrada gratu\u00efta, esdeveniment obert per a tots i totes.<\/li>\n<li><strong>Qu\u00e8 \u00e9s?<\/strong> La Xarxa T\u00e8cnica i les entitats de Bar\u00f3 de Viver volem fer un homenatge a totes les dones i convidem a tothom a participar.<\/li>\n<\/ul>\n<p><span style=\"color: #99cc00;\">[Exposici\u00f3]<\/span> <a href=\"http:\/\/ajuntament.barcelona.cat\/centrescivics\/ca\/detall\/exposicio-imaginaris-femenins-ser-dona-a-cura-de-katia-muntildeoz_99400617091.html\" target=\"_blank\" rel=\"noopener noreferrer\"><span style=\"color: #ff0000;\"><span class=\"tlid-translation translation\"><span title=\"\"><span class=\"short_text\" lang=\"ca\"><span class=\"\">\u00ab<\/span><\/span><\/span><\/span>&lsquo;Imaginaris femenins: ser dona&rsquo;, a cura de Katia Mu\u00f1oz<span class=\"tlid-translation translation\"><span title=\"\"><span id=\"result_box\" class=\"short_text\" lang=\"ca\"><span class=\"\">\u00bb<\/span><\/span><\/span><\/span><\/span><\/a><\/p>\n<ul style=\"list-style-type: square;\">\n<li>Del 7\/03 al 7\/04 &#8211; de les 9h a les 22h<\/li>\n<li>Centre C\u00edvic Barceloneta<\/li>\n<li>Joves<\/li>\n<li>Entrada gratu\u00efta<\/li>\n<li><strong>Qu\u00e8 \u00e9s?<\/strong> Qu\u00e8 \u00e9s ser dona? Aquesta proposta expositiva pret\u00e9n mostrar noves perspectives de ser dona en el m\u00f3n d&rsquo;avui, unir veus que busquin manifestar conceptualitzacions diferents de les que rebem habitualment i segueixen perpetuant la desigualtat entre homes i dones.<\/li>\n<\/ul>\n<p><span style=\"color: #99cc00;\">[Exposici\u00f3] <a href=\"http:\/\/ajuntament.barcelona.cat\/centrescivics\/ca\/detall\/exposicio-relats-en-femeni-_99400614133.html\" target=\"_blank\" rel=\"noopener noreferrer\"><span style=\"color: #ff0000;\"><span class=\"tlid-translation translation\"><span title=\"\"><span class=\"short_text\" lang=\"ca\"><span class=\"\">\u00ab\u00a0\u00bbRelats en femen\u00ed\u00a0\u00bb<\/span><\/span><\/span><\/span><span class=\"tlid-translation translation\"><span title=\"\"><span id=\"result_box\" class=\"short_text\" lang=\"ca\"><span class=\"\">\u00bb<\/span><\/span><\/span><\/span><\/span><\/a><br \/>\n<\/span><\/p>\n<ul style=\"list-style-type: square;\">\n<li>Fins al 10\/03<\/li>\n<li>Centre C\u00edvic Sagrada Fam\u00edlia<\/li>\n<li>Joves<\/li>\n<li>Entrada gratu\u00efta<\/li>\n<li><strong>Qu\u00e8 \u00e9s?<\/strong> L&rsquo;exposici\u00f3 vol ser una mostra de dones transgressores, que aporten una nova visi\u00f3 del m\u00f3n.<\/li>\n<\/ul>\n<p><span style=\"color: #99cc00;\">[Cine]<\/span> <a href=\"http:\/\/ajuntament.barcelona.cat\/centrescivics\/ca\/activitat\/de-pellicula-parlem-de-dones\" target=\"_blank\" rel=\"noopener noreferrer\"><span class=\"tlid-translation translation\" style=\"color: #ff0000;\"><span title=\"\"><span class=\"short_text\" lang=\"ca\"><span class=\"\">\u00abProjecci\u00f3 de la pel\u00b7l\u00edcula \u00ab\u00a0Carol\u00a0\u00bb i confer\u00e8ncia<span id=\"result_box\" class=\"short_text\" lang=\"ca\">\u00bb<\/span><\/span><\/span><\/span><\/span><\/a><\/p>\n<ul style=\"list-style-type: square;\">\n<li>14 de mar\u00e7 a les 19h30<\/li>\n<li>Centre C\u00edvic Cotxeres Borrell<\/li>\n<li>Entrada gratu\u00efta &#8211; cal inscripci\u00f3 pr\u00e8via<\/li>\n<li>Joves<\/li>\n<li><strong>Qu\u00e8 \u00e9s?<\/strong> Sinopsi: Nova York, anys 50. Dues dones, una d&rsquo;elles casada infeli\u00e7ment, entre les quals sorgeix una atracci\u00f3 immediata que canviar\u00e0 les seves vides per sempre.\n<div class=\"main-column\">\n<div class=\"activitat-text\">\n<div class=\"field field-name-body field-type-text-with-summary field-label-hidden\">\n<div class=\"field-items\">\n<div class=\"field-item even\">\n<p>&nbsp;La projecci\u00f3 s&rsquo;acompanya de la confer\u00e8ncia <em>Visibilitat l\u00e8sbica sense drama, \u00e9s possible?<\/em> (18.00 h) a c\u00e0rrec d&rsquo;Elena Longares, activista lesbiana i LGTBI, membre de LesBicat.&nbsp;<\/p>\n<\/div>\n<\/div>\n<\/div>\n<\/div>\n<\/div>\n<\/li>\n<\/ul>\n<p><span style=\"color: #99cc00;\">[Concert]<\/span> <a href=\"https:\/\/mailchi.mp\/aliciaweb\/anunciamos-horarios-mim-a-santa-coloma-festival-y-espacios-dentro-del-mas-fonollar-alice-guy-y-nina-simone-16-de-marzo-jornada-gratuita-1256929?e=ecbc6e6050\" target=\"_blank\" rel=\"noopener noreferrer\"><span style=\"color: #ff0000;\">\u00abMIM-A Santa Coloma Festival\u00bb<\/span><\/a><\/p>\n<ul style=\"list-style-type: square;\">\n<li>16 de mar\u00e7, de les 11h30 a les 00h<\/li>\n<li>Mas Fonollar (c\/ Sant Jeroni, 1-3), Santa Coloma de Gramenet&nbsp;(Barcelona)<\/li>\n<li>Joves<\/li>\n<li>Entrada gratu\u00efta<\/li>\n<li><strong>Qu\u00e8 \u00e9s?<\/strong> U<span class=\"tlid-translation translation\"><span title=\"\">n festival<\/span> <span title=\"\">gratu\u00eft<\/span> <span title=\"\">ple<\/span> <span title=\"\">de veus<\/span> <span class=\"\" title=\"\">femenines. <span title=\"\">A m\u00e9s de la<\/span> <span title=\"\">m\u00fasica,<\/span> <span title=\"\">tindran<\/span> <span title=\"\">lloc<\/span> <span title=\"\">presentacions<\/span> <span title=\"\">de documentals<\/span> <span title=\"\">i<\/span> <span title=\"\">llibres<\/span><span title=\"\">, mercat<\/span> <span title=\"\">i<\/span> <span title=\"\">activitats<\/span> <span title=\"\">infantils<\/span> <span title=\"\">amb<\/span> <span title=\"\">la dona<\/span> com a protagonista.<\/span><\/span><\/li>\n<\/ul>\n<p>Paral\u00b7lelament,&nbsp;<span class=\"tlid-translation translation\"><span title=\"\">per a m\u00e9s<\/span> <span title=\"\">informaci\u00f3<\/span><span title=\"\">,<\/span> <span title=\"\">podeu<\/span> <strong><span title=\"\">trucar als<\/span> c<span title=\"\">entres c\u00edvics<\/span> <span title=\"\">de diferents<\/span> <span class=\"\" title=\"\">barris<\/span><\/strong> <span title=\"\">(<\/span><span title=\"\">el del vostre<\/span> t<span title=\"\">\u00e0ndem<\/span> <span title=\"\">per<\/span> <span title=\"\">exemple<\/span><span title=\"\">)<\/span> <span title=\"\">per saber<\/span> <span title=\"\">els<\/span> <span title=\"\">activitats<\/span> <span title=\"\">que<strong> es<\/strong><\/span><strong> f<span class=\"\" title=\"\">aran<\/span> <span title=\"\">als barris<\/span> <span title=\"\">just<\/span> <span title=\"\">el dia<\/span> <span class=\"\" title=\"\">8M<\/span><\/strong><span title=\"\">.<\/span><\/span><\/p>\n<p>&nbsp;<\/p>\n<p><strong>Altres activitats interessants per tot el mes :<\/strong><\/p>\n<p><span style=\"color: #99cc00;\">[Xerrada]<\/span> <a href=\"https:\/\/guia.barcelona.cat\/es\/detall\/l-aventura-de-coneixer-la-claqueta-xerrada-les-dones-a-les-series-the-handmaids-tale-big-little-lies-sharp-objects_99400616232.html\" target=\"_blank\" rel=\"noopener noreferrer\"><span style=\"color: #ff0000;\">\u00ab<span class=\"notranslate\">Les dones a les s\u00e8ries: The Handmaids Tale, Big little lies, Sharp Objects<\/span>\u00bb<\/span><\/a><\/p>\n<ul style=\"list-style-type: square;\">\n<li>7 de mar\u00e7 a les 19h<\/li>\n<li>Biblioteca Guinard\u00f3 &#8211; Merc\u00e8 Rodoreda<\/li>\n<li>Joves<\/li>\n<li>Entrada gratu\u00efta<\/li>\n<li><strong>Qu\u00e8 \u00e9s?<\/strong> A c\u00e0rrec de Marc Montserrat, Calidoscopi Cultura.&nbsp;<\/li>\n<\/ul>\n<p><span style=\"color: #99cc00;\">[Cultura]<\/span>&nbsp;<a href=\"http:\/\/ajuntament.barcelona.cat\/ccivics\/barodeviver\/p\/18289\/bon-viver-darts\" target=\"_blank\" rel=\"noopener noreferrer\"><span style=\"color: #ff0000;\">\u00abBon Viver d&rsquo;arts\u00bb<\/span><\/a><\/p>\n<ul style=\"list-style-type: square;\">\n<li>Del 8 de mar\u00e7 fins al 16 de mar\u00e7<\/li>\n<li>Centre C\u00edvic Bar\u00f3 de Viver<\/li>\n<li>Infants \/ Joves<\/li>\n<li>Entrada gratu\u00efta&nbsp;<\/li>\n<li><strong>Qu\u00e8 \u00e9s?<\/strong>&nbsp;Festival cultural de Bon Pastor i Bar\u00f3 de Viver.&nbsp;No us perdeu un Bon Viver ple de teatre, sevillanes, m\u00fasica, dansa, i diverses mostres de pintura, art, fotografia i molt m\u00e9s.&nbsp;L\u2019objectiu de la proposta \u00e9s promoure la cooperaci\u00f3 entre les persones i entitats d\u2019ambd\u00f3s barris i establir un di\u00e0leg a trav\u00e9s de l\u2019expressi\u00f3 art\u00edstica.<\/li>\n<\/ul>\n<p><span style=\"color: #99cc00;\">[Teatre]<\/span> <a href=\"https:\/\/calisidret.eixpereiv.org\/2019\/02\/13\/obra-de-teatre-toc-toc\/\" target=\"_blank\" rel=\"noopener noreferrer\"><span style=\"color: #ff0000;\">\u00abTOC TOC\u00bb<\/span><\/a><\/p>\n<ul style=\"list-style-type: square;\">\n<li>9 de mar\u00e7 a les 20h &#8211; 10 de mar\u00e7 a les 18h<\/li>\n<li>Casal Ca L&rsquo;isidret<\/li>\n<li>Entrada gratu\u00efta al punt d&rsquo;informaci\u00f3<\/li>\n<li>Infants \/ Joves<\/li>\n<li><strong>Qu\u00e8 \u00e9s?<\/strong> \u00c9s una com\u00e8dia que ens parla de la difer\u00e8ncia, de la toler\u00e0ncia i sobretot de la import\u00e0ncia dels grups socials, com a principals eixos de canvi, capa\u00e7os de millorar tant el nostre paisatge extern, com intern.&nbsp;En clau d\u2019humor, ens va reflectint en les nostres manies i limitacions, en la nostra&nbsp;necessitat de ser acceptats pels altres. Tamb\u00e9, i en particular, en com necessitem els altres per cr\u00e9ixer i avan\u00e7ar, sent aquests \u201caltres\u201d el nostre primer reflex.<\/li>\n<\/ul>\n<p><span style=\"color: #99cc00;\">[Cine]<\/span> <a href=\"https:\/\/www.timeout.es\/barcelona\/es\/que-hacer\/club-marvel#tab_panel_3\" target=\"_blank\" rel=\"noopener noreferrer\"><span style=\"color: #ff0000;\">\u00abClub Marvel\u00bb<\/span><\/a><\/p>\n<ul style=\"list-style-type: square;\">\n<li>Tots els dissabtes de mar\u00e7<\/li>\n<li>Espai Jove Casa Sagnier<\/li>\n<li>Entrada gratu\u00efta, cal inscripci\u00f3 pr\u00e8via&nbsp;<\/li>\n<li>Joves<\/li>\n<li><strong>Qu\u00e8 \u00e9s?<\/strong> Activitats dirigides a joves de 16 a 29 anys entorn de l&rsquo;univers Marvel: projecci\u00f3 de pel\u00b7l\u00edcules, creaci\u00f3 de teories, presentacions de llibres&#8230;<\/li>\n<\/ul>\n<p><span style=\"color: #99cc00;\">[Projecci\u00f3]<\/span> <a href=\"https:\/\/guia.barcelona.cat\/es\/detall\/l-aventura-de-coneixer-la-claqueta-presentacio-i-projeccio-cinema-lliure-a-la-biblioteca_99400620181.html\" target=\"_blank\" rel=\"noopener noreferrer\"><span style=\"color: #ff0000;\">\u00abCinema Lliure a la Biblioteca\u00bb<\/span><\/a><\/p>\n<ul style=\"list-style-type: square;\">\n<li>Dimecres 13 de mar\u00e7 a les 19h<\/li>\n<li>Biblioteca Guinard\u00f3 &#8211; Merc\u00e8 Rodoreda<\/li>\n<li>Joves<\/li>\n<li>Entrada gratu\u00efta<\/li>\n<li><strong>Qu\u00e8 \u00e9s?<\/strong> L&rsquo;extraordin\u00e0ria i desconeguda hist\u00f2ria de Joana Biarn\u00e9s, la primera fotoperiodista espanyola. Una pionera que va superar els prejudicis d&rsquo;una \u00e8poca per triomfar a la seva professi\u00f3, que va immortalitzar a grans personalitats hist\u00f2riques i que, quan podia haver-se convertit en una llegenda, va desapar\u00e8ixer. Fins avui.<\/li>\n<\/ul>\n<p><span style=\"color: #99cc00;\">[Concert]<\/span> <a href=\"http:\/\/ajuntament.barcelona.cat\/ccivics\/bonpastor\/p\/29301\/versonautas\" target=\"_blank\" rel=\"noopener noreferrer\"><span style=\"color: #ff0000;\">\u00abVersonautas\u00bb<\/span><\/a><\/p>\n<ul style=\"list-style-type: square;\">\n<li>Divendres 15 de mar\u00e7 a les 19h<\/li>\n<li>Centre C\u00edvic Bon Pastor<\/li>\n<li>Infants \/ Joves<\/li>\n<li>Entrada gratu\u00efta&nbsp;<\/li>\n<li><strong>Qu\u00e8 \u00e9s?<\/strong>&nbsp;Viatge sonor a trav\u00e9s de m\u00fasiques pr\u00f2pies que abracen textos de grans poetes que s\u00f3n tamb\u00e9 profetes, savis i fil\u00f2sofs.&nbsp;Poesia&nbsp;que s\u2019apropa al ritual i a la catarsi per aprendre a estimar el nostre ritme.<\/li>\n<\/ul>\n<p><span style=\"color: #99cc00;\">[Astronomia]<\/span> <a href=\"http:\/\/forfree.barcelona\/ca\/en-familia\/observaci-del-sol-amb-telescopi-17032019\" target=\"_blank\" rel=\"noopener noreferrer\"><span style=\"color: #ff0000;\">\u00abObservaci\u00f3 del sol amb telescopi\u00bb<\/span><\/a><\/p>\n<ul style=\"list-style-type: square;\">\n<li>Diumenge 17 de mar\u00e7, de 11:05h fins a 13:30h<\/li>\n<li>Granollers&nbsp;<\/li>\n<li>Entrada gratu\u00efta&nbsp;<\/li>\n<li>Infants \/ Joves&nbsp;<\/li>\n<li>Qu\u00e8 \u00e9s?&nbsp;Observaci\u00f3 del Sol des del pati del Museu El Sol \u00e9s una enorme bola de gas dins la qual hi cabrien m\u00e9s d&rsquo;un mili\u00f3 de Terres. Amb telescopis dotats de filtres especials ens el podem mirar amb tota tranquil\u00b7litat.<\/li>\n<\/ul>\n<p><span style=\"color: #99cc00;\">[Concert]<\/span> <a href=\"https:\/\/www.timeout.es\/barcelona\/es\/musica\/las-voces-del-monasterio\" target=\"_blank\" rel=\"noopener noreferrer\"><span style=\"color: #ff0000;\">\u00abLes veus del monestir\u00bb<\/span><\/a><\/p>\n<ul style=\"list-style-type: square;\">\n<li>Dimecres 20 de mar\u00e7 a les 19h<\/li>\n<li>Monestir de Pedralbes<\/li>\n<li>Infants \/ Joves<\/li>\n<li>Entrada gratu\u00efta, cal inscripci\u00f3 pr\u00e8via<\/li>\n<li><strong>Qu\u00e8 \u00e9s?<\/strong>&nbsp;Es tracta de recitals en qu\u00e8 la l\u00edrica i les veus solistes s\u00f3n les grans protagonistes, en un dels llocs amb m\u00e9s encant de la ciutat.<\/li>\n<\/ul>\n<p><span style=\"color: #99cc00;\">[Cine]<\/span> <a href=\"https:\/\/farinera.org\/agenda\/the-strange-sound-of-happiness\/\" target=\"_blank\" rel=\"noopener noreferrer\"><span style=\"color: #ff0000;\">\u00abThe strange sound of happiness\u00bb<\/span><\/a><\/p>\n<ul style=\"list-style-type: square;\">\n<li>28 de mar\u00e7, 19h<\/li>\n<li>Centre Cultural La Farinera del Clot<\/li>\n<li>Joves<\/li>\n<li>Entrada gratu\u00efta, cal reserva a partir del dilluns anterior&nbsp;a la data del passi<\/li>\n<li><strong>Qu\u00e8 \u00e9s?<\/strong> Sinopsi: El boig, m\u00e0gic i divertit viatge a Sib\u00e8ria d\u2019un sicili\u00e0 amb un prop\u00f2sit vital: esbrinar quant pugui de l\u2019arpa de boca, instrument nacional i s\u00edmbol de la felicitat en aquelles terres.<\/li>\n<\/ul>\n<p><span style=\"color: #99cc00;\">[Esport]<\/span> <a href=\"https:\/\/www.timeout.es\/barcelona\/es\/que-hacer\/corre-gratis-dentro-del-estadio-olimpico#tab_panel_3\" target=\"_blank\" rel=\"noopener noreferrer\"><span style=\"color: #ff0000;\">\u00abCorre dins de l&rsquo;estadi ol\u00edmpic\u00bb<\/span><\/a><\/p>\n<ul style=\"list-style-type: square;\">\n<li>Diumenge 31 de mar\u00e7&nbsp;<\/li>\n<li>Estadi ol\u00edmpic Llu\u00eds Companys&nbsp;<\/li>\n<li>Entrada gratu\u00efta&nbsp;<\/li>\n<li><strong>Qu\u00e8 \u00e9s? <\/strong>Gaudeix de l&rsquo;experi\u00e8ncia de c\u00f3rrer dins de l&rsquo;estadi ol\u00edmpic i converteix-te en un atleta ol\u00edmpic!<\/li>\n<\/ul>\n<p><span style=\"color: #99cc00;\">[Exposici\u00f3]<\/span> <a href=\"https:\/\/www.barcelona.cat\/infobarcelona\/ca\/setze-barris-mil-ciutats-2_769432.html\" target=\"_blank\" rel=\"noopener noreferrer\"><span style=\"color: #ff0000;\">\u00abSetze barris, mil ciutats\u00bb<\/span><\/a><\/p>\n<ul style=\"list-style-type: square;\">\n<li>Fins al 31 de mar\u00e7 &#8211; dijous i divendres, de 16 a 20h.<\/li>\n<li>El Bors\u00ed (pla\u00e7a de la Ver\u00f2nica)&nbsp;<\/li>\n<li>Entrada gratu\u00efta<\/li>\n<li>Infants \/ joves&nbsp;<\/li>\n<li><strong>Qu\u00e8 \u00e9s?<\/strong>&nbsp;La mostra recull mirades de diferents fot\u00f2grafs dels setze barris de Barcelona on el Pla de barris desplega diferents actuacions en educaci\u00f3, drets socials, equipaments i espais p\u00fablics i activitat econ\u00f2mica. La mostra respon a la necessitat de trencar la imatge perif\u00e8rica dels barris m\u00e9s vulnerables&nbsp;i desconeguts de la ciutat.<\/li>\n<\/ul>\n","protected":false},"excerpt":{"rendered":"<p>&nbsp; Aquest mes de mar\u00e7 \u00e9s una mica diferent. Per qu\u00e8? Perqu\u00e8 el mes de mar\u00e7 t\u00e9 una data important, el 8 de mar\u00e7, com a Dia internacional de la Dona. Per celebrar aquest dia, us proposem, amb antelaci\u00f3, unes activitats que podran fer d&rsquo;aquest dia un dia memorable, i altres activitats que puntuen aquest &hellip; <a href=\"https:\/\/entandem.cat\/fr\/ressources\/agenda-cultural-marc-2019\/\">Continued<\/a><\/p>\n","protected":false},"author":1,"featured_media":5412,"comment_status":"closed","ping_status":"open","sticky":false,"template":"","format":"standard","meta":{"footnotes":""},"categories":[654,322],"tags":[591,572,592,593,594,595,606,596,597],"class_list":["post-5489","post","type-post","status-publish","format-standard","has-post-thumbnail","hentry","category-barcelona-fr","category-ressources","tag-activitats-culturals-fr","tag-agenda-cultural-fr","tag-cine-fr","tag-cultura-fr","tag-dona-fr","tag-exposicio-fr","tag-genere-fr","tag-homenatge-fr","tag-marc-fr"],"yoast_head":"<!-- This site is optimized with the Yoast SEO plugin v27.0 - https:\/\/yoast.com\/product\/yoast-seo-wordpress\/ -->\n<title>Agenda Cultural - Mar\u00e7 2019 (BCN) - enT\u00e0ndem<\/title>\n<meta name=\"robots\" content=\"index, follow, max-snippet:-1, max-image-preview:large, max-video-preview:-1\" \/>\n<link rel=\"canonical\" href=\"https:\/\/entandem.cat\/fr\/ressources\/agenda-cultural-marc-2019\/\" \/>\n<meta property=\"og:locale\" content=\"fr_FR\" \/>\n<meta property=\"og:type\" content=\"article\" \/>\n<meta property=\"og:title\" content=\"Agenda Cultural - Mar\u00e7 2019 (BCN) - enT\u00e0ndem\" \/>\n<meta property=\"og:description\" content=\"&nbsp; Aquest mes de mar\u00e7 \u00e9s una mica diferent. Per qu\u00e8? Perqu\u00e8 el mes de mar\u00e7 t\u00e9 una data important, el 8 de mar\u00e7, com a Dia internacional de la Dona. Per celebrar aquest dia, us proposem, amb antelaci\u00f3, unes activitats que podran fer d&rsquo;aquest dia un dia memorable, i altres activitats que puntuen aquest &hellip; Continued\" \/>\n<meta property=\"og:url\" content=\"https:\/\/entandem.cat\/fr\/ressources\/agenda-cultural-marc-2019\/\" \/>\n<meta property=\"og:site_name\" content=\"enT\u00e0ndem\" \/>\n<meta property=\"article:publisher\" content=\"https:\/\/www.facebook.com\/afevcat\" \/>\n<meta property=\"article:published_time\" content=\"2019-02-15T10:14:57+00:00\" \/>\n<meta property=\"article:modified_time\" content=\"2019-09-26T11:40:51+00:00\" \/>\n<meta property=\"og:image\" content=\"https:\/\/entandem.cat\/wp-content\/uploads\/2019\/02\/Agenda-Cultural-Mar\u00e7-2019.jpg\" \/>\n\t<meta property=\"og:image:width\" content=\"2592\" \/>\n\t<meta property=\"og:image:height\" content=\"1728\" \/>\n\t<meta property=\"og:image:type\" content=\"image\/jpeg\" \/>\n<meta name=\"author\" content=\"adminTandem\" \/>\n<meta name=\"twitter:card\" content=\"summary_large_image\" \/>\n<meta name=\"twitter:creator\" content=\"@afevcat\" \/>\n<meta name=\"twitter:site\" content=\"@afevcat\" \/>\n<meta name=\"twitter:label1\" content=\"\u00c9crit par\" \/>\n\t<meta name=\"twitter:data1\" content=\"adminTandem\" \/>\n\t<meta name=\"twitter:label2\" content=\"Dur\u00e9e de lecture estim\u00e9e\" \/>\n\t<meta name=\"twitter:data2\" content=\"7 minutes\" \/>\n<script type=\"application\/ld+json\" class=\"yoast-schema-graph\">{\"@context\":\"https:\/\/schema.org\",\"@graph\":[{\"@type\":\"Article\",\"@id\":\"https:\/\/entandem.cat\/fr\/ressources\/agenda-cultural-marc-2019\/#article\",\"isPartOf\":{\"@id\":\"https:\/\/entandem.cat\/fr\/ressources\/agenda-cultural-marc-2019\/\"},\"author\":{\"name\":\"adminTandem\",\"@id\":\"https:\/\/entandem.cat\/#\/schema\/person\/2111428ce1954193a11054a1e2b5b0da\"},\"headline\":\"Agenda Cultural &#8211; Mar\u00e7 2019 (BCN)\",\"datePublished\":\"2019-02-15T10:14:57+00:00\",\"dateModified\":\"2019-09-26T11:40:51+00:00\",\"mainEntityOfPage\":{\"@id\":\"https:\/\/entandem.cat\/fr\/ressources\/agenda-cultural-marc-2019\/\"},\"wordCount\":1449,\"publisher\":{\"@id\":\"https:\/\/entandem.cat\/#organization\"},\"image\":{\"@id\":\"https:\/\/entandem.cat\/fr\/ressources\/agenda-cultural-marc-2019\/#primaryimage\"},\"thumbnailUrl\":\"https:\/\/entandem.cat\/wp-content\/uploads\/2019\/02\/Agenda-Cultural-Mar\u00e7-2019.jpg\",\"keywords\":[\"activitats culturals\",\"agenda cultural\",\"cine\",\"cultura\",\"dona\",\"exposici\u00f3\",\"g\u00e8nere\",\"homenatge\",\"mar\u00e7\"],\"articleSection\":[\"Barcelona\",\"Ressources\"],\"inLanguage\":\"fr-FR\"},{\"@type\":\"WebPage\",\"@id\":\"https:\/\/entandem.cat\/fr\/ressources\/agenda-cultural-marc-2019\/\",\"url\":\"https:\/\/entandem.cat\/fr\/ressources\/agenda-cultural-marc-2019\/\",\"name\":\"Agenda Cultural - Mar\u00e7 2019 (BCN) - enT\u00e0ndem\",\"isPartOf\":{\"@id\":\"https:\/\/entandem.cat\/#website\"},\"primaryImageOfPage\":{\"@id\":\"https:\/\/entandem.cat\/fr\/ressources\/agenda-cultural-marc-2019\/#primaryimage\"},\"image\":{\"@id\":\"https:\/\/entandem.cat\/fr\/ressources\/agenda-cultural-marc-2019\/#primaryimage\"},\"thumbnailUrl\":\"https:\/\/entandem.cat\/wp-content\/uploads\/2019\/02\/Agenda-Cultural-Mar\u00e7-2019.jpg\",\"datePublished\":\"2019-02-15T10:14:57+00:00\",\"dateModified\":\"2019-09-26T11:40:51+00:00\",\"breadcrumb\":{\"@id\":\"https:\/\/entandem.cat\/fr\/ressources\/agenda-cultural-marc-2019\/#breadcrumb\"},\"inLanguage\":\"fr-FR\",\"potentialAction\":[{\"@type\":\"ReadAction\",\"target\":[\"https:\/\/entandem.cat\/fr\/ressources\/agenda-cultural-marc-2019\/\"]}]},{\"@type\":\"ImageObject\",\"inLanguage\":\"fr-FR\",\"@id\":\"https:\/\/entandem.cat\/fr\/ressources\/agenda-cultural-marc-2019\/#primaryimage\",\"url\":\"https:\/\/entandem.cat\/wp-content\/uploads\/2019\/02\/Agenda-Cultural-Mar\u00e7-2019.jpg\",\"contentUrl\":\"https:\/\/entandem.cat\/wp-content\/uploads\/2019\/02\/Agenda-Cultural-Mar\u00e7-2019.jpg\",\"width\":2592,\"height\":1728},{\"@type\":\"BreadcrumbList\",\"@id\":\"https:\/\/entandem.cat\/fr\/ressources\/agenda-cultural-marc-2019\/#breadcrumb\",\"itemListElement\":[{\"@type\":\"ListItem\",\"position\":1,\"name\":\"Inici\",\"item\":\"https:\/\/entandem.cat\/fr\/\"},{\"@type\":\"ListItem\",\"position\":2,\"name\":\"Agenda Cultural &#8211; Mar\u00e7 2019 (BCN)\"}]},{\"@type\":\"WebSite\",\"@id\":\"https:\/\/entandem.cat\/#website\",\"url\":\"https:\/\/entandem.cat\/\",\"name\":\"enT\u00e0ndem\",\"description\":\"Voluntariat Social Universitari\",\"publisher\":{\"@id\":\"https:\/\/entandem.cat\/#organization\"},\"potentialAction\":[{\"@type\":\"SearchAction\",\"target\":{\"@type\":\"EntryPoint\",\"urlTemplate\":\"https:\/\/entandem.cat\/?s={search_term_string}\"},\"query-input\":{\"@type\":\"PropertyValueSpecification\",\"valueRequired\":true,\"valueName\":\"search_term_string\"}}],\"inLanguage\":\"fr-FR\"},{\"@type\":\"Organization\",\"@id\":\"https:\/\/entandem.cat\/#organization\",\"name\":\"enT\u00e0ndem\",\"url\":\"https:\/\/entandem.cat\/\",\"logo\":{\"@type\":\"ImageObject\",\"inLanguage\":\"fr-FR\",\"@id\":\"https:\/\/entandem.cat\/#\/schema\/logo\/image\/\",\"url\":\"https:\/\/entandem.cat\/wp-content\/uploads\/2016\/12\/logo-entandem.png\",\"contentUrl\":\"https:\/\/entandem.cat\/wp-content\/uploads\/2016\/12\/logo-entandem.png\",\"width\":166,\"height\":44,\"caption\":\"enT\u00e0ndem\"},\"image\":{\"@id\":\"https:\/\/entandem.cat\/#\/schema\/logo\/image\/\"},\"sameAs\":[\"https:\/\/www.facebook.com\/afevcat\",\"https:\/\/x.com\/afevcat\",\"https:\/\/www.instagram.com\/afevcat\/\"]},{\"@type\":\"Person\",\"@id\":\"https:\/\/entandem.cat\/#\/schema\/person\/2111428ce1954193a11054a1e2b5b0da\",\"name\":\"adminTandem\"}]}<\/script>\n<!-- \/ Yoast SEO plugin. -->","yoast_head_json":{"title":"Agenda Cultural - Mar\u00e7 2019 (BCN) - enT\u00e0ndem","robots":{"index":"index","follow":"follow","max-snippet":"max-snippet:-1","max-image-preview":"max-image-preview:large","max-video-preview":"max-video-preview:-1"},"canonical":"https:\/\/entandem.cat\/fr\/ressources\/agenda-cultural-marc-2019\/","og_locale":"fr_FR","og_type":"article","og_title":"Agenda Cultural - Mar\u00e7 2019 (BCN) - enT\u00e0ndem","og_description":"&nbsp; Aquest mes de mar\u00e7 \u00e9s una mica diferent. Per qu\u00e8? Perqu\u00e8 el mes de mar\u00e7 t\u00e9 una data important, el 8 de mar\u00e7, com a Dia internacional de la Dona. Per celebrar aquest dia, us proposem, amb antelaci\u00f3, unes activitats que podran fer d&rsquo;aquest dia un dia memorable, i altres activitats que puntuen aquest &hellip; Continued","og_url":"https:\/\/entandem.cat\/fr\/ressources\/agenda-cultural-marc-2019\/","og_site_name":"enT\u00e0ndem","article_publisher":"https:\/\/www.facebook.com\/afevcat","article_published_time":"2019-02-15T10:14:57+00:00","article_modified_time":"2019-09-26T11:40:51+00:00","og_image":[{"width":2592,"height":1728,"url":"https:\/\/entandem.cat\/wp-content\/uploads\/2019\/02\/Agenda-Cultural-Mar\u00e7-2019.jpg","type":"image\/jpeg"}],"author":"adminTandem","twitter_card":"summary_large_image","twitter_creator":"@afevcat","twitter_site":"@afevcat","twitter_misc":{"\u00c9crit par":"adminTandem","Dur\u00e9e de lecture estim\u00e9e":"7 minutes"},"schema":{"@context":"https:\/\/schema.org","@graph":[{"@type":"Article","@id":"https:\/\/entandem.cat\/fr\/ressources\/agenda-cultural-marc-2019\/#article","isPartOf":{"@id":"https:\/\/entandem.cat\/fr\/ressources\/agenda-cultural-marc-2019\/"},"author":{"name":"adminTandem","@id":"https:\/\/entandem.cat\/#\/schema\/person\/2111428ce1954193a11054a1e2b5b0da"},"headline":"Agenda Cultural &#8211; Mar\u00e7 2019 (BCN)","datePublished":"2019-02-15T10:14:57+00:00","dateModified":"2019-09-26T11:40:51+00:00","mainEntityOfPage":{"@id":"https:\/\/entandem.cat\/fr\/ressources\/agenda-cultural-marc-2019\/"},"wordCount":1449,"publisher":{"@id":"https:\/\/entandem.cat\/#organization"},"image":{"@id":"https:\/\/entandem.cat\/fr\/ressources\/agenda-cultural-marc-2019\/#primaryimage"},"thumbnailUrl":"https:\/\/entandem.cat\/wp-content\/uploads\/2019\/02\/Agenda-Cultural-Mar\u00e7-2019.jpg","keywords":["activitats culturals","agenda cultural","cine","cultura","dona","exposici\u00f3","g\u00e8nere","homenatge","mar\u00e7"],"articleSection":["Barcelona","Ressources"],"inLanguage":"fr-FR"},{"@type":"WebPage","@id":"https:\/\/entandem.cat\/fr\/ressources\/agenda-cultural-marc-2019\/","url":"https:\/\/entandem.cat\/fr\/ressources\/agenda-cultural-marc-2019\/","name":"Agenda Cultural - Mar\u00e7 2019 (BCN) - enT\u00e0ndem","isPartOf":{"@id":"https:\/\/entandem.cat\/#website"},"primaryImageOfPage":{"@id":"https:\/\/entandem.cat\/fr\/ressources\/agenda-cultural-marc-2019\/#primaryimage"},"image":{"@id":"https:\/\/entandem.cat\/fr\/ressources\/agenda-cultural-marc-2019\/#primaryimage"},"thumbnailUrl":"https:\/\/entandem.cat\/wp-content\/uploads\/2019\/02\/Agenda-Cultural-Mar\u00e7-2019.jpg","datePublished":"2019-02-15T10:14:57+00:00","dateModified":"2019-09-26T11:40:51+00:00","breadcrumb":{"@id":"https:\/\/entandem.cat\/fr\/ressources\/agenda-cultural-marc-2019\/#breadcrumb"},"inLanguage":"fr-FR","potentialAction":[{"@type":"ReadAction","target":["https:\/\/entandem.cat\/fr\/ressources\/agenda-cultural-marc-2019\/"]}]},{"@type":"ImageObject","inLanguage":"fr-FR","@id":"https:\/\/entandem.cat\/fr\/ressources\/agenda-cultural-marc-2019\/#primaryimage","url":"https:\/\/entandem.cat\/wp-content\/uploads\/2019\/02\/Agenda-Cultural-Mar\u00e7-2019.jpg","contentUrl":"https:\/\/entandem.cat\/wp-content\/uploads\/2019\/02\/Agenda-Cultural-Mar\u00e7-2019.jpg","width":2592,"height":1728},{"@type":"BreadcrumbList","@id":"https:\/\/entandem.cat\/fr\/ressources\/agenda-cultural-marc-2019\/#breadcrumb","itemListElement":[{"@type":"ListItem","position":1,"name":"Inici","item":"https:\/\/entandem.cat\/fr\/"},{"@type":"ListItem","position":2,"name":"Agenda Cultural &#8211; Mar\u00e7 2019 (BCN)"}]},{"@type":"WebSite","@id":"https:\/\/entandem.cat\/#website","url":"https:\/\/entandem.cat\/","name":"enT\u00e0ndem","description":"Voluntariat Social Universitari","publisher":{"@id":"https:\/\/entandem.cat\/#organization"},"potentialAction":[{"@type":"SearchAction","target":{"@type":"EntryPoint","urlTemplate":"https:\/\/entandem.cat\/?s={search_term_string}"},"query-input":{"@type":"PropertyValueSpecification","valueRequired":true,"valueName":"search_term_string"}}],"inLanguage":"fr-FR"},{"@type":"Organization","@id":"https:\/\/entandem.cat\/#organization","name":"enT\u00e0ndem","url":"https:\/\/entandem.cat\/","logo":{"@type":"ImageObject","inLanguage":"fr-FR","@id":"https:\/\/entandem.cat\/#\/schema\/logo\/image\/","url":"https:\/\/entandem.cat\/wp-content\/uploads\/2016\/12\/logo-entandem.png","contentUrl":"https:\/\/entandem.cat\/wp-content\/uploads\/2016\/12\/logo-entandem.png","width":166,"height":44,"caption":"enT\u00e0ndem"},"image":{"@id":"https:\/\/entandem.cat\/#\/schema\/logo\/image\/"},"sameAs":["https:\/\/www.facebook.com\/afevcat","https:\/\/x.com\/afevcat","https:\/\/www.instagram.com\/afevcat\/"]},{"@type":"Person","@id":"https:\/\/entandem.cat\/#\/schema\/person\/2111428ce1954193a11054a1e2b5b0da","name":"adminTandem"}]}},"_links":{"self":[{"href":"https:\/\/entandem.cat\/fr\/wp-json\/wp\/v2\/posts\/5489","targetHints":{"allow":["GET"]}}],"collection":[{"href":"https:\/\/entandem.cat\/fr\/wp-json\/wp\/v2\/posts"}],"about":[{"href":"https:\/\/entandem.cat\/fr\/wp-json\/wp\/v2\/types\/post"}],"author":[{"embeddable":true,"href":"https:\/\/entandem.cat\/fr\/wp-json\/wp\/v2\/users\/1"}],"replies":[{"embeddable":true,"href":"https:\/\/entandem.cat\/fr\/wp-json\/wp\/v2\/comments?post=5489"}],"version-history":[{"count":0,"href":"https:\/\/entandem.cat\/fr\/wp-json\/wp\/v2\/posts\/5489\/revisions"}],"wp:featuredmedia":[{"embeddable":true,"href":"https:\/\/entandem.cat\/fr\/wp-json\/wp\/v2\/media\/5412"}],"wp:attachment":[{"href":"https:\/\/entandem.cat\/fr\/wp-json\/wp\/v2\/media?parent=5489"}],"wp:term":[{"taxonomy":"category","embeddable":true,"href":"https:\/\/entandem.cat\/fr\/wp-json\/wp\/v2\/categories?post=5489"},{"taxonomy":"post_tag","embeddable":true,"href":"https:\/\/entandem.cat\/fr\/wp-json\/wp\/v2\/tags?post=5489"}],"curies":[{"name":"wp","href":"https:\/\/api.w.org\/{rel}","templated":true}]}}