{"id":5301,"date":"2018-11-26T10:54:21","date_gmt":"2018-11-26T10:54:21","guid":{"rendered":"http:\/\/entandem.cat\/fr\/?p=5301"},"modified":"2019-01-22T15:06:04","modified_gmt":"2019-01-22T15:06:04","slug":"lafev-ouvre-un-nouveau-siege-valencia","status":"publish","type":"post","link":"https:\/\/entandem.cat\/fr\/savais-tu-que\/lafev-ouvre-un-nouveau-siege-valencia\/","title":{"rendered":"L&rsquo;AFEV ouvre un nouveau si\u00e8ge \u00e0 Val\u00e8ncia"},"content":{"rendered":"<p>&nbsp;<\/p>\n<p><span style=\"font-size: 14pt;\"><strong>Nous mettons en place le projet de volontariat enT\u00e0ndem d\u2019accompagnement dans diff\u00e9rentes Zones d\u2019Education Prioritaires de la ville.<\/strong><\/span><\/p>\n<p>Cette ann\u00e9e scolaire 2018-19, l\u2019AFEV ouvre une nouvelle d\u00e9l\u00e9gation dans la ville de Valence (Espagne). Nous commen\u00e7ons \u00e0 propulser le projet de mentorat social et \u00e9ducatif <a href=\"https:\/\/entandem.cat\/fr\/\" target=\"_blank\" rel=\"noopener\">enT\u00e0ndem<\/a>, un projet de volontariat pour accompagner des enfants et adolescent.e.s en situation de vuln\u00e9rabilit\u00e9 sociale, qui a lieu dans la ville de Barcelone, mais aussi dans d\u2019autres territoires de la m\u00e9tropole.<\/p>\n<p>\u00c0 Val\u00e8ncia, nous d\u00e9velopperons le projet dans <strong>diff\u00e9rentes Zones d\u2019Education Prioritaire, comme Orriols<\/strong>. Son d\u00e9veloppement sera posible gr\u00e2ce \u00e0 la collaboration de la <a href=\"https:\/\/www.uv.es\/\" target=\"_blank\" rel=\"noopener\">Universitat de Val\u00e8ncia<\/a> et de la<a href=\"https:\/\/www.uoc.edu\/portal\/es\/\" target=\"_blank\" rel=\"noopener\"> UOC<\/a>, qui auront un r\u00f4le important dans la <strong>mobilisation<\/strong> des volontaires, sachant que la majorit\u00e9 des volontaires ont un profil universitaire (entre 18 et 30 ans environ). Nous comptons aussi sur le soutien et l\u2019accueil enthousiaste du<a href=\"https:\/\/www.cnjc.cat\/ca\" target=\"_blank\" rel=\"noopener\"> Conseil National de Jeunesse<\/a> et de la<a href=\"http:\/\/www.valencia.es\/ayuntamiento\/home.nsf\/(Portadas2)\/%24first?opendocument&amp;\" target=\"_blank\" rel=\"noopener\"> Mairie de Val\u00e8ncia<\/a>. Le si\u00e8ge physique de l\u2019entit\u00e9 se situe au <a href=\"http:\/\/www.valencia.es\/ayuntamiento\/Infociudad_accesible.nsf\/vDocumentosWebListado\/AEEC55A8C6059D44C12572C20023DFF2?OpenDocument\" target=\"_blank\" rel=\"noopener\">Centre Municipal de Jeunesse d&rsquo;Algir\u00f3s<\/a> (quartier d&rsquo;Algir\u00f3s).<\/p>\n<p>&nbsp;<\/p>\n<h2>Expansion territoriale de Catalogne jusqu&rsquo;\u00e0 Val\u00e8ncia<\/h2>\n<p>La psychologue et activiste <strong>Irene Esteban<\/strong> est la responsable de l\u2019AFEV Val\u00e8ncia et entreprend cette aventure avec la passion et l\u2019enthousiasme qui la d\u00e9finissent. \u201cNous sommes tr\u00e8s heureuses de pouvoir porter ce projet de mentorat social qui sera le premier \u00e0 etre mis en place dans la ville de Valence et <strong>qui sera un outil pour lutter contre les in\u00e9galit\u00e9s sociales<\/strong>\u201d, affime-t-elle. Irene fait aussi preuve de<strong> beaucoup de reconnaissance pour l\u2019accueil enthousiaste qu\u2019elle a re\u00e7u de la part de diff\u00e9rentes entit\u00e9s sociales de la ville<\/strong>, pour leur participation et leur confiance.<\/p>\n<p>Ce nouveau si\u00e8ge suppose l\u2019expansion en territoire catal\u00e1n (d\u2019abord en Catalogne, maintenant \u00e0 Val\u00e8ncia) d\u2019un projet associatif d\u2019origine fran\u00e7ais. \u201c<strong>L\u2019ouverture d\u2019une nouvelle antenne d\u2019activit\u00e9 est toujours un moment riche et unique <\/strong>pour nous<strong>\u201d, <\/strong>explique<strong> Christophe Paris<\/strong>, directeur g\u00e9n\u00e9ral d\u2019AFEV. \u201cCela marque la rencontre, chaque fois diff\u00e9rente, entre notre projet associatif et un territoire; un territoire avec des acteurs et actrices, des actions et des r\u00e9alit\u00e9s propres. C\u2019est l\u2019alchimimie de cette rencontre qui cr\u00e9e toute la richesse de notre projet associatif\u201d, ajoute-t-il.<\/p>\n<p>Et il continue : \u201cToute l\u2019\u00e9quipe est tr\u00e8s fi\u00e8re du d\u00e9veloppement de notre projet de solidarit\u00e9 \u00e0 Valence, un projet engag\u00e9 et qui lutte contre l\u2019\u00e9chec scolaire. Comme \u00e0 Barcelone il y a dix ans, \u00e0 Valence, nous affirmerons et valoriserons l\u2019AFEV, nous \u00e9tablirons une symbiose avec le territoire et ses particularit\u00e9s. Et finalement, toutes nos actions seront plus fortes. <strong>Valence, c\u2019est parti\u00a0!\u00a0\u00bb<\/strong><\/p>\n<p>&nbsp;<\/p>\n<h2>Un nouveau d\u00e9fi et un nouveau privil\u00e8ge<\/h2>\n<p>Pour Laia Bernu\u00e9s, d\u00e9l\u00e9gu\u00e9e territoriale de AFEV Catalu\u00f1a, \u201c<strong>ouvrir le si\u00e8ge de l\u2019AFEV \u00e0 Valence a \u00e9t\u00e9 un grand d\u00e9fi et un grand privil\u00e8ge<\/strong>, tant personnellement que pour l\u2019\u00e9quipe; incertitudes et peurs qui se m\u00ealent \u00e0 la motivation et \u00e0 la joie, en faisant un grand cocktail duquel on extrait de fantastiques apprentissages\u201d.<\/p>\n<p>\u201cNous sommes tr\u00e8s reconnaissantes du grand accueil et du soutien que nous avons re\u00e7u, d\u00e8s les premiers instants, de la part des administrations, des universit\u00e9s et des entit\u00e9s du territoire avec qui nous sommes d\u00e9j\u00e0 en train de travailler coude \u00e0 coude pour continuer \u00e0 lutter contre les in\u00e9galit\u00e9s et encourager l\u2019engagement social des jeunes. <strong>Compter sur Irene face au projet est, en plus, un luxe qui enrichit l\u2019AFEV et le projet \u00e0 tous les niveaux<\/strong>\u201d, conclut-elle.<\/p>\n","protected":false},"excerpt":{"rendered":"<p>&nbsp; Nous mettons en place le projet de volontariat enT\u00e0ndem d\u2019accompagnement dans diff\u00e9rentes Zones d\u2019Education Prioritaires de la ville. Cette ann\u00e9e scolaire 2018-19, l\u2019AFEV ouvre une nouvelle d\u00e9l\u00e9gation dans la ville de Valence (Espagne). Nous commen\u00e7ons \u00e0 propulser le projet de mentorat social et \u00e9ducatif enT\u00e0ndem, un projet de volontariat pour accompagner des enfants et &hellip; <a href=\"https:\/\/entandem.cat\/fr\/savais-tu-que\/lafev-ouvre-un-nouveau-siege-valencia\/\">Continued<\/a><\/p>\n","protected":false},"author":1,"featured_media":5266,"comment_status":"closed","ping_status":"open","sticky":false,"template":"","format":"standard","meta":{"footnotes":""},"categories":[324],"tags":[518,523,527,532,535,607],"class_list":["post-5301","post","type-post","status-publish","format-standard","has-post-thumbnail","hentry","category-savais-tu-que","tag-acompanyament-educatiu-fr","tag-afev-fr","tag-entandem-fr","tag-inclusio-fr","tag-joves-fr","tag-mentoria-fr"],"yoast_head":"<!-- This site is optimized with the Yoast SEO plugin v27.0 - https:\/\/yoast.com\/product\/yoast-seo-wordpress\/ -->\n<title>L&#039;AFEV ouvre un nouveau si\u00e8ge \u00e0 Val\u00e8ncia - enT\u00e0ndem<\/title>\n<meta name=\"robots\" content=\"index, follow, max-snippet:-1, max-image-preview:large, max-video-preview:-1\" \/>\n<link rel=\"canonical\" href=\"https:\/\/entandem.cat\/fr\/savais-tu-que\/lafev-ouvre-un-nouveau-siege-valencia\/\" \/>\n<meta property=\"og:locale\" content=\"fr_FR\" \/>\n<meta property=\"og:type\" content=\"article\" \/>\n<meta property=\"og:title\" content=\"L&#039;AFEV ouvre un nouveau si\u00e8ge \u00e0 Val\u00e8ncia - enT\u00e0ndem\" \/>\n<meta property=\"og:description\" content=\"&nbsp; Nous mettons en place le projet de volontariat enT\u00e0ndem d\u2019accompagnement dans diff\u00e9rentes Zones d\u2019Education Prioritaires de la ville. Cette ann\u00e9e scolaire 2018-19, l\u2019AFEV ouvre une nouvelle d\u00e9l\u00e9gation dans la ville de Valence (Espagne). Nous commen\u00e7ons \u00e0 propulser le projet de mentorat social et \u00e9ducatif enT\u00e0ndem, un projet de volontariat pour accompagner des enfants et &hellip; Continued\" \/>\n<meta property=\"og:url\" content=\"https:\/\/entandem.cat\/fr\/savais-tu-que\/lafev-ouvre-un-nouveau-siege-valencia\/\" \/>\n<meta property=\"og:site_name\" content=\"enT\u00e0ndem\" \/>\n<meta property=\"article:publisher\" content=\"https:\/\/www.facebook.com\/afevcat\" \/>\n<meta property=\"article:published_time\" content=\"2018-11-26T10:54:21+00:00\" \/>\n<meta property=\"article:modified_time\" content=\"2019-01-22T15:06:04+00:00\" \/>\n<meta property=\"og:image\" content=\"https:\/\/entandem.cat\/wp-content\/uploads\/2018\/11\/Irene-Esteban_Valencia.jpeg\" \/>\n\t<meta property=\"og:image:width\" content=\"1599\" \/>\n\t<meta property=\"og:image:height\" content=\"1200\" \/>\n\t<meta property=\"og:image:type\" content=\"image\/jpeg\" \/>\n<meta name=\"author\" content=\"adminTandem\" \/>\n<meta name=\"twitter:card\" content=\"summary_large_image\" \/>\n<meta name=\"twitter:creator\" content=\"@afevcat\" \/>\n<meta name=\"twitter:site\" content=\"@afevcat\" \/>\n<meta name=\"twitter:label1\" content=\"\u00c9crit par\" \/>\n\t<meta name=\"twitter:data1\" content=\"adminTandem\" \/>\n\t<meta name=\"twitter:label2\" content=\"Dur\u00e9e de lecture estim\u00e9e\" \/>\n\t<meta name=\"twitter:data2\" content=\"3 minutes\" \/>\n<script type=\"application\/ld+json\" class=\"yoast-schema-graph\">{\"@context\":\"https:\/\/schema.org\",\"@graph\":[{\"@type\":\"Article\",\"@id\":\"https:\/\/entandem.cat\/fr\/savais-tu-que\/lafev-ouvre-un-nouveau-siege-valencia\/#article\",\"isPartOf\":{\"@id\":\"https:\/\/entandem.cat\/fr\/savais-tu-que\/lafev-ouvre-un-nouveau-siege-valencia\/\"},\"author\":{\"name\":\"adminTandem\",\"@id\":\"https:\/\/entandem.cat\/#\/schema\/person\/2111428ce1954193a11054a1e2b5b0da\"},\"headline\":\"L&rsquo;AFEV ouvre un nouveau si\u00e8ge \u00e0 Val\u00e8ncia\",\"datePublished\":\"2018-11-26T10:54:21+00:00\",\"dateModified\":\"2019-01-22T15:06:04+00:00\",\"mainEntityOfPage\":{\"@id\":\"https:\/\/entandem.cat\/fr\/savais-tu-que\/lafev-ouvre-un-nouveau-siege-valencia\/\"},\"wordCount\":636,\"publisher\":{\"@id\":\"https:\/\/entandem.cat\/#organization\"},\"image\":{\"@id\":\"https:\/\/entandem.cat\/fr\/savais-tu-que\/lafev-ouvre-un-nouveau-siege-valencia\/#primaryimage\"},\"thumbnailUrl\":\"https:\/\/entandem.cat\/wp-content\/uploads\/2018\/11\/Irene-Esteban_Valencia.jpeg\",\"keywords\":[\"acompanyament educatiu\",\"afev\",\"entandem\",\"inclusi\u00f3\",\"joves\",\"mentoria\"],\"articleSection\":[\"Savias-tu que...\"],\"inLanguage\":\"fr-FR\"},{\"@type\":\"WebPage\",\"@id\":\"https:\/\/entandem.cat\/fr\/savais-tu-que\/lafev-ouvre-un-nouveau-siege-valencia\/\",\"url\":\"https:\/\/entandem.cat\/fr\/savais-tu-que\/lafev-ouvre-un-nouveau-siege-valencia\/\",\"name\":\"L'AFEV ouvre un nouveau si\u00e8ge \u00e0 Val\u00e8ncia - enT\u00e0ndem\",\"isPartOf\":{\"@id\":\"https:\/\/entandem.cat\/#website\"},\"primaryImageOfPage\":{\"@id\":\"https:\/\/entandem.cat\/fr\/savais-tu-que\/lafev-ouvre-un-nouveau-siege-valencia\/#primaryimage\"},\"image\":{\"@id\":\"https:\/\/entandem.cat\/fr\/savais-tu-que\/lafev-ouvre-un-nouveau-siege-valencia\/#primaryimage\"},\"thumbnailUrl\":\"https:\/\/entandem.cat\/wp-content\/uploads\/2018\/11\/Irene-Esteban_Valencia.jpeg\",\"datePublished\":\"2018-11-26T10:54:21+00:00\",\"dateModified\":\"2019-01-22T15:06:04+00:00\",\"breadcrumb\":{\"@id\":\"https:\/\/entandem.cat\/fr\/savais-tu-que\/lafev-ouvre-un-nouveau-siege-valencia\/#breadcrumb\"},\"inLanguage\":\"fr-FR\",\"potentialAction\":[{\"@type\":\"ReadAction\",\"target\":[\"https:\/\/entandem.cat\/fr\/savais-tu-que\/lafev-ouvre-un-nouveau-siege-valencia\/\"]}]},{\"@type\":\"ImageObject\",\"inLanguage\":\"fr-FR\",\"@id\":\"https:\/\/entandem.cat\/fr\/savais-tu-que\/lafev-ouvre-un-nouveau-siege-valencia\/#primaryimage\",\"url\":\"https:\/\/entandem.cat\/wp-content\/uploads\/2018\/11\/Irene-Esteban_Valencia.jpeg\",\"contentUrl\":\"https:\/\/entandem.cat\/wp-content\/uploads\/2018\/11\/Irene-Esteban_Valencia.jpeg\",\"width\":1599,\"height\":1200},{\"@type\":\"BreadcrumbList\",\"@id\":\"https:\/\/entandem.cat\/fr\/savais-tu-que\/lafev-ouvre-un-nouveau-siege-valencia\/#breadcrumb\",\"itemListElement\":[{\"@type\":\"ListItem\",\"position\":1,\"name\":\"Inici\",\"item\":\"https:\/\/entandem.cat\/fr\/\"},{\"@type\":\"ListItem\",\"position\":2,\"name\":\"L&rsquo;AFEV ouvre un nouveau si\u00e8ge \u00e0 Val\u00e8ncia\"}]},{\"@type\":\"WebSite\",\"@id\":\"https:\/\/entandem.cat\/#website\",\"url\":\"https:\/\/entandem.cat\/\",\"name\":\"enT\u00e0ndem\",\"description\":\"Voluntariat Social Universitari\",\"publisher\":{\"@id\":\"https:\/\/entandem.cat\/#organization\"},\"potentialAction\":[{\"@type\":\"SearchAction\",\"target\":{\"@type\":\"EntryPoint\",\"urlTemplate\":\"https:\/\/entandem.cat\/?s={search_term_string}\"},\"query-input\":{\"@type\":\"PropertyValueSpecification\",\"valueRequired\":true,\"valueName\":\"search_term_string\"}}],\"inLanguage\":\"fr-FR\"},{\"@type\":\"Organization\",\"@id\":\"https:\/\/entandem.cat\/#organization\",\"name\":\"enT\u00e0ndem\",\"url\":\"https:\/\/entandem.cat\/\",\"logo\":{\"@type\":\"ImageObject\",\"inLanguage\":\"fr-FR\",\"@id\":\"https:\/\/entandem.cat\/#\/schema\/logo\/image\/\",\"url\":\"https:\/\/entandem.cat\/wp-content\/uploads\/2016\/12\/logo-entandem.png\",\"contentUrl\":\"https:\/\/entandem.cat\/wp-content\/uploads\/2016\/12\/logo-entandem.png\",\"width\":166,\"height\":44,\"caption\":\"enT\u00e0ndem\"},\"image\":{\"@id\":\"https:\/\/entandem.cat\/#\/schema\/logo\/image\/\"},\"sameAs\":[\"https:\/\/www.facebook.com\/afevcat\",\"https:\/\/x.com\/afevcat\",\"https:\/\/www.instagram.com\/afevcat\/\"]},{\"@type\":\"Person\",\"@id\":\"https:\/\/entandem.cat\/#\/schema\/person\/2111428ce1954193a11054a1e2b5b0da\",\"name\":\"adminTandem\"}]}<\/script>\n<!-- \/ Yoast SEO plugin. -->","yoast_head_json":{"title":"L'AFEV ouvre un nouveau si\u00e8ge \u00e0 Val\u00e8ncia - enT\u00e0ndem","robots":{"index":"index","follow":"follow","max-snippet":"max-snippet:-1","max-image-preview":"max-image-preview:large","max-video-preview":"max-video-preview:-1"},"canonical":"https:\/\/entandem.cat\/fr\/savais-tu-que\/lafev-ouvre-un-nouveau-siege-valencia\/","og_locale":"fr_FR","og_type":"article","og_title":"L'AFEV ouvre un nouveau si\u00e8ge \u00e0 Val\u00e8ncia - enT\u00e0ndem","og_description":"&nbsp; Nous mettons en place le projet de volontariat enT\u00e0ndem d\u2019accompagnement dans diff\u00e9rentes Zones d\u2019Education Prioritaires de la ville. Cette ann\u00e9e scolaire 2018-19, l\u2019AFEV ouvre une nouvelle d\u00e9l\u00e9gation dans la ville de Valence (Espagne). Nous commen\u00e7ons \u00e0 propulser le projet de mentorat social et \u00e9ducatif enT\u00e0ndem, un projet de volontariat pour accompagner des enfants et &hellip; Continued","og_url":"https:\/\/entandem.cat\/fr\/savais-tu-que\/lafev-ouvre-un-nouveau-siege-valencia\/","og_site_name":"enT\u00e0ndem","article_publisher":"https:\/\/www.facebook.com\/afevcat","article_published_time":"2018-11-26T10:54:21+00:00","article_modified_time":"2019-01-22T15:06:04+00:00","og_image":[{"width":1599,"height":1200,"url":"https:\/\/entandem.cat\/wp-content\/uploads\/2018\/11\/Irene-Esteban_Valencia.jpeg","type":"image\/jpeg"}],"author":"adminTandem","twitter_card":"summary_large_image","twitter_creator":"@afevcat","twitter_site":"@afevcat","twitter_misc":{"\u00c9crit par":"adminTandem","Dur\u00e9e de lecture estim\u00e9e":"3 minutes"},"schema":{"@context":"https:\/\/schema.org","@graph":[{"@type":"Article","@id":"https:\/\/entandem.cat\/fr\/savais-tu-que\/lafev-ouvre-un-nouveau-siege-valencia\/#article","isPartOf":{"@id":"https:\/\/entandem.cat\/fr\/savais-tu-que\/lafev-ouvre-un-nouveau-siege-valencia\/"},"author":{"name":"adminTandem","@id":"https:\/\/entandem.cat\/#\/schema\/person\/2111428ce1954193a11054a1e2b5b0da"},"headline":"L&rsquo;AFEV ouvre un nouveau si\u00e8ge \u00e0 Val\u00e8ncia","datePublished":"2018-11-26T10:54:21+00:00","dateModified":"2019-01-22T15:06:04+00:00","mainEntityOfPage":{"@id":"https:\/\/entandem.cat\/fr\/savais-tu-que\/lafev-ouvre-un-nouveau-siege-valencia\/"},"wordCount":636,"publisher":{"@id":"https:\/\/entandem.cat\/#organization"},"image":{"@id":"https:\/\/entandem.cat\/fr\/savais-tu-que\/lafev-ouvre-un-nouveau-siege-valencia\/#primaryimage"},"thumbnailUrl":"https:\/\/entandem.cat\/wp-content\/uploads\/2018\/11\/Irene-Esteban_Valencia.jpeg","keywords":["acompanyament educatiu","afev","entandem","inclusi\u00f3","joves","mentoria"],"articleSection":["Savias-tu que..."],"inLanguage":"fr-FR"},{"@type":"WebPage","@id":"https:\/\/entandem.cat\/fr\/savais-tu-que\/lafev-ouvre-un-nouveau-siege-valencia\/","url":"https:\/\/entandem.cat\/fr\/savais-tu-que\/lafev-ouvre-un-nouveau-siege-valencia\/","name":"L'AFEV ouvre un nouveau si\u00e8ge \u00e0 Val\u00e8ncia - enT\u00e0ndem","isPartOf":{"@id":"https:\/\/entandem.cat\/#website"},"primaryImageOfPage":{"@id":"https:\/\/entandem.cat\/fr\/savais-tu-que\/lafev-ouvre-un-nouveau-siege-valencia\/#primaryimage"},"image":{"@id":"https:\/\/entandem.cat\/fr\/savais-tu-que\/lafev-ouvre-un-nouveau-siege-valencia\/#primaryimage"},"thumbnailUrl":"https:\/\/entandem.cat\/wp-content\/uploads\/2018\/11\/Irene-Esteban_Valencia.jpeg","datePublished":"2018-11-26T10:54:21+00:00","dateModified":"2019-01-22T15:06:04+00:00","breadcrumb":{"@id":"https:\/\/entandem.cat\/fr\/savais-tu-que\/lafev-ouvre-un-nouveau-siege-valencia\/#breadcrumb"},"inLanguage":"fr-FR","potentialAction":[{"@type":"ReadAction","target":["https:\/\/entandem.cat\/fr\/savais-tu-que\/lafev-ouvre-un-nouveau-siege-valencia\/"]}]},{"@type":"ImageObject","inLanguage":"fr-FR","@id":"https:\/\/entandem.cat\/fr\/savais-tu-que\/lafev-ouvre-un-nouveau-siege-valencia\/#primaryimage","url":"https:\/\/entandem.cat\/wp-content\/uploads\/2018\/11\/Irene-Esteban_Valencia.jpeg","contentUrl":"https:\/\/entandem.cat\/wp-content\/uploads\/2018\/11\/Irene-Esteban_Valencia.jpeg","width":1599,"height":1200},{"@type":"BreadcrumbList","@id":"https:\/\/entandem.cat\/fr\/savais-tu-que\/lafev-ouvre-un-nouveau-siege-valencia\/#breadcrumb","itemListElement":[{"@type":"ListItem","position":1,"name":"Inici","item":"https:\/\/entandem.cat\/fr\/"},{"@type":"ListItem","position":2,"name":"L&rsquo;AFEV ouvre un nouveau si\u00e8ge \u00e0 Val\u00e8ncia"}]},{"@type":"WebSite","@id":"https:\/\/entandem.cat\/#website","url":"https:\/\/entandem.cat\/","name":"enT\u00e0ndem","description":"Voluntariat Social Universitari","publisher":{"@id":"https:\/\/entandem.cat\/#organization"},"potentialAction":[{"@type":"SearchAction","target":{"@type":"EntryPoint","urlTemplate":"https:\/\/entandem.cat\/?s={search_term_string}"},"query-input":{"@type":"PropertyValueSpecification","valueRequired":true,"valueName":"search_term_string"}}],"inLanguage":"fr-FR"},{"@type":"Organization","@id":"https:\/\/entandem.cat\/#organization","name":"enT\u00e0ndem","url":"https:\/\/entandem.cat\/","logo":{"@type":"ImageObject","inLanguage":"fr-FR","@id":"https:\/\/entandem.cat\/#\/schema\/logo\/image\/","url":"https:\/\/entandem.cat\/wp-content\/uploads\/2016\/12\/logo-entandem.png","contentUrl":"https:\/\/entandem.cat\/wp-content\/uploads\/2016\/12\/logo-entandem.png","width":166,"height":44,"caption":"enT\u00e0ndem"},"image":{"@id":"https:\/\/entandem.cat\/#\/schema\/logo\/image\/"},"sameAs":["https:\/\/www.facebook.com\/afevcat","https:\/\/x.com\/afevcat","https:\/\/www.instagram.com\/afevcat\/"]},{"@type":"Person","@id":"https:\/\/entandem.cat\/#\/schema\/person\/2111428ce1954193a11054a1e2b5b0da","name":"adminTandem"}]}},"_links":{"self":[{"href":"https:\/\/entandem.cat\/fr\/wp-json\/wp\/v2\/posts\/5301","targetHints":{"allow":["GET"]}}],"collection":[{"href":"https:\/\/entandem.cat\/fr\/wp-json\/wp\/v2\/posts"}],"about":[{"href":"https:\/\/entandem.cat\/fr\/wp-json\/wp\/v2\/types\/post"}],"author":[{"embeddable":true,"href":"https:\/\/entandem.cat\/fr\/wp-json\/wp\/v2\/users\/1"}],"replies":[{"embeddable":true,"href":"https:\/\/entandem.cat\/fr\/wp-json\/wp\/v2\/comments?post=5301"}],"version-history":[{"count":0,"href":"https:\/\/entandem.cat\/fr\/wp-json\/wp\/v2\/posts\/5301\/revisions"}],"wp:featuredmedia":[{"embeddable":true,"href":"https:\/\/entandem.cat\/fr\/wp-json\/wp\/v2\/media\/5266"}],"wp:attachment":[{"href":"https:\/\/entandem.cat\/fr\/wp-json\/wp\/v2\/media?parent=5301"}],"wp:term":[{"taxonomy":"category","embeddable":true,"href":"https:\/\/entandem.cat\/fr\/wp-json\/wp\/v2\/categories?post=5301"},{"taxonomy":"post_tag","embeddable":true,"href":"https:\/\/entandem.cat\/fr\/wp-json\/wp\/v2\/tags?post=5301"}],"curies":[{"name":"wp","href":"https:\/\/api.w.org\/{rel}","templated":true}]}}