{"id":4966,"date":"2018-05-10T15:20:34","date_gmt":"2018-05-10T15:20:34","guid":{"rendered":"http:\/\/entandem.cat\/fr\/fem-tandem-infok-super3-tv3\/"},"modified":"2018-06-28T15:28:22","modified_gmt":"2018-06-28T15:28:22","slug":"fem-tandem-infok-super3-tv3","status":"publish","type":"post","link":"https:\/\/entandem.cat\/fr\/presse\/fem-tandem-infok-super3-tv3\/","title":{"rendered":"\u00ab\u00a0Fem t\u00e0ndem\u00a0\u00bb &#8211; InfoK S\u00faper3 &#8211; TV3"},"content":{"rendered":"<p>La Sheyma, l&rsquo;\u00c0mbar, la Johana i en Robert ens expliquen a l&rsquo;informatiu InfoK les seves trobades dues hores a la setmana gr\u00e0cies al projecte enT\u00e0ndem.<\/p>\n<p><iframe loading=\"lazy\" src=\"http:\/\/www.ccma.cat\/video\/embed\/super3\/5765215\/\" width=\"500px\" height=\"281px\" frameborder=\"0\" scrolling=\"no\" allowfullscreen=\"allowfullscreen\" data-mce-fragment=\"1\"><\/iframe><\/p>\n<p>&nbsp;<\/p>\n","protected":false},"excerpt":{"rendered":"<p>La Sheyma, l&rsquo;\u00c0mbar, la Johana i en Robert ens expliquen a l&rsquo;informatiu InfoK les seves trobades dues hores a la setmana gr\u00e0cies al projecte enT\u00e0ndem. &nbsp;<\/p>\n","protected":false},"author":1,"featured_media":4959,"comment_status":"closed","ping_status":"open","sticky":false,"template":"","format":"standard","meta":{"footnotes":""},"categories":[323],"tags":[],"class_list":["post-4966","post","type-post","status-publish","format-standard","has-post-thumbnail","hentry","category-presse"],"yoast_head":"<!-- This site is optimized with the Yoast SEO plugin v27.0 - https:\/\/yoast.com\/product\/yoast-seo-wordpress\/ -->\n<title>&quot;Fem t\u00e0ndem&quot; - InfoK S\u00faper3 - TV3 - enT\u00e0ndem<\/title>\n<meta name=\"robots\" content=\"index, follow, max-snippet:-1, max-image-preview:large, max-video-preview:-1\" \/>\n<link rel=\"canonical\" href=\"https:\/\/entandem.cat\/fr\/presse\/fem-tandem-infok-super3-tv3\/\" \/>\n<meta property=\"og:locale\" content=\"fr_FR\" \/>\n<meta property=\"og:type\" content=\"article\" \/>\n<meta property=\"og:title\" content=\"&quot;Fem t\u00e0ndem&quot; - InfoK S\u00faper3 - TV3 - enT\u00e0ndem\" \/>\n<meta property=\"og:description\" content=\"La Sheyma, l&rsquo;\u00c0mbar, la Johana i en Robert ens expliquen a l&rsquo;informatiu InfoK les seves trobades dues hores a la setmana gr\u00e0cies al projecte enT\u00e0ndem. &nbsp;\" \/>\n<meta property=\"og:url\" content=\"https:\/\/entandem.cat\/fr\/presse\/fem-tandem-infok-super3-tv3\/\" \/>\n<meta property=\"og:site_name\" content=\"enT\u00e0ndem\" \/>\n<meta property=\"article:publisher\" content=\"https:\/\/www.facebook.com\/afevcat\" \/>\n<meta property=\"article:published_time\" content=\"2018-05-10T15:20:34+00:00\" \/>\n<meta property=\"article:modified_time\" content=\"2018-06-28T15:28:22+00:00\" \/>\n<meta property=\"og:image\" content=\"https:\/\/entandem.cat\/wp-content\/uploads\/2018\/06\/WhatsApp-Image-2018-05-11-at-14.05.21.jpeg\" \/>\n\t<meta property=\"og:image:width\" content=\"1008\" \/>\n\t<meta property=\"og:image:height\" content=\"662\" \/>\n\t<meta property=\"og:image:type\" content=\"image\/jpeg\" \/>\n<meta name=\"author\" content=\"adminTandem\" \/>\n<meta name=\"twitter:card\" content=\"summary_large_image\" \/>\n<meta name=\"twitter:creator\" content=\"@afevcat\" \/>\n<meta name=\"twitter:site\" content=\"@afevcat\" \/>\n<meta name=\"twitter:label1\" content=\"\u00c9crit par\" \/>\n\t<meta name=\"twitter:data1\" content=\"adminTandem\" \/>\n<script type=\"application\/ld+json\" class=\"yoast-schema-graph\">{\"@context\":\"https:\/\/schema.org\",\"@graph\":[{\"@type\":\"Article\",\"@id\":\"https:\/\/entandem.cat\/fr\/presse\/fem-tandem-infok-super3-tv3\/#article\",\"isPartOf\":{\"@id\":\"https:\/\/entandem.cat\/fr\/presse\/fem-tandem-infok-super3-tv3\/\"},\"author\":{\"name\":\"adminTandem\",\"@id\":\"https:\/\/entandem.cat\/#\/schema\/person\/2111428ce1954193a11054a1e2b5b0da\"},\"headline\":\"\u00ab\u00a0Fem t\u00e0ndem\u00a0\u00bb &#8211; InfoK S\u00faper3 &#8211; TV3\",\"datePublished\":\"2018-05-10T15:20:34+00:00\",\"dateModified\":\"2018-06-28T15:28:22+00:00\",\"mainEntityOfPage\":{\"@id\":\"https:\/\/entandem.cat\/fr\/presse\/fem-tandem-infok-super3-tv3\/\"},\"wordCount\":39,\"publisher\":{\"@id\":\"https:\/\/entandem.cat\/#organization\"},\"image\":{\"@id\":\"https:\/\/entandem.cat\/fr\/presse\/fem-tandem-infok-super3-tv3\/#primaryimage\"},\"thumbnailUrl\":\"https:\/\/entandem.cat\/wp-content\/uploads\/2018\/06\/WhatsApp-Image-2018-05-11-at-14.05.21.jpeg\",\"articleSection\":[\"Presse\"],\"inLanguage\":\"fr-FR\"},{\"@type\":\"WebPage\",\"@id\":\"https:\/\/entandem.cat\/fr\/presse\/fem-tandem-infok-super3-tv3\/\",\"url\":\"https:\/\/entandem.cat\/fr\/presse\/fem-tandem-infok-super3-tv3\/\",\"name\":\"\\\"Fem t\u00e0ndem\\\" - InfoK S\u00faper3 - TV3 - enT\u00e0ndem\",\"isPartOf\":{\"@id\":\"https:\/\/entandem.cat\/#website\"},\"primaryImageOfPage\":{\"@id\":\"https:\/\/entandem.cat\/fr\/presse\/fem-tandem-infok-super3-tv3\/#primaryimage\"},\"image\":{\"@id\":\"https:\/\/entandem.cat\/fr\/presse\/fem-tandem-infok-super3-tv3\/#primaryimage\"},\"thumbnailUrl\":\"https:\/\/entandem.cat\/wp-content\/uploads\/2018\/06\/WhatsApp-Image-2018-05-11-at-14.05.21.jpeg\",\"datePublished\":\"2018-05-10T15:20:34+00:00\",\"dateModified\":\"2018-06-28T15:28:22+00:00\",\"breadcrumb\":{\"@id\":\"https:\/\/entandem.cat\/fr\/presse\/fem-tandem-infok-super3-tv3\/#breadcrumb\"},\"inLanguage\":\"fr-FR\",\"potentialAction\":[{\"@type\":\"ReadAction\",\"target\":[\"https:\/\/entandem.cat\/fr\/presse\/fem-tandem-infok-super3-tv3\/\"]}]},{\"@type\":\"ImageObject\",\"inLanguage\":\"fr-FR\",\"@id\":\"https:\/\/entandem.cat\/fr\/presse\/fem-tandem-infok-super3-tv3\/#primaryimage\",\"url\":\"https:\/\/entandem.cat\/wp-content\/uploads\/2018\/06\/WhatsApp-Image-2018-05-11-at-14.05.21.jpeg\",\"contentUrl\":\"https:\/\/entandem.cat\/wp-content\/uploads\/2018\/06\/WhatsApp-Image-2018-05-11-at-14.05.21.jpeg\",\"width\":1008,\"height\":662},{\"@type\":\"BreadcrumbList\",\"@id\":\"https:\/\/entandem.cat\/fr\/presse\/fem-tandem-infok-super3-tv3\/#breadcrumb\",\"itemListElement\":[{\"@type\":\"ListItem\",\"position\":1,\"name\":\"Inici\",\"item\":\"https:\/\/entandem.cat\/fr\/\"},{\"@type\":\"ListItem\",\"position\":2,\"name\":\"\u00ab\u00a0Fem t\u00e0ndem\u00a0\u00bb &#8211; InfoK S\u00faper3 &#8211; TV3\"}]},{\"@type\":\"WebSite\",\"@id\":\"https:\/\/entandem.cat\/#website\",\"url\":\"https:\/\/entandem.cat\/\",\"name\":\"enT\u00e0ndem\",\"description\":\"Voluntariat Social Universitari\",\"publisher\":{\"@id\":\"https:\/\/entandem.cat\/#organization\"},\"potentialAction\":[{\"@type\":\"SearchAction\",\"target\":{\"@type\":\"EntryPoint\",\"urlTemplate\":\"https:\/\/entandem.cat\/?s={search_term_string}\"},\"query-input\":{\"@type\":\"PropertyValueSpecification\",\"valueRequired\":true,\"valueName\":\"search_term_string\"}}],\"inLanguage\":\"fr-FR\"},{\"@type\":\"Organization\",\"@id\":\"https:\/\/entandem.cat\/#organization\",\"name\":\"enT\u00e0ndem\",\"url\":\"https:\/\/entandem.cat\/\",\"logo\":{\"@type\":\"ImageObject\",\"inLanguage\":\"fr-FR\",\"@id\":\"https:\/\/entandem.cat\/#\/schema\/logo\/image\/\",\"url\":\"https:\/\/entandem.cat\/wp-content\/uploads\/2016\/12\/logo-entandem.png\",\"contentUrl\":\"https:\/\/entandem.cat\/wp-content\/uploads\/2016\/12\/logo-entandem.png\",\"width\":166,\"height\":44,\"caption\":\"enT\u00e0ndem\"},\"image\":{\"@id\":\"https:\/\/entandem.cat\/#\/schema\/logo\/image\/\"},\"sameAs\":[\"https:\/\/www.facebook.com\/afevcat\",\"https:\/\/x.com\/afevcat\",\"https:\/\/www.instagram.com\/afevcat\/\"]},{\"@type\":\"Person\",\"@id\":\"https:\/\/entandem.cat\/#\/schema\/person\/2111428ce1954193a11054a1e2b5b0da\",\"name\":\"adminTandem\"}]}<\/script>\n<!-- \/ Yoast SEO plugin. -->","yoast_head_json":{"title":"\"Fem t\u00e0ndem\" - InfoK S\u00faper3 - TV3 - enT\u00e0ndem","robots":{"index":"index","follow":"follow","max-snippet":"max-snippet:-1","max-image-preview":"max-image-preview:large","max-video-preview":"max-video-preview:-1"},"canonical":"https:\/\/entandem.cat\/fr\/presse\/fem-tandem-infok-super3-tv3\/","og_locale":"fr_FR","og_type":"article","og_title":"\"Fem t\u00e0ndem\" - InfoK S\u00faper3 - TV3 - enT\u00e0ndem","og_description":"La Sheyma, l&rsquo;\u00c0mbar, la Johana i en Robert ens expliquen a l&rsquo;informatiu InfoK les seves trobades dues hores a la setmana gr\u00e0cies al projecte enT\u00e0ndem. &nbsp;","og_url":"https:\/\/entandem.cat\/fr\/presse\/fem-tandem-infok-super3-tv3\/","og_site_name":"enT\u00e0ndem","article_publisher":"https:\/\/www.facebook.com\/afevcat","article_published_time":"2018-05-10T15:20:34+00:00","article_modified_time":"2018-06-28T15:28:22+00:00","og_image":[{"width":1008,"height":662,"url":"https:\/\/entandem.cat\/wp-content\/uploads\/2018\/06\/WhatsApp-Image-2018-05-11-at-14.05.21.jpeg","type":"image\/jpeg"}],"author":"adminTandem","twitter_card":"summary_large_image","twitter_creator":"@afevcat","twitter_site":"@afevcat","twitter_misc":{"\u00c9crit par":"adminTandem"},"schema":{"@context":"https:\/\/schema.org","@graph":[{"@type":"Article","@id":"https:\/\/entandem.cat\/fr\/presse\/fem-tandem-infok-super3-tv3\/#article","isPartOf":{"@id":"https:\/\/entandem.cat\/fr\/presse\/fem-tandem-infok-super3-tv3\/"},"author":{"name":"adminTandem","@id":"https:\/\/entandem.cat\/#\/schema\/person\/2111428ce1954193a11054a1e2b5b0da"},"headline":"\u00ab\u00a0Fem t\u00e0ndem\u00a0\u00bb &#8211; InfoK S\u00faper3 &#8211; TV3","datePublished":"2018-05-10T15:20:34+00:00","dateModified":"2018-06-28T15:28:22+00:00","mainEntityOfPage":{"@id":"https:\/\/entandem.cat\/fr\/presse\/fem-tandem-infok-super3-tv3\/"},"wordCount":39,"publisher":{"@id":"https:\/\/entandem.cat\/#organization"},"image":{"@id":"https:\/\/entandem.cat\/fr\/presse\/fem-tandem-infok-super3-tv3\/#primaryimage"},"thumbnailUrl":"https:\/\/entandem.cat\/wp-content\/uploads\/2018\/06\/WhatsApp-Image-2018-05-11-at-14.05.21.jpeg","articleSection":["Presse"],"inLanguage":"fr-FR"},{"@type":"WebPage","@id":"https:\/\/entandem.cat\/fr\/presse\/fem-tandem-infok-super3-tv3\/","url":"https:\/\/entandem.cat\/fr\/presse\/fem-tandem-infok-super3-tv3\/","name":"\"Fem t\u00e0ndem\" - InfoK S\u00faper3 - TV3 - enT\u00e0ndem","isPartOf":{"@id":"https:\/\/entandem.cat\/#website"},"primaryImageOfPage":{"@id":"https:\/\/entandem.cat\/fr\/presse\/fem-tandem-infok-super3-tv3\/#primaryimage"},"image":{"@id":"https:\/\/entandem.cat\/fr\/presse\/fem-tandem-infok-super3-tv3\/#primaryimage"},"thumbnailUrl":"https:\/\/entandem.cat\/wp-content\/uploads\/2018\/06\/WhatsApp-Image-2018-05-11-at-14.05.21.jpeg","datePublished":"2018-05-10T15:20:34+00:00","dateModified":"2018-06-28T15:28:22+00:00","breadcrumb":{"@id":"https:\/\/entandem.cat\/fr\/presse\/fem-tandem-infok-super3-tv3\/#breadcrumb"},"inLanguage":"fr-FR","potentialAction":[{"@type":"ReadAction","target":["https:\/\/entandem.cat\/fr\/presse\/fem-tandem-infok-super3-tv3\/"]}]},{"@type":"ImageObject","inLanguage":"fr-FR","@id":"https:\/\/entandem.cat\/fr\/presse\/fem-tandem-infok-super3-tv3\/#primaryimage","url":"https:\/\/entandem.cat\/wp-content\/uploads\/2018\/06\/WhatsApp-Image-2018-05-11-at-14.05.21.jpeg","contentUrl":"https:\/\/entandem.cat\/wp-content\/uploads\/2018\/06\/WhatsApp-Image-2018-05-11-at-14.05.21.jpeg","width":1008,"height":662},{"@type":"BreadcrumbList","@id":"https:\/\/entandem.cat\/fr\/presse\/fem-tandem-infok-super3-tv3\/#breadcrumb","itemListElement":[{"@type":"ListItem","position":1,"name":"Inici","item":"https:\/\/entandem.cat\/fr\/"},{"@type":"ListItem","position":2,"name":"\u00ab\u00a0Fem t\u00e0ndem\u00a0\u00bb &#8211; InfoK S\u00faper3 &#8211; TV3"}]},{"@type":"WebSite","@id":"https:\/\/entandem.cat\/#website","url":"https:\/\/entandem.cat\/","name":"enT\u00e0ndem","description":"Voluntariat Social Universitari","publisher":{"@id":"https:\/\/entandem.cat\/#organization"},"potentialAction":[{"@type":"SearchAction","target":{"@type":"EntryPoint","urlTemplate":"https:\/\/entandem.cat\/?s={search_term_string}"},"query-input":{"@type":"PropertyValueSpecification","valueRequired":true,"valueName":"search_term_string"}}],"inLanguage":"fr-FR"},{"@type":"Organization","@id":"https:\/\/entandem.cat\/#organization","name":"enT\u00e0ndem","url":"https:\/\/entandem.cat\/","logo":{"@type":"ImageObject","inLanguage":"fr-FR","@id":"https:\/\/entandem.cat\/#\/schema\/logo\/image\/","url":"https:\/\/entandem.cat\/wp-content\/uploads\/2016\/12\/logo-entandem.png","contentUrl":"https:\/\/entandem.cat\/wp-content\/uploads\/2016\/12\/logo-entandem.png","width":166,"height":44,"caption":"enT\u00e0ndem"},"image":{"@id":"https:\/\/entandem.cat\/#\/schema\/logo\/image\/"},"sameAs":["https:\/\/www.facebook.com\/afevcat","https:\/\/x.com\/afevcat","https:\/\/www.instagram.com\/afevcat\/"]},{"@type":"Person","@id":"https:\/\/entandem.cat\/#\/schema\/person\/2111428ce1954193a11054a1e2b5b0da","name":"adminTandem"}]}},"_links":{"self":[{"href":"https:\/\/entandem.cat\/fr\/wp-json\/wp\/v2\/posts\/4966","targetHints":{"allow":["GET"]}}],"collection":[{"href":"https:\/\/entandem.cat\/fr\/wp-json\/wp\/v2\/posts"}],"about":[{"href":"https:\/\/entandem.cat\/fr\/wp-json\/wp\/v2\/types\/post"}],"author":[{"embeddable":true,"href":"https:\/\/entandem.cat\/fr\/wp-json\/wp\/v2\/users\/1"}],"replies":[{"embeddable":true,"href":"https:\/\/entandem.cat\/fr\/wp-json\/wp\/v2\/comments?post=4966"}],"version-history":[{"count":0,"href":"https:\/\/entandem.cat\/fr\/wp-json\/wp\/v2\/posts\/4966\/revisions"}],"wp:featuredmedia":[{"embeddable":true,"href":"https:\/\/entandem.cat\/fr\/wp-json\/wp\/v2\/media\/4959"}],"wp:attachment":[{"href":"https:\/\/entandem.cat\/fr\/wp-json\/wp\/v2\/media?parent=4966"}],"wp:term":[{"taxonomy":"category","embeddable":true,"href":"https:\/\/entandem.cat\/fr\/wp-json\/wp\/v2\/categories?post=4966"},{"taxonomy":"post_tag","embeddable":true,"href":"https:\/\/entandem.cat\/fr\/wp-json\/wp\/v2\/tags?post=4966"}],"curies":[{"name":"wp","href":"https:\/\/api.w.org\/{rel}","templated":true}]}}