{"id":4935,"date":"2015-10-08T11:02:32","date_gmt":"2015-10-08T11:02:32","guid":{"rendered":"http:\/\/entandem.cat\/fr\/?p=4935"},"modified":"2018-06-28T15:03:48","modified_gmt":"2018-06-28T15:03:48","slug":"fracas-escolar-de-qui","status":"publish","type":"post","link":"https:\/\/entandem.cat\/fr\/savais-tu-que\/fracas-escolar-de-qui\/","title":{"rendered":"Frac\u00e0s escolar\u2026 de qui?"},"content":{"rendered":"<div class=\"td-post-header\">\n<header class=\"td-post-title\">\n<p class=\"entry-title\">Comen\u00e7a el curs escolar: il\u00b7lusions, ganes d\u2019anar a l\u2019escola, expectatives de petits i grans\u2026 Un m\u00f3n nou s\u2019obre davant dels joves i infants cada setembre, quan les escoles reobren les seves portes, per\u00f2\u2026 tan senzill \u00e9s?<\/p>\n<\/header>\n<\/div>\n<div class=\"td-post-content\">\n<p>A Catalunya, <strong>un de cada tres infants viu en situaci\u00f3 de pobresa i un de cada quatre pateix frac\u00e0s escolar<\/strong>. Aquestes dades s\u00f3n alarmants, tenint en compte que som un pa\u00eds relativament ric: malgrat formar part del club de pa\u00efsos amb un \u00cdndex de Desenvolupament Hum\u00e0 m\u00e9s elevat, tenim el doble de frac\u00e0s escolar que la mitjana europea.<\/p>\n<p>Pobresa infantil? Aqu\u00ed? Doncs s\u00ed\u2026 Quan parlem de pobresa pensem en t\u00f2pics estereotipats (gent dormint al carrer, infants del tercer m\u00f3n\u2026), per\u00f2 poques vegades pensem que es pugui tractar dels nostres ve\u00efns. A causa de\u00a0la crisi econ\u00f2mica, pol\u00edtica i social, cada cop m\u00e9s fam\u00edlies es veuen abocades a situacions l\u00edmit. En una de cada sis llars catalanes amb infants no treballa cap dels adults de la fam\u00edlia.<\/p>\n<p>La precarietat laboral i la manca de feina sovint es tradueixen a\u00a0no arribar a cobrir les despeses b\u00e0siques (alimentaci\u00f3 adequada, sostre digne, subministraments\u2026) i molts infants viuen en un ambient carregat de tensi\u00f3, sense espai on fer els deures o llegir i privats del temps que haurien de poder gaudir amb els seus pares i mares. Pobresa \u00e9s que un infant no mengi adequadament, que no tingui acc\u00e9s a material escolar, que no vesteixi amb roba adequada a l\u2019\u00e8poca de l\u2019any, que no pugui anar de vacances o que quedi excl\u00f2s de les activitats extraescolars. Les conseq\u00fc\u00e8ncies: manca de concentraci\u00f3, cansament, son, estr\u00e8s, dieta inadequada\u2026<\/p>\n<p>Realment pensem que, en aquestes condicions, els infants i joves en situaci\u00f3 de pobresa poden rendir i estar actius i motivats a l\u2019escola? Tal com adverteix la Fedaia, tot plegat predisposa els infants a problemes psicol\u00f2gics i de salut greus, i tamb\u00e9 els aboca al frac\u00e0s escolar.<\/p>\n<blockquote>\n<p>Un de cada tres joves que abandonen prematurament els estudis es troben en risc de pobresa, mentre que nom\u00e9s un de cada vuit dels que finalitzen els estudis la pateixen.<\/p>\n<\/blockquote>\n<p>Per\u00f2, qui fracassa? Un jove que abandona prematurament els estudis, o un sistema educatiu obsolet i amb recursos insuficients per atendre les necessitats dels escolars? Quines expectatives pot tenir un jove a qui anomenem \u201cfracassat\u201d? Tenim un sistema educatiu p\u00fablic i gratu\u00eft i, per tant, hem de considerar-nos afortunats, per\u00f2 parlem d\u2019un sistema en qu\u00e8\u00a0a les escoles i els instituts els manquen professionals, en qu\u00e8\u00a0falta formaci\u00f3 especialitzada i innovadora per al professorat i en qu\u00e8\u00a0els projectes innovadors i centrats en l\u2019alumne s\u00f3n insuficients, entre d\u2019altres d\u00e8ficits. Un sistema, a m\u00e9s, en qu\u00e8 escola i fam\u00edlia sovint estan desvinculades i no treballen plegades.<\/p>\n<p>Per sort, ho anem salvant gr\u00e0cies a un professorat amb un fort comprom\u00eds, malgrat les condicions adverses, per\u00f2 la situaci\u00f3 afectar\u00e0 negativament les possibilitats de trobar feina i l\u2019acc\u00e9s a salaris dignes dels futurs adults. En conseq\u00fc\u00e8ncia, es reproduir\u00e0 l\u2019escenari de pobresa i nivell educatiu de les generacions anteriors, en un cercle pervers del qual \u00e9s dif\u00edcil sortir sense ajut.<\/p>\n<p>&nbsp;<\/p>\n<h4><span style=\"color: #ff0000;\"><strong>La mentoria, una via d\u2019esperan\u00e7a<\/strong><\/span><\/h4>\n<p>Una de les propostes que es plantegen des del tercer sector social per contribuir a pal\u00b7liar el risc d\u2019exclusi\u00f3 social que pateixen els nois i noies en situaci\u00f3 de potencial frac\u00e0s escolar, s\u00f3n els projectes de <a href=\"http:\/\/mentoriasocial.org\/qui-som\/que-fem\">mentoria<\/a>. Es tracta d\u2019una eina d\u2019intervenci\u00f3 social que promou la relaci\u00f3 entre persones volunt\u00e0ries que s\u2019ofereixen per proporcionar un suport individual a persones en risc d\u2019exclusi\u00f3, mitjan\u00e7ant una relaci\u00f3 impulsada i tutoritzada per un professional.<\/p>\n<p>Els projectes de mentoria ajuden els infants i joves a continuar el seu itinerari educatiu, augmenten les aspiracions i expectatives educatives dels mentorats i ajuden a disminuir l\u2019absentisme escolar. La base d\u2019aquests projectes \u00e9s la relaci\u00f3 entre mentor i mentorat, basada en la confian\u00e7a, el respecte mutu, el vincle afectiu i, sovint, la relaci\u00f3 d\u2019igual a igual.<\/p>\n<p><strong>En un 70% dels casos la mentoria acaba amb \u00e8xit<\/strong>: les parelles es consoliden al final del primer any de monitoratge. Tenint en compte que es tracta d\u2019una acci\u00f3 volunt\u00e0ria per les dues parts i que, sovint, els joves viuen en situacions inestables, el percentatge \u00e9s notablement alt.<\/p>\n<p>Des de la Coordinadora de Mentoria per a la Inclusi\u00f3 Social es promouen projectes com <a href=\"https:\/\/entandem.cat\/fr\/\">enT\u00e0ndem<\/a> amb infants i joves en exclusi\u00f3 social (AFEV Barcelona), el <a href=\"http:\/\/www.serveisolidari.org\/que-fem\/rossinyol-bcn\">Projecte Rossinyol<\/a>, amb infants i joves nouvinguts (Fundaci\u00f3 Servei Solidari) o el Projecte Mentoria (<a href=\"http:\/\/fundesplai.org\/ca\/\">Fundesplai<\/a>), entre d\u2019altres.<\/p>\n<p>Totes aquestes iniciatives\u00a0contribueixen al fet que, d\u2019una banda, l\u2019infant o jove mentorat cregui en ell\/a i lideri\u00a0el seu propi proc\u00e9s i projecte de vida segons les seves necessitats, decisions i objectius; i, de\u00a0l\u2019altra, el mentor, com a voluntari, es converteixi en un ciutad\u00e0 actiu, solidari, cr\u00edtic i coneixedor del seu entorn i de la seva realitat, que aporta el seu temps, la seva motivaci\u00f3 i els seus coneixements a canviar el m\u00f3n que l\u2019envolta. D\u2019aquesta manera, les persones mentores s\u2019impliquen en la societat, retornen a la comunitat all\u00f2 que han rebut i, alhora, adquireixen compet\u00e8ncies tant en l\u2019\u00e0mbit\u00a0personal com en el professional.<\/p>\n<p><strong>Mentre la crisi agreuja el risc d\u2019exclusi\u00f3 i el frac\u00e0s escolar, la mentoria contribueix a la igualtat d\u2019oportunitats.<\/strong><\/p>\n<\/div>\n","protected":false},"excerpt":{"rendered":"<p>Comen\u00e7a el curs escolar: il\u00b7lusions, ganes d\u2019anar a l\u2019escola, expectatives de petits i grans\u2026 Un m\u00f3n nou s\u2019obre davant dels joves i infants cada setembre, quan les escoles reobren les seves portes, per\u00f2\u2026 tan senzill \u00e9s? A Catalunya, un de cada tres infants viu en situaci\u00f3 de pobresa i un de cada quatre pateix frac\u00e0s &hellip; <a href=\"https:\/\/entandem.cat\/fr\/savais-tu-que\/fracas-escolar-de-qui\/\">Continued<\/a><\/p>\n","protected":false},"author":1,"featured_media":3973,"comment_status":"closed","ping_status":"open","sticky":false,"template":"","format":"standard","meta":{"footnotes":""},"categories":[324],"tags":[523,551,536,610,540],"class_list":["post-4935","post","type-post","status-publish","format-standard","has-post-thumbnail","hentry","category-savais-tu-que","tag-afev-fr","tag-fracas-escolar-fr","tag-mentoria-social-fr","tag-voluntariat-fr","tag-voluntariat-social-fr"],"yoast_head":"<!-- This site is optimized with the Yoast SEO plugin v27.0 - https:\/\/yoast.com\/product\/yoast-seo-wordpress\/ -->\n<title>Frac\u00e0s escolar\u2026 de qui? - enT\u00e0ndem<\/title>\n<meta name=\"robots\" content=\"index, follow, max-snippet:-1, max-image-preview:large, max-video-preview:-1\" \/>\n<link rel=\"canonical\" href=\"https:\/\/entandem.cat\/fr\/savais-tu-que\/fracas-escolar-de-qui\/\" \/>\n<meta property=\"og:locale\" content=\"fr_FR\" \/>\n<meta property=\"og:type\" content=\"article\" \/>\n<meta property=\"og:title\" content=\"Frac\u00e0s escolar\u2026 de qui? - enT\u00e0ndem\" \/>\n<meta property=\"og:description\" content=\"Comen\u00e7a el curs escolar: il\u00b7lusions, ganes d\u2019anar a l\u2019escola, expectatives de petits i grans\u2026 Un m\u00f3n nou s\u2019obre davant dels joves i infants cada setembre, quan les escoles reobren les seves portes, per\u00f2\u2026 tan senzill \u00e9s? A Catalunya, un de cada tres infants viu en situaci\u00f3 de pobresa i un de cada quatre pateix frac\u00e0s &hellip; Continued\" \/>\n<meta property=\"og:url\" content=\"https:\/\/entandem.cat\/fr\/savais-tu-que\/fracas-escolar-de-qui\/\" \/>\n<meta property=\"og:site_name\" content=\"enT\u00e0ndem\" \/>\n<meta property=\"article:publisher\" content=\"https:\/\/www.facebook.com\/afevcat\" \/>\n<meta property=\"article:published_time\" content=\"2015-10-08T11:02:32+00:00\" \/>\n<meta property=\"article:modified_time\" content=\"2018-06-28T15:03:48+00:00\" \/>\n<meta property=\"og:image\" content=\"https:\/\/entandem.cat\/wp-content\/uploads\/2015\/10\/16413023330_59c240bea9_o-1024x683.jpg\" \/>\n\t<meta property=\"og:image:width\" content=\"1024\" \/>\n\t<meta property=\"og:image:height\" content=\"683\" \/>\n\t<meta property=\"og:image:type\" content=\"image\/jpeg\" \/>\n<meta name=\"author\" content=\"adminTandem\" \/>\n<meta name=\"twitter:card\" content=\"summary_large_image\" \/>\n<meta name=\"twitter:creator\" content=\"@afevcat\" \/>\n<meta name=\"twitter:site\" content=\"@afevcat\" \/>\n<meta name=\"twitter:label1\" content=\"\u00c9crit par\" \/>\n\t<meta name=\"twitter:data1\" content=\"adminTandem\" \/>\n\t<meta name=\"twitter:label2\" content=\"Dur\u00e9e de lecture estim\u00e9e\" \/>\n\t<meta name=\"twitter:data2\" content=\"5 minutes\" \/>\n<script type=\"application\/ld+json\" class=\"yoast-schema-graph\">{\"@context\":\"https:\/\/schema.org\",\"@graph\":[{\"@type\":\"Article\",\"@id\":\"https:\/\/entandem.cat\/fr\/savais-tu-que\/fracas-escolar-de-qui\/#article\",\"isPartOf\":{\"@id\":\"https:\/\/entandem.cat\/fr\/savais-tu-que\/fracas-escolar-de-qui\/\"},\"author\":{\"name\":\"adminTandem\",\"@id\":\"https:\/\/entandem.cat\/#\/schema\/person\/2111428ce1954193a11054a1e2b5b0da\"},\"headline\":\"Frac\u00e0s escolar\u2026 de qui?\",\"datePublished\":\"2015-10-08T11:02:32+00:00\",\"dateModified\":\"2018-06-28T15:03:48+00:00\",\"mainEntityOfPage\":{\"@id\":\"https:\/\/entandem.cat\/fr\/savais-tu-que\/fracas-escolar-de-qui\/\"},\"wordCount\":946,\"publisher\":{\"@id\":\"https:\/\/entandem.cat\/#organization\"},\"image\":{\"@id\":\"https:\/\/entandem.cat\/fr\/savais-tu-que\/fracas-escolar-de-qui\/#primaryimage\"},\"thumbnailUrl\":\"https:\/\/entandem.cat\/wp-content\/uploads\/2015\/10\/16413023330_59c240bea9_o.jpg\",\"keywords\":[\"afev\",\"frac\u00e0s escolar\",\"mentoria social\",\"voluntariat\",\"voluntariat social\"],\"articleSection\":[\"Savias-tu que...\"],\"inLanguage\":\"fr-FR\"},{\"@type\":\"WebPage\",\"@id\":\"https:\/\/entandem.cat\/fr\/savais-tu-que\/fracas-escolar-de-qui\/\",\"url\":\"https:\/\/entandem.cat\/fr\/savais-tu-que\/fracas-escolar-de-qui\/\",\"name\":\"Frac\u00e0s escolar\u2026 de qui? - enT\u00e0ndem\",\"isPartOf\":{\"@id\":\"https:\/\/entandem.cat\/#website\"},\"primaryImageOfPage\":{\"@id\":\"https:\/\/entandem.cat\/fr\/savais-tu-que\/fracas-escolar-de-qui\/#primaryimage\"},\"image\":{\"@id\":\"https:\/\/entandem.cat\/fr\/savais-tu-que\/fracas-escolar-de-qui\/#primaryimage\"},\"thumbnailUrl\":\"https:\/\/entandem.cat\/wp-content\/uploads\/2015\/10\/16413023330_59c240bea9_o.jpg\",\"datePublished\":\"2015-10-08T11:02:32+00:00\",\"dateModified\":\"2018-06-28T15:03:48+00:00\",\"breadcrumb\":{\"@id\":\"https:\/\/entandem.cat\/fr\/savais-tu-que\/fracas-escolar-de-qui\/#breadcrumb\"},\"inLanguage\":\"fr-FR\",\"potentialAction\":[{\"@type\":\"ReadAction\",\"target\":[\"https:\/\/entandem.cat\/fr\/savais-tu-que\/fracas-escolar-de-qui\/\"]}]},{\"@type\":\"ImageObject\",\"inLanguage\":\"fr-FR\",\"@id\":\"https:\/\/entandem.cat\/fr\/savais-tu-que\/fracas-escolar-de-qui\/#primaryimage\",\"url\":\"https:\/\/entandem.cat\/wp-content\/uploads\/2015\/10\/16413023330_59c240bea9_o.jpg\",\"contentUrl\":\"https:\/\/entandem.cat\/wp-content\/uploads\/2015\/10\/16413023330_59c240bea9_o.jpg\",\"width\":5184,\"height\":3456},{\"@type\":\"BreadcrumbList\",\"@id\":\"https:\/\/entandem.cat\/fr\/savais-tu-que\/fracas-escolar-de-qui\/#breadcrumb\",\"itemListElement\":[{\"@type\":\"ListItem\",\"position\":1,\"name\":\"Inici\",\"item\":\"https:\/\/entandem.cat\/fr\/\"},{\"@type\":\"ListItem\",\"position\":2,\"name\":\"Frac\u00e0s escolar\u2026 de qui?\"}]},{\"@type\":\"WebSite\",\"@id\":\"https:\/\/entandem.cat\/#website\",\"url\":\"https:\/\/entandem.cat\/\",\"name\":\"enT\u00e0ndem\",\"description\":\"Voluntariat Social Universitari\",\"publisher\":{\"@id\":\"https:\/\/entandem.cat\/#organization\"},\"potentialAction\":[{\"@type\":\"SearchAction\",\"target\":{\"@type\":\"EntryPoint\",\"urlTemplate\":\"https:\/\/entandem.cat\/?s={search_term_string}\"},\"query-input\":{\"@type\":\"PropertyValueSpecification\",\"valueRequired\":true,\"valueName\":\"search_term_string\"}}],\"inLanguage\":\"fr-FR\"},{\"@type\":\"Organization\",\"@id\":\"https:\/\/entandem.cat\/#organization\",\"name\":\"enT\u00e0ndem\",\"url\":\"https:\/\/entandem.cat\/\",\"logo\":{\"@type\":\"ImageObject\",\"inLanguage\":\"fr-FR\",\"@id\":\"https:\/\/entandem.cat\/#\/schema\/logo\/image\/\",\"url\":\"https:\/\/entandem.cat\/wp-content\/uploads\/2016\/12\/logo-entandem.png\",\"contentUrl\":\"https:\/\/entandem.cat\/wp-content\/uploads\/2016\/12\/logo-entandem.png\",\"width\":166,\"height\":44,\"caption\":\"enT\u00e0ndem\"},\"image\":{\"@id\":\"https:\/\/entandem.cat\/#\/schema\/logo\/image\/\"},\"sameAs\":[\"https:\/\/www.facebook.com\/afevcat\",\"https:\/\/x.com\/afevcat\",\"https:\/\/www.instagram.com\/afevcat\/\"]},{\"@type\":\"Person\",\"@id\":\"https:\/\/entandem.cat\/#\/schema\/person\/2111428ce1954193a11054a1e2b5b0da\",\"name\":\"adminTandem\"}]}<\/script>\n<!-- \/ Yoast SEO plugin. -->","yoast_head_json":{"title":"Frac\u00e0s escolar\u2026 de qui? - enT\u00e0ndem","robots":{"index":"index","follow":"follow","max-snippet":"max-snippet:-1","max-image-preview":"max-image-preview:large","max-video-preview":"max-video-preview:-1"},"canonical":"https:\/\/entandem.cat\/fr\/savais-tu-que\/fracas-escolar-de-qui\/","og_locale":"fr_FR","og_type":"article","og_title":"Frac\u00e0s escolar\u2026 de qui? - enT\u00e0ndem","og_description":"Comen\u00e7a el curs escolar: il\u00b7lusions, ganes d\u2019anar a l\u2019escola, expectatives de petits i grans\u2026 Un m\u00f3n nou s\u2019obre davant dels joves i infants cada setembre, quan les escoles reobren les seves portes, per\u00f2\u2026 tan senzill \u00e9s? A Catalunya, un de cada tres infants viu en situaci\u00f3 de pobresa i un de cada quatre pateix frac\u00e0s &hellip; Continued","og_url":"https:\/\/entandem.cat\/fr\/savais-tu-que\/fracas-escolar-de-qui\/","og_site_name":"enT\u00e0ndem","article_publisher":"https:\/\/www.facebook.com\/afevcat","article_published_time":"2015-10-08T11:02:32+00:00","article_modified_time":"2018-06-28T15:03:48+00:00","og_image":[{"width":1024,"height":683,"url":"https:\/\/entandem.cat\/wp-content\/uploads\/2015\/10\/16413023330_59c240bea9_o-1024x683.jpg","type":"image\/jpeg"}],"author":"adminTandem","twitter_card":"summary_large_image","twitter_creator":"@afevcat","twitter_site":"@afevcat","twitter_misc":{"\u00c9crit par":"adminTandem","Dur\u00e9e de lecture estim\u00e9e":"5 minutes"},"schema":{"@context":"https:\/\/schema.org","@graph":[{"@type":"Article","@id":"https:\/\/entandem.cat\/fr\/savais-tu-que\/fracas-escolar-de-qui\/#article","isPartOf":{"@id":"https:\/\/entandem.cat\/fr\/savais-tu-que\/fracas-escolar-de-qui\/"},"author":{"name":"adminTandem","@id":"https:\/\/entandem.cat\/#\/schema\/person\/2111428ce1954193a11054a1e2b5b0da"},"headline":"Frac\u00e0s escolar\u2026 de qui?","datePublished":"2015-10-08T11:02:32+00:00","dateModified":"2018-06-28T15:03:48+00:00","mainEntityOfPage":{"@id":"https:\/\/entandem.cat\/fr\/savais-tu-que\/fracas-escolar-de-qui\/"},"wordCount":946,"publisher":{"@id":"https:\/\/entandem.cat\/#organization"},"image":{"@id":"https:\/\/entandem.cat\/fr\/savais-tu-que\/fracas-escolar-de-qui\/#primaryimage"},"thumbnailUrl":"https:\/\/entandem.cat\/wp-content\/uploads\/2015\/10\/16413023330_59c240bea9_o.jpg","keywords":["afev","frac\u00e0s escolar","mentoria social","voluntariat","voluntariat social"],"articleSection":["Savias-tu que..."],"inLanguage":"fr-FR"},{"@type":"WebPage","@id":"https:\/\/entandem.cat\/fr\/savais-tu-que\/fracas-escolar-de-qui\/","url":"https:\/\/entandem.cat\/fr\/savais-tu-que\/fracas-escolar-de-qui\/","name":"Frac\u00e0s escolar\u2026 de qui? - enT\u00e0ndem","isPartOf":{"@id":"https:\/\/entandem.cat\/#website"},"primaryImageOfPage":{"@id":"https:\/\/entandem.cat\/fr\/savais-tu-que\/fracas-escolar-de-qui\/#primaryimage"},"image":{"@id":"https:\/\/entandem.cat\/fr\/savais-tu-que\/fracas-escolar-de-qui\/#primaryimage"},"thumbnailUrl":"https:\/\/entandem.cat\/wp-content\/uploads\/2015\/10\/16413023330_59c240bea9_o.jpg","datePublished":"2015-10-08T11:02:32+00:00","dateModified":"2018-06-28T15:03:48+00:00","breadcrumb":{"@id":"https:\/\/entandem.cat\/fr\/savais-tu-que\/fracas-escolar-de-qui\/#breadcrumb"},"inLanguage":"fr-FR","potentialAction":[{"@type":"ReadAction","target":["https:\/\/entandem.cat\/fr\/savais-tu-que\/fracas-escolar-de-qui\/"]}]},{"@type":"ImageObject","inLanguage":"fr-FR","@id":"https:\/\/entandem.cat\/fr\/savais-tu-que\/fracas-escolar-de-qui\/#primaryimage","url":"https:\/\/entandem.cat\/wp-content\/uploads\/2015\/10\/16413023330_59c240bea9_o.jpg","contentUrl":"https:\/\/entandem.cat\/wp-content\/uploads\/2015\/10\/16413023330_59c240bea9_o.jpg","width":5184,"height":3456},{"@type":"BreadcrumbList","@id":"https:\/\/entandem.cat\/fr\/savais-tu-que\/fracas-escolar-de-qui\/#breadcrumb","itemListElement":[{"@type":"ListItem","position":1,"name":"Inici","item":"https:\/\/entandem.cat\/fr\/"},{"@type":"ListItem","position":2,"name":"Frac\u00e0s escolar\u2026 de qui?"}]},{"@type":"WebSite","@id":"https:\/\/entandem.cat\/#website","url":"https:\/\/entandem.cat\/","name":"enT\u00e0ndem","description":"Voluntariat Social Universitari","publisher":{"@id":"https:\/\/entandem.cat\/#organization"},"potentialAction":[{"@type":"SearchAction","target":{"@type":"EntryPoint","urlTemplate":"https:\/\/entandem.cat\/?s={search_term_string}"},"query-input":{"@type":"PropertyValueSpecification","valueRequired":true,"valueName":"search_term_string"}}],"inLanguage":"fr-FR"},{"@type":"Organization","@id":"https:\/\/entandem.cat\/#organization","name":"enT\u00e0ndem","url":"https:\/\/entandem.cat\/","logo":{"@type":"ImageObject","inLanguage":"fr-FR","@id":"https:\/\/entandem.cat\/#\/schema\/logo\/image\/","url":"https:\/\/entandem.cat\/wp-content\/uploads\/2016\/12\/logo-entandem.png","contentUrl":"https:\/\/entandem.cat\/wp-content\/uploads\/2016\/12\/logo-entandem.png","width":166,"height":44,"caption":"enT\u00e0ndem"},"image":{"@id":"https:\/\/entandem.cat\/#\/schema\/logo\/image\/"},"sameAs":["https:\/\/www.facebook.com\/afevcat","https:\/\/x.com\/afevcat","https:\/\/www.instagram.com\/afevcat\/"]},{"@type":"Person","@id":"https:\/\/entandem.cat\/#\/schema\/person\/2111428ce1954193a11054a1e2b5b0da","name":"adminTandem"}]}},"_links":{"self":[{"href":"https:\/\/entandem.cat\/fr\/wp-json\/wp\/v2\/posts\/4935","targetHints":{"allow":["GET"]}}],"collection":[{"href":"https:\/\/entandem.cat\/fr\/wp-json\/wp\/v2\/posts"}],"about":[{"href":"https:\/\/entandem.cat\/fr\/wp-json\/wp\/v2\/types\/post"}],"author":[{"embeddable":true,"href":"https:\/\/entandem.cat\/fr\/wp-json\/wp\/v2\/users\/1"}],"replies":[{"embeddable":true,"href":"https:\/\/entandem.cat\/fr\/wp-json\/wp\/v2\/comments?post=4935"}],"version-history":[{"count":0,"href":"https:\/\/entandem.cat\/fr\/wp-json\/wp\/v2\/posts\/4935\/revisions"}],"wp:featuredmedia":[{"embeddable":true,"href":"https:\/\/entandem.cat\/fr\/wp-json\/wp\/v2\/media\/3973"}],"wp:attachment":[{"href":"https:\/\/entandem.cat\/fr\/wp-json\/wp\/v2\/media?parent=4935"}],"wp:term":[{"taxonomy":"category","embeddable":true,"href":"https:\/\/entandem.cat\/fr\/wp-json\/wp\/v2\/categories?post=4935"},{"taxonomy":"post_tag","embeddable":true,"href":"https:\/\/entandem.cat\/fr\/wp-json\/wp\/v2\/tags?post=4935"}],"curies":[{"name":"wp","href":"https:\/\/api.w.org\/{rel}","templated":true}]}}