{"id":4922,"date":"2017-02-27T15:42:48","date_gmt":"2017-02-27T15:42:48","guid":{"rendered":"http:\/\/entandem.cat\/fr\/?p=4922"},"modified":"2018-06-28T15:02:25","modified_gmt":"2018-06-28T15:02:25","slug":"entandem-premiat-dels-iv-premis-al-voluntariat-universitari-de-la-fundacion-mutua-madrilena","status":"publish","type":"post","link":"https:\/\/entandem.cat\/fr\/savais-tu-que\/entandem-premiat-dels-iv-premis-al-voluntariat-universitari-de-la-fundacion-mutua-madrilena\/","title":{"rendered":"enT\u00e0ndem premiat dels IV premis al voluntariat universitari de la Fundaci\u00f3n Mutua Madrile\u00f1a"},"content":{"rendered":"<h5><span class=\"hiddenSpellError\">enT\u00e0ndem<\/span> forma part dels 7 projectes premiats dels IV premis al voluntariat universitari organitzat per la Fundaci\u00f3n <span class=\"hiddenSpellError\">Mutua<\/span> <span class=\"hiddenSpellError\">Madrile\u00f1a<\/span><\/h5>\n<h5>En aquesta edici\u00f3 2017 s&rsquo;han presentat 117 candidatures de 84 universitats (70 espanyoles i 14 internacionals).<\/h5>\n<p>Estem molt orgullosos de compartir amb vosaltres aquesta bona not\u00edcia i volem agrair a tots els joves estudiants universitaris que anys rere any, dediquen molta energia i temps a acompanyar a nens i joves en risc d&rsquo;exclusi\u00f3 social i\/o situaci\u00f3 de dificultat.<\/p>\n<p>Els premis al voluntariat universitari tenen com a objectiu donar suport a les iniciatives i impulsar el treball solidari dels joves universitaris de l&rsquo;Estat Espanyol. Enguany, el nostre projecte de <span class=\"hiddenSpellError\">mentoring<\/span> social per a nens i joves, <span class=\"hiddenSpellError\">enT\u00e0nde<\/span><span class=\"hiddenSpellError\">m<\/span>, ha estat seleccionat d&rsquo;un total de 117 candidatures procedents de 84 universitats (70 espanyoles i 14 internacionals). A m\u00e9s del reconeixement i visibilitat, el premi inclou una ajuda econ\u00f2mica de 5.000 \u20ac que ens donar\u00e0 un cop de m\u00e0 per continuar lluitant contra les desigualtats i el frac\u00e0s escolar.<\/p>\n<p>Segons l&rsquo;IV Estudi sobre Voluntariat Universitari impulsat per la Fundaci\u00f3 M\u00fatua Madrilenya, durant el curs passat, el 62% de les universitats espanyoles va emprendre m\u00e9s activitats solid\u00e0ries que en l&rsquo;anterior, la qual cosa demostra l&rsquo;inter\u00e8s i el comprom\u00eds dels estudiants amb els col\u00b7lectius m\u00e9s desfavorits. Les universitats de Santiago de Compostel\u00b7la, M\u00e0laga i Barcelona s\u00f3n les que destaquen per tenir una major xifra d&rsquo;estudiants implicats en causes socials i entre els tres centres sumen 8.371 alumnes.<\/p>\n<p>Els graus de Ci\u00e8ncies Socials i Jur\u00eddiques s\u00f3n els que m\u00e9s estudiants aporten a les iniciatives de voluntariat, doncs el 37% dels participants cursen estudis en aquesta \u00e0rea. Els segueixen les titulacions de Ci\u00e8ncies de Salut, amb un 31% i amb un 12%, Arts i Humanitats. Aix\u00ed mateix, el 70% dels alumnes universitaris que col\u00b7labora amb entitats sense \u00e0nim de lucre s\u00f3n dones.<\/p>\n<p><iframe loading=\"lazy\" src=\"\/\/www.youtube.com\/embed\/oDI7s07VnhA\" width=\"560\" height=\"314\" allowfullscreen=\"allowfullscreen\" data-mce-fragment=\"1\"><\/iframe><\/p>\n<p style=\"text-align: center;\">\u00a0<\/p>\n","protected":false},"excerpt":{"rendered":"<p>enT\u00e0ndem forma part dels 7 projectes premiats dels IV premis al voluntariat universitari organitzat per la Fundaci\u00f3n Mutua Madrile\u00f1a En aquesta edici\u00f3 2017 s&rsquo;han presentat 117 candidatures de 84 universitats (70 espanyoles i 14 internacionals). Estem molt orgullosos de compartir amb vosaltres aquesta bona not\u00edcia i volem agrair a tots els joves estudiants universitaris que &hellip; <a href=\"https:\/\/entandem.cat\/fr\/savais-tu-que\/entandem-premiat-dels-iv-premis-al-voluntariat-universitari-de-la-fundacion-mutua-madrilena\/\">Continued<\/a><\/p>\n","protected":false},"author":1,"featured_media":2970,"comment_status":"closed","ping_status":"open","sticky":false,"template":"","format":"standard","meta":{"footnotes":""},"categories":[324],"tags":[540],"class_list":["post-4922","post","type-post","status-publish","format-standard","has-post-thumbnail","hentry","category-savais-tu-que","tag-voluntariat-social-fr"],"yoast_head":"<!-- This site is optimized with the Yoast SEO plugin v27.0 - https:\/\/yoast.com\/product\/yoast-seo-wordpress\/ -->\n<title>enT\u00e0ndem premiat dels IV premis al voluntariat universitari de la Fundaci\u00f3n Mutua Madrile\u00f1a - enT\u00e0ndem<\/title>\n<meta name=\"robots\" content=\"index, follow, max-snippet:-1, max-image-preview:large, max-video-preview:-1\" \/>\n<link rel=\"canonical\" href=\"https:\/\/entandem.cat\/fr\/savais-tu-que\/entandem-premiat-dels-iv-premis-al-voluntariat-universitari-de-la-fundacion-mutua-madrilena\/\" \/>\n<meta property=\"og:locale\" content=\"fr_FR\" \/>\n<meta property=\"og:type\" content=\"article\" \/>\n<meta property=\"og:title\" content=\"enT\u00e0ndem premiat dels IV premis al voluntariat universitari de la Fundaci\u00f3n Mutua Madrile\u00f1a - enT\u00e0ndem\" \/>\n<meta property=\"og:description\" content=\"enT\u00e0ndem forma part dels 7 projectes premiats dels IV premis al voluntariat universitari organitzat per la Fundaci\u00f3n Mutua Madrile\u00f1a En aquesta edici\u00f3 2017 s&rsquo;han presentat 117 candidatures de 84 universitats (70 espanyoles i 14 internacionals). Estem molt orgullosos de compartir amb vosaltres aquesta bona not\u00edcia i volem agrair a tots els joves estudiants universitaris que &hellip; Continued\" \/>\n<meta property=\"og:url\" content=\"https:\/\/entandem.cat\/fr\/savais-tu-que\/entandem-premiat-dels-iv-premis-al-voluntariat-universitari-de-la-fundacion-mutua-madrilena\/\" \/>\n<meta property=\"og:site_name\" content=\"enT\u00e0ndem\" \/>\n<meta property=\"article:publisher\" content=\"https:\/\/www.facebook.com\/afevcat\" \/>\n<meta property=\"article:published_time\" content=\"2017-02-27T15:42:48+00:00\" \/>\n<meta property=\"article:modified_time\" content=\"2018-06-28T15:02:25+00:00\" \/>\n<meta property=\"og:image\" content=\"https:\/\/entandem.cat\/wp-content\/uploads\/2017\/02\/C97ml58XoAAH91n.jpg\" \/>\n\t<meta property=\"og:image:width\" content=\"1024\" \/>\n\t<meta property=\"og:image:height\" content=\"512\" \/>\n\t<meta property=\"og:image:type\" content=\"image\/jpeg\" \/>\n<meta name=\"author\" content=\"adminTandem\" \/>\n<meta name=\"twitter:card\" content=\"summary_large_image\" \/>\n<meta name=\"twitter:creator\" content=\"@afevcat\" \/>\n<meta name=\"twitter:site\" content=\"@afevcat\" \/>\n<meta name=\"twitter:label1\" content=\"\u00c9crit par\" \/>\n\t<meta name=\"twitter:data1\" content=\"adminTandem\" \/>\n\t<meta name=\"twitter:label2\" content=\"Dur\u00e9e de lecture estim\u00e9e\" \/>\n\t<meta name=\"twitter:data2\" content=\"2 minutes\" \/>\n<script type=\"application\/ld+json\" class=\"yoast-schema-graph\">{\"@context\":\"https:\/\/schema.org\",\"@graph\":[{\"@type\":\"Article\",\"@id\":\"https:\/\/entandem.cat\/fr\/savais-tu-que\/entandem-premiat-dels-iv-premis-al-voluntariat-universitari-de-la-fundacion-mutua-madrilena\/#article\",\"isPartOf\":{\"@id\":\"https:\/\/entandem.cat\/fr\/savais-tu-que\/entandem-premiat-dels-iv-premis-al-voluntariat-universitari-de-la-fundacion-mutua-madrilena\/\"},\"author\":{\"name\":\"adminTandem\",\"@id\":\"https:\/\/entandem.cat\/#\/schema\/person\/2111428ce1954193a11054a1e2b5b0da\"},\"headline\":\"enT\u00e0ndem premiat dels IV premis al voluntariat universitari de la Fundaci\u00f3n Mutua Madrile\u00f1a\",\"datePublished\":\"2017-02-27T15:42:48+00:00\",\"dateModified\":\"2018-06-28T15:02:25+00:00\",\"mainEntityOfPage\":{\"@id\":\"https:\/\/entandem.cat\/fr\/savais-tu-que\/entandem-premiat-dels-iv-premis-al-voluntariat-universitari-de-la-fundacion-mutua-madrilena\/\"},\"wordCount\":336,\"publisher\":{\"@id\":\"https:\/\/entandem.cat\/#organization\"},\"image\":{\"@id\":\"https:\/\/entandem.cat\/fr\/savais-tu-que\/entandem-premiat-dels-iv-premis-al-voluntariat-universitari-de-la-fundacion-mutua-madrilena\/#primaryimage\"},\"thumbnailUrl\":\"https:\/\/entandem.cat\/wp-content\/uploads\/2017\/02\/C97ml58XoAAH91n.jpg\",\"keywords\":[\"voluntariat social\"],\"articleSection\":[\"Savias-tu que...\"],\"inLanguage\":\"fr-FR\"},{\"@type\":\"WebPage\",\"@id\":\"https:\/\/entandem.cat\/fr\/savais-tu-que\/entandem-premiat-dels-iv-premis-al-voluntariat-universitari-de-la-fundacion-mutua-madrilena\/\",\"url\":\"https:\/\/entandem.cat\/fr\/savais-tu-que\/entandem-premiat-dels-iv-premis-al-voluntariat-universitari-de-la-fundacion-mutua-madrilena\/\",\"name\":\"enT\u00e0ndem premiat dels IV premis al voluntariat universitari de la Fundaci\u00f3n Mutua Madrile\u00f1a - enT\u00e0ndem\",\"isPartOf\":{\"@id\":\"https:\/\/entandem.cat\/#website\"},\"primaryImageOfPage\":{\"@id\":\"https:\/\/entandem.cat\/fr\/savais-tu-que\/entandem-premiat-dels-iv-premis-al-voluntariat-universitari-de-la-fundacion-mutua-madrilena\/#primaryimage\"},\"image\":{\"@id\":\"https:\/\/entandem.cat\/fr\/savais-tu-que\/entandem-premiat-dels-iv-premis-al-voluntariat-universitari-de-la-fundacion-mutua-madrilena\/#primaryimage\"},\"thumbnailUrl\":\"https:\/\/entandem.cat\/wp-content\/uploads\/2017\/02\/C97ml58XoAAH91n.jpg\",\"datePublished\":\"2017-02-27T15:42:48+00:00\",\"dateModified\":\"2018-06-28T15:02:25+00:00\",\"breadcrumb\":{\"@id\":\"https:\/\/entandem.cat\/fr\/savais-tu-que\/entandem-premiat-dels-iv-premis-al-voluntariat-universitari-de-la-fundacion-mutua-madrilena\/#breadcrumb\"},\"inLanguage\":\"fr-FR\",\"potentialAction\":[{\"@type\":\"ReadAction\",\"target\":[\"https:\/\/entandem.cat\/fr\/savais-tu-que\/entandem-premiat-dels-iv-premis-al-voluntariat-universitari-de-la-fundacion-mutua-madrilena\/\"]}]},{\"@type\":\"ImageObject\",\"inLanguage\":\"fr-FR\",\"@id\":\"https:\/\/entandem.cat\/fr\/savais-tu-que\/entandem-premiat-dels-iv-premis-al-voluntariat-universitari-de-la-fundacion-mutua-madrilena\/#primaryimage\",\"url\":\"https:\/\/entandem.cat\/wp-content\/uploads\/2017\/02\/C97ml58XoAAH91n.jpg\",\"contentUrl\":\"https:\/\/entandem.cat\/wp-content\/uploads\/2017\/02\/C97ml58XoAAH91n.jpg\",\"width\":1024,\"height\":512},{\"@type\":\"BreadcrumbList\",\"@id\":\"https:\/\/entandem.cat\/fr\/savais-tu-que\/entandem-premiat-dels-iv-premis-al-voluntariat-universitari-de-la-fundacion-mutua-madrilena\/#breadcrumb\",\"itemListElement\":[{\"@type\":\"ListItem\",\"position\":1,\"name\":\"Inici\",\"item\":\"https:\/\/entandem.cat\/fr\/\"},{\"@type\":\"ListItem\",\"position\":2,\"name\":\"enT\u00e0ndem premiat dels IV premis al voluntariat universitari de la Fundaci\u00f3n Mutua Madrile\u00f1a\"}]},{\"@type\":\"WebSite\",\"@id\":\"https:\/\/entandem.cat\/#website\",\"url\":\"https:\/\/entandem.cat\/\",\"name\":\"enT\u00e0ndem\",\"description\":\"Voluntariat Social Universitari\",\"publisher\":{\"@id\":\"https:\/\/entandem.cat\/#organization\"},\"potentialAction\":[{\"@type\":\"SearchAction\",\"target\":{\"@type\":\"EntryPoint\",\"urlTemplate\":\"https:\/\/entandem.cat\/?s={search_term_string}\"},\"query-input\":{\"@type\":\"PropertyValueSpecification\",\"valueRequired\":true,\"valueName\":\"search_term_string\"}}],\"inLanguage\":\"fr-FR\"},{\"@type\":\"Organization\",\"@id\":\"https:\/\/entandem.cat\/#organization\",\"name\":\"enT\u00e0ndem\",\"url\":\"https:\/\/entandem.cat\/\",\"logo\":{\"@type\":\"ImageObject\",\"inLanguage\":\"fr-FR\",\"@id\":\"https:\/\/entandem.cat\/#\/schema\/logo\/image\/\",\"url\":\"https:\/\/entandem.cat\/wp-content\/uploads\/2016\/12\/logo-entandem.png\",\"contentUrl\":\"https:\/\/entandem.cat\/wp-content\/uploads\/2016\/12\/logo-entandem.png\",\"width\":166,\"height\":44,\"caption\":\"enT\u00e0ndem\"},\"image\":{\"@id\":\"https:\/\/entandem.cat\/#\/schema\/logo\/image\/\"},\"sameAs\":[\"https:\/\/www.facebook.com\/afevcat\",\"https:\/\/x.com\/afevcat\",\"https:\/\/www.instagram.com\/afevcat\/\"]},{\"@type\":\"Person\",\"@id\":\"https:\/\/entandem.cat\/#\/schema\/person\/2111428ce1954193a11054a1e2b5b0da\",\"name\":\"adminTandem\"}]}<\/script>\n<!-- \/ Yoast SEO plugin. -->","yoast_head_json":{"title":"enT\u00e0ndem premiat dels IV premis al voluntariat universitari de la Fundaci\u00f3n Mutua Madrile\u00f1a - enT\u00e0ndem","robots":{"index":"index","follow":"follow","max-snippet":"max-snippet:-1","max-image-preview":"max-image-preview:large","max-video-preview":"max-video-preview:-1"},"canonical":"https:\/\/entandem.cat\/fr\/savais-tu-que\/entandem-premiat-dels-iv-premis-al-voluntariat-universitari-de-la-fundacion-mutua-madrilena\/","og_locale":"fr_FR","og_type":"article","og_title":"enT\u00e0ndem premiat dels IV premis al voluntariat universitari de la Fundaci\u00f3n Mutua Madrile\u00f1a - enT\u00e0ndem","og_description":"enT\u00e0ndem forma part dels 7 projectes premiats dels IV premis al voluntariat universitari organitzat per la Fundaci\u00f3n Mutua Madrile\u00f1a En aquesta edici\u00f3 2017 s&rsquo;han presentat 117 candidatures de 84 universitats (70 espanyoles i 14 internacionals). Estem molt orgullosos de compartir amb vosaltres aquesta bona not\u00edcia i volem agrair a tots els joves estudiants universitaris que &hellip; Continued","og_url":"https:\/\/entandem.cat\/fr\/savais-tu-que\/entandem-premiat-dels-iv-premis-al-voluntariat-universitari-de-la-fundacion-mutua-madrilena\/","og_site_name":"enT\u00e0ndem","article_publisher":"https:\/\/www.facebook.com\/afevcat","article_published_time":"2017-02-27T15:42:48+00:00","article_modified_time":"2018-06-28T15:02:25+00:00","og_image":[{"width":1024,"height":512,"url":"https:\/\/entandem.cat\/wp-content\/uploads\/2017\/02\/C97ml58XoAAH91n.jpg","type":"image\/jpeg"}],"author":"adminTandem","twitter_card":"summary_large_image","twitter_creator":"@afevcat","twitter_site":"@afevcat","twitter_misc":{"\u00c9crit par":"adminTandem","Dur\u00e9e de lecture estim\u00e9e":"2 minutes"},"schema":{"@context":"https:\/\/schema.org","@graph":[{"@type":"Article","@id":"https:\/\/entandem.cat\/fr\/savais-tu-que\/entandem-premiat-dels-iv-premis-al-voluntariat-universitari-de-la-fundacion-mutua-madrilena\/#article","isPartOf":{"@id":"https:\/\/entandem.cat\/fr\/savais-tu-que\/entandem-premiat-dels-iv-premis-al-voluntariat-universitari-de-la-fundacion-mutua-madrilena\/"},"author":{"name":"adminTandem","@id":"https:\/\/entandem.cat\/#\/schema\/person\/2111428ce1954193a11054a1e2b5b0da"},"headline":"enT\u00e0ndem premiat dels IV premis al voluntariat universitari de la Fundaci\u00f3n Mutua Madrile\u00f1a","datePublished":"2017-02-27T15:42:48+00:00","dateModified":"2018-06-28T15:02:25+00:00","mainEntityOfPage":{"@id":"https:\/\/entandem.cat\/fr\/savais-tu-que\/entandem-premiat-dels-iv-premis-al-voluntariat-universitari-de-la-fundacion-mutua-madrilena\/"},"wordCount":336,"publisher":{"@id":"https:\/\/entandem.cat\/#organization"},"image":{"@id":"https:\/\/entandem.cat\/fr\/savais-tu-que\/entandem-premiat-dels-iv-premis-al-voluntariat-universitari-de-la-fundacion-mutua-madrilena\/#primaryimage"},"thumbnailUrl":"https:\/\/entandem.cat\/wp-content\/uploads\/2017\/02\/C97ml58XoAAH91n.jpg","keywords":["voluntariat social"],"articleSection":["Savias-tu que..."],"inLanguage":"fr-FR"},{"@type":"WebPage","@id":"https:\/\/entandem.cat\/fr\/savais-tu-que\/entandem-premiat-dels-iv-premis-al-voluntariat-universitari-de-la-fundacion-mutua-madrilena\/","url":"https:\/\/entandem.cat\/fr\/savais-tu-que\/entandem-premiat-dels-iv-premis-al-voluntariat-universitari-de-la-fundacion-mutua-madrilena\/","name":"enT\u00e0ndem premiat dels IV premis al voluntariat universitari de la Fundaci\u00f3n Mutua Madrile\u00f1a - enT\u00e0ndem","isPartOf":{"@id":"https:\/\/entandem.cat\/#website"},"primaryImageOfPage":{"@id":"https:\/\/entandem.cat\/fr\/savais-tu-que\/entandem-premiat-dels-iv-premis-al-voluntariat-universitari-de-la-fundacion-mutua-madrilena\/#primaryimage"},"image":{"@id":"https:\/\/entandem.cat\/fr\/savais-tu-que\/entandem-premiat-dels-iv-premis-al-voluntariat-universitari-de-la-fundacion-mutua-madrilena\/#primaryimage"},"thumbnailUrl":"https:\/\/entandem.cat\/wp-content\/uploads\/2017\/02\/C97ml58XoAAH91n.jpg","datePublished":"2017-02-27T15:42:48+00:00","dateModified":"2018-06-28T15:02:25+00:00","breadcrumb":{"@id":"https:\/\/entandem.cat\/fr\/savais-tu-que\/entandem-premiat-dels-iv-premis-al-voluntariat-universitari-de-la-fundacion-mutua-madrilena\/#breadcrumb"},"inLanguage":"fr-FR","potentialAction":[{"@type":"ReadAction","target":["https:\/\/entandem.cat\/fr\/savais-tu-que\/entandem-premiat-dels-iv-premis-al-voluntariat-universitari-de-la-fundacion-mutua-madrilena\/"]}]},{"@type":"ImageObject","inLanguage":"fr-FR","@id":"https:\/\/entandem.cat\/fr\/savais-tu-que\/entandem-premiat-dels-iv-premis-al-voluntariat-universitari-de-la-fundacion-mutua-madrilena\/#primaryimage","url":"https:\/\/entandem.cat\/wp-content\/uploads\/2017\/02\/C97ml58XoAAH91n.jpg","contentUrl":"https:\/\/entandem.cat\/wp-content\/uploads\/2017\/02\/C97ml58XoAAH91n.jpg","width":1024,"height":512},{"@type":"BreadcrumbList","@id":"https:\/\/entandem.cat\/fr\/savais-tu-que\/entandem-premiat-dels-iv-premis-al-voluntariat-universitari-de-la-fundacion-mutua-madrilena\/#breadcrumb","itemListElement":[{"@type":"ListItem","position":1,"name":"Inici","item":"https:\/\/entandem.cat\/fr\/"},{"@type":"ListItem","position":2,"name":"enT\u00e0ndem premiat dels IV premis al voluntariat universitari de la Fundaci\u00f3n Mutua Madrile\u00f1a"}]},{"@type":"WebSite","@id":"https:\/\/entandem.cat\/#website","url":"https:\/\/entandem.cat\/","name":"enT\u00e0ndem","description":"Voluntariat Social Universitari","publisher":{"@id":"https:\/\/entandem.cat\/#organization"},"potentialAction":[{"@type":"SearchAction","target":{"@type":"EntryPoint","urlTemplate":"https:\/\/entandem.cat\/?s={search_term_string}"},"query-input":{"@type":"PropertyValueSpecification","valueRequired":true,"valueName":"search_term_string"}}],"inLanguage":"fr-FR"},{"@type":"Organization","@id":"https:\/\/entandem.cat\/#organization","name":"enT\u00e0ndem","url":"https:\/\/entandem.cat\/","logo":{"@type":"ImageObject","inLanguage":"fr-FR","@id":"https:\/\/entandem.cat\/#\/schema\/logo\/image\/","url":"https:\/\/entandem.cat\/wp-content\/uploads\/2016\/12\/logo-entandem.png","contentUrl":"https:\/\/entandem.cat\/wp-content\/uploads\/2016\/12\/logo-entandem.png","width":166,"height":44,"caption":"enT\u00e0ndem"},"image":{"@id":"https:\/\/entandem.cat\/#\/schema\/logo\/image\/"},"sameAs":["https:\/\/www.facebook.com\/afevcat","https:\/\/x.com\/afevcat","https:\/\/www.instagram.com\/afevcat\/"]},{"@type":"Person","@id":"https:\/\/entandem.cat\/#\/schema\/person\/2111428ce1954193a11054a1e2b5b0da","name":"adminTandem"}]}},"_links":{"self":[{"href":"https:\/\/entandem.cat\/fr\/wp-json\/wp\/v2\/posts\/4922","targetHints":{"allow":["GET"]}}],"collection":[{"href":"https:\/\/entandem.cat\/fr\/wp-json\/wp\/v2\/posts"}],"about":[{"href":"https:\/\/entandem.cat\/fr\/wp-json\/wp\/v2\/types\/post"}],"author":[{"embeddable":true,"href":"https:\/\/entandem.cat\/fr\/wp-json\/wp\/v2\/users\/1"}],"replies":[{"embeddable":true,"href":"https:\/\/entandem.cat\/fr\/wp-json\/wp\/v2\/comments?post=4922"}],"version-history":[{"count":0,"href":"https:\/\/entandem.cat\/fr\/wp-json\/wp\/v2\/posts\/4922\/revisions"}],"wp:featuredmedia":[{"embeddable":true,"href":"https:\/\/entandem.cat\/fr\/wp-json\/wp\/v2\/media\/2970"}],"wp:attachment":[{"href":"https:\/\/entandem.cat\/fr\/wp-json\/wp\/v2\/media?parent=4922"}],"wp:term":[{"taxonomy":"category","embeddable":true,"href":"https:\/\/entandem.cat\/fr\/wp-json\/wp\/v2\/categories?post=4922"},{"taxonomy":"post_tag","embeddable":true,"href":"https:\/\/entandem.cat\/fr\/wp-json\/wp\/v2\/tags?post=4922"}],"curies":[{"name":"wp","href":"https:\/\/api.w.org\/{rel}","templated":true}]}}