{"id":4920,"date":"2017-04-07T09:51:22","date_gmt":"2017-04-07T09:51:22","guid":{"rendered":"http:\/\/entandem.cat\/fr\/?p=4920"},"modified":"2018-06-28T15:02:10","modified_gmt":"2018-06-28T15:02:10","slug":"entandem-mencio-especial-en-el-v-premi-candi-villafane-de-lleida","status":"publish","type":"post","link":"https:\/\/entandem.cat\/fr\/savais-tu-que\/entandem-mencio-especial-en-el-v-premi-candi-villafane-de-lleida\/","title":{"rendered":"enT\u00e0ndem, menci\u00f3 especial en el V Premi Candi Villafa\u00f1e de Lleida"},"content":{"rendered":"<h5><strong>El projecte <a href=\"https:\/\/entandem.cat\/fr\/connait-le-projet\/\">enT\u00e0ndem<\/a>, de l\u2019<a href=\"https:\/\/entandem.cat\/fr\/afev\/\">AFEV<\/a>, ha rebut una menci\u00f3 especial com a segon finalista en el V Premi Candi Villafa\u00f1e de projectes per a la promoci\u00f3 d\u2019Igualtats d\u2019Oportunitats i la no discriminaci\u00f3, que es va celebrar el 5 d\u2019abril.<\/strong><\/h5>\n<p>El premi, organitzat per la paeria de Lleida i d\u2019\u00e0mbit estatal, pret\u00e9n impulsar projectes i actuacions d\u2019intervenci\u00f3 en el territori que fomentin la igualtat d\u2019oportunitats en diferents \u00e0mbits com inf\u00e0ncia i adolesc\u00e8ncia, igualtat de g\u00e8nere, gent gran, persones amb discapacitat f\u00edsica, ps\u00edquica o sensorial, persones excloses socialment o amb risc d\u2019exclusi\u00f3.<\/p>\n<p>Des d\u2019aqu\u00ed volem felicitar l\u2019entitat d\u2019ABD, Associaci\u00f3 Benestar i Desenvolupament de Barcelona, que amb el seu projecte \u201cFem Un Tracte? Bon Tracte i Envelliment\u201d, ha estat la guanyadora. D\u2019entre els 17 treballs presentats a la convocat\u00f2ria d\u2019aquesta cinquena edici\u00f3,\u00a0 enT\u00e0ndem ha rebut una menci\u00f3 especial com a segon finalista.<\/p>\n<p><strong>Projectes que promouen la igualtat d\u2019oportunitats<\/strong><\/p>\n<p>Els elements generals de valoraci\u00f3 que el Jurat del Premi ha tingut en compte s\u00f3n la inclusi\u00f3 d\u2019elements per a la igualtat de les oportunitats, el treball comunitari, la innovaci\u00f3 o el pluralisme, entre altres.<\/p>\n<p>El projecte enT\u00e0ndem lluita contra el frac\u00e0s escolar i promou la igualtat d\u2019oportunitats d\u2019infants i joves en risc d\u2019exclusi\u00f3 social, i\/o que estan passant per situacions dif\u00edcils. I ho aconseguim gr\u00e0cies a la feina dels nostres voluntaris, que aquest any s\u00f3n en total 129, per crear t\u00e0ndems que arriben molt lluny.<\/p>\n<p>Tot i no haver guanyat el premi, estem molt orgullosos de la nostra traject\u00f2ria i de la feina feta, ja que queda reflectida en la menci\u00f3 especial a enT\u00e0ndem en aquest concurs per haver quedat finalistes. Tamb\u00e9 \u00e9s un reconeixement a la feina ben feta ser un dels 7 projectes guanyadors del <a href=\"https:\/\/entandem.cat\/fr\/savais-tu-que\/entandem-premiat-dels-iv-premis-al-voluntariat-universitari-de-la-fundacion-mutua-madrilena\/\">Premi al Voluntariat Universitari<\/a>, que rebrem el proper 21 d\u2019abril a Madrid, organitzat per la Fundaci\u00f3n Mutua Madrile\u00f1a.<\/p>\n<p><strong>Premi Candi Villafa\u00f1e<\/strong><\/p>\n<p>La Paeria, a trav\u00e9s de la Regidoria de les Pol\u00edtiques per als Drets de les Persones, convoca biennalment aquest guard\u00f3, d\u2019\u00e0mbit estatal, que reconeix els projectes que fomenten la igualtat d\u2019oportunitats i la no discriminaci\u00f3, per crear una plataforma de reconeixement i visibilitat d\u2019aquelles intervencions que generen una major consci\u00e8ncia social sobre les necessitats i la feina feta i per fer en aquesta \u00e0rea.<\/p>\n<p>A m\u00e9s de premiar i recon\u00e8ixer aquest tipus d\u2019intervencions socials, el premi significa, alhora, un record al desaparegut Candi Villafa\u00f1e com a persona solid\u00e0ria, sensible i lluitadora per les desigualtats socials, i un reconeixement a la seva tasca com a Regidor de l\u2019Ajuntament de Lleida.<\/p>\n<p>&nbsp;<\/p>\n","protected":false},"excerpt":{"rendered":"<p>El projecte enT\u00e0ndem, de l\u2019AFEV, ha rebut una menci\u00f3 especial com a segon finalista en el V Premi Candi Villafa\u00f1e de projectes per a la promoci\u00f3 d\u2019Igualtats d\u2019Oportunitats i la no discriminaci\u00f3, que es va celebrar el 5 d\u2019abril. El premi, organitzat per la paeria de Lleida i d\u2019\u00e0mbit estatal, pret\u00e9n impulsar projectes i actuacions &hellip; <a href=\"https:\/\/entandem.cat\/fr\/savais-tu-que\/entandem-mencio-especial-en-el-v-premi-candi-villafane-de-lleida\/\">Continued<\/a><\/p>\n","protected":false},"author":1,"featured_media":2921,"comment_status":"closed","ping_status":"open","sticky":false,"template":"","format":"standard","meta":{"footnotes":""},"categories":[324],"tags":[523,534,536,610],"class_list":["post-4920","post","type-post","status-publish","format-standard","has-post-thumbnail","hentry","category-savais-tu-que","tag-afev-fr","tag-infancia-fr","tag-mentoria-social-fr","tag-voluntariat-fr"],"yoast_head":"<!-- This site is optimized with the Yoast SEO plugin v27.0 - https:\/\/yoast.com\/product\/yoast-seo-wordpress\/ -->\n<title>enT\u00e0ndem, menci\u00f3 especial en el V Premi Candi Villafa\u00f1e de Lleida - enT\u00e0ndem<\/title>\n<meta name=\"robots\" content=\"index, follow, max-snippet:-1, max-image-preview:large, max-video-preview:-1\" \/>\n<link rel=\"canonical\" href=\"https:\/\/entandem.cat\/fr\/savais-tu-que\/entandem-mencio-especial-en-el-v-premi-candi-villafane-de-lleida\/\" \/>\n<meta property=\"og:locale\" content=\"fr_FR\" \/>\n<meta property=\"og:type\" content=\"article\" \/>\n<meta property=\"og:title\" content=\"enT\u00e0ndem, menci\u00f3 especial en el V Premi Candi Villafa\u00f1e de Lleida - enT\u00e0ndem\" \/>\n<meta property=\"og:description\" content=\"El projecte enT\u00e0ndem, de l\u2019AFEV, ha rebut una menci\u00f3 especial com a segon finalista en el V Premi Candi Villafa\u00f1e de projectes per a la promoci\u00f3 d\u2019Igualtats d\u2019Oportunitats i la no discriminaci\u00f3, que es va celebrar el 5 d\u2019abril. El premi, organitzat per la paeria de Lleida i d\u2019\u00e0mbit estatal, pret\u00e9n impulsar projectes i actuacions &hellip; Continued\" \/>\n<meta property=\"og:url\" content=\"https:\/\/entandem.cat\/fr\/savais-tu-que\/entandem-mencio-especial-en-el-v-premi-candi-villafane-de-lleida\/\" \/>\n<meta property=\"og:site_name\" content=\"enT\u00e0ndem\" \/>\n<meta property=\"article:publisher\" content=\"https:\/\/www.facebook.com\/afevcat\" \/>\n<meta property=\"article:published_time\" content=\"2017-04-07T09:51:22+00:00\" \/>\n<meta property=\"article:modified_time\" content=\"2018-06-28T15:02:10+00:00\" \/>\n<meta property=\"og:image\" content=\"https:\/\/entandem.cat\/wp-content\/uploads\/2017\/04\/20170406_premisLleida.jpg\" \/>\n\t<meta property=\"og:image:width\" content=\"1200\" \/>\n\t<meta property=\"og:image:height\" content=\"800\" \/>\n\t<meta property=\"og:image:type\" content=\"image\/jpeg\" \/>\n<meta name=\"author\" content=\"adminTandem\" \/>\n<meta name=\"twitter:card\" content=\"summary_large_image\" \/>\n<meta name=\"twitter:creator\" content=\"@afevcat\" \/>\n<meta name=\"twitter:site\" content=\"@afevcat\" \/>\n<meta name=\"twitter:label1\" content=\"\u00c9crit par\" \/>\n\t<meta name=\"twitter:data1\" content=\"adminTandem\" \/>\n\t<meta name=\"twitter:label2\" content=\"Dur\u00e9e de lecture estim\u00e9e\" \/>\n\t<meta name=\"twitter:data2\" content=\"2 minutes\" \/>\n<script type=\"application\/ld+json\" class=\"yoast-schema-graph\">{\"@context\":\"https:\/\/schema.org\",\"@graph\":[{\"@type\":\"Article\",\"@id\":\"https:\/\/entandem.cat\/fr\/savais-tu-que\/entandem-mencio-especial-en-el-v-premi-candi-villafane-de-lleida\/#article\",\"isPartOf\":{\"@id\":\"https:\/\/entandem.cat\/fr\/savais-tu-que\/entandem-mencio-especial-en-el-v-premi-candi-villafane-de-lleida\/\"},\"author\":{\"name\":\"adminTandem\",\"@id\":\"https:\/\/entandem.cat\/#\/schema\/person\/2111428ce1954193a11054a1e2b5b0da\"},\"headline\":\"enT\u00e0ndem, menci\u00f3 especial en el V Premi Candi Villafa\u00f1e de Lleida\",\"datePublished\":\"2017-04-07T09:51:22+00:00\",\"dateModified\":\"2018-06-28T15:02:10+00:00\",\"mainEntityOfPage\":{\"@id\":\"https:\/\/entandem.cat\/fr\/savais-tu-que\/entandem-mencio-especial-en-el-v-premi-candi-villafane-de-lleida\/\"},\"wordCount\":476,\"publisher\":{\"@id\":\"https:\/\/entandem.cat\/#organization\"},\"image\":{\"@id\":\"https:\/\/entandem.cat\/fr\/savais-tu-que\/entandem-mencio-especial-en-el-v-premi-candi-villafane-de-lleida\/#primaryimage\"},\"thumbnailUrl\":\"https:\/\/entandem.cat\/wp-content\/uploads\/2017\/04\/20170406_premisLleida.jpg\",\"keywords\":[\"afev\",\"inf\u00e0ncia\",\"mentoria social\",\"voluntariat\"],\"articleSection\":[\"Savias-tu que...\"],\"inLanguage\":\"fr-FR\"},{\"@type\":\"WebPage\",\"@id\":\"https:\/\/entandem.cat\/fr\/savais-tu-que\/entandem-mencio-especial-en-el-v-premi-candi-villafane-de-lleida\/\",\"url\":\"https:\/\/entandem.cat\/fr\/savais-tu-que\/entandem-mencio-especial-en-el-v-premi-candi-villafane-de-lleida\/\",\"name\":\"enT\u00e0ndem, menci\u00f3 especial en el V Premi Candi Villafa\u00f1e de Lleida - enT\u00e0ndem\",\"isPartOf\":{\"@id\":\"https:\/\/entandem.cat\/#website\"},\"primaryImageOfPage\":{\"@id\":\"https:\/\/entandem.cat\/fr\/savais-tu-que\/entandem-mencio-especial-en-el-v-premi-candi-villafane-de-lleida\/#primaryimage\"},\"image\":{\"@id\":\"https:\/\/entandem.cat\/fr\/savais-tu-que\/entandem-mencio-especial-en-el-v-premi-candi-villafane-de-lleida\/#primaryimage\"},\"thumbnailUrl\":\"https:\/\/entandem.cat\/wp-content\/uploads\/2017\/04\/20170406_premisLleida.jpg\",\"datePublished\":\"2017-04-07T09:51:22+00:00\",\"dateModified\":\"2018-06-28T15:02:10+00:00\",\"breadcrumb\":{\"@id\":\"https:\/\/entandem.cat\/fr\/savais-tu-que\/entandem-mencio-especial-en-el-v-premi-candi-villafane-de-lleida\/#breadcrumb\"},\"inLanguage\":\"fr-FR\",\"potentialAction\":[{\"@type\":\"ReadAction\",\"target\":[\"https:\/\/entandem.cat\/fr\/savais-tu-que\/entandem-mencio-especial-en-el-v-premi-candi-villafane-de-lleida\/\"]}]},{\"@type\":\"ImageObject\",\"inLanguage\":\"fr-FR\",\"@id\":\"https:\/\/entandem.cat\/fr\/savais-tu-que\/entandem-mencio-especial-en-el-v-premi-candi-villafane-de-lleida\/#primaryimage\",\"url\":\"https:\/\/entandem.cat\/wp-content\/uploads\/2017\/04\/20170406_premisLleida.jpg\",\"contentUrl\":\"https:\/\/entandem.cat\/wp-content\/uploads\/2017\/04\/20170406_premisLleida.jpg\",\"width\":1200,\"height\":800},{\"@type\":\"BreadcrumbList\",\"@id\":\"https:\/\/entandem.cat\/fr\/savais-tu-que\/entandem-mencio-especial-en-el-v-premi-candi-villafane-de-lleida\/#breadcrumb\",\"itemListElement\":[{\"@type\":\"ListItem\",\"position\":1,\"name\":\"Inici\",\"item\":\"https:\/\/entandem.cat\/fr\/\"},{\"@type\":\"ListItem\",\"position\":2,\"name\":\"enT\u00e0ndem, menci\u00f3 especial en el V Premi Candi Villafa\u00f1e de Lleida\"}]},{\"@type\":\"WebSite\",\"@id\":\"https:\/\/entandem.cat\/#website\",\"url\":\"https:\/\/entandem.cat\/\",\"name\":\"enT\u00e0ndem\",\"description\":\"Voluntariat Social Universitari\",\"publisher\":{\"@id\":\"https:\/\/entandem.cat\/#organization\"},\"potentialAction\":[{\"@type\":\"SearchAction\",\"target\":{\"@type\":\"EntryPoint\",\"urlTemplate\":\"https:\/\/entandem.cat\/?s={search_term_string}\"},\"query-input\":{\"@type\":\"PropertyValueSpecification\",\"valueRequired\":true,\"valueName\":\"search_term_string\"}}],\"inLanguage\":\"fr-FR\"},{\"@type\":\"Organization\",\"@id\":\"https:\/\/entandem.cat\/#organization\",\"name\":\"enT\u00e0ndem\",\"url\":\"https:\/\/entandem.cat\/\",\"logo\":{\"@type\":\"ImageObject\",\"inLanguage\":\"fr-FR\",\"@id\":\"https:\/\/entandem.cat\/#\/schema\/logo\/image\/\",\"url\":\"https:\/\/entandem.cat\/wp-content\/uploads\/2016\/12\/logo-entandem.png\",\"contentUrl\":\"https:\/\/entandem.cat\/wp-content\/uploads\/2016\/12\/logo-entandem.png\",\"width\":166,\"height\":44,\"caption\":\"enT\u00e0ndem\"},\"image\":{\"@id\":\"https:\/\/entandem.cat\/#\/schema\/logo\/image\/\"},\"sameAs\":[\"https:\/\/www.facebook.com\/afevcat\",\"https:\/\/x.com\/afevcat\",\"https:\/\/www.instagram.com\/afevcat\/\"]},{\"@type\":\"Person\",\"@id\":\"https:\/\/entandem.cat\/#\/schema\/person\/2111428ce1954193a11054a1e2b5b0da\",\"name\":\"adminTandem\"}]}<\/script>\n<!-- \/ Yoast SEO plugin. -->","yoast_head_json":{"title":"enT\u00e0ndem, menci\u00f3 especial en el V Premi Candi Villafa\u00f1e de Lleida - enT\u00e0ndem","robots":{"index":"index","follow":"follow","max-snippet":"max-snippet:-1","max-image-preview":"max-image-preview:large","max-video-preview":"max-video-preview:-1"},"canonical":"https:\/\/entandem.cat\/fr\/savais-tu-que\/entandem-mencio-especial-en-el-v-premi-candi-villafane-de-lleida\/","og_locale":"fr_FR","og_type":"article","og_title":"enT\u00e0ndem, menci\u00f3 especial en el V Premi Candi Villafa\u00f1e de Lleida - enT\u00e0ndem","og_description":"El projecte enT\u00e0ndem, de l\u2019AFEV, ha rebut una menci\u00f3 especial com a segon finalista en el V Premi Candi Villafa\u00f1e de projectes per a la promoci\u00f3 d\u2019Igualtats d\u2019Oportunitats i la no discriminaci\u00f3, que es va celebrar el 5 d\u2019abril. El premi, organitzat per la paeria de Lleida i d\u2019\u00e0mbit estatal, pret\u00e9n impulsar projectes i actuacions &hellip; Continued","og_url":"https:\/\/entandem.cat\/fr\/savais-tu-que\/entandem-mencio-especial-en-el-v-premi-candi-villafane-de-lleida\/","og_site_name":"enT\u00e0ndem","article_publisher":"https:\/\/www.facebook.com\/afevcat","article_published_time":"2017-04-07T09:51:22+00:00","article_modified_time":"2018-06-28T15:02:10+00:00","og_image":[{"width":1200,"height":800,"url":"https:\/\/entandem.cat\/wp-content\/uploads\/2017\/04\/20170406_premisLleida.jpg","type":"image\/jpeg"}],"author":"adminTandem","twitter_card":"summary_large_image","twitter_creator":"@afevcat","twitter_site":"@afevcat","twitter_misc":{"\u00c9crit par":"adminTandem","Dur\u00e9e de lecture estim\u00e9e":"2 minutes"},"schema":{"@context":"https:\/\/schema.org","@graph":[{"@type":"Article","@id":"https:\/\/entandem.cat\/fr\/savais-tu-que\/entandem-mencio-especial-en-el-v-premi-candi-villafane-de-lleida\/#article","isPartOf":{"@id":"https:\/\/entandem.cat\/fr\/savais-tu-que\/entandem-mencio-especial-en-el-v-premi-candi-villafane-de-lleida\/"},"author":{"name":"adminTandem","@id":"https:\/\/entandem.cat\/#\/schema\/person\/2111428ce1954193a11054a1e2b5b0da"},"headline":"enT\u00e0ndem, menci\u00f3 especial en el V Premi Candi Villafa\u00f1e de Lleida","datePublished":"2017-04-07T09:51:22+00:00","dateModified":"2018-06-28T15:02:10+00:00","mainEntityOfPage":{"@id":"https:\/\/entandem.cat\/fr\/savais-tu-que\/entandem-mencio-especial-en-el-v-premi-candi-villafane-de-lleida\/"},"wordCount":476,"publisher":{"@id":"https:\/\/entandem.cat\/#organization"},"image":{"@id":"https:\/\/entandem.cat\/fr\/savais-tu-que\/entandem-mencio-especial-en-el-v-premi-candi-villafane-de-lleida\/#primaryimage"},"thumbnailUrl":"https:\/\/entandem.cat\/wp-content\/uploads\/2017\/04\/20170406_premisLleida.jpg","keywords":["afev","inf\u00e0ncia","mentoria social","voluntariat"],"articleSection":["Savias-tu que..."],"inLanguage":"fr-FR"},{"@type":"WebPage","@id":"https:\/\/entandem.cat\/fr\/savais-tu-que\/entandem-mencio-especial-en-el-v-premi-candi-villafane-de-lleida\/","url":"https:\/\/entandem.cat\/fr\/savais-tu-que\/entandem-mencio-especial-en-el-v-premi-candi-villafane-de-lleida\/","name":"enT\u00e0ndem, menci\u00f3 especial en el V Premi Candi Villafa\u00f1e de Lleida - enT\u00e0ndem","isPartOf":{"@id":"https:\/\/entandem.cat\/#website"},"primaryImageOfPage":{"@id":"https:\/\/entandem.cat\/fr\/savais-tu-que\/entandem-mencio-especial-en-el-v-premi-candi-villafane-de-lleida\/#primaryimage"},"image":{"@id":"https:\/\/entandem.cat\/fr\/savais-tu-que\/entandem-mencio-especial-en-el-v-premi-candi-villafane-de-lleida\/#primaryimage"},"thumbnailUrl":"https:\/\/entandem.cat\/wp-content\/uploads\/2017\/04\/20170406_premisLleida.jpg","datePublished":"2017-04-07T09:51:22+00:00","dateModified":"2018-06-28T15:02:10+00:00","breadcrumb":{"@id":"https:\/\/entandem.cat\/fr\/savais-tu-que\/entandem-mencio-especial-en-el-v-premi-candi-villafane-de-lleida\/#breadcrumb"},"inLanguage":"fr-FR","potentialAction":[{"@type":"ReadAction","target":["https:\/\/entandem.cat\/fr\/savais-tu-que\/entandem-mencio-especial-en-el-v-premi-candi-villafane-de-lleida\/"]}]},{"@type":"ImageObject","inLanguage":"fr-FR","@id":"https:\/\/entandem.cat\/fr\/savais-tu-que\/entandem-mencio-especial-en-el-v-premi-candi-villafane-de-lleida\/#primaryimage","url":"https:\/\/entandem.cat\/wp-content\/uploads\/2017\/04\/20170406_premisLleida.jpg","contentUrl":"https:\/\/entandem.cat\/wp-content\/uploads\/2017\/04\/20170406_premisLleida.jpg","width":1200,"height":800},{"@type":"BreadcrumbList","@id":"https:\/\/entandem.cat\/fr\/savais-tu-que\/entandem-mencio-especial-en-el-v-premi-candi-villafane-de-lleida\/#breadcrumb","itemListElement":[{"@type":"ListItem","position":1,"name":"Inici","item":"https:\/\/entandem.cat\/fr\/"},{"@type":"ListItem","position":2,"name":"enT\u00e0ndem, menci\u00f3 especial en el V Premi Candi Villafa\u00f1e de Lleida"}]},{"@type":"WebSite","@id":"https:\/\/entandem.cat\/#website","url":"https:\/\/entandem.cat\/","name":"enT\u00e0ndem","description":"Voluntariat Social Universitari","publisher":{"@id":"https:\/\/entandem.cat\/#organization"},"potentialAction":[{"@type":"SearchAction","target":{"@type":"EntryPoint","urlTemplate":"https:\/\/entandem.cat\/?s={search_term_string}"},"query-input":{"@type":"PropertyValueSpecification","valueRequired":true,"valueName":"search_term_string"}}],"inLanguage":"fr-FR"},{"@type":"Organization","@id":"https:\/\/entandem.cat\/#organization","name":"enT\u00e0ndem","url":"https:\/\/entandem.cat\/","logo":{"@type":"ImageObject","inLanguage":"fr-FR","@id":"https:\/\/entandem.cat\/#\/schema\/logo\/image\/","url":"https:\/\/entandem.cat\/wp-content\/uploads\/2016\/12\/logo-entandem.png","contentUrl":"https:\/\/entandem.cat\/wp-content\/uploads\/2016\/12\/logo-entandem.png","width":166,"height":44,"caption":"enT\u00e0ndem"},"image":{"@id":"https:\/\/entandem.cat\/#\/schema\/logo\/image\/"},"sameAs":["https:\/\/www.facebook.com\/afevcat","https:\/\/x.com\/afevcat","https:\/\/www.instagram.com\/afevcat\/"]},{"@type":"Person","@id":"https:\/\/entandem.cat\/#\/schema\/person\/2111428ce1954193a11054a1e2b5b0da","name":"adminTandem"}]}},"_links":{"self":[{"href":"https:\/\/entandem.cat\/fr\/wp-json\/wp\/v2\/posts\/4920","targetHints":{"allow":["GET"]}}],"collection":[{"href":"https:\/\/entandem.cat\/fr\/wp-json\/wp\/v2\/posts"}],"about":[{"href":"https:\/\/entandem.cat\/fr\/wp-json\/wp\/v2\/types\/post"}],"author":[{"embeddable":true,"href":"https:\/\/entandem.cat\/fr\/wp-json\/wp\/v2\/users\/1"}],"replies":[{"embeddable":true,"href":"https:\/\/entandem.cat\/fr\/wp-json\/wp\/v2\/comments?post=4920"}],"version-history":[{"count":0,"href":"https:\/\/entandem.cat\/fr\/wp-json\/wp\/v2\/posts\/4920\/revisions"}],"wp:featuredmedia":[{"embeddable":true,"href":"https:\/\/entandem.cat\/fr\/wp-json\/wp\/v2\/media\/2921"}],"wp:attachment":[{"href":"https:\/\/entandem.cat\/fr\/wp-json\/wp\/v2\/media?parent=4920"}],"wp:term":[{"taxonomy":"category","embeddable":true,"href":"https:\/\/entandem.cat\/fr\/wp-json\/wp\/v2\/categories?post=4920"},{"taxonomy":"post_tag","embeddable":true,"href":"https:\/\/entandem.cat\/fr\/wp-json\/wp\/v2\/tags?post=4920"}],"curies":[{"name":"wp","href":"https:\/\/api.w.org\/{rel}","templated":true}]}}