{"id":4919,"date":"2017-04-22T16:43:54","date_gmt":"2017-04-22T16:43:54","guid":{"rendered":"http:\/\/entandem.cat\/fr\/?p=4919"},"modified":"2018-06-28T15:02:03","modified_gmt":"2018-06-28T15:02:03","slug":"lafev-recull-el-premi-al-voluntariat-universitaride-la-fundacion-mutua-madrilena","status":"publish","type":"post","link":"https:\/\/entandem.cat\/fr\/savais-tu-que\/lafev-recull-el-premi-al-voluntariat-universitaride-la-fundacion-mutua-madrilena\/","title":{"rendered":"L\u2019AFEV recull el premi al voluntariat universitaride la Fundaci\u00f3n Mutua Madrile\u00f1a"},"content":{"rendered":"<h5>El passat 21 d\u2019abril es va celebrar l\u2019entrega dels<a href=\"http:\/\/www.premiosvoluntariado.com\/iniciativas-de-premio\/\"> IV premis al Voluntariat Universitari de la Fundaci\u00f3n Mutua Madrile\u00f1a<\/a>, d\u2019entre els quals, el projecte <a href=\"https:\/\/entandem.cat\/fr\/connait-le-projet\/\">enT\u00e0ndem<\/a> ha estat un dels 7 guardonats. Tres voluntaris de l\u2019AFEV, la Nathalia P\u00e9rez, Paula Pinilla i l\u2019Efrem Bernuz i la t\u00e9cnica de voluntariat Alba Seguranyes van ser els encarregats de viatjar a Madrid per recollir el premi, en una cerim\u00f2nia inaugurada per la presidenta de la Comunitat de Madrid, Cristina Cifuentes, i el president de la Fundaci\u00f3 Mutua Madrile\u00f1a, Ignacio Garralda.<\/h5>\n<p>L\u2019entrega del premi, que consta d\u2019una dotaci\u00f3 econ\u00f2mica de 5.000 euros, es va celebrar a la Torre de Cristal de Madrid, i suposa per l\u2019<a href=\"https:\/\/entandem.cat\/fr\/afev\/\">AFEV<\/a> un cop de m\u00e0 destacat per continuar endavant amb els t\u00e0ndems.<\/p>\n<p><strong>El poder del voluntariat<\/strong><\/p>\n<p>L\u2019<a href=\"https:\/\/entandem.cat\/fr\/afev\/\">AFEV<\/a> porta 9 anys treballant amb el projecte <a href=\"https:\/\/entandem.cat\/fr\/connait-le-projet\/\">e<\/a><a href=\"https:\/\/entandem.cat\/fr\/connait-le-projet\/\">nT\u00e0ndem<\/a> a Barcelona, concretament a zones d\u2019actuaci\u00f3 priorit\u00e0ries detectades per l\u2019Ajuntament de Barcelona (Pla de Barris) i per la Direcci\u00f3 General d\u2019Atenci\u00f3 a la Inf\u00e0ncia i Adolesc\u00e8ncia de la Generalitat de Catalunya (DGAIA), i tamb\u00e9 a Badalona, Barber\u00e0 del Vall\u00e9s i Santa Coloma. <strong>Col\u00b7laborem amb les zones amb significants indicadors de vulnerabilitat i exclusi\u00f3 social<\/strong>, pobresa, salut p\u00fablica, atur, embarassos puerils, consums\u2026<\/p>\n<p>Durant aquests anys, un total de <strong>656 voluntaris universitaris <\/strong>han participat al projecte com a mentors, acompanyant una tarda a la setmana, dues hores, un infant o jove en risc d\u2019exclusi\u00f3 i en situaci\u00f3 de dificultat. Tots han rebut pr\u00e8viament una preparaci\u00f3 i formaci\u00f3 obligat\u00f2ria d\u201911 hores, convalidada per la Generalitat de Catalunya, per poder fer front als acompanyaments amb \u00e8xit. El\u00a0 91% han acabat el voluntariat molts satisfets.<\/p>\n<p>Aquest curs 2016-2017, <strong>un total de 129 voluntaris universitaris formen part de <a href=\"https:\/\/entandem.cat\/fr\/connait-le-projet\/\">enT\u00e0ndem<\/a><\/strong>.<\/p>\n<p>El Premi al Voluntariat Universitari \u00e9s el resultat a la gran feina i esfor\u00e7 de tots aquests voluntaris, que s\u2019impliquen amb el projecte per donar suport a infants i joves, i \u00e9s tamb\u00e9 un reconeixement a la traject\u00f2ria de l\u2019<a href=\"https:\/\/entandem.cat\/fr\/afev\/\">AFEV <\/a>i el projecte. Moltes gr\u00e0cies a totes i a tots per dedicar el vostre temps i la vostra for\u00e7a a la lluita contra el frac\u00e0s escolar i per la igualtat d\u2019oportunitats!<\/p>\n<p><strong>Els premis de la Fundaci\u00f3n Mutua Madrile\u00f1a<\/strong><\/p>\n<p>Juntament amb els Premis al Voluntariat, que aquest any celebren la seva quarta edici\u00f3, la Fundaci\u00f3n Mutua Madrile\u00f1aentrega anualment les seves ajudes a projectes d\u2019acci\u00f3 social, que en total ascendeixen aquest any a 680.000 euros que es destinaran a col\u00b7lectius amb discapacitat, joves i infants en risc d\u2019exclusi\u00f3 social, associacions de lluita contra la viol\u00e8ncia de g\u00e8nere, suport a la inf\u00e0ncia i cooperaci\u00f3 al desenvolupament.<\/p>\n<p>D\u2019entre el total de 117\u00a0 projectes que es van presentar al premi per al voluntariat universitari procedents de 84 universitats (70 espanyoles i 14 internacionals), enT\u00e0ndem ha estat un dels 7 guanyadors.<\/p>\n<p><strong>Els premis als mitjans<\/strong><\/p>\n<p>A continuaci\u00f3 podeu llegir m\u00e9s sobre els IV Premis al Voluntariat en els seg\u00fcents mitjans de comunicaci\u00f3:<\/p>\n<p><a href=\"https:\/\/www.diarioabierto.es\/360686\/la-fundacion-mutua-madrilena-financia-33-iniciativas-sociales\">https:\/\/www.diarioabierto.es\/360686\/la-fundacion-mutua-madrilena-financia-33-iniciativas-sociales<\/a><\/p>\n<p><a href=\"http:\/\/www.eleconomista.es\/empresas-finanzas\/noticias\/8308833\/04\/17\/La-Fundacion-Mutua-Madrilena-entrega-sus-ayudas-a-proyectos-de-accion-social-.html\">http:\/\/www.eleconomista.es\/empresas-finanzas\/noticias\/8308833\/04\/17\/La-Fundacion-Mutua-Madrilena-entrega-sus-ayudas-a-proyectos-de-accion-social-.html<\/a><\/p>\n<p><a href=\"http:\/\/www.vozpopuli.com\/economia-y-finanzas\/empresas\/Fundacion_Mutua_Madrilena-Mutua_Madrilena-Accion_Social-Ignacio_Garralda_0_905309509.html\">http:\/\/www.vozpopuli.com\/economia-y-finanzas\/empresas\/Fundacion_Mutua_Madrilena-Mutua_Madrilena-Accion_Social-Ignacio_Garralda_0_905309509.html<\/a><\/p>\n<p><a href=\"http:\/\/www.expansion.com\/sociedad\/2017\/04\/21\/58fa23f546163f90088b4592.html\">http:\/\/www.expansion.com\/sociedad\/2017\/04\/21\/58fa23f546163f90088b4592.html<\/a><\/p>\n","protected":false},"excerpt":{"rendered":"<p>El passat 21 d\u2019abril es va celebrar l\u2019entrega dels IV premis al Voluntariat Universitari de la Fundaci\u00f3n Mutua Madrile\u00f1a, d\u2019entre els quals, el projecte enT\u00e0ndem ha estat un dels 7 guardonats. Tres voluntaris de l\u2019AFEV, la Nathalia P\u00e9rez, Paula Pinilla i l\u2019Efrem Bernuz i la t\u00e9cnica de voluntariat Alba Seguranyes van ser els encarregats de &hellip; <a href=\"https:\/\/entandem.cat\/fr\/savais-tu-que\/lafev-recull-el-premi-al-voluntariat-universitaride-la-fundacion-mutua-madrilena\/\">Continued<\/a><\/p>\n","protected":false},"author":1,"featured_media":2967,"comment_status":"closed","ping_status":"open","sticky":false,"template":"","format":"standard","meta":{"footnotes":""},"categories":[324],"tags":[],"class_list":["post-4919","post","type-post","status-publish","format-standard","has-post-thumbnail","hentry","category-savais-tu-que"],"yoast_head":"<!-- This site is optimized with the Yoast SEO plugin v27.0 - https:\/\/yoast.com\/product\/yoast-seo-wordpress\/ -->\n<title>L\u2019AFEV recull el premi al voluntariat universitaride la Fundaci\u00f3n Mutua Madrile\u00f1a - enT\u00e0ndem<\/title>\n<meta name=\"robots\" content=\"index, follow, max-snippet:-1, max-image-preview:large, max-video-preview:-1\" \/>\n<link rel=\"canonical\" href=\"https:\/\/entandem.cat\/fr\/savais-tu-que\/lafev-recull-el-premi-al-voluntariat-universitaride-la-fundacion-mutua-madrilena\/\" \/>\n<meta property=\"og:locale\" content=\"fr_FR\" \/>\n<meta property=\"og:type\" content=\"article\" \/>\n<meta property=\"og:title\" content=\"L\u2019AFEV recull el premi al voluntariat universitaride la Fundaci\u00f3n Mutua Madrile\u00f1a - enT\u00e0ndem\" \/>\n<meta property=\"og:description\" content=\"El passat 21 d\u2019abril es va celebrar l\u2019entrega dels IV premis al Voluntariat Universitari de la Fundaci\u00f3n Mutua Madrile\u00f1a, d\u2019entre els quals, el projecte enT\u00e0ndem ha estat un dels 7 guardonats. Tres voluntaris de l\u2019AFEV, la Nathalia P\u00e9rez, Paula Pinilla i l\u2019Efrem Bernuz i la t\u00e9cnica de voluntariat Alba Seguranyes van ser els encarregats de &hellip; Continued\" \/>\n<meta property=\"og:url\" content=\"https:\/\/entandem.cat\/fr\/savais-tu-que\/lafev-recull-el-premi-al-voluntariat-universitaride-la-fundacion-mutua-madrilena\/\" \/>\n<meta property=\"og:site_name\" content=\"enT\u00e0ndem\" \/>\n<meta property=\"article:publisher\" content=\"https:\/\/www.facebook.com\/afevcat\" \/>\n<meta property=\"article:published_time\" content=\"2017-04-22T16:43:54+00:00\" \/>\n<meta property=\"article:modified_time\" content=\"2018-06-28T15:02:03+00:00\" \/>\n<meta property=\"og:image\" content=\"https:\/\/entandem.cat\/wp-content\/uploads\/2017\/04\/27-EN-TANDEM-600x400.jpg\" \/>\n\t<meta property=\"og:image:width\" content=\"600\" \/>\n\t<meta property=\"og:image:height\" content=\"400\" \/>\n\t<meta property=\"og:image:type\" content=\"image\/jpeg\" \/>\n<meta name=\"author\" content=\"adminTandem\" \/>\n<meta name=\"twitter:card\" content=\"summary_large_image\" \/>\n<meta name=\"twitter:creator\" content=\"@afevcat\" \/>\n<meta name=\"twitter:site\" content=\"@afevcat\" \/>\n<meta name=\"twitter:label1\" content=\"\u00c9crit par\" \/>\n\t<meta name=\"twitter:data1\" content=\"adminTandem\" \/>\n\t<meta name=\"twitter:label2\" content=\"Dur\u00e9e de lecture estim\u00e9e\" \/>\n\t<meta name=\"twitter:data2\" content=\"3 minutes\" \/>\n<script type=\"application\/ld+json\" class=\"yoast-schema-graph\">{\"@context\":\"https:\/\/schema.org\",\"@graph\":[{\"@type\":\"Article\",\"@id\":\"https:\/\/entandem.cat\/fr\/savais-tu-que\/lafev-recull-el-premi-al-voluntariat-universitaride-la-fundacion-mutua-madrilena\/#article\",\"isPartOf\":{\"@id\":\"https:\/\/entandem.cat\/fr\/savais-tu-que\/lafev-recull-el-premi-al-voluntariat-universitaride-la-fundacion-mutua-madrilena\/\"},\"author\":{\"name\":\"adminTandem\",\"@id\":\"https:\/\/entandem.cat\/#\/schema\/person\/2111428ce1954193a11054a1e2b5b0da\"},\"headline\":\"L\u2019AFEV recull el premi al voluntariat universitaride la Fundaci\u00f3n Mutua Madrile\u00f1a\",\"datePublished\":\"2017-04-22T16:43:54+00:00\",\"dateModified\":\"2018-06-28T15:02:03+00:00\",\"mainEntityOfPage\":{\"@id\":\"https:\/\/entandem.cat\/fr\/savais-tu-que\/lafev-recull-el-premi-al-voluntariat-universitaride-la-fundacion-mutua-madrilena\/\"},\"wordCount\":566,\"publisher\":{\"@id\":\"https:\/\/entandem.cat\/#organization\"},\"image\":{\"@id\":\"https:\/\/entandem.cat\/fr\/savais-tu-que\/lafev-recull-el-premi-al-voluntariat-universitaride-la-fundacion-mutua-madrilena\/#primaryimage\"},\"thumbnailUrl\":\"https:\/\/entandem.cat\/wp-content\/uploads\/2017\/04\/27-EN-TANDEM-600x400.jpg\",\"articleSection\":[\"Savias-tu que...\"],\"inLanguage\":\"fr-FR\"},{\"@type\":\"WebPage\",\"@id\":\"https:\/\/entandem.cat\/fr\/savais-tu-que\/lafev-recull-el-premi-al-voluntariat-universitaride-la-fundacion-mutua-madrilena\/\",\"url\":\"https:\/\/entandem.cat\/fr\/savais-tu-que\/lafev-recull-el-premi-al-voluntariat-universitaride-la-fundacion-mutua-madrilena\/\",\"name\":\"L\u2019AFEV recull el premi al voluntariat universitaride la Fundaci\u00f3n Mutua Madrile\u00f1a - enT\u00e0ndem\",\"isPartOf\":{\"@id\":\"https:\/\/entandem.cat\/#website\"},\"primaryImageOfPage\":{\"@id\":\"https:\/\/entandem.cat\/fr\/savais-tu-que\/lafev-recull-el-premi-al-voluntariat-universitaride-la-fundacion-mutua-madrilena\/#primaryimage\"},\"image\":{\"@id\":\"https:\/\/entandem.cat\/fr\/savais-tu-que\/lafev-recull-el-premi-al-voluntariat-universitaride-la-fundacion-mutua-madrilena\/#primaryimage\"},\"thumbnailUrl\":\"https:\/\/entandem.cat\/wp-content\/uploads\/2017\/04\/27-EN-TANDEM-600x400.jpg\",\"datePublished\":\"2017-04-22T16:43:54+00:00\",\"dateModified\":\"2018-06-28T15:02:03+00:00\",\"breadcrumb\":{\"@id\":\"https:\/\/entandem.cat\/fr\/savais-tu-que\/lafev-recull-el-premi-al-voluntariat-universitaride-la-fundacion-mutua-madrilena\/#breadcrumb\"},\"inLanguage\":\"fr-FR\",\"potentialAction\":[{\"@type\":\"ReadAction\",\"target\":[\"https:\/\/entandem.cat\/fr\/savais-tu-que\/lafev-recull-el-premi-al-voluntariat-universitaride-la-fundacion-mutua-madrilena\/\"]}]},{\"@type\":\"ImageObject\",\"inLanguage\":\"fr-FR\",\"@id\":\"https:\/\/entandem.cat\/fr\/savais-tu-que\/lafev-recull-el-premi-al-voluntariat-universitaride-la-fundacion-mutua-madrilena\/#primaryimage\",\"url\":\"https:\/\/entandem.cat\/wp-content\/uploads\/2017\/04\/27-EN-TANDEM-600x400.jpg\",\"contentUrl\":\"https:\/\/entandem.cat\/wp-content\/uploads\/2017\/04\/27-EN-TANDEM-600x400.jpg\",\"width\":600,\"height\":400},{\"@type\":\"BreadcrumbList\",\"@id\":\"https:\/\/entandem.cat\/fr\/savais-tu-que\/lafev-recull-el-premi-al-voluntariat-universitaride-la-fundacion-mutua-madrilena\/#breadcrumb\",\"itemListElement\":[{\"@type\":\"ListItem\",\"position\":1,\"name\":\"Inici\",\"item\":\"https:\/\/entandem.cat\/fr\/\"},{\"@type\":\"ListItem\",\"position\":2,\"name\":\"L\u2019AFEV recull el premi al voluntariat universitaride la Fundaci\u00f3n Mutua Madrile\u00f1a\"}]},{\"@type\":\"WebSite\",\"@id\":\"https:\/\/entandem.cat\/#website\",\"url\":\"https:\/\/entandem.cat\/\",\"name\":\"enT\u00e0ndem\",\"description\":\"Voluntariat Social Universitari\",\"publisher\":{\"@id\":\"https:\/\/entandem.cat\/#organization\"},\"potentialAction\":[{\"@type\":\"SearchAction\",\"target\":{\"@type\":\"EntryPoint\",\"urlTemplate\":\"https:\/\/entandem.cat\/?s={search_term_string}\"},\"query-input\":{\"@type\":\"PropertyValueSpecification\",\"valueRequired\":true,\"valueName\":\"search_term_string\"}}],\"inLanguage\":\"fr-FR\"},{\"@type\":\"Organization\",\"@id\":\"https:\/\/entandem.cat\/#organization\",\"name\":\"enT\u00e0ndem\",\"url\":\"https:\/\/entandem.cat\/\",\"logo\":{\"@type\":\"ImageObject\",\"inLanguage\":\"fr-FR\",\"@id\":\"https:\/\/entandem.cat\/#\/schema\/logo\/image\/\",\"url\":\"https:\/\/entandem.cat\/wp-content\/uploads\/2016\/12\/logo-entandem.png\",\"contentUrl\":\"https:\/\/entandem.cat\/wp-content\/uploads\/2016\/12\/logo-entandem.png\",\"width\":166,\"height\":44,\"caption\":\"enT\u00e0ndem\"},\"image\":{\"@id\":\"https:\/\/entandem.cat\/#\/schema\/logo\/image\/\"},\"sameAs\":[\"https:\/\/www.facebook.com\/afevcat\",\"https:\/\/x.com\/afevcat\",\"https:\/\/www.instagram.com\/afevcat\/\"]},{\"@type\":\"Person\",\"@id\":\"https:\/\/entandem.cat\/#\/schema\/person\/2111428ce1954193a11054a1e2b5b0da\",\"name\":\"adminTandem\"}]}<\/script>\n<!-- \/ Yoast SEO plugin. -->","yoast_head_json":{"title":"L\u2019AFEV recull el premi al voluntariat universitaride la Fundaci\u00f3n Mutua Madrile\u00f1a - enT\u00e0ndem","robots":{"index":"index","follow":"follow","max-snippet":"max-snippet:-1","max-image-preview":"max-image-preview:large","max-video-preview":"max-video-preview:-1"},"canonical":"https:\/\/entandem.cat\/fr\/savais-tu-que\/lafev-recull-el-premi-al-voluntariat-universitaride-la-fundacion-mutua-madrilena\/","og_locale":"fr_FR","og_type":"article","og_title":"L\u2019AFEV recull el premi al voluntariat universitaride la Fundaci\u00f3n Mutua Madrile\u00f1a - enT\u00e0ndem","og_description":"El passat 21 d\u2019abril es va celebrar l\u2019entrega dels IV premis al Voluntariat Universitari de la Fundaci\u00f3n Mutua Madrile\u00f1a, d\u2019entre els quals, el projecte enT\u00e0ndem ha estat un dels 7 guardonats. Tres voluntaris de l\u2019AFEV, la Nathalia P\u00e9rez, Paula Pinilla i l\u2019Efrem Bernuz i la t\u00e9cnica de voluntariat Alba Seguranyes van ser els encarregats de &hellip; Continued","og_url":"https:\/\/entandem.cat\/fr\/savais-tu-que\/lafev-recull-el-premi-al-voluntariat-universitaride-la-fundacion-mutua-madrilena\/","og_site_name":"enT\u00e0ndem","article_publisher":"https:\/\/www.facebook.com\/afevcat","article_published_time":"2017-04-22T16:43:54+00:00","article_modified_time":"2018-06-28T15:02:03+00:00","og_image":[{"width":600,"height":400,"url":"https:\/\/entandem.cat\/wp-content\/uploads\/2017\/04\/27-EN-TANDEM-600x400.jpg","type":"image\/jpeg"}],"author":"adminTandem","twitter_card":"summary_large_image","twitter_creator":"@afevcat","twitter_site":"@afevcat","twitter_misc":{"\u00c9crit par":"adminTandem","Dur\u00e9e de lecture estim\u00e9e":"3 minutes"},"schema":{"@context":"https:\/\/schema.org","@graph":[{"@type":"Article","@id":"https:\/\/entandem.cat\/fr\/savais-tu-que\/lafev-recull-el-premi-al-voluntariat-universitaride-la-fundacion-mutua-madrilena\/#article","isPartOf":{"@id":"https:\/\/entandem.cat\/fr\/savais-tu-que\/lafev-recull-el-premi-al-voluntariat-universitaride-la-fundacion-mutua-madrilena\/"},"author":{"name":"adminTandem","@id":"https:\/\/entandem.cat\/#\/schema\/person\/2111428ce1954193a11054a1e2b5b0da"},"headline":"L\u2019AFEV recull el premi al voluntariat universitaride la Fundaci\u00f3n Mutua Madrile\u00f1a","datePublished":"2017-04-22T16:43:54+00:00","dateModified":"2018-06-28T15:02:03+00:00","mainEntityOfPage":{"@id":"https:\/\/entandem.cat\/fr\/savais-tu-que\/lafev-recull-el-premi-al-voluntariat-universitaride-la-fundacion-mutua-madrilena\/"},"wordCount":566,"publisher":{"@id":"https:\/\/entandem.cat\/#organization"},"image":{"@id":"https:\/\/entandem.cat\/fr\/savais-tu-que\/lafev-recull-el-premi-al-voluntariat-universitaride-la-fundacion-mutua-madrilena\/#primaryimage"},"thumbnailUrl":"https:\/\/entandem.cat\/wp-content\/uploads\/2017\/04\/27-EN-TANDEM-600x400.jpg","articleSection":["Savias-tu que..."],"inLanguage":"fr-FR"},{"@type":"WebPage","@id":"https:\/\/entandem.cat\/fr\/savais-tu-que\/lafev-recull-el-premi-al-voluntariat-universitaride-la-fundacion-mutua-madrilena\/","url":"https:\/\/entandem.cat\/fr\/savais-tu-que\/lafev-recull-el-premi-al-voluntariat-universitaride-la-fundacion-mutua-madrilena\/","name":"L\u2019AFEV recull el premi al voluntariat universitaride la Fundaci\u00f3n Mutua Madrile\u00f1a - enT\u00e0ndem","isPartOf":{"@id":"https:\/\/entandem.cat\/#website"},"primaryImageOfPage":{"@id":"https:\/\/entandem.cat\/fr\/savais-tu-que\/lafev-recull-el-premi-al-voluntariat-universitaride-la-fundacion-mutua-madrilena\/#primaryimage"},"image":{"@id":"https:\/\/entandem.cat\/fr\/savais-tu-que\/lafev-recull-el-premi-al-voluntariat-universitaride-la-fundacion-mutua-madrilena\/#primaryimage"},"thumbnailUrl":"https:\/\/entandem.cat\/wp-content\/uploads\/2017\/04\/27-EN-TANDEM-600x400.jpg","datePublished":"2017-04-22T16:43:54+00:00","dateModified":"2018-06-28T15:02:03+00:00","breadcrumb":{"@id":"https:\/\/entandem.cat\/fr\/savais-tu-que\/lafev-recull-el-premi-al-voluntariat-universitaride-la-fundacion-mutua-madrilena\/#breadcrumb"},"inLanguage":"fr-FR","potentialAction":[{"@type":"ReadAction","target":["https:\/\/entandem.cat\/fr\/savais-tu-que\/lafev-recull-el-premi-al-voluntariat-universitaride-la-fundacion-mutua-madrilena\/"]}]},{"@type":"ImageObject","inLanguage":"fr-FR","@id":"https:\/\/entandem.cat\/fr\/savais-tu-que\/lafev-recull-el-premi-al-voluntariat-universitaride-la-fundacion-mutua-madrilena\/#primaryimage","url":"https:\/\/entandem.cat\/wp-content\/uploads\/2017\/04\/27-EN-TANDEM-600x400.jpg","contentUrl":"https:\/\/entandem.cat\/wp-content\/uploads\/2017\/04\/27-EN-TANDEM-600x400.jpg","width":600,"height":400},{"@type":"BreadcrumbList","@id":"https:\/\/entandem.cat\/fr\/savais-tu-que\/lafev-recull-el-premi-al-voluntariat-universitaride-la-fundacion-mutua-madrilena\/#breadcrumb","itemListElement":[{"@type":"ListItem","position":1,"name":"Inici","item":"https:\/\/entandem.cat\/fr\/"},{"@type":"ListItem","position":2,"name":"L\u2019AFEV recull el premi al voluntariat universitaride la Fundaci\u00f3n Mutua Madrile\u00f1a"}]},{"@type":"WebSite","@id":"https:\/\/entandem.cat\/#website","url":"https:\/\/entandem.cat\/","name":"enT\u00e0ndem","description":"Voluntariat Social Universitari","publisher":{"@id":"https:\/\/entandem.cat\/#organization"},"potentialAction":[{"@type":"SearchAction","target":{"@type":"EntryPoint","urlTemplate":"https:\/\/entandem.cat\/?s={search_term_string}"},"query-input":{"@type":"PropertyValueSpecification","valueRequired":true,"valueName":"search_term_string"}}],"inLanguage":"fr-FR"},{"@type":"Organization","@id":"https:\/\/entandem.cat\/#organization","name":"enT\u00e0ndem","url":"https:\/\/entandem.cat\/","logo":{"@type":"ImageObject","inLanguage":"fr-FR","@id":"https:\/\/entandem.cat\/#\/schema\/logo\/image\/","url":"https:\/\/entandem.cat\/wp-content\/uploads\/2016\/12\/logo-entandem.png","contentUrl":"https:\/\/entandem.cat\/wp-content\/uploads\/2016\/12\/logo-entandem.png","width":166,"height":44,"caption":"enT\u00e0ndem"},"image":{"@id":"https:\/\/entandem.cat\/#\/schema\/logo\/image\/"},"sameAs":["https:\/\/www.facebook.com\/afevcat","https:\/\/x.com\/afevcat","https:\/\/www.instagram.com\/afevcat\/"]},{"@type":"Person","@id":"https:\/\/entandem.cat\/#\/schema\/person\/2111428ce1954193a11054a1e2b5b0da","name":"adminTandem"}]}},"_links":{"self":[{"href":"https:\/\/entandem.cat\/fr\/wp-json\/wp\/v2\/posts\/4919","targetHints":{"allow":["GET"]}}],"collection":[{"href":"https:\/\/entandem.cat\/fr\/wp-json\/wp\/v2\/posts"}],"about":[{"href":"https:\/\/entandem.cat\/fr\/wp-json\/wp\/v2\/types\/post"}],"author":[{"embeddable":true,"href":"https:\/\/entandem.cat\/fr\/wp-json\/wp\/v2\/users\/1"}],"replies":[{"embeddable":true,"href":"https:\/\/entandem.cat\/fr\/wp-json\/wp\/v2\/comments?post=4919"}],"version-history":[{"count":0,"href":"https:\/\/entandem.cat\/fr\/wp-json\/wp\/v2\/posts\/4919\/revisions"}],"wp:featuredmedia":[{"embeddable":true,"href":"https:\/\/entandem.cat\/fr\/wp-json\/wp\/v2\/media\/2967"}],"wp:attachment":[{"href":"https:\/\/entandem.cat\/fr\/wp-json\/wp\/v2\/media?parent=4919"}],"wp:term":[{"taxonomy":"category","embeddable":true,"href":"https:\/\/entandem.cat\/fr\/wp-json\/wp\/v2\/categories?post=4919"},{"taxonomy":"post_tag","embeddable":true,"href":"https:\/\/entandem.cat\/fr\/wp-json\/wp\/v2\/tags?post=4919"}],"curies":[{"name":"wp","href":"https:\/\/api.w.org\/{rel}","templated":true}]}}