{"id":4918,"date":"2017-04-25T16:52:27","date_gmt":"2017-04-25T16:52:27","guid":{"rendered":"http:\/\/entandem.cat\/fr\/?p=4918"},"modified":"2018-06-28T15:01:55","modified_gmt":"2018-06-28T15:01:55","slug":"lafev-serunion-reparteixen-roses-de-sant-jordi-contra-el-fracas-escolar-gent-gran","status":"publish","type":"post","link":"https:\/\/entandem.cat\/fr\/savais-tu-que\/lafev-serunion-reparteixen-roses-de-sant-jordi-contra-el-fracas-escolar-gent-gran\/","title":{"rendered":"L\u2019AFEV i Serunion reparteixen roses de Sant Jordi contra el frac\u00e0s escolar a gent gran"},"content":{"rendered":"<h5>Aquest Sant Jordi, els usuaris i les usu\u00e0ries de les resid\u00e8ncies de gent gran Casa Rep\u00f3s, a Arb\u00facies, i de la resid\u00e8ncia llar Nostra Senyora del Pilar, a la Garriga, han rebut una rosa solid\u00e0ria en suport al projecte <a href=\"https:\/\/entandem.cat\/fr\/connait-le-projet\/\">enT\u00e0ndem<\/a>, que lluita contra el frac\u00e0s escolar.<\/h5>\n<p>Aquesta iniciativa ha estat possible gr\u00e0cies a la col\u00b7laboraci\u00f3 de l\u2019<a href=\"https:\/\/entandem.cat\/fr\/afev\/\">AFEV<\/a> amb l\u2019empresa de restauraci\u00f3 col\u00b7lectiva <a href=\"http:\/\/www.serunion.es\/ca\">Serunion<\/a>, que per aquest Sant Jordi han encarregat les roses solid\u00e0ries contra el frac\u00e0s escolar a la nostra entitat.<\/p>\n<p><strong>Una acci\u00f3 de RSC per a les empreses compromeses<\/strong><\/p>\n<p>A difer\u00e8ncia d\u2019altres diades de Sant Jordi, l\u2019<a href=\"https:\/\/entandem.cat\/fr\/afev\/\">AFEV<\/a> no hem tingut paradeta al carrer per vendre roses, sin\u00f3 que aquest any, hem engegat una campanya per a empreses compromeses interessades en comprar roses solid\u00e0ries per als seus treballadors, usuaris, etc\u00e8tera.<\/p>\n<p>Serunion, des de el seu departament de RSC, ha encarregat per aquest Sant Jordi 50 roses per a la resid\u00e8ncia Casa Rep\u00f2s, a Arb\u00facies, i 75 per a la resid\u00e8ncia Llar Nostra Senyora del Pilar, a la Garriga, amb les quals treballa habitualment amb el seu servei de restauraci\u00f3 per a gent gran.<\/p>\n<p>Amb aquesta acci\u00f3 es dona suport, d\u2019una banda, al col\u00b7lectiu de la gent gran, fomentant la seva participaci\u00f3 en la diada de Sant Jordi amb una rosa, mentre que per l\u2019altra, s\u2019aconsegueix suport econ\u00f2mic per seguir desenvolupant el projecte enT\u00e0ndem, amb el qual infants en risc poden tenir noves oportunitats i lluitar contra el frac\u00e0s escolar.<\/p>\n<p>Des de l\u2019<a href=\"https:\/\/entandem.cat\/fr\/afev\/\">AFEV <\/a>volem agrair la implicaci\u00f3 de Serunion i la seva col\u00b7laboraci\u00f3 amb nosaltres, i esperem que un futur puguem seguir treballant plegats.<\/p>\n<p><strong>Sobre Serunion<\/strong><\/p>\n<p>\u00c9s una empresa dedicada a l\u2019alimentaci\u00f3 col\u00b7lectiva al llarg de les diferents etapes de la vida, oferint serveis de cuina i c\u00e0tering per a empreses, resid\u00e8ncies, escoles, esdeveniments, etc\u00e8tera a nivell nacional.<\/p>\n<p>Amb una pol\u00edtica de RSC molt centrada en el benestar de les persones, en el respecte amb el medi ambient\u00a0 i en l\u2019oferiment d\u2019oportunitats per al desenvolupament i el foment de la persona, Serunion col\u00b7labora amb diverses entitats i projectes socials, i en aquest Sant Jordi, tamb\u00e9 ha volgut col\u00b7laborar amb l\u2019<a href=\"https:\/\/entandem.cat\/fr\/afev\/\">AFEV<\/a> i el projecte <a href=\"https:\/\/entandem.cat\/fr\/connait-le-projet\/\">enT\u00e0ndem<\/a> per a infants en risc, comprant roses solid\u00e0ries contra el frac\u00e0s escolar.<\/p>\n","protected":false},"excerpt":{"rendered":"<p>Aquest Sant Jordi, els usuaris i les usu\u00e0ries de les resid\u00e8ncies de gent gran Casa Rep\u00f3s, a Arb\u00facies, i de la resid\u00e8ncia llar Nostra Senyora del Pilar, a la Garriga, han rebut una rosa solid\u00e0ria en suport al projecte enT\u00e0ndem, que lluita contra el frac\u00e0s escolar. Aquesta iniciativa ha estat possible gr\u00e0cies a la col\u00b7laboraci\u00f3 &hellip; <a href=\"https:\/\/entandem.cat\/fr\/savais-tu-que\/lafev-serunion-reparteixen-roses-de-sant-jordi-contra-el-fracas-escolar-gent-gran\/\">Continued<\/a><\/p>\n","protected":false},"author":1,"featured_media":2963,"comment_status":"closed","ping_status":"open","sticky":false,"template":"","format":"standard","meta":{"footnotes":""},"categories":[324],"tags":[520,521,522,523,525,526,527,528,529,551,530,531,532,533,534,535,607,536,539,610,540],"class_list":["post-4918","post","type-post","status-publish","format-standard","has-post-thumbnail","hentry","category-savais-tu-que","tag-adolescencia-fr","tag-adolescentes-fr","tag-adolescents-fr","tag-afev-fr","tag-educacio-fr","tag-educacion-fr","tag-entandem-fr","tag-exclusio-social-fr","tag-exclusion-social-fr","tag-fracas-escolar-fr","tag-fracaso-escolar-fr","tag-igualtat-doportunitats-fr","tag-inclusio-fr","tag-inclusion-fr","tag-infancia-fr","tag-joves-fr","tag-mentoria-fr","tag-mentoria-social-fr","tag-voluntariado-fr","tag-voluntariat-fr","tag-voluntariat-social-fr"],"yoast_head":"<!-- This site is optimized with the Yoast SEO plugin v27.0 - https:\/\/yoast.com\/product\/yoast-seo-wordpress\/ -->\n<title>L\u2019AFEV i Serunion reparteixen roses de Sant Jordi contra el frac\u00e0s escolar a gent gran - enT\u00e0ndem<\/title>\n<meta name=\"robots\" content=\"index, follow, max-snippet:-1, max-image-preview:large, max-video-preview:-1\" \/>\n<link rel=\"canonical\" href=\"https:\/\/entandem.cat\/fr\/savais-tu-que\/lafev-serunion-reparteixen-roses-de-sant-jordi-contra-el-fracas-escolar-gent-gran\/\" \/>\n<meta property=\"og:locale\" content=\"fr_FR\" \/>\n<meta property=\"og:type\" content=\"article\" \/>\n<meta property=\"og:title\" content=\"L\u2019AFEV i Serunion reparteixen roses de Sant Jordi contra el frac\u00e0s escolar a gent gran - enT\u00e0ndem\" \/>\n<meta property=\"og:description\" content=\"Aquest Sant Jordi, els usuaris i les usu\u00e0ries de les resid\u00e8ncies de gent gran Casa Rep\u00f3s, a Arb\u00facies, i de la resid\u00e8ncia llar Nostra Senyora del Pilar, a la Garriga, han rebut una rosa solid\u00e0ria en suport al projecte enT\u00e0ndem, que lluita contra el frac\u00e0s escolar. Aquesta iniciativa ha estat possible gr\u00e0cies a la col\u00b7laboraci\u00f3 &hellip; Continued\" \/>\n<meta property=\"og:url\" content=\"https:\/\/entandem.cat\/fr\/savais-tu-que\/lafev-serunion-reparteixen-roses-de-sant-jordi-contra-el-fracas-escolar-gent-gran\/\" \/>\n<meta property=\"og:site_name\" content=\"enT\u00e0ndem\" \/>\n<meta property=\"article:publisher\" content=\"https:\/\/www.facebook.com\/afevcat\" \/>\n<meta property=\"article:published_time\" content=\"2017-04-25T16:52:27+00:00\" \/>\n<meta property=\"article:modified_time\" content=\"2018-06-28T15:01:55+00:00\" \/>\n<meta property=\"og:image\" content=\"https:\/\/entandem.cat\/wp-content\/uploads\/2017\/04\/Fotos-Collage.jpg\" \/>\n\t<meta property=\"og:image:width\" content=\"1440\" \/>\n\t<meta property=\"og:image:height\" content=\"1080\" \/>\n\t<meta property=\"og:image:type\" content=\"image\/jpeg\" \/>\n<meta name=\"author\" content=\"adminTandem\" \/>\n<meta name=\"twitter:card\" content=\"summary_large_image\" \/>\n<meta name=\"twitter:creator\" content=\"@afevcat\" \/>\n<meta name=\"twitter:site\" content=\"@afevcat\" \/>\n<meta name=\"twitter:label1\" content=\"\u00c9crit par\" \/>\n\t<meta name=\"twitter:data1\" content=\"adminTandem\" \/>\n\t<meta name=\"twitter:label2\" content=\"Dur\u00e9e de lecture estim\u00e9e\" \/>\n\t<meta name=\"twitter:data2\" content=\"2 minutes\" \/>\n<script type=\"application\/ld+json\" class=\"yoast-schema-graph\">{\"@context\":\"https:\/\/schema.org\",\"@graph\":[{\"@type\":\"Article\",\"@id\":\"https:\/\/entandem.cat\/fr\/savais-tu-que\/lafev-serunion-reparteixen-roses-de-sant-jordi-contra-el-fracas-escolar-gent-gran\/#article\",\"isPartOf\":{\"@id\":\"https:\/\/entandem.cat\/fr\/savais-tu-que\/lafev-serunion-reparteixen-roses-de-sant-jordi-contra-el-fracas-escolar-gent-gran\/\"},\"author\":{\"name\":\"adminTandem\",\"@id\":\"https:\/\/entandem.cat\/#\/schema\/person\/2111428ce1954193a11054a1e2b5b0da\"},\"headline\":\"L\u2019AFEV i Serunion reparteixen roses de Sant Jordi contra el frac\u00e0s escolar a gent gran\",\"datePublished\":\"2017-04-25T16:52:27+00:00\",\"dateModified\":\"2018-06-28T15:01:55+00:00\",\"mainEntityOfPage\":{\"@id\":\"https:\/\/entandem.cat\/fr\/savais-tu-que\/lafev-serunion-reparteixen-roses-de-sant-jordi-contra-el-fracas-escolar-gent-gran\/\"},\"wordCount\":427,\"publisher\":{\"@id\":\"https:\/\/entandem.cat\/#organization\"},\"image\":{\"@id\":\"https:\/\/entandem.cat\/fr\/savais-tu-que\/lafev-serunion-reparteixen-roses-de-sant-jordi-contra-el-fracas-escolar-gent-gran\/#primaryimage\"},\"thumbnailUrl\":\"https:\/\/entandem.cat\/wp-content\/uploads\/2017\/04\/Fotos-Collage.jpg\",\"keywords\":[\"adolesc\u00e8ncia\",\"adolescentes\",\"adolescents\",\"afev\",\"educaci\u00f3\",\"educaci\u00f3n\",\"entandem\",\"exclusi\u00f3 social\",\"exclusi\u00f3n social\",\"frac\u00e0s escolar\",\"fracaso escolar\",\"igualtat d&#8217;oportunitats\",\"inclusi\u00f3\",\"inclusi\u00f3n\",\"inf\u00e0ncia\",\"joves\",\"mentoria\",\"mentoria social\",\"voluntariado\",\"voluntariat\",\"voluntariat social\"],\"articleSection\":[\"Savias-tu que...\"],\"inLanguage\":\"fr-FR\"},{\"@type\":\"WebPage\",\"@id\":\"https:\/\/entandem.cat\/fr\/savais-tu-que\/lafev-serunion-reparteixen-roses-de-sant-jordi-contra-el-fracas-escolar-gent-gran\/\",\"url\":\"https:\/\/entandem.cat\/fr\/savais-tu-que\/lafev-serunion-reparteixen-roses-de-sant-jordi-contra-el-fracas-escolar-gent-gran\/\",\"name\":\"L\u2019AFEV i Serunion reparteixen roses de Sant Jordi contra el frac\u00e0s escolar a gent gran - enT\u00e0ndem\",\"isPartOf\":{\"@id\":\"https:\/\/entandem.cat\/#website\"},\"primaryImageOfPage\":{\"@id\":\"https:\/\/entandem.cat\/fr\/savais-tu-que\/lafev-serunion-reparteixen-roses-de-sant-jordi-contra-el-fracas-escolar-gent-gran\/#primaryimage\"},\"image\":{\"@id\":\"https:\/\/entandem.cat\/fr\/savais-tu-que\/lafev-serunion-reparteixen-roses-de-sant-jordi-contra-el-fracas-escolar-gent-gran\/#primaryimage\"},\"thumbnailUrl\":\"https:\/\/entandem.cat\/wp-content\/uploads\/2017\/04\/Fotos-Collage.jpg\",\"datePublished\":\"2017-04-25T16:52:27+00:00\",\"dateModified\":\"2018-06-28T15:01:55+00:00\",\"breadcrumb\":{\"@id\":\"https:\/\/entandem.cat\/fr\/savais-tu-que\/lafev-serunion-reparteixen-roses-de-sant-jordi-contra-el-fracas-escolar-gent-gran\/#breadcrumb\"},\"inLanguage\":\"fr-FR\",\"potentialAction\":[{\"@type\":\"ReadAction\",\"target\":[\"https:\/\/entandem.cat\/fr\/savais-tu-que\/lafev-serunion-reparteixen-roses-de-sant-jordi-contra-el-fracas-escolar-gent-gran\/\"]}]},{\"@type\":\"ImageObject\",\"inLanguage\":\"fr-FR\",\"@id\":\"https:\/\/entandem.cat\/fr\/savais-tu-que\/lafev-serunion-reparteixen-roses-de-sant-jordi-contra-el-fracas-escolar-gent-gran\/#primaryimage\",\"url\":\"https:\/\/entandem.cat\/wp-content\/uploads\/2017\/04\/Fotos-Collage.jpg\",\"contentUrl\":\"https:\/\/entandem.cat\/wp-content\/uploads\/2017\/04\/Fotos-Collage.jpg\",\"width\":1440,\"height\":1080},{\"@type\":\"BreadcrumbList\",\"@id\":\"https:\/\/entandem.cat\/fr\/savais-tu-que\/lafev-serunion-reparteixen-roses-de-sant-jordi-contra-el-fracas-escolar-gent-gran\/#breadcrumb\",\"itemListElement\":[{\"@type\":\"ListItem\",\"position\":1,\"name\":\"Inici\",\"item\":\"https:\/\/entandem.cat\/fr\/\"},{\"@type\":\"ListItem\",\"position\":2,\"name\":\"L\u2019AFEV i Serunion reparteixen roses de Sant Jordi contra el frac\u00e0s escolar a gent gran\"}]},{\"@type\":\"WebSite\",\"@id\":\"https:\/\/entandem.cat\/#website\",\"url\":\"https:\/\/entandem.cat\/\",\"name\":\"enT\u00e0ndem\",\"description\":\"Voluntariat Social Universitari\",\"publisher\":{\"@id\":\"https:\/\/entandem.cat\/#organization\"},\"potentialAction\":[{\"@type\":\"SearchAction\",\"target\":{\"@type\":\"EntryPoint\",\"urlTemplate\":\"https:\/\/entandem.cat\/?s={search_term_string}\"},\"query-input\":{\"@type\":\"PropertyValueSpecification\",\"valueRequired\":true,\"valueName\":\"search_term_string\"}}],\"inLanguage\":\"fr-FR\"},{\"@type\":\"Organization\",\"@id\":\"https:\/\/entandem.cat\/#organization\",\"name\":\"enT\u00e0ndem\",\"url\":\"https:\/\/entandem.cat\/\",\"logo\":{\"@type\":\"ImageObject\",\"inLanguage\":\"fr-FR\",\"@id\":\"https:\/\/entandem.cat\/#\/schema\/logo\/image\/\",\"url\":\"https:\/\/entandem.cat\/wp-content\/uploads\/2016\/12\/logo-entandem.png\",\"contentUrl\":\"https:\/\/entandem.cat\/wp-content\/uploads\/2016\/12\/logo-entandem.png\",\"width\":166,\"height\":44,\"caption\":\"enT\u00e0ndem\"},\"image\":{\"@id\":\"https:\/\/entandem.cat\/#\/schema\/logo\/image\/\"},\"sameAs\":[\"https:\/\/www.facebook.com\/afevcat\",\"https:\/\/x.com\/afevcat\",\"https:\/\/www.instagram.com\/afevcat\/\"]},{\"@type\":\"Person\",\"@id\":\"https:\/\/entandem.cat\/#\/schema\/person\/2111428ce1954193a11054a1e2b5b0da\",\"name\":\"adminTandem\"}]}<\/script>\n<!-- \/ Yoast SEO plugin. -->","yoast_head_json":{"title":"L\u2019AFEV i Serunion reparteixen roses de Sant Jordi contra el frac\u00e0s escolar a gent gran - enT\u00e0ndem","robots":{"index":"index","follow":"follow","max-snippet":"max-snippet:-1","max-image-preview":"max-image-preview:large","max-video-preview":"max-video-preview:-1"},"canonical":"https:\/\/entandem.cat\/fr\/savais-tu-que\/lafev-serunion-reparteixen-roses-de-sant-jordi-contra-el-fracas-escolar-gent-gran\/","og_locale":"fr_FR","og_type":"article","og_title":"L\u2019AFEV i Serunion reparteixen roses de Sant Jordi contra el frac\u00e0s escolar a gent gran - enT\u00e0ndem","og_description":"Aquest Sant Jordi, els usuaris i les usu\u00e0ries de les resid\u00e8ncies de gent gran Casa Rep\u00f3s, a Arb\u00facies, i de la resid\u00e8ncia llar Nostra Senyora del Pilar, a la Garriga, han rebut una rosa solid\u00e0ria en suport al projecte enT\u00e0ndem, que lluita contra el frac\u00e0s escolar. Aquesta iniciativa ha estat possible gr\u00e0cies a la col\u00b7laboraci\u00f3 &hellip; Continued","og_url":"https:\/\/entandem.cat\/fr\/savais-tu-que\/lafev-serunion-reparteixen-roses-de-sant-jordi-contra-el-fracas-escolar-gent-gran\/","og_site_name":"enT\u00e0ndem","article_publisher":"https:\/\/www.facebook.com\/afevcat","article_published_time":"2017-04-25T16:52:27+00:00","article_modified_time":"2018-06-28T15:01:55+00:00","og_image":[{"width":1440,"height":1080,"url":"https:\/\/entandem.cat\/wp-content\/uploads\/2017\/04\/Fotos-Collage.jpg","type":"image\/jpeg"}],"author":"adminTandem","twitter_card":"summary_large_image","twitter_creator":"@afevcat","twitter_site":"@afevcat","twitter_misc":{"\u00c9crit par":"adminTandem","Dur\u00e9e de lecture estim\u00e9e":"2 minutes"},"schema":{"@context":"https:\/\/schema.org","@graph":[{"@type":"Article","@id":"https:\/\/entandem.cat\/fr\/savais-tu-que\/lafev-serunion-reparteixen-roses-de-sant-jordi-contra-el-fracas-escolar-gent-gran\/#article","isPartOf":{"@id":"https:\/\/entandem.cat\/fr\/savais-tu-que\/lafev-serunion-reparteixen-roses-de-sant-jordi-contra-el-fracas-escolar-gent-gran\/"},"author":{"name":"adminTandem","@id":"https:\/\/entandem.cat\/#\/schema\/person\/2111428ce1954193a11054a1e2b5b0da"},"headline":"L\u2019AFEV i Serunion reparteixen roses de Sant Jordi contra el frac\u00e0s escolar a gent gran","datePublished":"2017-04-25T16:52:27+00:00","dateModified":"2018-06-28T15:01:55+00:00","mainEntityOfPage":{"@id":"https:\/\/entandem.cat\/fr\/savais-tu-que\/lafev-serunion-reparteixen-roses-de-sant-jordi-contra-el-fracas-escolar-gent-gran\/"},"wordCount":427,"publisher":{"@id":"https:\/\/entandem.cat\/#organization"},"image":{"@id":"https:\/\/entandem.cat\/fr\/savais-tu-que\/lafev-serunion-reparteixen-roses-de-sant-jordi-contra-el-fracas-escolar-gent-gran\/#primaryimage"},"thumbnailUrl":"https:\/\/entandem.cat\/wp-content\/uploads\/2017\/04\/Fotos-Collage.jpg","keywords":["adolesc\u00e8ncia","adolescentes","adolescents","afev","educaci\u00f3","educaci\u00f3n","entandem","exclusi\u00f3 social","exclusi\u00f3n social","frac\u00e0s escolar","fracaso escolar","igualtat d&#8217;oportunitats","inclusi\u00f3","inclusi\u00f3n","inf\u00e0ncia","joves","mentoria","mentoria social","voluntariado","voluntariat","voluntariat social"],"articleSection":["Savias-tu que..."],"inLanguage":"fr-FR"},{"@type":"WebPage","@id":"https:\/\/entandem.cat\/fr\/savais-tu-que\/lafev-serunion-reparteixen-roses-de-sant-jordi-contra-el-fracas-escolar-gent-gran\/","url":"https:\/\/entandem.cat\/fr\/savais-tu-que\/lafev-serunion-reparteixen-roses-de-sant-jordi-contra-el-fracas-escolar-gent-gran\/","name":"L\u2019AFEV i Serunion reparteixen roses de Sant Jordi contra el frac\u00e0s escolar a gent gran - enT\u00e0ndem","isPartOf":{"@id":"https:\/\/entandem.cat\/#website"},"primaryImageOfPage":{"@id":"https:\/\/entandem.cat\/fr\/savais-tu-que\/lafev-serunion-reparteixen-roses-de-sant-jordi-contra-el-fracas-escolar-gent-gran\/#primaryimage"},"image":{"@id":"https:\/\/entandem.cat\/fr\/savais-tu-que\/lafev-serunion-reparteixen-roses-de-sant-jordi-contra-el-fracas-escolar-gent-gran\/#primaryimage"},"thumbnailUrl":"https:\/\/entandem.cat\/wp-content\/uploads\/2017\/04\/Fotos-Collage.jpg","datePublished":"2017-04-25T16:52:27+00:00","dateModified":"2018-06-28T15:01:55+00:00","breadcrumb":{"@id":"https:\/\/entandem.cat\/fr\/savais-tu-que\/lafev-serunion-reparteixen-roses-de-sant-jordi-contra-el-fracas-escolar-gent-gran\/#breadcrumb"},"inLanguage":"fr-FR","potentialAction":[{"@type":"ReadAction","target":["https:\/\/entandem.cat\/fr\/savais-tu-que\/lafev-serunion-reparteixen-roses-de-sant-jordi-contra-el-fracas-escolar-gent-gran\/"]}]},{"@type":"ImageObject","inLanguage":"fr-FR","@id":"https:\/\/entandem.cat\/fr\/savais-tu-que\/lafev-serunion-reparteixen-roses-de-sant-jordi-contra-el-fracas-escolar-gent-gran\/#primaryimage","url":"https:\/\/entandem.cat\/wp-content\/uploads\/2017\/04\/Fotos-Collage.jpg","contentUrl":"https:\/\/entandem.cat\/wp-content\/uploads\/2017\/04\/Fotos-Collage.jpg","width":1440,"height":1080},{"@type":"BreadcrumbList","@id":"https:\/\/entandem.cat\/fr\/savais-tu-que\/lafev-serunion-reparteixen-roses-de-sant-jordi-contra-el-fracas-escolar-gent-gran\/#breadcrumb","itemListElement":[{"@type":"ListItem","position":1,"name":"Inici","item":"https:\/\/entandem.cat\/fr\/"},{"@type":"ListItem","position":2,"name":"L\u2019AFEV i Serunion reparteixen roses de Sant Jordi contra el frac\u00e0s escolar a gent gran"}]},{"@type":"WebSite","@id":"https:\/\/entandem.cat\/#website","url":"https:\/\/entandem.cat\/","name":"enT\u00e0ndem","description":"Voluntariat Social Universitari","publisher":{"@id":"https:\/\/entandem.cat\/#organization"},"potentialAction":[{"@type":"SearchAction","target":{"@type":"EntryPoint","urlTemplate":"https:\/\/entandem.cat\/?s={search_term_string}"},"query-input":{"@type":"PropertyValueSpecification","valueRequired":true,"valueName":"search_term_string"}}],"inLanguage":"fr-FR"},{"@type":"Organization","@id":"https:\/\/entandem.cat\/#organization","name":"enT\u00e0ndem","url":"https:\/\/entandem.cat\/","logo":{"@type":"ImageObject","inLanguage":"fr-FR","@id":"https:\/\/entandem.cat\/#\/schema\/logo\/image\/","url":"https:\/\/entandem.cat\/wp-content\/uploads\/2016\/12\/logo-entandem.png","contentUrl":"https:\/\/entandem.cat\/wp-content\/uploads\/2016\/12\/logo-entandem.png","width":166,"height":44,"caption":"enT\u00e0ndem"},"image":{"@id":"https:\/\/entandem.cat\/#\/schema\/logo\/image\/"},"sameAs":["https:\/\/www.facebook.com\/afevcat","https:\/\/x.com\/afevcat","https:\/\/www.instagram.com\/afevcat\/"]},{"@type":"Person","@id":"https:\/\/entandem.cat\/#\/schema\/person\/2111428ce1954193a11054a1e2b5b0da","name":"adminTandem"}]}},"_links":{"self":[{"href":"https:\/\/entandem.cat\/fr\/wp-json\/wp\/v2\/posts\/4918","targetHints":{"allow":["GET"]}}],"collection":[{"href":"https:\/\/entandem.cat\/fr\/wp-json\/wp\/v2\/posts"}],"about":[{"href":"https:\/\/entandem.cat\/fr\/wp-json\/wp\/v2\/types\/post"}],"author":[{"embeddable":true,"href":"https:\/\/entandem.cat\/fr\/wp-json\/wp\/v2\/users\/1"}],"replies":[{"embeddable":true,"href":"https:\/\/entandem.cat\/fr\/wp-json\/wp\/v2\/comments?post=4918"}],"version-history":[{"count":0,"href":"https:\/\/entandem.cat\/fr\/wp-json\/wp\/v2\/posts\/4918\/revisions"}],"wp:featuredmedia":[{"embeddable":true,"href":"https:\/\/entandem.cat\/fr\/wp-json\/wp\/v2\/media\/2963"}],"wp:attachment":[{"href":"https:\/\/entandem.cat\/fr\/wp-json\/wp\/v2\/media?parent=4918"}],"wp:term":[{"taxonomy":"category","embeddable":true,"href":"https:\/\/entandem.cat\/fr\/wp-json\/wp\/v2\/categories?post=4918"},{"taxonomy":"post_tag","embeddable":true,"href":"https:\/\/entandem.cat\/fr\/wp-json\/wp\/v2\/tags?post=4918"}],"curies":[{"name":"wp","href":"https:\/\/api.w.org\/{rel}","templated":true}]}}