{"id":4908,"date":"2017-07-10T13:15:31","date_gmt":"2017-07-10T13:15:31","guid":{"rendered":"http:\/\/entandem.cat\/fr\/?p=4908"},"modified":"2018-06-28T15:00:38","modified_gmt":"2018-06-28T15:00:38","slug":"entandem-finalitza-el-curs-amb-110-voluntaris-dos-premis-una-mencio-especial","status":"publish","type":"post","link":"https:\/\/entandem.cat\/fr\/savais-tu-que\/entandem-finalitza-el-curs-amb-110-voluntaris-dos-premis-una-mencio-especial\/","title":{"rendered":"enT\u00e0ndem finalitza el curs amb 110 voluntaris, dos premis i una menci\u00f3 especial"},"content":{"rendered":"<h5>Han arribat les vacances d\u2019estiu, \u00a0i els t\u00e0ndems tamb\u00e9 fan vacances fins al setembre. Al llarg d\u2019aquest curs, les parelles de voluntaris universitaris i infants, com la Josefina i la Leyla, han compartit tardes de diversi\u00f3, d\u2019aprendre, de passejar, de xerrar i de moments especials, que han acabat ajudant a la Leyla i a la resta d\u2019infants i joves del projecte a guanyar autoestima i confian\u00e7a a l\u2019escola i en el seu dia a dia.<\/h5>\n<p>&nbsp;<\/p>\n<p>Al setembre, el curs tornar\u00e0 a comen\u00e7ar i nous t\u00e0ndems es reuniran una tarda a la setmana per seguir treballant contra el frac\u00e0s escolar amb la mateixa energia. I ho faran durant un any molt especial per l\u2019AFEV Catalunya, ja que el projecte enT\u00e0ndem celebrar\u00e0 el curs vinent el seu des\u00e8 aniversari. Per\u00f2 abans de comen\u00e7ar una nova etapa del projecte, toca fer balan\u00e7 del curs 2016-2017, que ha estat for\u00e7a positiu.<\/p>\n<h3><strong>Un curs marcat pels premis <\/strong><\/h3>\n<p>Comencem fent refer\u00e8ncia als premis i la menci\u00f3 especial que ha rebut enT\u00e0ndem aquest curs. Hem guanyat el premi al voluntariat de la Fundaci\u00f3 Mutua Madrile\u00f1a, i l\u2019ajut a col\u00b7lectius en risc d\u2019exclusi\u00f3 social de la Fundaci\u00f3 Bizcabar. Tamb\u00e9 hem quedat finalistes amb una menci\u00f3 especial en el V Premi Candi Villafa\u00f1e, que atorga l\u2019ajuntament de Lleida a projectes que fomenten la promoci\u00f3 d\u2019Igualtats d\u2019Oportunitats i la no discriminaci\u00f3.<\/p>\n<p>Aquest premis s\u00f3n un reconeixement molt important a la tasca del nostre projecte de mentoria social, que at\u00e9n infants i joves en situacions familiars i personals dif\u00edcils, perqu\u00e8 descobreixin un nou futur i noves possibilitats, acabant aix\u00ed amb les desigualtats i el frac\u00e0s escolar.<\/p>\n<p>En total hem at\u00e8s 105 infants i joves actuant en 11 territoris de Barcelona, Santa Coloma i Barber\u00e0 del Vall\u00e8s, a trav\u00e9s de la creaci\u00f3 de 101 t\u00e0ndems que han anat fent m\u00e9s vincles a mesura que passava el curs.<\/p>\n<p>Per\u00f2 aquestes dades no serien les mateixes sense la feina dels 110 voluntaris que al llarg del curs s\u2019han implicat amb el projecte 7070 hores per poder atendre, un any m\u00e9s, a infants i joves que ho necessiten. Moltes gr\u00e0cies a tots i totes per la vostra tasca!<\/p>\n<h3><strong>Ampliant els suports econ\u00f2mics amb el SuperEuro<\/strong><\/h3>\n<p>Al poder del voluntariat, hem sumat tamb\u00e9 aquest any el poder del #SuperEuro, per seguir atenent cada cop a m\u00e9s infants i joves, amb la creaci\u00f3 del nostre grup al Teaming. Es tracta d\u2019una plataforma online per recaptar fons per a entitats socials, on <strong>no importa quant dones, sin\u00f3 quantes persones en formem part<\/strong>. Aix\u00ed, amb nom\u00e9s 1\u20ac mensual podem fer moltes coses a enT\u00e0ndem, ja que quants m\u00e9s <em>teamers <\/em>formem part del <a href=\"https:\/\/www.teaming.net\/un-supereurocontraelfracasescolar-\">grup de enT\u00e0ndem contra el frac\u00e0s escolar<\/a>, m\u00e9s euros recaptarem mensualment, els quals aniran \u00edntegrament per al desenvolupament del projecte.<\/p>\n<p>Poc a poc hem anat sumant teamers, i esperem seguir creixent per aix\u00ed tenir una nova manera de recaptar fons i continuar lluitant contra el frac\u00e0s escolar i per la igualtat d\u2019oportunitats, amb la suma de tots els SuperEuros.<\/p>\n","protected":false},"excerpt":{"rendered":"<p>Han arribat les vacances d\u2019estiu, \u00a0i els t\u00e0ndems tamb\u00e9 fan vacances fins al setembre. Al llarg d\u2019aquest curs, les parelles de voluntaris universitaris i infants, com la Josefina i la Leyla, han compartit tardes de diversi\u00f3, d\u2019aprendre, de passejar, de xerrar i de moments especials, que han acabat ajudant a la Leyla i a la &hellip; <a href=\"https:\/\/entandem.cat\/fr\/savais-tu-que\/entandem-finalitza-el-curs-amb-110-voluntaris-dos-premis-una-mencio-especial\/\">Continued<\/a><\/p>\n","protected":false},"author":1,"featured_media":3290,"comment_status":"closed","ping_status":"open","sticky":false,"template":"","format":"standard","meta":{"footnotes":""},"categories":[324],"tags":[520,521,522,523,525,526,527,528,529,551,530,531,532,533,534,535,607,536,539,610,540],"class_list":["post-4908","post","type-post","status-publish","format-standard","has-post-thumbnail","hentry","category-savais-tu-que","tag-adolescencia-fr","tag-adolescentes-fr","tag-adolescents-fr","tag-afev-fr","tag-educacio-fr","tag-educacion-fr","tag-entandem-fr","tag-exclusio-social-fr","tag-exclusion-social-fr","tag-fracas-escolar-fr","tag-fracaso-escolar-fr","tag-igualtat-doportunitats-fr","tag-inclusio-fr","tag-inclusion-fr","tag-infancia-fr","tag-joves-fr","tag-mentoria-fr","tag-mentoria-social-fr","tag-voluntariado-fr","tag-voluntariat-fr","tag-voluntariat-social-fr"],"yoast_head":"<!-- This site is optimized with the Yoast SEO plugin v27.0 - https:\/\/yoast.com\/product\/yoast-seo-wordpress\/ -->\n<title>enT\u00e0ndem finalitza el curs amb 110 voluntaris, dos premis i una menci\u00f3 especial - enT\u00e0ndem<\/title>\n<meta name=\"robots\" content=\"index, follow, max-snippet:-1, max-image-preview:large, max-video-preview:-1\" \/>\n<link rel=\"canonical\" href=\"https:\/\/entandem.cat\/fr\/savais-tu-que\/entandem-finalitza-el-curs-amb-110-voluntaris-dos-premis-una-mencio-especial\/\" \/>\n<meta property=\"og:locale\" content=\"fr_FR\" \/>\n<meta property=\"og:type\" content=\"article\" \/>\n<meta property=\"og:title\" content=\"enT\u00e0ndem finalitza el curs amb 110 voluntaris, dos premis i una menci\u00f3 especial - enT\u00e0ndem\" \/>\n<meta property=\"og:description\" content=\"Han arribat les vacances d\u2019estiu, \u00a0i els t\u00e0ndems tamb\u00e9 fan vacances fins al setembre. Al llarg d\u2019aquest curs, les parelles de voluntaris universitaris i infants, com la Josefina i la Leyla, han compartit tardes de diversi\u00f3, d\u2019aprendre, de passejar, de xerrar i de moments especials, que han acabat ajudant a la Leyla i a la &hellip; Continued\" \/>\n<meta property=\"og:url\" content=\"https:\/\/entandem.cat\/fr\/savais-tu-que\/entandem-finalitza-el-curs-amb-110-voluntaris-dos-premis-una-mencio-especial\/\" \/>\n<meta property=\"og:site_name\" content=\"enT\u00e0ndem\" \/>\n<meta property=\"article:publisher\" content=\"https:\/\/www.facebook.com\/afevcat\" \/>\n<meta property=\"article:published_time\" content=\"2017-07-10T13:15:31+00:00\" \/>\n<meta property=\"article:modified_time\" content=\"2018-06-28T15:00:38+00:00\" \/>\n<meta property=\"og:image\" content=\"https:\/\/entandem.cat\/wp-content\/uploads\/2017\/07\/MG_2636-1.jpg\" \/>\n\t<meta property=\"og:image:width\" content=\"1500\" \/>\n\t<meta property=\"og:image:height\" content=\"963\" \/>\n\t<meta property=\"og:image:type\" content=\"image\/jpeg\" \/>\n<meta name=\"author\" content=\"adminTandem\" \/>\n<meta name=\"twitter:card\" content=\"summary_large_image\" \/>\n<meta name=\"twitter:creator\" content=\"@afevcat\" \/>\n<meta name=\"twitter:site\" content=\"@afevcat\" \/>\n<meta name=\"twitter:label1\" content=\"\u00c9crit par\" \/>\n\t<meta name=\"twitter:data1\" content=\"adminTandem\" \/>\n\t<meta name=\"twitter:label2\" content=\"Dur\u00e9e de lecture estim\u00e9e\" \/>\n\t<meta name=\"twitter:data2\" content=\"3 minutes\" \/>\n<script type=\"application\/ld+json\" class=\"yoast-schema-graph\">{\"@context\":\"https:\/\/schema.org\",\"@graph\":[{\"@type\":\"Article\",\"@id\":\"https:\/\/entandem.cat\/fr\/savais-tu-que\/entandem-finalitza-el-curs-amb-110-voluntaris-dos-premis-una-mencio-especial\/#article\",\"isPartOf\":{\"@id\":\"https:\/\/entandem.cat\/fr\/savais-tu-que\/entandem-finalitza-el-curs-amb-110-voluntaris-dos-premis-una-mencio-especial\/\"},\"author\":{\"name\":\"adminTandem\",\"@id\":\"https:\/\/entandem.cat\/#\/schema\/person\/2111428ce1954193a11054a1e2b5b0da\"},\"headline\":\"enT\u00e0ndem finalitza el curs amb 110 voluntaris, dos premis i una menci\u00f3 especial\",\"datePublished\":\"2017-07-10T13:15:31+00:00\",\"dateModified\":\"2018-06-28T15:00:38+00:00\",\"mainEntityOfPage\":{\"@id\":\"https:\/\/entandem.cat\/fr\/savais-tu-que\/entandem-finalitza-el-curs-amb-110-voluntaris-dos-premis-una-mencio-especial\/\"},\"wordCount\":547,\"publisher\":{\"@id\":\"https:\/\/entandem.cat\/#organization\"},\"image\":{\"@id\":\"https:\/\/entandem.cat\/fr\/savais-tu-que\/entandem-finalitza-el-curs-amb-110-voluntaris-dos-premis-una-mencio-especial\/#primaryimage\"},\"thumbnailUrl\":\"https:\/\/entandem.cat\/wp-content\/uploads\/2017\/07\/MG_2636-1.jpg\",\"keywords\":[\"adolesc\u00e8ncia\",\"adolescentes\",\"adolescents\",\"afev\",\"educaci\u00f3\",\"educaci\u00f3n\",\"entandem\",\"exclusi\u00f3 social\",\"exclusi\u00f3n social\",\"frac\u00e0s escolar\",\"fracaso escolar\",\"igualtat d&#8217;oportunitats\",\"inclusi\u00f3\",\"inclusi\u00f3n\",\"inf\u00e0ncia\",\"joves\",\"mentoria\",\"mentoria social\",\"voluntariado\",\"voluntariat\",\"voluntariat social\"],\"articleSection\":[\"Savias-tu que...\"],\"inLanguage\":\"fr-FR\"},{\"@type\":\"WebPage\",\"@id\":\"https:\/\/entandem.cat\/fr\/savais-tu-que\/entandem-finalitza-el-curs-amb-110-voluntaris-dos-premis-una-mencio-especial\/\",\"url\":\"https:\/\/entandem.cat\/fr\/savais-tu-que\/entandem-finalitza-el-curs-amb-110-voluntaris-dos-premis-una-mencio-especial\/\",\"name\":\"enT\u00e0ndem finalitza el curs amb 110 voluntaris, dos premis i una menci\u00f3 especial - enT\u00e0ndem\",\"isPartOf\":{\"@id\":\"https:\/\/entandem.cat\/#website\"},\"primaryImageOfPage\":{\"@id\":\"https:\/\/entandem.cat\/fr\/savais-tu-que\/entandem-finalitza-el-curs-amb-110-voluntaris-dos-premis-una-mencio-especial\/#primaryimage\"},\"image\":{\"@id\":\"https:\/\/entandem.cat\/fr\/savais-tu-que\/entandem-finalitza-el-curs-amb-110-voluntaris-dos-premis-una-mencio-especial\/#primaryimage\"},\"thumbnailUrl\":\"https:\/\/entandem.cat\/wp-content\/uploads\/2017\/07\/MG_2636-1.jpg\",\"datePublished\":\"2017-07-10T13:15:31+00:00\",\"dateModified\":\"2018-06-28T15:00:38+00:00\",\"breadcrumb\":{\"@id\":\"https:\/\/entandem.cat\/fr\/savais-tu-que\/entandem-finalitza-el-curs-amb-110-voluntaris-dos-premis-una-mencio-especial\/#breadcrumb\"},\"inLanguage\":\"fr-FR\",\"potentialAction\":[{\"@type\":\"ReadAction\",\"target\":[\"https:\/\/entandem.cat\/fr\/savais-tu-que\/entandem-finalitza-el-curs-amb-110-voluntaris-dos-premis-una-mencio-especial\/\"]}]},{\"@type\":\"ImageObject\",\"inLanguage\":\"fr-FR\",\"@id\":\"https:\/\/entandem.cat\/fr\/savais-tu-que\/entandem-finalitza-el-curs-amb-110-voluntaris-dos-premis-una-mencio-especial\/#primaryimage\",\"url\":\"https:\/\/entandem.cat\/wp-content\/uploads\/2017\/07\/MG_2636-1.jpg\",\"contentUrl\":\"https:\/\/entandem.cat\/wp-content\/uploads\/2017\/07\/MG_2636-1.jpg\",\"width\":1500,\"height\":963},{\"@type\":\"BreadcrumbList\",\"@id\":\"https:\/\/entandem.cat\/fr\/savais-tu-que\/entandem-finalitza-el-curs-amb-110-voluntaris-dos-premis-una-mencio-especial\/#breadcrumb\",\"itemListElement\":[{\"@type\":\"ListItem\",\"position\":1,\"name\":\"Inici\",\"item\":\"https:\/\/entandem.cat\/fr\/\"},{\"@type\":\"ListItem\",\"position\":2,\"name\":\"enT\u00e0ndem finalitza el curs amb 110 voluntaris, dos premis i una menci\u00f3 especial\"}]},{\"@type\":\"WebSite\",\"@id\":\"https:\/\/entandem.cat\/#website\",\"url\":\"https:\/\/entandem.cat\/\",\"name\":\"enT\u00e0ndem\",\"description\":\"Voluntariat Social Universitari\",\"publisher\":{\"@id\":\"https:\/\/entandem.cat\/#organization\"},\"potentialAction\":[{\"@type\":\"SearchAction\",\"target\":{\"@type\":\"EntryPoint\",\"urlTemplate\":\"https:\/\/entandem.cat\/?s={search_term_string}\"},\"query-input\":{\"@type\":\"PropertyValueSpecification\",\"valueRequired\":true,\"valueName\":\"search_term_string\"}}],\"inLanguage\":\"fr-FR\"},{\"@type\":\"Organization\",\"@id\":\"https:\/\/entandem.cat\/#organization\",\"name\":\"enT\u00e0ndem\",\"url\":\"https:\/\/entandem.cat\/\",\"logo\":{\"@type\":\"ImageObject\",\"inLanguage\":\"fr-FR\",\"@id\":\"https:\/\/entandem.cat\/#\/schema\/logo\/image\/\",\"url\":\"https:\/\/entandem.cat\/wp-content\/uploads\/2016\/12\/logo-entandem.png\",\"contentUrl\":\"https:\/\/entandem.cat\/wp-content\/uploads\/2016\/12\/logo-entandem.png\",\"width\":166,\"height\":44,\"caption\":\"enT\u00e0ndem\"},\"image\":{\"@id\":\"https:\/\/entandem.cat\/#\/schema\/logo\/image\/\"},\"sameAs\":[\"https:\/\/www.facebook.com\/afevcat\",\"https:\/\/x.com\/afevcat\",\"https:\/\/www.instagram.com\/afevcat\/\"]},{\"@type\":\"Person\",\"@id\":\"https:\/\/entandem.cat\/#\/schema\/person\/2111428ce1954193a11054a1e2b5b0da\",\"name\":\"adminTandem\"}]}<\/script>\n<!-- \/ Yoast SEO plugin. -->","yoast_head_json":{"title":"enT\u00e0ndem finalitza el curs amb 110 voluntaris, dos premis i una menci\u00f3 especial - enT\u00e0ndem","robots":{"index":"index","follow":"follow","max-snippet":"max-snippet:-1","max-image-preview":"max-image-preview:large","max-video-preview":"max-video-preview:-1"},"canonical":"https:\/\/entandem.cat\/fr\/savais-tu-que\/entandem-finalitza-el-curs-amb-110-voluntaris-dos-premis-una-mencio-especial\/","og_locale":"fr_FR","og_type":"article","og_title":"enT\u00e0ndem finalitza el curs amb 110 voluntaris, dos premis i una menci\u00f3 especial - enT\u00e0ndem","og_description":"Han arribat les vacances d\u2019estiu, \u00a0i els t\u00e0ndems tamb\u00e9 fan vacances fins al setembre. Al llarg d\u2019aquest curs, les parelles de voluntaris universitaris i infants, com la Josefina i la Leyla, han compartit tardes de diversi\u00f3, d\u2019aprendre, de passejar, de xerrar i de moments especials, que han acabat ajudant a la Leyla i a la &hellip; Continued","og_url":"https:\/\/entandem.cat\/fr\/savais-tu-que\/entandem-finalitza-el-curs-amb-110-voluntaris-dos-premis-una-mencio-especial\/","og_site_name":"enT\u00e0ndem","article_publisher":"https:\/\/www.facebook.com\/afevcat","article_published_time":"2017-07-10T13:15:31+00:00","article_modified_time":"2018-06-28T15:00:38+00:00","og_image":[{"width":1500,"height":963,"url":"https:\/\/entandem.cat\/wp-content\/uploads\/2017\/07\/MG_2636-1.jpg","type":"image\/jpeg"}],"author":"adminTandem","twitter_card":"summary_large_image","twitter_creator":"@afevcat","twitter_site":"@afevcat","twitter_misc":{"\u00c9crit par":"adminTandem","Dur\u00e9e de lecture estim\u00e9e":"3 minutes"},"schema":{"@context":"https:\/\/schema.org","@graph":[{"@type":"Article","@id":"https:\/\/entandem.cat\/fr\/savais-tu-que\/entandem-finalitza-el-curs-amb-110-voluntaris-dos-premis-una-mencio-especial\/#article","isPartOf":{"@id":"https:\/\/entandem.cat\/fr\/savais-tu-que\/entandem-finalitza-el-curs-amb-110-voluntaris-dos-premis-una-mencio-especial\/"},"author":{"name":"adminTandem","@id":"https:\/\/entandem.cat\/#\/schema\/person\/2111428ce1954193a11054a1e2b5b0da"},"headline":"enT\u00e0ndem finalitza el curs amb 110 voluntaris, dos premis i una menci\u00f3 especial","datePublished":"2017-07-10T13:15:31+00:00","dateModified":"2018-06-28T15:00:38+00:00","mainEntityOfPage":{"@id":"https:\/\/entandem.cat\/fr\/savais-tu-que\/entandem-finalitza-el-curs-amb-110-voluntaris-dos-premis-una-mencio-especial\/"},"wordCount":547,"publisher":{"@id":"https:\/\/entandem.cat\/#organization"},"image":{"@id":"https:\/\/entandem.cat\/fr\/savais-tu-que\/entandem-finalitza-el-curs-amb-110-voluntaris-dos-premis-una-mencio-especial\/#primaryimage"},"thumbnailUrl":"https:\/\/entandem.cat\/wp-content\/uploads\/2017\/07\/MG_2636-1.jpg","keywords":["adolesc\u00e8ncia","adolescentes","adolescents","afev","educaci\u00f3","educaci\u00f3n","entandem","exclusi\u00f3 social","exclusi\u00f3n social","frac\u00e0s escolar","fracaso escolar","igualtat d&#8217;oportunitats","inclusi\u00f3","inclusi\u00f3n","inf\u00e0ncia","joves","mentoria","mentoria social","voluntariado","voluntariat","voluntariat social"],"articleSection":["Savias-tu que..."],"inLanguage":"fr-FR"},{"@type":"WebPage","@id":"https:\/\/entandem.cat\/fr\/savais-tu-que\/entandem-finalitza-el-curs-amb-110-voluntaris-dos-premis-una-mencio-especial\/","url":"https:\/\/entandem.cat\/fr\/savais-tu-que\/entandem-finalitza-el-curs-amb-110-voluntaris-dos-premis-una-mencio-especial\/","name":"enT\u00e0ndem finalitza el curs amb 110 voluntaris, dos premis i una menci\u00f3 especial - enT\u00e0ndem","isPartOf":{"@id":"https:\/\/entandem.cat\/#website"},"primaryImageOfPage":{"@id":"https:\/\/entandem.cat\/fr\/savais-tu-que\/entandem-finalitza-el-curs-amb-110-voluntaris-dos-premis-una-mencio-especial\/#primaryimage"},"image":{"@id":"https:\/\/entandem.cat\/fr\/savais-tu-que\/entandem-finalitza-el-curs-amb-110-voluntaris-dos-premis-una-mencio-especial\/#primaryimage"},"thumbnailUrl":"https:\/\/entandem.cat\/wp-content\/uploads\/2017\/07\/MG_2636-1.jpg","datePublished":"2017-07-10T13:15:31+00:00","dateModified":"2018-06-28T15:00:38+00:00","breadcrumb":{"@id":"https:\/\/entandem.cat\/fr\/savais-tu-que\/entandem-finalitza-el-curs-amb-110-voluntaris-dos-premis-una-mencio-especial\/#breadcrumb"},"inLanguage":"fr-FR","potentialAction":[{"@type":"ReadAction","target":["https:\/\/entandem.cat\/fr\/savais-tu-que\/entandem-finalitza-el-curs-amb-110-voluntaris-dos-premis-una-mencio-especial\/"]}]},{"@type":"ImageObject","inLanguage":"fr-FR","@id":"https:\/\/entandem.cat\/fr\/savais-tu-que\/entandem-finalitza-el-curs-amb-110-voluntaris-dos-premis-una-mencio-especial\/#primaryimage","url":"https:\/\/entandem.cat\/wp-content\/uploads\/2017\/07\/MG_2636-1.jpg","contentUrl":"https:\/\/entandem.cat\/wp-content\/uploads\/2017\/07\/MG_2636-1.jpg","width":1500,"height":963},{"@type":"BreadcrumbList","@id":"https:\/\/entandem.cat\/fr\/savais-tu-que\/entandem-finalitza-el-curs-amb-110-voluntaris-dos-premis-una-mencio-especial\/#breadcrumb","itemListElement":[{"@type":"ListItem","position":1,"name":"Inici","item":"https:\/\/entandem.cat\/fr\/"},{"@type":"ListItem","position":2,"name":"enT\u00e0ndem finalitza el curs amb 110 voluntaris, dos premis i una menci\u00f3 especial"}]},{"@type":"WebSite","@id":"https:\/\/entandem.cat\/#website","url":"https:\/\/entandem.cat\/","name":"enT\u00e0ndem","description":"Voluntariat Social Universitari","publisher":{"@id":"https:\/\/entandem.cat\/#organization"},"potentialAction":[{"@type":"SearchAction","target":{"@type":"EntryPoint","urlTemplate":"https:\/\/entandem.cat\/?s={search_term_string}"},"query-input":{"@type":"PropertyValueSpecification","valueRequired":true,"valueName":"search_term_string"}}],"inLanguage":"fr-FR"},{"@type":"Organization","@id":"https:\/\/entandem.cat\/#organization","name":"enT\u00e0ndem","url":"https:\/\/entandem.cat\/","logo":{"@type":"ImageObject","inLanguage":"fr-FR","@id":"https:\/\/entandem.cat\/#\/schema\/logo\/image\/","url":"https:\/\/entandem.cat\/wp-content\/uploads\/2016\/12\/logo-entandem.png","contentUrl":"https:\/\/entandem.cat\/wp-content\/uploads\/2016\/12\/logo-entandem.png","width":166,"height":44,"caption":"enT\u00e0ndem"},"image":{"@id":"https:\/\/entandem.cat\/#\/schema\/logo\/image\/"},"sameAs":["https:\/\/www.facebook.com\/afevcat","https:\/\/x.com\/afevcat","https:\/\/www.instagram.com\/afevcat\/"]},{"@type":"Person","@id":"https:\/\/entandem.cat\/#\/schema\/person\/2111428ce1954193a11054a1e2b5b0da","name":"adminTandem"}]}},"_links":{"self":[{"href":"https:\/\/entandem.cat\/fr\/wp-json\/wp\/v2\/posts\/4908","targetHints":{"allow":["GET"]}}],"collection":[{"href":"https:\/\/entandem.cat\/fr\/wp-json\/wp\/v2\/posts"}],"about":[{"href":"https:\/\/entandem.cat\/fr\/wp-json\/wp\/v2\/types\/post"}],"author":[{"embeddable":true,"href":"https:\/\/entandem.cat\/fr\/wp-json\/wp\/v2\/users\/1"}],"replies":[{"embeddable":true,"href":"https:\/\/entandem.cat\/fr\/wp-json\/wp\/v2\/comments?post=4908"}],"version-history":[{"count":0,"href":"https:\/\/entandem.cat\/fr\/wp-json\/wp\/v2\/posts\/4908\/revisions"}],"wp:featuredmedia":[{"embeddable":true,"href":"https:\/\/entandem.cat\/fr\/wp-json\/wp\/v2\/media\/3290"}],"wp:attachment":[{"href":"https:\/\/entandem.cat\/fr\/wp-json\/wp\/v2\/media?parent=4908"}],"wp:term":[{"taxonomy":"category","embeddable":true,"href":"https:\/\/entandem.cat\/fr\/wp-json\/wp\/v2\/categories?post=4908"},{"taxonomy":"post_tag","embeddable":true,"href":"https:\/\/entandem.cat\/fr\/wp-json\/wp\/v2\/tags?post=4908"}],"curies":[{"name":"wp","href":"https:\/\/api.w.org\/{rel}","templated":true}]}}