{"id":4904,"date":"2017-09-25T14:07:08","date_gmt":"2017-09-25T14:07:08","guid":{"rendered":"http:\/\/entandem.cat\/fr\/?p=4904"},"modified":"2018-06-28T15:00:13","modified_gmt":"2018-06-28T15:00:13","slug":"laura-cardus-es-busquen-estudiants-per-al-programa-de-mentoria-social-educativa-entandem-uoc-edu","status":"publish","type":"post","link":"https:\/\/entandem.cat\/fr\/presse\/laura-cardus-es-busquen-estudiants-per-al-programa-de-mentoria-social-educativa-entandem-uoc-edu\/","title":{"rendered":"Laura Card\u00fas: \u00ab\u00a0Es busquen estudiants per al programa de mentoria social i educativa enT\u00e0ndem\u00a0\u00bb &#8211; uoc.edu"},"content":{"rendered":"<p><strong>\u00ab\u00a0Participar-hi et permet desenvolupar un comprom\u00eds solidari amb una persona i veure com la teva acci\u00f3 de voluntariat t\u00e9 un efecte directe i concret\u00a0\u00bb<\/strong><\/p>\n<p><strong>Per Marian Ant\u00f3n a uoc.edu<\/strong><\/p>\n<p>La professora col\u00b7laboradora del grau d\u2019Educaci\u00f3 Social, Laura Card\u00fas tamb\u00e9 \u00e9s una de les persones que coordina el projecte <a href=\"https:\/\/entandem.cat\/fr\/\" target=\"_blank\" rel=\"noopener\">enT\u00e0ndem<\/a>. Precisament ara busquen voluntaris i volunt\u00e0ries universitaris que vulguin participar en aquest programa de mentoria social i educativa. Nom\u00e9s cal tenir dues hores a la setmana per a compartir-les amb un infant o un jove en risc d\u2019exclusi\u00f3 social.<\/p>\n<p><strong>Quin \u00e9s l\u2019objectiu d\u2019enT\u00e0ndem? <\/strong><\/p>\n<p>Es tracta d\u2019un projecte de mentoria socioeducativa que vol combatre la desigualtat d\u2019oportunitats educatives d\u2019infants i adolescents vulnerables, mitjan\u00e7ant l\u2019acci\u00f3 solid\u00e0ria d\u2019estudiants universitaris i joves mentors&#8230; <a href=\"http:\/\/cv.uoc.edu\/estudiant\/mes-uoc\/ca\/actualitat\/noticies\/comunitat\/arxiu\/2017\/entrevista_laura_cardus.html\" target=\"_blank\" rel=\"noopener\"><strong>Llegir l&rsquo;article sencer<\/strong><\/a><\/p>\n","protected":false},"excerpt":{"rendered":"<p>\u00ab\u00a0Participar-hi et permet desenvolupar un comprom\u00eds solidari amb una persona i veure com la teva acci\u00f3 de voluntariat t\u00e9 un efecte directe i concret\u00a0\u00bb Per Marian Ant\u00f3n a uoc.edu La professora col\u00b7laboradora del grau d\u2019Educaci\u00f3 Social, Laura Card\u00fas tamb\u00e9 \u00e9s una de les persones que coordina el projecte enT\u00e0ndem. Precisament ara busquen voluntaris i volunt\u00e0ries &hellip; <a href=\"https:\/\/entandem.cat\/fr\/presse\/laura-cardus-es-busquen-estudiants-per-al-programa-de-mentoria-social-educativa-entandem-uoc-edu\/\">Continued<\/a><\/p>\n","protected":false},"author":1,"featured_media":3528,"comment_status":"closed","ping_status":"open","sticky":false,"template":"","format":"standard","meta":{"footnotes":""},"categories":[323],"tags":[528,536,610,540],"class_list":["post-4904","post","type-post","status-publish","format-standard","has-post-thumbnail","hentry","category-presse","tag-exclusio-social-fr","tag-mentoria-social-fr","tag-voluntariat-fr","tag-voluntariat-social-fr"],"yoast_head":"<!-- This site is optimized with the Yoast SEO plugin v27.0 - https:\/\/yoast.com\/product\/yoast-seo-wordpress\/ -->\n<title>Laura Card\u00fas: &quot;Es busquen estudiants per al programa de mentoria social i educativa enT\u00e0ndem&quot; - uoc.edu - enT\u00e0ndem<\/title>\n<meta name=\"robots\" content=\"index, follow, max-snippet:-1, max-image-preview:large, max-video-preview:-1\" \/>\n<link rel=\"canonical\" href=\"https:\/\/entandem.cat\/fr\/presse\/laura-cardus-es-busquen-estudiants-per-al-programa-de-mentoria-social-educativa-entandem-uoc-edu\/\" \/>\n<meta property=\"og:locale\" content=\"fr_FR\" \/>\n<meta property=\"og:type\" content=\"article\" \/>\n<meta property=\"og:title\" content=\"Laura Card\u00fas: &quot;Es busquen estudiants per al programa de mentoria social i educativa enT\u00e0ndem&quot; - uoc.edu - enT\u00e0ndem\" \/>\n<meta property=\"og:description\" content=\"\u00ab\u00a0Participar-hi et permet desenvolupar un comprom\u00eds solidari amb una persona i veure com la teva acci\u00f3 de voluntariat t\u00e9 un efecte directe i concret\u00a0\u00bb Per Marian Ant\u00f3n a uoc.edu La professora col\u00b7laboradora del grau d\u2019Educaci\u00f3 Social, Laura Card\u00fas tamb\u00e9 \u00e9s una de les persones que coordina el projecte enT\u00e0ndem. Precisament ara busquen voluntaris i volunt\u00e0ries &hellip; Continued\" \/>\n<meta property=\"og:url\" content=\"https:\/\/entandem.cat\/fr\/presse\/laura-cardus-es-busquen-estudiants-per-al-programa-de-mentoria-social-educativa-entandem-uoc-edu\/\" \/>\n<meta property=\"og:site_name\" content=\"enT\u00e0ndem\" \/>\n<meta property=\"article:publisher\" content=\"https:\/\/www.facebook.com\/afevcat\" \/>\n<meta property=\"article:published_time\" content=\"2017-09-25T14:07:08+00:00\" \/>\n<meta property=\"article:modified_time\" content=\"2018-06-28T15:00:13+00:00\" \/>\n<meta property=\"og:image\" content=\"https:\/\/entandem.cat\/wp-content\/uploads\/2017\/09\/foto_laura_cardus_webdef-1-1024x703.jpg\" \/>\n\t<meta property=\"og:image:width\" content=\"1024\" \/>\n\t<meta property=\"og:image:height\" content=\"703\" \/>\n\t<meta property=\"og:image:type\" content=\"image\/jpeg\" \/>\n<meta name=\"author\" content=\"adminTandem\" \/>\n<meta name=\"twitter:card\" content=\"summary_large_image\" \/>\n<meta name=\"twitter:creator\" content=\"@afevcat\" \/>\n<meta name=\"twitter:site\" content=\"@afevcat\" \/>\n<meta name=\"twitter:label1\" content=\"\u00c9crit par\" \/>\n\t<meta name=\"twitter:data1\" content=\"adminTandem\" \/>\n\t<meta name=\"twitter:label2\" content=\"Dur\u00e9e de lecture estim\u00e9e\" \/>\n\t<meta name=\"twitter:data2\" content=\"1 minute\" \/>\n<script type=\"application\/ld+json\" class=\"yoast-schema-graph\">{\"@context\":\"https:\/\/schema.org\",\"@graph\":[{\"@type\":\"Article\",\"@id\":\"https:\/\/entandem.cat\/fr\/presse\/laura-cardus-es-busquen-estudiants-per-al-programa-de-mentoria-social-educativa-entandem-uoc-edu\/#article\",\"isPartOf\":{\"@id\":\"https:\/\/entandem.cat\/fr\/presse\/laura-cardus-es-busquen-estudiants-per-al-programa-de-mentoria-social-educativa-entandem-uoc-edu\/\"},\"author\":{\"name\":\"adminTandem\",\"@id\":\"https:\/\/entandem.cat\/#\/schema\/person\/2111428ce1954193a11054a1e2b5b0da\"},\"headline\":\"Laura Card\u00fas: \u00ab\u00a0Es busquen estudiants per al programa de mentoria social i educativa enT\u00e0ndem\u00a0\u00bb &#8211; uoc.edu\",\"datePublished\":\"2017-09-25T14:07:08+00:00\",\"dateModified\":\"2018-06-28T15:00:13+00:00\",\"mainEntityOfPage\":{\"@id\":\"https:\/\/entandem.cat\/fr\/presse\/laura-cardus-es-busquen-estudiants-per-al-programa-de-mentoria-social-educativa-entandem-uoc-edu\/\"},\"wordCount\":161,\"publisher\":{\"@id\":\"https:\/\/entandem.cat\/#organization\"},\"image\":{\"@id\":\"https:\/\/entandem.cat\/fr\/presse\/laura-cardus-es-busquen-estudiants-per-al-programa-de-mentoria-social-educativa-entandem-uoc-edu\/#primaryimage\"},\"thumbnailUrl\":\"https:\/\/entandem.cat\/wp-content\/uploads\/2017\/09\/foto_laura_cardus_webdef-1.jpg\",\"keywords\":[\"exclusi\u00f3 social\",\"mentoria social\",\"voluntariat\",\"voluntariat social\"],\"articleSection\":[\"Presse\"],\"inLanguage\":\"fr-FR\"},{\"@type\":\"WebPage\",\"@id\":\"https:\/\/entandem.cat\/fr\/presse\/laura-cardus-es-busquen-estudiants-per-al-programa-de-mentoria-social-educativa-entandem-uoc-edu\/\",\"url\":\"https:\/\/entandem.cat\/fr\/presse\/laura-cardus-es-busquen-estudiants-per-al-programa-de-mentoria-social-educativa-entandem-uoc-edu\/\",\"name\":\"Laura Card\u00fas: \\\"Es busquen estudiants per al programa de mentoria social i educativa enT\u00e0ndem\\\" - uoc.edu - enT\u00e0ndem\",\"isPartOf\":{\"@id\":\"https:\/\/entandem.cat\/#website\"},\"primaryImageOfPage\":{\"@id\":\"https:\/\/entandem.cat\/fr\/presse\/laura-cardus-es-busquen-estudiants-per-al-programa-de-mentoria-social-educativa-entandem-uoc-edu\/#primaryimage\"},\"image\":{\"@id\":\"https:\/\/entandem.cat\/fr\/presse\/laura-cardus-es-busquen-estudiants-per-al-programa-de-mentoria-social-educativa-entandem-uoc-edu\/#primaryimage\"},\"thumbnailUrl\":\"https:\/\/entandem.cat\/wp-content\/uploads\/2017\/09\/foto_laura_cardus_webdef-1.jpg\",\"datePublished\":\"2017-09-25T14:07:08+00:00\",\"dateModified\":\"2018-06-28T15:00:13+00:00\",\"breadcrumb\":{\"@id\":\"https:\/\/entandem.cat\/fr\/presse\/laura-cardus-es-busquen-estudiants-per-al-programa-de-mentoria-social-educativa-entandem-uoc-edu\/#breadcrumb\"},\"inLanguage\":\"fr-FR\",\"potentialAction\":[{\"@type\":\"ReadAction\",\"target\":[\"https:\/\/entandem.cat\/fr\/presse\/laura-cardus-es-busquen-estudiants-per-al-programa-de-mentoria-social-educativa-entandem-uoc-edu\/\"]}]},{\"@type\":\"ImageObject\",\"inLanguage\":\"fr-FR\",\"@id\":\"https:\/\/entandem.cat\/fr\/presse\/laura-cardus-es-busquen-estudiants-per-al-programa-de-mentoria-social-educativa-entandem-uoc-edu\/#primaryimage\",\"url\":\"https:\/\/entandem.cat\/wp-content\/uploads\/2017\/09\/foto_laura_cardus_webdef-1.jpg\",\"contentUrl\":\"https:\/\/entandem.cat\/wp-content\/uploads\/2017\/09\/foto_laura_cardus_webdef-1.jpg\",\"width\":5033,\"height\":3456},{\"@type\":\"BreadcrumbList\",\"@id\":\"https:\/\/entandem.cat\/fr\/presse\/laura-cardus-es-busquen-estudiants-per-al-programa-de-mentoria-social-educativa-entandem-uoc-edu\/#breadcrumb\",\"itemListElement\":[{\"@type\":\"ListItem\",\"position\":1,\"name\":\"Inici\",\"item\":\"https:\/\/entandem.cat\/fr\/\"},{\"@type\":\"ListItem\",\"position\":2,\"name\":\"Laura Card\u00fas: \u00ab\u00a0Es busquen estudiants per al programa de mentoria social i educativa enT\u00e0ndem\u00a0\u00bb &#8211; uoc.edu\"}]},{\"@type\":\"WebSite\",\"@id\":\"https:\/\/entandem.cat\/#website\",\"url\":\"https:\/\/entandem.cat\/\",\"name\":\"enT\u00e0ndem\",\"description\":\"Voluntariat Social Universitari\",\"publisher\":{\"@id\":\"https:\/\/entandem.cat\/#organization\"},\"potentialAction\":[{\"@type\":\"SearchAction\",\"target\":{\"@type\":\"EntryPoint\",\"urlTemplate\":\"https:\/\/entandem.cat\/?s={search_term_string}\"},\"query-input\":{\"@type\":\"PropertyValueSpecification\",\"valueRequired\":true,\"valueName\":\"search_term_string\"}}],\"inLanguage\":\"fr-FR\"},{\"@type\":\"Organization\",\"@id\":\"https:\/\/entandem.cat\/#organization\",\"name\":\"enT\u00e0ndem\",\"url\":\"https:\/\/entandem.cat\/\",\"logo\":{\"@type\":\"ImageObject\",\"inLanguage\":\"fr-FR\",\"@id\":\"https:\/\/entandem.cat\/#\/schema\/logo\/image\/\",\"url\":\"https:\/\/entandem.cat\/wp-content\/uploads\/2016\/12\/logo-entandem.png\",\"contentUrl\":\"https:\/\/entandem.cat\/wp-content\/uploads\/2016\/12\/logo-entandem.png\",\"width\":166,\"height\":44,\"caption\":\"enT\u00e0ndem\"},\"image\":{\"@id\":\"https:\/\/entandem.cat\/#\/schema\/logo\/image\/\"},\"sameAs\":[\"https:\/\/www.facebook.com\/afevcat\",\"https:\/\/x.com\/afevcat\",\"https:\/\/www.instagram.com\/afevcat\/\"]},{\"@type\":\"Person\",\"@id\":\"https:\/\/entandem.cat\/#\/schema\/person\/2111428ce1954193a11054a1e2b5b0da\",\"name\":\"adminTandem\"}]}<\/script>\n<!-- \/ Yoast SEO plugin. -->","yoast_head_json":{"title":"Laura Card\u00fas: \"Es busquen estudiants per al programa de mentoria social i educativa enT\u00e0ndem\" - uoc.edu - enT\u00e0ndem","robots":{"index":"index","follow":"follow","max-snippet":"max-snippet:-1","max-image-preview":"max-image-preview:large","max-video-preview":"max-video-preview:-1"},"canonical":"https:\/\/entandem.cat\/fr\/presse\/laura-cardus-es-busquen-estudiants-per-al-programa-de-mentoria-social-educativa-entandem-uoc-edu\/","og_locale":"fr_FR","og_type":"article","og_title":"Laura Card\u00fas: \"Es busquen estudiants per al programa de mentoria social i educativa enT\u00e0ndem\" - uoc.edu - enT\u00e0ndem","og_description":"\u00ab\u00a0Participar-hi et permet desenvolupar un comprom\u00eds solidari amb una persona i veure com la teva acci\u00f3 de voluntariat t\u00e9 un efecte directe i concret\u00a0\u00bb Per Marian Ant\u00f3n a uoc.edu La professora col\u00b7laboradora del grau d\u2019Educaci\u00f3 Social, Laura Card\u00fas tamb\u00e9 \u00e9s una de les persones que coordina el projecte enT\u00e0ndem. Precisament ara busquen voluntaris i volunt\u00e0ries &hellip; Continued","og_url":"https:\/\/entandem.cat\/fr\/presse\/laura-cardus-es-busquen-estudiants-per-al-programa-de-mentoria-social-educativa-entandem-uoc-edu\/","og_site_name":"enT\u00e0ndem","article_publisher":"https:\/\/www.facebook.com\/afevcat","article_published_time":"2017-09-25T14:07:08+00:00","article_modified_time":"2018-06-28T15:00:13+00:00","og_image":[{"width":1024,"height":703,"url":"https:\/\/entandem.cat\/wp-content\/uploads\/2017\/09\/foto_laura_cardus_webdef-1-1024x703.jpg","type":"image\/jpeg"}],"author":"adminTandem","twitter_card":"summary_large_image","twitter_creator":"@afevcat","twitter_site":"@afevcat","twitter_misc":{"\u00c9crit par":"adminTandem","Dur\u00e9e de lecture estim\u00e9e":"1 minute"},"schema":{"@context":"https:\/\/schema.org","@graph":[{"@type":"Article","@id":"https:\/\/entandem.cat\/fr\/presse\/laura-cardus-es-busquen-estudiants-per-al-programa-de-mentoria-social-educativa-entandem-uoc-edu\/#article","isPartOf":{"@id":"https:\/\/entandem.cat\/fr\/presse\/laura-cardus-es-busquen-estudiants-per-al-programa-de-mentoria-social-educativa-entandem-uoc-edu\/"},"author":{"name":"adminTandem","@id":"https:\/\/entandem.cat\/#\/schema\/person\/2111428ce1954193a11054a1e2b5b0da"},"headline":"Laura Card\u00fas: \u00ab\u00a0Es busquen estudiants per al programa de mentoria social i educativa enT\u00e0ndem\u00a0\u00bb &#8211; uoc.edu","datePublished":"2017-09-25T14:07:08+00:00","dateModified":"2018-06-28T15:00:13+00:00","mainEntityOfPage":{"@id":"https:\/\/entandem.cat\/fr\/presse\/laura-cardus-es-busquen-estudiants-per-al-programa-de-mentoria-social-educativa-entandem-uoc-edu\/"},"wordCount":161,"publisher":{"@id":"https:\/\/entandem.cat\/#organization"},"image":{"@id":"https:\/\/entandem.cat\/fr\/presse\/laura-cardus-es-busquen-estudiants-per-al-programa-de-mentoria-social-educativa-entandem-uoc-edu\/#primaryimage"},"thumbnailUrl":"https:\/\/entandem.cat\/wp-content\/uploads\/2017\/09\/foto_laura_cardus_webdef-1.jpg","keywords":["exclusi\u00f3 social","mentoria social","voluntariat","voluntariat social"],"articleSection":["Presse"],"inLanguage":"fr-FR"},{"@type":"WebPage","@id":"https:\/\/entandem.cat\/fr\/presse\/laura-cardus-es-busquen-estudiants-per-al-programa-de-mentoria-social-educativa-entandem-uoc-edu\/","url":"https:\/\/entandem.cat\/fr\/presse\/laura-cardus-es-busquen-estudiants-per-al-programa-de-mentoria-social-educativa-entandem-uoc-edu\/","name":"Laura Card\u00fas: \"Es busquen estudiants per al programa de mentoria social i educativa enT\u00e0ndem\" - uoc.edu - enT\u00e0ndem","isPartOf":{"@id":"https:\/\/entandem.cat\/#website"},"primaryImageOfPage":{"@id":"https:\/\/entandem.cat\/fr\/presse\/laura-cardus-es-busquen-estudiants-per-al-programa-de-mentoria-social-educativa-entandem-uoc-edu\/#primaryimage"},"image":{"@id":"https:\/\/entandem.cat\/fr\/presse\/laura-cardus-es-busquen-estudiants-per-al-programa-de-mentoria-social-educativa-entandem-uoc-edu\/#primaryimage"},"thumbnailUrl":"https:\/\/entandem.cat\/wp-content\/uploads\/2017\/09\/foto_laura_cardus_webdef-1.jpg","datePublished":"2017-09-25T14:07:08+00:00","dateModified":"2018-06-28T15:00:13+00:00","breadcrumb":{"@id":"https:\/\/entandem.cat\/fr\/presse\/laura-cardus-es-busquen-estudiants-per-al-programa-de-mentoria-social-educativa-entandem-uoc-edu\/#breadcrumb"},"inLanguage":"fr-FR","potentialAction":[{"@type":"ReadAction","target":["https:\/\/entandem.cat\/fr\/presse\/laura-cardus-es-busquen-estudiants-per-al-programa-de-mentoria-social-educativa-entandem-uoc-edu\/"]}]},{"@type":"ImageObject","inLanguage":"fr-FR","@id":"https:\/\/entandem.cat\/fr\/presse\/laura-cardus-es-busquen-estudiants-per-al-programa-de-mentoria-social-educativa-entandem-uoc-edu\/#primaryimage","url":"https:\/\/entandem.cat\/wp-content\/uploads\/2017\/09\/foto_laura_cardus_webdef-1.jpg","contentUrl":"https:\/\/entandem.cat\/wp-content\/uploads\/2017\/09\/foto_laura_cardus_webdef-1.jpg","width":5033,"height":3456},{"@type":"BreadcrumbList","@id":"https:\/\/entandem.cat\/fr\/presse\/laura-cardus-es-busquen-estudiants-per-al-programa-de-mentoria-social-educativa-entandem-uoc-edu\/#breadcrumb","itemListElement":[{"@type":"ListItem","position":1,"name":"Inici","item":"https:\/\/entandem.cat\/fr\/"},{"@type":"ListItem","position":2,"name":"Laura Card\u00fas: \u00ab\u00a0Es busquen estudiants per al programa de mentoria social i educativa enT\u00e0ndem\u00a0\u00bb &#8211; uoc.edu"}]},{"@type":"WebSite","@id":"https:\/\/entandem.cat\/#website","url":"https:\/\/entandem.cat\/","name":"enT\u00e0ndem","description":"Voluntariat Social Universitari","publisher":{"@id":"https:\/\/entandem.cat\/#organization"},"potentialAction":[{"@type":"SearchAction","target":{"@type":"EntryPoint","urlTemplate":"https:\/\/entandem.cat\/?s={search_term_string}"},"query-input":{"@type":"PropertyValueSpecification","valueRequired":true,"valueName":"search_term_string"}}],"inLanguage":"fr-FR"},{"@type":"Organization","@id":"https:\/\/entandem.cat\/#organization","name":"enT\u00e0ndem","url":"https:\/\/entandem.cat\/","logo":{"@type":"ImageObject","inLanguage":"fr-FR","@id":"https:\/\/entandem.cat\/#\/schema\/logo\/image\/","url":"https:\/\/entandem.cat\/wp-content\/uploads\/2016\/12\/logo-entandem.png","contentUrl":"https:\/\/entandem.cat\/wp-content\/uploads\/2016\/12\/logo-entandem.png","width":166,"height":44,"caption":"enT\u00e0ndem"},"image":{"@id":"https:\/\/entandem.cat\/#\/schema\/logo\/image\/"},"sameAs":["https:\/\/www.facebook.com\/afevcat","https:\/\/x.com\/afevcat","https:\/\/www.instagram.com\/afevcat\/"]},{"@type":"Person","@id":"https:\/\/entandem.cat\/#\/schema\/person\/2111428ce1954193a11054a1e2b5b0da","name":"adminTandem"}]}},"_links":{"self":[{"href":"https:\/\/entandem.cat\/fr\/wp-json\/wp\/v2\/posts\/4904","targetHints":{"allow":["GET"]}}],"collection":[{"href":"https:\/\/entandem.cat\/fr\/wp-json\/wp\/v2\/posts"}],"about":[{"href":"https:\/\/entandem.cat\/fr\/wp-json\/wp\/v2\/types\/post"}],"author":[{"embeddable":true,"href":"https:\/\/entandem.cat\/fr\/wp-json\/wp\/v2\/users\/1"}],"replies":[{"embeddable":true,"href":"https:\/\/entandem.cat\/fr\/wp-json\/wp\/v2\/comments?post=4904"}],"version-history":[{"count":0,"href":"https:\/\/entandem.cat\/fr\/wp-json\/wp\/v2\/posts\/4904\/revisions"}],"wp:featuredmedia":[{"embeddable":true,"href":"https:\/\/entandem.cat\/fr\/wp-json\/wp\/v2\/media\/3528"}],"wp:attachment":[{"href":"https:\/\/entandem.cat\/fr\/wp-json\/wp\/v2\/media?parent=4904"}],"wp:term":[{"taxonomy":"category","embeddable":true,"href":"https:\/\/entandem.cat\/fr\/wp-json\/wp\/v2\/categories?post=4904"},{"taxonomy":"post_tag","embeddable":true,"href":"https:\/\/entandem.cat\/fr\/wp-json\/wp\/v2\/tags?post=4904"}],"curies":[{"name":"wp","href":"https:\/\/api.w.org\/{rel}","templated":true}]}}