{"id":4902,"date":"2017-09-28T15:14:31","date_gmt":"2017-09-28T15:14:31","guid":{"rendered":"http:\/\/entandem.cat\/fr\/?p=4902"},"modified":"2018-06-28T15:00:02","modified_gmt":"2018-06-28T15:00:02","slug":"ariadna-y-samantha-su-historia-como-pareja-de-mentoria-mentoriasocial-org","status":"publish","type":"post","link":"https:\/\/entandem.cat\/fr\/presse\/ariadna-y-samantha-su-historia-como-pareja-de-mentoria-mentoriasocial-org\/","title":{"rendered":"\u00ab\u00a0Ariadna y Samantha: su historia como pareja de mentor\u00eda\u00a0\u00bb &#8211; mentoriasocial.org"},"content":{"rendered":"<div class=\" et_pb_row et_pb_row_1\">\n<div class=\"et_pb_column et_pb_column_4_4  et_pb_column_2\">\n<div class=\"clearfix et_pb_module et_pb_bg_layout_light et_pb_text_align_left  et_pb_cpt_text_0\">\n<p><strong>Ariadna y Samantha han formado parte del proyecto de mentor\u00eda EnT\u00e0ndem de AFEV Catalunya.<\/strong><\/p>\n<p class=\"at-below-post addthis_tool\" data-url=\"http:\/\/mentoriasocial.org\/actualidad\/ariadna-samantha-historia-pareja-mentoria\/\"><strong>\u00a0Per <a href=\"http:\/\/mentoriasocial.org\/\">Coordinadora Mentoria Social<\/a><\/strong><\/p>\n<p>Su relaci\u00f3n como mentorada y mentora ha durado dos a\u00f1os y en este v\u00eddeo nos cuentan sus vivencias y lo que han aprendido la una de la otra.<\/p>\n<p>El proyecto de mentor\u00eda<a href=\"https:\/\/entandem.cat\/fr\/\">\u00a0EnT\u00e0ndem de AFEV Catalunya<\/a>\u00a0se basa en la formaci\u00f3n de voluntarios universitarios que acompa\u00f1an como mentores a ni\u00f1os de entre 7 y 16 a\u00f1os en riesgo de exclusi\u00f3n social para mejorar la confianza del menor y tambi\u00e9n su relaci\u00f3n en la escuela y mejorar sus resultados acad\u00e9micos &#8230;<\/p>\n<p><span style=\"color: #ff0000;\"><a href=\"http:\/\/mentoriasocial.org\/actualidad\/ariadna-samantha-historia-pareja-mentoria\/#.Wq_TIXzA8dU\"><strong>Llegir l&rsquo;article original<\/strong> <\/a><\/span><\/p>\n<\/div>\n<p>&nbsp;<\/p>\n<div class=\"clearfix et_pb_module et_pb_bg_layout_light et_pb_text_align_left  et_pb_cpt_text_0\">\n<p><iframe loading=\"lazy\" title=\"Ariadna y Samantha: una historia de una pareja de mentor\u00eda de AFEV\" src=\"https:\/\/player.vimeo.com\/video\/235870359?dnt=1&amp;app_id=122963\" width=\"500\" height=\"281\" frameborder=\"0\" allow=\"autoplay; fullscreen; picture-in-picture; clipboard-write; encrypted-media; web-share\" referrerpolicy=\"strict-origin-when-cross-origin\"><\/iframe><\/p>\n<\/div>\n<\/div>\n<\/div>\n","protected":false},"excerpt":{"rendered":"<p>Ariadna y Samantha han formado parte del proyecto de mentor\u00eda EnT\u00e0ndem de AFEV Catalunya. \u00a0Per Coordinadora Mentoria Social Su relaci\u00f3n como mentorada y mentora ha durado dos a\u00f1os y en este v\u00eddeo nos cuentan sus vivencias y lo que han aprendido la una de la otra. El proyecto de mentor\u00eda\u00a0EnT\u00e0ndem de AFEV Catalunya\u00a0se basa en &hellip; <a href=\"https:\/\/entandem.cat\/fr\/presse\/ariadna-y-samantha-su-historia-como-pareja-de-mentoria-mentoriasocial-org\/\">Continued<\/a><\/p>\n","protected":false},"author":1,"featured_media":4346,"comment_status":"closed","ping_status":"open","sticky":false,"template":"","format":"standard","meta":{"footnotes":""},"categories":[323],"tags":[],"class_list":["post-4902","post","type-post","status-publish","format-standard","has-post-thumbnail","hentry","category-presse"],"yoast_head":"<!-- This site is optimized with the Yoast SEO plugin v27.0 - https:\/\/yoast.com\/product\/yoast-seo-wordpress\/ -->\n<title>&quot;Ariadna y Samantha: su historia como pareja de mentor\u00eda&quot; - mentoriasocial.org - enT\u00e0ndem<\/title>\n<meta name=\"robots\" content=\"index, follow, max-snippet:-1, max-image-preview:large, max-video-preview:-1\" \/>\n<link rel=\"canonical\" href=\"https:\/\/entandem.cat\/fr\/presse\/ariadna-y-samantha-su-historia-como-pareja-de-mentoria-mentoriasocial-org\/\" \/>\n<meta property=\"og:locale\" content=\"fr_FR\" \/>\n<meta property=\"og:type\" content=\"article\" \/>\n<meta property=\"og:title\" content=\"&quot;Ariadna y Samantha: su historia como pareja de mentor\u00eda&quot; - mentoriasocial.org - enT\u00e0ndem\" \/>\n<meta property=\"og:description\" content=\"Ariadna y Samantha han formado parte del proyecto de mentor\u00eda EnT\u00e0ndem de AFEV Catalunya. \u00a0Per Coordinadora Mentoria Social Su relaci\u00f3n como mentorada y mentora ha durado dos a\u00f1os y en este v\u00eddeo nos cuentan sus vivencias y lo que han aprendido la una de la otra. El proyecto de mentor\u00eda\u00a0EnT\u00e0ndem de AFEV Catalunya\u00a0se basa en &hellip; Continued\" \/>\n<meta property=\"og:url\" content=\"https:\/\/entandem.cat\/fr\/presse\/ariadna-y-samantha-su-historia-como-pareja-de-mentoria-mentoriasocial-org\/\" \/>\n<meta property=\"og:site_name\" content=\"enT\u00e0ndem\" \/>\n<meta property=\"article:publisher\" content=\"https:\/\/www.facebook.com\/afevcat\" \/>\n<meta property=\"article:published_time\" content=\"2017-09-28T15:14:31+00:00\" \/>\n<meta property=\"article:modified_time\" content=\"2018-06-28T15:00:02+00:00\" \/>\n<meta property=\"og:image\" content=\"https:\/\/entandem.cat\/wp-content\/uploads\/2018\/03\/Plaf\u00f311_Samantha-i-Ariadna3.jpg\" \/>\n\t<meta property=\"og:image:width\" content=\"1271\" \/>\n\t<meta property=\"og:image:height\" content=\"720\" \/>\n\t<meta property=\"og:image:type\" content=\"image\/jpeg\" \/>\n<meta name=\"author\" content=\"adminTandem\" \/>\n<meta name=\"twitter:card\" content=\"summary_large_image\" \/>\n<meta name=\"twitter:creator\" content=\"@afevcat\" \/>\n<meta name=\"twitter:site\" content=\"@afevcat\" \/>\n<meta name=\"twitter:label1\" content=\"\u00c9crit par\" \/>\n\t<meta name=\"twitter:data1\" content=\"adminTandem\" \/>\n\t<meta name=\"twitter:label2\" content=\"Dur\u00e9e de lecture estim\u00e9e\" \/>\n\t<meta name=\"twitter:data2\" content=\"1 minute\" \/>\n<script type=\"application\/ld+json\" class=\"yoast-schema-graph\">{\"@context\":\"https:\/\/schema.org\",\"@graph\":[{\"@type\":\"Article\",\"@id\":\"https:\/\/entandem.cat\/fr\/presse\/ariadna-y-samantha-su-historia-como-pareja-de-mentoria-mentoriasocial-org\/#article\",\"isPartOf\":{\"@id\":\"https:\/\/entandem.cat\/fr\/presse\/ariadna-y-samantha-su-historia-como-pareja-de-mentoria-mentoriasocial-org\/\"},\"author\":{\"name\":\"adminTandem\",\"@id\":\"https:\/\/entandem.cat\/#\/schema\/person\/2111428ce1954193a11054a1e2b5b0da\"},\"headline\":\"\u00ab\u00a0Ariadna y Samantha: su historia como pareja de mentor\u00eda\u00a0\u00bb &#8211; mentoriasocial.org\",\"datePublished\":\"2017-09-28T15:14:31+00:00\",\"dateModified\":\"2018-06-28T15:00:02+00:00\",\"mainEntityOfPage\":{\"@id\":\"https:\/\/entandem.cat\/fr\/presse\/ariadna-y-samantha-su-historia-como-pareja-de-mentoria-mentoriasocial-org\/\"},\"wordCount\":131,\"publisher\":{\"@id\":\"https:\/\/entandem.cat\/#organization\"},\"image\":{\"@id\":\"https:\/\/entandem.cat\/fr\/presse\/ariadna-y-samantha-su-historia-como-pareja-de-mentoria-mentoriasocial-org\/#primaryimage\"},\"thumbnailUrl\":\"https:\/\/entandem.cat\/wp-content\/uploads\/2018\/03\/Plaf\u00f311_Samantha-i-Ariadna3.jpg\",\"articleSection\":[\"Presse\"],\"inLanguage\":\"fr-FR\"},{\"@type\":\"WebPage\",\"@id\":\"https:\/\/entandem.cat\/fr\/presse\/ariadna-y-samantha-su-historia-como-pareja-de-mentoria-mentoriasocial-org\/\",\"url\":\"https:\/\/entandem.cat\/fr\/presse\/ariadna-y-samantha-su-historia-como-pareja-de-mentoria-mentoriasocial-org\/\",\"name\":\"\\\"Ariadna y Samantha: su historia como pareja de mentor\u00eda\\\" - mentoriasocial.org - enT\u00e0ndem\",\"isPartOf\":{\"@id\":\"https:\/\/entandem.cat\/#website\"},\"primaryImageOfPage\":{\"@id\":\"https:\/\/entandem.cat\/fr\/presse\/ariadna-y-samantha-su-historia-como-pareja-de-mentoria-mentoriasocial-org\/#primaryimage\"},\"image\":{\"@id\":\"https:\/\/entandem.cat\/fr\/presse\/ariadna-y-samantha-su-historia-como-pareja-de-mentoria-mentoriasocial-org\/#primaryimage\"},\"thumbnailUrl\":\"https:\/\/entandem.cat\/wp-content\/uploads\/2018\/03\/Plaf\u00f311_Samantha-i-Ariadna3.jpg\",\"datePublished\":\"2017-09-28T15:14:31+00:00\",\"dateModified\":\"2018-06-28T15:00:02+00:00\",\"breadcrumb\":{\"@id\":\"https:\/\/entandem.cat\/fr\/presse\/ariadna-y-samantha-su-historia-como-pareja-de-mentoria-mentoriasocial-org\/#breadcrumb\"},\"inLanguage\":\"fr-FR\",\"potentialAction\":[{\"@type\":\"ReadAction\",\"target\":[\"https:\/\/entandem.cat\/fr\/presse\/ariadna-y-samantha-su-historia-como-pareja-de-mentoria-mentoriasocial-org\/\"]}]},{\"@type\":\"ImageObject\",\"inLanguage\":\"fr-FR\",\"@id\":\"https:\/\/entandem.cat\/fr\/presse\/ariadna-y-samantha-su-historia-como-pareja-de-mentoria-mentoriasocial-org\/#primaryimage\",\"url\":\"https:\/\/entandem.cat\/wp-content\/uploads\/2018\/03\/Plaf\u00f311_Samantha-i-Ariadna3.jpg\",\"contentUrl\":\"https:\/\/entandem.cat\/wp-content\/uploads\/2018\/03\/Plaf\u00f311_Samantha-i-Ariadna3.jpg\",\"width\":1271,\"height\":720},{\"@type\":\"BreadcrumbList\",\"@id\":\"https:\/\/entandem.cat\/fr\/presse\/ariadna-y-samantha-su-historia-como-pareja-de-mentoria-mentoriasocial-org\/#breadcrumb\",\"itemListElement\":[{\"@type\":\"ListItem\",\"position\":1,\"name\":\"Inici\",\"item\":\"https:\/\/entandem.cat\/fr\/\"},{\"@type\":\"ListItem\",\"position\":2,\"name\":\"\u00ab\u00a0Ariadna y Samantha: su historia como pareja de mentor\u00eda\u00a0\u00bb &#8211; mentoriasocial.org\"}]},{\"@type\":\"WebSite\",\"@id\":\"https:\/\/entandem.cat\/#website\",\"url\":\"https:\/\/entandem.cat\/\",\"name\":\"enT\u00e0ndem\",\"description\":\"Voluntariat Social Universitari\",\"publisher\":{\"@id\":\"https:\/\/entandem.cat\/#organization\"},\"potentialAction\":[{\"@type\":\"SearchAction\",\"target\":{\"@type\":\"EntryPoint\",\"urlTemplate\":\"https:\/\/entandem.cat\/?s={search_term_string}\"},\"query-input\":{\"@type\":\"PropertyValueSpecification\",\"valueRequired\":true,\"valueName\":\"search_term_string\"}}],\"inLanguage\":\"fr-FR\"},{\"@type\":\"Organization\",\"@id\":\"https:\/\/entandem.cat\/#organization\",\"name\":\"enT\u00e0ndem\",\"url\":\"https:\/\/entandem.cat\/\",\"logo\":{\"@type\":\"ImageObject\",\"inLanguage\":\"fr-FR\",\"@id\":\"https:\/\/entandem.cat\/#\/schema\/logo\/image\/\",\"url\":\"https:\/\/entandem.cat\/wp-content\/uploads\/2016\/12\/logo-entandem.png\",\"contentUrl\":\"https:\/\/entandem.cat\/wp-content\/uploads\/2016\/12\/logo-entandem.png\",\"width\":166,\"height\":44,\"caption\":\"enT\u00e0ndem\"},\"image\":{\"@id\":\"https:\/\/entandem.cat\/#\/schema\/logo\/image\/\"},\"sameAs\":[\"https:\/\/www.facebook.com\/afevcat\",\"https:\/\/x.com\/afevcat\",\"https:\/\/www.instagram.com\/afevcat\/\"]},{\"@type\":\"Person\",\"@id\":\"https:\/\/entandem.cat\/#\/schema\/person\/2111428ce1954193a11054a1e2b5b0da\",\"name\":\"adminTandem\"}]}<\/script>\n<!-- \/ Yoast SEO plugin. -->","yoast_head_json":{"title":"\"Ariadna y Samantha: su historia como pareja de mentor\u00eda\" - mentoriasocial.org - enT\u00e0ndem","robots":{"index":"index","follow":"follow","max-snippet":"max-snippet:-1","max-image-preview":"max-image-preview:large","max-video-preview":"max-video-preview:-1"},"canonical":"https:\/\/entandem.cat\/fr\/presse\/ariadna-y-samantha-su-historia-como-pareja-de-mentoria-mentoriasocial-org\/","og_locale":"fr_FR","og_type":"article","og_title":"\"Ariadna y Samantha: su historia como pareja de mentor\u00eda\" - mentoriasocial.org - enT\u00e0ndem","og_description":"Ariadna y Samantha han formado parte del proyecto de mentor\u00eda EnT\u00e0ndem de AFEV Catalunya. \u00a0Per Coordinadora Mentoria Social Su relaci\u00f3n como mentorada y mentora ha durado dos a\u00f1os y en este v\u00eddeo nos cuentan sus vivencias y lo que han aprendido la una de la otra. El proyecto de mentor\u00eda\u00a0EnT\u00e0ndem de AFEV Catalunya\u00a0se basa en &hellip; Continued","og_url":"https:\/\/entandem.cat\/fr\/presse\/ariadna-y-samantha-su-historia-como-pareja-de-mentoria-mentoriasocial-org\/","og_site_name":"enT\u00e0ndem","article_publisher":"https:\/\/www.facebook.com\/afevcat","article_published_time":"2017-09-28T15:14:31+00:00","article_modified_time":"2018-06-28T15:00:02+00:00","og_image":[{"width":1271,"height":720,"url":"https:\/\/entandem.cat\/wp-content\/uploads\/2018\/03\/Plaf\u00f311_Samantha-i-Ariadna3.jpg","type":"image\/jpeg"}],"author":"adminTandem","twitter_card":"summary_large_image","twitter_creator":"@afevcat","twitter_site":"@afevcat","twitter_misc":{"\u00c9crit par":"adminTandem","Dur\u00e9e de lecture estim\u00e9e":"1 minute"},"schema":{"@context":"https:\/\/schema.org","@graph":[{"@type":"Article","@id":"https:\/\/entandem.cat\/fr\/presse\/ariadna-y-samantha-su-historia-como-pareja-de-mentoria-mentoriasocial-org\/#article","isPartOf":{"@id":"https:\/\/entandem.cat\/fr\/presse\/ariadna-y-samantha-su-historia-como-pareja-de-mentoria-mentoriasocial-org\/"},"author":{"name":"adminTandem","@id":"https:\/\/entandem.cat\/#\/schema\/person\/2111428ce1954193a11054a1e2b5b0da"},"headline":"\u00ab\u00a0Ariadna y Samantha: su historia como pareja de mentor\u00eda\u00a0\u00bb &#8211; mentoriasocial.org","datePublished":"2017-09-28T15:14:31+00:00","dateModified":"2018-06-28T15:00:02+00:00","mainEntityOfPage":{"@id":"https:\/\/entandem.cat\/fr\/presse\/ariadna-y-samantha-su-historia-como-pareja-de-mentoria-mentoriasocial-org\/"},"wordCount":131,"publisher":{"@id":"https:\/\/entandem.cat\/#organization"},"image":{"@id":"https:\/\/entandem.cat\/fr\/presse\/ariadna-y-samantha-su-historia-como-pareja-de-mentoria-mentoriasocial-org\/#primaryimage"},"thumbnailUrl":"https:\/\/entandem.cat\/wp-content\/uploads\/2018\/03\/Plaf\u00f311_Samantha-i-Ariadna3.jpg","articleSection":["Presse"],"inLanguage":"fr-FR"},{"@type":"WebPage","@id":"https:\/\/entandem.cat\/fr\/presse\/ariadna-y-samantha-su-historia-como-pareja-de-mentoria-mentoriasocial-org\/","url":"https:\/\/entandem.cat\/fr\/presse\/ariadna-y-samantha-su-historia-como-pareja-de-mentoria-mentoriasocial-org\/","name":"\"Ariadna y Samantha: su historia como pareja de mentor\u00eda\" - mentoriasocial.org - enT\u00e0ndem","isPartOf":{"@id":"https:\/\/entandem.cat\/#website"},"primaryImageOfPage":{"@id":"https:\/\/entandem.cat\/fr\/presse\/ariadna-y-samantha-su-historia-como-pareja-de-mentoria-mentoriasocial-org\/#primaryimage"},"image":{"@id":"https:\/\/entandem.cat\/fr\/presse\/ariadna-y-samantha-su-historia-como-pareja-de-mentoria-mentoriasocial-org\/#primaryimage"},"thumbnailUrl":"https:\/\/entandem.cat\/wp-content\/uploads\/2018\/03\/Plaf\u00f311_Samantha-i-Ariadna3.jpg","datePublished":"2017-09-28T15:14:31+00:00","dateModified":"2018-06-28T15:00:02+00:00","breadcrumb":{"@id":"https:\/\/entandem.cat\/fr\/presse\/ariadna-y-samantha-su-historia-como-pareja-de-mentoria-mentoriasocial-org\/#breadcrumb"},"inLanguage":"fr-FR","potentialAction":[{"@type":"ReadAction","target":["https:\/\/entandem.cat\/fr\/presse\/ariadna-y-samantha-su-historia-como-pareja-de-mentoria-mentoriasocial-org\/"]}]},{"@type":"ImageObject","inLanguage":"fr-FR","@id":"https:\/\/entandem.cat\/fr\/presse\/ariadna-y-samantha-su-historia-como-pareja-de-mentoria-mentoriasocial-org\/#primaryimage","url":"https:\/\/entandem.cat\/wp-content\/uploads\/2018\/03\/Plaf\u00f311_Samantha-i-Ariadna3.jpg","contentUrl":"https:\/\/entandem.cat\/wp-content\/uploads\/2018\/03\/Plaf\u00f311_Samantha-i-Ariadna3.jpg","width":1271,"height":720},{"@type":"BreadcrumbList","@id":"https:\/\/entandem.cat\/fr\/presse\/ariadna-y-samantha-su-historia-como-pareja-de-mentoria-mentoriasocial-org\/#breadcrumb","itemListElement":[{"@type":"ListItem","position":1,"name":"Inici","item":"https:\/\/entandem.cat\/fr\/"},{"@type":"ListItem","position":2,"name":"\u00ab\u00a0Ariadna y Samantha: su historia como pareja de mentor\u00eda\u00a0\u00bb &#8211; mentoriasocial.org"}]},{"@type":"WebSite","@id":"https:\/\/entandem.cat\/#website","url":"https:\/\/entandem.cat\/","name":"enT\u00e0ndem","description":"Voluntariat Social Universitari","publisher":{"@id":"https:\/\/entandem.cat\/#organization"},"potentialAction":[{"@type":"SearchAction","target":{"@type":"EntryPoint","urlTemplate":"https:\/\/entandem.cat\/?s={search_term_string}"},"query-input":{"@type":"PropertyValueSpecification","valueRequired":true,"valueName":"search_term_string"}}],"inLanguage":"fr-FR"},{"@type":"Organization","@id":"https:\/\/entandem.cat\/#organization","name":"enT\u00e0ndem","url":"https:\/\/entandem.cat\/","logo":{"@type":"ImageObject","inLanguage":"fr-FR","@id":"https:\/\/entandem.cat\/#\/schema\/logo\/image\/","url":"https:\/\/entandem.cat\/wp-content\/uploads\/2016\/12\/logo-entandem.png","contentUrl":"https:\/\/entandem.cat\/wp-content\/uploads\/2016\/12\/logo-entandem.png","width":166,"height":44,"caption":"enT\u00e0ndem"},"image":{"@id":"https:\/\/entandem.cat\/#\/schema\/logo\/image\/"},"sameAs":["https:\/\/www.facebook.com\/afevcat","https:\/\/x.com\/afevcat","https:\/\/www.instagram.com\/afevcat\/"]},{"@type":"Person","@id":"https:\/\/entandem.cat\/#\/schema\/person\/2111428ce1954193a11054a1e2b5b0da","name":"adminTandem"}]}},"_links":{"self":[{"href":"https:\/\/entandem.cat\/fr\/wp-json\/wp\/v2\/posts\/4902","targetHints":{"allow":["GET"]}}],"collection":[{"href":"https:\/\/entandem.cat\/fr\/wp-json\/wp\/v2\/posts"}],"about":[{"href":"https:\/\/entandem.cat\/fr\/wp-json\/wp\/v2\/types\/post"}],"author":[{"embeddable":true,"href":"https:\/\/entandem.cat\/fr\/wp-json\/wp\/v2\/users\/1"}],"replies":[{"embeddable":true,"href":"https:\/\/entandem.cat\/fr\/wp-json\/wp\/v2\/comments?post=4902"}],"version-history":[{"count":0,"href":"https:\/\/entandem.cat\/fr\/wp-json\/wp\/v2\/posts\/4902\/revisions"}],"wp:featuredmedia":[{"embeddable":true,"href":"https:\/\/entandem.cat\/fr\/wp-json\/wp\/v2\/media\/4346"}],"wp:attachment":[{"href":"https:\/\/entandem.cat\/fr\/wp-json\/wp\/v2\/media?parent=4902"}],"wp:term":[{"taxonomy":"category","embeddable":true,"href":"https:\/\/entandem.cat\/fr\/wp-json\/wp\/v2\/categories?post=4902"},{"taxonomy":"post_tag","embeddable":true,"href":"https:\/\/entandem.cat\/fr\/wp-json\/wp\/v2\/tags?post=4902"}],"curies":[{"name":"wp","href":"https:\/\/api.w.org\/{rel}","templated":true}]}}