{"id":4896,"date":"2017-12-29T10:00:18","date_gmt":"2017-12-29T10:00:18","guid":{"rendered":"http:\/\/entandem.cat\/fr\/?p=4896"},"modified":"2018-06-28T14:59:10","modified_gmt":"2018-06-28T14:59:10","slug":"manifest-afev-10-anys","status":"publish","type":"post","link":"https:\/\/entandem.cat\/fr\/savais-tu-que\/manifest-afev-10-anys\/","title":{"rendered":"Manifest AFEV 10 Anys"},"content":{"rendered":"<h5><strong>Ideari i reivindicacions dels 10 anys de l\u2019AFEV Catalunya. <\/strong><\/h5>\n<h5><em>Som una entitat sense \u00e0nim de lucre que neix a Fran\u00e7a en 1991 com un moviment d&rsquo;educaci\u00f3 no formal i amb l&rsquo;objectiu de ser una contribuci\u00f3 ciutadana a les pol\u00edtiques socials de la ciutat. Promovem el voluntariat social universitari per lluitar contra les desigualtats socials, col\u00b7laborant en accions de solidaritat, en particular en territoris amb dificultats. Volem crear un vincle entre dues joventuts que, normalment, no tenen ocasi\u00f3 de trobar-se: els infants i joves en dificultat escolar i social i els estudiants universitaris.<\/em><\/h5>\n<h5><em>Fomentar el voluntariat \u00e9s, per nosaltres, quelcom vertebral, entenent que aquest objectiu constitueix una potent eina a l\u2019hora de crear una ciutadania activa, cr\u00edtica, solid\u00e0ria i coneixedora del seu entorn. Una ciutadania que se senti interpel\u00b7lada per transformar totes aquelles coses que la indignen. El proc\u00e9s individual de polititzaci\u00f3 del voluntariat, a m\u00e9s, es consolida amb les accions que realitzen al marc comunitari on desenvolupem els nostres projectes: accions que, quotidianament i de forma gaireb\u00e9 imperceptible, van esquerdant les situacions d\u2019exclusi\u00f3 dels barris, contribuint a la cohesi\u00f3 i a la millora de la qualitat de vida de les seves ve\u00efnes i ve\u00efns.<\/em><\/h5>\n<p>&nbsp;<\/p>\n<p style=\"text-align: center;\"><span style=\"color: #c00000; font-size: 18pt;\"><strong>10 anys d\u2019hist\u00f2ries, 10 anys de viv\u00e8ncies, 10 an<\/strong><strong>ys de comprom\u00eds<\/strong><strong>\u2026 <\/strong><strong>10 eixos de lluita<\/strong><\/span><\/p>\n<p>&nbsp;<\/p>\n<ol>\n<li><span style=\"color: #c00000;\"><strong>VOLUNTARIAT<\/strong><\/span>. <strong><em>Reivindiquem<\/em><\/strong> el paper del jovent com a part imprescindible d\u2019una ciutadania activa, compromesa, solid\u00e0ria i cr\u00edtica amb el m\u00f3n que l\u2019envolta: una ciutadania que se senti interpel\u00b7lada i encoratjada per transformar totes aquelles coses que la indignen.<\/li>\n<\/ol>\n<p><strong>\u00a0<\/strong><\/p>\n<ol start=\"2\">\n<li><span style=\"color: #c00000;\"><strong>MENTORIA<\/strong><\/span>. <strong><em>Promovem<\/em><\/strong> la mentoria social i educativa com a eina d\u2019intervenci\u00f3 social amb enormes potencials. El guiatge i suport individual que fan les persones mentores no sols constitueix un acompanyament c\u00f2mplice a infants i joves en el seu pas cap l\u2019edat adulta, sin\u00f3 que tamb\u00e9 dona lloc a vincles especials, generadors de comprom\u00eds mutu, solidaritat, respecte i companyonia. Vincles que, a la llarga, contribuiran a subvertir determinants socials que semblaven inalterables. \u00a0<\/li>\n<\/ol>\n<p><strong>\u00a0<\/strong><\/p>\n<ol start=\"3\">\n<li><span style=\"color: #c00000;\"><strong>DRETS DELS INFANTS<\/strong><\/span>. <strong><em>Lluitem per<\/em><\/strong> fer efectius, en el context local, els drets recollits a la Convenci\u00f3 sobre els Drets dels Infants. En especial, aquells drets que vetllen per assegurar l\u2019acc\u00e9s a l\u2019educaci\u00f3 i l\u2019orientaci\u00f3 educativa a infants i joves, aix\u00ed com tamb\u00e9 d\u2019aquells que busquen afavorir el seu descans, lleure, joc, esbarjo i participaci\u00f3 en la vida cultural. Drets inalienables i irrenunciables que busquen garantir una bona infantesa i tamb\u00e9 assegurar una igualtat de condicions per a tots els nens i nenes.<\/li>\n<\/ol>\n<p><strong>\u00a0<\/strong><\/p>\n<ol start=\"4\">\n<li><strong><span style=\"color: #c00000;\">\u00c8XIT ACAD\u00c8MIC I SOCIAL<\/span>. <\/strong><strong><em>Treballem per <\/em><\/strong>reduir l\u2019exclusi\u00f3 socioeducativa a qu\u00e8 es veuen empesos nombrosos infants i joves de diferents territoris de Catalunya, tot afavorint nous marcs d\u2019oportunitat que els permetin descobrir altres realitats. Aquestes els ajudaran a il\u00b7lusionar-se novament, a (re)inventar el seu propi cam\u00ed, a creure en les seves potencialitats: treballem, doncs, per crear vies que permetin els i les joves desmarcar-se de les injustes condicions de partida que els precedeixen.<\/li>\n<\/ol>\n<p><strong>\u00a0<\/strong><\/p>\n<ol start=\"5\">\n<li><span style=\"color: #c00000;\"><strong>SOLIDARITAT<\/strong><\/span>. <strong><em>Partim de <\/em><\/strong>la consci\u00e8ncia que el m\u00f3n es troba vertebrat per relacions de poder que han donat lloc a fortes desigualtats. Dins aquest esquema, gaudir de <em>temps<\/em> <em>lliure<\/em> continua sent privilegi d\u2019una minoria: un dret no accessible a tothom. \u00c9s per aix\u00f2 que celebrem la decisi\u00f3 de totes aquelles joves que, conscients d\u2019aquesta injusta realitat, prenen partit en la seva transformaci\u00f3, comprometent, de manera solid\u00e0ria, part del seu temps per capgirar-la.<\/li>\n<\/ol>\n<p><strong>\u00a0<\/strong><\/p>\n<ol start=\"6\">\n<li><span style=\"color: #c00000;\"><strong>CIUTAT, ESPAI EDUCATIU<\/strong><\/span>. <strong><em>Entenem<\/em><\/strong> la ciutat com un espai de tots i totes, on aprenem, intercanviem i participem; un espai per a l\u2019exercici de la democr\u00e0cia directa, per a la consolidaci\u00f3 d\u2019una ciutadania plena i per a la consecuci\u00f3 de la just\u00edcia social. En aquest sentit, la nostra contribuci\u00f3 se centra en impulsar la mobilitzaci\u00f3 ciutadana, tot fomentant la mirada cr\u00edtica, la corresponsabilitat, la solidaritat i la transformaci\u00f3 social del jovent.<\/li>\n<\/ol>\n<p><strong>\u00a0<\/strong><\/p>\n<ol start=\"7\">\n<li><span style=\"color: #c00000;\"><strong>DESIGUALTATS<\/strong><\/span>. <strong><em>Combatem<\/em><\/strong> el progressiu empobriment social que ha tingut lloc durant els darrers anys, aix\u00ed com les desigualtats i les injust\u00edcies que, intr\u00ednseques a aquest, se n\u2019han derivat, afectant a amples capes de la societat i, sobretot, als sectors amb situacions de partida m\u00e9s adverses. La precaritzaci\u00f3, la vulneraci\u00f3 de drets, la discriminaci\u00f3, l\u2019exclusi\u00f3,&#8230; s\u00f3n fen\u00f2mens que ens toquen de prop i que ens neguem a acceptar sense oposar resist\u00e8ncia.<\/li>\n<\/ol>\n<p><strong>\u00a0<\/strong><\/p>\n<ol start=\"8\">\n<li><span style=\"color: #c00000;\"><strong>OPORTUNITATS<\/strong><\/span>. <strong><em>Defensem<\/em><\/strong> que tothom tingui l\u2019oportunitat de ser qui vulgui ser, de rec\u00f3rrer els camins que vulgui rec\u00f3rrer i de desenvolupar-se personalment de la manera m\u00e9s acord als seus desitjos, m\u00e9s enll\u00e0 de qualsevol tipus d\u2019obstacle de partida que pugui haver. Combatre els diferents eixos de desigualtat existents per construir una realitat m\u00e9s <em>vivible<\/em>, digna i plena per tothom.<\/li>\n<\/ol>\n<p><strong>\u00a0<\/strong><\/p>\n<ol start=\"9\">\n<li><span style=\"color: #c00000;\"><strong>TREBALL EN XARXA<\/strong><\/span>. <strong><em>Apostem<\/em><\/strong> per un treball col\u00b7laboratiu, teixint xarxes i establint lligams entre els diferents agents de la ciutat. Un treball que, deixant enrere accions a\u00efllades i inconnexes, permeti generar aliances i decidir estrat\u00e8gies de manera col\u00b7lectiva, entenent, que nom\u00e9s aix\u00ed, aconseguirem la for\u00e7a suficient per incidir i transformar tot all\u00f2 que ens indigna.<\/li>\n<\/ol>\n<p><strong>\u00a0<\/strong><\/p>\n<ol start=\"10\">\n<li><span style=\"color: #c00000;\"><strong>RESPONSABILITAT SOCIAL DE LA UNIVERSITAT<\/strong><\/span>. <strong>Reclamem<\/strong> el paper que han de tenir les universitats com a ens clau d\u2019igualaci\u00f3 entre la ciutadania. Per aix\u00f2, les administracions i els centres d\u2019educaci\u00f3 superior han de vetllar per la democratitzaci\u00f3 de l\u2019ensenyament superior, garantir l\u2019acc\u00e9s i la sostenibilitat de la vida de les persones que hi estudien; aix\u00ed com fer el possible per incidir positivament en l\u2019entorn on estan implantades, facilitant la comunicaci\u00f3, l\u2019intercanvi i el desenvolupament de la societat que les acull. \u00a0<\/li>\n<\/ol>\n","protected":false},"excerpt":{"rendered":"<p>Ideari i reivindicacions dels 10 anys de l\u2019AFEV Catalunya. Som una entitat sense \u00e0nim de lucre que neix a Fran\u00e7a en 1991 com un moviment d&rsquo;educaci\u00f3 no formal i amb l&rsquo;objectiu de ser una contribuci\u00f3 ciutadana a les pol\u00edtiques socials de la ciutat. Promovem el voluntariat social universitari per lluitar contra les desigualtats socials, col\u00b7laborant &hellip; <a href=\"https:\/\/entandem.cat\/fr\/savais-tu-que\/manifest-afev-10-anys\/\">Continued<\/a><\/p>\n","protected":false},"author":1,"featured_media":3796,"comment_status":"closed","ping_status":"open","sticky":false,"template":"","format":"standard","meta":{"footnotes":""},"categories":[324],"tags":[518,519,522,523,524,527,536,537,538,540],"class_list":["post-4896","post","type-post","status-publish","format-standard","has-post-thumbnail","hentry","category-savais-tu-que","tag-acompanyament-educatiu-fr","tag-acompanyaments-fr","tag-adolescents-fr","tag-afev-fr","tag-autoestima-fr","tag-entandem-fr","tag-mentoria-social-fr","tag-tandems-fr","tag-testimoni-fr","tag-voluntariat-social-fr"],"yoast_head":"<!-- This site is optimized with the Yoast SEO plugin v27.0 - https:\/\/yoast.com\/product\/yoast-seo-wordpress\/ -->\n<title>Manifest AFEV 10 Anys - enT\u00e0ndem<\/title>\n<meta name=\"robots\" content=\"index, follow, max-snippet:-1, max-image-preview:large, max-video-preview:-1\" \/>\n<link rel=\"canonical\" href=\"https:\/\/entandem.cat\/fr\/savais-tu-que\/manifest-afev-10-anys\/\" \/>\n<meta property=\"og:locale\" content=\"fr_FR\" \/>\n<meta property=\"og:type\" content=\"article\" \/>\n<meta property=\"og:title\" content=\"Manifest AFEV 10 Anys - enT\u00e0ndem\" \/>\n<meta property=\"og:description\" content=\"Ideari i reivindicacions dels 10 anys de l\u2019AFEV Catalunya. Som una entitat sense \u00e0nim de lucre que neix a Fran\u00e7a en 1991 com un moviment d&rsquo;educaci\u00f3 no formal i amb l&rsquo;objectiu de ser una contribuci\u00f3 ciutadana a les pol\u00edtiques socials de la ciutat. Promovem el voluntariat social universitari per lluitar contra les desigualtats socials, col\u00b7laborant &hellip; Continued\" \/>\n<meta property=\"og:url\" content=\"https:\/\/entandem.cat\/fr\/savais-tu-que\/manifest-afev-10-anys\/\" \/>\n<meta property=\"og:site_name\" content=\"enT\u00e0ndem\" \/>\n<meta property=\"article:publisher\" content=\"https:\/\/www.facebook.com\/afevcat\" \/>\n<meta property=\"article:published_time\" content=\"2017-12-29T10:00:18+00:00\" \/>\n<meta property=\"article:modified_time\" content=\"2018-06-28T14:59:10+00:00\" \/>\n<meta property=\"og:image\" content=\"https:\/\/entandem.cat\/wp-content\/uploads\/2017\/12\/10anys_vermell1.jpg\" \/>\n\t<meta property=\"og:image:width\" content=\"1456\" \/>\n\t<meta property=\"og:image:height\" content=\"875\" \/>\n\t<meta property=\"og:image:type\" content=\"image\/jpeg\" \/>\n<meta name=\"author\" content=\"adminTandem\" \/>\n<meta name=\"twitter:card\" content=\"summary_large_image\" \/>\n<meta name=\"twitter:creator\" content=\"@afevcat\" \/>\n<meta name=\"twitter:site\" content=\"@afevcat\" \/>\n<meta name=\"twitter:label1\" content=\"\u00c9crit par\" \/>\n\t<meta name=\"twitter:data1\" content=\"adminTandem\" \/>\n\t<meta name=\"twitter:label2\" content=\"Dur\u00e9e de lecture estim\u00e9e\" \/>\n\t<meta name=\"twitter:data2\" content=\"5 minutes\" \/>\n<script type=\"application\/ld+json\" class=\"yoast-schema-graph\">{\"@context\":\"https:\/\/schema.org\",\"@graph\":[{\"@type\":\"Article\",\"@id\":\"https:\/\/entandem.cat\/fr\/savais-tu-que\/manifest-afev-10-anys\/#article\",\"isPartOf\":{\"@id\":\"https:\/\/entandem.cat\/fr\/savais-tu-que\/manifest-afev-10-anys\/\"},\"author\":{\"name\":\"adminTandem\",\"@id\":\"https:\/\/entandem.cat\/#\/schema\/person\/2111428ce1954193a11054a1e2b5b0da\"},\"headline\":\"Manifest AFEV 10 Anys\",\"datePublished\":\"2017-12-29T10:00:18+00:00\",\"dateModified\":\"2018-06-28T14:59:10+00:00\",\"mainEntityOfPage\":{\"@id\":\"https:\/\/entandem.cat\/fr\/savais-tu-que\/manifest-afev-10-anys\/\"},\"wordCount\":958,\"publisher\":{\"@id\":\"https:\/\/entandem.cat\/#organization\"},\"image\":{\"@id\":\"https:\/\/entandem.cat\/fr\/savais-tu-que\/manifest-afev-10-anys\/#primaryimage\"},\"thumbnailUrl\":\"https:\/\/entandem.cat\/wp-content\/uploads\/2017\/12\/10anys_vermell1.jpg\",\"keywords\":[\"acompanyament educatiu\",\"acompanyaments\",\"adolescents\",\"afev\",\"autoestima\",\"entandem\",\"mentoria social\",\"t\u00e0ndems\",\"testimoni\",\"voluntariat social\"],\"articleSection\":[\"Savias-tu que...\"],\"inLanguage\":\"fr-FR\"},{\"@type\":\"WebPage\",\"@id\":\"https:\/\/entandem.cat\/fr\/savais-tu-que\/manifest-afev-10-anys\/\",\"url\":\"https:\/\/entandem.cat\/fr\/savais-tu-que\/manifest-afev-10-anys\/\",\"name\":\"Manifest AFEV 10 Anys - enT\u00e0ndem\",\"isPartOf\":{\"@id\":\"https:\/\/entandem.cat\/#website\"},\"primaryImageOfPage\":{\"@id\":\"https:\/\/entandem.cat\/fr\/savais-tu-que\/manifest-afev-10-anys\/#primaryimage\"},\"image\":{\"@id\":\"https:\/\/entandem.cat\/fr\/savais-tu-que\/manifest-afev-10-anys\/#primaryimage\"},\"thumbnailUrl\":\"https:\/\/entandem.cat\/wp-content\/uploads\/2017\/12\/10anys_vermell1.jpg\",\"datePublished\":\"2017-12-29T10:00:18+00:00\",\"dateModified\":\"2018-06-28T14:59:10+00:00\",\"breadcrumb\":{\"@id\":\"https:\/\/entandem.cat\/fr\/savais-tu-que\/manifest-afev-10-anys\/#breadcrumb\"},\"inLanguage\":\"fr-FR\",\"potentialAction\":[{\"@type\":\"ReadAction\",\"target\":[\"https:\/\/entandem.cat\/fr\/savais-tu-que\/manifest-afev-10-anys\/\"]}]},{\"@type\":\"ImageObject\",\"inLanguage\":\"fr-FR\",\"@id\":\"https:\/\/entandem.cat\/fr\/savais-tu-que\/manifest-afev-10-anys\/#primaryimage\",\"url\":\"https:\/\/entandem.cat\/wp-content\/uploads\/2017\/12\/10anys_vermell1.jpg\",\"contentUrl\":\"https:\/\/entandem.cat\/wp-content\/uploads\/2017\/12\/10anys_vermell1.jpg\",\"width\":1456,\"height\":875},{\"@type\":\"BreadcrumbList\",\"@id\":\"https:\/\/entandem.cat\/fr\/savais-tu-que\/manifest-afev-10-anys\/#breadcrumb\",\"itemListElement\":[{\"@type\":\"ListItem\",\"position\":1,\"name\":\"Inici\",\"item\":\"https:\/\/entandem.cat\/fr\/\"},{\"@type\":\"ListItem\",\"position\":2,\"name\":\"Manifest AFEV 10 Anys\"}]},{\"@type\":\"WebSite\",\"@id\":\"https:\/\/entandem.cat\/#website\",\"url\":\"https:\/\/entandem.cat\/\",\"name\":\"enT\u00e0ndem\",\"description\":\"Voluntariat Social Universitari\",\"publisher\":{\"@id\":\"https:\/\/entandem.cat\/#organization\"},\"potentialAction\":[{\"@type\":\"SearchAction\",\"target\":{\"@type\":\"EntryPoint\",\"urlTemplate\":\"https:\/\/entandem.cat\/?s={search_term_string}\"},\"query-input\":{\"@type\":\"PropertyValueSpecification\",\"valueRequired\":true,\"valueName\":\"search_term_string\"}}],\"inLanguage\":\"fr-FR\"},{\"@type\":\"Organization\",\"@id\":\"https:\/\/entandem.cat\/#organization\",\"name\":\"enT\u00e0ndem\",\"url\":\"https:\/\/entandem.cat\/\",\"logo\":{\"@type\":\"ImageObject\",\"inLanguage\":\"fr-FR\",\"@id\":\"https:\/\/entandem.cat\/#\/schema\/logo\/image\/\",\"url\":\"https:\/\/entandem.cat\/wp-content\/uploads\/2016\/12\/logo-entandem.png\",\"contentUrl\":\"https:\/\/entandem.cat\/wp-content\/uploads\/2016\/12\/logo-entandem.png\",\"width\":166,\"height\":44,\"caption\":\"enT\u00e0ndem\"},\"image\":{\"@id\":\"https:\/\/entandem.cat\/#\/schema\/logo\/image\/\"},\"sameAs\":[\"https:\/\/www.facebook.com\/afevcat\",\"https:\/\/x.com\/afevcat\",\"https:\/\/www.instagram.com\/afevcat\/\"]},{\"@type\":\"Person\",\"@id\":\"https:\/\/entandem.cat\/#\/schema\/person\/2111428ce1954193a11054a1e2b5b0da\",\"name\":\"adminTandem\"}]}<\/script>\n<!-- \/ Yoast SEO plugin. -->","yoast_head_json":{"title":"Manifest AFEV 10 Anys - enT\u00e0ndem","robots":{"index":"index","follow":"follow","max-snippet":"max-snippet:-1","max-image-preview":"max-image-preview:large","max-video-preview":"max-video-preview:-1"},"canonical":"https:\/\/entandem.cat\/fr\/savais-tu-que\/manifest-afev-10-anys\/","og_locale":"fr_FR","og_type":"article","og_title":"Manifest AFEV 10 Anys - enT\u00e0ndem","og_description":"Ideari i reivindicacions dels 10 anys de l\u2019AFEV Catalunya. Som una entitat sense \u00e0nim de lucre que neix a Fran\u00e7a en 1991 com un moviment d&rsquo;educaci\u00f3 no formal i amb l&rsquo;objectiu de ser una contribuci\u00f3 ciutadana a les pol\u00edtiques socials de la ciutat. Promovem el voluntariat social universitari per lluitar contra les desigualtats socials, col\u00b7laborant &hellip; Continued","og_url":"https:\/\/entandem.cat\/fr\/savais-tu-que\/manifest-afev-10-anys\/","og_site_name":"enT\u00e0ndem","article_publisher":"https:\/\/www.facebook.com\/afevcat","article_published_time":"2017-12-29T10:00:18+00:00","article_modified_time":"2018-06-28T14:59:10+00:00","og_image":[{"width":1456,"height":875,"url":"https:\/\/entandem.cat\/wp-content\/uploads\/2017\/12\/10anys_vermell1.jpg","type":"image\/jpeg"}],"author":"adminTandem","twitter_card":"summary_large_image","twitter_creator":"@afevcat","twitter_site":"@afevcat","twitter_misc":{"\u00c9crit par":"adminTandem","Dur\u00e9e de lecture estim\u00e9e":"5 minutes"},"schema":{"@context":"https:\/\/schema.org","@graph":[{"@type":"Article","@id":"https:\/\/entandem.cat\/fr\/savais-tu-que\/manifest-afev-10-anys\/#article","isPartOf":{"@id":"https:\/\/entandem.cat\/fr\/savais-tu-que\/manifest-afev-10-anys\/"},"author":{"name":"adminTandem","@id":"https:\/\/entandem.cat\/#\/schema\/person\/2111428ce1954193a11054a1e2b5b0da"},"headline":"Manifest AFEV 10 Anys","datePublished":"2017-12-29T10:00:18+00:00","dateModified":"2018-06-28T14:59:10+00:00","mainEntityOfPage":{"@id":"https:\/\/entandem.cat\/fr\/savais-tu-que\/manifest-afev-10-anys\/"},"wordCount":958,"publisher":{"@id":"https:\/\/entandem.cat\/#organization"},"image":{"@id":"https:\/\/entandem.cat\/fr\/savais-tu-que\/manifest-afev-10-anys\/#primaryimage"},"thumbnailUrl":"https:\/\/entandem.cat\/wp-content\/uploads\/2017\/12\/10anys_vermell1.jpg","keywords":["acompanyament educatiu","acompanyaments","adolescents","afev","autoestima","entandem","mentoria social","t\u00e0ndems","testimoni","voluntariat social"],"articleSection":["Savias-tu que..."],"inLanguage":"fr-FR"},{"@type":"WebPage","@id":"https:\/\/entandem.cat\/fr\/savais-tu-que\/manifest-afev-10-anys\/","url":"https:\/\/entandem.cat\/fr\/savais-tu-que\/manifest-afev-10-anys\/","name":"Manifest AFEV 10 Anys - enT\u00e0ndem","isPartOf":{"@id":"https:\/\/entandem.cat\/#website"},"primaryImageOfPage":{"@id":"https:\/\/entandem.cat\/fr\/savais-tu-que\/manifest-afev-10-anys\/#primaryimage"},"image":{"@id":"https:\/\/entandem.cat\/fr\/savais-tu-que\/manifest-afev-10-anys\/#primaryimage"},"thumbnailUrl":"https:\/\/entandem.cat\/wp-content\/uploads\/2017\/12\/10anys_vermell1.jpg","datePublished":"2017-12-29T10:00:18+00:00","dateModified":"2018-06-28T14:59:10+00:00","breadcrumb":{"@id":"https:\/\/entandem.cat\/fr\/savais-tu-que\/manifest-afev-10-anys\/#breadcrumb"},"inLanguage":"fr-FR","potentialAction":[{"@type":"ReadAction","target":["https:\/\/entandem.cat\/fr\/savais-tu-que\/manifest-afev-10-anys\/"]}]},{"@type":"ImageObject","inLanguage":"fr-FR","@id":"https:\/\/entandem.cat\/fr\/savais-tu-que\/manifest-afev-10-anys\/#primaryimage","url":"https:\/\/entandem.cat\/wp-content\/uploads\/2017\/12\/10anys_vermell1.jpg","contentUrl":"https:\/\/entandem.cat\/wp-content\/uploads\/2017\/12\/10anys_vermell1.jpg","width":1456,"height":875},{"@type":"BreadcrumbList","@id":"https:\/\/entandem.cat\/fr\/savais-tu-que\/manifest-afev-10-anys\/#breadcrumb","itemListElement":[{"@type":"ListItem","position":1,"name":"Inici","item":"https:\/\/entandem.cat\/fr\/"},{"@type":"ListItem","position":2,"name":"Manifest AFEV 10 Anys"}]},{"@type":"WebSite","@id":"https:\/\/entandem.cat\/#website","url":"https:\/\/entandem.cat\/","name":"enT\u00e0ndem","description":"Voluntariat Social Universitari","publisher":{"@id":"https:\/\/entandem.cat\/#organization"},"potentialAction":[{"@type":"SearchAction","target":{"@type":"EntryPoint","urlTemplate":"https:\/\/entandem.cat\/?s={search_term_string}"},"query-input":{"@type":"PropertyValueSpecification","valueRequired":true,"valueName":"search_term_string"}}],"inLanguage":"fr-FR"},{"@type":"Organization","@id":"https:\/\/entandem.cat\/#organization","name":"enT\u00e0ndem","url":"https:\/\/entandem.cat\/","logo":{"@type":"ImageObject","inLanguage":"fr-FR","@id":"https:\/\/entandem.cat\/#\/schema\/logo\/image\/","url":"https:\/\/entandem.cat\/wp-content\/uploads\/2016\/12\/logo-entandem.png","contentUrl":"https:\/\/entandem.cat\/wp-content\/uploads\/2016\/12\/logo-entandem.png","width":166,"height":44,"caption":"enT\u00e0ndem"},"image":{"@id":"https:\/\/entandem.cat\/#\/schema\/logo\/image\/"},"sameAs":["https:\/\/www.facebook.com\/afevcat","https:\/\/x.com\/afevcat","https:\/\/www.instagram.com\/afevcat\/"]},{"@type":"Person","@id":"https:\/\/entandem.cat\/#\/schema\/person\/2111428ce1954193a11054a1e2b5b0da","name":"adminTandem"}]}},"_links":{"self":[{"href":"https:\/\/entandem.cat\/fr\/wp-json\/wp\/v2\/posts\/4896","targetHints":{"allow":["GET"]}}],"collection":[{"href":"https:\/\/entandem.cat\/fr\/wp-json\/wp\/v2\/posts"}],"about":[{"href":"https:\/\/entandem.cat\/fr\/wp-json\/wp\/v2\/types\/post"}],"author":[{"embeddable":true,"href":"https:\/\/entandem.cat\/fr\/wp-json\/wp\/v2\/users\/1"}],"replies":[{"embeddable":true,"href":"https:\/\/entandem.cat\/fr\/wp-json\/wp\/v2\/comments?post=4896"}],"version-history":[{"count":0,"href":"https:\/\/entandem.cat\/fr\/wp-json\/wp\/v2\/posts\/4896\/revisions"}],"wp:featuredmedia":[{"embeddable":true,"href":"https:\/\/entandem.cat\/fr\/wp-json\/wp\/v2\/media\/3796"}],"wp:attachment":[{"href":"https:\/\/entandem.cat\/fr\/wp-json\/wp\/v2\/media?parent=4896"}],"wp:term":[{"taxonomy":"category","embeddable":true,"href":"https:\/\/entandem.cat\/fr\/wp-json\/wp\/v2\/categories?post=4896"},{"taxonomy":"post_tag","embeddable":true,"href":"https:\/\/entandem.cat\/fr\/wp-json\/wp\/v2\/tags?post=4896"}],"curies":[{"name":"wp","href":"https:\/\/api.w.org\/{rel}","templated":true}]}}