{"id":4888,"date":"2018-03-08T18:19:05","date_gmt":"2018-03-08T18:19:05","guid":{"rendered":"http:\/\/entandem.cat\/fr\/?p=4888"},"modified":"2018-06-28T14:57:53","modified_gmt":"2018-06-28T14:57:53","slug":"participem-en-una-jornada-sant-joan-de-deu-per-lluitar-contra-la-pobresa-infantil-lexclusio-social","status":"publish","type":"post","link":"https:\/\/entandem.cat\/fr\/savais-tu-que\/participem-en-una-jornada-sant-joan-de-deu-per-lluitar-contra-la-pobresa-infantil-lexclusio-social\/","title":{"rendered":"Participem en una jornada a Sant Joan de D\u00e9u per lluitar contra la pobresa infantil i l\u2019exclusi\u00f3 social"},"content":{"rendered":"<p>Representants d\u2019AFEV van ser presents a la primera <a href=\"https:\/\/www.sjdhospitalbarcelona.org\/ca\/jornada-sobre-pobresa-infantil-i-salut\">Jornada sobre pobresa infantil i salut<\/a>, organitzada per l\u2019Hospital Sant Joan de D\u00e9u juntament amb l\u2019associaci\u00f3 educativa Nou Quitxalles, que ha volgut posar sobre la taula una problem\u00e0tica sovint invisibilitzada i que ens afecta, i molt, com a societat.<\/p>\n<p>La jornada abordava temes que a AFEV ens toquen molt de prop, com ara com afecta la pobresa a la salut dels infants o al seu nivell educatiu, o la recerca d\u2019iniciatives per lluitar contra l\u2019exclusi\u00f3 social en els col\u00b7lectius m\u00e9s vulnerables.<\/p>\n<p>I \u00e9s que segons l&rsquo;<a href=\"https:\/\/www.savethechildren.es\/publicaciones\/desheredados\">informe Desheredados<\/a> de l\u2019entitat Save The Children, de 2013 a 2015, la pobresa infantil severa ha augmentat un 23% a Catalunya, i ja hi ha 261.970 infants en aquesta situaci\u00f3, i aquest fet, tal com es va expressar reiteradament durant les diferents taules que van composar la jornada, afecta directament la salut dels menors, incrementant algunes patologies, com l\u2019obesitat o la salut mental, i limitant l\u2019acc\u00e9s a serveis no coberts per la sanitat p\u00fablica, com el dentista o el logopeda. Projectes de mentoria social i educativa d&rsquo;AFEV com <a href=\"https:\/\/entandem.cat\/fr\/\">enT\u00e0ndem<\/a> o <a href=\"http:\/\/afev.cat\/projectes\/amics-i-circ\/\">Amics i Circ<\/a> treballen precisament per pal\u00b7liar els efectes de la pobresa en els infants i en els seus entorns familiars.<\/p>\n<p>Per aix\u00f2, les diferents entitats que vam participar en la jornada vam posar fil a l\u2019agulla per posar fi a aquesta situaci\u00f3. D\u2019una banda es redactar\u00e0 un informe conjunt que es far\u00e0 arribar al S\u00edndic de Greuges en qu\u00e8 es reclamar\u00e0 augmentar els recursos destinats a lluitar contra la pobresa i la posada en marxa d\u2019un pla d\u2019actuaci\u00f3 integral conjunt de les diferents administracions.<\/p>\n<p>De l\u2019altra, durant la jornada es van exposar 43 projectes socials que treballen al voltant de la q\u00fcesti\u00f3 de la inf\u00e0ncia i la salut, que es van recollir en un dossier de bones pr\u00e0ctiques i que serviran per compartir experi\u00e8ncies, crear sinergies i innovar en la lluita contra la pobresa infantil. Entre aquestes bones pr\u00e0ctiques hi havia el nostre projecte de mentoria social enT\u00e0ndem per connectar estudiants universitaris amb joves i infants en situaci\u00f3 de risc social.<\/p>\n<p>Durant la jornada van intervenir Mar\u00eda Jes\u00fas Larios, adjunta al S\u00edndic de Greuges per a la defensa dels drets dels nens i dels adolescents, Anna Garcia Alt\u00e9s, responsable de l&rsquo;Observatori del Sistema de Salut de Catalunya a l&rsquo;Ag\u00e8ncia d\u2019Informaci\u00f3, Avaluaci\u00f3 i Qualitat en Salut, Montserrat Dolz, cap de l&rsquo;\u00e0rea de Salut Mental de l&rsquo;Hospital Sant Joan de D\u00e9u. A m\u00e9s, durant el transcurs de diverses taules es van abordar q\u00fcestions com models culturals envers la salut, col\u00b7lectius en situaci\u00f3 de risc social i salut infantil o qu\u00e8 podem fer per millorar la salut relacionada amb la pobresa infantil.<\/p>\n","protected":false},"excerpt":{"rendered":"<p>Representants d\u2019AFEV van ser presents a la primera Jornada sobre pobresa infantil i salut, organitzada per l\u2019Hospital Sant Joan de D\u00e9u juntament amb l\u2019associaci\u00f3 educativa Nou Quitxalles, que ha volgut posar sobre la taula una problem\u00e0tica sovint invisibilitzada i que ens afecta, i molt, com a societat. La jornada abordava temes que a AFEV ens &hellip; <a href=\"https:\/\/entandem.cat\/fr\/savais-tu-que\/participem-en-una-jornada-sant-joan-de-deu-per-lluitar-contra-la-pobresa-infantil-lexclusio-social\/\">Continued<\/a><\/p>\n","protected":false},"author":1,"featured_media":4333,"comment_status":"closed","ping_status":"open","sticky":false,"template":"","format":"standard","meta":{"footnotes":""},"categories":[324],"tags":[],"class_list":["post-4888","post","type-post","status-publish","format-standard","has-post-thumbnail","hentry","category-savais-tu-que"],"yoast_head":"<!-- This site is optimized with the Yoast SEO plugin v27.0 - https:\/\/yoast.com\/product\/yoast-seo-wordpress\/ -->\n<title>Participem en una jornada a Sant Joan de D\u00e9u per lluitar contra la pobresa infantil i l\u2019exclusi\u00f3 social - enT\u00e0ndem<\/title>\n<meta name=\"robots\" content=\"index, follow, max-snippet:-1, max-image-preview:large, max-video-preview:-1\" \/>\n<link rel=\"canonical\" href=\"https:\/\/entandem.cat\/fr\/savais-tu-que\/participem-en-una-jornada-sant-joan-de-deu-per-lluitar-contra-la-pobresa-infantil-lexclusio-social\/\" \/>\n<meta property=\"og:locale\" content=\"fr_FR\" \/>\n<meta property=\"og:type\" content=\"article\" \/>\n<meta property=\"og:title\" content=\"Participem en una jornada a Sant Joan de D\u00e9u per lluitar contra la pobresa infantil i l\u2019exclusi\u00f3 social - enT\u00e0ndem\" \/>\n<meta property=\"og:description\" content=\"Representants d\u2019AFEV van ser presents a la primera Jornada sobre pobresa infantil i salut, organitzada per l\u2019Hospital Sant Joan de D\u00e9u juntament amb l\u2019associaci\u00f3 educativa Nou Quitxalles, que ha volgut posar sobre la taula una problem\u00e0tica sovint invisibilitzada i que ens afecta, i molt, com a societat. La jornada abordava temes que a AFEV ens &hellip; Continued\" \/>\n<meta property=\"og:url\" content=\"https:\/\/entandem.cat\/fr\/savais-tu-que\/participem-en-una-jornada-sant-joan-de-deu-per-lluitar-contra-la-pobresa-infantil-lexclusio-social\/\" \/>\n<meta property=\"og:site_name\" content=\"enT\u00e0ndem\" \/>\n<meta property=\"article:publisher\" content=\"https:\/\/www.facebook.com\/afevcat\" \/>\n<meta property=\"article:published_time\" content=\"2018-03-08T18:19:05+00:00\" \/>\n<meta property=\"article:modified_time\" content=\"2018-06-28T14:57:53+00:00\" \/>\n<meta property=\"og:image\" content=\"https:\/\/entandem.cat\/wp-content\/uploads\/2018\/03\/DXMcM-0W0AAMMP8.jpg\" \/>\n\t<meta property=\"og:image:width\" content=\"1024\" \/>\n\t<meta property=\"og:image:height\" content=\"765\" \/>\n\t<meta property=\"og:image:type\" content=\"image\/jpeg\" \/>\n<meta name=\"author\" content=\"adminTandem\" \/>\n<meta name=\"twitter:card\" content=\"summary_large_image\" \/>\n<meta name=\"twitter:creator\" content=\"@afevcat\" \/>\n<meta name=\"twitter:site\" content=\"@afevcat\" \/>\n<meta name=\"twitter:label1\" content=\"\u00c9crit par\" \/>\n\t<meta name=\"twitter:data1\" content=\"adminTandem\" \/>\n\t<meta name=\"twitter:label2\" content=\"Dur\u00e9e de lecture estim\u00e9e\" \/>\n\t<meta name=\"twitter:data2\" content=\"2 minutes\" \/>\n<script type=\"application\/ld+json\" class=\"yoast-schema-graph\">{\"@context\":\"https:\/\/schema.org\",\"@graph\":[{\"@type\":\"Article\",\"@id\":\"https:\/\/entandem.cat\/fr\/savais-tu-que\/participem-en-una-jornada-sant-joan-de-deu-per-lluitar-contra-la-pobresa-infantil-lexclusio-social\/#article\",\"isPartOf\":{\"@id\":\"https:\/\/entandem.cat\/fr\/savais-tu-que\/participem-en-una-jornada-sant-joan-de-deu-per-lluitar-contra-la-pobresa-infantil-lexclusio-social\/\"},\"author\":{\"name\":\"adminTandem\",\"@id\":\"https:\/\/entandem.cat\/#\/schema\/person\/2111428ce1954193a11054a1e2b5b0da\"},\"headline\":\"Participem en una jornada a Sant Joan de D\u00e9u per lluitar contra la pobresa infantil i l\u2019exclusi\u00f3 social\",\"datePublished\":\"2018-03-08T18:19:05+00:00\",\"dateModified\":\"2018-06-28T14:57:53+00:00\",\"mainEntityOfPage\":{\"@id\":\"https:\/\/entandem.cat\/fr\/savais-tu-que\/participem-en-una-jornada-sant-joan-de-deu-per-lluitar-contra-la-pobresa-infantil-lexclusio-social\/\"},\"wordCount\":502,\"publisher\":{\"@id\":\"https:\/\/entandem.cat\/#organization\"},\"image\":{\"@id\":\"https:\/\/entandem.cat\/fr\/savais-tu-que\/participem-en-una-jornada-sant-joan-de-deu-per-lluitar-contra-la-pobresa-infantil-lexclusio-social\/#primaryimage\"},\"thumbnailUrl\":\"https:\/\/entandem.cat\/wp-content\/uploads\/2018\/03\/DXMcM-0W0AAMMP8.jpg\",\"articleSection\":[\"Savias-tu que...\"],\"inLanguage\":\"fr-FR\"},{\"@type\":\"WebPage\",\"@id\":\"https:\/\/entandem.cat\/fr\/savais-tu-que\/participem-en-una-jornada-sant-joan-de-deu-per-lluitar-contra-la-pobresa-infantil-lexclusio-social\/\",\"url\":\"https:\/\/entandem.cat\/fr\/savais-tu-que\/participem-en-una-jornada-sant-joan-de-deu-per-lluitar-contra-la-pobresa-infantil-lexclusio-social\/\",\"name\":\"Participem en una jornada a Sant Joan de D\u00e9u per lluitar contra la pobresa infantil i l\u2019exclusi\u00f3 social - enT\u00e0ndem\",\"isPartOf\":{\"@id\":\"https:\/\/entandem.cat\/#website\"},\"primaryImageOfPage\":{\"@id\":\"https:\/\/entandem.cat\/fr\/savais-tu-que\/participem-en-una-jornada-sant-joan-de-deu-per-lluitar-contra-la-pobresa-infantil-lexclusio-social\/#primaryimage\"},\"image\":{\"@id\":\"https:\/\/entandem.cat\/fr\/savais-tu-que\/participem-en-una-jornada-sant-joan-de-deu-per-lluitar-contra-la-pobresa-infantil-lexclusio-social\/#primaryimage\"},\"thumbnailUrl\":\"https:\/\/entandem.cat\/wp-content\/uploads\/2018\/03\/DXMcM-0W0AAMMP8.jpg\",\"datePublished\":\"2018-03-08T18:19:05+00:00\",\"dateModified\":\"2018-06-28T14:57:53+00:00\",\"breadcrumb\":{\"@id\":\"https:\/\/entandem.cat\/fr\/savais-tu-que\/participem-en-una-jornada-sant-joan-de-deu-per-lluitar-contra-la-pobresa-infantil-lexclusio-social\/#breadcrumb\"},\"inLanguage\":\"fr-FR\",\"potentialAction\":[{\"@type\":\"ReadAction\",\"target\":[\"https:\/\/entandem.cat\/fr\/savais-tu-que\/participem-en-una-jornada-sant-joan-de-deu-per-lluitar-contra-la-pobresa-infantil-lexclusio-social\/\"]}]},{\"@type\":\"ImageObject\",\"inLanguage\":\"fr-FR\",\"@id\":\"https:\/\/entandem.cat\/fr\/savais-tu-que\/participem-en-una-jornada-sant-joan-de-deu-per-lluitar-contra-la-pobresa-infantil-lexclusio-social\/#primaryimage\",\"url\":\"https:\/\/entandem.cat\/wp-content\/uploads\/2018\/03\/DXMcM-0W0AAMMP8.jpg\",\"contentUrl\":\"https:\/\/entandem.cat\/wp-content\/uploads\/2018\/03\/DXMcM-0W0AAMMP8.jpg\",\"width\":1024,\"height\":765},{\"@type\":\"BreadcrumbList\",\"@id\":\"https:\/\/entandem.cat\/fr\/savais-tu-que\/participem-en-una-jornada-sant-joan-de-deu-per-lluitar-contra-la-pobresa-infantil-lexclusio-social\/#breadcrumb\",\"itemListElement\":[{\"@type\":\"ListItem\",\"position\":1,\"name\":\"Inici\",\"item\":\"https:\/\/entandem.cat\/fr\/\"},{\"@type\":\"ListItem\",\"position\":2,\"name\":\"Participem en una jornada a Sant Joan de D\u00e9u per lluitar contra la pobresa infantil i l\u2019exclusi\u00f3 social\"}]},{\"@type\":\"WebSite\",\"@id\":\"https:\/\/entandem.cat\/#website\",\"url\":\"https:\/\/entandem.cat\/\",\"name\":\"enT\u00e0ndem\",\"description\":\"Voluntariat Social Universitari\",\"publisher\":{\"@id\":\"https:\/\/entandem.cat\/#organization\"},\"potentialAction\":[{\"@type\":\"SearchAction\",\"target\":{\"@type\":\"EntryPoint\",\"urlTemplate\":\"https:\/\/entandem.cat\/?s={search_term_string}\"},\"query-input\":{\"@type\":\"PropertyValueSpecification\",\"valueRequired\":true,\"valueName\":\"search_term_string\"}}],\"inLanguage\":\"fr-FR\"},{\"@type\":\"Organization\",\"@id\":\"https:\/\/entandem.cat\/#organization\",\"name\":\"enT\u00e0ndem\",\"url\":\"https:\/\/entandem.cat\/\",\"logo\":{\"@type\":\"ImageObject\",\"inLanguage\":\"fr-FR\",\"@id\":\"https:\/\/entandem.cat\/#\/schema\/logo\/image\/\",\"url\":\"https:\/\/entandem.cat\/wp-content\/uploads\/2016\/12\/logo-entandem.png\",\"contentUrl\":\"https:\/\/entandem.cat\/wp-content\/uploads\/2016\/12\/logo-entandem.png\",\"width\":166,\"height\":44,\"caption\":\"enT\u00e0ndem\"},\"image\":{\"@id\":\"https:\/\/entandem.cat\/#\/schema\/logo\/image\/\"},\"sameAs\":[\"https:\/\/www.facebook.com\/afevcat\",\"https:\/\/x.com\/afevcat\",\"https:\/\/www.instagram.com\/afevcat\/\"]},{\"@type\":\"Person\",\"@id\":\"https:\/\/entandem.cat\/#\/schema\/person\/2111428ce1954193a11054a1e2b5b0da\",\"name\":\"adminTandem\"}]}<\/script>\n<!-- \/ Yoast SEO plugin. -->","yoast_head_json":{"title":"Participem en una jornada a Sant Joan de D\u00e9u per lluitar contra la pobresa infantil i l\u2019exclusi\u00f3 social - enT\u00e0ndem","robots":{"index":"index","follow":"follow","max-snippet":"max-snippet:-1","max-image-preview":"max-image-preview:large","max-video-preview":"max-video-preview:-1"},"canonical":"https:\/\/entandem.cat\/fr\/savais-tu-que\/participem-en-una-jornada-sant-joan-de-deu-per-lluitar-contra-la-pobresa-infantil-lexclusio-social\/","og_locale":"fr_FR","og_type":"article","og_title":"Participem en una jornada a Sant Joan de D\u00e9u per lluitar contra la pobresa infantil i l\u2019exclusi\u00f3 social - enT\u00e0ndem","og_description":"Representants d\u2019AFEV van ser presents a la primera Jornada sobre pobresa infantil i salut, organitzada per l\u2019Hospital Sant Joan de D\u00e9u juntament amb l\u2019associaci\u00f3 educativa Nou Quitxalles, que ha volgut posar sobre la taula una problem\u00e0tica sovint invisibilitzada i que ens afecta, i molt, com a societat. La jornada abordava temes que a AFEV ens &hellip; Continued","og_url":"https:\/\/entandem.cat\/fr\/savais-tu-que\/participem-en-una-jornada-sant-joan-de-deu-per-lluitar-contra-la-pobresa-infantil-lexclusio-social\/","og_site_name":"enT\u00e0ndem","article_publisher":"https:\/\/www.facebook.com\/afevcat","article_published_time":"2018-03-08T18:19:05+00:00","article_modified_time":"2018-06-28T14:57:53+00:00","og_image":[{"width":1024,"height":765,"url":"https:\/\/entandem.cat\/wp-content\/uploads\/2018\/03\/DXMcM-0W0AAMMP8.jpg","type":"image\/jpeg"}],"author":"adminTandem","twitter_card":"summary_large_image","twitter_creator":"@afevcat","twitter_site":"@afevcat","twitter_misc":{"\u00c9crit par":"adminTandem","Dur\u00e9e de lecture estim\u00e9e":"2 minutes"},"schema":{"@context":"https:\/\/schema.org","@graph":[{"@type":"Article","@id":"https:\/\/entandem.cat\/fr\/savais-tu-que\/participem-en-una-jornada-sant-joan-de-deu-per-lluitar-contra-la-pobresa-infantil-lexclusio-social\/#article","isPartOf":{"@id":"https:\/\/entandem.cat\/fr\/savais-tu-que\/participem-en-una-jornada-sant-joan-de-deu-per-lluitar-contra-la-pobresa-infantil-lexclusio-social\/"},"author":{"name":"adminTandem","@id":"https:\/\/entandem.cat\/#\/schema\/person\/2111428ce1954193a11054a1e2b5b0da"},"headline":"Participem en una jornada a Sant Joan de D\u00e9u per lluitar contra la pobresa infantil i l\u2019exclusi\u00f3 social","datePublished":"2018-03-08T18:19:05+00:00","dateModified":"2018-06-28T14:57:53+00:00","mainEntityOfPage":{"@id":"https:\/\/entandem.cat\/fr\/savais-tu-que\/participem-en-una-jornada-sant-joan-de-deu-per-lluitar-contra-la-pobresa-infantil-lexclusio-social\/"},"wordCount":502,"publisher":{"@id":"https:\/\/entandem.cat\/#organization"},"image":{"@id":"https:\/\/entandem.cat\/fr\/savais-tu-que\/participem-en-una-jornada-sant-joan-de-deu-per-lluitar-contra-la-pobresa-infantil-lexclusio-social\/#primaryimage"},"thumbnailUrl":"https:\/\/entandem.cat\/wp-content\/uploads\/2018\/03\/DXMcM-0W0AAMMP8.jpg","articleSection":["Savias-tu que..."],"inLanguage":"fr-FR"},{"@type":"WebPage","@id":"https:\/\/entandem.cat\/fr\/savais-tu-que\/participem-en-una-jornada-sant-joan-de-deu-per-lluitar-contra-la-pobresa-infantil-lexclusio-social\/","url":"https:\/\/entandem.cat\/fr\/savais-tu-que\/participem-en-una-jornada-sant-joan-de-deu-per-lluitar-contra-la-pobresa-infantil-lexclusio-social\/","name":"Participem en una jornada a Sant Joan de D\u00e9u per lluitar contra la pobresa infantil i l\u2019exclusi\u00f3 social - enT\u00e0ndem","isPartOf":{"@id":"https:\/\/entandem.cat\/#website"},"primaryImageOfPage":{"@id":"https:\/\/entandem.cat\/fr\/savais-tu-que\/participem-en-una-jornada-sant-joan-de-deu-per-lluitar-contra-la-pobresa-infantil-lexclusio-social\/#primaryimage"},"image":{"@id":"https:\/\/entandem.cat\/fr\/savais-tu-que\/participem-en-una-jornada-sant-joan-de-deu-per-lluitar-contra-la-pobresa-infantil-lexclusio-social\/#primaryimage"},"thumbnailUrl":"https:\/\/entandem.cat\/wp-content\/uploads\/2018\/03\/DXMcM-0W0AAMMP8.jpg","datePublished":"2018-03-08T18:19:05+00:00","dateModified":"2018-06-28T14:57:53+00:00","breadcrumb":{"@id":"https:\/\/entandem.cat\/fr\/savais-tu-que\/participem-en-una-jornada-sant-joan-de-deu-per-lluitar-contra-la-pobresa-infantil-lexclusio-social\/#breadcrumb"},"inLanguage":"fr-FR","potentialAction":[{"@type":"ReadAction","target":["https:\/\/entandem.cat\/fr\/savais-tu-que\/participem-en-una-jornada-sant-joan-de-deu-per-lluitar-contra-la-pobresa-infantil-lexclusio-social\/"]}]},{"@type":"ImageObject","inLanguage":"fr-FR","@id":"https:\/\/entandem.cat\/fr\/savais-tu-que\/participem-en-una-jornada-sant-joan-de-deu-per-lluitar-contra-la-pobresa-infantil-lexclusio-social\/#primaryimage","url":"https:\/\/entandem.cat\/wp-content\/uploads\/2018\/03\/DXMcM-0W0AAMMP8.jpg","contentUrl":"https:\/\/entandem.cat\/wp-content\/uploads\/2018\/03\/DXMcM-0W0AAMMP8.jpg","width":1024,"height":765},{"@type":"BreadcrumbList","@id":"https:\/\/entandem.cat\/fr\/savais-tu-que\/participem-en-una-jornada-sant-joan-de-deu-per-lluitar-contra-la-pobresa-infantil-lexclusio-social\/#breadcrumb","itemListElement":[{"@type":"ListItem","position":1,"name":"Inici","item":"https:\/\/entandem.cat\/fr\/"},{"@type":"ListItem","position":2,"name":"Participem en una jornada a Sant Joan de D\u00e9u per lluitar contra la pobresa infantil i l\u2019exclusi\u00f3 social"}]},{"@type":"WebSite","@id":"https:\/\/entandem.cat\/#website","url":"https:\/\/entandem.cat\/","name":"enT\u00e0ndem","description":"Voluntariat Social Universitari","publisher":{"@id":"https:\/\/entandem.cat\/#organization"},"potentialAction":[{"@type":"SearchAction","target":{"@type":"EntryPoint","urlTemplate":"https:\/\/entandem.cat\/?s={search_term_string}"},"query-input":{"@type":"PropertyValueSpecification","valueRequired":true,"valueName":"search_term_string"}}],"inLanguage":"fr-FR"},{"@type":"Organization","@id":"https:\/\/entandem.cat\/#organization","name":"enT\u00e0ndem","url":"https:\/\/entandem.cat\/","logo":{"@type":"ImageObject","inLanguage":"fr-FR","@id":"https:\/\/entandem.cat\/#\/schema\/logo\/image\/","url":"https:\/\/entandem.cat\/wp-content\/uploads\/2016\/12\/logo-entandem.png","contentUrl":"https:\/\/entandem.cat\/wp-content\/uploads\/2016\/12\/logo-entandem.png","width":166,"height":44,"caption":"enT\u00e0ndem"},"image":{"@id":"https:\/\/entandem.cat\/#\/schema\/logo\/image\/"},"sameAs":["https:\/\/www.facebook.com\/afevcat","https:\/\/x.com\/afevcat","https:\/\/www.instagram.com\/afevcat\/"]},{"@type":"Person","@id":"https:\/\/entandem.cat\/#\/schema\/person\/2111428ce1954193a11054a1e2b5b0da","name":"adminTandem"}]}},"_links":{"self":[{"href":"https:\/\/entandem.cat\/fr\/wp-json\/wp\/v2\/posts\/4888","targetHints":{"allow":["GET"]}}],"collection":[{"href":"https:\/\/entandem.cat\/fr\/wp-json\/wp\/v2\/posts"}],"about":[{"href":"https:\/\/entandem.cat\/fr\/wp-json\/wp\/v2\/types\/post"}],"author":[{"embeddable":true,"href":"https:\/\/entandem.cat\/fr\/wp-json\/wp\/v2\/users\/1"}],"replies":[{"embeddable":true,"href":"https:\/\/entandem.cat\/fr\/wp-json\/wp\/v2\/comments?post=4888"}],"version-history":[{"count":0,"href":"https:\/\/entandem.cat\/fr\/wp-json\/wp\/v2\/posts\/4888\/revisions"}],"wp:featuredmedia":[{"embeddable":true,"href":"https:\/\/entandem.cat\/fr\/wp-json\/wp\/v2\/media\/4333"}],"wp:attachment":[{"href":"https:\/\/entandem.cat\/fr\/wp-json\/wp\/v2\/media?parent=4888"}],"wp:term":[{"taxonomy":"category","embeddable":true,"href":"https:\/\/entandem.cat\/fr\/wp-json\/wp\/v2\/categories?post=4888"},{"taxonomy":"post_tag","embeddable":true,"href":"https:\/\/entandem.cat\/fr\/wp-json\/wp\/v2\/tags?post=4888"}],"curies":[{"name":"wp","href":"https:\/\/api.w.org\/{rel}","templated":true}]}}