{"id":4884,"date":"2018-03-20T09:11:21","date_gmt":"2018-03-20T09:11:21","guid":{"rendered":"http:\/\/entandem.cat\/fr\/?p=4884"},"modified":"2018-06-28T14:57:33","modified_gmt":"2018-06-28T14:57:33","slug":"exposem-les-claus-del-nostre-projecte-dexit-al-congres-europeu-de-mentoria-social","status":"publish","type":"post","link":"https:\/\/entandem.cat\/fr\/savais-tu-que\/exposem-les-claus-del-nostre-projecte-dexit-al-congres-europeu-de-mentoria-social\/","title":{"rendered":"Exposem les claus del nostre projecte d\u2019\u00e8xit al congr\u00e9s europeu de mentoria social"},"content":{"rendered":"<p><strong>A<\/strong><strong>FEV vam participar els dies 14, 15 i 16 de mar\u00e7 en el tercer \u201cEuropean mentoring summit\u201d, una trobada del sector de la mentoria social. Ho vam fer amb la pon\u00e8ncia \u00ab\u00a0Seguiment professional de joves mentors: bones pr\u00e0ctiques i reptes\u00a0\u00bb, en la qual vam explicar el nostre model d\u2019\u00e8xit de mentoria social per acabar amb les desigualtats i reduir el frac\u00e0s escolar, que ja portem 27 anys de funcionament i hem connectat millers de mentors amb joves en diverses situacions de dificultat social.<\/strong><\/p>\n<p>&nbsp;<\/p>\n<figure id=\"attachment_4824\" aria-describedby=\"caption-attachment-4824\" style=\"width: 266px\" class=\"wp-caption alignleft\"><img loading=\"lazy\" decoding=\"async\" class=\"wp-image-4824\" src=\"https:\/\/entandem.cat\/wp-content\/uploads\/2018\/03\/DYRi6BMXUAALW9e-225x300.jpg\" alt=\"\" width=\"266\" height=\"354\" srcset=\"https:\/\/entandem.cat\/wp-content\/uploads\/2018\/03\/DYRi6BMXUAALW9e-225x300.jpg 225w, https:\/\/entandem.cat\/wp-content\/uploads\/2018\/03\/DYRi6BMXUAALW9e-768x1024.jpg 768w, https:\/\/entandem.cat\/wp-content\/uploads\/2018\/03\/DYRi6BMXUAALW9e-560x747.jpg 560w, https:\/\/entandem.cat\/wp-content\/uploads\/2018\/03\/DYRi6BMXUAALW9e.jpg 900w\" sizes=\"auto, (max-width: 266px) 100vw, 266px\" \/><figcaption id=\"caption-attachment-4824\" class=\"wp-caption-text\">La Laura, l&rsquo;Eunice i la Laia en representaci\u00f3 de l&rsquo;AFEV.<\/figcaption><\/figure>\n<p>El taller d\u2019AFEV Catalunya va plantejar, entre d\u2019altres q\u00fcestions, el debat sobre com l\u2019impacte digital i les noves tecnologies poden enfortir i agilitzar la relaci\u00f3 entre el mentor i el jove mentorat.<\/p>\n<p><strong>L\u2019\u201cEuropean mentoring summit\u201d \u00e9s una trobada d\u2019investigadors i professionals del sector de la mentoria social que t\u00e9 com a objectiu formar-se i compartir eines i bones pr\u00e0ctiques al voltant d\u2019aquesta metodologia. L\u2019edici\u00f3 d\u2019enguany ha reunit m\u00e9<\/strong>s de 200 persones vingudes de l\u2019Estat espanyol, els Pa\u00efsos Baixos, Portugal, R\u00fassia i els Estats Units a la Universitat Humbolt de Berlin, i ja s\u2019est\u00e0 parlant de la possibilitat que Barcelona, un dels nuclis m\u00e9s actius en l\u2019aplicaci\u00f3 del programa, aculli la pr\u00f2xima trobada el 2020.<\/p>\n<p>Durant les diverses intervencions de la jornada es va apuntar el futur i els reptes de la mentoria, un projecte d\u2019intervenci\u00f3 social que a cada pa\u00eds adopta diferents continguts i estructura per\u00f2 que coincideix en el p\u00fablic al qual s\u2019adre\u00e7a, els joves amb situaci\u00f3 de dificultat social, i en l\u2019objectiu com\u00fa: servir de palanca per construir societats c\u00edviques i socialment responsables.<\/p>\n<figure id=\"attachment_4818\" aria-describedby=\"caption-attachment-4818\" style=\"width: 194px\" class=\"wp-caption alignright\"><img loading=\"lazy\" decoding=\"async\" class=\"wp-image-4818\" src=\"https:\/\/entandem.cat\/wp-content\/uploads\/2018\/03\/DYVUdl6W4AA-oU2_-240x300.jpg\" alt=\"\" width=\"194\" height=\"242\" \/><figcaption id=\"caption-attachment-4818\" class=\"wp-caption-text\">Anunciant la pon\u00e8ncia de l&rsquo;AFEV.<\/figcaption><\/figure>\n<p>Les diferents pon\u00e8ncies van definir les caracter\u00edstiques que fan d\u2019aquesta metodologia un projecte d\u2019\u00e8xit, com la formaci\u00f3 i l\u2019acompanyament dels mentors per tal d\u2019identificar millor les seves necessitats, o van apuntar reptes de futur, com el desenvolupament de l\u2019anomenada \u201cmentoria informal\u201d, una forma emergent de mentoria que consisteix a promoure que persones dels moviments ve\u00efnals detectin les necessitats socials en el seu entorn i potenci\u00efn la mobilitzaci\u00f3 de mentors potencials.<\/p>\n<p>Durant el congr\u00e9s es van esbossar les diferents estrat\u00e8gies de mentoria d\u2019arreu d\u2019Europa per\u00f2 es va fer especial esment en el projecte d\u2019acompanyament individualitzat d\u2019AFEV, que aplega anualment unes 7.000 parelles (t\u00e0ndems) i que fa 27 anys que funciona.<\/p>\n","protected":false},"excerpt":{"rendered":"<p>AFEV vam participar els dies 14, 15 i 16 de mar\u00e7 en el tercer \u201cEuropean mentoring summit\u201d, una trobada del sector de la mentoria social. Ho vam fer amb la pon\u00e8ncia \u00ab\u00a0Seguiment professional de joves mentors: bones pr\u00e0ctiques i reptes\u00a0\u00bb, en la qual vam explicar el nostre model d\u2019\u00e8xit de mentoria social per acabar amb &hellip; <a href=\"https:\/\/entandem.cat\/fr\/savais-tu-que\/exposem-les-claus-del-nostre-projecte-dexit-al-congres-europeu-de-mentoria-social\/\">Continued<\/a><\/p>\n","protected":false},"author":1,"featured_media":4822,"comment_status":"closed","ping_status":"open","sticky":false,"template":"","format":"standard","meta":{"footnotes":""},"categories":[324],"tags":[],"class_list":["post-4884","post","type-post","status-publish","format-standard","has-post-thumbnail","hentry","category-savais-tu-que"],"yoast_head":"<!-- This site is optimized with the Yoast SEO plugin v27.0 - https:\/\/yoast.com\/product\/yoast-seo-wordpress\/ -->\n<title>Exposem les claus del nostre projecte d\u2019\u00e8xit al congr\u00e9s europeu de mentoria social - enT\u00e0ndem<\/title>\n<meta name=\"robots\" content=\"index, follow, max-snippet:-1, max-image-preview:large, max-video-preview:-1\" \/>\n<link rel=\"canonical\" href=\"https:\/\/entandem.cat\/fr\/savais-tu-que\/exposem-les-claus-del-nostre-projecte-dexit-al-congres-europeu-de-mentoria-social\/\" \/>\n<meta property=\"og:locale\" content=\"fr_FR\" \/>\n<meta property=\"og:type\" content=\"article\" \/>\n<meta property=\"og:title\" content=\"Exposem les claus del nostre projecte d\u2019\u00e8xit al congr\u00e9s europeu de mentoria social - enT\u00e0ndem\" \/>\n<meta property=\"og:description\" content=\"AFEV vam participar els dies 14, 15 i 16 de mar\u00e7 en el tercer \u201cEuropean mentoring summit\u201d, una trobada del sector de la mentoria social. Ho vam fer amb la pon\u00e8ncia \u00ab\u00a0Seguiment professional de joves mentors: bones pr\u00e0ctiques i reptes\u00a0\u00bb, en la qual vam explicar el nostre model d\u2019\u00e8xit de mentoria social per acabar amb &hellip; Continued\" \/>\n<meta property=\"og:url\" content=\"https:\/\/entandem.cat\/fr\/savais-tu-que\/exposem-les-claus-del-nostre-projecte-dexit-al-congres-europeu-de-mentoria-social\/\" \/>\n<meta property=\"og:site_name\" content=\"enT\u00e0ndem\" \/>\n<meta property=\"article:publisher\" content=\"https:\/\/www.facebook.com\/afevcat\" \/>\n<meta property=\"article:published_time\" content=\"2018-03-20T09:11:21+00:00\" \/>\n<meta property=\"article:modified_time\" content=\"2018-06-28T14:57:33+00:00\" \/>\n<meta property=\"og:image\" content=\"https:\/\/entandem.cat\/wp-content\/uploads\/2018\/03\/DYVoYI7WkAE71PR.jpg\" \/>\n\t<meta property=\"og:image:width\" content=\"1200\" \/>\n\t<meta property=\"og:image:height\" content=\"900\" \/>\n\t<meta property=\"og:image:type\" content=\"image\/jpeg\" \/>\n<meta name=\"author\" content=\"adminTandem\" \/>\n<meta name=\"twitter:card\" content=\"summary_large_image\" \/>\n<meta name=\"twitter:creator\" content=\"@afevcat\" \/>\n<meta name=\"twitter:site\" content=\"@afevcat\" \/>\n<meta name=\"twitter:label1\" content=\"\u00c9crit par\" \/>\n\t<meta name=\"twitter:data1\" content=\"adminTandem\" \/>\n\t<meta name=\"twitter:label2\" content=\"Dur\u00e9e de lecture estim\u00e9e\" \/>\n\t<meta name=\"twitter:data2\" content=\"2 minutes\" \/>\n<script type=\"application\/ld+json\" class=\"yoast-schema-graph\">{\"@context\":\"https:\/\/schema.org\",\"@graph\":[{\"@type\":\"Article\",\"@id\":\"https:\/\/entandem.cat\/fr\/savais-tu-que\/exposem-les-claus-del-nostre-projecte-dexit-al-congres-europeu-de-mentoria-social\/#article\",\"isPartOf\":{\"@id\":\"https:\/\/entandem.cat\/fr\/savais-tu-que\/exposem-les-claus-del-nostre-projecte-dexit-al-congres-europeu-de-mentoria-social\/\"},\"author\":{\"name\":\"adminTandem\",\"@id\":\"https:\/\/entandem.cat\/#\/schema\/person\/2111428ce1954193a11054a1e2b5b0da\"},\"headline\":\"Exposem les claus del nostre projecte d\u2019\u00e8xit al congr\u00e9s europeu de mentoria social\",\"datePublished\":\"2018-03-20T09:11:21+00:00\",\"dateModified\":\"2018-06-28T14:57:33+00:00\",\"mainEntityOfPage\":{\"@id\":\"https:\/\/entandem.cat\/fr\/savais-tu-que\/exposem-les-claus-del-nostre-projecte-dexit-al-congres-europeu-de-mentoria-social\/\"},\"wordCount\":454,\"publisher\":{\"@id\":\"https:\/\/entandem.cat\/#organization\"},\"image\":{\"@id\":\"https:\/\/entandem.cat\/fr\/savais-tu-que\/exposem-les-claus-del-nostre-projecte-dexit-al-congres-europeu-de-mentoria-social\/#primaryimage\"},\"thumbnailUrl\":\"https:\/\/entandem.cat\/wp-content\/uploads\/2018\/03\/DYVoYI7WkAE71PR.jpg\",\"articleSection\":[\"Savias-tu que...\"],\"inLanguage\":\"fr-FR\"},{\"@type\":\"WebPage\",\"@id\":\"https:\/\/entandem.cat\/fr\/savais-tu-que\/exposem-les-claus-del-nostre-projecte-dexit-al-congres-europeu-de-mentoria-social\/\",\"url\":\"https:\/\/entandem.cat\/fr\/savais-tu-que\/exposem-les-claus-del-nostre-projecte-dexit-al-congres-europeu-de-mentoria-social\/\",\"name\":\"Exposem les claus del nostre projecte d\u2019\u00e8xit al congr\u00e9s europeu de mentoria social - enT\u00e0ndem\",\"isPartOf\":{\"@id\":\"https:\/\/entandem.cat\/#website\"},\"primaryImageOfPage\":{\"@id\":\"https:\/\/entandem.cat\/fr\/savais-tu-que\/exposem-les-claus-del-nostre-projecte-dexit-al-congres-europeu-de-mentoria-social\/#primaryimage\"},\"image\":{\"@id\":\"https:\/\/entandem.cat\/fr\/savais-tu-que\/exposem-les-claus-del-nostre-projecte-dexit-al-congres-europeu-de-mentoria-social\/#primaryimage\"},\"thumbnailUrl\":\"https:\/\/entandem.cat\/wp-content\/uploads\/2018\/03\/DYVoYI7WkAE71PR.jpg\",\"datePublished\":\"2018-03-20T09:11:21+00:00\",\"dateModified\":\"2018-06-28T14:57:33+00:00\",\"breadcrumb\":{\"@id\":\"https:\/\/entandem.cat\/fr\/savais-tu-que\/exposem-les-claus-del-nostre-projecte-dexit-al-congres-europeu-de-mentoria-social\/#breadcrumb\"},\"inLanguage\":\"fr-FR\",\"potentialAction\":[{\"@type\":\"ReadAction\",\"target\":[\"https:\/\/entandem.cat\/fr\/savais-tu-que\/exposem-les-claus-del-nostre-projecte-dexit-al-congres-europeu-de-mentoria-social\/\"]}]},{\"@type\":\"ImageObject\",\"inLanguage\":\"fr-FR\",\"@id\":\"https:\/\/entandem.cat\/fr\/savais-tu-que\/exposem-les-claus-del-nostre-projecte-dexit-al-congres-europeu-de-mentoria-social\/#primaryimage\",\"url\":\"https:\/\/entandem.cat\/wp-content\/uploads\/2018\/03\/DYVoYI7WkAE71PR.jpg\",\"contentUrl\":\"https:\/\/entandem.cat\/wp-content\/uploads\/2018\/03\/DYVoYI7WkAE71PR.jpg\",\"width\":1200,\"height\":900},{\"@type\":\"BreadcrumbList\",\"@id\":\"https:\/\/entandem.cat\/fr\/savais-tu-que\/exposem-les-claus-del-nostre-projecte-dexit-al-congres-europeu-de-mentoria-social\/#breadcrumb\",\"itemListElement\":[{\"@type\":\"ListItem\",\"position\":1,\"name\":\"Inici\",\"item\":\"https:\/\/entandem.cat\/fr\/\"},{\"@type\":\"ListItem\",\"position\":2,\"name\":\"Exposem les claus del nostre projecte d\u2019\u00e8xit al congr\u00e9s europeu de mentoria social\"}]},{\"@type\":\"WebSite\",\"@id\":\"https:\/\/entandem.cat\/#website\",\"url\":\"https:\/\/entandem.cat\/\",\"name\":\"enT\u00e0ndem\",\"description\":\"Voluntariat Social Universitari\",\"publisher\":{\"@id\":\"https:\/\/entandem.cat\/#organization\"},\"potentialAction\":[{\"@type\":\"SearchAction\",\"target\":{\"@type\":\"EntryPoint\",\"urlTemplate\":\"https:\/\/entandem.cat\/?s={search_term_string}\"},\"query-input\":{\"@type\":\"PropertyValueSpecification\",\"valueRequired\":true,\"valueName\":\"search_term_string\"}}],\"inLanguage\":\"fr-FR\"},{\"@type\":\"Organization\",\"@id\":\"https:\/\/entandem.cat\/#organization\",\"name\":\"enT\u00e0ndem\",\"url\":\"https:\/\/entandem.cat\/\",\"logo\":{\"@type\":\"ImageObject\",\"inLanguage\":\"fr-FR\",\"@id\":\"https:\/\/entandem.cat\/#\/schema\/logo\/image\/\",\"url\":\"https:\/\/entandem.cat\/wp-content\/uploads\/2016\/12\/logo-entandem.png\",\"contentUrl\":\"https:\/\/entandem.cat\/wp-content\/uploads\/2016\/12\/logo-entandem.png\",\"width\":166,\"height\":44,\"caption\":\"enT\u00e0ndem\"},\"image\":{\"@id\":\"https:\/\/entandem.cat\/#\/schema\/logo\/image\/\"},\"sameAs\":[\"https:\/\/www.facebook.com\/afevcat\",\"https:\/\/x.com\/afevcat\",\"https:\/\/www.instagram.com\/afevcat\/\"]},{\"@type\":\"Person\",\"@id\":\"https:\/\/entandem.cat\/#\/schema\/person\/2111428ce1954193a11054a1e2b5b0da\",\"name\":\"adminTandem\"}]}<\/script>\n<!-- \/ Yoast SEO plugin. -->","yoast_head_json":{"title":"Exposem les claus del nostre projecte d\u2019\u00e8xit al congr\u00e9s europeu de mentoria social - enT\u00e0ndem","robots":{"index":"index","follow":"follow","max-snippet":"max-snippet:-1","max-image-preview":"max-image-preview:large","max-video-preview":"max-video-preview:-1"},"canonical":"https:\/\/entandem.cat\/fr\/savais-tu-que\/exposem-les-claus-del-nostre-projecte-dexit-al-congres-europeu-de-mentoria-social\/","og_locale":"fr_FR","og_type":"article","og_title":"Exposem les claus del nostre projecte d\u2019\u00e8xit al congr\u00e9s europeu de mentoria social - enT\u00e0ndem","og_description":"AFEV vam participar els dies 14, 15 i 16 de mar\u00e7 en el tercer \u201cEuropean mentoring summit\u201d, una trobada del sector de la mentoria social. Ho vam fer amb la pon\u00e8ncia \u00ab\u00a0Seguiment professional de joves mentors: bones pr\u00e0ctiques i reptes\u00a0\u00bb, en la qual vam explicar el nostre model d\u2019\u00e8xit de mentoria social per acabar amb &hellip; Continued","og_url":"https:\/\/entandem.cat\/fr\/savais-tu-que\/exposem-les-claus-del-nostre-projecte-dexit-al-congres-europeu-de-mentoria-social\/","og_site_name":"enT\u00e0ndem","article_publisher":"https:\/\/www.facebook.com\/afevcat","article_published_time":"2018-03-20T09:11:21+00:00","article_modified_time":"2018-06-28T14:57:33+00:00","og_image":[{"width":1200,"height":900,"url":"https:\/\/entandem.cat\/wp-content\/uploads\/2018\/03\/DYVoYI7WkAE71PR.jpg","type":"image\/jpeg"}],"author":"adminTandem","twitter_card":"summary_large_image","twitter_creator":"@afevcat","twitter_site":"@afevcat","twitter_misc":{"\u00c9crit par":"adminTandem","Dur\u00e9e de lecture estim\u00e9e":"2 minutes"},"schema":{"@context":"https:\/\/schema.org","@graph":[{"@type":"Article","@id":"https:\/\/entandem.cat\/fr\/savais-tu-que\/exposem-les-claus-del-nostre-projecte-dexit-al-congres-europeu-de-mentoria-social\/#article","isPartOf":{"@id":"https:\/\/entandem.cat\/fr\/savais-tu-que\/exposem-les-claus-del-nostre-projecte-dexit-al-congres-europeu-de-mentoria-social\/"},"author":{"name":"adminTandem","@id":"https:\/\/entandem.cat\/#\/schema\/person\/2111428ce1954193a11054a1e2b5b0da"},"headline":"Exposem les claus del nostre projecte d\u2019\u00e8xit al congr\u00e9s europeu de mentoria social","datePublished":"2018-03-20T09:11:21+00:00","dateModified":"2018-06-28T14:57:33+00:00","mainEntityOfPage":{"@id":"https:\/\/entandem.cat\/fr\/savais-tu-que\/exposem-les-claus-del-nostre-projecte-dexit-al-congres-europeu-de-mentoria-social\/"},"wordCount":454,"publisher":{"@id":"https:\/\/entandem.cat\/#organization"},"image":{"@id":"https:\/\/entandem.cat\/fr\/savais-tu-que\/exposem-les-claus-del-nostre-projecte-dexit-al-congres-europeu-de-mentoria-social\/#primaryimage"},"thumbnailUrl":"https:\/\/entandem.cat\/wp-content\/uploads\/2018\/03\/DYVoYI7WkAE71PR.jpg","articleSection":["Savias-tu que..."],"inLanguage":"fr-FR"},{"@type":"WebPage","@id":"https:\/\/entandem.cat\/fr\/savais-tu-que\/exposem-les-claus-del-nostre-projecte-dexit-al-congres-europeu-de-mentoria-social\/","url":"https:\/\/entandem.cat\/fr\/savais-tu-que\/exposem-les-claus-del-nostre-projecte-dexit-al-congres-europeu-de-mentoria-social\/","name":"Exposem les claus del nostre projecte d\u2019\u00e8xit al congr\u00e9s europeu de mentoria social - enT\u00e0ndem","isPartOf":{"@id":"https:\/\/entandem.cat\/#website"},"primaryImageOfPage":{"@id":"https:\/\/entandem.cat\/fr\/savais-tu-que\/exposem-les-claus-del-nostre-projecte-dexit-al-congres-europeu-de-mentoria-social\/#primaryimage"},"image":{"@id":"https:\/\/entandem.cat\/fr\/savais-tu-que\/exposem-les-claus-del-nostre-projecte-dexit-al-congres-europeu-de-mentoria-social\/#primaryimage"},"thumbnailUrl":"https:\/\/entandem.cat\/wp-content\/uploads\/2018\/03\/DYVoYI7WkAE71PR.jpg","datePublished":"2018-03-20T09:11:21+00:00","dateModified":"2018-06-28T14:57:33+00:00","breadcrumb":{"@id":"https:\/\/entandem.cat\/fr\/savais-tu-que\/exposem-les-claus-del-nostre-projecte-dexit-al-congres-europeu-de-mentoria-social\/#breadcrumb"},"inLanguage":"fr-FR","potentialAction":[{"@type":"ReadAction","target":["https:\/\/entandem.cat\/fr\/savais-tu-que\/exposem-les-claus-del-nostre-projecte-dexit-al-congres-europeu-de-mentoria-social\/"]}]},{"@type":"ImageObject","inLanguage":"fr-FR","@id":"https:\/\/entandem.cat\/fr\/savais-tu-que\/exposem-les-claus-del-nostre-projecte-dexit-al-congres-europeu-de-mentoria-social\/#primaryimage","url":"https:\/\/entandem.cat\/wp-content\/uploads\/2018\/03\/DYVoYI7WkAE71PR.jpg","contentUrl":"https:\/\/entandem.cat\/wp-content\/uploads\/2018\/03\/DYVoYI7WkAE71PR.jpg","width":1200,"height":900},{"@type":"BreadcrumbList","@id":"https:\/\/entandem.cat\/fr\/savais-tu-que\/exposem-les-claus-del-nostre-projecte-dexit-al-congres-europeu-de-mentoria-social\/#breadcrumb","itemListElement":[{"@type":"ListItem","position":1,"name":"Inici","item":"https:\/\/entandem.cat\/fr\/"},{"@type":"ListItem","position":2,"name":"Exposem les claus del nostre projecte d\u2019\u00e8xit al congr\u00e9s europeu de mentoria social"}]},{"@type":"WebSite","@id":"https:\/\/entandem.cat\/#website","url":"https:\/\/entandem.cat\/","name":"enT\u00e0ndem","description":"Voluntariat Social Universitari","publisher":{"@id":"https:\/\/entandem.cat\/#organization"},"potentialAction":[{"@type":"SearchAction","target":{"@type":"EntryPoint","urlTemplate":"https:\/\/entandem.cat\/?s={search_term_string}"},"query-input":{"@type":"PropertyValueSpecification","valueRequired":true,"valueName":"search_term_string"}}],"inLanguage":"fr-FR"},{"@type":"Organization","@id":"https:\/\/entandem.cat\/#organization","name":"enT\u00e0ndem","url":"https:\/\/entandem.cat\/","logo":{"@type":"ImageObject","inLanguage":"fr-FR","@id":"https:\/\/entandem.cat\/#\/schema\/logo\/image\/","url":"https:\/\/entandem.cat\/wp-content\/uploads\/2016\/12\/logo-entandem.png","contentUrl":"https:\/\/entandem.cat\/wp-content\/uploads\/2016\/12\/logo-entandem.png","width":166,"height":44,"caption":"enT\u00e0ndem"},"image":{"@id":"https:\/\/entandem.cat\/#\/schema\/logo\/image\/"},"sameAs":["https:\/\/www.facebook.com\/afevcat","https:\/\/x.com\/afevcat","https:\/\/www.instagram.com\/afevcat\/"]},{"@type":"Person","@id":"https:\/\/entandem.cat\/#\/schema\/person\/2111428ce1954193a11054a1e2b5b0da","name":"adminTandem"}]}},"_links":{"self":[{"href":"https:\/\/entandem.cat\/fr\/wp-json\/wp\/v2\/posts\/4884","targetHints":{"allow":["GET"]}}],"collection":[{"href":"https:\/\/entandem.cat\/fr\/wp-json\/wp\/v2\/posts"}],"about":[{"href":"https:\/\/entandem.cat\/fr\/wp-json\/wp\/v2\/types\/post"}],"author":[{"embeddable":true,"href":"https:\/\/entandem.cat\/fr\/wp-json\/wp\/v2\/users\/1"}],"replies":[{"embeddable":true,"href":"https:\/\/entandem.cat\/fr\/wp-json\/wp\/v2\/comments?post=4884"}],"version-history":[{"count":0,"href":"https:\/\/entandem.cat\/fr\/wp-json\/wp\/v2\/posts\/4884\/revisions"}],"wp:featuredmedia":[{"embeddable":true,"href":"https:\/\/entandem.cat\/fr\/wp-json\/wp\/v2\/media\/4822"}],"wp:attachment":[{"href":"https:\/\/entandem.cat\/fr\/wp-json\/wp\/v2\/media?parent=4884"}],"wp:term":[{"taxonomy":"category","embeddable":true,"href":"https:\/\/entandem.cat\/fr\/wp-json\/wp\/v2\/categories?post=4884"},{"taxonomy":"post_tag","embeddable":true,"href":"https:\/\/entandem.cat\/fr\/wp-json\/wp\/v2\/tags?post=4884"}],"curies":[{"name":"wp","href":"https:\/\/api.w.org\/{rel}","templated":true}]}}