{"id":4870,"date":"2018-04-26T14:41:22","date_gmt":"2018-04-26T14:41:22","guid":{"rendered":"http:\/\/entandem.cat\/fr\/?p=4870"},"modified":"2018-06-28T14:55:23","modified_gmt":"2018-06-28T14:55:23","slug":"lafev-guanya-el-xxiv-premi-voluntariat-2017","status":"publish","type":"post","link":"https:\/\/entandem.cat\/fr\/savais-tu-que\/lafev-guanya-el-xxiv-premi-voluntariat-2017\/","title":{"rendered":"L&rsquo;AFEV guanya el XXIV Premi Voluntariat 2017!"},"content":{"rendered":"<p><strong>El projecte de voluntariat \u00ab\u00a0<a href=\"https:\/\/entandem.cat\/fr\/collaborer\/\" target=\"_blank\" rel=\"noopener\">Tens ganes de ser \u00fatil?<\/a> Treballant per l\u2019impacte social vers els voluntariat, l\u2019entitat, els infants i joves i la comunitat\u00a0\u00bb de l\u2019AFEV Catalunya vinculat al projecte <a href=\"https:\/\/entandem.cat\/fr\/connait-le-projet\/\">enT\u00e0ndem <\/a>de mentoria social contra el frac\u00e0s escolar i per la igualtat d\u2019oportunitats ha guanyat el <a href=\"https:\/\/voluntariat.gencat.cat\/entrega-premi-voluntariat-civisme\/\" target=\"_blank\" rel=\"noopener\">24\u00e8 Premi Voluntariat de la Generalitat de Catalunya<\/a>, que es va lliurar ahir a la tarda al Palau de Pedralbes de Barcelona.<\/strong><\/p>\n<p><img loading=\"lazy\" decoding=\"async\" class=\" wp-image-4675 alignleft\" src=\"https:\/\/entandem.cat\/wp-content\/uploads\/2018\/04\/premivoluntariat.png\" alt=\"\" width=\"201\" height=\"187\" \/>El premi, el m\u00e9s important que s\u2019atorga actualment a Catalunya en l\u2019\u00e0mbit del voluntariat, suposa un reconeixement molt important a la traject\u00f2ria de l\u2019AFEV aix\u00ed com al voluntariat que setmana a setmana lluita per a la transformaci\u00f3 social, i evidencia la consolidaci\u00f3 de la nostra entitat justament l\u2019any del nostre 10\u00e8 aniversari.<\/p>\n<p>El guard\u00f3 se suma a d\u2019altres guardons que hem rebut recentment, com el Premi al Voluntariat de la Fundaci\u00f3 Mutua Madrile\u00f1a o l\u2019ajut a col\u00b7lectius en risc d\u2019exclusi\u00f3 social de la Fundaci\u00f3 Bizcabar.<\/p>\n<p><strong>Molt\u00edssimes gr\u00e0cies als prop de 125 voluntaris i volunt\u00e0ries que actualment esteu participant en el projecte i als gaireb\u00e9 mil voluntaris que heu fet t\u00e0ndems en aquests 10 anys! i tamb\u00e9 als infants, adolescents, mares, pares i fam\u00edlies, educadors\/es, professors\/es, universitats, escoles&#8230; que cada setmana feu realitat el projecte i lluiteu contra les desigualtats!<br \/>\n <\/strong><\/p>\n<p>El\u00a0Premi Voluntariat, que enguany ha arribat a la seva 24a edici\u00f3, premia el millor projecte o treball que impliqui una transformaci\u00f3 social a trav\u00e9s de la implementaci\u00f3 del voluntariat. El jurat ha valorat \u201cla coher\u00e8ncia i la incid\u00e8ncia\u201d del projecte, tot plegat en una edici\u00f3 que ha tingut en compte la capacitat dels projectes presentats alhora de millorar l\u2019impacte del voluntariat i l\u2019establiment d\u2019indicadors per a mesurar-lo.<\/p>\n<p>L\u2019<a href=\"http:\/\/xarxanet.org\/projectes\/noticies\/afev-sendu-el-premi-voluntariat-2017\" target=\"_blank\" rel=\"noopener\">acte de lliurament<\/a> del\u00a0Premi Voluntariat\u00a0i dels\u00a0Premis de Civisme\u00a0va tenir lloc ahir a la tarda al Palau de Pedralbes, organitzat pel Departament de Treball, Afers Socials i Fam\u00edlies.<\/p>\n<p><strong>Moltes felicitats a tots i totes!!! <br \/>\n <\/strong><\/p>\n<ul>\n<li><a href=\"https:\/\/entandem.cat\/fr\/connait-le-projet\/\">Llegiu m\u00e9s informaci\u00f3 sobre el projecte enT\u00e0ndem<\/a><\/li>\n<li><a href=\"https:\/\/voluntariat.gencat.cat\/entitats\/premi-voluntariat\/\">Llegiu m\u00e9s informaci\u00f3 sobre el Premi Voluntariat<\/a><\/li>\n<li>M\u00e9s not\u00edcies relacionades: <a href=\"http:\/\/xarxanet.org\/projectes\/noticies\/afev-sendu-el-premi-voluntariat-2017\" target=\"_blank\" rel=\"noopener\">xarxanet<\/a>, <a href=\"http:\/\/voluntaris.cat\/afev-sendu-el-premi-voluntariat-2017\/\" target=\"_blank\" rel=\"noopener\">FCVS,<\/a><a href=\"http:\/\/premsa.gencat.cat\/pres_fsvp\/AppJava\/notapremsavw\/305770\/ca\/treball-afers-socials-families-lliura-premis-civisme-premi-voluntariat.do\" target=\"_blank\" rel=\"noopener\"> Generalitat de Catalunya,\u00a0<\/a><a href=\"https:\/\/voluntariat.gencat.cat\/entrega-premi-voluntariat-civisme\/\" target=\"_blank\" rel=\"noopener\"><strong>Generalitat de Catalunya (Voluntariat)<\/strong><\/a><\/li>\n<\/ul>\n<p>&nbsp;<\/p>\n<p><img loading=\"lazy\" decoding=\"async\" class=\"aligncenter wp-image-4694 size-full\" src=\"https:\/\/entandem.cat\/wp-content\/uploads\/2018\/04\/IMG_20180426_194113_559_noti-a-sota.jpg\" alt=\"\" width=\"768\" height=\"210\" srcset=\"https:\/\/entandem.cat\/wp-content\/uploads\/2018\/04\/IMG_20180426_194113_559_noti-a-sota.jpg 768w, https:\/\/entandem.cat\/wp-content\/uploads\/2018\/04\/IMG_20180426_194113_559_noti-a-sota-300x82.jpg 300w, https:\/\/entandem.cat\/wp-content\/uploads\/2018\/04\/IMG_20180426_194113_559_noti-a-sota-560x153.jpg 560w\" sizes=\"auto, (max-width: 768px) 100vw, 768px\" \/><\/p>\n","protected":false},"excerpt":{"rendered":"<p>El projecte de voluntariat \u00ab\u00a0Tens ganes de ser \u00fatil? Treballant per l\u2019impacte social vers els voluntariat, l\u2019entitat, els infants i joves i la comunitat\u00a0\u00bb de l\u2019AFEV Catalunya vinculat al projecte enT\u00e0ndem de mentoria social contra el frac\u00e0s escolar i per la igualtat d\u2019oportunitats ha guanyat el 24\u00e8 Premi Voluntariat de la Generalitat de Catalunya, que &hellip; <a href=\"https:\/\/entandem.cat\/fr\/savais-tu-que\/lafev-guanya-el-xxiv-premi-voluntariat-2017\/\">Continued<\/a><\/p>\n","protected":false},"author":1,"featured_media":4689,"comment_status":"closed","ping_status":"open","sticky":false,"template":"","format":"standard","meta":{"footnotes":""},"categories":[324],"tags":[],"class_list":["post-4870","post","type-post","status-publish","format-standard","has-post-thumbnail","hentry","category-savais-tu-que"],"yoast_head":"<!-- This site is optimized with the Yoast SEO plugin v27.0 - https:\/\/yoast.com\/product\/yoast-seo-wordpress\/ -->\n<title>L&#039;AFEV guanya el XXIV Premi Voluntariat 2017! - enT\u00e0ndem<\/title>\n<meta name=\"robots\" content=\"index, follow, max-snippet:-1, max-image-preview:large, max-video-preview:-1\" \/>\n<link rel=\"canonical\" href=\"https:\/\/entandem.cat\/fr\/savais-tu-que\/lafev-guanya-el-xxiv-premi-voluntariat-2017\/\" \/>\n<meta property=\"og:locale\" content=\"fr_FR\" \/>\n<meta property=\"og:type\" content=\"article\" \/>\n<meta property=\"og:title\" content=\"L&#039;AFEV guanya el XXIV Premi Voluntariat 2017! - enT\u00e0ndem\" \/>\n<meta property=\"og:description\" content=\"El projecte de voluntariat \u00ab\u00a0Tens ganes de ser \u00fatil? Treballant per l\u2019impacte social vers els voluntariat, l\u2019entitat, els infants i joves i la comunitat\u00a0\u00bb de l\u2019AFEV Catalunya vinculat al projecte enT\u00e0ndem de mentoria social contra el frac\u00e0s escolar i per la igualtat d\u2019oportunitats ha guanyat el 24\u00e8 Premi Voluntariat de la Generalitat de Catalunya, que &hellip; Continued\" \/>\n<meta property=\"og:url\" content=\"https:\/\/entandem.cat\/fr\/savais-tu-que\/lafev-guanya-el-xxiv-premi-voluntariat-2017\/\" \/>\n<meta property=\"og:site_name\" content=\"enT\u00e0ndem\" \/>\n<meta property=\"article:publisher\" content=\"https:\/\/www.facebook.com\/afevcat\" \/>\n<meta property=\"article:published_time\" content=\"2018-04-26T14:41:22+00:00\" \/>\n<meta property=\"article:modified_time\" content=\"2018-06-28T14:55:23+00:00\" \/>\n<meta property=\"og:image\" content=\"https:\/\/entandem.cat\/wp-content\/uploads\/2018\/04\/IMG_20180426_194113_554.jpg\" \/>\n\t<meta property=\"og:image:width\" content=\"768\" \/>\n\t<meta property=\"og:image:height\" content=\"768\" \/>\n\t<meta property=\"og:image:type\" content=\"image\/jpeg\" \/>\n<meta name=\"author\" content=\"adminTandem\" \/>\n<meta name=\"twitter:card\" content=\"summary_large_image\" \/>\n<meta name=\"twitter:creator\" content=\"@afevcat\" \/>\n<meta name=\"twitter:site\" content=\"@afevcat\" \/>\n<meta name=\"twitter:label1\" content=\"\u00c9crit par\" \/>\n\t<meta name=\"twitter:data1\" content=\"adminTandem\" \/>\n\t<meta name=\"twitter:label2\" content=\"Dur\u00e9e de lecture estim\u00e9e\" \/>\n\t<meta name=\"twitter:data2\" content=\"2 minutes\" \/>\n<script type=\"application\/ld+json\" class=\"yoast-schema-graph\">{\"@context\":\"https:\/\/schema.org\",\"@graph\":[{\"@type\":\"Article\",\"@id\":\"https:\/\/entandem.cat\/fr\/savais-tu-que\/lafev-guanya-el-xxiv-premi-voluntariat-2017\/#article\",\"isPartOf\":{\"@id\":\"https:\/\/entandem.cat\/fr\/savais-tu-que\/lafev-guanya-el-xxiv-premi-voluntariat-2017\/\"},\"author\":{\"name\":\"adminTandem\",\"@id\":\"https:\/\/entandem.cat\/#\/schema\/person\/2111428ce1954193a11054a1e2b5b0da\"},\"headline\":\"L&rsquo;AFEV guanya el XXIV Premi Voluntariat 2017!\",\"datePublished\":\"2018-04-26T14:41:22+00:00\",\"dateModified\":\"2018-06-28T14:55:23+00:00\",\"mainEntityOfPage\":{\"@id\":\"https:\/\/entandem.cat\/fr\/savais-tu-que\/lafev-guanya-el-xxiv-premi-voluntariat-2017\/\"},\"wordCount\":379,\"publisher\":{\"@id\":\"https:\/\/entandem.cat\/#organization\"},\"image\":{\"@id\":\"https:\/\/entandem.cat\/fr\/savais-tu-que\/lafev-guanya-el-xxiv-premi-voluntariat-2017\/#primaryimage\"},\"thumbnailUrl\":\"https:\/\/entandem.cat\/wp-content\/uploads\/2018\/04\/IMG_20180426_194113_554.jpg\",\"articleSection\":[\"Savias-tu que...\"],\"inLanguage\":\"fr-FR\"},{\"@type\":\"WebPage\",\"@id\":\"https:\/\/entandem.cat\/fr\/savais-tu-que\/lafev-guanya-el-xxiv-premi-voluntariat-2017\/\",\"url\":\"https:\/\/entandem.cat\/fr\/savais-tu-que\/lafev-guanya-el-xxiv-premi-voluntariat-2017\/\",\"name\":\"L'AFEV guanya el XXIV Premi Voluntariat 2017! - enT\u00e0ndem\",\"isPartOf\":{\"@id\":\"https:\/\/entandem.cat\/#website\"},\"primaryImageOfPage\":{\"@id\":\"https:\/\/entandem.cat\/fr\/savais-tu-que\/lafev-guanya-el-xxiv-premi-voluntariat-2017\/#primaryimage\"},\"image\":{\"@id\":\"https:\/\/entandem.cat\/fr\/savais-tu-que\/lafev-guanya-el-xxiv-premi-voluntariat-2017\/#primaryimage\"},\"thumbnailUrl\":\"https:\/\/entandem.cat\/wp-content\/uploads\/2018\/04\/IMG_20180426_194113_554.jpg\",\"datePublished\":\"2018-04-26T14:41:22+00:00\",\"dateModified\":\"2018-06-28T14:55:23+00:00\",\"breadcrumb\":{\"@id\":\"https:\/\/entandem.cat\/fr\/savais-tu-que\/lafev-guanya-el-xxiv-premi-voluntariat-2017\/#breadcrumb\"},\"inLanguage\":\"fr-FR\",\"potentialAction\":[{\"@type\":\"ReadAction\",\"target\":[\"https:\/\/entandem.cat\/fr\/savais-tu-que\/lafev-guanya-el-xxiv-premi-voluntariat-2017\/\"]}]},{\"@type\":\"ImageObject\",\"inLanguage\":\"fr-FR\",\"@id\":\"https:\/\/entandem.cat\/fr\/savais-tu-que\/lafev-guanya-el-xxiv-premi-voluntariat-2017\/#primaryimage\",\"url\":\"https:\/\/entandem.cat\/wp-content\/uploads\/2018\/04\/IMG_20180426_194113_554.jpg\",\"contentUrl\":\"https:\/\/entandem.cat\/wp-content\/uploads\/2018\/04\/IMG_20180426_194113_554.jpg\",\"width\":768,\"height\":768},{\"@type\":\"BreadcrumbList\",\"@id\":\"https:\/\/entandem.cat\/fr\/savais-tu-que\/lafev-guanya-el-xxiv-premi-voluntariat-2017\/#breadcrumb\",\"itemListElement\":[{\"@type\":\"ListItem\",\"position\":1,\"name\":\"Inici\",\"item\":\"https:\/\/entandem.cat\/fr\/\"},{\"@type\":\"ListItem\",\"position\":2,\"name\":\"L&rsquo;AFEV guanya el XXIV Premi Voluntariat 2017!\"}]},{\"@type\":\"WebSite\",\"@id\":\"https:\/\/entandem.cat\/#website\",\"url\":\"https:\/\/entandem.cat\/\",\"name\":\"enT\u00e0ndem\",\"description\":\"Voluntariat Social Universitari\",\"publisher\":{\"@id\":\"https:\/\/entandem.cat\/#organization\"},\"potentialAction\":[{\"@type\":\"SearchAction\",\"target\":{\"@type\":\"EntryPoint\",\"urlTemplate\":\"https:\/\/entandem.cat\/?s={search_term_string}\"},\"query-input\":{\"@type\":\"PropertyValueSpecification\",\"valueRequired\":true,\"valueName\":\"search_term_string\"}}],\"inLanguage\":\"fr-FR\"},{\"@type\":\"Organization\",\"@id\":\"https:\/\/entandem.cat\/#organization\",\"name\":\"enT\u00e0ndem\",\"url\":\"https:\/\/entandem.cat\/\",\"logo\":{\"@type\":\"ImageObject\",\"inLanguage\":\"fr-FR\",\"@id\":\"https:\/\/entandem.cat\/#\/schema\/logo\/image\/\",\"url\":\"https:\/\/entandem.cat\/wp-content\/uploads\/2016\/12\/logo-entandem.png\",\"contentUrl\":\"https:\/\/entandem.cat\/wp-content\/uploads\/2016\/12\/logo-entandem.png\",\"width\":166,\"height\":44,\"caption\":\"enT\u00e0ndem\"},\"image\":{\"@id\":\"https:\/\/entandem.cat\/#\/schema\/logo\/image\/\"},\"sameAs\":[\"https:\/\/www.facebook.com\/afevcat\",\"https:\/\/x.com\/afevcat\",\"https:\/\/www.instagram.com\/afevcat\/\"]},{\"@type\":\"Person\",\"@id\":\"https:\/\/entandem.cat\/#\/schema\/person\/2111428ce1954193a11054a1e2b5b0da\",\"name\":\"adminTandem\"}]}<\/script>\n<!-- \/ Yoast SEO plugin. -->","yoast_head_json":{"title":"L'AFEV guanya el XXIV Premi Voluntariat 2017! - enT\u00e0ndem","robots":{"index":"index","follow":"follow","max-snippet":"max-snippet:-1","max-image-preview":"max-image-preview:large","max-video-preview":"max-video-preview:-1"},"canonical":"https:\/\/entandem.cat\/fr\/savais-tu-que\/lafev-guanya-el-xxiv-premi-voluntariat-2017\/","og_locale":"fr_FR","og_type":"article","og_title":"L'AFEV guanya el XXIV Premi Voluntariat 2017! - enT\u00e0ndem","og_description":"El projecte de voluntariat \u00ab\u00a0Tens ganes de ser \u00fatil? Treballant per l\u2019impacte social vers els voluntariat, l\u2019entitat, els infants i joves i la comunitat\u00a0\u00bb de l\u2019AFEV Catalunya vinculat al projecte enT\u00e0ndem de mentoria social contra el frac\u00e0s escolar i per la igualtat d\u2019oportunitats ha guanyat el 24\u00e8 Premi Voluntariat de la Generalitat de Catalunya, que &hellip; Continued","og_url":"https:\/\/entandem.cat\/fr\/savais-tu-que\/lafev-guanya-el-xxiv-premi-voluntariat-2017\/","og_site_name":"enT\u00e0ndem","article_publisher":"https:\/\/www.facebook.com\/afevcat","article_published_time":"2018-04-26T14:41:22+00:00","article_modified_time":"2018-06-28T14:55:23+00:00","og_image":[{"width":768,"height":768,"url":"https:\/\/entandem.cat\/wp-content\/uploads\/2018\/04\/IMG_20180426_194113_554.jpg","type":"image\/jpeg"}],"author":"adminTandem","twitter_card":"summary_large_image","twitter_creator":"@afevcat","twitter_site":"@afevcat","twitter_misc":{"\u00c9crit par":"adminTandem","Dur\u00e9e de lecture estim\u00e9e":"2 minutes"},"schema":{"@context":"https:\/\/schema.org","@graph":[{"@type":"Article","@id":"https:\/\/entandem.cat\/fr\/savais-tu-que\/lafev-guanya-el-xxiv-premi-voluntariat-2017\/#article","isPartOf":{"@id":"https:\/\/entandem.cat\/fr\/savais-tu-que\/lafev-guanya-el-xxiv-premi-voluntariat-2017\/"},"author":{"name":"adminTandem","@id":"https:\/\/entandem.cat\/#\/schema\/person\/2111428ce1954193a11054a1e2b5b0da"},"headline":"L&rsquo;AFEV guanya el XXIV Premi Voluntariat 2017!","datePublished":"2018-04-26T14:41:22+00:00","dateModified":"2018-06-28T14:55:23+00:00","mainEntityOfPage":{"@id":"https:\/\/entandem.cat\/fr\/savais-tu-que\/lafev-guanya-el-xxiv-premi-voluntariat-2017\/"},"wordCount":379,"publisher":{"@id":"https:\/\/entandem.cat\/#organization"},"image":{"@id":"https:\/\/entandem.cat\/fr\/savais-tu-que\/lafev-guanya-el-xxiv-premi-voluntariat-2017\/#primaryimage"},"thumbnailUrl":"https:\/\/entandem.cat\/wp-content\/uploads\/2018\/04\/IMG_20180426_194113_554.jpg","articleSection":["Savias-tu que..."],"inLanguage":"fr-FR"},{"@type":"WebPage","@id":"https:\/\/entandem.cat\/fr\/savais-tu-que\/lafev-guanya-el-xxiv-premi-voluntariat-2017\/","url":"https:\/\/entandem.cat\/fr\/savais-tu-que\/lafev-guanya-el-xxiv-premi-voluntariat-2017\/","name":"L'AFEV guanya el XXIV Premi Voluntariat 2017! - enT\u00e0ndem","isPartOf":{"@id":"https:\/\/entandem.cat\/#website"},"primaryImageOfPage":{"@id":"https:\/\/entandem.cat\/fr\/savais-tu-que\/lafev-guanya-el-xxiv-premi-voluntariat-2017\/#primaryimage"},"image":{"@id":"https:\/\/entandem.cat\/fr\/savais-tu-que\/lafev-guanya-el-xxiv-premi-voluntariat-2017\/#primaryimage"},"thumbnailUrl":"https:\/\/entandem.cat\/wp-content\/uploads\/2018\/04\/IMG_20180426_194113_554.jpg","datePublished":"2018-04-26T14:41:22+00:00","dateModified":"2018-06-28T14:55:23+00:00","breadcrumb":{"@id":"https:\/\/entandem.cat\/fr\/savais-tu-que\/lafev-guanya-el-xxiv-premi-voluntariat-2017\/#breadcrumb"},"inLanguage":"fr-FR","potentialAction":[{"@type":"ReadAction","target":["https:\/\/entandem.cat\/fr\/savais-tu-que\/lafev-guanya-el-xxiv-premi-voluntariat-2017\/"]}]},{"@type":"ImageObject","inLanguage":"fr-FR","@id":"https:\/\/entandem.cat\/fr\/savais-tu-que\/lafev-guanya-el-xxiv-premi-voluntariat-2017\/#primaryimage","url":"https:\/\/entandem.cat\/wp-content\/uploads\/2018\/04\/IMG_20180426_194113_554.jpg","contentUrl":"https:\/\/entandem.cat\/wp-content\/uploads\/2018\/04\/IMG_20180426_194113_554.jpg","width":768,"height":768},{"@type":"BreadcrumbList","@id":"https:\/\/entandem.cat\/fr\/savais-tu-que\/lafev-guanya-el-xxiv-premi-voluntariat-2017\/#breadcrumb","itemListElement":[{"@type":"ListItem","position":1,"name":"Inici","item":"https:\/\/entandem.cat\/fr\/"},{"@type":"ListItem","position":2,"name":"L&rsquo;AFEV guanya el XXIV Premi Voluntariat 2017!"}]},{"@type":"WebSite","@id":"https:\/\/entandem.cat\/#website","url":"https:\/\/entandem.cat\/","name":"enT\u00e0ndem","description":"Voluntariat Social Universitari","publisher":{"@id":"https:\/\/entandem.cat\/#organization"},"potentialAction":[{"@type":"SearchAction","target":{"@type":"EntryPoint","urlTemplate":"https:\/\/entandem.cat\/?s={search_term_string}"},"query-input":{"@type":"PropertyValueSpecification","valueRequired":true,"valueName":"search_term_string"}}],"inLanguage":"fr-FR"},{"@type":"Organization","@id":"https:\/\/entandem.cat\/#organization","name":"enT\u00e0ndem","url":"https:\/\/entandem.cat\/","logo":{"@type":"ImageObject","inLanguage":"fr-FR","@id":"https:\/\/entandem.cat\/#\/schema\/logo\/image\/","url":"https:\/\/entandem.cat\/wp-content\/uploads\/2016\/12\/logo-entandem.png","contentUrl":"https:\/\/entandem.cat\/wp-content\/uploads\/2016\/12\/logo-entandem.png","width":166,"height":44,"caption":"enT\u00e0ndem"},"image":{"@id":"https:\/\/entandem.cat\/#\/schema\/logo\/image\/"},"sameAs":["https:\/\/www.facebook.com\/afevcat","https:\/\/x.com\/afevcat","https:\/\/www.instagram.com\/afevcat\/"]},{"@type":"Person","@id":"https:\/\/entandem.cat\/#\/schema\/person\/2111428ce1954193a11054a1e2b5b0da","name":"adminTandem"}]}},"_links":{"self":[{"href":"https:\/\/entandem.cat\/fr\/wp-json\/wp\/v2\/posts\/4870","targetHints":{"allow":["GET"]}}],"collection":[{"href":"https:\/\/entandem.cat\/fr\/wp-json\/wp\/v2\/posts"}],"about":[{"href":"https:\/\/entandem.cat\/fr\/wp-json\/wp\/v2\/types\/post"}],"author":[{"embeddable":true,"href":"https:\/\/entandem.cat\/fr\/wp-json\/wp\/v2\/users\/1"}],"replies":[{"embeddable":true,"href":"https:\/\/entandem.cat\/fr\/wp-json\/wp\/v2\/comments?post=4870"}],"version-history":[{"count":0,"href":"https:\/\/entandem.cat\/fr\/wp-json\/wp\/v2\/posts\/4870\/revisions"}],"wp:featuredmedia":[{"embeddable":true,"href":"https:\/\/entandem.cat\/fr\/wp-json\/wp\/v2\/media\/4689"}],"wp:attachment":[{"href":"https:\/\/entandem.cat\/fr\/wp-json\/wp\/v2\/media?parent=4870"}],"wp:term":[{"taxonomy":"category","embeddable":true,"href":"https:\/\/entandem.cat\/fr\/wp-json\/wp\/v2\/categories?post=4870"},{"taxonomy":"post_tag","embeddable":true,"href":"https:\/\/entandem.cat\/fr\/wp-json\/wp\/v2\/tags?post=4870"}],"curies":[{"name":"wp","href":"https:\/\/api.w.org\/{rel}","templated":true}]}}