{"id":4311,"date":"2019-02-11T13:21:02","date_gmt":"2019-02-11T13:21:02","guid":{"rendered":"http:\/\/entandem.cat\/fr\/activites\/8m-2018-lafev-catalunya-donem-suport-la-vaga-feminista\/"},"modified":"2019-02-12T08:57:02","modified_gmt":"2019-02-12T08:57:02","slug":"8m-2019-lafev-donem-suport-la-vaga-feminista","status":"publish","type":"post","link":"https:\/\/entandem.cat\/fr\/savais-tu-que\/8m-2019-lafev-donem-suport-la-vaga-feminista\/","title":{"rendered":"8M 2019. L\u2019AFEV Catalunya i l\u2019AFEV Val\u00e8ncia donem suport a la VAGA FEMINISTA de 24h"},"content":{"rendered":"<p>&nbsp;<\/p>\n<p><strong>En motiu del 8 mar\u00e7 de 2019, l\u2019AFEV Catalunya i Val\u00e8ncia donem suport a la convocat\u00f2ria de VAGA realitzada pel moviment feminista de 24h<\/strong>: una vaga laboral, de cures, de consum, associativa i d\u2019estudiants que, desbordant els l\u00edmits a qu\u00e8 estem acostumades, recull les nombroses reivindicacions encap\u00e7alades pels feminismes els darrers anys.<\/p>\n<p>Compromesa amb aquesta lluita, <strong>des de l\u2019AFEV volem p<\/strong><strong>rendre partit en aquesta jornada de mobilitzaci\u00f3, <\/strong>contribuint a la visibilitzaci\u00f3 de les nombroses desigualtats i viol\u00e8ncies que pateixen les dones, aix\u00ed com a la den\u00fancia del sistema heteropatriarcal, capitalista i colonial que les nodreix, les reprodueix i les naturalitza. Les <strong>desigualtats i discriminacions de g\u00e8nere travessen totes i cadascuna de les esferes de la vida social <\/strong>i, per tant, tamb\u00e9 romanen ben presents all\u00e0 on nosaltres posem el focus i centrem l\u2019acci\u00f3: la lluita contra les desigualtats socials i educatives mitjan\u00e7ant el foment del comprom\u00eds solidari del jovent.<\/p>\n<p>&nbsp;<\/p>\n<h3><span style=\"color: #c00000;\"><b>VOLUNTARIAT SOCIAL <\/b><\/span><\/h3>\n<p>La tasca del <strong>voluntariat social<\/strong> ens permet posar en valor la feina duta a terme per persones que, cada setmana, es dediquen desinteressadament a tenir cura de les altres. Aix\u00f2 possibilita visibilitzar i valoritzar un fenomen que, hist\u00f2ricament vinculat a les dones, ha restat a l\u2019ombra durant molt de temps, ocult i infravalorat. Actualment, i malgrat els discursos que parlen d\u2019una igualtat ja assolida, el <strong>gruix majoritari de volunt\u00e0ries a l\u2019\u00e0mbit de l\u2019acci\u00f3 social segueixen sent dones<\/strong> (amb un 70% front al 30% d\u2019homes). Mentre, en l\u2019altra cara de la moneda trobem que al voluntariat esportiu s\u2019inverteix la balan\u00e7a (davant el 42% de dones, trobem un 58% d\u2019homes).<\/p>\n<p>La <strong>feminitzaci\u00f3 de les cures<\/strong> per tant t\u00e9 la <strong>seva corresponent extensi\u00f3 a l\u2019\u00e0mbit de l\u2019acci\u00f3 social no sols a <\/strong>nivell laboral sin\u00f3 tamb\u00e9 a nivell de voluntariat. Una constant que ens arriba tamb\u00e9 on <strong>just el 70% dels acompanyaments s\u00f3n realitzats per mentores (mentre que eren el 89% al 2009, mica en mica anem canviant les coses).<\/strong> Per aix\u00f2 volem visibilitzar, recon\u00e8ixer i posar en valor la tasca de les nostres volunt\u00e0ries, el comprom\u00eds de les quals resulta quelcom indispensable per a l\u2019entitat. Al mateix temps, animem els nois a involucrar-se i a participar en el voluntariat social, a explotar les finestres que una viv\u00e8ncia aix\u00ed els pot obrir: en termes de compet\u00e8ncies socials i professionals per\u00f2, tamb\u00e9 com a via per q\u00fcestionar i repensar la masculinitat hegem\u00f2nica en qu\u00e8 han estat educats.<\/p>\n<p>&nbsp;<\/p>\n<h3><span style=\"color: #c00000;\"><b>EDUCACI\u00d3 <\/b><\/span><\/h3>\n<p><strong>L\u2019entramat masclista tamb\u00e9 t\u00e9 un impacte directe sobre la realitat d\u2019infants i joves<\/strong>. La inf\u00e0ncia i l\u2019adolesc\u00e8ncia constitueixen, de fet, dues etapes clau en la consolidaci\u00f3 de la identitat de g\u00e8nere de les persones, la qual es concreta en l\u2019<strong>establiment d\u2019unes actituds, rols i expectatives espec\u00edfiques<\/strong> (i ben diferenciades) en el cas de nois i de noies. Els principals agents socialitzadors durant aquestes fases vitals (fam\u00edlia, escola, grup d\u2019iguals, mitjans de comunicaci\u00f3\u2026) funcionen com a mecanismes de reproducci\u00f3 d\u2019aquesta marcada diferenciaci\u00f3 identit\u00e0ria, contribuint a la perpetuaci\u00f3 i a la consolidaci\u00f3 de les jerarquies de g\u00e8nere ja des de la inf\u00e0ncia.<\/p>\n<p>L\u2019acci\u00f3 educativa realitzada pel voluntariat amb els infants i joves que participen en els acompanyaments, vol ser tamb\u00e9 una <strong>palanca de suport als plans, projectes i estrat\u00e8gies coeducatives<\/strong> impulsades des de diferents fronts amb l\u2019objectiu de combatre estereotips, models i rols de feminitat i masculinitat hegem\u00f2nics; desarticular creences i imatges ideals de l\u2019amor rom\u00e0ntic i trencar amb tot tipus de viol\u00e8ncies, comentaris i actituds masclistes i\/o lgtbqif\u00f2biques.<\/p>\n<p>\u00c9s per aix\u00f2 que <strong>convidem el nostre voluntariat a participar en aquesta jornada de mobilitzaci\u00f3 global pels drets de les dones i feminista<\/strong>, entenent que aquesta \u00e9s una lluita fonamental per la construcci\u00f3 d\u2019un m\u00f3n m\u00e9s equitatiu i just.<\/p>\n<p>&nbsp;<\/p>\n<p><img loading=\"lazy\" decoding=\"async\" class=\"aligncenter wp-image-4315 size-medium\" src=\"https:\/\/entandem.cat\/wp-content\/uploads\/2018\/03\/28685983_966966213459965_2093899068876771044_n-300x212.jpg\" alt=\"\" width=\"300\" height=\"212\" srcset=\"https:\/\/entandem.cat\/wp-content\/uploads\/2018\/03\/28685983_966966213459965_2093899068876771044_n-300x212.jpg 300w, https:\/\/entandem.cat\/wp-content\/uploads\/2018\/03\/28685983_966966213459965_2093899068876771044_n-768x542.jpg 768w, https:\/\/entandem.cat\/wp-content\/uploads\/2018\/03\/28685983_966966213459965_2093899068876771044_n-560x396.jpg 560w, https:\/\/entandem.cat\/wp-content\/uploads\/2018\/03\/28685983_966966213459965_2093899068876771044_n.jpg 960w\" sizes=\"auto, (max-width: 300px) 100vw, 300px\" \/><\/p>\n<h4>\u00a0<\/h4>\n<h4><span style=\"color: #c00000;\"><b>I jo\u2026 com puc participar en aquesta jornada? Algunes idees per al 8 de mar\u00e7:<\/b><\/span><\/h4>\n<ul>\n<li><strong>Ves a les accions de la vaga feminista <\/strong>(per exemple, busca a quina hora i des d\u2019on surt la manifestaci\u00f3 m\u00e9s propera) i, si ho veus factible, fes-ho amb el teu t\u00e0ndems i altres t\u00e0ndems.<\/li>\n<li><strong>Parla de la vaga feminista i les seves reinvindicacions<\/strong> amb els teus companys i companyes, amb l\u2019infant o adolescent que acompanyes i amb la seva fam\u00edlia.<\/li>\n<li><strong>Deixa de consumir, d\u2019anar a classe o a treballar<\/strong>. Deriva les tasques de cura a homes del teu entorn.<\/li>\n<li><strong>Fes visibles les reivindicacions feministes per totes les vies que se\u2019t puguin acudir<\/strong>: escolta m\u00fasica de dones, mira pel\u00b7lis de dones, llegeix llibres de dones. Parla en femen\u00ed i en termes inclusius, porta roba lila, demana que hi hagi paritat de representaci\u00f3 de g\u00e8nere en totes les esferes (comunicaci\u00f3, pol\u00edtica, universitats, llocs de feina\u2026). <strong>Posa l\u2019accent sobre les viol\u00e8ncies masclistes <\/strong>(assetjament al carrer, exclusi\u00f3 de certes activitats l\u00fadiques o laborals, llenguatge sexista, imatge sexualitzada de les dones i les nenes als mitjans de comunicaci\u00f3), parla amb els teus companys homes sobre com el patriarcat els afecta tamb\u00e9 negativament.<\/li>\n<li><strong>Fes alguna din\u00e0mica relacionada amb la divisi\u00f3 per g\u00e8nere de les tasques de cura amb l\u2019infant o adolescent que acompanyes la setmana seg\u00fcent<\/strong> i el pes que tenen aquestes per sostenir la vida i la societat.<\/li>\n<\/ul>\n<p>\n <span style=\"color: #c00000;\"><strong>Recursos<\/strong>:<\/span> <a href=\"http:\/\/xarxanet.org\/cultural\/noticies\/cultura-feminista-en-7-idees\">Cultura feminista en 7 idees &#8211; Xarxanet.org<\/a><\/p>\n","protected":false},"excerpt":{"rendered":"<p>&nbsp; En motiu del 8 mar\u00e7 de 2019, l\u2019AFEV Catalunya i Val\u00e8ncia donem suport a la convocat\u00f2ria de VAGA realitzada pel moviment feminista de 24h: una vaga laboral, de cures, de consum, associativa i d\u2019estudiants que, desbordant els l\u00edmits a qu\u00e8 estem acostumades, recull les nombroses reivindicacions encap\u00e7alades pels feminismes els darrers anys. Compromesa amb &hellip; <a href=\"https:\/\/entandem.cat\/fr\/savais-tu-que\/8m-2019-lafev-donem-suport-la-vaga-feminista\/\">Continued<\/a><\/p>\n","protected":false},"author":1,"featured_media":5393,"comment_status":"closed","ping_status":"open","sticky":false,"template":"","format":"standard","meta":{"footnotes":""},"categories":[324],"tags":[606],"class_list":["post-4311","post","type-post","status-publish","format-standard","has-post-thumbnail","hentry","category-savais-tu-que","tag-genere-fr"],"yoast_head":"<!-- This site is optimized with the Yoast SEO plugin v27.0 - https:\/\/yoast.com\/product\/yoast-seo-wordpress\/ -->\n<title>8M 2019. L\u2019AFEV Catalunya i l\u2019AFEV Val\u00e8ncia donem suport a la VAGA FEMINISTA de 24h - enT\u00e0ndem<\/title>\n<meta name=\"robots\" content=\"index, follow, max-snippet:-1, max-image-preview:large, max-video-preview:-1\" \/>\n<link rel=\"canonical\" href=\"https:\/\/entandem.cat\/fr\/savais-tu-que\/8m-2019-lafev-donem-suport-la-vaga-feminista\/\" \/>\n<meta property=\"og:locale\" content=\"fr_FR\" \/>\n<meta property=\"og:type\" content=\"article\" \/>\n<meta property=\"og:title\" content=\"8M 2019. L\u2019AFEV Catalunya i l\u2019AFEV Val\u00e8ncia donem suport a la VAGA FEMINISTA de 24h - enT\u00e0ndem\" \/>\n<meta property=\"og:description\" content=\"&nbsp; En motiu del 8 mar\u00e7 de 2019, l\u2019AFEV Catalunya i Val\u00e8ncia donem suport a la convocat\u00f2ria de VAGA realitzada pel moviment feminista de 24h: una vaga laboral, de cures, de consum, associativa i d\u2019estudiants que, desbordant els l\u00edmits a qu\u00e8 estem acostumades, recull les nombroses reivindicacions encap\u00e7alades pels feminismes els darrers anys. Compromesa amb &hellip; Continued\" \/>\n<meta property=\"og:url\" content=\"https:\/\/entandem.cat\/fr\/savais-tu-que\/8m-2019-lafev-donem-suport-la-vaga-feminista\/\" \/>\n<meta property=\"og:site_name\" content=\"enT\u00e0ndem\" \/>\n<meta property=\"article:publisher\" content=\"https:\/\/www.facebook.com\/afevcat\" \/>\n<meta property=\"article:published_time\" content=\"2019-02-11T13:21:02+00:00\" \/>\n<meta property=\"article:modified_time\" content=\"2019-02-12T08:57:02+00:00\" \/>\n<meta property=\"og:image\" content=\"https:\/\/entandem.cat\/wp-content\/uploads\/2019\/02\/vagafeminista8M19.png\" \/>\n\t<meta property=\"og:image:width\" content=\"1500\" \/>\n\t<meta property=\"og:image:height\" content=\"716\" \/>\n\t<meta property=\"og:image:type\" content=\"image\/png\" \/>\n<meta name=\"author\" content=\"adminTandem\" \/>\n<meta name=\"twitter:card\" content=\"summary_large_image\" \/>\n<meta name=\"twitter:creator\" content=\"@afevcat\" \/>\n<meta name=\"twitter:site\" content=\"@afevcat\" \/>\n<meta name=\"twitter:label1\" content=\"\u00c9crit par\" \/>\n\t<meta name=\"twitter:data1\" content=\"adminTandem\" \/>\n\t<meta name=\"twitter:label2\" content=\"Dur\u00e9e de lecture estim\u00e9e\" \/>\n\t<meta name=\"twitter:data2\" content=\"5 minutes\" \/>\n<script type=\"application\/ld+json\" class=\"yoast-schema-graph\">{\"@context\":\"https:\/\/schema.org\",\"@graph\":[{\"@type\":\"Article\",\"@id\":\"https:\/\/entandem.cat\/fr\/savais-tu-que\/8m-2019-lafev-donem-suport-la-vaga-feminista\/#article\",\"isPartOf\":{\"@id\":\"https:\/\/entandem.cat\/fr\/savais-tu-que\/8m-2019-lafev-donem-suport-la-vaga-feminista\/\"},\"author\":{\"name\":\"adminTandem\",\"@id\":\"https:\/\/entandem.cat\/#\/schema\/person\/2111428ce1954193a11054a1e2b5b0da\"},\"headline\":\"8M 2019. L\u2019AFEV Catalunya i l\u2019AFEV Val\u00e8ncia donem suport a la VAGA FEMINISTA de 24h\",\"datePublished\":\"2019-02-11T13:21:02+00:00\",\"dateModified\":\"2019-02-12T08:57:02+00:00\",\"mainEntityOfPage\":{\"@id\":\"https:\/\/entandem.cat\/fr\/savais-tu-que\/8m-2019-lafev-donem-suport-la-vaga-feminista\/\"},\"wordCount\":930,\"publisher\":{\"@id\":\"https:\/\/entandem.cat\/#organization\"},\"image\":{\"@id\":\"https:\/\/entandem.cat\/fr\/savais-tu-que\/8m-2019-lafev-donem-suport-la-vaga-feminista\/#primaryimage\"},\"thumbnailUrl\":\"https:\/\/entandem.cat\/wp-content\/uploads\/2019\/02\/vagafeminista8M19.png\",\"keywords\":[\"g\u00e8nere\"],\"articleSection\":[\"Savias-tu que...\"],\"inLanguage\":\"fr-FR\"},{\"@type\":\"WebPage\",\"@id\":\"https:\/\/entandem.cat\/fr\/savais-tu-que\/8m-2019-lafev-donem-suport-la-vaga-feminista\/\",\"url\":\"https:\/\/entandem.cat\/fr\/savais-tu-que\/8m-2019-lafev-donem-suport-la-vaga-feminista\/\",\"name\":\"8M 2019. L\u2019AFEV Catalunya i l\u2019AFEV Val\u00e8ncia donem suport a la VAGA FEMINISTA de 24h - enT\u00e0ndem\",\"isPartOf\":{\"@id\":\"https:\/\/entandem.cat\/#website\"},\"primaryImageOfPage\":{\"@id\":\"https:\/\/entandem.cat\/fr\/savais-tu-que\/8m-2019-lafev-donem-suport-la-vaga-feminista\/#primaryimage\"},\"image\":{\"@id\":\"https:\/\/entandem.cat\/fr\/savais-tu-que\/8m-2019-lafev-donem-suport-la-vaga-feminista\/#primaryimage\"},\"thumbnailUrl\":\"https:\/\/entandem.cat\/wp-content\/uploads\/2019\/02\/vagafeminista8M19.png\",\"datePublished\":\"2019-02-11T13:21:02+00:00\",\"dateModified\":\"2019-02-12T08:57:02+00:00\",\"breadcrumb\":{\"@id\":\"https:\/\/entandem.cat\/fr\/savais-tu-que\/8m-2019-lafev-donem-suport-la-vaga-feminista\/#breadcrumb\"},\"inLanguage\":\"fr-FR\",\"potentialAction\":[{\"@type\":\"ReadAction\",\"target\":[\"https:\/\/entandem.cat\/fr\/savais-tu-que\/8m-2019-lafev-donem-suport-la-vaga-feminista\/\"]}]},{\"@type\":\"ImageObject\",\"inLanguage\":\"fr-FR\",\"@id\":\"https:\/\/entandem.cat\/fr\/savais-tu-que\/8m-2019-lafev-donem-suport-la-vaga-feminista\/#primaryimage\",\"url\":\"https:\/\/entandem.cat\/wp-content\/uploads\/2019\/02\/vagafeminista8M19.png\",\"contentUrl\":\"https:\/\/entandem.cat\/wp-content\/uploads\/2019\/02\/vagafeminista8M19.png\",\"width\":1500,\"height\":716},{\"@type\":\"BreadcrumbList\",\"@id\":\"https:\/\/entandem.cat\/fr\/savais-tu-que\/8m-2019-lafev-donem-suport-la-vaga-feminista\/#breadcrumb\",\"itemListElement\":[{\"@type\":\"ListItem\",\"position\":1,\"name\":\"Inici\",\"item\":\"https:\/\/entandem.cat\/fr\/\"},{\"@type\":\"ListItem\",\"position\":2,\"name\":\"8M 2019. L\u2019AFEV Catalunya i l\u2019AFEV Val\u00e8ncia donem suport a la VAGA FEMINISTA de 24h\"}]},{\"@type\":\"WebSite\",\"@id\":\"https:\/\/entandem.cat\/#website\",\"url\":\"https:\/\/entandem.cat\/\",\"name\":\"enT\u00e0ndem\",\"description\":\"Voluntariat Social Universitari\",\"publisher\":{\"@id\":\"https:\/\/entandem.cat\/#organization\"},\"potentialAction\":[{\"@type\":\"SearchAction\",\"target\":{\"@type\":\"EntryPoint\",\"urlTemplate\":\"https:\/\/entandem.cat\/?s={search_term_string}\"},\"query-input\":{\"@type\":\"PropertyValueSpecification\",\"valueRequired\":true,\"valueName\":\"search_term_string\"}}],\"inLanguage\":\"fr-FR\"},{\"@type\":\"Organization\",\"@id\":\"https:\/\/entandem.cat\/#organization\",\"name\":\"enT\u00e0ndem\",\"url\":\"https:\/\/entandem.cat\/\",\"logo\":{\"@type\":\"ImageObject\",\"inLanguage\":\"fr-FR\",\"@id\":\"https:\/\/entandem.cat\/#\/schema\/logo\/image\/\",\"url\":\"https:\/\/entandem.cat\/wp-content\/uploads\/2016\/12\/logo-entandem.png\",\"contentUrl\":\"https:\/\/entandem.cat\/wp-content\/uploads\/2016\/12\/logo-entandem.png\",\"width\":166,\"height\":44,\"caption\":\"enT\u00e0ndem\"},\"image\":{\"@id\":\"https:\/\/entandem.cat\/#\/schema\/logo\/image\/\"},\"sameAs\":[\"https:\/\/www.facebook.com\/afevcat\",\"https:\/\/x.com\/afevcat\",\"https:\/\/www.instagram.com\/afevcat\/\"]},{\"@type\":\"Person\",\"@id\":\"https:\/\/entandem.cat\/#\/schema\/person\/2111428ce1954193a11054a1e2b5b0da\",\"name\":\"adminTandem\"}]}<\/script>\n<!-- \/ Yoast SEO plugin. -->","yoast_head_json":{"title":"8M 2019. L\u2019AFEV Catalunya i l\u2019AFEV Val\u00e8ncia donem suport a la VAGA FEMINISTA de 24h - enT\u00e0ndem","robots":{"index":"index","follow":"follow","max-snippet":"max-snippet:-1","max-image-preview":"max-image-preview:large","max-video-preview":"max-video-preview:-1"},"canonical":"https:\/\/entandem.cat\/fr\/savais-tu-que\/8m-2019-lafev-donem-suport-la-vaga-feminista\/","og_locale":"fr_FR","og_type":"article","og_title":"8M 2019. L\u2019AFEV Catalunya i l\u2019AFEV Val\u00e8ncia donem suport a la VAGA FEMINISTA de 24h - enT\u00e0ndem","og_description":"&nbsp; En motiu del 8 mar\u00e7 de 2019, l\u2019AFEV Catalunya i Val\u00e8ncia donem suport a la convocat\u00f2ria de VAGA realitzada pel moviment feminista de 24h: una vaga laboral, de cures, de consum, associativa i d\u2019estudiants que, desbordant els l\u00edmits a qu\u00e8 estem acostumades, recull les nombroses reivindicacions encap\u00e7alades pels feminismes els darrers anys. Compromesa amb &hellip; Continued","og_url":"https:\/\/entandem.cat\/fr\/savais-tu-que\/8m-2019-lafev-donem-suport-la-vaga-feminista\/","og_site_name":"enT\u00e0ndem","article_publisher":"https:\/\/www.facebook.com\/afevcat","article_published_time":"2019-02-11T13:21:02+00:00","article_modified_time":"2019-02-12T08:57:02+00:00","og_image":[{"width":1500,"height":716,"url":"https:\/\/entandem.cat\/wp-content\/uploads\/2019\/02\/vagafeminista8M19.png","type":"image\/png"}],"author":"adminTandem","twitter_card":"summary_large_image","twitter_creator":"@afevcat","twitter_site":"@afevcat","twitter_misc":{"\u00c9crit par":"adminTandem","Dur\u00e9e de lecture estim\u00e9e":"5 minutes"},"schema":{"@context":"https:\/\/schema.org","@graph":[{"@type":"Article","@id":"https:\/\/entandem.cat\/fr\/savais-tu-que\/8m-2019-lafev-donem-suport-la-vaga-feminista\/#article","isPartOf":{"@id":"https:\/\/entandem.cat\/fr\/savais-tu-que\/8m-2019-lafev-donem-suport-la-vaga-feminista\/"},"author":{"name":"adminTandem","@id":"https:\/\/entandem.cat\/#\/schema\/person\/2111428ce1954193a11054a1e2b5b0da"},"headline":"8M 2019. L\u2019AFEV Catalunya i l\u2019AFEV Val\u00e8ncia donem suport a la VAGA FEMINISTA de 24h","datePublished":"2019-02-11T13:21:02+00:00","dateModified":"2019-02-12T08:57:02+00:00","mainEntityOfPage":{"@id":"https:\/\/entandem.cat\/fr\/savais-tu-que\/8m-2019-lafev-donem-suport-la-vaga-feminista\/"},"wordCount":930,"publisher":{"@id":"https:\/\/entandem.cat\/#organization"},"image":{"@id":"https:\/\/entandem.cat\/fr\/savais-tu-que\/8m-2019-lafev-donem-suport-la-vaga-feminista\/#primaryimage"},"thumbnailUrl":"https:\/\/entandem.cat\/wp-content\/uploads\/2019\/02\/vagafeminista8M19.png","keywords":["g\u00e8nere"],"articleSection":["Savias-tu que..."],"inLanguage":"fr-FR"},{"@type":"WebPage","@id":"https:\/\/entandem.cat\/fr\/savais-tu-que\/8m-2019-lafev-donem-suport-la-vaga-feminista\/","url":"https:\/\/entandem.cat\/fr\/savais-tu-que\/8m-2019-lafev-donem-suport-la-vaga-feminista\/","name":"8M 2019. L\u2019AFEV Catalunya i l\u2019AFEV Val\u00e8ncia donem suport a la VAGA FEMINISTA de 24h - enT\u00e0ndem","isPartOf":{"@id":"https:\/\/entandem.cat\/#website"},"primaryImageOfPage":{"@id":"https:\/\/entandem.cat\/fr\/savais-tu-que\/8m-2019-lafev-donem-suport-la-vaga-feminista\/#primaryimage"},"image":{"@id":"https:\/\/entandem.cat\/fr\/savais-tu-que\/8m-2019-lafev-donem-suport-la-vaga-feminista\/#primaryimage"},"thumbnailUrl":"https:\/\/entandem.cat\/wp-content\/uploads\/2019\/02\/vagafeminista8M19.png","datePublished":"2019-02-11T13:21:02+00:00","dateModified":"2019-02-12T08:57:02+00:00","breadcrumb":{"@id":"https:\/\/entandem.cat\/fr\/savais-tu-que\/8m-2019-lafev-donem-suport-la-vaga-feminista\/#breadcrumb"},"inLanguage":"fr-FR","potentialAction":[{"@type":"ReadAction","target":["https:\/\/entandem.cat\/fr\/savais-tu-que\/8m-2019-lafev-donem-suport-la-vaga-feminista\/"]}]},{"@type":"ImageObject","inLanguage":"fr-FR","@id":"https:\/\/entandem.cat\/fr\/savais-tu-que\/8m-2019-lafev-donem-suport-la-vaga-feminista\/#primaryimage","url":"https:\/\/entandem.cat\/wp-content\/uploads\/2019\/02\/vagafeminista8M19.png","contentUrl":"https:\/\/entandem.cat\/wp-content\/uploads\/2019\/02\/vagafeminista8M19.png","width":1500,"height":716},{"@type":"BreadcrumbList","@id":"https:\/\/entandem.cat\/fr\/savais-tu-que\/8m-2019-lafev-donem-suport-la-vaga-feminista\/#breadcrumb","itemListElement":[{"@type":"ListItem","position":1,"name":"Inici","item":"https:\/\/entandem.cat\/fr\/"},{"@type":"ListItem","position":2,"name":"8M 2019. L\u2019AFEV Catalunya i l\u2019AFEV Val\u00e8ncia donem suport a la VAGA FEMINISTA de 24h"}]},{"@type":"WebSite","@id":"https:\/\/entandem.cat\/#website","url":"https:\/\/entandem.cat\/","name":"enT\u00e0ndem","description":"Voluntariat Social Universitari","publisher":{"@id":"https:\/\/entandem.cat\/#organization"},"potentialAction":[{"@type":"SearchAction","target":{"@type":"EntryPoint","urlTemplate":"https:\/\/entandem.cat\/?s={search_term_string}"},"query-input":{"@type":"PropertyValueSpecification","valueRequired":true,"valueName":"search_term_string"}}],"inLanguage":"fr-FR"},{"@type":"Organization","@id":"https:\/\/entandem.cat\/#organization","name":"enT\u00e0ndem","url":"https:\/\/entandem.cat\/","logo":{"@type":"ImageObject","inLanguage":"fr-FR","@id":"https:\/\/entandem.cat\/#\/schema\/logo\/image\/","url":"https:\/\/entandem.cat\/wp-content\/uploads\/2016\/12\/logo-entandem.png","contentUrl":"https:\/\/entandem.cat\/wp-content\/uploads\/2016\/12\/logo-entandem.png","width":166,"height":44,"caption":"enT\u00e0ndem"},"image":{"@id":"https:\/\/entandem.cat\/#\/schema\/logo\/image\/"},"sameAs":["https:\/\/www.facebook.com\/afevcat","https:\/\/x.com\/afevcat","https:\/\/www.instagram.com\/afevcat\/"]},{"@type":"Person","@id":"https:\/\/entandem.cat\/#\/schema\/person\/2111428ce1954193a11054a1e2b5b0da","name":"adminTandem"}]}},"_links":{"self":[{"href":"https:\/\/entandem.cat\/fr\/wp-json\/wp\/v2\/posts\/4311","targetHints":{"allow":["GET"]}}],"collection":[{"href":"https:\/\/entandem.cat\/fr\/wp-json\/wp\/v2\/posts"}],"about":[{"href":"https:\/\/entandem.cat\/fr\/wp-json\/wp\/v2\/types\/post"}],"author":[{"embeddable":true,"href":"https:\/\/entandem.cat\/fr\/wp-json\/wp\/v2\/users\/1"}],"replies":[{"embeddable":true,"href":"https:\/\/entandem.cat\/fr\/wp-json\/wp\/v2\/comments?post=4311"}],"version-history":[{"count":0,"href":"https:\/\/entandem.cat\/fr\/wp-json\/wp\/v2\/posts\/4311\/revisions"}],"wp:featuredmedia":[{"embeddable":true,"href":"https:\/\/entandem.cat\/fr\/wp-json\/wp\/v2\/media\/5393"}],"wp:attachment":[{"href":"https:\/\/entandem.cat\/fr\/wp-json\/wp\/v2\/media?parent=4311"}],"wp:term":[{"taxonomy":"category","embeddable":true,"href":"https:\/\/entandem.cat\/fr\/wp-json\/wp\/v2\/categories?post=4311"},{"taxonomy":"post_tag","embeddable":true,"href":"https:\/\/entandem.cat\/fr\/wp-json\/wp\/v2\/tags?post=4311"}],"curies":[{"name":"wp","href":"https:\/\/api.w.org\/{rel}","templated":true}]}}