{"id":9750,"date":"2022-04-04T08:57:35","date_gmt":"2022-04-04T08:57:35","guid":{"rendered":"https:\/\/entandem.cat\/agenda-cultural-abril-2022-bcn\/"},"modified":"2022-04-07T13:00:18","modified_gmt":"2022-04-07T13:00:18","slug":"agenda-cultural-abril-2022-bcn","status":"publish","type":"post","link":"https:\/\/entandem.cat\/es\/recursos-es\/agenda-cultural-abril-2022-bcn\/","title":{"rendered":"Agenda cultural &#8211; Abril 2022 (BCN)"},"content":{"rendered":"\n<p>\u00a1Bienvenidas a la primavera! <strong>Abril<\/strong> es un mes lleno de cultura y este a\u00f1o viene cargado de un mont\u00f3n de actividades que no os pod\u00e9is perder. Disfruta de espect\u00e1culos de teatro, m\u00fasica, cine, danza, exposiciones&#8230; Tambi\u00e9n puedes participar de las actividades organizadas por el <strong>D\u00eda Internacional del Pueblo Gitano<\/strong> para descubrir una cultura apasionante!<br \/><br \/>Da un paseo por la <strong>Diada de Sant Jordi<\/strong> y mira todas las actividades que puedes hacer enT\u00e0ndem! Si Sant Jordi mat\u00f3 al drag\u00f3n, nosotros mataremos al aburrimiento!<\/p>\n<p>\u00a0<\/p>\n<p><span style=\"color: #99cc00;\">[D\u00edaa especial]<\/span><span style=\"color: #ff0000;\"><a style=\"color: #ff0000;\" href=\"https:\/\/www.barcelona.cat\/santjordi\/es\/\"> Diada de Sant Jordi<\/a><\/span><\/p>\n<ul style=\"list-style-type: square;\">\n<li>S\u00e1bado 23 d&#8217;abril<\/li>\n<li>En toda Catalu\u00f1a<\/li>\n<li>Ni\u00f1os\/as, j\u00f3venes y adolescente<\/li>\n<li><strong><strong>\u00bfQu\u00e9 es? <\/strong><\/strong>La Diada de Sant Jordi, tal como la conocemos en Catalu\u00f1a, es un encuentro de tradiciones y costumbres de \u00e9pocas diferentes. A\u00f1o tras a\u00f1o, la gente continuamos tomando las calles y las plazas buscando por todas partes eventos culturales o rosas y libros para regalar.<br \/>\n<p>\u00a0<\/p>\n<\/li>\n<\/ul>\n<p><span style=\"color: #99cc00;\">[D\u00eda especial] <span style=\"color: #ff0000;\"><a style=\"color: #ff0000;\" href=\"https:\/\/ajuntament.barcelona.cat\/consell-municipal-poble-gitano\/es\/noticia\/dia-internacional-del-pueblo-gitano-50-anos-de-reivindicaciones_1053916\">D\u00eda Internacional del Pueblo Gitano<\/a><a style=\"color: #ff0000;\" href=\"https:\/\/ajuntament.barcelona.cat\/ccivics\/parcsandaru\/p\/44312\/escnic-presenta-blanca-desvelada-de-la-cia-aleteo-teatro-bdc\" target=\"_blank\" rel=\"noopener\"><br \/><\/a><\/span><\/span><\/p>\n<ul style=\"list-style-type: square;\">\n<li>Viernes 8 de abril<\/li>\n<li>Mundial<\/li>\n<li>Ni\u00f1os\/as, j\u00f3venes y adolescentes<\/li>\n<li><strong>\u00bfQu\u00e9 es? <\/strong>El D\u00eda Internacional del Pueblo Gitano, el 8 de abril, es una jornada dedicada a la cultura gitana y a la concienciaci\u00f3n de los problemas a que se enfrenta el pueblo roman\u00ed. En Barcelona y en Catalu\u00f1a se organizan una gran cantidad de actos. A continuaci\u00f3n encontrar\u00e9is algunos ejemplos.<\/li>\n<\/ul>\n<p>\u00a0<\/p>\n<p><span style=\"color: #99cc00;\">[Lectura] <span style=\"color: #ff0000;\"><a style=\"color: #ff0000;\" href=\"https:\/\/ajuntament.barcelona.cat\/biblioteques\/bibelcarmel\/ca\/agendes\/cultura-i-arts-gitanes-de-l-india-a-la-mediterrania-recital-llegim-versos-gitanos-de-lorca-al-tio-jose-heredia_99400686612\">Cultura y artes gitanas. De India en el Mediterr\u00e1neo. Leemos versos gitanos: de Lorca al T\u00edo Jos\u00e9 Heredia. Lectura musicada.<\/a><\/span><\/span><\/p>\n<ul style=\"list-style-type: square;\">\n<li>Mi\u00e9rcoles 20 de abril a las 18.30h<\/li>\n<li>Biblioteca del Carmel &#8211; Juan Mars\u00e9<\/li>\n<li>J\u00f3venes y adolescentes.<\/li>\n<li>Gratuito, con reserva previa.<\/li>\n<li><strong><strong>\u00bfQu\u00e9 es?<\/strong><\/strong>A cargo de Sebasti\u00e1n Porras Soto i Rafael Perona (Falete). La literatura ha retratado los gitanos desde siempre. Interpretaremos versos en lengua espa\u00f1ola inspirados por la <em>gitanidad<\/em>. Algunos de estos poemas se basan en una visi\u00f3n estereotipada, m\u00edtica o rom\u00e1ntica, y otros se elevan m\u00e1s all\u00e1. Federico Garc\u00eda Lorca es un claro referente. Pero tambi\u00e9n miraremos con los ojos limpios del poeta gitano Jos\u00e9 Heredia Maya. As\u00ed mismo, se incluir\u00e1 prosa como <em>La gitanilla<\/em>, de Miguel de Cervantes.<br \/>\n<p>\u00a0<\/p>\n<\/li>\n<\/ul>\n<p><span style=\"color: #99cc00;\">[Ciclo] <span style=\"color: #ff0000;\"><a style=\"color: #ff0000;\" href=\"https:\/\/entandem.cat\/wp-content\/uploads\/2022\/03\/Abril-Gitano-de-Nou-Barris_Cartell.pdf\" target=\"_blank\" rel=\"noopener\">Abril gitano de Nou Barris<\/a><\/span><\/span><\/p>\n<ul style=\"list-style-type: square;\">\n<li>Del 8 de abril al 28 de abril<\/li>\n<li>En diferentes puntos de Nou Barris<\/li>\n<li>Ni\u00f1os\/as, j\u00f3venes y adolescentes<\/li>\n<li>Gratuito<\/li>\n<li><strong>\u00bfQu\u00e9 es? <\/strong>Celebramos los valores de la cultura gitana: Familia, uni\u00f3n, solidaridad, respeto, sentido del honor&#8230; En el Distrito m\u00e1s gitano de Barcelona!<\/li>\n<\/ul>\n<p>\u00a0<\/p>\n<p><span style=\"color: #99cc00;\">[Taller] <span style=\"color: #ff0000;\"><a style=\"color: #ff0000;\" href=\"https:\/\/www.barcelona.cat\/santjordi\/es\/actividades\/detall\/taller-de-sant-jordi-fem-un-punt-de-llibre_99400687269.html\">Taller de Sant Jordi &#8216;Hacemos un punto de libro&#8217;<\/a><\/span><br \/><\/span><\/p>\n<ul style=\"list-style-type: square;\">\n<li>21 de abril a las 17h<\/li>\n<li>Biblioteca Zona Nord.<\/li>\n<li>Ni\u00f1os\/as, j\u00f3venes y adolescentes<\/li>\n<li>Gratuito<\/li>\n<li><strong><strong>\u00bfQu\u00e9 es? <\/strong><\/strong>Con elementos hechos con cortadora l\u00e1ser, creatividad e imaginaci\u00f3n haremos un punto de libro<strong><strong>.<br \/><\/strong><\/strong>\n<p>\u00a0<\/p>\n<\/li>\n<\/ul>\n<p><span style=\"color: #99cc00;\">[Teatro] <\/span><a href=\"https:\/\/lafontana.org\/totes-les-activitats\/\"><span style=\"color: #99cc00;\"><span style=\"color: #ff0000;\">Inmolaci\u00f3n. Teatro para j\u00f3venes con vida. C\u00eda TeBa<\/span><\/span><\/a><\/p>\n<ul style=\"list-style-type: square;\">\n<li><span style=\"color: initial;\">Viernes 29 de abril a las 19h<\/span><\/li>\n<li>Espai Jove La Fontana<\/li>\n<li>J\u00f3venes y adolescentes<\/li>\n<li>Gratuito, con inscripci\u00f3n previa\u00a0<\/li>\n<li><strong>\u00bfQu\u00e9 es? <\/strong>Si pudiera volver atr\u00e1s&#8230; es la frase que cierra este montaje en el que dos adolescentes intentan quitarse la vida. Para Nora es como un juego, para Jorge, la \u00fanica salida. Dos historias que se mezclan con m\u00fasica, humor, y con una pregunta&#8230; \u00bfQui\u00e9n piensa en nosotros?<\/li>\n<\/ul>\n<p>\u00a0<\/p>\n<p><span style=\"color: #99cc00;\">[Teatro] <span style=\"color: #ff0000;\"><a style=\"color: #ff0000;\" href=\"https:\/\/farinera.org\/agenda\/elquenoesdiu\/\" target=\"_blank\" rel=\"noopener\">El que no es diu<\/a><\/span><\/span><\/p>\n<ul style=\"list-style-type: square;\">\n<li>\u00a0Viernes 8 de abril a las 20h<\/li>\n<li>CC La Farinera del Clot<\/li>\n<li>J\u00f3venes y adolescentes<\/li>\n<li>Gratuito<\/li>\n<li><strong><strong>\u00bfQu\u00e9 es? <\/strong><\/strong>Una pareja que rompe y una verdad de la cual no han querido hablar. Ahora los dos se enfrentan a una revelaci\u00f3n que les marcar\u00e1 un camino diferente para cada uno. Un camino que es tan justo como necesario: un final que tambi\u00e9n es un principio. Cerrar heridas, tomar conciencia, aceptar la responsabilidad, perdonarse, encontrar respuestas, hacerse preguntas. <em>El que no es diu<\/em> hace subir arriba del escenario la realidad silenciada de lo que se conoce como \u201ccultura de la violaci\u00f3n\u201d, aquella din\u00e1mica tan arraigada en nuestra construcci\u00f3n social y sentimental que hace que permitamos conductas, que encubiertas por el amor, el deseo y la necesidad de responder a las expectativas de un imaginario adquirido, perpet\u00faan la pr\u00e1ctica de la violaci\u00f3n.<\/li>\n<\/ul>\n<p>\u00a0<\/p>\n<p><span style=\"color: #99cc00;\">[Taller] <span style=\"color: #ff0000;\"><a style=\"color: #ff0000;\" href=\"https:\/\/www.barcelona.cat\/ciutatcuidadora\/ca\/vilaveina\/taller-de-circ-iniciacio-a-l-acrobacia-i-les-cascades_99400686766\">Taller de circo &#8216;Iniciaci\u00f3n a la acrobacia y las cascadas&#8217;<\/a><\/span><br \/><\/span><\/p>\n<ul style=\"list-style-type: square;\">\n<li>Viernes 8 de abril a las 17:30h<\/li>\n<li>Centre C\u00edvic Zona Nord<\/li>\n<li>A partir de 10 a\u00f1os<\/li>\n<li>Gratuito<\/li>\n<li><strong><strong><strong>\u00bfQu\u00e9 es? <\/strong><\/strong><\/strong>Un primer descubrimiento de la t\u00e9cnica de la acrobacia, como las volteretas, ruedas, verticales, combinaciones acrob\u00e1ticas con seguridad. Paralelamente tambi\u00e9n se propone trabajar la t\u00e9cnica de las cascadas (slpastick), uno de los recursos m\u00e1s antiguos de los payasos y artistas c\u00f3micos para dar risa, como las ca\u00eddas, tropiezos, etc.\n<p>El taller ser\u00e1 impartido por Gustavo Carvalho, m\u00e1s conocido como Guga, de la C\u00eda Guga &amp; Silvia, enmarcado como actividad paralela al espect\u00e1culo que nos presentar\u00e1n el s\u00e1bado 9 de abril en el Teatre de Zona Nord.<\/p>\n<\/li>\n<\/ul>\n<p>\u00a0<\/p>\n<p><span style=\"color: #99cc00;\">[Circo] <span style=\"color: #ff0000;\"><a style=\"color: #ff0000;\" href=\"https:\/\/ajuntament.barcelona.cat\/ccivics\/barodeviver\/p\/44386\/here-we-go-\">Espect\u00e1culo de circo \u201cHere We Go!\u201d de Guga &amp; Silvia<\/a><\/span><\/span><\/p>\n<ul style=\"list-style-type: square;\">\n<li>Viernes 29 de abril a las 18h<\/li>\n<li>Centre C\u00edvic Bar\u00f3 de Viver<\/li>\n<li>Ni\u00f1os\/as, j\u00f3venes y adolescentes<\/li>\n<li>Gratuito, con inscripci\u00f3n previa<\/li>\n<li><strong><strong>\u00bfQu\u00e9 es? <\/strong><\/strong>\u201cHere we go!\u201c es un espect\u00e1culo de circo, el espect\u00e1culo m\u00e1s grande del mundo, donde encontrar\u00e9is los mejores acr\u00f3batas, equilibristas, trapecistas\u2026 de la d\u00e9cada de los 90. Y como no podr\u00eda faltar en los mejores circos, un sorteo!<br \/>\n<p>\u00a0<\/p>\n<\/li>\n<\/ul>\n<p><span style=\"color: #99cc00;\">[Taller] <span style=\"color: #ff0000;\"><a style=\"color: #ff0000;\" href=\"https:\/\/ajuntament.barcelona.cat\/bocanord\/taller-de-comic-torneig-de-ping-pong\/\" target=\"_blank\" rel=\"noopener\">Taller de C\u00f3mic<\/a><\/span><\/span><\/p>\n<ul style=\"list-style-type: square;\">\n<li>Martes 22 de marzo y jueves y 24 de marzo de 18 a 20h<\/li>\n<li>Centre C\u00edvic del Bes\u00f2s i el Maresme<\/li>\n<li>Ni\u00f1os\/as, j\u00f3venes y adolescentes<\/li>\n<li>Gratuito, con inscripci\u00f3n previa<\/li>\n<li><strong>\u00bfQu\u00e9 es? <\/strong>Si quieres apuntarte al taller de c\u00f3mic escribe un correo con tus datos y edad a rafa@bocanord.cat\n<p>\u00a0<\/p>\n<\/li>\n<\/ul>\n<p><span style=\"color: #99cc00;\">[Pasarela] <span style=\"color: #ff0000;\"><a style=\"color: #ff0000;\" href=\"https:\/\/ajuntament.barcelona.cat\/ccivics\/elbesosielmaresme\/p\/45513\/passarella-intercultural-i-feminista-2022\">Pasarela intercultural y feminista 2022<\/a><\/span><br \/><\/span><\/p>\n<ul style=\"list-style-type: square;\">\n<li>Viernes 1 de abril a las 18h<\/li>\n<li>Centre Civic Bes\u00f2s<\/li>\n<li>J\u00f3venes y adolescentes<\/li>\n<li>Gratuito<\/li>\n<li><strong><strong>\u00bfQu\u00e9 es?<\/strong><\/strong>Vuelve la Pasarela Feminista del Bes\u00f2s y el Maresme, y este 2022 cumple 10 a\u00f1os! La Comisi\u00f3n de mujeres, el Plan Comunitario y el Centro C\u00edvico os invitamos a organizar y participar a la Pasarela como un espacio reivindicativo contra las desigualdades de g\u00e9nero, donde las participantes desfilan llevando sus reivindicaciones, propias y colectivas, sus luchas cotidianas, y sus imaginarios libres de violencia racista, patriarcal y machista. \u00bfContra qu\u00e9 desigualdades de g\u00e9nero luch\u00e1is? \u00bfQu\u00e9 luchas vuestras, cotidianas y colectivas, quer\u00e9is visibilizar en el barrio?.<br \/>\n<p>\u00a0<\/p>\n<\/li>\n<\/ul>\n<p><span style=\"color: #99cc00;\">[Taller] <span style=\"color: #ff0000;\"><a style=\"color: #ff0000;\" href=\"https:\/\/ajuntament.barcelona.cat\/ccivics\/carmel\">\u00a1Renueva tu ropa, primavera!<\/a><\/span><br \/><\/span><\/p>\n<ul style=\"list-style-type: square;\">\n<li>Lunes 25 de abril de 17.30 a 19.30 h<\/li>\n<li>Centre C\u00edvic del Carmel<\/li>\n<li>Ni\u00f1os\/as, j\u00f3venes y adolescentes<\/li>\n<li>Gratuito<\/li>\n<li><strong>\u00bfQu\u00e9 es? \u00bf<\/strong>Quieres hacerte unas bolsas bien chulas para llevar todo lo que necesitas para vivir tus aventuras esta primavera? Pues lleva camisetas que ya no us\u00e1is en casa y las reconvertiremos!<\/li>\n<\/ul>\n<p>\u00a0<\/p>\n<p><span style=\"color: #99cc00;\">[Danza] <span style=\"color: #ff0000;\"><a style=\"color: #ff0000;\" href=\"https:\/\/ajuntament.barcelona.cat\/ccivics\/elbesosielmaresme\/p\/45118\/labranza-kids\" target=\"_blank\" rel=\"noopener\">Labranza Kids<\/a><\/span><br \/><\/span><\/p>\n<ul style=\"list-style-type: square;\">\n<li>Viernes 22 de abril a las 19.30h<\/li>\n<li>Centre Civic Bes\u00f2s<\/li>\n<li>Ni\u00f1os\/as de entre 6 i 16 a\u00f1os<\/li>\n<li>Gratuito, con inscripci\u00f3n previa.<\/li>\n<li><strong style=\"font-size: revert; color: initial;\"><strong><strong>\u00bfQu\u00e9 es? <\/strong><\/strong><\/strong><span style=\"font-size: revert; color: initial;\">Labranza Kids es la adaptaci\u00f3n del proyecto art\u00edstico LABRANZA para ni\u00f1os de entre 6 y 16 a\u00f1os que utiliza la figura del campesino y el artista para identificar los parecidos en los dos campos y ver c\u00f3mo estas conviven. <\/span>El objetivo principal de la propuesta del Colectivo Lamajara es hacer que los ni\u00f1os conecten con el imaginario rural a trav\u00e9s del movimiento y la danza. Esta versi\u00f3n se aborda con una visi\u00f3n contempor\u00e1nea y conceptual de la relaci\u00f3n existente entre &#8216;hombre &#8211; campo&#8217;, &#8216;bailar\u00edn &#8211; cuerpo&#8217;, el paisaje de campo llevado a la geograf\u00eda del cuerpo, una comparativa constante de dos tipos de cuerpos que en su cotidiano modifican lo que los rodea desde su movimiento. Labranza Kids ofrece a sus participantes la posibilidad de conocer de una manera experimental el proceso creativo de un espect\u00e1culo de danza acompa\u00f1ados de los core\u00f3grafos y bailarines del Colectivo Lamajara Danza<\/li>\n<\/ul>\n<p>\u00a0<\/p>\n<p><span style=\"color: #99cc00;\">[Teatro] <\/span><span style=\"color: #ff0000;\"><a style=\"color: #ff0000;\" href=\"https:\/\/guia.barcelona.cat\/ca\/detall\/espectacle-pulsacion-de-la-cia-les-impulsives-companyia-resident-al-cc-la-cadena_99400681617.html\" target=\"_blank\" rel=\"noopener\">Espect\u00e1culo &#8216;Pulsaci\u00f3n&#8217;, de la Cia. Les Impulsives.<\/a><\/span><\/p>\n<ul style=\"list-style-type: square;\">\n<li>Jueves 7 de abril a las 19.30h<\/li>\n<li>Centre C\u00edvic La Cadena<\/li>\n<li>Ni\u00f1os\/as, j\u00f3venes y adolescentes<\/li>\n<li>Gratuito<\/li>\n<li><strong><strong>\u00bfQu\u00e9 es? <\/strong><\/strong>Una comedia de teatro f\u00edsico con tres actrices, tres mujeres, tres tiempos, con algunos personajes que remiten a los bufones, con un p\u00e1jaro, unos objetos de gran importancia, con unas manos misteriosas, con m\u00fasica y sorpresas&#8230;<\/li>\n<\/ul>\n<p>\u00a0<\/p>\n<p><span style=\"color: #99cc00;\">[Artes esc\u00e9nicas] <span style=\"color: #ff0000;\"><a style=\"color: #ff0000;\" href=\"https:\/\/ajuntament.barcelona.cat\/ccivics\/lasedeta\/p\/46004\/crisalida-antes-collado#\">Cris\u00e1lida, Antes Collado<\/a><\/span><\/span><span style=\"color: #99cc00;\"><br \/><\/span><\/p>\n<ul style=\"list-style-type: square;\">\n<li>Mi\u00e9rcoles 27 de abril a las 19h<\/li>\n<li>Centre C\u00edvic La Sedeta<\/li>\n<li>J\u00f3venes y adolescentes<\/li>\n<li>Gratuito, con inscripci\u00f3n previa<\/li>\n<li><strong><strong>\u00bfQu\u00e9 es? <\/strong><\/strong>Un cuerpo encarcelado en un terrario acoge diferentes im\u00e1genes y corporalidades que lo impulsan a un futuro encara sin forma ni nombres. Con una danza vacilante, \u201cCris\u00e1lida\u201d es la propuesta de Antes Collado que pretende desdibujar el contorno del ser humano, trabajando el\u00e1sticamente entre im\u00e1genes reconocibles y cuerpos para descubrir, para acoger no solo el que se conoce, nuestro agotado presente, sino lo que es irreconocible y que todav\u00eda tiene que llegar. \u201cCris\u00e1lida\u201d explora la relaci\u00f3n entre la naturaleza y el hombre, y la eterna pregunta (occidental) de la naturaleza del hombre.<\/li>\n<\/ul>\n<p>\u00a0<\/p>\n<p><span style=\"color: #99cc00;\">[Exposici\u00f3n] <span style=\"color: #ff0000;\"><a style=\"color: #ff0000;\" href=\"https:\/\/www.barcelona.cat\/museuhistoria\/ca\/obertes\/barcelona-flashback-kit-dhistoria-en-100-objectes\">Barcelona Flashback. Kit d&#8217;hist\u00f2ria en 100 objectes<\/a><\/span><\/span><span style=\"color: #99cc00;\"><br \/><\/span><\/p>\n<ul style=\"list-style-type: square;\">\n<li>Hasta el 30 de marzo<\/li>\n<li>Centre C\u00edvic Urgell<\/li>\n<li>J\u00f3venes y adolescentes<\/li>\n<li>Entrada gratuita: menores de 16 a\u00f1os. Menores de 29 a\u00f1os 1,50\u20ac.<\/li>\n<li><strong>\u00bfQu\u00e9 es? <\/strong>Barcelona flashback es una s\u00edntesis experimental radicalmente innovadora en las formas de mostrar y situar la trayectoria de Barcelona, con un m\u00e9todo de lectura hist\u00f3rica interrogativa de objetos, arquitecturas y paisajes y con nuevos programas ciudadanos. Barcelona flashback es, a la vez, una propuesta educativa, y es tambi\u00e9n un proyecto de investigaci\u00f3n internacional sobre el kit m\u00ednimo de conocimiento y conciencia urbana que un museo de ciudad del siglo XXI tiene que proporcionar, en pro de la democracia y del derecho en la ciudad.<\/li>\n<\/ul>\n<p>\u00a0<\/p>\n<p><span style=\"color: #99cc00;\">[Exposici\u00f3n] <span style=\"color: #ff0000;\"><a style=\"color: #ff0000;\" href=\"https:\/\/guia.barcelona.cat\/ca\/detall\/exposicio-alimentar-barcelona-ciutat-proveiment-i-salut_99400677709.html\" target=\"_blank\" rel=\"noopener\">\u00abAlimentar Barcelona. Ciutat, prove\u00efment i salut\u00bb<\/a><\/span><\/span><span style=\"color: #99cc00;\"><br \/><\/span><\/p>\n<ul style=\"list-style-type: square;\">\n<li>Hasta el 15 de octubre de 2022<\/li>\n<li>MUHBA Museu d&#8217;Hist\u00f2ria de Barcelona &#8211; Pla\u00e7a del Rei &#8211; Sal\u00f3 del Tinell<\/li>\n<li>Ni\u00f1os\/as, j\u00f3venes y adolescentes<\/li>\n<li>Entrada gratuita: menores de 16 a\u00f1os; Entrada reducida: 5 \u20ac, menores de 29 a\u00f1os o Carnet de Biblioteca<\/li>\n<li><strong><strong><strong>\u00bfQu\u00e9 es? <\/strong><\/strong><\/strong>\u00bfC\u00f3mo com\u00edan, los barceloneses, hace miles de a\u00f1os? \u00bfQui\u00e9n se encargaba de que los productos que entraban en la ciudad fueran de calidad? El MUHBA nos explica la historia alimentaria de Barcelona, recorriendo las diversas maneras como las instituciones de la ciudad se han implicado activamente en la salud y la alimentaci\u00f3n de sus ciudadanos. Desde el siglo XIII hasta la actualidad, descubre las personas que han determinado c\u00f3mo comemos, qu\u00e9 utensilios se usaban, cu\u00e1les eran los ingredientes de moda y que estaba al alcance de los barceloneses.\n<p>La exposici\u00f3n re\u00fane m\u00e1s de 300 piezas y originales provenientes de 27 prestamistas entre archivos, museos, bibliotecas y particulares.<\/p>\n<\/li>\n<\/ul>\n<p><span style=\"color: #99cc00;\">[Cine] <span style=\"color: #ff0000;\"><a style=\"color: #ff0000;\" href=\"https:\/\/ajuntament.barcelona.cat\/ccivics\/zonanord\/p\/43556\/petit-cineclub-anem-a-caar-un-ss\" target=\"_blank\" rel=\"noopener\">&#8216;Petit Cineclub: ANEM A CA\u00c7AR UN \u00d3S&#8217;<\/a><\/span><\/span><span style=\"color: #99cc00;\"><br \/><\/span><\/p>\n<ul style=\"list-style-type: square;\">\n<li>6 de marzo a las 17:30h<\/li>\n<li>Centre C\u00edvic Zona Nord<\/li>\n<li>Ni\u00f1os\/as a partir de 6 a\u00f1os<\/li>\n<li>Gratuito, con inscripci\u00f3n previa<\/li>\n<li><strong><strong>\u00bfQu\u00e9 es? <\/strong><\/strong>3 cortometrajes (1 de principal i 2 m\u00e1s cortos). Anem a ca\u00e7ar un \u00f3s, Joanna Harrison, Robin Shaw, Inglaterra, 2016, 30\u2019. \/ C\u00e1ries m\u00e1gicas, Uzzi y Lota Geffenblad, Su\u00e8cia, 2015, 7\u2019. \/ Aston y los regalos, Uzzi i Lota Geffenblad, Suecia, 2012, 9\u2019.<\/li>\n<\/ul>\n<p>\u00a0<\/p>\n<p><span style=\"color: #99cc00;\">[Teatro] <span style=\"color: #ff0000;\"><a style=\"color: #ff0000;\" href=\"https:\/\/www.barcelona.cat\/districtecultural\/agenda\/alma\" target=\"_blank\" rel=\"noopener\">Alma, de LaB\u00fa Teatre<\/a><\/span><\/span><span style=\"color: #99cc00;\"><br \/><\/span><\/p>\n<ul style=\"list-style-type: square;\">\n<li>Hasta el 6 de marzo<\/li>\n<li>Centre Cultural Albareda<\/li>\n<li>J\u00f3venes y adolescentes<\/li>\n<li>Gratuito<\/li>\n<li><strong><strong><strong>\u00bfQu\u00e9 es? <\/strong><\/strong><\/strong>Primavera, verano, oto\u00f1o e invierno. La compa\u00f1\u00eda LaB\u00fa Teatre nos trae Alma, un viaje visual, po\u00e9tico y sensorial por las cuatro estaciones del a\u00f1o, en el cual los objetos, los t\u00edteres y los materiales se convierten en el alma de cada estaci\u00f3n.\n<p>En el escenario solo hay el Alma, interpretada por la actriz y directora Anna Ros. La protagonista, una chica que est\u00e1 sola y que lleva un carro con cosas extraordinarias, nos ir\u00e1 explicando cada estaci\u00f3n a trav\u00e9s de personajes m\u00e1gicos, simb\u00f3licos y po\u00e9ticos. Alma nos habla del d\u00eda a d\u00eda, de cada objeto, de cada momento vivido con mucha sensibilidad, belleza y con un lenguaje lleno de plasticidad.<\/p>\n<p>Alma es un espect\u00e1culo visual para la primera infancia, de peque\u00f1o formato, basado en el teatro de objetos y el movimiento. Los m\u00e1s peque\u00f1os disfrutar\u00e1n de una propuesta con materiales naturales, evocadora, divertida y a la vez po\u00e9tica, que habla del paso del tiempo.<\/p>\n<\/li>\n<\/ul>\n<p><span style=\"color: #99cc00;\">[Charla] <span style=\"color: #ff0000;\"><a style=\"color: #ff0000;\" href=\"https:\/\/guia.barcelona.cat\/ca\/detall\/anime-un-recorregut-per-l-animacio-japonesa-eduard-terrades-vicens-especialista-en-cultura-japonesa-anime-i-cinema-del-japo-i-membres-de-cineasia_99400669051.html\">&#8216;Anime: un recorrido por la animaci\u00f3n japonesa&#8217;.<\/a><\/span><\/span><span style=\"color: #99cc00;\"><br \/><\/span><\/p>\n<ul style=\"list-style-type: square;\">\n<li>Mi\u00e9rcoles 27 de abril<\/li>\n<li>Biblioteca del Carmel &#8211; Juan Mars\u00e9<\/li>\n<li>J\u00f3venes y adolescentes<\/li>\n<li>Gratuito<\/li>\n<li><strong><strong>\u00bfQu\u00e9 es? <\/strong><\/strong>Desde Astroboy hasta Mazinger Z; desde Heidi y Marco hasta Totoro o El viaje de Chihiro; una mirada hist\u00f3rica i esclarecedora sobre el mundo de la animaci\u00f3n en Jap\u00f3n, una ind\u00fastria principal juntamente con el manga.\n<p>\u00a0<\/p>\n<\/li>\n<\/ul>\n<p><span style=\"color: #99cc00;\">[Actividad interactiva] <span style=\"color: #ff0000;\"><a style=\"color: #ff0000;\" href=\"https:\/\/museuciencies.cat\/activitats\/2021_natura_en_histories\/\">La natura en hist\u00f2ries<\/a><\/span><\/span><span style=\"color: #99cc00;\"><br \/><\/span><\/p>\n<ul style=\"list-style-type: square;\">\n<li>Indefinido<\/li>\n<li>Museu de Ci\u00e8ncies Naturals de Barcelona<\/li>\n<li>Ni\u00f1os\/as, j\u00f3venes y adolescentes<\/li>\n<li>Gratuito<\/li>\n<li><strong><strong>\u00bfQu\u00e9 es? <\/strong><\/strong>Hace mucho y mucho tiempo que las personas creamos historias. Las hay de ver\u00eddicas y otras inventadas, pero todas ellas nos transportan a un mundo paralelo. En el museo tambi\u00e9n nos gusta imaginar historias y lo hacemos con una base de naturaleza, surgida de la motivaci\u00f3n por el conocimiento de las ciencias naturales y por nuestro entorno. Os proponemos crear una historia a partir de un espacio natural muy pr\u00f3ximo en la sede del Parque del F\u00f2rum. \u00bfOs anim\u00e1is?<strong><strong><br \/><\/strong><\/strong><\/li>\n<\/ul>\n<p>\u00a0<\/p>\n<p><span style=\"color: #99cc00;\">[Videojuegos] <span style=\"color: #ff0000;\"><a style=\"color: #ff0000;\" href=\"https:\/\/guia.barcelona.cat\/ca\/detall\/american-space-zona-gaming_99400683221.htmll\">American Space. Zona Gaming<\/a><\/span><\/span><span style=\"color: #99cc00;\"><br \/><\/span><\/p>\n<ul style=\"list-style-type: square;\">\n<li>Cada viernes excepto el 15 abril<\/li>\n<li>Biblioteca Ignasi Igl\u00e9sias &#8211; Can Fabra (Sant Andreu)<\/li>\n<li>Ni\u00f1os\/as, j\u00f3venes y adolescentes<\/li>\n<li>Gratuito<\/li>\n<li><strong><strong>\u00bfQu\u00e9 es? <\/strong><\/strong>Espacio para jugar, compartir y experimentar con videojuegos, consolas PS4-PRO, Nintendo Switch y PCs Gamers; realidad virtual y juegos de mesa.<\/li>\n<\/ul>\n<p>\u00a0<\/p>\n<p><span style=\"color: #99cc00;\">[M\u00fasica] <span style=\"color: #ff0000;\"><a style=\"color: #ff0000;\" href=\"https:\/\/guia.barcelona.cat\/ca\/detall\/espectacle-familiar-cancons-per-neixer-i-creixer-a-carrec-de-la-cia-rumba-menuda_99400675452.html\">\u00abCan\u00e7ons per n\u00e9ixer i cr\u00e9ixer\u00bb, a c\u00e0rrec de la Cia. Rumba Menuda<\/a><\/span><\/span><span style=\"color: #99cc00;\"><br \/><\/span><\/p>\n<ul style=\"list-style-type: square;\">\n<li>Mi\u00e9rcoles 6 de abril a las 17:30h<\/li>\n<li>Centre C\u00edvic La Sedeta<\/li>\n<li>Ni\u00f1os\/as hasta 12 a\u00f1os<\/li>\n<li>Gratuito, con inscripci\u00f3n previa<\/li>\n<li><strong><strong><strong>\u00bfQu\u00e9 es? <\/strong><\/strong><\/strong>Todo empieza con una canci\u00f3n en voz de la madre que hace resonar en su vientre, un latido que nace. En el espect\u00e1culo \u00abCan\u00e7ons per n\u00e9ixer i cr\u00e9ixer\u00bb nos rodearemos de amor y cuidado, nos descubriremos y aprenderemos de todo aquello que nos rodea con creatividad y diversi\u00f3n.\n<p>\u00abRumba Menuda\u00bb es un universo musical que, con su doble disco \u201cCan\u00e7ons per n\u00e9ixer i cr\u00e9ixer\u201d, presenta un espect\u00e1culo dirigido a un p\u00fablico que engloba familias, gestantes, beb\u00e9s y ni\u00f1os hasta 12 a\u00f1os. Canciones llenas de vida, educativas y con valores, que acerca a los m\u00e1s peque\u00f1os a la rumba catalana y tambi\u00e9n a un abanico sonoro rico, m\u00e1gico y divertido.<\/p>\n<\/li>\n<\/ul>\n<p><span style=\"color: #99cc00;\">[M\u00fasica] <span style=\"color: #ff0000;\"><a style=\"color: #ff0000;\" href=\"https:\/\/guia.barcelona.cat\/ca\/detall\/concert-miss-raisa_99400685308.html\">Concierto \u00abMiss Raisa\u00bb<\/a><\/span><\/span><span style=\"color: #99cc00;\"><br \/><\/span><\/p>\n<ul style=\"list-style-type: square;\">\n<li>Mi\u00e9rcoles 22 de abril a las 19h<\/li>\n<li>Centre C\u00edvic Trinitat Vella<\/li>\n<li>Ni\u00f1os\/as, j\u00f3venes y adolescentes<\/li>\n<li>Gratuito, con inscripci\u00f3n previa<\/li>\n<li><strong><strong>\u00bfQu\u00e9 es? <\/strong><\/strong>Imane Raissali, \u201cMiss Raisa\u201d, es una artista musical y activista social barcelonesa, originaria de T\u00e1nger, conocida por su arte comprometido, a trav\u00e9s del cual trata de disipar mitos y estereotipos relacionados con el g\u00e9nero y la religi\u00f3n, con originalidad, sensibilidad y optimismo, conectando con un p\u00fablico global, especialmente con las generaciones m\u00e1s j\u00f3venes.\n<p>Las letras de esta rapera establecida en Barcelona est\u00e1n generando una gran revoluci\u00f3n dentro del panorama musical. Sus canciones hablan sobre diferentes temas que le tocan mucho de cerca, como por ejemplo el racismo, la desigualdad de oportunidades, la libertad de expresi\u00f3n, rompiendo estereotipos y visibilizando ciertos aspectos que vivo d\u00eda a d\u00eda.<\/p>\n<\/li>\n<\/ul>\n<p>\u00a0<\/p>\n<h2>Granollers<\/h2>\n<p>\u00a0<\/p>\n<p><span style=\"color: #99cc00;\">[Cine] <span style=\"color: #ff0000;\"><a style=\"color: #ff0000;\" href=\"https:\/\/www.granollers.cat\/agenda\/cultura\/mediterr%C3%A1neo-3\">Mediterr\u00e1neo<\/a><\/span><\/span><span style=\"color: #99cc00;\"><br \/><\/span><\/p>\n<ul style=\"list-style-type: square;\">\n<li>Martes 19 de abril a las 19h<\/li>\n<li>Centre Cultural de Granollers &#8211; Cinema Edison<\/li>\n<li>J\u00f3venes y adolescentes<\/li>\n<li>Gratuito, con inscripci\u00f3n previa<\/li>\n<li><strong><strong>\u00bfQu\u00e9<\/strong><\/strong><strong><strong> es? <\/strong><\/strong>Oto\u00f1o 2015. Dos socorristas, \u00d2scar y Gerard, viajan hasta Lesbos, Grecia, impactados por la fotograf\u00eda de un ni\u00f1o ahogado en las aguas del Mediterr\u00e1neo. Al llegar descubren una realidad sobrecogedora: miles de personas arriesgan su vida cada d\u00eda cruzando el mar en precarias embarcaciones y huyendo de conflictos armados. Aun as\u00ed, nadie ejerce tareas de rescate.<br \/>\n<p>\u00a0<\/p>\n<\/li>\n<\/ul>\n<p><span style=\"color: #99cc00;\">[D\u00eda especial] <span style=\"color: #ff0000;\"><a style=\"color: #ff0000;\" href=\"https:\/\/www.granollers.cat\/agenda\/cultura\/salvem-el-drac\">Salvem el Drac!<\/a><\/span><\/span><span style=\"color: #99cc00;\"><br \/><\/span><\/p>\n<ul style=\"list-style-type: square;\">\n<li>Viernes 22 de abril a las 17:30h<\/li>\n<li>Biblioteca Roca Umbert<\/li>\n<li>Ni\u00f1os\/as<\/li>\n<li>Gratuito<\/li>\n<li><strong><strong>\u00bfQu\u00e9 es? <\/strong><\/strong>Sant Jordi es un mal d\u00eda para los dragones. Por eso en Roca Umbert, Reserva Natural del Drag\u00f3n de Granollers, no puede entrar ning\u00fan caballero. Ven a apoyar al Drag\u00f3n y disfruta de talleres, juegos y cuentos.<br \/>\n<p>\u00a0<\/p>\n<\/li>\n<\/ul>\n<p><span style=\"color: #99cc00;\">[M\u00fasica] <span style=\"color: #ff0000;\"><a style=\"color: #ff0000;\" href=\"https:\/\/www.grajove.cat\/iniciatives-juvenils\/tens-una-idea\/1920-k-event-segona-edicio-de-tarda-i-musica-coreana\">K-Event: m\u00fasica i cultura coreana<\/a><\/span><\/span><span style=\"color: #99cc00;\"><br \/><\/span><\/p>\n<ul style=\"list-style-type: square;\">\n<li>Viernes 8 de abril a las 16:30h<\/li>\n<li>GRA. Equipament juvenil<\/li>\n<li>A partir de 12 a\u00f1os<\/li>\n<li>Gratuit, con inscripci\u00f3n previa<\/li>\n<li><strong><strong>\u00bfQu\u00e9 e<\/strong><\/strong><strong><strong>s? <\/strong><\/strong>Acci\u00f3n programada con apoyo t\u00e9cnico por las j\u00f3venes del grupo Purplefly. A lo largo de la tarde de viernes, ofrecer\u00e1n din\u00e1micas propias de la cultura surcoreana: K-pop, random dance&#8230; Tambi\u00e9n se har\u00e1 un sorteo de merchandising de los grupos m\u00e1s populares entre los participantes.<br \/>\n<p>\u00a0<\/p>\n<\/li>\n<\/ul>\n<h2>Montcada i Reixac<\/h2>\n<p>\u00a0<\/p>\n<p><span style=\"color: #99cc00;\">[Exposici\u00f3n] <span style=\"color: #ff0000;\"><a style=\"color: #ff0000;\" href=\"https:\/\/www.montcada.cat\/actualitat\/agenda\/16791-exposicio-el-poble-sahraui-i-el-projecte-vacances-en-pau.html\">El poble sahrau\u00ed i el projecte Vacances en Pau<\/a><\/span><\/span><span style=\"color: #99cc00;\"><br \/><\/span><\/p>\n<ul style=\"list-style-type: square;\">\n<li>Hasta el 11 de abril<\/li>\n<li>Biblioteca de Can Sant Joan<\/li>\n<li>J\u00f3venes y adolescentes<\/li>\n<li>Gratuito<\/li>\n<li><strong><strong>\u00bfQu\u00e9 es? <\/strong><\/strong>Muestra producida por el Ayuntamiento en 2019 para mostrar la situaci\u00f3n al Sahara Occidental.<\/li>\n<\/ul>\n<p>\u00a0<\/p>\n<p><span style=\"color: #99cc00;\">[Exposici\u00f3n] <span style=\"color: #ff0000;\"><a style=\"color: #ff0000;\" href=\"https:\/\/www.montcada.cat\/actualitat\/agenda\/exposicio-transgresivas.html\">Transgresivas<\/a><\/span><\/span><span style=\"color: #99cc00;\"><br \/><\/span><\/p>\n<ul style=\"list-style-type: square;\">\n<li>Hasta el 8 de abril<\/li>\n<li>Centre C\u00edvic Can Cui\u00e0s<\/li>\n<li>J\u00f3venes y adolescentes<\/li>\n<li>Gratuito<\/li>\n<li><strong><strong>\u00bfQu\u00e9 es? <\/strong><\/strong>A cargo de Chrysallis. Asociaci\u00f3n Familias de Infancia y Juventud Trans. En esta muestra hemos tratado de recopilar informaci\u00f3n sobre personas trans significativas por diferentes motivos, con el fin de ampliar el imaginario colectivo y dar a conocer la existencia de referentes positivos para todes. Personas que por el simple hecho de existir han desafiado las normas opresivas del cisheteropatriarcado. Sabemos que, aunque hemos tratado de incluir el n\u00famero m\u00e1s grande de personas que nos ha estado posible, faltan muchas, much\u00edsimas.<br \/>\n<p>\u00a0<\/p>\n<\/li>\n<\/ul>\n<p><span style=\"color: #99cc00;\">[Exposici\u00f3n] <span style=\"color: #ff0000;\"><a style=\"color: #ff0000;\" href=\"https:\/\/www.montcada.cat\/actualitat\/agenda\/exposicio-light-painting-y-nocturnas.html\">Light painting y Nocturnas<\/a><\/span><\/span><span style=\"color: #99cc00;\"><br \/><\/span><\/p>\n<ul style=\"list-style-type: square;\">\n<li>Hasta el 8 de abril<\/li>\n<li>Casa de la Vila<\/li>\n<li>J\u00f3venes y adolescentes<\/li>\n<li>Gratuito<\/li>\n<li><strong><strong><strong><strong>\u00bfQu\u00e9 es? <\/strong><\/strong><\/strong><\/strong>Fotograf\u00edas de Manuel Gallart. Esta exposici\u00f3n est\u00e1 compuesta por im\u00e1genes tratadas con la t\u00e9cnica light painting (pintura de luz), que consiste en mover una fuente de luz en un ambiente de poca iluminaci\u00f3n mientras se hace una fotograf\u00eda de larga exposici\u00f3n, ya sea para iluminar un objeto o un espacio, o para hacer brillar la luz a la c\u00e1mara para \u00abdibujar\u00bb, o moviendo la propia c\u00e1mara durante la exposici\u00f3n de las fuentes de luz. Los fot\u00f3grafos nocturnos generalmente pueden elegir entre usar iluminaci\u00f3n artificial o usar una exposici\u00f3n prolongada, exponiendo la presa durante seg\u00fan, minutos e incluso horas.<\/li>\n<\/ul>\n<p>\u00a0<\/p>\n<p><span style=\"color: #99cc00;\">[Club de lectura] <span style=\"color: #ff0000;\"><a style=\"color: #ff0000;\" href=\"https:\/\/www.montcada.cat\/actualitat\/agenda\/club-de-lectura-jove-ms-marvel-fuera-de-lo-normal.html\">Ms. Marvel, fuera de lo normal<\/a><\/span><\/span><span style=\"color: #99cc00;\"><br \/><\/span><\/p>\n<ul style=\"list-style-type: square;\">\n<li>Jueves 7 de abril a las 19h<\/li>\n<li>Biblioteca de Can Sant Joan<\/li>\n<li>Alumnos de 1\u00ba i 2\u00ba de la ESO<\/li>\n<li>Gratuito, con inscripci\u00f3n previa<\/li>\n<\/ul>\n<p>\u00a0<\/p>\n<p><span style=\"color: #99cc00;\">[Recital de poes\u00eda] <span style=\"color: #ff0000;\"><a style=\"color: #ff0000;\" href=\"https:\/\/www.montcada.cat\/actualitat\/agenda\/poemes-del-mon.html\">Poemes del m\u00f3n<\/a><\/span><\/span><span style=\"color: #99cc00;\"><br \/><\/span><\/p>\n<ul style=\"list-style-type: square;\">\n<li>Jueves 28 de abril a las 17.30h<\/li>\n<li>Pla\u00e7a del Bosc<\/li>\n<li>Ni\u00f1os\/as, j\u00f3venes y adolescentes<\/li>\n<li>Gratuito<\/li>\n<li><strong>\u00bfQu\u00e9 es? <\/strong>En el marco del proyecto Can Sant Joan es poes\u00eda, vuelve el recital de poes\u00eda y m\u00fasica que se llev\u00f3 a cabo el a\u00f1o pasado y que disfrut\u00f3 de una gran aceptaci\u00f3n, con el protagonismo de los vecinos y vecinas, comerciantes y alumnos\/as del Institut Escola El Viver, que recitan textos en sus respectivas lenguas maternas, acompa\u00f1ados de m\u00fasicos locales. Una muestra de la diversidad cultural que convive en el barrio.<br \/><strong><br \/><\/strong><\/li>\n<\/ul>\n<p>\u00a0<\/p>\n<p><span style=\"color: #99cc00;\">[Teatro] <span style=\"color: #ff0000;\"><a style=\"color: #ff0000;\" href=\"https:\/\/www.montcada.cat\/actualitat\/agenda\/espectacle-poetic-musical-les-papallones-tambe-volen-poesia.html\">Espect\u00e1culo po\u00e9tico-musical. Les papallones tamb\u00e9 volen poesia<\/a><\/span><\/span><span style=\"color: #99cc00;\"><br \/><\/span><\/p>\n<ul style=\"list-style-type: square;\">\n<li>Viernes 29 de abril a las 18.00h<\/li>\n<li>Montcada Aqua<\/li>\n<li>Ni\u00f1os\/as, j\u00f3venes y adolescentes<\/li>\n<li>Gratuito<\/li>\n<li><strong><strong>\u00bfQu\u00e9 es? <\/strong><\/strong>A cargo de la C\u00eda La Min\u00fascula. Y entrega de premios Peque\u00f1o Poeticae. La Mima y en Xuspi son dos personajes muy especiales, cotillas, divertidos y charlatanes. La Mima no para de moverse y, siempre que puede, hace rimas imposibles y en Xuspi est\u00e1 tan enamorado de la poes\u00eda que, cuando tiene un momento, se pone en un rinc\u00f3n a leer.\n<p>Dos personajes que se divierten jugando con las palabras y que descubren que, con los versos, las cosas que se dicen son m\u00e1s dulces o m\u00e1s gruesas o m\u00e1s suaves o hacen m\u00e1s olor o son m\u00e1s altas o son m\u00e1s peque\u00f1as o son m\u00e1s alegres&#8230;<\/p>\n<\/li>\n<\/ul>\n<p>\u00a0<\/p>\n<h2>Vic<\/h2>\n<p>\u00a0<\/p>\n<p><span style=\"color: #99cc00;\">[Exposici\u00f3n]<span style=\"color: #ff0000;\"><a style=\"color: #ff0000;\" href=\"https:\/\/www.vic.cat\/viure-a-vic\/memoria-democratica\"> \u201cLa veu de l\u2019infern nazi\u201d i \u201cCamps: Camins de pau\u201d<\/a><\/span><\/span><span style=\"color: #99cc00;\"><br \/><\/span><\/p>\n<ul style=\"list-style-type: square;\">\n<li>Hasta el 7 de abril<\/li>\n<li>Sala Romeu (Biblioteca Joan Triad\u00fa)<\/li>\n<li>J\u00f3venes y adolescentes<\/li>\n<li>Gratuito<\/li>\n<li><strong><strong>\u00bfQu\u00e9 es? <\/strong><\/strong>El proyecto Stolpersteine pretende recuperar y poner en valor la memoria de los vicenses deportados y asesinatos durante el holocausto, el genocidio perpetrado por el r\u00e9gimen nacionalsocialista entre los a\u00f1os 1933 y 1945.\n<p>350 alumnos de 4\u00ba de educaci\u00f3n secundaria obligatoria han participado en el proyecto de memoria democr\u00e1tica para trabajar tres de las cuatro dimensiones de las ciencias sociales: la dimensi\u00f3n hist\u00f3rica, la geogr\u00e1fica y la ciudadana. Paralelamente tambi\u00e9n se han desarrollado competencias del \u00e1mbito art\u00edstico.<\/p>\n<\/li>\n<\/ul>\n<p>\u00a0<\/p>\n<p><span style=\"color: #99cc00;\">[Deporte] <span style=\"color: #ff0000;\"><a style=\"color: #ff0000;\" href=\"https:\/\/www.vicjove.cat\/event\/remodelacio-del-rocodrom-a-laire-lliure-de-la-llera-del-meder\/\">Roc\u00f3dromo al aire libre de la Llera del M\u00e8der<\/a><\/span><\/span><span style=\"color: #99cc00;\"><br \/><\/span><\/p>\n<ul style=\"list-style-type: square;\">\n<li>Permanente<\/li>\n<li>Pont de la Llera del M\u00e8der<\/li>\n<li>Ni\u00f1os\/as, j\u00f3venes y adolescentes<\/li>\n<li>Gratuito<\/li>\n<li><strong>\u00bfQu\u00e9 es? <\/strong>Roc\u00f3dromo al aire libre que se encuentra situado bajo el puente del cauce del r\u00edo M\u00e8der.<strong><br \/><\/strong><\/li>\n<\/ul>\n<p>\u00a0<\/p>\n<h2>Manresa<\/h2>\n<p>\u00a0<\/p>\n<p><span style=\"color: #99cc00;\">[Exposici\u00f3]<span style=\"color: #ff0000;\"> <a style=\"color: #ff0000;\" href=\"http:\/\/lapuntador.cat\/apuntador\/Members\/mlopez\/artistes-manresans-de-1931#.Yk7NVshByUk\">\u201cArtistes Manresans de 1931\u201d<\/a><\/span><\/span><span style=\"color: #99cc00;\"><br \/><\/span><\/p>\n<ul style=\"list-style-type: square;\">\n<li>Fins al 24 d&#8217;abril<\/li>\n<li>Sala d\u2019exposicions del claustre<\/li>\n<li>Joves i adolescents<\/li>\n<li>Gratu\u00eft<\/li>\n<li><strong>Qu\u00e8 \u00e9s? <\/strong>Els aires de llibertat que porten a la Segona Rep\u00fablica es manifesten tamb\u00e9 en l&#8217;ambient cultural de la ciutat de Manresa. Es formen grups d&#8217;intel\u00b7lectuals i artistes que difonen els nous corrents art\u00edstics del moment i que es reuneixen per organitzar exposicions i tert\u00falies, i es fomenten iniciatives com les exposicions d&#8217;artistes manresans.\n<p>La mostra presentada reuneix de nou l&#8217;obra dels pintors i pintores que van exposar l&#8217;any 1931 a la Segona Exposici\u00f3 d&#8217;Artistes Manresans: Alfred Figueras, Evarist Basiana, Maria Noguera o Llu\u00eds Ur\u00f3, entre molts d&#8217;altres. Un homenatge al llegat que ens van deixar aquest grup d&#8217;artistes que van influir i marcar el cam\u00ed de l&#8217;art manres\u00e0 dels segles XX i XXI.<\/p>\n<\/li>\n<\/ul>\n<p>\u00a0<\/p>\n<p><span style=\"color: #99cc00;\">[Exposici\u00f3] <\/span><span style=\"color: #ff0000;\"><a style=\"color: #ff0000;\" href=\"http:\/\/lapuntador.cat\/apuntador\/Members\/centreculturalelcasino\/exposicio-tenien-ales-per-volar#.Yk7NcshByUk\">\u00abTenien ales per volar\u00bb<\/a><\/span><span style=\"color: #99cc00;\"><br \/><\/span><\/p>\n<ul style=\"list-style-type: square;\">\n<li>Fins al 18 d&#8217;abril<\/li>\n<li>Centre Cultural el Casino<\/li>\n<li>Joves i adolescents<\/li>\n<li>Gratu\u00eft<\/li>\n<li><strong>Qu\u00e8 \u00e9s? <\/strong>La mostra sorgeix d&#8217;una troballa de la pintora Sol Vidal Massaguer fa un parell d&#8217;anys en el fons d&#8217;un vell armari. Es va topar amb unes antigues postals on es poden veure els germans Virgili i Josep Novell, dos mec\u00e0nics joves de Manresa, que a les primeries del segle XX es van dedicar de ple a l&#8217;aeron\u00e0utica. Les postals, quaranta en total, s\u00f3n una veritable cr\u00f2nica de l&#8217;aviaci\u00f3 del nostre pa\u00eds.<\/li>\n<\/ul>\n<p>\u00a0<\/p>\n<p><span style=\"color: #99cc00;\">[Exposici\u00f3] <\/span><span style=\"color: #ff0000;\"><a style=\"color: #ff0000;\" href=\"http:\/\/lapuntador.cat\/apuntador\/Members\/bibateneub\/exposicio-la-la-vida-en-l2019oblit-una-travessa-pels-records#.Yk7NfchByUk\">\u00abLa vida en l\u2019oblit: una travessa pels records\u00bb<\/a><\/span><span style=\"color: #99cc00;\"><br \/><\/span><\/p>\n<ul style=\"list-style-type: square;\">\n<li>Fins al 30 d&#8217;abril<\/li>\n<li>Biblioteca Ateneu Les Bases<\/li>\n<li>Joves i adolescents<\/li>\n<li>Gratu\u00eft<\/li>\n<li><strong>Qu\u00e8 \u00e9s? <\/strong>A partir de les experi\u00e8ncies viscudes als tallers i d&#8217;una recerca sobre gent gran, en sorgeix l&#8217;exposici\u00f3 visual i sonora a cura de l&#8217;artista, fot\u00f2graf i comissari Oriol Segon La vida en l\u2019oblit: una travessa pels records. Es tracta d&#8217;un recorregut pels records des de dues perspectives : la de les persones grans de resid\u00e8ncies de Manresa i la d&#8217;aquelles persones que en tenen cura.\n<p>L&#8217;exposici\u00f3 forma part de CulturaMENT, un projecte que ent\u00e9n la cultura com a eina transformadora, creu en els beneficis de l\u2019art comunitari i promou l\u2019empoderament de les persones grans, de les seves fam\u00edlies i de les persones cuidadores.<\/p>\n<\/li>\n<\/ul>\n<p>\u00a0<\/p>\n<p><span style=\"color: #99cc00;\">[Taller] <\/span><span style=\"color: #ff0000;\"><a style=\"color: #ff0000;\" href=\"http:\/\/www.manresacultura.cat\/web\/menu\/9938-agenda\/@@copy_of_taller-de-conversa-en-frances-6\/29-04-2022\">\u00abTaller de Videojoc: Descobrim jocs digitals diferents!\u00bb<\/a><\/span><span style=\"color: #99cc00;\"><br \/><\/span><\/p>\n<ul style=\"list-style-type: square;\">\n<li>Dimecres 20 d&#8217;Abril de 17h a 20h<\/li>\n<li>Sala Tallers de la Biblioteca del Casino<\/li>\n<li>Infants de 8 a 12 anys<\/li>\n<li>Gratu\u00eft, amb inscripci\u00f3 pr\u00e8via<\/li>\n<\/ul>\n<p>\u00a0<\/p>\n<p><span style=\"color: #99cc00;\">[Dia especial] <\/span><span style=\"color: #ff0000;\"><a style=\"color: #ff0000;\" href=\"http:\/\/www.manresajove.cat\/web\/menu\/14175-activitat-sant-jordi\">\u00abActivitats de Sant Jordi\u00bb<\/a><\/span><\/p>\n<ul style=\"list-style-type: square;\">\n<li>Divendres 22 d&#8217;abril a les 17:30 h<\/li>\n<li>Casal de Joves la Kampana<\/li>\n<li>Joves i adolescents<\/li>\n<li>Gratu\u00eft, amb inscripci\u00f3 pr\u00e8via<\/li>\n<li><strong>Qu\u00e8 \u00e9s? <\/strong>Presentaci\u00f3 i xerrada del llibre \u00abCalladeta no ets m\u00e9s maca\u00bb. Organitzat i dut a terme per les talleristes de l&#8217;editorial Meraki.<\/li>\n<\/ul>\n<p>\u00a0<\/p>\n<p><span style=\"color: #99cc00;\">[Exposici\u00f3] <\/span><span style=\"color: #ff0000;\"><a style=\"color: #ff0000;\" href=\"http:\/\/www.manresajove.cat\/web\/menu\/14187-exposicio-el-matrimoni-arnolfini-una-reinterpretacio\">\u00abEL MATRIMONI ARNOLFINI, UNA REINTERPRETACI\u00d3\u00bb<\/a><\/span><\/p>\n<ul style=\"list-style-type: square;\">\n<li><span style=\"color: initial;\">Fins el 30 d&#8217;abril<\/span><\/li>\n<li><span style=\"color: initial;\">Casal de Joves la Kampana<\/span><\/li>\n<li>Joves i adolescents<\/li>\n<li>Gratu\u00eft, amb inscripci\u00f3 pr\u00e8via<\/li>\n<li><strong>Qu\u00e8 \u00e9s? <\/strong>Les integrants de la sala d&#8217;artistes de l&#8217;ateneu popular la s\u00e8quia s&#8217;han proposat reinterpretar l&#8217;obra del pintor flamenc Jan Van Eyck. L&#8217;obra original esta feta amb oli i va ser encarregada pel matrimoni de la burgesia italiana que en ella apareix. Cada una l&#8217;ha interpretat en la seva disciplina.<\/li>\n<\/ul>\n<p>\u00a0<\/p>\n<p><span style=\"color: #99cc00;\">[Taller] <\/span><span style=\"color: #ff0000;\"><a style=\"color: #ff0000;\" href=\"http:\/\/www.manresajove.cat\/web\/menu\/13106-taller-de-polseres-i-anells\">\u00abTaller de polseres i anells\u00bb<\/a><\/span><\/p>\n<ul style=\"list-style-type: square;\">\n<li><span style=\"color: initial;\">Dijous 7 d&#8217;abril<\/span><\/li>\n<li><span style=\"color: initial;\">Casal de Joves la Kampana<\/span><\/li>\n<li>Joves i adolescents<\/li>\n<li>Gratu\u00eft, amb inscripci\u00f3 pr\u00e8via<\/li>\n<li><strong>Qu\u00e8 \u00e9s? <\/strong>Organitzat i dut a terme per algunes de les joves de la Kampana farem polseres i anells amb diverses t\u00e8cniques.\n<p>\u00a0<\/p>\n<\/li>\n<\/ul>\n<p><span style=\"color: #99cc00;\">[Taller] <\/span><span style=\"color: #ff0000;\"><a style=\"color: #ff0000;\" href=\"http:\/\/www.manresajove.cat\/web\/menu\/13107-taller-de-henna\">\u00abTaller d&#8217;henna\u00bb<\/a><\/span><\/p>\n<ul style=\"list-style-type: square;\">\n<li><span style=\"color: initial;\">Dijous 14 d&#8217;abril a les 18 h<\/span><\/li>\n<li><span style=\"color: initial;\">Casal de Joves la Kampana<\/span><\/li>\n<li>Joves i adolescents<\/li>\n<li>Gratu\u00eft, amb inscripci\u00f3 pr\u00e8via<\/li>\n<li><strong>Qu\u00e8 \u00e9s? <\/strong>Vine a la kampana a con\u00e8ixer la hist\u00f2ria de la henna i a fer dibuixos base. Dut a terme per una professional de la henna.<\/li>\n<\/ul>\n","protected":false},"excerpt":{"rendered":"<p>\u00a1Bienvenidas a la primavera! Abril es un mes lleno de cultura y este a\u00f1o viene cargado de un mont\u00f3n de actividades que no os pod\u00e9is perder. Disfruta de espect\u00e1culos de teatro, m\u00fasica, cine, danza, exposiciones&#8230; Tambi\u00e9n puedes participar de las actividades organizadas por el D\u00eda Internacional del Pueblo Gitano para descubrir una cultura apasionante! Da &hellip; <a href=\"https:\/\/entandem.cat\/es\/recursos-es\/agenda-cultural-abril-2022-bcn\/\">Continued<\/a><\/p>\n","protected":false},"author":1,"featured_media":9747,"comment_status":"closed","ping_status":"open","sticky":false,"template":"","format":"standard","meta":{"footnotes":""},"categories":[320],"tags":[474,463,330,510,467,499,485,336,578,331,339],"class_list":["post-9750","post","type-post","status-publish","format-standard","has-post-thumbnail","hentry","category-recursos-es","tag-acompanyament-educatiu-es","tag-adolescents-es","tag-afev-es","tag-agenda-cultural-es","tag-entandem-es","tag-exposicio-es-2","tag-joves-es","tag-mentoria-social-es","tag-teatre-es","tag-voluntariat-es","tag-voluntariat-social-es"],"yoast_head":"<!-- This site is optimized with the Yoast SEO plugin v27.0 - https:\/\/yoast.com\/product\/yoast-seo-wordpress\/ -->\n<title>Agenda cultural - Abril 2022 (BCN) - enT\u00e0ndem<\/title>\n<meta name=\"description\" content=\"Agenda Cultural Abril 2022 - L&#039;abril \u00e9s un mes ple de cultura i aquest any ve carregat d&#039;un munt d&#039;activitats que no us podeu perdre!\" \/>\n<meta name=\"robots\" content=\"index, follow, max-snippet:-1, max-image-preview:large, max-video-preview:-1\" \/>\n<link rel=\"canonical\" href=\"https:\/\/entandem.cat\/es\/recursos-es\/agenda-cultural-abril-2022-bcn\/\" \/>\n<meta property=\"og:locale\" content=\"es_ES\" \/>\n<meta property=\"og:type\" content=\"article\" \/>\n<meta property=\"og:title\" content=\"Agenda cultural - Abril 2022 (BCN) - enT\u00e0ndem\" \/>\n<meta property=\"og:description\" content=\"Agenda Cultural Abril 2022 - L&#039;abril \u00e9s un mes ple de cultura i aquest any ve carregat d&#039;un munt d&#039;activitats que no us podeu perdre!\" \/>\n<meta property=\"og:url\" content=\"https:\/\/entandem.cat\/es\/recursos-es\/agenda-cultural-abril-2022-bcn\/\" \/>\n<meta property=\"og:site_name\" content=\"enT\u00e0ndem\" \/>\n<meta property=\"article:publisher\" content=\"https:\/\/www.facebook.com\/afevcat\" \/>\n<meta property=\"article:published_time\" content=\"2022-04-04T08:57:35+00:00\" \/>\n<meta property=\"article:modified_time\" content=\"2022-04-07T13:00:18+00:00\" \/>\n<meta property=\"og:image\" content=\"https:\/\/entandem.cat\/wp-content\/uploads\/2022\/04\/0.png\" \/>\n\t<meta property=\"og:image:width\" content=\"1200\" \/>\n\t<meta property=\"og:image:height\" content=\"800\" \/>\n\t<meta property=\"og:image:type\" content=\"image\/png\" \/>\n<meta name=\"author\" content=\"adminTandem\" \/>\n<meta name=\"twitter:card\" content=\"summary_large_image\" \/>\n<meta name=\"twitter:creator\" content=\"@afevcat\" \/>\n<meta name=\"twitter:site\" content=\"@afevcat\" \/>\n<meta name=\"twitter:label1\" content=\"Escrito por\" \/>\n\t<meta name=\"twitter:data1\" content=\"adminTandem\" \/>\n\t<meta name=\"twitter:label2\" content=\"Tiempo de lectura\" \/>\n\t<meta name=\"twitter:data2\" content=\"17 minutos\" \/>\n<script type=\"application\/ld+json\" class=\"yoast-schema-graph\">{\"@context\":\"https:\/\/schema.org\",\"@graph\":[{\"@type\":\"Article\",\"@id\":\"https:\/\/entandem.cat\/es\/recursos-es\/agenda-cultural-abril-2022-bcn\/#article\",\"isPartOf\":{\"@id\":\"https:\/\/entandem.cat\/es\/recursos-es\/agenda-cultural-abril-2022-bcn\/\"},\"author\":{\"name\":\"adminTandem\",\"@id\":\"https:\/\/entandem.cat\/#\/schema\/person\/2111428ce1954193a11054a1e2b5b0da\"},\"headline\":\"Agenda cultural &#8211; Abril 2022 (BCN)\",\"datePublished\":\"2022-04-04T08:57:35+00:00\",\"dateModified\":\"2022-04-07T13:00:18+00:00\",\"mainEntityOfPage\":{\"@id\":\"https:\/\/entandem.cat\/es\/recursos-es\/agenda-cultural-abril-2022-bcn\/\"},\"wordCount\":4249,\"publisher\":{\"@id\":\"https:\/\/entandem.cat\/#organization\"},\"image\":{\"@id\":\"https:\/\/entandem.cat\/es\/recursos-es\/agenda-cultural-abril-2022-bcn\/#primaryimage\"},\"thumbnailUrl\":\"https:\/\/entandem.cat\/wp-content\/uploads\/2022\/04\/0.png\",\"keywords\":[\"acompanyament educatiu\",\"adolescents\",\"afev\",\"agenda cultural\",\"entandem\",\"exposici\u00f3\",\"joves\",\"mentoria social\",\"teatre\",\"voluntariat\",\"voluntariat social\"],\"articleSection\":[\"Recursos\"],\"inLanguage\":\"es\"},{\"@type\":\"WebPage\",\"@id\":\"https:\/\/entandem.cat\/es\/recursos-es\/agenda-cultural-abril-2022-bcn\/\",\"url\":\"https:\/\/entandem.cat\/es\/recursos-es\/agenda-cultural-abril-2022-bcn\/\",\"name\":\"Agenda cultural - Abril 2022 (BCN) - enT\u00e0ndem\",\"isPartOf\":{\"@id\":\"https:\/\/entandem.cat\/#website\"},\"primaryImageOfPage\":{\"@id\":\"https:\/\/entandem.cat\/es\/recursos-es\/agenda-cultural-abril-2022-bcn\/#primaryimage\"},\"image\":{\"@id\":\"https:\/\/entandem.cat\/es\/recursos-es\/agenda-cultural-abril-2022-bcn\/#primaryimage\"},\"thumbnailUrl\":\"https:\/\/entandem.cat\/wp-content\/uploads\/2022\/04\/0.png\",\"datePublished\":\"2022-04-04T08:57:35+00:00\",\"dateModified\":\"2022-04-07T13:00:18+00:00\",\"description\":\"Agenda Cultural Abril 2022 - L'abril \u00e9s un mes ple de cultura i aquest any ve carregat d'un munt d'activitats que no us podeu perdre!\",\"breadcrumb\":{\"@id\":\"https:\/\/entandem.cat\/es\/recursos-es\/agenda-cultural-abril-2022-bcn\/#breadcrumb\"},\"inLanguage\":\"es\",\"potentialAction\":[{\"@type\":\"ReadAction\",\"target\":[\"https:\/\/entandem.cat\/es\/recursos-es\/agenda-cultural-abril-2022-bcn\/\"]}]},{\"@type\":\"ImageObject\",\"inLanguage\":\"es\",\"@id\":\"https:\/\/entandem.cat\/es\/recursos-es\/agenda-cultural-abril-2022-bcn\/#primaryimage\",\"url\":\"https:\/\/entandem.cat\/wp-content\/uploads\/2022\/04\/0.png\",\"contentUrl\":\"https:\/\/entandem.cat\/wp-content\/uploads\/2022\/04\/0.png\",\"width\":1200,\"height\":800,\"caption\":\"Agenda cultural abril\"},{\"@type\":\"BreadcrumbList\",\"@id\":\"https:\/\/entandem.cat\/es\/recursos-es\/agenda-cultural-abril-2022-bcn\/#breadcrumb\",\"itemListElement\":[{\"@type\":\"ListItem\",\"position\":1,\"name\":\"Inici\",\"item\":\"https:\/\/entandem.cat\/es\/\"},{\"@type\":\"ListItem\",\"position\":2,\"name\":\"Agenda cultural &#8211; Abril 2022 (BCN)\"}]},{\"@type\":\"WebSite\",\"@id\":\"https:\/\/entandem.cat\/#website\",\"url\":\"https:\/\/entandem.cat\/\",\"name\":\"enT\u00e0ndem\",\"description\":\"Voluntariat Social Universitari\",\"publisher\":{\"@id\":\"https:\/\/entandem.cat\/#organization\"},\"potentialAction\":[{\"@type\":\"SearchAction\",\"target\":{\"@type\":\"EntryPoint\",\"urlTemplate\":\"https:\/\/entandem.cat\/?s={search_term_string}\"},\"query-input\":{\"@type\":\"PropertyValueSpecification\",\"valueRequired\":true,\"valueName\":\"search_term_string\"}}],\"inLanguage\":\"es\"},{\"@type\":\"Organization\",\"@id\":\"https:\/\/entandem.cat\/#organization\",\"name\":\"enT\u00e0ndem\",\"url\":\"https:\/\/entandem.cat\/\",\"logo\":{\"@type\":\"ImageObject\",\"inLanguage\":\"es\",\"@id\":\"https:\/\/entandem.cat\/#\/schema\/logo\/image\/\",\"url\":\"https:\/\/entandem.cat\/wp-content\/uploads\/2016\/12\/logo-entandem.png\",\"contentUrl\":\"https:\/\/entandem.cat\/wp-content\/uploads\/2016\/12\/logo-entandem.png\",\"width\":166,\"height\":44,\"caption\":\"enT\u00e0ndem\"},\"image\":{\"@id\":\"https:\/\/entandem.cat\/#\/schema\/logo\/image\/\"},\"sameAs\":[\"https:\/\/www.facebook.com\/afevcat\",\"https:\/\/x.com\/afevcat\",\"https:\/\/www.instagram.com\/afevcat\/\"]},{\"@type\":\"Person\",\"@id\":\"https:\/\/entandem.cat\/#\/schema\/person\/2111428ce1954193a11054a1e2b5b0da\",\"name\":\"adminTandem\"}]}<\/script>\n<!-- \/ Yoast SEO plugin. -->","yoast_head_json":{"title":"Agenda cultural - Abril 2022 (BCN) - enT\u00e0ndem","description":"Agenda Cultural Abril 2022 - L'abril \u00e9s un mes ple de cultura i aquest any ve carregat d'un munt d'activitats que no us podeu perdre!","robots":{"index":"index","follow":"follow","max-snippet":"max-snippet:-1","max-image-preview":"max-image-preview:large","max-video-preview":"max-video-preview:-1"},"canonical":"https:\/\/entandem.cat\/es\/recursos-es\/agenda-cultural-abril-2022-bcn\/","og_locale":"es_ES","og_type":"article","og_title":"Agenda cultural - Abril 2022 (BCN) - enT\u00e0ndem","og_description":"Agenda Cultural Abril 2022 - L'abril \u00e9s un mes ple de cultura i aquest any ve carregat d'un munt d'activitats que no us podeu perdre!","og_url":"https:\/\/entandem.cat\/es\/recursos-es\/agenda-cultural-abril-2022-bcn\/","og_site_name":"enT\u00e0ndem","article_publisher":"https:\/\/www.facebook.com\/afevcat","article_published_time":"2022-04-04T08:57:35+00:00","article_modified_time":"2022-04-07T13:00:18+00:00","og_image":[{"width":1200,"height":800,"url":"https:\/\/entandem.cat\/wp-content\/uploads\/2022\/04\/0.png","type":"image\/png"}],"author":"adminTandem","twitter_card":"summary_large_image","twitter_creator":"@afevcat","twitter_site":"@afevcat","twitter_misc":{"Escrito por":"adminTandem","Tiempo de lectura":"17 minutos"},"schema":{"@context":"https:\/\/schema.org","@graph":[{"@type":"Article","@id":"https:\/\/entandem.cat\/es\/recursos-es\/agenda-cultural-abril-2022-bcn\/#article","isPartOf":{"@id":"https:\/\/entandem.cat\/es\/recursos-es\/agenda-cultural-abril-2022-bcn\/"},"author":{"name":"adminTandem","@id":"https:\/\/entandem.cat\/#\/schema\/person\/2111428ce1954193a11054a1e2b5b0da"},"headline":"Agenda cultural &#8211; Abril 2022 (BCN)","datePublished":"2022-04-04T08:57:35+00:00","dateModified":"2022-04-07T13:00:18+00:00","mainEntityOfPage":{"@id":"https:\/\/entandem.cat\/es\/recursos-es\/agenda-cultural-abril-2022-bcn\/"},"wordCount":4249,"publisher":{"@id":"https:\/\/entandem.cat\/#organization"},"image":{"@id":"https:\/\/entandem.cat\/es\/recursos-es\/agenda-cultural-abril-2022-bcn\/#primaryimage"},"thumbnailUrl":"https:\/\/entandem.cat\/wp-content\/uploads\/2022\/04\/0.png","keywords":["acompanyament educatiu","adolescents","afev","agenda cultural","entandem","exposici\u00f3","joves","mentoria social","teatre","voluntariat","voluntariat social"],"articleSection":["Recursos"],"inLanguage":"es"},{"@type":"WebPage","@id":"https:\/\/entandem.cat\/es\/recursos-es\/agenda-cultural-abril-2022-bcn\/","url":"https:\/\/entandem.cat\/es\/recursos-es\/agenda-cultural-abril-2022-bcn\/","name":"Agenda cultural - Abril 2022 (BCN) - enT\u00e0ndem","isPartOf":{"@id":"https:\/\/entandem.cat\/#website"},"primaryImageOfPage":{"@id":"https:\/\/entandem.cat\/es\/recursos-es\/agenda-cultural-abril-2022-bcn\/#primaryimage"},"image":{"@id":"https:\/\/entandem.cat\/es\/recursos-es\/agenda-cultural-abril-2022-bcn\/#primaryimage"},"thumbnailUrl":"https:\/\/entandem.cat\/wp-content\/uploads\/2022\/04\/0.png","datePublished":"2022-04-04T08:57:35+00:00","dateModified":"2022-04-07T13:00:18+00:00","description":"Agenda Cultural Abril 2022 - L'abril \u00e9s un mes ple de cultura i aquest any ve carregat d'un munt d'activitats que no us podeu perdre!","breadcrumb":{"@id":"https:\/\/entandem.cat\/es\/recursos-es\/agenda-cultural-abril-2022-bcn\/#breadcrumb"},"inLanguage":"es","potentialAction":[{"@type":"ReadAction","target":["https:\/\/entandem.cat\/es\/recursos-es\/agenda-cultural-abril-2022-bcn\/"]}]},{"@type":"ImageObject","inLanguage":"es","@id":"https:\/\/entandem.cat\/es\/recursos-es\/agenda-cultural-abril-2022-bcn\/#primaryimage","url":"https:\/\/entandem.cat\/wp-content\/uploads\/2022\/04\/0.png","contentUrl":"https:\/\/entandem.cat\/wp-content\/uploads\/2022\/04\/0.png","width":1200,"height":800,"caption":"Agenda cultural abril"},{"@type":"BreadcrumbList","@id":"https:\/\/entandem.cat\/es\/recursos-es\/agenda-cultural-abril-2022-bcn\/#breadcrumb","itemListElement":[{"@type":"ListItem","position":1,"name":"Inici","item":"https:\/\/entandem.cat\/es\/"},{"@type":"ListItem","position":2,"name":"Agenda cultural &#8211; Abril 2022 (BCN)"}]},{"@type":"WebSite","@id":"https:\/\/entandem.cat\/#website","url":"https:\/\/entandem.cat\/","name":"enT\u00e0ndem","description":"Voluntariat Social Universitari","publisher":{"@id":"https:\/\/entandem.cat\/#organization"},"potentialAction":[{"@type":"SearchAction","target":{"@type":"EntryPoint","urlTemplate":"https:\/\/entandem.cat\/?s={search_term_string}"},"query-input":{"@type":"PropertyValueSpecification","valueRequired":true,"valueName":"search_term_string"}}],"inLanguage":"es"},{"@type":"Organization","@id":"https:\/\/entandem.cat\/#organization","name":"enT\u00e0ndem","url":"https:\/\/entandem.cat\/","logo":{"@type":"ImageObject","inLanguage":"es","@id":"https:\/\/entandem.cat\/#\/schema\/logo\/image\/","url":"https:\/\/entandem.cat\/wp-content\/uploads\/2016\/12\/logo-entandem.png","contentUrl":"https:\/\/entandem.cat\/wp-content\/uploads\/2016\/12\/logo-entandem.png","width":166,"height":44,"caption":"enT\u00e0ndem"},"image":{"@id":"https:\/\/entandem.cat\/#\/schema\/logo\/image\/"},"sameAs":["https:\/\/www.facebook.com\/afevcat","https:\/\/x.com\/afevcat","https:\/\/www.instagram.com\/afevcat\/"]},{"@type":"Person","@id":"https:\/\/entandem.cat\/#\/schema\/person\/2111428ce1954193a11054a1e2b5b0da","name":"adminTandem"}]}},"_links":{"self":[{"href":"https:\/\/entandem.cat\/es\/wp-json\/wp\/v2\/posts\/9750","targetHints":{"allow":["GET"]}}],"collection":[{"href":"https:\/\/entandem.cat\/es\/wp-json\/wp\/v2\/posts"}],"about":[{"href":"https:\/\/entandem.cat\/es\/wp-json\/wp\/v2\/types\/post"}],"author":[{"embeddable":true,"href":"https:\/\/entandem.cat\/es\/wp-json\/wp\/v2\/users\/1"}],"replies":[{"embeddable":true,"href":"https:\/\/entandem.cat\/es\/wp-json\/wp\/v2\/comments?post=9750"}],"version-history":[{"count":7,"href":"https:\/\/entandem.cat\/es\/wp-json\/wp\/v2\/posts\/9750\/revisions"}],"predecessor-version":[{"id":9770,"href":"https:\/\/entandem.cat\/es\/wp-json\/wp\/v2\/posts\/9750\/revisions\/9770"}],"wp:featuredmedia":[{"embeddable":true,"href":"https:\/\/entandem.cat\/es\/wp-json\/wp\/v2\/media\/9747"}],"wp:attachment":[{"href":"https:\/\/entandem.cat\/es\/wp-json\/wp\/v2\/media?parent=9750"}],"wp:term":[{"taxonomy":"category","embeddable":true,"href":"https:\/\/entandem.cat\/es\/wp-json\/wp\/v2\/categories?post=9750"},{"taxonomy":"post_tag","embeddable":true,"href":"https:\/\/entandem.cat\/es\/wp-json\/wp\/v2\/tags?post=9750"}],"curies":[{"name":"wp","href":"https:\/\/api.w.org\/{rel}","templated":true}]}}