{"id":9672,"date":"2022-03-01T16:16:09","date_gmt":"2022-03-01T16:16:09","guid":{"rendered":"https:\/\/entandem.cat\/agenda-cultural-marc\/"},"modified":"2022-03-09T12:39:22","modified_gmt":"2022-03-09T12:39:22","slug":"agenda-cultural-marc","status":"publish","type":"post","link":"https:\/\/entandem.cat\/es\/recursos-es\/agenda-cultural-marc\/","title":{"rendered":"Agenda cultural &#8211; Marzo 2022 (BCN)"},"content":{"rendered":"\n<p>Llega marzo y la mentoria no para!\ud83d\udeb2 Este mes os proponemos un mont\u00f3n de <strong>actividades, exposiciones, obras de teatro y talleres<\/strong> para realizar con tu t\u00e1ndem&#8230; \u00a1No te pierdas ni una!<\/p>\n<p>Adem\u00e1s, desde la AFEV defendemos siempre la perspectiva feminista en los acompa\u00f1amientos. Este a\u00f1o, y en motivo del <strong>D\u00eda Internacional de la Mujer<\/strong>, tambi\u00e9n os proponemos una serie de actividades para hacer con vuestro t\u00e1ndem enfocadas a trabajar la tem\u00e1tica <strong>feminista y de g\u00e9nero<\/strong>.\ud83d\udc6d<\/p>\n<p><strong>En <a href=\"https:\/\/entandem.cat\/wp-content\/uploads\/2022\/03\/Copia-de-SETMANA-DE-GENERE.pdf\">este monogr\u00e1fico<\/a><\/strong>, descubrir\u00e1s actividades y recursos para continuar construyendo un mundo m\u00e1s equitativo y justo! \ud83d\udc9c\u270a<\/p>\n<p>\u00a0<\/p>\n<p><span style=\"color: #99cc00;\">[Visita] <\/span><span style=\"color: #ff0000;\"><a style=\"color: #ff0000;\" href=\"https:\/\/artssantamonica.gencat.cat\/ca\/\">Visita al Arts Santa M\u00f2nica<\/a><\/span><\/p>\n<ul style=\"list-style-type: square;\">\n<li>De martes a domingo hasta las 20:30h<\/li>\n<li><span style=\"color: initial;\">Arts Santa M\u00f2nica<\/span><\/li>\n<li>Ni\u00f1os\/as, j\u00f3venes y adolescentes<\/li>\n<li>Gratuito<\/li>\n<li><strong>\u00bfQu\u00e9 es? <\/strong>Aliens, colonialismo y gotel\u00e9. Esto y mucho m\u00e1s encontrar\u00e1s en la nueva exposici\u00f3n del Santa M\u00f2nica, La tradici\u00f3n que nos atraviesa. Y as\u00ed te podr\u00e1s desfogar lanzando figuritas de porcelana a una diana, sentirte como un personaje de un sal\u00f3n burgu\u00e9s y cambiar su disposici\u00f3n o descubrir que detr\u00e1s de una escenograf\u00eda reinventada del Liceo se esconden unas membranas zombis.<\/li>\n<\/ul>\n<p>\u00a0<\/p>\n<p><span style=\"color: #99cc00;\">[Teatro] <span style=\"color: #ff0000;\"><a style=\"color: #ff0000;\" href=\"https:\/\/ajuntament.barcelona.cat\/ccivics\/parcsandaru\/p\/44312\/escnic-presenta-blanca-desvelada-de-la-cia-aleteo-teatro-bdc\" target=\"_blank\" rel=\"noopener\">\u00abBlanca desvelada\u00bb, de Cia. Aleteo<br \/><\/a><\/span><\/span><\/p>\n<ul style=\"list-style-type: square;\">\n<li>Mi\u00e9rcoles 9 de marzo a las 19.30 h<\/li>\n<li>Centre C\u00edvic Parc Sandaru<\/li>\n<li>J\u00f3venes y adolescentes<\/li>\n<li>Gratuito, con reserva previa<\/li>\n<li><strong><strong>\u00bfQu\u00e9 es? <\/strong><\/strong>El espect\u00e1culo Blanca desvelada de la C\u00eda Aleteto Teatro nos presenta dos historias entrelazadas: La de Carmen, una presa pol\u00edtica en \u00e9poca de la Guerra Civil que dar\u00e1 a luz en una prisi\u00f3n, y la de Blanca, una joven actriz en la \u00e9poca actual que sobrevive haciendo mon\u00f3logos c\u00f3micos en bares mediocres.\n<p>12 personajes que deciden expresarse en 9m2 de mundo esc\u00e9nico a trav\u00e9s de una \u00fanica actriz. Ella ser\u00e1 el v\u00ednculo porque la esencia m\u00e1s delicada de estos 12 seres humanos se apodere de todos tus sentidos<\/p>\n<\/li>\n<\/ul>\n<p><span style=\"color: #99cc00;\">[Cine] <span style=\"color: #ff0000;\"><a style=\"color: #ff0000;\" href=\"https:\/\/ajuntament.barcelona.cat\/ccivics\/elbesosielmaresme\/p\/44961\/petit-cineclub-al-sostre-del-mon\" target=\"_blank\" rel=\"noopener\">Petit Cineclub: \u00abal sostre del m\u00f3n\u00bb<\/a><\/span><\/span><\/p>\n<ul style=\"list-style-type: square;\">\n<li>Martes 22 de marzo a las 17.30h<\/li>\n<li>Centre C\u00edvic del Bes\u00f2s i el Maresme<\/li>\n<li>A partir de los 6 a\u00f1os.<\/li>\n<li>Gratuito, con reserva previa<\/li>\n<li><strong>\u00bfQu\u00e9 es? <\/strong>(81 minutos) 1882. San Petersburgo. Sasha, una jovencita de la aristocracia rusa, ha estado siempre fascinada por la vida aventurera de su abuelo, Olukin. Explorador famoso, hizo construir un magn\u00edfico barco rompehielos, el Davai, que no ha vuelto de su \u00faltima expedici\u00f3n a la conquista de Pol Norte. Sasha decide partir hacia el Gran Norte siguiendo la pista de su abuelo para recuperar el famoso barco.<br \/>\n<p>\u00a0<\/p>\n<\/li>\n<\/ul>\n<p><span style=\"color: #99cc00;\">[Exposici\u00f3n] <span style=\"color: #ff0000;\"><a style=\"color: #ff0000;\" href=\"https:\/\/ajuntament.barcelona.cat\/ccivics\/santmarti\/p\/45359\/exposici-fer-del-dolor-un-talism\" target=\"_blank\" rel=\"noopener\">Fer del dolor un talism\u00e0<\/a><\/span><\/span><\/p>\n<ul style=\"list-style-type: square;\">\n<li>Del 1 al 22 de marzo<\/li>\n<li>Centre C\u00edvic Sant Mart\u00ed<\/li>\n<li>J\u00f3venes y adolescentes<\/li>\n<li>Gratuito<\/li>\n<li><strong>\u00bfQu\u00e9 es? <\/strong>A veces relacionamos el arte con la terapia. Pero&#8230; \u00bfQu\u00e9 es el arte para las artistas? Puede ser terap\u00e9utico, sanador, transformador, y por encima de todo, es vital. Crear es conectar con la vida y la muerte, con emociones como la angustia y la calma. Esta muestra pretende tratar la salud y la enfermedad en todos sus aspectos, desde una perspectiva sanadora y optimista, como el arte mismo.<\/li>\n<\/ul>\n<p>\u00a0<\/p>\n<p><span style=\"color: #99cc00;\">[Exposici\u00f3n] <span style=\"color: #ff0000;\"><a style=\"color: #ff0000;\" href=\"https:\/\/ajuntament.barcelona.cat\/ccivics\/zonanord\/p\/45375\/exposici-artistes-catalanes-del-dibuix-i-la-pintura\" target=\"_blank\" rel=\"noopener\">Exposici\u00f3 Artistes Catalanes del Dibuix i la Pintura<\/a><\/span><\/span><\/p>\n<ul style=\"list-style-type: square;\">\n<li>\u00a0Del 4 al 23 de marzo<\/li>\n<li>Centre C\u00edvic Zona Nord<\/li>\n<li>Ni\u00f1os\/as, j\u00f3venes y adolescentes<\/li>\n<li>Gratuito<\/li>\n<li><strong>\u00bfQu\u00e9 es? <\/strong>Las artistas seleccionadas (miniaturistas, pintoras, dibujantes e ilustradoras) son una muestra del crecimiento y la evoluci\u00f3n de la creatividad art\u00edstica de muchas mujeres que como ellas, a lo largo del tiempo, han trabajado con diferentes intereses: desde la adopci\u00f3n de los lenguajes acad\u00e9micos y establecidos para que se reconociera su trabajo, hasta la transformaci\u00f3n y subversi\u00f3n de estos lenguajes para construir otras formas de pintar y representar el mundo. Ellas, como otras muchas, forman parte de una genealog\u00eda oculta que esta exposici\u00f3n pretende empezar a hacer visible.<br \/>\n<p>\u00a0<\/p>\n<\/li>\n<\/ul>\n<p><span style=\"color: #99cc00;\">[Exposici\u00f3n] <span style=\"color: #ff0000;\"><a style=\"color: #ff0000;\" href=\"https:\/\/ajuntament.barcelona.cat\/bocanord\/exposicio-el-nom-es-pols-destrella\/\" target=\"_blank\" rel=\"noopener\">El nom \u00e9s pols d\u2019estrella<\/a><\/span><\/span><\/p>\n<ul style=\"list-style-type: square;\">\n<li>Del 16 de febrero al 16 de marzo<\/li>\n<li>Espai Jove Boca Nord<\/li>\n<li>Ni\u00f1os\/as, j\u00f3venes y adolescentes<\/li>\n<li>Gratuito<\/li>\n<li><strong>\u00bfQu\u00e9 es? <\/strong>El nombre es polvo de estrella, se dibuja y se escribe a partir de la palabra femenina \u201cconstelaci\u00f3n\u201d, y se despliega como una deriva onom\u00e1stica y etimol\u00f3gica por las diversas acepciones del mismo t\u00e9rmino: de la constelaci\u00f3n estelar a la familiar, pero con un \u00e9nfasis especial en la idea de dibujo imaginario trazado por una mano que quiere generar asociaciones inesperadas, im\u00e1genes que interrumpen el discurso y que tienen mucho m\u00e1s a mostrar que a explicar.<\/li>\n<\/ul>\n<p>\u00a0<\/p>\n<p><span style=\"color: #99cc00;\">[Deporte] <span style=\"color: #ff0000;\"><a style=\"color: #ff0000;\" href=\"https:\/\/docs.google.com\/forms\/d\/1r4SNLCxCBvU9UH5P6FPSu9fC5efdi0y3cQ6hdJR0t3Q\/viewform?edit_requested=true\" target=\"_blank\" rel=\"noopener\">Torneo de ping pong<\/a><\/span><\/span><\/p>\n<ul style=\"list-style-type: square;\">\n<li>Jueves 17 de marzo de 18 a 20h<\/li>\n<li>Espai Jove Boca Nord<\/li>\n<li>de 12 a 35 a\u00f1os<\/li>\n<li>Gratuito, con inscripci\u00f3n previa<\/li>\n<li><strong>\u00bfQu\u00e9 es? \u00a1<\/strong>Si quieres participar en un torneo de ping pong haz tu inscripci\u00f3n! Plazas limitadas.<br \/>\n<p>\u00a0<\/p>\n<\/li>\n<\/ul>\n<p><span style=\"color: #99cc00;\">[Taller] <span style=\"color: #ff0000;\"><a style=\"color: #ff0000;\" href=\"https:\/\/ajuntament.barcelona.cat\/bocanord\/taller-de-comic-torneig-de-ping-pong\/\" target=\"_blank\" rel=\"noopener\">Taller de C\u00f2mic<\/a><\/span><\/span><\/p>\n<ul style=\"list-style-type: square;\">\n<li>Martes 22 de marzo y jueves 24 de marzo de 18 a 20h<\/li>\n<li>Centre C\u00edvic del Bes\u00f2s i el Maresme<\/li>\n<li>Ni\u00f1os\/as, j\u00f3venes y adolescentes<\/li>\n<li>Gratuito, con inscripci\u00f3n previa<\/li>\n<li><strong>\u00bfQu\u00e9 es? <\/strong>Si quieres apuntarte al taller de c\u00f3mic env\u00eda un correo con tus datos y edad a rafa@bocanord.cat\n<p>\u00a0<\/p>\n<\/li>\n<\/ul>\n<p><span style=\"color: #99cc00;\">[Exposici\u00f3n] <span style=\"color: #ff0000;\"><a style=\"color: #ff0000;\" href=\"https:\/\/guia.barcelona.cat\/ca\/detall\/exposicio-inicis-de-clara-angular_99400684533.html\" target=\"_blank\" rel=\"noopener\">&#8216;Inicis&#8217; de Clara Angular.<\/a><\/span><br \/><\/span><\/p>\n<ul style=\"list-style-type: square;\">\n<li>Hasta el 26 de marzo<\/li>\n<li>Espai Jove La B\u00e0scula<\/li>\n<li>J\u00f3venes y adolescentes<\/li>\n<li>Gratuito<\/li>\n<li><strong>\u00bfQu\u00e9 es? \u00ab<\/strong>Inicis\u00bb es la primera exposici\u00f3n de fotograf\u00edas de la joven fot\u00f3grafa Clara Angular. La exposici\u00f3n recoge algunos de los comienzos desde que se ha convertido en fot\u00f3grafa. La exposici\u00f3n est\u00e1 constituida por cuatro bloques que representan los inicios de su carrera como fot\u00f3grafa:\n<p>Su primer trabajo en el sector fue como fot\u00f3grafa del grupo musical Atzagaia. Su etapa en M\u00f3dena, una ciudad desconocida que le permite empezar de cero. Los inicios de una etapa dura para todo el mundo, la pandemia, donde empieza a experimentar con el autoretrato, que le permite expresar los diferentes estados an\u00edmicos por los cuales iba pasando durante el confinamiento. Y por \u00faltimo, la vuelta a la realidad, con el nacimiento de un nuevo proyecto que surgi\u00f3 a partir de Atzagaia, La Fiera.<\/p>\n<p>\u00a0<\/p>\n<\/li>\n<\/ul>\n<p><span style=\"color: #99cc00;\">[Taller] <span style=\"color: #ff0000;\"><a style=\"color: #ff0000;\" href=\"https:\/\/guia.barcelona.cat\/ca\/detall\/taller-per-joves-play_99400683444.html\" target=\"_blank\" rel=\"noopener\">Taller para j\u00f3venes &#8216;Play&#8217;<\/a><\/span><br \/><\/span><\/p>\n<ul style=\"list-style-type: square;\">\n<li>Mi\u00e9rcoles de 18 a 19.30h<\/li>\n<li>Centre C\u00edvic Casa Groga<\/li>\n<li><span style=\"color: initial;\">De 12 a 16 a\u00f1os<\/span><\/li>\n<li><span style=\"color: initial;\">Gratuito, con inscripci\u00f3n previa<\/span><\/li>\n<li><strong>\u00bfQu\u00e9 es? <\/strong>Espacio de ocio con videoconsola y juegos de mesa para compartir y de uso libre.<\/li>\n<\/ul>\n<p>\u00a0<\/p>\n<p><span style=\"color: #99cc00;\">[Exposici\u00f3n] <span style=\"color: #ff0000;\"><a style=\"color: #ff0000;\" href=\"https:\/\/guia.barcelona.cat\/ca\/detall\/exposicio-sehnsucht_99400668427.html\" target=\"_blank\" rel=\"noopener\">\u00abSehnsucht\u00bb<\/a><\/span><br \/><\/span><\/p>\n<ul style=\"list-style-type: square;\">\n<li><span style=\"color: initial;\">Hasta el 19 de marzo<\/span><\/li>\n<li><span style=\"color: initial;\">Centre C\u00edvic Can Bast\u00e9<\/span><\/li>\n<li>J\u00f3venes y adolescentes<\/li>\n<li>Gratuito\u00a0<\/li>\n<li><strong>\u00bfQu\u00e9 es? <\/strong>\u201cSehnsucht\u201d es un proyecto art\u00edstico para reflexionar sobre el estado de \u00e1nimo de muchas personas durante el confinamiento de principios del 2020, que cambi\u00f3 nuestra vida de forma inesperada y brusca. Su objetivo es superar, expres\u00e1ndonos, estas circunstancias in\u00e9ditas que seguimos atravesando simult\u00e1neamente en todo el mundo.<strong><br \/><\/strong><\/li>\n<\/ul>\n<p>\u00a0<\/p>\n<p><span style=\"color: #99cc00;\">[Exposici\u00f3n] <\/span><span style=\"color: #ff0000;\"><a style=\"color: #ff0000;\" href=\"https:\/\/guia.barcelona.cat\/ca\/detall\/exposicio-la-genetica-del-comic_99400684738.html\" target=\"_blank\" rel=\"noopener\">&#8216;La gen\u00e8tica del c\u00f2mic&#8217;<\/a><\/span><span style=\"color: #99cc00;\"><br \/><\/span><\/p>\n<ul style=\"list-style-type: square;\">\n<li><span style=\"color: initial;\">Hasta el 31 de marzo<\/span><\/li>\n<li>Biblioteca Ignasi Iglesias &#8211; Can Fabra<\/li>\n<li>J\u00f3venes y adolescentes<\/li>\n<li>Gratuito<\/li>\n<li><strong>\u00bfQu\u00e9 es? <\/strong>Todos los creadores son hijos art\u00edsticos de alguien. Una disciplina art\u00edstica chupa de otra disciplina. Directores de cine marcados por las lecturas de cuando eran peque\u00f1os, poetas influidos por pintores de otra \u00e9poca&#8230; En esta exposici\u00f3n analizamos las influencias que varios dibujantes de c\u00f3mico de diferentes generaciones han tenido en la evoluci\u00f3n de su obra. Influencias que no solo pueden alcanzar el campo de dibujo, sino tambi\u00e9n el del cine, la ilustraci\u00f3n o la pintura. Reflexionamos sobre como una actividad, que parece tan aislada y singular, tiene m\u00e1s de plural y colectiva del que parece. Exposici\u00f3n dirigida por Alfons L\u00f3pez.<\/li>\n<\/ul>\n<p>\u00a0<\/p>\n<p><span style=\"color: #99cc00;\">[Visita guiada] <span style=\"color: #ff0000;\"><a style=\"color: #ff0000;\" href=\"https:\/\/guia.barcelona.cat\/ca\/detall\/visites-guiades-a-la-model_99400654857.html\" target=\"_blank\" rel=\"noopener\">Visitas guiadas a La Model<\/a><\/span><\/span><span style=\"color: #99cc00;\"><br \/><\/span><\/p>\n<ul style=\"list-style-type: square;\">\n<li>Viernes a las 17h y a las 17.30h<\/li>\n<li>La Model<\/li>\n<li>J\u00f3venes y adolescentes<\/li>\n<li>Gratuito, con inscripci\u00f3n previa<\/li>\n<li><strong>\u00bfQu\u00e9 es? <\/strong>El Centro Penitenciario de Hombres de Barcelona La Modelo fue proyectado por los arquitectos Salvador Vinyals i Sabat\u00e9 y Josep Dom\u00e8nech y Estap\u00e0, e inaugurado el 9 de junio de 1904. Estuvo en servicio durante 113 a\u00f1os, que corresponder\u00edan a los periodos que van desde la Restauraci\u00f3n (Semana Tr\u00e1gica, Anarquismo, Sindicalismo), hasta el Franquismo y la Democracia. Las visitas guiadas a La Modelo son un recorrido por el edificio donde se pueden ver diferentes espacios de la antigua prisi\u00f3n, como el patio de entrada, los locutorios o las galer\u00edas con las celdas.<\/li>\n<\/ul>\n<p>\u00a0<\/p>\n<p><span style=\"color: #99cc00;\">[Exposici\u00f3n] <span style=\"color: #ff0000;\"><a style=\"color: #ff0000;\" href=\"https:\/\/guia.barcelona.cat\/ca\/detall\/exposicio-la-mar-de-mares_99400683293.html\">\u00abLa mar de MARES\u00bb<\/a><\/span><\/span><span style=\"color: #99cc00;\"><br \/><\/span><\/p>\n<ul style=\"list-style-type: square;\">\n<li>Hasta el 30 de marzo<\/li>\n<li>Centre C\u00edvic Urgell<\/li>\n<li>J\u00f3venes y adolescentes<\/li>\n<li>Gratuito<\/li>\n<li><strong>\u00bfQu\u00e9 es? <\/strong>&#8216;La mar de MARES&#8217; propone una reflexi\u00f3n sobre la maternidad y la figura materna en el sentido m\u00e1s amplio y heterog\u00e9neo y, por eso, se ha contado con la participaci\u00f3n de Amaia Arr\u00e1zola, Carmen Seijas, Erika Rossi, Gala Pont, Judit Canela y Perrine Honor\u00e9, ilustradoras que a menudo trabajan la imagen de la mujer y la cuesti\u00f3n femenina desde diferentes perspectivas y que, esta vez, se re\u00fanen para ofrecernos sus particulares visiones sobre la maternidad, enjarjes en algunos casos a su propia experiencia personal, y en otras, a sus inquietudes y pensamientos.<\/li>\n<\/ul>\n<p>\u00a0<\/p>\n<p><span style=\"color: #99cc00;\">[Exposici\u00f3n] <span style=\"color: #ff0000;\"><a style=\"color: #ff0000;\" href=\"https:\/\/guia.barcelona.cat\/ca\/detall\/exposicio-fes-de-l-streetball-el-teu-art_99400683997.html\" target=\"_blank\" rel=\"noopener\">&#8216;Haz del streetball tu arte&#8217;<\/a><\/span><\/span><span style=\"color: #99cc00;\"><br \/><\/span><\/p>\n<ul style=\"list-style-type: square;\">\n<li>Del 3 de febrero al 9 de marzo<\/li>\n<li>Punt Multim\u00e8dia de Sants &#8211; Montju\u00efc *Casa del Mig<\/li>\n<li>J\u00f3venes y adolescentes<\/li>\n<li>Gratuito<\/li>\n<li><strong>\u00bfQu\u00e9 es? <\/strong>La exposici\u00f3n expresa la pasi\u00f3n por este deporte a trav\u00e9s del arte. Mediante la fotograf\u00eda, la Leyla (@ley_digital_) es capaz de captar los momentos \u00fanicos vividos al terreno de juego, emociones y sentimientos de los jugadores o la esencia urbana de cada pista. Paula (@pulposneakers) lleva el arte del streetball creando accesorios con pelotas de baloncesto o redise\u00f1ando sneakers.<\/li>\n<\/ul>\n<p>\u00a0<\/p>\n<p><span style=\"color: #99cc00;\">[Exposici\u00f3n] <span style=\"color: #ff0000;\"><a style=\"color: #ff0000;\" href=\"https:\/\/guia.barcelona.cat\/ca\/detall\/exposicio-underground-i-contracultura-a-la-catalunya-dels-70_99400672398.html\" target=\"_blank\" rel=\"noopener\">&#8216;Underground i contracultura en la Catalu\u00f1a de los 70&#8217;<\/a><\/span><\/span><span style=\"color: #99cc00;\"><br \/><\/span><\/p>\n<ul style=\"list-style-type: square;\">\n<li>Hasta el 6 de marzo<\/li>\n<li>Palau Robert &#8211; Centre d&#8217;Informaci\u00f3 de Catalunya<\/li>\n<li>J\u00f3venes y adolescentes<\/li>\n<li>Gratuito<\/li>\n<li><strong>\u00bfQu\u00e9 es? <\/strong>L\u2019exposici\u00f3, amb m\u00e9s de 700 peces, proposa una mirada exhaustiva, in\u00e8dita fins ara, als protagonistes i als moviments socials i culturals d\u2019una \u00e8poca transcendental. Dividida en diferents espais tem\u00e0tics, documenta la irrupci\u00f3 de les comunes, el feminisme, la psicod\u00e8lia, l\u2019ecologia, l\u2019espiritualitat, les m\u00fasiques i les arts d\u2019avantguarda, els c\u00f2mics o els fanzines, entre moltes altres refer\u00e8ncies.<\/li>\n<\/ul>\n<p>\u00a0<\/p>\n<p><span style=\"color: #99cc00;\">[Dansa] <span style=\"color: #ff0000;\"><a style=\"color: #ff0000;\" href=\"https:\/\/guia.barcelona.cat\/ca\/detall\/espectacle-de-dansa-descaparse_99400661887.html\" target=\"_blank\" rel=\"noopener\">\u00abDescaparse\u00bb<\/a><\/span><\/span><span style=\"color: #99cc00;\"><br \/><\/span><\/p>\n<ul style=\"list-style-type: square;\">\n<li>Fins al 6 de mar\u00e7<\/li>\n<li>Centre Cultural Albareda<\/li>\n<li>Joves i adolescents<\/li>\n<li>Gratu\u00eft<\/li>\n<li><strong>Qu\u00e8 \u00e9s? <\/strong>La exposici\u00f3n, con m\u00e1s de 700 piezas, propone una mirada exhaustiva, in\u00e9dita hasta ahora, a los protagonistas y a los movimientos sociales y culturales de una \u00e9poca trascendental. Dividida en diferentes espacios tem\u00e1ticos, documenta la irrupci\u00f3n de las comunes, el feminismo, la psicodelia, la ecolog\u00eda, la espiritualidad, las m\u00fasicas y las artes de vanguardia, los c\u00f3micos o los fanzines, entre otras muchas referencias.<\/li>\n<\/ul>\n<p>\u00a0<\/p>\n<p><span style=\"color: #99cc00;\">[Exposici\u00f3n] <span style=\"color: #ff0000;\"><a style=\"color: #ff0000;\" href=\"https:\/\/guia.barcelona.cat\/ca\/detall\/espectacle-de-dansa-descaparse_99400661887.html\" target=\"_blank\" rel=\"noopener\">Exposici\u00f3n fotogr\u00e1fica \u201cLes corps incorruptibles\u201d de Emilie Hallard<\/a><\/span><\/span><span style=\"color: #99cc00;\"><br \/><\/span><\/p>\n<ul style=\"list-style-type: square;\">\n<li>Hasta el 30 de abril<\/li>\n<li>Centre LGTBI de Barcelona<\/li>\n<li>J\u00f3venes y adolescentes<\/li>\n<li>Gratuito<\/li>\n<li><strong>\u00bfQu\u00e9 es? <\/strong>El siglo XXI contin\u00faa arrastrando los mismos c\u00e1nones de belleza del siglo pasado, los de la mujer joven, blanca, delgada, et\u00e9rea y heterosexual. La belleza, el primer activo comercial de la mujer, un pasaporte para un matrimonio feliz, el \u00e9xito profesional y el reconocimiento social. El bombardeo de im\u00e1genes infinitamente retocadas con Photoshop a las que todo el mundo est\u00e1 expuesto ajena en las mujeres y a los hombres con una b\u00fasqueda constante de un ideal de belleza inalcanzable, que solo conduce a la frustraci\u00f3n y al odio hacia su persona. Una poblaci\u00f3n ciega, hambrienta por sus dietas, que se vuelve terriblemente manipulable y obediente.<br \/>\n<p>\u00a0<\/p>\n<\/li>\n<\/ul>\n<p><span style=\"color: #99cc00;\">[Exposici\u00f3n] <span style=\"color: #ff0000;\"><a style=\"color: #ff0000;\" href=\"https:\/\/caixaforum.org\/es\/barcelona\/p\/homo-ludens_a29645274\">Homo Ludens<\/a><\/span><\/span><span style=\"color: #99cc00;\"><br \/><\/span><\/p>\n<ul style=\"list-style-type: square;\">\n<li>Hasta el 18 de abril<\/li>\n<li>Caixaf\u00f2rum<\/li>\n<li>Ni\u00f1os\/as, j\u00f3venes y adolescentes<\/li>\n<li>Gratuito para menores de 16 a\u00f1os y\/o clientes de La Caixa<\/li>\n<li><strong>\u00bfQu\u00e9 es? <\/strong>La exposici\u00f3n ofrece una nueva perspectiva del concepto de gamer mostrando un mundo videoludificado en el que vida y juego convergen cada d\u00eda m\u00e1s. Se presentan m\u00e1s de cuarenta piezas entre videojuegos y obras de arte, en un entorno interactivo que convierte la propia exposici\u00f3n en una experiencia de juego colectiva.<\/li>\n<\/ul>\n<p>\u00a0<\/p>\n<p><span style=\"color: #99cc00;\">[Exposici\u00f3n] <span style=\"color: #ff0000;\"><a style=\"color: #ff0000;\" href=\"http:\/\/rocaumbert.com\/event\/contes-immorals-exposicio-de-joan-palle\/\">Cuentos Inmortales<\/a><\/span><\/span><span style=\"color: #99cc00;\"><br \/><\/span><\/p>\n<ul style=\"list-style-type: square;\">\n<li>Hasta el 3 de abril<\/li>\n<li>Sala Zero de l\u2019Espai d\u2019Arts de Roca Umbert (Granollers)<\/li>\n<li>J\u00f3venes y adolescentes<\/li>\n<li>Gratuito<\/li>\n<li><strong>\u00bfQu\u00e9 es? <\/strong>La exposici\u00f3n est\u00e1 basada en c\u00f3mo el cine representa las relaciones no convencionales, las que escapan a la monogamia. El coro de la exposici\u00f3n lo componen una serie de dioramas que reproducen espacios, casas, salones, habit\u00e1culos en los cuales algunas pel\u00edculas han situado este tipo de relaciones. Las pel\u00edculas referidas a trav\u00e9s de los dioramas son: Una Mujer para Dos (Design for Living. Ernst Lubitsch, 1933); Jules y Jim (Jules te Jim. Fran\u00e7ois Truffaut, 1962), La Leyenda de la Ciudad sin N\u00famero (Paint your Wagon, Joshua Logan, 1969), Lions Love (\u00c0gnes Varda, 1969), Los Idiotas (Idioterne. Lars Von Trier, 1998), Maldita Generaci\u00f3n (Doom Generation. Greg Araki, 1995), So\u00f1adores (The Dreamers. Bernardo Bertolucci, 2003), T\u00fa, yo y Ella (you, me, her. J. S. Sheper. 2016).<\/li>\n<\/ul>\n<p>\u00a0<\/p>\n<p><span style=\"color: #99cc00;\">[Exposici\u00f3n] <span style=\"color: #ff0000;\"><a style=\"color: #ff0000;\" href=\"https:\/\/mcng.cat\/agenda\/tu-investigues-expo#\">T\u00fa investigas<\/a><\/span><\/span><span style=\"color: #99cc00;\"><br \/><\/span><\/p>\n<ul style=\"list-style-type: square;\">\n<li>Hasta el 3 de abril<\/li>\n<li>Museu de les Ci\u00e8ncies Naturals (Granollers)<\/li>\n<li>Ni\u00f1os\/as, j\u00f3venes y adolescentes<\/li>\n<li>Gratuito<\/li>\n<li><strong><strong>\u00bfQu\u00e9 es? \u00bf<\/strong><\/strong>Te has preguntado alguna vez c\u00f3mo descubrir qu\u00e9 ha comido un depredador a partir de una egagr\u00f2pila? \u00bfO como es una cueva por dentro y qu\u00e9 animales viven? Esta exposici\u00f3n acerca con rigor la ciencia a peque\u00f1os y grandes a la vez que los despierta la curiosidad para investigar y explorar la naturaleza como si fuera un tesoro.\n<p>Dirigida a un p\u00fablico familiar, especialmente a los m\u00e1s peque\u00f1os de casa, \u201cT\u00fa investigas!\u201d (inagurada en enero del 2019), tiene un formato muy escenogr\u00e1fico en que se recrean miles de mariposas haciendo una nube en un prado, un r\u00edo interactivo con anfibios, murci\u00e9lagos escondidos en una cueva y un bosque lleno de ratones. Estos cuatro \u00e1mbitos conforman las cuatro \u00e1reas de investigaci\u00f3n del Museo de Ciencias Naturales de Granollers (mariposas, anfibios, murci\u00e9lagos y peque\u00f1os mam\u00edferos) y durante la visita se podr\u00e1n descubrir los secretos que esconden estos animales.<\/p>\n<\/li>\n<\/ul>\n<p>\u00a0<\/p>\n<p><span style=\"color: #99cc00;\">[Exposici\u00f3n] <span style=\"color: #ff0000;\"><a style=\"color: #ff0000;\" href=\"https:\/\/mcng.cat\/agenda\/el-mon-de-les-papallones\">El mundo de las mariposas<\/a><\/span><\/span><span style=\"color: #99cc00;\"><br \/><\/span><\/p>\n<ul style=\"list-style-type: square;\">\n<li>Hasta el 17 de abril<\/li>\n<li>Museu de les Ci\u00e8ncies Naturals (Granollers)<\/li>\n<li>Ni\u00f1os\/as, j\u00f3venes y adolescentes<\/li>\n<li>Gratuito<\/li>\n<li><strong>\u00bfQu\u00e9 es? <\/strong>Exposici\u00f3n de m\u00e1s de 2.500 insectos donde se muestra de una forma did\u00e1ctica todo lo que rodea a este maravilloso y desconocido mundo. Centrada en las mariposas de Catalu\u00f1a, es el resultado de m\u00e1s de 40 a\u00f1os dedicados a su estudio. Se muestra su ciclo biol\u00f3gico, clasificaci\u00f3n y cr\u00eda, diferencias entre nocturnas y diurnas, machos y hembras y el porqu\u00e9 del color en sus alas y otras curiosidades. Una muestra adicional de mariposas, ar\u00e1cnidos y otros insectos de todo el mundo completan esta exposici\u00f3n, pensada tanto por el p\u00fablico en general como para las escuelas.<strong><br \/><\/strong><\/li>\n<\/ul>\n<p>\u00a0<\/p>\n<p><span style=\"color: #99cc00;\">[Ocio] <span style=\"color: #ff0000;\">Juegos de mesa<\/span><\/span><span style=\"color: #99cc00;\"><br \/><\/span><\/p>\n<ul style=\"list-style-type: square;\">\n<li>Martes cada 15 d\u00edas de 17:30h a 19h<\/li>\n<li>Biblioteca del Fondo (Santa Coloma de Gramenet)<\/li>\n<li>De 12 a 21 a\u00f1os<\/li>\n<li>Gratuito (avisar previamente a la AFEV)<\/li>\n<li><strong><strong>\u00bfQu\u00e9 es? <\/strong><\/strong>Actividad presencial para j\u00f3venes de 12 a 21 a\u00f1os. A cargo de Reloj XXI.<\/li>\n<\/ul>\n<p>\u00a0<\/p>\n<p><span style=\"color: #99cc00;\">[Taller] <span style=\"color: #ff0000;\">Taller de inteligencia emocional<\/span><\/span><span style=\"color: #99cc00;\"><br \/><\/span><\/p>\n<ul style=\"list-style-type: square;\">\n<li>Todos los lunes de 17:30h a 18:00h<\/li>\n<li>Mas Fonollar (Santa Coloma de Gramenet)<\/li>\n<li>De 12 a 18 a\u00f1os<\/li>\n<li>Gratuito<\/li>\n<li><strong>\u00bfQu\u00e9 es? <\/strong>Espacio para bajar las revoluciones y aprender a gestionar las emociones y habilidades sociales. En colaboraci\u00f3n con el proyecto \u00ab\u00a1Emoci\u00f3nate!\u00bb.<\/li>\n<\/ul>\n<p>\u00a0<\/p>\n<p><span style=\"color: #99cc00;\">[M\u00fasica] <span style=\"color: #ff0000;\">M\u00fasica en el Buk<\/span><\/span><span style=\"color: #99cc00;\"><br \/><\/span><\/p>\n<ul style=\"list-style-type: square;\">\n<li>Todos los martes de 19h a 20h<\/li>\n<li>Mas Fonollar (Santa Coloma de Gramenet)<\/li>\n<li>De 12 a 18 a\u00f1os<\/li>\n<li>Gratuito<\/li>\n<li><strong>\u00bfQu\u00e9 es? <\/strong>Exploramos juntxs la m\u00fasica y la creatividad que llevamos dentro. Iniciaci\u00f3n a la guitarra e intercambio de conocimientos musicales.<strong><br \/><\/strong><\/li>\n<\/ul>\n","protected":false},"excerpt":{"rendered":"<p>Llega marzo y la mentoria no para!\ud83d\udeb2 Este mes os proponemos un mont\u00f3n de actividades, exposiciones, obras de teatro y talleres para realizar con tu t\u00e1ndem&#8230; \u00a1No te pierdas ni una! Adem\u00e1s, desde la AFEV defendemos siempre la perspectiva feminista en los acompa\u00f1amientos. Este a\u00f1o, y en motivo del D\u00eda Internacional de la Mujer, tambi\u00e9n &hellip; <a href=\"https:\/\/entandem.cat\/es\/recursos-es\/agenda-cultural-marc\/\">Continued<\/a><\/p>\n","protected":false},"author":1,"featured_media":9670,"comment_status":"closed","ping_status":"open","sticky":false,"template":"","format":"standard","meta":{"footnotes":""},"categories":[655,320],"tags":[510,499,485,336],"class_list":["post-9672","post","type-post","status-publish","format-standard","has-post-thumbnail","hentry","category-barcelona-es","category-recursos-es","tag-agenda-cultural-es","tag-exposicio-es-2","tag-joves-es","tag-mentoria-social-es"],"yoast_head":"<!-- This site is optimized with the Yoast SEO plugin v27.0 - https:\/\/yoast.com\/product\/yoast-seo-wordpress\/ -->\n<title>Agenda cultural - Marzo 2022 (BCN) - enT\u00e0ndem<\/title>\n<meta name=\"description\" content=\"Arriba l&#039;agenda cultural de mar\u00e7 i la mentoria no s&#039;atura!\ud83d\udeb2 Aquest mes us proposem un munt d&#039;activitats per realitzar amb el teu t\u00e0ndem...\" \/>\n<meta name=\"robots\" content=\"index, follow, max-snippet:-1, max-image-preview:large, max-video-preview:-1\" \/>\n<link rel=\"canonical\" href=\"https:\/\/entandem.cat\/es\/recursos-es\/agenda-cultural-marc\/\" \/>\n<meta property=\"og:locale\" content=\"es_ES\" \/>\n<meta property=\"og:type\" content=\"article\" \/>\n<meta property=\"og:title\" content=\"Agenda cultural - Marzo 2022 (BCN) - enT\u00e0ndem\" \/>\n<meta property=\"og:description\" content=\"Arriba l&#039;agenda cultural de mar\u00e7 i la mentoria no s&#039;atura!\ud83d\udeb2 Aquest mes us proposem un munt d&#039;activitats per realitzar amb el teu t\u00e0ndem...\" \/>\n<meta property=\"og:url\" content=\"https:\/\/entandem.cat\/es\/recursos-es\/agenda-cultural-marc\/\" \/>\n<meta property=\"og:site_name\" content=\"enT\u00e0ndem\" \/>\n<meta property=\"article:publisher\" content=\"https:\/\/www.facebook.com\/afevcat\" \/>\n<meta property=\"article:published_time\" content=\"2022-03-01T16:16:09+00:00\" \/>\n<meta property=\"article:modified_time\" content=\"2022-03-09T12:39:22+00:00\" \/>\n<meta property=\"og:image\" content=\"https:\/\/entandem.cat\/wp-content\/uploads\/2022\/03\/Agenda-Cultural-Marc-2022.png\" \/>\n\t<meta property=\"og:image:width\" content=\"1080\" \/>\n\t<meta property=\"og:image:height\" content=\"720\" \/>\n\t<meta property=\"og:image:type\" content=\"image\/png\" \/>\n<meta name=\"author\" content=\"adminTandem\" \/>\n<meta name=\"twitter:card\" content=\"summary_large_image\" \/>\n<meta name=\"twitter:creator\" content=\"@afevcat\" \/>\n<meta name=\"twitter:site\" content=\"@afevcat\" \/>\n<meta name=\"twitter:label1\" content=\"Escrito por\" \/>\n\t<meta name=\"twitter:data1\" content=\"adminTandem\" \/>\n\t<meta name=\"twitter:label2\" content=\"Tiempo de lectura\" \/>\n\t<meta name=\"twitter:data2\" content=\"11 minutos\" \/>\n<script type=\"application\/ld+json\" class=\"yoast-schema-graph\">{\"@context\":\"https:\/\/schema.org\",\"@graph\":[{\"@type\":\"Article\",\"@id\":\"https:\/\/entandem.cat\/es\/recursos-es\/agenda-cultural-marc\/#article\",\"isPartOf\":{\"@id\":\"https:\/\/entandem.cat\/es\/recursos-es\/agenda-cultural-marc\/\"},\"author\":{\"name\":\"adminTandem\",\"@id\":\"https:\/\/entandem.cat\/#\/schema\/person\/2111428ce1954193a11054a1e2b5b0da\"},\"headline\":\"Agenda cultural &#8211; Marzo 2022 (BCN)\",\"datePublished\":\"2022-03-01T16:16:09+00:00\",\"dateModified\":\"2022-03-09T12:39:22+00:00\",\"mainEntityOfPage\":{\"@id\":\"https:\/\/entandem.cat\/es\/recursos-es\/agenda-cultural-marc\/\"},\"wordCount\":2626,\"publisher\":{\"@id\":\"https:\/\/entandem.cat\/#organization\"},\"image\":{\"@id\":\"https:\/\/entandem.cat\/es\/recursos-es\/agenda-cultural-marc\/#primaryimage\"},\"thumbnailUrl\":\"https:\/\/entandem.cat\/wp-content\/uploads\/2022\/03\/Agenda-Cultural-Marc-2022.png\",\"keywords\":[\"agenda cultural\",\"exposici\u00f3\",\"joves\",\"mentoria social\"],\"articleSection\":[\"Barcelona\",\"Recursos\"],\"inLanguage\":\"es\"},{\"@type\":\"WebPage\",\"@id\":\"https:\/\/entandem.cat\/es\/recursos-es\/agenda-cultural-marc\/\",\"url\":\"https:\/\/entandem.cat\/es\/recursos-es\/agenda-cultural-marc\/\",\"name\":\"Agenda cultural - Marzo 2022 (BCN) - enT\u00e0ndem\",\"isPartOf\":{\"@id\":\"https:\/\/entandem.cat\/#website\"},\"primaryImageOfPage\":{\"@id\":\"https:\/\/entandem.cat\/es\/recursos-es\/agenda-cultural-marc\/#primaryimage\"},\"image\":{\"@id\":\"https:\/\/entandem.cat\/es\/recursos-es\/agenda-cultural-marc\/#primaryimage\"},\"thumbnailUrl\":\"https:\/\/entandem.cat\/wp-content\/uploads\/2022\/03\/Agenda-Cultural-Marc-2022.png\",\"datePublished\":\"2022-03-01T16:16:09+00:00\",\"dateModified\":\"2022-03-09T12:39:22+00:00\",\"description\":\"Arriba l'agenda cultural de mar\u00e7 i la mentoria no s'atura!\ud83d\udeb2 Aquest mes us proposem un munt d'activitats per realitzar amb el teu t\u00e0ndem...\",\"breadcrumb\":{\"@id\":\"https:\/\/entandem.cat\/es\/recursos-es\/agenda-cultural-marc\/#breadcrumb\"},\"inLanguage\":\"es\",\"potentialAction\":[{\"@type\":\"ReadAction\",\"target\":[\"https:\/\/entandem.cat\/es\/recursos-es\/agenda-cultural-marc\/\"]}]},{\"@type\":\"ImageObject\",\"inLanguage\":\"es\",\"@id\":\"https:\/\/entandem.cat\/es\/recursos-es\/agenda-cultural-marc\/#primaryimage\",\"url\":\"https:\/\/entandem.cat\/wp-content\/uploads\/2022\/03\/Agenda-Cultural-Marc-2022.png\",\"contentUrl\":\"https:\/\/entandem.cat\/wp-content\/uploads\/2022\/03\/Agenda-Cultural-Marc-2022.png\",\"width\":1080,\"height\":720},{\"@type\":\"BreadcrumbList\",\"@id\":\"https:\/\/entandem.cat\/es\/recursos-es\/agenda-cultural-marc\/#breadcrumb\",\"itemListElement\":[{\"@type\":\"ListItem\",\"position\":1,\"name\":\"Inici\",\"item\":\"https:\/\/entandem.cat\/es\/\"},{\"@type\":\"ListItem\",\"position\":2,\"name\":\"Agenda cultural &#8211; Marzo 2022 (BCN)\"}]},{\"@type\":\"WebSite\",\"@id\":\"https:\/\/entandem.cat\/#website\",\"url\":\"https:\/\/entandem.cat\/\",\"name\":\"enT\u00e0ndem\",\"description\":\"Voluntariat Social Universitari\",\"publisher\":{\"@id\":\"https:\/\/entandem.cat\/#organization\"},\"potentialAction\":[{\"@type\":\"SearchAction\",\"target\":{\"@type\":\"EntryPoint\",\"urlTemplate\":\"https:\/\/entandem.cat\/?s={search_term_string}\"},\"query-input\":{\"@type\":\"PropertyValueSpecification\",\"valueRequired\":true,\"valueName\":\"search_term_string\"}}],\"inLanguage\":\"es\"},{\"@type\":\"Organization\",\"@id\":\"https:\/\/entandem.cat\/#organization\",\"name\":\"enT\u00e0ndem\",\"url\":\"https:\/\/entandem.cat\/\",\"logo\":{\"@type\":\"ImageObject\",\"inLanguage\":\"es\",\"@id\":\"https:\/\/entandem.cat\/#\/schema\/logo\/image\/\",\"url\":\"https:\/\/entandem.cat\/wp-content\/uploads\/2016\/12\/logo-entandem.png\",\"contentUrl\":\"https:\/\/entandem.cat\/wp-content\/uploads\/2016\/12\/logo-entandem.png\",\"width\":166,\"height\":44,\"caption\":\"enT\u00e0ndem\"},\"image\":{\"@id\":\"https:\/\/entandem.cat\/#\/schema\/logo\/image\/\"},\"sameAs\":[\"https:\/\/www.facebook.com\/afevcat\",\"https:\/\/x.com\/afevcat\",\"https:\/\/www.instagram.com\/afevcat\/\"]},{\"@type\":\"Person\",\"@id\":\"https:\/\/entandem.cat\/#\/schema\/person\/2111428ce1954193a11054a1e2b5b0da\",\"name\":\"adminTandem\"}]}<\/script>\n<!-- \/ Yoast SEO plugin. -->","yoast_head_json":{"title":"Agenda cultural - Marzo 2022 (BCN) - enT\u00e0ndem","description":"Arriba l'agenda cultural de mar\u00e7 i la mentoria no s'atura!\ud83d\udeb2 Aquest mes us proposem un munt d'activitats per realitzar amb el teu t\u00e0ndem...","robots":{"index":"index","follow":"follow","max-snippet":"max-snippet:-1","max-image-preview":"max-image-preview:large","max-video-preview":"max-video-preview:-1"},"canonical":"https:\/\/entandem.cat\/es\/recursos-es\/agenda-cultural-marc\/","og_locale":"es_ES","og_type":"article","og_title":"Agenda cultural - Marzo 2022 (BCN) - enT\u00e0ndem","og_description":"Arriba l'agenda cultural de mar\u00e7 i la mentoria no s'atura!\ud83d\udeb2 Aquest mes us proposem un munt d'activitats per realitzar amb el teu t\u00e0ndem...","og_url":"https:\/\/entandem.cat\/es\/recursos-es\/agenda-cultural-marc\/","og_site_name":"enT\u00e0ndem","article_publisher":"https:\/\/www.facebook.com\/afevcat","article_published_time":"2022-03-01T16:16:09+00:00","article_modified_time":"2022-03-09T12:39:22+00:00","og_image":[{"width":1080,"height":720,"url":"https:\/\/entandem.cat\/wp-content\/uploads\/2022\/03\/Agenda-Cultural-Marc-2022.png","type":"image\/png"}],"author":"adminTandem","twitter_card":"summary_large_image","twitter_creator":"@afevcat","twitter_site":"@afevcat","twitter_misc":{"Escrito por":"adminTandem","Tiempo de lectura":"11 minutos"},"schema":{"@context":"https:\/\/schema.org","@graph":[{"@type":"Article","@id":"https:\/\/entandem.cat\/es\/recursos-es\/agenda-cultural-marc\/#article","isPartOf":{"@id":"https:\/\/entandem.cat\/es\/recursos-es\/agenda-cultural-marc\/"},"author":{"name":"adminTandem","@id":"https:\/\/entandem.cat\/#\/schema\/person\/2111428ce1954193a11054a1e2b5b0da"},"headline":"Agenda cultural &#8211; Marzo 2022 (BCN)","datePublished":"2022-03-01T16:16:09+00:00","dateModified":"2022-03-09T12:39:22+00:00","mainEntityOfPage":{"@id":"https:\/\/entandem.cat\/es\/recursos-es\/agenda-cultural-marc\/"},"wordCount":2626,"publisher":{"@id":"https:\/\/entandem.cat\/#organization"},"image":{"@id":"https:\/\/entandem.cat\/es\/recursos-es\/agenda-cultural-marc\/#primaryimage"},"thumbnailUrl":"https:\/\/entandem.cat\/wp-content\/uploads\/2022\/03\/Agenda-Cultural-Marc-2022.png","keywords":["agenda cultural","exposici\u00f3","joves","mentoria social"],"articleSection":["Barcelona","Recursos"],"inLanguage":"es"},{"@type":"WebPage","@id":"https:\/\/entandem.cat\/es\/recursos-es\/agenda-cultural-marc\/","url":"https:\/\/entandem.cat\/es\/recursos-es\/agenda-cultural-marc\/","name":"Agenda cultural - Marzo 2022 (BCN) - enT\u00e0ndem","isPartOf":{"@id":"https:\/\/entandem.cat\/#website"},"primaryImageOfPage":{"@id":"https:\/\/entandem.cat\/es\/recursos-es\/agenda-cultural-marc\/#primaryimage"},"image":{"@id":"https:\/\/entandem.cat\/es\/recursos-es\/agenda-cultural-marc\/#primaryimage"},"thumbnailUrl":"https:\/\/entandem.cat\/wp-content\/uploads\/2022\/03\/Agenda-Cultural-Marc-2022.png","datePublished":"2022-03-01T16:16:09+00:00","dateModified":"2022-03-09T12:39:22+00:00","description":"Arriba l'agenda cultural de mar\u00e7 i la mentoria no s'atura!\ud83d\udeb2 Aquest mes us proposem un munt d'activitats per realitzar amb el teu t\u00e0ndem...","breadcrumb":{"@id":"https:\/\/entandem.cat\/es\/recursos-es\/agenda-cultural-marc\/#breadcrumb"},"inLanguage":"es","potentialAction":[{"@type":"ReadAction","target":["https:\/\/entandem.cat\/es\/recursos-es\/agenda-cultural-marc\/"]}]},{"@type":"ImageObject","inLanguage":"es","@id":"https:\/\/entandem.cat\/es\/recursos-es\/agenda-cultural-marc\/#primaryimage","url":"https:\/\/entandem.cat\/wp-content\/uploads\/2022\/03\/Agenda-Cultural-Marc-2022.png","contentUrl":"https:\/\/entandem.cat\/wp-content\/uploads\/2022\/03\/Agenda-Cultural-Marc-2022.png","width":1080,"height":720},{"@type":"BreadcrumbList","@id":"https:\/\/entandem.cat\/es\/recursos-es\/agenda-cultural-marc\/#breadcrumb","itemListElement":[{"@type":"ListItem","position":1,"name":"Inici","item":"https:\/\/entandem.cat\/es\/"},{"@type":"ListItem","position":2,"name":"Agenda cultural &#8211; Marzo 2022 (BCN)"}]},{"@type":"WebSite","@id":"https:\/\/entandem.cat\/#website","url":"https:\/\/entandem.cat\/","name":"enT\u00e0ndem","description":"Voluntariat Social Universitari","publisher":{"@id":"https:\/\/entandem.cat\/#organization"},"potentialAction":[{"@type":"SearchAction","target":{"@type":"EntryPoint","urlTemplate":"https:\/\/entandem.cat\/?s={search_term_string}"},"query-input":{"@type":"PropertyValueSpecification","valueRequired":true,"valueName":"search_term_string"}}],"inLanguage":"es"},{"@type":"Organization","@id":"https:\/\/entandem.cat\/#organization","name":"enT\u00e0ndem","url":"https:\/\/entandem.cat\/","logo":{"@type":"ImageObject","inLanguage":"es","@id":"https:\/\/entandem.cat\/#\/schema\/logo\/image\/","url":"https:\/\/entandem.cat\/wp-content\/uploads\/2016\/12\/logo-entandem.png","contentUrl":"https:\/\/entandem.cat\/wp-content\/uploads\/2016\/12\/logo-entandem.png","width":166,"height":44,"caption":"enT\u00e0ndem"},"image":{"@id":"https:\/\/entandem.cat\/#\/schema\/logo\/image\/"},"sameAs":["https:\/\/www.facebook.com\/afevcat","https:\/\/x.com\/afevcat","https:\/\/www.instagram.com\/afevcat\/"]},{"@type":"Person","@id":"https:\/\/entandem.cat\/#\/schema\/person\/2111428ce1954193a11054a1e2b5b0da","name":"adminTandem"}]}},"_links":{"self":[{"href":"https:\/\/entandem.cat\/es\/wp-json\/wp\/v2\/posts\/9672","targetHints":{"allow":["GET"]}}],"collection":[{"href":"https:\/\/entandem.cat\/es\/wp-json\/wp\/v2\/posts"}],"about":[{"href":"https:\/\/entandem.cat\/es\/wp-json\/wp\/v2\/types\/post"}],"author":[{"embeddable":true,"href":"https:\/\/entandem.cat\/es\/wp-json\/wp\/v2\/users\/1"}],"replies":[{"embeddable":true,"href":"https:\/\/entandem.cat\/es\/wp-json\/wp\/v2\/comments?post=9672"}],"version-history":[{"count":6,"href":"https:\/\/entandem.cat\/es\/wp-json\/wp\/v2\/posts\/9672\/revisions"}],"predecessor-version":[{"id":9714,"href":"https:\/\/entandem.cat\/es\/wp-json\/wp\/v2\/posts\/9672\/revisions\/9714"}],"wp:featuredmedia":[{"embeddable":true,"href":"https:\/\/entandem.cat\/es\/wp-json\/wp\/v2\/media\/9670"}],"wp:attachment":[{"href":"https:\/\/entandem.cat\/es\/wp-json\/wp\/v2\/media?parent=9672"}],"wp:term":[{"taxonomy":"category","embeddable":true,"href":"https:\/\/entandem.cat\/es\/wp-json\/wp\/v2\/categories?post=9672"},{"taxonomy":"post_tag","embeddable":true,"href":"https:\/\/entandem.cat\/es\/wp-json\/wp\/v2\/tags?post=9672"}],"curies":[{"name":"wp","href":"https:\/\/api.w.org\/{rel}","templated":true}]}}