{"id":9628,"date":"2022-03-01T11:10:19","date_gmt":"2022-03-01T11:10:19","guid":{"rendered":"https:\/\/entandem.cat\/?p=9628"},"modified":"2022-03-01T12:26:00","modified_gmt":"2022-03-01T12:26:00","slug":"agenda-cultural-marzo-2022-vlc","status":"publish","type":"post","link":"https:\/\/entandem.cat\/es\/recursos-es\/agenda-cultural-marzo-2022-vlc\/","title":{"rendered":"Agenda cultural \u2013 Marzo 2022 (VLC)"},"content":{"rendered":"\n<p><b>La Filmoteca nos ofrece entradas gratis!<\/b><span style=\"font-weight: 400;\"> Pod\u00e9is encontrar la programaci\u00f3n <a href=\"https:\/\/ivc.gva.es\/es\/audiovisuales\/programacion\/valencia-la-filmoteca-cas\">en esta p\u00e1gina<\/a>. <\/span><span style=\"font-weight: 400;\">\u00a0<\/span><\/p>\n<p><span style=\"font-weight: 400;\">Si os interesa alguna sesi\u00f3n ten\u00e9is que escribir al email <\/span><a href=\"mailto:mentoria.valencia.afev@gmail.com\"><span style=\"font-weight: 400;\">mentoria.valencia.afev@gmail.com<\/span><\/a><span style=\"font-weight: 400;\"> con el d\u00eda y el horario de la pel\u00edcula para tener las entradas.<\/span><\/p>\n<p><span style=\"font-weight: 400;\">Para<\/span><b> m\u00e1s actividades organizadas por los centros de Juventud de Val\u00e8ncia, <\/b><a href=\"https:\/\/www.joventut-valencia.es\/\"><span style=\"font-weight: 400;\">consulta este enlace<\/span><\/a><\/p>\n<p><b>Las fallas desde el 26 de febrero hasta el 19 de marzo de 2022. <\/b><span style=\"font-weight: 400;\">Toda la <a href=\"https:\/\/www.valencia.es\/documents\/20142\/14170657\/Valencia_programa_fallas_2022_ValWEB.pdf\/c783a1c3-fcec-bd13-2ba0-5d440701f0fa?t=1645445580004\">programaci\u00f3n en este enlace<\/a><\/span><\/p>\n<p>\u00a0<\/p>\n<p><b><span style=\"font-weight: 400;\"><strong><span style=\"color: #99cc00;\">[Libro] <\/span><\/strong><\/span><span style=\"color: #ff0000;\"><a style=\"color: #ff0000;\" href=\"https:\/\/www.valenciabonita.es\/2022\/02\/09\/feria-del-libro-antiguo-y-de-ocasion-de-valencia-2022\/\">Feria del libro antiguo y de ocasi\u00f3n de Val\u00e8ncia<\/a><\/span><\/b><\/p>\n<ul style=\"list-style-type: square;\">\n<li dir=\"ltr\" role=\"presentation\"><span style=\"font-weight: 400;\"><strong>\u00bfD\u00f3nde?<\/strong> Gran V\u00eda del Marqu\u00e9s del T\u00faria, 46005 Val\u00e8ncia\u00a0\u00a0<\/span><\/li>\n<li dir=\"ltr\" role=\"presentation\"><span style=\"font-weight: 400;\"><strong>\u00bfCu\u00e1ndo?<\/strong> Hasta el 20 de marzo<\/span><\/li>\n<li dir=\"ltr\" role=\"presentation\"><span style=\"font-weight: 400;\"><strong>\u00bfPara qui\u00e9n?<\/strong> Todo el p\u00fablico<\/span><\/li>\n<li dir=\"ltr\" role=\"presentation\"><span style=\"font-weight: 400;\"><strong>\u00bfPrecio?<\/strong> Gratuito<\/span><\/li>\n<li dir=\"ltr\" role=\"presentation\"><span style=\"font-weight: 400;\"><strong>\u00bfQu\u00e9 es?<\/strong> Feria de libros antiguos<\/span><\/li>\n<li dir=\"ltr\" role=\"presentation\"><strong>\u00bfEnlace? <\/strong><a href=\"https:\/\/www.valenciabonita.es\/2022\/02\/09\/feria-del-libro-antiguo-y-de-ocasion-de-valencia-2022\/\"><span style=\"font-weight: 400;\">https:\/\/www.valenciabonita.es\/2022\/02\/09\/feria-del-libro-antiguo-y-de-ocasion-de-valencia-2022\/<\/span><\/a><span style=\"font-weight: 400;\">\u00a0<br \/><br \/><\/span><\/li>\n<\/ul>\n<p><b><span style=\"font-weight: 400;\"><strong><span style=\"color: #99cc00;\">[Museo] <\/span><\/strong><\/span><span style=\"color: #ff0000;\"><a style=\"color: #ff0000;\" href=\"https:\/\/au-agenda.com\/evento\/visita-en-familia-a-san-nicolas\/2022-03-26\/\">Visita al museo de la Iglesia de San Nicol\u00e1s<\/a><\/span>\u00a0<\/b><\/p>\n<ul style=\"list-style-type: square;\">\n<li dir=\"ltr\" role=\"presentation\"><span style=\"font-weight: 400;\"><strong>\u00bfD\u00f3nde?<\/strong> Carrer dels Cavallers, 35, 46001 Valencia<\/span><\/li>\n<li dir=\"ltr\" role=\"presentation\"><span style=\"font-weight: 400;\"><strong>\u00bfCu\u00e1ndo?<\/strong> Hasta el 26 de marzo los s\u00e1bados desde las 11:00 hasta las 17:00<\/span><\/li>\n<li dir=\"ltr\" role=\"presentation\"><span style=\"font-weight: 400;\"><strong>\u00bfPara qui\u00e9n?<\/strong> Todo p\u00fablico<\/span><\/li>\n<li dir=\"ltr\" role=\"presentation\"><span style=\"font-weight: 400;\"><strong>\u00bfPrecio?<\/strong> Gratuito<\/span><\/li>\n<li dir=\"ltr\" role=\"presentation\"><span style=\"font-weight: 400;\"><strong>\u00bfQu\u00e9 es?<\/strong> Visita guiada de la Parroquia-Museo de San Nicol\u00e1s. Hay que reservar por email<\/span> <a href=\"mailto:visita@sannicolasvalencia.com\"><span style=\"font-weight: 400;\">visita@sannicolasvalencia.com<\/span><\/a><span style=\"font-weight: 400;\"> o por tel\u00e9fono 609 826 464\u00a0<\/span><\/li>\n<li dir=\"ltr\" role=\"presentation\"><strong>\u00bfEnlace? <\/strong><a href=\"https:\/\/au-agenda.com\/evento\/visita-en-familia-a-san-nicolas\/2022-03-26\/\"><span style=\"font-weight: 400;\">https:\/\/au-agenda.com\/evento\/visita-en-familia-a-san-nicolas\/2022-03-26\/<\/span><\/a><span style=\"font-weight: 400;\">\u00a0<br \/><br \/><\/span><\/li>\n<\/ul>\n<p><b><span style=\"font-weight: 400;\"><strong><span style=\"color: #99cc00;\">[Concierto] <\/span><\/strong><\/span><span style=\"color: #ff0000;\"><a style=\"color: #ff0000;\" href=\"https:\/\/www.uv.es\/uvweb\/cultura\/es\/lista-actividad\/conciertos-invierno-2022-1285871673078\/Activitat.html?id=1286235006088\">Conciertos de invierno<\/a><\/span><\/b><\/p>\n<ul style=\"list-style-type: square;\">\n<li dir=\"ltr\" role=\"presentation\"><span style=\"font-weight: 400;\"><strong>\u00bfD\u00f3nde?<\/strong> Centre Cultural La Nau. Carrer de la Universitat, 2, 46003 Valencia<\/span><\/li>\n<li dir=\"ltr\" role=\"presentation\"><span style=\"font-weight: 400;\"><strong>\u00bfCu\u00e1ndo?<\/strong> Hasta el 30 de marzo<\/span><\/li>\n<li dir=\"ltr\" role=\"presentation\"><span style=\"font-weight: 400;\"><strong>\u00bfPara qui\u00e9n?<\/strong> Todo p\u00fablico<\/span><\/li>\n<li dir=\"ltr\" role=\"presentation\"><span style=\"font-weight: 400;\"><strong>\u00bfPrecio?<\/strong> Gratuito<\/span><\/li>\n<li dir=\"ltr\" role=\"presentation\"><span style=\"font-weight: 400;\"><strong>\u00bfQu\u00e9 es?<\/strong> Conciertos. Hay que reservar en: <\/span><a href=\"https:\/\/events.fundacio.es\/o\/40\"><span style=\"font-weight: 400;\">https:\/\/events.fundacio.es\/o\/40<\/span><\/a><span style=\"font-weight: 400;\"> a partir de 72 horas antes del d\u00eda del concierto<\/span><\/li>\n<li dir=\"ltr\" role=\"presentation\"><span style=\"font-weight: 400;\"><strong>\u00bfEnlace?<\/strong> <\/span><a href=\"https:\/\/www.uv.es\/uvweb\/cultura\/es\/lista-actividad\/conciertos-invierno-2022-1285871673078\/Activitat.html?id=1286235006088\"><span style=\"font-weight: 400;\">https:\/\/www.uv.es\/uvweb\/cultura\/es\/lista-actividad\/conciertos-invierno-2022-1285871673078\/Activitat.html?id=1286235006088<\/span><\/a><span style=\"font-weight: 400;\">\u00a0<br \/><br \/><\/span><\/li>\n<\/ul>\n<p><b><span style=\"font-weight: 400;\"><strong><span style=\"color: #99cc00;\">[Cuentos] <\/span><\/strong><\/span><span style=\"color: #ff0000;\"><a style=\"color: #ff0000;\" href=\"https:\/\/www.consorcimuseus.gva.es\/centro-del-carmen\/aprende\/ccccontes-3-2\/?lang=es\">CCCContes<\/a><\/span><\/b><\/p>\n<ul style=\"list-style-type: square;\">\n<li dir=\"ltr\" role=\"presentation\"><span style=\"font-weight: 400;\"><strong>\u00bfD\u00f3nde?<\/strong> CCCC Centre del Carme de Cultura Contempor\u00e1nea. Carrer del Museu, 2, 4, 46003 Valencia\u00a0<\/span><\/li>\n<li dir=\"ltr\" role=\"presentation\"><span style=\"font-weight: 400;\"><strong>\u00bfCu\u00e1ndo?<\/strong> Hasta julio. Todos los s\u00e1bados a las 18:00 y los domingos a las 12:00\u00a0<\/span><\/li>\n<li dir=\"ltr\" role=\"presentation\"><span style=\"font-weight: 400;\"><strong>\u00bfPara qui\u00e9n?<\/strong> Todo p\u00fablico<\/span><\/li>\n<li dir=\"ltr\" role=\"presentation\"><span style=\"font-weight: 400;\"><strong>\u00bfPrecio?<\/strong> Gratuito<\/span><\/li>\n<li dir=\"ltr\" role=\"presentation\"><span style=\"font-weight: 400;\"><strong>\u00bfQu\u00e9 es?<\/strong> Cuentos relacionados con los personajes que habitan en el museo.<\/span><\/li>\n<li dir=\"ltr\" role=\"presentation\"><span style=\"font-weight: 400;\"><strong>\u00bfEnlace?<\/strong> <\/span><a href=\"https:\/\/www.consorcimuseus.gva.es\/centro-del-carmen\/aprende\/ccccontes-3-2\/?lang=es\"><span style=\"font-weight: 400;\">https:\/\/www.consorcimuseus.gva.es\/centro-del-carmen\/aprende\/ccccontes-3-2\/?lang=es<\/span><\/a><span style=\"font-weight: 400;\">\u00a0<br \/><br \/><\/span><\/li>\n<\/ul>\n<p><b><span style=\"font-weight: 400;\"><strong><span style=\"color: #99cc00;\">[Museo] <\/span><\/strong><\/span><span style=\"color: #ff0000;\"><a style=\"color: #ff0000;\" href=\"https:\/\/au-agenda.com\/evento\/la-col%c2%b7leccio-dinsignies-falleres-del-museu-faller-de-valencia\/\">Visita guiada del Museu faller.<\/a><\/span><\/b><\/p>\n<ul style=\"list-style-type: square;\">\n<li dir=\"ltr\" role=\"presentation\"><span style=\"font-weight: 400;\"><strong>\u00bfD\u00f3nde?<\/strong> Museo fallero. Pla\u00e7a de Montolivet, 4, 46006 Valencia\u00a0<\/span><\/li>\n<li dir=\"ltr\" role=\"presentation\"><span style=\"font-weight: 400;\"><strong>\u00bfCu\u00e1ndo?<\/strong> El 1 de marzo a las 18:00<\/span><\/li>\n<li dir=\"ltr\" role=\"presentation\"><span style=\"font-weight: 400;\"><strong>\u00bfPara qui\u00e9n?<\/strong> Todo p\u00fablico<\/span><\/li>\n<li dir=\"ltr\" role=\"presentation\"><span style=\"font-weight: 400;\"><strong>\u00bfPrecio?<\/strong> Gratuito<\/span><\/li>\n<li dir=\"ltr\" role=\"presentation\"><span style=\"font-weight: 400;\"><strong>\u00bfQu\u00e9 es?<\/strong> Visita guiada de las insignias falleras del museo.<\/span><\/li>\n<li dir=\"ltr\" role=\"presentation\"><strong>\u00bfEnlace? <\/strong><a href=\"https:\/\/au-agenda.com\/evento\/la-col%c2%b7leccio-dinsignies-falleres-del-museu-faller-de-valencia\/\"><span style=\"font-weight: 400;\">https:\/\/au-agenda.com\/evento\/la-col%c2%b7leccio-dinsignies-falleres-del-museu-faller-de-valencia\/<\/span><\/a><br \/><br \/><\/li>\n<\/ul>\n<p><b><span style=\"font-weight: 400;\"><strong><span style=\"color: #99cc00;\">[Taller] <\/span><\/strong><\/span><span style=\"color: #ff0000;\">Cocina saludable<\/span><\/b><\/p>\n<ul style=\"list-style-type: square;\">\n<li dir=\"ltr\" role=\"presentation\"><span style=\"font-weight: 400;\"><strong>\u00bfD\u00f3nde?<\/strong> CMJ Orriols, C\/Santiago Rusi\u00f1ol, n\u00ba 3, 46019 Valencia<\/span><\/li>\n<li dir=\"ltr\" role=\"presentation\"><span style=\"font-weight: 400;\"><strong>\u00bfCu\u00e1ndo?<\/strong> los jueves 3 y 10 de marzo de 18:00 a 20:00<\/span><\/li>\n<li dir=\"ltr\" role=\"presentation\"><span style=\"font-weight: 400;\"><strong>\u00bfPara qui\u00e9n?<\/strong> J\u00f3venes a partir de 14 a\u00f1os<\/span><\/li>\n<li dir=\"ltr\" role=\"presentation\"><span style=\"font-weight: 400;\"><strong>\u00bfPrecio?<\/strong> Gratuito<\/span><\/li>\n<li dir=\"ltr\" role=\"presentation\"><span style=\"font-weight: 400;\"><strong>\u00bfQu\u00e9 es?<\/strong> Taller de cocina saludable<\/span><\/li>\n<li dir=\"ltr\" role=\"presentation\"><span style=\"font-weight: 400;\"><strong>\u00bfEnlace?<\/strong> Llamar el CMJ a este n\u00famero (96 336 98 62 para inscribirse)<br \/><br \/><\/span><\/li>\n<\/ul>\n<p><b><span style=\"font-weight: 400;\"><strong><span style=\"color: #99cc00;\">[Exposici\u00f3n]\u00a0 <\/span><\/strong><\/span><span style=\"color: #ff0000;\"><a style=\"color: #ff0000;\" href=\"https:\/\/octubre.cat\/activitat\/lindia-velada-de-joaquim-segui\/\">Exposici\u00f3n fotos. L\u2019\u00cdndia velada<\/a><\/span><\/b><\/p>\n<ul style=\"list-style-type: square;\">\n<li dir=\"ltr\" role=\"presentation\"><span style=\"font-weight: 400;\">\u00bfD\u00f3nde? <\/span><span style=\"font-weight: 400;\">Centro Octubre. Carrer de Sant Ferran 12, 46001 Valencia<\/span><\/li>\n<li dir=\"ltr\" role=\"presentation\"><span style=\"font-weight: 400;\"><strong>\u00bfCu\u00e1ndo?<\/strong> Del 4 de marzo al 14 de abril\u00a0<\/span><\/li>\n<li dir=\"ltr\" role=\"presentation\"><span style=\"font-weight: 400;\"><strong>\u00bfPara qui\u00e9n?<\/strong> Todo p\u00fablico\u00a0<\/span><\/li>\n<li dir=\"ltr\" role=\"presentation\"><span style=\"font-weight: 400;\"><strong>\u00bfPrecio?<\/strong> Gratuito<\/span><\/li>\n<li dir=\"ltr\" role=\"presentation\"><span style=\"font-weight: 400;\"><strong>\u00bfQu\u00e9 es?<\/strong> Exposici\u00f3n de fotograf\u00eda de mujeres indias<\/span><\/li>\n<li dir=\"ltr\" role=\"presentation\"><strong>\u00bfEnlace? <\/strong><a href=\"https:\/\/octubre.cat\/activitat\/lindia-velada-de-joaquim-segui\/\"><span style=\"font-weight: 400;\">https:\/\/octubre.cat\/activitat\/lindia-velada-de-joaquim-segui\/<\/span><\/a><span style=\"font-weight: 400;\">\u00a0<br \/><br \/><\/span><\/li>\n<\/ul>\n<p><b><span style=\"font-weight: 400;\"><strong><span style=\"color: #99cc00;\">[Exposici\u00f3n] <\/span><\/strong><\/span><span style=\"color: #ff0000;\"><a style=\"color: #ff0000;\" href=\"https:\/\/www.uv.es\/uvweb\/cultura\/es\/lista-actividad\/ortifurama-valencia-1285871673078\/Activitat.html?id=1286082620372\">Exposici\u00f3n de c\u00f3mic. Ortifurama<\/a><\/span><\/b><\/p>\n<ul style=\"list-style-type: square;\">\n<li dir=\"ltr\" role=\"presentation\"><span style=\"font-weight: 400;\"><strong>\u00bfD\u00f3nde?<\/strong> Centre cultural La Nau. Carrer de la Universitat 2, 46003 Valencia\u00a0<\/span><\/li>\n<li dir=\"ltr\" role=\"presentation\"><span style=\"font-weight: 400;\"><strong>\u00bfCu\u00e1ndo?<\/strong> Hasta el 24 abril, durante los horarios de apertura del centro cultural\u00a0<\/span><\/li>\n<li dir=\"ltr\" role=\"presentation\"><span style=\"font-weight: 400;\"><strong>\u00bfPara qui\u00e9n?<\/strong> Todos los p\u00fablicos<\/span><\/li>\n<li dir=\"ltr\" role=\"presentation\"><span style=\"font-weight: 400;\"><strong>\u00bfPrecio?<\/strong> Gratuito<\/span><\/li>\n<li dir=\"ltr\" role=\"presentation\"><span style=\"font-weight: 400;\"><strong>\u00bfQu\u00e9 es?<\/strong> Exposici\u00f3n de c\u00f3mic sobre la ciudad de Valencia\u00a0<\/span><\/li>\n<li dir=\"ltr\" role=\"presentation\"><strong>\u00bfEnlace? <\/strong><a href=\"https:\/\/www.uv.es\/uvweb\/cultura\/es\/lista-actividad\/ortifurama-valencia-1285871673078\/Activitat.html?id=1286082620372\"><span style=\"font-weight: 400;\">https:\/\/www.uv.es\/uvweb\/cultura\/es\/lista-actividad\/ortifurama-valencia-1285871673078\/Activitat.html?id=1286082620372<\/span><\/a><span style=\"font-weight: 400;\">\u00a0<br \/><br \/><\/span><\/li>\n<\/ul>\n<p><b><span style=\"font-weight: 400;\"><strong><span style=\"color: #99cc00;\">[Cinema] <\/span><\/strong><\/span><span style=\"color: #ff0000;\"><a style=\"color: #ff0000;\" href=\"https:\/\/ivc.gva.es\/es\/audiovisuales\/pelicula-12985\/las-estaciones\">Cinema. \u201cLas estaciones\u201d<\/a><\/span><\/b><\/p>\n<ul style=\"list-style-type: square;\">\n<li dir=\"ltr\" role=\"presentation\"><span style=\"font-weight: 400;\"><strong>\u00bfD\u00f3nde?<\/strong> Pla\u00e7a de l&#8217;Ajuntament, 17, 46002 Val\u00e8ncia, Valencia<\/span><\/li>\n<li dir=\"ltr\" role=\"presentation\"><span style=\"font-weight: 400;\"><strong>\u00bfCu\u00e1ndo?<\/strong> S\u00e1bado 5 y domingo 6 de marzo a las 18:00<\/span><\/li>\n<li dir=\"ltr\" role=\"presentation\"><span style=\"font-weight: 400;\"><strong>\u00bfPara qui\u00e9n?<\/strong> Todo p\u00fablico<\/span><\/li>\n<li dir=\"ltr\" role=\"presentation\"><span style=\"font-weight: 400;\"><strong>\u00bfPrecio?<\/strong> Ver con las referentes de barrio para tener las entradas gratuitas<\/span><\/li>\n<li dir=\"ltr\" role=\"presentation\"><span style=\"font-weight: 400;\"><strong>\u00bfQu\u00e9 es?<\/strong>\u00a0 Pel\u00edcula a trav\u00e9s del tiempo para redescubrir los paisajes europeos\u00a0<\/span><\/li>\n<li dir=\"ltr\" role=\"presentation\"><span style=\"font-weight: 400;\"><strong>\u00bfEnlace?<\/strong> <\/span><a href=\"https:\/\/ivc.gva.es\/es\/audiovisuales\/pelicula-12985\/las-estaciones\"><span style=\"font-weight: 400;\">https:\/\/ivc.gva.es\/es\/audiovisuales\/pelicula-12985\/las-estaciones<\/span><\/a><span style=\"font-weight: 400;\">\u00a0<br \/><br \/><\/span><\/li>\n<\/ul>\n<p><b><span style=\"font-weight: 400;\"><strong><span style=\"color: #99cc00;\">[Espect\u00e1culo] <\/span><\/strong><\/span><span style=\"color: #ff0000;\"><a style=\"color: #ff0000;\" href=\"https:\/\/au-agenda.com\/evento\/polvora-a-la-vespra\/\">Espect\u00e1culo de pirotecnia. P\u00f3lvora a la vespra<\/a><\/span><\/b><\/p>\n<ul style=\"list-style-type: square;\">\n<li dir=\"ltr\" role=\"presentation\"><span style=\"font-weight: 400;\"><strong>\u00bfD\u00f3nde?<\/strong> Museu Faller. Pla\u00e7a de Montolivet, 4, 46006 Valencia\u00a0\u00a0<\/span><\/li>\n<li dir=\"ltr\" role=\"presentation\"><span style=\"font-weight: 400;\"><strong>\u00bfCu\u00e1ndo?<\/strong> El 5 y el 12 de marzo a las 20:00<\/span><\/li>\n<li dir=\"ltr\" role=\"presentation\"><span style=\"font-weight: 400;\"><strong>\u00bfPara qui\u00e9n?<\/strong> Todo p\u00fablico<\/span><\/li>\n<li dir=\"ltr\" role=\"presentation\"><span style=\"font-weight: 400;\"><strong>\u00bfPrecio?<\/strong> Gratuito<\/span><\/li>\n<li dir=\"ltr\" role=\"presentation\"><span style=\"font-weight: 400;\"><strong>\u00bfQu\u00e9 es?<\/strong> Espect\u00e1culo de pirotecnia<\/span><\/li>\n<li dir=\"ltr\" role=\"presentation\"><strong>\u00bfEnlace? <\/strong><a href=\"https:\/\/au-agenda.com\/evento\/polvora-a-la-vespra\/\"><span style=\"font-weight: 400;\">https:\/\/au-agenda.com\/evento\/polvora-a-la-vespra\/<\/span><\/a><br \/><br \/><\/li>\n<\/ul>\n<p><b><span style=\"font-weight: 400;\"><strong><span style=\"color: #99cc00;\">[Concierto] <\/span><\/strong><\/span><span style=\"color: #ff0000;\"><a style=\"color: #ff0000;\" href=\"https:\/\/www.joventut-valencia.es\/evento\/728\/concierto-conmemorativo\/\">Concierto de alumnas<\/a><\/span><\/b><\/p>\n<ul style=\"list-style-type: square;\">\n<li dir=\"ltr\" role=\"presentation\"><span style=\"font-weight: 400;\"><strong>\u00bfD\u00f3nde?<\/strong> Espai Jove VLC &#8211; Edifici Joventut. Carrer de Campoamor, 91, 46022 Valencia<\/span><\/li>\n<li dir=\"ltr\" role=\"presentation\"><span style=\"font-weight: 400;\"><strong>\u00bfCu\u00e1ndo?<\/strong> El 7 de marzo a las 19:30<\/span><\/li>\n<li dir=\"ltr\" role=\"presentation\"><span style=\"font-weight: 400;\"><strong>\u00bfPara qui\u00e9n?<\/strong> Todos<\/span><\/li>\n<li dir=\"ltr\" role=\"presentation\"><span style=\"font-weight: 400;\"><strong>\u00bfPrecio?<\/strong> Gratuito<\/span><\/li>\n<li dir=\"ltr\" role=\"presentation\"><span style=\"font-weight: 400;\"><strong>\u00bfQu\u00e9 es?<\/strong> Concierto de alumnas del conservatorio profesional, exclusivamente de compositoras.\u00a0<\/span><\/li>\n<li dir=\"ltr\" role=\"presentation\"><strong>\u00bfEnlace? <\/strong><a href=\"https:\/\/www.joventut-valencia.es\/evento\/728\/concierto-conmemorativo\/\"><span style=\"font-weight: 400;\">https:\/\/www.joventut-valencia.es\/evento\/728\/concierto-conmemorativo\/<\/span><\/a><span style=\"font-weight: 400;\">\u00a0<br \/><br \/><\/span><\/li>\n<\/ul>\n<p><b><span style=\"font-weight: 400;\"><strong><span style=\"color: #99cc00;\">[Espect\u00e1culo] <\/span><\/strong><\/span><span style=\"color: #ff0000;\"><a style=\"color: #ff0000;\" href=\"https:\/\/museobellasartesvalencia.gva.es\/documents\/169021322\/169031662\/AGENDA+ACTOS+2021\/dd97ab82-4198-45b7-8af7-d28ef1248200\">Espect\u00e1culo de m\u00fasica y baile. Thin Air<\/a><\/span><\/b><\/p>\n<ul style=\"list-style-type: square;\">\n<li dir=\"ltr\" role=\"presentation\"><span style=\"font-weight: 400;\"><strong>\u00bfD\u00f3nde?<\/strong> Museu de Belles Arts de Val\u00e8ncia. Carrer de Sant Pius V, 9, 46010 Valencia<\/span><\/li>\n<li dir=\"ltr\" role=\"presentation\"><span style=\"font-weight: 400;\"><strong>\u00bfCu\u00e1ndo?<\/strong> El 9 de marzo a las 18:00\u00a0<\/span><\/li>\n<li dir=\"ltr\" role=\"presentation\"><span style=\"font-weight: 400;\"><strong>\u00bfPara qui\u00e9n?<\/strong> Todos<\/span><\/li>\n<li dir=\"ltr\" role=\"presentation\"><span style=\"font-weight: 400;\"><strong>\u00bfPrecio?<\/strong> Gratuito<\/span><\/li>\n<li dir=\"ltr\" role=\"presentation\"><span style=\"font-weight: 400;\"><strong>\u00bfQu\u00e9 es?<\/strong> Espect\u00e1culo mezclando m\u00fasica (viol\u00edn y soprano) y baile.<\/span><\/li>\n<li dir=\"ltr\" role=\"presentation\"><strong>\u00bfEnlace? <\/strong><a href=\"https:\/\/museobellasartesvalencia.gva.es\/documents\/169021322\/169031662\/AGENDA+ACTOS+2021\/dd97ab82-4198-45b7-8af7-d28ef1248200\"><span style=\"font-weight: 400;\">https:\/\/museobellasartesvalencia.gva.es\/documents\/169021322\/169031662\/AGENDA+ACTOS+2021\/dd97ab82-4198-45b7-8af7-d28ef1248200<\/span><\/a><br \/><br \/><\/li>\n<\/ul>\n<p><b><span style=\"font-weight: 400;\"><strong><span style=\"color: #99cc00;\">[Taller] <\/span><\/strong><\/span><span style=\"color: #ff0000;\"><a style=\"color: #ff0000;\" href=\"https:\/\/au-agenda.com\/evento\/art-o-gargot\/2022-03-13\/\">Talleres art\u00edsticos.\u00a0<\/a><\/span><\/b><\/p>\n<ul style=\"list-style-type: square;\">\n<li dir=\"ltr\" role=\"presentation\"><span style=\"font-weight: 400;\"><strong>\u00bfD\u00f3nde?<\/strong> Instituto Valenciano de Arte Moderno (IVAM). C\/ de Guillem de Castro, 118, 46003 Valencia<\/span><\/li>\n<li dir=\"ltr\" role=\"presentation\"><span style=\"font-weight: 400;\"><strong>\u00bfCu\u00e1ndo?<\/strong> El 13 y 27 de marzo a las 12:00<\/span><\/li>\n<li dir=\"ltr\" role=\"presentation\"><span style=\"font-weight: 400;\"><strong>\u00bfPara qui\u00e9n?<\/strong> Todo p\u00fablico<\/span><\/li>\n<li dir=\"ltr\" role=\"presentation\"><span style=\"font-weight: 400;\"><strong>\u00bfPrecio?<\/strong> Gratuito<\/span><\/li>\n<li dir=\"ltr\" role=\"presentation\"><span style=\"font-weight: 400;\"><strong>\u00bfQu\u00e9 es?<\/strong> Taller creativo. Aprender\u00e1n a animar sus dibujos mediante la t\u00e9cnica stop motion (animaci\u00f3n fotos). Tienen que inscribirse por este correo <\/span><a href=\"mailto:educacio@ivam.es\"><span style=\"font-weight: 400;\">educacio@ivam.es<\/span><\/a><span style=\"font-weight: 400;\"> porque hay aforo.\u00a0<\/span><\/li>\n<li dir=\"ltr\" role=\"presentation\"><strong>\u00bfEnlace? <\/strong><a href=\"https:\/\/au-agenda.com\/evento\/art-o-gargot\/2022-03-13\/\"><span style=\"font-weight: 400;\">https:\/\/au-agenda.com\/evento\/art-o-gargot\/2022-03-13\/<\/span><\/a><span style=\"font-weight: 400;\">\u00a0<br \/><br \/><\/span><\/li>\n<\/ul>\n<p><b><span style=\"font-weight: 400;\"><strong><span style=\"color: #99cc00;\">[Exposici\u00f3n] <\/span><\/strong><\/span><span style=\"color: #ff0000;\"><a style=\"color: #ff0000;\" href=\"https:\/\/www.ivam.es\/es\/exposiciones\/el-llibret-de-la-falla-una-oportunidad-cultural\/\">Exposici\u00f3n fotos. El llibret de falla: una oportunitat cultural<\/a><\/span><\/b><\/p>\n<ul style=\"list-style-type: square;\">\n<li dir=\"ltr\" role=\"presentation\"><strong>\u00bfD\u00f3nde? <\/strong><span style=\"font-weight: 400;\">Instituto Valenciano de Arte Moderno (IVAM). C\/ de Guillem de Castro, 118, 46003 Valencia<\/span><\/li>\n<li dir=\"ltr\" role=\"presentation\"><span style=\"font-weight: 400;\"><strong>\u00bfCu\u00e1ndo?<\/strong> Del 15 de marzo hasta el 24 de abril<\/span><\/li>\n<li dir=\"ltr\" role=\"presentation\"><span style=\"font-weight: 400;\"><strong>\u00bfPara qui\u00e9n?<\/strong> Todo p\u00fablico\u00a0<\/span><\/li>\n<li dir=\"ltr\" role=\"presentation\"><span style=\"font-weight: 400;\"><strong>\u00bfPrecio?<\/strong> Gratuito<\/span><\/li>\n<li dir=\"ltr\" role=\"presentation\"><span style=\"font-weight: 400;\"><strong>\u00bfQu\u00e9 es?<\/strong> Exposici\u00f3n sobre las fallas<\/span><\/li>\n<li dir=\"ltr\" role=\"presentation\"><span style=\"font-weight: 400;\"><strong>\u00bfEnlace?<\/strong> <\/span><a href=\"https:\/\/www.ivam.es\/es\/exposiciones\/el-llibret-de-la-falla-una-oportunidad-cultural\/\"><span style=\"font-weight: 400;\">https:\/\/www.ivam.es\/es\/exposiciones\/el-llibret-de-la-falla-una-oportunidad-cultural\/<\/span><\/a><span style=\"font-weight: 400;\">\u00a0<br \/><br \/><\/span><\/li>\n<\/ul>\n<p><b><span style=\"font-weight: 400;\"><strong><span style=\"color: #99cc00;\">[Artesania] <\/span><\/strong><\/span><span style=\"color: #ff0000;\"><a style=\"color: #ff0000;\" href=\"https:\/\/au-agenda.com\/evento\/mercat-falles-mostra-d-artesania-en-mercat-de-colon-3\/\">Mercado d\u2019artesania.<\/a><\/span><\/b><\/p>\n<ul style=\"list-style-type: square;\">\n<li dir=\"ltr\" role=\"presentation\"><span style=\"font-weight: 400;\"><strong>\u00bfD\u00f3nde?<\/strong> Mercado de Col\u00f3n. Carrer de Jorge Juan, 19, 46004 Valencia<\/span><\/li>\n<li dir=\"ltr\" role=\"presentation\"><span style=\"font-weight: 400;\"><strong>\u00bfCu\u00e1ndo?<\/strong> Del 17 al 19 de marzo desde las 11:00 hasta las 21:00<\/span><\/li>\n<li dir=\"ltr\" role=\"presentation\"><span style=\"font-weight: 400;\"><strong>\u00bfPara qui\u00e9n?<\/strong> Todo p\u00fablico<\/span><\/li>\n<li dir=\"ltr\" role=\"presentation\"><span style=\"font-weight: 400;\"><strong>\u00bfPrecio?<\/strong> Gratuito<\/span><\/li>\n<li dir=\"ltr\" role=\"presentation\"><span style=\"font-weight: 400;\"><strong>\u00bfQu\u00e9 es?<\/strong> Muestra de artesan\u00eda.<\/span><\/li>\n<li dir=\"ltr\" role=\"presentation\"><strong>\u00bfEnlace? <\/strong><a href=\"https:\/\/au-agenda.com\/evento\/mercat-falles-mostra-d-artesania-en-mercat-de-colon-3\/\"><span style=\"font-weight: 400;\">https:\/\/au-agenda.com\/evento\/mercat-falles-mostra-d-artesania-en-mercat-de-colon-3\/<\/span><\/a><span style=\"font-weight: 400;\">\u00a0<br \/><br \/><\/span><\/li>\n<\/ul>\n<p><b><span style=\"font-weight: 400;\"><strong><span style=\"color: #99cc00;\">[Taller] <\/span><\/strong><\/span><span style=\"color: #ff0000;\"><a style=\"color: #ff0000;\" href=\"https:\/\/au-agenda.com\/evento\/reinventat-el-mon-2\/\">Taller creativo. Reinventar el mundo<\/a><\/span><\/b><\/p>\n<ul style=\"list-style-type: square;\">\n<li dir=\"ltr\" role=\"presentation\"><span style=\"font-weight: 400;\"><strong>\u00bfD\u00f3nde?<\/strong> MuVIM &#8211; Museo Valenciano de la Ilustraci\u00f3n y Modernidad. Carrer de Quevedo, 10, 46001 Valencia<\/span><\/li>\n<li dir=\"ltr\" role=\"presentation\"><span style=\"font-weight: 400;\"><strong>\u00bfCu\u00e1ndo?<\/strong> El 20 de marzo desde las 11:30 hasta las 18:30\u00a0<\/span><\/li>\n<li dir=\"ltr\" role=\"presentation\"><span style=\"font-weight: 400;\"><strong>\u00bfPara qui\u00e9n?<\/strong> Todo p\u00fablico<\/span><\/li>\n<li dir=\"ltr\" role=\"presentation\"><span style=\"font-weight: 400;\"><strong>\u00bfPrecio?<\/strong> Gratuito<\/span><\/li>\n<li dir=\"ltr\" role=\"presentation\"><span style=\"font-weight: 400;\"><strong>\u00bfQu\u00e9 es?<\/strong> Taller creativo sobre reciclaje.\u00a0\u00a0<\/span><\/li>\n<li dir=\"ltr\" role=\"presentation\"><span style=\"font-weight: 400;\"><strong>\u00bfEnlace?<\/strong> <\/span><a href=\"https:\/\/au-agenda.com\/evento\/reinventat-el-mon-2\/\"><span style=\"font-weight: 400;\">https:\/\/au-agenda.com\/evento\/reinventat-el-mon-2\/<\/span><\/a><span style=\"font-weight: 400;\">\u00a0<br \/><br \/><\/span><\/li>\n<\/ul>\n<p><b><span style=\"font-weight: 400;\"><strong><span style=\"color: #99cc00;\">[Concierto] <\/span><\/strong><\/span><span style=\"color: #ff0000;\"><a style=\"color: #ff0000;\" href=\"https:\/\/au-agenda.com\/evento\/concerts-divern-botanic\/2022-03-22\/\">Conciertos de invierno\u00a0<\/a><\/span><\/b><\/p>\n<ul style=\"list-style-type: square;\">\n<li dir=\"ltr\" role=\"presentation\"><span style=\"font-weight: 400;\"><strong>\u00bfD\u00f3nde?<\/strong> Jard\u00edn Bot\u00e1nico de la Universidad de Valencia. Carrer de Quart, 80, 46008 Valencia<\/span><\/li>\n<li dir=\"ltr\" role=\"presentation\"><span style=\"font-weight: 400;\"><strong>\u00bfCu\u00e1ndo?<\/strong> El 22 de marzo a las 20:00<\/span><\/li>\n<li dir=\"ltr\" role=\"presentation\"><span style=\"font-weight: 400;\"><strong>\u00bfPara qui\u00e9n?<\/strong> Todo p\u00fablico<\/span><\/li>\n<li dir=\"ltr\" role=\"presentation\"><span style=\"font-weight: 400;\"><strong>\u00bfPrecio?<\/strong> Gratuito<\/span><\/li>\n<li dir=\"ltr\" role=\"presentation\"><span style=\"font-weight: 400;\"><strong>\u00bfQu\u00e9 es?<\/strong> Conciertos (orquesta,flauta, etc.)<\/span><\/li>\n<li dir=\"ltr\" role=\"presentation\"><strong>\u00bfEnlace? <\/strong><a href=\"https:\/\/au-agenda.com\/evento\/concerts-divern-botanic\/2022-03-22\/\"><span style=\"font-weight: 400;\">https:\/\/au-agenda.com\/evento\/concerts-divern-botanic\/2022-03-22\/<\/span><\/a><span style=\"font-weight: 400;\">\u00a0<br \/><br \/><\/span><\/li>\n<\/ul>\n<p><b><span style=\"font-weight: 400;\"><strong><span style=\"color: #99cc00;\">[Taller] <\/span><\/strong><\/span><span style=\"color: #ff0000;\"><a style=\"color: #ff0000;\" href=\"https:\/\/www.joventut-valencia.es\/evento\/709\/iniciacion-a-la-guitarra-espanola\/\">Iniciaci\u00f3n a la guitarra espa\u00f1ola<\/a><\/span><\/b><\/p>\n<ul style=\"list-style-type: square;\">\n<li dir=\"ltr\" role=\"presentation\"><span style=\"font-weight: 400;\"><strong>\u00bfD\u00f3nde?<\/strong> Centro Municipal de Juventud Orriols. Carrer de Santiago Rusi\u00f1ol, 3, 46019 Valencia<\/span><\/li>\n<li dir=\"ltr\" role=\"presentation\"><span style=\"font-weight: 400;\"><strong>\u00bfCu\u00e1ndo?<\/strong> El 23, 25 y 30 de marzo y el 1, 6 y 8 de abril desde las 18:00 hasta las 19:00\u00a0<\/span><\/li>\n<li dir=\"ltr\" role=\"presentation\"><span style=\"font-weight: 400;\"><strong>\u00bfPara qui\u00e9n?<\/strong> J\u00f3venes desde 14 a\u00f1os<\/span><\/li>\n<li dir=\"ltr\" role=\"presentation\"><span style=\"font-weight: 400;\"><strong>\u00bfPrecio?<\/strong> Gratuito<\/span><\/li>\n<li dir=\"ltr\" role=\"presentation\"><span style=\"font-weight: 400;\"><strong>\u00bfQu\u00e9 es?<\/strong> Curso para empezar a aprender a tocar la guitarra desde cero. Necesario una guitarra espa\u00f1ola e inscribirse v\u00eda el enlace.\u00a0<\/span><\/li>\n<li dir=\"ltr\" role=\"presentation\"><strong>\u00bfEnlace? <\/strong><a href=\"https:\/\/www.joventut-valencia.es\/evento\/709\/iniciacion-a-la-guitarra-espanola\/\"><span style=\"font-weight: 400;\">https:\/\/www.joventut-valencia.es\/evento\/709\/iniciacion-a-la-guitarra-espanola\/<\/span><\/a><span style=\"font-weight: 400;\">\u00a0<br \/><br \/><\/span><\/li>\n<\/ul>\n<p><b><span style=\"font-weight: 400;\"><strong><span style=\"color: #99cc00;\">[Taller] <\/span><\/strong><\/span><span style=\"color: #ff0000;\"><a style=\"color: #ff0000;\" href=\"https:\/\/www.joventut-valencia.es\/evento\/710\/danzas-urbanas-street-dance\/\">Danzas urbanas (street dance)<\/a><\/span><\/b><\/p>\n<ul style=\"list-style-type: square;\">\n<li dir=\"ltr\" role=\"presentation\"><span style=\"font-weight: 400;\"><strong>\u00bfD\u00f3nde?<\/strong> Centro de Juventud Patraix.\u00a0 C\/ Salabert., 13 , 4\u00aa planta, 46018, Valencia<\/span><\/li>\n<li dir=\"ltr\" role=\"presentation\"><span style=\"font-weight: 400;\"><strong>\u00bfCu\u00e1ndo?<\/strong> El 24 y 31 de marzo, el 7 y 28 de abril y el 5, 12 y 26 de mayo desde las 18:00 hasta las 19:30<\/span><\/li>\n<li dir=\"ltr\" role=\"presentation\"><span style=\"font-weight: 400;\"><strong>\u00bfPara qui\u00e9n?<\/strong> J\u00f3venes a partir de 12 a\u00f1os<\/span><\/li>\n<li dir=\"ltr\" role=\"presentation\"><span style=\"font-weight: 400;\"><strong>\u00bfPrecio?<\/strong> Gratuito<\/span><\/li>\n<li dir=\"ltr\" role=\"presentation\"><span style=\"font-weight: 400;\"><strong>\u00bfQu\u00e9 es?<\/strong> Taller para aprender pasos, movimientos y coreograf\u00edas de diferentes estilos de danzas urbanas.\u00a0<\/span><\/li>\n<li dir=\"ltr\" role=\"presentation\"><span style=\"font-weight: 400;\"><strong>\u00bfEnlace?<\/strong> <\/span><a href=\"https:\/\/www.joventut-valencia.es\/evento\/710\/danzas-urbanas-street-dance\/\"><span style=\"font-weight: 400;\">https:\/\/www.joventut-valencia.es\/evento\/710\/danzas-urbanas-street-dance\/<\/span><\/a><span style=\"font-weight: 400;\">\u00a0<br \/><br \/><\/span><\/li>\n<\/ul>\n<p><b><span style=\"font-weight: 400;\"><strong><span style=\"color: #99cc00;\">[Espect\u00e1culo] <\/span><\/strong><\/span><span style=\"color: #ff0000;\"><a style=\"color: #ff0000;\" href=\"https:\/\/au-agenda.com\/evento\/ensalada-de-personajas\/\">Espect\u00e1culo humor\u00edstico. Ensalada de personajes<\/a><\/span><\/b><\/p>\n<ul style=\"list-style-type: square;\">\n<li dir=\"ltr\" role=\"presentation\"><span style=\"font-weight: 400;\"><strong>\u00bfD\u00f3nde?<\/strong> Fusionart Multiespacio. Carrer de Juan Giner, 5, 46020 Valencia\u00a0<\/span><\/li>\n<li dir=\"ltr\" role=\"presentation\"><span style=\"font-weight: 400;\"><strong>\u00bfCu\u00e1ndo?<\/strong> El 26 de marzo a las 19:00\u00a0<\/span><\/li>\n<li dir=\"ltr\" role=\"presentation\"><span style=\"font-weight: 400;\"><strong>\u00bfPara qui\u00e9n?<\/strong> Adolescentes<\/span><\/li>\n<li dir=\"ltr\" role=\"presentation\"><span style=\"font-weight: 400;\"><strong>\u00bfPrecio?<\/strong> Gratuito<\/span><\/li>\n<li dir=\"ltr\" role=\"presentation\"><span style=\"font-weight: 400;\"><strong>\u00bfQu\u00e9 es?<\/strong> Espect\u00e1culo de humor. Reservas por whatsapp 657 39 11 30 (aforo)\u00a0<\/span><\/li>\n<li dir=\"ltr\" role=\"presentation\"><strong>\u00bfEnlace? <\/strong><a href=\"https:\/\/au-agenda.com\/evento\/ensalada-de-personajas\/\"><span style=\"font-weight: 400;\">https:\/\/au-agenda.com\/evento\/ensalada-de-personajas\/<\/span><\/a><span style=\"font-weight: 400;\">\u00a0<br \/><br \/><\/span><\/li>\n<\/ul>\n<p><b><span style=\"font-weight: 400;\"><strong><span style=\"color: #99cc00;\">[Taller] <\/span><\/strong><\/span><span style=\"color: #ff0000;\"><a style=\"color: #ff0000;\" href=\"https:\/\/www.joventut-valencia.es\/evento\/713\/taller-practico-de-autodefensa-frente-al-acoso-escolar\/\">Autodefensa frente al acoso escolar<\/a><\/span><\/b><\/p>\n<ul style=\"list-style-type: square;\">\n<li dir=\"ltr\" role=\"presentation\"><span style=\"font-weight: 400;\"><strong>\u00bfD\u00f3nde?<\/strong> Centre municipal de juventud de Natzaret. Carrer d&#8217;Algemess\u00ed, 3, 46024 Valencia<\/span><\/li>\n<li dir=\"ltr\" role=\"presentation\"><span style=\"font-weight: 400;\"><strong>\u00bfCu\u00e1ndo?<\/strong> El 28 y 30 de marzo y el 4 y 6 de abril desde las 18:30 hasta las 20:00\u00a0<\/span><\/li>\n<li dir=\"ltr\" role=\"presentation\"><span style=\"font-weight: 400;\"><strong>\u00bfPara qui\u00e9n?<\/strong> J\u00f3venes desde 12 a\u00f1os<\/span><\/li>\n<li dir=\"ltr\" role=\"presentation\"><span style=\"font-weight: 400;\"><strong>\u00bfPrecio?<\/strong> Gratuito<\/span><\/li>\n<li dir=\"ltr\" role=\"presentation\"><span style=\"font-weight: 400;\"><strong>\u00bfQu\u00e9 es?<\/strong> Taller para adquirir herramientas b\u00e1sicas de autodefensa f\u00edsica y mental frente al acoso escolar. <\/span><span style=\"font-weight: 400;\">Inscripci\u00f3n v\u00eda el enlace.<\/span><\/li>\n<li dir=\"ltr\" role=\"presentation\"><span style=\"font-weight: 400;\"><strong>\u00bfEnlace?<\/strong> <\/span><a href=\"https:\/\/www.joventut-valencia.es\/evento\/713\/taller-practico-de-autodefensa-frente-al-acoso-escolar\/\"><span style=\"font-weight: 400;\">https:\/\/www.joventut-valencia.es\/evento\/713\/taller-practico-de-autodefensa-frente-al-acoso-escolar\/<\/span><\/a><span style=\"font-weight: 400;\">\u00a0<br \/><br \/><\/span><\/li>\n<\/ul>\n<p><b><span style=\"font-weight: 400;\"><strong><span style=\"color: #99cc00;\">[Concierto] <\/span><\/strong><\/span><span style=\"color: #ff0000;\"><a style=\"color: #ff0000;\" href=\"https:\/\/au-agenda.com\/evento\/concerts-dhivern-rector-peset\/2022-03-29\/\">Conciertos de invierno.<\/a><\/span><\/b><\/p>\n<ul style=\"list-style-type: square;\">\n<li dir=\"ltr\" role=\"presentation\"><span style=\"font-weight: 400;\"><strong>\u00bfD\u00f3nde?<\/strong> Universidad de Valencia: Colegio Mayor Rector Peset. Pl. del Forn de Sant Nicolau, 4, 46001 Valencia\u00a0<\/span><\/li>\n<li dir=\"ltr\" role=\"presentation\"><span style=\"font-weight: 400;\"><strong>\u00bfCu\u00e1ndo?<\/strong> El 29 de marzo a las 19:00\u00a0<\/span><\/li>\n<li dir=\"ltr\" role=\"presentation\"><span style=\"font-weight: 400;\"><strong>\u00bfPara qui\u00e9n?<\/strong> Todo p\u00fablico<\/span><\/li>\n<li dir=\"ltr\" role=\"presentation\"><span style=\"font-weight: 400;\"><strong>\u00bfPrecio?<\/strong> Gratuito<\/span><\/li>\n<li dir=\"ltr\" role=\"presentation\"><span style=\"font-weight: 400;\"><strong>\u00bfQu\u00e9 es?<\/strong> Conciertos orquesta y flauta<\/span><\/li>\n<li dir=\"ltr\" role=\"presentation\"><span style=\"font-weight: 400;\"><strong>\u00bfEnlace?<\/strong> <\/span><a href=\"https:\/\/au-agenda.com\/evento\/concerts-dhivern-rector-peset\/2022-03-29\/\"><span style=\"font-weight: 400;\">https:\/\/au-agenda.com\/evento\/concerts-dhivern-rector-peset\/2022-03-29\/<\/span><\/a><span style=\"font-weight: 400;\">\u00a0<br \/><br \/><\/span><\/li>\n<\/ul>\n<p><b><span style=\"font-weight: 400;\"><strong><span style=\"color: #99cc00;\">[Espect\u00e1culo] <\/span><\/strong><\/span><span style=\"color: #ff0000;\"><a style=\"color: #ff0000;\" href=\"https:\/\/museobellasartesvalencia.gva.es\/documents\/169021322\/169031662\/AGENDA+ACTOS+2021\/dd97ab82-4198-45b7-8af7-d28ef1248200\">Espect\u00e1culo de m\u00fasica. Fernando Alfaro<\/a><\/span><\/b><\/p>\n<ul style=\"list-style-type: square;\">\n<li dir=\"ltr\" role=\"presentation\"><span style=\"font-weight: 400;\"><strong>\u00bfD\u00f3nde?<\/strong> Museu de Belles Arts de Val\u00e8ncia. Carrer de Sant Pius V, 9, 46010 Valencia<\/span><\/li>\n<li dir=\"ltr\" role=\"presentation\"><span style=\"font-weight: 400;\"><strong>\u00bfCu\u00e1ndo?<\/strong> El 30 de marzo a las 18:00\u00a0<\/span><\/li>\n<li dir=\"ltr\" role=\"presentation\"><span style=\"font-weight: 400;\"><strong>\u00bfPara qui\u00e9n?<\/strong> Todos<\/span><\/li>\n<li dir=\"ltr\" role=\"presentation\"><span style=\"font-weight: 400;\"><strong>\u00bfPrecio?<\/strong> Gratuito<\/span><\/li>\n<li dir=\"ltr\" role=\"presentation\"><span style=\"font-weight: 400;\"><strong>\u00bfQu\u00e9 es?<\/strong> Espect\u00e1culo de m\u00fasica \u201cindie nacional\u201d.\u00a0<\/span><\/li>\n<li dir=\"ltr\" role=\"presentation\"><strong>\u00bfEnlace? <\/strong><a href=\"https:\/\/museobellasartesvalencia.gva.es\/documents\/169021322\/169031662\/AGENDA+ACTOS+2021\/dd97ab82-4198-45b7-8af7-d28ef1248200\"><span style=\"font-weight: 400;\">https:\/\/museobellasartesvalencia.gva.es\/documents\/169021322\/169031662\/AGENDA+ACTOS+2021\/dd97ab82-4198-45b7-8af7-d28ef1248200<\/span><\/a><br \/><br \/><\/li>\n<\/ul>\n<p><b><span style=\"font-weight: 400;\"><strong><span style=\"color: #99cc00;\">[Cinema] <\/span><\/strong><\/span><span style=\"color: #ff0000;\"><a style=\"color: #ff0000;\" href=\"https:\/\/au-agenda.com\/evento\/lincontrolat22-cicle-de-cinema-documental-i-etnografia\/\">Cinema. Una familia colombiana<\/a><\/span><\/b><\/p>\n<ul style=\"list-style-type: square;\">\n<li dir=\"ltr\" role=\"presentation\"><span style=\"font-weight: 400;\"><strong>\u00bfD\u00f3nde?<\/strong> L&#8217;ETNO. Museu Valenci\u00e0 d&#8217;Etnologia. C\/ de la Corona, 36, 46003 Valencia\u00a0<\/span><\/li>\n<li dir=\"ltr\" role=\"presentation\"><span style=\"font-weight: 400;\"><strong>\u00bfCu\u00e1ndo?<\/strong> El 31 de marzo a las 19h30 hasta las 21:30\u00a0<\/span><\/li>\n<li dir=\"ltr\" role=\"presentation\"><span style=\"font-weight: 400;\"><strong>\u00bfPara qui\u00e9n?<\/strong> J\u00f3venes a partir de 12 a\u00f1os<\/span><\/li>\n<li dir=\"ltr\" role=\"presentation\"><span style=\"font-weight: 400;\"><strong>\u00bfPrecio?<\/strong> Gratuito<\/span><\/li>\n<li dir=\"ltr\" role=\"presentation\"><span style=\"font-weight: 400;\"><strong>\u00bfQu\u00e9 es?<\/strong> Pel\u00edcula sobre la violencia en Colombia y la lucha en contra de ella.<\/span><\/li>\n<li dir=\"ltr\" role=\"presentation\"><strong>\u00bfEnlace? <\/strong><a href=\"https:\/\/au-agenda.com\/evento\/lincontrolat22-cicle-de-cinema-documental-i-etnografia\/\"><span style=\"font-weight: 400;\">https:\/\/au-agenda.com\/evento\/lincontrolat22-cicle-de-cinema-documental-i-etnografia\/<\/span><\/a><span style=\"font-weight: 400;\">\u00a0\u00a0<br \/><br \/><\/span><\/li>\n<\/ul>\n","protected":false},"excerpt":{"rendered":"<p>La Filmoteca nos ofrece entradas gratis! Pod\u00e9is encontrar la programaci\u00f3n en esta p\u00e1gina. \u00a0 Si os interesa alguna sesi\u00f3n ten\u00e9is que escribir al email mentoria.valencia.afev@gmail.com con el d\u00eda y el horario de la pel\u00edcula para tener las entradas. Para m\u00e1s actividades organizadas por los centros de Juventud de Val\u00e8ncia, consulta este enlace Las fallas desde &hellip; <a href=\"https:\/\/entandem.cat\/es\/recursos-es\/agenda-cultural-marzo-2022-vlc\/\">Continued<\/a><\/p>\n","protected":false},"author":1,"featured_media":9633,"comment_status":"closed","ping_status":"open","sticky":false,"template":"","format":"standard","meta":{"footnotes":""},"categories":[320,657],"tags":[],"class_list":["post-9628","post","type-post","status-publish","format-standard","has-post-thumbnail","hentry","category-recursos-es","category-valencia-es"],"yoast_head":"<!-- This site is optimized with the Yoast SEO plugin v27.0 - https:\/\/yoast.com\/product\/yoast-seo-wordpress\/ -->\n<title>Agenda cultural \u2013 Marzo 2022 (VLC) - enT\u00e0ndem<\/title>\n<meta name=\"robots\" content=\"index, follow, max-snippet:-1, max-image-preview:large, max-video-preview:-1\" \/>\n<link rel=\"canonical\" href=\"https:\/\/entandem.cat\/es\/recursos-es\/agenda-cultural-marzo-2022-vlc\/\" \/>\n<meta property=\"og:locale\" content=\"es_ES\" \/>\n<meta property=\"og:type\" content=\"article\" \/>\n<meta property=\"og:title\" content=\"Agenda cultural \u2013 Marzo 2022 (VLC) - enT\u00e0ndem\" \/>\n<meta property=\"og:description\" content=\"La Filmoteca nos ofrece entradas gratis! Pod\u00e9is encontrar la programaci\u00f3n en esta p\u00e1gina. \u00a0 Si os interesa alguna sesi\u00f3n ten\u00e9is que escribir al email mentoria.valencia.afev@gmail.com con el d\u00eda y el horario de la pel\u00edcula para tener las entradas. Para m\u00e1s actividades organizadas por los centros de Juventud de Val\u00e8ncia, consulta este enlace Las fallas desde &hellip; Continued\" \/>\n<meta property=\"og:url\" content=\"https:\/\/entandem.cat\/es\/recursos-es\/agenda-cultural-marzo-2022-vlc\/\" \/>\n<meta property=\"og:site_name\" content=\"enT\u00e0ndem\" \/>\n<meta property=\"article:publisher\" content=\"https:\/\/www.facebook.com\/afevcat\" \/>\n<meta property=\"article:published_time\" content=\"2022-03-01T11:10:19+00:00\" \/>\n<meta property=\"article:modified_time\" content=\"2022-03-01T12:26:00+00:00\" \/>\n<meta property=\"og:image\" content=\"https:\/\/entandem.cat\/wp-content\/uploads\/2022\/03\/Agenda-Cultural-VLC-Marzo-2022.png\" \/>\n\t<meta property=\"og:image:width\" content=\"1080\" \/>\n\t<meta property=\"og:image:height\" content=\"800\" \/>\n\t<meta property=\"og:image:type\" content=\"image\/png\" \/>\n<meta name=\"author\" content=\"adminTandem\" \/>\n<meta name=\"twitter:card\" content=\"summary_large_image\" \/>\n<meta name=\"twitter:creator\" content=\"@afevcat\" \/>\n<meta name=\"twitter:site\" content=\"@afevcat\" \/>\n<meta name=\"twitter:label1\" content=\"Escrito por\" \/>\n\t<meta name=\"twitter:data1\" content=\"adminTandem\" \/>\n\t<meta name=\"twitter:label2\" content=\"Tiempo de lectura\" \/>\n\t<meta name=\"twitter:data2\" content=\"6 minutos\" \/>\n<script type=\"application\/ld+json\" class=\"yoast-schema-graph\">{\"@context\":\"https:\/\/schema.org\",\"@graph\":[{\"@type\":\"Article\",\"@id\":\"https:\/\/entandem.cat\/es\/recursos-es\/agenda-cultural-marzo-2022-vlc\/#article\",\"isPartOf\":{\"@id\":\"https:\/\/entandem.cat\/es\/recursos-es\/agenda-cultural-marzo-2022-vlc\/\"},\"author\":{\"name\":\"adminTandem\",\"@id\":\"https:\/\/entandem.cat\/#\/schema\/person\/2111428ce1954193a11054a1e2b5b0da\"},\"headline\":\"Agenda cultural \u2013 Marzo 2022 (VLC)\",\"datePublished\":\"2022-03-01T11:10:19+00:00\",\"dateModified\":\"2022-03-01T12:26:00+00:00\",\"mainEntityOfPage\":{\"@id\":\"https:\/\/entandem.cat\/es\/recursos-es\/agenda-cultural-marzo-2022-vlc\/\"},\"wordCount\":1496,\"publisher\":{\"@id\":\"https:\/\/entandem.cat\/#organization\"},\"image\":{\"@id\":\"https:\/\/entandem.cat\/es\/recursos-es\/agenda-cultural-marzo-2022-vlc\/#primaryimage\"},\"thumbnailUrl\":\"https:\/\/entandem.cat\/wp-content\/uploads\/2022\/03\/Agenda-Cultural-VLC-Marzo-2022.png\",\"articleSection\":[\"Recursos\",\"Valencia\"],\"inLanguage\":\"es\"},{\"@type\":\"WebPage\",\"@id\":\"https:\/\/entandem.cat\/es\/recursos-es\/agenda-cultural-marzo-2022-vlc\/\",\"url\":\"https:\/\/entandem.cat\/es\/recursos-es\/agenda-cultural-marzo-2022-vlc\/\",\"name\":\"Agenda cultural \u2013 Marzo 2022 (VLC) - enT\u00e0ndem\",\"isPartOf\":{\"@id\":\"https:\/\/entandem.cat\/#website\"},\"primaryImageOfPage\":{\"@id\":\"https:\/\/entandem.cat\/es\/recursos-es\/agenda-cultural-marzo-2022-vlc\/#primaryimage\"},\"image\":{\"@id\":\"https:\/\/entandem.cat\/es\/recursos-es\/agenda-cultural-marzo-2022-vlc\/#primaryimage\"},\"thumbnailUrl\":\"https:\/\/entandem.cat\/wp-content\/uploads\/2022\/03\/Agenda-Cultural-VLC-Marzo-2022.png\",\"datePublished\":\"2022-03-01T11:10:19+00:00\",\"dateModified\":\"2022-03-01T12:26:00+00:00\",\"breadcrumb\":{\"@id\":\"https:\/\/entandem.cat\/es\/recursos-es\/agenda-cultural-marzo-2022-vlc\/#breadcrumb\"},\"inLanguage\":\"es\",\"potentialAction\":[{\"@type\":\"ReadAction\",\"target\":[\"https:\/\/entandem.cat\/es\/recursos-es\/agenda-cultural-marzo-2022-vlc\/\"]}]},{\"@type\":\"ImageObject\",\"inLanguage\":\"es\",\"@id\":\"https:\/\/entandem.cat\/es\/recursos-es\/agenda-cultural-marzo-2022-vlc\/#primaryimage\",\"url\":\"https:\/\/entandem.cat\/wp-content\/uploads\/2022\/03\/Agenda-Cultural-VLC-Marzo-2022.png\",\"contentUrl\":\"https:\/\/entandem.cat\/wp-content\/uploads\/2022\/03\/Agenda-Cultural-VLC-Marzo-2022.png\",\"width\":1080,\"height\":800},{\"@type\":\"BreadcrumbList\",\"@id\":\"https:\/\/entandem.cat\/es\/recursos-es\/agenda-cultural-marzo-2022-vlc\/#breadcrumb\",\"itemListElement\":[{\"@type\":\"ListItem\",\"position\":1,\"name\":\"Inici\",\"item\":\"https:\/\/entandem.cat\/es\/\"},{\"@type\":\"ListItem\",\"position\":2,\"name\":\"Agenda cultural \u2013 Marzo 2022 (VLC)\"}]},{\"@type\":\"WebSite\",\"@id\":\"https:\/\/entandem.cat\/#website\",\"url\":\"https:\/\/entandem.cat\/\",\"name\":\"enT\u00e0ndem\",\"description\":\"Voluntariat Social Universitari\",\"publisher\":{\"@id\":\"https:\/\/entandem.cat\/#organization\"},\"potentialAction\":[{\"@type\":\"SearchAction\",\"target\":{\"@type\":\"EntryPoint\",\"urlTemplate\":\"https:\/\/entandem.cat\/?s={search_term_string}\"},\"query-input\":{\"@type\":\"PropertyValueSpecification\",\"valueRequired\":true,\"valueName\":\"search_term_string\"}}],\"inLanguage\":\"es\"},{\"@type\":\"Organization\",\"@id\":\"https:\/\/entandem.cat\/#organization\",\"name\":\"enT\u00e0ndem\",\"url\":\"https:\/\/entandem.cat\/\",\"logo\":{\"@type\":\"ImageObject\",\"inLanguage\":\"es\",\"@id\":\"https:\/\/entandem.cat\/#\/schema\/logo\/image\/\",\"url\":\"https:\/\/entandem.cat\/wp-content\/uploads\/2016\/12\/logo-entandem.png\",\"contentUrl\":\"https:\/\/entandem.cat\/wp-content\/uploads\/2016\/12\/logo-entandem.png\",\"width\":166,\"height\":44,\"caption\":\"enT\u00e0ndem\"},\"image\":{\"@id\":\"https:\/\/entandem.cat\/#\/schema\/logo\/image\/\"},\"sameAs\":[\"https:\/\/www.facebook.com\/afevcat\",\"https:\/\/x.com\/afevcat\",\"https:\/\/www.instagram.com\/afevcat\/\"]},{\"@type\":\"Person\",\"@id\":\"https:\/\/entandem.cat\/#\/schema\/person\/2111428ce1954193a11054a1e2b5b0da\",\"name\":\"adminTandem\"}]}<\/script>\n<!-- \/ Yoast SEO plugin. -->","yoast_head_json":{"title":"Agenda cultural \u2013 Marzo 2022 (VLC) - enT\u00e0ndem","robots":{"index":"index","follow":"follow","max-snippet":"max-snippet:-1","max-image-preview":"max-image-preview:large","max-video-preview":"max-video-preview:-1"},"canonical":"https:\/\/entandem.cat\/es\/recursos-es\/agenda-cultural-marzo-2022-vlc\/","og_locale":"es_ES","og_type":"article","og_title":"Agenda cultural \u2013 Marzo 2022 (VLC) - enT\u00e0ndem","og_description":"La Filmoteca nos ofrece entradas gratis! Pod\u00e9is encontrar la programaci\u00f3n en esta p\u00e1gina. \u00a0 Si os interesa alguna sesi\u00f3n ten\u00e9is que escribir al email mentoria.valencia.afev@gmail.com con el d\u00eda y el horario de la pel\u00edcula para tener las entradas. Para m\u00e1s actividades organizadas por los centros de Juventud de Val\u00e8ncia, consulta este enlace Las fallas desde &hellip; Continued","og_url":"https:\/\/entandem.cat\/es\/recursos-es\/agenda-cultural-marzo-2022-vlc\/","og_site_name":"enT\u00e0ndem","article_publisher":"https:\/\/www.facebook.com\/afevcat","article_published_time":"2022-03-01T11:10:19+00:00","article_modified_time":"2022-03-01T12:26:00+00:00","og_image":[{"width":1080,"height":800,"url":"https:\/\/entandem.cat\/wp-content\/uploads\/2022\/03\/Agenda-Cultural-VLC-Marzo-2022.png","type":"image\/png"}],"author":"adminTandem","twitter_card":"summary_large_image","twitter_creator":"@afevcat","twitter_site":"@afevcat","twitter_misc":{"Escrito por":"adminTandem","Tiempo de lectura":"6 minutos"},"schema":{"@context":"https:\/\/schema.org","@graph":[{"@type":"Article","@id":"https:\/\/entandem.cat\/es\/recursos-es\/agenda-cultural-marzo-2022-vlc\/#article","isPartOf":{"@id":"https:\/\/entandem.cat\/es\/recursos-es\/agenda-cultural-marzo-2022-vlc\/"},"author":{"name":"adminTandem","@id":"https:\/\/entandem.cat\/#\/schema\/person\/2111428ce1954193a11054a1e2b5b0da"},"headline":"Agenda cultural \u2013 Marzo 2022 (VLC)","datePublished":"2022-03-01T11:10:19+00:00","dateModified":"2022-03-01T12:26:00+00:00","mainEntityOfPage":{"@id":"https:\/\/entandem.cat\/es\/recursos-es\/agenda-cultural-marzo-2022-vlc\/"},"wordCount":1496,"publisher":{"@id":"https:\/\/entandem.cat\/#organization"},"image":{"@id":"https:\/\/entandem.cat\/es\/recursos-es\/agenda-cultural-marzo-2022-vlc\/#primaryimage"},"thumbnailUrl":"https:\/\/entandem.cat\/wp-content\/uploads\/2022\/03\/Agenda-Cultural-VLC-Marzo-2022.png","articleSection":["Recursos","Valencia"],"inLanguage":"es"},{"@type":"WebPage","@id":"https:\/\/entandem.cat\/es\/recursos-es\/agenda-cultural-marzo-2022-vlc\/","url":"https:\/\/entandem.cat\/es\/recursos-es\/agenda-cultural-marzo-2022-vlc\/","name":"Agenda cultural \u2013 Marzo 2022 (VLC) - enT\u00e0ndem","isPartOf":{"@id":"https:\/\/entandem.cat\/#website"},"primaryImageOfPage":{"@id":"https:\/\/entandem.cat\/es\/recursos-es\/agenda-cultural-marzo-2022-vlc\/#primaryimage"},"image":{"@id":"https:\/\/entandem.cat\/es\/recursos-es\/agenda-cultural-marzo-2022-vlc\/#primaryimage"},"thumbnailUrl":"https:\/\/entandem.cat\/wp-content\/uploads\/2022\/03\/Agenda-Cultural-VLC-Marzo-2022.png","datePublished":"2022-03-01T11:10:19+00:00","dateModified":"2022-03-01T12:26:00+00:00","breadcrumb":{"@id":"https:\/\/entandem.cat\/es\/recursos-es\/agenda-cultural-marzo-2022-vlc\/#breadcrumb"},"inLanguage":"es","potentialAction":[{"@type":"ReadAction","target":["https:\/\/entandem.cat\/es\/recursos-es\/agenda-cultural-marzo-2022-vlc\/"]}]},{"@type":"ImageObject","inLanguage":"es","@id":"https:\/\/entandem.cat\/es\/recursos-es\/agenda-cultural-marzo-2022-vlc\/#primaryimage","url":"https:\/\/entandem.cat\/wp-content\/uploads\/2022\/03\/Agenda-Cultural-VLC-Marzo-2022.png","contentUrl":"https:\/\/entandem.cat\/wp-content\/uploads\/2022\/03\/Agenda-Cultural-VLC-Marzo-2022.png","width":1080,"height":800},{"@type":"BreadcrumbList","@id":"https:\/\/entandem.cat\/es\/recursos-es\/agenda-cultural-marzo-2022-vlc\/#breadcrumb","itemListElement":[{"@type":"ListItem","position":1,"name":"Inici","item":"https:\/\/entandem.cat\/es\/"},{"@type":"ListItem","position":2,"name":"Agenda cultural \u2013 Marzo 2022 (VLC)"}]},{"@type":"WebSite","@id":"https:\/\/entandem.cat\/#website","url":"https:\/\/entandem.cat\/","name":"enT\u00e0ndem","description":"Voluntariat Social Universitari","publisher":{"@id":"https:\/\/entandem.cat\/#organization"},"potentialAction":[{"@type":"SearchAction","target":{"@type":"EntryPoint","urlTemplate":"https:\/\/entandem.cat\/?s={search_term_string}"},"query-input":{"@type":"PropertyValueSpecification","valueRequired":true,"valueName":"search_term_string"}}],"inLanguage":"es"},{"@type":"Organization","@id":"https:\/\/entandem.cat\/#organization","name":"enT\u00e0ndem","url":"https:\/\/entandem.cat\/","logo":{"@type":"ImageObject","inLanguage":"es","@id":"https:\/\/entandem.cat\/#\/schema\/logo\/image\/","url":"https:\/\/entandem.cat\/wp-content\/uploads\/2016\/12\/logo-entandem.png","contentUrl":"https:\/\/entandem.cat\/wp-content\/uploads\/2016\/12\/logo-entandem.png","width":166,"height":44,"caption":"enT\u00e0ndem"},"image":{"@id":"https:\/\/entandem.cat\/#\/schema\/logo\/image\/"},"sameAs":["https:\/\/www.facebook.com\/afevcat","https:\/\/x.com\/afevcat","https:\/\/www.instagram.com\/afevcat\/"]},{"@type":"Person","@id":"https:\/\/entandem.cat\/#\/schema\/person\/2111428ce1954193a11054a1e2b5b0da","name":"adminTandem"}]}},"_links":{"self":[{"href":"https:\/\/entandem.cat\/es\/wp-json\/wp\/v2\/posts\/9628","targetHints":{"allow":["GET"]}}],"collection":[{"href":"https:\/\/entandem.cat\/es\/wp-json\/wp\/v2\/posts"}],"about":[{"href":"https:\/\/entandem.cat\/es\/wp-json\/wp\/v2\/types\/post"}],"author":[{"embeddable":true,"href":"https:\/\/entandem.cat\/es\/wp-json\/wp\/v2\/users\/1"}],"replies":[{"embeddable":true,"href":"https:\/\/entandem.cat\/es\/wp-json\/wp\/v2\/comments?post=9628"}],"version-history":[{"count":5,"href":"https:\/\/entandem.cat\/es\/wp-json\/wp\/v2\/posts\/9628\/revisions"}],"predecessor-version":[{"id":9661,"href":"https:\/\/entandem.cat\/es\/wp-json\/wp\/v2\/posts\/9628\/revisions\/9661"}],"wp:featuredmedia":[{"embeddable":true,"href":"https:\/\/entandem.cat\/es\/wp-json\/wp\/v2\/media\/9633"}],"wp:attachment":[{"href":"https:\/\/entandem.cat\/es\/wp-json\/wp\/v2\/media?parent=9628"}],"wp:term":[{"taxonomy":"category","embeddable":true,"href":"https:\/\/entandem.cat\/es\/wp-json\/wp\/v2\/categories?post=9628"},{"taxonomy":"post_tag","embeddable":true,"href":"https:\/\/entandem.cat\/es\/wp-json\/wp\/v2\/tags?post=9628"}],"curies":[{"name":"wp","href":"https:\/\/api.w.org\/{rel}","templated":true}]}}