{"id":9564,"date":"2022-01-28T15:02:54","date_gmt":"2022-01-28T15:02:54","guid":{"rendered":"https:\/\/entandem.cat\/agenda-cultural-febrer-2022-bcn\/"},"modified":"2022-02-02T09:34:42","modified_gmt":"2022-02-02T09:34:42","slug":"agenda-cultural-febrero-2022-bcn","status":"publish","type":"post","link":"https:\/\/entandem.cat\/es\/recursos-es\/agenda-cultural-febrero-2022-bcn\/","title":{"rendered":"Agenda cultural &#8211; Febrero 2022 (BCN)"},"content":{"rendered":"\n<p>No nos hemos dado cuenta y ya hemos superado el primer mes del a\u00f1o! Parece que fue ayer cuando nos com\u00edamos el \u00faltimo trozo de turr\u00f3n de la mesa&#8230; Pero os advertimos que este febrero tambi\u00e9n pasar\u00e1 como un rayo, porque esto quiere decir que nos lo estamos pasando muy bien.<\/p>\n<p>En febrero os traemos un buen pu\u00f1ado de actividades para realizar enT\u00e0ndem! D\u00e9jate deslumbrar por el festival de la luz de Barcelona, surfea el asfalto con el skateboard y disfruta de todas las obras de teatro del Barcelona Districte Cultural.<\/p>\n<p>\u00a0<\/p>\n<p><span style=\"color: #99cc00;\">[Festival] <span style=\"color: #ff0000;\"><a style=\"color: #ff0000;\" href=\"https:\/\/www.barcelona.cat\/llumbcn\/ca\/\">Llum BCN: Festival d&#8217;Arts Lum\u00edniques<\/a><\/span><\/span><\/p>\n<ul style=\"list-style-type: square;\">\n<li>Del 4 al 6 de febrero<\/li>\n<li>Distrito de Sant Mart\u00ed<\/li>\n<li>Ni\u00f1os\/as, j\u00f3venes y adolescentes<\/li>\n<li>Gratuito<\/li>\n<li><strong>\u00bfQu\u00e9 es? <\/strong>Grandes creadores nacionales e internacionales que utilizan la luz, el movimiento, la realidad virtual o la inteligencia artificial, explorar\u00e1n nuevas formas y significados para la ciudad y ampliar\u00e1n los l\u00edmites de las percepciones, vinculando arte, ciencia, tecnolog\u00eda y sociedad. Habr\u00e1 13 instalaciones art\u00edsticas, la mayor\u00eda de artistas locales.<\/li>\n<\/ul>\n<p>\u00a0<\/p>\n<p><span style=\"color: #99cc00;\">[Exposici\u00f3n] <span style=\"color: #ff0000;\"><a style=\"color: #ff0000;\" href=\"https:\/\/www.casa.seat\/ca\/agenda\/Exposicio-Fusta-i-rodes-la-historia-del-skate.html\">Madera y ruedas: la historia del skateboard<\/a><\/span><\/span><\/p>\n<ul style=\"list-style-type: square;\">\n<li>Hasta el 26 de febrero<\/li>\n<li>Casa SEAT<\/li>\n<li>Ni\u00f1os\/as, j\u00f3venes y adolescentes<\/li>\n<li>Gratuito<\/li>\n<li><strong>\u00bfQu\u00e9 es? <\/strong>A trav\u00e9s de un recorrido hist\u00f3rico, que va desde el inicio de los monopatines en los 40 hasta la actualidad, los visitantes podr\u00e1n conocer y disfrutar de piezas \u00fanicas y estaciones tem\u00e1ticas e interactivas donde se podr\u00e1 ver, entre otros, la mesa utilizada en la grabaci\u00f3n de la pel\u00edcula Regreso al Futuro, la que dej\u00f3 Tony Hawk en su \u00faltima visita en Barcelona o la mesa y el vestuario ol\u00edmpico utilizado por Danny Le\u00f3n en Tokyo 2020. Adem\u00e1s, de una estaci\u00f3n \u00fanica como la Secci\u00f3n Freak o un boombox photocall.<strong><br \/><\/strong><\/li>\n<\/ul>\n<p>\u00a0<\/p>\n<p><span style=\"color: #99cc00;\">[Exposici\u00f3n] <span style=\"color: #ff0000;\"><a style=\"color: #ff0000;\" href=\"https:\/\/www.mhcat.cat\/exposicions\/la_memoria_d_un_pais\">La memoria de un pa\u00eds<\/a><\/span><\/span><\/p>\n<ul style=\"list-style-type: square;\">\n<li>De martes a s\u00e1bado de 10:00h a 20:00h<\/li>\n<li>Museo de Historia de Catalu\u00f1a<\/li>\n<li>Ni\u00f1os\/as, j\u00f3venes y adolescentes<\/li>\n<li>Gratuito<\/li>\n<li><strong>\u00bfQu\u00e9 es?<\/strong>La exposici\u00f3n permanente del Museo de Historia de Catalu\u00f1a \u201cLa memoria de un pa\u00eds\u201d muestra la historia milenaria de los hombres y mujeres que han vivido en las tierras que hoy conocemos con el nombre de Catalu\u00f1a. Los visitantes pueden conocer de primera mano cu\u00e1les son las ra\u00edces de nuestra historia, c\u00f3mo naci\u00f3 y c\u00f3mo se expandi\u00f3 nuestra naci\u00f3n, los periodos de prosperidad y decadencia y el devenir hasta llegar a nuestros d\u00edas. Adem\u00e1s, numerosas escenograf\u00edas y elementos interactivos permiten aproximarnos de manera l\u00fadica y participativa.<\/li>\n<\/ul>\n<p>\u00a0<\/p>\n<p><span style=\"color: #99cc00;\">[M\u00fasica] <span style=\"color: #ff0000;\"><a style=\"color: #ff0000;\" href=\"https:\/\/www.barcelona.cat\/districtecultural\/agenda\/caramelo-kilo\">Caramelo a Kilo<\/a><\/span><\/span><\/p>\n<ul style=\"list-style-type: square;\">\n<li>Viernes 25 a las 19.00 h<\/li>\n<li>Auditorio Sant Mart\u00ed<\/li>\n<li>Ni\u00f1os\/as, j\u00f3venes y adolescentes<\/li>\n<li>Gratuito<\/li>\n<li><strong>\u00bfQu\u00e9 es? <\/strong>La propuesta musical de Caramelo a Kilo contempla una dulce interacci\u00f3n cultural entre Venezuela, Colombia, Argentina y Barcelona, andando siempre de la mano de la m\u00fasica cubana. La banda, formada por las hermanas Ahylin y Ahyvin Bruno, Lucia Fumero y Mafe Ram\u00edrez, abarca estilos como el son, el bolero, el chachach\u00e1 y la salsa, aunque la mezcla de sus diferentes personalidades hace que estos g\u00e9neros se fusionen con toda naturalidad y que nos transporten a un viaje por el Caribe.<\/li>\n<\/ul>\n<p>\u00a0<\/p>\n<p><span style=\"color: #99cc00;\">[T\u00edteres y clown] <span style=\"color: #ff0000;\"><a style=\"color: #ff0000;\" href=\"https:\/\/ajuntament.barcelona.cat\/casalsdebarrihg\/cfontdenfargues\/node\/1929\">Las sirenas son calvas<\/a><\/span><\/span><\/p>\n<ul style=\"list-style-type: square;\">\n<li>Viernes 18 de febrero a las 18:00 h<\/li>\n<li>Casal de Barri Font d&#8217;en Fargues<\/li>\n<li>Ni\u00f1os\/as (a partir de 5 a\u00f1os)<\/li>\n<li>Gratuito<\/li>\n<li><strong><strong>\u00bfQu\u00e9 es? <\/strong><\/strong>Las sirenas son calvas es el viaje de dos personas adultas, inmersas en el ritmo fren\u00e9tico de la sociedad actual, a un mundo on\u00edrico a trav\u00e9s de una lavadora en busca de unos calcetines desapareados. Un espect\u00e1culo c\u00f3mico y a la vez po\u00e9tico, que reclama el derecho a imaginar y a so\u00f1ar; a no tener que ser gris por el hecho de ser adulto, a elegir en que queremos gastar nuestro tiempo y que nos recuerda que nosotros mismos tenemos las respuestas del que estamos buscando. Pero, por encima de todo&#8230; hecho con cart\u00f3n y con el coraz\u00f3n.<\/li>\n<\/ul>\n<p>\u00a0<\/p>\n<p><span style=\"color: #99cc00;\">[Teatro] <span style=\"color: #ff0000;\"><a style=\"color: #ff0000;\" href=\"https:\/\/ajuntament.barcelona.cat\/ccivics\/barodeviver\/p\/44380\/home\">HOME<\/a><\/span><\/span><\/p>\n<ul style=\"list-style-type: square;\">\n<li>Viernes 11 de febrero a las 18:00 h<\/li>\n<li>Centre C\u00edvic Bar\u00f3 de Viver<\/li>\n<li>Ni\u00f1os\/as, j\u00f3venes y adolescentes<\/li>\n<li>Gratuito<\/li>\n<li><strong><strong>\u00bfQu\u00e9 es? <\/strong><\/strong>En una casa miserable, una pareja vive su penosa rutina. Drama al servicio de la comedia. Un espect\u00e1culo trepidante, emocionante, hilarante y tambi\u00e9n\u2026 desconcertante. \u201cEn un tiempo donde ser mujer y ser fuerte tienen que ser sin\u00f3nimos, aqu\u00ed tenemos a Cristina, tratando con humor todos aquellos temas con los cuales nadie se atreve como es debido .\u201d Leandre Ribera.<\/li>\n<\/ul>\n<p>\u00a0<\/p>\n<p><span style=\"color: #99cc00;\">[M\u00fasica] <span style=\"color: #ff0000;\"><a style=\"color: #ff0000;\" href=\"https:\/\/ajuntament.barcelona.cat\/ccivics\/elbesosielmaresme\/p\/44952\/soc-jo-la-reina\">\u00abS\u00f3c jo\u00bb La Reina<\/a><\/span><br \/><\/span><\/p>\n<ul style=\"list-style-type: square;\">\n<li>Viernes 11 de febrero a las 21:00 h<\/li>\n<li>Centre C\u00edvic del Bes\u00f2s i el Maresme<\/li>\n<li>Ni\u00f1os\/as, j\u00f3venes y adolescentes<\/li>\n<li>Gratuito<\/li>\n<li><strong><strong>\u00bfQu\u00e9 es? <\/strong><\/strong>\u2018S\u00f3c jo&#8217; es una carta de presentaci\u00f3n, una manera de hacer saber al p\u00fablico qui\u00e9n es el artista que canta (La Reina). Sus letras, pero, tambi\u00e9n pueden hacer servicio a cualquier mujer para poderse expresar. El concierto-espect\u00e1culo es una manera de exponerse y mostrarse, pero tambi\u00e9n de conocerse en la intimidad. Todo ello es una manera de cantar el feminismo, de hacer surgir todos sus valores y de desacomplejar el movimiento: hacerlo accesible a los que no lo entienden, hacerlo m\u00e1s pol\u00edtico y hacerlo m\u00e1s libre.<br \/>\n<p>\u00a0<\/p>\n<\/li>\n<\/ul>\n<p><span style=\"color: #99cc00;\">[Cine] <span style=\"color: #ff0000;\"><a style=\"color: #ff0000;\" href=\"https:\/\/albareda.inscripcionscc.com\/MiramModular\/buscador\/buscador.jsp?g=1&amp;c=13&amp;a=1406\">Documental \u00abRudeboy: The Story of Trojan Records.<\/a><\/span><br \/><\/span><\/p>\n<ul style=\"list-style-type: square;\">\n<li>Jueves 10 de febrero a las 19:00 h<\/li>\n<li>Centre Cultural Albareda.<\/li>\n<li>J\u00f3venes y adolescentes<\/li>\n<li>Gratuito<\/li>\n<li><strong>\u00bfQu\u00e9 es? <\/strong>Rudeboy narra la historia del sello m\u00e1s famoso de m\u00fasica jamaicana y el idilio de j\u00f3venes brit\u00e1nicos de clase obrera con los ritmos surgidos en los guetos de Kingston.<br \/>\n<p>\u00a0<\/p>\n<\/li>\n<\/ul>\n<p><span style=\"color: #99cc00;\">[Festival de cine] <span style=\"color: #ff0000;\"><a style=\"color: #ff0000;\" href=\"https:\/\/cotxeres-casinet.org\/activitats\/bcn-sports-film-2022\/\">BCN Sports Film 2022<\/a><\/span><br \/><\/span><\/p>\n<ul style=\"list-style-type: square;\">\n<li>Martes 15 de febrero y mi\u00e9rcoles 16 a las 19 h<\/li>\n<li>Auditori de Cotxeres de Sants.<\/li>\n<li>Ni\u00f1os\/as, j\u00f3venes y adolescentes<\/li>\n<li>Gratuito<\/li>\n<li><strong>\u00bfQu\u00e9 e<\/strong><strong>s? <\/strong>Proyecciones de cortometrajes. D\u00eda 15: El DEPORTE NO TIENE G\u00c9NERO En el deporte a veces aparecen prejuicios, deseos frustrados y estereotipos sociales que crean obst\u00e1culos para los protagonistas. Aprender a superarlos es una cuesti\u00f3n de actitud y uno de los grandes retos del deporte.\n<p>D\u00eda 16: DEPORTES OUTDOOR: Para los protagonistas de estos documentales la vida es una aventura. Nos uniremos a ellos para vivir el deporte m\u00e1s extremo y como se desaf\u00edan en s\u00ed mismos. Una dosis de adrenalina, libertad, retos y riesgos en deportes al aire libre de la mano de deportistas con un gran compromiso con la naturaleza y el medio ambiente.<\/p>\n<\/li>\n<\/ul>\n<p>\u00a0<\/p>\n<p><span style=\"color: #99cc00;\">[Teatro] <span style=\"color: #ff0000;\"><a style=\"color: #ff0000;\" href=\"https:\/\/cotxeres-casinet.org\/activitats\/la-volta-al-mon-en-80-ties\/\">La vuelta al mundo en 80 t\u00edas<\/a><\/span><br \/><\/span><\/p>\n<ul style=\"list-style-type: square;\">\n<li>Martes 15 de febrero y mi\u00e9rcoles 16 a les 19 h<\/li>\n<li>Auditori de Cotxeres de Sants.<\/li>\n<li>Ni\u00f1os\/as, j\u00f3venes y adolescentes<\/li>\n<li>Gratuito<\/li>\n<li><strong><strong>\u00bfQu\u00e9 es? <\/strong><\/strong>Un viaje teatral y musical a trav\u00e9s de la narraci\u00f3n, la performance, las canciones, la imagen y la danza en el que descubriremos a 80 \u201ct\u00edas\u201d, a menudo silenciadas. Un recorrido a partir del talento femenino a lo largo de la historia. Viajaremos a trav\u00e9s de la historia y a lo largo de los cinco continentes para conocer el testigo vital de estas \u201ct\u00edas\u201d fundamentales y veremos como nos resuena hoy en d\u00eda el que hicieron y sobre todo el que fueron.\n<p>Una actriz que tambi\u00e9n canta y una pianista que la acompa\u00f1a nos gu\u00edan en este recorrido emotivo, combativo pero tambi\u00e9n divulgativo y divertido.<\/p>\n<\/li>\n<\/ul>\n<p>\u00a0<\/p>\n<p><span style=\"color: #99cc00;\">[M\u00fasica] <span style=\"color: #ff0000;\"><a style=\"color: #ff0000;\" href=\"https:\/\/cotxeresborrell.net\/programacio-cultural\/rutes-musicals\/valeria-castro-24-2\/\">Valeria Castro<\/a><\/span><br \/><\/span><\/p>\n<ul style=\"list-style-type: square;\">\n<li>Jueves 24 de febrero del 2022 a las 19 h<\/li>\n<li>Cotxeres Borrell.<\/li>\n<li>Ni\u00f1os\/as, j\u00f3venes y adolescentes<\/li>\n<li>Gratuito<\/li>\n<li><strong><strong>\u00bfQu\u00e9 es? <\/strong><\/strong>Valeria Castro, joven natural de Palma, es una de las promesas femeninas que descubrimos el 2020. D\u00e1ndose a conocer en redes sociales con un perfil autogestionado de versiones en ac\u00fastico, poco a poco fue creciendo y dejando ver su talento como cantautora. Warner Music Spain lanz\u00f3 un proyecto en homenaje a las canciones que marcaron los 90 y 2000 en Espa\u00f1a.<br \/>\n<p>\u00a0<\/p>\n<\/li>\n<\/ul>\n<p><span style=\"color: #99cc00;\">[Festival] <span style=\"color: #ff0000;\"><a style=\"color: #ff0000;\" href=\"https:\/\/www.barcelona.cat\/districtecultural\/\">Barcelona Districte Cultural<\/a><a style=\"color: #ff0000;\" href=\"https:\/\/albareda.inscripcionscc.com\/MiramModular\/buscador\/buscador.jsp?g=1&amp;c=13&amp;a=1406\">.<\/a><\/span><br \/><\/span><\/p>\n<ul style=\"list-style-type: square;\">\n<li>De febrero a abril<\/li>\n<li>En los diferentes centros c\u00edvicos de la ciudad.<\/li>\n<li>Ni\u00f1os\/as, j\u00f3venes y adolescentes<\/li>\n<li>Gratuito<\/li>\n<li><strong><strong>\u00bfQu\u00e9 es? <\/strong><\/strong>Es un circuito estable de espect\u00e1culos profesionales que busca tanto acercar la cultura a los ciudadanos como los ciudadanos a la cultura, con el prop\u00f3sito de convertirlos en agentes culturales activos.<strong><strong><br \/><\/strong><\/strong><\/li>\n<\/ul>\n<p>\u00a0<\/p>\n<p><span style=\"color: #99cc00;\">[Exposici\u00f3n] <\/span><span style=\"color: #ff0000;\"><a style=\"color: #ff0000;\" href=\"https:\/\/ajuntament.barcelona.cat\/ccivics\/barodeviver\/p\/44388\" target=\"_blank\" rel=\"noopener\">Donde van los residuos<\/a><\/span><span style=\"color: #99cc00;\"><br \/><\/span><\/p>\n<ul style=\"list-style-type: square;\">\n<li>Hasta el 1 de marzo<\/li>\n<li>Centre C\u00edvic Bar\u00f3 de Viver<\/li>\n<li>Ni\u00f1os\/as, j\u00f3venes y adolescentes<\/li>\n<li>Gratuito<\/li>\n<li><strong>\u00bfQu\u00e9 es?<\/strong>\u00bfD\u00f3nde van los residuos que generamos? La exposici\u00f3n producida con criterios ambientales por el \u00e1rea de Ecolog\u00eda, Urbanismo y Movilidad del Ayuntamiento de Barcelona, muestra de forma visual e interactiva, como se gestionan y cu\u00e1l es el recorrido que emprenden ocho categor\u00edas de residuos que generamos en nuestra vida, hasta su destino final.<strong><br \/><\/strong><\/li>\n<\/ul>\n<p>\u00a0<\/p>\n<p><span style=\"color: #99cc00;\">[Exposici\u00f3n] <\/span><span style=\"color: #ff0000;\"><a style=\"color: #ff0000;\" href=\"https:\/\/farinera.org\/agenda\/jo-insubmisa\/\">Yo insumisa<\/a><\/span><span style=\"color: #99cc00;\"><br \/><\/span><\/p>\n<ul style=\"list-style-type: square;\">\n<li>Hasta el 26 de febrero<\/li>\n<li>Centre Cultural La Farinera del Clot<\/li>\n<li>J\u00f3venes y adolescentes<\/li>\n<li>Gratuito<\/li>\n<li><strong>\u00bfQu\u00e9 es? <\/strong>Yo soy insumisa es una muestra p\u00f3stuma de la obra de Pili Arroyo, un mujer feminista y luchadora que vivi\u00f3 en la Barcelona de los 90 y que tuvo una vida llena de luces y tambi\u00e9n grandes sombras. Es este un homenaje en su vida y expresi\u00f3n art\u00edstica en este 50 cumplea\u00f1os de su nacimiento, y cuando tambi\u00e9n hace 20 a\u00f1os de su desaparici\u00f3n.<strong><br \/><\/strong><\/li>\n<\/ul>\n<p>\u00a0<\/p>\n<p><span style=\"color: #99cc00;\">[Cultura Popular] <span style=\"color: #ff0000;\"><a style=\"color: #ff0000;\" href=\"https:\/\/ajuntament.barcelona.cat\/santandreu\/centre-cultura-popular\/ca\/el-centre\" target=\"_blank\" rel=\"noopener\">Bastoneamos en Can Galta, Ball de Bastons<\/a><\/span><\/span><span style=\"color: #99cc00;\"><br \/><\/span><\/p>\n<ul style=\"list-style-type: square;\">\n<li>Todos los jueves de 18 h a 19 h<\/li>\n<li>Can Galta, Centre Municipal de Cultura Popular de Sant Andreu<\/li>\n<li>Ni\u00f1os\/as, j\u00f3venes y adolescentes.<\/li>\n<li>Gratuito<\/li>\n<li><strong>\u00bfQu\u00e9 es? <\/strong>Punto de encuentro para aprender a bailar esta danza tan representativa de la cultura popular catalana.<strong><br \/><\/strong><\/li>\n<\/ul>\n<p>\u00a0<\/p>\n<p><span style=\"color: #99cc00;\">[Cultura Popular] <span style=\"color: #ff0000;\">R\u00faa de Carnaval en Zona Nord<\/span><\/span><span style=\"color: #99cc00;\"><br \/><\/span><\/p>\n<ul style=\"list-style-type: square;\">\n<li>Viernes 25 de febrero a las 17:30<\/li>\n<li>Inicio en la Pl. Roja y final en el Parc de l&#8217;Aq\u00fceducte<\/li>\n<li>Ni\u00f1os\/as, j\u00f3venes y adolescentes<\/li>\n<li>Gratuito<\/li>\n<li><strong>\u00bfQu\u00e9 es? <\/strong>Participaci\u00f3n libre y gratuita, puedes venir disfrazado\/da de lo que quieras.<strong><br \/><\/strong><\/li>\n<\/ul>\n<p>\u00a0<\/p>\n<p><span style=\"color: #99cc00;\">[Taller de teatro] <span style=\"color: #ff0000;\"><a style=\"color: #ff0000;\" href=\"https:\/\/www.salafenix.com\/teen-friday-2\/\" target=\"_blank\" rel=\"noopener\">TeenFriday<\/a><\/span><\/span><span style=\"color: #99cc00;\"><br \/><\/span><\/p>\n<ul style=\"list-style-type: square;\">\n<li>Un viernes al mes (m\u00e1s informaci\u00f3n en este <span style=\"color: #ff0000;\"><a style=\"color: #ff0000;\" href=\"https:\/\/www.salafenix.com\/teen-friday-2\/\" target=\"_blank\" rel=\"noopener\">enlace<\/a><\/span>)<\/li>\n<li>Sala F\u00e8nix<\/li>\n<li>J\u00f3venes y adolescentes (de 14 a 18 a\u00f1os)<\/li>\n<li>Gratuito para j\u00f3venes de 14 a 18 a\u00f1os<\/li>\n<li><strong>\u00bfQu\u00e9 es? <\/strong>Cada mes se llevar\u00e1 a cabo 1 encuentro durante 1 viernes por la tarde de puertas abiertas y talleres. En estos encuentros pretendemos abrir las puertas de la Sala F\u00e8nix para que los j\u00f3venes se familiaricen con nuestro espacio, explic\u00e1ndoles el tipo de teatro que producimos y programamos (m\u00e1scaras, objetos, sombras, t\u00edteres \u2026). Se organizar\u00e1n peque\u00f1os talleres pr\u00e1cticos de teatro con el director Felipe Cabezas o con los artistas que est\u00e1n programados en la Sala F\u00e8nix.<br \/>\n<p>\u00a0<\/p>\n<\/li>\n<\/ul>\n","protected":false},"excerpt":{"rendered":"<p>No nos hemos dado cuenta y ya hemos superado el primer mes del a\u00f1o! Parece que fue ayer cuando nos com\u00edamos el \u00faltimo trozo de turr\u00f3n de la mesa&#8230; Pero os advertimos que este febrero tambi\u00e9n pasar\u00e1 como un rayo, porque esto quiere decir que nos lo estamos pasando muy bien. En febrero os traemos &hellip; <a href=\"https:\/\/entandem.cat\/es\/recursos-es\/agenda-cultural-febrero-2022-bcn\/\">Continued<\/a><\/p>\n","protected":false},"author":1,"featured_media":9566,"comment_status":"closed","ping_status":"open","sticky":false,"template":"","format":"standard","meta":{"footnotes":""},"categories":[655,320],"tags":[510,499,485,336,578],"class_list":["post-9564","post","type-post","status-publish","format-standard","has-post-thumbnail","hentry","category-barcelona-es","category-recursos-es","tag-agenda-cultural-es","tag-exposicio-es-2","tag-joves-es","tag-mentoria-social-es","tag-teatre-es"],"yoast_head":"<!-- This site is optimized with the Yoast SEO plugin v27.0 - https:\/\/yoast.com\/product\/yoast-seo-wordpress\/ -->\n<title>Agenda cultural - Febrero 2022 (BCN) - enT\u00e0ndem<\/title>\n<meta name=\"description\" content=\"Con la agenda cultural de febrero os traemos un buen pu\u00f1ado de actividades para realizar enT\u00e0ndem, como el festival de la luz de Barcelona.\" \/>\n<meta name=\"robots\" content=\"index, follow, max-snippet:-1, max-image-preview:large, max-video-preview:-1\" \/>\n<link rel=\"canonical\" href=\"https:\/\/entandem.cat\/es\/recursos-es\/agenda-cultural-febrero-2022-bcn\/\" \/>\n<meta property=\"og:locale\" content=\"es_ES\" \/>\n<meta property=\"og:type\" content=\"article\" \/>\n<meta property=\"og:title\" content=\"Agenda cultural - Febrero 2022 (BCN) - enT\u00e0ndem\" \/>\n<meta property=\"og:description\" content=\"Con la agenda cultural de febrero os traemos un buen pu\u00f1ado de actividades para realizar enT\u00e0ndem, como el festival de la luz de Barcelona.\" \/>\n<meta property=\"og:url\" content=\"https:\/\/entandem.cat\/es\/recursos-es\/agenda-cultural-febrero-2022-bcn\/\" \/>\n<meta property=\"og:site_name\" content=\"enT\u00e0ndem\" \/>\n<meta property=\"article:publisher\" content=\"https:\/\/www.facebook.com\/afevcat\" \/>\n<meta property=\"article:published_time\" content=\"2022-01-28T15:02:54+00:00\" \/>\n<meta property=\"article:modified_time\" content=\"2022-02-02T09:34:42+00:00\" \/>\n<meta property=\"og:image\" content=\"https:\/\/entandem.cat\/wp-content\/uploads\/2022\/01\/Agenda-Cultural-febrero-2022.png\" \/>\n\t<meta property=\"og:image:width\" content=\"1200\" \/>\n\t<meta property=\"og:image:height\" content=\"800\" \/>\n\t<meta property=\"og:image:type\" content=\"image\/png\" \/>\n<meta name=\"author\" content=\"adminTandem\" \/>\n<meta name=\"twitter:card\" content=\"summary_large_image\" \/>\n<meta name=\"twitter:creator\" content=\"@afevcat\" \/>\n<meta name=\"twitter:site\" content=\"@afevcat\" \/>\n<meta name=\"twitter:label1\" content=\"Escrito por\" \/>\n\t<meta name=\"twitter:data1\" content=\"adminTandem\" \/>\n\t<meta name=\"twitter:label2\" content=\"Tiempo de lectura\" \/>\n\t<meta name=\"twitter:data2\" content=\"8 minutos\" \/>\n<script type=\"application\/ld+json\" class=\"yoast-schema-graph\">{\"@context\":\"https:\/\/schema.org\",\"@graph\":[{\"@type\":\"Article\",\"@id\":\"https:\/\/entandem.cat\/es\/recursos-es\/agenda-cultural-febrero-2022-bcn\/#article\",\"isPartOf\":{\"@id\":\"https:\/\/entandem.cat\/es\/recursos-es\/agenda-cultural-febrero-2022-bcn\/\"},\"author\":{\"name\":\"adminTandem\",\"@id\":\"https:\/\/entandem.cat\/#\/schema\/person\/2111428ce1954193a11054a1e2b5b0da\"},\"headline\":\"Agenda cultural &#8211; Febrero 2022 (BCN)\",\"datePublished\":\"2022-01-28T15:02:54+00:00\",\"dateModified\":\"2022-02-02T09:34:42+00:00\",\"mainEntityOfPage\":{\"@id\":\"https:\/\/entandem.cat\/es\/recursos-es\/agenda-cultural-febrero-2022-bcn\/\"},\"wordCount\":1780,\"publisher\":{\"@id\":\"https:\/\/entandem.cat\/#organization\"},\"image\":{\"@id\":\"https:\/\/entandem.cat\/es\/recursos-es\/agenda-cultural-febrero-2022-bcn\/#primaryimage\"},\"thumbnailUrl\":\"https:\/\/entandem.cat\/wp-content\/uploads\/2022\/01\/Agenda-Cultural-febrero-2022.png\",\"keywords\":[\"agenda cultural\",\"exposici\u00f3\",\"joves\",\"mentoria social\",\"teatre\"],\"articleSection\":[\"Barcelona\",\"Recursos\"],\"inLanguage\":\"es\"},{\"@type\":\"WebPage\",\"@id\":\"https:\/\/entandem.cat\/es\/recursos-es\/agenda-cultural-febrero-2022-bcn\/\",\"url\":\"https:\/\/entandem.cat\/es\/recursos-es\/agenda-cultural-febrero-2022-bcn\/\",\"name\":\"Agenda cultural - Febrero 2022 (BCN) - enT\u00e0ndem\",\"isPartOf\":{\"@id\":\"https:\/\/entandem.cat\/#website\"},\"primaryImageOfPage\":{\"@id\":\"https:\/\/entandem.cat\/es\/recursos-es\/agenda-cultural-febrero-2022-bcn\/#primaryimage\"},\"image\":{\"@id\":\"https:\/\/entandem.cat\/es\/recursos-es\/agenda-cultural-febrero-2022-bcn\/#primaryimage\"},\"thumbnailUrl\":\"https:\/\/entandem.cat\/wp-content\/uploads\/2022\/01\/Agenda-Cultural-febrero-2022.png\",\"datePublished\":\"2022-01-28T15:02:54+00:00\",\"dateModified\":\"2022-02-02T09:34:42+00:00\",\"description\":\"Con la agenda cultural de febrero os traemos un buen pu\u00f1ado de actividades para realizar enT\u00e0ndem, como el festival de la luz de Barcelona.\",\"breadcrumb\":{\"@id\":\"https:\/\/entandem.cat\/es\/recursos-es\/agenda-cultural-febrero-2022-bcn\/#breadcrumb\"},\"inLanguage\":\"es\",\"potentialAction\":[{\"@type\":\"ReadAction\",\"target\":[\"https:\/\/entandem.cat\/es\/recursos-es\/agenda-cultural-febrero-2022-bcn\/\"]}]},{\"@type\":\"ImageObject\",\"inLanguage\":\"es\",\"@id\":\"https:\/\/entandem.cat\/es\/recursos-es\/agenda-cultural-febrero-2022-bcn\/#primaryimage\",\"url\":\"https:\/\/entandem.cat\/wp-content\/uploads\/2022\/01\/Agenda-Cultural-febrero-2022.png\",\"contentUrl\":\"https:\/\/entandem.cat\/wp-content\/uploads\/2022\/01\/Agenda-Cultural-febrero-2022.png\",\"width\":1200,\"height\":800},{\"@type\":\"BreadcrumbList\",\"@id\":\"https:\/\/entandem.cat\/es\/recursos-es\/agenda-cultural-febrero-2022-bcn\/#breadcrumb\",\"itemListElement\":[{\"@type\":\"ListItem\",\"position\":1,\"name\":\"Inici\",\"item\":\"https:\/\/entandem.cat\/es\/\"},{\"@type\":\"ListItem\",\"position\":2,\"name\":\"Agenda cultural &#8211; Febrero 2022 (BCN)\"}]},{\"@type\":\"WebSite\",\"@id\":\"https:\/\/entandem.cat\/#website\",\"url\":\"https:\/\/entandem.cat\/\",\"name\":\"enT\u00e0ndem\",\"description\":\"Voluntariat Social Universitari\",\"publisher\":{\"@id\":\"https:\/\/entandem.cat\/#organization\"},\"potentialAction\":[{\"@type\":\"SearchAction\",\"target\":{\"@type\":\"EntryPoint\",\"urlTemplate\":\"https:\/\/entandem.cat\/?s={search_term_string}\"},\"query-input\":{\"@type\":\"PropertyValueSpecification\",\"valueRequired\":true,\"valueName\":\"search_term_string\"}}],\"inLanguage\":\"es\"},{\"@type\":\"Organization\",\"@id\":\"https:\/\/entandem.cat\/#organization\",\"name\":\"enT\u00e0ndem\",\"url\":\"https:\/\/entandem.cat\/\",\"logo\":{\"@type\":\"ImageObject\",\"inLanguage\":\"es\",\"@id\":\"https:\/\/entandem.cat\/#\/schema\/logo\/image\/\",\"url\":\"https:\/\/entandem.cat\/wp-content\/uploads\/2016\/12\/logo-entandem.png\",\"contentUrl\":\"https:\/\/entandem.cat\/wp-content\/uploads\/2016\/12\/logo-entandem.png\",\"width\":166,\"height\":44,\"caption\":\"enT\u00e0ndem\"},\"image\":{\"@id\":\"https:\/\/entandem.cat\/#\/schema\/logo\/image\/\"},\"sameAs\":[\"https:\/\/www.facebook.com\/afevcat\",\"https:\/\/x.com\/afevcat\",\"https:\/\/www.instagram.com\/afevcat\/\"]},{\"@type\":\"Person\",\"@id\":\"https:\/\/entandem.cat\/#\/schema\/person\/2111428ce1954193a11054a1e2b5b0da\",\"name\":\"adminTandem\"}]}<\/script>\n<!-- \/ Yoast SEO plugin. -->","yoast_head_json":{"title":"Agenda cultural - Febrero 2022 (BCN) - enT\u00e0ndem","description":"Con la agenda cultural de febrero os traemos un buen pu\u00f1ado de actividades para realizar enT\u00e0ndem, como el festival de la luz de Barcelona.","robots":{"index":"index","follow":"follow","max-snippet":"max-snippet:-1","max-image-preview":"max-image-preview:large","max-video-preview":"max-video-preview:-1"},"canonical":"https:\/\/entandem.cat\/es\/recursos-es\/agenda-cultural-febrero-2022-bcn\/","og_locale":"es_ES","og_type":"article","og_title":"Agenda cultural - Febrero 2022 (BCN) - enT\u00e0ndem","og_description":"Con la agenda cultural de febrero os traemos un buen pu\u00f1ado de actividades para realizar enT\u00e0ndem, como el festival de la luz de Barcelona.","og_url":"https:\/\/entandem.cat\/es\/recursos-es\/agenda-cultural-febrero-2022-bcn\/","og_site_name":"enT\u00e0ndem","article_publisher":"https:\/\/www.facebook.com\/afevcat","article_published_time":"2022-01-28T15:02:54+00:00","article_modified_time":"2022-02-02T09:34:42+00:00","og_image":[{"width":1200,"height":800,"url":"https:\/\/entandem.cat\/wp-content\/uploads\/2022\/01\/Agenda-Cultural-febrero-2022.png","type":"image\/png"}],"author":"adminTandem","twitter_card":"summary_large_image","twitter_creator":"@afevcat","twitter_site":"@afevcat","twitter_misc":{"Escrito por":"adminTandem","Tiempo de lectura":"8 minutos"},"schema":{"@context":"https:\/\/schema.org","@graph":[{"@type":"Article","@id":"https:\/\/entandem.cat\/es\/recursos-es\/agenda-cultural-febrero-2022-bcn\/#article","isPartOf":{"@id":"https:\/\/entandem.cat\/es\/recursos-es\/agenda-cultural-febrero-2022-bcn\/"},"author":{"name":"adminTandem","@id":"https:\/\/entandem.cat\/#\/schema\/person\/2111428ce1954193a11054a1e2b5b0da"},"headline":"Agenda cultural &#8211; Febrero 2022 (BCN)","datePublished":"2022-01-28T15:02:54+00:00","dateModified":"2022-02-02T09:34:42+00:00","mainEntityOfPage":{"@id":"https:\/\/entandem.cat\/es\/recursos-es\/agenda-cultural-febrero-2022-bcn\/"},"wordCount":1780,"publisher":{"@id":"https:\/\/entandem.cat\/#organization"},"image":{"@id":"https:\/\/entandem.cat\/es\/recursos-es\/agenda-cultural-febrero-2022-bcn\/#primaryimage"},"thumbnailUrl":"https:\/\/entandem.cat\/wp-content\/uploads\/2022\/01\/Agenda-Cultural-febrero-2022.png","keywords":["agenda cultural","exposici\u00f3","joves","mentoria social","teatre"],"articleSection":["Barcelona","Recursos"],"inLanguage":"es"},{"@type":"WebPage","@id":"https:\/\/entandem.cat\/es\/recursos-es\/agenda-cultural-febrero-2022-bcn\/","url":"https:\/\/entandem.cat\/es\/recursos-es\/agenda-cultural-febrero-2022-bcn\/","name":"Agenda cultural - Febrero 2022 (BCN) - enT\u00e0ndem","isPartOf":{"@id":"https:\/\/entandem.cat\/#website"},"primaryImageOfPage":{"@id":"https:\/\/entandem.cat\/es\/recursos-es\/agenda-cultural-febrero-2022-bcn\/#primaryimage"},"image":{"@id":"https:\/\/entandem.cat\/es\/recursos-es\/agenda-cultural-febrero-2022-bcn\/#primaryimage"},"thumbnailUrl":"https:\/\/entandem.cat\/wp-content\/uploads\/2022\/01\/Agenda-Cultural-febrero-2022.png","datePublished":"2022-01-28T15:02:54+00:00","dateModified":"2022-02-02T09:34:42+00:00","description":"Con la agenda cultural de febrero os traemos un buen pu\u00f1ado de actividades para realizar enT\u00e0ndem, como el festival de la luz de Barcelona.","breadcrumb":{"@id":"https:\/\/entandem.cat\/es\/recursos-es\/agenda-cultural-febrero-2022-bcn\/#breadcrumb"},"inLanguage":"es","potentialAction":[{"@type":"ReadAction","target":["https:\/\/entandem.cat\/es\/recursos-es\/agenda-cultural-febrero-2022-bcn\/"]}]},{"@type":"ImageObject","inLanguage":"es","@id":"https:\/\/entandem.cat\/es\/recursos-es\/agenda-cultural-febrero-2022-bcn\/#primaryimage","url":"https:\/\/entandem.cat\/wp-content\/uploads\/2022\/01\/Agenda-Cultural-febrero-2022.png","contentUrl":"https:\/\/entandem.cat\/wp-content\/uploads\/2022\/01\/Agenda-Cultural-febrero-2022.png","width":1200,"height":800},{"@type":"BreadcrumbList","@id":"https:\/\/entandem.cat\/es\/recursos-es\/agenda-cultural-febrero-2022-bcn\/#breadcrumb","itemListElement":[{"@type":"ListItem","position":1,"name":"Inici","item":"https:\/\/entandem.cat\/es\/"},{"@type":"ListItem","position":2,"name":"Agenda cultural &#8211; Febrero 2022 (BCN)"}]},{"@type":"WebSite","@id":"https:\/\/entandem.cat\/#website","url":"https:\/\/entandem.cat\/","name":"enT\u00e0ndem","description":"Voluntariat Social Universitari","publisher":{"@id":"https:\/\/entandem.cat\/#organization"},"potentialAction":[{"@type":"SearchAction","target":{"@type":"EntryPoint","urlTemplate":"https:\/\/entandem.cat\/?s={search_term_string}"},"query-input":{"@type":"PropertyValueSpecification","valueRequired":true,"valueName":"search_term_string"}}],"inLanguage":"es"},{"@type":"Organization","@id":"https:\/\/entandem.cat\/#organization","name":"enT\u00e0ndem","url":"https:\/\/entandem.cat\/","logo":{"@type":"ImageObject","inLanguage":"es","@id":"https:\/\/entandem.cat\/#\/schema\/logo\/image\/","url":"https:\/\/entandem.cat\/wp-content\/uploads\/2016\/12\/logo-entandem.png","contentUrl":"https:\/\/entandem.cat\/wp-content\/uploads\/2016\/12\/logo-entandem.png","width":166,"height":44,"caption":"enT\u00e0ndem"},"image":{"@id":"https:\/\/entandem.cat\/#\/schema\/logo\/image\/"},"sameAs":["https:\/\/www.facebook.com\/afevcat","https:\/\/x.com\/afevcat","https:\/\/www.instagram.com\/afevcat\/"]},{"@type":"Person","@id":"https:\/\/entandem.cat\/#\/schema\/person\/2111428ce1954193a11054a1e2b5b0da","name":"adminTandem"}]}},"_links":{"self":[{"href":"https:\/\/entandem.cat\/es\/wp-json\/wp\/v2\/posts\/9564","targetHints":{"allow":["GET"]}}],"collection":[{"href":"https:\/\/entandem.cat\/es\/wp-json\/wp\/v2\/posts"}],"about":[{"href":"https:\/\/entandem.cat\/es\/wp-json\/wp\/v2\/types\/post"}],"author":[{"embeddable":true,"href":"https:\/\/entandem.cat\/es\/wp-json\/wp\/v2\/users\/1"}],"replies":[{"embeddable":true,"href":"https:\/\/entandem.cat\/es\/wp-json\/wp\/v2\/comments?post=9564"}],"version-history":[{"count":7,"href":"https:\/\/entandem.cat\/es\/wp-json\/wp\/v2\/posts\/9564\/revisions"}],"predecessor-version":[{"id":9582,"href":"https:\/\/entandem.cat\/es\/wp-json\/wp\/v2\/posts\/9564\/revisions\/9582"}],"wp:featuredmedia":[{"embeddable":true,"href":"https:\/\/entandem.cat\/es\/wp-json\/wp\/v2\/media\/9566"}],"wp:attachment":[{"href":"https:\/\/entandem.cat\/es\/wp-json\/wp\/v2\/media?parent=9564"}],"wp:term":[{"taxonomy":"category","embeddable":true,"href":"https:\/\/entandem.cat\/es\/wp-json\/wp\/v2\/categories?post=9564"},{"taxonomy":"post_tag","embeddable":true,"href":"https:\/\/entandem.cat\/es\/wp-json\/wp\/v2\/tags?post=9564"}],"curies":[{"name":"wp","href":"https:\/\/api.w.org\/{rel}","templated":true}]}}