{"id":9556,"date":"2022-01-31T08:41:20","date_gmt":"2022-01-31T08:41:20","guid":{"rendered":"https:\/\/entandem.cat\/?p=9556"},"modified":"2022-01-31T11:40:43","modified_gmt":"2022-01-31T11:40:43","slug":"agenda-cultural-febrero-2022-vlc","status":"publish","type":"post","link":"https:\/\/entandem.cat\/es\/recursos-es\/agenda-cultural-febrero-2022-vlc\/","title":{"rendered":"Agenda cultural \u2013 Febrero 2022 (VLC)"},"content":{"rendered":"\n<p><strong><span style=\"color: #ff0000;\">Cuidado!<\/span> muchos sitios piden el pasaporte COVID para cualquier persona a partir de 12 a\u00f1os. Os animamos a llamar a los sitios para saber si lo piden, y ver con la familia de vuestro t\u00e1ndem c\u00f3mo tener una copia de su pasaporte.<\/strong><\/p>\n<p><span style=\"font-weight: 400;\"><b><strong><span style=\"color: #99cc00;\">[Cinema] <\/span><\/strong><\/b><strong>La Filmoteca<\/strong> nos ofrece entradas gratis! Pod\u00e9is encontrar la programaci\u00f3n <strong><a href=\"https:\/\/ivc.gva.es\/es\/audiovisuales\/programacion\/valencia-la-filmoteca-cas\">en esta p\u00e1gina.<\/a> <\/strong><\/span><span style=\"font-weight: 400;\">Si os interesa alguna sesi\u00f3n ten\u00e9is que escribir al email <\/span><a href=\"mailto:mentoria.valencia.afev@gmail.com\"><span style=\"font-weight: 400;\">mentoria.valencia.afev@gmail.com<\/span><\/a><span style=\"font-weight: 400;\"> con el d\u00eda y el horario de la pel\u00edcula para tener las entradas.<\/span><\/p>\n<p><b><strong><span style=\"color: #99cc00;\">[Danza contempor\u00e1nea] <\/span><\/strong><span style=\"color: #ff0000;\"><a style=\"color: #ff0000;\" href=\"https:\/\/entradas.carmeteatre.com\/espectaculo\/4\/enlluernador.html\">ENLLUERNADOR<\/a><\/span><\/b><\/p>\n<ul style=\"list-style-type: square;\">\n<li dir=\"ltr\" role=\"presentation\"><span style=\"font-weight: 400;\"><strong>\u00bfD\u00f3nde?<\/strong> Sala teatro Carme. Calle Gregorio Gea 6, 46009 Valencia<\/span><\/li>\n<li dir=\"ltr\" role=\"presentation\"><span style=\"font-weight: 400;\"><strong>\u00bfCu\u00e1ndo?<\/strong> Los jueves 3 y viernes 4 a las 20:00 y los s\u00e1bados 5 y domingos 6 a las 19:00\u00a0<\/span><\/li>\n<li dir=\"ltr\" role=\"presentation\"><span style=\"font-weight: 400;\"><strong>\u00bfPara qui\u00e9n?<\/strong> J\u00f3venes a partir de 12 a\u00f1os<\/span><\/li>\n<li dir=\"ltr\" role=\"presentation\"><span style=\"font-weight: 400;\"><strong>\u00bfPrecio?<\/strong>\u00a0 Ver con las referentes de barrio con antelaci\u00f3n para pedir entradas gratuitas<\/span><b>\u00a0<\/b><\/li>\n<li dir=\"ltr\" role=\"presentation\"><span style=\"font-weight: 400;\"><strong>\u00bfQu\u00e9 es?<\/strong> Espect\u00e1culo baile contempor\u00e1nea<\/span><\/li>\n<li dir=\"ltr\" role=\"presentation\"><strong>\u00bfEnlace? <\/strong><a href=\"https:\/\/entradas.carmeteatre.com\/espectaculo\/4\/enlluernador.html\"><span style=\"font-weight: 400;\">https:\/\/entradas.carmeteatre.com\/espectaculo\/4\/enlluernador.html<\/span><\/a><span style=\"font-weight: 400;\">\u00a0<\/span><\/li>\n<\/ul>\n<p><b><strong><span style=\"color: #99cc00;\">[Teatro contempor\u00e1nea] <\/span><\/strong><span style=\"color: #ff0000;\"><a style=\"color: #ff0000;\" href=\"https:\/\/entradas.carmeteatre.com\/espectaculo\/4\/bannon.html\">TBANNON<\/a><\/span><\/b><\/p>\n<ul style=\"list-style-type: square;\">\n<li dir=\"ltr\" role=\"presentation\"><span style=\"font-weight: 400;\"><strong>\u00bfD\u00f3nde?<\/strong> Sala teatro Carme. Calle Gregorio Gea 6, 46009 Valencia<\/span><\/li>\n<li dir=\"ltr\" role=\"presentation\"><span style=\"font-weight: 400;\"><strong>\u00bfCu\u00e1ndo?<\/strong> Los jueves 3, 10 y viernes 4, 11 a las 20:00 y los s\u00e1bados 5, 12 y domingos 6, 13 a las 19:00\u00a0<\/span><\/li>\n<li dir=\"ltr\" role=\"presentation\"><span style=\"font-weight: 400;\"><strong>\u00bfPara qui\u00e9n?<\/strong> Adolescentes y adultos\u00a0<\/span><\/li>\n<li dir=\"ltr\" role=\"presentation\"><span style=\"font-weight: 400;\"><strong>\u00bfPrecio?<\/strong>\u00a0Ver con las referentes de barrio con antelaci\u00f3n para pedir entradas gratuitas<\/span><b>\u00a0<\/b><\/li>\n<li dir=\"ltr\" role=\"presentation\"><span style=\"font-weight: 400;\"><strong>\u00bfQu\u00e9 es?<\/strong> Espect\u00e1culo teatral contempor\u00e1nea<\/span><\/li>\n<li dir=\"ltr\" role=\"presentation\"><strong>\u00bfEnlace? <\/strong><a href=\"https:\/\/entradas.carmeteatre.com\/espectaculo\/4\/bannon.html\"><span style=\"font-weight: 400;\">https:\/\/entradas.carmeteatre.com\/espectaculo\/4\/bannon.html<\/span><\/a><span style=\"font-weight: 400;\">\u00a0<\/span><\/li>\n<\/ul>\n<p><b><strong><span style=\"color: #99cc00;\">[Cinema] <\/span><\/strong><span style=\"color: #ff0000;\"><a style=\"color: #ff0000;\" href=\"https:\/\/octubre.cat\/activitat\/cinema-ments-brillants-de-thomas-lilti\/\">Ments brillants, de Thomas Lilti<\/a><\/span><\/b><\/p>\n<ul style=\"list-style-type: square;\">\n<li dir=\"ltr\" role=\"presentation\"><span style=\"font-weight: 400;\"><strong>\u00bfD\u00f3nde?<\/strong> Centro Octubre. Carrer de Sant Ferran 12, 46001 Valencia<\/span><\/li>\n<li dir=\"ltr\" role=\"presentation\"><span style=\"font-weight: 400;\"><strong>\u00bfCu\u00e1ndo?<\/strong> El jueves 3 de Febrero a las 18:00<\/span><\/li>\n<li dir=\"ltr\" role=\"presentation\"><span style=\"font-weight: 400;\"><strong>\u00bfPara qui\u00e9n?<\/strong> Adolescentes<\/span><\/li>\n<li dir=\"ltr\" role=\"presentation\"><span style=\"font-weight: 400;\"><strong>\u00bfPrecio?<\/strong> Gratuito con inscripci\u00f3n previa<\/span><\/li>\n<li dir=\"ltr\" role=\"presentation\"><span style=\"font-weight: 400;\"><strong>\u00bfQu\u00e9 es?\u00a0<\/strong> Pel\u00edcula sobre la vida de estudiantes de medicina (en valenciano)<\/span><\/li>\n<li dir=\"ltr\" role=\"presentation\"><strong>\u00bfEnlace? <\/strong><a href=\"https:\/\/octubre.cat\/activitat\/cinema-ments-brillants-de-thomas-lilti\/\"><span style=\"font-weight: 400;\">https:\/\/octubre.cat\/activitat\/cinema-ments-brillants-de-thomas-lilti\/<\/span><\/a><span style=\"font-weight: 400;\">\u00a0<\/span><\/li>\n<\/ul>\n<p><b><strong><span style=\"color: #99cc00;\">[Teatro contempor\u00e1nea]<\/span><\/strong> <span style=\"color: #ff0000;\"><a style=\"color: #ff0000;\" href=\"https:\/\/entradas.carmeteatre.com\/espectaculo\/4\/illa-devon.html\">ILLA DEVON<\/a><\/span><\/b><\/p>\n<ul style=\"list-style-type: square;\">\n<li dir=\"ltr\" role=\"presentation\"><span style=\"font-weight: 400;\"><strong>\u00bfD\u00f3nde?<\/strong> Sala teatro Carme. Calle Gregorio Gea 6, 46009 Valencia<\/span><\/li>\n<li dir=\"ltr\" role=\"presentation\"><span style=\"font-weight: 400;\"><strong>\u00bfCu\u00e1ndo?<\/strong> Los jueves 10 y 17, los viernes 1e y 18 a las 20:00, los s\u00e1bados 12 y 19, los domingos 13 y 20 a las <\/span><span style=\"font-weight: 400;\">19:00\u00a0<\/span><\/li>\n<li dir=\"ltr\" role=\"presentation\"><span style=\"font-weight: 400;\"><strong>\u00bfPara qui\u00e9n?<\/strong> Adolescentes y adultos\u00a0<\/span><\/li>\n<li dir=\"ltr\" role=\"presentation\"><span style=\"font-weight: 400;\"><strong>\u00bfPrecio?<\/strong> Ver con las referentes de barrio con antelaci\u00f3n para pedir entradas gratuitas<\/span><b>\u00a0<\/b><\/li>\n<li dir=\"ltr\" role=\"presentation\"><span style=\"font-weight: 400;\"><strong>\u00bfQu\u00e9 es?<\/strong> Espect\u00e1culo teatral contempor\u00e1nea<\/span><\/li>\n<li dir=\"ltr\" role=\"presentation\"><strong>\u00bfEnlace? <\/strong><a href=\"https:\/\/entradas.carmeteatre.com\/espectaculo\/4\/illa-devon.html\"><span style=\"font-weight: 400;\">https:\/\/entradas.carmeteatre.com\/espectaculo\/4\/illa-devon.html<\/span><\/a><span style=\"font-weight: 400;\">\u00a0<\/span><\/li>\n<\/ul>\n<p><b> <strong><span style=\"color: #99cc00;\">[Exposici\u00f3n] <\/span><\/strong><span style=\"color: #ff0000;\"><a style=\"color: #ff0000;\" href=\"https:\/\/instagram.com\/grup.accio.grafica?utm_medium=copy_link\">Exposici\u00f3n colectiva de presentaci\u00f3n del Grup d\u2019acci\u00f3 gr\u00e0fica<\/a><\/span><\/b><\/p>\n<ul style=\"list-style-type: square;\">\n<li dir=\"ltr\" role=\"presentation\"><span style=\"font-weight: 400;\"><strong>\u00bfD\u00f3nde?<\/strong> L&#8217;alqu\u00edmia lounge cultural, Carrer de Manuel Castellanos, 12, 46020 Val\u00e8ncia<\/span><\/li>\n<li dir=\"ltr\" role=\"presentation\"><span style=\"font-weight: 400;\"><strong>\u00bfCu\u00e1ndo?<\/strong> Viernes 11 de febrero a partir de las 19:30<\/span><\/li>\n<li dir=\"ltr\" role=\"presentation\"><span style=\"font-weight: 400;\"><strong>\u00bfPara qui\u00e9n?<\/strong> Todo p\u00fablico<\/span><\/li>\n<li dir=\"ltr\" role=\"presentation\"><span style=\"font-weight: 400;\"><strong>\u00bfPrecio?<\/strong> Gratuito<\/span><\/li>\n<li dir=\"ltr\" role=\"presentation\"><span style=\"font-weight: 400;\"><strong>\u00bfQu\u00e9 es?<\/strong> Exposici\u00f3n art\u00edstica\u00a0<\/span><\/li>\n<li dir=\"ltr\" role=\"presentation\"><strong>\u00bfEnlace? <\/strong><a href=\"https:\/\/instagram.com\/grup.accio.grafica?utm_medium=copy_link\"><span style=\"font-weight: 400;\">https:\/\/instagram.com\/grup.accio.grafica?utm_medium=copy_link<\/span><\/a><span style=\"font-weight: 400;\">\u00a0<\/span><\/li>\n<\/ul>\n<p><b><strong><span style=\"color: #99cc00;\">[Exposici\u00f3n]<\/span><\/strong> <span style=\"color: #ff0000;\"><a style=\"color: #ff0000;\" href=\"https:\/\/www.valencia.es\/val\/agenda-de-la-ciutat\/-\/content\/dones-per-l-art-les-drassanes-del-grau\">&#8216;Mujeres por el arte&#8217;. Los Astilleros del Grau<\/a><\/span><\/b><\/p>\n<ul style=\"list-style-type: square;\">\n<li dir=\"ltr\" role=\"presentation\"><span style=\"font-weight: 400;\"><strong>\u00bfD\u00f3nde?<\/strong> Plaza Juan Antonio Benlliure, 46011 Valencia\u00a0<\/span><\/li>\n<li dir=\"ltr\" role=\"presentation\"><span style=\"font-weight: 400;\"><strong>\u00bfCu\u00e1ndo?<\/strong> Hasta el 13 de febrero\u00a0<\/span><\/li>\n<li dir=\"ltr\" role=\"presentation\"><span style=\"font-weight: 400;\"><strong>\u00bfPara qui\u00e9n?<\/strong> Adolescentes<\/span><\/li>\n<li dir=\"ltr\" role=\"presentation\"><span style=\"font-weight: 400;\"><strong>\u00bfPrecio?<\/strong> Gratuito<\/span><\/li>\n<li dir=\"ltr\" role=\"presentation\"><span style=\"font-weight: 400;\"><strong>\u00bfQu\u00e9 es?<\/strong> Exposici\u00f3n sobre los cuerpos de las mujeres<\/span><\/li>\n<li dir=\"ltr\" role=\"presentation\"><strong>\u00bfEnlace? <\/strong><a href=\"https:\/\/www.valencia.es\/val\/agenda-de-la-ciutat\/-\/content\/dones-per-l-art-les-drassanes-del-grau\"><span style=\"font-weight: 400;\">https:\/\/www.valencia.es\/val\/agenda-de-la-ciutat\/-\/content\/dones-per-l-art-les-drassanes-del-grau<\/span><\/a><\/li>\n<\/ul>\n<p><b><strong><span style=\"color: #99cc00;\">[Cinema] <\/span><\/strong><span style=\"color: #ff0000;\"><a style=\"color: #ff0000;\" href=\"https:\/\/octubre.cat\/activitat\/cinema-en-el-llindar-de-coraci-ruiz\/\">En el llindar, de Coraci Ruiz<\/a><\/span><\/b><\/p>\n<ul style=\"list-style-type: square;\">\n<li dir=\"ltr\" role=\"presentation\"><span style=\"font-weight: 400;\"><strong>\u00bfD\u00f3nde?<\/strong> Centro Octubre. Carrer de Sant Ferran 12, 46001 Valencia<\/span><\/li>\n<li dir=\"ltr\" role=\"presentation\"><span style=\"font-weight: 400;\"><strong>\u00bfCu\u00e1ndo?<\/strong> El mi\u00e9rcoles 16 de febrero a las 18:00<\/span><\/li>\n<li dir=\"ltr\" role=\"presentation\"><span style=\"font-weight: 400;\"><strong>\u00bfPara qui\u00e9n?<\/strong> Adolescentes<\/span><\/li>\n<li dir=\"ltr\" role=\"presentation\"><span style=\"font-weight: 400;\"><strong>\u00bfPrecio?<\/strong> Gratuito, con inscripci\u00f3n previa\u00a0<\/span><\/li>\n<li dir=\"ltr\" role=\"presentation\"><span style=\"font-weight: 400;\"><strong>\u00bfQu\u00e9 es?<\/strong> Documental sobre la transici\u00f3n de g\u00e9nero, versi\u00f3n original en portugu\u00e9s subtitulada en valenciano<\/span><\/li>\n<li dir=\"ltr\" role=\"presentation\"><strong>\u00bfEnlace? <\/strong><a href=\"https:\/\/octubre.cat\/activitat\/cinema-en-el-llindar-de-coraci-ruiz\/\"><span style=\"font-weight: 400;\">https:\/\/octubre.cat\/activitat\/cinema-en-el-llindar-de-coraci-ruiz\/<\/span><\/a><\/li>\n<\/ul>\n<p><b><strong><span style=\"color: #99cc00;\">[Cinema]<\/span><\/strong> <span style=\"color: #ff0000;\"><a style=\"color: #ff0000;\" href=\"https:\/\/octubre.cat\/activitat\/cinema-holy-boom-de-maria-lafi\/\">Holy Boom, de Maria Lafi<\/a><\/span><\/b><\/p>\n<ul style=\"list-style-type: square;\">\n<li dir=\"ltr\" role=\"presentation\"><span style=\"font-weight: 400;\"><strong>\u00bfD\u00f3nde?<\/strong> Centro Octubre. Carrer de Sant Ferran 12, 46001 Valencia<\/span><\/li>\n<li dir=\"ltr\" role=\"presentation\"><span style=\"font-weight: 400;\"><strong>\u00bfCu\u00e1ndo?<\/strong> El mi\u00e9rcoles 23 de febrero a las 19:00<\/span><\/li>\n<li dir=\"ltr\" role=\"presentation\"><span style=\"font-weight: 400;\"><strong>\u00bfPara qui\u00e9n?<\/strong> Adolescentes<\/span><\/li>\n<li dir=\"ltr\" role=\"presentation\"><span style=\"font-weight: 400;\"><strong>\u00bfPrecio?<\/strong> Gratuito con inscripci\u00f3n previa<\/span><\/li>\n<li dir=\"ltr\" role=\"presentation\"><span style=\"font-weight: 400;\"><strong>\u00bfQu\u00e9 es?<\/strong> Pel\u00edcula sobre la vida de 4 personas viviendo en Atenas, versi\u00f3n original subtitulada en castellano e ingl\u00e9s<\/span><\/li>\n<li dir=\"ltr\" role=\"presentation\"><strong>\u00bfEnlace? <\/strong><a href=\"https:\/\/octubre.cat\/activitat\/cinema-holy-boom-de-maria-lafi\/\"><span style=\"font-weight: 400;\">https:\/\/octubre.cat\/activitat\/cinema-holy-boom-de-maria-lafi\/<\/span><\/a><span style=\"font-weight: 400;\">\u00a0<\/span><\/li>\n<\/ul>\n<p><b><strong><span style=\"color: #99cc00;\">[Exposici\u00f3n]<\/span><\/strong> <span style=\"color: #ff0000;\"><a style=\"color: #ff0000;\" href=\"https:\/\/www.ivam.es\/es\/exposiciones\/final-de-partida-jordi-teixidor\/\">Final de partida. Jordi Teixidor<\/a><\/span><\/b><\/p>\n<ul style=\"list-style-type: square;\">\n<li dir=\"ltr\" role=\"presentation\"><span style=\"font-weight: 400;\"><strong>\u00bfD\u00f3nde?<\/strong> IVAM. Calle Guillem de Castro 118, 46003 Valencia<\/span><\/li>\n<li dir=\"ltr\" role=\"presentation\"><span style=\"font-weight: 400;\"><strong>\u00bfCu\u00e1ndo?<\/strong> Del 3 de febrero al 5 de junio<\/span><\/li>\n<li dir=\"ltr\" role=\"presentation\"><span style=\"font-weight: 400;\"><strong>\u00bfPara qui\u00e9n?<\/strong> Todo p\u00fablico<\/span><\/li>\n<li dir=\"ltr\" role=\"presentation\"><span style=\"font-weight: 400;\"><strong>\u00bfPrecio?<\/strong> Gratuito<\/span><\/li>\n<li dir=\"ltr\" role=\"presentation\"><span style=\"font-weight: 400;\"><strong>\u00bfQu\u00e9 es?<\/strong> Exposici\u00f3n de arte<\/span><\/li>\n<li dir=\"ltr\" role=\"presentation\"><strong>\u00bfEnlace? <\/strong><a href=\"https:\/\/www.ivam.es\/es\/exposiciones\/final-de-partida-jordi-teixidor\/\"><span style=\"font-weight: 400;\">https:\/\/www.ivam.es\/es\/exposiciones\/final-de-partida-jordi-teixidor\/<\/span><\/a><span style=\"font-weight: 400;\">\u00a0<\/span><\/li>\n<\/ul>\n<p><b><strong><span style=\"color: #99cc00;\">[Exposici\u00f3n art\u00edstica]\u00a0<\/span><\/strong> <span style=\"color: #ff0000;\"><a style=\"color: #ff0000;\" href=\"https:\/\/www.uv.es\/uvweb\/cultura\/es\/lista-actividad\/retorn-eden-paco-roca-1285871673078\/Activitat.html?id=1286199529039\">Retorn a l&#8217;Ed\u00e8n.\u00a0<\/a><\/span><\/b><\/p>\n<ul style=\"list-style-type: square;\">\n<li dir=\"ltr\" role=\"presentation\"><span style=\"font-weight: 400;\"><strong>\u00bfD\u00f3nde?<\/strong> Centre cultural La Nau. Carrer de la Universitat 2, 46003 Valencia<\/span><\/li>\n<li dir=\"ltr\" role=\"presentation\"><span style=\"font-weight: 400;\"><strong>\u00bfCu\u00e1ndo?<\/strong> Hasta el 24 de abril\u00a0<\/span><\/li>\n<li dir=\"ltr\" role=\"presentation\"><span style=\"font-weight: 400;\"><strong>\u00bfPara qui\u00e9n?<\/strong> Todos los p\u00fablicos<\/span><\/li>\n<li dir=\"ltr\" role=\"presentation\"><span style=\"font-weight: 400;\"><strong>\u00bfPrecio?<\/strong> Gratuito\u00a0<\/span><\/li>\n<li dir=\"ltr\" role=\"presentation\"><span style=\"font-weight: 400;\"><strong>\u00bfQu\u00e9 es?<\/strong> Exposici\u00f3n art\u00edstica sobre el pasado.\u00a0<\/span><\/li>\n<li dir=\"ltr\" role=\"presentation\"><strong>\u00bfEnlace? <\/strong><a style=\"font-size: revert;\" href=\"https:\/\/www.uv.es\/uvweb\/cultura\/es\/lista-actividad\/retorn-eden-paco-roca-1285871673078\/Activitat.html?id=1286199529039\">https:\/\/www.uv.es\/uvweb\/cultura\/es\/lista-actividad\/retorn-eden-paco-roca-1285871673078\/Activitat.html?id=1286199529039<\/a><span style=\"font-weight: 400;\">\u00a0<\/span><\/li>\n<\/ul>\n<p><b><strong><span style=\"color: #99cc00;\">[Exposici\u00f3n] <\/span><\/strong><span style=\"color: #ff0000;\"><a style=\"color: #ff0000;\" href=\"https:\/\/www.uv.es\/uvweb\/cultura\/es\/lista-actividad\/ortifurama-valencia-1285871673078\/Activitat.html?id=1286082620372\">Exposici\u00f3n de c\u00f3mic. Ortifurama<\/a><\/span><\/b><\/p>\n<ul style=\"list-style-type: square;\">\n<li dir=\"ltr\" role=\"presentation\"><span style=\"font-weight: 400;\"><strong>\u00bfD\u00f3nde?<\/strong> Centre cultural La Nau. Carrer de la Universitat 2, 46003 Valencia\u00a0<\/span><\/li>\n<li dir=\"ltr\" role=\"presentation\"><span style=\"font-weight: 400;\"><strong>\u00bfCu\u00e1ndo?<\/strong> Hasta el 24 abril, durante los horarios de apertura del centro cultural\u00a0<\/span><\/li>\n<li dir=\"ltr\" role=\"presentation\"><span style=\"font-weight: 400;\"><strong>\u00bfPara qui\u00e9n?<\/strong> Todos los p\u00fablicos<\/span><\/li>\n<li dir=\"ltr\" role=\"presentation\"><span style=\"font-weight: 400;\"><strong>\u00bfPrecio?<\/strong> Gratuito<\/span><\/li>\n<li dir=\"ltr\" role=\"presentation\"><span style=\"font-weight: 400;\"><strong>\u00bfQu\u00e9 es?<\/strong> Exposici\u00f3n de c\u00f3mic sobre la ciudad de Valencia\u00a0<\/span><\/li>\n<li dir=\"ltr\" role=\"presentation\"><strong>\u00bfEnlace? <\/strong><a href=\"https:\/\/www.uv.es\/uvweb\/cultura\/es\/lista-actividad\/ortifurama-valencia-1285871673078\/Activitat.html?id=1286082620372\"><span style=\"font-weight: 400;\">https:\/\/www.uv.es\/uvweb\/cultura\/es\/lista-actividad\/ortifurama-valencia-1285871673078\/Activitat.html?id=1286082620372<\/span><\/a><span style=\"font-weight: 400;\">\u00a0<\/span><\/li>\n<\/ul>\n<p><b><strong><span style=\"color: #99cc00;\">[Exposici\u00f3n] <\/span><\/strong><span style=\"color: #ff0000;\"><a style=\"color: #ff0000;\" href=\"https:\/\/www.uv.es\/uvweb\/cultura\/ca\/llista-activitat\/passat-present-div-100-anys-fent-arqueologia-universitat-valencia-\/div-1285871673078\/Activitat.html?id=1286202540769\">Passat i present. 100 anys fent arqueologia a la Universitat de Val\u00e8ncia<\/a><\/span><\/b><\/p>\n<ul style=\"list-style-type: square;\">\n<li dir=\"ltr\" role=\"presentation\"><span style=\"font-weight: 400;\"><strong>\u00bfD\u00f3nde?<\/strong> Centro cultural La Nau. Carrer de la Universitat 2, 46003 Valencia<\/span><\/li>\n<li dir=\"ltr\" role=\"presentation\"><span style=\"font-weight: 400;\"><strong>\u00bfCu\u00e1ndo?<\/strong> Del 11 de febrero al 3 de abril<\/span><\/li>\n<li dir=\"ltr\" role=\"presentation\"><span style=\"font-weight: 400;\"><strong>\u00bfPara qui\u00e9n?<\/strong> Todo p\u00fablico\u00a0<\/span><\/li>\n<li dir=\"ltr\" role=\"presentation\"><span style=\"font-weight: 400;\"><strong>\u00bfPrecio?<\/strong> Gratuito<\/span><\/li>\n<li dir=\"ltr\" role=\"presentation\"><span style=\"font-weight: 400;\"><strong>\u00bfQu\u00e9 es?<\/strong> Exposici\u00f3n sobre arqueolog\u00eda\u00a0<\/span><\/li>\n<li dir=\"ltr\" role=\"presentation\"><span style=\"font-weight: 400;\"><strong>\u00bfEnlace?<\/strong> <\/span><a href=\"https:\/\/www.uv.es\/uvweb\/cultura\/ca\/llista-activitat\/passat-present-div-100-anys-fent-arqueologia-universitat-valencia-\/div-1285871673078\/Activitat.html?id=1286202540769\"><span style=\"font-weight: 400;\">https:\/\/www.uv.es\/uvweb\/cultura\/ca\/llista-activitat\/passat-present-div-100-anys-fent-arqueologia-universitat-valencia-\/div-1285871673078\/Activitat.html?id=1286202540769<\/span><\/a><span style=\"font-weight: 400;\">\u00a0<\/span><\/li>\n<\/ul>\n<p><b><strong><span style=\"color: #99cc00;\">[Exposici\u00f3n]<\/span><\/strong> <span style=\"color: #ff0000;\"><a style=\"color: #ff0000;\" href=\"https:\/\/www.uv.es\/uvweb\/cultura\/ca\/llista-activitat\/cronistes-carboni-14-div-viatge-arqueologia-valenciana-traves-llibres-\/div-1285871673078\/Activitat.html?id=1286222799836\">Dels cronistes al carboni 14: un viatge per l&#8217;arqueologia valenciana a trav\u00e9s dels llibres<\/a><\/span><\/b><\/p>\n<ul style=\"list-style-type: square;\">\n<li dir=\"ltr\" role=\"presentation\"><span style=\"font-weight: 400;\"><strong>\u00bfD\u00f3nde?<\/strong> Centro cultural La Nau. Carrer de la Universitat 2, 46003 Valencia<\/span><\/li>\n<li dir=\"ltr\" role=\"presentation\"><span style=\"font-weight: 400;\"><strong>\u00bfCu\u00e1ndo?<\/strong> Del 11 de febrero hasta el 1 de mayo\u00a0<\/span><\/li>\n<li dir=\"ltr\" role=\"presentation\"><span style=\"font-weight: 400;\"><strong>\u00bfPara qui\u00e9n?<\/strong> Todo p\u00fablico\u00a0<\/span><\/li>\n<li dir=\"ltr\" role=\"presentation\"><span style=\"font-weight: 400;\"><strong>\u00bfPrecio?<\/strong> Gratuito<\/span><\/li>\n<li dir=\"ltr\" role=\"presentation\"><span style=\"font-weight: 400;\"><strong>\u00bfQu\u00e9 es?<\/strong>\u00a0Exposici\u00f3n sobre arqueolog\u00eda <\/span><\/li>\n<li dir=\"ltr\" role=\"presentation\"><strong>\u00bfEnlace?<\/strong> <a style=\"font-size: revert;\" href=\"https:\/\/www.uv.es\/uvweb\/cultura\/ca\/llista-activitat\/cronistes-carboni-14-div-viatge-arqueologia-valenciana-traves-llibres-\/div-1285871673078\/Activitat.html?id=1286222799836\">https:\/\/www.uv.es\/uvweb\/cultura\/ca\/llista-activitat\/cronistes-carboni-14-div-viatge-arqueologia-valenciana-traves-llibres-\/div-1285871673078\/Activitat.html?id=1286222799836<\/a><\/li>\n<\/ul>\n","protected":false},"excerpt":{"rendered":"<p>Cuidado! muchos sitios piden el pasaporte COVID para cualquier persona a partir de 12 a\u00f1os. Os animamos a llamar a los sitios para saber si lo piden, y ver con la familia de vuestro t\u00e1ndem c\u00f3mo tener una copia de su pasaporte. [Cinema] La Filmoteca nos ofrece entradas gratis! Pod\u00e9is encontrar la programaci\u00f3n en esta &hellip; <a href=\"https:\/\/entandem.cat\/es\/recursos-es\/agenda-cultural-febrero-2022-vlc\/\">Continued<\/a><\/p>\n","protected":false},"author":1,"featured_media":9557,"comment_status":"closed","ping_status":"open","sticky":false,"template":"","format":"standard","meta":{"footnotes":""},"categories":[320,657],"tags":[510,499,485,336],"class_list":["post-9556","post","type-post","status-publish","format-standard","has-post-thumbnail","hentry","category-recursos-es","category-valencia-es","tag-agenda-cultural-es","tag-exposicio-es-2","tag-joves-es","tag-mentoria-social-es"],"yoast_head":"<!-- This site is optimized with the Yoast SEO plugin v27.0 - https:\/\/yoast.com\/product\/yoast-seo-wordpress\/ -->\n<title>Agenda cultural \u2013 Febrero 2022 (VLC) - enT\u00e0ndem<\/title>\n<meta name=\"description\" content=\"Teatro, danza, cine, exposiciones... Hemos recopilado diversas activitades gratuitas para darte ideas de qu\u00e9 hacer con tu t\u00e0ndem\" \/>\n<meta name=\"robots\" content=\"index, follow, max-snippet:-1, max-image-preview:large, max-video-preview:-1\" \/>\n<link rel=\"canonical\" href=\"https:\/\/entandem.cat\/es\/recursos-es\/agenda-cultural-febrero-2022-vlc\/\" \/>\n<meta property=\"og:locale\" content=\"es_ES\" \/>\n<meta property=\"og:type\" content=\"article\" \/>\n<meta property=\"og:title\" content=\"Agenda cultural \u2013 Febrero 2022 (VLC) - enT\u00e0ndem\" \/>\n<meta property=\"og:description\" content=\"Teatro, danza, cine, exposiciones... Hemos recopilado diversas activitades gratuitas para darte ideas de qu\u00e9 hacer con tu t\u00e0ndem\" \/>\n<meta property=\"og:url\" content=\"https:\/\/entandem.cat\/es\/recursos-es\/agenda-cultural-febrero-2022-vlc\/\" \/>\n<meta property=\"og:site_name\" content=\"enT\u00e0ndem\" \/>\n<meta property=\"article:publisher\" content=\"https:\/\/www.facebook.com\/afevcat\" \/>\n<meta property=\"article:published_time\" content=\"2022-01-31T08:41:20+00:00\" \/>\n<meta property=\"article:modified_time\" content=\"2022-01-31T11:40:43+00:00\" \/>\n<meta property=\"og:image\" content=\"https:\/\/entandem.cat\/wp-content\/uploads\/2022\/01\/Agenda-Cultural-VLC-Febrero-2022.png\" \/>\n\t<meta property=\"og:image:width\" content=\"1080\" \/>\n\t<meta property=\"og:image:height\" content=\"800\" \/>\n\t<meta property=\"og:image:type\" content=\"image\/png\" \/>\n<meta name=\"author\" content=\"adminTandem\" \/>\n<meta name=\"twitter:card\" content=\"summary_large_image\" \/>\n<meta name=\"twitter:creator\" content=\"@afevcat\" \/>\n<meta name=\"twitter:site\" content=\"@afevcat\" \/>\n<meta name=\"twitter:label1\" content=\"Escrito por\" \/>\n\t<meta name=\"twitter:data1\" content=\"adminTandem\" \/>\n\t<meta name=\"twitter:label2\" content=\"Tiempo de lectura\" \/>\n\t<meta name=\"twitter:data2\" content=\"4 minutos\" \/>\n<script type=\"application\/ld+json\" class=\"yoast-schema-graph\">{\"@context\":\"https:\/\/schema.org\",\"@graph\":[{\"@type\":\"Article\",\"@id\":\"https:\/\/entandem.cat\/es\/recursos-es\/agenda-cultural-febrero-2022-vlc\/#article\",\"isPartOf\":{\"@id\":\"https:\/\/entandem.cat\/es\/recursos-es\/agenda-cultural-febrero-2022-vlc\/\"},\"author\":{\"name\":\"adminTandem\",\"@id\":\"https:\/\/entandem.cat\/#\/schema\/person\/2111428ce1954193a11054a1e2b5b0da\"},\"headline\":\"Agenda cultural \u2013 Febrero 2022 (VLC)\",\"datePublished\":\"2022-01-31T08:41:20+00:00\",\"dateModified\":\"2022-01-31T11:40:43+00:00\",\"mainEntityOfPage\":{\"@id\":\"https:\/\/entandem.cat\/es\/recursos-es\/agenda-cultural-febrero-2022-vlc\/\"},\"wordCount\":879,\"publisher\":{\"@id\":\"https:\/\/entandem.cat\/#organization\"},\"image\":{\"@id\":\"https:\/\/entandem.cat\/es\/recursos-es\/agenda-cultural-febrero-2022-vlc\/#primaryimage\"},\"thumbnailUrl\":\"https:\/\/entandem.cat\/wp-content\/uploads\/2022\/01\/Agenda-Cultural-VLC-Febrero-2022.png\",\"keywords\":[\"agenda cultural\",\"exposici\u00f3\",\"joves\",\"mentoria social\"],\"articleSection\":[\"Recursos\",\"Valencia\"],\"inLanguage\":\"es\"},{\"@type\":\"WebPage\",\"@id\":\"https:\/\/entandem.cat\/es\/recursos-es\/agenda-cultural-febrero-2022-vlc\/\",\"url\":\"https:\/\/entandem.cat\/es\/recursos-es\/agenda-cultural-febrero-2022-vlc\/\",\"name\":\"Agenda cultural \u2013 Febrero 2022 (VLC) - enT\u00e0ndem\",\"isPartOf\":{\"@id\":\"https:\/\/entandem.cat\/#website\"},\"primaryImageOfPage\":{\"@id\":\"https:\/\/entandem.cat\/es\/recursos-es\/agenda-cultural-febrero-2022-vlc\/#primaryimage\"},\"image\":{\"@id\":\"https:\/\/entandem.cat\/es\/recursos-es\/agenda-cultural-febrero-2022-vlc\/#primaryimage\"},\"thumbnailUrl\":\"https:\/\/entandem.cat\/wp-content\/uploads\/2022\/01\/Agenda-Cultural-VLC-Febrero-2022.png\",\"datePublished\":\"2022-01-31T08:41:20+00:00\",\"dateModified\":\"2022-01-31T11:40:43+00:00\",\"description\":\"Teatro, danza, cine, exposiciones... Hemos recopilado diversas activitades gratuitas para darte ideas de qu\u00e9 hacer con tu t\u00e0ndem\",\"breadcrumb\":{\"@id\":\"https:\/\/entandem.cat\/es\/recursos-es\/agenda-cultural-febrero-2022-vlc\/#breadcrumb\"},\"inLanguage\":\"es\",\"potentialAction\":[{\"@type\":\"ReadAction\",\"target\":[\"https:\/\/entandem.cat\/es\/recursos-es\/agenda-cultural-febrero-2022-vlc\/\"]}]},{\"@type\":\"ImageObject\",\"inLanguage\":\"es\",\"@id\":\"https:\/\/entandem.cat\/es\/recursos-es\/agenda-cultural-febrero-2022-vlc\/#primaryimage\",\"url\":\"https:\/\/entandem.cat\/wp-content\/uploads\/2022\/01\/Agenda-Cultural-VLC-Febrero-2022.png\",\"contentUrl\":\"https:\/\/entandem.cat\/wp-content\/uploads\/2022\/01\/Agenda-Cultural-VLC-Febrero-2022.png\",\"width\":1080,\"height\":800},{\"@type\":\"BreadcrumbList\",\"@id\":\"https:\/\/entandem.cat\/es\/recursos-es\/agenda-cultural-febrero-2022-vlc\/#breadcrumb\",\"itemListElement\":[{\"@type\":\"ListItem\",\"position\":1,\"name\":\"Inici\",\"item\":\"https:\/\/entandem.cat\/es\/\"},{\"@type\":\"ListItem\",\"position\":2,\"name\":\"Agenda cultural \u2013 Febrero 2022 (VLC)\"}]},{\"@type\":\"WebSite\",\"@id\":\"https:\/\/entandem.cat\/#website\",\"url\":\"https:\/\/entandem.cat\/\",\"name\":\"enT\u00e0ndem\",\"description\":\"Voluntariat Social Universitari\",\"publisher\":{\"@id\":\"https:\/\/entandem.cat\/#organization\"},\"potentialAction\":[{\"@type\":\"SearchAction\",\"target\":{\"@type\":\"EntryPoint\",\"urlTemplate\":\"https:\/\/entandem.cat\/?s={search_term_string}\"},\"query-input\":{\"@type\":\"PropertyValueSpecification\",\"valueRequired\":true,\"valueName\":\"search_term_string\"}}],\"inLanguage\":\"es\"},{\"@type\":\"Organization\",\"@id\":\"https:\/\/entandem.cat\/#organization\",\"name\":\"enT\u00e0ndem\",\"url\":\"https:\/\/entandem.cat\/\",\"logo\":{\"@type\":\"ImageObject\",\"inLanguage\":\"es\",\"@id\":\"https:\/\/entandem.cat\/#\/schema\/logo\/image\/\",\"url\":\"https:\/\/entandem.cat\/wp-content\/uploads\/2016\/12\/logo-entandem.png\",\"contentUrl\":\"https:\/\/entandem.cat\/wp-content\/uploads\/2016\/12\/logo-entandem.png\",\"width\":166,\"height\":44,\"caption\":\"enT\u00e0ndem\"},\"image\":{\"@id\":\"https:\/\/entandem.cat\/#\/schema\/logo\/image\/\"},\"sameAs\":[\"https:\/\/www.facebook.com\/afevcat\",\"https:\/\/x.com\/afevcat\",\"https:\/\/www.instagram.com\/afevcat\/\"]},{\"@type\":\"Person\",\"@id\":\"https:\/\/entandem.cat\/#\/schema\/person\/2111428ce1954193a11054a1e2b5b0da\",\"name\":\"adminTandem\"}]}<\/script>\n<!-- \/ Yoast SEO plugin. -->","yoast_head_json":{"title":"Agenda cultural \u2013 Febrero 2022 (VLC) - enT\u00e0ndem","description":"Teatro, danza, cine, exposiciones... Hemos recopilado diversas activitades gratuitas para darte ideas de qu\u00e9 hacer con tu t\u00e0ndem","robots":{"index":"index","follow":"follow","max-snippet":"max-snippet:-1","max-image-preview":"max-image-preview:large","max-video-preview":"max-video-preview:-1"},"canonical":"https:\/\/entandem.cat\/es\/recursos-es\/agenda-cultural-febrero-2022-vlc\/","og_locale":"es_ES","og_type":"article","og_title":"Agenda cultural \u2013 Febrero 2022 (VLC) - enT\u00e0ndem","og_description":"Teatro, danza, cine, exposiciones... Hemos recopilado diversas activitades gratuitas para darte ideas de qu\u00e9 hacer con tu t\u00e0ndem","og_url":"https:\/\/entandem.cat\/es\/recursos-es\/agenda-cultural-febrero-2022-vlc\/","og_site_name":"enT\u00e0ndem","article_publisher":"https:\/\/www.facebook.com\/afevcat","article_published_time":"2022-01-31T08:41:20+00:00","article_modified_time":"2022-01-31T11:40:43+00:00","og_image":[{"width":1080,"height":800,"url":"https:\/\/entandem.cat\/wp-content\/uploads\/2022\/01\/Agenda-Cultural-VLC-Febrero-2022.png","type":"image\/png"}],"author":"adminTandem","twitter_card":"summary_large_image","twitter_creator":"@afevcat","twitter_site":"@afevcat","twitter_misc":{"Escrito por":"adminTandem","Tiempo de lectura":"4 minutos"},"schema":{"@context":"https:\/\/schema.org","@graph":[{"@type":"Article","@id":"https:\/\/entandem.cat\/es\/recursos-es\/agenda-cultural-febrero-2022-vlc\/#article","isPartOf":{"@id":"https:\/\/entandem.cat\/es\/recursos-es\/agenda-cultural-febrero-2022-vlc\/"},"author":{"name":"adminTandem","@id":"https:\/\/entandem.cat\/#\/schema\/person\/2111428ce1954193a11054a1e2b5b0da"},"headline":"Agenda cultural \u2013 Febrero 2022 (VLC)","datePublished":"2022-01-31T08:41:20+00:00","dateModified":"2022-01-31T11:40:43+00:00","mainEntityOfPage":{"@id":"https:\/\/entandem.cat\/es\/recursos-es\/agenda-cultural-febrero-2022-vlc\/"},"wordCount":879,"publisher":{"@id":"https:\/\/entandem.cat\/#organization"},"image":{"@id":"https:\/\/entandem.cat\/es\/recursos-es\/agenda-cultural-febrero-2022-vlc\/#primaryimage"},"thumbnailUrl":"https:\/\/entandem.cat\/wp-content\/uploads\/2022\/01\/Agenda-Cultural-VLC-Febrero-2022.png","keywords":["agenda cultural","exposici\u00f3","joves","mentoria social"],"articleSection":["Recursos","Valencia"],"inLanguage":"es"},{"@type":"WebPage","@id":"https:\/\/entandem.cat\/es\/recursos-es\/agenda-cultural-febrero-2022-vlc\/","url":"https:\/\/entandem.cat\/es\/recursos-es\/agenda-cultural-febrero-2022-vlc\/","name":"Agenda cultural \u2013 Febrero 2022 (VLC) - enT\u00e0ndem","isPartOf":{"@id":"https:\/\/entandem.cat\/#website"},"primaryImageOfPage":{"@id":"https:\/\/entandem.cat\/es\/recursos-es\/agenda-cultural-febrero-2022-vlc\/#primaryimage"},"image":{"@id":"https:\/\/entandem.cat\/es\/recursos-es\/agenda-cultural-febrero-2022-vlc\/#primaryimage"},"thumbnailUrl":"https:\/\/entandem.cat\/wp-content\/uploads\/2022\/01\/Agenda-Cultural-VLC-Febrero-2022.png","datePublished":"2022-01-31T08:41:20+00:00","dateModified":"2022-01-31T11:40:43+00:00","description":"Teatro, danza, cine, exposiciones... Hemos recopilado diversas activitades gratuitas para darte ideas de qu\u00e9 hacer con tu t\u00e0ndem","breadcrumb":{"@id":"https:\/\/entandem.cat\/es\/recursos-es\/agenda-cultural-febrero-2022-vlc\/#breadcrumb"},"inLanguage":"es","potentialAction":[{"@type":"ReadAction","target":["https:\/\/entandem.cat\/es\/recursos-es\/agenda-cultural-febrero-2022-vlc\/"]}]},{"@type":"ImageObject","inLanguage":"es","@id":"https:\/\/entandem.cat\/es\/recursos-es\/agenda-cultural-febrero-2022-vlc\/#primaryimage","url":"https:\/\/entandem.cat\/wp-content\/uploads\/2022\/01\/Agenda-Cultural-VLC-Febrero-2022.png","contentUrl":"https:\/\/entandem.cat\/wp-content\/uploads\/2022\/01\/Agenda-Cultural-VLC-Febrero-2022.png","width":1080,"height":800},{"@type":"BreadcrumbList","@id":"https:\/\/entandem.cat\/es\/recursos-es\/agenda-cultural-febrero-2022-vlc\/#breadcrumb","itemListElement":[{"@type":"ListItem","position":1,"name":"Inici","item":"https:\/\/entandem.cat\/es\/"},{"@type":"ListItem","position":2,"name":"Agenda cultural \u2013 Febrero 2022 (VLC)"}]},{"@type":"WebSite","@id":"https:\/\/entandem.cat\/#website","url":"https:\/\/entandem.cat\/","name":"enT\u00e0ndem","description":"Voluntariat Social Universitari","publisher":{"@id":"https:\/\/entandem.cat\/#organization"},"potentialAction":[{"@type":"SearchAction","target":{"@type":"EntryPoint","urlTemplate":"https:\/\/entandem.cat\/?s={search_term_string}"},"query-input":{"@type":"PropertyValueSpecification","valueRequired":true,"valueName":"search_term_string"}}],"inLanguage":"es"},{"@type":"Organization","@id":"https:\/\/entandem.cat\/#organization","name":"enT\u00e0ndem","url":"https:\/\/entandem.cat\/","logo":{"@type":"ImageObject","inLanguage":"es","@id":"https:\/\/entandem.cat\/#\/schema\/logo\/image\/","url":"https:\/\/entandem.cat\/wp-content\/uploads\/2016\/12\/logo-entandem.png","contentUrl":"https:\/\/entandem.cat\/wp-content\/uploads\/2016\/12\/logo-entandem.png","width":166,"height":44,"caption":"enT\u00e0ndem"},"image":{"@id":"https:\/\/entandem.cat\/#\/schema\/logo\/image\/"},"sameAs":["https:\/\/www.facebook.com\/afevcat","https:\/\/x.com\/afevcat","https:\/\/www.instagram.com\/afevcat\/"]},{"@type":"Person","@id":"https:\/\/entandem.cat\/#\/schema\/person\/2111428ce1954193a11054a1e2b5b0da","name":"adminTandem"}]}},"_links":{"self":[{"href":"https:\/\/entandem.cat\/es\/wp-json\/wp\/v2\/posts\/9556","targetHints":{"allow":["GET"]}}],"collection":[{"href":"https:\/\/entandem.cat\/es\/wp-json\/wp\/v2\/posts"}],"about":[{"href":"https:\/\/entandem.cat\/es\/wp-json\/wp\/v2\/types\/post"}],"author":[{"embeddable":true,"href":"https:\/\/entandem.cat\/es\/wp-json\/wp\/v2\/users\/1"}],"replies":[{"embeddable":true,"href":"https:\/\/entandem.cat\/es\/wp-json\/wp\/v2\/comments?post=9556"}],"version-history":[{"count":3,"href":"https:\/\/entandem.cat\/es\/wp-json\/wp\/v2\/posts\/9556\/revisions"}],"predecessor-version":[{"id":9735,"href":"https:\/\/entandem.cat\/es\/wp-json\/wp\/v2\/posts\/9556\/revisions\/9735"}],"wp:featuredmedia":[{"embeddable":true,"href":"https:\/\/entandem.cat\/es\/wp-json\/wp\/v2\/media\/9557"}],"wp:attachment":[{"href":"https:\/\/entandem.cat\/es\/wp-json\/wp\/v2\/media?parent=9556"}],"wp:term":[{"taxonomy":"category","embeddable":true,"href":"https:\/\/entandem.cat\/es\/wp-json\/wp\/v2\/categories?post=9556"},{"taxonomy":"post_tag","embeddable":true,"href":"https:\/\/entandem.cat\/es\/wp-json\/wp\/v2\/tags?post=9556"}],"curies":[{"name":"wp","href":"https:\/\/api.w.org\/{rel}","templated":true}]}}