{"id":9464,"date":"2021-12-27T19:07:59","date_gmt":"2021-12-27T19:07:59","guid":{"rendered":"https:\/\/entandem.cat\/?p=9464"},"modified":"2022-01-18T14:15:59","modified_gmt":"2022-01-18T14:15:59","slug":"agenda-cultural-enero-2022-bcn","status":"publish","type":"post","link":"https:\/\/entandem.cat\/es\/recursos-es\/agenda-cultural-enero-2022-bcn\/","title":{"rendered":"Agenda cultural &#8211; Enero 2022 (BCN)"},"content":{"rendered":"\n<p>Volvemos de las vacaciones de Navidad con m\u00e1s ganas que nunca de hacer mentor\u00eda! En enero, te proponemos un mont\u00f3n de salidas para hacer con tu t\u00e1ndem&#8230; \u00a1Desde ir a escalar a un roc\u00f3dromo hasta visitar una exposici\u00f3n de arte urbano! \u00a1Disfruta de los mejores planes en Barcelona!<\/p>\n<p>\u00a0<\/p>\n<p><span style=\"color: #99cc00;\">[Exposici\u00f3n] <span style=\"color: #ff0000;\"><a style=\"color: #ff0000;\" href=\"https:\/\/www.casa.seat\/es\/agenda\/Exposicion-Fusta-i-rodes-la-historia-del-skate.html\">Fusta i rodes: la hist\u00f2ria del skateboard<\/a><\/span><\/span><\/p>\n<ul style=\"list-style-type: square;\">\n<li>Hasta el 26 de febrero<\/li>\n<li>Casa SEAT<\/li>\n<li>Ni\u00f1os\/as, j\u00f3venes y adolescentes<\/li>\n<li>Gratuito<\/li>\n<li><strong style=\"color: initial;\">\u00bfQu\u00e9 es? <\/strong>A trav\u00e9s de un recorrido hist\u00f3rico, que va desde el inicio de los monopatines en los a\u00f1os 40 hasta la actualidad, los visitantes podr\u00e1n conocer y disfrutar de piezas \u00fanicas y estaciones tem\u00e1ticas e interactivas en las que se podr\u00e1 ver, entre otros, la tabla utilizada en la grabaci\u00f3n de la pel\u00edcula Regreso al Futuro, la que dej\u00f3 Tony Hawk en su \u00faltima visita a Barcelona o la tabla y vestuario ol\u00edmpico utilizado por Danny Le\u00f3n en Tokyo 2020. Adem\u00e1s, de una estaci\u00f3n \u00fanica como la Secci\u00f3n Freak o un boombox photocall.<\/li>\n<\/ul>\n<p>\u00a0<\/p>\n<p><span style=\"color: #99cc00;\">[Exposici\u00f3n] <span style=\"color: #ff0000;\"><a style=\"color: #ff0000;\" href=\"https:\/\/ajuntament.barcelona.cat\/ccivics\/besos\/p\/43848\/urbamarbio\">Urbamarbio<\/a><\/span><\/span><\/p>\n<ul style=\"list-style-type: square;\">\n<li>Hasta el 15 de enero<\/li>\n<li>Centre C\u00edvic Bes\u00f2s<\/li>\n<li>Ni\u00f1os\/as, j\u00f3venes y adolescentes<\/li>\n<li>Gratuito<\/li>\n<li><strong><strong>\u00bfQu\u00e9 es? <\/strong><\/strong>Esta exposici\u00f3n hace un recorrido por los fondos marinos del Barcelon\u00e9s donde se observan especies muy comunes que se pueden encontrar en las playas de Barcelona, Sant Adri\u00e0 de Bes\u00f2s y Badalona. Una biodiversidad marina muy pr\u00f3xima y a la vez muy desconocida. Todas las fotograf\u00edas est\u00e1n hechas por los participantes del proyecto Urbamarbio de An\u00e8l\u00b7lides, servicios ambientales marinos.<br \/>\n<p>\u00a0<\/p>\n<\/li>\n<\/ul>\n<p><span style=\"color: #99cc00;\">[Exposici\u00f3n] <span style=\"color: #ff0000;\"><a style=\"color: #ff0000;\" href=\"https:\/\/ajuntament.barcelona.cat\/ccivics\/besos\/p\/44474\/la-otra-frontera\">La otra frontera<\/a><\/span><br \/><\/span><\/p>\n<ul style=\"list-style-type: square;\">\n<li>Hasta el 15 de enero<\/li>\n<li>Centre C\u00edvic Bes\u00f2s<\/li>\n<li>Ni\u00f1os\/as, j\u00f3venes y adolescentes<\/li>\n<li>Gratuito<\/li>\n<li><strong><strong>\u00bfQu\u00e9 es? <\/strong><\/strong>La \u201cOtra frontera\u201d documenta un recorrido por las dificultades e impedimentos que tienen las personas migrantes que quieren llegar a Europa, en busca de un futuro mejor para sus familias. Desde el a\u00f1o 2015, hasta la actualidad, Europa no ha parado de levantar fronteras e intensificar la vigilancia.<br \/>\n<p>\u00a0<\/p>\n<\/li>\n<\/ul>\n<p><span style=\"color: #99cc00;\">[Cine]<\/span> <span style=\"color: #ff0000;\"><a style=\"color: #ff0000;\" href=\"https:\/\/ajuntament.barcelona.cat\/ccivics\/zonanord\/p\/43568\/las-ninas\">Las ni\u00f1as<\/a><\/span><\/p>\n<ul style=\"list-style-type: square;\">\n<li>Viernes 14 de enero a las 19h<\/li>\n<li>Centre Civ\u00edc Zona Nord<\/li>\n<li>Ni\u00f1os\/as, j\u00f3venes y adolescentes<\/li>\n<li>Gratuito, con inscripci\u00f3n previa<\/li>\n<li><strong>Qu\u00e8 \u00e9s?<\/strong> [Pilar Palomero &#8211; 97 minutos] Celia, una ni\u00f1a de 11 a\u00f1os, estudia en un colegio de monjas de Zaragoza y vive con su madre. La Brisa, una nueva compa\u00f1era reci\u00e9n llegada de Barcelona, lo empuja hacia una nueva etapa en su vida: la adolescencia. En este viaje, en la Espa\u00f1a de la Expo y de los Juegos Ol\u00edmpicos del a\u00f1o 92, Celia descubre que la vida est\u00e1 hecha de muchas verdades y algunas mentiras.<br \/>\n<p>\u00a0<\/p>\n<\/li>\n<\/ul>\n<p><span style=\"color: #99cc00;\">[Cine]<\/span> <span style=\"color: #ff0000;\"><a style=\"color: #ff0000;\" href=\"https:\/\/ajuntament.barcelona.cat\/ccivics\/auditorisantmarti\/p\/44599\/cicle-pantalla-barcelona-una-mujer-fantastica\">Una mujer fant\u00e1stica<\/a><\/span><\/p>\n<ul style=\"list-style-type: square;\">\n<li>Mi\u00e9rcoles13 de diciembre a las 19h<\/li>\n<li>Auditori de Sant Mart\u00ed<\/li>\n<li>J\u00f3venes y adolescentes<\/li>\n<li>Gratuito, con inscripci\u00f3n previa<\/li>\n<li><strong>\u00bfQu\u00e9 es? <\/strong>[Sebasti\u00e1n Lelio, Chile \u2013 104 minutos] Ganadora del \u00d2scar a la Mejor Pel\u00edcula de Habla no Inglesa (2017). Marina es una joven camarera y aspirante a cantante, Orlando es amo de una imprenta. Est\u00e1n enamorados y planean un futuro juntos. Cuando Orlando muere repentinamente, Marina se ve obligada a enfrentarse a su familia y a la sociedad para demostrar el que ella es: una mujer completa, fuerte, honesta\u2026 fant\u00e1stica.<\/li>\n<\/ul>\n<p>\u00a0<\/p>\n<p><span style=\"color: #99cc00;\">[Deporte] <span style=\"color: #ff0000;\"><a style=\"color: #ff0000;\" href=\"https:\/\/ajuntament.barcelona.cat\/bocanord\/serveis\/rocodrom\/\">Roc\u00f3dromo Boca Nord<\/a><\/span><\/span><\/p>\n<ul style=\"list-style-type: square;\">\n<li>Todos los d\u00edas de 10:30 a 21:45h<\/li>\n<li>Espai Jove Boca Nord<\/li>\n<li>A partir de 12 a\u00f1os<\/li>\n<li>1 euro, con reserva pr\u00e8via<\/li>\n<li><strong>\u00bfQu\u00e9 es? <\/strong>Los j\u00f3venes escaladores y escaladoras que veng\u00e1is al Espai Jove Boca Nord podr\u00e9is disfrutar de un \u201cboulder\u201d con caracter\u00edsticas singulares donde podr\u00e9is practicar la escalada interior con tableros multi presas e itinerarios con diferentes dificultades.<strong><br \/><\/strong><\/li>\n<\/ul>\n<p>\u00a0<\/p>\n<p><span style=\"color: #99cc00;\">[Exposici\u00f3n]<\/span><a href=\"https:\/\/ajuntament.barcelona.cat\/bocanord\/exposicio-traumarte\/\">\u00a0<span style=\"color: #ff0000;\">#traumARTE<\/span><\/a><\/p>\n<ul style=\"list-style-type: square;\">\n<li>De lunes a s\u00e1bado de 16 a 22h<\/li>\n<li>Espai Jove Boca Nord<\/li>\n<li>J\u00f3venes y adolescentes<\/li>\n<li>Gratuito<\/li>\n<li><strong>\u00bfQu\u00e9 es?<\/strong>\n<p>\u00abPandemia Mundial.<br \/>4 de mayo: confinamiento.<br \/>Estoy sola en casa.<br \/>9:00 AM.<br \/>Me levanto.<br \/>No me encuentro bien.<br \/>Sufro un ICTUS\u201d<\/p>\n<p>Raquel Eme, seleccionada en el Stripart 2021, nos adentra en su proceso postraum\u00e1tico donde las artes pl\u00e1sticas, el dise\u00f1o en indumentaria, la danza\/movimiento, la fotograf\u00eda y el v\u00eddeo han sido esenciales en su recuperaci\u00f3n y re-evoluci\u00f3n personal.<\/p>\n<\/li>\n<\/ul>\n<p>\u00a0<\/p>\n<p><span style=\"color: #99cc00;\">[Exposici\u00f3n]<\/span> <span style=\"color: #ff0000;\"><a style=\"color: #ff0000;\" href=\"https:\/\/guia.barcelona.cat\/ca\/detall\/exposicio-in-visibles-i-o-cultes_99400672230.html\">&#8216;(In)visibles i (O)cultes&#8217;<\/a><\/span><\/p>\n<ul style=\"list-style-type: square;\">\n<li>Todos los d\u00edas hasta las 19h<\/li>\n<li>Museu de Ci\u00e8ncies Naturals de Barcelona<\/li>\n<li>J\u00f3venes y adolescentes<\/li>\n<li>Gratuito<\/li>\n<li><strong><strong>\u00bfQu\u00e9 es? <\/strong><\/strong>Un viaje a trav\u00e9s del espacio y el tiempo por la vida de 24 mujeres cient\u00edficas, las cuales la historia ha hecho invisibles. Desde el Antiguo Egipto hasta la Gran Breta\u00f1a del siglo XXI, pasando por todas las \u00e9pocas y todos los continentes, las mujeres han estado ocultas, en todas partes y desde siempre. En este viaje conoceremos las vidas de 24 mujeres que no han recibido reconocimiento cient\u00edfico por sus descubrimientos.<strong><strong><br \/><\/strong><\/strong>\n<p>\u00a0<\/p>\n<\/li>\n<\/ul>\n<p><span style=\"color: #99cc00;\">[Exposici\u00f3n]<\/span> <span style=\"color: #ff0000;\"><a style=\"color: #ff0000;\" href=\"https:\/\/www.canbaste.com\/16f-finalista_Com_un_peto_al_cor-cat\/\">Com un pet\u00f3 al cor<\/a><\/span><\/p>\n<ul style=\"list-style-type: square;\">\n<li>Todos los d\u00edas a las 21h<\/li>\n<li>Centre C\u00edvic Can Bast\u00e9<\/li>\n<li>J\u00f3venes y adolescentes<\/li>\n<li><span style=\"color: initial;\">Gratuito<\/span><\/li>\n<li><strong><strong>\u00bfQu\u00e9 es? <\/strong><\/strong>A partir de las im\u00e1genes felices del \u00e1lbum familiar, afronto una narraci\u00f3n basada en el miedo, la verg\u00fcenza y la culpa. Me centro en la violencia de g\u00e9nero y en los abusos que se realizan en el espacio privado, el hogar, y en el silencio que comporta vivir en \u00e9l. Trabajo desde el lugar de la ni\u00f1a\/adulta, sobre la investigaci\u00f3n y la liberaci\u00f3n de la misma identidad, a trav\u00e9s del espacio y del cuerpo. Representando el luto de la muerte f\u00edsica y psicol\u00f3gica de un cuerpo vivo que sufre las consecuencias de un recuerdo que persiste en el presente.<\/li>\n<\/ul>\n<p>\u00a0<\/p>\n<p><span style=\"color: #99cc00;\">[Exposici\u00f3n]<\/span> <a href=\"https:\/\/guia.barcelona.cat\/ca\/detall\/exposicio-subirachs-retorn-al-poblenou_99400653883.html\"><span style=\"color: #ff0000;\">&#8216;Subirachs. Retorn al Poblenou&#8217;<\/span><\/a><\/p>\n<ul style=\"list-style-type: square;\">\n<li>Jueves, viernes y s\u00e1bados de 17h a 20h<\/li>\n<li>Espai Subirachs &#8211; Poblenou<\/li>\n<li>J\u00f3venes y adolescentes<\/li>\n<li>Gratuito<\/li>\n<li><strong><strong>\u00bfQu\u00e9 es? <\/strong><\/strong>Exposici\u00f3n permanente del legado de Josep M. Subirachs (Barcelona, 1927-2014), escultor catal\u00e1n de reconocido prestigio internacional. A trav\u00e9s de un recorrido de m\u00e1s de un centenar de obras, se puede seguir la trayectoria, prol\u00edfica y dilatada, del artista y redescubrir una amplia y polifac\u00e9tica producci\u00f3n que a menudo ha quedado eclipsada por el eco de su monumental intervenci\u00f3n en la fachada de la Pasi\u00f3n de la Bas\u00edlica de la Sagrada Familia. Adem\u00e1s de esculturas de materiales diversos, en el \u00abEspai Subirachs\u00bb se exponen esbozos, dibujos, grabados, litograf\u00edas, carteles, pinturas, joyas y medallas<\/li>\n<\/ul>\n<p>\u00a0<\/p>\n<p><span style=\"color: #99cc00;\">[Exposici\u00f3n &#8211; Arte urbano]<\/span> <span style=\"color: #ff0000;\"><a style=\"color: #ff0000;\" href=\"https:\/\/www.mmb.cat\/exposicions\/traspassant-mars-i-murs\/\">\u201cTraspassant mars i murs. L\u2019art com a salvavides\u201d<\/a><\/span><\/p>\n<ul style=\"list-style-type: square;\">\n<li>Todos los d\u00edas de 10h a 20h<\/li>\n<li>Museu Mar\u00edtim de Barcelona<\/li>\n<li>J\u00f3venes y adolescentes<\/li>\n<li>Gratuito<\/li>\n<li><strong><strong><strong>\u00bfQu\u00e9 es? <\/strong><\/strong><\/strong>La exposici\u00f3n muestra fotograf\u00edas y dibujos preparatorios de este proyecto de transformaci\u00f3n social: un mural de 60 metros lineales, que rodea el Centro Can Lupi\u00e0, pintado por 182 j\u00f3venes internos, los cuales decidieron dedicar el \u00faltimo tramo al mar.\n<p>\u201cTraspasando muros\u201d es el proyecto de mediaci\u00f3n art\u00edstica de la Fundaci\u00f3n Setba, entidad sin \u00e1nimo de lucro que quiere contribuir a la transformaci\u00f3n social a trav\u00e9s de la cultura. La Fundaci\u00f3n idea proyectos con artistas profesionales y recibe el apoyo, en este caso, del Departamento de Justicia de la Generalitat de Catalu\u00f1a.<\/p>\n<p>\u00a0<\/p>\n<\/li>\n<\/ul>\n<p><span style=\"color: #99cc00;\">[Cuentacuentos]<\/span> <span style=\"color: #ff0000;\"><a style=\"color: #ff0000;\" href=\"https:\/\/guia.barcelona.cat\/ca\/detall\/cicle-les-invisibles-conta-contes-cientifics-a-carrec-de-les-luciferases_99400676915.html\">\u00abCicle &#8216;Les invisibles: conta contes cient\u00edfics&#8217;, a c\u00e0rrec de Les Luciferases\u00bb<\/a><\/span><\/p>\n<ul style=\"list-style-type: square;\">\n<li>17 de enero de 17.30h a 18.30h<\/li>\n<li>Biblioteca Vilapicina i la Torre Llobeta<\/li>\n<li>Ni\u00f1os y ni\u00f1as hasta los 10 a\u00f1os<\/li>\n<li>Gratuito<\/li>\n<li><strong><strong>\u00bfQu\u00e9 es? <\/strong><\/strong>Ciclo para potenciar las vocaciones cient\u00edficas con una perspectiva de g\u00e9nero. Se har\u00e1n a trav\u00e9s de seis cuentacuentos y su posterior actividad, a partir del mes de octubre y hasta marzo.<\/li>\n<\/ul>\n<p>\u00a0<\/p>\n<p><span style=\"color: #99cc00;\">[Teatro] <span style=\"color: #ff0000;\"><a style=\"color: #ff0000;\" href=\"https:\/\/www.ccsagradafamilia.net\/agenda-cultural\/\">BATEC. UNA TRILOGIA<\/a><\/span><br \/><\/span><\/p>\n<ul style=\"list-style-type: square;\">\n<li>Jueves 27 de enero a las 20h<\/li>\n<li><span style=\"color: initial;\">Centre C\u00edvic Sagrada Fam\u00edlia<\/span><\/li>\n<li>J\u00f3venes y adolescentes<\/li>\n<li>Gratuito, con inscripci\u00f3n previa<\/li>\n<li><strong><strong>\u00bfQu\u00e9 es? <\/strong><\/strong>El equilibrio entre la ilusi\u00f3n y la frustraci\u00f3n siempre ha sido demasiado fr\u00e1gil. Especialmente si hablamos de mujeres (y no de una, ni de dos, ni de tres, como aqu\u00ed) que por profesi\u00f3n perenne han tenido que cuidarnos; por rutina, acatar; y a quien hicieron creer que los sue\u00f1os existen por no cumplirse. Para todas ellas, esta admiraci\u00f3n en forma de trilog\u00eda.<strong><strong><br \/><\/strong><\/strong>\n<p>\u00a0<\/p>\n<\/li>\n<\/ul>\n<p><span style=\"color: #99cc00;\">[Teatro]<\/span> <span style=\"color: #ff0000;\"><a style=\"color: #ff0000;\" href=\"https:\/\/guia.barcelona.cat\/ca\/detall\/teatre-cabeza-de-calabaza-corazon-de-manzana-carrec-de-compania-de-teatro-libertario-barcelona-tlba_99400682202.html\">Cabeza de calabaza, coraz\u00f3n de manzana\u00bb, a c\u00e0rrec de Compa\u00f1ia de Teatro Libertario Barcelona (TLBA)<\/a><\/span><\/p>\n<ul style=\"list-style-type: square;\">\n<li>Viernes 28 de enero a las 17.30h<\/li>\n<li>Centre C\u00edvic Navas<\/li>\n<li><span style=\"color: initial;\">Ni\u00f1os y ni\u00f1as<\/span><\/li>\n<li><span style=\"color: initial;\">Gratuito, con inscripci\u00f3n previa<\/span><\/li>\n<li><strong><strong>\u00bfQu\u00e9 es? <\/strong><\/strong>La obra explica la historia de un p\u00e1jaro que entra en una granja en busca de alimento cuando es descubierto por un granjero que le ofrece trabajo a cambio de comida. El conflicto aparece cuando el hombre no cumple el trato alegando que su socia es muy trabajadora pero, tambi\u00e9n muy hambrienta. Al ver sus sue\u00f1os hechos pedazos, el p\u00e1jaro decide ir a buscar aquello que le pertenece por derecho: la calabaza m\u00e1s apreciada de la granja. Conflictos, emociones, poes\u00eda y suspense en una obra dirigida la p\u00fablico infantil.<br \/>\n<p>\u00a0<\/p>\n<\/li>\n<\/ul>\n<p><span style=\"color: #99cc00;\">[Actividad &#8211; Festa Major de Sant Antoni]<\/span> <span style=\"color: #ff0000;\"><a style=\"color: #ff0000;\" href=\"https:\/\/fmsantantoni.com\/\">Taller abierto de percusi\u00f3n corporal<\/a><\/span><\/p>\n<ul style=\"list-style-type: square;\">\n<li>Mi\u00e9rcoles 19 de enero a las 19h<\/li>\n<li>Cotxeres Borrell<\/li>\n<li><span style=\"color: initial;\">Ni\u00f1os\/as, j\u00f3venes y adolescentes\u00a0<\/span><\/li>\n<li><span style=\"color: initial;\">Gratuito, con inscripci\u00f3n previa<\/span><\/li>\n<li><strong>\u00bfQu\u00e9 es?<\/strong> La percusi\u00f3n corporal es un arte que une m\u00fasica y danza mediante los sonidos que produce el choque de dos partes del cuerpo. Los principales usos de esta pr\u00e1ctica son did\u00e1cticos, terap\u00e9uticos, sociales, l\u00fadicos o est\u00e9ticos, entre otros.<br \/>\n<p>\u00a0<\/p>\n<\/li>\n<\/ul>\n<p><span style=\"color: #99cc00;\">[Ocio &#8211; Festa Major de Sant Antoni]<\/span> <span style=\"color: #ff0000;\"><a style=\"color: #ff0000;\" href=\"https:\/\/fmsantantoni.com\/\">Sesi\u00f3n de juegos de mesa en catal\u00e1n<\/a><\/span><\/p>\n<ul style=\"list-style-type: square;\">\n<li>Jueves 20 de enero de 17 h a 18 h<\/li>\n<li><span style=\"color: initial;\">Cal\u00e0bria 66<\/span><\/li>\n<li><span style=\"color: initial;\">Ni\u00f1os\/as, adolescentes y j\u00f3venes<\/span><\/li>\n<li>Gratuito, con inscripci\u00f3n previa<\/li>\n<\/ul>\n","protected":false},"excerpt":{"rendered":"<p>Volvemos de las vacaciones de Navidad con m\u00e1s ganas que nunca de hacer mentor\u00eda! En enero, te proponemos un mont\u00f3n de salidas para hacer con tu t\u00e1ndem&#8230; \u00a1Desde ir a escalar a un roc\u00f3dromo hasta visitar una exposici\u00f3n de arte urbano! \u00a1Disfruta de los mejores planes en Barcelona! \u00a0 [Exposici\u00f3n] Fusta i rodes: la hist\u00f2ria &hellip; <a href=\"https:\/\/entandem.cat\/es\/recursos-es\/agenda-cultural-enero-2022-bcn\/\">Continued<\/a><\/p>\n","protected":false},"author":1,"featured_media":9480,"comment_status":"closed","ping_status":"open","sticky":false,"template":"","format":"standard","meta":{"footnotes":""},"categories":[655,320],"tags":[463,510,467,499,485,336,331],"class_list":["post-9464","post","type-post","status-publish","format-standard","has-post-thumbnail","hentry","category-barcelona-es","category-recursos-es","tag-adolescents-es","tag-agenda-cultural-es","tag-entandem-es","tag-exposicio-es-2","tag-joves-es","tag-mentoria-social-es","tag-voluntariat-es"],"yoast_head":"<!-- This site is optimized with the Yoast SEO plugin v27.0 - https:\/\/yoast.com\/product\/yoast-seo-wordpress\/ -->\n<title>Agenda cultural - Enero 2022 (BCN) - enT\u00e0ndem<\/title>\n<meta name=\"robots\" content=\"index, follow, max-snippet:-1, max-image-preview:large, max-video-preview:-1\" \/>\n<link rel=\"canonical\" href=\"https:\/\/entandem.cat\/es\/recursos-es\/agenda-cultural-enero-2022-bcn\/\" \/>\n<meta property=\"og:locale\" content=\"es_ES\" \/>\n<meta property=\"og:type\" content=\"article\" \/>\n<meta property=\"og:title\" content=\"Agenda cultural - Enero 2022 (BCN) - enT\u00e0ndem\" \/>\n<meta property=\"og:description\" content=\"Volvemos de las vacaciones de Navidad con m\u00e1s ganas que nunca de hacer mentor\u00eda! En enero, te proponemos un mont\u00f3n de salidas para hacer con tu t\u00e1ndem&#8230; \u00a1Desde ir a escalar a un roc\u00f3dromo hasta visitar una exposici\u00f3n de arte urbano! \u00a1Disfruta de los mejores planes en Barcelona! \u00a0 [Exposici\u00f3n] Fusta i rodes: la hist\u00f2ria &hellip; Continued\" \/>\n<meta property=\"og:url\" content=\"https:\/\/entandem.cat\/es\/recursos-es\/agenda-cultural-enero-2022-bcn\/\" \/>\n<meta property=\"og:site_name\" content=\"enT\u00e0ndem\" \/>\n<meta property=\"article:publisher\" content=\"https:\/\/www.facebook.com\/afevcat\" \/>\n<meta property=\"article:published_time\" content=\"2021-12-27T19:07:59+00:00\" \/>\n<meta property=\"article:modified_time\" content=\"2022-01-18T14:15:59+00:00\" \/>\n<meta property=\"og:image\" content=\"https:\/\/entandem.cat\/wp-content\/uploads\/2021\/12\/NV-Agenda-Cultural-BCN-Enero-2022.png\" \/>\n\t<meta property=\"og:image:width\" content=\"1200\" \/>\n\t<meta property=\"og:image:height\" content=\"800\" \/>\n\t<meta property=\"og:image:type\" content=\"image\/png\" \/>\n<meta name=\"author\" content=\"adminTandem\" \/>\n<meta name=\"twitter:card\" content=\"summary_large_image\" \/>\n<meta name=\"twitter:creator\" content=\"@afevcat\" \/>\n<meta name=\"twitter:site\" content=\"@afevcat\" \/>\n<meta name=\"twitter:label1\" content=\"Escrito por\" \/>\n\t<meta name=\"twitter:data1\" content=\"adminTandem\" \/>\n\t<meta name=\"twitter:label2\" content=\"Tiempo de lectura\" \/>\n\t<meta name=\"twitter:data2\" content=\"7 minutos\" \/>\n<script type=\"application\/ld+json\" class=\"yoast-schema-graph\">{\"@context\":\"https:\/\/schema.org\",\"@graph\":[{\"@type\":\"Article\",\"@id\":\"https:\/\/entandem.cat\/es\/recursos-es\/agenda-cultural-enero-2022-bcn\/#article\",\"isPartOf\":{\"@id\":\"https:\/\/entandem.cat\/es\/recursos-es\/agenda-cultural-enero-2022-bcn\/\"},\"author\":{\"name\":\"adminTandem\",\"@id\":\"https:\/\/entandem.cat\/#\/schema\/person\/2111428ce1954193a11054a1e2b5b0da\"},\"headline\":\"Agenda cultural &#8211; Enero 2022 (BCN)\",\"datePublished\":\"2021-12-27T19:07:59+00:00\",\"dateModified\":\"2022-01-18T14:15:59+00:00\",\"mainEntityOfPage\":{\"@id\":\"https:\/\/entandem.cat\/es\/recursos-es\/agenda-cultural-enero-2022-bcn\/\"},\"wordCount\":1631,\"publisher\":{\"@id\":\"https:\/\/entandem.cat\/#organization\"},\"image\":{\"@id\":\"https:\/\/entandem.cat\/es\/recursos-es\/agenda-cultural-enero-2022-bcn\/#primaryimage\"},\"thumbnailUrl\":\"https:\/\/entandem.cat\/wp-content\/uploads\/2021\/12\/NV-Agenda-Cultural-BCN-Enero-2022.png\",\"keywords\":[\"adolescents\",\"agenda cultural\",\"entandem\",\"exposici\u00f3\",\"joves\",\"mentoria social\",\"voluntariat\"],\"articleSection\":[\"Barcelona\",\"Recursos\"],\"inLanguage\":\"es\"},{\"@type\":\"WebPage\",\"@id\":\"https:\/\/entandem.cat\/es\/recursos-es\/agenda-cultural-enero-2022-bcn\/\",\"url\":\"https:\/\/entandem.cat\/es\/recursos-es\/agenda-cultural-enero-2022-bcn\/\",\"name\":\"Agenda cultural - Enero 2022 (BCN) - enT\u00e0ndem\",\"isPartOf\":{\"@id\":\"https:\/\/entandem.cat\/#website\"},\"primaryImageOfPage\":{\"@id\":\"https:\/\/entandem.cat\/es\/recursos-es\/agenda-cultural-enero-2022-bcn\/#primaryimage\"},\"image\":{\"@id\":\"https:\/\/entandem.cat\/es\/recursos-es\/agenda-cultural-enero-2022-bcn\/#primaryimage\"},\"thumbnailUrl\":\"https:\/\/entandem.cat\/wp-content\/uploads\/2021\/12\/NV-Agenda-Cultural-BCN-Enero-2022.png\",\"datePublished\":\"2021-12-27T19:07:59+00:00\",\"dateModified\":\"2022-01-18T14:15:59+00:00\",\"breadcrumb\":{\"@id\":\"https:\/\/entandem.cat\/es\/recursos-es\/agenda-cultural-enero-2022-bcn\/#breadcrumb\"},\"inLanguage\":\"es\",\"potentialAction\":[{\"@type\":\"ReadAction\",\"target\":[\"https:\/\/entandem.cat\/es\/recursos-es\/agenda-cultural-enero-2022-bcn\/\"]}]},{\"@type\":\"ImageObject\",\"inLanguage\":\"es\",\"@id\":\"https:\/\/entandem.cat\/es\/recursos-es\/agenda-cultural-enero-2022-bcn\/#primaryimage\",\"url\":\"https:\/\/entandem.cat\/wp-content\/uploads\/2021\/12\/NV-Agenda-Cultural-BCN-Enero-2022.png\",\"contentUrl\":\"https:\/\/entandem.cat\/wp-content\/uploads\/2021\/12\/NV-Agenda-Cultural-BCN-Enero-2022.png\",\"width\":1200,\"height\":800},{\"@type\":\"BreadcrumbList\",\"@id\":\"https:\/\/entandem.cat\/es\/recursos-es\/agenda-cultural-enero-2022-bcn\/#breadcrumb\",\"itemListElement\":[{\"@type\":\"ListItem\",\"position\":1,\"name\":\"Inici\",\"item\":\"https:\/\/entandem.cat\/es\/\"},{\"@type\":\"ListItem\",\"position\":2,\"name\":\"Agenda cultural &#8211; Enero 2022 (BCN)\"}]},{\"@type\":\"WebSite\",\"@id\":\"https:\/\/entandem.cat\/#website\",\"url\":\"https:\/\/entandem.cat\/\",\"name\":\"enT\u00e0ndem\",\"description\":\"Voluntariat Social Universitari\",\"publisher\":{\"@id\":\"https:\/\/entandem.cat\/#organization\"},\"potentialAction\":[{\"@type\":\"SearchAction\",\"target\":{\"@type\":\"EntryPoint\",\"urlTemplate\":\"https:\/\/entandem.cat\/?s={search_term_string}\"},\"query-input\":{\"@type\":\"PropertyValueSpecification\",\"valueRequired\":true,\"valueName\":\"search_term_string\"}}],\"inLanguage\":\"es\"},{\"@type\":\"Organization\",\"@id\":\"https:\/\/entandem.cat\/#organization\",\"name\":\"enT\u00e0ndem\",\"url\":\"https:\/\/entandem.cat\/\",\"logo\":{\"@type\":\"ImageObject\",\"inLanguage\":\"es\",\"@id\":\"https:\/\/entandem.cat\/#\/schema\/logo\/image\/\",\"url\":\"https:\/\/entandem.cat\/wp-content\/uploads\/2016\/12\/logo-entandem.png\",\"contentUrl\":\"https:\/\/entandem.cat\/wp-content\/uploads\/2016\/12\/logo-entandem.png\",\"width\":166,\"height\":44,\"caption\":\"enT\u00e0ndem\"},\"image\":{\"@id\":\"https:\/\/entandem.cat\/#\/schema\/logo\/image\/\"},\"sameAs\":[\"https:\/\/www.facebook.com\/afevcat\",\"https:\/\/x.com\/afevcat\",\"https:\/\/www.instagram.com\/afevcat\/\"]},{\"@type\":\"Person\",\"@id\":\"https:\/\/entandem.cat\/#\/schema\/person\/2111428ce1954193a11054a1e2b5b0da\",\"name\":\"adminTandem\"}]}<\/script>\n<!-- \/ Yoast SEO plugin. -->","yoast_head_json":{"title":"Agenda cultural - Enero 2022 (BCN) - enT\u00e0ndem","robots":{"index":"index","follow":"follow","max-snippet":"max-snippet:-1","max-image-preview":"max-image-preview:large","max-video-preview":"max-video-preview:-1"},"canonical":"https:\/\/entandem.cat\/es\/recursos-es\/agenda-cultural-enero-2022-bcn\/","og_locale":"es_ES","og_type":"article","og_title":"Agenda cultural - Enero 2022 (BCN) - enT\u00e0ndem","og_description":"Volvemos de las vacaciones de Navidad con m\u00e1s ganas que nunca de hacer mentor\u00eda! En enero, te proponemos un mont\u00f3n de salidas para hacer con tu t\u00e1ndem&#8230; \u00a1Desde ir a escalar a un roc\u00f3dromo hasta visitar una exposici\u00f3n de arte urbano! \u00a1Disfruta de los mejores planes en Barcelona! \u00a0 [Exposici\u00f3n] Fusta i rodes: la hist\u00f2ria &hellip; Continued","og_url":"https:\/\/entandem.cat\/es\/recursos-es\/agenda-cultural-enero-2022-bcn\/","og_site_name":"enT\u00e0ndem","article_publisher":"https:\/\/www.facebook.com\/afevcat","article_published_time":"2021-12-27T19:07:59+00:00","article_modified_time":"2022-01-18T14:15:59+00:00","og_image":[{"width":1200,"height":800,"url":"https:\/\/entandem.cat\/wp-content\/uploads\/2021\/12\/NV-Agenda-Cultural-BCN-Enero-2022.png","type":"image\/png"}],"author":"adminTandem","twitter_card":"summary_large_image","twitter_creator":"@afevcat","twitter_site":"@afevcat","twitter_misc":{"Escrito por":"adminTandem","Tiempo de lectura":"7 minutos"},"schema":{"@context":"https:\/\/schema.org","@graph":[{"@type":"Article","@id":"https:\/\/entandem.cat\/es\/recursos-es\/agenda-cultural-enero-2022-bcn\/#article","isPartOf":{"@id":"https:\/\/entandem.cat\/es\/recursos-es\/agenda-cultural-enero-2022-bcn\/"},"author":{"name":"adminTandem","@id":"https:\/\/entandem.cat\/#\/schema\/person\/2111428ce1954193a11054a1e2b5b0da"},"headline":"Agenda cultural &#8211; Enero 2022 (BCN)","datePublished":"2021-12-27T19:07:59+00:00","dateModified":"2022-01-18T14:15:59+00:00","mainEntityOfPage":{"@id":"https:\/\/entandem.cat\/es\/recursos-es\/agenda-cultural-enero-2022-bcn\/"},"wordCount":1631,"publisher":{"@id":"https:\/\/entandem.cat\/#organization"},"image":{"@id":"https:\/\/entandem.cat\/es\/recursos-es\/agenda-cultural-enero-2022-bcn\/#primaryimage"},"thumbnailUrl":"https:\/\/entandem.cat\/wp-content\/uploads\/2021\/12\/NV-Agenda-Cultural-BCN-Enero-2022.png","keywords":["adolescents","agenda cultural","entandem","exposici\u00f3","joves","mentoria social","voluntariat"],"articleSection":["Barcelona","Recursos"],"inLanguage":"es"},{"@type":"WebPage","@id":"https:\/\/entandem.cat\/es\/recursos-es\/agenda-cultural-enero-2022-bcn\/","url":"https:\/\/entandem.cat\/es\/recursos-es\/agenda-cultural-enero-2022-bcn\/","name":"Agenda cultural - Enero 2022 (BCN) - enT\u00e0ndem","isPartOf":{"@id":"https:\/\/entandem.cat\/#website"},"primaryImageOfPage":{"@id":"https:\/\/entandem.cat\/es\/recursos-es\/agenda-cultural-enero-2022-bcn\/#primaryimage"},"image":{"@id":"https:\/\/entandem.cat\/es\/recursos-es\/agenda-cultural-enero-2022-bcn\/#primaryimage"},"thumbnailUrl":"https:\/\/entandem.cat\/wp-content\/uploads\/2021\/12\/NV-Agenda-Cultural-BCN-Enero-2022.png","datePublished":"2021-12-27T19:07:59+00:00","dateModified":"2022-01-18T14:15:59+00:00","breadcrumb":{"@id":"https:\/\/entandem.cat\/es\/recursos-es\/agenda-cultural-enero-2022-bcn\/#breadcrumb"},"inLanguage":"es","potentialAction":[{"@type":"ReadAction","target":["https:\/\/entandem.cat\/es\/recursos-es\/agenda-cultural-enero-2022-bcn\/"]}]},{"@type":"ImageObject","inLanguage":"es","@id":"https:\/\/entandem.cat\/es\/recursos-es\/agenda-cultural-enero-2022-bcn\/#primaryimage","url":"https:\/\/entandem.cat\/wp-content\/uploads\/2021\/12\/NV-Agenda-Cultural-BCN-Enero-2022.png","contentUrl":"https:\/\/entandem.cat\/wp-content\/uploads\/2021\/12\/NV-Agenda-Cultural-BCN-Enero-2022.png","width":1200,"height":800},{"@type":"BreadcrumbList","@id":"https:\/\/entandem.cat\/es\/recursos-es\/agenda-cultural-enero-2022-bcn\/#breadcrumb","itemListElement":[{"@type":"ListItem","position":1,"name":"Inici","item":"https:\/\/entandem.cat\/es\/"},{"@type":"ListItem","position":2,"name":"Agenda cultural &#8211; Enero 2022 (BCN)"}]},{"@type":"WebSite","@id":"https:\/\/entandem.cat\/#website","url":"https:\/\/entandem.cat\/","name":"enT\u00e0ndem","description":"Voluntariat Social Universitari","publisher":{"@id":"https:\/\/entandem.cat\/#organization"},"potentialAction":[{"@type":"SearchAction","target":{"@type":"EntryPoint","urlTemplate":"https:\/\/entandem.cat\/?s={search_term_string}"},"query-input":{"@type":"PropertyValueSpecification","valueRequired":true,"valueName":"search_term_string"}}],"inLanguage":"es"},{"@type":"Organization","@id":"https:\/\/entandem.cat\/#organization","name":"enT\u00e0ndem","url":"https:\/\/entandem.cat\/","logo":{"@type":"ImageObject","inLanguage":"es","@id":"https:\/\/entandem.cat\/#\/schema\/logo\/image\/","url":"https:\/\/entandem.cat\/wp-content\/uploads\/2016\/12\/logo-entandem.png","contentUrl":"https:\/\/entandem.cat\/wp-content\/uploads\/2016\/12\/logo-entandem.png","width":166,"height":44,"caption":"enT\u00e0ndem"},"image":{"@id":"https:\/\/entandem.cat\/#\/schema\/logo\/image\/"},"sameAs":["https:\/\/www.facebook.com\/afevcat","https:\/\/x.com\/afevcat","https:\/\/www.instagram.com\/afevcat\/"]},{"@type":"Person","@id":"https:\/\/entandem.cat\/#\/schema\/person\/2111428ce1954193a11054a1e2b5b0da","name":"adminTandem"}]}},"_links":{"self":[{"href":"https:\/\/entandem.cat\/es\/wp-json\/wp\/v2\/posts\/9464","targetHints":{"allow":["GET"]}}],"collection":[{"href":"https:\/\/entandem.cat\/es\/wp-json\/wp\/v2\/posts"}],"about":[{"href":"https:\/\/entandem.cat\/es\/wp-json\/wp\/v2\/types\/post"}],"author":[{"embeddable":true,"href":"https:\/\/entandem.cat\/es\/wp-json\/wp\/v2\/users\/1"}],"replies":[{"embeddable":true,"href":"https:\/\/entandem.cat\/es\/wp-json\/wp\/v2\/comments?post=9464"}],"version-history":[{"count":4,"href":"https:\/\/entandem.cat\/es\/wp-json\/wp\/v2\/posts\/9464\/revisions"}],"predecessor-version":[{"id":9539,"href":"https:\/\/entandem.cat\/es\/wp-json\/wp\/v2\/posts\/9464\/revisions\/9539"}],"wp:featuredmedia":[{"embeddable":true,"href":"https:\/\/entandem.cat\/es\/wp-json\/wp\/v2\/media\/9480"}],"wp:attachment":[{"href":"https:\/\/entandem.cat\/es\/wp-json\/wp\/v2\/media?parent=9464"}],"wp:term":[{"taxonomy":"category","embeddable":true,"href":"https:\/\/entandem.cat\/es\/wp-json\/wp\/v2\/categories?post=9464"},{"taxonomy":"post_tag","embeddable":true,"href":"https:\/\/entandem.cat\/es\/wp-json\/wp\/v2\/tags?post=9464"}],"curies":[{"name":"wp","href":"https:\/\/api.w.org\/{rel}","templated":true}]}}