{"id":9279,"date":"2021-11-30T08:57:49","date_gmt":"2021-11-30T08:57:49","guid":{"rendered":"https:\/\/entandem.cat\/?p=9279"},"modified":"2021-11-30T11:20:43","modified_gmt":"2021-11-30T11:20:43","slug":"agenda-cultural-diciembre-2021-vlc","status":"publish","type":"post","link":"https:\/\/entandem.cat\/es\/recursos-es\/agenda-cultural-diciembre-2021-vlc\/","title":{"rendered":"Agenda cultural &#8211; Diciembre 2021 (VLC)"},"content":{"rendered":"\n<p><strong><strong><span style=\"color:#99cc00\" class=\"has-inline-color\">[Arte]<\/span><\/strong><\/strong> <strong><a href=\"https:\/\/www.bienaldevalencia-ciutatvellaoberta.org\/\"><span style=\"color:#ff0000\" class=\"has-inline-color\">Biennal de Val\u00e8ncia<\/span><\/a><\/strong><\/p>\n\n\n<ul style=\"list-style-type: square;\">\n<li dir=\"ltr\" role=\"presentation\"><strong>\u00bfD\u00f3nde?<\/strong> Por toda la ciudad<\/li>\n<li><strong>\u00bfCu\u00e1ndo?<\/strong> Hasta enero 2022<\/li>\n<li><strong>\u00bfPara qui\u00e9n?<\/strong> Todos los p\u00fablicos<\/li>\n<li><strong>Precio:<\/strong> Gratis<\/li>\n<li><strong>\u00bfQu\u00e9 es?<\/strong> La Biennal de Val\u00e8ncia Ciutat Vella Oberta es una bienal multidisciplinar que pretende dinamizar el panorama art\u00edstico del distrito de Ciutat Vella de Valencia. Los vecinos, visitantes y turistas podr\u00e1n disfrutar del trabajo de artistas reconocidos y emergentes que abrir\u00e1n las puertas de sus talleres, espacios expositivos y museos del centro hist\u00f3rico.<\/li>\n<li><strong>\u00bfEnlace?<\/strong> <a href=\"https:\/\/www.bienaldevalencia-ciutatvellaoberta.org\/\">https:\/\/www.bienaldevalencia-ciutatvellaoberta.org\/<\/a>\u00a0\u00a0<\/li>\n<\/ul>\n<p><!-- \/wp:post-content --><\/p>\n<p><!-- wp:paragraph --><\/p>\n<p><strong><strong><strong><span class=\"has-inline-color\" style=\"color: #99cc00;\">[Exposici\u00f3n]<\/span><\/strong><\/strong><\/strong> <span style=\"color: #ff0000;\"><a style=\"color: #ff0000;\" href=\"https:\/\/www.ivam.es\/es\/exposiciones\/los-exilios-de-renau\/\"><strong><span class=\"has-inline-color\">Los exilios de Renau<\/span><\/strong><\/a><\/span><\/p>\n<ul style=\"list-style-type: square;\">\n<li dir=\"ltr\" role=\"presentation\"><strong>\u00bfD\u00f3nde?<\/strong> IVAM Guillem de Castro, 11846003 Valencia<\/li>\n<li dir=\"ltr\" role=\"presentation\"><strong>\u00bfCu\u00e1ndo?<\/strong> hasta el 9 de enero 2022, horario : Martes a domingo de 10:00 a 19:00 horas. Viernes de 10:00 a 21:00 horas. Lunes cerrado.<\/li>\n<li dir=\"ltr\" role=\"presentation\"><strong>\u00bfPara qui\u00e9n?<\/strong> J\u00f3venes a partir de 12 a\u00f1os<\/li>\n<li dir=\"ltr\" role=\"presentation\"><strong>Precio<\/strong>: Gratuito<\/li>\n<li dir=\"ltr\" role=\"presentation\"><strong>\u00bfQu\u00e9 es?<\/strong> Exposici\u00f3n sobre el art\u00edstico Josep Renau<\/li>\n<li dir=\"ltr\" role=\"presentation\"><strong>\u00bfEnlace?<\/strong> <a href=\"https:\/\/www.ivam.es\/es\/exposiciones\/los-exilios-de-renau\/\">https:\/\/www.ivam.es\/es\/exposiciones\/los-exilios-de-renau\/<\/a>\u00a0\u00a0<\/li>\n<\/ul>\n<p><!-- \/wp:paragraph --><\/p>\n<p><!-- wp:list --><\/p>\n<p><!-- \/wp:list --><\/p>\n<p><!-- wp:paragraph --><\/p>\n<p><strong><span class=\"has-inline-color\" style=\"color: #99cc00;\"><strong>[<\/strong>Teatro<strong><strong>]<\/strong><\/strong><\/span><\/strong> <span style=\"color: #ff0000;\"><a style=\"color: #ff0000;\" href=\"https:\/\/concursteatremislata.com\/wp-content\/uploads\/2021\/10\/programa-39-edicio-concurs-de-teatre-vila-de-mislata.pdf\"><strong><span class=\"has-inline-color\">Concurso de Teatre<\/span><\/strong><\/a><\/span><\/p>\n<ul style=\"list-style-type: square;\">\n<li dir=\"ltr\" role=\"presentation\"><strong>\u00bfD\u00f3nde?<\/strong> Centre Cultural Mislata\u00a0<\/li>\n<li dir=\"ltr\" role=\"presentation\"><strong>\u00bfCu\u00e1ndo?<\/strong> Todos los viernes de noviembre y diciembre a las 20:00<\/li>\n<li dir=\"ltr\" role=\"presentation\"><strong>\u00bfPara qui\u00e9n?<\/strong> J\u00f3venes entre 12 y 16 a\u00f1os<\/li>\n<li dir=\"ltr\" role=\"presentation\"><strong>Precio:<\/strong>\u00a0 Gratuito<\/li>\n<li dir=\"ltr\" role=\"presentation\"><strong>\u00bfQu\u00e9 es?<\/strong> Concurso de teatros de todo tipo\u00a0<\/li>\n<li dir=\"ltr\" role=\"presentation\"><strong>\u00bfEnlace?<\/strong> Para ver el programa y inscribirte <a href=\"https:\/\/concursteatremislata.com\/wp-content\/uploads\/2021\/10\/programa-39-edicio-concurs-de-teatre-vila-de-mislata.pdf\">aqu\u00ed\u00a0<\/a><\/li>\n<\/ul>\n<p><!-- \/wp:paragraph --><\/p>\n<p><!-- wp:list --><\/p>\n<p><!-- \/wp:list --><\/p>\n<p><!-- wp:paragraph --><\/p>\n<p><strong><strong><strong><span class=\"has-inline-color\" style=\"color: #99cc00;\"><strong>[<\/strong>Taller &#8211; Teatro<strong><strong>]<\/strong><\/strong><\/span><\/strong> <\/strong><\/strong> <strong><span class=\"has-inline-color\" style=\"color: #ff0000;\">Taller de Teatro Participativo<\/span><\/strong><\/p>\n<ul style=\"list-style-type: square;\">\n<li dir=\"ltr\" role=\"presentation\"><strong>\u00bfD\u00f3nde?<\/strong> Centro Municipal de Juventud de Orriols. Calle Santiago Rusi\u00f1ol, 333, 46019 Valencia<\/li>\n<li dir=\"ltr\" role=\"presentation\"><strong>\u00bfCu\u00e1ndo?<\/strong> Todos los viernes de 17:30 a 19:30 hasta diciembre<\/li>\n<li dir=\"ltr\" role=\"presentation\"><strong>\u00bfPara qui\u00e9n?<\/strong> J\u00f3venes entre ~12 y 16 a\u00f1os<\/li>\n<li dir=\"ltr\" role=\"presentation\"><strong>Precio:<\/strong> Gratuito<\/li>\n<li dir=\"ltr\" role=\"presentation\"><strong>\u00bfQu\u00e9 es?<\/strong> Un espacio para crear escenas de teatro, reflexionar sobre realidades sociales, transformarlas.\u00a0<\/li>\n<li dir=\"ltr\" role=\"presentation\"><strong>\u00bfEnlace?<\/strong> Hay que escribir a <a href=\"mailto:cmjorriols@valencia.es\">cmjorriols@valencia.es<\/a> para reservar, o llamarles<\/li>\n<\/ul>\n<p><!-- \/wp:paragraph --><\/p>\n<p><!-- wp:list --><\/p>\n<p><!-- \/wp:list --><\/p>\n<p><!-- wp:paragraph --><\/p>\n<p><strong><strong><strong><strong><span class=\"has-inline-color\" style=\"color: #99cc00;\"><strong>[<\/strong>Concierto<strong><strong>]<\/strong><\/strong><\/span><\/strong> <\/strong><\/strong><\/strong><span style=\"color: #ff0000;\"><a style=\"color: #ff0000;\" href=\"https:\/\/www.uv.es\/uvweb\/cultura\/ca\/llista-activitat\/duo-palau-1285871673078\/Activitat.html?id=1286222169820\"><span class=\"has-inline-color\"> <strong>Duo Palau &#8211; Concierto de m\u00fasica\u00a0<\/strong><\/span><\/a><\/span><\/p>\n<ul style=\"list-style-type: square;\">\n<li dir=\"ltr\" role=\"presentation\"><strong>\u00bfD\u00f3nde?<\/strong> Centro Cultural La Nau, Carrer de la Universitat, 2, 46003 Val\u00e8ncia, Valencia<\/li>\n<li dir=\"ltr\" role=\"presentation\"><strong>\u00bfCu\u00e1ndo?<\/strong> 1 de diciembre de 2021 de 19:00 a 20:30<\/li>\n<li dir=\"ltr\" role=\"presentation\"><strong>\u00bfPara qui\u00e9n? <\/strong>Todos los p\u00fablicos<\/li>\n<li dir=\"ltr\" role=\"presentation\"><strong>Precio:<\/strong> Entrada gratuita<\/li>\n<li dir=\"ltr\" role=\"presentation\"><strong>\u00bfQu\u00e9 es?<\/strong> Concierto de m\u00fasica piano y voz<\/li>\n<li dir=\"ltr\" role=\"presentation\"><strong>\u00bfEnlace?<\/strong> Reservar 72 horas antes del evento <a href=\"https:\/\/www.uv.es\/uvweb\/cultura\/ca\/llista-activitat\/duo-palau-1285871673078\/Activitat.html?id=1286222169820\">en este enlace<\/a><\/li>\n<\/ul>\n<p><!-- \/wp:paragraph --><\/p>\n<p><!-- wp:list --><\/p>\n<p><!-- \/wp:list --><\/p>\n<p><!-- wp:paragraph --><\/p>\n<p><strong><strong><strong><strong><span class=\"has-inline-color\" style=\"color: #99cc00;\"><strong>[<\/strong>Danza<strong><strong>]<\/strong><\/strong><\/span><\/strong> <\/strong><\/strong><span style=\"color: #ff0000;\"><a style=\"color: #ff0000;\" href=\"https:\/\/museobellasartesvalencia.gva.es\/documents\/169021322\/169031662\/AGENDA+ACTOS+2021\/dd97ab82-4198-45b7-8af7-d28ef1248200\"><span class=\"has-inline-color\">Paraules Buides &#8211; Danza contempor\u00e1nea<\/span><\/a><\/span><\/strong><\/p>\n<ul style=\"list-style-type: square;\">\n<li dir=\"ltr\" role=\"presentation\"><strong>\u00bfD\u00f3nde?<\/strong> Museo de Bellas Artes de Val\u00e8ncia. Carrer de Sant Pius V, 9, 46010 Val\u00e8ncia<\/li>\n<li dir=\"ltr\" role=\"presentation\"><strong>\u00bfCu\u00e1ndo?<\/strong> El 1 de diciembre a las 18h<\/li>\n<li dir=\"ltr\" role=\"presentation\"><strong>\u00bfPara qui\u00e9n?<\/strong> J\u00f3venes a partir de 12 a\u00f1os<\/li>\n<li dir=\"ltr\" role=\"presentation\"><strong>Precio:<\/strong> Gratis<\/li>\n<li dir=\"ltr\" role=\"presentation\"><strong>\u00bfQu\u00e9 es?<\/strong> Espect\u00e1culo de baile\u00a0<\/li>\n<li dir=\"ltr\" role=\"presentation\"><strong>\u00bfEnlace?<\/strong> Inscripci\u00f3n previa abierta desde las 10h del d\u00eda anterior a cada actividad, llamando al T. 96 387 03 00<\/li>\n<\/ul>\n<p><!-- \/wp:paragraph --><\/p>\n<p><!-- wp:list --><\/p>\n<p><!-- \/wp:list --><\/p>\n<p><!-- wp:paragraph --><\/p>\n<p><strong><strong><strong><strong><strong><strong><strong><span class=\"has-inline-color\" style=\"color: #99cc00;\"><strong><strong><strong><strong><span class=\"has-inline-color\" style=\"color: #99cc00;\"><strong>[<\/strong>Exposici\u00f3n<strong><strong>]<\/strong><\/strong><\/span><\/strong><\/strong><\/strong><\/strong> <\/span><\/strong><\/strong><\/strong><\/strong><\/strong><\/strong><\/strong> <span style=\"color: #ff0000;\"><a style=\"color: #ff0000;\" href=\"https:\/\/www.valencia.es\/val\/agenda-de-la-ciutat\/-\/content\/-dones-del-mon-exposicio-de-fotografies-de-creu-roja\"><strong><span class=\"has-inline-color\">Dones del m\u00f3n &#8211; Exposici\u00f3n de fotos<\/span><\/strong><\/a><\/span><\/p>\n<ul style=\"list-style-type: square;\">\n<li dir=\"ltr\" role=\"presentation\"><strong>\u00bfD\u00f3nde?<\/strong> Biblioteca Municipal del Cabanyal, el Canyamelar, Casa de la Reina. Carrer Reina, 85, 46011 Valencia<\/li>\n<li dir=\"ltr\" role=\"presentation\"><strong>\u00bfCu\u00e1ndo?<\/strong> El 1 y el 2 de diciembre\u00a0<\/li>\n<li dir=\"ltr\" role=\"presentation\"><strong>\u00bfPara qui\u00e9n?<\/strong> J\u00f3venes a partir de 12 a\u00f1os<\/li>\n<li dir=\"ltr\" role=\"presentation\"><strong>Precio:<\/strong> Gratis\u00a0<\/li>\n<li dir=\"ltr\" role=\"presentation\"><strong>\u00bfQu\u00e9 es?<\/strong> Exposici\u00f3n de la cruz roja<\/li>\n<li dir=\"ltr\" role=\"presentation\"><strong>\u00bfEnlace?<\/strong> <a href=\"https:\/\/www.valencia.es\/val\/agenda-de-la-ciutat\/-\/content\/-dones-del-mon-exposicio-de-fotografies-de-creu-roja\">https:\/\/www.valencia.es\/val\/agenda-de-la-ciutat\/-\/content\/-dones-del-mon-exposicio-de-fotografies-de-creu-roja<\/a>\u00a0\u00a0<\/li>\n<\/ul>\n<p><!-- \/wp:paragraph --><\/p>\n<p><!-- wp:list --><\/p>\n<p><!-- \/wp:list --><\/p>\n<p><!-- wp:paragraph --><\/p>\n<p><strong><strong><strong><strong><strong><strong><strong><span class=\"has-inline-color\" style=\"color: #99cc00;\"><strong>[<\/strong>Taller<strong><strong>]<\/strong><\/strong><\/span><\/strong><\/strong><\/strong><\/strong> <\/strong><\/strong><span style=\"color: #ff0000;\"><a style=\"color: #ff0000;\" href=\"https:\/\/www.joventut-valencia.es\/evento\/695\/taller-afectivo-sexual-para-jovenes\/\"><span class=\"has-inline-color\">Taller afectivo sexual para j\u00f3venes\u00a0<\/span><\/a><\/span><\/strong><\/p>\n<ul style=\"list-style-type: square;\">\n<li dir=\"ltr\" role=\"presentation\"><strong>\u00bfD\u00f3nde?<\/strong> CMJ Ciutat Vella. Pla\u00e7a del Portal Nou 1, 46003 Val\u00e8ncia<\/li>\n<li dir=\"ltr\" role=\"presentation\"><strong>\u00bfCu\u00e1ndo?<\/strong> Mi\u00e9rcoles, jueves y viernes 1, 2 y 3 de diciembre a las 18:00 hasta las 20:00<\/li>\n<li dir=\"ltr\" role=\"presentation\"><strong>\u00bfPara qui\u00e9n?<\/strong> J\u00f3venes desde 14 a\u00f1os<\/li>\n<li dir=\"ltr\" role=\"presentation\"><strong>Precio:<\/strong> Gratuito<\/li>\n<li dir=\"ltr\" role=\"presentation\"><strong>\u00bfQu\u00e9 es?<\/strong> Promoci\u00f3n de los derechos sexuales y reproductivos en un enfoque de g\u00e9nero y feminista que aporto una mirada innovadora, cr\u00edtica y reflexiva de la sexualidad y la reproducci\u00f3n. Tienes que llevar bol\u00edgrafo y libreta.<\/li>\n<li dir=\"ltr\" role=\"presentation\"><strong>\u00bfEnlace?<\/strong> Inscripci\u00f3n desde el 24 de noviembre 2021 <a href=\"https:\/\/www.joventut-valencia.es\/evento\/695\/taller-afectivo-sexual-para-jovenes\/\">en este enlace\u00a0<\/a><\/li>\n<\/ul>\n<p><!-- \/wp:paragraph --><\/p>\n<p><!-- wp:list --><\/p>\n<p><!-- \/wp:list --><\/p>\n<p><!-- wp:paragraph --><\/p>\n<p><strong><strong><strong><strong><strong><strong><strong><strong><strong><strong><span class=\"has-inline-color\" style=\"color: #99cc00;\"><strong>[<\/strong>Artes esc\u00e9nicas<strong><strong>]<\/strong><\/strong><\/span><\/strong><\/strong><\/strong><\/strong><\/strong><\/strong><\/strong> <\/strong><\/strong><span style=\"color: #ff0000;\"><a style=\"color: #ff0000;\" href=\"https:\/\/www.bombasgens.com\/es\/actividades\/bombas-dj-sessions\/\"><span class=\"has-inline-color\">BOMBAS DJ SESSIONS<\/span><\/a><\/span><\/strong><\/p>\n<ul style=\"list-style-type: square;\">\n<li dir=\"ltr\" role=\"presentation\"><strong>\u00bfD\u00f3nde?<\/strong> Centro cultural Bomba gens. Av. de Burjassot, 54, 46009 Val\u00e8ncia, Valencia\u00a0<\/li>\n<li dir=\"ltr\" role=\"presentation\"><strong>\u00bfCu\u00e1ndo?<\/strong> Viernes 3 de diciembre de 2021, 19:00h \u2013 20:30h.<\/li>\n<li dir=\"ltr\" role=\"presentation\"><strong>\u00bfPara qui\u00e9n?<\/strong> Todos los p\u00fablicos<\/li>\n<li dir=\"ltr\" role=\"presentation\"><strong>Precio:<\/strong> Entrada gratuita<\/li>\n<li dir=\"ltr\" role=\"presentation\"><strong>\u00bfQu\u00e9 es?<\/strong> Experiencia art\u00edstica y musical animada por un DJ<\/li>\n<li dir=\"ltr\" role=\"presentation\"><strong>\u00bfEnlace?<\/strong> <a href=\"https:\/\/www.bombasgens.com\/es\/actividades\/bombas-dj-sessions\/\">https:\/\/www.bombasgens.com\/es\/actividades\/bombas-dj-sessions\/<\/a>\u00a0\u00a0<\/li>\n<\/ul>\n<p><!-- \/wp:paragraph --><\/p>\n<p><!-- wp:list --><\/p>\n<p><!-- \/wp:list --><\/p>\n<p><!-- wp:paragraph --><\/p>\n<p><strong><strong><strong><strong><strong><strong><strong><strong><strong><strong><span class=\"has-inline-color\" style=\"color: #99cc00;\"><strong>[<\/strong>Taller<strong><strong>]<\/strong><\/strong><\/span><\/strong><\/strong><\/strong><\/strong><\/strong><\/strong><\/strong> <\/strong><\/strong><\/strong> <span style=\"color: #ff0000;\"><a style=\"color: #ff0000;\" href=\"https:\/\/www.joventut-valencia.es\/evento\/692\/customizacion-de-ropa\/\"><strong><span class=\"has-inline-color\">Customizaci\u00f3n de ropa\u00a0<\/span><\/strong><\/a><\/span><\/p>\n<ul style=\"list-style-type: square;\">\n<li dir=\"ltr\" role=\"presentation\"><strong>\u00bfD\u00f3nde?<\/strong> CMJ Trinitat. C\/ d&#8217;Almassora 30, 46010 Val\u00e8ncia<\/li>\n<li dir=\"ltr\" role=\"presentation\"><strong>\u00bfCu\u00e1ndo?<\/strong> Los viernes 3, 10 y 17 de diciembre a las 18:00 hasta las 20:00<\/li>\n<li dir=\"ltr\" role=\"presentation\"><strong>\u00bfPara qui\u00e9n?<\/strong> J\u00f3venes desde 16 a\u00f1os\u00a0<\/li>\n<li dir=\"ltr\" role=\"presentation\"><strong>Precio:<\/strong> Gratis<\/li>\n<li dir=\"ltr\" role=\"presentation\"><strong>\u00bfQu\u00e9 es?<\/strong> Daremos una segunda vida \u00fatil a las prendas de ropa, mediante la customizaci\u00f3n sencilla con pintura, tachas, pasamaner\u00eda, botones, hilos de colores, etc. Tendr\u00e1s que traer prendas que ya no uses (vaqueros, camisetas&#8230;)<\/li>\n<li dir=\"ltr\" role=\"presentation\"><strong>\u00bfEnlace?<\/strong> Inscripci\u00f3n desde el 19 de noviembre 2021 <a href=\"https:\/\/www.joventut-valencia.es\/evento\/692\/customizacion-de-ropa\/\">en este enlace<\/a>\u00a0<\/li>\n<\/ul>\n<p><!-- \/wp:paragraph --><\/p>\n<p><!-- wp:list --><\/p>\n<p><!-- \/wp:list --><\/p>\n<p><!-- wp:paragraph --><\/p>\n<p><strong><strong><strong><strong><strong><strong><strong><strong><strong><strong><span class=\"has-inline-color\" style=\"color: #99cc00;\"><strong>[<\/strong>Taller<strong><strong>]<\/strong><\/strong><\/span><\/strong><\/strong><\/strong><\/strong><\/strong><\/strong><\/strong><\/strong><\/strong><\/strong> <strong><span class=\"has-inline-color\" style=\"color: #ff0000;\">Una Mirada a la Infancia de Orriols en tiempos de la Covid-19 &#8211; Taller art\u00edstico<\/span><\/strong><\/p>\n<ul style=\"list-style-type: square;\">\n<li dir=\"ltr\" role=\"presentation\"><strong>\u00bfD\u00f3nde?<\/strong> CMJ Orriols. Carrer de Santiago Rusi\u00f1ol, 3, 46019 Val\u00e8ncia<\/li>\n<li dir=\"ltr\" role=\"presentation\"><strong>\u00bfCu\u00e1ndo?<\/strong> Los s\u00e1bados 4 y 11 de diciembre de las 10h a las 13h<\/li>\n<li dir=\"ltr\" role=\"presentation\"><strong>\u00bfPara qui\u00e9n?<\/strong> J\u00f3venes de 8 a 14 a\u00f1os\u00a0<\/li>\n<li dir=\"ltr\" role=\"presentation\"><strong>Precio:<\/strong> Gratuito<\/li>\n<li dir=\"ltr\" role=\"presentation\"><strong>\u00bfQu\u00e9 es?<\/strong> Taller art\u00edstico\u00a0<\/li>\n<li dir=\"ltr\" role=\"presentation\"><strong>\u00bfEnlace?<\/strong>\u00a0 Datos para las inscripciones 96 336 98 62 o <a href=\"mailto:cmjorriols@valencia.es\">cmjorriols@valencia.es<\/a>\u00a0\u00a0<\/li>\n<\/ul>\n<p><!-- \/wp:paragraph --><\/p>\n<p><!-- wp:list --><\/p>\n<p><!-- \/wp:list --><\/p>\n<p><!-- wp:paragraph --><\/p>\n<p><strong><strong><strong><strong><strong><strong><strong><strong><strong><strong><span class=\"has-inline-color\" style=\"color: #99cc00;\"><strong>[<\/strong>Taller<strong><strong>] <\/strong><\/strong><\/span><\/strong><\/strong><\/strong><\/strong><\/strong><\/strong><\/strong><\/strong><\/strong><\/strong><span style=\"color: #ff0000;\"><a style=\"color: #ff0000;\" href=\"https:\/\/www.valencia.es\/val\/agenda-de-la-ciutat\/-\/content\/trau-els-ulls-de-la-pintura-i-clava-les-mans\"><span class=\"has-inline-color\"><strong>Taller experimental de pintura<\/strong><\/span><\/a><\/span><\/p>\n<ul style=\"list-style-type: square;\">\n<li dir=\"ltr\" role=\"presentation\"><strong>\u00bfD\u00f3nde?<\/strong> MUVIM. GUILLEM DE CASTRO, 8,y QUEVEDO,10, 46001, VALENCIA<\/li>\n<li dir=\"ltr\" role=\"presentation\"><strong>\u00bfCu\u00e1ndo?<\/strong> El 4 y 11 de diciembre a las 18:00\u00a0<\/li>\n<li dir=\"ltr\" role=\"presentation\"><strong>\u00bfPara qui\u00e9n?<\/strong> Todos los p\u00fablicos<\/li>\n<li dir=\"ltr\" role=\"presentation\"><strong>Precio:<\/strong> gratis<\/li>\n<li dir=\"ltr\" role=\"presentation\"><strong>\u00bfQu\u00e9 es?<\/strong> taller de pintura abstracta, figurativa y emocional<\/li>\n<li dir=\"ltr\" role=\"presentation\"><strong>\u00bfEnlace?<\/strong> <a href=\"https:\/\/www.valencia.es\/val\/agenda-de-la-ciutat\/-\/content\/trau-els-ulls-de-la-pintura-i-clava-les-mans\">https:\/\/www.valencia.es\/val\/agenda-de-la-ciutat\/-\/content\/trau-els-ulls-de-la-pintura-i-clava-les-mans<\/a>\u00a0\u00a0<\/li>\n<\/ul>\n<p><!-- \/wp:paragraph --><\/p>\n<p><!-- wp:list --><\/p>\n<p><!-- \/wp:list --><\/p>\n<p><!-- wp:paragraph --><\/p>\n<p><strong><strong><strong><strong><strong><strong><strong><strong><strong><strong><strong><strong><strong><span class=\"has-inline-color\" style=\"color: #99cc00;\"><strong>[<\/strong>Deporte<strong><strong>]<\/strong><\/strong><\/span><\/strong><\/strong><\/strong><\/strong><\/strong><\/strong><\/strong><\/strong><\/strong><\/strong> <\/strong><\/strong><span style=\"color: #ff0000;\"><a style=\"color: #ff0000;\" href=\"http:\/\/www.juventud-valencia.es\/\"><span class=\"has-inline-color\">Aventura\u2019t<\/span><\/a><\/span><\/strong><\/p>\n<ul style=\"list-style-type: square;\">\n<li dir=\"ltr\" role=\"presentation\"><strong>\u00bfD\u00f3nde?<\/strong> Desde los centros de Juventud\u00a0\u00a0<\/li>\n<li dir=\"ltr\" role=\"presentation\"><strong>\u00bfCu\u00e1ndo?<\/strong> El 4 de diciembre a las 9:00 hasta las 18:30\u00a0<\/li>\n<li dir=\"ltr\" role=\"presentation\"><strong>\u00bfPara qui\u00e9n?<\/strong> J\u00f3venes entre 12 y 16 a\u00f1os<\/li>\n<li dir=\"ltr\" role=\"presentation\"><strong>Precio:<\/strong> Gratuita, comida incluida<\/li>\n<li dir=\"ltr\" role=\"presentation\"><strong>\u00bfQu\u00e9 es?<\/strong> Roc\u00f3dromo, piragua, tirolina, arc, etc\u00e9tera\u00a0<\/li>\n<li dir=\"ltr\" role=\"presentation\"><strong>\u00bfEnlace?<\/strong> Para inscribirse <a href=\"http:\/\/www.juventud-valencia.es\/\">http:\/\/www.juventud-valencia.es\/<\/a>\u00a0\u00a0<\/li>\n<\/ul>\n<p><!-- \/wp:paragraph --><\/p>\n<p><!-- wp:list --><\/p>\n<p><!-- \/wp:list --><\/p>\n<p><!-- wp:paragraph --><\/p>\n<p><strong><strong><strong><strong><strong><strong><strong><strong><strong><strong><strong><strong><strong><span class=\"has-inline-color\" style=\"color: #99cc00;\"><strong>[<\/strong>Taller<strong><strong>] <\/strong><\/strong><\/span><\/strong><\/strong><\/strong><\/strong><\/strong><\/strong><\/strong><\/strong><\/strong><\/strong><\/strong><\/strong><span style=\"color: #ff0000;\"><a style=\"color: #ff0000;\" href=\"https:\/\/au-agenda.com\/eventos\/jocs-la-rampa-4\/\"><span class=\"has-inline-color\">Jocs a la rampa. Experiencias l\u00fadicas colectivas\u00a0<\/span><\/a><\/span><\/strong><\/p>\n<ul style=\"list-style-type: square;\">\n<li dir=\"ltr\" role=\"presentation\"><strong>\u00bfD\u00f3nde?<\/strong> IVAM. Calle Guillem de Castro 118, 46003 Valencia\u00a0<\/li>\n<li dir=\"ltr\" role=\"presentation\"><strong>\u00bfCu\u00e1ndo?<\/strong> El 5 de diciembre a las 12:00<\/li>\n<li dir=\"ltr\" role=\"presentation\"><strong>\u00bfPara qui\u00e9n?<\/strong> Ni\u00f1@s entre 6 y 12 a\u00f1os.<\/li>\n<li dir=\"ltr\" role=\"presentation\"><strong>Precio:<\/strong> Gratuito<\/li>\n<li dir=\"ltr\" role=\"presentation\"><strong>\u00bfQu\u00e9 es?<\/strong> Taller de juego para disfrutar de tiempo l\u00fadico. Cambiar los espacios del IVAM para convertirlos en lugares animados.\u00a0<\/li>\n<li dir=\"ltr\" role=\"presentation\"><strong>\u00bfEnlace?<\/strong> <a href=\"https:\/\/au-agenda.com\/eventos\/jocs-la-rampa-4\/\">https:\/\/au-agenda.com\/eventos\/jocs-la-rampa-4\/<\/a>\u00a0\u00a0<\/li>\n<\/ul>\n<p><!-- \/wp:paragraph --><\/p>\n<p><!-- wp:list --><\/p>\n<p><!-- \/wp:list --><\/p>\n<p><!-- wp:paragraph --><\/p>\n<p><strong><strong><strong><strong><strong><strong><strong><strong><strong><strong><strong><strong><strong><span class=\"has-inline-color\" style=\"color: #99cc00;\"><strong>[<\/strong>Taller<strong><strong>]<\/strong><\/strong><\/span><\/strong><\/strong><\/strong><\/strong><\/strong><\/strong><\/strong><\/strong><\/strong><\/strong><\/strong><\/strong><\/strong> <span style=\"color: #ff0000;\"><a style=\"color: #ff0000;\" href=\"http:\/\/www.letno.es\/ca\/content\/tallers-familiars-tardor-2021\"><strong><span class=\"has-inline-color\">Els estamps en les teles africanes<\/span><\/strong><\/a><\/span><\/p>\n<ul style=\"list-style-type: square;\">\n<li dir=\"ltr\" role=\"presentation\"><strong>D\u00f3nde?<\/strong> L\u2019etno &#8211; museo valencia d\u2019etnologia. Carrer Corona, 36 46003 VAL\u00c8NCIA\u00a0<\/li>\n<li dir=\"ltr\" role=\"presentation\"><strong>\u00bfCu\u00e1ndo?<\/strong> Los domingos 5, 12 y 19 de diciembre desde las 12:30 hasta las 13:45\u00a0<\/li>\n<li dir=\"ltr\" role=\"presentation\"><strong>\u00bfPara qui\u00e9n?<\/strong> A partir de 4 a\u00f1os<\/li>\n<li dir=\"ltr\" role=\"presentation\"><strong>Precio:<\/strong> Gratis, entradas a partir de las 10:15 en el sitio<\/li>\n<li dir=\"ltr\" role=\"presentation\"><strong>\u00bfQu\u00e9 es?<\/strong> Talleres familiares con telas africanas\u00a0<\/li>\n<li dir=\"ltr\" role=\"presentation\"><strong>\u00bfEnlace?<\/strong> <a href=\"http:\/\/www.letno.es\/ca\/content\/tallers-familiars-tardor-2021\">http:\/\/www.letno.es\/ca\/content\/tallers-familiars-tardor-2021<\/a>\u00a0\u00a0\u00a0<\/li>\n<\/ul>\n<p><!-- \/wp:paragraph --><\/p>\n<p><!-- wp:list --><\/p>\n<p><!-- \/wp:list --><\/p>\n<p><!-- wp:paragraph --><\/p>\n<p><strong><strong><strong><strong><strong><strong><strong><strong><strong><strong><strong><strong><strong><span class=\"has-inline-color\" style=\"color: #99cc00;\"><strong>[<\/strong>Danza<strong><strong>]<\/strong><\/strong><\/span><\/strong><\/strong><\/strong><\/strong><\/strong><\/strong><\/strong><\/strong><\/strong><\/strong><\/strong><\/strong><\/strong> <span style=\"color: #ff0000;\"><a style=\"color: #ff0000;\" href=\"https:\/\/fallas.com\/index.php\/es\/main-jcf-es\/main-secretaria-es\/9863-calendario-de-actuaciones-del-xxiv-festival-de-balls-al-carrer\"><strong><span class=\"has-inline-color\">Bailes al Carrer &#8211; Representaci\u00f3n de bailes locales<\/span><\/strong><\/a><\/span><\/p>\n<ul style=\"list-style-type: square;\">\n<li dir=\"ltr\" role=\"presentation\"><strong>\u00bfD\u00f3nde?<\/strong> Plaza de la Virgen<\/li>\n<li dir=\"ltr\" role=\"presentation\"><strong>\u00bfCu\u00e1ndo?<\/strong> Cada dia festivo lunes 6.12, mi\u00e9rcoles 8.12 y domingos 5.12, 12.12, 19.12 a las 10h30<\/li>\n<li dir=\"ltr\" role=\"presentation\"><strong>\u00bfPara qui\u00e9n?<\/strong> todos los p\u00fablicos<\/li>\n<li dir=\"ltr\" role=\"presentation\"><strong>Precio:<\/strong> Gratuito<\/li>\n<li dir=\"ltr\" role=\"presentation\"><strong>\u00bfQu\u00e9 es?<\/strong> \u201cHistoria, tradici\u00f3n y baile se a\u00fanan en las exhibiciones de bailes regionales valencianos\u201d<\/li>\n<li dir=\"ltr\" role=\"presentation\"><strong>\u00bfEnlace?<\/strong> <a href=\"https:\/\/fallas.com\/index.php\/es\/main-jcf-es\/main-secretaria-es\/9863-calendario-de-actuaciones-del-xxiv-festival-de-balls-al-carrer\">https:\/\/fallas.com\/index.php\/es\/main-jcf-es\/main-secretaria-es\/9863-calendario-de-actuaciones-del-xxiv-festival-de-balls-al-carrer<\/a>\u00a0\u00a0<\/li>\n<\/ul>\n<p><!-- \/wp:paragraph --><\/p>\n<p><!-- wp:list --><\/p>\n<p><!-- \/wp:list --><\/p>\n<p><!-- wp:paragraph --><\/p>\n<p><strong><strong><strong><strong><strong><strong><strong><strong><strong><strong><strong><span class=\"has-inline-color\" style=\"color: #99cc00;\"><strong>[<\/strong>Teatro<strong><strong>]<\/strong><\/strong><\/span><\/strong><\/strong><\/strong><\/strong><\/strong><\/strong><\/strong><\/strong><\/strong><\/strong> <\/strong> <span style=\"color: #ff0000;\"><a style=\"color: #ff0000;\" href=\"https:\/\/teatrocirculo.com\/programacion\/\"><strong><span class=\"has-inline-color\">La miel\u00a0<\/span><\/strong><\/a><\/span><\/p>\n<ul style=\"list-style-type: square;\">\n<li dir=\"ltr\" role=\"presentation\"><strong>\u00bfD\u00f3nde?<\/strong> Teatro c\u00edrculo. Carrer Prudenci Alc\u00f3n i Mateu, 3, 46020 Val\u00e8ncia<\/li>\n<li dir=\"ltr\" role=\"presentation\"><strong>\u00bfCu\u00e1ndo?<\/strong> El 6 y 7 de diciembre a las 20:00<\/li>\n<li dir=\"ltr\" role=\"presentation\"><strong>\u00bfPara qui\u00e9n?<\/strong> P\u00fablico familiar<\/li>\n<li dir=\"ltr\" role=\"presentation\"><strong>Precio:<\/strong> Gratis, tienen que avisar a la referente de barrio para que llame el sitio<\/li>\n<li dir=\"ltr\" role=\"presentation\"><strong>\u00bfQu\u00e9 es?<\/strong> Teatro que habla de colaboraci\u00f3n, uni\u00f3n.\u00a0\u00a0<\/li>\n<li dir=\"ltr\" role=\"presentation\"><strong>\u00bfEnlace?<\/strong> <a href=\"https:\/\/teatrocirculo.com\/programacion\/\">https:\/\/teatrocirculo.com\/programacion\/<\/a>\u00a0\u00a0<\/li>\n<\/ul>\n<p><!-- \/wp:paragraph --><\/p>\n<p><!-- wp:list --><\/p>\n<p><!-- \/wp:list --><\/p>\n<p><!-- wp:paragraph --><\/p>\n<p><strong><strong><strong><strong><strong><strong><strong><strong><strong><strong><strong><strong><strong><span class=\"has-inline-color\" style=\"color: #99cc00;\"><strong>[<\/strong>Exposici\u00f3n<strong><strong>]<\/strong><\/strong><\/span><\/strong><\/strong><\/strong><\/strong><\/strong><\/strong><\/strong><\/strong><\/strong><\/strong><\/strong><\/strong><\/strong> <span style=\"color: #ff0000;\"><a style=\"color: #ff0000;\" href=\"https:\/\/www.uv.es\/uvweb\/cultura\/es\/lista-actividad\/nocturnes-div-mentre-ciutat-dorm-1900-1960-\/div-1285871673078\/Activitat.html?id=1286206783356\"><strong><span class=\"has-inline-color\">Nocturnes &#8211; Exposici\u00f3n de fotograf\u00eda\u00a0<\/span><\/strong><\/a><\/span><\/p>\n<ul style=\"list-style-type: square;\">\n<li dir=\"ltr\" role=\"presentation\"><strong>\u00bfD\u00f3nde?<\/strong> Centro Cultural La Nau, Carrer de la Universitat, 2, 46003 Val\u00e8ncia, Valencia<\/li>\n<li dir=\"ltr\" role=\"presentation\"><strong>\u00bfCu\u00e1ndo?<\/strong> Del 10 diciembre de 2021 al 27 febrero de 2022 durante los horarios de apertura del centro cultural\u00a0<\/li>\n<li dir=\"ltr\" role=\"presentation\"><strong>\u00bfPara qui\u00e9n?<\/strong> J\u00f3venes a partir de +\/- 10 a\u00f1os<\/li>\n<li dir=\"ltr\" role=\"presentation\"><strong>Precio:<\/strong>\u00a0Gratuito<\/li>\n<li dir=\"ltr\" role=\"presentation\"><strong>\u00bfQu\u00e9 es?<\/strong> Exposici\u00f3n de fotograf\u00eda de calles de noche\u00a0<\/li>\n<li dir=\"ltr\" role=\"presentation\"><strong>\u00bfEnlace?<\/strong> <a href=\"https:\/\/www.uv.es\/uvweb\/cultura\/es\/lista-actividad\/nocturnes-div-mentre-ciutat-dorm-1900-1960-\/div-1285871673078\/Activitat.html?id=1286206783356\">https:\/\/www.uv.es\/uvweb\/cultura\/es\/lista-actividad\/nocturnes-div-mentre-ciutat-dorm-1900-1960-\/div-1285871673078\/Activitat.html?id=1286206783356<\/a>\u00a0<\/li>\n<\/ul>\n<p><!-- \/wp:paragraph --><\/p>\n<p><!-- wp:list --><\/p>\n<p><!-- \/wp:list --><\/p>\n<p><!-- wp:paragraph --><\/p>\n<p><strong><strong><strong><strong><strong><strong><strong><strong><strong><strong><strong><strong><strong><span class=\"has-inline-color\" style=\"color: #99cc00;\"><strong>[<\/strong>Taller<strong><strong>]<\/strong><\/strong><\/span><\/strong><\/strong><\/strong><\/strong><\/strong><\/strong><\/strong><\/strong><\/strong><\/strong> <\/strong><\/strong><span style=\"color: #ff0000;\"><a style=\"color: #ff0000;\" href=\"https:\/\/www.joventut-valencia.es\/evento\/698\/natur-arte\/\"><span class=\"has-inline-color\">Taller Natur-arte<\/span><\/a><\/span><\/strong><\/p>\n<ul style=\"list-style-type: square;\">\n<li dir=\"ltr\" role=\"presentation\"><strong>\u00bfD\u00f3nde?<\/strong> CMJ Russafa. Carrer de Puerto Rico 42, 46006 Val\u00e8ncia<\/li>\n<li dir=\"ltr\" role=\"presentation\"><strong>\u00bfCu\u00e1ndo?<\/strong> Los 9, 10, 14, 16, 17 y 21 de diciembre desde las 18:30 hasta las 20:30.<\/li>\n<li dir=\"ltr\" role=\"presentation\"><strong>\u00bfPara qui\u00e9n?<\/strong> J\u00f3venes desde 12 a\u00f1os<\/li>\n<li dir=\"ltr\" role=\"presentation\"><strong>Precio:<\/strong> Gratis<\/li>\n<li dir=\"ltr\" role=\"presentation\"><strong>\u00bfQu\u00e9 es?<\/strong> Fomentaremos el respeto por la naturaleza y la diversidad, usando como herramientas el arte, elementos y espacios naturales, recreando uno en torno a la creaci\u00f3n libre, sin juicios. Los talleres empiezan con propuestas l\u00fadicas y creativas, donde tendr\u00e9is que poner a prueba la imaginaci\u00f3n, la creatividad, el compa\u00f1erismo, etc. Trabajamos desde la observaci\u00f3n y la transformaci\u00f3n de elementos naturales y art\u00edsticos en una obra de arte.<\/li>\n<li dir=\"ltr\" role=\"presentation\"><strong>\u00bfEnlace?<\/strong> Inscripci\u00f3n desde el 25 de noviembre 2021 <a href=\"https:\/\/www.joventut-valencia.es\/evento\/698\/natur-arte\/\">en este enlace<\/a>\u00a0\u00a0<\/li>\n<\/ul>\n<p><!-- \/wp:paragraph --><\/p>\n<p><!-- wp:list --><\/p>\n<p><!-- \/wp:list --><\/p>\n<p><!-- wp:paragraph --><\/p>\n<p><strong><strong><strong><strong><strong><strong><strong><strong><strong><strong><strong><strong><strong><span class=\"has-inline-color\" style=\"color: #99cc00;\"><strong>[<\/strong>Teatro<strong><strong>]<\/strong><\/strong><\/span><\/strong><\/strong><\/strong><\/strong><\/strong><\/strong><\/strong><\/strong><\/strong><\/strong> <\/strong><\/strong><span style=\"color: #ff0000;\"><a style=\"color: #ff0000;\" href=\"https:\/\/entradas.carmeteatre.com\/espectaculo\/4\/cuantas-estrellas-puedes-contar.html\"><span class=\"has-inline-color\">Cu\u00e1ntas estrellas puedes contar<\/span><\/a><\/span><\/strong><\/p>\n<ul style=\"list-style-type: square;\">\n<li dir=\"ltr\" role=\"presentation\"><strong>\u00bfD\u00f3nde?<\/strong> Sala Carme Teatre. C\/ GREGORIO GEA 6, BAJO, VALENCIA &#8211; 46009<\/li>\n<li dir=\"ltr\" role=\"presentation\"><strong>\u00bfCu\u00e1ndo?<\/strong> El 12 de diciembre a las 12:30 o a las 17:30<\/li>\n<li dir=\"ltr\" role=\"presentation\"><strong>\u00bfPara qui\u00e9n?<\/strong> Ni\u00f1os a partir de 5 a\u00f1os<\/li>\n<li dir=\"ltr\" role=\"presentation\"><strong>Precio:<\/strong> Gratis pero se necesita reservar una entrada. Hablalo con tu referente de barrio\u00a0 con adelantacion para pedir entradas gratuitas<\/li>\n<li dir=\"ltr\" role=\"presentation\"><strong>\u00bfQu\u00e9 es?<\/strong> Teatro familiar<\/li>\n<li dir=\"ltr\" role=\"presentation\"><strong>\u00bfEnlace?<\/strong> <a href=\"https:\/\/entradas.carmeteatre.com\/espectaculo\/4\/cuantas-estrellas-puedes-contar.html\">https:\/\/entradas.carmeteatre.com\/espectaculo\/4\/cuantas-estrellas-puedes-contar.html<\/a>\u00a0\u00a0\u00a0<\/li>\n<\/ul>\n<p><!-- \/wp:paragraph --><\/p>\n<p><!-- wp:list --><\/p>\n<p><!-- \/wp:list --><\/p>\n<p><!-- wp:paragraph --><\/p>\n<p><!-- \/wp:paragraph --><\/p>\n<p><!-- wp:list --><\/p>\n<p><!-- \/wp:list --><\/p>\n<p><!-- wp:paragraph --><\/p>\n<p><strong><strong><strong><strong><strong><strong><strong><strong><strong><strong><strong><strong><strong><span class=\"has-inline-color\" style=\"color: #99cc00;\"><strong>[<\/strong>Taller<strong><strong>]<\/strong><\/strong><\/span><\/strong><\/strong><\/strong><\/strong><\/strong><\/strong><\/strong><\/strong><\/strong><\/strong> <\/strong><\/strong><span style=\"color: #ff0000;\"><a style=\"color: #ff0000;\" href=\"https:\/\/www.joventut-valencia.es\/evento\/702\/taller-de-cosmetica-natural-artesanal\/\"><span class=\"has-inline-color\">Taller de cosm\u00e9tica natural artesanal<\/span><\/a><\/span><\/strong><\/p>\n<ul style=\"list-style-type: square;\">\n<li dir=\"ltr\" role=\"presentation\"><strong>\u00bfD\u00f3nde?<\/strong> CMJ Sant Isidre. Carrer de Jos\u00e9 Andreu Alabarta, 36, 46014 Val\u00e8ncia<\/li>\n<li dir=\"ltr\" role=\"presentation\"><strong>\u00bfCu\u00e1ndo?<\/strong> El 14 y 16 de diciembre a las 18:00 hasta las 19:30\u00a0<\/li>\n<li dir=\"ltr\" role=\"presentation\"><strong>\u00bfPara qui\u00e9n?<\/strong> J\u00f3venes desde 16 a\u00f1os\u00a0<\/li>\n<li dir=\"ltr\" role=\"presentation\"><strong>Precio?<\/strong> Gratis<\/li>\n<li dir=\"ltr\" role=\"presentation\"><strong>\u00bfQu\u00e9 es?<\/strong> En este taller aprenderemos a realizar nuestra propia cosm\u00e9tica artesanal y natural con ingredientes naturales y ecol\u00f3gicos.<\/li>\n<li dir=\"ltr\" role=\"presentation\"><strong>\u00bfEnlace?<\/strong> Inscripci\u00f3n desde el 30 de noviembre 2021 <a href=\"https:\/\/www.joventut-valencia.es\/evento\/702\/taller-de-cosmetica-natural-artesanal\/\">en este enlace<\/a>\u00a0<\/li>\n<\/ul>\n<p><!-- \/wp:paragraph --><\/p>\n<p><!-- wp:list --><\/p>\n<p><!-- \/wp:list --><\/p>\n<p><!-- wp:paragraph --><\/p>\n<p><strong><strong><strong><strong><strong><strong><strong><strong><strong><strong><strong><strong><strong><strong><span class=\"has-inline-color\" style=\"color: #99cc00;\"><strong>[<\/strong>Danza<strong><strong>]<\/strong><\/strong><\/span><\/strong><\/strong><\/strong><\/strong><\/strong><\/strong><\/strong><\/strong><\/strong><\/strong><\/strong><\/strong><\/strong> <span style=\"color: #ff0000;\"><a style=\"color: #ff0000;\" href=\"https:\/\/entradas.carmeteatre.com\/espectaculo\/4\/todo-lo-bueno-ocurre-en-silencio.html\">T<span class=\"has-inline-color\">odo lo bueno ocurre en silencio<\/span><\/a><\/span><\/strong><\/p>\n<ul style=\"list-style-type: square;\">\n<li dir=\"ltr\" role=\"presentation\"><strong>\u00bfD\u00f3nde?<\/strong> Sala Carme Teatre. C\/Gregorio Gea 6, Bajo, 46009 Valencia<\/li>\n<li dir=\"ltr\" role=\"presentation\"><strong>\u00bfCu\u00e1ndo?<\/strong> El 16, 17 de diciembre a las 20:00 y el 18 de diciembre a las 19:00<\/li>\n<li dir=\"ltr\" role=\"presentation\"><strong>\u00bfPara qui\u00e9n?<\/strong> J\u00f3venes desde 13 a\u00f1os<\/li>\n<li dir=\"ltr\" role=\"presentation\"><strong>Precio: <\/strong>Gratis pero se necesita reservar una entrada. H\u00e1blalo con tu referente de barrio y te las conseguimos<\/li>\n<li dir=\"ltr\" role=\"presentation\"><strong>\u00bfQu\u00e9 es?<\/strong> Danza contempor\u00e1nea\u00a0<\/li>\n<li dir=\"ltr\" role=\"presentation\"><strong>\u00bfEnlace?<\/strong> <a href=\"https:\/\/entradas.carmeteatre.com\/espectaculo\/4\/todo-lo-bueno-ocurre-en-silencio.html\">https:\/\/entradas.carmeteatre.com\/espectaculo\/4\/todo-lo-bueno-ocurre-en-silencio.html<\/a>\u00a0\u00a0<\/li>\n<\/ul>\n<p><!-- \/wp:paragraph --><\/p>\n<p><!-- wp:list --><\/p>\n<p><!-- \/wp:list --><\/p>\n<p><!-- wp:paragraph --><\/p>\n<p><strong><strong><strong><strong><strong><strong><strong><strong><strong><strong><strong><strong><strong><strong><strong><strong><span class=\"has-inline-color\" style=\"color: #99cc00;\"><strong>[<\/strong>Concierto<strong><strong>]<\/strong><\/strong><\/span><\/strong><\/strong><\/strong><\/strong><\/strong><\/strong><\/strong><\/strong><\/strong><\/strong><\/strong><\/strong><\/strong> <\/strong><\/strong><span style=\"color: #ff0000;\"><a style=\"color: #ff0000;\" href=\"https:\/\/octubre.cat\/\">Conciertos de m\u00fasica<\/a><\/span><\/strong><\/p>\n<ul style=\"list-style-type: square;\">\n<li dir=\"ltr\" role=\"presentation\"><strong>\u00bfD\u00f3nde?<\/strong> Octubre Centre de Cultura Contempor\u00e0nia. Sant Ferran 12, 46001 Valencia\u00a0<\/li>\n<li dir=\"ltr\" role=\"presentation\"><strong>\u00bfCu\u00e1ndo?<\/strong> El 17 de diciembre a las 20:00<\/li>\n<li dir=\"ltr\" role=\"presentation\"><strong>\u00bfPara qui\u00e9n?<\/strong> J\u00f3venes entre ~13 y 16 a\u00f1os<\/li>\n<li dir=\"ltr\" role=\"presentation\"><strong>Precio:<\/strong> Gratis<\/li>\n<li dir=\"ltr\" role=\"presentation\"><strong>\u00bfQu\u00e9 es?<\/strong> Conciertos de cantantes valencianas<\/li>\n<li dir=\"ltr\" role=\"presentation\"><strong>\u00bfEnlace?<\/strong> Mira el programa y reserva tu billete <a href=\"https:\/\/octubre.cat\/\">en este enlace<\/a>\u00a0<\/li>\n<\/ul>\n<p><!-- \/wp:paragraph --><\/p>\n<p><!-- wp:list --><\/p>\n<p><!-- \/wp:list --><\/p>\n<p><!-- wp:paragraph --><\/p>\n<p><strong><strong><strong><strong><strong><strong><strong><strong><strong><strong><strong><strong><strong><strong><strong><strong><span class=\"has-inline-color\" style=\"color: #99cc00;\"><strong>[<\/strong>Teatro<strong><strong>]<\/strong><\/strong><\/span><\/strong><\/strong><\/strong><\/strong><\/strong><\/strong><\/strong><\/strong><\/strong><\/strong><\/strong><\/strong><\/strong> <\/strong><\/strong><span style=\"color: #ff0000;\"><a style=\"color: #ff0000;\" href=\"https:\/\/entradas.carmeteatre.com\/espectaculo\/4\/lovo.html\">Lovo &#8211; Espect\u00e1culo de\u00a0teatro<\/a><\/span><\/strong><\/p>\n<ul style=\"list-style-type: square;\">\n<li dir=\"ltr\" role=\"presentation\"><strong>\u00bfD\u00f3nde?<\/strong>\u00a0 Sala Carme Teatre. C\/Gregorio Gea 6, Bajo, 46009 Valencia<\/li>\n<li dir=\"ltr\" role=\"presentation\"><strong>\u00bfCu\u00e1ndo?<\/strong> El 19 de diciembre a las 12:30 o a las 17:30<\/li>\n<li dir=\"ltr\" role=\"presentation\"><strong>\u00bfPara qui\u00e9n?<\/strong> A partir de 7 a\u00f1os<\/li>\n<li dir=\"ltr\" role=\"presentation\"><strong>Precio:<\/strong> Gratis pero se necesita reservar una entrada. Hablalo con tu referente de barrio con antelaci\u00f3n para pedir entradas gratuitas<\/li>\n<li dir=\"ltr\" role=\"presentation\"><strong>\u00bfQu\u00e9 es?<\/strong> Teatro familiar sobre la biodiversidad y el ser humano\u00a0<\/li>\n<li dir=\"ltr\" role=\"presentation\"><strong>\u00bfEnlace?<\/strong> <a href=\"https:\/\/entradas.carmeteatre.com\/espectaculo\/4\/lovo.html\">https:\/\/entradas.carmeteatre.com\/espectaculo\/4\/lovo.html<\/a>\u00a0<\/li>\n<\/ul>\n<p><!-- \/wp:paragraph --><\/p>\n<p><!-- wp:list --><\/p>\n<p><!-- \/wp:list --><\/p>\n<p><!-- wp:paragraph --><\/p>\n<p><strong><strong><strong><strong><strong><strong><strong><strong><strong><strong><strong><strong><strong><strong><strong><strong><strong><span class=\"has-inline-color\" style=\"color: #99cc00;\"><strong>[<\/strong>Exposici\u00f3n<strong><strong>]<\/strong><\/strong><\/span><\/strong><\/strong><\/strong><\/strong><\/strong><\/strong><\/strong><\/strong><\/strong><\/strong><\/strong><\/strong><\/strong> <\/strong><\/strong><\/strong><span style=\"color: #ff0000;\"><a style=\"color: #ff0000;\" href=\"https:\/\/www.visitvalencia.com\/agenda-valencia\/sculpting-reality-exposicion-fotografica-en-bombas-gens\">\u201cSculpting Reality\u201d, exposici\u00f3n fotogr\u00e1fica<\/a><\/span><\/strong><\/p>\n<ul style=\"list-style-type: square;\">\n<li dir=\"ltr\" role=\"presentation\"><strong>\u00bfD\u00f3nde?<\/strong> Centro cultural Bomba gent Av. de Burjassot, 54, 46009 Val\u00e8ncia, Valencia\u00a0<\/li>\n<li dir=\"ltr\" role=\"presentation\"><strong>\u00bfCu\u00e1ndo?<\/strong> Del 21.05.2021 al 15.05.2022 durante los horarios de apertura del museo\u00a0<\/li>\n<li dir=\"ltr\" role=\"presentation\"><strong>\u00bfPara qui\u00e9n?<\/strong> J\u00f3venes a partir de +\/- 12 a\u00f1os<\/li>\n<li dir=\"ltr\" role=\"presentation\"><strong>Precio:\u00a0<\/strong> Gratuito<\/li>\n<li dir=\"ltr\" role=\"presentation\"><strong>\u00bfQu\u00e9 es?<\/strong> Exposici\u00f3n sobre la historia fotogr\u00e1fica art\u00edstica desde los a\u00f1os treinta del siglo XX hasta la actualidad<\/li>\n<li dir=\"ltr\" role=\"presentation\"><strong>\u00bfEnlace?<\/strong> <a href=\"https:\/\/www.visitvalencia.com\/agenda-valencia\/sculpting-reality-exposicion-fotografica-en-bombas-gens\">https:\/\/www.visitvalencia.com\/agenda-valencia\/sculpting-reality-exposicion-fotografica-en-bombas-gens<\/a>\u00a0\u00a0<\/li>\n<\/ul>\n<p><!-- \/wp:paragraph --><\/p>\n<p><!-- wp:list --><\/p>\n<p><!-- \/wp:list --><\/p>\n<p><!-- wp:paragraph --><\/p>\n<p><strong><strong><strong><strong><strong><strong><strong><strong><strong><strong><strong><strong><strong><strong><strong><strong><strong><span class=\"has-inline-color\" style=\"color: #99cc00;\"><strong>[<\/strong>Actividad en l\u00ednea<strong><strong>]<\/strong><\/strong><\/span><\/strong><\/strong><\/strong><\/strong><\/strong><\/strong><\/strong><\/strong><\/strong><\/strong><\/strong><\/strong><\/strong><\/strong> <\/strong><\/strong><span style=\"color: #ff0000;\"><a style=\"color: #ff0000;\" href=\"https:\/\/filalagulla.org\/noticies\/1492-2021-la-colonialitat-en-el-nostre-adn-xerrada-gratuita-amb-sol-abejon\/\">1492-2021 la colonialidad en nuestro ADN &#8211; actividad en l\u00ednea<\/a><\/span><\/strong><\/p>\n<ul style=\"list-style-type: square;\">\n<li dir=\"ltr\" role=\"presentation\"><strong>\u00bfD\u00f3nde?<\/strong> En l\u00ednea\u00a0<\/li>\n<li dir=\"ltr\" role=\"presentation\"><strong>\u00bfCu\u00e1ndo?<\/strong> El 21 de diciembre a las 18:00\u00a0<\/li>\n<li dir=\"ltr\" role=\"presentation\"><strong>\u00bfPara qui\u00e9n?<\/strong> J\u00f3venes a partir de +\/- 12 a\u00f1os<\/li>\n<li dir=\"ltr\" role=\"presentation\"><strong>Precio: <\/strong>Gratuito<\/li>\n<li dir=\"ltr\" role=\"presentation\"><strong>\u00bfQu\u00e9 es ?<\/strong> Charla gratuita en l\u00ednea. \u201cSab\u00edas que Col\u00f3n cuando se muri\u00f3 en su \u00faltimo viaje, todav\u00eda continuaba pensando que estaba en India? \u00bfSabes que la palabra \u201cindios\u201d viene de la palabra India? Sabes que el acero de la Revoluci\u00f3n Industrial inglesa era chino y que China siglos antes hab\u00eda tenido su Revoluci\u00f3n Industrial? \u00bfSabes que el concepto de raza y el sistema racista est\u00e1 vinculado el 1492? Sabes que en esta ciudad se ense\u00f1aron por primera vez a los Reyes Cat\u00f3licos de manera triunfal los objetos expoliados y las personas secuestradas del primer viaje de Col\u00f3n a Abya Yala?\u201d<\/li>\n<li dir=\"ltr\" role=\"presentation\"><strong>\u00bfEnlace?<\/strong> <a href=\"https:\/\/filalagulla.org\/noticies\/1492-2021-la-colonialitat-en-el-nostre-adn-xerrada-gratuita-amb-sol-abejon\/\">https:\/\/filalagulla.org\/noticies\/1492-2021-la-colonialitat-en-el-nostre-adn-xerrada-gratuita-amb-sol-abejon\/<\/a>\u00a0<\/li>\n<\/ul>\n<p><!-- \/wp:paragraph --><\/p>\n<p><!-- wp:list --><\/p>\n<p><!-- \/wp:list --><\/p>\n<p><!-- wp:paragraph --><\/p>\n<p><strong><strong><strong><strong><strong><strong><strong><strong><strong><strong><strong><strong><strong><strong><strong><strong><span class=\"has-inline-color\" style=\"color: #99cc00;\"><strong>[<\/strong>Teatro<strong><strong>]<\/strong><\/strong><\/span><\/strong><\/strong><\/strong><\/strong><\/strong><\/strong><\/strong><\/strong><\/strong><\/strong><\/strong><\/strong><\/strong> <\/strong><\/strong><span style=\"color: #ff0000;\"><a style=\"color: #ff0000;\" href=\"https:\/\/teatrocirculo.com\/programacion\/\">Los zapatos de Juanilla &#8211; Espect\u00e1culo de teatro\u00a0<\/a><\/span><\/strong><\/p>\n<ul style=\"list-style-type: square;\">\n<li dir=\"ltr\" role=\"presentation\"><strong>\u00bfD\u00f3nde?<\/strong> Teatro c\u00edrculo. Carrer Prudenci Alc\u00f3n i Mateu, 3, 46020 Val\u00e8ncia<\/li>\n<li dir=\"ltr\" role=\"presentation\"><strong>\u00bfCu\u00e1ndo?<\/strong> El 22 y 23 de diciembre a las 18:30<\/li>\n<li dir=\"ltr\" role=\"presentation\"><strong>\u00bfPara qui\u00e9n?<\/strong> P\u00fablico familiar<\/li>\n<li dir=\"ltr\" role=\"presentation\"><strong>Precio:<\/strong> Gratis, pero ten\u00e9is que avisar a la referente de barrio para que avise al sitio<\/li>\n<li dir=\"ltr\" role=\"presentation\"><strong>\u00bfQu\u00e9 es?<\/strong> Teatro para ni\u00f1@s y j\u00f3venes<\/li>\n<li dir=\"ltr\" role=\"presentation\"><strong>\u00bfEnlace?<\/strong> <a href=\"https:\/\/teatrocirculo.com\/programacion\/\">https:\/\/teatrocirculo.com\/programacion\/<\/a>\u00a0\u00a0\u00a0<\/li>\n<\/ul>\n<p><!-- \/wp:paragraph --><\/p>\n<p><!-- wp:list --><\/p>\n<p><!-- \/wp:list --><\/p>\n<p><!-- wp:paragraph --><\/p>\n<p><strong><strong><strong><strong><strong><strong><strong><strong><strong><strong><strong><strong><strong><strong><strong><strong><span class=\"has-inline-color\"><strong><span style=\"color: #99cc00;\">[<\/span><\/strong><span style=\"color: #99cc00;\">Teatro<\/span><strong style=\"color: #99cc00;\"><strong>]<\/strong><\/strong><\/span><\/strong><\/strong><\/strong><\/strong><\/strong><\/strong><\/strong><\/strong><\/strong><\/strong><\/strong><\/strong><\/strong> <\/strong><\/strong><span style=\"color: #ff0000;\"><a style=\"color: #ff0000;\" href=\"https:\/\/teatrocirculo.com\/programacion\/\">Las cartes del Quixot &#8211; Espect\u00e1culo de teatro\u00a0<\/a><\/span><\/strong><\/p>\n<ul style=\"list-style-type: square;\">\n<li dir=\"ltr\" role=\"presentation\"><strong>\u00bfD\u00f3nde?<\/strong> Teatro c\u00edrculo. Carrer Prudenci Alc\u00f3n i Mateu, 3, 46020 Val\u00e8ncia<\/li>\n<li dir=\"ltr\" role=\"presentation\"><strong>\u00bfCu\u00e1ndo?<\/strong> El 27 y 28 de diciembre a las 18:30<\/li>\n<li dir=\"ltr\" role=\"presentation\"><strong>\u00bfPara qui\u00e9n?<\/strong> P\u00fablico familiar<\/li>\n<li dir=\"ltr\" role=\"presentation\"><strong>Precio:<\/strong> Gratis, ten\u00e9is que avisar a la referente de barrio para que avise al sitio<\/li>\n<li dir=\"ltr\" role=\"presentation\"><strong>\u00bfQu\u00e9 es?<\/strong> Teatro para ni\u00f1@s y j\u00f3venes<\/li>\n<li dir=\"ltr\" role=\"presentation\"><strong>\u00bfEnlace?<\/strong> <a href=\"https:\/\/teatrocirculo.com\/programacion\/\">https:\/\/teatrocirculo.com\/programacion\/<\/a>\u00a0\u00a0<\/li>\n<\/ul>\n<p><!-- \/wp:paragraph --><\/p>\n<p><!-- wp:list --><\/p>\n<p><!-- \/wp:list --><\/p>\n<p><!-- wp:paragraph --><\/p>\n<p><strong><strong><strong><strong><strong><strong><strong><strong><strong><strong><strong><strong><strong><strong><strong><strong><span class=\"has-inline-color\" style=\"color: #99cc00;\"><strong>[<\/strong>Teatro<strong><strong>]<\/strong><\/strong><\/span><\/strong><\/strong><\/strong><\/strong><\/strong><\/strong><\/strong><\/strong><\/strong><\/strong><\/strong><\/strong><\/strong> <\/strong><\/strong><span style=\"color: #ff0000;\"><a style=\"color: #ff0000;\" href=\"https:\/\/teatrocirculo.com\/programacion\/\">Cucalola &#8211; Espect\u00e1culo de teatro\u00a0<\/a><\/span><\/strong><\/p>\n<ul style=\"list-style-type: square;\">\n<li dir=\"ltr\" role=\"presentation\"><strong>\u00bfD\u00f3nde?<\/strong> Teatro c\u00edrculo. Carrer Prudenci Alc\u00f3n i Mateu, 3, 46020 Val\u00e8ncia<\/li>\n<li dir=\"ltr\" role=\"presentation\"><strong>\u00bfCu\u00e1ndo?<\/strong> El 29 y 30 de diciembre a las 18:30<\/li>\n<li dir=\"ltr\" role=\"presentation\"><strong>\u00bfPara qui\u00e9n?<\/strong> P\u00fablico familiar<\/li>\n<li dir=\"ltr\" role=\"presentation\"><strong>Precio:<\/strong> Gratis, pero ten\u00e9is que avisar a la referente de barrio para que avise al sitio<\/li>\n<li dir=\"ltr\" role=\"presentation\"><strong>\u00bfQu\u00e9 es?<\/strong> Circo para ni\u00f1@s y j\u00f3venes<\/li>\n<li dir=\"ltr\" role=\"presentation\"><strong>\u00bfEnlace?<\/strong> <a href=\"https:\/\/teatrocirculo.com\/programacion\/\">https:\/\/teatrocirculo.com\/programacion\/<\/a>\u00a0\u00a0<\/li>\n<\/ul>\n<p><!-- \/wp:paragraph --><\/p>\n<p><!-- wp:list --><\/p>\n<p><!-- \/wp:list --><\/p>","protected":false},"excerpt":{"rendered":"<p>[Arte] Biennal de Val\u00e8ncia \u00bfD\u00f3nde? Por toda la ciudad \u00bfCu\u00e1ndo? Hasta enero 2022 \u00bfPara qui\u00e9n? Todos los p\u00fablicos Precio: Gratis \u00bfQu\u00e9 es? La Biennal de Val\u00e8ncia Ciutat Vella Oberta es una bienal multidisciplinar que pretende dinamizar el panorama art\u00edstico del distrito de Ciutat Vella de Valencia. Los vecinos, visitantes y turistas podr\u00e1n disfrutar del trabajo &hellip; <a href=\"https:\/\/entandem.cat\/es\/recursos-es\/agenda-cultural-diciembre-2021-vlc\/\">Continued<\/a><\/p>\n","protected":false},"author":1,"featured_media":9298,"comment_status":"closed","ping_status":"open","sticky":false,"template":"","format":"standard","meta":{"footnotes":""},"categories":[320,657],"tags":[598,799,800,330,674,467,339],"class_list":["post-9279","post","type-post","status-publish","format-standard","has-post-thumbnail","hentry","category-recursos-es","category-valencia-es","tag-activitats-culturals-es","tag-activitats-per-joves-es","tag-activitats-per-nens-es","tag-afev-es","tag-afev-valencia-es","tag-entandem-es","tag-voluntariat-social-es"],"yoast_head":"<!-- This site is optimized with the Yoast SEO plugin v27.0 - https:\/\/yoast.com\/product\/yoast-seo-wordpress\/ -->\n<title>Agenda cultural - Diciembre 2021 (VLC) - enT\u00e0ndem<\/title>\n<meta name=\"robots\" content=\"index, follow, max-snippet:-1, max-image-preview:large, max-video-preview:-1\" \/>\n<link rel=\"canonical\" href=\"https:\/\/entandem.cat\/es\/recursos-es\/agenda-cultural-diciembre-2021-vlc\/\" \/>\n<meta property=\"og:locale\" content=\"es_ES\" \/>\n<meta property=\"og:type\" content=\"article\" \/>\n<meta property=\"og:title\" content=\"Agenda cultural - Diciembre 2021 (VLC) - enT\u00e0ndem\" \/>\n<meta property=\"og:description\" content=\"[Arte] Biennal de Val\u00e8ncia \u00bfD\u00f3nde? Por toda la ciudad \u00bfCu\u00e1ndo? Hasta enero 2022 \u00bfPara qui\u00e9n? Todos los p\u00fablicos Precio: Gratis \u00bfQu\u00e9 es? La Biennal de Val\u00e8ncia Ciutat Vella Oberta es una bienal multidisciplinar que pretende dinamizar el panorama art\u00edstico del distrito de Ciutat Vella de Valencia. Los vecinos, visitantes y turistas podr\u00e1n disfrutar del trabajo &hellip; Continued\" \/>\n<meta property=\"og:url\" content=\"https:\/\/entandem.cat\/es\/recursos-es\/agenda-cultural-diciembre-2021-vlc\/\" \/>\n<meta property=\"og:site_name\" content=\"enT\u00e0ndem\" \/>\n<meta property=\"article:publisher\" content=\"https:\/\/www.facebook.com\/afevcat\" \/>\n<meta property=\"article:published_time\" content=\"2021-11-30T08:57:49+00:00\" \/>\n<meta property=\"article:modified_time\" content=\"2021-11-30T11:20:43+00:00\" \/>\n<meta property=\"og:image\" content=\"https:\/\/entandem.cat\/wp-content\/uploads\/2021\/11\/Agenda-Cultural-VLC-Diciembre-2021-cast.png\" \/>\n\t<meta property=\"og:image:width\" content=\"1080\" \/>\n\t<meta property=\"og:image:height\" content=\"800\" \/>\n\t<meta property=\"og:image:type\" content=\"image\/png\" \/>\n<meta name=\"author\" content=\"adminTandem\" \/>\n<meta name=\"twitter:card\" content=\"summary_large_image\" \/>\n<meta name=\"twitter:creator\" content=\"@afevcat\" \/>\n<meta name=\"twitter:site\" content=\"@afevcat\" \/>\n<meta name=\"twitter:label1\" content=\"Escrito por\" \/>\n\t<meta name=\"twitter:data1\" content=\"adminTandem\" \/>\n\t<meta name=\"twitter:label2\" content=\"Tiempo de lectura\" \/>\n\t<meta name=\"twitter:data2\" content=\"9 minutos\" \/>\n<script type=\"application\/ld+json\" class=\"yoast-schema-graph\">{\"@context\":\"https:\/\/schema.org\",\"@graph\":[{\"@type\":\"Article\",\"@id\":\"https:\/\/entandem.cat\/es\/recursos-es\/agenda-cultural-diciembre-2021-vlc\/#article\",\"isPartOf\":{\"@id\":\"https:\/\/entandem.cat\/es\/recursos-es\/agenda-cultural-diciembre-2021-vlc\/\"},\"author\":{\"name\":\"adminTandem\",\"@id\":\"https:\/\/entandem.cat\/#\/schema\/person\/2111428ce1954193a11054a1e2b5b0da\"},\"headline\":\"Agenda cultural &#8211; Diciembre 2021 (VLC)\",\"datePublished\":\"2021-11-30T08:57:49+00:00\",\"dateModified\":\"2021-11-30T11:20:43+00:00\",\"mainEntityOfPage\":{\"@id\":\"https:\/\/entandem.cat\/es\/recursos-es\/agenda-cultural-diciembre-2021-vlc\/\"},\"wordCount\":2063,\"publisher\":{\"@id\":\"https:\/\/entandem.cat\/#organization\"},\"image\":{\"@id\":\"https:\/\/entandem.cat\/es\/recursos-es\/agenda-cultural-diciembre-2021-vlc\/#primaryimage\"},\"thumbnailUrl\":\"https:\/\/entandem.cat\/wp-content\/uploads\/2021\/11\/Agenda-Cultural-VLC-Diciembre-2021-cast.png\",\"keywords\":[\"activitats culturals\",\"activitats per joves\",\"activitats per nens\",\"afev\",\"AFEV Val\u00e8ncia\",\"entandem\",\"voluntariat social\"],\"articleSection\":[\"Recursos\",\"Valencia\"],\"inLanguage\":\"es\"},{\"@type\":\"WebPage\",\"@id\":\"https:\/\/entandem.cat\/es\/recursos-es\/agenda-cultural-diciembre-2021-vlc\/\",\"url\":\"https:\/\/entandem.cat\/es\/recursos-es\/agenda-cultural-diciembre-2021-vlc\/\",\"name\":\"Agenda cultural - Diciembre 2021 (VLC) - enT\u00e0ndem\",\"isPartOf\":{\"@id\":\"https:\/\/entandem.cat\/#website\"},\"primaryImageOfPage\":{\"@id\":\"https:\/\/entandem.cat\/es\/recursos-es\/agenda-cultural-diciembre-2021-vlc\/#primaryimage\"},\"image\":{\"@id\":\"https:\/\/entandem.cat\/es\/recursos-es\/agenda-cultural-diciembre-2021-vlc\/#primaryimage\"},\"thumbnailUrl\":\"https:\/\/entandem.cat\/wp-content\/uploads\/2021\/11\/Agenda-Cultural-VLC-Diciembre-2021-cast.png\",\"datePublished\":\"2021-11-30T08:57:49+00:00\",\"dateModified\":\"2021-11-30T11:20:43+00:00\",\"breadcrumb\":{\"@id\":\"https:\/\/entandem.cat\/es\/recursos-es\/agenda-cultural-diciembre-2021-vlc\/#breadcrumb\"},\"inLanguage\":\"es\",\"potentialAction\":[{\"@type\":\"ReadAction\",\"target\":[\"https:\/\/entandem.cat\/es\/recursos-es\/agenda-cultural-diciembre-2021-vlc\/\"]}]},{\"@type\":\"ImageObject\",\"inLanguage\":\"es\",\"@id\":\"https:\/\/entandem.cat\/es\/recursos-es\/agenda-cultural-diciembre-2021-vlc\/#primaryimage\",\"url\":\"https:\/\/entandem.cat\/wp-content\/uploads\/2021\/11\/Agenda-Cultural-VLC-Diciembre-2021-cast.png\",\"contentUrl\":\"https:\/\/entandem.cat\/wp-content\/uploads\/2021\/11\/Agenda-Cultural-VLC-Diciembre-2021-cast.png\",\"width\":1080,\"height\":800},{\"@type\":\"BreadcrumbList\",\"@id\":\"https:\/\/entandem.cat\/es\/recursos-es\/agenda-cultural-diciembre-2021-vlc\/#breadcrumb\",\"itemListElement\":[{\"@type\":\"ListItem\",\"position\":1,\"name\":\"Inici\",\"item\":\"https:\/\/entandem.cat\/es\/\"},{\"@type\":\"ListItem\",\"position\":2,\"name\":\"Agenda cultural &#8211; Diciembre 2021 (VLC)\"}]},{\"@type\":\"WebSite\",\"@id\":\"https:\/\/entandem.cat\/#website\",\"url\":\"https:\/\/entandem.cat\/\",\"name\":\"enT\u00e0ndem\",\"description\":\"Voluntariat Social Universitari\",\"publisher\":{\"@id\":\"https:\/\/entandem.cat\/#organization\"},\"potentialAction\":[{\"@type\":\"SearchAction\",\"target\":{\"@type\":\"EntryPoint\",\"urlTemplate\":\"https:\/\/entandem.cat\/?s={search_term_string}\"},\"query-input\":{\"@type\":\"PropertyValueSpecification\",\"valueRequired\":true,\"valueName\":\"search_term_string\"}}],\"inLanguage\":\"es\"},{\"@type\":\"Organization\",\"@id\":\"https:\/\/entandem.cat\/#organization\",\"name\":\"enT\u00e0ndem\",\"url\":\"https:\/\/entandem.cat\/\",\"logo\":{\"@type\":\"ImageObject\",\"inLanguage\":\"es\",\"@id\":\"https:\/\/entandem.cat\/#\/schema\/logo\/image\/\",\"url\":\"https:\/\/entandem.cat\/wp-content\/uploads\/2016\/12\/logo-entandem.png\",\"contentUrl\":\"https:\/\/entandem.cat\/wp-content\/uploads\/2016\/12\/logo-entandem.png\",\"width\":166,\"height\":44,\"caption\":\"enT\u00e0ndem\"},\"image\":{\"@id\":\"https:\/\/entandem.cat\/#\/schema\/logo\/image\/\"},\"sameAs\":[\"https:\/\/www.facebook.com\/afevcat\",\"https:\/\/x.com\/afevcat\",\"https:\/\/www.instagram.com\/afevcat\/\"]},{\"@type\":\"Person\",\"@id\":\"https:\/\/entandem.cat\/#\/schema\/person\/2111428ce1954193a11054a1e2b5b0da\",\"name\":\"adminTandem\"}]}<\/script>\n<!-- \/ Yoast SEO plugin. -->","yoast_head_json":{"title":"Agenda cultural - Diciembre 2021 (VLC) - enT\u00e0ndem","robots":{"index":"index","follow":"follow","max-snippet":"max-snippet:-1","max-image-preview":"max-image-preview:large","max-video-preview":"max-video-preview:-1"},"canonical":"https:\/\/entandem.cat\/es\/recursos-es\/agenda-cultural-diciembre-2021-vlc\/","og_locale":"es_ES","og_type":"article","og_title":"Agenda cultural - Diciembre 2021 (VLC) - enT\u00e0ndem","og_description":"[Arte] Biennal de Val\u00e8ncia \u00bfD\u00f3nde? Por toda la ciudad \u00bfCu\u00e1ndo? Hasta enero 2022 \u00bfPara qui\u00e9n? Todos los p\u00fablicos Precio: Gratis \u00bfQu\u00e9 es? La Biennal de Val\u00e8ncia Ciutat Vella Oberta es una bienal multidisciplinar que pretende dinamizar el panorama art\u00edstico del distrito de Ciutat Vella de Valencia. Los vecinos, visitantes y turistas podr\u00e1n disfrutar del trabajo &hellip; Continued","og_url":"https:\/\/entandem.cat\/es\/recursos-es\/agenda-cultural-diciembre-2021-vlc\/","og_site_name":"enT\u00e0ndem","article_publisher":"https:\/\/www.facebook.com\/afevcat","article_published_time":"2021-11-30T08:57:49+00:00","article_modified_time":"2021-11-30T11:20:43+00:00","og_image":[{"width":1080,"height":800,"url":"https:\/\/entandem.cat\/wp-content\/uploads\/2021\/11\/Agenda-Cultural-VLC-Diciembre-2021-cast.png","type":"image\/png"}],"author":"adminTandem","twitter_card":"summary_large_image","twitter_creator":"@afevcat","twitter_site":"@afevcat","twitter_misc":{"Escrito por":"adminTandem","Tiempo de lectura":"9 minutos"},"schema":{"@context":"https:\/\/schema.org","@graph":[{"@type":"Article","@id":"https:\/\/entandem.cat\/es\/recursos-es\/agenda-cultural-diciembre-2021-vlc\/#article","isPartOf":{"@id":"https:\/\/entandem.cat\/es\/recursos-es\/agenda-cultural-diciembre-2021-vlc\/"},"author":{"name":"adminTandem","@id":"https:\/\/entandem.cat\/#\/schema\/person\/2111428ce1954193a11054a1e2b5b0da"},"headline":"Agenda cultural &#8211; Diciembre 2021 (VLC)","datePublished":"2021-11-30T08:57:49+00:00","dateModified":"2021-11-30T11:20:43+00:00","mainEntityOfPage":{"@id":"https:\/\/entandem.cat\/es\/recursos-es\/agenda-cultural-diciembre-2021-vlc\/"},"wordCount":2063,"publisher":{"@id":"https:\/\/entandem.cat\/#organization"},"image":{"@id":"https:\/\/entandem.cat\/es\/recursos-es\/agenda-cultural-diciembre-2021-vlc\/#primaryimage"},"thumbnailUrl":"https:\/\/entandem.cat\/wp-content\/uploads\/2021\/11\/Agenda-Cultural-VLC-Diciembre-2021-cast.png","keywords":["activitats culturals","activitats per joves","activitats per nens","afev","AFEV Val\u00e8ncia","entandem","voluntariat social"],"articleSection":["Recursos","Valencia"],"inLanguage":"es"},{"@type":"WebPage","@id":"https:\/\/entandem.cat\/es\/recursos-es\/agenda-cultural-diciembre-2021-vlc\/","url":"https:\/\/entandem.cat\/es\/recursos-es\/agenda-cultural-diciembre-2021-vlc\/","name":"Agenda cultural - Diciembre 2021 (VLC) - enT\u00e0ndem","isPartOf":{"@id":"https:\/\/entandem.cat\/#website"},"primaryImageOfPage":{"@id":"https:\/\/entandem.cat\/es\/recursos-es\/agenda-cultural-diciembre-2021-vlc\/#primaryimage"},"image":{"@id":"https:\/\/entandem.cat\/es\/recursos-es\/agenda-cultural-diciembre-2021-vlc\/#primaryimage"},"thumbnailUrl":"https:\/\/entandem.cat\/wp-content\/uploads\/2021\/11\/Agenda-Cultural-VLC-Diciembre-2021-cast.png","datePublished":"2021-11-30T08:57:49+00:00","dateModified":"2021-11-30T11:20:43+00:00","breadcrumb":{"@id":"https:\/\/entandem.cat\/es\/recursos-es\/agenda-cultural-diciembre-2021-vlc\/#breadcrumb"},"inLanguage":"es","potentialAction":[{"@type":"ReadAction","target":["https:\/\/entandem.cat\/es\/recursos-es\/agenda-cultural-diciembre-2021-vlc\/"]}]},{"@type":"ImageObject","inLanguage":"es","@id":"https:\/\/entandem.cat\/es\/recursos-es\/agenda-cultural-diciembre-2021-vlc\/#primaryimage","url":"https:\/\/entandem.cat\/wp-content\/uploads\/2021\/11\/Agenda-Cultural-VLC-Diciembre-2021-cast.png","contentUrl":"https:\/\/entandem.cat\/wp-content\/uploads\/2021\/11\/Agenda-Cultural-VLC-Diciembre-2021-cast.png","width":1080,"height":800},{"@type":"BreadcrumbList","@id":"https:\/\/entandem.cat\/es\/recursos-es\/agenda-cultural-diciembre-2021-vlc\/#breadcrumb","itemListElement":[{"@type":"ListItem","position":1,"name":"Inici","item":"https:\/\/entandem.cat\/es\/"},{"@type":"ListItem","position":2,"name":"Agenda cultural &#8211; Diciembre 2021 (VLC)"}]},{"@type":"WebSite","@id":"https:\/\/entandem.cat\/#website","url":"https:\/\/entandem.cat\/","name":"enT\u00e0ndem","description":"Voluntariat Social Universitari","publisher":{"@id":"https:\/\/entandem.cat\/#organization"},"potentialAction":[{"@type":"SearchAction","target":{"@type":"EntryPoint","urlTemplate":"https:\/\/entandem.cat\/?s={search_term_string}"},"query-input":{"@type":"PropertyValueSpecification","valueRequired":true,"valueName":"search_term_string"}}],"inLanguage":"es"},{"@type":"Organization","@id":"https:\/\/entandem.cat\/#organization","name":"enT\u00e0ndem","url":"https:\/\/entandem.cat\/","logo":{"@type":"ImageObject","inLanguage":"es","@id":"https:\/\/entandem.cat\/#\/schema\/logo\/image\/","url":"https:\/\/entandem.cat\/wp-content\/uploads\/2016\/12\/logo-entandem.png","contentUrl":"https:\/\/entandem.cat\/wp-content\/uploads\/2016\/12\/logo-entandem.png","width":166,"height":44,"caption":"enT\u00e0ndem"},"image":{"@id":"https:\/\/entandem.cat\/#\/schema\/logo\/image\/"},"sameAs":["https:\/\/www.facebook.com\/afevcat","https:\/\/x.com\/afevcat","https:\/\/www.instagram.com\/afevcat\/"]},{"@type":"Person","@id":"https:\/\/entandem.cat\/#\/schema\/person\/2111428ce1954193a11054a1e2b5b0da","name":"adminTandem"}]}},"_links":{"self":[{"href":"https:\/\/entandem.cat\/es\/wp-json\/wp\/v2\/posts\/9279","targetHints":{"allow":["GET"]}}],"collection":[{"href":"https:\/\/entandem.cat\/es\/wp-json\/wp\/v2\/posts"}],"about":[{"href":"https:\/\/entandem.cat\/es\/wp-json\/wp\/v2\/types\/post"}],"author":[{"embeddable":true,"href":"https:\/\/entandem.cat\/es\/wp-json\/wp\/v2\/users\/1"}],"replies":[{"embeddable":true,"href":"https:\/\/entandem.cat\/es\/wp-json\/wp\/v2\/comments?post=9279"}],"version-history":[{"count":9,"href":"https:\/\/entandem.cat\/es\/wp-json\/wp\/v2\/posts\/9279\/revisions"}],"predecessor-version":[{"id":9304,"href":"https:\/\/entandem.cat\/es\/wp-json\/wp\/v2\/posts\/9279\/revisions\/9304"}],"wp:featuredmedia":[{"embeddable":true,"href":"https:\/\/entandem.cat\/es\/wp-json\/wp\/v2\/media\/9298"}],"wp:attachment":[{"href":"https:\/\/entandem.cat\/es\/wp-json\/wp\/v2\/media?parent=9279"}],"wp:term":[{"taxonomy":"category","embeddable":true,"href":"https:\/\/entandem.cat\/es\/wp-json\/wp\/v2\/categories?post=9279"},{"taxonomy":"post_tag","embeddable":true,"href":"https:\/\/entandem.cat\/es\/wp-json\/wp\/v2\/tags?post=9279"}],"curies":[{"name":"wp","href":"https:\/\/api.w.org\/{rel}","templated":true}]}}