{"id":9222,"date":"2021-11-02T13:02:00","date_gmt":"2021-11-02T13:02:00","guid":{"rendered":"https:\/\/entandem.cat\/?p=9222"},"modified":"2021-11-03T09:43:14","modified_gmt":"2021-11-03T09:43:14","slug":"agenda-cultural-novembre-2021-vlc","status":"publish","type":"post","link":"https:\/\/entandem.cat\/es\/recursos-es\/agenda-cultural-novembre-2021-vlc\/","title":{"rendered":"Agenda cultural &#8211; Novembre 2021 (VLC)"},"content":{"rendered":"\n<h3 dir=\"ltr\">Activitats presencials :<\/h3>\n<p><b><strong><span style=\"color: #99cc00;\">[Teatre] <\/span><\/strong><span style=\"color: #ff0000;\"><a style=\"color: #ff0000;\" href=\"https:\/\/concursteatremislata.com\/wp-content\/uploads\/2021\/10\/programa-39-edicio-concurs-de-teatre-vila-de-mislata.pdf\">Concurs de Teatre<\/a><\/span><\/b><\/p>\n<ul style=\"list-style-type: square;\">\n<li dir=\"ltr\" role=\"presentation\"><b style=\"font-size: revert; color: initial;\">On ?<\/b><span style=\"font-weight: 400;\"> Centre Cultural Mislata<\/span><\/li>\n<li dir=\"ltr\" role=\"presentation\"><b style=\"font-size: revert; color: initial;\">Quan ?<\/b><span style=\"font-weight: 400;\"> Tots els divendres de novembre i desembre a les 20.00<\/span><\/li>\n<li dir=\"ltr\" role=\"presentation\"><b style=\"font-size: revert; color: initial;\">Per a qui ?<\/b><span style=\"font-weight: 400;\"> Joves entre 12 i 16 anys<\/span><\/li>\n<li dir=\"ltr\" role=\"presentation\"><b style=\"font-size: revert; color: initial;\">Preu ?<\/b><span style=\"font-weight: 400;\"> Gratu\u00eft<\/span><\/li>\n<li dir=\"ltr\" role=\"presentation\"><b style=\"font-size: revert; color: initial;\">Qu\u00e8 \u00e9s ?<\/b><span style=\"font-weight: 400;\"> Concurs de teatres de tota mena<\/span><\/li>\n<li dir=\"ltr\" role=\"presentation\"><b style=\"font-size: revert; color: initial;\">Enlla\u00e7 ?<\/b><span style=\"font-weight: 400;\"> Per a veure el programa i escriure&#8217;t <a href=\"https:\/\/concursteatremislata.com\/wp-content\/uploads\/2021\/10\/programa-39-edicio-concurs-de-teatre-vila-de-mislata.pdf\">ac\u00ed<\/a><\/span><\/li>\n<\/ul>\n<p><b><strong><span style=\"color: #99cc00;\">[Confer\u00e8ncia] <\/span><\/strong><span style=\"color: #ff0000;\"><a style=\"color: #ff0000;\" href=\"https:\/\/au-agenda.com\/eventos\/paseo-las-matematicas-matematicas-arte\/\">Confer\u00e8ncia-debat<\/a><\/span><\/b><\/p>\n<ul style=\"list-style-type: square;\">\n<li dir=\"ltr\" role=\"presentation\"><b style=\"font-size: revert; color: initial;\">On ?<\/b><span style=\"font-weight: 400;\"> Casa de la Ci\u00e8ncia del CSIC. Bail\u00eda 1, 46003 Val\u00e8ncia<\/span><\/li>\n<li dir=\"ltr\" role=\"presentation\"><b style=\"font-size: revert; color: initial;\">Quan ?<\/b><span style=\"font-weight: 400;\"> Tots els dijous de novembre a les 19.00<\/span><\/li>\n<li dir=\"ltr\" role=\"presentation\"><b style=\"font-size: revert; color: initial;\">Per a qui ?<\/b><span style=\"font-weight: 400;\"> Joves entre ~12 i 16 anys<\/span><\/li>\n<li dir=\"ltr\" role=\"presentation\"><b style=\"font-size: revert; color: initial;\">Preu ?<\/b><span style=\"font-weight: 400;\"> Gratu\u00eft<\/span><\/li>\n<li dir=\"ltr\" role=\"presentation\"><b style=\"font-size: revert; color: initial;\">Qu\u00e8 \u00e9s ?<\/b><span style=\"font-weight: 400;\"> Confer\u00e8ncies sobre matem\u00e0tiques, art i ci\u00e8ncia.<\/span><\/li>\n<li dir=\"ltr\" role=\"presentation\"><b style=\"font-size: revert; color: initial;\"><a href=\"https:\/\/au-agenda.com\/eventos\/paseo-las-matematicas-matematicas-arte\/\">Enlla\u00e7<\/a> ?<\/b><span style=\"font-weight: 400;\"> Es pot seguir via el canal YouTube de la Casa de la Ci\u00e8ncia.\u00a0<\/span><\/li>\n<\/ul>\n<p><b><strong><span style=\"color: #99cc00;\">[Taller] <\/span><\/strong><\/b><span style=\"color: #ff0000;\"><b>Taller de Teatre Participatiu<\/b><\/span><\/p>\n<ul style=\"list-style-type: square;\">\n<li dir=\"ltr\" role=\"presentation\"><b style=\"font-size: revert; color: initial;\">On ?<\/b><span style=\"font-weight: 400;\"> Centre Municipal de Joventut d\u2019Orriols. Carrer Santiago Rusi\u00f1ol, 3, 46019 Val\u00e8ncia<\/span><\/li>\n<li dir=\"ltr\" role=\"presentation\"><b style=\"font-size: revert; color: initial;\">Quan ?<\/b><span style=\"font-weight: 400;\"> Tots els divendres de 17.30 a 19.30 fins a desembre<\/span><\/li>\n<li dir=\"ltr\" role=\"presentation\"><b style=\"font-size: revert; color: initial;\">Per a qui ? <\/b><span style=\"font-weight: 400;\">Joves entre ~12 i 16 anys<\/span><\/li>\n<li dir=\"ltr\" role=\"presentation\"><b style=\"font-size: revert; color: initial;\">Preu ?<\/b><span style=\"font-weight: 400;\"> Gratu\u00eft<\/span><\/li>\n<li dir=\"ltr\" role=\"presentation\"><b style=\"font-size: revert; color: initial;\">Qu\u00e8 \u00e9s ?<\/b><span style=\"font-weight: 400;\"> Un espai per a crear escenes de teatre, reflexionar sobre realitats socials, transformar-les.<\/span><\/li>\n<li dir=\"ltr\" role=\"presentation\"><b style=\"font-size: revert; color: initial;\">Enlla\u00e7 ?<\/b><span style=\"font-weight: 400;\"> S&#8217;ha d&#8217;escriure a <\/span><a style=\"font-size: revert;\" href=\"mailto:cmjorriols@valencia.es\">cmjorriols@valencia.es<\/a><span style=\"font-weight: 400;\">\u00a0 per a reservar, o cridar-los<\/span><\/li>\n<\/ul>\n<p><b><strong><span style=\"color: #99cc00;\">[Taller] <\/span><\/strong><span style=\"color: #ff0000;\"><a style=\"color: #ff0000;\" href=\"https:\/\/au-agenda.com\/eventos\/jocs-la-rampa-4\/\">Jocs a la rampa. Experi\u00e8ncies l\u00fadiques col\u00b7lectives<\/a><\/span><\/b><\/p>\n<ul style=\"list-style-type: square;\">\n<li dir=\"ltr\" role=\"presentation\"><b style=\"font-size: revert; color: initial;\">On ?<\/b><span style=\"font-weight: 400;\"> IVAM. Carrer Guillem de Castro 118, 46003 Val\u00e8ncia<\/span><\/li>\n<li dir=\"ltr\" role=\"presentation\"><b style=\"font-size: revert; color: initial;\">Quan ?<\/b><span style=\"font-weight: 400;\"> 7 de novembre, 5 de desembre i 23 de gener a les 12.00<\/span><\/li>\n<li dir=\"ltr\" role=\"presentation\"><b style=\"font-size: revert; color: initial;\">Per a qui ?<\/b><span style=\"font-weight: 400;\"> Xiquets entre 6 i 12 anys.<\/span><\/li>\n<li dir=\"ltr\" role=\"presentation\"><b style=\"font-size: revert; color: initial;\">Preu ?<\/b><span style=\"font-weight: 400;\"> Gratu\u00eft<\/span><\/li>\n<li dir=\"ltr\" role=\"presentation\"><b style=\"font-size: revert; color: initial;\">Qu\u00e8 \u00e9s ?<\/b><span style=\"font-weight: 400;\"> Taller de joc per a gaudir de temps ludic. Van canviar els espais de l&#8217;IVAM per a convertir-los en llocs animats.<\/span><\/li>\n<li dir=\"ltr\" role=\"presentation\"><b style=\"font-size: revert; color: initial;\">Enlla\u00e7 ?<\/b> <a style=\"font-size: revert;\" href=\"https:\/\/au-agenda.com\/eventos\/jocs-la-rampa-4\/\">https:\/\/au-agenda.com\/eventos\/jocs-la-rampa-4\/<\/a><\/li>\n<\/ul>\n<p><b><strong><span style=\"color: #99cc00;\">[Esport] <\/span><\/strong><span style=\"color: #ff0000;\"><a style=\"color: #ff0000;\" href=\"https:\/\/www.valencia.es\/cas\/agenda-de-la-ciudad\/-\/content\/european-skate-open\">Val\u00e8ncia European Skate Open (VESO)<\/a><\/span><\/b><\/p>\n<ul style=\"list-style-type: square;\">\n<li dir=\"ltr\" role=\"presentation\"><b style=\"font-size: revert; color: initial;\">On ?<\/b><span style=\"font-weight: 400;\"> Passeig de Remor, 46011 Val\u00e8ncia<\/span><\/li>\n<li dir=\"ltr\" role=\"presentation\"><b style=\"font-size: revert; color: initial;\">Quan ?<\/b><span style=\"font-weight: 400;\"> El 5 de novembre des de les 18.00 fins a les 21.00 i els 6 i 7 de novembre des de les 10.00 fins a les 22.00<\/span><\/li>\n<li dir=\"ltr\" role=\"presentation\"><b style=\"font-size: revert; color: initial;\">Per a qui ?<\/b><span style=\"font-weight: 400;\"> Joves a qui els agraden el skate, el roller, etc.<\/span><\/li>\n<li dir=\"ltr\" role=\"presentation\"><b style=\"font-size: revert; color: initial;\">Preu ?<\/b><span style=\"font-weight: 400;\"> Gratu\u00eft<\/span><\/li>\n<li dir=\"ltr\" role=\"presentation\"><b style=\"font-size: revert; color: initial;\">Qu\u00e8 \u00e9s ? <\/b><span style=\"font-weight: 400;\">Festival de skate amb competicions, tallers, classes i concerts<\/span><\/li>\n<li dir=\"ltr\" role=\"presentation\"><b style=\"font-size: revert; color: initial;\">Enlla\u00e7 ?<\/b> <a style=\"font-size: revert;\" href=\"https:\/\/www.valencia.es\/cas\/agenda-de-la-ciudad\/-\/content\/european-skate-open\">https:\/\/www.valencia.es\/cas\/agenda-de-la-ciudad\/-\/content\/european-skate-open<\/a><\/li>\n<\/ul>\n<p><b><strong><span style=\"color: #99cc00;\">[Taller] <\/span><\/strong><span style=\"color: #ff0000;\"><a style=\"color: #ff0000;\" href=\"https:\/\/www.joventut-valencia.es\/evento\/668\/reciclaje-y-artesania\/\">Reciclatge i artesania<\/a><\/span><\/b><\/p>\n<ul style=\"list-style-type: square;\">\n<li dir=\"ltr\" role=\"presentation\"><b style=\"font-size: revert; color: initial;\">On ?<\/b><span style=\"font-weight: 400;\"> CMJ Trinitat<\/span><\/li>\n<li dir=\"ltr\" role=\"presentation\"><b style=\"font-size: revert; color: initial;\">Quan ?<\/b><span style=\"font-weight: 400;\"> Els Divendres 5 i 12 de novembre de les 18.00 a les 19.30<\/span><\/li>\n<li dir=\"ltr\" role=\"presentation\"><b style=\"font-size: revert; color: initial;\">Per a qui ? <\/b><span style=\"font-weight: 400;\">Joves de 12 a 16 anys<\/span><\/li>\n<li dir=\"ltr\" role=\"presentation\"><b style=\"font-size: revert; color: initial;\">Preu ?<\/b><span style=\"font-weight: 400;\"> Gratu\u00eft<\/span><\/li>\n<li dir=\"ltr\" role=\"presentation\"><b style=\"font-size: revert; color: initial;\">Qu\u00e8 \u00e9s ?<\/b><span style=\"font-weight: 400;\"> Taller de reciclatge<\/span><\/li>\n<li dir=\"ltr\" role=\"presentation\"><b style=\"font-size: revert; color: initial;\">Enlla\u00e7 ?<\/b><span style=\"font-weight: 400;\"> Enlla\u00e7 per a inscriure&#8217;s <a href=\"https:\/\/www.joventut-valencia.es\/evento\/668\/reciclaje-y-artesania\">ac\u00ed<\/a><\/span><\/li>\n<\/ul>\n<p><b><strong><span style=\"color: #99cc00;\">[Esport] <\/span><\/strong><span style=\"color: #ff0000;\"><a style=\"color: #ff0000;\" href=\"https:\/\/www.joventut-valencia.es\/evento\/670\/metodo-r-evoluction\/\">M\u00e8tode R-Evoluction<\/a><\/span><\/b><\/p>\n<ul style=\"list-style-type: square;\">\n<li dir=\"ltr\" role=\"presentation\"><b style=\"font-size: revert; color: initial;\">On ? <\/b><span style=\"font-weight: 400;\">CMJ Campanar<\/span><\/li>\n<li dir=\"ltr\" role=\"presentation\"><b style=\"font-size: revert; color: initial;\">Quan ? <\/b><span style=\"font-weight: 400;\">Els divendres 5, 12, 19, 26 novembre 3, 10 desembre de les 17.30 a les 19.30<\/span><\/li>\n<li dir=\"ltr\" role=\"presentation\"><b style=\"font-size: revert; color: initial;\">Per a qui ?<\/b><span style=\"font-weight: 400;\"> Joves de 12 a 18 anys<\/span><\/li>\n<li dir=\"ltr\" role=\"presentation\"><b style=\"font-size: revert; color: initial;\">Preu ?<\/b><span style=\"font-weight: 400;\"> Gratu\u00eft<\/span><\/li>\n<li dir=\"ltr\" role=\"presentation\"><b style=\"font-size: revert; color: initial;\">Qu\u00e8 \u00e9s ?<\/b><span style=\"font-weight: 400;\"> Sessi\u00f3 de Parkour<\/span><\/li>\n<li dir=\"ltr\" role=\"presentation\"><b style=\"font-size: revert; color: initial;\">Enlla\u00e7 ?<\/b><span style=\"font-weight: 400;\"> Enlla\u00e7 per a inscriure&#8217;s <a href=\"https:\/\/www.joventut-valencia.es\/evento\/670\/metodo-r-evoluction\/\">ac\u00ed<\/a><\/span><\/li>\n<\/ul>\n<p><b><strong><span style=\"color: #99cc00;\">[Taller] <\/span><\/strong><span style=\"color: #ff0000;\"><a style=\"color: #ff0000;\" href=\"https:\/\/www.joventut-valencia.es\/evento\/679\/taller-de-comic\/\">Taller de c\u00f3mic<\/a><\/span><\/b><\/p>\n<ul style=\"list-style-type: square;\">\n<li dir=\"ltr\" role=\"presentation\"><b style=\"font-size: revert; color: initial;\">On ?<\/b><span style=\"font-weight: 400;\"> CMJ Ciutat Vella<\/span><\/li>\n<li dir=\"ltr\" role=\"presentation\"><b style=\"font-size: revert; color: initial;\">Quan ? <\/b><span style=\"font-weight: 400;\">Els divendres 5 i 19 de Novembre de les 18.00 a les 20.00<\/span><\/li>\n<li dir=\"ltr\" role=\"presentation\"><b style=\"font-size: revert; color: initial;\">Per a qui ?<\/b><span style=\"font-weight: 400;\"> Joves de 14 a 25 anys<\/span><\/li>\n<li dir=\"ltr\" role=\"presentation\"><b style=\"font-size: revert; color: initial;\">Preu ? <\/b><span style=\"font-weight: 400;\">Gratu\u00eft<\/span><\/li>\n<li dir=\"ltr\" role=\"presentation\"><b style=\"font-size: revert; color: initial;\">Qu\u00e8 \u00e9s ?<\/b><span style=\"font-weight: 400;\"> Taller sobre disseny i creaci\u00f3 de c\u00f2mic infantil i juvenil basat en l&#8217;univers Manga<\/span><\/li>\n<li dir=\"ltr\" role=\"presentation\"><b style=\"font-size: revert; color: initial;\">Enlla\u00e7 ?<\/b><span style=\"font-weight: 400;\"> Enlla\u00e7 per a inscriure&#8217;s <a href=\"https:\/\/www.joventut-valencia.es\/evento\/679\/taller-de-comic\/\">ac\u00ed<\/a><\/span><\/li>\n<\/ul>\n<p><b><strong><span style=\"color: #99cc00;\">[Teatre] <\/span><\/strong><span style=\"color: #ff0000;\"><a style=\"color: #ff0000;\" href=\"https:\/\/cultural.valencia.es\/activitats\/cultura-als-barris-2021-la-carrasca\/\">Cultura als barris 2021. Teatre<\/a><\/span><\/b><\/p>\n<ul style=\"list-style-type: square;\">\n<li dir=\"ltr\" role=\"presentation\"><b style=\"font-size: revert; color: initial;\">On ?<\/b><span style=\"font-weight: 400;\"> Pl. Fra Luis Colomer, 46021 Val\u00e8ncia<\/span><\/li>\n<li dir=\"ltr\" role=\"presentation\"><b style=\"font-size: revert; color: initial;\">Quan ?<\/b><span style=\"font-weight: 400;\"> El 6 de novembre a les 17.30<\/span><\/li>\n<li dir=\"ltr\" role=\"presentation\"><b style=\"font-size: revert; color: initial;\">Per a qui ?<\/b><span style=\"font-weight: 400;\"> Tothom<\/span><\/li>\n<li dir=\"ltr\" role=\"presentation\"><b style=\"font-size: revert; color: initial;\">Preu ?<\/b><span style=\"font-weight: 400;\"> Gratu\u00eft<\/span><\/li>\n<li dir=\"ltr\" role=\"presentation\"><b style=\"font-size: revert; color: initial;\">Qu\u00e8 \u00e9s ?<\/b><span style=\"font-weight: 400;\"> Basada en l\u2019obra de Ramon Llull, un sol actor d\u00f3na vida a multitud de personatges (al m\u00e9s pur estil monologuista) en un espectacle en el qual el p\u00fablic encara \u00e9s un personatge m\u00e9s. Al llarg de la funci\u00f3 veureu commedia dell\u2019art, titelles, pantomima\u2026 tot adobat amb molt bon humor.<\/span><\/li>\n<li dir=\"ltr\" role=\"presentation\"><b style=\"font-size: revert; color: initial;\">Enlla\u00e7 ?<\/b> <a style=\"font-size: revert;\" href=\"https:\/\/cultural.valencia.es\/activitats\/cultura-als-barris-2021-la-carrasca\/\">https:\/\/cultural.valencia.es\/activitats\/cultura-als-barris-2021-la-carrasca\/<\/a><span style=\"font-weight: 400;\">\u00a0<\/span><\/li>\n<\/ul>\n<p><b><strong><span style=\"color: #99cc00;\">[Ocis] <\/span><\/strong><span style=\"color: #ff0000;\"><a style=\"color: #ff0000;\" href=\"http:\/\/www.juventud-valencia.es\/\">Aventura\u2019t<\/a><\/span><\/b><\/p>\n<ul style=\"list-style-type: square;\">\n<li dir=\"ltr\" role=\"presentation\"><b style=\"font-size: revert; color: initial;\">On ? <\/b><span style=\"font-weight: 400;\">Des dels centres de Joventut<\/span><\/li>\n<li dir=\"ltr\" role=\"presentation\"><b style=\"font-size: revert; color: initial;\">Quan ?<\/b><span style=\"font-weight: 400;\"> Els dissabtes 6, 13, 20, 27 de novembre i el 4 de desembre a les 9.00 fins a les 18.30<\/span><\/li>\n<li dir=\"ltr\" role=\"presentation\"><b style=\"font-size: revert; color: initial;\">Per a qui ?<\/b><span style=\"font-weight: 400;\"> Joves entre 12 i 16 anys<\/span><\/li>\n<li dir=\"ltr\" role=\"presentation\"><b style=\"font-size: revert; color: initial;\">Preu ?<\/b><span style=\"font-weight: 400;\"> Gratu\u00efta, menjar incl\u00f2s<\/span><\/li>\n<li dir=\"ltr\" role=\"presentation\"><b style=\"font-size: revert; color: initial;\">Qu\u00e8 \u00e9s ?<\/b><span style=\"font-weight: 400;\"> Roc\u00f2drom, piragua, tirolina, arc, etc\u00e8tera<\/span><\/li>\n<li dir=\"ltr\" role=\"presentation\"><b style=\"font-size: revert; color: initial;\">Enlla\u00e7 ?<\/b><span style=\"font-weight: 400;\"> Per a inscriure&#8217;s <\/span><a style=\"font-size: revert;\" href=\"http:\/\/www.juventud-valencia.es\/\">http:\/\/www.juventud-valencia.es\/<\/a><span style=\"font-weight: 400;\">\u00a0<\/span><\/li>\n<\/ul>\n<p><b><strong><span style=\"color: #99cc00;\">[Teatre] <\/span><\/strong><span style=\"color: #ff0000;\"><a style=\"color: #ff0000;\" href=\"https:\/\/cultural.valencia.es\/activitats\/cultura-als-barris-2021-torrefiel\/\">Cultura als barris 2021. Microteatres.<\/a><\/span><\/b><\/p>\n<ul style=\"list-style-type: square;\">\n<li dir=\"ltr\" role=\"presentation\"><b style=\"font-size: revert; color: initial;\">On ?<\/b><span style=\"font-weight: 400;\"> Pl. Bisbe Laguarda, 46019 Val\u00e8ncia<\/span><\/li>\n<li dir=\"ltr\" role=\"presentation\"><b style=\"font-size: revert; color: initial;\">Quan ? <\/b><span style=\"font-weight: 400;\">El 6 de novembre a les 18.00<\/span><\/li>\n<li dir=\"ltr\" role=\"presentation\"><b style=\"font-size: revert; color: initial;\">Per a qui ? <\/b><span style=\"font-weight: 400;\">Joves entre ~12 anys i 16 anys<\/span><\/li>\n<li dir=\"ltr\" role=\"presentation\"><b style=\"font-size: revert; color: initial;\">Preu ?<\/b><span style=\"font-weight: 400;\"> Gratu\u00eft<\/span><\/li>\n<li dir=\"ltr\" role=\"presentation\"><b style=\"font-size: revert; color: initial;\">Qu\u00e8 \u00e9s ? <\/b><span style=\"font-weight: 400;\">Diversos g\u00e8neres de com\u00e8dia que \u00e9s combinen en un fil argumental.<\/span><\/li>\n<li dir=\"ltr\" role=\"presentation\"><b style=\"font-size: revert; color: initial;\">Enlla\u00e7 ?<\/b> <a style=\"font-size: revert;\" href=\"https:\/\/cultural.valencia.es\/activitats\/cultura-als-barris-2021-torrefiel\/\">https:\/\/cultural.valencia.es\/activitats\/cultura-als-barris-2021-torrefiel\/<\/a><span style=\"font-weight: 400;\">\u00a0<\/span><\/li>\n<\/ul>\n<p><b><strong><span style=\"color: #99cc00;\">[Dansa] <\/span><\/strong><span style=\"color: #ff0000;\"><a style=\"color: #ff0000;\" href=\"https:\/\/cultural.valencia.es\/activitats\/cultura-als-barris-2021-natzaret\/\">Cultura als barris 2021. Ball contemporani<\/a><\/span><\/b><\/p>\n<ul style=\"list-style-type: square;\">\n<li dir=\"ltr\" role=\"presentation\"><b style=\"font-size: revert; color: initial;\">On ?<\/b><span style=\"font-weight: 400;\"> Pla\u00e7a de l&#8217;Esgl\u00e9sia, 12, 46026 Val\u00e8ncia<\/span><\/li>\n<li dir=\"ltr\" role=\"presentation\"><b style=\"font-size: revert; color: initial;\">Quan ?<\/b><span style=\"font-weight: 400;\"> El 7 de novembre a les 12.00<\/span><\/li>\n<li dir=\"ltr\" role=\"presentation\"><b style=\"font-size: revert; color: initial;\">Per a qui ? <\/b><span style=\"font-weight: 400;\">Tots<\/span><\/li>\n<li dir=\"ltr\" role=\"presentation\"><b style=\"font-size: revert; color: initial;\">Preu ?<\/b><span style=\"font-weight: 400;\"> Gratu\u00eft<\/span><\/li>\n<li dir=\"ltr\" role=\"presentation\"><b style=\"font-size: revert; color: initial;\">Qu\u00e8 \u00e9s ?<\/b><span style=\"font-weight: 400;\"> Quin \u00e9s el preu que estem disposats a pagar per a eixir de la nostra zona de confort? Destapem les nostres inseguretats i inc\u00f2gnites internes. Rutines de normalitat de la nostra vida di\u00e0ria.<\/span><\/li>\n<li dir=\"ltr\" role=\"presentation\"><b style=\"font-size: revert; color: initial;\">Enlla\u00e7 ?<\/b> <a style=\"font-size: revert;\" href=\"https:\/\/cultural.valencia.es\/activitats\/cultura-als-barris-2021-natzaret\/\">https:\/\/cultural.valencia.es\/activitats\/cultura-als-barris-2021-natzaret\/<\/a><\/li>\n<\/ul>\n<p><b><strong><span style=\"color: #99cc00;\">[Concert] <\/span><\/strong><span style=\"color: #ff0000;\"><a style=\"color: #ff0000;\" href=\"https:\/\/cultural.valencia.es\/activitats\/cultura-als-barris-2021-la-carrasca\/\">Cultura als barris 2021. Concert<\/a><\/span><\/b><\/p>\n<ul style=\"list-style-type: square;\">\n<li dir=\"ltr\" role=\"presentation\"><b style=\"font-size: revert; color: initial;\">On ?<\/b><span style=\"font-weight: 400;\"> Pl. Fra Luis Colomer, 46021 Val\u00e8ncia<\/span><\/li>\n<li dir=\"ltr\" role=\"presentation\"><b style=\"font-size: revert; color: initial;\">Quan ?<\/b><span style=\"font-weight: 400;\"> El 7 de novembre a les 12.00<\/span><\/li>\n<li dir=\"ltr\" role=\"presentation\"><b style=\"font-size: revert; color: initial;\">Per a qui ?<\/b><span style=\"font-weight: 400;\"> Tots<\/span><\/li>\n<li dir=\"ltr\" role=\"presentation\"><b style=\"font-size: revert; color: initial;\">Preu ?<\/b><span style=\"font-weight: 400;\"> Gratu\u00eft<\/span><\/li>\n<li dir=\"ltr\" role=\"presentation\"><b style=\"font-size: revert; color: initial;\">Qu\u00e8 \u00e9s ? <\/b><span style=\"font-weight: 400;\">Els Calcetins, una banda de folk and roll amb un ampli repertori de can\u00e7ons en valenci\u00e0. Sonaren can\u00e7ons de rock i pop a l\u2019estil folk, country, bluegrass i balc\u00e0nic.<\/span><\/li>\n<li dir=\"ltr\" role=\"presentation\"><b style=\"font-size: revert; color: initial;\">Enlla\u00e7 ?<\/b> <a style=\"font-size: revert;\" href=\"https:\/\/cultural.valencia.es\/activitats\/cultura-als-barris-2021-la-carrasca\/\">https:\/\/cultural.valencia.es\/activitats\/cultura-als-barris-2021-la-carrasca\/<\/a><span style=\"font-weight: 400;\">\u00a0<\/span><\/li>\n<\/ul>\n<p><b><strong><span style=\"color: #99cc00;\">[Contacontes] <\/span><\/strong><span style=\"color: #ff0000;\"><a style=\"color: #ff0000;\" href=\"https:\/\/cultural.valencia.es\/activitats\/cultura-als-barris-2021-montolivet\/\">Cultura als barris 2021. Contacontes<\/a><\/span><\/b><\/p>\n<ul style=\"list-style-type: square;\">\n<li dir=\"ltr\" role=\"presentation\"><b style=\"font-size: revert; color: initial;\">On ?<\/b><span style=\"font-weight: 400;\"> Pl. dels Bandes de M\u00fasica de la Comunitat Valenciana, 46013 Val\u00e8ncia<\/span><\/li>\n<li dir=\"ltr\" role=\"presentation\"><b style=\"font-size: revert; color: initial;\">Quan ?<\/b><span style=\"font-weight: 400;\"> El 7 de novembre a les 12.00<\/span><\/li>\n<li dir=\"ltr\" role=\"presentation\"><b style=\"font-size: revert; color: initial;\">Per a qui ?<\/b><span style=\"font-weight: 400;\"> Joves entre ~12 anys i 16 anys<\/span><\/li>\n<li dir=\"ltr\" role=\"presentation\"><b style=\"font-size: revert; color: initial;\">Preu ? <\/b><span style=\"font-weight: 400;\">Gratu\u00eft<\/span><\/li>\n<li dir=\"ltr\" role=\"presentation\"><b style=\"font-size: revert; color: initial;\">Qu\u00e8 \u00e9s ?<\/b><span style=\"font-weight: 400;\"> Sessi\u00f3 de narraci\u00f3 oral esc\u00e8nica per a p\u00fablic familiar sobre la viol\u00e8ncia de g\u00e8nere i la igualtat.<\/span><\/li>\n<li dir=\"ltr\" role=\"presentation\"><b style=\"font-size: revert; color: initial;\">Enlla\u00e7 ? <\/b><span style=\"font-weight: 400;\">\u00a0<\/span><a style=\"font-size: revert;\" href=\"https:\/\/cultural.valencia.es\/activitats\/cultura-als-barris-2021-montolivet\/\">https:\/\/cultural.valencia.es\/activitats\/cultura-als-barris-2021-montolivet\/<\/a><span style=\"font-weight: 400;\">\u00a0<\/span><\/li>\n<\/ul>\n<p><b><strong><span style=\"color: #99cc00;\">[Contes] <\/span><\/strong><span style=\"color: #ff0000;\"><a style=\"color: #ff0000;\" href=\"https:\/\/museobellasartesvalencia.gva.\u00e9s\/documents\/169021322\/169031662\/AGENDA+ACTES+2021\/dd97ab82-4198-45b7-8af7-d28ef1248200\">Diumenges infantils<\/a><\/span><\/b><\/p>\n<ul style=\"list-style-type: square;\">\n<li dir=\"ltr\" role=\"presentation\"><b style=\"font-size: revert; color: initial;\">On ?<\/b><span style=\"font-weight: 400;\"> Museu de Belles arts de Val\u00e8ncia. Carrer de Sant Pius V 9, 46010, Val\u00e8ncia<\/span><\/li>\n<li dir=\"ltr\" role=\"presentation\"><b style=\"font-size: revert; color: initial;\">Quan ? <\/b><span style=\"font-weight: 400;\">Els diumenges 7 i 14 de novembre a les 11.00<\/span><\/li>\n<li dir=\"ltr\" role=\"presentation\"><b style=\"font-size: revert; color: initial;\">Per a qui ?<\/b><span style=\"font-weight: 400;\"> Joves entre 6 i ~10 anys<\/span><\/li>\n<li dir=\"ltr\" role=\"presentation\"><b style=\"font-size: revert; color: initial;\">Preu ?<\/b><span style=\"font-weight: 400;\"> Gratu\u00eft<\/span><\/li>\n<li dir=\"ltr\" role=\"presentation\"><b style=\"font-size: revert; color: initial;\">Qu\u00e8 \u00e9s ?<\/b><span style=\"font-weight: 400;\"> Contes<\/span><\/li>\n<li dir=\"ltr\" role=\"presentation\"><b style=\"font-size: revert; color: initial;\">Enlla\u00e7 ?<\/b><span style=\"font-weight: 400;\"> Has de reservar al 96 387 03 00 m\u00e9s informacions <a href=\"https:\/\/museobellasartesvalencia.gva.\u00e9s\/documents\/169021322\/169031662\/AGENDA+ACTES+2021\/dd97ab82-4198-45b7-8af7-d28ef1248200\">en el lloc web<\/a><\/span><\/li>\n<\/ul>\n<p><b><strong><span style=\"color: #99cc00;\">[Taller] <\/span><\/strong><span style=\"color: #ff0000;\"><a style=\"color: #ff0000;\" href=\"https:\/\/www.joventut-valencia.es\/evento\/674\/stop-motion-reciclando\/\">Stop motion reciclant<\/a><\/span><\/b><\/p>\n<ul style=\"list-style-type: square;\">\n<li dir=\"ltr\" role=\"presentation\"><b style=\"font-size: revert; color: initial;\">On ?<\/b><span style=\"font-weight: 400;\"> CMJ Ciutat Vella<\/span><\/li>\n<li dir=\"ltr\" role=\"presentation\"><b style=\"font-size: revert; color: initial;\">Quan ?<\/b><span style=\"font-weight: 400;\"> dilluns, dimarts i dimecres 8,9 i 10 de novembre, de 17.00 a 19:00h<\/span><\/li>\n<li dir=\"ltr\" role=\"presentation\"><b style=\"font-size: revert; color: initial;\">Per a qui ?<\/b><span style=\"font-weight: 400;\"> Joves de 14 a 25 anys<\/span><\/li>\n<li dir=\"ltr\" role=\"presentation\"><b style=\"font-size: revert; color: initial;\">Preu ?<\/b><span style=\"font-weight: 400;\"> Gratu\u00eft<\/span><\/li>\n<li dir=\"ltr\" role=\"presentation\"><b style=\"font-size: revert; color: initial;\">Qu\u00e8 \u00e9s ?<\/b><span style=\"font-weight: 400;\"> Taller per a crear un curtmetratge d&#8217;animaci\u00f3 en stop-motion utilitzant material de reciclatge<\/span><\/li>\n<li dir=\"ltr\" role=\"presentation\"><b style=\"font-size: revert; color: initial;\">Enlla\u00e7 ? <\/b><span style=\"font-weight: 400;\">Enlla\u00e7 per a inscriure&#8217;s <a href=\"https:\/\/www.joventut-valencia.es\/evento\/674\/stop-motion-reciclando\/\">ac\u00ed<\/a><\/span><\/li>\n<\/ul>\n<p><b><strong><span style=\"color: #99cc00;\">[M\u00fasica] <\/span><\/strong><span style=\"color: #ff0000;\"><a style=\"color: #ff0000;\" href=\"https:\/\/museobellasartesvalencia.gva.es\/documents\/169021322\/169031662\/agenda+ACTES+2021\/dd97ab82-4198-45b7-8af7-d28ef1248200\">Arts esc\u00e8niques<\/a><\/span><\/b><\/p>\n<ul style=\"list-style-type: square;\">\n<li dir=\"ltr\" role=\"presentation\"><b style=\"font-size: revert; color: initial;\">On ?<\/b><span style=\"font-weight: 400;\"> Museu de Belles Arts de Val\u00e8ncia. Carrer de Sant Pius V 9, 46010, Val\u00e8ncia<\/span><\/li>\n<li dir=\"ltr\" role=\"presentation\"><b style=\"font-size: revert; color: initial;\">Quan ? <\/b><span style=\"font-weight: 400;\">Els dimecres 10, 17 i 24 de novembre a les 18.00<\/span><\/li>\n<li dir=\"ltr\" role=\"presentation\"><b style=\"font-size: revert; color: initial;\">Per a qui ?<\/b><span style=\"font-weight: 400;\"> Joves entre ~10 anys i 16 anys<\/span><\/li>\n<li dir=\"ltr\" role=\"presentation\"><b style=\"font-size: revert; color: initial;\">Preu ?<\/b><span style=\"font-weight: 400;\"> Gratu\u00eft<\/span><\/li>\n<li dir=\"ltr\" role=\"presentation\"><b style=\"font-size: revert; color: initial;\">Qu\u00e8 \u00e9s ?<\/b><span style=\"font-weight: 400;\"> M\u00fasica i flamenc<\/span><\/li>\n<li dir=\"ltr\" role=\"presentation\"><b style=\"font-size: revert; color: initial;\">Enlla\u00e7 ?<\/b><span style=\"font-weight: 400;\"> Has de reservar al 96 387 03 00 m\u00e9s informacions <a href=\"https:\/\/museobellasartesvalencia.gva.es\/documents\/169021322\/169031662\/agenda+ACTES+2021\/dd97ab82-4198-45b7-8af7-d28ef1248200\">en el lloc web\u00a0<\/a><\/span><\/li>\n<\/ul>\n<p><b><strong><span style=\"color: #99cc00;\">[Confer\u00e8ncia] <\/span><\/strong><span style=\"color: #ff0000;\"><a style=\"color: #ff0000;\" href=\"https:\/\/www.cac.es\/es\/museu-de-les-ciencies\/ciclos-y-conferencias\/astronomia\/conferencia-astronomia-origen-vida.html\">Confer\u00e8ncia i observaci\u00f3. L&#8217;origen de la vida i la seua cerca fora de la terra<\/a><\/span><\/b><span style=\"color: #ff0000;\"><b>.<\/b><\/span><\/p>\n<ul style=\"list-style-type: square;\">\n<li dir=\"ltr\" role=\"presentation\"><b style=\"font-size: revert; color: initial;\">On ?<\/b><span style=\"font-weight: 400;\"> Auditori Santiago Grisol\u00eda. Museu de les Ci\u00e8ncies Pr\u00edncep Felip. Ciutat de les Arts i de les Ci\u00e8ncies, Av. Professor L\u00f3pez Pi\u00f1ero 7, 46013 Val\u00e8ncia<\/span><\/li>\n<li dir=\"ltr\" role=\"presentation\"><b style=\"font-size: revert; color: initial;\">Quan ?<\/b><span style=\"font-weight: 400;\"> Dijous 11 de novembre a les 19.30<\/span><\/li>\n<li dir=\"ltr\" role=\"presentation\"><b style=\"font-size: revert; color: initial;\">Per a qui ?<\/b><span style=\"font-weight: 400;\"> P\u00fablic entre ~14 i 16 anys<\/span><\/li>\n<li dir=\"ltr\" role=\"presentation\"><b style=\"font-size: revert; color: initial;\">Preu ?<\/b><span style=\"font-weight: 400;\"> Acc\u00e9s lliure (inscripci\u00f3 necess\u00e0ria)<\/span><\/li>\n<li dir=\"ltr\" role=\"presentation\"><b style=\"font-size: revert; color: initial;\">Qu\u00e8 \u00e9s ?<\/b><span style=\"font-weight: 400;\"> Una confer\u00e8ncia sobre l&#8217;astrologia i el comen\u00e7ament de la vida en el nostre planeta. Despr\u00e9s d&#8217;aix\u00f2, una observaci\u00f3 de la Lluna i de J\u00fapiter \u00e9s pr\u00e8via al Jard\u00ed d&#8217;Astronomia de l\u2019Umbracle.<\/span><\/li>\n<li dir=\"ltr\" role=\"presentation\"><b style=\"font-size: revert; color: initial;\">Enlla\u00e7 ?\u00a0<\/b><a style=\"font-size: revert;\" href=\"https:\/\/www.cac.es\/es\/museu-de-les-ciencies\/ciclos-y-conferencias\/astronomia\/conferencia-astronomia-origen-vida.html\">https:\/\/www.cac.es\/es\/museu-de-les-ciencies\/ciclos-y-conferencias\/astronomia\/conferencia-astronomia-origen-vida.html<\/a><span style=\"font-weight: 400;\">\u00a0<\/span><\/li>\n<\/ul>\n<p><b><strong><span style=\"color: #99cc00;\">[Concert] <\/span><\/strong><span style=\"color: #ff0000;\"><a style=\"color: #ff0000;\" href=\"https:\/\/cultural.valencia.es\/activitats\/cultura-als-barris-2021-les-tendetes\/\">Cultura als barris 2021. Concert<\/a><\/span><\/b><\/p>\n<ul style=\"list-style-type: square;\">\n<li dir=\"ltr\" role=\"presentation\"><b style=\"font-size: revert; color: initial;\">On ?<\/b><span style=\"font-weight: 400;\"> Carrer de Gregori Gea &amp; Carrer del Transatl\u00e0ntic, 46009 Val\u00e8ncia<\/span><\/li>\n<li dir=\"ltr\" role=\"presentation\"><b style=\"font-size: revert; color: initial;\">Quan ?<\/b><span style=\"font-weight: 400;\"> El 12 de novembre a les 18.00<\/span><\/li>\n<li dir=\"ltr\" role=\"presentation\"><b style=\"font-size: revert; color: initial;\">Per a qui ?<\/b><span style=\"font-weight: 400;\"> Tots<\/span><\/li>\n<li dir=\"ltr\" role=\"presentation\"><b style=\"font-size: revert; color: initial;\">Preu ?<\/b><span style=\"font-weight: 400;\"> Gratu\u00eft<\/span><\/li>\n<li dir=\"ltr\" role=\"presentation\"><b style=\"font-size: revert; color: initial;\">Qu\u00e8 \u00e9s ?<\/b><span style=\"font-weight: 400;\"> Concert de m\u00fasica pop, soul i blues<\/span><\/li>\n<li dir=\"ltr\" role=\"presentation\"><b style=\"font-size: revert; color: initial;\">Enlla\u00e7 ?<\/b> <a style=\"font-size: revert;\" href=\"https:\/\/cultural.valencia.es\/activitats\/cultura-als-barris-2021-les-tendetes\/\">https:\/\/cultural.valencia.es\/activitats\/cultura-als-barris-2021-les-tendetes\/<\/a><\/li>\n<\/ul>\n<p><b><strong><span style=\"color: #99cc00;\">[Concert] <\/span><\/strong><span style=\"color: #ff0000;\"><a style=\"color: #ff0000;\" href=\"https:\/\/octubre.cat\/\">Concerts de m\u00fasica<\/a><\/span><\/b><\/p>\n<ul style=\"list-style-type: square;\">\n<li dir=\"ltr\" role=\"presentation\"><b style=\"font-size: revert; color: initial;\">On ? <\/b><span style=\"font-weight: 400;\">Octubre Centre de Cultura Contempor\u00e0nia. Sant Ferran 12, 46001 Val\u00e8ncia<\/span><\/li>\n<li dir=\"ltr\" role=\"presentation\"><b style=\"font-size: revert; color: initial;\">Quan ?<\/b><span style=\"font-weight: 400;\"> El 12 i 26 de novembre i el 17 de desembre a les 20.00<\/span><\/li>\n<li dir=\"ltr\" role=\"presentation\"><b style=\"font-size: revert; color: initial;\">Per a qui ?<\/b><span style=\"font-weight: 400;\"> Joves entre ~13 i 16 anys <\/span><\/li>\n<li dir=\"ltr\" role=\"presentation\"><b style=\"font-size: revert; color: initial;\">Preu ?<\/b><span style=\"font-weight: 400;\"> Gratu\u00eft<\/span><\/li>\n<li dir=\"ltr\" role=\"presentation\"><b style=\"font-size: revert; color: initial;\">Qu\u00e8 \u00e9s ?<\/b><span style=\"font-weight: 400;\"> Concerts de cantants valencianes<\/span><\/li>\n<li dir=\"ltr\" role=\"presentation\"><b style=\"font-size: revert; color: initial;\">Enlla\u00e7 ? <\/b><span style=\"font-weight: 400;\">Mira el programa i reserva el teu bitllet <a href=\"https:\/\/octubre.cat\/\">en aquest enlla\u00e7<\/a><\/span><\/li>\n<\/ul>\n<p><b><strong><span style=\"color: #99cc00;\">[Teatre] <\/span><\/strong><span style=\"color: #ff0000;\"><a style=\"color: #ff0000;\" href=\"https:\/\/cultural.valencia.es\/activitats\/cultura-als-barris-2021-vara-de-quart-tres-forques\/\">Cultura als barris 2021. Teatre infantil<\/a><\/span><\/b><\/p>\n<ul style=\"list-style-type: square;\">\n<li dir=\"ltr\" role=\"presentation\"><b style=\"font-size: revert; color: initial;\">On ?<\/b><span style=\"font-weight: 400;\"> Parc de la p\u00e8rgola. C. d&#8217;Emilio Lluch, 46014 Val\u00e8ncia<\/span><\/li>\n<li dir=\"ltr\" role=\"presentation\"><b style=\"font-size: revert; color: initial;\">Quan ?<\/b><span style=\"font-weight: 400;\"> El 12 de novembre a les 17.00<\/span><\/li>\n<li dir=\"ltr\" role=\"presentation\"><b style=\"font-size: revert; color: initial;\">Per a qui ?<\/b><span style=\"font-weight: 400;\"> Tots<\/span><\/li>\n<li dir=\"ltr\" role=\"presentation\"><b style=\"font-size: revert; color: initial;\">Preu ?<\/b><span style=\"font-weight: 400;\"> Gratu\u00eft<\/span><\/li>\n<li dir=\"ltr\" role=\"presentation\"><b style=\"font-size: revert; color: initial;\">Qu\u00e8 \u00e9s ?<\/b><span style=\"font-weight: 400;\"> Espectacle on la narraci\u00f3, els titelles amb objectes, el clown i la m\u00fasica en directe \u00e9s combinen per a explicar la hist\u00f2ria d\u2019aquest viatge cap a un m\u00f3n en miniatura eixit d\u2019una gran caixa.<\/span><\/li>\n<li dir=\"ltr\" role=\"presentation\"><b style=\"font-size: revert; color: initial;\">Enlla\u00e7 ? <\/b><a style=\"font-size: revert;\" href=\"https:\/\/cultural.valencia.es\/activitats\/cultura-als-barris-2021-vara-de-quart-tres-forques\/\">https:\/\/cultural.valencia.es\/activitats\/cultura-als-barris-2021-vara-de-quart-tres-forques\/<\/a><\/li>\n<\/ul>\n<p><b><strong><span style=\"color: #99cc00;\">[Concert] <\/span><\/strong><span style=\"color: #ff0000;\"><a style=\"color: #ff0000;\" href=\"https:\/\/cultural.valencia.es\/activitats\/cultura-als-barris-2021-les-tendetes\/\">Cultura als barris 2021. Concert<\/a><\/span><\/b><\/p>\n<ul style=\"list-style-type: square;\">\n<li dir=\"ltr\" role=\"presentation\"><b style=\"font-size: revert; color: initial;\">On ?<\/b><span style=\"font-weight: 400;\"> Carrer de Gregori Gea &amp; Carrer del Transatl\u00e0ntic, 46009 Val\u00e8ncia<\/span><\/li>\n<li dir=\"ltr\" role=\"presentation\"><b style=\"font-size: revert; color: initial;\">Quan ?<\/b><span style=\"font-weight: 400;\"> El 12 de novembre a les 18.00<\/span><\/li>\n<li dir=\"ltr\" role=\"presentation\"><b style=\"font-size: revert; color: initial;\">Per a qui ?<\/b><span style=\"font-weight: 400;\"> Tots<\/span><\/li>\n<li dir=\"ltr\" role=\"presentation\"><b style=\"font-size: revert; color: initial;\">Preu ?<\/b><span style=\"font-weight: 400;\"> Gratu\u00eft<\/span><\/li>\n<li dir=\"ltr\" role=\"presentation\"><b style=\"font-size: revert; color: initial;\">Qu\u00e8 \u00e9s ?<\/b><span style=\"font-weight: 400;\"> Concert de m\u00fasica pop, soul i blues<\/span><\/li>\n<li dir=\"ltr\" role=\"presentation\"><b style=\"font-size: revert; color: initial;\">Enlla\u00e7 ?<\/b> <a style=\"font-size: revert;\" href=\"https:\/\/cultural.valencia.es\/activitats\/cultura-als-barris-2021-les-tendetes\/\">https:\/\/cultural.valencia.es\/activitats\/cultura-als-barris-2021-les-tendetes\/<\/a><span style=\"font-weight: 400;\">\u00a0<\/span><\/li>\n<\/ul>\n<p><b><strong><span style=\"color: #99cc00;\">[Dansa] <\/span><\/strong><span style=\"color: #ff0000;\"><a style=\"color: #ff0000;\" href=\"https:\/\/www.joventut-valencia.es\/evento\/683\/bailes-latinos\/\">Balls llatins<\/a><\/span><\/b><\/p>\n<ul style=\"list-style-type: square;\">\n<li dir=\"ltr\" role=\"presentation\"><b style=\"font-size: revert; color: initial;\">On ? <\/b><span style=\"font-weight: 400;\">CMJ Ciutat Vella<\/span><\/li>\n<li dir=\"ltr\" role=\"presentation\"><b style=\"font-size: revert; color: initial;\">Quan ?<\/b><span style=\"font-weight: 400;\"> Dissabtes 13 i 27 novembre i 4 i 11 desembre de les 17.00 a les 18.30<\/span><\/li>\n<li dir=\"ltr\" role=\"presentation\"><b style=\"font-size: revert; color: initial;\">Per a qui ?<\/b><span style=\"font-weight: 400;\"> Joves de 15 a 25 anys<\/span><\/li>\n<li dir=\"ltr\" role=\"presentation\"><b style=\"font-size: revert; color: initial;\">Preu ? <\/b><span style=\"font-weight: 400;\">Gratu\u00eft<\/span><\/li>\n<li dir=\"ltr\" role=\"presentation\"><b style=\"font-size: revert; color: initial;\">Qu\u00e8 \u00e9s ?<\/b><span style=\"font-weight: 400;\"> Classe de balls de salsa, bachata i <\/span><i style=\"font-size: revert; color: initial;\">chachacha.<\/i><\/li>\n<li dir=\"ltr\" role=\"presentation\"><b style=\"font-size: revert; color: initial;\">Enlla\u00e7? <\/b><span style=\"font-weight: 400;\">Enlla\u00e7 per a inscriure&#8217;s <a href=\"https:\/\/www.joventut-valencia.es\/evento\/683\/bailes-latinos\/\">ac\u00ed<\/a><\/span><\/li>\n<\/ul>\n<p><b><strong><span style=\"color: #99cc00;\">[Taller] <\/span><\/strong><span style=\"color: #ff0000;\">Una Mirada a la Inf\u00e0ncia d\u2019Orriols en temps de la Covid-19<\/span><\/b><\/p>\n<ul style=\"list-style-type: square;\">\n<li dir=\"ltr\" role=\"presentation\"><b style=\"font-size: revert; color: initial;\">On ?<\/b><span style=\"font-weight: 400;\"> CMJ Orriols<\/span><\/li>\n<li dir=\"ltr\" role=\"presentation\"><b style=\"font-size: revert; color: initial;\">Quan ? <\/b><span style=\"font-weight: 400;\">Els dissabtes 13, 20, 27 Novembre i 4, 11 Desembre de les 10h a les 13h<\/span><\/li>\n<li dir=\"ltr\" role=\"presentation\"><b style=\"font-size: revert; color: initial;\">Per a qui ? <\/b><span style=\"font-weight: 400;\">Joves de 8 a 14 anys<\/span><\/li>\n<li dir=\"ltr\" role=\"presentation\"><b style=\"font-size: revert; color: initial;\">Preu ? <\/b><span style=\"font-weight: 400;\">Gratu\u00eft<\/span><\/li>\n<li dir=\"ltr\" role=\"presentation\"><b style=\"font-size: revert; color: initial;\">Qu\u00e8 \u00e9s ? <\/b><span style=\"font-weight: 400;\">Taller art\u00edstic<\/span><\/li>\n<li dir=\"ltr\" role=\"presentation\"><b style=\"font-size: revert; color: initial;\">Enlla\u00e7? <\/b><span style=\"font-weight: 400;\">Dades per a les inscripcions 96 336 98 62 , <\/span><a style=\"font-size: revert;\" href=\"mailto:cmjorriols@valencia.es\">cmjorriols@valencia.es<\/a><\/li>\n<\/ul>\n<p><b><strong><span style=\"color: #99cc00;\">[Taller] <\/span><\/strong><span style=\"color: #ff0000;\"><a style=\"color: #ff0000;\" href=\"https:\/\/www.visitvalencia.com\/agenda-valencia\/espanta-la-por-en-el-museu-detnologia\">Museu. Espanta la por !<\/a><\/span><\/b><\/p>\n<ul style=\"list-style-type: square;\">\n<li dir=\"ltr\" role=\"presentation\"><b style=\"font-size: revert; color: initial;\">On ?<\/b><span style=\"font-weight: 400;\"> Biblioteca i Departament de Did\u00e0ctica de l\u2019ETNO. Museu Val\u00e8ncia d\u2019Etnologia. Carrer Corona 36, 46003 Val\u00e8ncia<\/span><\/li>\n<li dir=\"ltr\" role=\"presentation\"><b style=\"font-size: revert; color: initial;\">Quan ? <\/b><span style=\"font-weight: 400;\">Fins al 14 de novembre<\/span><\/li>\n<li dir=\"ltr\" role=\"presentation\"><b style=\"font-size: revert; color: initial;\">Per a qui ?<\/b><span style=\"font-weight: 400;\"> Joves entre ~14 i 16 anys<\/span><\/li>\n<li dir=\"ltr\" role=\"presentation\"><b style=\"font-size: revert; color: initial;\">Preu ?<\/b><span style=\"font-weight: 400;\"> Activitat gratu\u00efta<\/span><\/li>\n<li dir=\"ltr\" role=\"presentation\"><b style=\"font-size: revert; color: initial;\">Qu\u00e8 \u00e9s ? <\/b><span style=\"font-weight: 400;\">Can\u00e7ons, dibuixos i contes de rondalles i hist\u00f2ries de la nostra terra.<\/span><\/li>\n<li dir=\"ltr\" role=\"presentation\"><b style=\"font-size: revert; color: initial;\">Enlla\u00e7 ?\u00a0<\/b><a style=\"font-size: revert;\" href=\"https:\/\/www.visitvalencia.com\/agenda-valencia\/espanta-la-por-en-el-museu-detnologia\">https:\/\/www.visitvalencia.com\/agenda-valencia\/espanta-la-por-en-el-museu-detnologia<\/a><span style=\"font-weight: 400;\">\u00a0<\/span><\/li>\n<\/ul>\n<p><b><strong><span style=\"color: #99cc00;\">[Taller] <\/span><\/strong><span style=\"color: #ff0000;\"><a style=\"color: #ff0000;\" href=\"https:\/\/cultural.valencia.es\/activitats\/cultura-als-barris-2021-els-orriols\/\">Cultura als barris 2021. Taller participatiu<\/a><\/span><\/b><\/p>\n<ul style=\"list-style-type: square;\">\n<li dir=\"ltr\" role=\"presentation\"><b style=\"font-size: revert; color: initial;\">On ? <\/b><span style=\"font-weight: 400;\">Carrer de Sant Vicent de Pa\u00fcl, 46019 Val\u00e8ncia<\/span><\/li>\n<li dir=\"ltr\" role=\"presentation\"><b style=\"font-size: revert; color: initial;\">Quan ?<\/b><span style=\"font-weight: 400;\"> El 14 de novembre a les 11.30 fins a les 14.00 i des de les 17.00 fins a les 20.00<\/span><\/li>\n<li dir=\"ltr\" role=\"presentation\"><b style=\"font-size: revert; color: initial;\">Per a qui ?<\/b><span style=\"font-weight: 400;\"> Tots<\/span><\/li>\n<li dir=\"ltr\" role=\"presentation\"><b style=\"font-size: revert; color: initial;\">Preu ? <\/b><span style=\"font-weight: 400;\">Gratu\u00eft<\/span><\/li>\n<li dir=\"ltr\" role=\"presentation\"><b style=\"font-size: revert; color: initial;\">Qu\u00e8 \u00e9s ?<\/b><span style=\"font-weight: 400;\"> Realitzaci\u00f3 participativa d\u2019un mural sobre biodiversitat, amb activitats paral\u00b7leles de creaci\u00f3 i disseny de portatestos reciclats, en els quals cada participant aportar\u00e0 el seu recipient per a decorar, adobar i plantar xicotetes plantes aut\u00f2ctones.<\/span><\/li>\n<li dir=\"ltr\" role=\"presentation\"><b style=\"font-size: revert; color: initial;\">Enlla\u00e7 ?<\/b> <a style=\"font-size: revert;\" href=\"https:\/\/cultural.valencia.es\/activitats\/cultura-als-barris-2021-els-orriols\/\">https:\/\/cultural.valencia.es\/activitats\/cultura-als-barris-2021-els-orriols\/<\/a><span style=\"font-weight: 400;\">\u00a0<\/span><\/li>\n<\/ul>\n<p><b><strong><span style=\"color: #99cc00;\">[Taller] <\/span><\/strong><span style=\"color: #ff0000;\"><a style=\"color: #ff0000;\" href=\"https:\/\/cultural.valencia.es\/activitats\/cultura-als-barris-2021-els-orriols\/\">Cultura als barris 2021. Taller participatiu<\/a><\/span><\/b><\/p>\n<ul style=\"list-style-type: square;\">\n<li dir=\"ltr\" role=\"presentation\"><b style=\"font-size: revert; color: initial;\">On ?<\/b><span style=\"font-weight: 400;\"> Carrer de Sant Vicent de Pa\u00fcl, 46019 Val\u00e8ncia<\/span><\/li>\n<li dir=\"ltr\" role=\"presentation\"><b style=\"font-size: revert; color: initial;\">Quan ?<\/b><span style=\"font-weight: 400;\"> El 14 de novembre a les 11.30 fins a les 14.00 i des de les 17.00 fins a les 20.00<\/span><\/li>\n<li dir=\"ltr\" role=\"presentation\"><b style=\"font-size: revert; color: initial;\">Per a qui ? <\/b><span style=\"font-weight: 400;\">Tots<\/span><\/li>\n<li dir=\"ltr\" role=\"presentation\"><b style=\"font-size: revert; color: initial;\">Preu ?<\/b><span style=\"font-weight: 400;\"> Gratu\u00eft<\/span><\/li>\n<li dir=\"ltr\" role=\"presentation\"><b style=\"font-size: revert; color: initial;\">Qu\u00e8 \u00e9s ? <\/b><span style=\"font-weight: 400;\">Realitzaci\u00f3 participativa d\u2019un mural sobre biodiversitat, amb activitats paral\u00b7leles de creaci\u00f3 i disseny de portatestos reciclats, en els quals cada participant aportar\u00e0 el seu recipient per a decorar, adobar i plantar xicotetes plantes aut\u00f2ctones.<\/span><\/li>\n<li dir=\"ltr\" role=\"presentation\"><b style=\"font-size: revert; color: initial;\">Enlla\u00e7 ?<\/b> <a style=\"font-size: revert;\" href=\"https:\/\/cultural.valencia.es\/activitats\/cultura-als-barris-2021-els-orriols\/\">https:\/\/cultural.valencia.es\/activitats\/cultura-als-barris-2021-els-orriols\/<\/a><\/li>\n<\/ul>\n<p><b><strong><span style=\"color: #99cc00;\">[Taller] <\/span><\/strong><span style=\"color: #ff0000;\"><a style=\"color: #ff0000;\" href=\"https:\/\/cultural.valencia.es\/activitats\/cultura-als-barris-2021-malilla\/\">Cultura als barris 2021. Taller did\u00e0ctic<\/a><\/span><\/b><\/p>\n<ul style=\"list-style-type: square;\">\n<li dir=\"ltr\" role=\"presentation\"><b style=\"font-size: revert; color: initial;\">On ?<\/b><span style=\"font-weight: 400;\"> Parc del carrer d\u2019Olt\u00e0, 46026 Val\u00e8ncia<\/span><\/li>\n<li dir=\"ltr\" role=\"presentation\"><b style=\"font-size: revert; color: initial;\">Quan ?<\/b><span style=\"font-weight: 400;\"> El 14 de novembre a les 11.30<\/span><\/li>\n<li dir=\"ltr\" role=\"presentation\"><b style=\"font-size: revert; color: initial;\">Per a qui ?<\/b><span style=\"font-weight: 400;\"> Xiquets des dels 6 anys<\/span><\/li>\n<li dir=\"ltr\" role=\"presentation\"><b style=\"font-size: revert; color: initial;\">Preu ?<\/b><span style=\"font-weight: 400;\"> Gratu\u00eft<\/span><\/li>\n<li dir=\"ltr\" role=\"presentation\"><b style=\"font-size: revert; color: initial;\">Qu\u00e8 \u00e9s ?<\/b><span style=\"font-weight: 400;\"> Recreaci\u00f3 d\u2019una excavaci\u00f3 en la qual els participants intervindran com a aut\u00e8ntics arque\u00f2legs.<\/span><\/li>\n<li dir=\"ltr\" role=\"presentation\"><b style=\"font-size: revert; color: initial;\">Enlla\u00e7 ?<\/b> <a style=\"font-size: revert;\" href=\"https:\/\/cultural.valencia.es\/activitats\/cultura-als-barris-2021-malilla\/\">https:\/\/cultural.valencia.es\/activitats\/cultura-als-barris-2021-malilla\/<\/a><\/li>\n<\/ul>\n<p><b><strong><span style=\"color: #99cc00;\">[Taller] <\/span><\/strong><span style=\"color: #ff0000;\"><a style=\"color: #ff0000;\" href=\"https:\/\/cultural.valencia.es\/activitats\/cultura-als-barris-2021-malilla\/\">Cultura als barris 2021. Taller did\u00e0ctic<\/a><\/span><\/b><\/p>\n<ul style=\"list-style-type: square;\">\n<li dir=\"ltr\" role=\"presentation\"><b style=\"font-size: revert; color: initial;\">On ? <\/b><span style=\"font-weight: 400;\">Parc del carrer d\u2019Olt\u00e0, 46026 Val\u00e8ncia<\/span><\/li>\n<li dir=\"ltr\" role=\"presentation\"><b style=\"font-size: revert; color: initial;\">Quan ? <\/b><span style=\"font-weight: 400;\">El 14 de novembre a les 11.30<\/span><\/li>\n<li dir=\"ltr\" role=\"presentation\">Per a qui ? Xiquets des dels 6 anys<\/li>\n<li dir=\"ltr\" role=\"presentation\"><b style=\"font-size: revert; color: initial;\">Preu ? <\/b><span style=\"font-weight: 400;\">Gratu\u00eft<\/span><\/li>\n<li dir=\"ltr\" role=\"presentation\"><b style=\"font-size: revert; color: initial;\">Qu\u00e8 \u00e9s ? <\/b><span style=\"font-weight: 400;\">Recreaci\u00f3 d\u2019una excavaci\u00f3 en la qual els participants intervindran com a aut\u00e8ntics arque\u00f2legs.<\/span><\/li>\n<li dir=\"ltr\" role=\"presentation\"><b style=\"font-size: revert; color: initial;\">Enlla\u00e7?<\/b> <a style=\"font-size: revert;\" href=\"https:\/\/cultural.valencia.es\/activitats\/cultura-als-barris-2021-malilla\/\">https:\/\/cultural.valencia.es\/activitats\/cultura-als-barris-2021-malilla\/<\/a><span style=\"font-weight: 400;\">\u00a0<\/span><\/li>\n<\/ul>\n<p><b><strong><span style=\"color: #99cc00;\">[Taller] <\/span><\/strong><span style=\"color: #ff0000;\"><a style=\"color: #ff0000;\" href=\"https:\/\/www.joventut-valencia.es\/evento\/684\/funky-wall\/\"><i>Funky wall<\/i><\/a><\/span><\/b><\/p>\n<ul style=\"list-style-type: square;\">\n<li dir=\"ltr\" role=\"presentation\"><b style=\"font-size: revert; color: initial;\">On ? <\/b><span style=\"font-weight: 400;\">CMJ Ciutat Vella<\/span><\/li>\n<li dir=\"ltr\" role=\"presentation\"><b style=\"font-size: revert; color: initial;\">Quan ? <\/b><span style=\"font-weight: 400;\">Dilluns, dimarts i dimecres 15,16 i 17 novembre de les 17.00 a les 19.00<\/span><\/li>\n<li dir=\"ltr\" role=\"presentation\"><b style=\"font-size: revert; color: initial;\">Per a qui ? <\/b><span style=\"font-weight: 400;\">Joves de 15 a 25 anys<\/span><\/li>\n<li dir=\"ltr\" role=\"presentation\"><b style=\"font-size: revert; color: initial;\">Preu ?<\/b><span style=\"font-weight: 400;\"> Gratu\u00eft<\/span><\/li>\n<li dir=\"ltr\" role=\"presentation\"><b style=\"font-size: revert; color: initial;\">Qu\u00e8 \u00e9s ?<\/b><span style=\"font-weight: 400;\"> Taller de pintura mural<\/span><\/li>\n<li dir=\"ltr\" role=\"presentation\"><b style=\"font-size: revert; color: initial;\">Enlla\u00e7? <\/b><span style=\"font-weight: 400;\">Enlla\u00e7 per a inscriure&#8217;s <a href=\"https:\/\/www.joventut-valencia.es\/evento\/684\/funky-wall\/\">ac\u00ed<\/a><\/span><\/li>\n<\/ul>\n<p><b><strong><span style=\"color: #99cc00;\">[Esport] <\/span><\/strong><span style=\"color: #ff0000;\"><a style=\"color: #ff0000;\" href=\"https:\/\/www.joventut-valencia.es\/evento\/686\/yoga\/\">Ioga<\/a><\/span><\/b><\/p>\n<ul style=\"list-style-type: square;\">\n<li dir=\"ltr\" role=\"presentation\"><b style=\"font-size: revert; color: initial;\">On ?<\/b><span style=\"font-weight: 400;\"> CMJ Algiros<\/span><\/li>\n<li dir=\"ltr\" role=\"presentation\"><b style=\"font-size: revert; color: initial;\">Quan ?<\/b><span style=\"font-weight: 400;\"> Dimarts i Dijous 16,18,13,15,i 30 de novembre i 2,7,9 de desembre de les 18.30 a les 20.00<\/span><\/li>\n<li dir=\"ltr\" role=\"presentation\"><b style=\"font-size: revert; color: initial;\">Per a qui ?<\/b><span style=\"font-weight: 400;\"> Joves de 16 a 30 anys<\/span><\/li>\n<li dir=\"ltr\" role=\"presentation\"><b style=\"font-size: revert; color: initial;\">Preu ?<\/b><span style=\"font-weight: 400;\"> Gratu\u00eft<\/span><\/li>\n<li dir=\"ltr\" role=\"presentation\"><b style=\"font-size: revert; color: initial;\">Qu\u00e8 \u00e9s ?<\/b><span style=\"font-weight: 400;\"> Classe de ioga<\/span><\/li>\n<li dir=\"ltr\" role=\"presentation\"><b style=\"font-size: revert; color: initial;\">Enlla\u00e7? <\/b><span style=\"font-weight: 400;\">Enlla\u00e7 per a inscriure&#8217;s <a href=\"https:\/\/www.joventut-valencia.es\/evento\/686\/yoga\/\">ac\u00ed<\/a><\/span><\/li>\n<\/ul>\n<p><b><strong><span style=\"color: #99cc00;\">[Arts esc\u00e8niques] <\/span><\/strong><span style=\"color: #ff0000;\"><a style=\"color: #ff0000;\" href=\"https:\/\/cultural.valencia.es\/activitats\/cultura-als-barris-2021-arrancapins\/\">Cultura als barris 2021. M\u00e0gia i humor<\/a><\/span><\/b><\/p>\n<ul style=\"list-style-type: square;\">\n<li dir=\"ltr\" role=\"presentation\"><b style=\"font-size: revert; color: initial;\">On ? <\/b><span style=\"font-weight: 400;\">Centre Supera Prove\u00efments. Carrer d&#8217;Alberic, 18, 46008 Val\u00e8ncia, Val\u00e8ncia<\/span><\/li>\n<li dir=\"ltr\" role=\"presentation\"><b style=\"font-size: revert; color: initial;\">Quan ?<\/b><span style=\"font-weight: 400;\"> El 20 de novembre a les 18.00<\/span><\/li>\n<li dir=\"ltr\" role=\"presentation\"><b style=\"font-size: revert; color: initial;\">Per a qui ?<\/b><span style=\"font-weight: 400;\"> Tots<\/span><\/li>\n<li dir=\"ltr\" role=\"presentation\"><b style=\"font-size: revert; color: initial;\">Preu ?<\/b><span style=\"font-weight: 400;\"> Gratu\u00eft<\/span><\/li>\n<li dir=\"ltr\" role=\"presentation\"><b style=\"font-size: revert; color: initial;\">Qu\u00e8 \u00e9s ?<\/b><span style=\"font-weight: 400;\"> Espectacle de m\u00e0gia i humor.<\/span><\/li>\n<li dir=\"ltr\" role=\"presentation\"><b style=\"font-size: revert; color: initial;\">Enlla\u00e7 ?<\/b> <a style=\"font-size: revert;\" href=\"https:\/\/cultural.valencia.es\/activitats\/cultura-als-barris-2021-arrancapins\/\">https:\/\/cultural.valencia.es\/activitats\/cultura-als-barris-2021-arrancapins\/<\/a><\/li>\n<\/ul>\n<p><b><strong><span style=\"color: #99cc00;\">[Dansa] <\/span><\/strong><span style=\"color: #ff0000;\"><a style=\"color: #ff0000;\" href=\"https:\/\/cultural.valencia.es\/activitats\/cultura-als-barris-2021-arrancapins\/\">Cultura als barris 2021. Dansa<\/a><\/span><\/b><\/p>\n<ul style=\"list-style-type: square;\">\n<li dir=\"ltr\" role=\"presentation\"><b style=\"font-size: revert; color: initial;\">On ?<\/b><span style=\"font-weight: 400;\"> Centre Supera Prove\u00efments. Carrer d&#8217;Alberic, 18, 46008 Val\u00e8ncia, Val\u00e8ncia<\/span><\/li>\n<li dir=\"ltr\" role=\"presentation\"><b style=\"font-size: revert; color: initial;\">Quan ?<\/b><span style=\"font-weight: 400;\"> El 20 de novembre a les 12.30<\/span><\/li>\n<li dir=\"ltr\" role=\"presentation\"><b style=\"font-size: revert; color: initial;\">Per a qui ?<\/b><span style=\"font-weight: 400;\"> Tots<\/span><\/li>\n<li dir=\"ltr\" role=\"presentation\"><b style=\"font-size: revert; color: initial;\">Preu ?<\/b><span style=\"font-weight: 400;\"> Gratu\u00eft<\/span><\/li>\n<li dir=\"ltr\" role=\"presentation\"><b style=\"font-size: revert; color: initial;\">Qu\u00e8 \u00e9s ?<\/b><span style=\"font-weight: 400;\"> Compayia de ball oriental.<\/span><\/li>\n<li dir=\"ltr\" role=\"presentation\"><b style=\"font-size: revert; color: initial;\">Enlla\u00e7 ?<\/b> <a style=\"font-size: revert;\" href=\"https:\/\/cultural.valencia.es\/activitats\/cultura-als-barris-2021-arrancapins\/\">https:\/\/cultural.valencia.es\/activitats\/cultura-als-barris-2021-arrancapins\/<\/a><\/li>\n<\/ul>\n<p><b><strong><span style=\"color: #99cc00;\">[Teatre] <\/span><\/strong><span style=\"color: #ff0000;\"><a style=\"color: #ff0000;\" href=\"https:\/\/cultural.valencia.es\/activitats\/cultura-als-barris-2021-la-raiosa\/\">Cultura als barris 2021. Teatre<\/a><\/span><\/b><\/p>\n<ul style=\"list-style-type: square;\">\n<li dir=\"ltr\" role=\"presentation\"><b style=\"font-size: revert; color: initial;\">On ?<\/b><span style=\"font-weight: 400;\"> Parc de l\u2019Estacioneta. Carrer de Carcaixent, 2-24, 46007 Val\u00e8ncia, Val\u00e8ncia<\/span><\/li>\n<li dir=\"ltr\" role=\"presentation\"><b style=\"font-size: revert; color: initial;\">Quan ?<\/b><span style=\"font-weight: 400;\"> El 21 de novembre a les 12.00<\/span><\/li>\n<li dir=\"ltr\" role=\"presentation\"><b style=\"font-size: revert; color: initial;\">Per a qui ? <\/b><span style=\"font-weight: 400;\">Joves entre ~12 anys i 16 anys<\/span><\/li>\n<li dir=\"ltr\" role=\"presentation\"><b style=\"font-size: revert; color: initial;\">Preu ?<\/b><span style=\"font-weight: 400;\"> Gratu\u00eft<\/span><\/li>\n<li dir=\"ltr\" role=\"presentation\"><b style=\"font-size: revert; color: initial;\">Qu\u00e8 \u00e9s ?<\/b><span style=\"font-weight: 400;\"> Teatre d&#8217;improvisaci\u00f3. Els actors s\u2019enfronten al desafiament de crear escenes basades en els proposicions del p\u00fablic.<\/span><\/li>\n<li dir=\"ltr\" role=\"presentation\"><b style=\"font-size: revert; color: initial;\">Enlla\u00e7 ? <\/b><a style=\"font-size: revert;\" href=\"https:\/\/cultural.valencia.es\/activitats\/cultura-als-barris-2021-la-raiosa\/\">https:\/\/cultural.valencia.es\/activitats\/cultura-als-barris-2021-la-raiosa\/<\/a><span style=\"font-weight: 400;\">\u00a0<\/span><\/li>\n<\/ul>\n<p><b><strong><span style=\"color: #99cc00;\">[Exposici\u00f3] <\/span><\/strong><span style=\"color: #ff0000;\"><a style=\"color: #ff0000;\" href=\"https:\/\/www.consorcimuseus.gva.es\/centro-del-carmen\/exposicion\/1998-2015-cabanyal-portes-obertes-cultura-i-ciutadania\/?lang=es\">1998-2015 Cabanyal Ports Obertes. Cultura i ciutadania<\/a><\/span><\/b><\/p>\n<ul style=\"list-style-type: square;\">\n<li dir=\"ltr\" role=\"presentation\"><b style=\"font-size: revert; color: initial;\">On ?<\/b><span style=\"font-weight: 400;\"> En el Centre del Carme Cultura Contempor\u00e0nia (CCCC). Carrer del Museu, 2, 4, 46003 Val\u00e8ncia<\/span><\/li>\n<li dir=\"ltr\" role=\"presentation\"><b style=\"font-size: revert; color: initial;\">Quan ?<\/b><span style=\"font-weight: 400;\"> Fins al 21 de novembre des de les 11.00 fins a les 21.00 del dimarts al diumenge<\/span><\/li>\n<li dir=\"ltr\" role=\"presentation\"><b style=\"font-size: revert; color: initial;\">Per a qui ?<\/b><span style=\"font-weight: 400;\"> Joves entre ~12 anys i 16 anys<\/span><\/li>\n<li dir=\"ltr\" role=\"presentation\"><b style=\"font-size: revert; color: initial;\">Preu ?<\/b><span style=\"font-weight: 400;\"> Entrada gratu\u00efta<\/span><\/li>\n<li dir=\"ltr\" role=\"presentation\"><b style=\"font-size: revert; color: initial;\">Qu\u00e8 \u00e9s ?<\/b><span style=\"font-weight: 400;\"> Exposici\u00f3 art\u00edstica sobre el barri del Cabanyal, \u201cAquesta exposici\u00f3 recull el comprom\u00eds de l&#8217;art i del m\u00f3n la cultura amb el moviment ciutad\u00e0 Salvem El Cabanyal a trav\u00e9s de les XVI edicions de Cabanyal Ports Obertes, celebrades entre 1998 i 2014.\u201d<\/span><\/li>\n<li dir=\"ltr\" role=\"presentation\"><b style=\"font-size: revert; color: initial;\">Enlla\u00e7 ?\u00a0<\/b><a style=\"font-size: revert;\" href=\"https:\/\/www.consorcimuseus.gva.es\/centro-del-carmen\/exposicion\/1998-2015-cabanyal-portes-obertes-cultura-i-ciutadania\/?lang=es\">https:\/\/www.consorcimuseus.gva.es\/centro-del-carmen\/exposicion\/1998-2015-cabanyal-portes-obertes-cultura-i-ciutadania\/?lang=es<\/a><span style=\"font-weight: 400;\">\u00a0<\/span><\/li>\n<\/ul>\n<p><b><strong><span style=\"color: #99cc00;\">[Teatre] <\/span><\/strong><span style=\"color: #ff0000;\"><a style=\"color: #ff0000;\" href=\"https:\/\/cultural.valencia.es\/activitats\/cultura-als-barris-2021-aiora\/\">Cultura als barris 2021. Teatre infantil<\/a><\/span><\/b><\/p>\n<ul style=\"list-style-type: square;\">\n<li dir=\"ltr\" role=\"presentation\"><b style=\"font-size: revert; color: initial;\">On ?<\/b><span style=\"font-weight: 400;\"> Esplanada del Parc d\u00b4Aiora. Carrer dels Sants Just i Pastor, 98, 46021 Val\u00e8ncia, Val\u00e8ncia<\/span><\/li>\n<li dir=\"ltr\" role=\"presentation\"><b style=\"font-size: revert; color: initial;\">Quan ?<\/b><span style=\"font-weight: 400;\"> El 21 de novembre a les 12.00<\/span><\/li>\n<li dir=\"ltr\" role=\"presentation\"><b style=\"font-size: revert; color: initial;\">Per a qui ?<\/b><span style=\"font-weight: 400;\"> P\u00fablico infantil<\/span><\/li>\n<li dir=\"ltr\" role=\"presentation\"><b style=\"font-size: revert; color: initial;\">Preu ?<\/b><span style=\"font-weight: 400;\"> Gratu\u00eft<\/span><\/li>\n<li dir=\"ltr\" role=\"presentation\"><b style=\"font-size: revert; color: initial;\">Qu\u00e8 \u00e9s ? <\/b><span style=\"font-weight: 400;\">Contes, can\u00e7ons, etc\u00e8tera<\/span><\/li>\n<li dir=\"ltr\" role=\"presentation\"><b style=\"font-size: revert; color: initial;\">Enlla\u00e7 ?<\/b> <a style=\"font-size: revert;\" href=\"https:\/\/cultural.valencia.es\/activitats\/cultura-als-barris-2021-aiora\/\">https:\/\/cultural.valencia.es\/activitats\/cultura-als-barris-2021-aiora\/<\/a><\/li>\n<\/ul>\n<p><b><strong><span style=\"color: #99cc00;\">[Teatre] <\/span><\/strong><span style=\"color: #ff0000;\"><a style=\"color: #ff0000;\" href=\"https:\/\/cultural.valencia.es\/activitats\/cultura-als-barris-2021-la-malva-rosa\/\">Cultura als barris 2021. Teatre infantil<\/a><\/span><\/b><\/p>\n<ul style=\"list-style-type: square;\">\n<li dir=\"ltr\" role=\"presentation\"><b style=\"font-size: revert; color: initial;\">On ?<\/b><span style=\"font-weight: 400;\"> Parc de l\u2019Ermita de Vera, C. Crist\u00f3bal Llorens, 46011 Val\u00e8ncia<\/span><\/li>\n<li dir=\"ltr\" role=\"presentation\"><b style=\"font-size: revert; color: initial;\">Quan ?<\/b><span style=\"font-weight: 400;\"> El 21 de novembre a les 12.00<\/span><\/li>\n<li dir=\"ltr\" role=\"presentation\"><b style=\"font-size: revert; color: initial;\">Per a qui ? <\/b><span style=\"font-weight: 400;\">Xiquets des de 6 anys<\/span><\/li>\n<li dir=\"ltr\" role=\"presentation\"><b style=\"font-size: revert; color: initial;\">Preu ?<\/b><span style=\"font-weight: 400;\"> Gratu\u00eft<\/span><\/li>\n<li dir=\"ltr\" role=\"presentation\"><b style=\"font-size: revert; color: initial;\">Qu\u00e8 \u00e9s ?<\/b><span style=\"font-weight: 400;\"> Espectacle on la narraci\u00f3, els titelles amb objectes, el clown i la m\u00fasica en directe \u00e9s combinen per a comptar la hist\u00f2ria d\u2019aquest viatge cap a un m\u00f3n en miniatura eixit d\u2019una gran caixa.<\/span><\/li>\n<li dir=\"ltr\" role=\"presentation\"><b style=\"font-size: revert; color: initial;\">Enlla\u00e7 ? <\/b><a style=\"font-size: revert;\" href=\"https:\/\/cultural.valencia.es\/activitats\/cultura-als-barris-2021-la-malva-rosa\/\">https:\/\/cultural.valencia.es\/activitats\/cultura-als-barris-2021-la-malva-rosa\/<\/a><span style=\"font-weight: 400;\">\u00a0<\/span><\/li>\n<\/ul>\n<p><b><strong><span style=\"color: #99cc00;\">[Teatre] <\/span><\/strong><span style=\"color: #ff0000;\"><a style=\"color: #ff0000;\" href=\"https:\/\/cultural.valencia.es\/activitats\/cultura-als-barris-2021-la-raiosa\/\">Cultura als barris 2021. Teatre<\/a><\/span><\/b><\/p>\n<ul style=\"list-style-type: square;\">\n<li dir=\"ltr\" role=\"presentation\"><b style=\"font-size: revert; color: initial;\">On ?<\/b><span style=\"font-weight: 400;\"> Parc de l\u2019Estacioneta. Carrer de Carcaixent, 2-24, 46007 Val\u00e8ncia, Val\u00e8ncia<\/span><\/li>\n<li dir=\"ltr\" role=\"presentation\"><b style=\"font-size: revert; color: initial;\">Quan ?<\/b><span style=\"font-weight: 400;\"> El 21 de novembre a les 12.00<\/span><\/li>\n<li dir=\"ltr\" role=\"presentation\"><b style=\"font-size: revert; color: initial;\">Per a qui ?<\/b><span style=\"font-weight: 400;\"> Joves entre ~12 anys i 16 anys<\/span><\/li>\n<li dir=\"ltr\" role=\"presentation\"><b style=\"font-size: revert; color: initial;\">Preu ?<\/b><span style=\"font-weight: 400;\"> Gratu\u00eft<\/span><\/li>\n<li dir=\"ltr\" role=\"presentation\"><b style=\"font-size: revert; color: initial;\">Qu\u00e8 \u00e9s ?<\/b><span style=\"font-weight: 400;\"> Teatre d&#8217;improvisaci\u00f3. Els actors s\u2019enfronten al desafiament de crear escenes basades en les proposcions del p\u00fablic.<\/span><\/li>\n<li dir=\"ltr\" role=\"presentation\"><b style=\"font-size: revert; color: initial;\">Enlla\u00e7 ? <\/b><a style=\"font-size: revert;\" href=\"https:\/\/cultural.valencia.es\/activitats\/cultura-als-barris-2021-la-raiosa\/\">https:\/\/cultural.valencia.es\/activitats\/cultura-als-barris-2021-la-raiosa\/<\/a><\/li>\n<\/ul>\n<p><b><strong><span style=\"color: #99cc00;\">[Espectacle] <\/span><\/strong><span style=\"color: #ff0000;\"><a style=\"color: #ff0000;\" href=\"https:\/\/cultural.valencia.es\/activitats\/cultura-als-barris-2021-la-llum\/\">Cultura als barris 2021. M\u00e0gia<\/a><\/span><\/b><\/p>\n<ul style=\"list-style-type: square;\">\n<li dir=\"ltr\" role=\"presentation\"><b style=\"font-size: revert; color: initial;\">On ?<\/b><span style=\"font-weight: 400;\"> Parc del carrer de Miquel Adlert, 46014 Val\u00e8ncia<\/span><\/li>\n<li dir=\"ltr\" role=\"presentation\"><b style=\"font-size: revert; color: initial;\">Quan ?<\/b><span style=\"font-weight: 400;\"> El 27 de novembre a les 17.00<\/span><\/li>\n<li dir=\"ltr\" role=\"presentation\"><b style=\"font-size: revert; color: initial;\">Per a qui ?<\/b><span style=\"font-weight: 400;\"> Tots<\/span><\/li>\n<li dir=\"ltr\" role=\"presentation\"><b style=\"font-size: revert; color: initial;\">Preu ?<\/b><span style=\"font-weight: 400;\"> Gratu\u00eft<\/span><\/li>\n<li dir=\"ltr\" role=\"presentation\"><b style=\"font-size: revert; color: initial;\">Qu\u00e8 \u00e9s ?<\/b><span style=\"font-weight: 400;\"> Espectacle de m\u00e0gia i il\u00b7lusionisme<\/span><\/li>\n<li dir=\"ltr\" role=\"presentation\"><b style=\"font-size: revert; color: initial;\">Enlla\u00e7 ?<\/b> <a style=\"font-size: revert;\" href=\"https:\/\/cultural.valencia.es\/activitats\/cultura-als-barris-2021-la-llum\/\">https:\/\/cultural.valencia.es\/activitats\/cultura-als-barris-2021-la-llum\/<\/a><span style=\"font-weight: 400;\">\u00a0<\/span><\/li>\n<\/ul>\n<p><b><strong><span style=\"color: #99cc00;\">[Espectacle] <\/span><\/strong><span style=\"color: #ff0000;\"><a style=\"color: #ff0000;\" href=\"https:\/\/cultural.valencia.es\/activitats\/cultura-als-barris-2021-natzaret\/\">Cultura als barris 2021. Circ<\/a><\/span><\/b><\/p>\n<ul style=\"list-style-type: square;\">\n<li dir=\"ltr\" role=\"presentation\"><b style=\"font-size: revert; color: initial;\">On ?<\/b><span style=\"font-weight: 400;\"> Pla\u00e7a de l&#8217;Esgl\u00e9sia, 12, 46026 Val\u00e8ncia<\/span><\/li>\n<li dir=\"ltr\" role=\"presentation\"><b style=\"font-size: revert; color: initial;\">Quan ?<\/b><span style=\"font-weight: 400;\"> El 28 de novembre a les 12.00<\/span><\/li>\n<li dir=\"ltr\" role=\"presentation\"><b style=\"font-size: revert; color: initial;\">Per a qui ?<\/b><span style=\"font-weight: 400;\"> Tots<\/span><\/li>\n<li dir=\"ltr\" role=\"presentation\"><b style=\"font-size: revert; color: initial;\">Preu ?<\/b><span style=\"font-weight: 400;\"> Gratu\u00eft<\/span><\/li>\n<li dir=\"ltr\" role=\"presentation\"><b style=\"font-size: revert; color: initial;\">Qu\u00e8 \u00e9s ?<\/b><span style=\"font-weight: 400;\"> Espectacle de malabars, equilibris, m\u00fasica i acrob\u00e0cies a trav\u00e9s de la revolta de dues personatges de circ antic que descobreixen tot all\u00f2 que els uneix.<\/span><\/li>\n<li dir=\"ltr\" role=\"presentation\"><b style=\"font-size: revert; color: initial;\">Enlla\u00e7 ?<\/b> <a style=\"font-size: revert;\" href=\"https:\/\/cultural.valencia.es\/activitats\/cultura-als-barris-2021-natzaret\/\">https:\/\/cultural.valencia.es\/activitats\/cultura-als-barris-2021-natzaret\/<\/a><span style=\"font-weight: 400;\">\u00a0<\/span><\/li>\n<\/ul>\n<p>\u00a0<\/p>\n<h3 dir=\"ltr\">Activitats en l\u00ednia:<\/h3>\n<p><b>Activitats per a imprimir<\/b><\/p>\n<p><a href=\"https:\/\/cultural.valencia.es\/activitats\/imprimibles-de-museusacasa\/\"><span style=\"font-weight: 400;\">https:\/\/cultural.valencia.es\/activitats\/imprimibles-de-museusacasa\/<\/span><\/a><span style=\"font-weight: 400;\">\u00a0<\/span><\/p>\n<p>\u00a0<\/p>\n","protected":false},"excerpt":{"rendered":"<p>Activitats presencials : [Teatre] Concurs de Teatre On ? Centre Cultural Mislata Quan ? Tots els divendres de novembre i desembre a les 20.00 Per a qui ? Joves entre 12 i 16 anys Preu ? Gratu\u00eft Qu\u00e8 \u00e9s ? Concurs de teatres de tota mena Enlla\u00e7 ? Per a veure el programa i escriure&#8217;t &hellip; <a href=\"https:\/\/entandem.cat\/es\/recursos-es\/agenda-cultural-novembre-2021-vlc\/\">Continued<\/a><\/p>\n","protected":false},"author":1,"featured_media":9221,"comment_status":"closed","ping_status":"open","sticky":false,"template":"","format":"standard","meta":{"footnotes":""},"categories":[320,657],"tags":[598,799,800,330,674,467,331],"class_list":["post-9222","post","type-post","status-publish","format-standard","has-post-thumbnail","hentry","category-recursos-es","category-valencia-es","tag-activitats-culturals-es","tag-activitats-per-joves-es","tag-activitats-per-nens-es","tag-afev-es","tag-afev-valencia-es","tag-entandem-es","tag-voluntariat-es"],"yoast_head":"<!-- This site is optimized with the Yoast SEO plugin v27.0 - https:\/\/yoast.com\/product\/yoast-seo-wordpress\/ -->\n<title>Agenda cultural - Novembre 2021 (VLC) - enT\u00e0ndem<\/title>\n<meta name=\"robots\" content=\"index, follow, max-snippet:-1, max-image-preview:large, max-video-preview:-1\" \/>\n<link rel=\"canonical\" href=\"https:\/\/entandem.cat\/es\/recursos-es\/agenda-cultural-novembre-2021-vlc\/\" \/>\n<meta property=\"og:locale\" content=\"es_ES\" \/>\n<meta property=\"og:type\" content=\"article\" \/>\n<meta property=\"og:title\" content=\"Agenda cultural - Novembre 2021 (VLC) - enT\u00e0ndem\" \/>\n<meta property=\"og:description\" content=\"Activitats presencials : [Teatre] Concurs de Teatre On ? Centre Cultural Mislata Quan ? Tots els divendres de novembre i desembre a les 20.00 Per a qui ? Joves entre 12 i 16 anys Preu ? Gratu\u00eft Qu\u00e8 \u00e9s ? Concurs de teatres de tota mena Enlla\u00e7 ? Per a veure el programa i escriure&#8217;t &hellip; Continued\" \/>\n<meta property=\"og:url\" content=\"https:\/\/entandem.cat\/es\/recursos-es\/agenda-cultural-novembre-2021-vlc\/\" \/>\n<meta property=\"og:site_name\" content=\"enT\u00e0ndem\" \/>\n<meta property=\"article:publisher\" content=\"https:\/\/www.facebook.com\/afevcat\" \/>\n<meta property=\"article:published_time\" content=\"2021-11-02T13:02:00+00:00\" \/>\n<meta property=\"article:modified_time\" content=\"2021-11-03T09:43:14+00:00\" \/>\n<meta property=\"og:image\" content=\"https:\/\/entandem.cat\/wp-content\/uploads\/2021\/11\/Visuel-agenda-cultura-novembre-21-web.png\" \/>\n\t<meta property=\"og:image:width\" content=\"1200\" \/>\n\t<meta property=\"og:image:height\" content=\"800\" \/>\n\t<meta property=\"og:image:type\" content=\"image\/png\" \/>\n<meta name=\"author\" content=\"adminTandem\" \/>\n<meta name=\"twitter:card\" content=\"summary_large_image\" \/>\n<meta name=\"twitter:creator\" content=\"@afevcat\" \/>\n<meta name=\"twitter:site\" content=\"@afevcat\" \/>\n<meta name=\"twitter:label1\" content=\"Escrito por\" \/>\n\t<meta name=\"twitter:data1\" content=\"adminTandem\" \/>\n\t<meta name=\"twitter:label2\" content=\"Tiempo de lectura\" \/>\n\t<meta name=\"twitter:data2\" content=\"11 minutos\" \/>\n<script type=\"application\/ld+json\" class=\"yoast-schema-graph\">{\"@context\":\"https:\/\/schema.org\",\"@graph\":[{\"@type\":\"Article\",\"@id\":\"https:\/\/entandem.cat\/es\/recursos-es\/agenda-cultural-novembre-2021-vlc\/#article\",\"isPartOf\":{\"@id\":\"https:\/\/entandem.cat\/es\/recursos-es\/agenda-cultural-novembre-2021-vlc\/\"},\"author\":{\"name\":\"adminTandem\",\"@id\":\"https:\/\/entandem.cat\/#\/schema\/person\/2111428ce1954193a11054a1e2b5b0da\"},\"headline\":\"Agenda cultural &#8211; Novembre 2021 (VLC)\",\"datePublished\":\"2021-11-02T13:02:00+00:00\",\"dateModified\":\"2021-11-03T09:43:14+00:00\",\"mainEntityOfPage\":{\"@id\":\"https:\/\/entandem.cat\/es\/recursos-es\/agenda-cultural-novembre-2021-vlc\/\"},\"wordCount\":2486,\"publisher\":{\"@id\":\"https:\/\/entandem.cat\/#organization\"},\"image\":{\"@id\":\"https:\/\/entandem.cat\/es\/recursos-es\/agenda-cultural-novembre-2021-vlc\/#primaryimage\"},\"thumbnailUrl\":\"https:\/\/entandem.cat\/wp-content\/uploads\/2021\/11\/Visuel-agenda-cultura-novembre-21-web.png\",\"keywords\":[\"activitats culturals\",\"activitats per joves\",\"activitats per nens\",\"afev\",\"AFEV Val\u00e8ncia\",\"entandem\",\"voluntariat\"],\"articleSection\":[\"Recursos\",\"Valencia\"],\"inLanguage\":\"es\"},{\"@type\":\"WebPage\",\"@id\":\"https:\/\/entandem.cat\/es\/recursos-es\/agenda-cultural-novembre-2021-vlc\/\",\"url\":\"https:\/\/entandem.cat\/es\/recursos-es\/agenda-cultural-novembre-2021-vlc\/\",\"name\":\"Agenda cultural - Novembre 2021 (VLC) - enT\u00e0ndem\",\"isPartOf\":{\"@id\":\"https:\/\/entandem.cat\/#website\"},\"primaryImageOfPage\":{\"@id\":\"https:\/\/entandem.cat\/es\/recursos-es\/agenda-cultural-novembre-2021-vlc\/#primaryimage\"},\"image\":{\"@id\":\"https:\/\/entandem.cat\/es\/recursos-es\/agenda-cultural-novembre-2021-vlc\/#primaryimage\"},\"thumbnailUrl\":\"https:\/\/entandem.cat\/wp-content\/uploads\/2021\/11\/Visuel-agenda-cultura-novembre-21-web.png\",\"datePublished\":\"2021-11-02T13:02:00+00:00\",\"dateModified\":\"2021-11-03T09:43:14+00:00\",\"breadcrumb\":{\"@id\":\"https:\/\/entandem.cat\/es\/recursos-es\/agenda-cultural-novembre-2021-vlc\/#breadcrumb\"},\"inLanguage\":\"es\",\"potentialAction\":[{\"@type\":\"ReadAction\",\"target\":[\"https:\/\/entandem.cat\/es\/recursos-es\/agenda-cultural-novembre-2021-vlc\/\"]}]},{\"@type\":\"ImageObject\",\"inLanguage\":\"es\",\"@id\":\"https:\/\/entandem.cat\/es\/recursos-es\/agenda-cultural-novembre-2021-vlc\/#primaryimage\",\"url\":\"https:\/\/entandem.cat\/wp-content\/uploads\/2021\/11\/Visuel-agenda-cultura-novembre-21-web.png\",\"contentUrl\":\"https:\/\/entandem.cat\/wp-content\/uploads\/2021\/11\/Visuel-agenda-cultura-novembre-21-web.png\",\"width\":1200,\"height\":800},{\"@type\":\"BreadcrumbList\",\"@id\":\"https:\/\/entandem.cat\/es\/recursos-es\/agenda-cultural-novembre-2021-vlc\/#breadcrumb\",\"itemListElement\":[{\"@type\":\"ListItem\",\"position\":1,\"name\":\"Inici\",\"item\":\"https:\/\/entandem.cat\/es\/\"},{\"@type\":\"ListItem\",\"position\":2,\"name\":\"Agenda cultural &#8211; Novembre 2021 (VLC)\"}]},{\"@type\":\"WebSite\",\"@id\":\"https:\/\/entandem.cat\/#website\",\"url\":\"https:\/\/entandem.cat\/\",\"name\":\"enT\u00e0ndem\",\"description\":\"Voluntariat Social Universitari\",\"publisher\":{\"@id\":\"https:\/\/entandem.cat\/#organization\"},\"potentialAction\":[{\"@type\":\"SearchAction\",\"target\":{\"@type\":\"EntryPoint\",\"urlTemplate\":\"https:\/\/entandem.cat\/?s={search_term_string}\"},\"query-input\":{\"@type\":\"PropertyValueSpecification\",\"valueRequired\":true,\"valueName\":\"search_term_string\"}}],\"inLanguage\":\"es\"},{\"@type\":\"Organization\",\"@id\":\"https:\/\/entandem.cat\/#organization\",\"name\":\"enT\u00e0ndem\",\"url\":\"https:\/\/entandem.cat\/\",\"logo\":{\"@type\":\"ImageObject\",\"inLanguage\":\"es\",\"@id\":\"https:\/\/entandem.cat\/#\/schema\/logo\/image\/\",\"url\":\"https:\/\/entandem.cat\/wp-content\/uploads\/2016\/12\/logo-entandem.png\",\"contentUrl\":\"https:\/\/entandem.cat\/wp-content\/uploads\/2016\/12\/logo-entandem.png\",\"width\":166,\"height\":44,\"caption\":\"enT\u00e0ndem\"},\"image\":{\"@id\":\"https:\/\/entandem.cat\/#\/schema\/logo\/image\/\"},\"sameAs\":[\"https:\/\/www.facebook.com\/afevcat\",\"https:\/\/x.com\/afevcat\",\"https:\/\/www.instagram.com\/afevcat\/\"]},{\"@type\":\"Person\",\"@id\":\"https:\/\/entandem.cat\/#\/schema\/person\/2111428ce1954193a11054a1e2b5b0da\",\"name\":\"adminTandem\"}]}<\/script>\n<!-- \/ Yoast SEO plugin. -->","yoast_head_json":{"title":"Agenda cultural - Novembre 2021 (VLC) - enT\u00e0ndem","robots":{"index":"index","follow":"follow","max-snippet":"max-snippet:-1","max-image-preview":"max-image-preview:large","max-video-preview":"max-video-preview:-1"},"canonical":"https:\/\/entandem.cat\/es\/recursos-es\/agenda-cultural-novembre-2021-vlc\/","og_locale":"es_ES","og_type":"article","og_title":"Agenda cultural - Novembre 2021 (VLC) - enT\u00e0ndem","og_description":"Activitats presencials : [Teatre] Concurs de Teatre On ? Centre Cultural Mislata Quan ? Tots els divendres de novembre i desembre a les 20.00 Per a qui ? Joves entre 12 i 16 anys Preu ? Gratu\u00eft Qu\u00e8 \u00e9s ? Concurs de teatres de tota mena Enlla\u00e7 ? Per a veure el programa i escriure&#8217;t &hellip; Continued","og_url":"https:\/\/entandem.cat\/es\/recursos-es\/agenda-cultural-novembre-2021-vlc\/","og_site_name":"enT\u00e0ndem","article_publisher":"https:\/\/www.facebook.com\/afevcat","article_published_time":"2021-11-02T13:02:00+00:00","article_modified_time":"2021-11-03T09:43:14+00:00","og_image":[{"width":1200,"height":800,"url":"https:\/\/entandem.cat\/wp-content\/uploads\/2021\/11\/Visuel-agenda-cultura-novembre-21-web.png","type":"image\/png"}],"author":"adminTandem","twitter_card":"summary_large_image","twitter_creator":"@afevcat","twitter_site":"@afevcat","twitter_misc":{"Escrito por":"adminTandem","Tiempo de lectura":"11 minutos"},"schema":{"@context":"https:\/\/schema.org","@graph":[{"@type":"Article","@id":"https:\/\/entandem.cat\/es\/recursos-es\/agenda-cultural-novembre-2021-vlc\/#article","isPartOf":{"@id":"https:\/\/entandem.cat\/es\/recursos-es\/agenda-cultural-novembre-2021-vlc\/"},"author":{"name":"adminTandem","@id":"https:\/\/entandem.cat\/#\/schema\/person\/2111428ce1954193a11054a1e2b5b0da"},"headline":"Agenda cultural &#8211; Novembre 2021 (VLC)","datePublished":"2021-11-02T13:02:00+00:00","dateModified":"2021-11-03T09:43:14+00:00","mainEntityOfPage":{"@id":"https:\/\/entandem.cat\/es\/recursos-es\/agenda-cultural-novembre-2021-vlc\/"},"wordCount":2486,"publisher":{"@id":"https:\/\/entandem.cat\/#organization"},"image":{"@id":"https:\/\/entandem.cat\/es\/recursos-es\/agenda-cultural-novembre-2021-vlc\/#primaryimage"},"thumbnailUrl":"https:\/\/entandem.cat\/wp-content\/uploads\/2021\/11\/Visuel-agenda-cultura-novembre-21-web.png","keywords":["activitats culturals","activitats per joves","activitats per nens","afev","AFEV Val\u00e8ncia","entandem","voluntariat"],"articleSection":["Recursos","Valencia"],"inLanguage":"es"},{"@type":"WebPage","@id":"https:\/\/entandem.cat\/es\/recursos-es\/agenda-cultural-novembre-2021-vlc\/","url":"https:\/\/entandem.cat\/es\/recursos-es\/agenda-cultural-novembre-2021-vlc\/","name":"Agenda cultural - Novembre 2021 (VLC) - enT\u00e0ndem","isPartOf":{"@id":"https:\/\/entandem.cat\/#website"},"primaryImageOfPage":{"@id":"https:\/\/entandem.cat\/es\/recursos-es\/agenda-cultural-novembre-2021-vlc\/#primaryimage"},"image":{"@id":"https:\/\/entandem.cat\/es\/recursos-es\/agenda-cultural-novembre-2021-vlc\/#primaryimage"},"thumbnailUrl":"https:\/\/entandem.cat\/wp-content\/uploads\/2021\/11\/Visuel-agenda-cultura-novembre-21-web.png","datePublished":"2021-11-02T13:02:00+00:00","dateModified":"2021-11-03T09:43:14+00:00","breadcrumb":{"@id":"https:\/\/entandem.cat\/es\/recursos-es\/agenda-cultural-novembre-2021-vlc\/#breadcrumb"},"inLanguage":"es","potentialAction":[{"@type":"ReadAction","target":["https:\/\/entandem.cat\/es\/recursos-es\/agenda-cultural-novembre-2021-vlc\/"]}]},{"@type":"ImageObject","inLanguage":"es","@id":"https:\/\/entandem.cat\/es\/recursos-es\/agenda-cultural-novembre-2021-vlc\/#primaryimage","url":"https:\/\/entandem.cat\/wp-content\/uploads\/2021\/11\/Visuel-agenda-cultura-novembre-21-web.png","contentUrl":"https:\/\/entandem.cat\/wp-content\/uploads\/2021\/11\/Visuel-agenda-cultura-novembre-21-web.png","width":1200,"height":800},{"@type":"BreadcrumbList","@id":"https:\/\/entandem.cat\/es\/recursos-es\/agenda-cultural-novembre-2021-vlc\/#breadcrumb","itemListElement":[{"@type":"ListItem","position":1,"name":"Inici","item":"https:\/\/entandem.cat\/es\/"},{"@type":"ListItem","position":2,"name":"Agenda cultural &#8211; Novembre 2021 (VLC)"}]},{"@type":"WebSite","@id":"https:\/\/entandem.cat\/#website","url":"https:\/\/entandem.cat\/","name":"enT\u00e0ndem","description":"Voluntariat Social Universitari","publisher":{"@id":"https:\/\/entandem.cat\/#organization"},"potentialAction":[{"@type":"SearchAction","target":{"@type":"EntryPoint","urlTemplate":"https:\/\/entandem.cat\/?s={search_term_string}"},"query-input":{"@type":"PropertyValueSpecification","valueRequired":true,"valueName":"search_term_string"}}],"inLanguage":"es"},{"@type":"Organization","@id":"https:\/\/entandem.cat\/#organization","name":"enT\u00e0ndem","url":"https:\/\/entandem.cat\/","logo":{"@type":"ImageObject","inLanguage":"es","@id":"https:\/\/entandem.cat\/#\/schema\/logo\/image\/","url":"https:\/\/entandem.cat\/wp-content\/uploads\/2016\/12\/logo-entandem.png","contentUrl":"https:\/\/entandem.cat\/wp-content\/uploads\/2016\/12\/logo-entandem.png","width":166,"height":44,"caption":"enT\u00e0ndem"},"image":{"@id":"https:\/\/entandem.cat\/#\/schema\/logo\/image\/"},"sameAs":["https:\/\/www.facebook.com\/afevcat","https:\/\/x.com\/afevcat","https:\/\/www.instagram.com\/afevcat\/"]},{"@type":"Person","@id":"https:\/\/entandem.cat\/#\/schema\/person\/2111428ce1954193a11054a1e2b5b0da","name":"adminTandem"}]}},"_links":{"self":[{"href":"https:\/\/entandem.cat\/es\/wp-json\/wp\/v2\/posts\/9222","targetHints":{"allow":["GET"]}}],"collection":[{"href":"https:\/\/entandem.cat\/es\/wp-json\/wp\/v2\/posts"}],"about":[{"href":"https:\/\/entandem.cat\/es\/wp-json\/wp\/v2\/types\/post"}],"author":[{"embeddable":true,"href":"https:\/\/entandem.cat\/es\/wp-json\/wp\/v2\/users\/1"}],"replies":[{"embeddable":true,"href":"https:\/\/entandem.cat\/es\/wp-json\/wp\/v2\/comments?post=9222"}],"version-history":[{"count":1,"href":"https:\/\/entandem.cat\/es\/wp-json\/wp\/v2\/posts\/9222\/revisions"}],"predecessor-version":[{"id":9224,"href":"https:\/\/entandem.cat\/es\/wp-json\/wp\/v2\/posts\/9222\/revisions\/9224"}],"wp:featuredmedia":[{"embeddable":true,"href":"https:\/\/entandem.cat\/es\/wp-json\/wp\/v2\/media\/9221"}],"wp:attachment":[{"href":"https:\/\/entandem.cat\/es\/wp-json\/wp\/v2\/media?parent=9222"}],"wp:term":[{"taxonomy":"category","embeddable":true,"href":"https:\/\/entandem.cat\/es\/wp-json\/wp\/v2\/categories?post=9222"},{"taxonomy":"post_tag","embeddable":true,"href":"https:\/\/entandem.cat\/es\/wp-json\/wp\/v2\/tags?post=9222"}],"curies":[{"name":"wp","href":"https:\/\/api.w.org\/{rel}","templated":true}]}}