{"id":8914,"date":"2021-06-01T11:23:35","date_gmt":"2021-06-01T11:23:35","guid":{"rendered":"https:\/\/entandem.cat\/agenda-cultural-juny-2021-bcn\/"},"modified":"2021-06-01T11:30:40","modified_gmt":"2021-06-01T11:30:40","slug":"agenda-cultural-juny-2021-bcn","status":"publish","type":"post","link":"https:\/\/entandem.cat\/es\/recursos-es\/agenda-cultural-juny-2021-bcn\/","title":{"rendered":"Agenda cultural &#8211; Juny 2021 (BCN)"},"content":{"rendered":"<p>La temporada de la sorra dins les sabates, dels gelats compartits amb bones amistats i del combat contra els mosquits ha comen\u00e7at oficialment. Cosa que nom\u00e9s pot significar una cosa: el curs est\u00e0 a punt d&#8217;acabar! Per\u00f2 no us hem oblidat!<\/p>\n<p>Festivals, exposicions, esport, teatre&#8230; Per a les teves \u00faltimes sessions amb el teu t\u00e0ndem, trobar\u00e0s moltes idees que us permetran gaudir les setmanes que venen abans de llan\u00e7ar-vos a l&#8217;estiu! Descobreix-les!<\/p>\n<p><span style=\"color: #99cc00;\">[Festa]<\/span> <span style=\"color: #ff0000;\"><a style=\"color: #ff0000;\" href=\"https:\/\/beteve.cat\/cultura\/festes-majors-barcelona-barris\/#festa-major-nou-barris\" target=\"_blank\" rel=\"noopener\">Festa Major de la Trinitat Vella 2021<\/a><\/span><\/p>\n<ul style=\"list-style-type: square;\">\n<li>Del 28 de maig al 6 de juny (<a href=\"https:\/\/www.facebook.com\/comissiofestestv\/photos\/pcb.3949497221823870\/3949496438490615\/\" target=\"_blank\" rel=\"noopener\">programa a la p\u00e0gina Facebook de la Comissi\u00f3 de Festes Trinitat Vella<\/a>)<\/li>\n<li>Diversos llocs de Trinitat Vella<\/li>\n<li>Infants i joves<\/li>\n<li>Gratu\u00eft, cal inscripci\u00f3 pr\u00e8via<\/li>\n<\/ul>\n<p><span style=\"color: #99cc00;\">[Exposici\u00f3]<\/span> <span style=\"color: #ff0000;\"><a style=\"color: #ff0000;\" href=\"https:\/\/lafontana.org\/events\/expo-dona-subjecte\/\" target=\"_blank\" rel=\"noopener\">Dona subjecte<\/a><\/span><\/p>\n<ul style=\"list-style-type: square;\">\n<li>De l&#8217;1 al 30 de juny, tot el dia<\/li>\n<li>Espai Jove La Fontana (<span style=\"font-size: inherit;\">Carrer Gran de Gr\u00e0cia 190-192 &#8211; 08012 Barcelona)<\/span><\/li>\n<li>Joves<\/li>\n<li>Gratu\u00eft<\/li>\n<li><strong>Qu\u00e8 \u00e9s?<\/strong> L\u2019artista reivindica les dones com a individus, quelcom ben simple, per\u00f2 posat hist\u00f2ricament en q\u00fcesti\u00f3.<\/li>\n<\/ul>\n<p><span style=\"color: #99cc00;\">[Esport]<\/span> <span style=\"color: #ff0000;\"><a style=\"color: #ff0000;\" href=\"https:\/\/www.bdv.cat\/agenda-dactivitats\/53\" target=\"_blank\" rel=\"noopener\">Esports al carrer!<\/a><\/span><\/p>\n<ul style=\"list-style-type: square;\">\n<li>Futbol-tennis: dimarts 1, dijous 3 de juny de 2021 a les 17:30h (Pla\u00e7a Rep\u00fablicas)<\/li>\n<li>B\u00e0squet: dimecres 2 de juny de 2021 a les 17:30h (Parc Europa)<\/li>\n<li>V\u00f2lei: dimarts 8, dijous 10 de juny de 2021 a les 17:30h (Parc Europa)<\/li>\n<li>Futbol: dimecres 9 de juny de 2021 a les 17:30h (Pla\u00e7a Rep\u00fablicas)<\/li>\n<li>Barber\u00e0 del Vall\u00e8s<\/li>\n<li>Joves<\/li>\n<li>Gratu\u00eft, cal inscripci\u00f3 pr\u00e8via: a trav\u00e9s d&#8217;Instagram <a href=\"https:\/\/www.instagram.com\/joves.barbera\/\" target=\"_blank\" rel=\"noopener\">@joves.barbera<\/a> i <a href=\"https:\/\/www.instagram.com\/adolescents.barbera\/\" target=\"_blank\" rel=\"noopener\">@adolescents.babera<\/a>, al tel\u00e8fon 692 036 112 o al correu mediobert.barberavalles@gmail.com<\/li>\n<\/ul>\n<p><span style=\"color: #99cc00;\">[Exposici\u00f3]<\/span> <span style=\"color: #ff0000;\"><a style=\"color: #ff0000;\" href=\"http:\/\/rocaumbert.com\/event\/exposicio-casa\/\" target=\"_blank\" rel=\"noopener\">CASA!<\/a><\/span><\/p>\n<ul style=\"list-style-type: square;\">\n<li>Del 2 al 26 de juny, dins l\u2019horari d\u2019obertura de la biblioteca<\/li>\n<li>Biblioteca Roca Umbert (Carrer d&#8217;Enric Prat de la Riba, 77 &#8211; 08401 Granollers<span style=\"font-size: inherit;\">)<\/span><\/li>\n<li>Infants i joves fins a 16 anys<\/li>\n<li>Gratu\u00eft<\/li>\n<li><strong>Qu\u00e8 \u00e9s?<\/strong> La mostra ens obre la porta al joc i a la reflexi\u00f3 sobre el concepte de CASA per rec\u00f3rrer totes les seves estances i racons. I indagar sobre tot all\u00f2 que ens fa sentir i viure aquest espai, f\u00edsic o simb\u00f2lic, que ens representa i que ens guarda.<\/li>\n<\/ul>\n<p><span style=\"color: #99cc00;\">[Festival]<\/span> <span style=\"color: #ff0000;\"><a style=\"color: #ff0000;\" href=\"https:\/\/ajuntament.barcelona.cat\/centrescivics\/ca\/activitat\/el-desplacat-torna-al-carrer\" target=\"_blank\" rel=\"noopener\">El Despla\u00e7a&#8217;t<\/a><\/span><\/p>\n<ul style=\"list-style-type: square;\">\n<li>Dissabte 5 i diumenge 6 de juny<\/li>\n<li>Centre C\u00edvic Casa Groga (Av. del Jord\u00e0, 27 &#8211; 08035 Barcelona<span style=\"font-size: inherit;\">)<\/span><\/li>\n<li>Infants i joves<\/li>\n<li>Gratu\u00eft, <a href=\"https:\/\/casagroga.inscripcionscc.com\/MiramModular\/buscador\/buscador.jsp?g=1&amp;c=3&amp;t=CE&amp;f=DT\" target=\"_blank\" rel=\"noopener\">cal inscripci\u00f3 pr\u00e8via<\/a><\/li>\n<li><strong>Qu\u00e8 \u00e9s?<\/strong> L&#8217;equipament de Sant Gen\u00eds dels Agudells convida a celebrar les arts de cultura urbana i esc\u00e8niques que tenen el carrer com a tel\u00f3 de fons. <a href=\"https:\/\/casagroga.inscripcionscc.com\/MiramModular\/buscador\/buscador.jsp?g=1&amp;c=3&amp;t=CE&amp;f=DT\" target=\"_blank\" rel=\"noopener\">Consulta la programaci\u00f3<\/a>.<\/li>\n<\/ul>\n<p><span style=\"color: #99cc00;\">[Taller]<\/span> <span style=\"color: #ff0000;\"><a style=\"color: #ff0000;\" href=\"https:\/\/www.instagram.com\/p\/CPJN2MbAoU6\/?utm_medium=copy_link\" target=\"_blank\" rel=\"noopener\">Capoeira<\/a><\/span><\/p>\n<ul style=\"list-style-type: square;\">\n<li>Tots els dimecres, de les 17 a les 18.00h<\/li>\n<li>Espai La Roma (via de Sant Oleguer, 6 &#8211; 08210 Barber\u00e0 del Vall\u00e8s)<\/li>\n<li>Joves<\/li>\n<li>Gratu\u00eft, cal inscripci\u00f3 pr\u00e8via:&nbsp;a trav\u00e9s d&#8217;Instagram <a href=\"https:\/\/www.instagram.com\/joves.barbera\/\" target=\"_blank\" rel=\"noopener\">@joves.barbera<\/a> i <a href=\"https:\/\/www.instagram.com\/adolescents.barbera\/\" target=\"_blank\" rel=\"noopener\">@adolescents.babera<\/a> o al tel\u00e8fon 680 441 222<\/li>\n<li><strong>Qu\u00e8 \u00e9s?<\/strong> Taller de capoeira, una disciplina brasilera que combina arts marcials, m\u00fasica, esports i expressi\u00f3 corporal.<\/li>\n<\/ul>\n<p><span style=\"color: #99cc00;\">[Teatre]<\/span> <span style=\"color: #ff0000;\"><a style=\"color: #ff0000;\" href=\"https:\/\/lesbasses.org\/programacio\/adentro-projecta-teatre-social\/\" target=\"_blank\" rel=\"noopener\">ADENTRO ProjectA Teatre Social<\/a><\/span><\/p>\n<ul style=\"list-style-type: square;\">\n<li>Dissabte 19 de juny a les 19.00h<\/li>\n<li>Auditori Les Basses (C\/ Teide 20 &#8211; 08031 Barcelona)<\/li>\n<li>Joves<\/li>\n<li>Gratu\u00eft, cal inscripci\u00f3 pr\u00e8via a <a href=\"https:\/\/docs.google.com\/forms\/d\/e\/1FAIpQLSeth2_XZb2UJqkCgGoTu0f4IPYaEndBFHSc1MppLRydtioYZg\/viewform\" target=\"_blank\" rel=\"noopener\">Entrades ADENTRO-TeatreSocial<\/a><\/li>\n<li><strong>Qu\u00e8 \u00e9s?<\/strong> \u201cAdentro, un muntatge que ens parla d\u2019una realitat que tenim molt a prop i que coneixem poc i malament. Ens parla dels CIE, els Centres d\u2019Internament d\u2019Estrangers.\u201d En finalitzar l\u2019obra hi haur\u00e0 un col\u00b7loqui\/f\u00f2rum.<\/li>\n<\/ul>\n<p><span style=\"color: #99cc00;\">[Espectacle]<\/span> <span style=\"color: #ff0000;\"><a style=\"color: #ff0000;\" href=\"http:\/\/www.grajove.cat\/agenda\/icalrepeat.detail\/2021\/06\/11\/3142\/-\/sessio-musical-i-audiovisual-amb-konghost\" target=\"_blank\" rel=\"noopener\">Sessi\u00f3 musical i audiovisual amb Konghost<\/a><\/span><\/p>\n<ul style=\"list-style-type: square;\">\n<li>Divendres 11 de juny a les 20.30h<\/li>\n<li>GRAJOVE &#8211; Oficina Jove de Granollers (Pla\u00e7a de l&#8217;Esgl\u00e9sia, 8 &#8211; 08401 Granollers<span style=\"font-size: inherit;\">)<\/span><\/li>\n<li>Joves<\/li>\n<li>Gratu\u00eft, cal inscripci\u00f3 pr\u00e8via enviant un Whatsapp al 620 655 001<\/li>\n<li><strong>Qu\u00e8 \u00e9s?<\/strong> Sessi\u00f3 did\u00e0ctica audiovisual, on es combinaran la paraula, la imatge i la m\u00fasica. Un recorregut pels artistes i moments m\u00e9s importants de la cultural de club underground. Dj Monkey (Xevi) s\u2019encarregar\u00e0 de posar la selecci\u00f3 musical, compartint joies de la seva col\u00b7lecci\u00f3. Mentre LeTung (Ferran) anir\u00e0 portant el fil argumental i controlar\u00e0 les imatges.<\/li>\n<\/ul>\n<p><span style=\"color: #99cc00;\">[Festa]<\/span> <span style=\"color: #ff0000;\"><a style=\"color: #ff0000;\" href=\"https:\/\/beteve.cat\/cultura\/festes-majors-barcelona-barris\/#festa-major-nou-barris\" target=\"_blank\" rel=\"noopener\">Festa Major de les Roquetes 2021<\/a><\/span><\/p>\n<ul style=\"list-style-type: square;\">\n<li>Del 13 al 20 de juny<\/li>\n<li>Diversos llocs de les Roquetes<\/li>\n<li>Infants i joves<\/li>\n<li><strong>Qu\u00e8 \u00e9s?<\/strong> A les Roquetes hi ha la festa major tradicional i, d\u2019altra banda, la festa major jove. La comissi\u00f3 festiva est\u00e0 preparant la programaci\u00f3, que inclou la Roquetes Fashion Week, una mostra gastron\u00f2mica, un circuit d\u2019andr\u00f2mines i passejades populars de bon mat\u00ed.<\/li>\n<\/ul>\n<p><span style=\"color: #99cc00;\">[Exposici\u00f3]<\/span> <span style=\"color: #ff0000;\"><a style=\"color: #ff0000;\" href=\"https:\/\/lafontana.org\/events\/expo-obrim-mirades\/\" target=\"_blank\" rel=\"noopener\">Obrim mirades<\/a><\/span><\/p>\n<ul style=\"list-style-type: square;\">\n<li>Del 15 (a partir de les 17h) al 30 de juny (fins les 21h), tot el dia<\/li>\n<li>Espai Jove La Fontana (<span style=\"font-size: inherit;\">Carrer Gran de Gr\u00e0cia 190-192 &#8211; 08012 Barcelona)<\/span><\/li>\n<li>Joves<\/li>\n<li>Gratu\u00eft. La inauguraci\u00f3 ser\u00e0 el divendres 18 de juny a les 17.00h amb <a href=\"https:\/\/docs.google.com\/forms\/d\/e\/1FAIpQLSf0OD7tV7hWYKMoz_krN5BczgflaO5xrm2lrAatPAiTerb8mg\/viewform?usp=sf_link\" target=\"_blank\" rel=\"noopener\">reserva pr\u00e8via<\/a>.<\/li>\n<li><strong>Qu\u00e8 \u00e9s?<\/strong> La Fundaci\u00f3 Friends presenta l\u2019exposici\u00f3 Obrim Mirades fruit del taller de fotografia que s\u2019ha realitzat al llarg de sis sessions a trav\u00e9s del qual els i les participants van descobrir actituds i capacitats art\u00edstiques que desconeixien. Aquesta fundaci\u00f3 \u00e9s una entitat sense \u00e0nim de lucre que dona suport a joves amb Trastorns de l\u2019Espectre Autista (TEA) i amb problemes de comunicaci\u00f3 social, relaci\u00f3 i empatia.<\/li>\n<\/ul>\n<p><span style=\"color: #99cc00;\">[Esport]<\/span> <span style=\"color: #ff0000;\"><a style=\"color: #ff0000;\" href=\"https:\/\/lesbasses.org\/programacio\/campionat-de-ping-pong-3\/\" target=\"_blank\" rel=\"noopener\">Campionat de ping pong<\/a><\/span><\/p>\n<ul style=\"list-style-type: square;\">\n<li>Dilluns 21 de juny a les 17.30h<\/li>\n<li>Auditori Les Basses (C\/ Teide 20 &#8211; 08031 Barcelona)<\/li>\n<li>Joves<\/li>\n<li>Gratu\u00eft, cal inscripci\u00f3 pr\u00e8via a la recepci\u00f3 de Les Basses<\/li>\n<\/ul>\n<p><span style=\"color: #99cc00;\">[Activitat]<\/span> <span style=\"color: #ff0000;\"><a style=\"color: #ff0000;\" href=\"https:\/\/ajuntament.barcelona.cat\/ccivics\/files\/1622051148_ProgramacionEquipaments-JUNIO-2021-min.jpg\" target=\"_blank\" rel=\"noopener\">Activitats de juny a la Zona Nord: Festes a Ciutat Meridiana, Dia de la M\u00fasica<\/a><\/span><\/p>\n<ul style=\"list-style-type: square;\">\n<li>Del 18 al 21 de juny<\/li>\n<li>Ciutat Meridiana i Vallbona (Pla\u00e7a Primer de Maig)<\/li>\n<li>Joves<\/li>\n<li><strong>Qu\u00e8 \u00e9s?<\/strong> Fem festa major i celebrem el dia de la m\u00fasica al carrer. <a href=\"https:\/\/www.barcelona.cat\/casalsdebarri\/vallbona\/ca\/home\" target=\"_blank\" rel=\"noopener\">M\u00e9s info aviat<\/a>.<\/li>\n<\/ul>\n<p><span style=\"color: #99cc00;\">[Concert]<\/span> <span style=\"color: #ff0000;\"><a style=\"color: #ff0000;\" href=\"http:\/\/www.grajove.cat\/iniciatives-juvenils\/projectes-de-suport\/concursos\/es-musica\/1817-fase-de-sorteig-del-concurs-es-musica-2\" target=\"_blank\" rel=\"noopener\">L'[\u00c9s] M\u00fasica<\/a><\/span><\/p>\n<ul style=\"list-style-type: square;\">\n<li>Dissabte 5 de juny<\/li>\n<li>A les 17.30h, a les 18.30h i a les 19.30h: p<span style=\"font-size: inherit;\">laces de Can Trull\u00e0s, Can Com\u00e0s i al carrer Princesa 3 (darrera de l\u2019OAC de Granollers)<\/span><\/li>\n<li>A les 20.30h: GRAJOVE (Pla\u00e7a de l&#8217;Esgl\u00e9sia, 8 &#8211; 08401 Granollers)<\/li>\n<li>Joves<\/li>\n<li>Gratu\u00eft, cal enviar un missatge de WhatsApp al 620 65 50 01 amb el vostre nom, DNI i el passi i pla\u00e7a al que voleu assistir<\/li>\n<li><strong>Qu\u00e8 \u00e9s?<\/strong> Un total de 8 grups musicals de la comarca competiran per guanyar aquesta edici\u00f3 del 2021. L&#8217;estils dels diferents grups \u00e9s variat, amb propostes molt interessants.<\/li>\n<\/ul>\n","protected":false},"excerpt":{"rendered":"<p>La temporada de la sorra dins les sabates, dels gelats compartits amb bones amistats i del combat contra els mosquits ha comen\u00e7at oficialment. Cosa que nom\u00e9s pot significar una cosa: el curs est\u00e0 a punt d&#8217;acabar! Per\u00f2 no us hem oblidat! Festivals, exposicions, esport, teatre&#8230; Per a les teves \u00faltimes sessions amb el teu t\u00e0ndem, &hellip; <a href=\"https:\/\/entandem.cat\/es\/recursos-es\/agenda-cultural-juny-2021-bcn\/\">Continued<\/a><\/p>\n","protected":false},"author":1,"featured_media":8904,"comment_status":"closed","ping_status":"open","sticky":false,"template":"","format":"standard","meta":{"footnotes":""},"categories":[655,320],"tags":[759,772,474,329,598,706,510,708,788,564,789,753,663,499,501,676,754,790,664,578,331,339],"class_list":["post-8914","post","type-post","status-publish","format-standard","has-post-thumbnail","hentry","category-barcelona-es","category-recursos-es","tag-2021-es","tag-acompanyament-es","tag-acompanyament-educatiu-es","tag-activitats-es","tag-activitats-culturals-es","tag-agenda-es","tag-agenda-cultural-es","tag-art-es","tag-audiovisual-es","tag-barcelona-es","tag-capoeira-es","tag-concert-es","tag-esport-es","tag-exposicio-es-2","tag-exposicio-foto-es-2","tag-festa-es","tag-festival-es","tag-musica-2-es","tag-taller-es","tag-teatre-es","tag-voluntariat-es","tag-voluntariat-social-es"],"yoast_head":"<!-- This site is optimized with the Yoast SEO plugin v27.0 - https:\/\/yoast.com\/product\/yoast-seo-wordpress\/ -->\n<title>Agenda cultural - Juny 2021 (BCN) - enT\u00e0ndem<\/title>\n<meta name=\"robots\" content=\"index, follow, max-snippet:-1, max-image-preview:large, max-video-preview:-1\" \/>\n<link rel=\"canonical\" href=\"https:\/\/entandem.cat\/es\/recursos-es\/agenda-cultural-juny-2021-bcn\/\" \/>\n<meta property=\"og:locale\" content=\"es_ES\" \/>\n<meta property=\"og:type\" content=\"article\" \/>\n<meta property=\"og:title\" content=\"Agenda cultural - Juny 2021 (BCN) - enT\u00e0ndem\" \/>\n<meta property=\"og:description\" content=\"La temporada de la sorra dins les sabates, dels gelats compartits amb bones amistats i del combat contra els mosquits ha comen\u00e7at oficialment. Cosa que nom\u00e9s pot significar una cosa: el curs est\u00e0 a punt d&#8217;acabar! Per\u00f2 no us hem oblidat! Festivals, exposicions, esport, teatre&#8230; Per a les teves \u00faltimes sessions amb el teu t\u00e0ndem, &hellip; Continued\" \/>\n<meta property=\"og:url\" content=\"https:\/\/entandem.cat\/es\/recursos-es\/agenda-cultural-juny-2021-bcn\/\" \/>\n<meta property=\"og:site_name\" content=\"enT\u00e0ndem\" \/>\n<meta property=\"article:publisher\" content=\"https:\/\/www.facebook.com\/afevcat\" \/>\n<meta property=\"article:published_time\" content=\"2021-06-01T11:23:35+00:00\" \/>\n<meta property=\"article:modified_time\" content=\"2021-06-01T11:30:40+00:00\" \/>\n<meta property=\"og:image\" content=\"https:\/\/entandem.cat\/wp-content\/uploads\/2021\/06\/NV-Agenda-Cultural-BCN-Juny-2021.jpg\" \/>\n\t<meta property=\"og:image:width\" content=\"1200\" \/>\n\t<meta property=\"og:image:height\" content=\"800\" \/>\n\t<meta property=\"og:image:type\" content=\"image\/jpeg\" \/>\n<meta name=\"author\" content=\"adminTandem\" \/>\n<meta name=\"twitter:card\" content=\"summary_large_image\" \/>\n<meta name=\"twitter:creator\" content=\"@afevcat\" \/>\n<meta name=\"twitter:site\" content=\"@afevcat\" \/>\n<meta name=\"twitter:label1\" content=\"Escrito por\" \/>\n\t<meta name=\"twitter:data1\" content=\"adminTandem\" \/>\n\t<meta name=\"twitter:label2\" content=\"Tiempo de lectura\" \/>\n\t<meta name=\"twitter:data2\" content=\"5 minutos\" \/>\n<script type=\"application\/ld+json\" class=\"yoast-schema-graph\">{\"@context\":\"https:\/\/schema.org\",\"@graph\":[{\"@type\":\"Article\",\"@id\":\"https:\/\/entandem.cat\/es\/recursos-es\/agenda-cultural-juny-2021-bcn\/#article\",\"isPartOf\":{\"@id\":\"https:\/\/entandem.cat\/es\/recursos-es\/agenda-cultural-juny-2021-bcn\/\"},\"author\":{\"name\":\"adminTandem\",\"@id\":\"https:\/\/entandem.cat\/#\/schema\/person\/2111428ce1954193a11054a1e2b5b0da\"},\"headline\":\"Agenda cultural &#8211; Juny 2021 (BCN)\",\"datePublished\":\"2021-06-01T11:23:35+00:00\",\"dateModified\":\"2021-06-01T11:30:40+00:00\",\"mainEntityOfPage\":{\"@id\":\"https:\/\/entandem.cat\/es\/recursos-es\/agenda-cultural-juny-2021-bcn\/\"},\"wordCount\":999,\"publisher\":{\"@id\":\"https:\/\/entandem.cat\/#organization\"},\"image\":{\"@id\":\"https:\/\/entandem.cat\/es\/recursos-es\/agenda-cultural-juny-2021-bcn\/#primaryimage\"},\"thumbnailUrl\":\"https:\/\/entandem.cat\/wp-content\/uploads\/2021\/06\/NV-Agenda-Cultural-BCN-Juny-2021.jpg\",\"keywords\":[\"2021\",\"acompanyament\",\"acompanyament educatiu\",\"activitats\",\"activitats culturals\",\"agenda\",\"agenda cultural\",\"art\",\"audiovisual\",\"barcelona\",\"capoeira\",\"concert\",\"esport\",\"exposici\u00f3\",\"exposici\u00f3 foto\",\"festa\",\"festival\",\"m\u00fasica\",\"taller\",\"teatre\",\"voluntariat\",\"voluntariat social\"],\"articleSection\":[\"Barcelona\",\"Recursos\"],\"inLanguage\":\"es\"},{\"@type\":\"WebPage\",\"@id\":\"https:\/\/entandem.cat\/es\/recursos-es\/agenda-cultural-juny-2021-bcn\/\",\"url\":\"https:\/\/entandem.cat\/es\/recursos-es\/agenda-cultural-juny-2021-bcn\/\",\"name\":\"Agenda cultural - Juny 2021 (BCN) - enT\u00e0ndem\",\"isPartOf\":{\"@id\":\"https:\/\/entandem.cat\/#website\"},\"primaryImageOfPage\":{\"@id\":\"https:\/\/entandem.cat\/es\/recursos-es\/agenda-cultural-juny-2021-bcn\/#primaryimage\"},\"image\":{\"@id\":\"https:\/\/entandem.cat\/es\/recursos-es\/agenda-cultural-juny-2021-bcn\/#primaryimage\"},\"thumbnailUrl\":\"https:\/\/entandem.cat\/wp-content\/uploads\/2021\/06\/NV-Agenda-Cultural-BCN-Juny-2021.jpg\",\"datePublished\":\"2021-06-01T11:23:35+00:00\",\"dateModified\":\"2021-06-01T11:30:40+00:00\",\"breadcrumb\":{\"@id\":\"https:\/\/entandem.cat\/es\/recursos-es\/agenda-cultural-juny-2021-bcn\/#breadcrumb\"},\"inLanguage\":\"es\",\"potentialAction\":[{\"@type\":\"ReadAction\",\"target\":[\"https:\/\/entandem.cat\/es\/recursos-es\/agenda-cultural-juny-2021-bcn\/\"]}]},{\"@type\":\"ImageObject\",\"inLanguage\":\"es\",\"@id\":\"https:\/\/entandem.cat\/es\/recursos-es\/agenda-cultural-juny-2021-bcn\/#primaryimage\",\"url\":\"https:\/\/entandem.cat\/wp-content\/uploads\/2021\/06\/NV-Agenda-Cultural-BCN-Juny-2021.jpg\",\"contentUrl\":\"https:\/\/entandem.cat\/wp-content\/uploads\/2021\/06\/NV-Agenda-Cultural-BCN-Juny-2021.jpg\",\"width\":1200,\"height\":800},{\"@type\":\"BreadcrumbList\",\"@id\":\"https:\/\/entandem.cat\/es\/recursos-es\/agenda-cultural-juny-2021-bcn\/#breadcrumb\",\"itemListElement\":[{\"@type\":\"ListItem\",\"position\":1,\"name\":\"Inici\",\"item\":\"https:\/\/entandem.cat\/es\/\"},{\"@type\":\"ListItem\",\"position\":2,\"name\":\"Agenda cultural &#8211; Juny 2021 (BCN)\"}]},{\"@type\":\"WebSite\",\"@id\":\"https:\/\/entandem.cat\/#website\",\"url\":\"https:\/\/entandem.cat\/\",\"name\":\"enT\u00e0ndem\",\"description\":\"Voluntariat Social Universitari\",\"publisher\":{\"@id\":\"https:\/\/entandem.cat\/#organization\"},\"potentialAction\":[{\"@type\":\"SearchAction\",\"target\":{\"@type\":\"EntryPoint\",\"urlTemplate\":\"https:\/\/entandem.cat\/?s={search_term_string}\"},\"query-input\":{\"@type\":\"PropertyValueSpecification\",\"valueRequired\":true,\"valueName\":\"search_term_string\"}}],\"inLanguage\":\"es\"},{\"@type\":\"Organization\",\"@id\":\"https:\/\/entandem.cat\/#organization\",\"name\":\"enT\u00e0ndem\",\"url\":\"https:\/\/entandem.cat\/\",\"logo\":{\"@type\":\"ImageObject\",\"inLanguage\":\"es\",\"@id\":\"https:\/\/entandem.cat\/#\/schema\/logo\/image\/\",\"url\":\"https:\/\/entandem.cat\/wp-content\/uploads\/2016\/12\/logo-entandem.png\",\"contentUrl\":\"https:\/\/entandem.cat\/wp-content\/uploads\/2016\/12\/logo-entandem.png\",\"width\":166,\"height\":44,\"caption\":\"enT\u00e0ndem\"},\"image\":{\"@id\":\"https:\/\/entandem.cat\/#\/schema\/logo\/image\/\"},\"sameAs\":[\"https:\/\/www.facebook.com\/afevcat\",\"https:\/\/x.com\/afevcat\",\"https:\/\/www.instagram.com\/afevcat\/\"]},{\"@type\":\"Person\",\"@id\":\"https:\/\/entandem.cat\/#\/schema\/person\/2111428ce1954193a11054a1e2b5b0da\",\"name\":\"adminTandem\"}]}<\/script>\n<!-- \/ Yoast SEO plugin. -->","yoast_head_json":{"title":"Agenda cultural - Juny 2021 (BCN) - enT\u00e0ndem","robots":{"index":"index","follow":"follow","max-snippet":"max-snippet:-1","max-image-preview":"max-image-preview:large","max-video-preview":"max-video-preview:-1"},"canonical":"https:\/\/entandem.cat\/es\/recursos-es\/agenda-cultural-juny-2021-bcn\/","og_locale":"es_ES","og_type":"article","og_title":"Agenda cultural - Juny 2021 (BCN) - enT\u00e0ndem","og_description":"La temporada de la sorra dins les sabates, dels gelats compartits amb bones amistats i del combat contra els mosquits ha comen\u00e7at oficialment. Cosa que nom\u00e9s pot significar una cosa: el curs est\u00e0 a punt d&#8217;acabar! Per\u00f2 no us hem oblidat! Festivals, exposicions, esport, teatre&#8230; Per a les teves \u00faltimes sessions amb el teu t\u00e0ndem, &hellip; Continued","og_url":"https:\/\/entandem.cat\/es\/recursos-es\/agenda-cultural-juny-2021-bcn\/","og_site_name":"enT\u00e0ndem","article_publisher":"https:\/\/www.facebook.com\/afevcat","article_published_time":"2021-06-01T11:23:35+00:00","article_modified_time":"2021-06-01T11:30:40+00:00","og_image":[{"width":1200,"height":800,"url":"https:\/\/entandem.cat\/wp-content\/uploads\/2021\/06\/NV-Agenda-Cultural-BCN-Juny-2021.jpg","type":"image\/jpeg"}],"author":"adminTandem","twitter_card":"summary_large_image","twitter_creator":"@afevcat","twitter_site":"@afevcat","twitter_misc":{"Escrito por":"adminTandem","Tiempo de lectura":"5 minutos"},"schema":{"@context":"https:\/\/schema.org","@graph":[{"@type":"Article","@id":"https:\/\/entandem.cat\/es\/recursos-es\/agenda-cultural-juny-2021-bcn\/#article","isPartOf":{"@id":"https:\/\/entandem.cat\/es\/recursos-es\/agenda-cultural-juny-2021-bcn\/"},"author":{"name":"adminTandem","@id":"https:\/\/entandem.cat\/#\/schema\/person\/2111428ce1954193a11054a1e2b5b0da"},"headline":"Agenda cultural &#8211; Juny 2021 (BCN)","datePublished":"2021-06-01T11:23:35+00:00","dateModified":"2021-06-01T11:30:40+00:00","mainEntityOfPage":{"@id":"https:\/\/entandem.cat\/es\/recursos-es\/agenda-cultural-juny-2021-bcn\/"},"wordCount":999,"publisher":{"@id":"https:\/\/entandem.cat\/#organization"},"image":{"@id":"https:\/\/entandem.cat\/es\/recursos-es\/agenda-cultural-juny-2021-bcn\/#primaryimage"},"thumbnailUrl":"https:\/\/entandem.cat\/wp-content\/uploads\/2021\/06\/NV-Agenda-Cultural-BCN-Juny-2021.jpg","keywords":["2021","acompanyament","acompanyament educatiu","activitats","activitats culturals","agenda","agenda cultural","art","audiovisual","barcelona","capoeira","concert","esport","exposici\u00f3","exposici\u00f3 foto","festa","festival","m\u00fasica","taller","teatre","voluntariat","voluntariat social"],"articleSection":["Barcelona","Recursos"],"inLanguage":"es"},{"@type":"WebPage","@id":"https:\/\/entandem.cat\/es\/recursos-es\/agenda-cultural-juny-2021-bcn\/","url":"https:\/\/entandem.cat\/es\/recursos-es\/agenda-cultural-juny-2021-bcn\/","name":"Agenda cultural - Juny 2021 (BCN) - enT\u00e0ndem","isPartOf":{"@id":"https:\/\/entandem.cat\/#website"},"primaryImageOfPage":{"@id":"https:\/\/entandem.cat\/es\/recursos-es\/agenda-cultural-juny-2021-bcn\/#primaryimage"},"image":{"@id":"https:\/\/entandem.cat\/es\/recursos-es\/agenda-cultural-juny-2021-bcn\/#primaryimage"},"thumbnailUrl":"https:\/\/entandem.cat\/wp-content\/uploads\/2021\/06\/NV-Agenda-Cultural-BCN-Juny-2021.jpg","datePublished":"2021-06-01T11:23:35+00:00","dateModified":"2021-06-01T11:30:40+00:00","breadcrumb":{"@id":"https:\/\/entandem.cat\/es\/recursos-es\/agenda-cultural-juny-2021-bcn\/#breadcrumb"},"inLanguage":"es","potentialAction":[{"@type":"ReadAction","target":["https:\/\/entandem.cat\/es\/recursos-es\/agenda-cultural-juny-2021-bcn\/"]}]},{"@type":"ImageObject","inLanguage":"es","@id":"https:\/\/entandem.cat\/es\/recursos-es\/agenda-cultural-juny-2021-bcn\/#primaryimage","url":"https:\/\/entandem.cat\/wp-content\/uploads\/2021\/06\/NV-Agenda-Cultural-BCN-Juny-2021.jpg","contentUrl":"https:\/\/entandem.cat\/wp-content\/uploads\/2021\/06\/NV-Agenda-Cultural-BCN-Juny-2021.jpg","width":1200,"height":800},{"@type":"BreadcrumbList","@id":"https:\/\/entandem.cat\/es\/recursos-es\/agenda-cultural-juny-2021-bcn\/#breadcrumb","itemListElement":[{"@type":"ListItem","position":1,"name":"Inici","item":"https:\/\/entandem.cat\/es\/"},{"@type":"ListItem","position":2,"name":"Agenda cultural &#8211; Juny 2021 (BCN)"}]},{"@type":"WebSite","@id":"https:\/\/entandem.cat\/#website","url":"https:\/\/entandem.cat\/","name":"enT\u00e0ndem","description":"Voluntariat Social Universitari","publisher":{"@id":"https:\/\/entandem.cat\/#organization"},"potentialAction":[{"@type":"SearchAction","target":{"@type":"EntryPoint","urlTemplate":"https:\/\/entandem.cat\/?s={search_term_string}"},"query-input":{"@type":"PropertyValueSpecification","valueRequired":true,"valueName":"search_term_string"}}],"inLanguage":"es"},{"@type":"Organization","@id":"https:\/\/entandem.cat\/#organization","name":"enT\u00e0ndem","url":"https:\/\/entandem.cat\/","logo":{"@type":"ImageObject","inLanguage":"es","@id":"https:\/\/entandem.cat\/#\/schema\/logo\/image\/","url":"https:\/\/entandem.cat\/wp-content\/uploads\/2016\/12\/logo-entandem.png","contentUrl":"https:\/\/entandem.cat\/wp-content\/uploads\/2016\/12\/logo-entandem.png","width":166,"height":44,"caption":"enT\u00e0ndem"},"image":{"@id":"https:\/\/entandem.cat\/#\/schema\/logo\/image\/"},"sameAs":["https:\/\/www.facebook.com\/afevcat","https:\/\/x.com\/afevcat","https:\/\/www.instagram.com\/afevcat\/"]},{"@type":"Person","@id":"https:\/\/entandem.cat\/#\/schema\/person\/2111428ce1954193a11054a1e2b5b0da","name":"adminTandem"}]}},"_links":{"self":[{"href":"https:\/\/entandem.cat\/es\/wp-json\/wp\/v2\/posts\/8914","targetHints":{"allow":["GET"]}}],"collection":[{"href":"https:\/\/entandem.cat\/es\/wp-json\/wp\/v2\/posts"}],"about":[{"href":"https:\/\/entandem.cat\/es\/wp-json\/wp\/v2\/types\/post"}],"author":[{"embeddable":true,"href":"https:\/\/entandem.cat\/es\/wp-json\/wp\/v2\/users\/1"}],"replies":[{"embeddable":true,"href":"https:\/\/entandem.cat\/es\/wp-json\/wp\/v2\/comments?post=8914"}],"version-history":[{"count":0,"href":"https:\/\/entandem.cat\/es\/wp-json\/wp\/v2\/posts\/8914\/revisions"}],"wp:featuredmedia":[{"embeddable":true,"href":"https:\/\/entandem.cat\/es\/wp-json\/wp\/v2\/media\/8904"}],"wp:attachment":[{"href":"https:\/\/entandem.cat\/es\/wp-json\/wp\/v2\/media?parent=8914"}],"wp:term":[{"taxonomy":"category","embeddable":true,"href":"https:\/\/entandem.cat\/es\/wp-json\/wp\/v2\/categories?post=8914"},{"taxonomy":"post_tag","embeddable":true,"href":"https:\/\/entandem.cat\/es\/wp-json\/wp\/v2\/tags?post=8914"}],"curies":[{"name":"wp","href":"https:\/\/api.w.org\/{rel}","templated":true}]}}