{"id":8223,"date":"2021-03-29T10:17:51","date_gmt":"2021-03-29T10:17:51","guid":{"rendered":"https:\/\/entandem.cat\/?p=8223"},"modified":"2021-03-31T09:42:54","modified_gmt":"2021-03-31T09:42:54","slug":"agenda-cultural-abril-2021-bcn","status":"publish","type":"post","link":"https:\/\/entandem.cat\/es\/recursos-es\/agenda-cultural-abril-2021-bcn\/","title":{"rendered":"Agenda cultural &#8211; Abril 2021 (BCN)"},"content":{"rendered":"\n\n<p>\u00a0<\/p>\n<p>Hem arribat al mes d&#8217;abril! Amb la primavera, floreixen les <strong>activitats de tota mena<\/strong>: espectacles de circ, exposicions de pintura, obres de teatre, tallers de fotografia i de dansa&#8230;<\/p>\n<p>A m\u00e9s, per aprofitar el bon temps, et proposem diferents <strong>activitats a l&#8217;aire lliure<\/strong>: una exposici\u00f3 de fotos al Born, la visita d&#8217;un laberint i per suposat un passeig durant la famosa diada de Sant Jordi que aquest any tindr\u00e0 lloc en diversos punts de la ciutat!<\/p>\n<p><span style=\"color: #99cc00;\">[Cinema]<\/span> <span style=\"color: #ff0000;\"><a style=\"color: #ff0000;\" href=\"https:\/\/www.apropacultura.cat\/ca\/event\/castillo-cielo\" target=\"_blank\" rel=\"noopener\">El castillo en el cielo<\/a><\/span><\/p>\n<ul style=\"list-style-type: square;\">\n<li>Dissabte 3 d&#8217;abril a les 11.30h (durada: 124 minuts)<\/li>\n<li>CaixaForum Centre Social i Cultural (Av. Francesc Ferrer i Gu\u00e0rdia, 6-8 &#8211; 08038 Barcelona)<\/li>\n<li>Infants<\/li>\n<li>Entrada gratu\u00efta, cal inscripci\u00f3 pr\u00e8via<\/li>\n<li><strong>Qu\u00e8 \u00e9s?<\/strong> La Sheeta \u00e9s l&#8217;\u00fanica persona al m\u00f3n que coneix el secret de la ciutat flotant de Tedis, resultant d&#8217;una civilitzaci\u00f3 aparentment extingida. En Pazu \u00e9s un jove rebel que es creua en el seu cam\u00ed. Arribar al castell en el cel i con\u00e8ixer-ne els misteris ocults es convertir\u00e0 en una odissea plena d&#8217;aventures i personatges que refor\u00e7ar\u00e0 la relaci\u00f3 d&#8217;afecte entre en Pazu i la Sheeta davant l&#8217;adversitat<\/li>\n<\/ul>\n<p><span style=\"color: #99cc00;\">[Teatre]<\/span> <span style=\"color: #ff0000;\"><a style=\"color: #ff0000;\" href=\"https:\/\/www.apropacultura.cat\/ca\/event\/forasters-vindran\" target=\"_blank\" rel=\"noopener\">Forasters vindran<\/a><\/span><\/p>\n<ul style=\"list-style-type: square;\">\n<li>7, 8, 9, 10, 11 i 16 d&#8217;abril a les 20h<\/li>\n<li>Teatre Lliure de Montju\u00efc (Pla\u00e7a Margarida Xirgu &#8211; 08004 Barcelona)<\/li>\n<li>Joves<\/li>\n<li>A partir de 3\u20ac, cal inscripci\u00f3 pr\u00e8via<\/li>\n<li><strong>Qu\u00e8 \u00e9s?<\/strong> Forasters vindran&#8230; \u00e9s un projecte de creaci\u00f3 esc\u00e8nica documental que parteix de la recerca hist\u00f2rica i comunit\u00e0ria. Entre setembre i desembre de 2020 l\u2019artista resident Marta Gal\u00e1n Sala ha posat en relaci\u00f3 protagonistes de la immigraci\u00f3 dels anys 50\u2019 i 60\u2019 a Barcelona amb un grup de joves que han migrat sols de diferents pa\u00efsos de l&#8217;\u00c0frica a Barcelona, i que actualment es formen a la Fundaci\u00f3 Comtal<\/li>\n<\/ul>\n<p><span style=\"color: #99cc00;\">[Xerrada]<\/span> <span style=\"color: #ff0000;\"><a style=\"color: #ff0000;\" href=\"https:\/\/www.bdv.cat\/agenda\/dia-internacional-del-poble-gitano-instagram\" target=\"_blank\" rel=\"noopener\">Dia Internacional del poble gitano<\/a><\/span><\/p>\n<ul style=\"list-style-type: square;\">\n<li>Dijous 8 d&#8217;abril a les 18h<\/li>\n<li>Comptes Instagram de <a href=\"https:\/\/www.instagram.com\/joves.barbera\/\" target=\"_blank\" rel=\"noopener\">@joves.barbera<\/a> i <a href=\"https:\/\/www.instagram.com\/adolescents.barbera\/\" target=\"_blank\" rel=\"noopener\">@adolescents.babera<\/a><\/li>\n<li>Joves<\/li>\n<li>Gratu\u00eft<\/li>\n<li><strong>Qu\u00e8 \u00e9s?<\/strong> Avui parlem sobre els rumors al voltant de les persones gitanes. Et proposem algunes preguntes i un petit llistat de paraules per saber-ne m\u00e9s, trencar estereotips i gaudir de la interculturalitat de la nostra societat!<\/li>\n<\/ul>\n<p><span style=\"color: #99cc00;\">[Confer\u00e8ncia]<\/span> <span style=\"color: #ff0000;\"><a style=\"color: #ff0000;\" href=\"https:\/\/www.granollers.cat\/agenda\/cultura\/just%C3%ADcia-global-un-repte-de-futur-respostes-des-del-ecofeminisme\" target=\"_blank\" rel=\"noopener\">Just\u00edcia Global, un repte de futur. Respostes des del ecofeminisme<\/a><\/span><\/p>\n<ul style=\"list-style-type: square;\">\n<li>Dijous 8 d&#8217;abril a les 19h<\/li>\n<li>Museu de Granollers (C\/ Anselm Clav\u00e9, 40 &#8211; 08401 Granollers)<\/li>\n<li>Joves<\/li>\n<li>Gratu\u00eft<\/li>\n<li><strong>Qu\u00e8 \u00e9s?<\/strong> Confer\u00e8ncia a\u00a0c\u00e0rrec de Yayo Herrerro. Antrop\u00f2loga, professora, investigadora i activista ecofeminista. Moderar\u00e0 Neus Sotomayor. Directora UNIPAU.<\/li>\n<\/ul>\n<p><span style=\"color: #99cc00;\">[Concurs]<\/span> <span style=\"color: #ff0000;\"><a style=\"color: #ff0000;\" href=\"https:\/\/ajuntament.barcelona.cat\/santandreu\/ca\/noticies\/el-centre-civic-trinitat-vella-convoca-el-iii-concurs-textos-bersos-y-viceversa_1052543\" target=\"_blank\" rel=\"noopener\">Textos, be(s)os y viceversa!<\/a><\/span><\/p>\n<ul style=\"list-style-type: square;\">\n<li><strong>Qu\u00e8 \u00e9s? <\/strong>Concurs d&#8217;escriptura organitzada pel Centre C\u00edvic Trinitat Vella. La modalitat pot ser Poesia o Prosa. La tem\u00e0tica \u00e9s lliure. Els treballs han de ser escrits en llengua catalana o castellana.<\/li>\n<li>Infants i joves<\/li>\n<li>Per poder participar en el certamen, s\u2019haur\u00e0 d\u2019entregar l\u2019escrit al Centre C\u00edvic Trinitat Vella (C\/ Foradada, 36) abans del 10 d\u2019abril. El veredicte dels jurats i el lliurament de premis es realitzar\u00e0 el dia 23 d\u2019abril a les 18h a la Pla\u00e7a de la Trinitat Vella<\/li>\n<\/ul>\n<p><span style=\"color: #99cc00;\">[Cinema]<\/span> <span style=\"color: #ff0000;\"><a style=\"color: #ff0000;\" href=\"https:\/\/www.barcelona.cat\/districtecultural\/agenda\/la-meva-setmana-extraordin%C3%A0ria-amb-la-tess\" target=\"_blank\" rel=\"noopener\">La meva setmana extraordin\u00e0ria amb la Tess<\/a><\/span><\/p>\n<ul style=\"list-style-type: square;\">\n<li>9\/04 a les 17.30h (CC Vil\u00b7la Ur\u00e0nia) \/ 10\/04 a les 17.30h (Auditori Sant Mart\u00ed) \/ 14\/04 a les 17.30h (CC Zona Nord) \/ 17\/04 a les 11.30h (CC Matas i Ramis) i a les 17.30h (CC Urgell) \/ 18\/04 a les 12h (CC Casa del Rellotge) \/ 20\/04 a les 17.30h (CC Bes\u00f2s) \/ 23\/04 a les 18h (CC Cotxeres Borrell)<\/li>\n<li>Infants a partir de 8 anys<\/li>\n<li>Entrada gratu\u00efta, cal inscripci\u00f3 pr\u00e8via<\/li>\n<li><strong>Qu\u00e8 \u00e9s?<\/strong> El Sam t\u00e9 por que arribi el moment que els seus pares i el seu germ\u00e0 morin i ell encara estigui viu i de quedar-se sol. Per\u00f2 quan decideix ensinistrar-se en la solitud, mentre est\u00e0 de vacances en una illa amb la seva fam\u00edlia, coneix una nena, una mica m\u00e9s gran que ell, que li far\u00e0 canviar els esquemes i la manera d\u2019enfrontar-se al m\u00f3n. Ella \u00e9s la Tess, filla de mare soltera, que combat com pot la sensaci\u00f3 de no haver conegut el seu pare. I l\u2019un, amb la por de perdre, i l\u2019altra, que combat la seva p\u00e8rdua, es fan inseparables<\/li>\n<\/ul>\n<p><span style=\"color: #99cc00;\">[Circ]<\/span> <span style=\"color: #ff0000;\"><a style=\"color: #ff0000;\" href=\"https:\/\/www.barcelona.cat\/districtecultural\/agenda\/le-fumiste\" target=\"_blank\" rel=\"noopener\">Le Fumiste<\/a><\/span><\/p>\n<ul style=\"list-style-type: square;\">\n<li>9\/04 a les 18h (CC Bar\u00f3 de Viver) \/ 14\/04 a les 17.30h (CC La Sedeta) \/ 18\/04 a les 12h (Auditori Sant Mart\u00ed) \/ 25\/04 a les 12h (CC Tomasa Cuevas) \/ 30\/04 a les 19h (CC Urgell)<\/li>\n<li>Infants a partir de 6 anys<\/li>\n<li>Entrada gratu\u00efta, cal inscripci\u00f3 pr\u00e8via<\/li>\n<li><strong>Qu\u00e8 \u00e9s?<\/strong> Teatre d\u2019objectes, aquell que omple de vida i converteix en personatge les coses quotidianes que ens envolten; petits trucs de m\u00e0gia; uns quants jocs de malabars i&#8230; poesia, molta poesia&#8230; Tot aix\u00f2 trobareu a Le Fumiste, de la Cia. Don Davel, un petit gran espectacle en qu\u00e8 poesia i records es confonen amb el fum i en qu\u00e8 el fum no desapareix mai, nom\u00e9s es trasllada d\u2019una mem\u00f2ria a una altra, del passat d\u2019alg\u00fa al futur d\u2019alg\u00fa altre<\/li>\n<\/ul>\n<p><span style=\"color: #99cc00;\">[Teatre]<\/span> <span style=\"color: #ff0000;\"><a style=\"color: #ff0000;\" href=\"https:\/\/www.apropacultura.cat\/ca\/event\/com-menja-canibal-1\" target=\"_blank\" rel=\"noopener\">Com menja un can\u00edbal<\/a><\/span><\/p>\n<ul style=\"list-style-type: square;\">\n<li>Dissabte 10 d&#8217;abril a les 20h<\/li>\n<li>Kursaal &#8211; Espai d&#8217;arts esc\u00e8niques Manresa (Passeig Pere III, 35 &#8211; 08242 Manresa)<\/li>\n<li>Joves<\/li>\n<li>A partir de 3\u20ac, cal inscripci\u00f3 pr\u00e8via<\/li>\n<li><strong>Qu\u00e8 \u00e9s? <\/strong>La Dora arriba a la Barcelona grisa dels anys 50 i aconsegueix trobar un rac\u00f3 de pau, el Garito, un espai on\u00edric i fant\u00e0stic on tothom qui hi arriba ho fa sense voler i preferiria no ser-hi, per\u00f2 on tothom s\u2019hi sent a gust: l\u2019univers dels Fr\u00e0gils. Qu\u00e8 passa amb les persones que no s\u00f3n productives per al sistema? Aquest espectacle surt d\u2019una hip\u00f2tesi: l\u2019home \u00e9s un can\u00edbal i devora la seva pr\u00f2pia esp\u00e8cie<\/li>\n<\/ul>\n<p><span style=\"color: #99cc00;\">[Esport]<\/span> <span style=\"color: #ff0000;\"><a style=\"color: #ff0000;\" href=\"https:\/\/www.bdv.cat\/agenda\/esports-al-carrer-dansa-urbana-placa-de-la-constitucio-0\" target=\"_blank\" rel=\"noopener\">Esports al carrer! Dansa Urbana<\/a><\/span><\/p>\n<ul style=\"list-style-type: square;\">\n<li>Dijous 15 d&#8217;abril a les 17.30h<\/li>\n<li>Pla\u00e7a Constituci\u00f3 (08210 &#8211; Barber\u00e0 del Vall\u00e8s)<\/li>\n<li>Joves<\/li>\n<li>Gratu\u00eft. Cal inscripci\u00f3 pr\u00e8via : a trav\u00e9s d&#8217;Instagram <a href=\"https:\/\/www.instagram.com\/joves.barbera\/\" target=\"_blank\" rel=\"noopener\">@joves.barbera<\/a> i <a href=\"https:\/\/www.instagram.com\/adolescents.barbera\/\" target=\"_blank\" rel=\"noopener\">@adolescents.babera<\/a>, al tel\u00e8fon 692 036 112 o al correu mediobert.barberavalles@gmail.com<\/li>\n<li><strong>Qu\u00e8 \u00e9s?<\/strong> Dansa Urbana, per deixar-nos endur pel ritme de la m\u00fasica<\/li>\n<\/ul>\n<p><span style=\"color: #99cc00;\">[Cinema]<\/span> <span style=\"color: #ff0000;\"><a style=\"color: #ff0000;\" href=\"https:\/\/www.apropacultura.cat\/ca\/event\/nicky-aprenenta-bruixa\" target=\"_blank\" rel=\"noopener\">Kiki, l&#8217;aprenent de bruixa<\/a><\/span><\/p>\n<ul style=\"list-style-type: square;\">\n<li>Dissabte 17 d&#8217;abril a les 11.30h (durada: 103 minuts)<\/li>\n<li>CaixaForum Centre Social i Cultural (Av. Francesc Ferrer i Gu\u00e0rdia, 6-8 &#8211; 08038 Barcelona)<\/li>\n<li>Infants<\/li>\n<li>Entrada gratu\u00efta, cal inscripci\u00f3 pr\u00e8via<\/li>\n<li><strong>Qu\u00e8 \u00e9s?<\/strong> La Nicky \u00e9s una aprenenta de bruixa de 13 anys que deixa enrere la fam\u00edlia per independitzar-se i comen\u00e7ar el proc\u00e9s que la convertir\u00e0 definitivament en bruixa. Acompanyada d&#8217;en Gigi, el seu gat negre, emprendr\u00e0 un viatge inici\u00e0tic que l&#8217;ajudar\u00e0 a descobrir els seus punts d\u00e8bils i les seves aut\u00e8ntiques virtuts<\/li>\n<\/ul>\n<p><span style=\"color: #99cc00;\">[Activitat]<\/span> <span style=\"color: #ff0000;\">Club de lectura jove<\/span><\/p>\n<ul style=\"list-style-type: square;\">\n<li><a href=\"https:\/\/www.granollers.cat\/agenda\/cultura\/cremem-els-cl%C3%A0ssics-7\" target=\"_blank\" rel=\"noopener\">Dissabte 17 d&#8217;abril<\/a> a les 10h i <a href=\"https:\/\/www.granollers.cat\/agenda\/cultura\/ficci%C3%B3-1518-5\" target=\"_blank\" rel=\"noopener\">divendres 30 d&#8217;abril<\/a> a les 18.30h<\/li>\n<li>Biblioteca Roca Umbert (C\/ d&#8217;Enric Prat de la Riba, 77 &#8211; 08401 Granollers)<\/li>\n<li>Joves de 15 a 18 anys<\/li>\n<li>Entrada gratu\u00efta, cal inscripci\u00f3 pr\u00e8via<\/li>\n<li><strong>Qu\u00e8 \u00e9s?<\/strong> Club autogestionat per joves de 15 a 18 anys, per compartir les seves descobertes liter\u00e0ries i culturals. Llegir m\u00e9s enll\u00e0 dels llibres: s\u00e8ries, mems, cinema i jocs<\/li>\n<\/ul>\n<p><span style=\"color: #99cc00;\">[Teatre]<\/span> <span style=\"color: #ff0000;\"><a style=\"color: #ff0000;\" href=\"https:\/\/www.barcelona.cat\/districtecultural\/agenda\/jojo\" target=\"_blank\" rel=\"noopener\">Jojo<\/a><\/span><\/p>\n<ul style=\"list-style-type: square;\">\n<li>Diumenge 18 d&#8217;abril a les 12h<\/li>\n<li>Centre C\u00edvic La Farinera del Clot (Gran Via de les Corts Catalanes, 837)<\/li>\n<li>Infants<\/li>\n<li>Entrada gratu\u00efta, cal inscripci\u00f3 pr\u00e8via<\/li>\n<li><strong>Qu\u00e8 \u00e9s?<\/strong> En Jojo \u00e9s un orangutan condemnat pels homes a una vida de captivitat lligat per una cadena. En Jojo, com a s\u00edmbol que per a molts \u00e9s d\u2019una mirada de respecte cap a la natura i la resta d\u2019animals amb qui la compartim, \u00e9s el protagonista del nou espectacle de la companyia mataronina Borja Ytuquepintas que combina sobre l\u2019escenari el seu tradicional art amb sorra amb la m\u00fasica i un titella gegant, el qual representa en Jojo<\/li>\n<\/ul>\n<p><span style=\"color: #99cc00;\">[Teatre]<\/span> <span style=\"color: #ff0000;\"><a style=\"color: #ff0000;\" href=\"https:\/\/www.apropacultura.cat\/ca\/event\/heroines-res\" target=\"_blank\" rel=\"noopener\">Hero\u00efnes o res<\/a><\/span><\/p>\n<ul style=\"list-style-type: square;\">\n<li>Diumenge 18 d&#8217;abril a les 18h i dissabte 24 d&#8217;abril a les 19h (durada: 1h20m)<\/li>\n<li>Teatre Nacional de Catalunya (Pla\u00e7a de les Arts, 1 &#8211; 08013 Barcelona)<\/li>\n<li>Joves<\/li>\n<li>A partir de 3\u20ac, cal inscripci\u00f3 pr\u00e8via<\/li>\n<li><strong>Qu\u00e8 \u00e9s?<\/strong> Un grup d\u2019artistes joves, de perfils molt diversos per\u00f2 totes vingudes dels marges i amb la voluntat de fer un teatre revolucionari que doni la volta a la societat. Estan enfadades amb el m\u00f3n, i amb ra\u00f3. Com a companyia, i a nivell personal tamb\u00e9, se senten desemparades, i senten que ara mateix la seva \u00fanica soluci\u00f3 vital \u00e9s fer aquesta obra, que viuen com un cavall de Troia amb qu\u00e8 fer petar la cultura que les envolta i les ofega<\/li>\n<\/ul>\n<p><span style=\"color: #99cc00;\">[Taller]<\/span> <span style=\"color: #ff0000;\">Modern\u00edzate: costura creativa, estampaci\u00f3 i art t\u00e8xtil<\/span><\/p>\n<ul style=\"list-style-type: square;\">\n<li>Dijous de 17.30 a 19.30h (abril-juny, 10 sessions)<\/li>\n<li>Centre C\u00edvic Bes\u00f2s (Rambla Prim, 87 &#8211; 08019 Barcelona)<\/li>\n<li>Joves (de 12 a 18 anys)<\/li>\n<li>Gratu\u00eft, inscripcions del 29 de mar\u00e7 al 12 d\u2019abril. Truca o envia un whatsapp 660 632 359 \/ Escriu a: canfelipa_aquitescoltem@bcn.cat<\/li>\n<li><strong>Qu\u00e8 \u00e9s:<\/strong> Troba en la costura creativa, l&#8217;estampaci\u00f3 i l&#8217;art t\u00e8xtil una manera per con\u00e8ixer-te i con\u00e8ixer altre joves! A trav\u00e9s de diverses t\u00e8cniques t\u00e8xtils podr\u00e0s prendre consci\u00e8ncia de la teva autoestima, perdre vergonyes, explicar hist\u00f2ries i ser qui ets!<\/li>\n<\/ul>\n<p><span style=\"color: #99cc00;\">[Tallers]<\/span> <span style=\"color: #ff0000;\"><a style=\"color: #ff0000;\" href=\"https:\/\/lesbasses.org\/\" target=\"_blank\" rel=\"noopener\">Tallers de primavera<\/a><\/span><\/p>\n<ul style=\"list-style-type: square;\">\n<li>Fotografia les teves emocions: dilluns de 17.30h a 19.30h \/ de 12 a 20 anys<\/li>\n<li>Danses afo-llatines: dimarts de 17.30h a 19.30h \/ de 12 a 20 anys\u00a0<\/li>\n<li>Entre Joves: dijous de 17.30h a 19.30h \/ de 12 a 18 anys\u00a0<\/li>\n<li>Els tallers comen\u00e7aran a partir del 19 d\u2019abril<\/li>\n<li>Gratu\u00efts, inscripcions del 22 de mar\u00e7 al 16 d\u2019abril a l&#8217;Espai Jove o per tel\u00e8fon 93 256 36 00<\/li>\n<li>Espai Jove Les Basses (C\/ Teide 20 &#8211; 08031 Barcelona)<\/li>\n<\/ul>\n<p><span style=\"color: #99cc00;\">[Projecci\u00f3]<\/span> <span style=\"color: #ff0000;\">Datum: dades, tecnologia i drets digitals<\/span><\/p>\n<ul style=\"list-style-type: square;\">\n<li>Dimarts 20 d&#8217;abril a les 18h<\/li>\n<li>Casal de Barri Transformadors (Carrer d&#8217;Ausi\u00e0s Marc, 60 &#8211; 08010 Barcelona)<\/li>\n<li>Joves<\/li>\n<li><strong>Qu\u00e8 \u00e9s?<\/strong> Posteriorment a la projecci\u00f3 del reportatge farem un debat amb Karma Peir\u00f2, Cecilia Bayo i Gerard Vilanova. Contacte: 937 06 58 90, dinamitzar.casaltransformadors@gmail.com, <a href=\"https:\/\/www.instagram.com\/transformadors\/\" target=\"_blank\" rel=\"noopener\">@transformadors<\/a><\/li>\n<\/ul>\n<p><span style=\"color: #99cc00;\">[Festa]<\/span> <span style=\"color: #ff0000;\">Diada de Sant Jordi<\/span><\/p>\n<ul style=\"list-style-type: square;\">\n<li>Divendres 23 d&#8217;abril (amb llocs fora de les llibreries i floristeries del dimecres 21 al diumenge 25 d&#8217;abril)<\/li>\n<li>La diada de Sant Jordi, patr\u00f3 de Catalunya, \u00e9s una festa per celebrar el llibre per\u00f2 tamb\u00e9 de l&#8217;amor i de l&#8217;amistat. \u00c9s un dia de promoci\u00f3 i defensa de la cultura i la llengua catalanes. Aquest any ser\u00e0 una mica especial amb motiu de la pand\u00e8mia per\u00f2 no es cancel\u00b7lar\u00e0: hi haur\u00e0 llocs de venda de llibres i roses, taules de novetats liter\u00e0ries, signatures d&#8217;autors&#8230; amb mesures sanit\u00e0ries (mascaretes, gel hidroalcoh\u00f2lic, aforament limitat)<\/li>\n<li>Barcelona: 10 espais delimitats a l&#8217;aire lliure disseminats a la ciutat (Passeig de Gr\u00e0cia, Palau Robert, els Jardinets, Pla\u00e7a Reial, Passeig de Llu\u00eds Companys-Arc de Triomf, Diagonal, Pla\u00e7a Orfila a Sant Andreu, espai entre els carrers Llacuna i Pallars al Poblenou&#8230;) aix\u00ed que 95 parades individuals de llibreries<\/li>\n<\/ul>\n<p><strong>TOT EL MES<\/strong><\/p>\n<p><span style=\"color: #99cc00;\">[Passeig]<\/span> <span style=\"color: #ff0000;\"><a style=\"color: #ff0000;\" href=\"https:\/\/www.barcelona.cat\/ca\/que-hacer-en-bcn\/parques-y-jardines\/parque-del-laberint-dhorta_92086011952.html\" target=\"_blank\" rel=\"noopener\">Parc del Laberint d&#8217;Horta<\/a><\/span><\/p>\n<ul style=\"list-style-type: square;\">\n<li>Tots els dies i festius de les 10h a les 20h<\/li>\n<li>Passeig dels Castanyers, 1 &#8211; 08035 Barcelona<\/li>\n<li>Infants i joves<\/li>\n<li>Entrada general: 2.23 \u20ac \/ Entrada redu\u00efda: 1.42 \u20ac (menors de 14 anys) \/ Entrada gratu\u00efta: diumenges, dimecres, ve\u00efns<\/li>\n<li><strong>Qu\u00e8 \u00e9s?<\/strong> El parc del Laberint d&#8217;Horta inclou el jard\u00ed m\u00e9s antic conservat a la ciutat. Nascut com un jard\u00ed neocl\u00e0ssic amb un toc de fisonomia italiana, es va acabar com a jard\u00ed rom\u00e0ntic<\/li>\n<\/ul>\n<p><span style=\"color: #99cc00;\">[Exposici\u00f3]<\/span> <span style=\"color: #ff0000;\"><a style=\"color: #ff0000;\" href=\"https:\/\/naubostik.com\/actividad\/exposicio-fotografia-conjunta\/\" target=\"_blank\" rel=\"noopener\">\u201cDel blanc al negre, passant pel gris\u201d i \u201cID\u00d2, Impronta Formentera\u201d<\/a><\/span><\/p>\n<ul style=\"list-style-type: square;\">\n<li>Fins al 30 d&#8217;abril. De dimarts a diumenge de les 11 a les 19h<\/li>\n<li>Nau Bostik (Carrer Ferran Turn\u00e9, 11 &#8211; 08027 Barcelona)<\/li>\n<li>Infants i joves<\/li>\n<li>Entrada gratu\u00efta<\/li>\n<li><strong>Qu\u00e8 \u00e9s?<\/strong> \u00abCompartim espai per a dues exposicions de fotografia en blanc i negre. Formes, textures, llum i ombres dels paisatges de Enric de Santos i de Esther Gonzalez Zaera.\u00bb<\/li>\n<\/ul>\n<p><span style=\"color: #99cc00;\">[Exposici\u00f3]<\/span> <span style=\"color: #ff0000;\"><a style=\"color: #ff0000;\" href=\"https:\/\/guia.barcelona.cat\/ca\/detall\/exposicio-women-painting_99400665015.html\" target=\"_blank\" rel=\"noopener\">\u00abWomen Painting\u00bb<\/a><\/span><\/p>\n<ul style=\"list-style-type: square;\">\n<li>Fins al 2 de maig. De dimarts a diumenge de les 11 a les 19h<\/li>\n<li>Museu Europeu d&#8217;Art Modern (Barra de Ferro, 5 &#8211; 08003 Barcelona)<\/li>\n<li>Infants i joves<\/li>\n<li>Entrada general: 9 \u20ac \/ Entrada redu\u00efda: 7\u20ac (Estudiants, grups a partir de 15 persones) \/ Entrada gratu\u00efta: nens fins als 10 anys<\/li>\n<li><strong>Qu\u00e8 \u00e9s?<\/strong> Una mostra amb l\u2019objectiu de posar de manifest el paper de la dona en l&#8217;art figuratiu, predominat hist\u00f2ricament per artistes masculins, i animar a futures artistes a desenvolupar la seva carrera art\u00edstica<\/li>\n<\/ul>\n<p><span style=\"color: #99cc00;\">[Exposici\u00f3]<\/span> <span style=\"color: #ff0000;\"><a style=\"color: #ff0000;\" href=\"https:\/\/www.barcelona.cat\/barcelonacultura\/ca\/recomanem\/barcelona-fotografes-exposicio-placa-born\" target=\"_blank\" rel=\"noopener\">Fotografia i dones a la pla\u00e7a d\u2019El Born<\/a><\/span><\/p>\n<ul style=\"list-style-type: square;\">\n<li>Fins al 6 de juny<\/li>\n<li>Pla\u00e7a Comercial, davant d\u2019El Born Centre de Cultura i Mem\u00f2ria &#8211; 08003 Barcelona<\/li>\n<li>Infants i joves<\/li>\n<li>Acc\u00e9s lliure<\/li>\n<li><strong>Qu\u00e8 \u00e9s?<\/strong> Espai expositiu gratu\u00eft a l\u2019aire lliure per reivindicar el paper de la dona en la fotografia a trav\u00e9s de 70 imatges de 21 fot\u00f2grafes que han tingut un paper cabdal per con\u00e8ixer la Barcelona real<\/li>\n<\/ul>\n<p><span style=\"color: #99cc00;\">[Exposici\u00f3]<\/span> <span style=\"color: #ff0000;\"><a style=\"color: #ff0000;\" href=\"https:\/\/caixaforum.org\/ca\/barcelona\/p\/el-somni-america-del-pop-a-l-actualitat_a12679348\" target=\"_blank\" rel=\"noopener\">\u201cEl somni americ\u00e0: del pop a l\u2019actualitat\u201d<\/a><\/span><\/p>\n<ul style=\"list-style-type: square;\">\n<li>Fins al 13 de juny. Tots els dies i festius de les 10 a les 20h<\/li>\n<li>CaixaForum Centre Social i Cultural (Av. de Francesc Ferrer i Gu\u00e0rdia, 6-8 &#8211; 08038 Barcelona)<\/li>\n<li>Infants i joves<\/li>\n<li>Entrada general: 6 \u20ac \/ Entrada gratu\u00efta: menors de 16 anys, <a href=\"https:\/\/www.apropacultura.cat\/ca\/event\/somni-america-pop-actualitat\" target=\"_blank\" rel=\"noopener\">grups de 7 a 10 persones amb reserva pr\u00e8via<\/a><\/li>\n<li><strong>Qu\u00e8 \u00e9s?<\/strong> L\u2019art gr\u00e0fic a l\u2019Am\u00e8rica del Nord, que va fer eclosi\u00f3 el 1960, proporciona una visi\u00f3 fresca i diversa dels artistes respecte dels diferents per\u00edodes de profunds canvis socials i pol\u00edtics que s\u2019han viscut i encara es viuen als Estats Units<\/li>\n<\/ul>\n<p><span style=\"color: #99cc00;\">[Exposici\u00f3]<\/span> <span style=\"color: #ff0000;\"><a style=\"color: #ff0000;\" href=\"https:\/\/guia.barcelona.cat\/ca\/agenda\/detall\/exposicio-la-guerra-infinita-antoni-campana-1906-1989_99400664342.html\" target=\"_blank\" rel=\"noopener\">\u201cLa guerra infinita. Antoni Campa\u00f1\u00e0 (1906-1989)\u201d<\/a><\/span><\/p>\n<ul style=\"list-style-type: square;\">\n<li>Fins al 18 de juliol. De dimarts a dissabte de 10 a 18h. Diumenge i dias festius de 10 a 15h<\/li>\n<li>Museu Nacional d&#8217;Art de Catalunya (Parc de Montju\u00efc &#8211; 08038 Barcelona)<\/li>\n<li>A partir de 8 anys<\/li>\n<li>Entrada general (exposici\u00f3 temporal): 6 \u20ac \/ Entrada redu\u00efda: 4,20 \u20ac (Estudiants) \/ Entrada gratu\u00efta: menors de 16 anys, dissabtes (a partir de les 15 h), primer diumenge de mes<\/li>\n<li><strong>Qu\u00e8 \u00e9s?<\/strong> \u201cLa guerra infinita\u201d descobreix els diversos vessants de l\u2019obra del fot\u00f2graf Antoni Campa\u00f1\u00e0, posant el focus en les fotografies que va fer durant la Guerra Civil Espanyola, que la fam\u00edlia va trobar fortu\u00eftament l\u2019any 2018<\/li>\n<\/ul>","protected":false},"excerpt":{"rendered":"<p>\u00a0 Hem arribat al mes d&#8217;abril! Amb la primavera, floreixen les activitats de tota mena: espectacles de circ, exposicions de pintura, obres de teatre, tallers de fotografia i de dansa&#8230; A m\u00e9s, per aprofitar el bon temps, et proposem diferents activitats a l&#8217;aire lliure: una exposici\u00f3 de fotos al Born, la visita d&#8217;un laberint i &hellip; <a href=\"https:\/\/entandem.cat\/es\/recursos-es\/agenda-cultural-abril-2021-bcn\/\">Continued<\/a><\/p>\n","protected":false},"author":1,"featured_media":8588,"comment_status":"closed","ping_status":"open","sticky":false,"template":"","format":"standard","meta":{"footnotes":""},"categories":[655,320],"tags":[759,680,772,474,329,598,706,510,564,673,678,773,499,501,664,578,331,339],"class_list":["post-8223","post","type-post","status-publish","format-standard","has-post-thumbnail","hentry","category-barcelona-es","category-recursos-es","tag-2021-es","tag-abril-es","tag-acompanyament-es","tag-acompanyament-educatiu-es","tag-activitats-es","tag-activitats-culturals-es","tag-agenda-es","tag-agenda-cultural-es","tag-barcelona-es","tag-cinema-es","tag-circ-es","tag-concurs-es","tag-exposicio-es-2","tag-exposicio-foto-es-2","tag-taller-es","tag-teatre-es","tag-voluntariat-es","tag-voluntariat-social-es"],"yoast_head":"<!-- This site is optimized with the Yoast SEO plugin v27.0 - https:\/\/yoast.com\/product\/yoast-seo-wordpress\/ -->\n<title>Agenda cultural - Abril 2021 (BCN) - enT\u00e0ndem<\/title>\n<meta name=\"robots\" content=\"index, follow, max-snippet:-1, max-image-preview:large, max-video-preview:-1\" \/>\n<link rel=\"canonical\" href=\"https:\/\/entandem.cat\/es\/recursos-es\/agenda-cultural-abril-2021-bcn\/\" \/>\n<meta property=\"og:locale\" content=\"es_ES\" \/>\n<meta property=\"og:type\" content=\"article\" \/>\n<meta property=\"og:title\" content=\"Agenda cultural - Abril 2021 (BCN) - enT\u00e0ndem\" \/>\n<meta property=\"og:description\" content=\"\u00a0 Hem arribat al mes d&#8217;abril! Amb la primavera, floreixen les activitats de tota mena: espectacles de circ, exposicions de pintura, obres de teatre, tallers de fotografia i de dansa&#8230; A m\u00e9s, per aprofitar el bon temps, et proposem diferents activitats a l&#8217;aire lliure: una exposici\u00f3 de fotos al Born, la visita d&#8217;un laberint i &hellip; Continued\" \/>\n<meta property=\"og:url\" content=\"https:\/\/entandem.cat\/es\/recursos-es\/agenda-cultural-abril-2021-bcn\/\" \/>\n<meta property=\"og:site_name\" content=\"enT\u00e0ndem\" \/>\n<meta property=\"article:publisher\" content=\"https:\/\/www.facebook.com\/afevcat\" \/>\n<meta property=\"article:published_time\" content=\"2021-03-29T10:17:51+00:00\" \/>\n<meta property=\"article:modified_time\" content=\"2021-03-31T09:42:54+00:00\" \/>\n<meta property=\"og:image\" content=\"https:\/\/entandem.cat\/wp-content\/uploads\/2021\/03\/NV-Agenda-Cultural-BCN-Abril-2021-2.jpg\" \/>\n\t<meta property=\"og:image:width\" content=\"1200\" \/>\n\t<meta property=\"og:image:height\" content=\"800\" \/>\n\t<meta property=\"og:image:type\" content=\"image\/jpeg\" \/>\n<meta name=\"author\" content=\"adminTandem\" \/>\n<meta name=\"twitter:card\" content=\"summary_large_image\" \/>\n<meta name=\"twitter:creator\" content=\"@afevcat\" \/>\n<meta name=\"twitter:site\" content=\"@afevcat\" \/>\n<meta name=\"twitter:label1\" content=\"Escrito por\" \/>\n\t<meta name=\"twitter:data1\" content=\"adminTandem\" \/>\n\t<meta name=\"twitter:label2\" content=\"Tiempo de lectura\" \/>\n\t<meta name=\"twitter:data2\" content=\"11 minutos\" \/>\n<script type=\"application\/ld+json\" class=\"yoast-schema-graph\">{\"@context\":\"https:\/\/schema.org\",\"@graph\":[{\"@type\":\"Article\",\"@id\":\"https:\/\/entandem.cat\/es\/recursos-es\/agenda-cultural-abril-2021-bcn\/#article\",\"isPartOf\":{\"@id\":\"https:\/\/entandem.cat\/es\/recursos-es\/agenda-cultural-abril-2021-bcn\/\"},\"author\":{\"name\":\"adminTandem\",\"@id\":\"https:\/\/entandem.cat\/#\/schema\/person\/2111428ce1954193a11054a1e2b5b0da\"},\"headline\":\"Agenda cultural &#8211; Abril 2021 (BCN)\",\"datePublished\":\"2021-03-29T10:17:51+00:00\",\"dateModified\":\"2021-03-31T09:42:54+00:00\",\"mainEntityOfPage\":{\"@id\":\"https:\/\/entandem.cat\/es\/recursos-es\/agenda-cultural-abril-2021-bcn\/\"},\"wordCount\":2307,\"publisher\":{\"@id\":\"https:\/\/entandem.cat\/#organization\"},\"image\":{\"@id\":\"https:\/\/entandem.cat\/es\/recursos-es\/agenda-cultural-abril-2021-bcn\/#primaryimage\"},\"thumbnailUrl\":\"https:\/\/entandem.cat\/wp-content\/uploads\/2021\/03\/NV-Agenda-Cultural-BCN-Abril-2021-2.jpg\",\"keywords\":[\"2021\",\"abril\",\"acompanyament\",\"acompanyament educatiu\",\"activitats\",\"activitats culturals\",\"agenda\",\"agenda cultural\",\"barcelona\",\"cinema\",\"circ\",\"concurs\",\"exposici\u00f3\",\"exposici\u00f3 foto\",\"taller\",\"teatre\",\"voluntariat\",\"voluntariat social\"],\"articleSection\":[\"Barcelona\",\"Recursos\"],\"inLanguage\":\"es\"},{\"@type\":\"WebPage\",\"@id\":\"https:\/\/entandem.cat\/es\/recursos-es\/agenda-cultural-abril-2021-bcn\/\",\"url\":\"https:\/\/entandem.cat\/es\/recursos-es\/agenda-cultural-abril-2021-bcn\/\",\"name\":\"Agenda cultural - Abril 2021 (BCN) - enT\u00e0ndem\",\"isPartOf\":{\"@id\":\"https:\/\/entandem.cat\/#website\"},\"primaryImageOfPage\":{\"@id\":\"https:\/\/entandem.cat\/es\/recursos-es\/agenda-cultural-abril-2021-bcn\/#primaryimage\"},\"image\":{\"@id\":\"https:\/\/entandem.cat\/es\/recursos-es\/agenda-cultural-abril-2021-bcn\/#primaryimage\"},\"thumbnailUrl\":\"https:\/\/entandem.cat\/wp-content\/uploads\/2021\/03\/NV-Agenda-Cultural-BCN-Abril-2021-2.jpg\",\"datePublished\":\"2021-03-29T10:17:51+00:00\",\"dateModified\":\"2021-03-31T09:42:54+00:00\",\"breadcrumb\":{\"@id\":\"https:\/\/entandem.cat\/es\/recursos-es\/agenda-cultural-abril-2021-bcn\/#breadcrumb\"},\"inLanguage\":\"es\",\"potentialAction\":[{\"@type\":\"ReadAction\",\"target\":[\"https:\/\/entandem.cat\/es\/recursos-es\/agenda-cultural-abril-2021-bcn\/\"]}]},{\"@type\":\"ImageObject\",\"inLanguage\":\"es\",\"@id\":\"https:\/\/entandem.cat\/es\/recursos-es\/agenda-cultural-abril-2021-bcn\/#primaryimage\",\"url\":\"https:\/\/entandem.cat\/wp-content\/uploads\/2021\/03\/NV-Agenda-Cultural-BCN-Abril-2021-2.jpg\",\"contentUrl\":\"https:\/\/entandem.cat\/wp-content\/uploads\/2021\/03\/NV-Agenda-Cultural-BCN-Abril-2021-2.jpg\",\"width\":1200,\"height\":800},{\"@type\":\"BreadcrumbList\",\"@id\":\"https:\/\/entandem.cat\/es\/recursos-es\/agenda-cultural-abril-2021-bcn\/#breadcrumb\",\"itemListElement\":[{\"@type\":\"ListItem\",\"position\":1,\"name\":\"Inici\",\"item\":\"https:\/\/entandem.cat\/es\/\"},{\"@type\":\"ListItem\",\"position\":2,\"name\":\"Agenda cultural &#8211; Abril 2021 (BCN)\"}]},{\"@type\":\"WebSite\",\"@id\":\"https:\/\/entandem.cat\/#website\",\"url\":\"https:\/\/entandem.cat\/\",\"name\":\"enT\u00e0ndem\",\"description\":\"Voluntariat Social Universitari\",\"publisher\":{\"@id\":\"https:\/\/entandem.cat\/#organization\"},\"potentialAction\":[{\"@type\":\"SearchAction\",\"target\":{\"@type\":\"EntryPoint\",\"urlTemplate\":\"https:\/\/entandem.cat\/?s={search_term_string}\"},\"query-input\":{\"@type\":\"PropertyValueSpecification\",\"valueRequired\":true,\"valueName\":\"search_term_string\"}}],\"inLanguage\":\"es\"},{\"@type\":\"Organization\",\"@id\":\"https:\/\/entandem.cat\/#organization\",\"name\":\"enT\u00e0ndem\",\"url\":\"https:\/\/entandem.cat\/\",\"logo\":{\"@type\":\"ImageObject\",\"inLanguage\":\"es\",\"@id\":\"https:\/\/entandem.cat\/#\/schema\/logo\/image\/\",\"url\":\"https:\/\/entandem.cat\/wp-content\/uploads\/2016\/12\/logo-entandem.png\",\"contentUrl\":\"https:\/\/entandem.cat\/wp-content\/uploads\/2016\/12\/logo-entandem.png\",\"width\":166,\"height\":44,\"caption\":\"enT\u00e0ndem\"},\"image\":{\"@id\":\"https:\/\/entandem.cat\/#\/schema\/logo\/image\/\"},\"sameAs\":[\"https:\/\/www.facebook.com\/afevcat\",\"https:\/\/x.com\/afevcat\",\"https:\/\/www.instagram.com\/afevcat\/\"]},{\"@type\":\"Person\",\"@id\":\"https:\/\/entandem.cat\/#\/schema\/person\/2111428ce1954193a11054a1e2b5b0da\",\"name\":\"adminTandem\"}]}<\/script>\n<!-- \/ Yoast SEO plugin. -->","yoast_head_json":{"title":"Agenda cultural - Abril 2021 (BCN) - enT\u00e0ndem","robots":{"index":"index","follow":"follow","max-snippet":"max-snippet:-1","max-image-preview":"max-image-preview:large","max-video-preview":"max-video-preview:-1"},"canonical":"https:\/\/entandem.cat\/es\/recursos-es\/agenda-cultural-abril-2021-bcn\/","og_locale":"es_ES","og_type":"article","og_title":"Agenda cultural - Abril 2021 (BCN) - enT\u00e0ndem","og_description":"\u00a0 Hem arribat al mes d&#8217;abril! Amb la primavera, floreixen les activitats de tota mena: espectacles de circ, exposicions de pintura, obres de teatre, tallers de fotografia i de dansa&#8230; A m\u00e9s, per aprofitar el bon temps, et proposem diferents activitats a l&#8217;aire lliure: una exposici\u00f3 de fotos al Born, la visita d&#8217;un laberint i &hellip; Continued","og_url":"https:\/\/entandem.cat\/es\/recursos-es\/agenda-cultural-abril-2021-bcn\/","og_site_name":"enT\u00e0ndem","article_publisher":"https:\/\/www.facebook.com\/afevcat","article_published_time":"2021-03-29T10:17:51+00:00","article_modified_time":"2021-03-31T09:42:54+00:00","og_image":[{"width":1200,"height":800,"url":"https:\/\/entandem.cat\/wp-content\/uploads\/2021\/03\/NV-Agenda-Cultural-BCN-Abril-2021-2.jpg","type":"image\/jpeg"}],"author":"adminTandem","twitter_card":"summary_large_image","twitter_creator":"@afevcat","twitter_site":"@afevcat","twitter_misc":{"Escrito por":"adminTandem","Tiempo de lectura":"11 minutos"},"schema":{"@context":"https:\/\/schema.org","@graph":[{"@type":"Article","@id":"https:\/\/entandem.cat\/es\/recursos-es\/agenda-cultural-abril-2021-bcn\/#article","isPartOf":{"@id":"https:\/\/entandem.cat\/es\/recursos-es\/agenda-cultural-abril-2021-bcn\/"},"author":{"name":"adminTandem","@id":"https:\/\/entandem.cat\/#\/schema\/person\/2111428ce1954193a11054a1e2b5b0da"},"headline":"Agenda cultural &#8211; Abril 2021 (BCN)","datePublished":"2021-03-29T10:17:51+00:00","dateModified":"2021-03-31T09:42:54+00:00","mainEntityOfPage":{"@id":"https:\/\/entandem.cat\/es\/recursos-es\/agenda-cultural-abril-2021-bcn\/"},"wordCount":2307,"publisher":{"@id":"https:\/\/entandem.cat\/#organization"},"image":{"@id":"https:\/\/entandem.cat\/es\/recursos-es\/agenda-cultural-abril-2021-bcn\/#primaryimage"},"thumbnailUrl":"https:\/\/entandem.cat\/wp-content\/uploads\/2021\/03\/NV-Agenda-Cultural-BCN-Abril-2021-2.jpg","keywords":["2021","abril","acompanyament","acompanyament educatiu","activitats","activitats culturals","agenda","agenda cultural","barcelona","cinema","circ","concurs","exposici\u00f3","exposici\u00f3 foto","taller","teatre","voluntariat","voluntariat social"],"articleSection":["Barcelona","Recursos"],"inLanguage":"es"},{"@type":"WebPage","@id":"https:\/\/entandem.cat\/es\/recursos-es\/agenda-cultural-abril-2021-bcn\/","url":"https:\/\/entandem.cat\/es\/recursos-es\/agenda-cultural-abril-2021-bcn\/","name":"Agenda cultural - Abril 2021 (BCN) - enT\u00e0ndem","isPartOf":{"@id":"https:\/\/entandem.cat\/#website"},"primaryImageOfPage":{"@id":"https:\/\/entandem.cat\/es\/recursos-es\/agenda-cultural-abril-2021-bcn\/#primaryimage"},"image":{"@id":"https:\/\/entandem.cat\/es\/recursos-es\/agenda-cultural-abril-2021-bcn\/#primaryimage"},"thumbnailUrl":"https:\/\/entandem.cat\/wp-content\/uploads\/2021\/03\/NV-Agenda-Cultural-BCN-Abril-2021-2.jpg","datePublished":"2021-03-29T10:17:51+00:00","dateModified":"2021-03-31T09:42:54+00:00","breadcrumb":{"@id":"https:\/\/entandem.cat\/es\/recursos-es\/agenda-cultural-abril-2021-bcn\/#breadcrumb"},"inLanguage":"es","potentialAction":[{"@type":"ReadAction","target":["https:\/\/entandem.cat\/es\/recursos-es\/agenda-cultural-abril-2021-bcn\/"]}]},{"@type":"ImageObject","inLanguage":"es","@id":"https:\/\/entandem.cat\/es\/recursos-es\/agenda-cultural-abril-2021-bcn\/#primaryimage","url":"https:\/\/entandem.cat\/wp-content\/uploads\/2021\/03\/NV-Agenda-Cultural-BCN-Abril-2021-2.jpg","contentUrl":"https:\/\/entandem.cat\/wp-content\/uploads\/2021\/03\/NV-Agenda-Cultural-BCN-Abril-2021-2.jpg","width":1200,"height":800},{"@type":"BreadcrumbList","@id":"https:\/\/entandem.cat\/es\/recursos-es\/agenda-cultural-abril-2021-bcn\/#breadcrumb","itemListElement":[{"@type":"ListItem","position":1,"name":"Inici","item":"https:\/\/entandem.cat\/es\/"},{"@type":"ListItem","position":2,"name":"Agenda cultural &#8211; Abril 2021 (BCN)"}]},{"@type":"WebSite","@id":"https:\/\/entandem.cat\/#website","url":"https:\/\/entandem.cat\/","name":"enT\u00e0ndem","description":"Voluntariat Social Universitari","publisher":{"@id":"https:\/\/entandem.cat\/#organization"},"potentialAction":[{"@type":"SearchAction","target":{"@type":"EntryPoint","urlTemplate":"https:\/\/entandem.cat\/?s={search_term_string}"},"query-input":{"@type":"PropertyValueSpecification","valueRequired":true,"valueName":"search_term_string"}}],"inLanguage":"es"},{"@type":"Organization","@id":"https:\/\/entandem.cat\/#organization","name":"enT\u00e0ndem","url":"https:\/\/entandem.cat\/","logo":{"@type":"ImageObject","inLanguage":"es","@id":"https:\/\/entandem.cat\/#\/schema\/logo\/image\/","url":"https:\/\/entandem.cat\/wp-content\/uploads\/2016\/12\/logo-entandem.png","contentUrl":"https:\/\/entandem.cat\/wp-content\/uploads\/2016\/12\/logo-entandem.png","width":166,"height":44,"caption":"enT\u00e0ndem"},"image":{"@id":"https:\/\/entandem.cat\/#\/schema\/logo\/image\/"},"sameAs":["https:\/\/www.facebook.com\/afevcat","https:\/\/x.com\/afevcat","https:\/\/www.instagram.com\/afevcat\/"]},{"@type":"Person","@id":"https:\/\/entandem.cat\/#\/schema\/person\/2111428ce1954193a11054a1e2b5b0da","name":"adminTandem"}]}},"_links":{"self":[{"href":"https:\/\/entandem.cat\/es\/wp-json\/wp\/v2\/posts\/8223","targetHints":{"allow":["GET"]}}],"collection":[{"href":"https:\/\/entandem.cat\/es\/wp-json\/wp\/v2\/posts"}],"about":[{"href":"https:\/\/entandem.cat\/es\/wp-json\/wp\/v2\/types\/post"}],"author":[{"embeddable":true,"href":"https:\/\/entandem.cat\/es\/wp-json\/wp\/v2\/users\/1"}],"replies":[{"embeddable":true,"href":"https:\/\/entandem.cat\/es\/wp-json\/wp\/v2\/comments?post=8223"}],"version-history":[{"count":0,"href":"https:\/\/entandem.cat\/es\/wp-json\/wp\/v2\/posts\/8223\/revisions"}],"wp:featuredmedia":[{"embeddable":true,"href":"https:\/\/entandem.cat\/es\/wp-json\/wp\/v2\/media\/8588"}],"wp:attachment":[{"href":"https:\/\/entandem.cat\/es\/wp-json\/wp\/v2\/media?parent=8223"}],"wp:term":[{"taxonomy":"category","embeddable":true,"href":"https:\/\/entandem.cat\/es\/wp-json\/wp\/v2\/categories?post=8223"},{"taxonomy":"post_tag","embeddable":true,"href":"https:\/\/entandem.cat\/es\/wp-json\/wp\/v2\/tags?post=8223"}],"curies":[{"name":"wp","href":"https:\/\/api.w.org\/{rel}","templated":true}]}}