{"id":7640,"date":"2020-11-30T17:05:05","date_gmt":"2020-11-30T17:05:05","guid":{"rendered":"https:\/\/entandem.cat\/?p=7640"},"modified":"2020-12-01T13:45:16","modified_gmt":"2020-12-01T13:45:16","slug":"agenda-cultural-desembre-2020-bcn","status":"publish","type":"post","link":"https:\/\/entandem.cat\/es\/recursos-es\/agenda-cultural-desembre-2020-bcn\/","title":{"rendered":"Agenda cultural &#8211; Desembre 2020 (BCN)"},"content":{"rendered":"\n<p>\u00a0<\/p>\n<p>2020 ha sigut un any de sorpreses, per\u00f2 hi ha alguna cosa que no ha canviat: l\u2019agenda cultural, una bona manera d\u2019ocupar-vos amb el teu t\u00e0ndem i de preparar les festes nadalenques!<\/p>\n<p>\u00a0<\/p>\n<p><span style=\"color: #99cc00;\">[Cine]<\/span> <span style=\"color: #ff0000;\"><a style=\"color: #ff0000;\" href=\"https:\/\/www.barcelona.cat\/districtecultural\/ca\/agenda\/jacob-mimi-i-els-gossos-del-barri\" target=\"_blank\" rel=\"noopener noreferrer\">Jacob, Mimi i els gossos del barri<\/a><\/span><\/p>\n<ul style=\"list-style-type: square;\">\n<li>Dimecres 2 de desembre a les 18.00h (CC Cotxeres Borrell), divendres 4 a les 18.00h (CC Bar\u00f3 de Viver), dijous 10 a les 17.30h (Auditori Sant Mart\u00ed), dissabte 12 a les 10.30h (CC Matas i Ramis), dimarts 15 a les 17.30h (CC Bes\u00f2s), dimecres 16 a les 17.30h (CC Zona Nord), dissabte 19 a les 17.00h (CC Urgell) i dimarts 22 a les 11.00h (Vil.la Ur\u00e0nia) &#8211; Durada: 70 minuts<\/li>\n<li>A partir de 7 anys<\/li>\n<li>Activitat gratu\u00efta, cal inscripci\u00f3 previa<\/li>\n<li><strong>Qu\u00e8 \u00e9s?<\/strong> El Petit Cineclub \u00e9s una cita mensual per apropar un cinema de qualitat als nens i nenes de la ciutat, de la m\u00e0 del Billy i la Milly Oncle, uns personatges de cine que d\u2019una manera l\u00fadica i did\u00e0ctica ajudaran a petits i grans a descobrir la m\u00e0gia del set\u00e8 art<\/li>\n<\/ul>\n<p><span style=\"color: #99cc00;\">[Exposici\u00f3]<\/span> <span style=\"color: #ff0000;\"><a style=\"color: #ff0000;\" href=\"https:\/\/www.apropacultura.cat\/ca\/event\/world-press-photo-2020\" target=\"_blank\" rel=\"noopener noreferrer\">World Press Photo<\/a><\/span><\/p>\n<ul style=\"list-style-type: square;\">\n<li>Fins al 13 de desembre. Dilluns de 10.30h a 12.30h \/ De dimarts a diumenge de 10.30h a 18.30h. Durada: 1 hora<\/li>\n<li>Centre de Cultura Contempor\u00e0nia de Barcelona, CCCB (Montalegre, 5 08001 Barcelona)<\/li>\n<li>Activitat no apta per a p\u00fablic sensible, millor per a adolescents majors<\/li>\n<li>Activitat gratu\u00efta, cal inscripci\u00f3 pr\u00e8via (m\u00ednim 5 persones: es poden ajuntar m\u00e9s t\u00e0ndems i anar junts)<\/li>\n<li><strong>Qu\u00e8 \u00e9s?<\/strong> La mostra reuneix les fotografies i les produccions multim\u00e8dia guanyadores dels concursos de Fotografia i de Narrativa Digital World Press Photo<\/li>\n<\/ul>\n<p><span style=\"color: #99cc00;\">[Teatre]<\/span> <span style=\"color: #ff0000;\"><a style=\"color: #ff0000;\" href=\"https:\/\/www.apropacultura.cat\/ca\/event\/placido-mo\" target=\"_blank\" rel=\"noopener noreferrer\">Placido Mo<\/a><\/span><\/p>\n<ul style=\"list-style-type: square;\">\n<li>Dijous 17 (18.30h), divendres 18 (18.30h) i dissabte 19 (12.00h) de desembre<\/li>\n<li>Teatre Lliure de Montju\u00efc (Pla\u00e7a Margarida Xirgu 08004, Barcelona)<\/li>\n<li>Joves<\/li>\n<li>A partir de 3\u20ac, cal inscripci\u00f3 pr\u00e8via<\/li>\n<li><strong>Qu\u00e8 \u00e9s?<\/strong> Obra de teatre contempor\u00e0nia de sensibilitzaci\u00f3 sobre la vida al carrer<\/li>\n<\/ul>\n<p><span style=\"color: #99cc00;\">[Fira]<\/span> <span style=\"color: #ff0000;\"><a style=\"color: #ff0000;\" href=\"https:\/\/guia.barcelona.cat\/ca\/detall\/fira-de-nadal-a-la-sagrada-familia_99400017122.html\" target=\"_blank\" rel=\"noopener noreferrer\">Fira de nadal de la Sagrada Fam\u00edlia<\/a><\/span><\/p>\n<ul style=\"list-style-type: square;\">\n<li>Fins al dimecres 23 de desembre &#8211; de 10.00h a 21.00h, els dies laborables &#8211; i de 10.00h a 21.45h, els festius i les vig\u00edlies<\/li>\n<li>Pla\u00e7a Sagrada Fam\u00edlia<\/li>\n<li>Infants i joves<\/li>\n<li>Entrada lliure<\/li>\n<li><strong>Qu\u00e8 \u00e9s?<\/strong> La Fira de Nadal de la Sagrada Fam\u00edlia obre un any m\u00e9s per festes amb prop de 100 parades, la meitat que en edicions anteriors<\/li>\n<\/ul>\n<p><span style=\"color: #99cc00;\">[Fira]<\/span> <span style=\"color: #ff0000;\"><a style=\"color: #ff0000;\" href=\"https:\/\/beteve.cat\/agenda\/fira-santa-llucia-barcelona\/\" target=\"_blank\" rel=\"noopener noreferrer\">Fira de Santa Ll\u00facia<\/a><\/span><\/p>\n<ul style=\"list-style-type: square;\">\n<li>Fins al dimecres 23 de desembre &#8211; d\u201911.00h a 20.30 h, els dies laborables i de 10.00h a 21.00h, els festius i les vig\u00edlies<\/li>\n<li>Pla\u00e7a de la Catedral<\/li>\n<li>Infants i joves<\/li>\n<li>Entrada lliure<\/li>\n<li><strong>Qu\u00e8 \u00e9s?<\/strong> \u00c9s un dels cl\u00e0ssics de les festes i una mostra de productes nadalencs m\u00e9s antics del m\u00f3n. Aquest any arriba a la 234a edici\u00f3<\/li>\n<\/ul>\n<p>\u00a0<\/p>\n<p><strong>TOT EL MES<\/strong><\/p>\n<p><span style=\"color: #99cc00;\">[Taller]<\/span> <span style=\"color: #ff0000;\">Espai d&#8217;autorreparaci\u00f3 de bicis<\/span><\/p>\n<ul style=\"list-style-type: square;\">\n<li>Tots els dimecres de 17.00h a 19.00h a partir del 2 de desembre<\/li>\n<li>Centre Cru\u00eflla, carrer Pedrafor\u00e7a 2, 08033 Barcelona<\/li>\n<li>Joves<\/li>\n<li>Info: 636174528<\/li>\n<li><strong>Qu\u00e8 \u00e9s?<\/strong> Un taller per aprendre a reparar la seva bicicleta amb l&#8217;ajuda de voluntaris experts.<\/li>\n<\/ul>\n<p><span style=\"color: #99cc00;\">[Visita]<\/span> <span style=\"color: #ff0000;\"><a style=\"color: #ff0000;\" href=\"https:\/\/www.apropacultura.cat\/ca\/evento\/dins-fora-ciutat-romana\" target=\"_blank\" rel=\"noopener noreferrer\">Dins i fora de la ciutat romana<\/a><\/span><\/p>\n<ul style=\"list-style-type: square;\">\n<li>De dimarts a diumenge, mat\u00ed i tarda. Durada: 1.30h<\/li>\n<li>Museu d&#8217;Hist\u00f2ria de Barcelona (MUHBA): Pla\u00e7a del Rei (punt de trobada), muralles, porta decumana i MUHBA Via Sepulcral<\/li>\n<li>Infants i joves<\/li>\n<li>A partir de 3\u20ac, cal inscripci\u00f3 pr\u00e8via<\/li>\n<li><strong>Qu\u00e8 \u00e9s?<\/strong> Un recorregut que ens ensenyar\u00e0 que l&#8217;her\u00e8ncia de la ciutat romana encara est\u00e0 molt present a la Barcelona actual<\/li>\n<\/ul>\n<p><span style=\"color: #99cc00;\">[Visita]<\/span> <span style=\"color: #ff0000;\"><a style=\"color: #ff0000;\" href=\"https:\/\/www.apropacultura.cat\/ca\/event\/visita-lliure-exposicio-permanent-0\" target=\"_blank\" rel=\"noopener noreferrer\">Museu de les Cultures del M\u00f3n &#8211; Montcada<\/a><\/span><\/p>\n<ul style=\"list-style-type: square;\">\n<li>De dimarts a dissabte, mat\u00ed i tarda. Durada: 1 hora<\/li>\n<li>Museu Etnol\u00f2gic i de Cultures del M\u00f3n \u2013 Montcada (Carrer de Montcada, 12-14 08003 Barcelona)<\/li>\n<li>Infants i joves<\/li>\n<\/ul>\n<ul style=\"list-style-type: square;\">\n<li>Activitat gratu\u00efta, cal inscripci\u00f3 pr\u00e8via (m\u00ednim 5 persones: es poden ajuntar m\u00e9s t\u00e0ndems i anar junts)<\/li>\n<li><strong>Qu\u00e8 \u00e9s?<\/strong> Visita lliure a l&#8217;exposici\u00f3 permanent del museu dedicat a les Cultures del M\u00f3n<\/li>\n<\/ul>\n<p><span style=\"color: #99cc00;\">[Taller]<\/span> <span style=\"color: #ff0000;\"><a style=\"color: #ff0000;\" href=\"https:\/\/www.apropacultura.cat\/ca\/event\/dibuixa-copia-distribueix\" target=\"_blank\" rel=\"noopener noreferrer\">Dibuixa, copia i distribueix<\/a><\/span><\/p>\n<ul style=\"list-style-type: square;\">\n<li>Dilluns, dimecres, dijous, divendres, dissabte &#8211; mat\u00ed i tarda. Durada: 1.30h<\/li>\n<li>Museu d&#8217;Art Contemporani de Barcelona \u2013 MACBA (Pla\u00e7a dels \u00c0ngels, 10 8001, Barcelona)<\/li>\n<li>Visita-taller per a persones amb discapacitat intel\u00b7lectual amb lleus o moderades necessitats de suport<\/li>\n<\/ul>\n<ul style=\"list-style-type: square;\">\n<li>3\u20ac per persona (acompanyant gratu\u00eft, cal inscripci\u00f3 pr\u00e8via (m\u00ednim 5 persones: es poden ajuntar m\u00e9s t\u00e0ndems i anar junts)<\/li>\n<li><strong>Qu\u00e8 \u00e9s?<\/strong> Inspirant-nos en les obres de la col\u00b7lecci\u00f3, la visita finalitzar\u00e0 amb la realitzaci\u00f3 d&#8217;una proposta gr\u00e0fica que es pugui distribuir fora dels l\u00edmits del museu, obrint un espai perqu\u00e8 el grup participi i s&#8217;impliqui en assumptes col\u00b7lectius<\/li>\n<\/ul>\n<p><span style=\"color: #99cc00;\">[Visita]<\/span> <span style=\"color: #ff0000;\"><a style=\"color: #ff0000;\" href=\"https:\/\/www.apropacultura.cat\/ca\/event\/visita-lliure-mes-abelles-pollinitzadors-flors-vida-joc\" target=\"_blank\" rel=\"noopener noreferrer\">M\u00e9s que abelles. Pol\u00b7linitzadors i flors. La vida en joc<\/a><\/span><\/p>\n<ul style=\"list-style-type: square;\">\n<li>De dimarts a diumenge &#8211; mat\u00ed i tarda. Durada: 40 minuts<\/li>\n<li>Jard\u00ed Bot\u00e0nic de Montjuic, Carrer Doctor Font i Quer, s\/n 08038, Barcelona<\/li>\n<\/ul>\n<ul style=\"list-style-type: square;\">\n<li>Infants i joves<\/li>\n<li>Activitat gratu\u00efta, cal inscripci\u00f3 pr\u00e8via<\/li>\n<li><strong>Qu\u00e8 \u00e9s?<\/strong> L\u2019objectiu de l\u2019exposici\u00f3 \u00e9s donar a con\u00e8ixer i sensibilitzar la ciutadania sobre el paper essencial dels pol\u00b7linitzadors, en especial, de les abelles silvestres, per garantir la superviv\u00e8ncia de la majoria de plantes del planeta Terra<\/li>\n<\/ul>\n<p><span style=\"color: #99cc00;\">[Visita]<\/span> <span style=\"color: #ff0000;\"><a style=\"color: #ff0000;\" href=\"https:\/\/www.apropacultura.cat\/ca\/event\/visita-lliure-planeta-vida\" target=\"_blank\" rel=\"noopener noreferrer\">Planeta Vida<\/a><\/span><\/p>\n<ul style=\"list-style-type: square;\">\n<li>De dimarts a diumenge &#8211; mat\u00ed i tarda<\/li>\n<\/ul>\n<ul style=\"list-style-type: square;\">\n<li>Museu de Ci\u00e8ncies Naturals (Pl. Leonardo da Vinci, 4-508019, Barcelona)<\/li>\n<li>Infants i joves<\/li>\n<li>Activitat gratu\u00efta, cal inscripci\u00f3 pr\u00e8via<\/li>\n<li><strong>Qu\u00e8 \u00e9s?<\/strong> L\u2019exposici\u00f3 ens presenta una visi\u00f3 de conjunt de la natura que integra totes les disciplines de les ci\u00e8ncies naturals<\/li>\n<\/ul>\n<p><span style=\"color: #99cc00;\">[Visita]<\/span> <span style=\"color: #ff0000;\"><a style=\"color: #ff0000;\" href=\"https:\/\/www.apropacultura.cat\/ca\/evento\/entrada-eix-monumental-park-guell\" target=\"_blank\" rel=\"noopener noreferrer\">Park G\u00fcell<\/a><\/span><\/p>\n<ul style=\"list-style-type: square;\">\n<li>Tota la setmana &#8211; mat\u00ed i tarda<\/li>\n<\/ul>\n<ul style=\"list-style-type: square;\">\n<li>Park G\u00fcell (Carrer del Carmel, 2308024, Barcelona)<\/li>\n<li>Infants i joves<\/li>\n<li>Esdeveniment per a grups (m\u00ednim de places del grup: 5), 1,74\u20ac per persona<\/li>\n<li><strong>Qu\u00e8 \u00e9s?<\/strong> L\u2019entrada permet visitar l\u2019espai on es troben les obres m\u00e9s significatives d\u2019Antoni Gaud\u00ed declarades Patrimoni de la Humanitat per la UNESCO<\/li>\n<\/ul>\n<p><span style=\"color: #99cc00;\">[Exposici\u00f3]<\/span> <span style=\"color: #ff0000;\"><a style=\"color: #ff0000;\" href=\"https:\/\/ajuntament.barcelona.cat\/lavirreina\/es\/exposiciones\/puber\/465\" target=\"_blank\" rel=\"noopener noreferrer\">Puber<\/a><\/span><\/p>\n<ul style=\"list-style-type: square;\">\n<li>De dimarts a diumenge i festius, de les 11.00h a les 20.00h<\/li>\n<li>Palau de la Virreina (La Rambla, 99 08002 Barcelona)<\/li>\n<li>Infants i joves<\/li>\n<li>Entrada lliure<\/li>\n<li><strong>Qu\u00e8 \u00e9s?<\/strong> Aquesta exposici\u00f3 \u00e9s un tipus de simfonia de col\u00b7laboracions mitjan\u00e7ant les quals Tanit Plana explora l&#8217;adolesc\u00e8ncia i les seves pr\u00e0ctiques socioculturals<\/li>\n<\/ul>\n<p>\u00a0<\/p>\n<p><strong>100% ONLINE<\/strong><\/p>\n<p><span style=\"color: #99cc00;\">[Festival audiovisual]<\/span> <span style=\"color: #ff0000;\"><a style=\"color: #ff0000;\" href=\"https:\/\/www.reteena.com\/\" target=\"_blank\" rel=\"noopener noreferrer\">Reteena<\/a><\/span><\/p>\n<ul style=\"list-style-type: square;\">\n<li>Del dijous 3 al diumenge 13 de desembre<\/li>\n<li>Online<\/li>\n<li>Joves<\/li>\n<li>Totes les sessions s\u00f3n gratu\u00eftes, online i requereixen inscripci\u00f3 pr\u00e8via<\/li>\n<li><strong>Qu\u00e8 \u00e9s?<\/strong> El Reteena \u00e9s un festival audiovisual fet per joves per a joves. Una proposta que neix amb la voluntat de convertir-se en un espai de descoberta, reflexi\u00f3 i experimentaci\u00f3 de l\u2019audiovisual per als joves catalans<\/li>\n<\/ul>\n<p><span style=\"color: #99cc00;\">[Activitat online]<\/span> <span style=\"color: #ff0000;\"><a style=\"color: #ff0000;\" href=\"https:\/\/joventut-valencia.es\/evento\/218\/aventura-virtual-cmj\/\" target=\"_blank\" rel=\"noopener noreferrer\">Aventura virtual CMJ<\/a><\/span><\/p>\n<ul style=\"list-style-type: square;\">\n<li>Dissabtes 12 i 19 de desembre, de les 10.00 a les 14.00h<\/li>\n<li>Online<\/li>\n<li>Infants i joves<\/li>\n<li>Activitat gratu\u00efta, cal inscripci\u00f3 previa a aventuravirtualcmj@gmail.com<\/li>\n<li><strong>Qu\u00e8 \u00e9s?<\/strong> Participa en l&#8217;Aventura Virtual *CMJ. Podr\u00e0s aventurar-te virtualment en la cerca de gemmes. Haur\u00e0s de ser el primer a aconseguir-les! Pots participar sol o en companyia en aquesta aventura<\/li>\n<\/ul>\n<p><span style=\"color: #99cc00;\">[Exposici\u00f3 virtual]<\/span> <span style=\"color: #ff0000;\"><a style=\"color: #ff0000;\" href=\"http:\/\/www.mascarare.muvim.es\/\" target=\"_blank\" rel=\"noopener noreferrer\">Mascarare : Art preventiu en temps de pand\u00e8mia<\/a><\/span><\/p>\n<ul style=\"list-style-type: square;\">\n<li>Exposici\u00f3 online<\/li>\n<li>Tots els p\u00fablics<\/li>\n<li>Gratu\u00eft<\/li>\n<li><strong>Qu\u00e8 \u00e9s?<\/strong> El MuVIM ha demanat a un grapat d&#8217;artistes nacionals i internacionals que ens parlen dels efectes de la pand\u00e8mia utilitzant la m\u00e0scara com a suport de la seva creativitat. D&#8217;altra banda, periodistes culturals i comissaris d&#8217;exposicions han aportat textos en els quals reflexionen sobre aquests temps tan incerts. Les seves contribucions es poden veure en el lloc web que el museu ha creat ex professo per a allotjar les obres d&#8217;uns i els textos d&#8217;uns altres<\/li>\n<\/ul>\n","protected":false},"excerpt":{"rendered":"<p>\u00a0 2020 ha sigut un any de sorpreses, per\u00f2 hi ha alguna cosa que no ha canviat: l\u2019agenda cultural, una bona manera d\u2019ocupar-vos amb el teu t\u00e0ndem i de preparar les festes nadalenques! \u00a0 [Cine] Jacob, Mimi i els gossos del barri Dimecres 2 de desembre a les 18.00h (CC Cotxeres Borrell), divendres 4 a &hellip; <a href=\"https:\/\/entandem.cat\/es\/recursos-es\/agenda-cultural-desembre-2020-bcn\/\">Continued<\/a><\/p>\n","protected":false},"author":1,"featured_media":8611,"comment_status":"closed","ping_status":"open","sticky":false,"template":"","format":"standard","meta":{"footnotes":""},"categories":[655,320],"tags":[711,474,598,721,510,564,511,567,499,501,754,664,578,515,339],"class_list":["post-7640","post","type-post","status-publish","format-standard","has-post-thumbnail","hentry","category-barcelona-es","category-recursos-es","tag-2020-es","tag-acompanyament-educatiu-es","tag-activitats-culturals-es","tag-activitats-virtuals-es","tag-agenda-cultural-es","tag-barcelona-es","tag-cine-es","tag-desembre-es","tag-exposicio-es-2","tag-exposicio-foto-es-2","tag-festival-es","tag-taller-es","tag-teatre-es","tag-visita-es","tag-voluntariat-social-es"],"yoast_head":"<!-- This site is optimized with the Yoast SEO plugin v27.0 - https:\/\/yoast.com\/product\/yoast-seo-wordpress\/ -->\n<title>Agenda cultural - Desembre 2020 (BCN) - enT\u00e0ndem<\/title>\n<meta name=\"robots\" content=\"index, follow, max-snippet:-1, max-image-preview:large, max-video-preview:-1\" \/>\n<link rel=\"canonical\" href=\"https:\/\/entandem.cat\/es\/recursos-es\/agenda-cultural-desembre-2020-bcn\/\" \/>\n<meta property=\"og:locale\" content=\"es_ES\" \/>\n<meta property=\"og:type\" content=\"article\" \/>\n<meta property=\"og:title\" content=\"Agenda cultural - Desembre 2020 (BCN) - enT\u00e0ndem\" \/>\n<meta property=\"og:description\" content=\"\u00a0 2020 ha sigut un any de sorpreses, per\u00f2 hi ha alguna cosa que no ha canviat: l\u2019agenda cultural, una bona manera d\u2019ocupar-vos amb el teu t\u00e0ndem i de preparar les festes nadalenques! \u00a0 [Cine] Jacob, Mimi i els gossos del barri Dimecres 2 de desembre a les 18.00h (CC Cotxeres Borrell), divendres 4 a &hellip; Continued\" \/>\n<meta property=\"og:url\" content=\"https:\/\/entandem.cat\/es\/recursos-es\/agenda-cultural-desembre-2020-bcn\/\" \/>\n<meta property=\"og:site_name\" content=\"enT\u00e0ndem\" \/>\n<meta property=\"article:publisher\" content=\"https:\/\/www.facebook.com\/afevcat\" \/>\n<meta property=\"article:published_time\" content=\"2020-11-30T17:05:05+00:00\" \/>\n<meta property=\"article:modified_time\" content=\"2020-12-01T13:45:16+00:00\" \/>\n<meta property=\"og:image\" content=\"https:\/\/entandem.cat\/wp-content\/uploads\/2020\/11\/NV-Agenda-Cultural-BCN-Desembre-2020.jpg\" \/>\n\t<meta property=\"og:image:width\" content=\"1200\" \/>\n\t<meta property=\"og:image:height\" content=\"800\" \/>\n\t<meta property=\"og:image:type\" content=\"image\/jpeg\" \/>\n<meta name=\"author\" content=\"adminTandem\" \/>\n<meta name=\"twitter:card\" content=\"summary_large_image\" \/>\n<meta name=\"twitter:creator\" content=\"@afevcat\" \/>\n<meta name=\"twitter:site\" content=\"@afevcat\" \/>\n<meta name=\"twitter:label1\" content=\"Escrito por\" \/>\n\t<meta name=\"twitter:data1\" content=\"adminTandem\" \/>\n\t<meta name=\"twitter:label2\" content=\"Tiempo de lectura\" \/>\n\t<meta name=\"twitter:data2\" content=\"6 minutos\" \/>\n<script type=\"application\/ld+json\" class=\"yoast-schema-graph\">{\"@context\":\"https:\/\/schema.org\",\"@graph\":[{\"@type\":\"Article\",\"@id\":\"https:\/\/entandem.cat\/es\/recursos-es\/agenda-cultural-desembre-2020-bcn\/#article\",\"isPartOf\":{\"@id\":\"https:\/\/entandem.cat\/es\/recursos-es\/agenda-cultural-desembre-2020-bcn\/\"},\"author\":{\"name\":\"adminTandem\",\"@id\":\"https:\/\/entandem.cat\/#\/schema\/person\/2111428ce1954193a11054a1e2b5b0da\"},\"headline\":\"Agenda cultural &#8211; Desembre 2020 (BCN)\",\"datePublished\":\"2020-11-30T17:05:05+00:00\",\"dateModified\":\"2020-12-01T13:45:16+00:00\",\"mainEntityOfPage\":{\"@id\":\"https:\/\/entandem.cat\/es\/recursos-es\/agenda-cultural-desembre-2020-bcn\/\"},\"wordCount\":1240,\"publisher\":{\"@id\":\"https:\/\/entandem.cat\/#organization\"},\"image\":{\"@id\":\"https:\/\/entandem.cat\/es\/recursos-es\/agenda-cultural-desembre-2020-bcn\/#primaryimage\"},\"thumbnailUrl\":\"https:\/\/entandem.cat\/wp-content\/uploads\/2020\/11\/NV-Agenda-Cultural-BCN-Desembre-2020.jpg\",\"keywords\":[\"2020\",\"acompanyament educatiu\",\"activitats culturals\",\"activitats virtuals\",\"agenda cultural\",\"barcelona\",\"cine\",\"desembre\",\"exposici\u00f3\",\"exposici\u00f3 foto\",\"festival\",\"taller\",\"teatre\",\"visita\",\"voluntariat social\"],\"articleSection\":[\"Barcelona\",\"Recursos\"],\"inLanguage\":\"es\"},{\"@type\":\"WebPage\",\"@id\":\"https:\/\/entandem.cat\/es\/recursos-es\/agenda-cultural-desembre-2020-bcn\/\",\"url\":\"https:\/\/entandem.cat\/es\/recursos-es\/agenda-cultural-desembre-2020-bcn\/\",\"name\":\"Agenda cultural - Desembre 2020 (BCN) - enT\u00e0ndem\",\"isPartOf\":{\"@id\":\"https:\/\/entandem.cat\/#website\"},\"primaryImageOfPage\":{\"@id\":\"https:\/\/entandem.cat\/es\/recursos-es\/agenda-cultural-desembre-2020-bcn\/#primaryimage\"},\"image\":{\"@id\":\"https:\/\/entandem.cat\/es\/recursos-es\/agenda-cultural-desembre-2020-bcn\/#primaryimage\"},\"thumbnailUrl\":\"https:\/\/entandem.cat\/wp-content\/uploads\/2020\/11\/NV-Agenda-Cultural-BCN-Desembre-2020.jpg\",\"datePublished\":\"2020-11-30T17:05:05+00:00\",\"dateModified\":\"2020-12-01T13:45:16+00:00\",\"breadcrumb\":{\"@id\":\"https:\/\/entandem.cat\/es\/recursos-es\/agenda-cultural-desembre-2020-bcn\/#breadcrumb\"},\"inLanguage\":\"es\",\"potentialAction\":[{\"@type\":\"ReadAction\",\"target\":[\"https:\/\/entandem.cat\/es\/recursos-es\/agenda-cultural-desembre-2020-bcn\/\"]}]},{\"@type\":\"ImageObject\",\"inLanguage\":\"es\",\"@id\":\"https:\/\/entandem.cat\/es\/recursos-es\/agenda-cultural-desembre-2020-bcn\/#primaryimage\",\"url\":\"https:\/\/entandem.cat\/wp-content\/uploads\/2020\/11\/NV-Agenda-Cultural-BCN-Desembre-2020.jpg\",\"contentUrl\":\"https:\/\/entandem.cat\/wp-content\/uploads\/2020\/11\/NV-Agenda-Cultural-BCN-Desembre-2020.jpg\",\"width\":1200,\"height\":800},{\"@type\":\"BreadcrumbList\",\"@id\":\"https:\/\/entandem.cat\/es\/recursos-es\/agenda-cultural-desembre-2020-bcn\/#breadcrumb\",\"itemListElement\":[{\"@type\":\"ListItem\",\"position\":1,\"name\":\"Inici\",\"item\":\"https:\/\/entandem.cat\/es\/\"},{\"@type\":\"ListItem\",\"position\":2,\"name\":\"Agenda cultural &#8211; Desembre 2020 (BCN)\"}]},{\"@type\":\"WebSite\",\"@id\":\"https:\/\/entandem.cat\/#website\",\"url\":\"https:\/\/entandem.cat\/\",\"name\":\"enT\u00e0ndem\",\"description\":\"Voluntariat Social Universitari\",\"publisher\":{\"@id\":\"https:\/\/entandem.cat\/#organization\"},\"potentialAction\":[{\"@type\":\"SearchAction\",\"target\":{\"@type\":\"EntryPoint\",\"urlTemplate\":\"https:\/\/entandem.cat\/?s={search_term_string}\"},\"query-input\":{\"@type\":\"PropertyValueSpecification\",\"valueRequired\":true,\"valueName\":\"search_term_string\"}}],\"inLanguage\":\"es\"},{\"@type\":\"Organization\",\"@id\":\"https:\/\/entandem.cat\/#organization\",\"name\":\"enT\u00e0ndem\",\"url\":\"https:\/\/entandem.cat\/\",\"logo\":{\"@type\":\"ImageObject\",\"inLanguage\":\"es\",\"@id\":\"https:\/\/entandem.cat\/#\/schema\/logo\/image\/\",\"url\":\"https:\/\/entandem.cat\/wp-content\/uploads\/2016\/12\/logo-entandem.png\",\"contentUrl\":\"https:\/\/entandem.cat\/wp-content\/uploads\/2016\/12\/logo-entandem.png\",\"width\":166,\"height\":44,\"caption\":\"enT\u00e0ndem\"},\"image\":{\"@id\":\"https:\/\/entandem.cat\/#\/schema\/logo\/image\/\"},\"sameAs\":[\"https:\/\/www.facebook.com\/afevcat\",\"https:\/\/x.com\/afevcat\",\"https:\/\/www.instagram.com\/afevcat\/\"]},{\"@type\":\"Person\",\"@id\":\"https:\/\/entandem.cat\/#\/schema\/person\/2111428ce1954193a11054a1e2b5b0da\",\"name\":\"adminTandem\"}]}<\/script>\n<!-- \/ Yoast SEO plugin. -->","yoast_head_json":{"title":"Agenda cultural - Desembre 2020 (BCN) - enT\u00e0ndem","robots":{"index":"index","follow":"follow","max-snippet":"max-snippet:-1","max-image-preview":"max-image-preview:large","max-video-preview":"max-video-preview:-1"},"canonical":"https:\/\/entandem.cat\/es\/recursos-es\/agenda-cultural-desembre-2020-bcn\/","og_locale":"es_ES","og_type":"article","og_title":"Agenda cultural - Desembre 2020 (BCN) - enT\u00e0ndem","og_description":"\u00a0 2020 ha sigut un any de sorpreses, per\u00f2 hi ha alguna cosa que no ha canviat: l\u2019agenda cultural, una bona manera d\u2019ocupar-vos amb el teu t\u00e0ndem i de preparar les festes nadalenques! \u00a0 [Cine] Jacob, Mimi i els gossos del barri Dimecres 2 de desembre a les 18.00h (CC Cotxeres Borrell), divendres 4 a &hellip; Continued","og_url":"https:\/\/entandem.cat\/es\/recursos-es\/agenda-cultural-desembre-2020-bcn\/","og_site_name":"enT\u00e0ndem","article_publisher":"https:\/\/www.facebook.com\/afevcat","article_published_time":"2020-11-30T17:05:05+00:00","article_modified_time":"2020-12-01T13:45:16+00:00","og_image":[{"width":1200,"height":800,"url":"https:\/\/entandem.cat\/wp-content\/uploads\/2020\/11\/NV-Agenda-Cultural-BCN-Desembre-2020.jpg","type":"image\/jpeg"}],"author":"adminTandem","twitter_card":"summary_large_image","twitter_creator":"@afevcat","twitter_site":"@afevcat","twitter_misc":{"Escrito por":"adminTandem","Tiempo de lectura":"6 minutos"},"schema":{"@context":"https:\/\/schema.org","@graph":[{"@type":"Article","@id":"https:\/\/entandem.cat\/es\/recursos-es\/agenda-cultural-desembre-2020-bcn\/#article","isPartOf":{"@id":"https:\/\/entandem.cat\/es\/recursos-es\/agenda-cultural-desembre-2020-bcn\/"},"author":{"name":"adminTandem","@id":"https:\/\/entandem.cat\/#\/schema\/person\/2111428ce1954193a11054a1e2b5b0da"},"headline":"Agenda cultural &#8211; Desembre 2020 (BCN)","datePublished":"2020-11-30T17:05:05+00:00","dateModified":"2020-12-01T13:45:16+00:00","mainEntityOfPage":{"@id":"https:\/\/entandem.cat\/es\/recursos-es\/agenda-cultural-desembre-2020-bcn\/"},"wordCount":1240,"publisher":{"@id":"https:\/\/entandem.cat\/#organization"},"image":{"@id":"https:\/\/entandem.cat\/es\/recursos-es\/agenda-cultural-desembre-2020-bcn\/#primaryimage"},"thumbnailUrl":"https:\/\/entandem.cat\/wp-content\/uploads\/2020\/11\/NV-Agenda-Cultural-BCN-Desembre-2020.jpg","keywords":["2020","acompanyament educatiu","activitats culturals","activitats virtuals","agenda cultural","barcelona","cine","desembre","exposici\u00f3","exposici\u00f3 foto","festival","taller","teatre","visita","voluntariat social"],"articleSection":["Barcelona","Recursos"],"inLanguage":"es"},{"@type":"WebPage","@id":"https:\/\/entandem.cat\/es\/recursos-es\/agenda-cultural-desembre-2020-bcn\/","url":"https:\/\/entandem.cat\/es\/recursos-es\/agenda-cultural-desembre-2020-bcn\/","name":"Agenda cultural - Desembre 2020 (BCN) - enT\u00e0ndem","isPartOf":{"@id":"https:\/\/entandem.cat\/#website"},"primaryImageOfPage":{"@id":"https:\/\/entandem.cat\/es\/recursos-es\/agenda-cultural-desembre-2020-bcn\/#primaryimage"},"image":{"@id":"https:\/\/entandem.cat\/es\/recursos-es\/agenda-cultural-desembre-2020-bcn\/#primaryimage"},"thumbnailUrl":"https:\/\/entandem.cat\/wp-content\/uploads\/2020\/11\/NV-Agenda-Cultural-BCN-Desembre-2020.jpg","datePublished":"2020-11-30T17:05:05+00:00","dateModified":"2020-12-01T13:45:16+00:00","breadcrumb":{"@id":"https:\/\/entandem.cat\/es\/recursos-es\/agenda-cultural-desembre-2020-bcn\/#breadcrumb"},"inLanguage":"es","potentialAction":[{"@type":"ReadAction","target":["https:\/\/entandem.cat\/es\/recursos-es\/agenda-cultural-desembre-2020-bcn\/"]}]},{"@type":"ImageObject","inLanguage":"es","@id":"https:\/\/entandem.cat\/es\/recursos-es\/agenda-cultural-desembre-2020-bcn\/#primaryimage","url":"https:\/\/entandem.cat\/wp-content\/uploads\/2020\/11\/NV-Agenda-Cultural-BCN-Desembre-2020.jpg","contentUrl":"https:\/\/entandem.cat\/wp-content\/uploads\/2020\/11\/NV-Agenda-Cultural-BCN-Desembre-2020.jpg","width":1200,"height":800},{"@type":"BreadcrumbList","@id":"https:\/\/entandem.cat\/es\/recursos-es\/agenda-cultural-desembre-2020-bcn\/#breadcrumb","itemListElement":[{"@type":"ListItem","position":1,"name":"Inici","item":"https:\/\/entandem.cat\/es\/"},{"@type":"ListItem","position":2,"name":"Agenda cultural &#8211; Desembre 2020 (BCN)"}]},{"@type":"WebSite","@id":"https:\/\/entandem.cat\/#website","url":"https:\/\/entandem.cat\/","name":"enT\u00e0ndem","description":"Voluntariat Social Universitari","publisher":{"@id":"https:\/\/entandem.cat\/#organization"},"potentialAction":[{"@type":"SearchAction","target":{"@type":"EntryPoint","urlTemplate":"https:\/\/entandem.cat\/?s={search_term_string}"},"query-input":{"@type":"PropertyValueSpecification","valueRequired":true,"valueName":"search_term_string"}}],"inLanguage":"es"},{"@type":"Organization","@id":"https:\/\/entandem.cat\/#organization","name":"enT\u00e0ndem","url":"https:\/\/entandem.cat\/","logo":{"@type":"ImageObject","inLanguage":"es","@id":"https:\/\/entandem.cat\/#\/schema\/logo\/image\/","url":"https:\/\/entandem.cat\/wp-content\/uploads\/2016\/12\/logo-entandem.png","contentUrl":"https:\/\/entandem.cat\/wp-content\/uploads\/2016\/12\/logo-entandem.png","width":166,"height":44,"caption":"enT\u00e0ndem"},"image":{"@id":"https:\/\/entandem.cat\/#\/schema\/logo\/image\/"},"sameAs":["https:\/\/www.facebook.com\/afevcat","https:\/\/x.com\/afevcat","https:\/\/www.instagram.com\/afevcat\/"]},{"@type":"Person","@id":"https:\/\/entandem.cat\/#\/schema\/person\/2111428ce1954193a11054a1e2b5b0da","name":"adminTandem"}]}},"_links":{"self":[{"href":"https:\/\/entandem.cat\/es\/wp-json\/wp\/v2\/posts\/7640","targetHints":{"allow":["GET"]}}],"collection":[{"href":"https:\/\/entandem.cat\/es\/wp-json\/wp\/v2\/posts"}],"about":[{"href":"https:\/\/entandem.cat\/es\/wp-json\/wp\/v2\/types\/post"}],"author":[{"embeddable":true,"href":"https:\/\/entandem.cat\/es\/wp-json\/wp\/v2\/users\/1"}],"replies":[{"embeddable":true,"href":"https:\/\/entandem.cat\/es\/wp-json\/wp\/v2\/comments?post=7640"}],"version-history":[{"count":0,"href":"https:\/\/entandem.cat\/es\/wp-json\/wp\/v2\/posts\/7640\/revisions"}],"wp:featuredmedia":[{"embeddable":true,"href":"https:\/\/entandem.cat\/es\/wp-json\/wp\/v2\/media\/8611"}],"wp:attachment":[{"href":"https:\/\/entandem.cat\/es\/wp-json\/wp\/v2\/media?parent=7640"}],"wp:term":[{"taxonomy":"category","embeddable":true,"href":"https:\/\/entandem.cat\/es\/wp-json\/wp\/v2\/categories?post=7640"},{"taxonomy":"post_tag","embeddable":true,"href":"https:\/\/entandem.cat\/es\/wp-json\/wp\/v2\/tags?post=7640"}],"curies":[{"name":"wp","href":"https:\/\/api.w.org\/{rel}","templated":true}]}}