{"id":7431,"date":"2020-11-02T12:29:17","date_gmt":"2020-11-02T12:29:17","guid":{"rendered":"https:\/\/entandem.cat\/agenda-cultural-novembre-2020-bcn\/"},"modified":"2021-04-20T10:38:12","modified_gmt":"2021-04-20T10:38:12","slug":"agenda-cultural-novembre-2020-bcn","status":"publish","type":"post","link":"https:\/\/entandem.cat\/es\/recursos-es\/agenda-cultural-novembre-2020-bcn\/","title":{"rendered":"Agenda cultural &#8211; Novembre 2020 (BCN)"},"content":{"rendered":"\n<p>&nbsp;<\/p>\n<p>En els per\u00edodes d&#8217;incertesa com el que vivim actualment, hi ha una cosa a la qual sempre ens podem aferrar: la cultura. Per aix\u00f2, aquest mes et proposem un gran nombre d&#8217;activitats, tant presencials com virtuals. Per a les presencials, t&#8217;aconsellem que verifiquis abans d&#8217;anar-hi que la modalitat no ha&nbsp;canviat.<\/p>\n<p>&nbsp;<\/p>\n<p><span style=\"color: #99cc00;\">[Exposici\u00f3]<\/span> <span style=\"color: #ff0000;\"><a style=\"color: #ff0000;\" href=\"https:\/\/guia.barcelona.cat\/es\/agenda\/detall\/exposicio-l-activisme-lgtbi-abans-i-despres-de-stonewall_99400635300.html\" target=\"_blank\" rel=\"noopener noreferrer\">L&#8217;activisme LGTBI: Abans i despr\u00e9s de Stonewall<\/a><\/span><\/p>\n<ul style=\"list-style-type: square;\">\n<li>Del dilluns 2 al diumenge 22 de novembre 2020: dilluns, dimecres, dijous i divendres: 09.00h-21.30h; dimarts: 09.00h-14.00h i 16.00h-21.30h; dissabte: 10.00h-14.00h<\/li>\n<li>Centre C\u00edvic El Carmel<\/li>\n<li>Joves<\/li>\n<li>Entrada gratu\u00efta<\/li>\n<li><strong>Qu\u00e8 \u00e9s?<\/strong> Exposici\u00f3 fotogr\u00e0fica<\/li>\n<\/ul>\n<p><span style=\"color: #99cc00;\">[Exposici\u00f3] <\/span>&nbsp;<span style=\"color: #ff0000;\"><a style=\"color: #ff0000;\" href=\"https:\/\/ajuntament.barcelona.cat\/ccivics\/matasiramis\/p\/38106\" target=\"_blank\" rel=\"noopener noreferrer\">World changers<\/a><\/span><\/p>\n<ul style=\"list-style-type: square;\">\n<li>Del dimecres 4 al dilluns 30 de novembre<\/li>\n<li>Centre C\u00edvic Matas i Ramis<\/li>\n<li>Infants i joves<\/li>\n<li>Entrada gratu\u00efta<\/li>\n<li><strong>Qu\u00e8 \u00e9s?<\/strong> Exposici\u00f3 amb l&#8217;objectiu de posar cara a les persones que s\u2019esforcen per fer quelcom positiu sobre el canvi clim\u00e0tic i posar cara tamb\u00e9 als responsables que podrien aturar-ho i canviar algunes coses<\/li>\n<\/ul>\n<p><span style=\"color: #99cc00;\">[F\u00f2rum]<\/span> <span style=\"color: #ff0000;\"><a style=\"color: #ff0000;\" href=\"https:\/\/www.violenciadegenere.org\/forum-jove-2020\" target=\"_blank\" rel=\"noopener noreferrer\">F\u00f2rum contra les Viol\u00e8ncies de G\u00e8nere<\/a><\/span><\/p>\n<ul style=\"list-style-type: square;\">\n<li>Del dijous 5 al dissabte 14 de novembre<\/li>\n<li>Majorit\u00e0riament online i a alguns llocs f\u00edsics<\/li>\n<li>Joves&nbsp;<\/li>\n<li>Entrada gratu\u00efta (a vegades cal inscripci\u00f3 pr\u00e8via)<\/li>\n<li><strong>Qu\u00e8 \u00e9s?<\/strong> El f\u00f2rum engloba un conjunt d\u2019activitats i permet que les i els joves puguin compartir i reflexionar entorn aquelles q\u00fcestions d\u2019actualitat al voltant de la lluita contra les viol\u00e8ncies de g\u00e8nere, mitjan\u00e7ant la dinamitzaci\u00f3 d\u2019accions i activitats que promouen la sensibilitzaci\u00f3 i la prevenci\u00f3<\/li>\n<\/ul>\n<p><span style=\"color: #99cc00;\">[Festival]<\/span> <span style=\"color: #ff0000;\"><a style=\"color: #ff0000;\" href=\"https:\/\/www.barcelona.cat\/daubarcelona\/ca\" target=\"_blank\" rel=\"noopener noreferrer\">Festival del Joc DAU<\/a><\/span><\/p>\n<ul style=\"list-style-type: square;\">\n<li>Del dissabte 14 al diumenge 15 de novembre<\/li>\n<li>Una part presencial (Recinte Fabra i Coats. Sant Andreu. Carrer Sant Adri\u00e0, 20, 08030) i una part online<\/li>\n<li>Joves&nbsp;<\/li>\n<li>Entrada gratu\u00efta, cal inscripci\u00f3 pr\u00e8via (Places limitades)<\/li>\n<li><strong>Qu\u00e8 \u00e9s?<\/strong> Festival del joc organitzat per l\u2019Ajuntament de Barcelona<\/li>\n<\/ul>\n<p><span style=\"color: #99cc00;\">[Cine]<\/span> <span style=\"color: #ff0000;\"><a style=\"color: #ff0000;\" href=\"https:\/\/www.barcelona.cat\/districtecultural\/ca\/agenda\/solan-eri-missi%C3%B3-la-lluna\" target=\"_blank\" rel=\"noopener noreferrer\">Solan &amp; Eri, missi\u00f3 a la Lluna (Petit Cineclub)<\/a><\/span><\/p>\n<ul style=\"list-style-type: square;\">\n<li>Dissabte 14 (11.30h), dimarts 17 (17.30h), dimecres 18 (17.30h) i divendres 27 de novembre (18.00h)<\/li>\n<li>14\/11 Centre C\u00edvic Matas i Ramis \u2013 17\/11 Centre C\u00edvic Bes\u00f2s \u2013 18\/11 Auditori Sant Mart\u00ed, Sala La Pau, Centre C\u00edvic Zona Nord \u2013 27\/11 Centre C\u00edvic Cotxeres Borrell<\/li>\n<li>A partir dels 5 anys<\/li>\n<li>Entrada gratu\u00efta, cal inscripci\u00f3 pr\u00e8via (Places limitades)<\/li>\n<li><strong>Qu\u00e8 \u00e9s?<\/strong> Un \u00e0nec, un porc esp\u00ed i un inventor que no saben estar-se quiets, que tenen ganes d&#8217;aventures, que volen viatjar i veure m\u00f3n&#8230; Volen veure el M\u00f3n? S\u00ed, per\u00f2 des de lluny, des de l&#8217;espai, tal com el va veure Neil Armstrong<\/li>\n<\/ul>\n<p><span style=\"color: #99cc00;\">[Taller]<\/span> <span style=\"color: #ff0000;\"><a style=\"color: #ff0000;\" href=\"https:\/\/ajuntament.barcelona.cat\/ccivics\/bonpastor\/p\/37703\/autodefensa-feminista-jove-\" target=\"_blank\" rel=\"noopener noreferrer\">Taller d&#8217;autodefensa feminista jove<\/a><\/span><\/p>\n<ul style=\"list-style-type: square;\">\n<li>Els dijous 19 i 26 de novembre de les 18.30h a les 20.30h<\/li>\n<li>Centre C\u00edvic Bon Pastor<\/li>\n<li>Joves&nbsp;<\/li>\n<li>Entrada gratu\u00efta, cal inscripci\u00f3 pr\u00e8via (places limitades)<\/li>\n<li><strong>Qu\u00e8 \u00e9s?<\/strong> Taller per aprendre a gestionar activament l&#8217;espai i rebre informaci\u00f3 sobre t\u00e8cniques f\u00edsiques, d&#8217;expressi\u00f3 i de posicionament davant de possibles situacions de viol\u00e8ncia i\/o assetjament<\/li>\n<\/ul>\n<p><span style=\"color: #99cc00;\">[Concert]<\/span> <span style=\"color: #ff0000;\"><a style=\"color: #ff0000;\" href=\"https:\/\/ajuntament.barcelona.cat\/ccivics\/bonpastor\/p\/38163\" target=\"_blank\" rel=\"noopener noreferrer\">Un email de flors<\/a><\/span><\/p>\n<ul style=\"list-style-type: square;\">\n<li>Divendres 27 de novembre a les 19.00h<\/li>\n<li>Centre C\u00edvic Bon Pastor<\/li>\n<li>Infants i joves&nbsp;<\/li>\n<li>Entrada gratu\u00efta, cal inscripci\u00f3 pr\u00e8via (places limitades)<\/li>\n<li><strong>Qu\u00e8 \u00e9s?<\/strong> Concert que abasta des del lied alemany a la m\u00e9lodie fran\u00e7aise passant per l&#8217;\u00f2pera italiana, la sarsuela o la can\u00e7\u00f3 catalana<\/li>\n<\/ul>\n<p><span style=\"color: #99cc00;\">[Taller]<\/span> <span style=\"color: #ff0000;\"><a style=\"color: #ff0000;\" href=\"https:\/\/www.cccb.org\/ca\/activitats\/fitxa\/color-carn\/234525\" target=\"_blank\" rel=\"noopener noreferrer\">Color carn? Taller d\u2019autoretrat en fam\u00edlia<\/a><\/span><\/p>\n<ul style=\"list-style-type: square;\">\n<li>Dissabte 28 de novembre de les 11.00h a les 13.30h<\/li>\n<li>CCCB &#8211; Centre de Cultura Contempor\u00e0nia de Barcelona<\/li>\n<li>A partir de 7 anys<\/li>\n<li>Preu: 6 \u20ac &#8211; Redu\u00eft: 4 \u20ac per a menors de 12 anys, carnet docent, aturat, fam\u00edlia nombrosa i monoparental, jubilats amb la Targeta Rosa &#8211; Gratu\u00eft: Amics del CCCB<\/li>\n<li><strong>Qu\u00e8 \u00e9s?<\/strong> Aquest taller proposa que cada participant es faci un autoretrat i el pinti del color que m\u00e9s s\u2019aproximi a la seva pell. Obrim aix\u00ed, un espai de debat i reflexi\u00f3 sobre la identitat i la seva relaci\u00f3 amb el nostre color de pell<\/li>\n<\/ul>\n<p><span style=\"color: #99cc00;\">[Parc]<\/span> <span style=\"color: #ff0000;\"><a style=\"color: #ff0000;\" href=\"https:\/\/guia.barcelona.cat\/detall\/parc-del-laberint-d-horta_92086011952.html\" target=\"_blank\" rel=\"noopener noreferrer\">Parc del Laberint d&#8217;Horta<\/a><\/span><\/p>\n<ul style=\"list-style-type: square;\">\n<li>Tot l&#8217;any (tancat des del 9 de noviembre fins el 4 de desembre per tasques de poda i manteniment)<\/li>\n<li>Districte: Horta-Guinard\u00f3; Barri: Montbau; Metro per arribar: Mundet L3<\/li>\n<li>Infants i joves&nbsp;<\/li>\n<li>Entrada gratu\u00efta el diumenge i el dimecres<\/li>\n<li><strong>Qu\u00e8 \u00e9s?<\/strong> Aquest parc inclou el jard\u00ed m\u00e9s antic conservat a la ciutat. Nascut com un jard\u00ed neocl\u00e0ssic amb un toc de fisonomia italiana, es va acabar com a jard\u00ed rom\u00e0ntic<\/li>\n<\/ul>\n<p><span style=\"color: #99cc00;\">[Cinema]<\/span> <span style=\"color: #ff0000;\"><a style=\"color: #ff0000;\" href=\"https:\/\/www.barcelona.cat\/pantallabarcelona\/es\/programas\/push\" target=\"_blank\" rel=\"noopener noreferrer\">Push<\/a><\/span><\/p>\n<ul style=\"list-style-type: square;\">\n<li>Divendres 13 de novembre a les 19.30h<\/li>\n<li>Centre C\u00edvic Zona Nord<\/li>\n<li>Joves&nbsp;<\/li>\n<li>Entrada gratu\u00efta, cal inscripci\u00f3 pr\u00e8via (places limitades). Escriu WhatsApp al 608 406 528<\/li>\n<li>Qu\u00e8 \u00e9s? Push revela els secrets m\u00e9s foscos de l&#8217;entramat mundial de l&#8217;especulaci\u00f3 immobili\u00e0ria i urban\u00edstica, i com les ciutats s\u00f3n cada cop m\u00e9s inaccessibles per viure-hi en un context de crisi creixent que ens afecta a tots. Aquest llargmetratge anir\u00e0 acompanyat del curt <em>Madrid 2120<\/em><\/li>\n<\/ul>\n<p>&nbsp;<\/p>\n<p><strong>100% ONLINE<\/strong><\/p>\n<p><span style=\"color: #99cc00;\">[Congr\u00e9s]<\/span> <span style=\"color: #ff0000;\"><a style=\"color: #ff0000;\" href=\"https:\/\/sexualidadadolescente.com\/\" target=\"_blank\" rel=\"noopener noreferrer\">Sexualidad adolescente<\/a><\/span><\/p>\n<ul style=\"list-style-type: square;\">\n<li>25, 26 i 27 de novembre<\/li>\n<li>Online<\/li>\n<li>Adolescents i joves (de 12 a 18 anys)<\/li>\n<li>Entrada gratu\u00efta nom\u00e9s per assistir a algunes confer\u00e8ncies<\/li>\n<li><strong>Qu\u00e8 \u00e9s?<\/strong> Un congr\u00e9s virtual de sexo-afectivitat adolescent. \u00abEt parlarem d&#8217;una forma clara i educativa sobre la teva sexualitat. Volem respondre tots els teus dubtes sobre masturbaci\u00f3, plaer, virginitat, orgasmes, sexting, pornografia,&#8230;\u00bb. <a href=\"https:\/\/sexualidadadolescente.com\/programa\/\" target=\"_blank\" rel=\"noopener noreferrer\">Consulta el programa<\/a><\/li>\n<\/ul>\n<p><span style=\"color: #99cc00;\">[Taller]<\/span> <span style=\"color: #ff0000;\"><a style=\"color: #ff0000;\" href=\"http:\/\/www.cccanfelipa.cat\/cursos-i-tallers\/1498-cap-text-es-sagrat:-exercicis-de-detournement\/\" target=\"_blank\" rel=\"noopener noreferrer\">Cap text \u00e9s sagrat: exercicis de D\u00e9tournement<\/a><\/span><\/p>\n<ul style=\"list-style-type: square;\">\n<li>Del dilluns 2 al dilluns 23 de novembre de 17.30h a 19.30h&nbsp;<\/li>\n<li>Taller online (Centre C\u00edvic Can Felipa, nom\u00e9s presencial a aquelles persones que no tinguin acc\u00e9s a internet)<\/li>\n<li>Joves&nbsp;<\/li>\n<li>Entrada gratu\u00efta, cal inscripci\u00f3 pr\u00e8via (places limitades)<\/li>\n<li><strong>Qu\u00e8 \u00e9s?<\/strong> El taller planteja l&#8217;exercici d&#8217;agafar textos can\u00f2nics per tal de t\u00f2rcer-los, tergiversar-los i reescriure&#8217;ls<\/li>\n<\/ul>\n<p><span style=\"color: #99cc00;\">[Festival]<\/span> &nbsp;<span style=\"color: #ff0000;\"><a style=\"color: #ff0000;\" href=\"https:\/\/totraval.org\/ca\/projectes\/festival-de-cultura-ravals-fet-la-gent-del-barri\/edicio-2020\" target=\"_blank\" rel=\"noopener noreferrer\">Edici\u00f3 2020 del Festival Raval(s)<\/a><\/span><\/p>\n<ul style=\"list-style-type: square;\">\n<li>Del dijous 5 al diumenge 8 de novembre<\/li>\n<li>Online<\/li>\n<li>Infants i joves<\/li>\n<li>Entrada gratu\u00efta, cal inscripci\u00f3 pr\u00e8via per les activitats presencials (aforament limitat)<\/li>\n<li><strong>Qu\u00e8 \u00e9s?<\/strong> Festival comunitari organitzat per m\u00e9s de 70 entitats, associacions i col\u00b7lectius del territori. L&#8217;eix de treball del festival ser\u00e0 la \u201cLluita contra el canvi clim\u00e0tic\u201d, promovent la cultura de la coresponsabilitat ciutadana per a la millora ambiental. Xerrades, tallers, petits concerts, teatre i moltes activitats m\u00e9s<\/li>\n<\/ul>\n<p><span style=\"color: #99cc00;\">[Xerrada]<\/span> <span style=\"color: #ff0000;\"><a style=\"color: #ff0000;\" href=\"https:\/\/ajuntament.barcelona.cat\/centrescivics\/es\/detall\/xerrada-que-fem-amb-la-rabia-_99400656813.html\" target=\"_blank\" rel=\"noopener noreferrer\">Qu\u00e8 fem amb la r\u00e0bia?<\/a><\/span><\/p>\n<ul style=\"list-style-type: square;\">\n<li>Dijous 12 de novembre a les 18.30h<\/li>\n<li>Online<\/li>\n<li>Preadolescent i adolescent<\/li>\n<li>Entrada gratu\u00efta, cal inscripci\u00f3 pr\u00e8via (places limitades)<\/li>\n<li><strong>Qu\u00e8 \u00e9s?<\/strong> En aquesta xerrada posarem la llum sobre la r\u00e0bia, aquesta emoci\u00f3 tan familiar i coneguda i, a la vegada, estigmatitzada com a dolenta, inadequada i indesitjable<\/li>\n<\/ul>\n<p><span style=\"color: #99cc00;\">[Festival]<\/span> <span style=\"color: #ff0000;\"><a style=\"color: #ff0000;\" href=\"http:\/\/www.posidoniagreenfestival.com\/es\/posidonia-green-festival\/\" target=\"_blank\" rel=\"noopener noreferrer\">Posidonia Green Festival<\/a><\/span><\/p>\n<ul style=\"list-style-type: square;\">\n<li>Dijous 12, diumenge 15, divendres 20 i dissabte 21 de novembre<\/li>\n<li>Online<\/li>\n<li>Infants i joves<\/li>\n<li>Gratu\u00efta<\/li>\n<li><strong>Qu\u00e8 \u00e9s?<\/strong> Festival ecol\u00f2gic internacional d&#8217;art, medi ambient i sostenibilitat<\/li>\n<\/ul>\n","protected":false},"excerpt":{"rendered":"<p>&nbsp; En els per\u00edodes d&#8217;incertesa com el que vivim actualment, hi ha una cosa a la qual sempre ens podem aferrar: la cultura. Per aix\u00f2, aquest mes et proposem un gran nombre d&#8217;activitats, tant presencials com virtuals. Per a les presencials, t&#8217;aconsellem que verifiquis abans d&#8217;anar-hi que la modalitat no ha&nbsp;canviat. &nbsp; [Exposici\u00f3] L&#8217;activisme LGTBI: &hellip; <a href=\"https:\/\/entandem.cat\/es\/recursos-es\/agenda-cultural-novembre-2020-bcn\/\">Continued<\/a><\/p>\n","protected":false},"author":1,"featured_media":8617,"comment_status":"closed","ping_status":"open","sticky":false,"template":"","format":"standard","meta":{"footnotes":""},"categories":[655,320],"tags":[711,474,598,721,510,564,511,753,499,754,755,485,577,664,339],"class_list":["post-7431","post","type-post","status-publish","format-standard","has-post-thumbnail","hentry","category-barcelona-es","category-recursos-es","tag-2020-es","tag-acompanyament-educatiu-es","tag-activitats-culturals-es","tag-activitats-virtuals-es","tag-agenda-cultural-es","tag-barcelona-es","tag-cine-es","tag-concert-es","tag-exposicio-es-2","tag-festival-es","tag-forum-es","tag-joves-es","tag-novembre-es","tag-taller-es","tag-voluntariat-social-es"],"yoast_head":"<!-- This site is optimized with the Yoast SEO plugin v27.0 - https:\/\/yoast.com\/product\/yoast-seo-wordpress\/ -->\n<title>Agenda cultural - Novembre 2020 (BCN) - enT\u00e0ndem<\/title>\n<meta name=\"robots\" content=\"index, follow, max-snippet:-1, max-image-preview:large, max-video-preview:-1\" \/>\n<link rel=\"canonical\" href=\"https:\/\/entandem.cat\/es\/recursos-es\/agenda-cultural-novembre-2020-bcn\/\" \/>\n<meta property=\"og:locale\" content=\"es_ES\" \/>\n<meta property=\"og:type\" content=\"article\" \/>\n<meta property=\"og:title\" content=\"Agenda cultural - Novembre 2020 (BCN) - enT\u00e0ndem\" \/>\n<meta property=\"og:description\" content=\"&nbsp; En els per\u00edodes d&#8217;incertesa com el que vivim actualment, hi ha una cosa a la qual sempre ens podem aferrar: la cultura. Per aix\u00f2, aquest mes et proposem un gran nombre d&#8217;activitats, tant presencials com virtuals. Per a les presencials, t&#8217;aconsellem que verifiquis abans d&#8217;anar-hi que la modalitat no ha&nbsp;canviat. &nbsp; [Exposici\u00f3] L&#8217;activisme LGTBI: &hellip; Continued\" \/>\n<meta property=\"og:url\" content=\"https:\/\/entandem.cat\/es\/recursos-es\/agenda-cultural-novembre-2020-bcn\/\" \/>\n<meta property=\"og:site_name\" content=\"enT\u00e0ndem\" \/>\n<meta property=\"article:publisher\" content=\"https:\/\/www.facebook.com\/afevcat\" \/>\n<meta property=\"article:published_time\" content=\"2020-11-02T12:29:17+00:00\" \/>\n<meta property=\"article:modified_time\" content=\"2021-04-20T10:38:12+00:00\" \/>\n<meta property=\"og:image\" content=\"https:\/\/entandem.cat\/wp-content\/uploads\/2020\/11\/NV-Agenda-Cultural-BCN-Novembre-2020-1.jpg\" \/>\n\t<meta property=\"og:image:width\" content=\"1200\" \/>\n\t<meta property=\"og:image:height\" content=\"800\" \/>\n\t<meta property=\"og:image:type\" content=\"image\/jpeg\" \/>\n<meta name=\"author\" content=\"adminTandem\" \/>\n<meta name=\"twitter:card\" content=\"summary_large_image\" \/>\n<meta name=\"twitter:creator\" content=\"@afevcat\" \/>\n<meta name=\"twitter:site\" content=\"@afevcat\" \/>\n<meta name=\"twitter:label1\" content=\"Escrito por\" \/>\n\t<meta name=\"twitter:data1\" content=\"adminTandem\" \/>\n\t<meta name=\"twitter:label2\" content=\"Tiempo de lectura\" \/>\n\t<meta name=\"twitter:data2\" content=\"5 minutos\" \/>\n<script type=\"application\/ld+json\" class=\"yoast-schema-graph\">{\"@context\":\"https:\/\/schema.org\",\"@graph\":[{\"@type\":\"Article\",\"@id\":\"https:\/\/entandem.cat\/es\/recursos-es\/agenda-cultural-novembre-2020-bcn\/#article\",\"isPartOf\":{\"@id\":\"https:\/\/entandem.cat\/es\/recursos-es\/agenda-cultural-novembre-2020-bcn\/\"},\"author\":{\"name\":\"adminTandem\",\"@id\":\"https:\/\/entandem.cat\/#\/schema\/person\/2111428ce1954193a11054a1e2b5b0da\"},\"headline\":\"Agenda cultural &#8211; Novembre 2020 (BCN)\",\"datePublished\":\"2020-11-02T12:29:17+00:00\",\"dateModified\":\"2021-04-20T10:38:12+00:00\",\"mainEntityOfPage\":{\"@id\":\"https:\/\/entandem.cat\/es\/recursos-es\/agenda-cultural-novembre-2020-bcn\/\"},\"wordCount\":1105,\"publisher\":{\"@id\":\"https:\/\/entandem.cat\/#organization\"},\"image\":{\"@id\":\"https:\/\/entandem.cat\/es\/recursos-es\/agenda-cultural-novembre-2020-bcn\/#primaryimage\"},\"thumbnailUrl\":\"https:\/\/entandem.cat\/wp-content\/uploads\/2020\/11\/NV-Agenda-Cultural-BCN-Novembre-2020-1.jpg\",\"keywords\":[\"2020\",\"acompanyament educatiu\",\"activitats culturals\",\"activitats virtuals\",\"agenda cultural\",\"barcelona\",\"cine\",\"concert\",\"exposici\u00f3\",\"festival\",\"f\u00f2rum\",\"joves\",\"novembre\",\"taller\",\"voluntariat social\"],\"articleSection\":[\"Barcelona\",\"Recursos\"],\"inLanguage\":\"es\"},{\"@type\":\"WebPage\",\"@id\":\"https:\/\/entandem.cat\/es\/recursos-es\/agenda-cultural-novembre-2020-bcn\/\",\"url\":\"https:\/\/entandem.cat\/es\/recursos-es\/agenda-cultural-novembre-2020-bcn\/\",\"name\":\"Agenda cultural - Novembre 2020 (BCN) - enT\u00e0ndem\",\"isPartOf\":{\"@id\":\"https:\/\/entandem.cat\/#website\"},\"primaryImageOfPage\":{\"@id\":\"https:\/\/entandem.cat\/es\/recursos-es\/agenda-cultural-novembre-2020-bcn\/#primaryimage\"},\"image\":{\"@id\":\"https:\/\/entandem.cat\/es\/recursos-es\/agenda-cultural-novembre-2020-bcn\/#primaryimage\"},\"thumbnailUrl\":\"https:\/\/entandem.cat\/wp-content\/uploads\/2020\/11\/NV-Agenda-Cultural-BCN-Novembre-2020-1.jpg\",\"datePublished\":\"2020-11-02T12:29:17+00:00\",\"dateModified\":\"2021-04-20T10:38:12+00:00\",\"breadcrumb\":{\"@id\":\"https:\/\/entandem.cat\/es\/recursos-es\/agenda-cultural-novembre-2020-bcn\/#breadcrumb\"},\"inLanguage\":\"es\",\"potentialAction\":[{\"@type\":\"ReadAction\",\"target\":[\"https:\/\/entandem.cat\/es\/recursos-es\/agenda-cultural-novembre-2020-bcn\/\"]}]},{\"@type\":\"ImageObject\",\"inLanguage\":\"es\",\"@id\":\"https:\/\/entandem.cat\/es\/recursos-es\/agenda-cultural-novembre-2020-bcn\/#primaryimage\",\"url\":\"https:\/\/entandem.cat\/wp-content\/uploads\/2020\/11\/NV-Agenda-Cultural-BCN-Novembre-2020-1.jpg\",\"contentUrl\":\"https:\/\/entandem.cat\/wp-content\/uploads\/2020\/11\/NV-Agenda-Cultural-BCN-Novembre-2020-1.jpg\",\"width\":1200,\"height\":800},{\"@type\":\"BreadcrumbList\",\"@id\":\"https:\/\/entandem.cat\/es\/recursos-es\/agenda-cultural-novembre-2020-bcn\/#breadcrumb\",\"itemListElement\":[{\"@type\":\"ListItem\",\"position\":1,\"name\":\"Inici\",\"item\":\"https:\/\/entandem.cat\/es\/\"},{\"@type\":\"ListItem\",\"position\":2,\"name\":\"Agenda cultural &#8211; Novembre 2020 (BCN)\"}]},{\"@type\":\"WebSite\",\"@id\":\"https:\/\/entandem.cat\/#website\",\"url\":\"https:\/\/entandem.cat\/\",\"name\":\"enT\u00e0ndem\",\"description\":\"Voluntariat Social Universitari\",\"publisher\":{\"@id\":\"https:\/\/entandem.cat\/#organization\"},\"potentialAction\":[{\"@type\":\"SearchAction\",\"target\":{\"@type\":\"EntryPoint\",\"urlTemplate\":\"https:\/\/entandem.cat\/?s={search_term_string}\"},\"query-input\":{\"@type\":\"PropertyValueSpecification\",\"valueRequired\":true,\"valueName\":\"search_term_string\"}}],\"inLanguage\":\"es\"},{\"@type\":\"Organization\",\"@id\":\"https:\/\/entandem.cat\/#organization\",\"name\":\"enT\u00e0ndem\",\"url\":\"https:\/\/entandem.cat\/\",\"logo\":{\"@type\":\"ImageObject\",\"inLanguage\":\"es\",\"@id\":\"https:\/\/entandem.cat\/#\/schema\/logo\/image\/\",\"url\":\"https:\/\/entandem.cat\/wp-content\/uploads\/2016\/12\/logo-entandem.png\",\"contentUrl\":\"https:\/\/entandem.cat\/wp-content\/uploads\/2016\/12\/logo-entandem.png\",\"width\":166,\"height\":44,\"caption\":\"enT\u00e0ndem\"},\"image\":{\"@id\":\"https:\/\/entandem.cat\/#\/schema\/logo\/image\/\"},\"sameAs\":[\"https:\/\/www.facebook.com\/afevcat\",\"https:\/\/x.com\/afevcat\",\"https:\/\/www.instagram.com\/afevcat\/\"]},{\"@type\":\"Person\",\"@id\":\"https:\/\/entandem.cat\/#\/schema\/person\/2111428ce1954193a11054a1e2b5b0da\",\"name\":\"adminTandem\"}]}<\/script>\n<!-- \/ Yoast SEO plugin. -->","yoast_head_json":{"title":"Agenda cultural - Novembre 2020 (BCN) - enT\u00e0ndem","robots":{"index":"index","follow":"follow","max-snippet":"max-snippet:-1","max-image-preview":"max-image-preview:large","max-video-preview":"max-video-preview:-1"},"canonical":"https:\/\/entandem.cat\/es\/recursos-es\/agenda-cultural-novembre-2020-bcn\/","og_locale":"es_ES","og_type":"article","og_title":"Agenda cultural - Novembre 2020 (BCN) - enT\u00e0ndem","og_description":"&nbsp; En els per\u00edodes d&#8217;incertesa com el que vivim actualment, hi ha una cosa a la qual sempre ens podem aferrar: la cultura. Per aix\u00f2, aquest mes et proposem un gran nombre d&#8217;activitats, tant presencials com virtuals. Per a les presencials, t&#8217;aconsellem que verifiquis abans d&#8217;anar-hi que la modalitat no ha&nbsp;canviat. &nbsp; [Exposici\u00f3] L&#8217;activisme LGTBI: &hellip; Continued","og_url":"https:\/\/entandem.cat\/es\/recursos-es\/agenda-cultural-novembre-2020-bcn\/","og_site_name":"enT\u00e0ndem","article_publisher":"https:\/\/www.facebook.com\/afevcat","article_published_time":"2020-11-02T12:29:17+00:00","article_modified_time":"2021-04-20T10:38:12+00:00","og_image":[{"width":1200,"height":800,"url":"https:\/\/entandem.cat\/wp-content\/uploads\/2020\/11\/NV-Agenda-Cultural-BCN-Novembre-2020-1.jpg","type":"image\/jpeg"}],"author":"adminTandem","twitter_card":"summary_large_image","twitter_creator":"@afevcat","twitter_site":"@afevcat","twitter_misc":{"Escrito por":"adminTandem","Tiempo de lectura":"5 minutos"},"schema":{"@context":"https:\/\/schema.org","@graph":[{"@type":"Article","@id":"https:\/\/entandem.cat\/es\/recursos-es\/agenda-cultural-novembre-2020-bcn\/#article","isPartOf":{"@id":"https:\/\/entandem.cat\/es\/recursos-es\/agenda-cultural-novembre-2020-bcn\/"},"author":{"name":"adminTandem","@id":"https:\/\/entandem.cat\/#\/schema\/person\/2111428ce1954193a11054a1e2b5b0da"},"headline":"Agenda cultural &#8211; Novembre 2020 (BCN)","datePublished":"2020-11-02T12:29:17+00:00","dateModified":"2021-04-20T10:38:12+00:00","mainEntityOfPage":{"@id":"https:\/\/entandem.cat\/es\/recursos-es\/agenda-cultural-novembre-2020-bcn\/"},"wordCount":1105,"publisher":{"@id":"https:\/\/entandem.cat\/#organization"},"image":{"@id":"https:\/\/entandem.cat\/es\/recursos-es\/agenda-cultural-novembre-2020-bcn\/#primaryimage"},"thumbnailUrl":"https:\/\/entandem.cat\/wp-content\/uploads\/2020\/11\/NV-Agenda-Cultural-BCN-Novembre-2020-1.jpg","keywords":["2020","acompanyament educatiu","activitats culturals","activitats virtuals","agenda cultural","barcelona","cine","concert","exposici\u00f3","festival","f\u00f2rum","joves","novembre","taller","voluntariat social"],"articleSection":["Barcelona","Recursos"],"inLanguage":"es"},{"@type":"WebPage","@id":"https:\/\/entandem.cat\/es\/recursos-es\/agenda-cultural-novembre-2020-bcn\/","url":"https:\/\/entandem.cat\/es\/recursos-es\/agenda-cultural-novembre-2020-bcn\/","name":"Agenda cultural - Novembre 2020 (BCN) - enT\u00e0ndem","isPartOf":{"@id":"https:\/\/entandem.cat\/#website"},"primaryImageOfPage":{"@id":"https:\/\/entandem.cat\/es\/recursos-es\/agenda-cultural-novembre-2020-bcn\/#primaryimage"},"image":{"@id":"https:\/\/entandem.cat\/es\/recursos-es\/agenda-cultural-novembre-2020-bcn\/#primaryimage"},"thumbnailUrl":"https:\/\/entandem.cat\/wp-content\/uploads\/2020\/11\/NV-Agenda-Cultural-BCN-Novembre-2020-1.jpg","datePublished":"2020-11-02T12:29:17+00:00","dateModified":"2021-04-20T10:38:12+00:00","breadcrumb":{"@id":"https:\/\/entandem.cat\/es\/recursos-es\/agenda-cultural-novembre-2020-bcn\/#breadcrumb"},"inLanguage":"es","potentialAction":[{"@type":"ReadAction","target":["https:\/\/entandem.cat\/es\/recursos-es\/agenda-cultural-novembre-2020-bcn\/"]}]},{"@type":"ImageObject","inLanguage":"es","@id":"https:\/\/entandem.cat\/es\/recursos-es\/agenda-cultural-novembre-2020-bcn\/#primaryimage","url":"https:\/\/entandem.cat\/wp-content\/uploads\/2020\/11\/NV-Agenda-Cultural-BCN-Novembre-2020-1.jpg","contentUrl":"https:\/\/entandem.cat\/wp-content\/uploads\/2020\/11\/NV-Agenda-Cultural-BCN-Novembre-2020-1.jpg","width":1200,"height":800},{"@type":"BreadcrumbList","@id":"https:\/\/entandem.cat\/es\/recursos-es\/agenda-cultural-novembre-2020-bcn\/#breadcrumb","itemListElement":[{"@type":"ListItem","position":1,"name":"Inici","item":"https:\/\/entandem.cat\/es\/"},{"@type":"ListItem","position":2,"name":"Agenda cultural &#8211; Novembre 2020 (BCN)"}]},{"@type":"WebSite","@id":"https:\/\/entandem.cat\/#website","url":"https:\/\/entandem.cat\/","name":"enT\u00e0ndem","description":"Voluntariat Social Universitari","publisher":{"@id":"https:\/\/entandem.cat\/#organization"},"potentialAction":[{"@type":"SearchAction","target":{"@type":"EntryPoint","urlTemplate":"https:\/\/entandem.cat\/?s={search_term_string}"},"query-input":{"@type":"PropertyValueSpecification","valueRequired":true,"valueName":"search_term_string"}}],"inLanguage":"es"},{"@type":"Organization","@id":"https:\/\/entandem.cat\/#organization","name":"enT\u00e0ndem","url":"https:\/\/entandem.cat\/","logo":{"@type":"ImageObject","inLanguage":"es","@id":"https:\/\/entandem.cat\/#\/schema\/logo\/image\/","url":"https:\/\/entandem.cat\/wp-content\/uploads\/2016\/12\/logo-entandem.png","contentUrl":"https:\/\/entandem.cat\/wp-content\/uploads\/2016\/12\/logo-entandem.png","width":166,"height":44,"caption":"enT\u00e0ndem"},"image":{"@id":"https:\/\/entandem.cat\/#\/schema\/logo\/image\/"},"sameAs":["https:\/\/www.facebook.com\/afevcat","https:\/\/x.com\/afevcat","https:\/\/www.instagram.com\/afevcat\/"]},{"@type":"Person","@id":"https:\/\/entandem.cat\/#\/schema\/person\/2111428ce1954193a11054a1e2b5b0da","name":"adminTandem"}]}},"_links":{"self":[{"href":"https:\/\/entandem.cat\/es\/wp-json\/wp\/v2\/posts\/7431","targetHints":{"allow":["GET"]}}],"collection":[{"href":"https:\/\/entandem.cat\/es\/wp-json\/wp\/v2\/posts"}],"about":[{"href":"https:\/\/entandem.cat\/es\/wp-json\/wp\/v2\/types\/post"}],"author":[{"embeddable":true,"href":"https:\/\/entandem.cat\/es\/wp-json\/wp\/v2\/users\/1"}],"replies":[{"embeddable":true,"href":"https:\/\/entandem.cat\/es\/wp-json\/wp\/v2\/comments?post=7431"}],"version-history":[{"count":0,"href":"https:\/\/entandem.cat\/es\/wp-json\/wp\/v2\/posts\/7431\/revisions"}],"wp:featuredmedia":[{"embeddable":true,"href":"https:\/\/entandem.cat\/es\/wp-json\/wp\/v2\/media\/8617"}],"wp:attachment":[{"href":"https:\/\/entandem.cat\/es\/wp-json\/wp\/v2\/media?parent=7431"}],"wp:term":[{"taxonomy":"category","embeddable":true,"href":"https:\/\/entandem.cat\/es\/wp-json\/wp\/v2\/categories?post=7431"},{"taxonomy":"post_tag","embeddable":true,"href":"https:\/\/entandem.cat\/es\/wp-json\/wp\/v2\/tags?post=7431"}],"curies":[{"name":"wp","href":"https:\/\/api.w.org\/{rel}","templated":true}]}}