{"id":7058,"date":"2020-05-28T08:53:17","date_gmt":"2020-05-28T08:53:17","guid":{"rendered":"https:\/\/entandem.cat\/agenda-cultural-juny-2020-bcn\/"},"modified":"2020-05-28T09:05:51","modified_gmt":"2020-05-28T09:05:51","slug":"agenda-cultural-juny-2020-bcn","status":"publish","type":"post","link":"https:\/\/entandem.cat\/es\/recursos-es\/agenda-cultural-juny-2020-bcn\/","title":{"rendered":"Agenda Cultural &#8211; Juny 2020 (BCN)"},"content":{"rendered":"\n<p>L&#8217;\u00faltima agenda cultural d&#8217;aquest curs&#8230; JA \u00c9S AQU\u00cd! Estem conven\u00e7udes que la majoria estareu preparant uns <strong>retrobaments presencials de pel\u00b7l\u00edcula<\/strong> i que teniu m\u00e9s ganes de passejar, fer esport, estar a l&#8217;aire lliure i conversar que cap altra cosa&#8230; Per\u00f2 aquest llistat de recursos sempre els podreu treure de la butxaca si ho necessiteu! Us desitgem un <strong>bon final de t\u00e0ndem i un bon estiu!!!<\/strong><\/p>\n<p><span style=\"color: #99cc00;\">[Manualitats]<\/span><span style=\"color: #ff0000;\"> <a style=\"color: #ff0000;\" href=\"https:\/\/gloriafort.wordpress.com\/category\/free\/\" target=\"_blank\" rel=\"noopener noreferrer\">Disseny i manualitats<\/a><\/span><\/p>\n<ul style=\"list-style-type: square;\">\n<li>Tots els dies<\/li>\n<li>Per a tots els p\u00fablics<\/li>\n<li>Gratu\u00eft<\/li>\n<li><strong>Qu\u00e8 \u00e9s?<\/strong> Gloria Fort, il\u00b7lustradora i professora de l&#8217;Escola Municipal d&#8217;Art i Disseny de Vilanova i la Geltr\u00fa, proposa una s\u00e8rie de manualitats a la seva p\u00e0gina web<\/li>\n<\/ul>\n<p><span style=\"color: #99cc00;\">[Cine]<\/span><span style=\"color: #ff0000;\"> <a style=\"color: #ff0000;\" href=\"https:\/\/www.youtube.com\/watch?v=QVuf5iTExis\" target=\"_blank\" rel=\"noopener noreferrer\">We Are One: A Global Film Festival<\/a><\/span><\/p>\n<ul style=\"list-style-type: square;\">\n<li>Tots els dies fins el 8 de juny<\/li>\n<li>Per a tots els p\u00fablics<\/li>\n<li>Gratu\u00eft<\/li>\n<li><strong>Qu\u00e8 \u00e9s?<\/strong> Festival de cine digital in\u00e8dit, de 10 dies de duraci\u00f3, que tindr\u00e0 lloc de manera exclusiva a YouTube i reunir\u00e0 a una comunitat internacional de cineastes i comptadors d&#8217;hist\u00f2ries per a presentar la programaci\u00f3 del festival de manera gratu\u00efta per a les audi\u00e8ncies de tot el m\u00f3n<\/li>\n<\/ul>\n<p><span style=\"color: #99cc00;\">[Museu]<\/span> <span style=\"color: #ff0000;\"><a style=\"color: #ff0000;\" href=\"https:\/\/www.museofridakahlo.org.mx\/es\/el-museo\/multimedia\/\" target=\"_blank\" rel=\"noopener noreferrer\">Frida Kahlo<\/a><\/span><\/p>\n<ul style=\"list-style-type: square;\">\n<li>Tots els dies<\/li>\n<li>Per a tots els p\u00fablics<\/li>\n<li>Gratu\u00eft<\/li>\n<li><strong>Qu\u00e8 \u00e9s?<\/strong> Visita virtualment el museu Frida Kahlo<\/li>\n<\/ul>\n<p><span style=\"color: #99cc00;\">[Poesia]<\/span> <span style=\"color: #ff0000;\"><a style=\"color: #ff0000;\" href=\"https:\/\/www.condenastthink.es\/amamos-la-poesia\/\" target=\"_blank\" rel=\"noopener noreferrer\">#amamoslapoesia<\/a><\/span><\/p>\n<ul style=\"list-style-type: square;\">\n<li>Tots els dies<\/li>\n<li>Per a tots els p\u00fablics<\/li>\n<li>Gratu\u00eft<\/li>\n<li><strong>Qu\u00e8 \u00e9s?<\/strong> Acostar al p\u00fablic algunes de les millors creacions po\u00e8tiques tant espanyoles com hispanoamericanes, a trav\u00e9s de v\u00eddeos de cuidada realitzaci\u00f3 en qu\u00e8 actors i actrius de prestigi reciten davant de la cambra un poema essencial en llengua espanyola<\/li>\n<\/ul>\n<p><span style=\"color: #99cc00;\">[Manualitats]<\/span> <span style=\"color: #ff0000;\"><a style=\"color: #ff0000;\" href=\"https:\/\/premicomic.ara.cat\/\" target=\"_blank\" rel=\"noopener noreferrer\">Concurs de c\u00f2mics<\/a><\/span><\/p>\n<ul style=\"list-style-type: square;\">\n<li>Tots els dies<\/li>\n<li>Per a tots els p\u00fablics<\/li>\n<li>Gratu\u00eft<\/li>\n<li><strong>Qu\u00e8 \u00e9s?<\/strong> Presenta el teu c\u00f2mic de no-ficci\u00f3 \u2013period\u00edstic, assag\u00edstic, biogr\u00e0fic o hist\u00f2ric\u2013 en llengua catalana, d\u2019una extensi\u00f3 de 8 a 14 p\u00e0gines<\/li>\n<\/ul>\n<p><span style=\"color: #99cc00;\">[Escape room online]<\/span> <span style=\"color: #ff0000;\">Llistat d&#8217;escape rooms:\u00a0<\/span><\/p>\n<ul style=\"list-style-type: square;\">\n<li><a href=\"https:\/\/www.alaquas.org\/escaperoom\/3\/En_Busca_de_La_Mona_Lisa\" target=\"_blank\" rel=\"noopener noreferrer\"><span style=\"font-weight: 400;\">En busca de la Mona Lisa<\/span><\/a><\/li>\n<li><a href=\"https:\/\/theparadoxroom.com\/digital\/game\/apocalipsis-higienico\/\" target=\"_blank\" rel=\"noopener noreferrer\"><span style=\"font-weight: 400;\">Apocalipsis higi\u00e9nico<\/span><\/a><\/li>\n<li><a href=\"https:\/\/www.cazadoresdeescapes.es\/lacuradelvirus\/\" target=\"_blank\" rel=\"noopener noreferrer\"><span style=\"font-weight: 400;\">La cura del virus<\/span><\/a><\/li>\n<li><a href=\"https:\/\/www.fundacioagbar.org\/ca\/museu\/escape-room\" target=\"_blank\" rel=\"noopener noreferrer\"><span style=\"font-weight: 400;\">Escape Room la fundaci\u00f3 Agbar<\/span><\/a><\/li>\n<\/ul>\n<p><span style=\"color: #99cc00;\">[Curtmetratges]<\/span><span style=\"color: #ff0000;\"> <a style=\"color: #ff0000;\" href=\"https:\/\/www.youtube.com\/watch?v=e0E6DJ6_GY0&amp;list=PLVxGeFW2orhy0audCYbalFLhtzzPpOgob\" target=\"_blank\" rel=\"noopener noreferrer\">DocuVir.20<\/a><\/span><\/p>\n<ul style=\"list-style-type: square;\">\n<li>Tots els dies<\/li>\n<li>Per a tots els p\u00fablics<\/li>\n<li>Gratu\u00eft<\/li>\n<li><strong>Qu\u00e8 \u00e9s?<\/strong> un festival de curtmetratges online sobre les noves formes de sociabilitat i solidaritat en temps de la COVID-19 organitzat per l&#8217;Observatori i l&#8217;Aula de Cinema de la Universitat Val\u00e8ncia<\/li>\n<\/ul>\n<p><span style=\"color: #99cc00;\">[Documentals]<\/span> <span style=\"color: #ff0000;\"><a style=\"color: #ff0000;\" href=\"https:\/\/www.youtube.com\/channel\/UCXgnYZ9MsHJTpB1Nu1Dqi5w\/videos\" target=\"_blank\" rel=\"noopener noreferrer\">Humans fest Val\u00e8ncia<\/a><\/span><\/p>\n<ul style=\"list-style-type: square;\">\n<li>Tots els dies<\/li>\n<li>Per a tots els p\u00fablics<\/li>\n<li>Gratu\u00eft<\/li>\n<li><strong>Qu\u00e8 \u00e9s?<\/strong> Cicle de documentals online que tenen en com\u00fa la resist\u00e8ncia enfront de l&#8217;opressi\u00f3 i les injust\u00edcies i a m\u00e9s en tots s&#8217;utilitza la cultura com una forma de canvi social pac\u00edfica<\/li>\n<\/ul>\n<p><span style=\"color: #99cc00;\">[Recursos] <span style=\"color: #ff0000;\">Biblitoteques de Catalunya<\/span><\/span><\/p>\n<ul style=\"list-style-type: square;\">\n<li style=\"font-weight: 400;\"><span style=\"font-weight: 400;\"><a href=\"https:\/\/catalunya.ebiblio.es\/opac\/#index\" target=\"_blank\" rel=\"noopener noreferrer\">Llibres\/Revistes<\/a>\u00a0<\/span><\/li>\n<li><a href=\"https:\/\/ebibliocat.efilm.info\/ca\/ebibliocat\/\" target=\"_blank\" rel=\"noopener noreferrer\"><span style=\"font-weight: 400;\">Pel\u00b7l\u00edcules<\/span><\/a><\/li>\n<\/ul>\n","protected":false},"excerpt":{"rendered":"<p>L&#8217;\u00faltima agenda cultural d&#8217;aquest curs&#8230; JA \u00c9S AQU\u00cd! Estem conven\u00e7udes que la majoria estareu preparant uns retrobaments presencials de pel\u00b7l\u00edcula i que teniu m\u00e9s ganes de passejar, fer esport, estar a l&#8217;aire lliure i conversar que cap altra cosa&#8230; Per\u00f2 aquest llistat de recursos sempre els podreu treure de la butxaca si ho necessiteu! Us &hellip; <a href=\"https:\/\/entandem.cat\/es\/recursos-es\/agenda-cultural-juny-2020-bcn\/\">Continued<\/a><\/p>\n","protected":false},"author":1,"featured_media":7053,"comment_status":"closed","ping_status":"open","sticky":false,"template":"","format":"standard","meta":{"footnotes":""},"categories":[655,320],"tags":[711,474,598,721,510,564,673,722,565,485,677,478,336,710,339],"class_list":["post-7058","post","type-post","status-publish","format-standard","has-post-thumbnail","hentry","category-barcelona-es","category-recursos-es","tag-2020-es","tag-acompanyament-educatiu-es","tag-activitats-culturals-es","tag-activitats-virtuals-es","tag-agenda-cultural-es","tag-barcelona-es","tag-cinema-es","tag-confinament-es","tag-cultura-es","tag-joves-es","tag-juny-es","tag-manualitats-es","tag-mentoria-social-es","tag-museu-es","tag-voluntariat-social-es"],"yoast_head":"<!-- This site is optimized with the Yoast SEO plugin v27.0 - https:\/\/yoast.com\/product\/yoast-seo-wordpress\/ -->\n<title>Agenda Cultural - Juny 2020 (BCN) - enT\u00e0ndem<\/title>\n<meta name=\"robots\" content=\"index, follow, max-snippet:-1, max-image-preview:large, max-video-preview:-1\" \/>\n<link rel=\"canonical\" href=\"https:\/\/entandem.cat\/es\/recursos-es\/agenda-cultural-juny-2020-bcn\/\" \/>\n<meta property=\"og:locale\" content=\"es_ES\" \/>\n<meta property=\"og:type\" content=\"article\" \/>\n<meta property=\"og:title\" content=\"Agenda Cultural - Juny 2020 (BCN) - enT\u00e0ndem\" \/>\n<meta property=\"og:description\" content=\"L&#8217;\u00faltima agenda cultural d&#8217;aquest curs&#8230; JA \u00c9S AQU\u00cd! Estem conven\u00e7udes que la majoria estareu preparant uns retrobaments presencials de pel\u00b7l\u00edcula i que teniu m\u00e9s ganes de passejar, fer esport, estar a l&#8217;aire lliure i conversar que cap altra cosa&#8230; Per\u00f2 aquest llistat de recursos sempre els podreu treure de la butxaca si ho necessiteu! Us &hellip; Continued\" \/>\n<meta property=\"og:url\" content=\"https:\/\/entandem.cat\/es\/recursos-es\/agenda-cultural-juny-2020-bcn\/\" \/>\n<meta property=\"og:site_name\" content=\"enT\u00e0ndem\" \/>\n<meta property=\"article:publisher\" content=\"https:\/\/www.facebook.com\/afevcat\" \/>\n<meta property=\"article:published_time\" content=\"2020-05-28T08:53:17+00:00\" \/>\n<meta property=\"article:modified_time\" content=\"2020-05-28T09:05:51+00:00\" \/>\n<meta property=\"og:image\" content=\"https:\/\/entandem.cat\/wp-content\/uploads\/2020\/05\/Agenda-Cultural-Juny-2020-1024x683.png\" \/>\n\t<meta property=\"og:image:width\" content=\"1024\" \/>\n\t<meta property=\"og:image:height\" content=\"683\" \/>\n\t<meta property=\"og:image:type\" content=\"image\/png\" \/>\n<meta name=\"author\" content=\"adminTandem\" \/>\n<meta name=\"twitter:card\" content=\"summary_large_image\" \/>\n<meta name=\"twitter:creator\" content=\"@afevcat\" \/>\n<meta name=\"twitter:site\" content=\"@afevcat\" \/>\n<meta name=\"twitter:label1\" content=\"Escrito por\" \/>\n\t<meta name=\"twitter:data1\" content=\"adminTandem\" \/>\n\t<meta name=\"twitter:label2\" content=\"Tiempo de lectura\" \/>\n\t<meta name=\"twitter:data2\" content=\"2 minutos\" \/>\n<script type=\"application\/ld+json\" class=\"yoast-schema-graph\">{\"@context\":\"https:\/\/schema.org\",\"@graph\":[{\"@type\":\"Article\",\"@id\":\"https:\/\/entandem.cat\/es\/recursos-es\/agenda-cultural-juny-2020-bcn\/#article\",\"isPartOf\":{\"@id\":\"https:\/\/entandem.cat\/es\/recursos-es\/agenda-cultural-juny-2020-bcn\/\"},\"author\":{\"name\":\"adminTandem\",\"@id\":\"https:\/\/entandem.cat\/#\/schema\/person\/2111428ce1954193a11054a1e2b5b0da\"},\"headline\":\"Agenda Cultural &#8211; Juny 2020 (BCN)\",\"datePublished\":\"2020-05-28T08:53:17+00:00\",\"dateModified\":\"2020-05-28T09:05:51+00:00\",\"mainEntityOfPage\":{\"@id\":\"https:\/\/entandem.cat\/es\/recursos-es\/agenda-cultural-juny-2020-bcn\/\"},\"wordCount\":462,\"publisher\":{\"@id\":\"https:\/\/entandem.cat\/#organization\"},\"image\":{\"@id\":\"https:\/\/entandem.cat\/es\/recursos-es\/agenda-cultural-juny-2020-bcn\/#primaryimage\"},\"thumbnailUrl\":\"https:\/\/entandem.cat\/wp-content\/uploads\/2020\/05\/Agenda-Cultural-Juny-2020.png\",\"keywords\":[\"2020\",\"acompanyament educatiu\",\"activitats culturals\",\"activitats virtuals\",\"agenda cultural\",\"barcelona\",\"cinema\",\"confinament\",\"cultura\",\"joves\",\"juny\",\"manualitats\",\"mentoria social\",\"museu\",\"voluntariat social\"],\"articleSection\":[\"Barcelona\",\"Recursos\"],\"inLanguage\":\"es\"},{\"@type\":\"WebPage\",\"@id\":\"https:\/\/entandem.cat\/es\/recursos-es\/agenda-cultural-juny-2020-bcn\/\",\"url\":\"https:\/\/entandem.cat\/es\/recursos-es\/agenda-cultural-juny-2020-bcn\/\",\"name\":\"Agenda Cultural - Juny 2020 (BCN) - enT\u00e0ndem\",\"isPartOf\":{\"@id\":\"https:\/\/entandem.cat\/#website\"},\"primaryImageOfPage\":{\"@id\":\"https:\/\/entandem.cat\/es\/recursos-es\/agenda-cultural-juny-2020-bcn\/#primaryimage\"},\"image\":{\"@id\":\"https:\/\/entandem.cat\/es\/recursos-es\/agenda-cultural-juny-2020-bcn\/#primaryimage\"},\"thumbnailUrl\":\"https:\/\/entandem.cat\/wp-content\/uploads\/2020\/05\/Agenda-Cultural-Juny-2020.png\",\"datePublished\":\"2020-05-28T08:53:17+00:00\",\"dateModified\":\"2020-05-28T09:05:51+00:00\",\"breadcrumb\":{\"@id\":\"https:\/\/entandem.cat\/es\/recursos-es\/agenda-cultural-juny-2020-bcn\/#breadcrumb\"},\"inLanguage\":\"es\",\"potentialAction\":[{\"@type\":\"ReadAction\",\"target\":[\"https:\/\/entandem.cat\/es\/recursos-es\/agenda-cultural-juny-2020-bcn\/\"]}]},{\"@type\":\"ImageObject\",\"inLanguage\":\"es\",\"@id\":\"https:\/\/entandem.cat\/es\/recursos-es\/agenda-cultural-juny-2020-bcn\/#primaryimage\",\"url\":\"https:\/\/entandem.cat\/wp-content\/uploads\/2020\/05\/Agenda-Cultural-Juny-2020.png\",\"contentUrl\":\"https:\/\/entandem.cat\/wp-content\/uploads\/2020\/05\/Agenda-Cultural-Juny-2020.png\",\"width\":2592,\"height\":1728,\"caption\":\"Agenda Cultural Juny 2020\"},{\"@type\":\"BreadcrumbList\",\"@id\":\"https:\/\/entandem.cat\/es\/recursos-es\/agenda-cultural-juny-2020-bcn\/#breadcrumb\",\"itemListElement\":[{\"@type\":\"ListItem\",\"position\":1,\"name\":\"Inici\",\"item\":\"https:\/\/entandem.cat\/es\/\"},{\"@type\":\"ListItem\",\"position\":2,\"name\":\"Agenda Cultural &#8211; Juny 2020 (BCN)\"}]},{\"@type\":\"WebSite\",\"@id\":\"https:\/\/entandem.cat\/#website\",\"url\":\"https:\/\/entandem.cat\/\",\"name\":\"enT\u00e0ndem\",\"description\":\"Voluntariat Social Universitari\",\"publisher\":{\"@id\":\"https:\/\/entandem.cat\/#organization\"},\"potentialAction\":[{\"@type\":\"SearchAction\",\"target\":{\"@type\":\"EntryPoint\",\"urlTemplate\":\"https:\/\/entandem.cat\/?s={search_term_string}\"},\"query-input\":{\"@type\":\"PropertyValueSpecification\",\"valueRequired\":true,\"valueName\":\"search_term_string\"}}],\"inLanguage\":\"es\"},{\"@type\":\"Organization\",\"@id\":\"https:\/\/entandem.cat\/#organization\",\"name\":\"enT\u00e0ndem\",\"url\":\"https:\/\/entandem.cat\/\",\"logo\":{\"@type\":\"ImageObject\",\"inLanguage\":\"es\",\"@id\":\"https:\/\/entandem.cat\/#\/schema\/logo\/image\/\",\"url\":\"https:\/\/entandem.cat\/wp-content\/uploads\/2016\/12\/logo-entandem.png\",\"contentUrl\":\"https:\/\/entandem.cat\/wp-content\/uploads\/2016\/12\/logo-entandem.png\",\"width\":166,\"height\":44,\"caption\":\"enT\u00e0ndem\"},\"image\":{\"@id\":\"https:\/\/entandem.cat\/#\/schema\/logo\/image\/\"},\"sameAs\":[\"https:\/\/www.facebook.com\/afevcat\",\"https:\/\/x.com\/afevcat\",\"https:\/\/www.instagram.com\/afevcat\/\"]},{\"@type\":\"Person\",\"@id\":\"https:\/\/entandem.cat\/#\/schema\/person\/2111428ce1954193a11054a1e2b5b0da\",\"name\":\"adminTandem\"}]}<\/script>\n<!-- \/ Yoast SEO plugin. -->","yoast_head_json":{"title":"Agenda Cultural - Juny 2020 (BCN) - enT\u00e0ndem","robots":{"index":"index","follow":"follow","max-snippet":"max-snippet:-1","max-image-preview":"max-image-preview:large","max-video-preview":"max-video-preview:-1"},"canonical":"https:\/\/entandem.cat\/es\/recursos-es\/agenda-cultural-juny-2020-bcn\/","og_locale":"es_ES","og_type":"article","og_title":"Agenda Cultural - Juny 2020 (BCN) - enT\u00e0ndem","og_description":"L&#8217;\u00faltima agenda cultural d&#8217;aquest curs&#8230; JA \u00c9S AQU\u00cd! Estem conven\u00e7udes que la majoria estareu preparant uns retrobaments presencials de pel\u00b7l\u00edcula i que teniu m\u00e9s ganes de passejar, fer esport, estar a l&#8217;aire lliure i conversar que cap altra cosa&#8230; Per\u00f2 aquest llistat de recursos sempre els podreu treure de la butxaca si ho necessiteu! Us &hellip; Continued","og_url":"https:\/\/entandem.cat\/es\/recursos-es\/agenda-cultural-juny-2020-bcn\/","og_site_name":"enT\u00e0ndem","article_publisher":"https:\/\/www.facebook.com\/afevcat","article_published_time":"2020-05-28T08:53:17+00:00","article_modified_time":"2020-05-28T09:05:51+00:00","og_image":[{"width":1024,"height":683,"url":"https:\/\/entandem.cat\/wp-content\/uploads\/2020\/05\/Agenda-Cultural-Juny-2020-1024x683.png","type":"image\/png"}],"author":"adminTandem","twitter_card":"summary_large_image","twitter_creator":"@afevcat","twitter_site":"@afevcat","twitter_misc":{"Escrito por":"adminTandem","Tiempo de lectura":"2 minutos"},"schema":{"@context":"https:\/\/schema.org","@graph":[{"@type":"Article","@id":"https:\/\/entandem.cat\/es\/recursos-es\/agenda-cultural-juny-2020-bcn\/#article","isPartOf":{"@id":"https:\/\/entandem.cat\/es\/recursos-es\/agenda-cultural-juny-2020-bcn\/"},"author":{"name":"adminTandem","@id":"https:\/\/entandem.cat\/#\/schema\/person\/2111428ce1954193a11054a1e2b5b0da"},"headline":"Agenda Cultural &#8211; Juny 2020 (BCN)","datePublished":"2020-05-28T08:53:17+00:00","dateModified":"2020-05-28T09:05:51+00:00","mainEntityOfPage":{"@id":"https:\/\/entandem.cat\/es\/recursos-es\/agenda-cultural-juny-2020-bcn\/"},"wordCount":462,"publisher":{"@id":"https:\/\/entandem.cat\/#organization"},"image":{"@id":"https:\/\/entandem.cat\/es\/recursos-es\/agenda-cultural-juny-2020-bcn\/#primaryimage"},"thumbnailUrl":"https:\/\/entandem.cat\/wp-content\/uploads\/2020\/05\/Agenda-Cultural-Juny-2020.png","keywords":["2020","acompanyament educatiu","activitats culturals","activitats virtuals","agenda cultural","barcelona","cinema","confinament","cultura","joves","juny","manualitats","mentoria social","museu","voluntariat social"],"articleSection":["Barcelona","Recursos"],"inLanguage":"es"},{"@type":"WebPage","@id":"https:\/\/entandem.cat\/es\/recursos-es\/agenda-cultural-juny-2020-bcn\/","url":"https:\/\/entandem.cat\/es\/recursos-es\/agenda-cultural-juny-2020-bcn\/","name":"Agenda Cultural - Juny 2020 (BCN) - enT\u00e0ndem","isPartOf":{"@id":"https:\/\/entandem.cat\/#website"},"primaryImageOfPage":{"@id":"https:\/\/entandem.cat\/es\/recursos-es\/agenda-cultural-juny-2020-bcn\/#primaryimage"},"image":{"@id":"https:\/\/entandem.cat\/es\/recursos-es\/agenda-cultural-juny-2020-bcn\/#primaryimage"},"thumbnailUrl":"https:\/\/entandem.cat\/wp-content\/uploads\/2020\/05\/Agenda-Cultural-Juny-2020.png","datePublished":"2020-05-28T08:53:17+00:00","dateModified":"2020-05-28T09:05:51+00:00","breadcrumb":{"@id":"https:\/\/entandem.cat\/es\/recursos-es\/agenda-cultural-juny-2020-bcn\/#breadcrumb"},"inLanguage":"es","potentialAction":[{"@type":"ReadAction","target":["https:\/\/entandem.cat\/es\/recursos-es\/agenda-cultural-juny-2020-bcn\/"]}]},{"@type":"ImageObject","inLanguage":"es","@id":"https:\/\/entandem.cat\/es\/recursos-es\/agenda-cultural-juny-2020-bcn\/#primaryimage","url":"https:\/\/entandem.cat\/wp-content\/uploads\/2020\/05\/Agenda-Cultural-Juny-2020.png","contentUrl":"https:\/\/entandem.cat\/wp-content\/uploads\/2020\/05\/Agenda-Cultural-Juny-2020.png","width":2592,"height":1728,"caption":"Agenda Cultural Juny 2020"},{"@type":"BreadcrumbList","@id":"https:\/\/entandem.cat\/es\/recursos-es\/agenda-cultural-juny-2020-bcn\/#breadcrumb","itemListElement":[{"@type":"ListItem","position":1,"name":"Inici","item":"https:\/\/entandem.cat\/es\/"},{"@type":"ListItem","position":2,"name":"Agenda Cultural &#8211; Juny 2020 (BCN)"}]},{"@type":"WebSite","@id":"https:\/\/entandem.cat\/#website","url":"https:\/\/entandem.cat\/","name":"enT\u00e0ndem","description":"Voluntariat Social Universitari","publisher":{"@id":"https:\/\/entandem.cat\/#organization"},"potentialAction":[{"@type":"SearchAction","target":{"@type":"EntryPoint","urlTemplate":"https:\/\/entandem.cat\/?s={search_term_string}"},"query-input":{"@type":"PropertyValueSpecification","valueRequired":true,"valueName":"search_term_string"}}],"inLanguage":"es"},{"@type":"Organization","@id":"https:\/\/entandem.cat\/#organization","name":"enT\u00e0ndem","url":"https:\/\/entandem.cat\/","logo":{"@type":"ImageObject","inLanguage":"es","@id":"https:\/\/entandem.cat\/#\/schema\/logo\/image\/","url":"https:\/\/entandem.cat\/wp-content\/uploads\/2016\/12\/logo-entandem.png","contentUrl":"https:\/\/entandem.cat\/wp-content\/uploads\/2016\/12\/logo-entandem.png","width":166,"height":44,"caption":"enT\u00e0ndem"},"image":{"@id":"https:\/\/entandem.cat\/#\/schema\/logo\/image\/"},"sameAs":["https:\/\/www.facebook.com\/afevcat","https:\/\/x.com\/afevcat","https:\/\/www.instagram.com\/afevcat\/"]},{"@type":"Person","@id":"https:\/\/entandem.cat\/#\/schema\/person\/2111428ce1954193a11054a1e2b5b0da","name":"adminTandem"}]}},"_links":{"self":[{"href":"https:\/\/entandem.cat\/es\/wp-json\/wp\/v2\/posts\/7058","targetHints":{"allow":["GET"]}}],"collection":[{"href":"https:\/\/entandem.cat\/es\/wp-json\/wp\/v2\/posts"}],"about":[{"href":"https:\/\/entandem.cat\/es\/wp-json\/wp\/v2\/types\/post"}],"author":[{"embeddable":true,"href":"https:\/\/entandem.cat\/es\/wp-json\/wp\/v2\/users\/1"}],"replies":[{"embeddable":true,"href":"https:\/\/entandem.cat\/es\/wp-json\/wp\/v2\/comments?post=7058"}],"version-history":[{"count":0,"href":"https:\/\/entandem.cat\/es\/wp-json\/wp\/v2\/posts\/7058\/revisions"}],"wp:featuredmedia":[{"embeddable":true,"href":"https:\/\/entandem.cat\/es\/wp-json\/wp\/v2\/media\/7053"}],"wp:attachment":[{"href":"https:\/\/entandem.cat\/es\/wp-json\/wp\/v2\/media?parent=7058"}],"wp:term":[{"taxonomy":"category","embeddable":true,"href":"https:\/\/entandem.cat\/es\/wp-json\/wp\/v2\/categories?post=7058"},{"taxonomy":"post_tag","embeddable":true,"href":"https:\/\/entandem.cat\/es\/wp-json\/wp\/v2\/tags?post=7058"}],"curies":[{"name":"wp","href":"https:\/\/api.w.org\/{rel}","templated":true}]}}