{"id":7043,"date":"2020-05-27T11:59:10","date_gmt":"2020-05-27T11:59:10","guid":{"rendered":"https:\/\/entandem.cat\/?p=7043"},"modified":"2020-05-28T10:12:49","modified_gmt":"2020-05-28T10:12:49","slug":"agenda-cultural-juny-2020-vlc","status":"publish","type":"post","link":"https:\/\/entandem.cat\/es\/recursos-es\/agenda-cultural-juny-2020-vlc\/","title":{"rendered":"Agenda Cultural &#8211; Juny 2020 (VLC)"},"content":{"rendered":"\n<p align=\"left\"><span style=\"color: #000000;\">Per als que continuen proposant activitats per al seu t\u00e0ndem en aquest mes de juny, ac\u00ed hi ha una llista d&#8217;idees que probablement vos ajudar\u00e0 \ud83d\ude42<\/span><\/p>\n<p><span style=\"color: #99cc00;\">[Documentals]<\/span> <span style=\"color: #ff0000;\">\u201c<a style=\"color: #ff0000;\" href=\"https:\/\/www.youtube.com\/channel\/UCXgnYZ9MsHJTpB1Nu1Dqi5w\/videos\">Humans fest Val\u00e8ncia<\/a>\u201d<\/span><\/p>\n<p>&#8211; Tots els dies<\/p>\n<p>&#8211; Per a tots els p\u00fablics<\/p>\n<p>&#8211; Gratu\u00eft<\/p>\n<p>&#8211; Qu\u00e8 \u00e9s: Cicle de documentals online que tenen en com\u00fa la resist\u00e8ncia enfront de l&#8217;opressi\u00f3 i les injust\u00edcies i a m\u00e9s en tots s&#8217;utilitza la cultura com una forma de canvi social pac\u00edfica.<\/p>\n<p><span style=\"color: #99cc00;\">[Curtmetratges]<\/span><span style=\"color: #ff0000;\"> \u201c<a style=\"color: #ff0000;\" href=\"https:\/\/www.youtube.com\/watch?v=e0E6DJ6_GY0&amp;list=PLVxGeFW2orhy0audCYbalFLhtzzPpOgob\">DocuVir.20<\/a>\u201d<\/span><\/p>\n<p>&#8211; Tots els dies<\/p>\n<p>&#8211; Per a tots els p\u00fablics<\/p>\n<p>&#8211; Gratu\u00eft<\/p>\n<p>&#8211; Qu\u00e8 \u00e9s: un festival de curtmetratges online sobre les noves formes de sociabilitat i solidaritat en temps de la COVID-19 organitzat per l&#8217;Observatori i l&#8217;Aula de Cinema de la Universitat Val\u00e8ncia.<\/p>\n<p><span style=\"color: #99cc00;\">[Manualitats]<\/span><span style=\"color: #ff0000;\"> \u201c<a style=\"color: #ff0000;\" href=\"https:\/\/gloriafort.wordpress.com\/category\/free\/\">Disseny i manualitats<\/a>\u201d<\/span><\/p>\n<p>&#8211; Tots els dies<\/p>\n<p>&#8211; Per a tots els p\u00fablics<\/p>\n<p>&#8211; Gratu\u00eft<\/p>\n<p>&#8211; Qu\u00e8 \u00e9s: Gloria Fort, il\u00b7lustradora i professora de l&#8217;Escola Municipal d&#8217;Art i Disseny de Vilanova i la Geltr\u00fa, proposa una s\u00e8rie de manualitats a la seva p\u00e0gina web.<\/p>\n<p><span style=\"color: #99cc00;\">[Cine]<\/span><span style=\"color: #ff0000;\"> \u201c<a style=\"color: #ff0000;\" href=\"https:\/\/www.youtube.com\/watch?v=QVuf5iTExis\">We Are One: A Global Film Festival<\/a>\u201d<\/span><\/p>\n<p>&#8211; Tots els dies fins el 8 de juny<\/p>\n<p>&#8211; Per a tots els p\u00fablics<\/p>\n<p>&#8211; Gratu\u00eft<\/p>\n<p>&#8211; Qu\u00e8 \u00e9s: Festival de cine digital in\u00e8dit, de 10 dies de duraci\u00f3, que tindr\u00e0 lloc de manera exclusiva en YouTube i reunir\u00e0 a una comunitat internacional de cineastes i comptadors d&#8217;hist\u00f2ries per a presentar la programaci\u00f3 del festival de manera gratu\u00efta per a les audi\u00e8ncies de tot el m\u00f3n.<\/p>\n<p><span style=\"color: #99cc00;\">[Museu]<\/span> <span style=\"color: #ff0000;\">\u201c<a style=\"color: #ff0000;\" href=\"https:\/\/www.museofridakahlo.org.mx\/es\/el-museo\/multimedia\/\">Frida Kahlo<\/a>\u201d<\/span><\/p>\n<p>&#8211; Tots els dies<\/p>\n<p>&#8211; Per a tots els p\u00fablics<\/p>\n<p>&#8211; Gratu\u00eft<\/p>\n<p>&#8211; Qu\u00e8 \u00e9s: Visitar virtualment el museu Frida Kahlo.<\/p>\n<p><span style=\"color: #99cc00;\">[Poesia]<\/span> <span style=\"color: #ff0000;\">\u201c<a style=\"color: #ff0000;\" href=\"https:\/\/www.condenastthink.es\/amamos-la-poesia\/\">#amamoslapoesia<\/a>\u201d<\/span><\/p>\n<p>&#8211; Tots els dies<\/p>\n<p>&#8211; Per a tots els p\u00fablics<\/p>\n<p>&#8211; Gratu\u00eft<\/p>\n<p>&#8211; Qu\u00e8 \u00e9s: Acostar al p\u00fablic algunes de les millors creacions po\u00e8tiques tant espanyoles com hispanoamericanes, a trav\u00e9s de v\u00eddeos de cuidada realitzaci\u00f3 en qu\u00e8 actors i actrius de prestigi reciten davant de la cambra un poema essencial en la llengua espanyola.<\/p>\n<p><span style=\"color: #99cc00;\">[Manualitats]<\/span> <span style=\"color: #ff0000;\">\u201c<a style=\"color: #ff0000;\" href=\"https:\/\/premicomic.ara.cat\/\">Concurs comic<\/a>\u201d<\/span><\/p>\n<p>&#8211; Tots els dies<\/p>\n<p>&#8211; Per a tots els p\u00fablics<\/p>\n<p>&#8211; Gratu\u00eft<\/p>\n<p>&#8211; Qu\u00e8 \u00e9s: Presenta el teu c\u00f2mic de no-ficci\u00f3 \u2013period\u00edstic, assag\u00edstic, biogr\u00e0fic o hist\u00f2ric\u2013 en llengua catalana, d\u2019una extensi\u00f3 de 8 a 14 p\u00e0gines.<\/p>\n<p>&nbsp;<\/p>\n<p>&nbsp;<\/p>\n<p>&nbsp;<\/p>\n<p>&nbsp;<\/p>\n<p><br><br><\/p>\n<p>&nbsp;<\/p>\n<p>&nbsp;<\/p>\n<p>&nbsp;<\/p>\n<p>&nbsp;<\/p>\n<p>&nbsp;<\/p>\n","protected":false},"excerpt":{"rendered":"<p>Per als que continuen proposant activitats per al seu t\u00e0ndem en aquest mes de juny, ac\u00ed hi ha una llista d&#8217;idees que probablement vos ajudar\u00e0 \ud83d\ude42 [Documentals] \u201cHumans fest Val\u00e8ncia\u201d &#8211; Tots els dies &#8211; Per a tots els p\u00fablics &#8211; Gratu\u00eft &#8211; Qu\u00e8 \u00e9s: Cicle de documentals online que tenen en com\u00fa la resist\u00e8ncia &hellip; <a href=\"https:\/\/entandem.cat\/es\/recursos-es\/agenda-cultural-juny-2020-vlc\/\">Continued<\/a><\/p>\n","protected":false},"author":1,"featured_media":7063,"comment_status":"closed","ping_status":"open","sticky":false,"template":"","format":"standard","meta":{"footnotes":""},"categories":[320,657],"tags":[510,511,565,499,478,710,709],"class_list":["post-7043","post","type-post","status-publish","format-standard","has-post-thumbnail","hentry","category-recursos-es","category-valencia-es","tag-agenda-cultural-es","tag-cine-es","tag-cultura-es","tag-exposicio-es-2","tag-manualitats-es","tag-museu-es","tag-valencia-es"],"yoast_head":"<!-- This site is optimized with the Yoast SEO plugin v27.0 - https:\/\/yoast.com\/product\/yoast-seo-wordpress\/ -->\n<title>Agenda Cultural - Juny 2020 (VLC) - enT\u00e0ndem<\/title>\n<meta name=\"robots\" content=\"index, follow, max-snippet:-1, max-image-preview:large, max-video-preview:-1\" \/>\n<link rel=\"canonical\" href=\"https:\/\/entandem.cat\/es\/recursos-es\/agenda-cultural-juny-2020-vlc\/\" \/>\n<meta property=\"og:locale\" content=\"es_ES\" \/>\n<meta property=\"og:type\" content=\"article\" \/>\n<meta property=\"og:title\" content=\"Agenda Cultural - Juny 2020 (VLC) - enT\u00e0ndem\" \/>\n<meta property=\"og:description\" content=\"Per als que continuen proposant activitats per al seu t\u00e0ndem en aquest mes de juny, ac\u00ed hi ha una llista d&#8217;idees que probablement vos ajudar\u00e0 \ud83d\ude42 [Documentals] \u201cHumans fest Val\u00e8ncia\u201d &#8211; Tots els dies &#8211; Per a tots els p\u00fablics &#8211; Gratu\u00eft &#8211; Qu\u00e8 \u00e9s: Cicle de documentals online que tenen en com\u00fa la resist\u00e8ncia &hellip; Continued\" \/>\n<meta property=\"og:url\" content=\"https:\/\/entandem.cat\/es\/recursos-es\/agenda-cultural-juny-2020-vlc\/\" \/>\n<meta property=\"og:site_name\" content=\"enT\u00e0ndem\" \/>\n<meta property=\"article:publisher\" content=\"https:\/\/www.facebook.com\/afevcat\" \/>\n<meta property=\"article:published_time\" content=\"2020-05-27T11:59:10+00:00\" \/>\n<meta property=\"article:modified_time\" content=\"2020-05-28T10:12:49+00:00\" \/>\n<meta property=\"og:image\" content=\"https:\/\/entandem.cat\/wp-content\/uploads\/2020\/05\/AGENDA-CULTURAL-VLC-Abril-2020.jpg\" \/>\n\t<meta property=\"og:image:width\" content=\"1920\" \/>\n\t<meta property=\"og:image:height\" content=\"1080\" \/>\n\t<meta property=\"og:image:type\" content=\"image\/jpeg\" \/>\n<meta name=\"author\" content=\"adminTandem\" \/>\n<meta name=\"twitter:card\" content=\"summary_large_image\" \/>\n<meta name=\"twitter:creator\" content=\"@afevcat\" \/>\n<meta name=\"twitter:site\" content=\"@afevcat\" \/>\n<meta name=\"twitter:label1\" content=\"Escrito por\" \/>\n\t<meta name=\"twitter:data1\" content=\"adminTandem\" \/>\n\t<meta name=\"twitter:label2\" content=\"Tiempo de lectura\" \/>\n\t<meta name=\"twitter:data2\" content=\"2 minutos\" \/>\n<script type=\"application\/ld+json\" class=\"yoast-schema-graph\">{\"@context\":\"https:\/\/schema.org\",\"@graph\":[{\"@type\":\"Article\",\"@id\":\"https:\/\/entandem.cat\/es\/recursos-es\/agenda-cultural-juny-2020-vlc\/#article\",\"isPartOf\":{\"@id\":\"https:\/\/entandem.cat\/es\/recursos-es\/agenda-cultural-juny-2020-vlc\/\"},\"author\":{\"name\":\"adminTandem\",\"@id\":\"https:\/\/entandem.cat\/#\/schema\/person\/2111428ce1954193a11054a1e2b5b0da\"},\"headline\":\"Agenda Cultural &#8211; Juny 2020 (VLC)\",\"datePublished\":\"2020-05-27T11:59:10+00:00\",\"dateModified\":\"2020-05-28T10:12:49+00:00\",\"mainEntityOfPage\":{\"@id\":\"https:\/\/entandem.cat\/es\/recursos-es\/agenda-cultural-juny-2020-vlc\/\"},\"wordCount\":418,\"publisher\":{\"@id\":\"https:\/\/entandem.cat\/#organization\"},\"image\":{\"@id\":\"https:\/\/entandem.cat\/es\/recursos-es\/agenda-cultural-juny-2020-vlc\/#primaryimage\"},\"thumbnailUrl\":\"https:\/\/entandem.cat\/wp-content\/uploads\/2020\/05\/AGENDA-CULTURAL-VLC-Abril-2020.jpg\",\"keywords\":[\"agenda cultural\",\"cine\",\"cultura\",\"exposici\u00f3\",\"manualitats\",\"museu\",\"valencia\"],\"articleSection\":[\"Recursos\",\"Valencia\"],\"inLanguage\":\"es\"},{\"@type\":\"WebPage\",\"@id\":\"https:\/\/entandem.cat\/es\/recursos-es\/agenda-cultural-juny-2020-vlc\/\",\"url\":\"https:\/\/entandem.cat\/es\/recursos-es\/agenda-cultural-juny-2020-vlc\/\",\"name\":\"Agenda Cultural - Juny 2020 (VLC) - enT\u00e0ndem\",\"isPartOf\":{\"@id\":\"https:\/\/entandem.cat\/#website\"},\"primaryImageOfPage\":{\"@id\":\"https:\/\/entandem.cat\/es\/recursos-es\/agenda-cultural-juny-2020-vlc\/#primaryimage\"},\"image\":{\"@id\":\"https:\/\/entandem.cat\/es\/recursos-es\/agenda-cultural-juny-2020-vlc\/#primaryimage\"},\"thumbnailUrl\":\"https:\/\/entandem.cat\/wp-content\/uploads\/2020\/05\/AGENDA-CULTURAL-VLC-Abril-2020.jpg\",\"datePublished\":\"2020-05-27T11:59:10+00:00\",\"dateModified\":\"2020-05-28T10:12:49+00:00\",\"breadcrumb\":{\"@id\":\"https:\/\/entandem.cat\/es\/recursos-es\/agenda-cultural-juny-2020-vlc\/#breadcrumb\"},\"inLanguage\":\"es\",\"potentialAction\":[{\"@type\":\"ReadAction\",\"target\":[\"https:\/\/entandem.cat\/es\/recursos-es\/agenda-cultural-juny-2020-vlc\/\"]}]},{\"@type\":\"ImageObject\",\"inLanguage\":\"es\",\"@id\":\"https:\/\/entandem.cat\/es\/recursos-es\/agenda-cultural-juny-2020-vlc\/#primaryimage\",\"url\":\"https:\/\/entandem.cat\/wp-content\/uploads\/2020\/05\/AGENDA-CULTURAL-VLC-Abril-2020.jpg\",\"contentUrl\":\"https:\/\/entandem.cat\/wp-content\/uploads\/2020\/05\/AGENDA-CULTURAL-VLC-Abril-2020.jpg\",\"width\":1920,\"height\":1080},{\"@type\":\"BreadcrumbList\",\"@id\":\"https:\/\/entandem.cat\/es\/recursos-es\/agenda-cultural-juny-2020-vlc\/#breadcrumb\",\"itemListElement\":[{\"@type\":\"ListItem\",\"position\":1,\"name\":\"Inici\",\"item\":\"https:\/\/entandem.cat\/es\/\"},{\"@type\":\"ListItem\",\"position\":2,\"name\":\"Agenda Cultural &#8211; Juny 2020 (VLC)\"}]},{\"@type\":\"WebSite\",\"@id\":\"https:\/\/entandem.cat\/#website\",\"url\":\"https:\/\/entandem.cat\/\",\"name\":\"enT\u00e0ndem\",\"description\":\"Voluntariat Social Universitari\",\"publisher\":{\"@id\":\"https:\/\/entandem.cat\/#organization\"},\"potentialAction\":[{\"@type\":\"SearchAction\",\"target\":{\"@type\":\"EntryPoint\",\"urlTemplate\":\"https:\/\/entandem.cat\/?s={search_term_string}\"},\"query-input\":{\"@type\":\"PropertyValueSpecification\",\"valueRequired\":true,\"valueName\":\"search_term_string\"}}],\"inLanguage\":\"es\"},{\"@type\":\"Organization\",\"@id\":\"https:\/\/entandem.cat\/#organization\",\"name\":\"enT\u00e0ndem\",\"url\":\"https:\/\/entandem.cat\/\",\"logo\":{\"@type\":\"ImageObject\",\"inLanguage\":\"es\",\"@id\":\"https:\/\/entandem.cat\/#\/schema\/logo\/image\/\",\"url\":\"https:\/\/entandem.cat\/wp-content\/uploads\/2016\/12\/logo-entandem.png\",\"contentUrl\":\"https:\/\/entandem.cat\/wp-content\/uploads\/2016\/12\/logo-entandem.png\",\"width\":166,\"height\":44,\"caption\":\"enT\u00e0ndem\"},\"image\":{\"@id\":\"https:\/\/entandem.cat\/#\/schema\/logo\/image\/\"},\"sameAs\":[\"https:\/\/www.facebook.com\/afevcat\",\"https:\/\/x.com\/afevcat\",\"https:\/\/www.instagram.com\/afevcat\/\"]},{\"@type\":\"Person\",\"@id\":\"https:\/\/entandem.cat\/#\/schema\/person\/2111428ce1954193a11054a1e2b5b0da\",\"name\":\"adminTandem\"}]}<\/script>\n<!-- \/ Yoast SEO plugin. -->","yoast_head_json":{"title":"Agenda Cultural - Juny 2020 (VLC) - enT\u00e0ndem","robots":{"index":"index","follow":"follow","max-snippet":"max-snippet:-1","max-image-preview":"max-image-preview:large","max-video-preview":"max-video-preview:-1"},"canonical":"https:\/\/entandem.cat\/es\/recursos-es\/agenda-cultural-juny-2020-vlc\/","og_locale":"es_ES","og_type":"article","og_title":"Agenda Cultural - Juny 2020 (VLC) - enT\u00e0ndem","og_description":"Per als que continuen proposant activitats per al seu t\u00e0ndem en aquest mes de juny, ac\u00ed hi ha una llista d&#8217;idees que probablement vos ajudar\u00e0 \ud83d\ude42 [Documentals] \u201cHumans fest Val\u00e8ncia\u201d &#8211; Tots els dies &#8211; Per a tots els p\u00fablics &#8211; Gratu\u00eft &#8211; Qu\u00e8 \u00e9s: Cicle de documentals online que tenen en com\u00fa la resist\u00e8ncia &hellip; Continued","og_url":"https:\/\/entandem.cat\/es\/recursos-es\/agenda-cultural-juny-2020-vlc\/","og_site_name":"enT\u00e0ndem","article_publisher":"https:\/\/www.facebook.com\/afevcat","article_published_time":"2020-05-27T11:59:10+00:00","article_modified_time":"2020-05-28T10:12:49+00:00","og_image":[{"width":1920,"height":1080,"url":"https:\/\/entandem.cat\/wp-content\/uploads\/2020\/05\/AGENDA-CULTURAL-VLC-Abril-2020.jpg","type":"image\/jpeg"}],"author":"adminTandem","twitter_card":"summary_large_image","twitter_creator":"@afevcat","twitter_site":"@afevcat","twitter_misc":{"Escrito por":"adminTandem","Tiempo de lectura":"2 minutos"},"schema":{"@context":"https:\/\/schema.org","@graph":[{"@type":"Article","@id":"https:\/\/entandem.cat\/es\/recursos-es\/agenda-cultural-juny-2020-vlc\/#article","isPartOf":{"@id":"https:\/\/entandem.cat\/es\/recursos-es\/agenda-cultural-juny-2020-vlc\/"},"author":{"name":"adminTandem","@id":"https:\/\/entandem.cat\/#\/schema\/person\/2111428ce1954193a11054a1e2b5b0da"},"headline":"Agenda Cultural &#8211; Juny 2020 (VLC)","datePublished":"2020-05-27T11:59:10+00:00","dateModified":"2020-05-28T10:12:49+00:00","mainEntityOfPage":{"@id":"https:\/\/entandem.cat\/es\/recursos-es\/agenda-cultural-juny-2020-vlc\/"},"wordCount":418,"publisher":{"@id":"https:\/\/entandem.cat\/#organization"},"image":{"@id":"https:\/\/entandem.cat\/es\/recursos-es\/agenda-cultural-juny-2020-vlc\/#primaryimage"},"thumbnailUrl":"https:\/\/entandem.cat\/wp-content\/uploads\/2020\/05\/AGENDA-CULTURAL-VLC-Abril-2020.jpg","keywords":["agenda cultural","cine","cultura","exposici\u00f3","manualitats","museu","valencia"],"articleSection":["Recursos","Valencia"],"inLanguage":"es"},{"@type":"WebPage","@id":"https:\/\/entandem.cat\/es\/recursos-es\/agenda-cultural-juny-2020-vlc\/","url":"https:\/\/entandem.cat\/es\/recursos-es\/agenda-cultural-juny-2020-vlc\/","name":"Agenda Cultural - Juny 2020 (VLC) - enT\u00e0ndem","isPartOf":{"@id":"https:\/\/entandem.cat\/#website"},"primaryImageOfPage":{"@id":"https:\/\/entandem.cat\/es\/recursos-es\/agenda-cultural-juny-2020-vlc\/#primaryimage"},"image":{"@id":"https:\/\/entandem.cat\/es\/recursos-es\/agenda-cultural-juny-2020-vlc\/#primaryimage"},"thumbnailUrl":"https:\/\/entandem.cat\/wp-content\/uploads\/2020\/05\/AGENDA-CULTURAL-VLC-Abril-2020.jpg","datePublished":"2020-05-27T11:59:10+00:00","dateModified":"2020-05-28T10:12:49+00:00","breadcrumb":{"@id":"https:\/\/entandem.cat\/es\/recursos-es\/agenda-cultural-juny-2020-vlc\/#breadcrumb"},"inLanguage":"es","potentialAction":[{"@type":"ReadAction","target":["https:\/\/entandem.cat\/es\/recursos-es\/agenda-cultural-juny-2020-vlc\/"]}]},{"@type":"ImageObject","inLanguage":"es","@id":"https:\/\/entandem.cat\/es\/recursos-es\/agenda-cultural-juny-2020-vlc\/#primaryimage","url":"https:\/\/entandem.cat\/wp-content\/uploads\/2020\/05\/AGENDA-CULTURAL-VLC-Abril-2020.jpg","contentUrl":"https:\/\/entandem.cat\/wp-content\/uploads\/2020\/05\/AGENDA-CULTURAL-VLC-Abril-2020.jpg","width":1920,"height":1080},{"@type":"BreadcrumbList","@id":"https:\/\/entandem.cat\/es\/recursos-es\/agenda-cultural-juny-2020-vlc\/#breadcrumb","itemListElement":[{"@type":"ListItem","position":1,"name":"Inici","item":"https:\/\/entandem.cat\/es\/"},{"@type":"ListItem","position":2,"name":"Agenda Cultural &#8211; Juny 2020 (VLC)"}]},{"@type":"WebSite","@id":"https:\/\/entandem.cat\/#website","url":"https:\/\/entandem.cat\/","name":"enT\u00e0ndem","description":"Voluntariat Social Universitari","publisher":{"@id":"https:\/\/entandem.cat\/#organization"},"potentialAction":[{"@type":"SearchAction","target":{"@type":"EntryPoint","urlTemplate":"https:\/\/entandem.cat\/?s={search_term_string}"},"query-input":{"@type":"PropertyValueSpecification","valueRequired":true,"valueName":"search_term_string"}}],"inLanguage":"es"},{"@type":"Organization","@id":"https:\/\/entandem.cat\/#organization","name":"enT\u00e0ndem","url":"https:\/\/entandem.cat\/","logo":{"@type":"ImageObject","inLanguage":"es","@id":"https:\/\/entandem.cat\/#\/schema\/logo\/image\/","url":"https:\/\/entandem.cat\/wp-content\/uploads\/2016\/12\/logo-entandem.png","contentUrl":"https:\/\/entandem.cat\/wp-content\/uploads\/2016\/12\/logo-entandem.png","width":166,"height":44,"caption":"enT\u00e0ndem"},"image":{"@id":"https:\/\/entandem.cat\/#\/schema\/logo\/image\/"},"sameAs":["https:\/\/www.facebook.com\/afevcat","https:\/\/x.com\/afevcat","https:\/\/www.instagram.com\/afevcat\/"]},{"@type":"Person","@id":"https:\/\/entandem.cat\/#\/schema\/person\/2111428ce1954193a11054a1e2b5b0da","name":"adminTandem"}]}},"_links":{"self":[{"href":"https:\/\/entandem.cat\/es\/wp-json\/wp\/v2\/posts\/7043","targetHints":{"allow":["GET"]}}],"collection":[{"href":"https:\/\/entandem.cat\/es\/wp-json\/wp\/v2\/posts"}],"about":[{"href":"https:\/\/entandem.cat\/es\/wp-json\/wp\/v2\/types\/post"}],"author":[{"embeddable":true,"href":"https:\/\/entandem.cat\/es\/wp-json\/wp\/v2\/users\/1"}],"replies":[{"embeddable":true,"href":"https:\/\/entandem.cat\/es\/wp-json\/wp\/v2\/comments?post=7043"}],"version-history":[{"count":0,"href":"https:\/\/entandem.cat\/es\/wp-json\/wp\/v2\/posts\/7043\/revisions"}],"wp:featuredmedia":[{"embeddable":true,"href":"https:\/\/entandem.cat\/es\/wp-json\/wp\/v2\/media\/7063"}],"wp:attachment":[{"href":"https:\/\/entandem.cat\/es\/wp-json\/wp\/v2\/media?parent=7043"}],"wp:term":[{"taxonomy":"category","embeddable":true,"href":"https:\/\/entandem.cat\/es\/wp-json\/wp\/v2\/categories?post=7043"},{"taxonomy":"post_tag","embeddable":true,"href":"https:\/\/entandem.cat\/es\/wp-json\/wp\/v2\/tags?post=7043"}],"curies":[{"name":"wp","href":"https:\/\/api.w.org\/{rel}","templated":true}]}}