{"id":7030,"date":"2020-05-18T12:45:44","date_gmt":"2020-05-18T12:45:44","guid":{"rendered":"https:\/\/entandem.cat\/?p=7030"},"modified":"2020-05-29T09:12:37","modified_gmt":"2020-05-29T09:12:37","slug":"abrimos-las-becas-juveniles-de-la-afev-para-el-curso-2020-2021","status":"publish","type":"post","link":"https:\/\/entandem.cat\/es\/sabias-que\/abrimos-las-becas-juveniles-de-la-afev-para-el-curso-2020-2021\/","title":{"rendered":"Abrimos las becas juveniles de la AFEV para el curso 2020-2021"},"content":{"rendered":"\n<p>\u00a0<\/p>\n<p>La AFEV hemos abierto <strong>plazas de becas juveniles para el curso pr\u00f3ximo 2020-2021<\/strong> dirigidas a personas j\u00f3venes que quieran formar parte del <strong>equipo de Barcelona y Valencia<\/strong> para dar apoyo y acompa\u00f1amiento a los diferentes proyectos de la entidad: el voluntariado, los ni\u00f1os y j\u00f3venes que acompa\u00f1amos y sus familias, la comunicaci\u00f3n de la entidad, la b\u00fasqueda de nuevas personas voluntarias y los eventos que organizamos, entre otras cosas.<\/p>\n<p>Los becarios tendr\u00e1n un <strong>horario de 26 horas semanales<\/strong> <strong>durante nueve meses<\/strong>, de septiembre de 2020 a junio de 2021. Buscamos <strong>personas francesas<\/strong> (v\u00e9ase detalles en las misiones) <strong>hasta 25 a\u00f1os<\/strong> que tengan fluidez en castellano, catal\u00e1n y\/o valenciano con muchas ganas de tener una nueva experiencia de formaci\u00f3n profesional en un equipo din\u00e1mico, flexible, abierto y cooperativo.<\/p>\n<p>Las becas comprenden varias misiones y est\u00e1n dirigidas a perfiles diversos.<\/p>\n<p><strong>En Barcelona:<\/strong><\/p>\n<ul>\n<li><a href=\"https:\/\/entandem.cat\/wp-content\/uploads\/2020\/05\/Model-anunci-SC_AI2020.pdf\" target=\"_blank\" rel=\"noopener noreferrer\">Acompa\u00f1amiento y dinamizaci\u00f3n del voluntariado<\/a><\/li>\n<li><a href=\"https:\/\/entandem.cat\/wp-content\/uploads\/2020\/05\/Model-anunci-SC_MOB2020.docx.pdf\" target=\"_blank\" rel=\"noopener noreferrer\">Movilizaci\u00f3n de estudiantes universitarios<\/a><\/li>\n<li><a href=\"https:\/\/entandem.cat\/wp-content\/uploads\/2020\/05\/Model-anunci-SC_COM2020.docx.pdf\" target=\"_blank\" rel=\"noopener noreferrer\">Comunicaci\u00f3n y eventos<\/a><\/li>\n<\/ul>\n<p><strong>En Valencia:<\/strong><\/p>\n<ul>\n<li><a href=\"https:\/\/entandem.cat\/wp-content\/uploads\/2020\/05\/Val%C3%A8ncia_Model-anunci-SC_AI2020.docx.pdf\" target=\"_blank\" rel=\"noopener noreferrer\">Acompa\u00f1amiento y dinamizaci\u00f3n del voluntariado<\/a><\/li>\n<li><a href=\"https:\/\/entandem.cat\/wp-content\/uploads\/2020\/05\/Val%C3%A8ncia_Model-anunci-SC_MOB2020.docx.pdf\" target=\"_blank\" rel=\"noopener noreferrer\">Movilizaci\u00f3n de estudiantes universitarios<\/a><\/li>\n<\/ul>\n<p>Las becas proceden del <a href=\"https:\/\/www.service-civique.gouv.fr\/\" target=\"_blank\" rel=\"noopener noreferrer\">Service Civique<\/a>, un dispositivo del gobierno franc\u00e9s que se puede llevar a cabo en Francia o en otro pa\u00eds. <strong>La AFEV en Barcelona hace 10 a\u00f1os<\/strong> que acogemos, formamos y acompa\u00f1amos personas becarias del Service Civique, y un a\u00f1o en Valencia. En total,<strong> 47 j\u00f3venes de diversas procedencias<\/strong> han colaborado con nosotras.<\/p>\n<p>El equipo de becarias es <strong>un gran apoyo para la AFEV<\/strong> y suma positivamente a nuestra labor como entidad, convirti\u00e9ndose en un mecanismo de <strong>aprendizaje e intercambio mutuos<\/strong>.<\/p>\n<p>La <strong>convocatoria<\/strong> para presentar las candidaturas <strong>est\u00e1 abierta hasta el 05\/06\/2020<\/strong> <a href=\"https:\/\/www.service-civique.gouv.fr\/\" target=\"_blank\" rel=\"noopener noreferrer\"><strong>aqu\u00ed<\/strong><\/a>!<\/p>\n<p>Si te interesa, \u00a1ap\u00fantate! \u00a1O ay\u00fadanos a difundirlo entre las personas de tu entorno que crees que podr\u00edan encajar!<\/p>\n<p>\u00a0<\/p>\n<p>Tambi\u00e9n te puede interesar:\u00a0<a href=\"https:\/\/entandem.cat\/es\/testimonios\/hacer-malabares-entre-la-universidad-y-el-voluntariado-fue-una-actividad-deportiva\/\">\u00a1Hacer malabares entre la universidad y el voluntariado: fue una actividad deportiva!<\/a><\/p>\n","protected":false},"excerpt":{"rendered":"<p>\u00a0 La AFEV hemos abierto plazas de becas juveniles para el curso pr\u00f3ximo 2020-2021 dirigidas a personas j\u00f3venes que quieran formar parte del equipo de Barcelona y Valencia para dar apoyo y acompa\u00f1amiento a los diferentes proyectos de la entidad: el voluntariado, los ni\u00f1os y j\u00f3venes que acompa\u00f1amos y sus familias, la comunicaci\u00f3n de la &hellip; <a href=\"https:\/\/entandem.cat\/es\/sabias-que\/abrimos-las-becas-juveniles-de-la-afev-para-el-curso-2020-2021\/\">Continued<\/a><\/p>\n","protected":false},"author":1,"featured_media":7028,"comment_status":"closed","ping_status":"open","sticky":false,"template":"","format":"standard","meta":{"footnotes":""},"categories":[321],"tags":[474,330,674,485,331],"class_list":["post-7030","post","type-post","status-publish","format-standard","has-post-thumbnail","hentry","category-sabias-que","tag-acompanyament-educatiu-es","tag-afev-es","tag-afev-valencia-es","tag-joves-es","tag-voluntariat-es"],"yoast_head":"<!-- This site is optimized with the Yoast SEO plugin v27.0 - https:\/\/yoast.com\/product\/yoast-seo-wordpress\/ -->\n<title>Abrimos las becas juveniles de la AFEV para el curso 2020-2021 - enT\u00e0ndem<\/title>\n<meta name=\"robots\" content=\"index, follow, max-snippet:-1, max-image-preview:large, max-video-preview:-1\" \/>\n<link rel=\"canonical\" href=\"https:\/\/entandem.cat\/es\/sabias-que\/abrimos-las-becas-juveniles-de-la-afev-para-el-curso-2020-2021\/\" \/>\n<meta property=\"og:locale\" content=\"es_ES\" \/>\n<meta property=\"og:type\" content=\"article\" \/>\n<meta property=\"og:title\" content=\"Abrimos las becas juveniles de la AFEV para el curso 2020-2021 - enT\u00e0ndem\" \/>\n<meta property=\"og:description\" content=\"\u00a0 La AFEV hemos abierto plazas de becas juveniles para el curso pr\u00f3ximo 2020-2021 dirigidas a personas j\u00f3venes que quieran formar parte del equipo de Barcelona y Valencia para dar apoyo y acompa\u00f1amiento a los diferentes proyectos de la entidad: el voluntariado, los ni\u00f1os y j\u00f3venes que acompa\u00f1amos y sus familias, la comunicaci\u00f3n de la &hellip; Continued\" \/>\n<meta property=\"og:url\" content=\"https:\/\/entandem.cat\/es\/sabias-que\/abrimos-las-becas-juveniles-de-la-afev-para-el-curso-2020-2021\/\" \/>\n<meta property=\"og:site_name\" content=\"enT\u00e0ndem\" \/>\n<meta property=\"article:publisher\" content=\"https:\/\/www.facebook.com\/afevcat\" \/>\n<meta property=\"article:published_time\" content=\"2020-05-18T12:45:44+00:00\" \/>\n<meta property=\"article:modified_time\" content=\"2020-05-29T09:12:37+00:00\" \/>\n<meta property=\"og:image\" content=\"https:\/\/entandem.cat\/wp-content\/uploads\/2020\/05\/bequis-1024x797.png\" \/>\n\t<meta property=\"og:image:width\" content=\"1024\" \/>\n\t<meta property=\"og:image:height\" content=\"797\" \/>\n\t<meta property=\"og:image:type\" content=\"image\/png\" \/>\n<meta name=\"author\" content=\"adminTandem\" \/>\n<meta name=\"twitter:card\" content=\"summary_large_image\" \/>\n<meta name=\"twitter:creator\" content=\"@afevcat\" \/>\n<meta name=\"twitter:site\" content=\"@afevcat\" \/>\n<meta name=\"twitter:label1\" content=\"Escrito por\" \/>\n\t<meta name=\"twitter:data1\" content=\"adminTandem\" \/>\n\t<meta name=\"twitter:label2\" content=\"Tiempo de lectura\" \/>\n\t<meta name=\"twitter:data2\" content=\"2 minutos\" \/>\n<script type=\"application\/ld+json\" class=\"yoast-schema-graph\">{\"@context\":\"https:\/\/schema.org\",\"@graph\":[{\"@type\":\"Article\",\"@id\":\"https:\/\/entandem.cat\/es\/sabias-que\/abrimos-las-becas-juveniles-de-la-afev-para-el-curso-2020-2021\/#article\",\"isPartOf\":{\"@id\":\"https:\/\/entandem.cat\/es\/sabias-que\/abrimos-las-becas-juveniles-de-la-afev-para-el-curso-2020-2021\/\"},\"author\":{\"name\":\"adminTandem\",\"@id\":\"https:\/\/entandem.cat\/#\/schema\/person\/2111428ce1954193a11054a1e2b5b0da\"},\"headline\":\"Abrimos las becas juveniles de la AFEV para el curso 2020-2021\",\"datePublished\":\"2020-05-18T12:45:44+00:00\",\"dateModified\":\"2020-05-29T09:12:37+00:00\",\"mainEntityOfPage\":{\"@id\":\"https:\/\/entandem.cat\/es\/sabias-que\/abrimos-las-becas-juveniles-de-la-afev-para-el-curso-2020-2021\/\"},\"wordCount\":332,\"publisher\":{\"@id\":\"https:\/\/entandem.cat\/#organization\"},\"image\":{\"@id\":\"https:\/\/entandem.cat\/es\/sabias-que\/abrimos-las-becas-juveniles-de-la-afev-para-el-curso-2020-2021\/#primaryimage\"},\"thumbnailUrl\":\"https:\/\/entandem.cat\/wp-content\/uploads\/2020\/05\/bequis.png\",\"keywords\":[\"acompanyament educatiu\",\"afev\",\"AFEV Val\u00e8ncia\",\"joves\",\"voluntariat\"],\"articleSection\":[\"Sab\u00edas que\"],\"inLanguage\":\"es\"},{\"@type\":\"WebPage\",\"@id\":\"https:\/\/entandem.cat\/es\/sabias-que\/abrimos-las-becas-juveniles-de-la-afev-para-el-curso-2020-2021\/\",\"url\":\"https:\/\/entandem.cat\/es\/sabias-que\/abrimos-las-becas-juveniles-de-la-afev-para-el-curso-2020-2021\/\",\"name\":\"Abrimos las becas juveniles de la AFEV para el curso 2020-2021 - enT\u00e0ndem\",\"isPartOf\":{\"@id\":\"https:\/\/entandem.cat\/#website\"},\"primaryImageOfPage\":{\"@id\":\"https:\/\/entandem.cat\/es\/sabias-que\/abrimos-las-becas-juveniles-de-la-afev-para-el-curso-2020-2021\/#primaryimage\"},\"image\":{\"@id\":\"https:\/\/entandem.cat\/es\/sabias-que\/abrimos-las-becas-juveniles-de-la-afev-para-el-curso-2020-2021\/#primaryimage\"},\"thumbnailUrl\":\"https:\/\/entandem.cat\/wp-content\/uploads\/2020\/05\/bequis.png\",\"datePublished\":\"2020-05-18T12:45:44+00:00\",\"dateModified\":\"2020-05-29T09:12:37+00:00\",\"breadcrumb\":{\"@id\":\"https:\/\/entandem.cat\/es\/sabias-que\/abrimos-las-becas-juveniles-de-la-afev-para-el-curso-2020-2021\/#breadcrumb\"},\"inLanguage\":\"es\",\"potentialAction\":[{\"@type\":\"ReadAction\",\"target\":[\"https:\/\/entandem.cat\/es\/sabias-que\/abrimos-las-becas-juveniles-de-la-afev-para-el-curso-2020-2021\/\"]}]},{\"@type\":\"ImageObject\",\"inLanguage\":\"es\",\"@id\":\"https:\/\/entandem.cat\/es\/sabias-que\/abrimos-las-becas-juveniles-de-la-afev-para-el-curso-2020-2021\/#primaryimage\",\"url\":\"https:\/\/entandem.cat\/wp-content\/uploads\/2020\/05\/bequis.png\",\"contentUrl\":\"https:\/\/entandem.cat\/wp-content\/uploads\/2020\/05\/bequis.png\",\"width\":1153,\"height\":897,\"caption\":\"Beques juvenils AFEV\"},{\"@type\":\"BreadcrumbList\",\"@id\":\"https:\/\/entandem.cat\/es\/sabias-que\/abrimos-las-becas-juveniles-de-la-afev-para-el-curso-2020-2021\/#breadcrumb\",\"itemListElement\":[{\"@type\":\"ListItem\",\"position\":1,\"name\":\"Inici\",\"item\":\"https:\/\/entandem.cat\/es\/\"},{\"@type\":\"ListItem\",\"position\":2,\"name\":\"Abrimos las becas juveniles de la AFEV para el curso 2020-2021\"}]},{\"@type\":\"WebSite\",\"@id\":\"https:\/\/entandem.cat\/#website\",\"url\":\"https:\/\/entandem.cat\/\",\"name\":\"enT\u00e0ndem\",\"description\":\"Voluntariat Social Universitari\",\"publisher\":{\"@id\":\"https:\/\/entandem.cat\/#organization\"},\"potentialAction\":[{\"@type\":\"SearchAction\",\"target\":{\"@type\":\"EntryPoint\",\"urlTemplate\":\"https:\/\/entandem.cat\/?s={search_term_string}\"},\"query-input\":{\"@type\":\"PropertyValueSpecification\",\"valueRequired\":true,\"valueName\":\"search_term_string\"}}],\"inLanguage\":\"es\"},{\"@type\":\"Organization\",\"@id\":\"https:\/\/entandem.cat\/#organization\",\"name\":\"enT\u00e0ndem\",\"url\":\"https:\/\/entandem.cat\/\",\"logo\":{\"@type\":\"ImageObject\",\"inLanguage\":\"es\",\"@id\":\"https:\/\/entandem.cat\/#\/schema\/logo\/image\/\",\"url\":\"https:\/\/entandem.cat\/wp-content\/uploads\/2016\/12\/logo-entandem.png\",\"contentUrl\":\"https:\/\/entandem.cat\/wp-content\/uploads\/2016\/12\/logo-entandem.png\",\"width\":166,\"height\":44,\"caption\":\"enT\u00e0ndem\"},\"image\":{\"@id\":\"https:\/\/entandem.cat\/#\/schema\/logo\/image\/\"},\"sameAs\":[\"https:\/\/www.facebook.com\/afevcat\",\"https:\/\/x.com\/afevcat\",\"https:\/\/www.instagram.com\/afevcat\/\"]},{\"@type\":\"Person\",\"@id\":\"https:\/\/entandem.cat\/#\/schema\/person\/2111428ce1954193a11054a1e2b5b0da\",\"name\":\"adminTandem\"}]}<\/script>\n<!-- \/ Yoast SEO plugin. -->","yoast_head_json":{"title":"Abrimos las becas juveniles de la AFEV para el curso 2020-2021 - enT\u00e0ndem","robots":{"index":"index","follow":"follow","max-snippet":"max-snippet:-1","max-image-preview":"max-image-preview:large","max-video-preview":"max-video-preview:-1"},"canonical":"https:\/\/entandem.cat\/es\/sabias-que\/abrimos-las-becas-juveniles-de-la-afev-para-el-curso-2020-2021\/","og_locale":"es_ES","og_type":"article","og_title":"Abrimos las becas juveniles de la AFEV para el curso 2020-2021 - enT\u00e0ndem","og_description":"\u00a0 La AFEV hemos abierto plazas de becas juveniles para el curso pr\u00f3ximo 2020-2021 dirigidas a personas j\u00f3venes que quieran formar parte del equipo de Barcelona y Valencia para dar apoyo y acompa\u00f1amiento a los diferentes proyectos de la entidad: el voluntariado, los ni\u00f1os y j\u00f3venes que acompa\u00f1amos y sus familias, la comunicaci\u00f3n de la &hellip; Continued","og_url":"https:\/\/entandem.cat\/es\/sabias-que\/abrimos-las-becas-juveniles-de-la-afev-para-el-curso-2020-2021\/","og_site_name":"enT\u00e0ndem","article_publisher":"https:\/\/www.facebook.com\/afevcat","article_published_time":"2020-05-18T12:45:44+00:00","article_modified_time":"2020-05-29T09:12:37+00:00","og_image":[{"width":1024,"height":797,"url":"https:\/\/entandem.cat\/wp-content\/uploads\/2020\/05\/bequis-1024x797.png","type":"image\/png"}],"author":"adminTandem","twitter_card":"summary_large_image","twitter_creator":"@afevcat","twitter_site":"@afevcat","twitter_misc":{"Escrito por":"adminTandem","Tiempo de lectura":"2 minutos"},"schema":{"@context":"https:\/\/schema.org","@graph":[{"@type":"Article","@id":"https:\/\/entandem.cat\/es\/sabias-que\/abrimos-las-becas-juveniles-de-la-afev-para-el-curso-2020-2021\/#article","isPartOf":{"@id":"https:\/\/entandem.cat\/es\/sabias-que\/abrimos-las-becas-juveniles-de-la-afev-para-el-curso-2020-2021\/"},"author":{"name":"adminTandem","@id":"https:\/\/entandem.cat\/#\/schema\/person\/2111428ce1954193a11054a1e2b5b0da"},"headline":"Abrimos las becas juveniles de la AFEV para el curso 2020-2021","datePublished":"2020-05-18T12:45:44+00:00","dateModified":"2020-05-29T09:12:37+00:00","mainEntityOfPage":{"@id":"https:\/\/entandem.cat\/es\/sabias-que\/abrimos-las-becas-juveniles-de-la-afev-para-el-curso-2020-2021\/"},"wordCount":332,"publisher":{"@id":"https:\/\/entandem.cat\/#organization"},"image":{"@id":"https:\/\/entandem.cat\/es\/sabias-que\/abrimos-las-becas-juveniles-de-la-afev-para-el-curso-2020-2021\/#primaryimage"},"thumbnailUrl":"https:\/\/entandem.cat\/wp-content\/uploads\/2020\/05\/bequis.png","keywords":["acompanyament educatiu","afev","AFEV Val\u00e8ncia","joves","voluntariat"],"articleSection":["Sab\u00edas que"],"inLanguage":"es"},{"@type":"WebPage","@id":"https:\/\/entandem.cat\/es\/sabias-que\/abrimos-las-becas-juveniles-de-la-afev-para-el-curso-2020-2021\/","url":"https:\/\/entandem.cat\/es\/sabias-que\/abrimos-las-becas-juveniles-de-la-afev-para-el-curso-2020-2021\/","name":"Abrimos las becas juveniles de la AFEV para el curso 2020-2021 - enT\u00e0ndem","isPartOf":{"@id":"https:\/\/entandem.cat\/#website"},"primaryImageOfPage":{"@id":"https:\/\/entandem.cat\/es\/sabias-que\/abrimos-las-becas-juveniles-de-la-afev-para-el-curso-2020-2021\/#primaryimage"},"image":{"@id":"https:\/\/entandem.cat\/es\/sabias-que\/abrimos-las-becas-juveniles-de-la-afev-para-el-curso-2020-2021\/#primaryimage"},"thumbnailUrl":"https:\/\/entandem.cat\/wp-content\/uploads\/2020\/05\/bequis.png","datePublished":"2020-05-18T12:45:44+00:00","dateModified":"2020-05-29T09:12:37+00:00","breadcrumb":{"@id":"https:\/\/entandem.cat\/es\/sabias-que\/abrimos-las-becas-juveniles-de-la-afev-para-el-curso-2020-2021\/#breadcrumb"},"inLanguage":"es","potentialAction":[{"@type":"ReadAction","target":["https:\/\/entandem.cat\/es\/sabias-que\/abrimos-las-becas-juveniles-de-la-afev-para-el-curso-2020-2021\/"]}]},{"@type":"ImageObject","inLanguage":"es","@id":"https:\/\/entandem.cat\/es\/sabias-que\/abrimos-las-becas-juveniles-de-la-afev-para-el-curso-2020-2021\/#primaryimage","url":"https:\/\/entandem.cat\/wp-content\/uploads\/2020\/05\/bequis.png","contentUrl":"https:\/\/entandem.cat\/wp-content\/uploads\/2020\/05\/bequis.png","width":1153,"height":897,"caption":"Beques juvenils AFEV"},{"@type":"BreadcrumbList","@id":"https:\/\/entandem.cat\/es\/sabias-que\/abrimos-las-becas-juveniles-de-la-afev-para-el-curso-2020-2021\/#breadcrumb","itemListElement":[{"@type":"ListItem","position":1,"name":"Inici","item":"https:\/\/entandem.cat\/es\/"},{"@type":"ListItem","position":2,"name":"Abrimos las becas juveniles de la AFEV para el curso 2020-2021"}]},{"@type":"WebSite","@id":"https:\/\/entandem.cat\/#website","url":"https:\/\/entandem.cat\/","name":"enT\u00e0ndem","description":"Voluntariat Social Universitari","publisher":{"@id":"https:\/\/entandem.cat\/#organization"},"potentialAction":[{"@type":"SearchAction","target":{"@type":"EntryPoint","urlTemplate":"https:\/\/entandem.cat\/?s={search_term_string}"},"query-input":{"@type":"PropertyValueSpecification","valueRequired":true,"valueName":"search_term_string"}}],"inLanguage":"es"},{"@type":"Organization","@id":"https:\/\/entandem.cat\/#organization","name":"enT\u00e0ndem","url":"https:\/\/entandem.cat\/","logo":{"@type":"ImageObject","inLanguage":"es","@id":"https:\/\/entandem.cat\/#\/schema\/logo\/image\/","url":"https:\/\/entandem.cat\/wp-content\/uploads\/2016\/12\/logo-entandem.png","contentUrl":"https:\/\/entandem.cat\/wp-content\/uploads\/2016\/12\/logo-entandem.png","width":166,"height":44,"caption":"enT\u00e0ndem"},"image":{"@id":"https:\/\/entandem.cat\/#\/schema\/logo\/image\/"},"sameAs":["https:\/\/www.facebook.com\/afevcat","https:\/\/x.com\/afevcat","https:\/\/www.instagram.com\/afevcat\/"]},{"@type":"Person","@id":"https:\/\/entandem.cat\/#\/schema\/person\/2111428ce1954193a11054a1e2b5b0da","name":"adminTandem"}]}},"_links":{"self":[{"href":"https:\/\/entandem.cat\/es\/wp-json\/wp\/v2\/posts\/7030","targetHints":{"allow":["GET"]}}],"collection":[{"href":"https:\/\/entandem.cat\/es\/wp-json\/wp\/v2\/posts"}],"about":[{"href":"https:\/\/entandem.cat\/es\/wp-json\/wp\/v2\/types\/post"}],"author":[{"embeddable":true,"href":"https:\/\/entandem.cat\/es\/wp-json\/wp\/v2\/users\/1"}],"replies":[{"embeddable":true,"href":"https:\/\/entandem.cat\/es\/wp-json\/wp\/v2\/comments?post=7030"}],"version-history":[{"count":0,"href":"https:\/\/entandem.cat\/es\/wp-json\/wp\/v2\/posts\/7030\/revisions"}],"wp:featuredmedia":[{"embeddable":true,"href":"https:\/\/entandem.cat\/es\/wp-json\/wp\/v2\/media\/7028"}],"wp:attachment":[{"href":"https:\/\/entandem.cat\/es\/wp-json\/wp\/v2\/media?parent=7030"}],"wp:term":[{"taxonomy":"category","embeddable":true,"href":"https:\/\/entandem.cat\/es\/wp-json\/wp\/v2\/categories?post=7030"},{"taxonomy":"post_tag","embeddable":true,"href":"https:\/\/entandem.cat\/es\/wp-json\/wp\/v2\/tags?post=7030"}],"curies":[{"name":"wp","href":"https:\/\/api.w.org\/{rel}","templated":true}]}}