{"id":6790,"date":"2020-03-31T17:20:08","date_gmt":"2020-03-31T17:20:08","guid":{"rendered":"https:\/\/entandem.cat\/agenda-cultural-abril-2020-bcn\/"},"modified":"2020-03-31T17:25:25","modified_gmt":"2020-03-31T17:25:25","slug":"agenda-cultural-abril-2020-bcn","status":"publish","type":"post","link":"https:\/\/entandem.cat\/es\/recursos-es\/agenda-cultural-abril-2020-bcn\/","title":{"rendered":"Agenda Cultural &#8211; Abril 2020 (BCN)"},"content":{"rendered":"\n<p>&nbsp;<\/p>\n<p>El Covid-19 ens tindr\u00e0 confinats i confinades, per\u00f2 <strong>la creativitat no s&#8217;atura<\/strong>! Aquest mes, amb la voluntat de respondre a la situaci\u00f3 d&#8217;excepcionalitat que estem vivint, volem compartir amb vosaltres un <strong>recull d&#8217;activitats i esdeveniments on podeu participar virtualment amb el vostre t\u00e0ndem fets per a persones amb moltes ganes de compartir i fer xarxa durant aquests dies<\/strong>. Aix\u00ed que obre l&#8217;ordinador, m\u00f2bil, tablette, &#8230; i a gaudir!<\/p>\n<p><span style=\"color: #99cc00;\">[Lectura]<\/span>&nbsp;<span style=\"color: #ff0000;\"><a style=\"color: #ff0000;\" href=\"https:\/\/www.juntadeandalucia.es\/cultura\/agendaculturaldeandalucia\/evento\/cuentacuentos-8-cuentos-para-ninos-y-ninas-rebeldes-online\" target=\"_blank\" rel=\"noopener noreferrer\">Lectura online de cuentos para ni\u00f1xs<\/a><\/span><\/p>\n<ul>\n<li>Tots els dies fins el 31 de maig<\/li>\n<li>Infants i joves<\/li>\n<li>Gratu\u00eft<\/li>\n<li><strong>Qu\u00e8 \u00e9s? <\/strong>8 contes per a nens i nenes rebels, trapelles i independents, disponibles a Youtube<\/li>\n<\/ul>\n<p><span style=\"color: #99cc00;\">[Esport]<\/span>&nbsp;<span style=\"color: #ff0000;\"><a style=\"color: #ff0000;\" href=\"https:\/\/www.claror.cat\/cancaralleu\/noticia\/claror-a-casa\" target=\"_blank\" rel=\"noopener noreferrer\">Sessions d&#8217;entrenament des de casa<\/a><\/span><\/p>\n<ul>\n<li>Dimarts i dijous a la tarda, durant tot el mes d&#8217;abril<\/li>\n<li>Infants i joves<\/li>\n<li>Gratu\u00eft<\/li>\n<li><strong>Qu\u00e8 \u00e9s? <\/strong>Sessions de live Instagram (compte @claroracasa) per practicar esport a casa: ioga, dance, estiraments, pilates&#8230; Adaptat a infants i fam\u00edlies. Consultar l&#8217;horari setmanal<\/li>\n<\/ul>\n<p><span style=\"color: #99cc00;\">[Poesia] <span style=\"color: #ff0000;\"><a style=\"color: #ff0000;\" href=\"https:\/\/www.facebook.com\/events\/3030474976964229\/\" target=\"_blank\" rel=\"noopener noreferrer\">OpenMic po\u00e8tica<\/a><\/span><\/span><\/p>\n<ul>\n<li>Divendres 27 de mar\u00e7 a les 20.00h<\/li>\n<li>Infants i joves<\/li>\n<li>Gratu\u00eft<\/li>\n<li><strong>Qu\u00e8 \u00e9s? <\/strong>Un micro obert exclusiu per a actors, actrius, poetes, rapsodes, improvitzadors, contacontes, narradors orals, <em>performers<\/em>, escriptors, mags, cantants i artistes de qualsevol disciplina<\/li>\n<\/ul>\n<p><span style=\"color: #99cc00;\">[Museu]<\/span> <span style=\"color: #ff0000;\"><a style=\"color: #ff0000;\" href=\"https:\/\/artsandculture.google.com\/streetview\/museu-del-disseny-de-barcelona\/OwEH6pYu5Ow9DA?sv_lat=41.40251413334227&amp;sv_lng=2.187980025187403&amp;sv_pid=HBD0uuydRNKnFBSzjvhNFA&amp;sv_h=113.19823630001919&amp;sv_p=0.2882288908674724&amp;sv_z=0.11293084530422537\" target=\"_blank\" rel=\"noopener noreferrer\">Visita virtual Museu del Disseny<\/a><\/span><\/p>\n<ul>\n<li>Quan vulgueu (24\/7)<\/li>\n<li>Infants i joves<\/li>\n<li>Gratu\u00eft<\/li>\n<li><strong>Qu\u00e8 \u00e9s?&nbsp;<\/strong>No has entrat mai al Museu del Disseny? Sabem que no \u00e9s ideal, perqu\u00e8 presencialment mola molt m\u00e9s, per\u00f2 podeu tafanejar tots els seus racons en aquesta visita virtual!<\/li>\n<\/ul>\n<p><span style=\"color: #99cc00;\">[Ci\u00e8ncia]<\/span> <span style=\"color: #ff0000;\"><a style=\"color: #ff0000;\" href=\"https:\/\/www.biennalciutaticiencia.barcelona\/ca\/arxiu\" target=\"_blank\" rel=\"noopener noreferrer\">Biennal Ciutat i Ci\u00e8ncia en streaming<\/a><\/span><\/p>\n<ul>\n<li>Quan vulgueu (24\/7)<\/li>\n<li>Infants i joves<\/li>\n<li>Gratu\u00eft<\/li>\n<li><strong>Qu\u00e8 \u00e9s?&nbsp;<\/strong>La Biennal Ciutat i Ci\u00e8ncia \u00e9s una mirada \u00e0mplia sobre el coneixement cient\u00edfic i la implicaci\u00f3 ciutadana. Una Biennal que compta amb la col\u00b7laboraci\u00f3 d\u2019acad\u00e8mics, investigadors, educadors i cient\u00edfics de la ciutat, amb l\u2019objectiu de reflexionar de manera oberta amb tothom que s\u2019hi vulgui acostar<\/li>\n<\/ul>\n<p><span style=\"color: #99cc00;\">[Contes i can\u00e7ons]<\/span> <span style=\"color: #ff0000;\"><a style=\"color: #ff0000;\" href=\"https:\/\/www.facebook.com\/titiriteros\/\" target=\"_blank\" rel=\"noopener noreferrer\">Contes i can\u00e7ons per a infants<\/a><\/span><\/p>\n<ul>\n<li>Cada mat\u00ed a las 10.00h<\/li>\n<li>Infants<\/li>\n<li>Gratu\u00eft<\/li>\n<li><strong>Qu\u00e8 \u00e9s?&nbsp;<\/strong>Portem m\u00e9s de trenta anys recorrent camins amb els nostres mo\u00f1acos, fent titelles i m\u00fasica pels carrers, places, teatres i carpes. El nostre teatre \u00e9s sempre per a tots: per als nens, tractats com a persones sensibles i intel\u00b7ligents, i per als adults que encara guarden un buit per a la tendresa i per al joc festiu de teatre. Ara, us ho portem&nbsp; a casa!<\/li>\n<\/ul>\n<p><span style=\"color: #99cc00;\">[Lectura]<\/span> <span style=\"color: #ff0000;\"><a style=\"color: #ff0000;\" href=\"http:\/\/instagram.com\/onallibreria\" target=\"_blank\" rel=\"noopener noreferrer\">Club de lectura participatiu<\/a><\/span><\/p>\n<ul>\n<li>Tots els dies de la setmana, menys dissabte i diumenge. A las 11h contacontes i a les 19h club de lectura condu\u00eft pel llibreter Jordi S\u00e1nchez<\/li>\n<li>Infants<\/li>\n<li>Gratu\u00eft<\/li>\n<li><strong>Qu\u00e8 \u00e9s?<\/strong> Programaci\u00f3 virtual d&#8217;Ona Llibres a Instagram.&nbsp;Estan especialitzats en llibres i m\u00fasica en catal\u00e0<\/li>\n<\/ul>\n<p><span style=\"color: #99cc00;\">[M\u00fasica]<\/span> <span style=\"color: #ff0000;\"><a style=\"color: #ff0000;\" href=\"https:\/\/cuarentenafest.tumblr.com\/Horarios\" target=\"_blank\" rel=\"noopener noreferrer\">Cuarantena Fest<\/a><\/span><\/p>\n<ul>\n<li>Tots els dies a partir de les 17h<\/li>\n<li>Joves<\/li>\n<li>Gratu\u00eft<\/li>\n<li><strong>Qu\u00e8 \u00e9s?<\/strong> Artistes en directe per <em>streaming.<\/em> Consulta els artistes que toquen cada dia i apunta&#8217;t al que t&#8217;agradi!<\/li>\n<\/ul>\n<p><span style=\"color: #99cc00;\">[\u00d2pera]<\/span> <span style=\"color: #ff0000;\"><a style=\"color: #ff0000;\" href=\"https:\/\/www.metopera.org\/user-information\/nightly-met-opera-streams\/\" target=\"_blank\" rel=\"noopener noreferrer\">MET New York Opera<\/a><\/span><\/p>\n<ul>\n<li>Cada dia una \u00f2pera diferent, les obres estan disponibles en <em>streaming<\/em> durant 23 hores<\/li>\n<li>Per a tots els p\u00fablics<\/li>\n<li>Subjecte a subscripci\u00f3 (5\u20ac) o usant la prova gratu\u00efta de 7 dies<\/li>\n<li><strong>Qu\u00e8 \u00e9s?<\/strong> La Metropolitan Opera ofereix programaci\u00f3 v\u00e0ria en <em>streaming<\/em><\/li>\n<\/ul>\n<p><span style=\"color: #99cc00;\">[Circ]<\/span> <span style=\"color: #ff0000;\"><a style=\"color: #ff0000;\" href=\"https:\/\/www.cirquedusoleil.com\/cirqueconnect\" target=\"_blank\" rel=\"noopener noreferrer\">Cirque Connect<\/a><\/span><\/p>\n<ul>\n<li>Tots els dies<\/li>\n<li>Per a tots els p\u00fablics<\/li>\n<li>Gratu\u00eft<\/li>\n<li><strong>Qu\u00e8 \u00e9s? <\/strong>CirqueConnect, de Cirque du Soleil, estrena un especial de 60 minuts, que reuneix alguns dels moments m\u00e9s especials de tres dels seus ic\u00f2nics espectacles: KURIOS, Cabinet of Curiosities i LUZIA<\/li>\n<\/ul>\n<p><span style=\"color: #99cc00;\">[Festival: concerts i xerrades]<\/span> <span style=\"color: #ff0000;\"><a style=\"color: #ff0000;\" href=\"https:\/\/www.instagram.com\/festivalesperanzah\/\" target=\"_blank\" rel=\"noopener noreferrer\">Festival Esperanzah<\/a><\/span><\/p>\n<ul>\n<li>Del 6 al 12 d\u2019abril<\/li>\n<li>Infants i joves<\/li>\n<li>Gratu\u00eft<\/li>\n<li><strong>Qu\u00e8 \u00e9s?<\/strong> Festival solidari, inclusiu i gratu\u00eft. Consisteix en un recull de xerrades i concerts que es faran de manera online a trav\u00e9s de l\u2019instagram @festivalesperanzah<\/li>\n<\/ul>\n<p><span style=\"color: #99cc00;\">[Taller]<\/span> <span style=\"color: #ff0000;\"><a style=\"color: #ff0000;\" href=\"https:\/\/www.cccb.org\/es\/actividades\/ficha\/lets-play-sesion-colaborativa-de-construccion-con-minecraft\/233216\" target=\"_blank\" rel=\"noopener noreferrer\">Let\u2019s play! Sessi\u00f3 col\u00b7laborativa de construcci\u00f3 amb el Minecraft<\/a><\/span><\/p>\n<ul>\n<li>29 d\u2019abril a les 18:30h<\/li>\n<li>Infants i joves<\/li>\n<li>Gratu\u00eft<\/li>\n<li><strong>Qu\u00e8 \u00e9s?<\/strong> Us animeu a jugar una partida col\u00b7laborativa de Minecraft amb el youtuber Outconsumer? Entre totes les persones que us inscriviu a l&#8217;activitat preparem una sessi\u00f3 compartida per construir una casa. La sessi\u00f3 estar\u00e0 dirigida pel periodista i youtuber especialitzat Outconsumer, que respondr\u00e0 a dubtes i preguntes i comentar\u00e0 els moviments de la partida col\u00b7lectiva. Les intervencions seran limitades a cinc minuts rotatoris, en manera creativa del joc.&nbsp;<\/li>\n<\/ul>\n<p><span style=\"color: #99cc00;\">[Festival: concerts]<\/span> <span style=\"color: #ff0000;\"><a style=\"color: #ff0000;\" href=\"https:\/\/www.instagram.com\/malditoscantautores_ib\/\" target=\"_blank\" rel=\"noopener noreferrer\">Micro obert, Malditos cantautores<\/a><\/span><\/p>\n<ul>\n<li>Cada dimarts a les 20.30h i cada diumenge a les 19.30h<\/li>\n<li>Infants i joves<\/li>\n<li>Gratu\u00eft<\/li>\n<li><strong>Qu\u00e8 \u00e9s?<\/strong> Festival musical provinent de Mallorca que presenta diferents concerts de cantautors d\u2019arreu del m\u00f3n als quals s\u2019hi pot asistir de manera virtual a trav\u00e9s de l\u2019instagram @malditoscantautores_ib<\/li>\n<\/ul>\n<p><span style=\"color: #99cc00;\">[Exposici\u00f3]<\/span> <span style=\"color: #ff0000;\"><a style=\"color: #ff0000;\" href=\"https:\/\/www.museodelprado.es\/\" target=\"_blank\" rel=\"noopener noreferrer\">Museu del Prado de Madrid<\/a><\/span><\/p>\n<ul>\n<li>Lliure<\/li>\n<li>Infants i joves<\/li>\n<li>Gratu\u00eft<\/li>\n<li><strong>Qu\u00e8 \u00e9s?<\/strong> Per fomentar la cultura en \u00e8poca de confinament, el Museu del Prado de Madrid ha donat a con\u00e8ixer la seva proposa a trav\u00e9s del hashtag #PradoContigo. Podeu accedir a obres, fitxes de les obres, v\u00eddeos explicatius, exposicions temporals, etc.<\/li>\n<\/ul>\n<p><span style=\"color: #99cc00;\">[Festival: concerts]<\/span> <span style=\"color: #ff0000;\"><a style=\"color: #ff0000;\" href=\"https:\/\/www.instagram.com\/micasaesfestival\/\" target=\"_blank\" rel=\"noopener noreferrer\">Mi casa es festival<\/a><\/span><\/p>\n<ul>\n<li>Cada dia a partir de les 18h<\/li>\n<li>Infants i joves<\/li>\n<li>Gratu\u00eft<\/li>\n<li><strong>Qu\u00e8 \u00e9s?<\/strong> Festival musical per animar la quarentena que ofereix concerts en directe de cantants des del seu confinament de manera gratu\u00efta a trav\u00e9s del seu instagram @micasaesfestival<\/li>\n<\/ul>\n<p><span style=\"color: #99cc00;\">[Teatre]<\/span> <span style=\"color: #ff0000;\"><a style=\"color: #ff0000;\" href=\"https:\/\/www.teatrelliure.com\/ca\/general\/programacio-digital\" target=\"_blank\" rel=\"noopener noreferrer\">El temps que estiguem junts<\/a><\/span><\/p>\n<ul>\n<li>De dijous 2 d\u2019abril a dissabte 4 d\u2019abril a les 20h<\/li>\n<li>Joves<\/li>\n<li>Gratu\u00eft<\/li>\n<li><strong>Qu\u00e8 \u00e9s?<\/strong> A trav\u00e9s dels hashtags #LliureAlSof\u00e0 i #TheShowMustGoOn el Teatre Lliure est\u00e0 impulsant l\u2019assist\u00e8ncia virtual a obres de teatre. En aquest cas, ofereix \u201cEl temps que estiguem junts\u201d, dirigit per Pablo Messiez i interpretat per La Kompanyia Lliure (tr\u00e0iler: <a href=\"https:\/\/www.youtube.com\/watch?v=bfvlYX4mw0E&amp;feature=youtu.be\">https:\/\/www.youtube.com\/watch?v=bfvlYX4mw0E&amp;feature=youtu.be<\/a>). La connexi\u00f3 ser\u00e0 tots els dies de 19.45h a 23h i diumenge 4 d&#8217;abril de 17.45h a 21h<\/li>\n<\/ul>\n<p><span style=\"color: #99cc00;\">[M\u00fasica, cuina, fitness i molt m\u00e9s]<\/span> <span style=\"color: #ff0000;\"><a style=\"color: #ff0000;\" href=\"https:\/\/www.instagram.com\/soloencasafestival\/\" target=\"_blank\" rel=\"noopener noreferrer\">Soloencasa festival<\/a><\/span><\/p>\n<ul>\n<li>Cada dia. Es van publicant els cartells els dies anteriors<\/li>\n<li>Infants i joves<\/li>\n<li>Gratu\u00eft<\/li>\n<li><strong>Qu\u00e8 \u00e9s?<\/strong> Festival organitzat per entretenir la quarentena amb diferents activitats: concerts, tallers de maquillatge, manualitats, tutorials i molt m\u00e9s. S\u2019hi pot assistir a trav\u00e9s del seu instagram @soloencasafestival<\/li>\n<\/ul>\n<p><span style=\"color: #99cc00;\">[Concerts]<\/span> <span style=\"color: #ff0000;\"><a style=\"color: #ff0000;\" href=\"https:\/\/www.instagram.com\/ramonmirabet\/\" target=\"_blank\" rel=\"noopener noreferrer\">Ramon Mirabet<\/a><\/span><\/p>\n<ul>\n<li>Cada dia a les 19h<\/li>\n<li>Infants i joves<\/li>\n<li>Gratu\u00eft<\/li>\n<li><strong>Qu\u00e8 \u00e9s?<\/strong> El cantautor ofereix concerts en directe cada dia a trav\u00e9s del seu compte d\u2019instagram @ramonmirabet<\/li>\n<\/ul>\n","protected":false},"excerpt":{"rendered":"<p>&nbsp; El Covid-19 ens tindr\u00e0 confinats i confinades, per\u00f2 la creativitat no s&#8217;atura! Aquest mes, amb la voluntat de respondre a la situaci\u00f3 d&#8217;excepcionalitat que estem vivint, volem compartir amb vosaltres un recull d&#8217;activitats i esdeveniments on podeu participar virtualment amb el vostre t\u00e0ndem fets per a persones amb moltes ganes de compartir i fer &hellip; <a href=\"https:\/\/entandem.cat\/es\/recursos-es\/agenda-cultural-abril-2020-bcn\/\">Continued<\/a><\/p>\n","protected":false},"author":1,"featured_media":6788,"comment_status":"closed","ping_status":"open","sticky":false,"template":"","format":"standard","meta":{"footnotes":""},"categories":[655,320],"tags":[711,680,474,329,706,564,467,485],"class_list":["post-6790","post","type-post","status-publish","format-standard","has-post-thumbnail","hentry","category-barcelona-es","category-recursos-es","tag-2020-es","tag-abril-es","tag-acompanyament-educatiu-es","tag-activitats-es","tag-agenda-es","tag-barcelona-es","tag-entandem-es","tag-joves-es"],"yoast_head":"<!-- This site is optimized with the Yoast SEO plugin v27.0 - https:\/\/yoast.com\/product\/yoast-seo-wordpress\/ -->\n<title>Agenda Cultural - Abril 2020 (BCN) - enT\u00e0ndem<\/title>\n<meta name=\"robots\" content=\"index, follow, max-snippet:-1, max-image-preview:large, max-video-preview:-1\" \/>\n<link rel=\"canonical\" href=\"https:\/\/entandem.cat\/es\/recursos-es\/agenda-cultural-abril-2020-bcn\/\" \/>\n<meta property=\"og:locale\" content=\"es_ES\" \/>\n<meta property=\"og:type\" content=\"article\" \/>\n<meta property=\"og:title\" content=\"Agenda Cultural - Abril 2020 (BCN) - enT\u00e0ndem\" \/>\n<meta property=\"og:description\" content=\"&nbsp; El Covid-19 ens tindr\u00e0 confinats i confinades, per\u00f2 la creativitat no s&#8217;atura! Aquest mes, amb la voluntat de respondre a la situaci\u00f3 d&#8217;excepcionalitat que estem vivint, volem compartir amb vosaltres un recull d&#8217;activitats i esdeveniments on podeu participar virtualment amb el vostre t\u00e0ndem fets per a persones amb moltes ganes de compartir i fer &hellip; Continued\" \/>\n<meta property=\"og:url\" content=\"https:\/\/entandem.cat\/es\/recursos-es\/agenda-cultural-abril-2020-bcn\/\" \/>\n<meta property=\"og:site_name\" content=\"enT\u00e0ndem\" \/>\n<meta property=\"article:publisher\" content=\"https:\/\/www.facebook.com\/afevcat\" \/>\n<meta property=\"article:published_time\" content=\"2020-03-31T17:20:08+00:00\" \/>\n<meta property=\"article:modified_time\" content=\"2020-03-31T17:25:25+00:00\" \/>\n<meta property=\"og:image\" content=\"https:\/\/entandem.cat\/wp-content\/uploads\/2020\/03\/Agenda-Cultural-Abril-2020-copy-1024x683.png\" \/>\n\t<meta property=\"og:image:width\" content=\"1024\" \/>\n\t<meta property=\"og:image:height\" content=\"683\" \/>\n\t<meta property=\"og:image:type\" content=\"image\/png\" \/>\n<meta name=\"author\" content=\"adminTandem\" \/>\n<meta name=\"twitter:card\" content=\"summary_large_image\" \/>\n<meta name=\"twitter:creator\" content=\"@afevcat\" \/>\n<meta name=\"twitter:site\" content=\"@afevcat\" \/>\n<meta name=\"twitter:label1\" content=\"Escrito por\" \/>\n\t<meta name=\"twitter:data1\" content=\"adminTandem\" \/>\n\t<meta name=\"twitter:label2\" content=\"Tiempo de lectura\" \/>\n\t<meta name=\"twitter:data2\" content=\"5 minutos\" \/>\n<script type=\"application\/ld+json\" class=\"yoast-schema-graph\">{\"@context\":\"https:\/\/schema.org\",\"@graph\":[{\"@type\":\"Article\",\"@id\":\"https:\/\/entandem.cat\/es\/recursos-es\/agenda-cultural-abril-2020-bcn\/#article\",\"isPartOf\":{\"@id\":\"https:\/\/entandem.cat\/es\/recursos-es\/agenda-cultural-abril-2020-bcn\/\"},\"author\":{\"name\":\"adminTandem\",\"@id\":\"https:\/\/entandem.cat\/#\/schema\/person\/2111428ce1954193a11054a1e2b5b0da\"},\"headline\":\"Agenda Cultural &#8211; Abril 2020 (BCN)\",\"datePublished\":\"2020-03-31T17:20:08+00:00\",\"dateModified\":\"2020-03-31T17:25:25+00:00\",\"mainEntityOfPage\":{\"@id\":\"https:\/\/entandem.cat\/es\/recursos-es\/agenda-cultural-abril-2020-bcn\/\"},\"wordCount\":1085,\"publisher\":{\"@id\":\"https:\/\/entandem.cat\/#organization\"},\"image\":{\"@id\":\"https:\/\/entandem.cat\/es\/recursos-es\/agenda-cultural-abril-2020-bcn\/#primaryimage\"},\"thumbnailUrl\":\"https:\/\/entandem.cat\/wp-content\/uploads\/2020\/03\/Agenda-Cultural-Abril-2020-copy.png\",\"keywords\":[\"2020\",\"abril\",\"acompanyament educatiu\",\"activitats\",\"agenda\",\"barcelona\",\"entandem\",\"joves\"],\"articleSection\":[\"Barcelona\",\"Recursos\"],\"inLanguage\":\"es\"},{\"@type\":\"WebPage\",\"@id\":\"https:\/\/entandem.cat\/es\/recursos-es\/agenda-cultural-abril-2020-bcn\/\",\"url\":\"https:\/\/entandem.cat\/es\/recursos-es\/agenda-cultural-abril-2020-bcn\/\",\"name\":\"Agenda Cultural - Abril 2020 (BCN) - enT\u00e0ndem\",\"isPartOf\":{\"@id\":\"https:\/\/entandem.cat\/#website\"},\"primaryImageOfPage\":{\"@id\":\"https:\/\/entandem.cat\/es\/recursos-es\/agenda-cultural-abril-2020-bcn\/#primaryimage\"},\"image\":{\"@id\":\"https:\/\/entandem.cat\/es\/recursos-es\/agenda-cultural-abril-2020-bcn\/#primaryimage\"},\"thumbnailUrl\":\"https:\/\/entandem.cat\/wp-content\/uploads\/2020\/03\/Agenda-Cultural-Abril-2020-copy.png\",\"datePublished\":\"2020-03-31T17:20:08+00:00\",\"dateModified\":\"2020-03-31T17:25:25+00:00\",\"breadcrumb\":{\"@id\":\"https:\/\/entandem.cat\/es\/recursos-es\/agenda-cultural-abril-2020-bcn\/#breadcrumb\"},\"inLanguage\":\"es\",\"potentialAction\":[{\"@type\":\"ReadAction\",\"target\":[\"https:\/\/entandem.cat\/es\/recursos-es\/agenda-cultural-abril-2020-bcn\/\"]}]},{\"@type\":\"ImageObject\",\"inLanguage\":\"es\",\"@id\":\"https:\/\/entandem.cat\/es\/recursos-es\/agenda-cultural-abril-2020-bcn\/#primaryimage\",\"url\":\"https:\/\/entandem.cat\/wp-content\/uploads\/2020\/03\/Agenda-Cultural-Abril-2020-copy.png\",\"contentUrl\":\"https:\/\/entandem.cat\/wp-content\/uploads\/2020\/03\/Agenda-Cultural-Abril-2020-copy.png\",\"width\":2592,\"height\":1728,\"caption\":\"Agenda Cultural Abril 2020\"},{\"@type\":\"BreadcrumbList\",\"@id\":\"https:\/\/entandem.cat\/es\/recursos-es\/agenda-cultural-abril-2020-bcn\/#breadcrumb\",\"itemListElement\":[{\"@type\":\"ListItem\",\"position\":1,\"name\":\"Inici\",\"item\":\"https:\/\/entandem.cat\/es\/\"},{\"@type\":\"ListItem\",\"position\":2,\"name\":\"Agenda Cultural &#8211; Abril 2020 (BCN)\"}]},{\"@type\":\"WebSite\",\"@id\":\"https:\/\/entandem.cat\/#website\",\"url\":\"https:\/\/entandem.cat\/\",\"name\":\"enT\u00e0ndem\",\"description\":\"Voluntariat Social Universitari\",\"publisher\":{\"@id\":\"https:\/\/entandem.cat\/#organization\"},\"potentialAction\":[{\"@type\":\"SearchAction\",\"target\":{\"@type\":\"EntryPoint\",\"urlTemplate\":\"https:\/\/entandem.cat\/?s={search_term_string}\"},\"query-input\":{\"@type\":\"PropertyValueSpecification\",\"valueRequired\":true,\"valueName\":\"search_term_string\"}}],\"inLanguage\":\"es\"},{\"@type\":\"Organization\",\"@id\":\"https:\/\/entandem.cat\/#organization\",\"name\":\"enT\u00e0ndem\",\"url\":\"https:\/\/entandem.cat\/\",\"logo\":{\"@type\":\"ImageObject\",\"inLanguage\":\"es\",\"@id\":\"https:\/\/entandem.cat\/#\/schema\/logo\/image\/\",\"url\":\"https:\/\/entandem.cat\/wp-content\/uploads\/2016\/12\/logo-entandem.png\",\"contentUrl\":\"https:\/\/entandem.cat\/wp-content\/uploads\/2016\/12\/logo-entandem.png\",\"width\":166,\"height\":44,\"caption\":\"enT\u00e0ndem\"},\"image\":{\"@id\":\"https:\/\/entandem.cat\/#\/schema\/logo\/image\/\"},\"sameAs\":[\"https:\/\/www.facebook.com\/afevcat\",\"https:\/\/x.com\/afevcat\",\"https:\/\/www.instagram.com\/afevcat\/\"]},{\"@type\":\"Person\",\"@id\":\"https:\/\/entandem.cat\/#\/schema\/person\/2111428ce1954193a11054a1e2b5b0da\",\"name\":\"adminTandem\"}]}<\/script>\n<!-- \/ Yoast SEO plugin. -->","yoast_head_json":{"title":"Agenda Cultural - Abril 2020 (BCN) - enT\u00e0ndem","robots":{"index":"index","follow":"follow","max-snippet":"max-snippet:-1","max-image-preview":"max-image-preview:large","max-video-preview":"max-video-preview:-1"},"canonical":"https:\/\/entandem.cat\/es\/recursos-es\/agenda-cultural-abril-2020-bcn\/","og_locale":"es_ES","og_type":"article","og_title":"Agenda Cultural - Abril 2020 (BCN) - enT\u00e0ndem","og_description":"&nbsp; El Covid-19 ens tindr\u00e0 confinats i confinades, per\u00f2 la creativitat no s&#8217;atura! Aquest mes, amb la voluntat de respondre a la situaci\u00f3 d&#8217;excepcionalitat que estem vivint, volem compartir amb vosaltres un recull d&#8217;activitats i esdeveniments on podeu participar virtualment amb el vostre t\u00e0ndem fets per a persones amb moltes ganes de compartir i fer &hellip; Continued","og_url":"https:\/\/entandem.cat\/es\/recursos-es\/agenda-cultural-abril-2020-bcn\/","og_site_name":"enT\u00e0ndem","article_publisher":"https:\/\/www.facebook.com\/afevcat","article_published_time":"2020-03-31T17:20:08+00:00","article_modified_time":"2020-03-31T17:25:25+00:00","og_image":[{"width":1024,"height":683,"url":"https:\/\/entandem.cat\/wp-content\/uploads\/2020\/03\/Agenda-Cultural-Abril-2020-copy-1024x683.png","type":"image\/png"}],"author":"adminTandem","twitter_card":"summary_large_image","twitter_creator":"@afevcat","twitter_site":"@afevcat","twitter_misc":{"Escrito por":"adminTandem","Tiempo de lectura":"5 minutos"},"schema":{"@context":"https:\/\/schema.org","@graph":[{"@type":"Article","@id":"https:\/\/entandem.cat\/es\/recursos-es\/agenda-cultural-abril-2020-bcn\/#article","isPartOf":{"@id":"https:\/\/entandem.cat\/es\/recursos-es\/agenda-cultural-abril-2020-bcn\/"},"author":{"name":"adminTandem","@id":"https:\/\/entandem.cat\/#\/schema\/person\/2111428ce1954193a11054a1e2b5b0da"},"headline":"Agenda Cultural &#8211; Abril 2020 (BCN)","datePublished":"2020-03-31T17:20:08+00:00","dateModified":"2020-03-31T17:25:25+00:00","mainEntityOfPage":{"@id":"https:\/\/entandem.cat\/es\/recursos-es\/agenda-cultural-abril-2020-bcn\/"},"wordCount":1085,"publisher":{"@id":"https:\/\/entandem.cat\/#organization"},"image":{"@id":"https:\/\/entandem.cat\/es\/recursos-es\/agenda-cultural-abril-2020-bcn\/#primaryimage"},"thumbnailUrl":"https:\/\/entandem.cat\/wp-content\/uploads\/2020\/03\/Agenda-Cultural-Abril-2020-copy.png","keywords":["2020","abril","acompanyament educatiu","activitats","agenda","barcelona","entandem","joves"],"articleSection":["Barcelona","Recursos"],"inLanguage":"es"},{"@type":"WebPage","@id":"https:\/\/entandem.cat\/es\/recursos-es\/agenda-cultural-abril-2020-bcn\/","url":"https:\/\/entandem.cat\/es\/recursos-es\/agenda-cultural-abril-2020-bcn\/","name":"Agenda Cultural - Abril 2020 (BCN) - enT\u00e0ndem","isPartOf":{"@id":"https:\/\/entandem.cat\/#website"},"primaryImageOfPage":{"@id":"https:\/\/entandem.cat\/es\/recursos-es\/agenda-cultural-abril-2020-bcn\/#primaryimage"},"image":{"@id":"https:\/\/entandem.cat\/es\/recursos-es\/agenda-cultural-abril-2020-bcn\/#primaryimage"},"thumbnailUrl":"https:\/\/entandem.cat\/wp-content\/uploads\/2020\/03\/Agenda-Cultural-Abril-2020-copy.png","datePublished":"2020-03-31T17:20:08+00:00","dateModified":"2020-03-31T17:25:25+00:00","breadcrumb":{"@id":"https:\/\/entandem.cat\/es\/recursos-es\/agenda-cultural-abril-2020-bcn\/#breadcrumb"},"inLanguage":"es","potentialAction":[{"@type":"ReadAction","target":["https:\/\/entandem.cat\/es\/recursos-es\/agenda-cultural-abril-2020-bcn\/"]}]},{"@type":"ImageObject","inLanguage":"es","@id":"https:\/\/entandem.cat\/es\/recursos-es\/agenda-cultural-abril-2020-bcn\/#primaryimage","url":"https:\/\/entandem.cat\/wp-content\/uploads\/2020\/03\/Agenda-Cultural-Abril-2020-copy.png","contentUrl":"https:\/\/entandem.cat\/wp-content\/uploads\/2020\/03\/Agenda-Cultural-Abril-2020-copy.png","width":2592,"height":1728,"caption":"Agenda Cultural Abril 2020"},{"@type":"BreadcrumbList","@id":"https:\/\/entandem.cat\/es\/recursos-es\/agenda-cultural-abril-2020-bcn\/#breadcrumb","itemListElement":[{"@type":"ListItem","position":1,"name":"Inici","item":"https:\/\/entandem.cat\/es\/"},{"@type":"ListItem","position":2,"name":"Agenda Cultural &#8211; Abril 2020 (BCN)"}]},{"@type":"WebSite","@id":"https:\/\/entandem.cat\/#website","url":"https:\/\/entandem.cat\/","name":"enT\u00e0ndem","description":"Voluntariat Social Universitari","publisher":{"@id":"https:\/\/entandem.cat\/#organization"},"potentialAction":[{"@type":"SearchAction","target":{"@type":"EntryPoint","urlTemplate":"https:\/\/entandem.cat\/?s={search_term_string}"},"query-input":{"@type":"PropertyValueSpecification","valueRequired":true,"valueName":"search_term_string"}}],"inLanguage":"es"},{"@type":"Organization","@id":"https:\/\/entandem.cat\/#organization","name":"enT\u00e0ndem","url":"https:\/\/entandem.cat\/","logo":{"@type":"ImageObject","inLanguage":"es","@id":"https:\/\/entandem.cat\/#\/schema\/logo\/image\/","url":"https:\/\/entandem.cat\/wp-content\/uploads\/2016\/12\/logo-entandem.png","contentUrl":"https:\/\/entandem.cat\/wp-content\/uploads\/2016\/12\/logo-entandem.png","width":166,"height":44,"caption":"enT\u00e0ndem"},"image":{"@id":"https:\/\/entandem.cat\/#\/schema\/logo\/image\/"},"sameAs":["https:\/\/www.facebook.com\/afevcat","https:\/\/x.com\/afevcat","https:\/\/www.instagram.com\/afevcat\/"]},{"@type":"Person","@id":"https:\/\/entandem.cat\/#\/schema\/person\/2111428ce1954193a11054a1e2b5b0da","name":"adminTandem"}]}},"_links":{"self":[{"href":"https:\/\/entandem.cat\/es\/wp-json\/wp\/v2\/posts\/6790","targetHints":{"allow":["GET"]}}],"collection":[{"href":"https:\/\/entandem.cat\/es\/wp-json\/wp\/v2\/posts"}],"about":[{"href":"https:\/\/entandem.cat\/es\/wp-json\/wp\/v2\/types\/post"}],"author":[{"embeddable":true,"href":"https:\/\/entandem.cat\/es\/wp-json\/wp\/v2\/users\/1"}],"replies":[{"embeddable":true,"href":"https:\/\/entandem.cat\/es\/wp-json\/wp\/v2\/comments?post=6790"}],"version-history":[{"count":0,"href":"https:\/\/entandem.cat\/es\/wp-json\/wp\/v2\/posts\/6790\/revisions"}],"wp:featuredmedia":[{"embeddable":true,"href":"https:\/\/entandem.cat\/es\/wp-json\/wp\/v2\/media\/6788"}],"wp:attachment":[{"href":"https:\/\/entandem.cat\/es\/wp-json\/wp\/v2\/media?parent=6790"}],"wp:term":[{"taxonomy":"category","embeddable":true,"href":"https:\/\/entandem.cat\/es\/wp-json\/wp\/v2\/categories?post=6790"},{"taxonomy":"post_tag","embeddable":true,"href":"https:\/\/entandem.cat\/es\/wp-json\/wp\/v2\/tags?post=6790"}],"curies":[{"name":"wp","href":"https:\/\/api.w.org\/{rel}","templated":true}]}}