{"id":6755,"date":"2020-03-30T13:13:20","date_gmt":"2020-03-30T13:13:20","guid":{"rendered":"https:\/\/entandem.cat\/?p=6755"},"modified":"2020-04-02T13:06:22","modified_gmt":"2020-04-02T13:06:22","slug":"agenda-cultural-abril-2020-vlc","status":"publish","type":"post","link":"https:\/\/entandem.cat\/es\/recursos-es\/agenda-cultural-abril-2020-vlc\/","title":{"rendered":"Agenda cultural &#8211; Abril 2020 (VLC)"},"content":{"rendered":"\n<p><span style=\"color: #000000;\"><span style=\"font-family: Arial, sans-serif;\"><span style=\"font-size: medium;\">Aquest mes et proposem una agenda cultural un poc especial&#8230; Ens adaptem a la situaci\u00f3 amb una <\/span><\/span><\/span><span style=\"color: #000000;\"><span style=\"font-family: Arial, sans-serif;\"><span style=\"font-size: medium;\"><b>agenda cultural virtual<\/b><\/span><\/span><\/span><span style=\"color: #000000;\"><span style=\"font-family: Arial, sans-serif;\"><span style=\"font-size: medium;\"> perqu\u00e8 pugues proposar activitats al teu t\u00e0ndem a dist\u00e0ncia \ud83d\ude42 <br \/>En el programa: m\u00fasica, esport, museus, teatre, tallers&#8230; <br \/>Aix\u00ed que&#8230; als vostres ordinadors, m\u00f2bils, tablets !<br \/><br \/><\/span><\/span><\/span><span style=\"color: #000000;\"><span style=\"font-family: Arial, sans-serif;\"><span style=\"font-size: medium;\"><b>Especial Val\u00e8ncia :<\/b><\/span><\/span><\/span><span style=\"color: #000000;\"><span style=\"font-family: Arial, sans-serif;\"><span style=\"font-size: medium;\"><br \/><\/span><\/span><\/span><span style=\"color: #99cc00;\"><span style=\"font-family: Arial, sans-serif;\"><span style=\"font-size: medium;\">[Cultura]<\/span><\/span><\/span> <span style=\"color: #ff0000;\"><span style=\"font-family: Arial, sans-serif;\"><span style=\"font-size: medium;\">\u201c<a href=\"https:\/\/ivc.gva.es\/val\/ivc-val\/noucanalivc\">Canal QuedatACasa de l\u2019Institut Val\u00e8ncia de Cultura<\/a>\u201d<\/span><\/span><\/span><span style=\"color: #000000;\"><span style=\"font-family: Arial, sans-serif;\"><span style=\"font-size: medium;\"><br \/>&#8211; Cada setmana una proposta diferent de programaci\u00f3 cultural. <br \/>&#8211; Per a tots els p\u00fablics<br \/>&#8211; Gratu\u00eft<br \/>&#8211; Qu\u00e8 \u00e9s: Proposta diferent de programaci\u00f3 cultural cada setmana : audiovisuals, arts esc\u00e8nics, musicals i pl\u00e0stics.<br \/><br \/><\/span><\/span><\/span><span style=\"color: #99cc00;\"><span style=\"font-family: Arial, sans-serif;\"><span style=\"font-size: medium;\">[Museu]<\/span><\/span><\/span> <span style=\"color: #ff0000;\"><span style=\"font-family: Arial, sans-serif;\"><span style=\"font-size: medium;\">\u201c<a href=\"https:\/\/www.bombasgens.com\/activitats\/bombas-gens-virtual\/\">Bombas Gens Virtual<\/a>\u201d<\/span><\/span><\/span><span style=\"color: #000000;\"><span style=\"font-family: Arial, sans-serif;\"><span style=\"font-size: medium;\"><br \/>&#8211; Propostes d\u2019activitats i iniciatives durant el per\u00edode #QuedatACasa.<br \/>&#8211; Per a tots els p\u00fablics<br \/>&#8211; Gratu\u00eft<br \/>&#8211; Qu\u00e8 \u00e9s: Si tu no pots vindre a Bombas Gens, nosaltres anem fins a ta casa. Aix\u00f2 s\u00ed, a trav\u00e9s de la pantalla. Seguim treballant perqu\u00e8 continues disfrutant de les nostres exposicions, la Col\u00b7lecci\u00f3 Per Amor a l\u2019Art, el programa d\u2019activitats, el patrimoni i moltes altres coses, sense eixir de casa.<br \/><br \/><\/span><\/span><\/span><span style=\"color: #99cc00;\"><span style=\"font-family: Arial, sans-serif;\"><span style=\"font-size: medium;\">[Visites virtuals]<\/span><\/span><\/span> <span style=\"color: #ff0000;\"><span style=\"font-family: Arial, sans-serif;\"><span style=\"font-size: medium;\">\u201cMuseus, monuments, parcs\u201d<\/span><\/span><\/span><span style=\"color: #000000;\"><span style=\"font-family: Arial, sans-serif;\"><span style=\"font-size: medium;\"><br \/>&#8211; Tots els dies.<br \/>&#8211; <span style=\"color: #000000;\"><a style=\"color: #000000;\" href=\"https:\/\/www.oceanografic.org\/visita-virtual\/\">Oceanogr\u00e0fic<\/a> <\/span><br \/><span style=\"color: #000000;\"><a style=\"color: #000000;\" href=\"https:\/\/www.google.es\/maps?ll=39.478248,-0.410181&amp;spn=0.000002,0.001308&amp;t=h&amp;layer=c&amp;cbll=39.478263,-0.410227&amp;panoid=WZ6Cos9XsKIMzEu4TBWUWw&amp;cbp=12,31.1,,0,6.88&amp;z=20\">Bioparc<\/a> <\/span><\/span><\/span><a style=\"color: #000000;\" href=\"https:\/\/www.google.es\/maps?ll=39.478248,-0.410181&amp;spn=0.000002,0.001308&amp;t=h&amp;layer=c&amp;cbll=39.478263,-0.410227&amp;panoid=WZ6Cos9XsKIMzEu4TBWUWw&amp;cbp=12,31.1,,0,6.88&amp;z=20\"><span style=\"font-family: Arial, sans-serif;\"><span style=\"font-size: medium;\"><u><br \/><\/u><\/span><\/span><\/a><span style=\"font-family: Arial, sans-serif;\"><span style=\"font-size: medium;\"><span style=\"color: #000000;\"><a style=\"color: #000000;\" href=\"http:\/\/rec.mestreacasa.gva.es\/som_cultura\/visita5\/VISITA%20VIRTUAL%20MUSEO%20DE%20BBAA.html?\">Museu de Belles Arts<\/a> <\/span><br \/><span style=\"color: #000000;\"><a style=\"color: #000000;\" href=\"https:\/\/www.youtube.com\/watch?v=42vLQt7Xa1Y&amp;feature=emb_title\">Palacio del Marqu\u00e8s de los aguas<\/a> <\/span><br \/><span style=\"color: #000000;\"><a style=\"color: #000000;\" href=\"http:\/\/www.visitavirtualsannicolasvalencia.com\/\">Iglesia de San Nicolas de Val\u00e8ncia<\/a> <\/span><\/span><\/span><\/span><\/p>\n<p><span style=\"color: #000000;\"><span style=\"font-family: Arial, sans-serif;\"><span style=\"font-size: medium;\"><span style=\"color: #000000;\"><a style=\"color: #000000;\" href=\"https:\/\/my.matterport.com\/show\/?m=kdzJ1ckHDCq\">Museu Faller<\/a><\/span><br \/>&#8211; Per a tots els p\u00fablics<br \/>&#8211; Gratu\u00eft<br \/>&#8211; Qu\u00e8 \u00e9s: Recopilaci\u00f3 de museus i llocs de Val\u00e8ncia que es poden visitar des de l&#8217;ordinador o el teu m\u00f2bil, sense haver d&#8217;eixir de casa.<br \/><\/span><\/span><\/span><\/p>\n<p><span style=\"color: #99cc00;\">[Esports]<\/span> <span style=\"color: #800000;\">\u201c<span class=\"r-18u37iz\"><a class=\"css-4rbku5 css-18t94o4 css-901oao css-16my406 r-1n1174f r-1loqt21 r-1qd0xha r-ad9z0x r-bcqeeo r-1ny4l3l r-1ddef8g r-qvutc0\" dir=\"ltr\" style=\"color: #800000;\" role=\"link\" href=\"https:\/\/twitter.com\/hashtag\/valenciaentrenaencasa?src=hashtag_click\" data-focusable=\"true\">#valenciaentrenaencasa<\/a><\/span>\u201d<\/span><br \/><span style=\"color: #000000;\">&#8211; Tots els dies.<\/span><br \/><span style=\"color: #000000;\">&#8211; Per a tots els p\u00fablics<\/span><br \/><span style=\"color: #000000;\">&#8211; Gratu\u00eft<\/span><br \/><span style=\"color: #000000;\">&#8211; Qu\u00e8 \u00e9s: Cada dia, a trav\u00e9s de les xarxes socials de la FDM (concretament en Facebook i Twitter), es penjar\u00e0 l&#8217;enlla\u00e7 amb les classes del dia (de 45 minuts cadascuna) perqu\u00e8 els valencians i les valencianes puguen exercitar-se des de les seues cases i amenitzar aix\u00ed el confinament. Poden realitzar activitats com a pilates, ioga, fitness llat\u00ed, GAP, balls de sal\u00f3, gimn\u00e0stica de manteniment, Esport i Salut, taitx\u00ed&#8230; S&#8217;adaptaran activitats aqu\u00e0tiques com l&#8217;aiguagim, la matronataci\u00f3, l&#8217;entrenament a adults, l&#8217;entrenament escolar, o la sincronitzada, entre altres.<\/span><\/p>\n<p><span style=\"color: #99cc00;\"><span style=\"font-family: Arial, sans-serif;\"><span style=\"font-size: medium;\">[Teatre]<\/span><\/span><\/span> <span style=\"color: #ff0000;\"><span style=\"font-family: Arial, sans-serif;\"><span style=\"font-size: medium;\">\u201c<a href=\"https:\/\/www.teatroflumen.es\/programacion.html\">Teatre Flumen online<\/a>\u201d<\/span><\/span><\/span><span style=\"color: #000000;\"><span style=\"font-family: Arial, sans-serif;\"><span style=\"font-size: medium;\"><br \/>&#8211; Tots els dies<br \/>&#8211; Per a tots els p\u00fablics<br \/>&#8211; Gratu\u00eft<br \/>&#8211; Qu\u00e8 \u00e9s: Espectacles de teatre.<br \/><br \/><\/span><\/span><\/span><span style=\"color: #000000;\"><span style=\"font-family: Arial, sans-serif;\"><span style=\"font-size: medium;\"><b>General :<\/b><\/span><\/span><\/span><span style=\"color: #000000;\"><span style=\"font-family: Arial, sans-serif;\"><span style=\"font-size: medium;\"><br \/><\/span><\/span><\/span><span style=\"color: #99cc00;\"><span style=\"font-family: Arial, sans-serif;\"><span style=\"font-size: medium;\">[Festival cine]<\/span><\/span><\/span> <span style=\"color: #ff0000;\"><span style=\"font-family: Arial, sans-serif;\"><span style=\"font-size: medium;\">\u201c<a href=\"http:\/\/www.cortosencasa.es\/\">Cortos en casa<\/a>\u201d<\/span><\/span><\/span><span style=\"color: #000000;\"><span style=\"font-family: Arial, sans-serif;\"><span style=\"font-size: medium;\"><br \/>&#8211; Tots els dies a les 11h. Fins al 3 d&#8217;abril.\u00a0<\/span><\/span><\/span><\/p>\n<p><span style=\"color: #000000;\"><span style=\"font-family: Arial, sans-serif;\"><span style=\"font-size: medium;\">&#8211; Per a tots els p\u00fablics<br \/>&#8211; Gratu\u00eft<br \/>&#8211; Qu\u00e8 \u00e9s: Tres t\u00edtols de curtmetratges que es poden veure durant 24 hores.<br \/><br \/><\/span><\/span><\/span><span style=\"color: #99cc00;\"><span style=\"font-family: Arial, sans-serif;\"><span style=\"font-size: medium;\">[Festival]<\/span><\/span><\/span> <span style=\"color: #ff0000;\"><span style=\"font-family: Arial, sans-serif;\"><span style=\"font-size: medium;\">\u201c<a href=\"https:\/\/www.instagram.com\/soloencasafestival\/\">Solo en casa<\/a>\u201d<\/span><\/span><\/span><span style=\"color: #000000;\"><span style=\"font-family: Arial, sans-serif;\"><span style=\"font-size: medium;\"><br \/>&#8211; Tots els dies a les 12h12, 18h18 y 20h20<br \/>&#8211; Per a tots els p\u00fablics<br \/>&#8211; Gratu\u00eft<br \/>&#8211; Qu\u00e8 \u00e9s: un festival no sols de m\u00fasica per a fer aquesta quarantena una aut\u00e8ntica festa i convertir Instagram en un espai d&#8217;oci digital on disfrutarem en directe d&#8217;activitats programades per a tots els gustos i colors.<br \/><br \/><\/span><\/span><\/span><span style=\"color: #99cc00;\"><span style=\"font-family: Arial, sans-serif;\"><span style=\"font-size: medium;\">[Festival]<\/span><\/span><\/span> <span style=\"color: #ff0000;\"><span style=\"font-family: Arial, sans-serif;\"><span style=\"font-size: medium;\">\u201c<a href=\"https:\/\/www.instagram.com\/innerciaspain\/\">Inner Sessions<\/a>\u201d<\/span><\/span><\/span><span style=\"color: #000000;\"><span style=\"font-family: Arial, sans-serif;\"><span style=\"font-size: medium;\"><br \/>&#8211; Tots els dies a les 20h.<br \/>&#8211; Per a tots els p\u00fablics<br \/>&#8211; Gratu\u00eft<br \/>&#8211; Qu\u00e8 \u00e9s: Un artista diferent cada nit.<br \/><br \/><\/span><\/span><\/span><span style=\"color: #99cc00;\"><span style=\"font-family: Arial, sans-serif;\"><span style=\"font-size: medium;\">[Esports]<\/span><\/span><\/span> <span style=\"color: #ff0000;\"><span style=\"font-family: Arial, sans-serif;\"><span style=\"font-size: medium;\">\u201c<a href=\"https:\/\/www.claror.cat\/cancaralleu\/noticia\/claror-a-casa\">Sessiones d&#8217;entrenament des de casa<\/a>\u201d<\/span><\/span><\/span><span style=\"color: #000000;\"><span style=\"font-family: Arial, sans-serif;\"><span style=\"font-size: medium;\"><br \/>&#8211; Dimarts i Dijous <br \/>&#8211; Infants i joves<br \/>&#8211; Gratu\u00eft<br \/>&#8211; Qu\u00e8 \u00e9s: Classes dirigides de fitness : un munt d\u2019activitats diferents (ioga, dance, estirements, pilates\u2026).<br \/><br \/><\/span><\/span><\/span><span style=\"color: #99cc00;\"><span style=\"font-family: Arial, sans-serif;\"><span style=\"font-size: medium;\">[Lectura] <\/span><\/span><\/span><span style=\"color: #ff0000;\"><span style=\"font-family: Arial, sans-serif;\"><span style=\"font-size: medium;\">\u00ab<a href=\"https:\/\/www.juntadeandalucia.es\/cultura\/agendaculturaldeandalucia\/evento\/cuentacuentos-8-cuentos-para-ninos-y-ninas-rebeldes-online\">Lectura online\u00a0 de cuentos para ni\u00f1xs<\/a>\u00ab<\/span><\/span><\/span><\/p>\n<p><span style=\"color: #000000;\"><span style=\"font-family: Arial, sans-serif;\"><span style=\"font-size: medium;\">-Tots els dies fins el 31 de Maig<br \/>-Infants i joves<br \/>-Gratu\u00eft<br \/>-Qu\u00e8 \u00e9s? 8 contes per a xiquets i xiquetes rebels, ro\u00efns i independents, disponibles en Youtube. <br \/><br \/><\/span><\/span><\/span><span style=\"color: #99cc00;\"><span style=\"font-family: Arial, sans-serif;\"><span style=\"font-size: medium;\">[Musica]<\/span><\/span><\/span> <span style=\"color: #ff0000;\"><span style=\"font-family: Arial, sans-serif;\"><span style=\"font-size: medium;\">\u00ab<a href=\"https:\/\/www.metopera.org\/\">Nightly Met Opera Streams<\/a>\u201d<\/span><\/span><\/span><span style=\"color: #000000;\"><span style=\"font-family: Arial, sans-serif;\"><span style=\"font-size: medium;\"><br \/>-Cada nit una \u00f3pera.<br \/>-Per a tots els p\u00fablics<br \/>-Gratu\u00eft<br \/>-Qu\u00e8 \u00e9s? El MET Opera House de Nova York oferir\u00e0 cada nit una \u00f2pera.<br \/><br \/><\/span><\/span><\/span><span style=\"color: #99cc00;\"><span style=\"font-family: Arial, sans-serif;\"><span style=\"font-size: medium;\">[Teatre]<\/span><\/span><\/span> <span style=\"color: #ff0000;\"><span style=\"font-family: Arial, sans-serif;\"><span style=\"font-size: medium;\">\u00ab<a href=\"http:\/\/teatroteca.teatro.es\/opac\/#index\">Obras de teatre en casa<\/a>\u201d<\/span><\/span><\/span><span style=\"color: #000000;\"><span style=\"font-family: Arial, sans-serif;\"><span style=\"font-size: medium;\"><br \/>-Tots els dies.<br \/>-Per a tots els p\u00fablics<br \/>-Gratu\u00eft<br \/>-Qu\u00e8 \u00e9s? Obres de teatre cl\u00e0ssiques que s&#8217;han programat en els teatres del pa\u00eds per\u00f2, tamb\u00e9, espectacles infantils, m\u00e9s moderns i obres de recent creaci\u00f3.<br \/><br \/><\/span><\/span><\/span><span style=\"color: #99cc00;\"><span style=\"font-family: Arial, sans-serif;\"><span style=\"font-size: medium;\">[Cirque du soleil]<\/span><\/span><\/span> <span style=\"color: #ff0000;\"><span style=\"font-family: Arial, sans-serif;\"><span style=\"font-size: medium;\">\u00ab<a href=\"https:\/\/www.cirquedusoleil.com\/cirqueconnect\">CirqueConnect<\/a>\u201d<\/span><\/span><\/span><span style=\"color: #000000;\"><span style=\"font-family: Arial, sans-serif;\"><span style=\"font-size: medium;\"><br \/>-Tots els dies.<br \/>-Per a tots els p\u00fablics<br \/>-Gratu\u00eft<br \/>-Qu\u00e8 \u00e9s? CirqueConnect estrenar\u00e0 un especial de 60 minuts, que reunix alguns dels moments m\u00e9s especials de tres dels seus ic\u00f2nics espectacles: KURIOS, Cabinet of Curiosities i LUZIA.<\/span><\/span><\/span><\/p>\n","protected":false},"excerpt":{"rendered":"<p>Aquest mes et proposem una agenda cultural un poc especial&#8230; Ens adaptem a la situaci\u00f3 amb una agenda cultural virtual perqu\u00e8 pugues proposar activitats al teu t\u00e0ndem a dist\u00e0ncia \ud83d\ude42 En el programa: m\u00fasica, esport, museus, teatre, tallers&#8230; Aix\u00ed que&#8230; als vostres ordinadors, m\u00f2bils, tablets ! Especial Val\u00e8ncia :[Cultura] \u201cCanal QuedatACasa de l\u2019Institut Val\u00e8ncia de &hellip; <a href=\"https:\/\/entandem.cat\/es\/recursos-es\/agenda-cultural-abril-2020-vlc\/\">Continued<\/a><\/p>\n","protected":false},"author":1,"featured_media":6771,"comment_status":"closed","ping_status":"open","sticky":false,"template":"","format":"standard","meta":{"footnotes":""},"categories":[320,657],"tags":[511,565,675,663,710,568,578],"class_list":["post-6755","post","type-post","status-publish","format-standard","has-post-thumbnail","hentry","category-recursos-es","category-valencia-es","tag-cine-es","tag-cultura-es","tag-espectacle-es","tag-esport-es","tag-museu-es","tag-musica-es","tag-teatre-es"],"yoast_head":"<!-- This site is optimized with the Yoast SEO plugin v27.0 - https:\/\/yoast.com\/product\/yoast-seo-wordpress\/ -->\n<title>Agenda cultural - Abril 2020 (VLC) - enT\u00e0ndem<\/title>\n<meta name=\"robots\" content=\"index, follow, max-snippet:-1, max-image-preview:large, max-video-preview:-1\" \/>\n<link rel=\"canonical\" href=\"https:\/\/entandem.cat\/es\/recursos-es\/agenda-cultural-abril-2020-vlc\/\" \/>\n<meta property=\"og:locale\" content=\"es_ES\" \/>\n<meta property=\"og:type\" content=\"article\" \/>\n<meta property=\"og:title\" content=\"Agenda cultural - Abril 2020 (VLC) - enT\u00e0ndem\" \/>\n<meta property=\"og:description\" content=\"Aquest mes et proposem una agenda cultural un poc especial&#8230; Ens adaptem a la situaci\u00f3 amb una agenda cultural virtual perqu\u00e8 pugues proposar activitats al teu t\u00e0ndem a dist\u00e0ncia \ud83d\ude42 En el programa: m\u00fasica, esport, museus, teatre, tallers&#8230; Aix\u00ed que&#8230; als vostres ordinadors, m\u00f2bils, tablets ! Especial Val\u00e8ncia :[Cultura] \u201cCanal QuedatACasa de l\u2019Institut Val\u00e8ncia de &hellip; Continued\" \/>\n<meta property=\"og:url\" content=\"https:\/\/entandem.cat\/es\/recursos-es\/agenda-cultural-abril-2020-vlc\/\" \/>\n<meta property=\"og:site_name\" content=\"enT\u00e0ndem\" \/>\n<meta property=\"article:publisher\" content=\"https:\/\/www.facebook.com\/afevcat\" \/>\n<meta property=\"article:published_time\" content=\"2020-03-30T13:13:20+00:00\" \/>\n<meta property=\"article:modified_time\" content=\"2020-04-02T13:06:22+00:00\" \/>\n<meta property=\"og:image\" content=\"https:\/\/entandem.cat\/wp-content\/uploads\/2020\/03\/AGENDA-CULTURAL-VLC-Abril-20201.jpg\" \/>\n\t<meta property=\"og:image:width\" content=\"1920\" \/>\n\t<meta property=\"og:image:height\" content=\"1080\" \/>\n\t<meta property=\"og:image:type\" content=\"image\/jpeg\" \/>\n<meta name=\"author\" content=\"adminTandem\" \/>\n<meta name=\"twitter:card\" content=\"summary_large_image\" \/>\n<meta name=\"twitter:creator\" content=\"@afevcat\" \/>\n<meta name=\"twitter:site\" content=\"@afevcat\" \/>\n<meta name=\"twitter:label1\" content=\"Escrito por\" \/>\n\t<meta name=\"twitter:data1\" content=\"adminTandem\" \/>\n\t<meta name=\"twitter:label2\" content=\"Tiempo de lectura\" \/>\n\t<meta name=\"twitter:data2\" content=\"3 minutos\" \/>\n<script type=\"application\/ld+json\" class=\"yoast-schema-graph\">{\"@context\":\"https:\/\/schema.org\",\"@graph\":[{\"@type\":\"Article\",\"@id\":\"https:\/\/entandem.cat\/es\/recursos-es\/agenda-cultural-abril-2020-vlc\/#article\",\"isPartOf\":{\"@id\":\"https:\/\/entandem.cat\/es\/recursos-es\/agenda-cultural-abril-2020-vlc\/\"},\"author\":{\"name\":\"adminTandem\",\"@id\":\"https:\/\/entandem.cat\/#\/schema\/person\/2111428ce1954193a11054a1e2b5b0da\"},\"headline\":\"Agenda cultural &#8211; Abril 2020 (VLC)\",\"datePublished\":\"2020-03-30T13:13:20+00:00\",\"dateModified\":\"2020-04-02T13:06:22+00:00\",\"mainEntityOfPage\":{\"@id\":\"https:\/\/entandem.cat\/es\/recursos-es\/agenda-cultural-abril-2020-vlc\/\"},\"wordCount\":690,\"publisher\":{\"@id\":\"https:\/\/entandem.cat\/#organization\"},\"image\":{\"@id\":\"https:\/\/entandem.cat\/es\/recursos-es\/agenda-cultural-abril-2020-vlc\/#primaryimage\"},\"thumbnailUrl\":\"https:\/\/entandem.cat\/wp-content\/uploads\/2020\/03\/AGENDA-CULTURAL-VLC-Abril-20201.jpg\",\"keywords\":[\"cine\",\"cultura\",\"espectacle\",\"esport\",\"museu\",\"musica\",\"teatre\"],\"articleSection\":[\"Recursos\",\"Valencia\"],\"inLanguage\":\"es\"},{\"@type\":\"WebPage\",\"@id\":\"https:\/\/entandem.cat\/es\/recursos-es\/agenda-cultural-abril-2020-vlc\/\",\"url\":\"https:\/\/entandem.cat\/es\/recursos-es\/agenda-cultural-abril-2020-vlc\/\",\"name\":\"Agenda cultural - Abril 2020 (VLC) - enT\u00e0ndem\",\"isPartOf\":{\"@id\":\"https:\/\/entandem.cat\/#website\"},\"primaryImageOfPage\":{\"@id\":\"https:\/\/entandem.cat\/es\/recursos-es\/agenda-cultural-abril-2020-vlc\/#primaryimage\"},\"image\":{\"@id\":\"https:\/\/entandem.cat\/es\/recursos-es\/agenda-cultural-abril-2020-vlc\/#primaryimage\"},\"thumbnailUrl\":\"https:\/\/entandem.cat\/wp-content\/uploads\/2020\/03\/AGENDA-CULTURAL-VLC-Abril-20201.jpg\",\"datePublished\":\"2020-03-30T13:13:20+00:00\",\"dateModified\":\"2020-04-02T13:06:22+00:00\",\"breadcrumb\":{\"@id\":\"https:\/\/entandem.cat\/es\/recursos-es\/agenda-cultural-abril-2020-vlc\/#breadcrumb\"},\"inLanguage\":\"es\",\"potentialAction\":[{\"@type\":\"ReadAction\",\"target\":[\"https:\/\/entandem.cat\/es\/recursos-es\/agenda-cultural-abril-2020-vlc\/\"]}]},{\"@type\":\"ImageObject\",\"inLanguage\":\"es\",\"@id\":\"https:\/\/entandem.cat\/es\/recursos-es\/agenda-cultural-abril-2020-vlc\/#primaryimage\",\"url\":\"https:\/\/entandem.cat\/wp-content\/uploads\/2020\/03\/AGENDA-CULTURAL-VLC-Abril-20201.jpg\",\"contentUrl\":\"https:\/\/entandem.cat\/wp-content\/uploads\/2020\/03\/AGENDA-CULTURAL-VLC-Abril-20201.jpg\",\"width\":1920,\"height\":1080},{\"@type\":\"BreadcrumbList\",\"@id\":\"https:\/\/entandem.cat\/es\/recursos-es\/agenda-cultural-abril-2020-vlc\/#breadcrumb\",\"itemListElement\":[{\"@type\":\"ListItem\",\"position\":1,\"name\":\"Inici\",\"item\":\"https:\/\/entandem.cat\/es\/\"},{\"@type\":\"ListItem\",\"position\":2,\"name\":\"Agenda cultural &#8211; Abril 2020 (VLC)\"}]},{\"@type\":\"WebSite\",\"@id\":\"https:\/\/entandem.cat\/#website\",\"url\":\"https:\/\/entandem.cat\/\",\"name\":\"enT\u00e0ndem\",\"description\":\"Voluntariat Social Universitari\",\"publisher\":{\"@id\":\"https:\/\/entandem.cat\/#organization\"},\"potentialAction\":[{\"@type\":\"SearchAction\",\"target\":{\"@type\":\"EntryPoint\",\"urlTemplate\":\"https:\/\/entandem.cat\/?s={search_term_string}\"},\"query-input\":{\"@type\":\"PropertyValueSpecification\",\"valueRequired\":true,\"valueName\":\"search_term_string\"}}],\"inLanguage\":\"es\"},{\"@type\":\"Organization\",\"@id\":\"https:\/\/entandem.cat\/#organization\",\"name\":\"enT\u00e0ndem\",\"url\":\"https:\/\/entandem.cat\/\",\"logo\":{\"@type\":\"ImageObject\",\"inLanguage\":\"es\",\"@id\":\"https:\/\/entandem.cat\/#\/schema\/logo\/image\/\",\"url\":\"https:\/\/entandem.cat\/wp-content\/uploads\/2016\/12\/logo-entandem.png\",\"contentUrl\":\"https:\/\/entandem.cat\/wp-content\/uploads\/2016\/12\/logo-entandem.png\",\"width\":166,\"height\":44,\"caption\":\"enT\u00e0ndem\"},\"image\":{\"@id\":\"https:\/\/entandem.cat\/#\/schema\/logo\/image\/\"},\"sameAs\":[\"https:\/\/www.facebook.com\/afevcat\",\"https:\/\/x.com\/afevcat\",\"https:\/\/www.instagram.com\/afevcat\/\"]},{\"@type\":\"Person\",\"@id\":\"https:\/\/entandem.cat\/#\/schema\/person\/2111428ce1954193a11054a1e2b5b0da\",\"name\":\"adminTandem\"}]}<\/script>\n<!-- \/ Yoast SEO plugin. -->","yoast_head_json":{"title":"Agenda cultural - Abril 2020 (VLC) - enT\u00e0ndem","robots":{"index":"index","follow":"follow","max-snippet":"max-snippet:-1","max-image-preview":"max-image-preview:large","max-video-preview":"max-video-preview:-1"},"canonical":"https:\/\/entandem.cat\/es\/recursos-es\/agenda-cultural-abril-2020-vlc\/","og_locale":"es_ES","og_type":"article","og_title":"Agenda cultural - Abril 2020 (VLC) - enT\u00e0ndem","og_description":"Aquest mes et proposem una agenda cultural un poc especial&#8230; Ens adaptem a la situaci\u00f3 amb una agenda cultural virtual perqu\u00e8 pugues proposar activitats al teu t\u00e0ndem a dist\u00e0ncia \ud83d\ude42 En el programa: m\u00fasica, esport, museus, teatre, tallers&#8230; Aix\u00ed que&#8230; als vostres ordinadors, m\u00f2bils, tablets ! Especial Val\u00e8ncia :[Cultura] \u201cCanal QuedatACasa de l\u2019Institut Val\u00e8ncia de &hellip; Continued","og_url":"https:\/\/entandem.cat\/es\/recursos-es\/agenda-cultural-abril-2020-vlc\/","og_site_name":"enT\u00e0ndem","article_publisher":"https:\/\/www.facebook.com\/afevcat","article_published_time":"2020-03-30T13:13:20+00:00","article_modified_time":"2020-04-02T13:06:22+00:00","og_image":[{"width":1920,"height":1080,"url":"https:\/\/entandem.cat\/wp-content\/uploads\/2020\/03\/AGENDA-CULTURAL-VLC-Abril-20201.jpg","type":"image\/jpeg"}],"author":"adminTandem","twitter_card":"summary_large_image","twitter_creator":"@afevcat","twitter_site":"@afevcat","twitter_misc":{"Escrito por":"adminTandem","Tiempo de lectura":"3 minutos"},"schema":{"@context":"https:\/\/schema.org","@graph":[{"@type":"Article","@id":"https:\/\/entandem.cat\/es\/recursos-es\/agenda-cultural-abril-2020-vlc\/#article","isPartOf":{"@id":"https:\/\/entandem.cat\/es\/recursos-es\/agenda-cultural-abril-2020-vlc\/"},"author":{"name":"adminTandem","@id":"https:\/\/entandem.cat\/#\/schema\/person\/2111428ce1954193a11054a1e2b5b0da"},"headline":"Agenda cultural &#8211; Abril 2020 (VLC)","datePublished":"2020-03-30T13:13:20+00:00","dateModified":"2020-04-02T13:06:22+00:00","mainEntityOfPage":{"@id":"https:\/\/entandem.cat\/es\/recursos-es\/agenda-cultural-abril-2020-vlc\/"},"wordCount":690,"publisher":{"@id":"https:\/\/entandem.cat\/#organization"},"image":{"@id":"https:\/\/entandem.cat\/es\/recursos-es\/agenda-cultural-abril-2020-vlc\/#primaryimage"},"thumbnailUrl":"https:\/\/entandem.cat\/wp-content\/uploads\/2020\/03\/AGENDA-CULTURAL-VLC-Abril-20201.jpg","keywords":["cine","cultura","espectacle","esport","museu","musica","teatre"],"articleSection":["Recursos","Valencia"],"inLanguage":"es"},{"@type":"WebPage","@id":"https:\/\/entandem.cat\/es\/recursos-es\/agenda-cultural-abril-2020-vlc\/","url":"https:\/\/entandem.cat\/es\/recursos-es\/agenda-cultural-abril-2020-vlc\/","name":"Agenda cultural - Abril 2020 (VLC) - enT\u00e0ndem","isPartOf":{"@id":"https:\/\/entandem.cat\/#website"},"primaryImageOfPage":{"@id":"https:\/\/entandem.cat\/es\/recursos-es\/agenda-cultural-abril-2020-vlc\/#primaryimage"},"image":{"@id":"https:\/\/entandem.cat\/es\/recursos-es\/agenda-cultural-abril-2020-vlc\/#primaryimage"},"thumbnailUrl":"https:\/\/entandem.cat\/wp-content\/uploads\/2020\/03\/AGENDA-CULTURAL-VLC-Abril-20201.jpg","datePublished":"2020-03-30T13:13:20+00:00","dateModified":"2020-04-02T13:06:22+00:00","breadcrumb":{"@id":"https:\/\/entandem.cat\/es\/recursos-es\/agenda-cultural-abril-2020-vlc\/#breadcrumb"},"inLanguage":"es","potentialAction":[{"@type":"ReadAction","target":["https:\/\/entandem.cat\/es\/recursos-es\/agenda-cultural-abril-2020-vlc\/"]}]},{"@type":"ImageObject","inLanguage":"es","@id":"https:\/\/entandem.cat\/es\/recursos-es\/agenda-cultural-abril-2020-vlc\/#primaryimage","url":"https:\/\/entandem.cat\/wp-content\/uploads\/2020\/03\/AGENDA-CULTURAL-VLC-Abril-20201.jpg","contentUrl":"https:\/\/entandem.cat\/wp-content\/uploads\/2020\/03\/AGENDA-CULTURAL-VLC-Abril-20201.jpg","width":1920,"height":1080},{"@type":"BreadcrumbList","@id":"https:\/\/entandem.cat\/es\/recursos-es\/agenda-cultural-abril-2020-vlc\/#breadcrumb","itemListElement":[{"@type":"ListItem","position":1,"name":"Inici","item":"https:\/\/entandem.cat\/es\/"},{"@type":"ListItem","position":2,"name":"Agenda cultural &#8211; Abril 2020 (VLC)"}]},{"@type":"WebSite","@id":"https:\/\/entandem.cat\/#website","url":"https:\/\/entandem.cat\/","name":"enT\u00e0ndem","description":"Voluntariat Social Universitari","publisher":{"@id":"https:\/\/entandem.cat\/#organization"},"potentialAction":[{"@type":"SearchAction","target":{"@type":"EntryPoint","urlTemplate":"https:\/\/entandem.cat\/?s={search_term_string}"},"query-input":{"@type":"PropertyValueSpecification","valueRequired":true,"valueName":"search_term_string"}}],"inLanguage":"es"},{"@type":"Organization","@id":"https:\/\/entandem.cat\/#organization","name":"enT\u00e0ndem","url":"https:\/\/entandem.cat\/","logo":{"@type":"ImageObject","inLanguage":"es","@id":"https:\/\/entandem.cat\/#\/schema\/logo\/image\/","url":"https:\/\/entandem.cat\/wp-content\/uploads\/2016\/12\/logo-entandem.png","contentUrl":"https:\/\/entandem.cat\/wp-content\/uploads\/2016\/12\/logo-entandem.png","width":166,"height":44,"caption":"enT\u00e0ndem"},"image":{"@id":"https:\/\/entandem.cat\/#\/schema\/logo\/image\/"},"sameAs":["https:\/\/www.facebook.com\/afevcat","https:\/\/x.com\/afevcat","https:\/\/www.instagram.com\/afevcat\/"]},{"@type":"Person","@id":"https:\/\/entandem.cat\/#\/schema\/person\/2111428ce1954193a11054a1e2b5b0da","name":"adminTandem"}]}},"_links":{"self":[{"href":"https:\/\/entandem.cat\/es\/wp-json\/wp\/v2\/posts\/6755","targetHints":{"allow":["GET"]}}],"collection":[{"href":"https:\/\/entandem.cat\/es\/wp-json\/wp\/v2\/posts"}],"about":[{"href":"https:\/\/entandem.cat\/es\/wp-json\/wp\/v2\/types\/post"}],"author":[{"embeddable":true,"href":"https:\/\/entandem.cat\/es\/wp-json\/wp\/v2\/users\/1"}],"replies":[{"embeddable":true,"href":"https:\/\/entandem.cat\/es\/wp-json\/wp\/v2\/comments?post=6755"}],"version-history":[{"count":0,"href":"https:\/\/entandem.cat\/es\/wp-json\/wp\/v2\/posts\/6755\/revisions"}],"wp:featuredmedia":[{"embeddable":true,"href":"https:\/\/entandem.cat\/es\/wp-json\/wp\/v2\/media\/6771"}],"wp:attachment":[{"href":"https:\/\/entandem.cat\/es\/wp-json\/wp\/v2\/media?parent=6755"}],"wp:term":[{"taxonomy":"category","embeddable":true,"href":"https:\/\/entandem.cat\/es\/wp-json\/wp\/v2\/categories?post=6755"},{"taxonomy":"post_tag","embeddable":true,"href":"https:\/\/entandem.cat\/es\/wp-json\/wp\/v2\/tags?post=6755"}],"curies":[{"name":"wp","href":"https:\/\/api.w.org\/{rel}","templated":true}]}}