{"id":6749,"date":"2020-03-30T11:10:22","date_gmt":"2020-03-30T11:10:22","guid":{"rendered":"https:\/\/entandem.cat\/?p=6749"},"modified":"2020-03-30T11:21:50","modified_gmt":"2020-03-30T11:21:50","slug":"laura-diaz-sobre-el-confinamiento-y-covid-19-es-muy-importante-que-mantingais-las-relaciones-con-vuestros-tandems","status":"publish","type":"post","link":"https:\/\/entandem.cat\/es\/recursos-es\/laura-diaz-sobre-el-confinamiento-y-covid-19-es-muy-importante-que-mantingais-las-relaciones-con-vuestros-tandems\/","title":{"rendered":"Laura D\u00edaz, sobre el confinamiento y Covid-19: \u201cEs muy importante que manting\u00e1is las relaciones con vuestros t\u00e1ndems\u201d"},"content":{"rendered":"\n<p><strong>Laura D\u00edaz<\/strong>,\u00a0<strong>ex voluntaria<\/strong> del proyecto <strong>enT\u00e0ndem<\/strong> de la AFEV (@afevcat) y <strong>investigadora en el Hospital Cl\u00ednic de Barcelona<\/strong>, nos explica en este v\u00eddeo qu\u00e9 es el virus Covid-19, qu\u00e9 medidas de prevenci\u00f3n debemos tomar y nos anima a <strong>continuar haciendo voluntariado<\/strong>: \u00a1la relaci\u00f3n con vuestros t\u00e1ndems es primordial en estos d\u00edas de confinamiento!<\/p>\n<p>\u00a1Qu\u00e9date en casa pero no olvides tu t\u00e1ndem!\u00a0<\/p>\n<p>#cuidemelvincle #emquedoacasaambAFEV<\/p>\n<p><iframe loading=\"lazy\" title=\"EnTandemCoronavirus_LauraD\u00edaz\" width=\"500\" height=\"281\" src=\"https:\/\/www.youtube.com\/embed\/eHo-3WgLPYA?feature=oembed\" frameborder=\"0\" allow=\"accelerometer; autoplay; clipboard-write; encrypted-media; gyroscope; picture-in-picture; web-share\" referrerpolicy=\"strict-origin-when-cross-origin\" allowfullscreen><\/iframe><\/p>\n<p>Y tambi\u00e9n nos habla, en este segundo v\u00eddeo, de <strong>medidas higi\u00e9nicas y guantes: \u00bfc\u00f3mo debemos usarlos para hacer un buen uso?<\/strong> \u00a1Aprovecha todos estos consejos y comp\u00e1rtelos con tu t\u00e1ndem!<\/p>\n<p>https:\/\/youtu.be\/YlNmSO2gOCc<\/p>\n","protected":false},"excerpt":{"rendered":"<p>Laura D\u00edaz,\u00a0ex voluntaria del proyecto enT\u00e0ndem de la AFEV (@afevcat) y investigadora en el Hospital Cl\u00ednic de Barcelona, nos explica en este v\u00eddeo qu\u00e9 es el virus Covid-19, qu\u00e9 medidas de prevenci\u00f3n debemos tomar y nos anima a continuar haciendo voluntariado: \u00a1la relaci\u00f3n con vuestros t\u00e1ndems es primordial en estos d\u00edas de confinamiento! \u00a1Qu\u00e9date en &hellip; <a href=\"https:\/\/entandem.cat\/es\/recursos-es\/laura-diaz-sobre-el-confinamiento-y-covid-19-es-muy-importante-que-mantingais-las-relaciones-con-vuestros-tandems\/\">Continued<\/a><\/p>\n","protected":false},"author":1,"featured_media":6745,"comment_status":"closed","ping_status":"open","sticky":false,"template":"","format":"standard","meta":{"footnotes":""},"categories":[320],"tags":[],"class_list":["post-6749","post","type-post","status-publish","format-standard","has-post-thumbnail","hentry","category-recursos-es"],"yoast_head":"<!-- This site is optimized with the Yoast SEO plugin v27.0 - https:\/\/yoast.com\/product\/yoast-seo-wordpress\/ -->\n<title>Laura D\u00edaz, sobre el confinamiento y Covid-19: \u201cEs muy importante que manting\u00e1is las relaciones con vuestros t\u00e1ndems\u201d - enT\u00e0ndem<\/title>\n<meta name=\"robots\" content=\"index, follow, max-snippet:-1, max-image-preview:large, max-video-preview:-1\" \/>\n<link rel=\"canonical\" href=\"https:\/\/entandem.cat\/es\/recursos-es\/laura-diaz-sobre-el-confinamiento-y-covid-19-es-muy-importante-que-mantingais-las-relaciones-con-vuestros-tandems\/\" \/>\n<meta property=\"og:locale\" content=\"es_ES\" \/>\n<meta property=\"og:type\" content=\"article\" \/>\n<meta property=\"og:title\" content=\"Laura D\u00edaz, sobre el confinamiento y Covid-19: \u201cEs muy importante que manting\u00e1is las relaciones con vuestros t\u00e1ndems\u201d - enT\u00e0ndem\" \/>\n<meta property=\"og:description\" content=\"Laura D\u00edaz,\u00a0ex voluntaria del proyecto enT\u00e0ndem de la AFEV (@afevcat) y investigadora en el Hospital Cl\u00ednic de Barcelona, nos explica en este v\u00eddeo qu\u00e9 es el virus Covid-19, qu\u00e9 medidas de prevenci\u00f3n debemos tomar y nos anima a continuar haciendo voluntariado: \u00a1la relaci\u00f3n con vuestros t\u00e1ndems es primordial en estos d\u00edas de confinamiento! \u00a1Qu\u00e9date en &hellip; Continued\" \/>\n<meta property=\"og:url\" content=\"https:\/\/entandem.cat\/es\/recursos-es\/laura-diaz-sobre-el-confinamiento-y-covid-19-es-muy-importante-que-mantingais-las-relaciones-con-vuestros-tandems\/\" \/>\n<meta property=\"og:site_name\" content=\"enT\u00e0ndem\" \/>\n<meta property=\"article:publisher\" content=\"https:\/\/www.facebook.com\/afevcat\" \/>\n<meta property=\"article:published_time\" content=\"2020-03-30T11:10:22+00:00\" \/>\n<meta property=\"article:modified_time\" content=\"2020-03-30T11:21:50+00:00\" \/>\n<meta property=\"og:image\" content=\"https:\/\/entandem.cat\/wp-content\/uploads\/2020\/03\/Laura-D\u00edaz.png\" \/>\n\t<meta property=\"og:image:width\" content=\"1920\" \/>\n\t<meta property=\"og:image:height\" content=\"1080\" \/>\n\t<meta property=\"og:image:type\" content=\"image\/png\" \/>\n<meta name=\"author\" content=\"adminTandem\" \/>\n<meta name=\"twitter:card\" content=\"summary_large_image\" \/>\n<meta name=\"twitter:creator\" content=\"@afevcat\" \/>\n<meta name=\"twitter:site\" content=\"@afevcat\" \/>\n<meta name=\"twitter:label1\" content=\"Escrito por\" \/>\n\t<meta name=\"twitter:data1\" content=\"adminTandem\" \/>\n\t<meta name=\"twitter:label2\" content=\"Tiempo de lectura\" \/>\n\t<meta name=\"twitter:data2\" content=\"1 minuto\" \/>\n<script type=\"application\/ld+json\" class=\"yoast-schema-graph\">{\"@context\":\"https:\/\/schema.org\",\"@graph\":[{\"@type\":\"Article\",\"@id\":\"https:\/\/entandem.cat\/es\/recursos-es\/laura-diaz-sobre-el-confinamiento-y-covid-19-es-muy-importante-que-mantingais-las-relaciones-con-vuestros-tandems\/#article\",\"isPartOf\":{\"@id\":\"https:\/\/entandem.cat\/es\/recursos-es\/laura-diaz-sobre-el-confinamiento-y-covid-19-es-muy-importante-que-mantingais-las-relaciones-con-vuestros-tandems\/\"},\"author\":{\"name\":\"adminTandem\",\"@id\":\"https:\/\/entandem.cat\/#\/schema\/person\/2111428ce1954193a11054a1e2b5b0da\"},\"headline\":\"Laura D\u00edaz, sobre el confinamiento y Covid-19: \u201cEs muy importante que manting\u00e1is las relaciones con vuestros t\u00e1ndems\u201d\",\"datePublished\":\"2020-03-30T11:10:22+00:00\",\"dateModified\":\"2020-03-30T11:21:50+00:00\",\"mainEntityOfPage\":{\"@id\":\"https:\/\/entandem.cat\/es\/recursos-es\/laura-diaz-sobre-el-confinamiento-y-covid-19-es-muy-importante-que-mantingais-las-relaciones-con-vuestros-tandems\/\"},\"wordCount\":140,\"publisher\":{\"@id\":\"https:\/\/entandem.cat\/#organization\"},\"image\":{\"@id\":\"https:\/\/entandem.cat\/es\/recursos-es\/laura-diaz-sobre-el-confinamiento-y-covid-19-es-muy-importante-que-mantingais-las-relaciones-con-vuestros-tandems\/#primaryimage\"},\"thumbnailUrl\":\"https:\/\/entandem.cat\/wp-content\/uploads\/2020\/03\/Laura-D\u00edaz.png\",\"articleSection\":[\"Recursos\"],\"inLanguage\":\"es\"},{\"@type\":\"WebPage\",\"@id\":\"https:\/\/entandem.cat\/es\/recursos-es\/laura-diaz-sobre-el-confinamiento-y-covid-19-es-muy-importante-que-mantingais-las-relaciones-con-vuestros-tandems\/\",\"url\":\"https:\/\/entandem.cat\/es\/recursos-es\/laura-diaz-sobre-el-confinamiento-y-covid-19-es-muy-importante-que-mantingais-las-relaciones-con-vuestros-tandems\/\",\"name\":\"Laura D\u00edaz, sobre el confinamiento y Covid-19: \u201cEs muy importante que manting\u00e1is las relaciones con vuestros t\u00e1ndems\u201d - enT\u00e0ndem\",\"isPartOf\":{\"@id\":\"https:\/\/entandem.cat\/#website\"},\"primaryImageOfPage\":{\"@id\":\"https:\/\/entandem.cat\/es\/recursos-es\/laura-diaz-sobre-el-confinamiento-y-covid-19-es-muy-importante-que-mantingais-las-relaciones-con-vuestros-tandems\/#primaryimage\"},\"image\":{\"@id\":\"https:\/\/entandem.cat\/es\/recursos-es\/laura-diaz-sobre-el-confinamiento-y-covid-19-es-muy-importante-que-mantingais-las-relaciones-con-vuestros-tandems\/#primaryimage\"},\"thumbnailUrl\":\"https:\/\/entandem.cat\/wp-content\/uploads\/2020\/03\/Laura-D\u00edaz.png\",\"datePublished\":\"2020-03-30T11:10:22+00:00\",\"dateModified\":\"2020-03-30T11:21:50+00:00\",\"breadcrumb\":{\"@id\":\"https:\/\/entandem.cat\/es\/recursos-es\/laura-diaz-sobre-el-confinamiento-y-covid-19-es-muy-importante-que-mantingais-las-relaciones-con-vuestros-tandems\/#breadcrumb\"},\"inLanguage\":\"es\",\"potentialAction\":[{\"@type\":\"ReadAction\",\"target\":[\"https:\/\/entandem.cat\/es\/recursos-es\/laura-diaz-sobre-el-confinamiento-y-covid-19-es-muy-importante-que-mantingais-las-relaciones-con-vuestros-tandems\/\"]}]},{\"@type\":\"ImageObject\",\"inLanguage\":\"es\",\"@id\":\"https:\/\/entandem.cat\/es\/recursos-es\/laura-diaz-sobre-el-confinamiento-y-covid-19-es-muy-importante-que-mantingais-las-relaciones-con-vuestros-tandems\/#primaryimage\",\"url\":\"https:\/\/entandem.cat\/wp-content\/uploads\/2020\/03\/Laura-D\u00edaz.png\",\"contentUrl\":\"https:\/\/entandem.cat\/wp-content\/uploads\/2020\/03\/Laura-D\u00edaz.png\",\"width\":1920,\"height\":1080,\"caption\":\"Laura D\u00edaz\"},{\"@type\":\"BreadcrumbList\",\"@id\":\"https:\/\/entandem.cat\/es\/recursos-es\/laura-diaz-sobre-el-confinamiento-y-covid-19-es-muy-importante-que-mantingais-las-relaciones-con-vuestros-tandems\/#breadcrumb\",\"itemListElement\":[{\"@type\":\"ListItem\",\"position\":1,\"name\":\"Inici\",\"item\":\"https:\/\/entandem.cat\/es\/\"},{\"@type\":\"ListItem\",\"position\":2,\"name\":\"Laura D\u00edaz, sobre el confinamiento y Covid-19: \u201cEs muy importante que manting\u00e1is las relaciones con vuestros t\u00e1ndems\u201d\"}]},{\"@type\":\"WebSite\",\"@id\":\"https:\/\/entandem.cat\/#website\",\"url\":\"https:\/\/entandem.cat\/\",\"name\":\"enT\u00e0ndem\",\"description\":\"Voluntariat Social Universitari\",\"publisher\":{\"@id\":\"https:\/\/entandem.cat\/#organization\"},\"potentialAction\":[{\"@type\":\"SearchAction\",\"target\":{\"@type\":\"EntryPoint\",\"urlTemplate\":\"https:\/\/entandem.cat\/?s={search_term_string}\"},\"query-input\":{\"@type\":\"PropertyValueSpecification\",\"valueRequired\":true,\"valueName\":\"search_term_string\"}}],\"inLanguage\":\"es\"},{\"@type\":\"Organization\",\"@id\":\"https:\/\/entandem.cat\/#organization\",\"name\":\"enT\u00e0ndem\",\"url\":\"https:\/\/entandem.cat\/\",\"logo\":{\"@type\":\"ImageObject\",\"inLanguage\":\"es\",\"@id\":\"https:\/\/entandem.cat\/#\/schema\/logo\/image\/\",\"url\":\"https:\/\/entandem.cat\/wp-content\/uploads\/2016\/12\/logo-entandem.png\",\"contentUrl\":\"https:\/\/entandem.cat\/wp-content\/uploads\/2016\/12\/logo-entandem.png\",\"width\":166,\"height\":44,\"caption\":\"enT\u00e0ndem\"},\"image\":{\"@id\":\"https:\/\/entandem.cat\/#\/schema\/logo\/image\/\"},\"sameAs\":[\"https:\/\/www.facebook.com\/afevcat\",\"https:\/\/x.com\/afevcat\",\"https:\/\/www.instagram.com\/afevcat\/\"]},{\"@type\":\"Person\",\"@id\":\"https:\/\/entandem.cat\/#\/schema\/person\/2111428ce1954193a11054a1e2b5b0da\",\"name\":\"adminTandem\"}]}<\/script>\n<!-- \/ Yoast SEO plugin. -->","yoast_head_json":{"title":"Laura D\u00edaz, sobre el confinamiento y Covid-19: \u201cEs muy importante que manting\u00e1is las relaciones con vuestros t\u00e1ndems\u201d - enT\u00e0ndem","robots":{"index":"index","follow":"follow","max-snippet":"max-snippet:-1","max-image-preview":"max-image-preview:large","max-video-preview":"max-video-preview:-1"},"canonical":"https:\/\/entandem.cat\/es\/recursos-es\/laura-diaz-sobre-el-confinamiento-y-covid-19-es-muy-importante-que-mantingais-las-relaciones-con-vuestros-tandems\/","og_locale":"es_ES","og_type":"article","og_title":"Laura D\u00edaz, sobre el confinamiento y Covid-19: \u201cEs muy importante que manting\u00e1is las relaciones con vuestros t\u00e1ndems\u201d - enT\u00e0ndem","og_description":"Laura D\u00edaz,\u00a0ex voluntaria del proyecto enT\u00e0ndem de la AFEV (@afevcat) y investigadora en el Hospital Cl\u00ednic de Barcelona, nos explica en este v\u00eddeo qu\u00e9 es el virus Covid-19, qu\u00e9 medidas de prevenci\u00f3n debemos tomar y nos anima a continuar haciendo voluntariado: \u00a1la relaci\u00f3n con vuestros t\u00e1ndems es primordial en estos d\u00edas de confinamiento! \u00a1Qu\u00e9date en &hellip; Continued","og_url":"https:\/\/entandem.cat\/es\/recursos-es\/laura-diaz-sobre-el-confinamiento-y-covid-19-es-muy-importante-que-mantingais-las-relaciones-con-vuestros-tandems\/","og_site_name":"enT\u00e0ndem","article_publisher":"https:\/\/www.facebook.com\/afevcat","article_published_time":"2020-03-30T11:10:22+00:00","article_modified_time":"2020-03-30T11:21:50+00:00","og_image":[{"width":1920,"height":1080,"url":"https:\/\/entandem.cat\/wp-content\/uploads\/2020\/03\/Laura-D\u00edaz.png","type":"image\/png"}],"author":"adminTandem","twitter_card":"summary_large_image","twitter_creator":"@afevcat","twitter_site":"@afevcat","twitter_misc":{"Escrito por":"adminTandem","Tiempo de lectura":"1 minuto"},"schema":{"@context":"https:\/\/schema.org","@graph":[{"@type":"Article","@id":"https:\/\/entandem.cat\/es\/recursos-es\/laura-diaz-sobre-el-confinamiento-y-covid-19-es-muy-importante-que-mantingais-las-relaciones-con-vuestros-tandems\/#article","isPartOf":{"@id":"https:\/\/entandem.cat\/es\/recursos-es\/laura-diaz-sobre-el-confinamiento-y-covid-19-es-muy-importante-que-mantingais-las-relaciones-con-vuestros-tandems\/"},"author":{"name":"adminTandem","@id":"https:\/\/entandem.cat\/#\/schema\/person\/2111428ce1954193a11054a1e2b5b0da"},"headline":"Laura D\u00edaz, sobre el confinamiento y Covid-19: \u201cEs muy importante que manting\u00e1is las relaciones con vuestros t\u00e1ndems\u201d","datePublished":"2020-03-30T11:10:22+00:00","dateModified":"2020-03-30T11:21:50+00:00","mainEntityOfPage":{"@id":"https:\/\/entandem.cat\/es\/recursos-es\/laura-diaz-sobre-el-confinamiento-y-covid-19-es-muy-importante-que-mantingais-las-relaciones-con-vuestros-tandems\/"},"wordCount":140,"publisher":{"@id":"https:\/\/entandem.cat\/#organization"},"image":{"@id":"https:\/\/entandem.cat\/es\/recursos-es\/laura-diaz-sobre-el-confinamiento-y-covid-19-es-muy-importante-que-mantingais-las-relaciones-con-vuestros-tandems\/#primaryimage"},"thumbnailUrl":"https:\/\/entandem.cat\/wp-content\/uploads\/2020\/03\/Laura-D\u00edaz.png","articleSection":["Recursos"],"inLanguage":"es"},{"@type":"WebPage","@id":"https:\/\/entandem.cat\/es\/recursos-es\/laura-diaz-sobre-el-confinamiento-y-covid-19-es-muy-importante-que-mantingais-las-relaciones-con-vuestros-tandems\/","url":"https:\/\/entandem.cat\/es\/recursos-es\/laura-diaz-sobre-el-confinamiento-y-covid-19-es-muy-importante-que-mantingais-las-relaciones-con-vuestros-tandems\/","name":"Laura D\u00edaz, sobre el confinamiento y Covid-19: \u201cEs muy importante que manting\u00e1is las relaciones con vuestros t\u00e1ndems\u201d - enT\u00e0ndem","isPartOf":{"@id":"https:\/\/entandem.cat\/#website"},"primaryImageOfPage":{"@id":"https:\/\/entandem.cat\/es\/recursos-es\/laura-diaz-sobre-el-confinamiento-y-covid-19-es-muy-importante-que-mantingais-las-relaciones-con-vuestros-tandems\/#primaryimage"},"image":{"@id":"https:\/\/entandem.cat\/es\/recursos-es\/laura-diaz-sobre-el-confinamiento-y-covid-19-es-muy-importante-que-mantingais-las-relaciones-con-vuestros-tandems\/#primaryimage"},"thumbnailUrl":"https:\/\/entandem.cat\/wp-content\/uploads\/2020\/03\/Laura-D\u00edaz.png","datePublished":"2020-03-30T11:10:22+00:00","dateModified":"2020-03-30T11:21:50+00:00","breadcrumb":{"@id":"https:\/\/entandem.cat\/es\/recursos-es\/laura-diaz-sobre-el-confinamiento-y-covid-19-es-muy-importante-que-mantingais-las-relaciones-con-vuestros-tandems\/#breadcrumb"},"inLanguage":"es","potentialAction":[{"@type":"ReadAction","target":["https:\/\/entandem.cat\/es\/recursos-es\/laura-diaz-sobre-el-confinamiento-y-covid-19-es-muy-importante-que-mantingais-las-relaciones-con-vuestros-tandems\/"]}]},{"@type":"ImageObject","inLanguage":"es","@id":"https:\/\/entandem.cat\/es\/recursos-es\/laura-diaz-sobre-el-confinamiento-y-covid-19-es-muy-importante-que-mantingais-las-relaciones-con-vuestros-tandems\/#primaryimage","url":"https:\/\/entandem.cat\/wp-content\/uploads\/2020\/03\/Laura-D\u00edaz.png","contentUrl":"https:\/\/entandem.cat\/wp-content\/uploads\/2020\/03\/Laura-D\u00edaz.png","width":1920,"height":1080,"caption":"Laura D\u00edaz"},{"@type":"BreadcrumbList","@id":"https:\/\/entandem.cat\/es\/recursos-es\/laura-diaz-sobre-el-confinamiento-y-covid-19-es-muy-importante-que-mantingais-las-relaciones-con-vuestros-tandems\/#breadcrumb","itemListElement":[{"@type":"ListItem","position":1,"name":"Inici","item":"https:\/\/entandem.cat\/es\/"},{"@type":"ListItem","position":2,"name":"Laura D\u00edaz, sobre el confinamiento y Covid-19: \u201cEs muy importante que manting\u00e1is las relaciones con vuestros t\u00e1ndems\u201d"}]},{"@type":"WebSite","@id":"https:\/\/entandem.cat\/#website","url":"https:\/\/entandem.cat\/","name":"enT\u00e0ndem","description":"Voluntariat Social Universitari","publisher":{"@id":"https:\/\/entandem.cat\/#organization"},"potentialAction":[{"@type":"SearchAction","target":{"@type":"EntryPoint","urlTemplate":"https:\/\/entandem.cat\/?s={search_term_string}"},"query-input":{"@type":"PropertyValueSpecification","valueRequired":true,"valueName":"search_term_string"}}],"inLanguage":"es"},{"@type":"Organization","@id":"https:\/\/entandem.cat\/#organization","name":"enT\u00e0ndem","url":"https:\/\/entandem.cat\/","logo":{"@type":"ImageObject","inLanguage":"es","@id":"https:\/\/entandem.cat\/#\/schema\/logo\/image\/","url":"https:\/\/entandem.cat\/wp-content\/uploads\/2016\/12\/logo-entandem.png","contentUrl":"https:\/\/entandem.cat\/wp-content\/uploads\/2016\/12\/logo-entandem.png","width":166,"height":44,"caption":"enT\u00e0ndem"},"image":{"@id":"https:\/\/entandem.cat\/#\/schema\/logo\/image\/"},"sameAs":["https:\/\/www.facebook.com\/afevcat","https:\/\/x.com\/afevcat","https:\/\/www.instagram.com\/afevcat\/"]},{"@type":"Person","@id":"https:\/\/entandem.cat\/#\/schema\/person\/2111428ce1954193a11054a1e2b5b0da","name":"adminTandem"}]}},"_links":{"self":[{"href":"https:\/\/entandem.cat\/es\/wp-json\/wp\/v2\/posts\/6749","targetHints":{"allow":["GET"]}}],"collection":[{"href":"https:\/\/entandem.cat\/es\/wp-json\/wp\/v2\/posts"}],"about":[{"href":"https:\/\/entandem.cat\/es\/wp-json\/wp\/v2\/types\/post"}],"author":[{"embeddable":true,"href":"https:\/\/entandem.cat\/es\/wp-json\/wp\/v2\/users\/1"}],"replies":[{"embeddable":true,"href":"https:\/\/entandem.cat\/es\/wp-json\/wp\/v2\/comments?post=6749"}],"version-history":[{"count":0,"href":"https:\/\/entandem.cat\/es\/wp-json\/wp\/v2\/posts\/6749\/revisions"}],"wp:featuredmedia":[{"embeddable":true,"href":"https:\/\/entandem.cat\/es\/wp-json\/wp\/v2\/media\/6745"}],"wp:attachment":[{"href":"https:\/\/entandem.cat\/es\/wp-json\/wp\/v2\/media?parent=6749"}],"wp:term":[{"taxonomy":"category","embeddable":true,"href":"https:\/\/entandem.cat\/es\/wp-json\/wp\/v2\/categories?post=6749"},{"taxonomy":"post_tag","embeddable":true,"href":"https:\/\/entandem.cat\/es\/wp-json\/wp\/v2\/tags?post=6749"}],"curies":[{"name":"wp","href":"https:\/\/api.w.org\/{rel}","templated":true}]}}