{"id":6658,"date":"2020-01-27T09:21:48","date_gmt":"2020-01-27T09:21:48","guid":{"rendered":"https:\/\/entandem.cat\/agenda-cultural-febrer-2020-vlc\/"},"modified":"2020-03-24T12:25:58","modified_gmt":"2020-03-24T12:25:58","slug":"agenda-cultural-febrer-2020-vlc","status":"publish","type":"post","link":"https:\/\/entandem.cat\/es\/recursos-es\/agenda-cultural-febrer-2020-vlc\/","title":{"rendered":"Agenda cultural \u2013 Febrer 2020 (VLC)"},"content":{"rendered":"\n<p align=\"justify\"><span style=\"color: #000000;\"><span style=\"font-family: Calibri, sans-serif;\"><span style=\"font-size: medium;\"><span lang=\"es-ES\">Abans de les falles al mar\u00e7, ac\u00ed hi ha algunes idees d&#8217;eixida per a febrer. Este mes, pots portar al teu t\u00e0ndem a una exposici\u00f3, espectacle o activitat. Sense oblidar <\/span><\/span><\/span><\/span><span style=\"color: #000000;\"><span style=\"font-family: Calibri, sans-serif;\"><span style=\"font-size: medium;\"><span lang=\"es-ES\">el<\/span><\/span><\/span><\/span><span style=\"color: #000000;\"><span style=\"font-family: Calibri, sans-serif;\"><span style=\"font-size: medium;\"><span lang=\"es-ES\"> Dia Internacional de la Dona i la Xiqueta en la Ci\u00e8ncia<\/span><\/span><\/span><\/span><span style=\"color: #000000;\"><span style=\"font-family: Calibri, sans-serif;\"><span style=\"font-size: medium;\"><span lang=\"es-ES\"> amb un taller de rob\u00f2tica.<\/span><\/span><\/span><\/span><\/p>\n<p align=\"justify\"><span style=\"font-family: Calibri, serif;\"><span style=\"font-size: small;\"><span style=\"color: #81d41a;\"><span style=\"font-family: Calibri, sans-serif;\"><span style=\"font-size: medium;\"><span lang=\"es-ES\">[<\/span><\/span><\/span><\/span><span style=\"color: #81d41a;\"><span style=\"font-family: Calibri, sans-serif;\"><span style=\"font-size: medium;\"><span lang=\"es-ES\">Espectacle<\/span><\/span><\/span><\/span><span style=\"color: #81d41a;\"><span style=\"font-family: Calibri, sans-serif;\"><span style=\"font-size: medium;\"><span lang=\"es-ES\">]<\/span><\/span><\/span><\/span> <span style=\"color: #ff0000;\"><span style=\"font-family: Calibri, sans-serif;\"><span style=\"font-size: medium;\"><span lang=\"es-ES\">\u201c<\/span><\/span><\/span><\/span><a href=\"https:\/\/www.consorcimuseus.gva.es\/actividades\/diosas-la-nova-obra-de-bramant-teatre\/\"><span style=\"color: #ff0000;\"><span style=\"font-family: Calibri, sans-serif;\"><span style=\"font-size: medium;\"><span lang=\"es-ES\">Diosas. La nova obra de Bramant Teatre. Una experi\u00e8ncia sensitiva i esc\u00e8nica<\/span><\/span><\/span><\/span><\/a><span style=\"color: #ff0000;\"><span style=\"font-family: Calibri, sans-serif;\"><span style=\"font-size: medium;\"><span lang=\"es-ES\">\u201d<\/span><\/span><\/span><\/span><\/span><\/span><\/p>\n<p align=\"justify\"><span style=\"font-family: Calibri, serif;\"><span style=\"font-size: small;\"><span style=\"font-family: Calibri, sans-serif;\"><span style=\"font-size: medium;\">&#8211;&nbsp;<\/span><\/span><\/span><\/span><span style=\"color: #000000;\"><span style=\"font-family: Calibri, sans-serif;\"><span style=\"font-size: medium;\">1 i 2 de febrer de 2020 <\/span><\/span><\/span><\/p>\n<p align=\"justify\"><span style=\"font-family: Calibri, serif;\"><span style=\"font-size: small;\"><span style=\"font-family: Calibri, sans-serif;\"><span style=\"font-size: medium;\"><span lang=\"es-ES\">&#8211;<span style=\"color: #000000;\"> Centre del Carme. Sala Dormitori<\/span> <\/span><\/span><\/span><\/span><\/span><\/p>\n<p align=\"justify\"><span style=\"color: #000000;\"><span style=\"font-family: Calibri, sans-serif;\"><span style=\"font-size: medium;\"><span lang=\"pt-PT\">&#8211; <\/span><span lang=\"pt-PT\">Per a tots els p\u00fablics<\/span><\/span><\/span><\/span><\/p>\n<p align=\"justify\"><span style=\"font-family: Calibri, serif;\"><span style=\"font-size: small;\"><span style=\"color: #000000;\"><span style=\"font-family: Calibri, sans-serif;\"><span style=\"font-size: medium;\"><span lang=\"pt-PT\">&#8211; Entrada gratu\u00efta<\/span><\/span><\/span><\/span><\/span><\/span><\/p>\n<p align=\"justify\"><span style=\"font-family: Calibri, serif;\"><span style=\"font-size: small;\"><span style=\"color: #000000;\"><span style=\"font-family: Calibri, sans-serif;\"><span style=\"font-size: medium;\"><span lang=\"pt-PT\">&#8211; Qu\u00e8 \u00e9s: DIOSAS \u00e9s una experi\u00e8ncia sensitiva i esc\u00e8nica. Una faula, un moment present \u00fanic i irrepetible. DIOSAS \u00e9s una festa. DIOSAS mostra a dones que van decidir, o no, ser mares. DIOSAS neix a partir de les experi\u00e8ncies reals de totes les participants. DIOSAS barreja realitat i ficci\u00f3 amb actrius professionals i dones que per primera vegada pugen a un escenari. DIOSAS parla de tu i de nosaltres. <\/span><\/span><\/span><\/span><\/span><\/span><\/p>\n<h1 class=\"western\" align=\"justify\"><span style=\"color: #99cc00;\"><span style=\"font-family: Calibri, sans-serif;\"><span style=\"font-size: medium;\"><span lang=\"es-ES\">[<\/span><\/span><\/span><\/span><span style=\"color: #99cc00;\"><span style=\"font-family: Calibri, sans-serif;\"><span style=\"font-size: medium;\"><span lang=\"es-ES\">E<\/span><\/span><\/span><\/span><span style=\"color: #81d41a;\"><span style=\"font-family: Calibri, sans-serif;\"><span style=\"font-size: medium;\"><span lang=\"es-ES\">xposici\u00f3] <\/span><\/span><\/span><\/span><span style=\"color: #ff0000;\"><span style=\"font-family: Calibri, sans-serif;\"><span style=\"font-size: medium;\"><span lang=\"es-ES\">\u201c<\/span><\/span><\/span><\/span><a href=\"https:\/\/www.uv.es\/fundacion-general\/es\/actividades\/exposiciones-1286087726384\/Activitat.html?id=1286099063946\"><span style=\"color: #ff0000;\"><span style=\"font-family: Calibri, sans-serif;\"><span style=\"font-size: medium;\"><span lang=\"es-ES\">Naufragis \u2013 14a Biennal Mart\u00ednez Guerricabeitia<\/span><\/span><\/span><\/span><\/a><span style=\"color: #ff0000;\"><span style=\"font-family: Calibri, sans-serif;\"><span style=\"font-size: medium;\"><span lang=\"es-ES\">\u201d<\/span><\/span><\/span><\/span><\/h1>\n<p align=\"justify\"><span style=\"color: #000000;\"><span style=\"font-family: Calibri, sans-serif;\"><span style=\"font-size: medium;\"><span lang=\"es-ES\">&#8211; <\/span><\/span><\/span><\/span><span style=\"color: #000000;\"><span style=\"font-family: Calibri, sans-serif;\"><span style=\"font-size: medium;\"><span lang=\"es-ES\">Fins <\/span><\/span><\/span><\/span><span style=\"color: #000000;\"><span style=\"font-family: Calibri, sans-serif;\"><span style=\"font-size: medium;\"><span lang=\"es-ES\">a<\/span><\/span><\/span><\/span><span style=\"color: #000000;\"><span style=\"font-family: Calibri, sans-serif;\"><span style=\"font-size: medium;\"><span lang=\"es-ES\">l<\/span><\/span><\/span><\/span><span style=\"color: #000000;\"><span style=\"font-family: Calibri, sans-serif;\"><span style=\"font-size: medium;\"><span lang=\"es-ES\"> 22 de mar\u00e7 de 2020<\/span><\/span><\/span><\/span><\/p>\n<p align=\"left\"><span style=\"color: #000000;\"><span style=\"font-family: Calibri, sans-serif;\"><span style=\"font-size: medium;\"><span lang=\"es-ES\">Dilluns &#8211; dissabte: 10:00 &#8211; 19:00 h <br>Diumenges i festius: 10:00 &#8211; 14:00 h <\/span><\/span><\/span><\/span><\/p>\n<p align=\"justify\"><span style=\"color: #000000;\"><span style=\"font-family: Calibri, sans-serif;\"><span style=\"font-size: medium;\"><span lang=\"es-ES\">&#8211; <\/span><\/span><\/span><\/span><span style=\"color: #000000;\"><span style=\"font-family: Calibri, sans-serif;\"><span style=\"font-size: medium;\"><span lang=\"es-ES\">Al Museu de la Ciutat, Pl. de l&#8217;Arquebisbe, Val\u00e8ncia <\/span><\/span><\/span><\/span><\/p>\n<p align=\"justify\"><span style=\"color: #000000;\"><span style=\"font-family: Calibri, sans-serif;\"><span style=\"font-size: medium;\"><span lang=\"fr-FR\">&#8211; <\/span><span lang=\"pt-PT\">Per a tots els p\u00fablics<\/span><\/span><\/span><\/span><\/p>\n<p align=\"justify\"><span style=\"font-family: Calibri, serif;\"><span style=\"font-size: small;\"><span style=\"color: #000000;\"><span style=\"font-family: Calibri, sans-serif;\"><span style=\"font-size: medium;\"><span lang=\"fr-FR\">&#8211; <\/span><\/span><\/span><\/span><span style=\"color: #000000;\"><span style=\"font-family: Calibri, sans-serif;\"><span style=\"font-size: medium;\"><span lang=\"pt-PT\">Entrada lliure <\/span><\/span><\/span><\/span><\/span><\/span><\/p>\n<p align=\"justify\"><span style=\"font-family: Calibri, serif;\"><span style=\"font-size: small;\"><span style=\"color: #000000;\"><span style=\"font-family: Calibri, sans-serif;\"><span style=\"font-size: medium;\"><span lang=\"pt-PT\">&#8211;<\/span><\/span><\/span><\/span> <span style=\"color: #000000;\"><span style=\"font-family: Calibri, sans-serif;\"><span style=\"font-size: medium;\"><span lang=\"pt-PT\">Qu\u00e8 \u00e9s: Cada artista ha abordat des de la seua perspectiva i enfocament personal la idea dels naufragis contemporanis (i no tan contemporanis!) d&#8217;ideologies, projectes materials i immaterials, iniciatives pol\u00edtiques, econ\u00f2miques i socials, a diferents escales geogr\u00e0fiques i humanes i ha optat per una \u00e0mplia varietat de t\u00e8cniques i suports per a plasmar la seua particular visi\u00f3 <\/span><\/span><\/span><\/span><\/span><\/span><\/p>\n<h1 class=\"western\" align=\"justify\"><span style=\"color: #99cc00;\"><span style=\"font-family: Calibri, sans-serif;\"><span style=\"font-size: medium;\"><span lang=\"es-ES\">[<\/span><\/span><\/span><\/span><span style=\"color: #81d41a;\"><span style=\"font-family: Calibri, sans-serif;\"><span style=\"font-size: medium;\"><span lang=\"es-ES\">Taller<\/span><\/span><\/span><\/span><span style=\"color: #99cc00;\"><span style=\"font-family: Calibri, sans-serif;\"><span style=\"font-size: medium;\"><span lang=\"es-ES\">]<\/span><\/span><\/span><\/span> <span style=\"color: #ff0000;\"><span style=\"font-family: Calibri, sans-serif;\"><span style=\"font-size: medium;\"><span lang=\"es-ES\">\u201c<\/span><\/span><\/span><\/span><a href=\"http:\/\/www.museuvalenciaetnologia.es\/ca\/content\/tallers-families-gener-juny-2020\"><strong><span style=\"color: #ff0000;\"><span style=\"font-family: Calibri, sans-serif;\"><span style=\"font-size: medium;\"><span lang=\"es-ES\">Carnestoltes en l&#8217;Albereda<\/span><\/span><\/span><\/span><\/strong><\/a><span style=\"color: #ff0000;\"><span style=\"font-family: Calibri, sans-serif;\"><span style=\"font-size: medium;\"><span lang=\"es-ES\">\u201d<\/span><\/span><\/span><\/span><\/h1>\n<p align=\"justify\"><span style=\"color: #000000;\"><span style=\"font-family: Calibri, sans-serif;\"><span style=\"font-size: medium;\"><span lang=\"es-ES\">&#8211; <\/span><\/span><\/span><\/span><span style=\"color: #000000;\"><span style=\"font-family: Calibri, sans-serif;\"><span style=\"font-size: medium;\"><span lang=\"es-ES\">9, 16 i 23 de febrer<\/span><\/span><\/span><\/span><\/p>\n<p align=\"justify\"><span style=\"color: #000000;\"><span style=\"font-family: Calibri, sans-serif;\"><span style=\"font-size: medium;\"><span lang=\"es-ES\">&#8211; <\/span><\/span><\/span><\/span><span style=\"color: #000000;\"><span style=\"font-family: Calibri, sans-serif;\"><span style=\"font-size: medium;\"><span lang=\"es-ES\">Museu Valencia Etnologia<\/span><\/span><\/span><\/span><\/p>\n<p align=\"justify\"><span style=\"font-family: Calibri, serif;\"><span style=\"font-size: small;\"><span style=\"color: #000000;\"><span style=\"font-family: Calibri, sans-serif;\"><span style=\"font-size: medium;\">&#8211; <\/span><\/span><\/span><span style=\"color: #000000;\"><span style=\"font-family: Calibri, sans-serif;\"><span style=\"font-size: medium;\"><span lang=\"fr-FR\">X<\/span><\/span><\/span><\/span><span style=\"color: #000000;\"><span style=\"font-family: Calibri, sans-serif;\"><span style=\"font-size: medium;\"><span lang=\"pt-PT\">iquetes<\/span><\/span><\/span><\/span><\/span><\/span><\/p>\n<p align=\"justify\"><span style=\"font-family: Calibri, serif;\"><span style=\"font-size: small;\"><span style=\"color: #000000;\"><span style=\"font-family: Calibri, sans-serif;\"><span style=\"font-size: medium;\"><span lang=\"es-ES\">&#8211; Entrada gratu\u00efta<\/span><\/span><\/span><\/span><\/span><\/span><\/p>\n<p align=\"justify\"><span style=\"font-family: Calibri, serif;\"><span style=\"font-size: small;\"><span style=\"color: #000000;\"><span style=\"font-family: Calibri, sans-serif;\"><span style=\"font-size: medium;\"><span lang=\"es-ES\">&#8211; Qu\u00e8 \u00e9s: Estem en Carnestoltes, una festa que t\u00e9 una llarga tradici\u00f3 a Val\u00e8ncia. Et convidem a descobrir aquesta celebraci\u00f3 i et mostrarem com se celebrava fa molt de temps a la nostra ciutat. Ho farem a trav\u00e9s d&#8217;un quadre ple d&#8217;alegria i color, <\/span><\/span><\/span><\/span><em><span style=\"color: #000000;\"><span style=\"font-family: Calibri, sans-serif;\"><span style=\"font-size: medium;\"><span lang=\"es-ES\">Tarde de Carnaval en la Alameda<\/span><\/span><\/span><\/span><\/em><span style=\"color: #000000;\"><span style=\"font-family: Calibri, sans-serif;\"><span style=\"font-size: medium;\"><span lang=\"es-ES\"> (1889) d&#8217;Ignasi Pinazo. Vols construir-te i pintar la teua pr\u00f2pia careta inspirada en els seus personatges? <\/span><\/span><\/span><\/span><\/span><\/span><\/p>\n<h1 class=\"western\" align=\"justify\"><span style=\"color: #99cc00;\"><span style=\"font-family: Calibri, sans-serif;\"><span style=\"font-size: medium;\"><span lang=\"es-ES\">[<\/span><\/span><\/span><\/span><span style=\"color: #99cc00;\"><span style=\"font-family: Calibri, sans-serif;\"><span style=\"font-size: medium;\"><span lang=\"es-ES\">V<\/span><\/span><\/span><\/span><span style=\"color: #99cc00;\"><span style=\"font-family: Calibri, sans-serif;\"><span style=\"font-size: medium;\"><span lang=\"es-ES\">isites guiades<\/span><\/span><\/span><\/span><span style=\"color: #81d41a;\"><span style=\"font-family: Calibri, sans-serif;\"><span style=\"font-size: medium;\"><span lang=\"es-ES\">] <\/span><\/span><\/span><\/span><span style=\"color: #ff0000;\"><span style=\"font-family: Calibri, sans-serif;\"><span style=\"font-size: medium;\"><span lang=\"es-ES\">\u201c<\/span><\/span><\/span><\/span><a href=\"https:\/\/www.bombasgens.com\/visites-guiades\/\"><span style=\"color: #ff0000;\"><span style=\"font-family: Calibri, sans-serif;\"><span style=\"font-size: medium;\"><span lang=\"es-ES\">Bombas Gens<\/span><\/span><\/span><\/span><\/a><span style=\"color: #ff0000;\"><span style=\"font-family: Calibri, sans-serif;\"><span style=\"font-size: medium;\"><span lang=\"es-ES\">\u201d<\/span><\/span><\/span><\/span><\/h1>\n<p align=\"justify\"><span style=\"color: #000000;\"><span style=\"font-family: Calibri, sans-serif;\"><span style=\"font-size: medium;\"><span lang=\"es-ES\">&#8211; <\/span><\/span><\/span><\/span><span style=\"color: #000000;\"><span style=\"font-family: Calibri, sans-serif;\"><span style=\"font-size: medium;\"><span lang=\"es-ES\">Divendres (16:15h Celler + jard\u00ed en valenci\u00e0 \/ 17:15h F\u00e0brica + refugi + jard\u00ed en valenci\u00e0 \/18:00h Exposicions d\u2019art + jard\u00ed en castella\u00f1o<\/span><\/span><\/span><\/span>)<\/p>\n<p align=\"justify\"><span style=\"color: #000000;\"><span style=\"font-family: Calibri, sans-serif;\"><span style=\"font-size: medium;\"><span lang=\"es-ES\">&#8211; <\/span><\/span><\/span><\/span><span style=\"color: #000000;\"><span style=\"font-family: Calibri, sans-serif;\"><span style=\"font-size: medium;\"><span lang=\"es-ES\">Bombas Gens<\/span><\/span><\/span><\/span><\/p>\n<p align=\"justify\"><span style=\"color: #000000;\"><span style=\"font-family: Calibri, sans-serif;\"><span style=\"font-size: medium;\"><span lang=\"fr-FR\">&#8211; <\/span><span lang=\"es-ES\">Per a tots els p\u00fablics<\/span><\/span><\/span><\/span><\/p>\n<p align=\"left\"><span style=\"font-family: Calibri, serif;\"><span style=\"font-size: small;\"><span style=\"color: #000000;\"><span style=\"font-family: Calibri, sans-serif;\"><span style=\"font-size: medium;\"><span lang=\"fr-FR\">&#8211; <\/span><\/span><\/span><\/span><span style=\"color: #000000;\"><span style=\"font-family: Calibri, sans-serif;\"><span style=\"font-size: medium;\"><span lang=\"pt-PT\">Entrada gratu\u00efta amb <a href=\"https:\/\/tickets.bombasgens.com\/muslinkIII\/venda\/index.jsp?nom_cache=BOMBASGENS&amp;property=BOMBASGENS&amp;grupActiv=1&amp;lang=2\">inscripci\u00f3n previa<\/a> <\/span><\/span><\/span><\/span><\/span><\/span><\/p>\n<p align=\"justify\"><span style=\"font-family: Calibri, serif;\"><span style=\"font-size: small;\"><span style=\"color: #000000;\"><span style=\"font-family: Calibri, sans-serif;\"><span style=\"font-size: medium;\"><span lang=\"pt-PT\">&#8211;<\/span><\/span><\/span><\/span> <span style=\"color: #000000;\"><span style=\"font-family: Calibri, sans-serif;\"><span style=\"font-size: medium;\"><span lang=\"pt-PT\">Qu\u00e8 \u00e9s: Bombas Gens posa a la disposici\u00f3 de visitants i usuaris del centre un equip de mediadors culturals, persones formades en Hist\u00f2ria de l\u2019Art i Humanitats, per a facilitar l\u2019acc\u00e9s als continguts expositius i al context hist\u00f2ric de l\u2019edifici. <\/span><\/span><\/span><\/span><\/span><\/span><\/p>\n<h1 class=\"western\" align=\"justify\"><span style=\"color: #99cc00;\"><span style=\"font-family: Calibri, sans-serif;\"><span style=\"font-size: medium;\"><span lang=\"es-ES\">[Cine]<\/span><\/span><\/span><\/span> <span style=\"color: #ff0000;\"><span style=\"font-family: Calibri, sans-serif;\"><span style=\"font-size: medium;\"><span lang=\"es-ES\">\u201c<\/span><\/span><\/span><\/span><a href=\"https:\/\/www.uv.es\/uvweb\/cultura\/ca\/llista-activitat\/the-breadwinner-pan-guerra-1285871673078\/Activitat.html?id=1286113232173\"><span style=\"color: #ff0000;\"><span style=\"font-family: Calibri, sans-serif;\"><span style=\"font-size: medium;\"><span lang=\"es-ES\">The Breadwinner (El pan de la guerra)<\/span><\/span><\/span><\/span><\/a><span style=\"color: #ff0000;\"><span style=\"font-family: Calibri, sans-serif;\"><span style=\"font-size: medium;\"><span lang=\"es-ES\">\u201d<\/span><\/span><\/span><\/span><\/h1>\n<p align=\"justify\"><span style=\"color: #000000;\"><span style=\"font-family: Calibri, sans-serif;\"><span style=\"font-size: medium;\"><span lang=\"es-ES\">&#8211; 11 de febrer de 2020 de 19:00 a 21:00 <\/span><\/span><\/span><\/span><\/p>\n<p align=\"justify\"><span style=\"color: #000000;\"><span style=\"font-family: Calibri, sans-serif;\"><span style=\"font-size: medium;\"><span lang=\"es-ES\">&#8211; Col\u00b7legi Major Rector Peset <\/span><\/span><\/span><\/span><\/p>\n<p align=\"justify\"><span style=\"color: #000000;\"><span style=\"font-family: Calibri, sans-serif;\"><span style=\"font-size: medium;\"><span lang=\"es-ES\">C.M.R. Peset. Sala de la Muralla<\/span><\/span><\/span><\/span><\/p>\n<p align=\"justify\"><span style=\"color: #000000;\"><span style=\"font-family: Calibri, sans-serif;\"><span style=\"font-size: medium;\"><span lang=\"es-ES\">&#8211; <\/span><\/span><\/span><\/span><span style=\"color: #000000;\"><span style=\"font-family: Calibri, sans-serif;\"><span style=\"font-size: medium;\"><span lang=\"pt-PT\">Per a tots els p\u00fablics<\/span><\/span><\/span><\/span><\/p>\n<p align=\"justify\"><span style=\"color: #000000;\"><span style=\"font-family: Calibri, sans-serif;\"><span style=\"font-size: medium;\"><span lang=\"pt-PT\">&#8211; Entrada lliure. Aforament limitat <\/span><\/span><\/span><\/span><\/p>\n<p><span style=\"color: #000000;\"><span style=\"font-family: Calibri, sans-serif;\"><span style=\"font-size: large;\"><span lang=\"es-ES\">&#8211;<\/span><\/span><\/span><\/span>&nbsp;<span style=\"color: #000000;\"><span style=\"font-family: Calibri, sans-serif;\"><span style=\"font-size: medium;\"><span lang=\"pt-PT\">Qu\u00e8 \u00e9s: <\/span><\/span><\/span><\/span><span style=\"color: #000000;\"><span style=\"font-family: Calibri, sans-serif;\"><span style=\"font-size: medium;\"><span lang=\"es-ES\">Projecci\u00f3 de \u2018The Breadwinner (El pan de la guerra)\u2019, <\/span><\/span><\/span><\/span><span style=\"color: #000000;\"><span style=\"font-family: Calibri, sans-serif;\"><span style=\"font-size: medium;\"><span lang=\"pt-PT\">Nova Animaci\u00f3 Europea de <\/span><\/span><\/span><\/span><span style=\"color: #000000;\"><span style=\"font-family: Calibri, sans-serif;\"><span style=\"font-size: medium;\"><span lang=\"es-ES\">Nora Twomey. <\/span><\/span><\/span><\/span><\/p>\n<h1 class=\"western\" align=\"justify\"><span style=\"color: #99cc00;\"><span style=\"font-family: Calibri, sans-serif;\"><span style=\"font-size: medium;\"><span lang=\"es-ES\">[<\/span><\/span><\/span><\/span><span style=\"color: #99cc00;\"><span style=\"font-family: Calibri, sans-serif;\"><span style=\"font-size: medium;\"><span lang=\"es-ES\">Taller<\/span><\/span><\/span><\/span><span style=\"color: #81d41a;\"><span style=\"font-family: Calibri, sans-serif;\"><span style=\"font-size: medium;\"><span lang=\"es-ES\">] <\/span><\/span><\/span><\/span><span style=\"color: #ff0000;\"><span style=\"font-family: Calibri, sans-serif;\"><span style=\"font-size: medium;\"><span lang=\"es-ES\">\u201c<\/span><\/span><\/span><\/span><a href=\"https:\/\/www.juventud-valencia.es\/noticia\/504\/taller-de-robotica-para-ninas-y-adolescentes-dia-internacional-de-la-mujer-y-la-nina-en-la-ciencia\/#contenido\"><span style=\"color: #ff0000;\"><span style=\"font-family: Calibri, sans-serif;\"><span style=\"font-size: medium;\"><span lang=\"es-ES\">Taller de rob\u00f2tica per a xiquetes i adolescents &#8211; Dia Internacional de la Dona i la Xiqueta en la Ci\u00e8ncia<\/span><\/span><\/span><\/span><\/a><span style=\"color: #ff0000;\"><span style=\"font-family: Calibri, sans-serif;\"><span style=\"font-size: medium;\"><span lang=\"es-ES\">\u201d<\/span><\/span><\/span><\/span><\/h1>\n<p align=\"justify\"><span style=\"color: #000000;\"><span style=\"font-family: Calibri, sans-serif;\"><span style=\"font-size: medium;\"><span lang=\"es-ES\">&#8211; <\/span><\/span><\/span><\/span><span style=\"color: #000000;\"><span style=\"font-family: Calibri, sans-serif;\"><span style=\"font-size: medium;\"><span lang=\"es-ES\">12 i 14 de febrer de 17.30 a 19.30<\/span><\/span><\/span><\/span><\/p>\n<p align=\"justify\"><span style=\"color: #000000;\"><span style=\"font-family: Calibri, sans-serif;\"><span style=\"font-size: medium;\"><span lang=\"es-ES\">&#8211; Centres Municipals de Joventut de Russafa i Benimaclet <\/span><\/span><\/span><\/span><\/p>\n<p align=\"justify\"><span style=\"color: #000000;\"><span style=\"font-family: Calibri, sans-serif;\"><span style=\"font-size: medium;\"><span lang=\"fr-FR\">&#8211; <\/span><span lang=\"fr-FR\">X<\/span><span lang=\"pt-PT\">iquetes i adolescents<\/span><\/span><\/span><\/span><\/p>\n<p align=\"justify\"><span style=\"font-family: Calibri, serif;\"><span style=\"font-size: small;\"><span style=\"color: #000000;\"><span style=\"font-family: Calibri, sans-serif;\"><span style=\"font-size: medium;\"><span lang=\"fr-FR\">&#8211; <\/span><\/span><\/span><\/span><span style=\"color: #000000;\"><span style=\"font-family: Calibri, sans-serif;\"><span style=\"font-size: medium;\"><span lang=\"pt-PT\">Entrada lliure <\/span><\/span><\/span><\/span><span style=\"color: #000000;\"><span style=\"font-family: Calibri, sans-serif;\"><span style=\"font-size: medium;\"><span lang=\"pt-PT\">amb <a href=\"https:\/\/www.juventud-valencia.es\/guia-actividades.php?id=571&amp;idA=2257\">inscripci\u00f3n previa<\/a><\/span><\/span><\/span><\/span><\/span><\/span><\/p>\n<p align=\"justify\"><span style=\"font-family: Calibri, serif;\"><span style=\"font-size: small;\"><span style=\"color: #000000;\"><span style=\"font-family: Calibri, sans-serif;\"><span style=\"font-size: medium;\"><span lang=\"pt-PT\">&#8211;<\/span><\/span><\/span><\/span> <span style=\"color: #000000;\"><span style=\"font-family: Calibri, sans-serif;\"><span style=\"font-size: medium;\"><span lang=\"pt-PT\">Qu\u00e8 \u00e9s: un taller de rob\u00f2tica educativa destinat a totes aquelles xiquetes i adolescents interessades a ampliar els seus coneixements en aquesta mat\u00e8ria i descobrir coses noves. <\/span><\/span><\/span><\/span><\/span><\/span><\/p>\n<h1 class=\"western\" align=\"justify\"><span style=\"color: #99cc00;\"><span style=\"font-family: Calibri, sans-serif;\"><span style=\"font-size: medium;\"><span lang=\"es-ES\">[<\/span><\/span><\/span><\/span><span style=\"color: #81d41a;\"><span style=\"font-family: Calibri, sans-serif;\"><span style=\"font-size: medium;\"><span lang=\"es-ES\">M\u00fasica<\/span><\/span><\/span><\/span><span style=\"color: #99cc00;\"><span style=\"font-family: Calibri, sans-serif;\"><span style=\"font-size: medium;\"><span lang=\"es-ES\">]<\/span><\/span><\/span><\/span> <span style=\"color: #ff0000;\"><span style=\"font-family: Calibri, sans-serif;\"><span style=\"font-size: medium;\"><span lang=\"es-ES\">\u201c<span style=\"color: #ff0000;\"><a style=\"color: #ff0000;\" href=\"https:\/\/www.uv.es\/uvweb\/uv-noticias\/ca\/noticies\/arranca-programacio-hivern-aula-musica-universitat-1285973304159\/Novetat.html?id=1286112740538&amp;plantilla=UV_Noticies\/Page\/TPGDetaillNews\">Concerts d\u2019Hiverns 202<\/a><\/span><\/span><\/span><\/span><span style=\"font-family: Calibri, sans-serif;\"><span style=\"font-size: medium;\"><span lang=\"es-ES\">0<\/span><\/span><\/span><span style=\"font-family: Calibri, sans-serif;\"><span style=\"font-size: medium;\"><span lang=\"es-ES\"> de la Universitat de Val\u00e8ncia <\/span><\/span><\/span><span style=\"font-family: Calibri, sans-serif;\"><span style=\"font-size: medium;\"><span lang=\"es-ES\">\u201d<\/span><\/span><\/span><\/span><\/h1>\n<p align=\"justify\"><span style=\"color: #000000;\"><span style=\"font-family: Calibri, sans-serif;\"><span style=\"font-size: medium;\"><span lang=\"es-ES\">&#8211; <\/span><\/span><\/span><\/span><span style=\"color: #000000;\"><span style=\"font-family: Calibri, sans-serif;\"><span style=\"font-size: medium;\"><span lang=\"es-ES\">Dimarts 11 de febrer a les 19h<\/span><\/span><\/span><\/span><\/p>\n<p align=\"justify\"><span style=\"color: #000000;\"><span style=\"font-family: Calibri, sans-serif;\"><span style=\"font-size: medium;\"><span lang=\"es-ES\">&#8211; <\/span><\/span><\/span><\/span><span style=\"color: #000000;\"><span style=\"font-family: Calibri, sans-serif;\"><span style=\"font-size: medium;\"><span lang=\"es-ES\">Sala de la Muralla del Col\u00b7legi Major Rector Peset<\/span><\/span><\/span><\/span><\/p>\n<p align=\"justify\"><span style=\"color: #000000;\"><span style=\"font-family: Calibri, sans-serif;\"><span style=\"font-size: medium;\">&#8211; Per a tots els p\u00fablics<\/span><\/span><\/span><\/p>\n<p align=\"justify\"><span style=\"font-family: Calibri, serif;\"><span style=\"font-size: small;\"><span style=\"color: #000000;\"><span style=\"font-family: Calibri, sans-serif;\"><span style=\"font-size: medium;\"><span lang=\"es-ES\">&#8211; Entrada gratu\u00efta<\/span><\/span><\/span><\/span><\/span><\/span><\/p>\n<p align=\"justify\"><span style=\"font-family: Calibri, serif;\"><span style=\"font-size: small;\"><span style=\"color: #000000;\"><span style=\"font-family: Calibri, sans-serif;\"><span style=\"font-size: medium;\"><span lang=\"es-ES\">&#8211; Qu\u00e8 \u00e9s: concert de m\u00fasica instrumental que intente acostar la m\u00fasica tant a la comunitat universit\u00e0ria com a la societat en general. <\/span><\/span><\/span><\/span><\/span><\/span><\/p>\n<h1 class=\"western\" align=\"justify\"><span style=\"color: #99cc00;\"><span style=\"font-family: Calibri, sans-serif;\"><span style=\"font-size: medium;\"><span lang=\"es-ES\">[<\/span><\/span><\/span><\/span><span style=\"color: #99cc00;\"><span style=\"font-family: Calibri, sans-serif;\"><span style=\"font-size: medium;\"><span lang=\"es-ES\">E<\/span><\/span><\/span><\/span><span style=\"color: #81d41a;\"><span style=\"font-family: Calibri, sans-serif;\"><span style=\"font-size: medium;\"><span lang=\"es-ES\">xposici\u00f3] <\/span><\/span><\/span><\/span><span style=\"color: #ff0000;\"><span style=\"font-family: Calibri, sans-serif;\"><span style=\"font-size: medium;\"><span lang=\"es-ES\">\u201c<\/span><\/span><\/span><\/span><a href=\"http:\/\/www.muvim.es\/va\/content\/amours\"><span style=\"color: #ff0000;\"><span style=\"font-family: Calibri, sans-serif;\"><span style=\"font-size: medium;\"><span lang=\"es-ES\">Les Amours &#8211; Premi Nacional de Dibuix DKV- MAKMA (V edici\u00f3)<\/span><\/span><\/span><\/span><\/a><span style=\"color: #ff0000;\"><span style=\"font-family: Calibri, sans-serif;\"><span style=\"font-size: medium;\"><span lang=\"es-ES\">\u201d<\/span><\/span><\/span><\/span><\/h1>\n<p align=\"justify\"><span style=\"color: #000000;\"><span style=\"font-family: Calibri, sans-serif;\"><span style=\"font-size: medium;\"><span lang=\"es-ES\">&#8211; <\/span><\/span><\/span><\/span><span style=\"color: #000000;\"><span style=\"font-family: Calibri, sans-serif;\"><span style=\"font-size: medium;\"><span lang=\"es-ES\">Fins <\/span><\/span><\/span><\/span><span style=\"color: #000000;\"><span style=\"font-family: Calibri, sans-serif;\"><span style=\"font-size: medium;\"><span lang=\"es-ES\">a<\/span><\/span><\/span><\/span><span style=\"color: #000000;\"><span style=\"font-family: Calibri, sans-serif;\"><span style=\"font-size: medium;\"><span lang=\"es-ES\">l<\/span><\/span><\/span><\/span> <span style=\"color: #000000;\"><span style=\"font-family: Calibri, sans-serif;\"><span style=\"font-size: medium;\"><span lang=\"es-ES\">29 de febrer <\/span><\/span><\/span><\/span><\/p>\n<p align=\"justify\"><span style=\"color: #000000;\"><span style=\"font-family: Calibri, sans-serif;\"><span style=\"font-size: medium;\"><span lang=\"es-ES\">&#8211; MuVIM <\/span><\/span><\/span><\/span><\/p>\n<p align=\"justify\"><span style=\"color: #000000;\"><span style=\"font-family: Calibri, sans-serif;\"><span style=\"font-size: medium;\"><span lang=\"fr-FR\">&#8211; <\/span><span lang=\"pt-PT\">Per a tots els p\u00fablics<\/span><\/span><\/span><\/span><\/p>\n<p align=\"justify\"><span style=\"font-family: Calibri, serif;\"><span style=\"font-size: small;\"><span style=\"color: #000000;\"><span style=\"font-family: Calibri, sans-serif;\"><span style=\"font-size: medium;\"><span lang=\"fr-FR\">&#8211; <\/span><\/span><\/span><\/span><span style=\"color: #000000;\"><span style=\"font-family: Calibri, sans-serif;\"><span style=\"font-size: medium;\"><span lang=\"pt-PT\">Entrada lliure <\/span><\/span><\/span><\/span><\/span><\/span><\/p>\n<p align=\"justify\"><span style=\"font-family: Calibri, serif;\"><span style=\"font-size: small;\"><span style=\"color: #000000;\"><span style=\"font-family: Calibri, sans-serif;\"><span style=\"font-size: medium;\"><span lang=\"pt-PT\">&#8211;<\/span><\/span><\/span><\/span> <span style=\"color: #000000;\"><span style=\"font-family: Calibri, sans-serif;\"><span style=\"font-size: medium;\"><span lang=\"pt-PT\">Qu\u00e8 \u00e9s: <\/span><\/span><\/span><\/span><span style=\"color: #000000;\"><span style=\"font-family: Calibri, sans-serif;\"><span style=\"font-size: medium;\"><span lang=\"pt-PT\">M<\/span><\/span><\/span><\/span><span style=\"color: #000000;\"><span style=\"font-family: Calibri, sans-serif;\"><span style=\"font-size: medium;\"><span lang=\"es-ES\">ostra el projecte guanyador d&#8217;una convocat\u00f2ria publica i oberta, amb la qual busca aportar una experi\u00e8ncia expositiva did\u00e0ctica, enriquidora i capa\u00e7 de generar debat. <\/span><\/span><\/span><\/span><\/span><\/span><\/p>\n<p align=\"justify\"><span style=\"color: #000000;\"><span style=\"font-family: Calibri, sans-serif;\"><span style=\"font-size: medium;\"><span lang=\"es-ES\">&nbsp;<\/span><\/span><\/span><\/span><\/p>\n","protected":false},"excerpt":{"rendered":"<p>Abans de les falles al mar\u00e7, ac\u00ed hi ha algunes idees d&#8217;eixida per a febrer. Este mes, pots portar al teu t\u00e0ndem a una exposici\u00f3, espectacle o activitat. Sense oblidar el Dia Internacional de la Dona i la Xiqueta en la Ci\u00e8ncia amb un taller de rob\u00f2tica. [Espectacle] \u201cDiosas. La nova obra de Bramant Teatre. &hellip; <a href=\"https:\/\/entandem.cat\/es\/recursos-es\/agenda-cultural-febrer-2020-vlc\/\">Continued<\/a><\/p>\n","protected":false},"author":1,"featured_media":6460,"comment_status":"closed","ping_status":"open","sticky":false,"template":"","format":"standard","meta":{"footnotes":""},"categories":[320,657],"tags":[598,511,675,499,683,568,664,515],"class_list":["post-6658","post","type-post","status-publish","format-standard","has-post-thumbnail","hentry","category-recursos-es","category-valencia-es","tag-activitats-culturals-es","tag-cine-es","tag-espectacle-es","tag-exposicio-es-2","tag-febrer-es","tag-musica-es","tag-taller-es","tag-visita-es"],"yoast_head":"<!-- This site is optimized with the Yoast SEO plugin v27.0 - https:\/\/yoast.com\/product\/yoast-seo-wordpress\/ -->\n<title>Agenda cultural \u2013 Febrer 2020 (VLC) - enT\u00e0ndem<\/title>\n<meta name=\"robots\" content=\"index, follow, max-snippet:-1, max-image-preview:large, max-video-preview:-1\" \/>\n<link rel=\"canonical\" href=\"https:\/\/entandem.cat\/es\/recursos-es\/agenda-cultural-febrer-2020-vlc\/\" \/>\n<meta property=\"og:locale\" content=\"es_ES\" \/>\n<meta property=\"og:type\" content=\"article\" \/>\n<meta property=\"og:title\" content=\"Agenda cultural \u2013 Febrer 2020 (VLC) - enT\u00e0ndem\" \/>\n<meta property=\"og:description\" content=\"Abans de les falles al mar\u00e7, ac\u00ed hi ha algunes idees d&#8217;eixida per a febrer. Este mes, pots portar al teu t\u00e0ndem a una exposici\u00f3, espectacle o activitat. Sense oblidar el Dia Internacional de la Dona i la Xiqueta en la Ci\u00e8ncia amb un taller de rob\u00f2tica. [Espectacle] \u201cDiosas. La nova obra de Bramant Teatre. &hellip; Continued\" \/>\n<meta property=\"og:url\" content=\"https:\/\/entandem.cat\/es\/recursos-es\/agenda-cultural-febrer-2020-vlc\/\" \/>\n<meta property=\"og:site_name\" content=\"enT\u00e0ndem\" \/>\n<meta property=\"article:publisher\" content=\"https:\/\/www.facebook.com\/afevcat\" \/>\n<meta property=\"article:published_time\" content=\"2020-01-27T09:21:48+00:00\" \/>\n<meta property=\"article:modified_time\" content=\"2020-03-24T12:25:58+00:00\" \/>\n<meta property=\"og:image\" content=\"https:\/\/entandem.cat\/wp-content\/uploads\/2020\/01\/AGENDA-FEBRER-VLC-2020.jpg\" \/>\n\t<meta property=\"og:image:width\" content=\"1920\" \/>\n\t<meta property=\"og:image:height\" content=\"1080\" \/>\n\t<meta property=\"og:image:type\" content=\"image\/jpeg\" \/>\n<meta name=\"author\" content=\"adminTandem\" \/>\n<meta name=\"twitter:card\" content=\"summary_large_image\" \/>\n<meta name=\"twitter:creator\" content=\"@afevcat\" \/>\n<meta name=\"twitter:site\" content=\"@afevcat\" \/>\n<meta name=\"twitter:label1\" content=\"Escrito por\" \/>\n\t<meta name=\"twitter:data1\" content=\"adminTandem\" \/>\n\t<meta name=\"twitter:label2\" content=\"Tiempo de lectura\" \/>\n\t<meta name=\"twitter:data2\" content=\"4 minutos\" \/>\n<script type=\"application\/ld+json\" class=\"yoast-schema-graph\">{\"@context\":\"https:\/\/schema.org\",\"@graph\":[{\"@type\":\"Article\",\"@id\":\"https:\/\/entandem.cat\/es\/recursos-es\/agenda-cultural-febrer-2020-vlc\/#article\",\"isPartOf\":{\"@id\":\"https:\/\/entandem.cat\/es\/recursos-es\/agenda-cultural-febrer-2020-vlc\/\"},\"author\":{\"name\":\"adminTandem\",\"@id\":\"https:\/\/entandem.cat\/#\/schema\/person\/2111428ce1954193a11054a1e2b5b0da\"},\"headline\":\"Agenda cultural \u2013 Febrer 2020 (VLC)\",\"datePublished\":\"2020-01-27T09:21:48+00:00\",\"dateModified\":\"2020-03-24T12:25:58+00:00\",\"mainEntityOfPage\":{\"@id\":\"https:\/\/entandem.cat\/es\/recursos-es\/agenda-cultural-febrer-2020-vlc\/\"},\"wordCount\":729,\"publisher\":{\"@id\":\"https:\/\/entandem.cat\/#organization\"},\"image\":{\"@id\":\"https:\/\/entandem.cat\/es\/recursos-es\/agenda-cultural-febrer-2020-vlc\/#primaryimage\"},\"thumbnailUrl\":\"https:\/\/entandem.cat\/wp-content\/uploads\/2020\/01\/AGENDA-FEBRER-VLC-2020.jpg\",\"keywords\":[\"activitats culturals\",\"cine\",\"espectacle\",\"exposici\u00f3\",\"febrer\",\"musica\",\"taller\",\"visita\"],\"articleSection\":[\"Recursos\",\"Valencia\"],\"inLanguage\":\"es\"},{\"@type\":\"WebPage\",\"@id\":\"https:\/\/entandem.cat\/es\/recursos-es\/agenda-cultural-febrer-2020-vlc\/\",\"url\":\"https:\/\/entandem.cat\/es\/recursos-es\/agenda-cultural-febrer-2020-vlc\/\",\"name\":\"Agenda cultural \u2013 Febrer 2020 (VLC) - enT\u00e0ndem\",\"isPartOf\":{\"@id\":\"https:\/\/entandem.cat\/#website\"},\"primaryImageOfPage\":{\"@id\":\"https:\/\/entandem.cat\/es\/recursos-es\/agenda-cultural-febrer-2020-vlc\/#primaryimage\"},\"image\":{\"@id\":\"https:\/\/entandem.cat\/es\/recursos-es\/agenda-cultural-febrer-2020-vlc\/#primaryimage\"},\"thumbnailUrl\":\"https:\/\/entandem.cat\/wp-content\/uploads\/2020\/01\/AGENDA-FEBRER-VLC-2020.jpg\",\"datePublished\":\"2020-01-27T09:21:48+00:00\",\"dateModified\":\"2020-03-24T12:25:58+00:00\",\"breadcrumb\":{\"@id\":\"https:\/\/entandem.cat\/es\/recursos-es\/agenda-cultural-febrer-2020-vlc\/#breadcrumb\"},\"inLanguage\":\"es\",\"potentialAction\":[{\"@type\":\"ReadAction\",\"target\":[\"https:\/\/entandem.cat\/es\/recursos-es\/agenda-cultural-febrer-2020-vlc\/\"]}]},{\"@type\":\"ImageObject\",\"inLanguage\":\"es\",\"@id\":\"https:\/\/entandem.cat\/es\/recursos-es\/agenda-cultural-febrer-2020-vlc\/#primaryimage\",\"url\":\"https:\/\/entandem.cat\/wp-content\/uploads\/2020\/01\/AGENDA-FEBRER-VLC-2020.jpg\",\"contentUrl\":\"https:\/\/entandem.cat\/wp-content\/uploads\/2020\/01\/AGENDA-FEBRER-VLC-2020.jpg\",\"width\":1920,\"height\":1080},{\"@type\":\"BreadcrumbList\",\"@id\":\"https:\/\/entandem.cat\/es\/recursos-es\/agenda-cultural-febrer-2020-vlc\/#breadcrumb\",\"itemListElement\":[{\"@type\":\"ListItem\",\"position\":1,\"name\":\"Inici\",\"item\":\"https:\/\/entandem.cat\/es\/\"},{\"@type\":\"ListItem\",\"position\":2,\"name\":\"Agenda cultural \u2013 Febrer 2020 (VLC)\"}]},{\"@type\":\"WebSite\",\"@id\":\"https:\/\/entandem.cat\/#website\",\"url\":\"https:\/\/entandem.cat\/\",\"name\":\"enT\u00e0ndem\",\"description\":\"Voluntariat Social Universitari\",\"publisher\":{\"@id\":\"https:\/\/entandem.cat\/#organization\"},\"potentialAction\":[{\"@type\":\"SearchAction\",\"target\":{\"@type\":\"EntryPoint\",\"urlTemplate\":\"https:\/\/entandem.cat\/?s={search_term_string}\"},\"query-input\":{\"@type\":\"PropertyValueSpecification\",\"valueRequired\":true,\"valueName\":\"search_term_string\"}}],\"inLanguage\":\"es\"},{\"@type\":\"Organization\",\"@id\":\"https:\/\/entandem.cat\/#organization\",\"name\":\"enT\u00e0ndem\",\"url\":\"https:\/\/entandem.cat\/\",\"logo\":{\"@type\":\"ImageObject\",\"inLanguage\":\"es\",\"@id\":\"https:\/\/entandem.cat\/#\/schema\/logo\/image\/\",\"url\":\"https:\/\/entandem.cat\/wp-content\/uploads\/2016\/12\/logo-entandem.png\",\"contentUrl\":\"https:\/\/entandem.cat\/wp-content\/uploads\/2016\/12\/logo-entandem.png\",\"width\":166,\"height\":44,\"caption\":\"enT\u00e0ndem\"},\"image\":{\"@id\":\"https:\/\/entandem.cat\/#\/schema\/logo\/image\/\"},\"sameAs\":[\"https:\/\/www.facebook.com\/afevcat\",\"https:\/\/x.com\/afevcat\",\"https:\/\/www.instagram.com\/afevcat\/\"]},{\"@type\":\"Person\",\"@id\":\"https:\/\/entandem.cat\/#\/schema\/person\/2111428ce1954193a11054a1e2b5b0da\",\"name\":\"adminTandem\"}]}<\/script>\n<!-- \/ Yoast SEO plugin. -->","yoast_head_json":{"title":"Agenda cultural \u2013 Febrer 2020 (VLC) - enT\u00e0ndem","robots":{"index":"index","follow":"follow","max-snippet":"max-snippet:-1","max-image-preview":"max-image-preview:large","max-video-preview":"max-video-preview:-1"},"canonical":"https:\/\/entandem.cat\/es\/recursos-es\/agenda-cultural-febrer-2020-vlc\/","og_locale":"es_ES","og_type":"article","og_title":"Agenda cultural \u2013 Febrer 2020 (VLC) - enT\u00e0ndem","og_description":"Abans de les falles al mar\u00e7, ac\u00ed hi ha algunes idees d&#8217;eixida per a febrer. Este mes, pots portar al teu t\u00e0ndem a una exposici\u00f3, espectacle o activitat. Sense oblidar el Dia Internacional de la Dona i la Xiqueta en la Ci\u00e8ncia amb un taller de rob\u00f2tica. [Espectacle] \u201cDiosas. La nova obra de Bramant Teatre. &hellip; Continued","og_url":"https:\/\/entandem.cat\/es\/recursos-es\/agenda-cultural-febrer-2020-vlc\/","og_site_name":"enT\u00e0ndem","article_publisher":"https:\/\/www.facebook.com\/afevcat","article_published_time":"2020-01-27T09:21:48+00:00","article_modified_time":"2020-03-24T12:25:58+00:00","og_image":[{"width":1920,"height":1080,"url":"https:\/\/entandem.cat\/wp-content\/uploads\/2020\/01\/AGENDA-FEBRER-VLC-2020.jpg","type":"image\/jpeg"}],"author":"adminTandem","twitter_card":"summary_large_image","twitter_creator":"@afevcat","twitter_site":"@afevcat","twitter_misc":{"Escrito por":"adminTandem","Tiempo de lectura":"4 minutos"},"schema":{"@context":"https:\/\/schema.org","@graph":[{"@type":"Article","@id":"https:\/\/entandem.cat\/es\/recursos-es\/agenda-cultural-febrer-2020-vlc\/#article","isPartOf":{"@id":"https:\/\/entandem.cat\/es\/recursos-es\/agenda-cultural-febrer-2020-vlc\/"},"author":{"name":"adminTandem","@id":"https:\/\/entandem.cat\/#\/schema\/person\/2111428ce1954193a11054a1e2b5b0da"},"headline":"Agenda cultural \u2013 Febrer 2020 (VLC)","datePublished":"2020-01-27T09:21:48+00:00","dateModified":"2020-03-24T12:25:58+00:00","mainEntityOfPage":{"@id":"https:\/\/entandem.cat\/es\/recursos-es\/agenda-cultural-febrer-2020-vlc\/"},"wordCount":729,"publisher":{"@id":"https:\/\/entandem.cat\/#organization"},"image":{"@id":"https:\/\/entandem.cat\/es\/recursos-es\/agenda-cultural-febrer-2020-vlc\/#primaryimage"},"thumbnailUrl":"https:\/\/entandem.cat\/wp-content\/uploads\/2020\/01\/AGENDA-FEBRER-VLC-2020.jpg","keywords":["activitats culturals","cine","espectacle","exposici\u00f3","febrer","musica","taller","visita"],"articleSection":["Recursos","Valencia"],"inLanguage":"es"},{"@type":"WebPage","@id":"https:\/\/entandem.cat\/es\/recursos-es\/agenda-cultural-febrer-2020-vlc\/","url":"https:\/\/entandem.cat\/es\/recursos-es\/agenda-cultural-febrer-2020-vlc\/","name":"Agenda cultural \u2013 Febrer 2020 (VLC) - enT\u00e0ndem","isPartOf":{"@id":"https:\/\/entandem.cat\/#website"},"primaryImageOfPage":{"@id":"https:\/\/entandem.cat\/es\/recursos-es\/agenda-cultural-febrer-2020-vlc\/#primaryimage"},"image":{"@id":"https:\/\/entandem.cat\/es\/recursos-es\/agenda-cultural-febrer-2020-vlc\/#primaryimage"},"thumbnailUrl":"https:\/\/entandem.cat\/wp-content\/uploads\/2020\/01\/AGENDA-FEBRER-VLC-2020.jpg","datePublished":"2020-01-27T09:21:48+00:00","dateModified":"2020-03-24T12:25:58+00:00","breadcrumb":{"@id":"https:\/\/entandem.cat\/es\/recursos-es\/agenda-cultural-febrer-2020-vlc\/#breadcrumb"},"inLanguage":"es","potentialAction":[{"@type":"ReadAction","target":["https:\/\/entandem.cat\/es\/recursos-es\/agenda-cultural-febrer-2020-vlc\/"]}]},{"@type":"ImageObject","inLanguage":"es","@id":"https:\/\/entandem.cat\/es\/recursos-es\/agenda-cultural-febrer-2020-vlc\/#primaryimage","url":"https:\/\/entandem.cat\/wp-content\/uploads\/2020\/01\/AGENDA-FEBRER-VLC-2020.jpg","contentUrl":"https:\/\/entandem.cat\/wp-content\/uploads\/2020\/01\/AGENDA-FEBRER-VLC-2020.jpg","width":1920,"height":1080},{"@type":"BreadcrumbList","@id":"https:\/\/entandem.cat\/es\/recursos-es\/agenda-cultural-febrer-2020-vlc\/#breadcrumb","itemListElement":[{"@type":"ListItem","position":1,"name":"Inici","item":"https:\/\/entandem.cat\/es\/"},{"@type":"ListItem","position":2,"name":"Agenda cultural \u2013 Febrer 2020 (VLC)"}]},{"@type":"WebSite","@id":"https:\/\/entandem.cat\/#website","url":"https:\/\/entandem.cat\/","name":"enT\u00e0ndem","description":"Voluntariat Social Universitari","publisher":{"@id":"https:\/\/entandem.cat\/#organization"},"potentialAction":[{"@type":"SearchAction","target":{"@type":"EntryPoint","urlTemplate":"https:\/\/entandem.cat\/?s={search_term_string}"},"query-input":{"@type":"PropertyValueSpecification","valueRequired":true,"valueName":"search_term_string"}}],"inLanguage":"es"},{"@type":"Organization","@id":"https:\/\/entandem.cat\/#organization","name":"enT\u00e0ndem","url":"https:\/\/entandem.cat\/","logo":{"@type":"ImageObject","inLanguage":"es","@id":"https:\/\/entandem.cat\/#\/schema\/logo\/image\/","url":"https:\/\/entandem.cat\/wp-content\/uploads\/2016\/12\/logo-entandem.png","contentUrl":"https:\/\/entandem.cat\/wp-content\/uploads\/2016\/12\/logo-entandem.png","width":166,"height":44,"caption":"enT\u00e0ndem"},"image":{"@id":"https:\/\/entandem.cat\/#\/schema\/logo\/image\/"},"sameAs":["https:\/\/www.facebook.com\/afevcat","https:\/\/x.com\/afevcat","https:\/\/www.instagram.com\/afevcat\/"]},{"@type":"Person","@id":"https:\/\/entandem.cat\/#\/schema\/person\/2111428ce1954193a11054a1e2b5b0da","name":"adminTandem"}]}},"_links":{"self":[{"href":"https:\/\/entandem.cat\/es\/wp-json\/wp\/v2\/posts\/6658","targetHints":{"allow":["GET"]}}],"collection":[{"href":"https:\/\/entandem.cat\/es\/wp-json\/wp\/v2\/posts"}],"about":[{"href":"https:\/\/entandem.cat\/es\/wp-json\/wp\/v2\/types\/post"}],"author":[{"embeddable":true,"href":"https:\/\/entandem.cat\/es\/wp-json\/wp\/v2\/users\/1"}],"replies":[{"embeddable":true,"href":"https:\/\/entandem.cat\/es\/wp-json\/wp\/v2\/comments?post=6658"}],"version-history":[{"count":0,"href":"https:\/\/entandem.cat\/es\/wp-json\/wp\/v2\/posts\/6658\/revisions"}],"wp:featuredmedia":[{"embeddable":true,"href":"https:\/\/entandem.cat\/es\/wp-json\/wp\/v2\/media\/6460"}],"wp:attachment":[{"href":"https:\/\/entandem.cat\/es\/wp-json\/wp\/v2\/media?parent=6658"}],"wp:term":[{"taxonomy":"category","embeddable":true,"href":"https:\/\/entandem.cat\/es\/wp-json\/wp\/v2\/categories?post=6658"},{"taxonomy":"post_tag","embeddable":true,"href":"https:\/\/entandem.cat\/es\/wp-json\/wp\/v2\/tags?post=6658"}],"curies":[{"name":"wp","href":"https:\/\/api.w.org\/{rel}","templated":true}]}}