{"id":6375,"date":"2019-12-23T14:52:15","date_gmt":"2019-12-23T14:52:15","guid":{"rendered":"https:\/\/entandem.cat\/agenda-cultural-gener-2020-bcn\/"},"modified":"2020-01-23T10:55:58","modified_gmt":"2020-01-23T10:55:58","slug":"agenda-cultural-gener-2020-bcn","status":"publish","type":"post","link":"https:\/\/entandem.cat\/es\/recursos-es\/agenda-cultural-gener-2020-bcn\/","title":{"rendered":"Agenda cultural \u2013 Gener 2020 (BCN)"},"content":{"rendered":"\n<p>\u00a0<\/p>\n<p><strong>Bon any nou a tothom!<\/strong> Amb la ressaca de cap d\u2019any, els torrons, els regals i les trobades amb familiars i amics, <strong>ens toca tornar a la rutina<\/strong>&#8230; I per fer-vos-ho m\u00e9s am\u00e8 us hem preparat un llistat d\u2019activitats gratu\u00eftes i tallers que podeu fer enT\u00e0ndem! Algunes, pel mes de gener; i altres perqu\u00e8 les pugueu gaudir al llarg de tot el trimestre&#8230; o fins el que queda de curs!!! <strong>Amb el canvi de d\u00e8cada estem a tope!<\/strong> <strong>Esperem que ho gaudiu 2020 vegades!<\/strong><\/p>\n<p><span style=\"color: #99cc00;\">[Teatre]<\/span> <span style=\"color: #ff0000;\"><a style=\"color: #ff0000;\" href=\"https:\/\/farinera.org\/agenda\/mare-terra\/\" target=\"_blank\" rel=\"noopener noreferrer\">\u201cMare Terra\u201d<\/a><\/span><\/p>\n<ul style=\"list-style-type: square;\">\n<li>Diumenge 19 de gener a les 12.00h<\/li>\n<li>Clot. Teatre Jesus Concernau Centre Cultural<\/li>\n<li>Infants<\/li>\n<li>4,50\u20ac<\/li>\n<li><strong>Qu\u00e8 \u00e9s?<\/strong> Un teatre per a tots els p\u00fablics<\/li>\n<\/ul>\n<p><span style=\"color: #99cc00;\">[Taller]<\/span> <span style=\"color: #ff0000;\"><a style=\"color: #ff0000;\" href=\"https:\/\/guia.barcelona.cat\/es\/detall\/taller-extraescolar-els-nens-i-les-nenes-del-barri-_99400638562.html\" target=\"_blank\" rel=\"noopener noreferrer\">\u201cEls nens i les nenes del barri\u201d<\/a><\/span><\/p>\n<ul style=\"list-style-type: square;\">\n<li>Tots els dijous a les 17.00h fins el 28 de maig del 2020<\/li>\n<li>MACBA<\/li>\n<li>Infants<\/li>\n<li>Entrada gratu\u00efta, cal inscripci\u00f3 pr\u00e8via<\/li>\n<li><strong>Qu\u00e8 \u00e9s? <\/strong>Una experi\u00e8ncia col\u00b7lectiva a l\u2019espai permanent del museu, obert a la imaginaci\u00f3 i amb ganes de trencar normes<\/li>\n<\/ul>\n<p><span style=\"color: #99cc00;\">[Exposici\u00f3]<\/span> <span style=\"color: #ff0000;\"><a style=\"color: #ff0000;\" href=\"https:\/\/www.cccb.org\/ca\/exposicions\/fitxa\/gameplay\/232349\" target=\"_blank\" rel=\"noopener noreferrer\">\u201cGameplay &#8211; Cultura del videojoc<\/a>\u201d<\/span><\/p>\n<ul style=\"list-style-type: square;\">\n<li>De dimarts a diumenge de les 11.00h a les 20.00h fins el 3 de maig de 2020<\/li>\n<li>CCCB<\/li>\n<li>Infants i joves<\/li>\n<li>Entrada gratu\u00efta per menys de 12 anys, 4\u20ac amb Carnet Jove, de biblioteques, monoparental o fam\u00edlia nombrosa<\/li>\n<li><strong>Qu\u00e8 \u00e9s? <\/strong>Amb 28 punts de joc, des de les primeres m\u00e0quines recreatives i jocs d\u2019ordinador hist\u00f2rics fins a noves propostes immersives, \u00abGameplay\u00bb est\u00e0 pensada com una exposici\u00f3 per jugar i alhora entendre i gaudir de la cultura del videojoc amb esperit cr\u00edtic<\/li>\n<\/ul>\n<p><span style=\"color: #99cc00;\">[Exposici\u00f3]<\/span> <span style=\"color: #ff0000;\"><a style=\"color: #ff0000;\" href=\"https:\/\/guia.barcelona.cat\/es\/agenda\/detall\/ldquomonos-una-historia-de-primatesrdquo_99400640811.html\" target=\"_blank\" rel=\"noopener noreferrer\">\u201cMonos, una historia de primates\u201d<\/a><\/span><\/p>\n<ul style=\"list-style-type: square;\">\n<li>Tota la setmana, de les 10.00h a les 18.00h<\/li>\n<li>Museu de Ci\u00e8ncies Naturals de Barcelona &#8211; Museu Blau<\/li>\n<li>Infants i joves<\/li>\n<li>Entrada gratu\u00efta per menys de 16 anys o 2,50\u20ac per la resta<\/li>\n<li><strong>Qu\u00e8 \u00e9s? <\/strong>Descobreix com mengen, com es mouen, com es comuniquen i com sobreviuen els primats<\/li>\n<\/ul>\n<p><span style=\"color: #99cc00;\">[Mercat]<\/span> <span style=\"color: #ff0000;\"><a style=\"color: #ff0000;\" href=\"https:\/\/guia.barcelona.cat\/es\/agenda\/detall\/mercado-de-la-tierra-en-los-jardines-de-las-tres-xemeneies_99400400031.html\" target=\"_blank\" rel=\"noopener noreferrer\">Mercado de la Tierra<\/a><\/span><\/p>\n<ul style=\"list-style-type: square;\">\n<li>Tots els dissabtes fins el 31 de maig, de 10:00h a 16:00h<\/li>\n<li>Poble sec \u2013 Jardins de les Tres Xemeneies<\/li>\n<li>Infants i joves<\/li>\n<li>Entrada gratu\u00efta per menys de 16 anys o 2,50\u20ac per la resta<\/li>\n<li><strong>Qu\u00e8 \u00e9s? <\/strong>Un mercat amb activitats infantils i m\u00fasica en directe!<\/li>\n<\/ul>\n<p><span style=\"color: #99cc00;\">[Espai Jove]<\/span> <a href=\"https:\/\/associacioesportivacandeu.weebly.com\/espai-jove.html\" target=\"_blank\" rel=\"noopener noreferrer\"><span style=\"color: #ff0000;\">Sabadell: Jove Nord AECD<\/span><\/a><\/p>\n<ul style=\"list-style-type: square;\">\n<li>Dimecres, dijous i divendres de 16.30h a 20.30h<\/li>\n<li>Sabadell<\/li>\n<li>Infants i joves<\/li>\n<li>Entrada gratu\u00efta<\/li>\n<li><strong>Qu\u00e8 \u00e9s?<\/strong> Oferir als joves del sector nord de Sabadell un espai amb recursos suficients per poder estimular la comunicaci\u00f3 i cooperaci\u00f3 per realitzar activitats l\u00fadiques amb iguals, joves de la mateixa edat, en solitari, en grup i\/o amb ajut de monitors<\/li>\n<\/ul>\n<p><span style=\"color: #99cc00;\">[Taller]<\/span> <span style=\"color: #ff0000;\"><a style=\"color: #ff0000;\" href=\"https:\/\/lafontana.org\/tallers\/\" target=\"_blank\" rel=\"noopener noreferrer\">\u201cCuina\u201d<\/a><\/span><\/p>\n<ul style=\"list-style-type: square;\">\n<li>Dimecres de 17:30h a 19:30h (8 sessions)<\/li>\n<li>Espai Jove La Fontana<\/li>\n<li>Infants i joves, de 12 a 20 anys<\/li>\n<li>Participaci\u00f3 gratu\u00efta, cal inscripci\u00f3 pr\u00e8via!<\/li>\n<li><strong>Qu\u00e8 \u00e9s?<\/strong> Espai per agafar el gust de cuinar i per compartir quines s\u00f3n les receptes que volem tastar a les nostres vides. Vine a compartir deliciosos berenars vegetarians fets amb les nostres pr\u00f2pies mans i aprendre a expressar-te amb el menjar!<\/li>\n<\/ul>\n<p><span style=\"color: #99cc00;\">[Art]<\/span> <span style=\"color: #ff0000;\">\u201c<a style=\"color: #ff0000;\" href=\"http:\/\/casabaumann.cat\/index.php\/creacio-artistica\/grafity\" target=\"_blank\" rel=\"noopener noreferrer\">Espai Graffiti i projecte aqu\u00ed pots!<\/a>\u201d<\/span><\/p>\n<ul style=\"list-style-type: square;\">\n<li>Tot l\u2019any<\/li>\n<li>Terrassa<\/li>\n<li>Joves<\/li>\n<li>Participaci\u00f3 gratu\u00efta<\/li>\n<li><strong>Qu\u00e8 \u00e9s?<\/strong> Mitjan\u00e7ant el projecte Aqu\u00ed pots!\u00a0l&#8217;Ajuntament posa a disposici\u00f3 dels joves creadors\/es\u00a0una s\u00e8rie d&#8217;espais distribu\u00efts als diferents districtes de la ciutat per fomentar que aquesta expressi\u00f3 art\u00edstica es faci d\u2019una forma lliure i sense tutela per\u00f2 responsable, i d\u2019atenuar les pintades i tags en llocs no autoritzats<\/li>\n<\/ul>\n<p><span style=\"color: #99cc00;\">[Taller]<\/span> <span style=\"color: #ff0000;\"><a style=\"color: #ff0000;\" href=\"http:\/\/lesbasses.org\/programacio\/fotografia-2020-01-27\/\" target=\"_blank\" rel=\"noopener noreferrer\">\u201cFotografia\u201d<\/a><\/span><\/p>\n<ul style=\"list-style-type: square;\">\n<li>Dilluns de 17.30h a 19.00h fins el 23 de mar\u00e7 de 2020<\/li>\n<li>Espai Jove Les Basses<\/li>\n<li>Infants i joves, de 12 a 20 anys<\/li>\n<li>Participaci\u00f3 gratu\u00efta, cal inscripci\u00f3 pr\u00e8via<\/li>\n<li><strong>Qu\u00e8 es? <\/strong>Parla de tu a trav\u00e9s de les teves fotos! Diverteix-te fent servir el m\u00f2bil, retratant-te amb una c\u00e0mera professional i apr\u00e8n a disparar amb c\u00e0meres instant\u00e0nies<\/li>\n<\/ul>\n<p><span style=\"color: #99cc00;\">[Taller]<\/span> <span style=\"color: #ff0000;\"><a style=\"color: #ff0000;\" href=\"http:\/\/espaijovegarcilaso.org\/wp-content\/uploads\/2019\/12\/Afrourban.png\" target=\"_blank\" rel=\"noopener noreferrer\">\u201cDansa AfroUrban\u201d<\/a><\/span><\/p>\n<ul style=\"list-style-type: square;\">\n<li>Dimarts de 18h a 20h<\/li>\n<li>Espai Jove Garcilaso<\/li>\n<li>Infants i joves, de 12 a 20 anys<\/li>\n<li>Participaci\u00f3 gratu\u00efta, cal inscripci\u00f3 pr\u00e8via<\/li>\n<li><strong>Qu\u00e8 \u00e9s? <\/strong>Descobreix les danses africanes urbanes, apr\u00e8n a expressar-te, perdre la vergonya, coneix altres joves i sigues tu mateix!<\/li>\n<\/ul>\n<p><span style=\"color: #99cc00;\">[Teatre]<\/span> <span style=\"color: #ff0000;\"><a style=\"color: #ff0000;\" href=\"https:\/\/www.lavillarroel.cat\/es\/ex\/1705\/pensem-pausa-a-la-merda\/\" target=\"_blank\" rel=\"noopener noreferrer\">\u00ab<\/a><a style=\"color: #ff0000;\" href=\"https:\/\/www.lavillarroel.cat\/es\/ex\/1705\/pensem-pausa-a-la-merda\/\">Pensem. (PAUSA). A LA MERDA!<\/a><a style=\"color: #ff0000;\" href=\"https:\/\/www.lavillarroel.cat\/es\/ex\/1705\/pensem-pausa-a-la-merda\/\" target=\"_blank\" rel=\"noopener noreferrer\">\u00bb Espectacle en catal\u00e0<\/a><\/span><\/p>\n<ul style=\"list-style-type: square;\">\n<li>Dissabte 25 de gener, 12h<\/li>\n<li>La Villarroel<\/li>\n<li>Infants i joves<\/li>\n<li>Tenim entrades pels nostres t\u00e0ndems. Siusplau, si esteu interessats\/des en anar-hi aviseu-nos!<\/li>\n<li><strong>Qu\u00e8 \u00e9s?<\/strong> Un espectacle en catal\u00e0 !<\/li>\n<\/ul>\n<p><span style=\"color: #99cc00;\">[Activitats]<\/span> <span style=\"color: #ff0000;\"><a style=\"color: #ff0000;\" href=\"https:\/\/www.facebook.com\/pg\/CTransformadors\/events\/\" target=\"_blank\" rel=\"noopener noreferrer\">\u00abCasal Transformadors\u00bb<\/a><\/span><\/p>\n<ul style=\"list-style-type: square;\">\n<li>Casal de barri Transformadors (Arc de Triomf <span class=\"v1_2iem\">Carrer d\u2019Ausi\u00e0s March, 60 <\/span><span class=\"v1_2iem\">Barcelona)<\/span><\/li>\n<li>Infants i joves<\/li>\n<li>\n<div><strong><span class=\"v1_2iem\">Qu\u00e8 \u00e9s?<\/span><\/strong> <span class=\"v1_2iem\">Un casal de barri amb programaci\u00f3 de diverses activitats que us poden interessar<\/span><\/div>\n<\/li>\n<\/ul>\n<p>\u00a0<\/p>\n","protected":false},"excerpt":{"rendered":"<p>\u00a0 Bon any nou a tothom! Amb la ressaca de cap d\u2019any, els torrons, els regals i les trobades amb familiars i amics, ens toca tornar a la rutina&#8230; I per fer-vos-ho m\u00e9s am\u00e8 us hem preparat un llistat d\u2019activitats gratu\u00eftes i tallers que podeu fer enT\u00e0ndem! Algunes, pel mes de gener; i altres perqu\u00e8 &hellip; <a href=\"https:\/\/entandem.cat\/es\/recursos-es\/agenda-cultural-gener-2020-bcn\/\">Continued<\/a><\/p>\n","protected":false},"author":1,"featured_media":6369,"comment_status":"closed","ping_status":"open","sticky":false,"template":"","format":"standard","meta":{"footnotes":""},"categories":[655,320],"tags":[598,510,564,467,501,681,682,336,702,514,703,331],"class_list":["post-6375","post","type-post","status-publish","format-standard","has-post-thumbnail","hentry","category-barcelona-es","category-recursos-es","tag-activitats-culturals-es","tag-agenda-cultural-es","tag-barcelona-es","tag-entandem-es","tag-exposicio-foto-es-2","tag-fotografia-es","tag-gener-es","tag-mentoria-social-es","tag-sabadell-es","tag-tallers-es","tag-terrassa-es","tag-voluntariat-es"],"yoast_head":"<!-- This site is optimized with the Yoast SEO plugin v27.0 - https:\/\/yoast.com\/product\/yoast-seo-wordpress\/ -->\n<title>Agenda cultural \u2013 Gener 2020 (BCN) - enT\u00e0ndem<\/title>\n<meta name=\"robots\" content=\"index, follow, max-snippet:-1, max-image-preview:large, max-video-preview:-1\" \/>\n<link rel=\"canonical\" href=\"https:\/\/entandem.cat\/es\/recursos-es\/agenda-cultural-gener-2020-bcn\/\" \/>\n<meta property=\"og:locale\" content=\"es_ES\" \/>\n<meta property=\"og:type\" content=\"article\" \/>\n<meta property=\"og:title\" content=\"Agenda cultural \u2013 Gener 2020 (BCN) - enT\u00e0ndem\" \/>\n<meta property=\"og:description\" content=\"\u00a0 Bon any nou a tothom! Amb la ressaca de cap d\u2019any, els torrons, els regals i les trobades amb familiars i amics, ens toca tornar a la rutina&#8230; I per fer-vos-ho m\u00e9s am\u00e8 us hem preparat un llistat d\u2019activitats gratu\u00eftes i tallers que podeu fer enT\u00e0ndem! Algunes, pel mes de gener; i altres perqu\u00e8 &hellip; Continued\" \/>\n<meta property=\"og:url\" content=\"https:\/\/entandem.cat\/es\/recursos-es\/agenda-cultural-gener-2020-bcn\/\" \/>\n<meta property=\"og:site_name\" content=\"enT\u00e0ndem\" \/>\n<meta property=\"article:publisher\" content=\"https:\/\/www.facebook.com\/afevcat\" \/>\n<meta property=\"article:published_time\" content=\"2019-12-23T14:52:15+00:00\" \/>\n<meta property=\"article:modified_time\" content=\"2020-01-23T10:55:58+00:00\" \/>\n<meta property=\"og:image\" content=\"https:\/\/entandem.cat\/wp-content\/uploads\/2019\/12\/Imagen2.jpg\" \/>\n\t<meta property=\"og:image:width\" content=\"2592\" \/>\n\t<meta property=\"og:image:height\" content=\"1728\" \/>\n\t<meta property=\"og:image:type\" content=\"image\/jpeg\" \/>\n<meta name=\"author\" content=\"adminTandem\" \/>\n<meta name=\"twitter:card\" content=\"summary_large_image\" \/>\n<meta name=\"twitter:creator\" content=\"@afevcat\" \/>\n<meta name=\"twitter:site\" content=\"@afevcat\" \/>\n<meta name=\"twitter:label1\" content=\"Escrito por\" \/>\n\t<meta name=\"twitter:data1\" content=\"adminTandem\" \/>\n\t<meta name=\"twitter:label2\" content=\"Tiempo de lectura\" \/>\n\t<meta name=\"twitter:data2\" content=\"4 minutos\" \/>\n<script type=\"application\/ld+json\" class=\"yoast-schema-graph\">{\"@context\":\"https:\/\/schema.org\",\"@graph\":[{\"@type\":\"Article\",\"@id\":\"https:\/\/entandem.cat\/es\/recursos-es\/agenda-cultural-gener-2020-bcn\/#article\",\"isPartOf\":{\"@id\":\"https:\/\/entandem.cat\/es\/recursos-es\/agenda-cultural-gener-2020-bcn\/\"},\"author\":{\"name\":\"adminTandem\",\"@id\":\"https:\/\/entandem.cat\/#\/schema\/person\/2111428ce1954193a11054a1e2b5b0da\"},\"headline\":\"Agenda cultural \u2013 Gener 2020 (BCN)\",\"datePublished\":\"2019-12-23T14:52:15+00:00\",\"dateModified\":\"2020-01-23T10:55:58+00:00\",\"mainEntityOfPage\":{\"@id\":\"https:\/\/entandem.cat\/es\/recursos-es\/agenda-cultural-gener-2020-bcn\/\"},\"wordCount\":750,\"publisher\":{\"@id\":\"https:\/\/entandem.cat\/#organization\"},\"image\":{\"@id\":\"https:\/\/entandem.cat\/es\/recursos-es\/agenda-cultural-gener-2020-bcn\/#primaryimage\"},\"thumbnailUrl\":\"https:\/\/entandem.cat\/wp-content\/uploads\/2019\/12\/Imagen2.jpg\",\"keywords\":[\"activitats culturals\",\"agenda cultural\",\"barcelona\",\"entandem\",\"exposici\u00f3 foto\",\"fotografia\",\"gener\",\"mentoria social\",\"sabadell\",\"tallers\",\"terrassa\",\"voluntariat\"],\"articleSection\":[\"Barcelona\",\"Recursos\"],\"inLanguage\":\"es\"},{\"@type\":\"WebPage\",\"@id\":\"https:\/\/entandem.cat\/es\/recursos-es\/agenda-cultural-gener-2020-bcn\/\",\"url\":\"https:\/\/entandem.cat\/es\/recursos-es\/agenda-cultural-gener-2020-bcn\/\",\"name\":\"Agenda cultural \u2013 Gener 2020 (BCN) - enT\u00e0ndem\",\"isPartOf\":{\"@id\":\"https:\/\/entandem.cat\/#website\"},\"primaryImageOfPage\":{\"@id\":\"https:\/\/entandem.cat\/es\/recursos-es\/agenda-cultural-gener-2020-bcn\/#primaryimage\"},\"image\":{\"@id\":\"https:\/\/entandem.cat\/es\/recursos-es\/agenda-cultural-gener-2020-bcn\/#primaryimage\"},\"thumbnailUrl\":\"https:\/\/entandem.cat\/wp-content\/uploads\/2019\/12\/Imagen2.jpg\",\"datePublished\":\"2019-12-23T14:52:15+00:00\",\"dateModified\":\"2020-01-23T10:55:58+00:00\",\"breadcrumb\":{\"@id\":\"https:\/\/entandem.cat\/es\/recursos-es\/agenda-cultural-gener-2020-bcn\/#breadcrumb\"},\"inLanguage\":\"es\",\"potentialAction\":[{\"@type\":\"ReadAction\",\"target\":[\"https:\/\/entandem.cat\/es\/recursos-es\/agenda-cultural-gener-2020-bcn\/\"]}]},{\"@type\":\"ImageObject\",\"inLanguage\":\"es\",\"@id\":\"https:\/\/entandem.cat\/es\/recursos-es\/agenda-cultural-gener-2020-bcn\/#primaryimage\",\"url\":\"https:\/\/entandem.cat\/wp-content\/uploads\/2019\/12\/Imagen2.jpg\",\"contentUrl\":\"https:\/\/entandem.cat\/wp-content\/uploads\/2019\/12\/Imagen2.jpg\",\"width\":2592,\"height\":1728,\"caption\":\"Agenda Cultural Gener20\"},{\"@type\":\"BreadcrumbList\",\"@id\":\"https:\/\/entandem.cat\/es\/recursos-es\/agenda-cultural-gener-2020-bcn\/#breadcrumb\",\"itemListElement\":[{\"@type\":\"ListItem\",\"position\":1,\"name\":\"Inici\",\"item\":\"https:\/\/entandem.cat\/es\/\"},{\"@type\":\"ListItem\",\"position\":2,\"name\":\"Agenda cultural \u2013 Gener 2020 (BCN)\"}]},{\"@type\":\"WebSite\",\"@id\":\"https:\/\/entandem.cat\/#website\",\"url\":\"https:\/\/entandem.cat\/\",\"name\":\"enT\u00e0ndem\",\"description\":\"Voluntariat Social Universitari\",\"publisher\":{\"@id\":\"https:\/\/entandem.cat\/#organization\"},\"potentialAction\":[{\"@type\":\"SearchAction\",\"target\":{\"@type\":\"EntryPoint\",\"urlTemplate\":\"https:\/\/entandem.cat\/?s={search_term_string}\"},\"query-input\":{\"@type\":\"PropertyValueSpecification\",\"valueRequired\":true,\"valueName\":\"search_term_string\"}}],\"inLanguage\":\"es\"},{\"@type\":\"Organization\",\"@id\":\"https:\/\/entandem.cat\/#organization\",\"name\":\"enT\u00e0ndem\",\"url\":\"https:\/\/entandem.cat\/\",\"logo\":{\"@type\":\"ImageObject\",\"inLanguage\":\"es\",\"@id\":\"https:\/\/entandem.cat\/#\/schema\/logo\/image\/\",\"url\":\"https:\/\/entandem.cat\/wp-content\/uploads\/2016\/12\/logo-entandem.png\",\"contentUrl\":\"https:\/\/entandem.cat\/wp-content\/uploads\/2016\/12\/logo-entandem.png\",\"width\":166,\"height\":44,\"caption\":\"enT\u00e0ndem\"},\"image\":{\"@id\":\"https:\/\/entandem.cat\/#\/schema\/logo\/image\/\"},\"sameAs\":[\"https:\/\/www.facebook.com\/afevcat\",\"https:\/\/x.com\/afevcat\",\"https:\/\/www.instagram.com\/afevcat\/\"]},{\"@type\":\"Person\",\"@id\":\"https:\/\/entandem.cat\/#\/schema\/person\/2111428ce1954193a11054a1e2b5b0da\",\"name\":\"adminTandem\"}]}<\/script>\n<!-- \/ Yoast SEO plugin. -->","yoast_head_json":{"title":"Agenda cultural \u2013 Gener 2020 (BCN) - enT\u00e0ndem","robots":{"index":"index","follow":"follow","max-snippet":"max-snippet:-1","max-image-preview":"max-image-preview:large","max-video-preview":"max-video-preview:-1"},"canonical":"https:\/\/entandem.cat\/es\/recursos-es\/agenda-cultural-gener-2020-bcn\/","og_locale":"es_ES","og_type":"article","og_title":"Agenda cultural \u2013 Gener 2020 (BCN) - enT\u00e0ndem","og_description":"\u00a0 Bon any nou a tothom! Amb la ressaca de cap d\u2019any, els torrons, els regals i les trobades amb familiars i amics, ens toca tornar a la rutina&#8230; I per fer-vos-ho m\u00e9s am\u00e8 us hem preparat un llistat d\u2019activitats gratu\u00eftes i tallers que podeu fer enT\u00e0ndem! Algunes, pel mes de gener; i altres perqu\u00e8 &hellip; Continued","og_url":"https:\/\/entandem.cat\/es\/recursos-es\/agenda-cultural-gener-2020-bcn\/","og_site_name":"enT\u00e0ndem","article_publisher":"https:\/\/www.facebook.com\/afevcat","article_published_time":"2019-12-23T14:52:15+00:00","article_modified_time":"2020-01-23T10:55:58+00:00","og_image":[{"width":2592,"height":1728,"url":"https:\/\/entandem.cat\/wp-content\/uploads\/2019\/12\/Imagen2.jpg","type":"image\/jpeg"}],"author":"adminTandem","twitter_card":"summary_large_image","twitter_creator":"@afevcat","twitter_site":"@afevcat","twitter_misc":{"Escrito por":"adminTandem","Tiempo de lectura":"4 minutos"},"schema":{"@context":"https:\/\/schema.org","@graph":[{"@type":"Article","@id":"https:\/\/entandem.cat\/es\/recursos-es\/agenda-cultural-gener-2020-bcn\/#article","isPartOf":{"@id":"https:\/\/entandem.cat\/es\/recursos-es\/agenda-cultural-gener-2020-bcn\/"},"author":{"name":"adminTandem","@id":"https:\/\/entandem.cat\/#\/schema\/person\/2111428ce1954193a11054a1e2b5b0da"},"headline":"Agenda cultural \u2013 Gener 2020 (BCN)","datePublished":"2019-12-23T14:52:15+00:00","dateModified":"2020-01-23T10:55:58+00:00","mainEntityOfPage":{"@id":"https:\/\/entandem.cat\/es\/recursos-es\/agenda-cultural-gener-2020-bcn\/"},"wordCount":750,"publisher":{"@id":"https:\/\/entandem.cat\/#organization"},"image":{"@id":"https:\/\/entandem.cat\/es\/recursos-es\/agenda-cultural-gener-2020-bcn\/#primaryimage"},"thumbnailUrl":"https:\/\/entandem.cat\/wp-content\/uploads\/2019\/12\/Imagen2.jpg","keywords":["activitats culturals","agenda cultural","barcelona","entandem","exposici\u00f3 foto","fotografia","gener","mentoria social","sabadell","tallers","terrassa","voluntariat"],"articleSection":["Barcelona","Recursos"],"inLanguage":"es"},{"@type":"WebPage","@id":"https:\/\/entandem.cat\/es\/recursos-es\/agenda-cultural-gener-2020-bcn\/","url":"https:\/\/entandem.cat\/es\/recursos-es\/agenda-cultural-gener-2020-bcn\/","name":"Agenda cultural \u2013 Gener 2020 (BCN) - enT\u00e0ndem","isPartOf":{"@id":"https:\/\/entandem.cat\/#website"},"primaryImageOfPage":{"@id":"https:\/\/entandem.cat\/es\/recursos-es\/agenda-cultural-gener-2020-bcn\/#primaryimage"},"image":{"@id":"https:\/\/entandem.cat\/es\/recursos-es\/agenda-cultural-gener-2020-bcn\/#primaryimage"},"thumbnailUrl":"https:\/\/entandem.cat\/wp-content\/uploads\/2019\/12\/Imagen2.jpg","datePublished":"2019-12-23T14:52:15+00:00","dateModified":"2020-01-23T10:55:58+00:00","breadcrumb":{"@id":"https:\/\/entandem.cat\/es\/recursos-es\/agenda-cultural-gener-2020-bcn\/#breadcrumb"},"inLanguage":"es","potentialAction":[{"@type":"ReadAction","target":["https:\/\/entandem.cat\/es\/recursos-es\/agenda-cultural-gener-2020-bcn\/"]}]},{"@type":"ImageObject","inLanguage":"es","@id":"https:\/\/entandem.cat\/es\/recursos-es\/agenda-cultural-gener-2020-bcn\/#primaryimage","url":"https:\/\/entandem.cat\/wp-content\/uploads\/2019\/12\/Imagen2.jpg","contentUrl":"https:\/\/entandem.cat\/wp-content\/uploads\/2019\/12\/Imagen2.jpg","width":2592,"height":1728,"caption":"Agenda Cultural Gener20"},{"@type":"BreadcrumbList","@id":"https:\/\/entandem.cat\/es\/recursos-es\/agenda-cultural-gener-2020-bcn\/#breadcrumb","itemListElement":[{"@type":"ListItem","position":1,"name":"Inici","item":"https:\/\/entandem.cat\/es\/"},{"@type":"ListItem","position":2,"name":"Agenda cultural \u2013 Gener 2020 (BCN)"}]},{"@type":"WebSite","@id":"https:\/\/entandem.cat\/#website","url":"https:\/\/entandem.cat\/","name":"enT\u00e0ndem","description":"Voluntariat Social Universitari","publisher":{"@id":"https:\/\/entandem.cat\/#organization"},"potentialAction":[{"@type":"SearchAction","target":{"@type":"EntryPoint","urlTemplate":"https:\/\/entandem.cat\/?s={search_term_string}"},"query-input":{"@type":"PropertyValueSpecification","valueRequired":true,"valueName":"search_term_string"}}],"inLanguage":"es"},{"@type":"Organization","@id":"https:\/\/entandem.cat\/#organization","name":"enT\u00e0ndem","url":"https:\/\/entandem.cat\/","logo":{"@type":"ImageObject","inLanguage":"es","@id":"https:\/\/entandem.cat\/#\/schema\/logo\/image\/","url":"https:\/\/entandem.cat\/wp-content\/uploads\/2016\/12\/logo-entandem.png","contentUrl":"https:\/\/entandem.cat\/wp-content\/uploads\/2016\/12\/logo-entandem.png","width":166,"height":44,"caption":"enT\u00e0ndem"},"image":{"@id":"https:\/\/entandem.cat\/#\/schema\/logo\/image\/"},"sameAs":["https:\/\/www.facebook.com\/afevcat","https:\/\/x.com\/afevcat","https:\/\/www.instagram.com\/afevcat\/"]},{"@type":"Person","@id":"https:\/\/entandem.cat\/#\/schema\/person\/2111428ce1954193a11054a1e2b5b0da","name":"adminTandem"}]}},"_links":{"self":[{"href":"https:\/\/entandem.cat\/es\/wp-json\/wp\/v2\/posts\/6375","targetHints":{"allow":["GET"]}}],"collection":[{"href":"https:\/\/entandem.cat\/es\/wp-json\/wp\/v2\/posts"}],"about":[{"href":"https:\/\/entandem.cat\/es\/wp-json\/wp\/v2\/types\/post"}],"author":[{"embeddable":true,"href":"https:\/\/entandem.cat\/es\/wp-json\/wp\/v2\/users\/1"}],"replies":[{"embeddable":true,"href":"https:\/\/entandem.cat\/es\/wp-json\/wp\/v2\/comments?post=6375"}],"version-history":[{"count":0,"href":"https:\/\/entandem.cat\/es\/wp-json\/wp\/v2\/posts\/6375\/revisions"}],"wp:featuredmedia":[{"embeddable":true,"href":"https:\/\/entandem.cat\/es\/wp-json\/wp\/v2\/media\/6369"}],"wp:attachment":[{"href":"https:\/\/entandem.cat\/es\/wp-json\/wp\/v2\/media?parent=6375"}],"wp:term":[{"taxonomy":"category","embeddable":true,"href":"https:\/\/entandem.cat\/es\/wp-json\/wp\/v2\/categories?post=6375"},{"taxonomy":"post_tag","embeddable":true,"href":"https:\/\/entandem.cat\/es\/wp-json\/wp\/v2\/tags?post=6375"}],"curies":[{"name":"wp","href":"https:\/\/api.w.org\/{rel}","templated":true}]}}