{"id":6314,"date":"2019-02-01T09:14:03","date_gmt":"2019-02-01T09:14:03","guid":{"rendered":"https:\/\/entandem.cat\/agenda-cultural-febrer-2019\/"},"modified":"2019-11-29T10:44:49","modified_gmt":"2019-11-29T10:44:49","slug":"agenda-cultural-febrer-2019","status":"publish","type":"post","link":"https:\/\/entandem.cat\/es\/recursos-es\/agenda-cultural-febrer-2019\/","title":{"rendered":"Agenda Cultural &#8211; Febrer 2019 (BCN)"},"content":{"rendered":"<p><span class=\"tlid-translation translation\"><span title=\"\">Aquest mes<\/span> <span title=\"\">de febrer<\/span> <span title=\"\">et<\/span> <span title=\"\">proposem<\/span> <span title=\"\">descobrir<\/span> <span title=\"\">altres<\/span> <span title=\"\">costats<\/span> <span title=\"\">de Barcelona<\/span><span title=\"\">, gr\u00e0cies a<strong> les<\/strong><\/span><strong> <span title=\"\">festes de Santa<\/span> <span title=\"\">Eul\u00e0lia<\/span> <span title=\"\">i al<\/span> <span title=\"\">Festival<\/span> <span title=\"\">Llum<\/span> <span title=\"\">Bcn<\/span><span title=\"\">!<\/span><\/strong> <span title=\"\">Per\u00f2<\/span> <span title=\"\">tamb\u00e9<\/span> <span title=\"\">podr\u00e0s seguir<\/span> <span title=\"\">descobrint<\/span> <span title=\"\">llocs<\/span> <span title=\"\">o museus<\/span> <span title=\"\">i<\/span> <span title=\"\">desenvolupar noves<\/span> <span title=\"\">compet\u00e8ncies<\/span> <span title=\"\">amb<\/span> <span title=\"\">el teu<\/span> <span class=\"\" title=\"\">T\u00e0ndem<\/span><span class=\"\" title=\"\">.<\/span><\/span><\/p>\n<p>T\u2019avisem que, per la majoria de les activitats d\u2019aquesta agenda, <strong>has d\u2019inscriure\u2019t amb antel\u00b7laci\u00f3<\/strong>. No badis!<\/p>\n<p><span style=\"color: #99cc00;\">[Taller]<\/span> <a href=\"https:\/\/guia.barcelona.cat\/es\/cursos\/detall\/lletra-petita-club-de-lectura-infantiljuvenil-taller-la-penya-dels-llibres-club-de-lectura-infantil-a-carrec-de-joan-de-boer_99400580095.html\" target=\"_blank\" rel=\"noopener noreferrer\"><span style=\"color: #ff0000;\"><span class=\"short_text\" lang=\"ca\"><span class=\"\">\u00ab<\/span><\/span>La penya dels llibres : club de lectura infantil<\/span><span id=\"result_box\" class=\"short_text\" lang=\"ca\"><span class=\"\"><span style=\"color: #ff0000;\">\u00bb<\/span><\/span><\/span><\/a><\/p>\n<ul style=\"list-style-type: square;\">\n<li>5 de febrer, a les 18h<\/li>\n<li>Biblioteca Clar\u00e0 (Sarri\u00e0-Sant Gervasi)<\/li>\n<li>Entrada gratu\u00efta &#8211; cal inscripci\u00f3 pr\u00e8via<\/li>\n<li>Infants \/ joves<\/li>\n<li><strong>Qu\u00e8 \u00e9s?<\/strong> Club de lectura infantil<\/li>\n<\/ul>\n<p><span style=\"color: #99cc00;\">[Taller]<\/span> <a href=\"https:\/\/guia.barcelona.cat\/es\/cursos\/detall\/taller-descobrim-el-cinema-a-atraves-d-standley-kubrick-de-5-a-12-anys-nou_99400616394.html\" target=\"_blank\" rel=\"noopener noreferrer\"><span style=\"color: #ff0000;\"><span class=\"short_text\" lang=\"ca\"><span class=\"\">\u00ab<\/span><\/span>Descobrim el cinema a trav\u00e9s d&#8217;Standley Kubrick<\/span><span id=\"result_box\" class=\"short_text\" lang=\"ca\"><span class=\"\"><span style=\"color: #ff0000;\">\u00bb<\/span><\/span><\/span><\/a><\/p>\n<ul style=\"list-style-type: square;\">\n<li>8 de febrer a les 18h o 19h \/ 9 de febrer a les 11h o 12h<\/li>\n<li>Centre C\u00edvic Pati Llimona<\/li>\n<li>Entrada gratu\u00efta &#8211; cal inscripci\u00f3 pr\u00e8via (inscripcions fins 15 de febrer)<\/li>\n<li>Infants \/ joves<\/li>\n<li><strong>Qu\u00e8 \u00e9s?<\/strong> Taller d&#8217;art i d&#8217;efectes especials per al m\u00e9s petits. <span class=\"tlid-translation translation\"><span class=\"\" title=\"\">Qu\u00e8 implica<\/span> <span class=\"\" title=\"\">fer una pel\u00b7l\u00edcula<\/span><span title=\"\">?<\/span> <span class=\"\" title=\"\">El taller d&#8217;art<\/span> <span class=\"\" title=\"\">pret\u00e9n<\/span> <span title=\"\">apropar el<\/span> <span title=\"\">cinema<\/span> <span title=\"\">als<\/span> <span title=\"\">m\u00e9s<\/span> <span title=\"\">petits<\/span> <span title=\"\">amb<\/span> <span title=\"\">Standley<\/span> <span title=\"\">Kubrick<\/span> <span class=\"\" title=\"\">com a referent.<\/span> <span title=\"\">Farem<\/span> <span title=\"\">maquillatge<\/span><span title=\"\">, vestuari<\/span> <span title=\"\">i<\/span> <span title=\"\">m\u00e0scares<\/span> <span title=\"\">amb material<\/span> <span title=\"\">reciclat<\/span> <span class=\"\" title=\"\">per a<\/span> <span title=\"\">caracteritzar-nos<\/span> <span title=\"\">com a personatges<\/span> <span title=\"\">Kubrick.<\/span> En el taller d&#8217;efecte especials <span title=\"\">podrem<\/span> <span title=\"\">veure el que<\/span> <span title=\"\">es<\/span> <span title=\"\">pot fer en un<\/span> <span title=\"\">plat\u00f3<\/span><span title=\"\">:<\/span> <span title=\"\">surar<\/span> <span class=\"\" title=\"\">en l&#8217;espai<\/span> <span title=\"\">o apar\u00e8ixer<\/span> <span class=\"\" title=\"\">enmig d&#8217;un<\/span> <span title=\"\">sal\u00f3.<\/span><\/span><\/li>\n<\/ul>\n<p><span class=\"tlid-translation translation\" style=\"color: #99cc00;\"><span title=\"\">[Coneix Barcelona]<\/span><\/span> <span style=\"color: #ff0000;\"><span class=\"tlid-translation translation\"><span title=\"\"><span class=\"short_text\" lang=\"ca\"><span class=\"\">\u00ab<\/span><\/span><\/span><\/span><a href=\"https:\/\/irbarcelona.cat\/festes-tradicions-catalunya\/santa-eulalia\/\" target=\"_blank\" rel=\"noopener noreferrer\"><span style=\"color: #ff0000;\">Festes de Santa Eul\u00e0lia<\/span><\/a><span class=\"tlid-translation translation\"><span title=\"\"><span id=\"result_box\" class=\"short_text\" lang=\"ca\"><span class=\"\">\u00bb<\/span><\/span><\/span><\/span><\/span><\/p>\n<ul style=\"list-style-type: square;\">\n<li>8 de febrer fins a 12 de febrer<\/li>\n<li>Diferents parts de Barcelona<\/li>\n<li>Entrada gratu\u00efta<\/li>\n<li>Infants \/ joves<\/li>\n<li><strong>Qu\u00e8 \u00e9s?<\/strong> Les festes de Santa Eul\u00e0lia, tamb\u00e9 conegudes per <em>la Laia<\/em> o festa d\u2019hivern de Barcelona, se celebren cada any pels volts del 12 de febrer a places i carrers de tota la ciutat.\n<p class=\"normal\">\u00c9s una festa \u00edntima i de petits formats, farcida d\u2019activitats de cultura popular molt diverses i per a totes les edats. Entre m\u00e9s actes, es destaquen la process\u00f3 de les Laies, el seguici de Santa Eul\u00e0lia, la diada castellera, les ballades de sardanes i el correfoc, amb la participaci\u00f3 de b\u00e8sties fogueres i diables grans i petits.<\/p>\n<\/li>\n<\/ul>\n<p><span class=\"tlid-translation translation\"><span title=\"\"><span style=\"color: #99cc00;\">[Cine]<\/span><a href=\"http:\/\/www.cccb.org\/es\/actividades\/ficha\/amores-on-fire\/230519\" target=\"_blank\" rel=\"noopener noreferrer\"><span class=\"short_text\" style=\"color: #ff0000;\" lang=\"ca\"> <span class=\"\">\u00abAmores on Fire!!<\/span><\/span><span id=\"result_box\" class=\"short_text\" lang=\"ca\"><span class=\"\"><span style=\"color: #ff0000;\">\u00bb<\/span><\/span><\/span><\/a><\/span><\/span><\/p>\n<ul style=\"list-style-type: square;\">\n<li>15 de febrer : 17h30\/19h30 &amp; 16 de febrer : 12h30\/17h30\/19h30<\/li>\n<li>CCCB<\/li>\n<li>Entrada gratu\u00efta<\/li>\n<li>Joves<\/li>\n<li><strong><strong>Qu\u00e8 \u00e9s? <\/strong><\/strong>U<span style=\"font-size: 12pt;\">na selecci\u00f3 comissariada per \u00abla Mostra Fire!!\u00bb de cinema gai i l\u00e8sbic de Barcelona, amb llargmetratges, documentals i curtmetratges. E<span class=\"tlid-translation translation\"><span title=\"\">s<\/span> <span title=\"\">proposen<\/span> <span title=\"\">diverses<\/span> <span title=\"\">pel\u00b7l\u00edcules<\/span> <span title=\"\">de diferents pa\u00efsos<\/span> <span class=\"\" title=\"\">del m\u00f3n<\/span><\/span> : <em>Genderbende, Plan B, Appropriate Behaviour, Spork. <\/em><\/span><\/li>\n<\/ul>\n<p><span class=\"tlid-translation translation\"><span title=\"\"><span style=\"color: #99cc00;\">[Coneix Barcelona]<\/span> <span style=\"color: #ff0000;\"><span class=\"short_text\" lang=\"ca\"><span class=\"\">\u00ab<a href=\"https:\/\/www.barcelonaturisme.com\/wv3\/ca\/agenda\/13853\/llum-bcn-2019.html\" target=\"_blank\" rel=\"noopener noreferrer\"><span style=\"color: #ff0000;\">Festival Llum Bcn<\/span><\/a><\/span><\/span><span id=\"result_box\" class=\"short_text\" lang=\"ca\"><span class=\"\">\u00bb<\/span><\/span><\/span><\/span><span class=\"\" title=\"\"><br \/>\n<\/span><\/span><\/p>\n<ul style=\"list-style-type: square;\">\n<li>15 de febrer fins a 17 de febrer (activitat nocturna)<\/li>\n<li>Poblenou<\/li>\n<li>Entrada gratu\u00efta<\/li>\n<li>Infants \/ joves<\/li>\n<li><strong>Qu\u00e8 \u00e9s?<\/strong> F<span class=\"tlid-translation translation\"><span class=\"\" title=\"\">estival d&#8217;il\u00b7luminacions on descobrireu com la llum pot transformar els espais p\u00fablics a trav\u00e9s d&#8217;instal\u00b7lacions art\u00edstiques, projeccions i mappings d&#8217;artistes nacionals i internacionals.<br \/>\n<\/span><\/span><\/li>\n<\/ul>\n<p><span style=\"color: #99cc00;\">[Cine]<\/span> <a href=\"http:\/\/ajuntament.barcelona.cat\/ccivics\/besos\/p\/28606\/petit-cine-club-el-nen-i-el-mon\" target=\"_blank\" rel=\"noopener noreferrer\"><span id=\"result_box\" class=\"short_text\" lang=\"ca\"><span class=\"\"><span style=\"color: #ff0000;\">\u00abEl nen i el m\u00f3n\u00bb<\/span><\/span><\/span><\/a><\/p>\n<ul style=\"list-style-type: square;\">\n<li>12 de febrer, a les 17h30<\/li>\n<li>Centre C\u00edvic Bes\u00f2s<\/li>\n<li>Entrada gratu\u00efta<\/li>\n<li>Infants \/ joves (edat recomanada : +7 anys)<\/li>\n<li><strong>Qu\u00e8 \u00e9s?<\/strong> Sinopsi: Un nen petit viu amb la seva fam\u00edlia en una id\u00edl\u00b7lica zona rural del Brasil, fins que el seu pare ha de marxar a treballar a la ciutat. El nen decideix emprendre un viatge per trobar-lo, una aventura apassionant que el portar\u00e0 a descobrir un altre m\u00f3n controlat per la tecnologia, les m\u00e0quines i els mitjans de comunicaci\u00f3. Una realitat que el nen contemplar\u00e0 amb els seus ulls d\u2019infant, intentant sobreviure sempre de la manera m\u00e9s juganera i innocent.Un viatge l\u00edric i on\u00edric que il\u00b7lustra els dilemes del m\u00f3n actual sota la mirada innocent d\u2019un nen. Una excepcional joia de l\u2019animaci\u00f3 actual.<\/li>\n<\/ul>\n<p><span style=\"color: #99cc00;\">[M\u00fasica]<\/span> <a href=\"http:\/\/ajuntament.barcelona.cat\/ccivics\/besos\/p\/29115\/basket-beat-bots-pel-canvi\" target=\"_blank\" rel=\"noopener noreferrer\"><span id=\"result_box\" class=\"short_text\" lang=\"ca\"><span class=\"\"><span style=\"color: #ff0000;\">\u00abBasket Beat \u00abBots pel canvi\u00bb\u00bb<\/span><\/span><\/span><\/a><\/p>\n<ul style=\"list-style-type: square;\">\n<li>15 de febrer, a les 20h<\/li>\n<li>Centre C\u00edvic Bes\u00f2s<\/li>\n<li>Entrada gratu\u00efta<\/li>\n<li>Infants \/ joves<\/li>\n<li><strong>Qu\u00e8 \u00e9s?<\/strong> Un espectacle original i explosiu que demostra que \u00e9s possible fer m\u00fasica amb pilotes de b\u00e0squet, que l\u2019art no \u00e9s propietat exclusiva d\u2019uns pocs escollits, i que malgrat les difer\u00e8ncies es pot trobar un espai com\u00fa en el qual bolcar, de manera col\u00b7lectiva, les nostres inquietuds i creativitat.<\/li>\n<\/ul>\n<p><span style=\"color: #99cc00;\">[Exposici\u00f3]<\/span> <a href=\"http:\/\/ajuntament.barcelona.cat\/lavirreina\/es\/exposiciones\/survival-programmes\/341\" target=\"_blank\" rel=\"noopener noreferrer\"><span id=\"result_box\" class=\"short_text\" lang=\"ca\"><span class=\"\"><span style=\"color: #800000;\"><span style=\"color: #ff0000;\">\u00abSurvival Programmes: In Britain\u2019s Inner Cities\u00bb<\/span><\/span><\/span><\/span><\/a><\/p>\n<ul style=\"list-style-type: square;\">\n<li>Fins 03\/03 &#8211; de dimarts a diumenge i festius, de les 11h a les 20h.&nbsp;<\/li>\n<li>La Virreina Centre de la Imatge<\/li>\n<li>Entrada gratu\u00efta<\/li>\n<li>Joves<\/li>\n<li><strong>Qu\u00e8 \u00e9s?<\/strong> <span class=\"tlid-translation translation\"><span title=\"\">Aquesta<\/span> <span title=\"\">exposici\u00f3<\/span> <span title=\"\">presenta<\/span><span title=\"\">, per primera<\/span> <span title=\"\">vegada en el<\/span> <span class=\"\" title=\"\">context espanyol<\/span> <span title=\"\">i de manera<\/span> <span title=\"\">\u00edntegra,<\/span> <em><span title=\"\">Survival<\/span> <span title=\"\">Programmes<\/span><span title=\"\">:<\/span> <span title=\"\">In<\/span> <span title=\"\">Britain<\/span><span title=\"\">&#8216;s<\/span> <span title=\"\">Inner<\/span> <span class=\"\" title=\"\">Cities<\/span><\/em><span class=\"\" title=\"\">, l&#8217;emblem\u00e0tic<\/span> <span class=\"\" title=\"\">projecte del<\/span> E<span title=\"\">xit<\/span> <span title=\"\">Photography<\/span> <span title=\"\">Group<\/span><span title=\"\">, format<\/span> <span title=\"\">per Nicholas<\/span> <span title=\"\">Battye<\/span><span title=\"\">, Chris<\/span> <span class=\"\" title=\"\">Steele<\/span><span title=\"\">&#8211;<\/span><span class=\"\" title=\"\">Perkins<\/span> <span title=\"\">i Paul<\/span> <span title=\"\">Trevor<\/span><span title=\"\">.<\/span> <span title=\"\">Realitzat<\/span> <span title=\"\">entre<\/span> <span title=\"\">1974<\/span> <span title=\"\">i<\/span> <span title=\"\">1979<\/span><span title=\"\">, el treball<\/span> <span class=\"\" title=\"\">documenta<\/span> <span class=\"\" title=\"\">la pauperitzaci\u00f3<\/span> (empobriment) <span title=\"\">de les classes<\/span> <span title=\"\">populars<\/span> <span title=\"\">en set<\/span> <span title=\"\">ciutats del<\/span> <span title=\"\">Regne<\/span> <span class=\"\" title=\"\">Unit.<\/span><\/span><\/li>\n<\/ul>\n<p><span style=\"color: #99cc00;\">[Taller]<\/span> <a href=\"https:\/\/guia.barcelona.cat\/es\/cursos\/detall\/espai-infantil-el-minielectric-taller-dolca-tarda-de-galetes-_99400615760.html\" target=\"_blank\" rel=\"noopener noreferrer\"><span id=\"result_box\" class=\"short_text\" style=\"color: #ff0000;\" lang=\"ca\"><span class=\"\">\u00abDol\u00e7a tarda de galetes\u00bb<\/span><\/span><\/a><\/p>\n<ul style=\"list-style-type: square;\">\n<li>19 de febrer, de 17h30 a 19h<\/li>\n<li>Centre C\u00edvic l&#8217;El\u00e8ctric<\/li>\n<li>Entrada gratu\u00efta &#8211; cal inscripci\u00f3 pr\u00e8via<\/li>\n<li>Infants \/ joves<\/li>\n<li><strong>Qu\u00e8 \u00e9s?<\/strong> Tarda culin\u00e0ria on s&#8217;apr\u00e8n a fer galetes desenvolupant la imaginaci\u00f3 i creativitat.<\/li>\n<\/ul>\n<p><span style=\"color: #99cc00;\">[Cultura]<\/span> <a href=\"http:\/\/www.museupicasso.bcn.cat\/\" target=\"_blank\" rel=\"noopener noreferrer\"><span id=\"result_box\" class=\"short_text\" style=\"color: #ff0000;\" lang=\"ca\"><span class=\"\">\u00ab<span style=\"color: #ff0000;\">Museu Picasso<\/span>\u00bb<\/span><\/span><\/a><\/p>\n<ul style=\"list-style-type: square;\">\n<li>Tots els dijous, de 18h a 21h30<\/li>\n<li>Museu Picasso<\/li>\n<li>Entrada gratu\u00efta: dijous a la tarda de les 18h a les 21h30<\/li>\n<li>Infants \/ joves<\/li>\n<li><strong>Qu\u00e8 \u00e9s?<\/strong> El Museu Picasso \u00e9s el centre de refer\u00e8ncia per al coneixement de l&#8217;obra de Pablo Picasso.&nbsp;La col\u00b7lecci\u00f3 del museu \u00e9s molt completa pel que fa al treball dels anys de formaci\u00f3 en la vida de l&#8217;artista; \u00e9s pr\u00e0cticament exhaustiva fins a l&#8217;\u00e8poca blava.<\/li>\n<\/ul>\n<p><span style=\"color: #99cc00;\">[Taller]<\/span> <a href=\"https:\/\/guia.barcelona.cat\/es\/cursos\/detall\/taller-infantil-no-et-quedis-sense-el-teu-maquillatge-de-carnestoltes-_99400613627.html\" target=\"_blank\" rel=\"noopener noreferrer\"><span id=\"result_box\" class=\"short_text\" lang=\"ca\"><span class=\"\"><span style=\"color: #ff0000;\">\u00abEl teu maquillatge de Carnestoltes\u00bb<\/span><\/span><\/span><\/a><\/p>\n<ul style=\"list-style-type: square;\">\n<li>27 de febrer, a les 17h20 o a les 18h15<\/li>\n<li>Centre C\u00edvic Can Deu<\/li>\n<li>Entrada gratu\u00efta &#8211; cal inscripci\u00f3 pr\u00e8via<\/li>\n<li>Infants \/ joves<\/li>\n<li><strong>Qu\u00e8 \u00e9s?<\/strong> Taller de maquillatge de Carnaval!<\/li>\n<\/ul>\n<p><span style=\"color: #99cc00;\">[Exposici\u00f3]<\/span> <a href=\"http:\/\/www.ateneuharmonia.cat\/esdeveniments\/exposicio-40-anys-fent-lateneu-popular-de-9-barris-un-altre-relat-de-la-cultura-a-barcelona-1977-2017\/\" target=\"_blank\" rel=\"noopener noreferrer\"><span style=\"color: #ff0000;\"><span id=\"result_box\" class=\"short_text\" lang=\"ca\"><span class=\"\">\u00ab<\/span><\/span>40 anys fent l&#8217;Ateneu Popular de 9 Barris. Un altre relat de la cultura a Barcelona (1977-2017)<span id=\"result_box\" class=\"short_text\" lang=\"ca\"><span class=\"\">\u00bb<\/span><\/span><\/span><\/a><\/p>\n<ul style=\"list-style-type: square;\">\n<li>Fins 28\/03<\/li>\n<li>Ateneu l&#8217;Harmonia (Fabra i Coats)<\/li>\n<li>Entrada gratu\u00efta<\/li>\n<li>Joves<\/li>\n<li><strong>Qu\u00e8 \u00e9s?<\/strong> \u00c9s una mostra sobre la mem\u00f2ria hist\u00f2rica de l\u2019Ateneu que posa de manifest la relaci\u00f3 entre l\u2019activisme social, cultural i art\u00edstic amb un model de gesti\u00f3 comunit\u00e0ria estretament vinculat amb la Barcelona actual.&nbsp;<\/li>\n<\/ul>\n<p><span style=\"color: #99cc00;\">[Exposici\u00f3]<\/span> <span style=\"color: #ff0000;\"><a href=\"http:\/\/www.fundaciosabadell.cat\/espai-cultura\/sabadell-camera-i-accio-historia-del-cinema-a-sabadell\/\" target=\"_blank\" rel=\"noopener noreferrer\"><span style=\"color: #ff0000;\"><span id=\"result_box\" class=\"short_text\" lang=\"ca\"><span class=\"\">\u00ab<\/span><\/span>Sabadell C\u00e0mera i Acci\u00f3<\/span><\/a><span id=\"result_box\" class=\"short_text\" lang=\"ca\"><span class=\"\"><span style=\"color: #ff0000;\">\u00bb<\/span> <\/span><\/span><\/span><\/p>\n<ul style=\"list-style-type: square;\">\n<li>Fins 31\/03 \/ De dimarts a divendres de 17h a 20:30h.<\/li>\n<li>Espai Cultura Fundaci\u00f3 Sabadell 1859 (Sabadell)<\/li>\n<li>Entrada gratu\u00efta<\/li>\n<li>Infants \/ joves<\/li>\n<li><strong>Qu\u00e8 \u00e9s?<\/strong> L\u2019exposici\u00f3 mostra les primeres projeccions de cinema, quan els teatres de l&#8217;\u00e8poca (Cervantes, Campos, Euterpe) es van passar a les pel\u00b7l\u00edcules, i com el 1911 es construeix el primer cinema de la ciutat: el Gran Sal\u00f3 Imperial.<\/li>\n<\/ul>\n<p>&nbsp;<\/p>\n","protected":false},"excerpt":{"rendered":"<p>Aquest mes de febrer et proposem descobrir altres costats de Barcelona, gr\u00e0cies a les festes de Santa Eul\u00e0lia i al Festival Llum Bcn! Per\u00f2 tamb\u00e9 podr\u00e0s seguir descobrint llocs o museus i desenvolupar noves compet\u00e8ncies amb el teu T\u00e0ndem. T\u2019avisem que, per la majoria de les activitats d\u2019aquesta agenda, has d\u2019inscriure\u2019t amb antel\u00b7laci\u00f3. No badis! &hellip; <a href=\"https:\/\/entandem.cat\/es\/recursos-es\/agenda-cultural-febrer-2019\/\">Continued<\/a><\/p>\n","protected":false},"author":1,"featured_media":5370,"comment_status":"closed","ping_status":"open","sticky":false,"template":"","format":"standard","meta":{"footnotes":""},"categories":[655,320],"tags":[329,330,510,564,467,683,684,568,664],"class_list":["post-6314","post","type-post","status-publish","format-standard","has-post-thumbnail","hentry","category-barcelona-es","category-recursos-es","tag-activitats-es","tag-afev-es","tag-agenda-cultural-es","tag-barcelona-es","tag-entandem-es","tag-febrer-es","tag-hivern-es","tag-musica-es","tag-taller-es"],"yoast_head":"<!-- This site is optimized with the Yoast SEO plugin v27.0 - https:\/\/yoast.com\/product\/yoast-seo-wordpress\/ -->\n<title>Agenda Cultural - Febrer 2019 (BCN) - enT\u00e0ndem<\/title>\n<meta name=\"robots\" content=\"index, follow, max-snippet:-1, max-image-preview:large, max-video-preview:-1\" \/>\n<link rel=\"canonical\" href=\"https:\/\/entandem.cat\/es\/recursos-es\/agenda-cultural-febrer-2019\/\" \/>\n<meta property=\"og:locale\" content=\"es_ES\" \/>\n<meta property=\"og:type\" content=\"article\" \/>\n<meta property=\"og:title\" content=\"Agenda Cultural - Febrer 2019 (BCN) - enT\u00e0ndem\" \/>\n<meta property=\"og:description\" content=\"Aquest mes de febrer et proposem descobrir altres costats de Barcelona, gr\u00e0cies a les festes de Santa Eul\u00e0lia i al Festival Llum Bcn! Per\u00f2 tamb\u00e9 podr\u00e0s seguir descobrint llocs o museus i desenvolupar noves compet\u00e8ncies amb el teu T\u00e0ndem. T\u2019avisem que, per la majoria de les activitats d\u2019aquesta agenda, has d\u2019inscriure\u2019t amb antel\u00b7laci\u00f3. No badis! &hellip; Continued\" \/>\n<meta property=\"og:url\" content=\"https:\/\/entandem.cat\/es\/recursos-es\/agenda-cultural-febrer-2019\/\" \/>\n<meta property=\"og:site_name\" content=\"enT\u00e0ndem\" \/>\n<meta property=\"article:publisher\" content=\"https:\/\/www.facebook.com\/afevcat\" \/>\n<meta property=\"article:published_time\" content=\"2019-02-01T09:14:03+00:00\" \/>\n<meta property=\"article:modified_time\" content=\"2019-11-29T10:44:49+00:00\" \/>\n<meta property=\"og:image\" content=\"https:\/\/entandem.cat\/wp-content\/uploads\/2019\/01\/Agenda-Cultural-Febrer-2019-1024x683.jpg\" \/>\n\t<meta property=\"og:image:width\" content=\"1024\" \/>\n\t<meta property=\"og:image:height\" content=\"683\" \/>\n\t<meta property=\"og:image:type\" content=\"image\/jpeg\" \/>\n<meta name=\"author\" content=\"adminTandem\" \/>\n<meta name=\"twitter:card\" content=\"summary_large_image\" \/>\n<meta name=\"twitter:creator\" content=\"@afevcat\" \/>\n<meta name=\"twitter:site\" content=\"@afevcat\" \/>\n<meta name=\"twitter:label1\" content=\"Escrito por\" \/>\n\t<meta name=\"twitter:data1\" content=\"adminTandem\" \/>\n\t<meta name=\"twitter:label2\" content=\"Tiempo de lectura\" \/>\n\t<meta name=\"twitter:data2\" content=\"5 minutos\" \/>\n<script type=\"application\/ld+json\" class=\"yoast-schema-graph\">{\"@context\":\"https:\/\/schema.org\",\"@graph\":[{\"@type\":\"Article\",\"@id\":\"https:\/\/entandem.cat\/es\/recursos-es\/agenda-cultural-febrer-2019\/#article\",\"isPartOf\":{\"@id\":\"https:\/\/entandem.cat\/es\/recursos-es\/agenda-cultural-febrer-2019\/\"},\"author\":{\"name\":\"adminTandem\",\"@id\":\"https:\/\/entandem.cat\/#\/schema\/person\/2111428ce1954193a11054a1e2b5b0da\"},\"headline\":\"Agenda Cultural &#8211; Febrer 2019 (BCN)\",\"datePublished\":\"2019-02-01T09:14:03+00:00\",\"dateModified\":\"2019-11-29T10:44:49+00:00\",\"mainEntityOfPage\":{\"@id\":\"https:\/\/entandem.cat\/es\/recursos-es\/agenda-cultural-febrer-2019\/\"},\"wordCount\":1080,\"publisher\":{\"@id\":\"https:\/\/entandem.cat\/#organization\"},\"image\":{\"@id\":\"https:\/\/entandem.cat\/es\/recursos-es\/agenda-cultural-febrer-2019\/#primaryimage\"},\"thumbnailUrl\":\"https:\/\/entandem.cat\/wp-content\/uploads\/2019\/01\/Agenda-Cultural-Febrer-2019.jpg\",\"keywords\":[\"activitats\",\"afev\",\"agenda cultural\",\"barcelona\",\"entandem\",\"febrer\",\"hivern\",\"musica\",\"taller\"],\"articleSection\":[\"Barcelona\",\"Recursos\"],\"inLanguage\":\"es\"},{\"@type\":\"WebPage\",\"@id\":\"https:\/\/entandem.cat\/es\/recursos-es\/agenda-cultural-febrer-2019\/\",\"url\":\"https:\/\/entandem.cat\/es\/recursos-es\/agenda-cultural-febrer-2019\/\",\"name\":\"Agenda Cultural - Febrer 2019 (BCN) - enT\u00e0ndem\",\"isPartOf\":{\"@id\":\"https:\/\/entandem.cat\/#website\"},\"primaryImageOfPage\":{\"@id\":\"https:\/\/entandem.cat\/es\/recursos-es\/agenda-cultural-febrer-2019\/#primaryimage\"},\"image\":{\"@id\":\"https:\/\/entandem.cat\/es\/recursos-es\/agenda-cultural-febrer-2019\/#primaryimage\"},\"thumbnailUrl\":\"https:\/\/entandem.cat\/wp-content\/uploads\/2019\/01\/Agenda-Cultural-Febrer-2019.jpg\",\"datePublished\":\"2019-02-01T09:14:03+00:00\",\"dateModified\":\"2019-11-29T10:44:49+00:00\",\"breadcrumb\":{\"@id\":\"https:\/\/entandem.cat\/es\/recursos-es\/agenda-cultural-febrer-2019\/#breadcrumb\"},\"inLanguage\":\"es\",\"potentialAction\":[{\"@type\":\"ReadAction\",\"target\":[\"https:\/\/entandem.cat\/es\/recursos-es\/agenda-cultural-febrer-2019\/\"]}]},{\"@type\":\"ImageObject\",\"inLanguage\":\"es\",\"@id\":\"https:\/\/entandem.cat\/es\/recursos-es\/agenda-cultural-febrer-2019\/#primaryimage\",\"url\":\"https:\/\/entandem.cat\/wp-content\/uploads\/2019\/01\/Agenda-Cultural-Febrer-2019.jpg\",\"contentUrl\":\"https:\/\/entandem.cat\/wp-content\/uploads\/2019\/01\/Agenda-Cultural-Febrer-2019.jpg\",\"width\":2592,\"height\":1728},{\"@type\":\"BreadcrumbList\",\"@id\":\"https:\/\/entandem.cat\/es\/recursos-es\/agenda-cultural-febrer-2019\/#breadcrumb\",\"itemListElement\":[{\"@type\":\"ListItem\",\"position\":1,\"name\":\"Inici\",\"item\":\"https:\/\/entandem.cat\/es\/\"},{\"@type\":\"ListItem\",\"position\":2,\"name\":\"Agenda Cultural &#8211; Febrer 2019 (BCN)\"}]},{\"@type\":\"WebSite\",\"@id\":\"https:\/\/entandem.cat\/#website\",\"url\":\"https:\/\/entandem.cat\/\",\"name\":\"enT\u00e0ndem\",\"description\":\"Voluntariat Social Universitari\",\"publisher\":{\"@id\":\"https:\/\/entandem.cat\/#organization\"},\"potentialAction\":[{\"@type\":\"SearchAction\",\"target\":{\"@type\":\"EntryPoint\",\"urlTemplate\":\"https:\/\/entandem.cat\/?s={search_term_string}\"},\"query-input\":{\"@type\":\"PropertyValueSpecification\",\"valueRequired\":true,\"valueName\":\"search_term_string\"}}],\"inLanguage\":\"es\"},{\"@type\":\"Organization\",\"@id\":\"https:\/\/entandem.cat\/#organization\",\"name\":\"enT\u00e0ndem\",\"url\":\"https:\/\/entandem.cat\/\",\"logo\":{\"@type\":\"ImageObject\",\"inLanguage\":\"es\",\"@id\":\"https:\/\/entandem.cat\/#\/schema\/logo\/image\/\",\"url\":\"https:\/\/entandem.cat\/wp-content\/uploads\/2016\/12\/logo-entandem.png\",\"contentUrl\":\"https:\/\/entandem.cat\/wp-content\/uploads\/2016\/12\/logo-entandem.png\",\"width\":166,\"height\":44,\"caption\":\"enT\u00e0ndem\"},\"image\":{\"@id\":\"https:\/\/entandem.cat\/#\/schema\/logo\/image\/\"},\"sameAs\":[\"https:\/\/www.facebook.com\/afevcat\",\"https:\/\/x.com\/afevcat\",\"https:\/\/www.instagram.com\/afevcat\/\"]},{\"@type\":\"Person\",\"@id\":\"https:\/\/entandem.cat\/#\/schema\/person\/2111428ce1954193a11054a1e2b5b0da\",\"name\":\"adminTandem\"}]}<\/script>\n<!-- \/ Yoast SEO plugin. -->","yoast_head_json":{"title":"Agenda Cultural - Febrer 2019 (BCN) - enT\u00e0ndem","robots":{"index":"index","follow":"follow","max-snippet":"max-snippet:-1","max-image-preview":"max-image-preview:large","max-video-preview":"max-video-preview:-1"},"canonical":"https:\/\/entandem.cat\/es\/recursos-es\/agenda-cultural-febrer-2019\/","og_locale":"es_ES","og_type":"article","og_title":"Agenda Cultural - Febrer 2019 (BCN) - enT\u00e0ndem","og_description":"Aquest mes de febrer et proposem descobrir altres costats de Barcelona, gr\u00e0cies a les festes de Santa Eul\u00e0lia i al Festival Llum Bcn! Per\u00f2 tamb\u00e9 podr\u00e0s seguir descobrint llocs o museus i desenvolupar noves compet\u00e8ncies amb el teu T\u00e0ndem. T\u2019avisem que, per la majoria de les activitats d\u2019aquesta agenda, has d\u2019inscriure\u2019t amb antel\u00b7laci\u00f3. No badis! &hellip; Continued","og_url":"https:\/\/entandem.cat\/es\/recursos-es\/agenda-cultural-febrer-2019\/","og_site_name":"enT\u00e0ndem","article_publisher":"https:\/\/www.facebook.com\/afevcat","article_published_time":"2019-02-01T09:14:03+00:00","article_modified_time":"2019-11-29T10:44:49+00:00","og_image":[{"width":1024,"height":683,"url":"https:\/\/entandem.cat\/wp-content\/uploads\/2019\/01\/Agenda-Cultural-Febrer-2019-1024x683.jpg","type":"image\/jpeg"}],"author":"adminTandem","twitter_card":"summary_large_image","twitter_creator":"@afevcat","twitter_site":"@afevcat","twitter_misc":{"Escrito por":"adminTandem","Tiempo de lectura":"5 minutos"},"schema":{"@context":"https:\/\/schema.org","@graph":[{"@type":"Article","@id":"https:\/\/entandem.cat\/es\/recursos-es\/agenda-cultural-febrer-2019\/#article","isPartOf":{"@id":"https:\/\/entandem.cat\/es\/recursos-es\/agenda-cultural-febrer-2019\/"},"author":{"name":"adminTandem","@id":"https:\/\/entandem.cat\/#\/schema\/person\/2111428ce1954193a11054a1e2b5b0da"},"headline":"Agenda Cultural &#8211; Febrer 2019 (BCN)","datePublished":"2019-02-01T09:14:03+00:00","dateModified":"2019-11-29T10:44:49+00:00","mainEntityOfPage":{"@id":"https:\/\/entandem.cat\/es\/recursos-es\/agenda-cultural-febrer-2019\/"},"wordCount":1080,"publisher":{"@id":"https:\/\/entandem.cat\/#organization"},"image":{"@id":"https:\/\/entandem.cat\/es\/recursos-es\/agenda-cultural-febrer-2019\/#primaryimage"},"thumbnailUrl":"https:\/\/entandem.cat\/wp-content\/uploads\/2019\/01\/Agenda-Cultural-Febrer-2019.jpg","keywords":["activitats","afev","agenda cultural","barcelona","entandem","febrer","hivern","musica","taller"],"articleSection":["Barcelona","Recursos"],"inLanguage":"es"},{"@type":"WebPage","@id":"https:\/\/entandem.cat\/es\/recursos-es\/agenda-cultural-febrer-2019\/","url":"https:\/\/entandem.cat\/es\/recursos-es\/agenda-cultural-febrer-2019\/","name":"Agenda Cultural - Febrer 2019 (BCN) - enT\u00e0ndem","isPartOf":{"@id":"https:\/\/entandem.cat\/#website"},"primaryImageOfPage":{"@id":"https:\/\/entandem.cat\/es\/recursos-es\/agenda-cultural-febrer-2019\/#primaryimage"},"image":{"@id":"https:\/\/entandem.cat\/es\/recursos-es\/agenda-cultural-febrer-2019\/#primaryimage"},"thumbnailUrl":"https:\/\/entandem.cat\/wp-content\/uploads\/2019\/01\/Agenda-Cultural-Febrer-2019.jpg","datePublished":"2019-02-01T09:14:03+00:00","dateModified":"2019-11-29T10:44:49+00:00","breadcrumb":{"@id":"https:\/\/entandem.cat\/es\/recursos-es\/agenda-cultural-febrer-2019\/#breadcrumb"},"inLanguage":"es","potentialAction":[{"@type":"ReadAction","target":["https:\/\/entandem.cat\/es\/recursos-es\/agenda-cultural-febrer-2019\/"]}]},{"@type":"ImageObject","inLanguage":"es","@id":"https:\/\/entandem.cat\/es\/recursos-es\/agenda-cultural-febrer-2019\/#primaryimage","url":"https:\/\/entandem.cat\/wp-content\/uploads\/2019\/01\/Agenda-Cultural-Febrer-2019.jpg","contentUrl":"https:\/\/entandem.cat\/wp-content\/uploads\/2019\/01\/Agenda-Cultural-Febrer-2019.jpg","width":2592,"height":1728},{"@type":"BreadcrumbList","@id":"https:\/\/entandem.cat\/es\/recursos-es\/agenda-cultural-febrer-2019\/#breadcrumb","itemListElement":[{"@type":"ListItem","position":1,"name":"Inici","item":"https:\/\/entandem.cat\/es\/"},{"@type":"ListItem","position":2,"name":"Agenda Cultural &#8211; Febrer 2019 (BCN)"}]},{"@type":"WebSite","@id":"https:\/\/entandem.cat\/#website","url":"https:\/\/entandem.cat\/","name":"enT\u00e0ndem","description":"Voluntariat Social Universitari","publisher":{"@id":"https:\/\/entandem.cat\/#organization"},"potentialAction":[{"@type":"SearchAction","target":{"@type":"EntryPoint","urlTemplate":"https:\/\/entandem.cat\/?s={search_term_string}"},"query-input":{"@type":"PropertyValueSpecification","valueRequired":true,"valueName":"search_term_string"}}],"inLanguage":"es"},{"@type":"Organization","@id":"https:\/\/entandem.cat\/#organization","name":"enT\u00e0ndem","url":"https:\/\/entandem.cat\/","logo":{"@type":"ImageObject","inLanguage":"es","@id":"https:\/\/entandem.cat\/#\/schema\/logo\/image\/","url":"https:\/\/entandem.cat\/wp-content\/uploads\/2016\/12\/logo-entandem.png","contentUrl":"https:\/\/entandem.cat\/wp-content\/uploads\/2016\/12\/logo-entandem.png","width":166,"height":44,"caption":"enT\u00e0ndem"},"image":{"@id":"https:\/\/entandem.cat\/#\/schema\/logo\/image\/"},"sameAs":["https:\/\/www.facebook.com\/afevcat","https:\/\/x.com\/afevcat","https:\/\/www.instagram.com\/afevcat\/"]},{"@type":"Person","@id":"https:\/\/entandem.cat\/#\/schema\/person\/2111428ce1954193a11054a1e2b5b0da","name":"adminTandem"}]}},"_links":{"self":[{"href":"https:\/\/entandem.cat\/es\/wp-json\/wp\/v2\/posts\/6314","targetHints":{"allow":["GET"]}}],"collection":[{"href":"https:\/\/entandem.cat\/es\/wp-json\/wp\/v2\/posts"}],"about":[{"href":"https:\/\/entandem.cat\/es\/wp-json\/wp\/v2\/types\/post"}],"author":[{"embeddable":true,"href":"https:\/\/entandem.cat\/es\/wp-json\/wp\/v2\/users\/1"}],"replies":[{"embeddable":true,"href":"https:\/\/entandem.cat\/es\/wp-json\/wp\/v2\/comments?post=6314"}],"version-history":[{"count":0,"href":"https:\/\/entandem.cat\/es\/wp-json\/wp\/v2\/posts\/6314\/revisions"}],"wp:featuredmedia":[{"embeddable":true,"href":"https:\/\/entandem.cat\/es\/wp-json\/wp\/v2\/media\/5370"}],"wp:attachment":[{"href":"https:\/\/entandem.cat\/es\/wp-json\/wp\/v2\/media?parent=6314"}],"wp:term":[{"taxonomy":"category","embeddable":true,"href":"https:\/\/entandem.cat\/es\/wp-json\/wp\/v2\/categories?post=6314"},{"taxonomy":"post_tag","embeddable":true,"href":"https:\/\/entandem.cat\/es\/wp-json\/wp\/v2\/tags?post=6314"}],"curies":[{"name":"wp","href":"https:\/\/api.w.org\/{rel}","templated":true}]}}