{"id":6309,"date":"2019-03-26T13:49:42","date_gmt":"2019-03-26T13:49:42","guid":{"rendered":"https:\/\/entandem.cat\/agenda-cultural-abril-2019\/"},"modified":"2019-11-29T10:43:49","modified_gmt":"2019-11-29T10:43:49","slug":"agenda-cultural-abril-2019","status":"publish","type":"post","link":"https:\/\/entandem.cat\/es\/recursos-es\/agenda-cultural-abril-2019\/","title":{"rendered":"Agenda Cultural &#8211; Abril 2019 (BCN)"},"content":{"rendered":"<p>&nbsp;<\/p>\n<p><span class=\"tlid-translation translation\" lang=\"ca\"><span title=\"\">Aqu\u00ed<\/span> <span title=\"\">est\u00e0<\/span> <span title=\"\">l<strong>&#8216;agenda<\/strong><\/span><strong> <span title=\"\">d&#8217;abr<\/span><span title=\"\">il<\/span><span title=\"\">!<\/span><\/strong> <span title=\"\">Com que ja<\/span> h<span title=\"\">a arribat la primavera<\/span><span title=\"\">,<\/span> <span title=\"\">us<\/span> <span title=\"\">proposem<\/span> <span title=\"\">sortir<\/span> a<span title=\"\"> passejar<\/span><span title=\"\">, gaudir<\/span> <span title=\"\">de Barcelona<\/span> <span title=\"\">i<\/span> <span title=\"\">del seu sol<\/span><span title=\"\"> en <strong>uns<\/strong><\/span><strong> <span title=\"\">parcs<\/span> <span title=\"\">imprescindibles de la<\/span> <span title=\"\">ciutat o<\/span> <span title=\"\">llocs<\/span> <\/strong><span title=\"\"><strong>originals<\/strong>.<\/span> La c<span title=\"\">ultura<\/span> <span title=\"\">est\u00e0<\/span> <span title=\"\">tamb\u00e9<\/span> <span title=\"\">en els plans<\/span> <span title=\"\">d&#8217;abril<\/span><span class=\"\" title=\"\">, amb <strong>moltes<\/strong><\/span><strong> <span class=\"\" title=\"\">exposicions<\/span><\/strong> <span class=\"\" title=\"\">de diferents tipus i<strong> espectacles<\/strong> que<\/span> <span class=\"\" title=\"\">us<\/span> <span title=\"\">encantaran<\/span> <span title=\"\">a tu<\/span> <span class=\"\" title=\"\">i<\/span> <span title=\"\">al teu<\/span> t<span class=\"\" title=\"\">\u00e0ndem<\/span><span class=\"\" title=\"\">! Sense oblidar la festa de<strong> Sant Jordi<\/strong>&#8230;<strong>a<span title=\"\">mb<\/span> <span title=\"\">tot<\/span> <span title=\"\">aix\u00f2<\/span><span title=\"\">, no podr\u00e0s<\/span> <span title=\"\">aprofitar<\/span> <span title=\"\">millor<\/span> aquest mes<span title=\"\">!<\/span><\/strong><br \/>\n<\/span><\/span><\/p>\n<p>&nbsp;<\/p>\n<p><span style=\"color: #99cc00;\">[Exposici\u00f3] <a href=\"http:\/\/www.ccsagradafamilia.net\/esdeveniment\/dones-cineastes-rebels-amb-causa\/\" target=\"_blank\" rel=\"noopener noreferrer\"><span style=\"color: #ff0000;\">\u00abDones cineastes. Rebels amb causa\u00bb<\/span><\/a><br \/>\n<\/span><\/p>\n<ul style=\"list-style-type: square;\">\n<li>Fins al 5 d&#8217;abril &#8211; Dilluns a divendres de 10 a 14 h i de 16 a 21 h.&nbsp;<\/li>\n<li>Centre C\u00edvic Sagrada Fam\u00edlia<\/li>\n<li>Entrada gratu\u00efta<\/li>\n<li>Joves<\/li>\n<li><strong>Qu\u00e8 \u00e9s?<\/strong> Una exposici\u00f3 sobre dones cineastes i <span class=\"tlid-translation translation\" lang=\"ca\"><span class=\"\" title=\"\">les seves habilitats per aconseguir poder e<\/span><\/span><span class=\"tlid-translation translation\" lang=\"ca\"><span class=\"\" title=\"\">n una<\/span> <span title=\"\">societat<\/span> <span title=\"\">patriarcal i<\/span> <span title=\"\">heterosexista.<br \/>\n<\/span><\/span><\/li>\n<\/ul>\n<p><span style=\"color: #99cc00;\">[Teatre]<\/span> <a href=\"http:\/\/ajuntament.barcelona.cat\/ccivics\/barodeviver\/p\/28894\/les-clinck-cia-les-bianchis\" target=\"_blank\" rel=\"noopener noreferrer\"><span style=\"color: #ff0000;\">\u00abLes Clinck\u00bb<\/span><\/a><\/p>\n<ul style=\"list-style-type: square;\">\n<li>Divendres 5 d&#8217;abril, a les 19h<\/li>\n<li>Centre C\u00edvic Bar\u00f3 de Viver<\/li>\n<li>Entrada gratu\u00efta<\/li>\n<li>Infants \/ Joves<\/li>\n<li><strong>Qu\u00e8 \u00e9s?<\/strong> Quan us ve una pregunta al cap, sabeu qu\u00e8 passa? Doncs que va directament a la b\u00fastia de&nbsp;<em>Les Clinck<\/em>. Elles s\u00f3n les encarregades de trobar resposta a totes les preguntes. Per\u00f2 un dia n\u2019arriba una que no t\u00e9 resposta f\u00e0cil i aix\u00f2 les posar\u00e0 a prova. Hi ha respostes per a totes les preguntes?<\/li>\n<\/ul>\n<p><span style=\"color: #99cc00;\">[Coneix Barcelona]<\/span> <a href=\"https:\/\/www.barcelona.cat\/ca\/que-pots-fer-a-bcn\/parcs-i-jardins\/jardins-de-mossen-costa-i-llobera_99400181025.html\" target=\"_blank\" rel=\"noopener noreferrer\"><span style=\"color: #ff0000;\">\u00abPassejar als Jardins de Moss\u00e8n Costa i Llobera\u00bb<\/span><\/a><\/p>\n<ul style=\"list-style-type: square;\">\n<li>Tots els dies &#8211; de 10h a 21h<\/li>\n<li>Carretera de Miramar, 38 (Montju\u00efc)<\/li>\n<li>Entrada gratu\u00efta<\/li>\n<li>Infants \/ Joves<\/li>\n<li><strong>Qu\u00e8 \u00e9s?<\/strong> \u00c9s un dels jardins especialitzats en cactus i plantes suculentes m\u00e9s important d\u2019Europa i&nbsp;ofereix una vista panor\u00e0mica espectacular sobre la franja litoral de la ciutat i el port.<\/li>\n<\/ul>\n<p><span style=\"color: #99cc00;\">[Exposici\u00f3] <a href=\"https:\/\/guia.barcelona.cat\/ca\/agenda\/detall\/ldquogomesi-la-dona-ugandesa-com-a-motor-de-la-societatrdquo_99400621161.html\" target=\"_blank\" rel=\"noopener noreferrer\"><span style=\"color: #ff0000;\">\u00abGomesi, la dona ugandesa com a motor de la societat\u00bb<\/span><\/a><\/span><\/p>\n<ul style=\"list-style-type: square;\">\n<li>Fins al 10 d&#8217;abril &#8211; de dilluns a divendres, de 9h a 21h30<\/li>\n<li>Centre C\u00edvic Pati Llimona<\/li>\n<li>Entrada gratu\u00efta<\/li>\n<li>Joves<\/li>\n<li><strong>Qu\u00e8 \u00e9s? <\/strong>Mostra fotogr\u00e0fica que&nbsp;vol donar visibilitat a aquestes dones de la Uganda rural, que demostren coratge, iniciativa i lluita. El seu grau de comprom\u00eds, esfor\u00e7 i capacitat de treball les converteix en el suport de la fam\u00edlia i en el veritable motor de la societat.<\/li>\n<\/ul>\n<p><span style=\"color: #99cc00;\">[Cinema]<\/span> <a href=\"https:\/\/mecalbcn.org\/\" target=\"_blank\" rel=\"noopener noreferrer\"><span style=\"color: #ff0000;\">\u00abMecal<\/span><span style=\"color: #ff0000;\">\u00bb<\/span> <\/a><\/p>\n<ul style=\"list-style-type: square;\">\n<li>Del 28 de mar\u00e7 fins al 14 d&#8217;abril<\/li>\n<li>MACBA, Arts Santa M\u00f2nica, Institut Fran\u00e7ais de Barcelona, Movistar Social<\/li>\n<li>Entrada de dia 5\u20ac<\/li>\n<li>Infants \/ Joves<\/li>\n<li><strong>Qu\u00e8 \u00e9s?<\/strong> Mecal, el Festival Internacional de Curtmetratges i Animaci\u00f3 de Barcelona, ha&nbsp; seleccionat m\u00e9s de 350 curtmetratges provinents de m\u00e9s de quaranta pa\u00efsos diferents. Es dedicar\u00e0 una setmana a cada g\u00e8nere: ficci\u00f3, documental i animaci\u00f3, que aix\u00ed mateix han de contenir les seccions oficials a competici\u00f3 i altres seccions paral\u00b7leles.Tamb\u00e9 es desenvolupar\u00e0 un ampli ventall d\u2019activitats de forma simult\u00e0nia al mateix festival.<\/li>\n<\/ul>\n<p><span style=\"color: #99cc00;\">[Coneix Barcelona]<\/span> <a href=\"http:\/\/lameva.barcelona.cat\/culturapopular\/ca\/festes-i-tradicions\/sant-jordi\" target=\"_blank\" rel=\"noopener noreferrer\"><span style=\"color: #ff0000;\">\u00abSant Jordi 2019\u00bb<\/span><\/a><\/p>\n<ul style=\"list-style-type: square;\">\n<li>23 d&#8217;abril<\/li>\n<li>A tota la ciutat<\/li>\n<li>Gratu\u00eft<\/li>\n<li>Infants \/ Joves<\/li>\n<li><strong>Qu\u00e8 \u00e9s?&nbsp;<\/strong><span class=\"tlid-translation translation\" lang=\"ca\"><span class=\"\" title=\"\">Que<\/span> <span class=\"\" title=\"\">seria un<\/span> <span class=\"\" title=\"\">mes<\/span> <span class=\"\" title=\"\">d&#8217;<\/span><span class=\"\" title=\"\">abril<\/span> <span class=\"\" title=\"\">sense<\/span> <span class=\"\" title=\"\">Sant Jordi<\/span><span class=\"\" title=\"\">?<\/span><\/span> La diada de Sant Jordi \u00e9s una festa molt important de la cultura catalana. Els elements centrals de la celebraci\u00f3 s\u00f3n la cultura i l\u2019amor \u2013representats amb el llibre i la rosa\u2013 i a Barcelona el punt de trobada principal est\u00e0 situat a la Rambla, que s\u2019omple de gom a gom amb parades de llibreters i floristes. \u00c9s considerat un dia de promoci\u00f3 i defensa de la cultura i la llengua catalanes.<\/li>\n<\/ul>\n<p><span style=\"color: #99cc00;\">[Exposici\u00f3]<\/span> <span style=\"color: #ff0000;\"><a href=\"https:\/\/www.fmirobcn.org\/es\/exposiciones\/5747\/lina-bo-bardi-dibuja\" target=\"_blank\" rel=\"noopener noreferrer\"><span style=\"color: #ff0000;\">\u00ab<\/span><\/a>Lina Bo Bardi dibuixa<\/span><a href=\"http:\/\/ajuntament.barcelona.cat\/ccivics\/barodeviver\/p\/28894\/les-clinck-cia-les-bianchis\" target=\"_blank\" rel=\"noopener noreferrer\"><span style=\"color: #ff0000;\">\u00bb<\/span><\/a><\/p>\n<ul style=\"list-style-type: square;\">\n<li>Fins el 26\/05 &#8211; de dimarts a dissabte de 10h a 20h, diumenges i festius de 10h a 18h<\/li>\n<li>Fundaci\u00f3 Joan Mir\u00f3<\/li>\n<li>Entrada gratu\u00efta pels menors de 15 anys, redu\u00efda per estudiants (5\u20ac)<\/li>\n<li>Infants \/ Joves<\/li>\n<li><strong>Qu\u00e8 \u00e9s? <\/strong>Aquesta exposici\u00f3 versa sobre el profund sentiment de connexi\u00f3 que l&#8217;arquitecta Lina Bo Bardi (1914-1992) va tenir amb el dibuix. M\u00e9s que una eina de disseny, per ella el dibuix era un mitj\u00e0 expressiu primordial alimentat per un fort sentit de la curiositat i el dubte. Malgrat que no va defensar mai que fos un llenguatge art\u00edstic independent, s&#8217;hi va abocar amb intencionalitat art\u00edstica. Per ella el dibuix era alhora nom i verb, resultat i proc\u00e9s, objecte i relaci\u00f3.<strong><br \/>\n<\/strong><\/li>\n<\/ul>\n<p><span style=\"color: #99cc00;\">[Exposici\u00f3]<\/span> <a href=\"https:\/\/www.fundaciovilacasas.com\/ca\/exposicio\/la-realitat-transformada\" target=\"_blank\" rel=\"noopener noreferrer\"><span style=\"color: #ff0000;\">\u00abJosep Guinovart, La realitat transformada\u00bb<\/span><\/a><\/p>\n<ul style=\"list-style-type: square;\">\n<li>Fins al 19\/05 &#8211; de dimarts a divendres, de 17h a 20h30<\/li>\n<li>Espais VolART (Eixample)<\/li>\n<li>Joves<\/li>\n<li>Entrada gratu\u00efta<\/li>\n<li><strong>Qu\u00e8 \u00e9s?<\/strong> L\u2019exposici\u00f3 posa \u00e8mfasi en la capacitat de l\u2019artista per transformar la realitat i alhora reinventar-se constantment. L\u2019eix conceptual que actua com a factor transversal entre els diferents apartats expositius es basa en el fet que Guinovart, a trav\u00e9s de les seves obres, viatja des d\u2019all\u00f2 m\u00e9s local i primigeni fins a all\u00f2 m\u00e9s universal i infinit.<\/li>\n<\/ul>\n<p><span style=\"color: #99cc00;\">[Coneix Barcelona]<\/span> <a href=\"https:\/\/www.barcelona.cat\/es\/que-hacer-en-bcn\/parques-y-jardines\/parque-de-diagonal-mar_99085102712.html\" target=\"_blank\" rel=\"noopener noreferrer\"><span style=\"color: #ff0000;\">\u00abPassejar al Parc de Diagonal Mar\u00bb<\/span><\/a><\/p>\n<ul style=\"list-style-type: square;\">\n<li>Tots els dies, de les 10h a les 21h<\/li>\n<li>Parc de Diagonal Mar (Sant Mart\u00ed)<\/li>\n<li>Entrada gratu\u00efta<\/li>\n<li>Infants \/ Joves<\/li>\n<li><strong>Qu\u00e8 \u00e9s? <\/strong><span class=\"tlid-translation translation\" lang=\"ca\"><span title=\"\">Diagonal<\/span> <span title=\"\">Mar \u00e9s<\/span> <span title=\"\">el segon<\/span> <span title=\"\">parc<\/span> <span title=\"\">m\u00e9s<\/span> <span title=\"\">gran de Barcelona<\/span><span title=\"\">.<\/span> <span title=\"\">\u00c9s<\/span> <span title=\"\">un espai<\/span> <span title=\"\">immens<\/span> <span title=\"\">i<\/span> <span title=\"\">assolellat,<\/span> que<\/span> a<span class=\"tlid-translation translation\" lang=\"ca\"><span title=\"\">cull<\/span> <span title=\"\">una zona de jocs<\/span> <span title=\"\">infantils<\/span><span title=\"\">, pista<\/span> <span title=\"\">de petanca<\/span><span title=\"\">, taules<\/span> <span title=\"\">de ping<\/span><span title=\"\">&#8211;<\/span><span title=\"\">pong<\/span><span title=\"\">, pistes<\/span> <span title=\"\">de b\u00e0squet i<\/span> <span title=\"\">futbol, una<\/span> <span title=\"\">zona esportiva<\/span><span title=\"\">, un amfiteatre i<\/span> <\/span><span class=\"tlid-translation translation\" lang=\"ca\"><span title=\"\">diferents tobogans gegants.<\/span><\/span><\/li>\n<\/ul>\n<p><span style=\"color: #99cc00;\">[Exposici\u00f3]<\/span> <span style=\"color: #ff0000;\"><a href=\"https:\/\/caixaforum.es\/ca\/barcelona\/fichaexposicion?entryId=812835&amp;utm_source=timeout&amp;utm_medium=fijo&amp;utm_campaign=cxf_barcelona_poeticas&amp;utm_content=content&amp;utm_term=324442\" target=\"_blank\" rel=\"noopener noreferrer\"><span style=\"color: #ff0000;\">\u00abPo\u00e8tiques de l&#8217;emoci\u00f3\u00bb<\/span><\/a><\/span><\/p>\n<ul style=\"list-style-type: square;\">\n<li>Fins el 19\/05 &#8211; De dilluns a diumenge i festius, de 10 a 20 h<\/li>\n<li>Caixa F\u00f2rum<\/li>\n<li>Entrada general 5\u20ac \/ gratu\u00efta per menors de 16 anys<\/li>\n<li>Joves<\/li>\n<li><strong>Qu\u00e8 \u00e9s?<\/strong> L\u2019exposici\u00f3 fa un recorregut per m\u00e9s de 700 anys d\u2019hist\u00f2ria de l\u2019art i, a trav\u00e9s de 44 obres, ens ensenya les diverses maneres de plasmar les emocions en l\u2019art. Un conjunt d\u2019obres de diversos contextos, g\u00e8neres i suports que pret\u00e9n mostrar com la manera de representar les emocions a trav\u00e9s de signes, rostres i gestos no permuta al llarg dels anys.<\/li>\n<\/ul>\n<p><span style=\"color: #99cc00;\">[Coneix Barcelona]<\/span> <a href=\"https:\/\/lamodel.barcelona\/\" target=\"_blank\" rel=\"noopener noreferrer\"><span style=\"color: #ff0000;\">\u00abVisitar l&#8217;interior de La Model\u00bb<\/span><\/a><\/p>\n<ul style=\"list-style-type: square;\">\n<li><span class=\"elementor-icon-list-text\">Tots els divendres, de 15.00 a 18.00 h \/ Tots els d<\/span><span class=\"elementor-icon-list-text\">issabtes, de 10.00 a 18.00 h<\/span><\/li>\n<li>Pres\u00f3 La Model<\/li>\n<li>Entrada gratu\u00efta<\/li>\n<li>Joves<\/li>\n<li><strong>Qu\u00e8 \u00e9s? <\/strong>La Model \u00e9s l\u2019edifici penitenciari que ha acompanyat la hist\u00f2ria contempor\u00e0nia de Barcelona. Una pres\u00f3 amb un gran simbolisme per als ciutadans que ara inicia el cam\u00ed per convertir-se en un nou lloc de refer\u00e8ncia a l\u2019Esquerra de l\u2019Eixample, acabant amb la barrera urbana que va suposar aquesta instal\u00b7laci\u00f3 durant m\u00e9s d\u2019un segle.<\/li>\n<\/ul>\n<p><span style=\"color: #99cc00;\">[Espectacle]&nbsp;<a href=\"http:\/\/ajuntament.barcelona.cat\/ccivics\/barodeviver\/p\/28896\/be-god-is-cia-espai-dual\" target=\"_blank\" rel=\"noopener noreferrer\"><span style=\"color: #ff0000;\"><span style=\"color: #ff0000;\">\u00ab<\/span><\/span><\/a><\/span><span style=\"color: #ff0000;\">Be God Is &#8211; CIA. Espai Dual\u00bb<\/span><\/p>\n<ul style=\"list-style-type: square;\">\n<li>26 d&#8217;abril, a les 19h<\/li>\n<li>Centre C\u00edvic Bar\u00f3 de Viver<\/li>\n<li>Entrada gratu\u00efta<\/li>\n<li>Infants \/ joves<\/li>\n<li><strong>Qu\u00e8 \u00e9s? <\/strong>Un espectacle&nbsp;que combina el virtuosisme musical, el gest i la imaginaci\u00f3. Una banda de tres, guitarra, saxo i caix\u00f3, dues cadires, una barra d\u2019equilibris, una m\u00fasica de jazz, una melodia de rock, un quej\u00edo flamenc, i un gest&#8230;, sempre un gest&#8230; El gest d\u2019un pallasso amb ganes de jugar.<\/li>\n<\/ul>\n<p><span style=\"color: #99cc00;\">[Fotografia]<\/span> <a href=\"http:\/\/www.ccsagradafamilia.net\/esdeveniment\/woman-go-nogree\/\" target=\"_blank\" rel=\"noopener noreferrer\"><span style=\"color: #ff0000;\">\u00abWomen go no&#8217;gree\u00bb<\/span> <\/a><\/p>\n<ul style=\"list-style-type: square;\">\n<li>26 d&#8217;abril &#8211; Dilluns a divendres de 10 a 14 h i de 16 a 21 h.&nbsp;<\/li>\n<li>Centre c\u00edvic Sagrada Fam\u00edlia<\/li>\n<li>Entrada gratu\u00efta<\/li>\n<li>Joves<\/li>\n<li><strong>Qu\u00e8 \u00e9s? <\/strong>Una proposta que explora les interseccions de g\u00e8nere, hist\u00f2ria i creaci\u00f3 de coneixement per repensar noves maneres d\u2019observar. Una exposici\u00f3 de fotografies i arxius, i una selecci\u00f3 de literatura feminista africana.<\/li>\n<\/ul>\n<p><span style=\"color: #99cc00;\">[Sant Jordi]<\/span> <a href=\"http:\/\/ajuntament.barcelona.cat\/ccivics\/candeu\/p\/29266\/presentaci-premi-sant-jordi-de-les-lletres-catalanes-i-els-premiats-a-la-nit-de-santa-llcia\" target=\"_blank\" rel=\"noopener noreferrer\"><span style=\"color: #ff0000;\">\u00abPresentaci\u00f3 Premi Sant Jordi de les lletres catalanes i els premiats a la nit de Santa Ll\u00facia\u00bb<\/span><\/a><\/p>\n<ul style=\"list-style-type: square;\">\n<li>26 d&#8217;abril, de les 19h a les 20h<\/li>\n<li>Centre C\u00edvic Can Deu<\/li>\n<li>Entrada gratu\u00efta<\/li>\n<li>Infants \/ joves<\/li>\n<li><strong>Qu\u00e8 \u00e9s? <\/strong>Presentaci\u00f3 dels llibres guanyadors a la Festa de les Lletres Catalanes 2018, acompanyat per una actuaci\u00f3 musical.<\/li>\n<\/ul>\n<p><span style=\"color: #99cc00;\">[Taller]<\/span> <a href=\"https:\/\/www.mammaproof.org\/barcelona\/agenda-amarilla\/construim-el-mercat-2019\/\" target=\"_blank\" rel=\"noopener noreferrer\"><span style=\"color: #ff0000;\">\u00abConstru\u00efm el mercat del Born\u00bb<\/span><\/a><\/p>\n<ul>\n<li>27 d&#8217;abril, de les 17 a les 19h<\/li>\n<li>El Born Centre de Cultura i Mem\u00f2ria<\/li>\n<li>3\u20ac<\/li>\n<li>Infants de fins a 12 anys<\/li>\n<li><strong>Qu\u00e8 \u00e9s? <\/strong><span class=\"tlid-translation translation\" lang=\"ca\"><span title=\"\">Us imagineu<\/span> <span title=\"\">poder construir<\/span> <span title=\"\">un mercat<\/span> <span title=\"\">a partir d&#8217;una<\/span> <span title=\"\">quadr\u00edcula<\/span><span title=\"\">?<\/span> <span title=\"\">Voleu<\/span> <span title=\"\">con\u00e8ixer<\/span> <span title=\"\">les<\/span> <span title=\"\">normes<\/span> <span title=\"\">b\u00e0siques<\/span> <span title=\"\">per a<\/span> <span title=\"\">construir edificis<\/span> <span title=\"\">de ferro<\/span><span title=\"\">?<\/span> <span title=\"\">Us<\/span> <span class=\"\" title=\"\">convidem a<\/span> <span class=\"\" title=\"\">convertir-vos en<\/span> <span class=\"\" title=\"\">arquitectes<\/span> <span class=\"\" title=\"\">i que, com<\/span> <span title=\"\">Fontser\u00e8<\/span><span title=\"\">,<\/span> <span title=\"\">projecteu<\/span> <span title=\"\">un gran equipament<\/span> <span title=\"\">met\u00e0l\u00b7lic<\/span> <span title=\"\">per a la<\/span> <span title=\"\">ciutat<\/span><span title=\"\">.<\/span><\/span><\/li>\n<\/ul>\n","protected":false},"excerpt":{"rendered":"<p>&nbsp; Aqu\u00ed est\u00e0 l&#8216;agenda d&#8217;abril! Com que ja ha arribat la primavera, us proposem sortir a passejar, gaudir de Barcelona i del seu sol en uns parcs imprescindibles de la ciutat o llocs originals. La cultura est\u00e0 tamb\u00e9 en els plans d&#8217;abril, amb moltes exposicions de diferents tipus i espectacles que us encantaran a tu &hellip; <a href=\"https:\/\/entandem.cat\/es\/recursos-es\/agenda-cultural-abril-2019\/\">Continued<\/a><\/p>\n","protected":false},"author":1,"featured_media":5630,"comment_status":"closed","ping_status":"open","sticky":false,"template":"","format":"standard","meta":{"footnotes":""},"categories":[655,320],"tags":[680,598,510,564,565,499,681],"class_list":["post-6309","post","type-post","status-publish","format-standard","has-post-thumbnail","hentry","category-barcelona-es","category-recursos-es","tag-abril-es","tag-activitats-culturals-es","tag-agenda-cultural-es","tag-barcelona-es","tag-cultura-es","tag-exposicio-es-2","tag-fotografia-es"],"yoast_head":"<!-- This site is optimized with the Yoast SEO plugin v27.0 - https:\/\/yoast.com\/product\/yoast-seo-wordpress\/ -->\n<title>Agenda Cultural - Abril 2019 (BCN) - enT\u00e0ndem<\/title>\n<meta name=\"robots\" content=\"index, follow, max-snippet:-1, max-image-preview:large, max-video-preview:-1\" \/>\n<link rel=\"canonical\" href=\"https:\/\/entandem.cat\/es\/recursos-es\/agenda-cultural-abril-2019\/\" \/>\n<meta property=\"og:locale\" content=\"es_ES\" \/>\n<meta property=\"og:type\" content=\"article\" \/>\n<meta property=\"og:title\" content=\"Agenda Cultural - Abril 2019 (BCN) - enT\u00e0ndem\" \/>\n<meta property=\"og:description\" content=\"&nbsp; Aqu\u00ed est\u00e0 l&#8216;agenda d&#8217;abril! Com que ja ha arribat la primavera, us proposem sortir a passejar, gaudir de Barcelona i del seu sol en uns parcs imprescindibles de la ciutat o llocs originals. La cultura est\u00e0 tamb\u00e9 en els plans d&#8217;abril, amb moltes exposicions de diferents tipus i espectacles que us encantaran a tu &hellip; Continued\" \/>\n<meta property=\"og:url\" content=\"https:\/\/entandem.cat\/es\/recursos-es\/agenda-cultural-abril-2019\/\" \/>\n<meta property=\"og:site_name\" content=\"enT\u00e0ndem\" \/>\n<meta property=\"article:publisher\" content=\"https:\/\/www.facebook.com\/afevcat\" \/>\n<meta property=\"article:published_time\" content=\"2019-03-26T13:49:42+00:00\" \/>\n<meta property=\"article:modified_time\" content=\"2019-11-29T10:43:49+00:00\" \/>\n<meta property=\"og:image\" content=\"https:\/\/entandem.cat\/wp-content\/uploads\/2019\/03\/Agenda-Cultural-Abril-1024x683.jpg\" \/>\n\t<meta property=\"og:image:width\" content=\"1024\" \/>\n\t<meta property=\"og:image:height\" content=\"683\" \/>\n\t<meta property=\"og:image:type\" content=\"image\/jpeg\" \/>\n<meta name=\"author\" content=\"adminTandem\" \/>\n<meta name=\"twitter:card\" content=\"summary_large_image\" \/>\n<meta name=\"twitter:creator\" content=\"@afevcat\" \/>\n<meta name=\"twitter:site\" content=\"@afevcat\" \/>\n<meta name=\"twitter:label1\" content=\"Escrito por\" \/>\n\t<meta name=\"twitter:data1\" content=\"adminTandem\" \/>\n\t<meta name=\"twitter:label2\" content=\"Tiempo de lectura\" \/>\n\t<meta name=\"twitter:data2\" content=\"7 minutos\" \/>\n<script type=\"application\/ld+json\" class=\"yoast-schema-graph\">{\"@context\":\"https:\/\/schema.org\",\"@graph\":[{\"@type\":\"Article\",\"@id\":\"https:\/\/entandem.cat\/es\/recursos-es\/agenda-cultural-abril-2019\/#article\",\"isPartOf\":{\"@id\":\"https:\/\/entandem.cat\/es\/recursos-es\/agenda-cultural-abril-2019\/\"},\"author\":{\"name\":\"adminTandem\",\"@id\":\"https:\/\/entandem.cat\/#\/schema\/person\/2111428ce1954193a11054a1e2b5b0da\"},\"headline\":\"Agenda Cultural &#8211; Abril 2019 (BCN)\",\"datePublished\":\"2019-03-26T13:49:42+00:00\",\"dateModified\":\"2019-11-29T10:43:49+00:00\",\"mainEntityOfPage\":{\"@id\":\"https:\/\/entandem.cat\/es\/recursos-es\/agenda-cultural-abril-2019\/\"},\"wordCount\":1333,\"publisher\":{\"@id\":\"https:\/\/entandem.cat\/#organization\"},\"image\":{\"@id\":\"https:\/\/entandem.cat\/es\/recursos-es\/agenda-cultural-abril-2019\/#primaryimage\"},\"thumbnailUrl\":\"https:\/\/entandem.cat\/wp-content\/uploads\/2019\/03\/Agenda-Cultural-Abril.jpg\",\"keywords\":[\"abril\",\"activitats culturals\",\"agenda cultural\",\"barcelona\",\"cultura\",\"exposici\u00f3\",\"fotografia\"],\"articleSection\":[\"Barcelona\",\"Recursos\"],\"inLanguage\":\"es\"},{\"@type\":\"WebPage\",\"@id\":\"https:\/\/entandem.cat\/es\/recursos-es\/agenda-cultural-abril-2019\/\",\"url\":\"https:\/\/entandem.cat\/es\/recursos-es\/agenda-cultural-abril-2019\/\",\"name\":\"Agenda Cultural - Abril 2019 (BCN) - enT\u00e0ndem\",\"isPartOf\":{\"@id\":\"https:\/\/entandem.cat\/#website\"},\"primaryImageOfPage\":{\"@id\":\"https:\/\/entandem.cat\/es\/recursos-es\/agenda-cultural-abril-2019\/#primaryimage\"},\"image\":{\"@id\":\"https:\/\/entandem.cat\/es\/recursos-es\/agenda-cultural-abril-2019\/#primaryimage\"},\"thumbnailUrl\":\"https:\/\/entandem.cat\/wp-content\/uploads\/2019\/03\/Agenda-Cultural-Abril.jpg\",\"datePublished\":\"2019-03-26T13:49:42+00:00\",\"dateModified\":\"2019-11-29T10:43:49+00:00\",\"breadcrumb\":{\"@id\":\"https:\/\/entandem.cat\/es\/recursos-es\/agenda-cultural-abril-2019\/#breadcrumb\"},\"inLanguage\":\"es\",\"potentialAction\":[{\"@type\":\"ReadAction\",\"target\":[\"https:\/\/entandem.cat\/es\/recursos-es\/agenda-cultural-abril-2019\/\"]}]},{\"@type\":\"ImageObject\",\"inLanguage\":\"es\",\"@id\":\"https:\/\/entandem.cat\/es\/recursos-es\/agenda-cultural-abril-2019\/#primaryimage\",\"url\":\"https:\/\/entandem.cat\/wp-content\/uploads\/2019\/03\/Agenda-Cultural-Abril.jpg\",\"contentUrl\":\"https:\/\/entandem.cat\/wp-content\/uploads\/2019\/03\/Agenda-Cultural-Abril.jpg\",\"width\":2592,\"height\":1728},{\"@type\":\"BreadcrumbList\",\"@id\":\"https:\/\/entandem.cat\/es\/recursos-es\/agenda-cultural-abril-2019\/#breadcrumb\",\"itemListElement\":[{\"@type\":\"ListItem\",\"position\":1,\"name\":\"Inici\",\"item\":\"https:\/\/entandem.cat\/es\/\"},{\"@type\":\"ListItem\",\"position\":2,\"name\":\"Agenda Cultural &#8211; Abril 2019 (BCN)\"}]},{\"@type\":\"WebSite\",\"@id\":\"https:\/\/entandem.cat\/#website\",\"url\":\"https:\/\/entandem.cat\/\",\"name\":\"enT\u00e0ndem\",\"description\":\"Voluntariat Social Universitari\",\"publisher\":{\"@id\":\"https:\/\/entandem.cat\/#organization\"},\"potentialAction\":[{\"@type\":\"SearchAction\",\"target\":{\"@type\":\"EntryPoint\",\"urlTemplate\":\"https:\/\/entandem.cat\/?s={search_term_string}\"},\"query-input\":{\"@type\":\"PropertyValueSpecification\",\"valueRequired\":true,\"valueName\":\"search_term_string\"}}],\"inLanguage\":\"es\"},{\"@type\":\"Organization\",\"@id\":\"https:\/\/entandem.cat\/#organization\",\"name\":\"enT\u00e0ndem\",\"url\":\"https:\/\/entandem.cat\/\",\"logo\":{\"@type\":\"ImageObject\",\"inLanguage\":\"es\",\"@id\":\"https:\/\/entandem.cat\/#\/schema\/logo\/image\/\",\"url\":\"https:\/\/entandem.cat\/wp-content\/uploads\/2016\/12\/logo-entandem.png\",\"contentUrl\":\"https:\/\/entandem.cat\/wp-content\/uploads\/2016\/12\/logo-entandem.png\",\"width\":166,\"height\":44,\"caption\":\"enT\u00e0ndem\"},\"image\":{\"@id\":\"https:\/\/entandem.cat\/#\/schema\/logo\/image\/\"},\"sameAs\":[\"https:\/\/www.facebook.com\/afevcat\",\"https:\/\/x.com\/afevcat\",\"https:\/\/www.instagram.com\/afevcat\/\"]},{\"@type\":\"Person\",\"@id\":\"https:\/\/entandem.cat\/#\/schema\/person\/2111428ce1954193a11054a1e2b5b0da\",\"name\":\"adminTandem\"}]}<\/script>\n<!-- \/ Yoast SEO plugin. -->","yoast_head_json":{"title":"Agenda Cultural - Abril 2019 (BCN) - enT\u00e0ndem","robots":{"index":"index","follow":"follow","max-snippet":"max-snippet:-1","max-image-preview":"max-image-preview:large","max-video-preview":"max-video-preview:-1"},"canonical":"https:\/\/entandem.cat\/es\/recursos-es\/agenda-cultural-abril-2019\/","og_locale":"es_ES","og_type":"article","og_title":"Agenda Cultural - Abril 2019 (BCN) - enT\u00e0ndem","og_description":"&nbsp; Aqu\u00ed est\u00e0 l&#8216;agenda d&#8217;abril! Com que ja ha arribat la primavera, us proposem sortir a passejar, gaudir de Barcelona i del seu sol en uns parcs imprescindibles de la ciutat o llocs originals. La cultura est\u00e0 tamb\u00e9 en els plans d&#8217;abril, amb moltes exposicions de diferents tipus i espectacles que us encantaran a tu &hellip; Continued","og_url":"https:\/\/entandem.cat\/es\/recursos-es\/agenda-cultural-abril-2019\/","og_site_name":"enT\u00e0ndem","article_publisher":"https:\/\/www.facebook.com\/afevcat","article_published_time":"2019-03-26T13:49:42+00:00","article_modified_time":"2019-11-29T10:43:49+00:00","og_image":[{"width":1024,"height":683,"url":"https:\/\/entandem.cat\/wp-content\/uploads\/2019\/03\/Agenda-Cultural-Abril-1024x683.jpg","type":"image\/jpeg"}],"author":"adminTandem","twitter_card":"summary_large_image","twitter_creator":"@afevcat","twitter_site":"@afevcat","twitter_misc":{"Escrito por":"adminTandem","Tiempo de lectura":"7 minutos"},"schema":{"@context":"https:\/\/schema.org","@graph":[{"@type":"Article","@id":"https:\/\/entandem.cat\/es\/recursos-es\/agenda-cultural-abril-2019\/#article","isPartOf":{"@id":"https:\/\/entandem.cat\/es\/recursos-es\/agenda-cultural-abril-2019\/"},"author":{"name":"adminTandem","@id":"https:\/\/entandem.cat\/#\/schema\/person\/2111428ce1954193a11054a1e2b5b0da"},"headline":"Agenda Cultural &#8211; Abril 2019 (BCN)","datePublished":"2019-03-26T13:49:42+00:00","dateModified":"2019-11-29T10:43:49+00:00","mainEntityOfPage":{"@id":"https:\/\/entandem.cat\/es\/recursos-es\/agenda-cultural-abril-2019\/"},"wordCount":1333,"publisher":{"@id":"https:\/\/entandem.cat\/#organization"},"image":{"@id":"https:\/\/entandem.cat\/es\/recursos-es\/agenda-cultural-abril-2019\/#primaryimage"},"thumbnailUrl":"https:\/\/entandem.cat\/wp-content\/uploads\/2019\/03\/Agenda-Cultural-Abril.jpg","keywords":["abril","activitats culturals","agenda cultural","barcelona","cultura","exposici\u00f3","fotografia"],"articleSection":["Barcelona","Recursos"],"inLanguage":"es"},{"@type":"WebPage","@id":"https:\/\/entandem.cat\/es\/recursos-es\/agenda-cultural-abril-2019\/","url":"https:\/\/entandem.cat\/es\/recursos-es\/agenda-cultural-abril-2019\/","name":"Agenda Cultural - Abril 2019 (BCN) - enT\u00e0ndem","isPartOf":{"@id":"https:\/\/entandem.cat\/#website"},"primaryImageOfPage":{"@id":"https:\/\/entandem.cat\/es\/recursos-es\/agenda-cultural-abril-2019\/#primaryimage"},"image":{"@id":"https:\/\/entandem.cat\/es\/recursos-es\/agenda-cultural-abril-2019\/#primaryimage"},"thumbnailUrl":"https:\/\/entandem.cat\/wp-content\/uploads\/2019\/03\/Agenda-Cultural-Abril.jpg","datePublished":"2019-03-26T13:49:42+00:00","dateModified":"2019-11-29T10:43:49+00:00","breadcrumb":{"@id":"https:\/\/entandem.cat\/es\/recursos-es\/agenda-cultural-abril-2019\/#breadcrumb"},"inLanguage":"es","potentialAction":[{"@type":"ReadAction","target":["https:\/\/entandem.cat\/es\/recursos-es\/agenda-cultural-abril-2019\/"]}]},{"@type":"ImageObject","inLanguage":"es","@id":"https:\/\/entandem.cat\/es\/recursos-es\/agenda-cultural-abril-2019\/#primaryimage","url":"https:\/\/entandem.cat\/wp-content\/uploads\/2019\/03\/Agenda-Cultural-Abril.jpg","contentUrl":"https:\/\/entandem.cat\/wp-content\/uploads\/2019\/03\/Agenda-Cultural-Abril.jpg","width":2592,"height":1728},{"@type":"BreadcrumbList","@id":"https:\/\/entandem.cat\/es\/recursos-es\/agenda-cultural-abril-2019\/#breadcrumb","itemListElement":[{"@type":"ListItem","position":1,"name":"Inici","item":"https:\/\/entandem.cat\/es\/"},{"@type":"ListItem","position":2,"name":"Agenda Cultural &#8211; Abril 2019 (BCN)"}]},{"@type":"WebSite","@id":"https:\/\/entandem.cat\/#website","url":"https:\/\/entandem.cat\/","name":"enT\u00e0ndem","description":"Voluntariat Social Universitari","publisher":{"@id":"https:\/\/entandem.cat\/#organization"},"potentialAction":[{"@type":"SearchAction","target":{"@type":"EntryPoint","urlTemplate":"https:\/\/entandem.cat\/?s={search_term_string}"},"query-input":{"@type":"PropertyValueSpecification","valueRequired":true,"valueName":"search_term_string"}}],"inLanguage":"es"},{"@type":"Organization","@id":"https:\/\/entandem.cat\/#organization","name":"enT\u00e0ndem","url":"https:\/\/entandem.cat\/","logo":{"@type":"ImageObject","inLanguage":"es","@id":"https:\/\/entandem.cat\/#\/schema\/logo\/image\/","url":"https:\/\/entandem.cat\/wp-content\/uploads\/2016\/12\/logo-entandem.png","contentUrl":"https:\/\/entandem.cat\/wp-content\/uploads\/2016\/12\/logo-entandem.png","width":166,"height":44,"caption":"enT\u00e0ndem"},"image":{"@id":"https:\/\/entandem.cat\/#\/schema\/logo\/image\/"},"sameAs":["https:\/\/www.facebook.com\/afevcat","https:\/\/x.com\/afevcat","https:\/\/www.instagram.com\/afevcat\/"]},{"@type":"Person","@id":"https:\/\/entandem.cat\/#\/schema\/person\/2111428ce1954193a11054a1e2b5b0da","name":"adminTandem"}]}},"_links":{"self":[{"href":"https:\/\/entandem.cat\/es\/wp-json\/wp\/v2\/posts\/6309","targetHints":{"allow":["GET"]}}],"collection":[{"href":"https:\/\/entandem.cat\/es\/wp-json\/wp\/v2\/posts"}],"about":[{"href":"https:\/\/entandem.cat\/es\/wp-json\/wp\/v2\/types\/post"}],"author":[{"embeddable":true,"href":"https:\/\/entandem.cat\/es\/wp-json\/wp\/v2\/users\/1"}],"replies":[{"embeddable":true,"href":"https:\/\/entandem.cat\/es\/wp-json\/wp\/v2\/comments?post=6309"}],"version-history":[{"count":0,"href":"https:\/\/entandem.cat\/es\/wp-json\/wp\/v2\/posts\/6309\/revisions"}],"wp:featuredmedia":[{"embeddable":true,"href":"https:\/\/entandem.cat\/es\/wp-json\/wp\/v2\/media\/5630"}],"wp:attachment":[{"href":"https:\/\/entandem.cat\/es\/wp-json\/wp\/v2\/media?parent=6309"}],"wp:term":[{"taxonomy":"category","embeddable":true,"href":"https:\/\/entandem.cat\/es\/wp-json\/wp\/v2\/categories?post=6309"},{"taxonomy":"post_tag","embeddable":true,"href":"https:\/\/entandem.cat\/es\/wp-json\/wp\/v2\/tags?post=6309"}],"curies":[{"name":"wp","href":"https:\/\/api.w.org\/{rel}","templated":true}]}}