{"id":6307,"date":"2019-04-30T08:37:45","date_gmt":"2019-04-30T08:37:45","guid":{"rendered":"https:\/\/entandem.cat\/agenda-cultural-maig-2019\/"},"modified":"2019-11-29T10:43:41","modified_gmt":"2019-11-29T10:43:41","slug":"agenda-cultural-maig-2019","status":"publish","type":"post","link":"https:\/\/entandem.cat\/es\/recursos-es\/agenda-cultural-maig-2019\/","title":{"rendered":"Agenda Cultural &#8211; Maig 2019 (BCN)"},"content":{"rendered":"<p>&nbsp;<\/p>\n<p><span class=\"tlid-translation translation\" lang=\"ca\"><span class=\"\" title=\"\">Com cada mes,<\/span> <span title=\"\">Barcelona<\/span> <span class=\"\" title=\"\">et reserva<\/span> <span title=\"\">moltes<\/span> <span title=\"\">propostes<\/span> <span title=\"\">culturals<\/span> <span title=\"\">al maig<\/span><span title=\"\">! <\/span>D<span title=\"\">urant<\/span> <strong><span title=\"\">una nit<\/span>&nbsp;<span title=\"\">podr\u00e0s visitar<\/span><span title=\"\">&nbsp;tots<\/span> <span title=\"\">els<\/span> <span class=\"\" title=\"\">museus de la<\/span> <span title=\"\">ciutat<\/span><span title=\"\">&nbsp;entrant<\/span> <span title=\"\">gratu\u00eftament<\/span><span title=\"\">!<\/span><\/strong> <span class=\"\" title=\"\">La ciutat<\/span> <span title=\"\">continuar\u00e0 guanyant vida<\/span> <span title=\"\">amb<\/span> <span title=\"\">la<strong> Fira<\/strong><\/span><strong> <span title=\"\">d&#8217;Abril<\/span><\/strong><span title=\"\">,<\/span> <span title=\"\">un<\/span> <span title=\"\">cicle<\/span> <span title=\"\">d&#8217;activitats<\/span> <span title=\"\">per<\/span> <span title=\"\">participar i<\/span> <span class=\"\" title=\"\">comprometre<\/span> <span title=\"\">per <strong>una primavera<\/strong><\/span><strong> <span title=\"\">verda<\/span><\/strong> <span title=\"\">i<\/span> <span class=\"\" title=\"\">moltes<\/span> <span title=\"\">m\u00e9s<\/span> <span class=\"\" title=\"\">activitats<\/span><span title=\"\">!<\/span> <\/span><\/p>\n<p><strong><span class=\"tlid-translation translation\" lang=\"ca\"><span class=\"\" title=\"\">Nom\u00e9s<\/span> <span class=\"\" title=\"\">et falta<\/span> <span title=\"\">apuntar-te amb<\/span> <span title=\"\">el teu<\/span> t<span title=\"\">\u00e0ndem<\/span> <span class=\"\" title=\"\">a una d&#8217;elles<\/span><span class=\"\" title=\"\">&#8230;<\/span><span title=\"\">o<\/span> <span title=\"\">a<\/span> <span class=\"\" title=\"\">totes<\/span><span class=\"\" title=\"\">?<\/span><\/span><\/strong><\/p>\n<p><span style=\"color: #99cc00;\">[Museus]<\/span> <a href=\"https:\/\/www.barcelona.cat\/lanitdelsmuseus\/#museus\" target=\"_blank\" rel=\"noopener noreferrer\"><span style=\"color: #ff0000;\">\u00abLa Nit dels Museus\u00bb<\/span><\/a><\/p>\n<ul style=\"list-style-type: square;\">\n<li>18 de maig, de les 19h a les 1h<\/li>\n<li>Infants \/ joves<\/li>\n<li>Entrada gratu\u00efta<\/li>\n<li><strong>Qu\u00e8 \u00e9s? <\/strong>83 museus de la provinc\u00eda de Barcelona et conviden a visitar-los! T&#8217;esperen exposicions i concerts, tallers i visites guiades, performances i activitats familiars&#8230;<strong><br \/>\n<\/strong><\/li>\n<\/ul>\n<p><span style=\"color: #99cc00;\">[Espectacle]<\/span><a href=\"http:\/\/mercatflors.cat\/activitat\/mostra-en-residencia-un-xou-mes\/\" target=\"_blank\" rel=\"noopener noreferrer\"><span style=\"color: #ff0000;\"> \u00abUn show m\u00e1s\u00bb <\/span><\/a><\/p>\n<ul style=\"list-style-type: square;\">\n<li>3 de maig a les 18h<\/li>\n<li>Mercat de les flors<\/li>\n<li>Entrada gratu\u00efta &#8211; cal reserva pr\u00e8via<\/li>\n<li>Joves<\/li>\n<li><strong>Qu\u00e8 \u00e9s?<\/strong> \u00c9s un retrat \u00edntim d\u2019aquests joves, companys d\u2019escola, que comparteixen amb el p\u00fablic la seva manera de situar-se, de moure\u2019s, les seves percepcions m\u00e9s quotidianes, les seves prefer\u00e8ncies i els seus gustos, all\u00f2 que veuen i el que els agrada mirar. Una creaci\u00f3 delicada i alhora potent a partir dels paisatges que els envolten tant durant el dia com en la m\u00e9s profunda nit.<\/li>\n<\/ul>\n<p><span style=\"color: #99cc00;\">[Taller]<\/span> <a href=\"https:\/\/www.canbatllo.org\/espais\/fusteria-de-can-batllo\/\" target=\"_blank\" rel=\"noopener noreferrer\"><span style=\"color: #ff0000;\">\u00abCon\u00e8ixer el treball de la fusta\u00bb<\/span><\/a><\/p>\n<ul style=\"list-style-type: square;\">\n<li>Tots els dilluns &#8211; de 10h30 a 13h30 i de 15h30 a 18h30<\/li>\n<li>Espai de Can Batll\u00f3<\/li>\n<li>Entrada gratu\u00efta &#8211; cal cita pr\u00e8via<\/li>\n<li>Infants \/ joves<\/li>\n<li><strong>Qu\u00e8 \u00e9s?<\/strong> Taller obert a persones interessades a desenvolupar projectes de fusteria, independentment dels seus coneixements i capacitats.<\/li>\n<\/ul>\n<p><span style=\"color: #99cc00;\">[Esdeveniment]<\/span> <a href=\"https:\/\/www.timeout.es\/barcelona\/es\/que-hacer\/feria-de-abril-2019#tab_panel_2\" target=\"_blank\" rel=\"noopener noreferrer\"><span style=\"color: #ff0000;\">\u00abFeria de abril\u00bb<\/span><\/a><\/p>\n<ul style=\"list-style-type: square;\">\n<li>Del 26 de abril fins al 5 de maig -de dimarts a diumenge, de les 10h a les 18h<\/li>\n<li>Parc del F\u00f2rum<\/li>\n<li>Entrada gratu\u00efta<\/li>\n<li>Infants \/ joves<\/li>\n<li><strong><span class=\"tlid-translation translation\" lang=\"ca\"><span title=\"\">Qu\u00e8 \u00e9s? <\/span><\/span><\/strong><span class=\"tlid-translation translation\" lang=\"ca\"><span title=\"\">Barcelona s&#8217;omplir\u00e0 del caloret del sud d&#8217;Espanya del 26 d&#8217;abril al 5 de maig amb la 48a edici\u00f3 de la popular Fira d&#8217;Abril de Catalunya, que per catorzena vegada consecutiva se celebra al Parc del F\u00f2rum, on podr\u00e0 accedir a gaireb\u00e9 un centenar de bars i casetes de forma lliure i gratu\u00efta. No faltaran els vestits de flamenca, el &#8216;rebujito&#8217; i &#8216;peixet <\/span><\/span><span class=\"tlid-translation translation\" lang=\"ca\"><span title=\"\"><span class=\"\" title=\"\">fregit<\/span>&#8216;. <span class=\"\" title=\"\">Hi haur\u00e0<\/span> actuacions musicals de cada entitat que participa i tindreu&nbsp;<span class=\"\" title=\"\">l&#8217;oportunitat<\/span> de gaudir i de ballar sevillanes. Tamb\u00e9 podreu degustar <span class=\"\" title=\"\">menjar tradicional<\/span> andal\u00fas i hi trobareu activitats per als m\u00e9s petits.<\/span><\/span><\/li>\n<\/ul>\n<p><span style=\"color: #99cc00;\">[Cicle d&#8217;activitats]<\/span> <a href=\"http:\/\/ajuntament.barcelona.cat\/ccivics\/elcoll\" target=\"_blank\" rel=\"noopener noreferrer\"><span style=\"color: #ff0000;\">\u00abVolem viure en un planeta pl\u00e0stic?\u00bb<\/span>&nbsp;<\/a><\/p>\n<ul style=\"list-style-type: square;\">\n<li>Del 3 al 31 de maig<\/li>\n<li>Centre C\u00edvic El Coll La Bruguera<\/li>\n<li>Entrada gratu\u00efta<\/li>\n<li>Infants \/ joves<\/li>\n<li><strong>Qu\u00e8 \u00e9s?<\/strong> Un seguit d&#8217;activitats per prendre consci\u00e8ncia de la greu situaci\u00f3 que afecta els nostres mars i oceans, contaminats amb restes de pl\u00e0stic, i con\u00e8ixer quines alternatives hi ha i com les podem fer nostres.<\/li>\n<\/ul>\n<p><span style=\"color: #99cc00;\">[Espectacle]<\/span> <a href=\"https:\/\/www.canbatllo.org\/agenda\/cabaret-de-circ\/\"><span style=\"color: #ff0000;\">\u00abCabaret circ\u00bb<\/span><\/a><\/p>\n<ul style=\"list-style-type: square;\">\n<li>Divendres 10 de maig a les 20h (obertura de portes a les 19h)<\/li>\n<li>Espai Can Batll\u00f3<\/li>\n<li>Entrada gratu\u00efta, aforament limitat<\/li>\n<li>Infants \/ joves<\/li>\n<li><strong>Qu\u00e8 \u00e9s?<\/strong> Les companyes de Circ i Arts Esc\u00e8niques ens han preparat un cabaret de circ on no hi pots faltar.<\/li>\n<\/ul>\n<p><span style=\"color: #99cc00;\">[Teatre Social]<\/span> <span style=\"color: #ff0000;\"><a href=\"https:\/\/www.barcelona.cat\/casalsdebarri\/espai210\/ca\/agenda\/12a-trobada-de-teatre-social-joves-deslimitam\" target=\"_blank\" rel=\"noopener noreferrer\"><span style=\"color: #ff0000;\">\u00abDeslimita&#8217;m\u00bb<\/span><\/a><\/span><\/p>\n<ul style=\"list-style-type: square;\">\n<li>Diumenge 12 de maig, de les 9h30 a les 14h30<\/li>\n<li>Teatre BARTS<\/li>\n<li>Entrada gratu\u00efta<\/li>\n<li>Joves<\/li>\n<li><strong>Qu\u00e8 \u00e9s? <\/strong>Una trobada que reunir\u00e0 al voltant de 150 joves participants, d\u00b4entre 12 i 20 anys, d&#8217;arreu de Catalunya i oberta a totes les persones que vulguin descobrir el poder transformador del teatre, utilitzat com a mirall de la realitat i com a mitj\u00e0 per a la reflexi\u00f3 i la transformaci\u00f3 socials.<\/li>\n<\/ul>\n<p><span style=\"color: #99cc00;\">[Exposici\u00f3]<\/span> <a href=\"http:\/\/www.cccb.org\/ca\/exposicions\/fitxa\/world-press-photo-2019\/230939\" target=\"_blank\" rel=\"noopener noreferrer\"><span style=\"color: #ff0000;\">\u00abWolrd Press Photo 2019\u00bb<\/span><\/a><\/p>\n<ul style=\"list-style-type: square;\">\n<li>Del 27 d&#8217;abril fins al 26 de maig, de dimarts a diumenge, de les 11h a les 20h<\/li>\n<li>CCCB<\/li>\n<li>Entrada gratu\u00efta pels menors de 12 anys, redu\u00efda pels menors de 25 anys (4\u20ac), entrada general de 6\u20ac (entrada gratu\u00efta per la nit dels museus, 18 de maig)<\/li>\n<li>Joves<\/li>\n<li><strong>Qu\u00e8 \u00e9s?<\/strong> Amb el lema \u00abLes hist\u00f2ries que importen\u00bb, la mostra dona a con\u00e8ixer els treballs guanyadors del concurs internacional del mateix nom i que s\u00f3n majorit\u00e0riament in\u00e8dits al nostre pa\u00eds. Des de fa 15 anys l\u2019exposici\u00f3 proposa una experi\u00e8ncia que va m\u00e9s enll\u00e0 de la mera observaci\u00f3 de les obres guanyadores. Les 140 fotografies guanyadores d\u2019aquesta edici\u00f3 van estar escollides entre les 78.801 imatges que es van presentar a concurs, realitzades per 4.738 fot\u00f2grafes i fot\u00f2grafs internacionals.<\/li>\n<\/ul>\n<p><span style=\"color: #99cc00;\">[Concert]<\/span> <span style=\"color: #ff0000;\"><a href=\"https:\/\/www.timeout.es\/barcelona\/es\/museos-e-instituciones\/monestir-de-pedralbes#tab_panel_3\" target=\"_blank\" rel=\"noopener noreferrer\"><span style=\"color: #ff0000;\">\u00abLes veus del monestir\u00bb<\/span><\/a><\/span><\/p>\n<ul style=\"list-style-type: square;\">\n<li>29 de maig a les 19h<\/li>\n<li>Monestir de Pedralbes<\/li>\n<li>Entrada gratu\u00efta, cal inscripci\u00f3 pr\u00e8via<\/li>\n<li>Joves<\/li>\n<li><strong>Qu\u00e8 \u00e9s?<\/strong> U<span class=\"tlid-translation translation\" lang=\"ca\"><span class=\"\" title=\"\">n concert<\/span> <span title=\"\">d&#8217;una hora<\/span> <span class=\"\" title=\"\">en un dels<\/span> <span title=\"\">llocs amb<\/span> <span title=\"\">m\u00e9s encant<\/span> <span title=\"\">de la ciutat.<\/span> <span title=\"\">Es<\/span> <span title=\"\">tracta<\/span> <span title=\"\">de recitals<\/span> <span class=\"\" title=\"\">en qu\u00e8 la<\/span> <span title=\"\">l\u00edrica i<\/span> <span title=\"\">les<\/span> <span title=\"\">veus<\/span> <span title=\"\">solistes<\/span> <span title=\"\">s\u00f3n<\/span> <span title=\"\">les<\/span> <span title=\"\">grans<\/span> <span class=\"\" title=\"\">protagonistes.<\/span><\/span><\/li>\n<\/ul>\n<p><span style=\"color: #99cc00;\">[Exposici\u00f3]<\/span> <a href=\"http:\/\/ajuntament.barcelona.cat\/ccivics\/candeu\/p\/29449\/maldito-plstico\" target=\"_blank\" rel=\"noopener noreferrer\"><span style=\"color: #ff0000;\">\u00abMaldito pl\u00e1stico\u00bb<\/span><\/a><\/p>\n<ul style=\"list-style-type: square;\">\n<li>Fins al 30 de maig &#8211; de dilluns a diumenge, de les 9h a les 22h<\/li>\n<li>Centre C\u00edvic Can Deu<\/li>\n<li>Entrada gratu\u00efta<\/li>\n<li>Infants \/ joves<\/li>\n<li><strong>Qu\u00e8 \u00e9s?<\/strong> Exposici\u00f3 de dotze obres creades per&nbsp;Kristina Sabaite i Ana Lorente, artistes establertes a Barcelona, sobre l\u2019impacte negatiu que t\u00e9 el pl\u00e0stic per al medi ambient. Es calcula que es produeixen a l\u2019any uns 100 milions de tones, la major part de les quals van a parar al mar i als oceans, i constitueixen el 80% dels residus marins. L\u2019exposici\u00f3 est\u00e0 composta per il\u00b7lustraci\u00f3 i collage i convida a reflexionar sobre el nostre consum i com podem reduir l\u2019\u00fas de pl\u00e0stic.<\/li>\n<\/ul>\n<p><span style=\"color: #99cc00;\">[Esport]<\/span> <a href=\"https:\/\/www.canbatllo.org\/espais\/rocodrom\/\" target=\"_blank\" rel=\"noopener noreferrer\"><span style=\"color: #ff0000;\">\u00abRoc\u00f2drom\u00bb<\/span><\/a><\/p>\n<ul style=\"list-style-type: square;\">\n<li>Dilluns, dimecres i divendres, de les 18h a les 21h<\/li>\n<li>Espai Can Batll\u00f3<\/li>\n<li>Joves<\/li>\n<li>Entrada gratu\u00efta<\/li>\n<li><strong>Qu\u00e8 \u00e9s?<\/strong> Roc\u00f2drom autogestionat obert a tothom, <span class=\"tlid-translation translation\" lang=\"ca\"><span title=\"\">per gaudir d&#8217;una<\/span> <span title=\"\">activitat<\/span> <span class=\"\" title=\"\">esportiva<\/span> <span class=\"\" title=\"\">molt<\/span> <span class=\"\" title=\"\">guai<\/span><\/span>!<\/li>\n<\/ul>\n<p><span style=\"color: #99cc00;\">[Coneix Barcelona]&nbsp;<a href=\"https:\/\/www.barcelona.cat\/ca\/que-pots-fer-a-bcn\/parcs-i-jardins\/parc-de-l-espanya-industrial_92086015836.html\" target=\"_blank\" rel=\"noopener noreferrer\"><span style=\"color: #ff0000;\">\u00abPassejar i jugar al parc de l&#8217;Espanya Industrial\u00bb<\/span><\/a><\/span><\/p>\n<ul style=\"list-style-type: square;\">\n<li>De dilluns a divendres, de 10h a 24h, dissabtes i diumenges de 10h a 23h<\/li>\n<li>Parc de l&#8217;Espanya Industrial (Sants-Montju\u00efc)<\/li>\n<li>Infants \/ joves<\/li>\n<li>Entrada gratu\u00efta<\/li>\n<li><strong>Qu\u00e8 \u00e9s? <\/strong>Un parc amb un tobogan gegant, llac, pista de b\u00e0squet, \u00e0rea de joc infantil i unes escultures<\/li>\n<\/ul>\n<p><span style=\"color: #99cc00;\">[Exposici\u00f3]<\/span> <a href=\"http:\/\/estranydelamota.com\/vvaa-throwback-70-80-90-00\/\" target=\"_blank\" rel=\"noopener noreferrer\"><span style=\"color: #ff0000;\">\u00abThrowback 70,80,90,00\u00bb<\/span><\/a><\/p>\n<ul style=\"list-style-type: square;\">\n<li>Fins al 28 de juny &#8211; de dimarts a divendres de 11.00 a 19.00 h<\/li>\n<li>Estrany de la mota (Eixample)<\/li>\n<li>Entrada gratu\u00efta<\/li>\n<li>Joves<\/li>\n<li><strong>Qu\u00e8 \u00e9s? <\/strong><span class=\"tlid-translation translation\" lang=\"ca\"><span title=\"\">&#8216;<\/span><span title=\"\">Throwback<\/span> <span class=\"\" title=\"\">70,80,90,00<\/span><span title=\"\">&#8216;<\/span> <span class=\"\" title=\"\">\u00e9s<\/span> <span class=\"\" title=\"\">l&#8217;extens<\/span> <span title=\"\">i<\/span> <span class=\"\" title=\"\">ambici\u00f3s<\/span> <span class=\"\" title=\"\">projecte<\/span> <span title=\"\">amb<\/span> <span class=\"\" title=\"\">el qual la<\/span> <span title=\"\">galeria Estrany<\/span><span title=\"\">&#8211;<\/span><span title=\"\">de la Mota<\/span> <span title=\"\">revisa<\/span> <span title=\"\">quatre d\u00e8cades<\/span> <span class=\"\" title=\"\">d&#8217;activitat<\/span> <span title=\"\">galer\u00edstica<\/span><span title=\"\">,<\/span> <span title=\"\">una mostra<\/span> <span title=\"\">en construcci\u00f3<\/span> <span title=\"\">que alhora<\/span> <span class=\"\" title=\"\">serveix<\/span> <span class=\"\" title=\"\">per posar<\/span> <span title=\"\">punt<\/span> <span title=\"\">i final<\/span> <span title=\"\">al projecte de<\/span> <span title=\"\">Toni<\/span> <span title=\"\">Estrany<\/span> <span title=\"\">i<\/span> <span title=\"\">\u00c0ngels de la<\/span> <span class=\"\" title=\"\">Mota.<\/span> <\/span><\/li>\n<\/ul>\n<p>&nbsp;<\/p>\n","protected":false},"excerpt":{"rendered":"<p>&nbsp; Com cada mes, Barcelona et reserva moltes propostes culturals al maig! Durant una nit&nbsp;podr\u00e0s visitar&nbsp;tots els museus de la ciutat&nbsp;entrant gratu\u00eftament! La ciutat continuar\u00e0 guanyant vida amb la Fira d&#8217;Abril, un cicle d&#8217;activitats per participar i comprometre per una primavera verda i moltes m\u00e9s activitats! Nom\u00e9s et falta apuntar-te amb el teu t\u00e0ndem a &hellip; <a href=\"https:\/\/entandem.cat\/es\/recursos-es\/agenda-cultural-maig-2019\/\">Continued<\/a><\/p>\n","protected":false},"author":1,"featured_media":5695,"comment_status":"closed","ping_status":"open","sticky":false,"template":"","format":"standard","meta":{"footnotes":""},"categories":[655,320],"tags":[598,510,678,675,663,499,512,679,664],"class_list":["post-6307","post","type-post","status-publish","format-standard","has-post-thumbnail","hentry","category-barcelona-es","category-recursos-es","tag-activitats-culturals-es","tag-agenda-cultural-es","tag-circ-es","tag-espectacle-es","tag-esport-es","tag-exposicio-es-2","tag-foto-es","tag-maig-es","tag-taller-es"],"yoast_head":"<!-- This site is optimized with the Yoast SEO plugin v27.0 - https:\/\/yoast.com\/product\/yoast-seo-wordpress\/ -->\n<title>Agenda Cultural - Maig 2019 (BCN) - enT\u00e0ndem<\/title>\n<meta name=\"robots\" content=\"index, follow, max-snippet:-1, max-image-preview:large, max-video-preview:-1\" \/>\n<link rel=\"canonical\" href=\"https:\/\/entandem.cat\/es\/recursos-es\/agenda-cultural-maig-2019\/\" \/>\n<meta property=\"og:locale\" content=\"es_ES\" \/>\n<meta property=\"og:type\" content=\"article\" \/>\n<meta property=\"og:title\" content=\"Agenda Cultural - Maig 2019 (BCN) - enT\u00e0ndem\" \/>\n<meta property=\"og:description\" content=\"&nbsp; Com cada mes, Barcelona et reserva moltes propostes culturals al maig! Durant una nit&nbsp;podr\u00e0s visitar&nbsp;tots els museus de la ciutat&nbsp;entrant gratu\u00eftament! La ciutat continuar\u00e0 guanyant vida amb la Fira d&#8217;Abril, un cicle d&#8217;activitats per participar i comprometre per una primavera verda i moltes m\u00e9s activitats! Nom\u00e9s et falta apuntar-te amb el teu t\u00e0ndem a &hellip; Continued\" \/>\n<meta property=\"og:url\" content=\"https:\/\/entandem.cat\/es\/recursos-es\/agenda-cultural-maig-2019\/\" \/>\n<meta property=\"og:site_name\" content=\"enT\u00e0ndem\" \/>\n<meta property=\"article:publisher\" content=\"https:\/\/www.facebook.com\/afevcat\" \/>\n<meta property=\"article:published_time\" content=\"2019-04-30T08:37:45+00:00\" \/>\n<meta property=\"article:modified_time\" content=\"2019-11-29T10:43:41+00:00\" \/>\n<meta property=\"og:image\" content=\"https:\/\/entandem.cat\/wp-content\/uploads\/2019\/04\/Agenda-Cultural-Maig-2019-1024x683.jpg\" \/>\n\t<meta property=\"og:image:width\" content=\"1024\" \/>\n\t<meta property=\"og:image:height\" content=\"683\" \/>\n\t<meta property=\"og:image:type\" content=\"image\/jpeg\" \/>\n<meta name=\"author\" content=\"adminTandem\" \/>\n<meta name=\"twitter:card\" content=\"summary_large_image\" \/>\n<meta name=\"twitter:creator\" content=\"@afevcat\" \/>\n<meta name=\"twitter:site\" content=\"@afevcat\" \/>\n<meta name=\"twitter:label1\" content=\"Escrito por\" \/>\n\t<meta name=\"twitter:data1\" content=\"adminTandem\" \/>\n\t<meta name=\"twitter:label2\" content=\"Tiempo de lectura\" \/>\n\t<meta name=\"twitter:data2\" content=\"5 minutos\" \/>\n<script type=\"application\/ld+json\" class=\"yoast-schema-graph\">{\"@context\":\"https:\/\/schema.org\",\"@graph\":[{\"@type\":\"Article\",\"@id\":\"https:\/\/entandem.cat\/es\/recursos-es\/agenda-cultural-maig-2019\/#article\",\"isPartOf\":{\"@id\":\"https:\/\/entandem.cat\/es\/recursos-es\/agenda-cultural-maig-2019\/\"},\"author\":{\"name\":\"adminTandem\",\"@id\":\"https:\/\/entandem.cat\/#\/schema\/person\/2111428ce1954193a11054a1e2b5b0da\"},\"headline\":\"Agenda Cultural &#8211; Maig 2019 (BCN)\",\"datePublished\":\"2019-04-30T08:37:45+00:00\",\"dateModified\":\"2019-11-29T10:43:41+00:00\",\"mainEntityOfPage\":{\"@id\":\"https:\/\/entandem.cat\/es\/recursos-es\/agenda-cultural-maig-2019\/\"},\"wordCount\":1072,\"publisher\":{\"@id\":\"https:\/\/entandem.cat\/#organization\"},\"image\":{\"@id\":\"https:\/\/entandem.cat\/es\/recursos-es\/agenda-cultural-maig-2019\/#primaryimage\"},\"thumbnailUrl\":\"https:\/\/entandem.cat\/wp-content\/uploads\/2019\/04\/Agenda-Cultural-Maig-2019.jpg\",\"keywords\":[\"activitats culturals\",\"agenda cultural\",\"circ\",\"espectacle\",\"esport\",\"exposici\u00f3\",\"foto\",\"maig\",\"taller\"],\"articleSection\":[\"Barcelona\",\"Recursos\"],\"inLanguage\":\"es\"},{\"@type\":\"WebPage\",\"@id\":\"https:\/\/entandem.cat\/es\/recursos-es\/agenda-cultural-maig-2019\/\",\"url\":\"https:\/\/entandem.cat\/es\/recursos-es\/agenda-cultural-maig-2019\/\",\"name\":\"Agenda Cultural - Maig 2019 (BCN) - enT\u00e0ndem\",\"isPartOf\":{\"@id\":\"https:\/\/entandem.cat\/#website\"},\"primaryImageOfPage\":{\"@id\":\"https:\/\/entandem.cat\/es\/recursos-es\/agenda-cultural-maig-2019\/#primaryimage\"},\"image\":{\"@id\":\"https:\/\/entandem.cat\/es\/recursos-es\/agenda-cultural-maig-2019\/#primaryimage\"},\"thumbnailUrl\":\"https:\/\/entandem.cat\/wp-content\/uploads\/2019\/04\/Agenda-Cultural-Maig-2019.jpg\",\"datePublished\":\"2019-04-30T08:37:45+00:00\",\"dateModified\":\"2019-11-29T10:43:41+00:00\",\"breadcrumb\":{\"@id\":\"https:\/\/entandem.cat\/es\/recursos-es\/agenda-cultural-maig-2019\/#breadcrumb\"},\"inLanguage\":\"es\",\"potentialAction\":[{\"@type\":\"ReadAction\",\"target\":[\"https:\/\/entandem.cat\/es\/recursos-es\/agenda-cultural-maig-2019\/\"]}]},{\"@type\":\"ImageObject\",\"inLanguage\":\"es\",\"@id\":\"https:\/\/entandem.cat\/es\/recursos-es\/agenda-cultural-maig-2019\/#primaryimage\",\"url\":\"https:\/\/entandem.cat\/wp-content\/uploads\/2019\/04\/Agenda-Cultural-Maig-2019.jpg\",\"contentUrl\":\"https:\/\/entandem.cat\/wp-content\/uploads\/2019\/04\/Agenda-Cultural-Maig-2019.jpg\",\"width\":2592,\"height\":1728},{\"@type\":\"BreadcrumbList\",\"@id\":\"https:\/\/entandem.cat\/es\/recursos-es\/agenda-cultural-maig-2019\/#breadcrumb\",\"itemListElement\":[{\"@type\":\"ListItem\",\"position\":1,\"name\":\"Inici\",\"item\":\"https:\/\/entandem.cat\/es\/\"},{\"@type\":\"ListItem\",\"position\":2,\"name\":\"Agenda Cultural &#8211; Maig 2019 (BCN)\"}]},{\"@type\":\"WebSite\",\"@id\":\"https:\/\/entandem.cat\/#website\",\"url\":\"https:\/\/entandem.cat\/\",\"name\":\"enT\u00e0ndem\",\"description\":\"Voluntariat Social Universitari\",\"publisher\":{\"@id\":\"https:\/\/entandem.cat\/#organization\"},\"potentialAction\":[{\"@type\":\"SearchAction\",\"target\":{\"@type\":\"EntryPoint\",\"urlTemplate\":\"https:\/\/entandem.cat\/?s={search_term_string}\"},\"query-input\":{\"@type\":\"PropertyValueSpecification\",\"valueRequired\":true,\"valueName\":\"search_term_string\"}}],\"inLanguage\":\"es\"},{\"@type\":\"Organization\",\"@id\":\"https:\/\/entandem.cat\/#organization\",\"name\":\"enT\u00e0ndem\",\"url\":\"https:\/\/entandem.cat\/\",\"logo\":{\"@type\":\"ImageObject\",\"inLanguage\":\"es\",\"@id\":\"https:\/\/entandem.cat\/#\/schema\/logo\/image\/\",\"url\":\"https:\/\/entandem.cat\/wp-content\/uploads\/2016\/12\/logo-entandem.png\",\"contentUrl\":\"https:\/\/entandem.cat\/wp-content\/uploads\/2016\/12\/logo-entandem.png\",\"width\":166,\"height\":44,\"caption\":\"enT\u00e0ndem\"},\"image\":{\"@id\":\"https:\/\/entandem.cat\/#\/schema\/logo\/image\/\"},\"sameAs\":[\"https:\/\/www.facebook.com\/afevcat\",\"https:\/\/x.com\/afevcat\",\"https:\/\/www.instagram.com\/afevcat\/\"]},{\"@type\":\"Person\",\"@id\":\"https:\/\/entandem.cat\/#\/schema\/person\/2111428ce1954193a11054a1e2b5b0da\",\"name\":\"adminTandem\"}]}<\/script>\n<!-- \/ Yoast SEO plugin. -->","yoast_head_json":{"title":"Agenda Cultural - Maig 2019 (BCN) - enT\u00e0ndem","robots":{"index":"index","follow":"follow","max-snippet":"max-snippet:-1","max-image-preview":"max-image-preview:large","max-video-preview":"max-video-preview:-1"},"canonical":"https:\/\/entandem.cat\/es\/recursos-es\/agenda-cultural-maig-2019\/","og_locale":"es_ES","og_type":"article","og_title":"Agenda Cultural - Maig 2019 (BCN) - enT\u00e0ndem","og_description":"&nbsp; Com cada mes, Barcelona et reserva moltes propostes culturals al maig! Durant una nit&nbsp;podr\u00e0s visitar&nbsp;tots els museus de la ciutat&nbsp;entrant gratu\u00eftament! La ciutat continuar\u00e0 guanyant vida amb la Fira d&#8217;Abril, un cicle d&#8217;activitats per participar i comprometre per una primavera verda i moltes m\u00e9s activitats! Nom\u00e9s et falta apuntar-te amb el teu t\u00e0ndem a &hellip; Continued","og_url":"https:\/\/entandem.cat\/es\/recursos-es\/agenda-cultural-maig-2019\/","og_site_name":"enT\u00e0ndem","article_publisher":"https:\/\/www.facebook.com\/afevcat","article_published_time":"2019-04-30T08:37:45+00:00","article_modified_time":"2019-11-29T10:43:41+00:00","og_image":[{"width":1024,"height":683,"url":"https:\/\/entandem.cat\/wp-content\/uploads\/2019\/04\/Agenda-Cultural-Maig-2019-1024x683.jpg","type":"image\/jpeg"}],"author":"adminTandem","twitter_card":"summary_large_image","twitter_creator":"@afevcat","twitter_site":"@afevcat","twitter_misc":{"Escrito por":"adminTandem","Tiempo de lectura":"5 minutos"},"schema":{"@context":"https:\/\/schema.org","@graph":[{"@type":"Article","@id":"https:\/\/entandem.cat\/es\/recursos-es\/agenda-cultural-maig-2019\/#article","isPartOf":{"@id":"https:\/\/entandem.cat\/es\/recursos-es\/agenda-cultural-maig-2019\/"},"author":{"name":"adminTandem","@id":"https:\/\/entandem.cat\/#\/schema\/person\/2111428ce1954193a11054a1e2b5b0da"},"headline":"Agenda Cultural &#8211; Maig 2019 (BCN)","datePublished":"2019-04-30T08:37:45+00:00","dateModified":"2019-11-29T10:43:41+00:00","mainEntityOfPage":{"@id":"https:\/\/entandem.cat\/es\/recursos-es\/agenda-cultural-maig-2019\/"},"wordCount":1072,"publisher":{"@id":"https:\/\/entandem.cat\/#organization"},"image":{"@id":"https:\/\/entandem.cat\/es\/recursos-es\/agenda-cultural-maig-2019\/#primaryimage"},"thumbnailUrl":"https:\/\/entandem.cat\/wp-content\/uploads\/2019\/04\/Agenda-Cultural-Maig-2019.jpg","keywords":["activitats culturals","agenda cultural","circ","espectacle","esport","exposici\u00f3","foto","maig","taller"],"articleSection":["Barcelona","Recursos"],"inLanguage":"es"},{"@type":"WebPage","@id":"https:\/\/entandem.cat\/es\/recursos-es\/agenda-cultural-maig-2019\/","url":"https:\/\/entandem.cat\/es\/recursos-es\/agenda-cultural-maig-2019\/","name":"Agenda Cultural - Maig 2019 (BCN) - enT\u00e0ndem","isPartOf":{"@id":"https:\/\/entandem.cat\/#website"},"primaryImageOfPage":{"@id":"https:\/\/entandem.cat\/es\/recursos-es\/agenda-cultural-maig-2019\/#primaryimage"},"image":{"@id":"https:\/\/entandem.cat\/es\/recursos-es\/agenda-cultural-maig-2019\/#primaryimage"},"thumbnailUrl":"https:\/\/entandem.cat\/wp-content\/uploads\/2019\/04\/Agenda-Cultural-Maig-2019.jpg","datePublished":"2019-04-30T08:37:45+00:00","dateModified":"2019-11-29T10:43:41+00:00","breadcrumb":{"@id":"https:\/\/entandem.cat\/es\/recursos-es\/agenda-cultural-maig-2019\/#breadcrumb"},"inLanguage":"es","potentialAction":[{"@type":"ReadAction","target":["https:\/\/entandem.cat\/es\/recursos-es\/agenda-cultural-maig-2019\/"]}]},{"@type":"ImageObject","inLanguage":"es","@id":"https:\/\/entandem.cat\/es\/recursos-es\/agenda-cultural-maig-2019\/#primaryimage","url":"https:\/\/entandem.cat\/wp-content\/uploads\/2019\/04\/Agenda-Cultural-Maig-2019.jpg","contentUrl":"https:\/\/entandem.cat\/wp-content\/uploads\/2019\/04\/Agenda-Cultural-Maig-2019.jpg","width":2592,"height":1728},{"@type":"BreadcrumbList","@id":"https:\/\/entandem.cat\/es\/recursos-es\/agenda-cultural-maig-2019\/#breadcrumb","itemListElement":[{"@type":"ListItem","position":1,"name":"Inici","item":"https:\/\/entandem.cat\/es\/"},{"@type":"ListItem","position":2,"name":"Agenda Cultural &#8211; Maig 2019 (BCN)"}]},{"@type":"WebSite","@id":"https:\/\/entandem.cat\/#website","url":"https:\/\/entandem.cat\/","name":"enT\u00e0ndem","description":"Voluntariat Social Universitari","publisher":{"@id":"https:\/\/entandem.cat\/#organization"},"potentialAction":[{"@type":"SearchAction","target":{"@type":"EntryPoint","urlTemplate":"https:\/\/entandem.cat\/?s={search_term_string}"},"query-input":{"@type":"PropertyValueSpecification","valueRequired":true,"valueName":"search_term_string"}}],"inLanguage":"es"},{"@type":"Organization","@id":"https:\/\/entandem.cat\/#organization","name":"enT\u00e0ndem","url":"https:\/\/entandem.cat\/","logo":{"@type":"ImageObject","inLanguage":"es","@id":"https:\/\/entandem.cat\/#\/schema\/logo\/image\/","url":"https:\/\/entandem.cat\/wp-content\/uploads\/2016\/12\/logo-entandem.png","contentUrl":"https:\/\/entandem.cat\/wp-content\/uploads\/2016\/12\/logo-entandem.png","width":166,"height":44,"caption":"enT\u00e0ndem"},"image":{"@id":"https:\/\/entandem.cat\/#\/schema\/logo\/image\/"},"sameAs":["https:\/\/www.facebook.com\/afevcat","https:\/\/x.com\/afevcat","https:\/\/www.instagram.com\/afevcat\/"]},{"@type":"Person","@id":"https:\/\/entandem.cat\/#\/schema\/person\/2111428ce1954193a11054a1e2b5b0da","name":"adminTandem"}]}},"_links":{"self":[{"href":"https:\/\/entandem.cat\/es\/wp-json\/wp\/v2\/posts\/6307","targetHints":{"allow":["GET"]}}],"collection":[{"href":"https:\/\/entandem.cat\/es\/wp-json\/wp\/v2\/posts"}],"about":[{"href":"https:\/\/entandem.cat\/es\/wp-json\/wp\/v2\/types\/post"}],"author":[{"embeddable":true,"href":"https:\/\/entandem.cat\/es\/wp-json\/wp\/v2\/users\/1"}],"replies":[{"embeddable":true,"href":"https:\/\/entandem.cat\/es\/wp-json\/wp\/v2\/comments?post=6307"}],"version-history":[{"count":0,"href":"https:\/\/entandem.cat\/es\/wp-json\/wp\/v2\/posts\/6307\/revisions"}],"wp:featuredmedia":[{"embeddable":true,"href":"https:\/\/entandem.cat\/es\/wp-json\/wp\/v2\/media\/5695"}],"wp:attachment":[{"href":"https:\/\/entandem.cat\/es\/wp-json\/wp\/v2\/media?parent=6307"}],"wp:term":[{"taxonomy":"category","embeddable":true,"href":"https:\/\/entandem.cat\/es\/wp-json\/wp\/v2\/categories?post=6307"},{"taxonomy":"post_tag","embeddable":true,"href":"https:\/\/entandem.cat\/es\/wp-json\/wp\/v2\/tags?post=6307"}],"curies":[{"name":"wp","href":"https:\/\/api.w.org\/{rel}","templated":true}]}}