{"id":6296,"date":"2019-11-26T11:09:09","date_gmt":"2019-11-26T11:09:09","guid":{"rendered":"https:\/\/entandem.cat\/agenda-cultural-desembre-2019-vlc\/"},"modified":"2020-03-24T12:27:38","modified_gmt":"2020-03-24T12:27:38","slug":"agenda-cultural-desembre-2019-vlc","status":"publish","type":"post","link":"https:\/\/entandem.cat\/es\/recursos-es\/agenda-cultural-desembre-2019-vlc\/","title":{"rendered":"Agenda cultural \u2013 Desembre 2019 (VLC)"},"content":{"rendered":"\n<p>&nbsp;<\/p>\n<p><span style=\"color: #000000;\"><span style=\"color: #000000;\"><span lang=\"es-ES\">Aquest mes de desembre, et donem algunes idees per a entretindre&#8217;t i cultivar-te fins a les vacances de nadal. Al programa trobareu: espectacles, exposicions o tallers.<\/span><\/span><\/span><\/p>\n<p class=\"western\" align=\"justify\"><span style=\"color: #99cc00;\"><span lang=\"es-ES\">[<\/span><\/span><span style=\"color: #81d41a;\"><span lang=\"es-ES\">M\u00fasica<\/span><\/span><span style=\"color: #99cc00;\"><span lang=\"es-ES\">]<\/span><\/span> <span style=\"color: #ff0000;\"><span lang=\"es-ES\"><a style=\"color: #ff0000;\" href=\"https:\/\/www.uv.es\/uvweb\/cultura\/es\/lista-actividad\/grup-percussio-orquestra-filharmonica-uv-1285871673078\/Activitat.html?id=1286095835320\" target=\"_blank\" rel=\"noopener noreferrer\">\u00abConciertos de Oto\u00f1o del grup de percusi\u00f3 de l\u00b4Orquestra Filharm\u00f2nica de la Universitat de Val\u00e8ncia\u00bb<\/a><\/span><\/span><\/p>\n<ul style=\"list-style-type: square;\">\n<li class=\"western\"><span style=\"font-size: medium;\"><span lang=\"es-ES\">Dimarts 3 de desembre a les 19h<\/span><\/span><\/li>\n<li class=\"western\"><span style=\"font-size: medium;\"><span lang=\"es-ES\">Auditori Joan Pla\u00e7a del Jard\u00ed Bot\u00e0nic<\/span><\/span><\/li>\n<li><span style=\"font-size: small;\"><span style=\"font-size: medium;\"><span lang=\"pt-PT\">Per a tots els p\u00fablics<\/span><\/span><\/span><\/li>\n<li><span style=\"font-size: small;\"><span style=\"font-size: medium;\"><span lang=\"pt-PT\">Entrada gratu\u00efta<\/span><\/span><\/span><\/li>\n<li><span style=\"font-size: small;\"><span style=\"font-size: medium;\"><span lang=\"pt-PT\"><strong>Qu\u00e8 \u00e9s?<\/strong> Concert <\/span><\/span><span style=\"font-size: medium;\"><span lang=\"es-ES\">del grup de percusi\u00f3 de l\u00b4Orquestra Filharm\u00f2nica de la Universitat de Val\u00e8ncia.<\/span><\/span><\/span><\/li>\n<\/ul>\n<p class=\"western\" align=\"justify\"><span style=\"color: #99cc00;\"><span style=\"font-size: medium;\"><span lang=\"es-ES\">[<\/span><\/span><\/span><span style=\"color: #81d41a;\"><span style=\"font-size: medium;\"><span lang=\"es-ES\">Balls<\/span><\/span><\/span><span style=\"color: #99cc00;\"><span style=\"font-size: medium;\"><span lang=\"es-ES\">]<\/span><\/span><\/span> <span style=\"color: #ff0000;\"><span style=\"font-size: medium;\"><span lang=\"es-ES\">\u201c<\/span><\/span><a style=\"color: #ff0000;\" href=\"https:\/\/www.valenciabonita.es\/2019\/10\/15\/balls-al-carrer-2019-2020\/\" target=\"_blank\" rel=\"noopener noreferrer\"><span style=\"font-size: medium;\"><span lang=\"es-ES\">Festival de Balls al Carrer<\/span><\/span><\/a><span style=\"font-size: medium;\"><span lang=\"es-ES\">\u201d<\/span><\/span><\/span><\/p>\n<ul style=\"list-style-type: square;\">\n<li class=\"western\"><span style=\"font-size: medium;\"><span lang=\"es-ES\">6, 7 i 8 de desembre a les 10h30<\/span><\/span><\/li>\n<li class=\"western\"><span style=\"font-size: medium;\"><span lang=\"es-ES\">P<\/span><\/span><span style=\"font-size: medium;\"><span lang=\"es-ES\">laza de la Virgen<\/span><\/span><\/li>\n<li><span style=\"font-size: small;\"><span style=\"font-size: medium;\"><span lang=\"pt-PT\">Per a tots els p\u00fablics<\/span><\/span><\/span><\/li>\n<li><span style=\"font-size: small;\"><span style=\"font-size: medium;\"><span lang=\"pt-PT\">Entrada gratu\u00efta<\/span><\/span><\/span><\/li>\n<li class=\"western\"><span style=\"font-size: medium;\"><span lang=\"pt-PT\"><strong>Qu\u00e8 \u00e9s?<\/strong> un festival de balls regionals valencians que organitza la Junta Central Fallera, torna per a oferir als asistentes folclore i tradici\u00f3 en espais p\u00fablics<\/span><\/span><span style=\"font-size: medium;\"><span lang=\"es-ES\">.<\/span><\/span><\/li>\n<\/ul>\n<p class=\"western\" align=\"justify\"><span style=\"color: #99cc00;\"><span style=\"font-size: medium;\"><span lang=\"es-ES\">[Exposici\u00f3 exterior<span style=\"color: #99cc00;\">]<\/span><\/span><\/span><\/span><span style=\"color: #ff0000;\"> <span style=\"font-size: medium;\"><span lang=\"es-ES\">\u201c<a style=\"color: #ff0000;\" href=\"https:\/\/www.cac.es\/es\/umbracle\/Exposiciones-del-Umbracle\/paseo-del-arte\/arne-quinze-umbracle-paseo-arte.html\" target=\"_blank\" rel=\"noopener noreferrer\">My Secret Garden Valencia de Arne Quinze<\/a>\u201d<\/span><\/span><\/span><\/p>\n<ul style=\"list-style-type: square;\">\n<li class=\"western\"><span style=\"font-size: medium;\"><span lang=\"es-ES\">Tots els dies <\/span><\/span><\/li>\n<li><span style=\"font-size: medium;\"><span lang=\"es-ES\">Umbracle de la Ciutat de les Arts i les Ci\u00e8ncies <\/span><\/span><\/li>\n<li><span style=\"font-size: medium;\"><span lang=\"pt-PT\">Per a tots els p\u00fablics<\/span><\/span><\/li>\n<li><span style=\"font-size: medium;\"><span lang=\"pt-PT\">Entrada gratu\u00efta<\/span><\/span><\/li>\n<li><span style=\"font-size: medium;\"><span lang=\"pt-PT\"><strong>Qu\u00e8 \u00e9s?<\/strong> s\u00e8rie de sis escultures p\u00fabliques de Arne Quinze, un di\u00e0leg m\u00e9s profund entre la naturalesa i la cultura en el desenvolupament de la nostra societat moderna. <\/span><\/span><\/li>\n<\/ul>\n<p><span style=\"color: #81d41a;\"><span style=\"font-size: medium;\"><span lang=\"es-ES\">[Confer\u00e8ncia] <\/span><\/span><\/span><span style=\"color: #ff0000;\"><span style=\"font-size: medium;\"><span lang=\"es-ES\">\u201c<a style=\"color: #ff0000;\" href=\"https:\/\/www.cac.es\/es\/museu-de-les-ciencies\/Ciclos-y-conferencias\/Actualidad\/conferencia-elementos-quimicos-.html\" target=\"_blank\" rel=\"noopener noreferrer\">Els elements qu\u00edmics en el cine, en la literatura i en l&#8217;art<\/a>\u201d<\/span><\/span><\/span><\/p>\n<ul style=\"list-style-type: square;\">\n<li><span style=\"font-size: medium;\"><span lang=\"es-ES\">12 de desembre a les 19:30 h<\/span><\/span><\/li>\n<li><span style=\"font-size: medium;\"><span lang=\"es-ES\">Auditorio Santiago Grisol\u00eda del Museu de les Ci\u00e8ncies<\/span><\/span><\/li>\n<li><span style=\"font-size: medium;\"><span lang=\"pt-PT\">Joves i adults <\/span><\/span><\/li>\n<li><span style=\"font-size: medium;\"><span lang=\"pt-PT\">Entrada gratu\u00efta amb inscripci\u00f3 pr\u00e8via<\/span><\/span><\/li>\n<li><span style=\"font-size: medium;\"><span lang=\"pt-PT\"><strong>Qu\u00e8 \u00e9s?<\/strong> <\/span><\/span><span style=\"font-size: medium;\"><span lang=\"es-ES\">Conferencia de Bernando Herrad\u00f3n, doctor en Ciencias Qu\u00edmicas, Universidad Complutense de Madrid (UCM) e investigador del Instituto de Qu\u00edmica Org\u00e1nica General del CSIC. <\/span><\/span><\/li>\n<\/ul>\n<p><span style=\"color: #99cc00;\"><span style=\"font-size: medium;\"><span lang=\"es-ES\">[<\/span><\/span><\/span><span style=\"color: #81d41a;\"><span style=\"font-size: medium;\"><span lang=\"es-ES\">Taller<\/span><\/span><\/span><span style=\"color: #99cc00;\"><span style=\"font-size: medium;\"><span lang=\"es-ES\">]<\/span><\/span><\/span> <a style=\"color: #ff0000;\" href=\"http:\/\/www.museuprehistoriavalencia.es\/web_mupreva\/actividades\/810\/va?q=es&amp;id=813\" target=\"_blank\" rel=\"noopener noreferrer\"><span style=\"font-size: medium;\"><span lang=\"es-ES\">\u00abNumism\u00e0tica visigoda\u00bb<\/span><\/span><\/a><span style=\"font-size: medium;\"><span lang=\"es-ES\"><br><\/span><\/span><\/p>\n<ul style=\"list-style-type: square;\">\n<li><span style=\"font-size: medium;\"><span lang=\"es-ES\">14 de desembre a les 12:00h i 15 de desembre a las 11 h.<\/span><\/span><\/li>\n<li><span style=\"font-size: medium;\"><span lang=\"es-ES\">Aula de talleres &#8211; Museu de Prehist\u00f2ria<\/span><\/span><\/li>\n<li><span style=\"font-size: small;\"><span style=\"font-size: medium;\"><span lang=\"pt-PT\">Per a tots els p\u00fablics<\/span><\/span><\/span><\/li>\n<li><span style=\"font-size: medium;\"><span lang=\"pt-PT\">Entrada gratu\u00efta<\/span><\/span><\/li>\n<li><strong><span style=\"font-size: medium;\"><span lang=\"pt-PT\">Qu\u00e8 \u00e9s? <\/span><\/span><\/strong><span style=\"font-size: medium;\"><span lang=\"es-ES\">Sabem que des del segle V existeix una ampla producci\u00f3 de monedes en el territori peninsular, en les quals els visigots representaven els seus s\u00edmbols, figures i ef\u00edgies de la seua cultura. Vols descobrir com eren aquestes monedes i realitzar una tu mateix? En este taller aprendrem a omplir una fitxa numism\u00e0tica i et fabricar\u00e0s la teua pr\u00f2pia moneda. <\/span><\/span><\/li>\n<\/ul>\n<p><span style=\"color: #99cc00;\"><span style=\"font-size: medium;\"><span lang=\"es-ES\">[Arts Esc\u00e8niques]<\/span><\/span><\/span><span style=\"color: #ff0000;\">&nbsp;<\/span><span style=\"color: #ff0000;\"><span style=\"font-size: medium;\"><span lang=\"es-ES\"><a style=\"color: #ff0000;\" href=\"https:\/\/www.uv.es\/uvweb\/cultura\/es\/lista-actividad\/benvinguts-benvingudes-1285871673078\/Activitat.html?id=1286096084825\">\u00abBenvinguts i benvingudes de Edward Quintana. Por MigroDanza\u00bb<\/a><\/span><\/span><\/span><\/p>\n<ul style=\"list-style-type: square;\">\n<li>18 i 19 desembre de 2019 a les 19h<\/li>\n<li>Centre Cultural La Nau, Sala Matilde Salvador, Valencia (Ciutat Vella)<\/li>\n<li><span style=\"font-size: medium;\"><span lang=\"pt-PT\">Per a tots els p\u00fablics<\/span><\/span><\/li>\n<li>2\u20ac<\/li>\n<li><span style=\"font-size: medium;\"><span lang=\"pt-PT\"><strong>Qu\u00e8 \u00e9s?<\/strong> S\u00e0tira sobre els viatges de milers de persones que es veuen obligades a eixir dels seus pa\u00efsos i s\u00f3n acollides en un altre. <\/span><\/span><\/li>\n<\/ul>\n<p><span style=\"color: #99cc00;\"><span style=\"font-size: medium;\"><span lang=\"es-ES\">[Cine]<\/span><\/span><\/span><span style=\"color: #ff0000;\"> <span style=\"font-size: medium;\"><span lang=\"es-ES\">\u201c<a style=\"color: #ff0000;\" href=\"http:\/\/ivac.gva.es\/la-filmoteca\/programacion\/ciclos\/ciclo_1581\/el-dia-mas-corto-2019\" target=\"_blank\" rel=\"noopener noreferrer\">El d\u00eda m\u00e1s corto<\/a>\u201d<\/span><\/span><\/span><\/p>\n<ul style=\"list-style-type: square;\">\n<li><span style=\"font-size: medium;\"><span lang=\"es-ES\">21 de desembre de 2019<\/span><\/span><\/li>\n<li><span style=\"font-size: medium;\"><span lang=\"fr-FR\">Edificio Rialto \u2013 Filmoteca, <\/span><\/span><span style=\"font-size: medium;\"><span lang=\"fr-FR\">Pla\u00e7a de l&#8217;Ajuntament, 17<br>46002 Val\u00e8ncia <\/span><\/span><\/li>\n<li><span style=\"font-size: medium;\"><span lang=\"pt-PT\">Per a tots els p\u00fablics<\/span><\/span><\/li>\n<li><span style=\"font-size: medium;\"><span lang=\"pt-PT\">1,5\u20ac \/ 2,5\u20ac<\/span><\/span><\/li>\n<li><strong><span style=\"font-size: medium;\"><span lang=\"pt-PT\">Qu\u00e8 \u00e9s? <\/span><\/span><\/strong><span style=\"font-size: medium;\"><span lang=\"es-ES\">[ED+C] \u00e9s un esdeveniment anual que ja se celebra amb \u00e8xit en altres pa\u00efsos europeus el 21 de desembre, dia del solstici d&#8217;hivern. L&#8217;objectiu principal \u00e9s donar a con\u00e9ixer el curtmetratge al p\u00fablic majoritari a trav\u00e9s de projeccions de cine.<\/span><\/span><\/li>\n<\/ul>\n<p><span style=\"color: #99cc00;\"><span style=\"font-size: medium;\"><span lang=\"es-ES\">[<\/span><\/span><\/span><span style=\"color: #81d41a;\"><span style=\"font-size: medium;\"><span lang=\"es-ES\">Activitat<\/span><\/span><\/span><span style=\"color: #99cc00;\"><span style=\"font-size: medium;\"><span lang=\"es-ES\">]<\/span><\/span><\/span> <span style=\"color: #ff0000;\"><span style=\"font-size: medium;\"><span lang=\"es-ES\">\u201c<span style=\"color: #ff0000;\"><a style=\"color: #ff0000;\" href=\"https:\/\/www.lovevalencia.com\/evento\/intercambio-lengua-de-signos-en-valencia\" target=\"_blank\" rel=\"noopener noreferrer\">Intercanvi llengua de signes<\/a>\u201d<\/span><\/span><\/span><\/span><\/p>\n<ul style=\"list-style-type: square;\">\n<li><span style=\"font-size: medium;\"><span lang=\"es-ES\">29 de desembre<\/span><\/span><span style=\"font-size: medium;\"><span lang=\"es-ES\"> a les 18h<\/span><\/span><\/li>\n<li><span style=\"font-size: medium;\"><span lang=\"es-ES\">Radio City Valencia, <\/span><\/span><span style=\"font-size: medium;\"><span lang=\"es-ES\">Carrer Santa Teresa 19 <\/span><\/span><\/li>\n<li><span style=\"font-size: small;\"><span style=\"font-size: medium;\"><span lang=\"pt-PT\">Joves i adults<\/span><\/span><\/span><\/li>\n<li><span style=\"font-size: medium;\"><span lang=\"pt-PT\">Entrada gratu\u00efta<\/span><\/span><\/li>\n<li><strong><span style=\"font-size: medium;\"><span lang=\"pt-PT\">Qu\u00e8 \u00e9s? <\/span><\/span><\/strong><span style=\"font-size: medium;\"><span lang=\"es-ES\">activitat dirigida a persones sordes i persones oients amb ganes de compartir diferents realitats, les seues viv\u00e8ncies i la seua llengua. <\/span><\/span><\/li>\n<\/ul>\n<p>&nbsp;<\/p>\n","protected":false},"excerpt":{"rendered":"<p>&nbsp; Aquest mes de desembre, et donem algunes idees per a entretindre&#8217;t i cultivar-te fins a les vacances de nadal. Al programa trobareu: espectacles, exposicions o tallers. [M\u00fasica] \u00abConciertos de Oto\u00f1o del grup de percusi\u00f3 de l\u00b4Orquestra Filharm\u00f2nica de la Universitat de Val\u00e8ncia\u00bb Dimarts 3 de desembre a les 19h Auditori Joan Pla\u00e7a del Jard\u00ed &hellip; <a href=\"https:\/\/entandem.cat\/es\/recursos-es\/agenda-cultural-desembre-2019-vlc\/\">Continued<\/a><\/p>\n","protected":false},"author":1,"featured_media":6277,"comment_status":"closed","ping_status":"open","sticky":false,"template":"","format":"standard","meta":{"footnotes":""},"categories":[320,657],"tags":[510,672,673,499,568,514,578],"class_list":["post-6296","post","type-post","status-publish","format-standard","has-post-thumbnail","hentry","category-recursos-es","category-valencia-es","tag-agenda-cultural-es","tag-ball-es","tag-cinema-es","tag-exposicio-es-2","tag-musica-es","tag-tallers-es","tag-teatre-es"],"yoast_head":"<!-- This site is optimized with the Yoast SEO plugin v27.0 - https:\/\/yoast.com\/product\/yoast-seo-wordpress\/ -->\n<title>Agenda cultural \u2013 Desembre 2019 (VLC) - enT\u00e0ndem<\/title>\n<meta name=\"robots\" content=\"index, follow, max-snippet:-1, max-image-preview:large, max-video-preview:-1\" \/>\n<link rel=\"canonical\" href=\"https:\/\/entandem.cat\/es\/recursos-es\/agenda-cultural-desembre-2019-vlc\/\" \/>\n<meta property=\"og:locale\" content=\"es_ES\" \/>\n<meta property=\"og:type\" content=\"article\" \/>\n<meta property=\"og:title\" content=\"Agenda cultural \u2013 Desembre 2019 (VLC) - enT\u00e0ndem\" \/>\n<meta property=\"og:description\" content=\"&nbsp; Aquest mes de desembre, et donem algunes idees per a entretindre&#8217;t i cultivar-te fins a les vacances de nadal. Al programa trobareu: espectacles, exposicions o tallers. [M\u00fasica] \u00abConciertos de Oto\u00f1o del grup de percusi\u00f3 de l\u00b4Orquestra Filharm\u00f2nica de la Universitat de Val\u00e8ncia\u00bb Dimarts 3 de desembre a les 19h Auditori Joan Pla\u00e7a del Jard\u00ed &hellip; Continued\" \/>\n<meta property=\"og:url\" content=\"https:\/\/entandem.cat\/es\/recursos-es\/agenda-cultural-desembre-2019-vlc\/\" \/>\n<meta property=\"og:site_name\" content=\"enT\u00e0ndem\" \/>\n<meta property=\"article:publisher\" content=\"https:\/\/www.facebook.com\/afevcat\" \/>\n<meta property=\"article:published_time\" content=\"2019-11-26T11:09:09+00:00\" \/>\n<meta property=\"article:modified_time\" content=\"2020-03-24T12:27:38+00:00\" \/>\n<meta property=\"og:image\" content=\"https:\/\/entandem.cat\/wp-content\/uploads\/2019\/11\/Afegeix-una-cap\u00e7alera-1-1.jpg\" \/>\n\t<meta property=\"og:image:width\" content=\"1920\" \/>\n\t<meta property=\"og:image:height\" content=\"1080\" \/>\n\t<meta property=\"og:image:type\" content=\"image\/jpeg\" \/>\n<meta name=\"author\" content=\"adminTandem\" \/>\n<meta name=\"twitter:card\" content=\"summary_large_image\" \/>\n<meta name=\"twitter:creator\" content=\"@afevcat\" \/>\n<meta name=\"twitter:site\" content=\"@afevcat\" \/>\n<meta name=\"twitter:label1\" content=\"Escrito por\" \/>\n\t<meta name=\"twitter:data1\" content=\"adminTandem\" \/>\n\t<meta name=\"twitter:label2\" content=\"Tiempo de lectura\" \/>\n\t<meta name=\"twitter:data2\" content=\"3 minutos\" \/>\n<script type=\"application\/ld+json\" class=\"yoast-schema-graph\">{\"@context\":\"https:\/\/schema.org\",\"@graph\":[{\"@type\":\"Article\",\"@id\":\"https:\/\/entandem.cat\/es\/recursos-es\/agenda-cultural-desembre-2019-vlc\/#article\",\"isPartOf\":{\"@id\":\"https:\/\/entandem.cat\/es\/recursos-es\/agenda-cultural-desembre-2019-vlc\/\"},\"author\":{\"name\":\"adminTandem\",\"@id\":\"https:\/\/entandem.cat\/#\/schema\/person\/2111428ce1954193a11054a1e2b5b0da\"},\"headline\":\"Agenda cultural \u2013 Desembre 2019 (VLC)\",\"datePublished\":\"2019-11-26T11:09:09+00:00\",\"dateModified\":\"2020-03-24T12:27:38+00:00\",\"mainEntityOfPage\":{\"@id\":\"https:\/\/entandem.cat\/es\/recursos-es\/agenda-cultural-desembre-2019-vlc\/\"},\"wordCount\":562,\"publisher\":{\"@id\":\"https:\/\/entandem.cat\/#organization\"},\"image\":{\"@id\":\"https:\/\/entandem.cat\/es\/recursos-es\/agenda-cultural-desembre-2019-vlc\/#primaryimage\"},\"thumbnailUrl\":\"https:\/\/entandem.cat\/wp-content\/uploads\/2019\/11\/Afegeix-una-cap\u00e7alera-1-1.jpg\",\"keywords\":[\"agenda cultural\",\"ball\",\"cinema\",\"exposici\u00f3\",\"musica\",\"tallers\",\"teatre\"],\"articleSection\":[\"Recursos\",\"Valencia\"],\"inLanguage\":\"es\"},{\"@type\":\"WebPage\",\"@id\":\"https:\/\/entandem.cat\/es\/recursos-es\/agenda-cultural-desembre-2019-vlc\/\",\"url\":\"https:\/\/entandem.cat\/es\/recursos-es\/agenda-cultural-desembre-2019-vlc\/\",\"name\":\"Agenda cultural \u2013 Desembre 2019 (VLC) - enT\u00e0ndem\",\"isPartOf\":{\"@id\":\"https:\/\/entandem.cat\/#website\"},\"primaryImageOfPage\":{\"@id\":\"https:\/\/entandem.cat\/es\/recursos-es\/agenda-cultural-desembre-2019-vlc\/#primaryimage\"},\"image\":{\"@id\":\"https:\/\/entandem.cat\/es\/recursos-es\/agenda-cultural-desembre-2019-vlc\/#primaryimage\"},\"thumbnailUrl\":\"https:\/\/entandem.cat\/wp-content\/uploads\/2019\/11\/Afegeix-una-cap\u00e7alera-1-1.jpg\",\"datePublished\":\"2019-11-26T11:09:09+00:00\",\"dateModified\":\"2020-03-24T12:27:38+00:00\",\"breadcrumb\":{\"@id\":\"https:\/\/entandem.cat\/es\/recursos-es\/agenda-cultural-desembre-2019-vlc\/#breadcrumb\"},\"inLanguage\":\"es\",\"potentialAction\":[{\"@type\":\"ReadAction\",\"target\":[\"https:\/\/entandem.cat\/es\/recursos-es\/agenda-cultural-desembre-2019-vlc\/\"]}]},{\"@type\":\"ImageObject\",\"inLanguage\":\"es\",\"@id\":\"https:\/\/entandem.cat\/es\/recursos-es\/agenda-cultural-desembre-2019-vlc\/#primaryimage\",\"url\":\"https:\/\/entandem.cat\/wp-content\/uploads\/2019\/11\/Afegeix-una-cap\u00e7alera-1-1.jpg\",\"contentUrl\":\"https:\/\/entandem.cat\/wp-content\/uploads\/2019\/11\/Afegeix-una-cap\u00e7alera-1-1.jpg\",\"width\":1920,\"height\":1080},{\"@type\":\"BreadcrumbList\",\"@id\":\"https:\/\/entandem.cat\/es\/recursos-es\/agenda-cultural-desembre-2019-vlc\/#breadcrumb\",\"itemListElement\":[{\"@type\":\"ListItem\",\"position\":1,\"name\":\"Inici\",\"item\":\"https:\/\/entandem.cat\/es\/\"},{\"@type\":\"ListItem\",\"position\":2,\"name\":\"Agenda cultural \u2013 Desembre 2019 (VLC)\"}]},{\"@type\":\"WebSite\",\"@id\":\"https:\/\/entandem.cat\/#website\",\"url\":\"https:\/\/entandem.cat\/\",\"name\":\"enT\u00e0ndem\",\"description\":\"Voluntariat Social Universitari\",\"publisher\":{\"@id\":\"https:\/\/entandem.cat\/#organization\"},\"potentialAction\":[{\"@type\":\"SearchAction\",\"target\":{\"@type\":\"EntryPoint\",\"urlTemplate\":\"https:\/\/entandem.cat\/?s={search_term_string}\"},\"query-input\":{\"@type\":\"PropertyValueSpecification\",\"valueRequired\":true,\"valueName\":\"search_term_string\"}}],\"inLanguage\":\"es\"},{\"@type\":\"Organization\",\"@id\":\"https:\/\/entandem.cat\/#organization\",\"name\":\"enT\u00e0ndem\",\"url\":\"https:\/\/entandem.cat\/\",\"logo\":{\"@type\":\"ImageObject\",\"inLanguage\":\"es\",\"@id\":\"https:\/\/entandem.cat\/#\/schema\/logo\/image\/\",\"url\":\"https:\/\/entandem.cat\/wp-content\/uploads\/2016\/12\/logo-entandem.png\",\"contentUrl\":\"https:\/\/entandem.cat\/wp-content\/uploads\/2016\/12\/logo-entandem.png\",\"width\":166,\"height\":44,\"caption\":\"enT\u00e0ndem\"},\"image\":{\"@id\":\"https:\/\/entandem.cat\/#\/schema\/logo\/image\/\"},\"sameAs\":[\"https:\/\/www.facebook.com\/afevcat\",\"https:\/\/x.com\/afevcat\",\"https:\/\/www.instagram.com\/afevcat\/\"]},{\"@type\":\"Person\",\"@id\":\"https:\/\/entandem.cat\/#\/schema\/person\/2111428ce1954193a11054a1e2b5b0da\",\"name\":\"adminTandem\"}]}<\/script>\n<!-- \/ Yoast SEO plugin. -->","yoast_head_json":{"title":"Agenda cultural \u2013 Desembre 2019 (VLC) - enT\u00e0ndem","robots":{"index":"index","follow":"follow","max-snippet":"max-snippet:-1","max-image-preview":"max-image-preview:large","max-video-preview":"max-video-preview:-1"},"canonical":"https:\/\/entandem.cat\/es\/recursos-es\/agenda-cultural-desembre-2019-vlc\/","og_locale":"es_ES","og_type":"article","og_title":"Agenda cultural \u2013 Desembre 2019 (VLC) - enT\u00e0ndem","og_description":"&nbsp; Aquest mes de desembre, et donem algunes idees per a entretindre&#8217;t i cultivar-te fins a les vacances de nadal. Al programa trobareu: espectacles, exposicions o tallers. [M\u00fasica] \u00abConciertos de Oto\u00f1o del grup de percusi\u00f3 de l\u00b4Orquestra Filharm\u00f2nica de la Universitat de Val\u00e8ncia\u00bb Dimarts 3 de desembre a les 19h Auditori Joan Pla\u00e7a del Jard\u00ed &hellip; Continued","og_url":"https:\/\/entandem.cat\/es\/recursos-es\/agenda-cultural-desembre-2019-vlc\/","og_site_name":"enT\u00e0ndem","article_publisher":"https:\/\/www.facebook.com\/afevcat","article_published_time":"2019-11-26T11:09:09+00:00","article_modified_time":"2020-03-24T12:27:38+00:00","og_image":[{"width":1920,"height":1080,"url":"https:\/\/entandem.cat\/wp-content\/uploads\/2019\/11\/Afegeix-una-cap\u00e7alera-1-1.jpg","type":"image\/jpeg"}],"author":"adminTandem","twitter_card":"summary_large_image","twitter_creator":"@afevcat","twitter_site":"@afevcat","twitter_misc":{"Escrito por":"adminTandem","Tiempo de lectura":"3 minutos"},"schema":{"@context":"https:\/\/schema.org","@graph":[{"@type":"Article","@id":"https:\/\/entandem.cat\/es\/recursos-es\/agenda-cultural-desembre-2019-vlc\/#article","isPartOf":{"@id":"https:\/\/entandem.cat\/es\/recursos-es\/agenda-cultural-desembre-2019-vlc\/"},"author":{"name":"adminTandem","@id":"https:\/\/entandem.cat\/#\/schema\/person\/2111428ce1954193a11054a1e2b5b0da"},"headline":"Agenda cultural \u2013 Desembre 2019 (VLC)","datePublished":"2019-11-26T11:09:09+00:00","dateModified":"2020-03-24T12:27:38+00:00","mainEntityOfPage":{"@id":"https:\/\/entandem.cat\/es\/recursos-es\/agenda-cultural-desembre-2019-vlc\/"},"wordCount":562,"publisher":{"@id":"https:\/\/entandem.cat\/#organization"},"image":{"@id":"https:\/\/entandem.cat\/es\/recursos-es\/agenda-cultural-desembre-2019-vlc\/#primaryimage"},"thumbnailUrl":"https:\/\/entandem.cat\/wp-content\/uploads\/2019\/11\/Afegeix-una-cap\u00e7alera-1-1.jpg","keywords":["agenda cultural","ball","cinema","exposici\u00f3","musica","tallers","teatre"],"articleSection":["Recursos","Valencia"],"inLanguage":"es"},{"@type":"WebPage","@id":"https:\/\/entandem.cat\/es\/recursos-es\/agenda-cultural-desembre-2019-vlc\/","url":"https:\/\/entandem.cat\/es\/recursos-es\/agenda-cultural-desembre-2019-vlc\/","name":"Agenda cultural \u2013 Desembre 2019 (VLC) - enT\u00e0ndem","isPartOf":{"@id":"https:\/\/entandem.cat\/#website"},"primaryImageOfPage":{"@id":"https:\/\/entandem.cat\/es\/recursos-es\/agenda-cultural-desembre-2019-vlc\/#primaryimage"},"image":{"@id":"https:\/\/entandem.cat\/es\/recursos-es\/agenda-cultural-desembre-2019-vlc\/#primaryimage"},"thumbnailUrl":"https:\/\/entandem.cat\/wp-content\/uploads\/2019\/11\/Afegeix-una-cap\u00e7alera-1-1.jpg","datePublished":"2019-11-26T11:09:09+00:00","dateModified":"2020-03-24T12:27:38+00:00","breadcrumb":{"@id":"https:\/\/entandem.cat\/es\/recursos-es\/agenda-cultural-desembre-2019-vlc\/#breadcrumb"},"inLanguage":"es","potentialAction":[{"@type":"ReadAction","target":["https:\/\/entandem.cat\/es\/recursos-es\/agenda-cultural-desembre-2019-vlc\/"]}]},{"@type":"ImageObject","inLanguage":"es","@id":"https:\/\/entandem.cat\/es\/recursos-es\/agenda-cultural-desembre-2019-vlc\/#primaryimage","url":"https:\/\/entandem.cat\/wp-content\/uploads\/2019\/11\/Afegeix-una-cap\u00e7alera-1-1.jpg","contentUrl":"https:\/\/entandem.cat\/wp-content\/uploads\/2019\/11\/Afegeix-una-cap\u00e7alera-1-1.jpg","width":1920,"height":1080},{"@type":"BreadcrumbList","@id":"https:\/\/entandem.cat\/es\/recursos-es\/agenda-cultural-desembre-2019-vlc\/#breadcrumb","itemListElement":[{"@type":"ListItem","position":1,"name":"Inici","item":"https:\/\/entandem.cat\/es\/"},{"@type":"ListItem","position":2,"name":"Agenda cultural \u2013 Desembre 2019 (VLC)"}]},{"@type":"WebSite","@id":"https:\/\/entandem.cat\/#website","url":"https:\/\/entandem.cat\/","name":"enT\u00e0ndem","description":"Voluntariat Social Universitari","publisher":{"@id":"https:\/\/entandem.cat\/#organization"},"potentialAction":[{"@type":"SearchAction","target":{"@type":"EntryPoint","urlTemplate":"https:\/\/entandem.cat\/?s={search_term_string}"},"query-input":{"@type":"PropertyValueSpecification","valueRequired":true,"valueName":"search_term_string"}}],"inLanguage":"es"},{"@type":"Organization","@id":"https:\/\/entandem.cat\/#organization","name":"enT\u00e0ndem","url":"https:\/\/entandem.cat\/","logo":{"@type":"ImageObject","inLanguage":"es","@id":"https:\/\/entandem.cat\/#\/schema\/logo\/image\/","url":"https:\/\/entandem.cat\/wp-content\/uploads\/2016\/12\/logo-entandem.png","contentUrl":"https:\/\/entandem.cat\/wp-content\/uploads\/2016\/12\/logo-entandem.png","width":166,"height":44,"caption":"enT\u00e0ndem"},"image":{"@id":"https:\/\/entandem.cat\/#\/schema\/logo\/image\/"},"sameAs":["https:\/\/www.facebook.com\/afevcat","https:\/\/x.com\/afevcat","https:\/\/www.instagram.com\/afevcat\/"]},{"@type":"Person","@id":"https:\/\/entandem.cat\/#\/schema\/person\/2111428ce1954193a11054a1e2b5b0da","name":"adminTandem"}]}},"_links":{"self":[{"href":"https:\/\/entandem.cat\/es\/wp-json\/wp\/v2\/posts\/6296","targetHints":{"allow":["GET"]}}],"collection":[{"href":"https:\/\/entandem.cat\/es\/wp-json\/wp\/v2\/posts"}],"about":[{"href":"https:\/\/entandem.cat\/es\/wp-json\/wp\/v2\/types\/post"}],"author":[{"embeddable":true,"href":"https:\/\/entandem.cat\/es\/wp-json\/wp\/v2\/users\/1"}],"replies":[{"embeddable":true,"href":"https:\/\/entandem.cat\/es\/wp-json\/wp\/v2\/comments?post=6296"}],"version-history":[{"count":0,"href":"https:\/\/entandem.cat\/es\/wp-json\/wp\/v2\/posts\/6296\/revisions"}],"wp:featuredmedia":[{"embeddable":true,"href":"https:\/\/entandem.cat\/es\/wp-json\/wp\/v2\/media\/6277"}],"wp:attachment":[{"href":"https:\/\/entandem.cat\/es\/wp-json\/wp\/v2\/media?parent=6296"}],"wp:term":[{"taxonomy":"category","embeddable":true,"href":"https:\/\/entandem.cat\/es\/wp-json\/wp\/v2\/categories?post=6296"},{"taxonomy":"post_tag","embeddable":true,"href":"https:\/\/entandem.cat\/es\/wp-json\/wp\/v2\/tags?post=6296"}],"curies":[{"name":"wp","href":"https:\/\/api.w.org\/{rel}","templated":true}]}}