{"id":5866,"date":"2019-09-16T13:36:09","date_gmt":"2019-09-16T13:36:09","guid":{"rendered":"https:\/\/entandem.cat\/?p=5866"},"modified":"2019-10-08T13:24:14","modified_gmt":"2019-10-08T13:24:14","slug":"se-buscan-personas-voluntarias-para-ser-mentoras-de-jovenes-de-8-municipios-de-catalunya-que-participan-en-un-proyecto-de-formacion-de-impacto","status":"publish","type":"post","link":"https:\/\/entandem.cat\/es\/sabias-que\/se-buscan-personas-voluntarias-para-ser-mentoras-de-jovenes-de-8-municipios-de-catalunya-que-participan-en-un-proyecto-de-formacion-de-impacto\/","title":{"rendered":"Se buscan personas voluntarias para ser mentoras de j\u00f3venes de 8 municipios de Catalunya que participan en un proyecto de formaci\u00f3n de impacto"},"content":{"rendered":"\n<p>\u00a0<\/p>\n<p><strong>La iniciativa beneficiar\u00e1 a 36 alumnos de ocho institutos de educaci\u00f3n secundaria de toda Catalunya en el marco del programa Zing, que impulsa la Fundaci\u00f3n Nous Cims con la colaboraci\u00f3n de la AFEV.<\/strong><\/p>\n<p><strong>Los j\u00f3venes, seleccionados por su motivaci\u00f3n y compromiso, podr\u00e1n seguir estudiando sin que su situaci\u00f3n econ\u00f3mica sea determinante.<\/strong><\/p>\n<p>36 alumnos de ocho institutos de educaci\u00f3n secundaria de toda Catalunya, que ahora comienzan un grado medio de formaci\u00f3n profesional, participan este curso en el <a href=\"https:\/\/www.nouscims.com\/programa-zing\/\" target=\"_blank\" rel=\"noopener noreferrer\">programa Zing<\/a>. Este es un proyecto de activaci\u00f3n de talento y vocaci\u00f3n, formaci\u00f3n e inserci\u00f3n laboral que impulsa la Fundaci\u00f3n Nous Cims, y del que se beneficiar\u00e1n alumnos de <strong>Montcada i Reixac, Sant Vicen\u00e7 dels Horts, Vilanova y la Geltr\u00fa, Sabadell, Terrassa, Badalona y Barcelona<\/strong>.<\/p>\n<p>En el marco de este programa, la AFEV buscamos <strong>voluntarios y voluntarias<\/strong> de todos estos municipios \u2013<strong>j\u00f3venes entre 23 y 35 a\u00f1os\u2013<\/strong> que tengan disponibilidad para comprometerse una tarde a la semana de forma estable hasta junio de 2020 y que quieran hacer un acompa\u00f1amiento individual a un o una alumna.<\/p>\n<p>Las personas voluntarias participar\u00e1n en un <strong>proyecto piloto de mentor\u00eda<\/strong> de los estudiantes durante esta nueva etapa para ellos. El objetivo es que los mentores y mentoras, por su formaci\u00f3n y apoyo profesional, puedan <strong>convertirse en un referente<\/strong> para los adolescentes que participan en el programa Zing y que a partir de ahora se convierten en \u00abzingers\u00bb.<\/p>\n<p>Los mentores y mentoras programar\u00e1n <strong>una sesi\u00f3n semanal de dos horas<\/strong> con el estudiante que se le asigne para llevar a cabo actividades de educaci\u00f3n informal. Durante el curso deber\u00e1n <strong>acompa\u00f1ar el o la joven para que siga motivado, se sienta seguro y confiado, tome decisiones sobre su futuro<\/strong>, conozca el territorio y los recursos del municipio y, en definitiva, que cuente con una figura referente con quien establecer conversaci\u00f3n y se pueda sentir a gusto. La base de la mentor\u00eda es que las dos personas establezcan un buen v\u00ednculo y lo pasen bien juntas, hagan actividades culturales y educativas variadas.<\/p>\n<h2>Sobre el programa Zing<\/h2>\n<p>ZING es una iniciativa de la <a href=\"https:\/\/www.nouscims.com\/\" target=\"_blank\" rel=\"noopener noreferrer\">Fundaci\u00f3n Nous Cims<\/a> dirigida a algunos de los <strong>alumnos becados por la misma fundaci\u00f3n<\/strong> para cursar estudios post obligatorios a trav\u00e9s de las Becas Formativas de Impacto. Los j\u00f3venes son seleccionados por su motivaci\u00f3n y compromiso con los estudios, y esta oportunidad les ofrece, adem\u00e1s de la beca para estudiar lo que realmente sue\u00f1an sin que la situaci\u00f3n econ\u00f3mica sea un impedimento, un Programa de Orientaci\u00f3n Vocacional para ayudarles a encontrar sentido a sus estudios, y un acompa\u00f1amiento individual gracias al proyecto de mentor\u00eda, que coordina la <a href=\"http:\/\/mentoriasocial.org\/\" target=\"_blank\" rel=\"noopener noreferrer\">Coordinadora de Mentor\u00eda Social<\/a> y desarrolla la AFEV.<\/p>\n<p>Si quieres hacer voluntariado en este programa, \u00a1<a href=\"https:\/\/docs.google.com\/forms\/d\/e\/1FAIpQLSe0PTlDYB6mkhR89N5QjqMS0nYWX8mug8ErjsXm4i7l1w-IvQ\/viewform\" target=\"_blank\" rel=\"noopener noreferrer\">ap\u00fantate a una sesi\u00f3n informativa<\/a> y te contaremos todos los detalles!<\/p>\n","protected":false},"excerpt":{"rendered":"<p>\u00a0 La iniciativa beneficiar\u00e1 a 36 alumnos de ocho institutos de educaci\u00f3n secundaria de toda Catalunya en el marco del programa Zing, que impulsa la Fundaci\u00f3n Nous Cims con la colaboraci\u00f3n de la AFEV. Los j\u00f3venes, seleccionados por su motivaci\u00f3n y compromiso, podr\u00e1n seguir estudiando sin que su situaci\u00f3n econ\u00f3mica sea determinante. 36 alumnos de &hellip; <a href=\"https:\/\/entandem.cat\/es\/sabias-que\/se-buscan-personas-voluntarias-para-ser-mentoras-de-jovenes-de-8-municipios-de-catalunya-que-participan-en-un-proyecto-de-formacion-de-impacto\/\">Continued<\/a><\/p>\n","protected":false},"author":1,"featured_media":5862,"comment_status":"closed","ping_status":"open","sticky":false,"template":"","format":"standard","meta":{"footnotes":""},"categories":[321],"tags":[474,462,330,564,465,475,485,486,336,702,470,703,331,339],"class_list":["post-5866","post","type-post","status-publish","format-standard","has-post-thumbnail","hentry","category-sabias-que","tag-acompanyament-educatiu-es","tag-acompanyaments-es","tag-afev-es","tag-barcelona-es","tag-educacio-es","tag-educacio-social-es","tag-joves-es","tag-mentoria-es","tag-mentoria-social-es","tag-sabadell-es","tag-tandems-es","tag-terrassa-es","tag-voluntariat-es","tag-voluntariat-social-es"],"yoast_head":"<!-- This site is optimized with the Yoast SEO plugin v27.0 - https:\/\/yoast.com\/product\/yoast-seo-wordpress\/ -->\n<title>Se buscan personas voluntarias para ser mentoras de j\u00f3venes de 8 municipios de Catalunya que participan en un proyecto de formaci\u00f3n de impacto - enT\u00e0ndem<\/title>\n<meta name=\"robots\" content=\"index, follow, max-snippet:-1, max-image-preview:large, max-video-preview:-1\" \/>\n<link rel=\"canonical\" href=\"https:\/\/entandem.cat\/es\/sabias-que\/se-buscan-personas-voluntarias-para-ser-mentoras-de-jovenes-de-8-municipios-de-catalunya-que-participan-en-un-proyecto-de-formacion-de-impacto\/\" \/>\n<meta property=\"og:locale\" content=\"es_ES\" \/>\n<meta property=\"og:type\" content=\"article\" \/>\n<meta property=\"og:title\" content=\"Se buscan personas voluntarias para ser mentoras de j\u00f3venes de 8 municipios de Catalunya que participan en un proyecto de formaci\u00f3n de impacto - enT\u00e0ndem\" \/>\n<meta property=\"og:description\" content=\"\u00a0 La iniciativa beneficiar\u00e1 a 36 alumnos de ocho institutos de educaci\u00f3n secundaria de toda Catalunya en el marco del programa Zing, que impulsa la Fundaci\u00f3n Nous Cims con la colaboraci\u00f3n de la AFEV. Los j\u00f3venes, seleccionados por su motivaci\u00f3n y compromiso, podr\u00e1n seguir estudiando sin que su situaci\u00f3n econ\u00f3mica sea determinante. 36 alumnos de &hellip; Continued\" \/>\n<meta property=\"og:url\" content=\"https:\/\/entandem.cat\/es\/sabias-que\/se-buscan-personas-voluntarias-para-ser-mentoras-de-jovenes-de-8-municipios-de-catalunya-que-participan-en-un-proyecto-de-formacion-de-impacto\/\" \/>\n<meta property=\"og:site_name\" content=\"enT\u00e0ndem\" \/>\n<meta property=\"article:publisher\" content=\"https:\/\/www.facebook.com\/afevcat\" \/>\n<meta property=\"article:published_time\" content=\"2019-09-16T13:36:09+00:00\" \/>\n<meta property=\"article:modified_time\" content=\"2019-10-08T13:24:14+00:00\" \/>\n<meta property=\"og:image\" content=\"https:\/\/entandem.cat\/wp-content\/uploads\/2019\/09\/Taha_Carlos_bunkers.jpg\" \/>\n\t<meta property=\"og:image:width\" content=\"1100\" \/>\n\t<meta property=\"og:image:height\" content=\"619\" \/>\n\t<meta property=\"og:image:type\" content=\"image\/jpeg\" \/>\n<meta name=\"author\" content=\"adminTandem\" \/>\n<meta name=\"twitter:card\" content=\"summary_large_image\" \/>\n<meta name=\"twitter:creator\" content=\"@afevcat\" \/>\n<meta name=\"twitter:site\" content=\"@afevcat\" \/>\n<meta name=\"twitter:label1\" content=\"Escrito por\" \/>\n\t<meta name=\"twitter:data1\" content=\"adminTandem\" \/>\n\t<meta name=\"twitter:label2\" content=\"Tiempo de lectura\" \/>\n\t<meta name=\"twitter:data2\" content=\"2 minutos\" \/>\n<script type=\"application\/ld+json\" class=\"yoast-schema-graph\">{\"@context\":\"https:\/\/schema.org\",\"@graph\":[{\"@type\":\"Article\",\"@id\":\"https:\/\/entandem.cat\/es\/sabias-que\/se-buscan-personas-voluntarias-para-ser-mentoras-de-jovenes-de-8-municipios-de-catalunya-que-participan-en-un-proyecto-de-formacion-de-impacto\/#article\",\"isPartOf\":{\"@id\":\"https:\/\/entandem.cat\/es\/sabias-que\/se-buscan-personas-voluntarias-para-ser-mentoras-de-jovenes-de-8-municipios-de-catalunya-que-participan-en-un-proyecto-de-formacion-de-impacto\/\"},\"author\":{\"name\":\"adminTandem\",\"@id\":\"https:\/\/entandem.cat\/#\/schema\/person\/2111428ce1954193a11054a1e2b5b0da\"},\"headline\":\"Se buscan personas voluntarias para ser mentoras de j\u00f3venes de 8 municipios de Catalunya que participan en un proyecto de formaci\u00f3n de impacto\",\"datePublished\":\"2019-09-16T13:36:09+00:00\",\"dateModified\":\"2019-10-08T13:24:14+00:00\",\"mainEntityOfPage\":{\"@id\":\"https:\/\/entandem.cat\/es\/sabias-que\/se-buscan-personas-voluntarias-para-ser-mentoras-de-jovenes-de-8-municipios-de-catalunya-que-participan-en-un-proyecto-de-formacion-de-impacto\/\"},\"wordCount\":517,\"publisher\":{\"@id\":\"https:\/\/entandem.cat\/#organization\"},\"image\":{\"@id\":\"https:\/\/entandem.cat\/es\/sabias-que\/se-buscan-personas-voluntarias-para-ser-mentoras-de-jovenes-de-8-municipios-de-catalunya-que-participan-en-un-proyecto-de-formacion-de-impacto\/#primaryimage\"},\"thumbnailUrl\":\"https:\/\/entandem.cat\/wp-content\/uploads\/2019\/09\/Taha_Carlos_bunkers.jpg\",\"keywords\":[\"acompanyament educatiu\",\"acompanyaments\",\"afev\",\"barcelona\",\"educaci\u00f3\",\"educaci\u00f3 social\",\"joves\",\"mentoria\",\"mentoria social\",\"sabadell\",\"t\u00e0ndems\",\"terrassa\",\"voluntariat\",\"voluntariat social\"],\"articleSection\":[\"Sab\u00edas que\"],\"inLanguage\":\"es\"},{\"@type\":\"WebPage\",\"@id\":\"https:\/\/entandem.cat\/es\/sabias-que\/se-buscan-personas-voluntarias-para-ser-mentoras-de-jovenes-de-8-municipios-de-catalunya-que-participan-en-un-proyecto-de-formacion-de-impacto\/\",\"url\":\"https:\/\/entandem.cat\/es\/sabias-que\/se-buscan-personas-voluntarias-para-ser-mentoras-de-jovenes-de-8-municipios-de-catalunya-que-participan-en-un-proyecto-de-formacion-de-impacto\/\",\"name\":\"Se buscan personas voluntarias para ser mentoras de j\u00f3venes de 8 municipios de Catalunya que participan en un proyecto de formaci\u00f3n de impacto - enT\u00e0ndem\",\"isPartOf\":{\"@id\":\"https:\/\/entandem.cat\/#website\"},\"primaryImageOfPage\":{\"@id\":\"https:\/\/entandem.cat\/es\/sabias-que\/se-buscan-personas-voluntarias-para-ser-mentoras-de-jovenes-de-8-municipios-de-catalunya-que-participan-en-un-proyecto-de-formacion-de-impacto\/#primaryimage\"},\"image\":{\"@id\":\"https:\/\/entandem.cat\/es\/sabias-que\/se-buscan-personas-voluntarias-para-ser-mentoras-de-jovenes-de-8-municipios-de-catalunya-que-participan-en-un-proyecto-de-formacion-de-impacto\/#primaryimage\"},\"thumbnailUrl\":\"https:\/\/entandem.cat\/wp-content\/uploads\/2019\/09\/Taha_Carlos_bunkers.jpg\",\"datePublished\":\"2019-09-16T13:36:09+00:00\",\"dateModified\":\"2019-10-08T13:24:14+00:00\",\"breadcrumb\":{\"@id\":\"https:\/\/entandem.cat\/es\/sabias-que\/se-buscan-personas-voluntarias-para-ser-mentoras-de-jovenes-de-8-municipios-de-catalunya-que-participan-en-un-proyecto-de-formacion-de-impacto\/#breadcrumb\"},\"inLanguage\":\"es\",\"potentialAction\":[{\"@type\":\"ReadAction\",\"target\":[\"https:\/\/entandem.cat\/es\/sabias-que\/se-buscan-personas-voluntarias-para-ser-mentoras-de-jovenes-de-8-municipios-de-catalunya-que-participan-en-un-proyecto-de-formacion-de-impacto\/\"]}]},{\"@type\":\"ImageObject\",\"inLanguage\":\"es\",\"@id\":\"https:\/\/entandem.cat\/es\/sabias-que\/se-buscan-personas-voluntarias-para-ser-mentoras-de-jovenes-de-8-municipios-de-catalunya-que-participan-en-un-proyecto-de-formacion-de-impacto\/#primaryimage\",\"url\":\"https:\/\/entandem.cat\/wp-content\/uploads\/2019\/09\/Taha_Carlos_bunkers.jpg\",\"contentUrl\":\"https:\/\/entandem.cat\/wp-content\/uploads\/2019\/09\/Taha_Carlos_bunkers.jpg\",\"width\":1100,\"height\":619,\"caption\":\"mentoria AFEV\"},{\"@type\":\"BreadcrumbList\",\"@id\":\"https:\/\/entandem.cat\/es\/sabias-que\/se-buscan-personas-voluntarias-para-ser-mentoras-de-jovenes-de-8-municipios-de-catalunya-que-participan-en-un-proyecto-de-formacion-de-impacto\/#breadcrumb\",\"itemListElement\":[{\"@type\":\"ListItem\",\"position\":1,\"name\":\"Inici\",\"item\":\"https:\/\/entandem.cat\/es\/\"},{\"@type\":\"ListItem\",\"position\":2,\"name\":\"Se buscan personas voluntarias para ser mentoras de j\u00f3venes de 8 municipios de Catalunya que participan en un proyecto de formaci\u00f3n de impacto\"}]},{\"@type\":\"WebSite\",\"@id\":\"https:\/\/entandem.cat\/#website\",\"url\":\"https:\/\/entandem.cat\/\",\"name\":\"enT\u00e0ndem\",\"description\":\"Voluntariat Social Universitari\",\"publisher\":{\"@id\":\"https:\/\/entandem.cat\/#organization\"},\"potentialAction\":[{\"@type\":\"SearchAction\",\"target\":{\"@type\":\"EntryPoint\",\"urlTemplate\":\"https:\/\/entandem.cat\/?s={search_term_string}\"},\"query-input\":{\"@type\":\"PropertyValueSpecification\",\"valueRequired\":true,\"valueName\":\"search_term_string\"}}],\"inLanguage\":\"es\"},{\"@type\":\"Organization\",\"@id\":\"https:\/\/entandem.cat\/#organization\",\"name\":\"enT\u00e0ndem\",\"url\":\"https:\/\/entandem.cat\/\",\"logo\":{\"@type\":\"ImageObject\",\"inLanguage\":\"es\",\"@id\":\"https:\/\/entandem.cat\/#\/schema\/logo\/image\/\",\"url\":\"https:\/\/entandem.cat\/wp-content\/uploads\/2016\/12\/logo-entandem.png\",\"contentUrl\":\"https:\/\/entandem.cat\/wp-content\/uploads\/2016\/12\/logo-entandem.png\",\"width\":166,\"height\":44,\"caption\":\"enT\u00e0ndem\"},\"image\":{\"@id\":\"https:\/\/entandem.cat\/#\/schema\/logo\/image\/\"},\"sameAs\":[\"https:\/\/www.facebook.com\/afevcat\",\"https:\/\/x.com\/afevcat\",\"https:\/\/www.instagram.com\/afevcat\/\"]},{\"@type\":\"Person\",\"@id\":\"https:\/\/entandem.cat\/#\/schema\/person\/2111428ce1954193a11054a1e2b5b0da\",\"name\":\"adminTandem\"}]}<\/script>\n<!-- \/ Yoast SEO plugin. -->","yoast_head_json":{"title":"Se buscan personas voluntarias para ser mentoras de j\u00f3venes de 8 municipios de Catalunya que participan en un proyecto de formaci\u00f3n de impacto - enT\u00e0ndem","robots":{"index":"index","follow":"follow","max-snippet":"max-snippet:-1","max-image-preview":"max-image-preview:large","max-video-preview":"max-video-preview:-1"},"canonical":"https:\/\/entandem.cat\/es\/sabias-que\/se-buscan-personas-voluntarias-para-ser-mentoras-de-jovenes-de-8-municipios-de-catalunya-que-participan-en-un-proyecto-de-formacion-de-impacto\/","og_locale":"es_ES","og_type":"article","og_title":"Se buscan personas voluntarias para ser mentoras de j\u00f3venes de 8 municipios de Catalunya que participan en un proyecto de formaci\u00f3n de impacto - enT\u00e0ndem","og_description":"\u00a0 La iniciativa beneficiar\u00e1 a 36 alumnos de ocho institutos de educaci\u00f3n secundaria de toda Catalunya en el marco del programa Zing, que impulsa la Fundaci\u00f3n Nous Cims con la colaboraci\u00f3n de la AFEV. Los j\u00f3venes, seleccionados por su motivaci\u00f3n y compromiso, podr\u00e1n seguir estudiando sin que su situaci\u00f3n econ\u00f3mica sea determinante. 36 alumnos de &hellip; Continued","og_url":"https:\/\/entandem.cat\/es\/sabias-que\/se-buscan-personas-voluntarias-para-ser-mentoras-de-jovenes-de-8-municipios-de-catalunya-que-participan-en-un-proyecto-de-formacion-de-impacto\/","og_site_name":"enT\u00e0ndem","article_publisher":"https:\/\/www.facebook.com\/afevcat","article_published_time":"2019-09-16T13:36:09+00:00","article_modified_time":"2019-10-08T13:24:14+00:00","og_image":[{"width":1100,"height":619,"url":"https:\/\/entandem.cat\/wp-content\/uploads\/2019\/09\/Taha_Carlos_bunkers.jpg","type":"image\/jpeg"}],"author":"adminTandem","twitter_card":"summary_large_image","twitter_creator":"@afevcat","twitter_site":"@afevcat","twitter_misc":{"Escrito por":"adminTandem","Tiempo de lectura":"2 minutos"},"schema":{"@context":"https:\/\/schema.org","@graph":[{"@type":"Article","@id":"https:\/\/entandem.cat\/es\/sabias-que\/se-buscan-personas-voluntarias-para-ser-mentoras-de-jovenes-de-8-municipios-de-catalunya-que-participan-en-un-proyecto-de-formacion-de-impacto\/#article","isPartOf":{"@id":"https:\/\/entandem.cat\/es\/sabias-que\/se-buscan-personas-voluntarias-para-ser-mentoras-de-jovenes-de-8-municipios-de-catalunya-que-participan-en-un-proyecto-de-formacion-de-impacto\/"},"author":{"name":"adminTandem","@id":"https:\/\/entandem.cat\/#\/schema\/person\/2111428ce1954193a11054a1e2b5b0da"},"headline":"Se buscan personas voluntarias para ser mentoras de j\u00f3venes de 8 municipios de Catalunya que participan en un proyecto de formaci\u00f3n de impacto","datePublished":"2019-09-16T13:36:09+00:00","dateModified":"2019-10-08T13:24:14+00:00","mainEntityOfPage":{"@id":"https:\/\/entandem.cat\/es\/sabias-que\/se-buscan-personas-voluntarias-para-ser-mentoras-de-jovenes-de-8-municipios-de-catalunya-que-participan-en-un-proyecto-de-formacion-de-impacto\/"},"wordCount":517,"publisher":{"@id":"https:\/\/entandem.cat\/#organization"},"image":{"@id":"https:\/\/entandem.cat\/es\/sabias-que\/se-buscan-personas-voluntarias-para-ser-mentoras-de-jovenes-de-8-municipios-de-catalunya-que-participan-en-un-proyecto-de-formacion-de-impacto\/#primaryimage"},"thumbnailUrl":"https:\/\/entandem.cat\/wp-content\/uploads\/2019\/09\/Taha_Carlos_bunkers.jpg","keywords":["acompanyament educatiu","acompanyaments","afev","barcelona","educaci\u00f3","educaci\u00f3 social","joves","mentoria","mentoria social","sabadell","t\u00e0ndems","terrassa","voluntariat","voluntariat social"],"articleSection":["Sab\u00edas que"],"inLanguage":"es"},{"@type":"WebPage","@id":"https:\/\/entandem.cat\/es\/sabias-que\/se-buscan-personas-voluntarias-para-ser-mentoras-de-jovenes-de-8-municipios-de-catalunya-que-participan-en-un-proyecto-de-formacion-de-impacto\/","url":"https:\/\/entandem.cat\/es\/sabias-que\/se-buscan-personas-voluntarias-para-ser-mentoras-de-jovenes-de-8-municipios-de-catalunya-que-participan-en-un-proyecto-de-formacion-de-impacto\/","name":"Se buscan personas voluntarias para ser mentoras de j\u00f3venes de 8 municipios de Catalunya que participan en un proyecto de formaci\u00f3n de impacto - enT\u00e0ndem","isPartOf":{"@id":"https:\/\/entandem.cat\/#website"},"primaryImageOfPage":{"@id":"https:\/\/entandem.cat\/es\/sabias-que\/se-buscan-personas-voluntarias-para-ser-mentoras-de-jovenes-de-8-municipios-de-catalunya-que-participan-en-un-proyecto-de-formacion-de-impacto\/#primaryimage"},"image":{"@id":"https:\/\/entandem.cat\/es\/sabias-que\/se-buscan-personas-voluntarias-para-ser-mentoras-de-jovenes-de-8-municipios-de-catalunya-que-participan-en-un-proyecto-de-formacion-de-impacto\/#primaryimage"},"thumbnailUrl":"https:\/\/entandem.cat\/wp-content\/uploads\/2019\/09\/Taha_Carlos_bunkers.jpg","datePublished":"2019-09-16T13:36:09+00:00","dateModified":"2019-10-08T13:24:14+00:00","breadcrumb":{"@id":"https:\/\/entandem.cat\/es\/sabias-que\/se-buscan-personas-voluntarias-para-ser-mentoras-de-jovenes-de-8-municipios-de-catalunya-que-participan-en-un-proyecto-de-formacion-de-impacto\/#breadcrumb"},"inLanguage":"es","potentialAction":[{"@type":"ReadAction","target":["https:\/\/entandem.cat\/es\/sabias-que\/se-buscan-personas-voluntarias-para-ser-mentoras-de-jovenes-de-8-municipios-de-catalunya-que-participan-en-un-proyecto-de-formacion-de-impacto\/"]}]},{"@type":"ImageObject","inLanguage":"es","@id":"https:\/\/entandem.cat\/es\/sabias-que\/se-buscan-personas-voluntarias-para-ser-mentoras-de-jovenes-de-8-municipios-de-catalunya-que-participan-en-un-proyecto-de-formacion-de-impacto\/#primaryimage","url":"https:\/\/entandem.cat\/wp-content\/uploads\/2019\/09\/Taha_Carlos_bunkers.jpg","contentUrl":"https:\/\/entandem.cat\/wp-content\/uploads\/2019\/09\/Taha_Carlos_bunkers.jpg","width":1100,"height":619,"caption":"mentoria AFEV"},{"@type":"BreadcrumbList","@id":"https:\/\/entandem.cat\/es\/sabias-que\/se-buscan-personas-voluntarias-para-ser-mentoras-de-jovenes-de-8-municipios-de-catalunya-que-participan-en-un-proyecto-de-formacion-de-impacto\/#breadcrumb","itemListElement":[{"@type":"ListItem","position":1,"name":"Inici","item":"https:\/\/entandem.cat\/es\/"},{"@type":"ListItem","position":2,"name":"Se buscan personas voluntarias para ser mentoras de j\u00f3venes de 8 municipios de Catalunya que participan en un proyecto de formaci\u00f3n de impacto"}]},{"@type":"WebSite","@id":"https:\/\/entandem.cat\/#website","url":"https:\/\/entandem.cat\/","name":"enT\u00e0ndem","description":"Voluntariat Social Universitari","publisher":{"@id":"https:\/\/entandem.cat\/#organization"},"potentialAction":[{"@type":"SearchAction","target":{"@type":"EntryPoint","urlTemplate":"https:\/\/entandem.cat\/?s={search_term_string}"},"query-input":{"@type":"PropertyValueSpecification","valueRequired":true,"valueName":"search_term_string"}}],"inLanguage":"es"},{"@type":"Organization","@id":"https:\/\/entandem.cat\/#organization","name":"enT\u00e0ndem","url":"https:\/\/entandem.cat\/","logo":{"@type":"ImageObject","inLanguage":"es","@id":"https:\/\/entandem.cat\/#\/schema\/logo\/image\/","url":"https:\/\/entandem.cat\/wp-content\/uploads\/2016\/12\/logo-entandem.png","contentUrl":"https:\/\/entandem.cat\/wp-content\/uploads\/2016\/12\/logo-entandem.png","width":166,"height":44,"caption":"enT\u00e0ndem"},"image":{"@id":"https:\/\/entandem.cat\/#\/schema\/logo\/image\/"},"sameAs":["https:\/\/www.facebook.com\/afevcat","https:\/\/x.com\/afevcat","https:\/\/www.instagram.com\/afevcat\/"]},{"@type":"Person","@id":"https:\/\/entandem.cat\/#\/schema\/person\/2111428ce1954193a11054a1e2b5b0da","name":"adminTandem"}]}},"_links":{"self":[{"href":"https:\/\/entandem.cat\/es\/wp-json\/wp\/v2\/posts\/5866","targetHints":{"allow":["GET"]}}],"collection":[{"href":"https:\/\/entandem.cat\/es\/wp-json\/wp\/v2\/posts"}],"about":[{"href":"https:\/\/entandem.cat\/es\/wp-json\/wp\/v2\/types\/post"}],"author":[{"embeddable":true,"href":"https:\/\/entandem.cat\/es\/wp-json\/wp\/v2\/users\/1"}],"replies":[{"embeddable":true,"href":"https:\/\/entandem.cat\/es\/wp-json\/wp\/v2\/comments?post=5866"}],"version-history":[{"count":0,"href":"https:\/\/entandem.cat\/es\/wp-json\/wp\/v2\/posts\/5866\/revisions"}],"wp:featuredmedia":[{"embeddable":true,"href":"https:\/\/entandem.cat\/es\/wp-json\/wp\/v2\/media\/5862"}],"wp:attachment":[{"href":"https:\/\/entandem.cat\/es\/wp-json\/wp\/v2\/media?parent=5866"}],"wp:term":[{"taxonomy":"category","embeddable":true,"href":"https:\/\/entandem.cat\/es\/wp-json\/wp\/v2\/categories?post=5866"},{"taxonomy":"post_tag","embeddable":true,"href":"https:\/\/entandem.cat\/es\/wp-json\/wp\/v2\/tags?post=5866"}],"curies":[{"name":"wp","href":"https:\/\/api.w.org\/{rel}","templated":true}]}}