{"id":5288,"date":"2018-11-26T13:48:32","date_gmt":"2018-11-26T13:48:32","guid":{"rendered":"http:\/\/entandem.cat\/es\/agenda-cultural-desembre-2018\/"},"modified":"2019-09-26T11:42:10","modified_gmt":"2019-09-26T11:42:10","slug":"agenda-cultural-desembre-2018","status":"publish","type":"post","link":"https:\/\/entandem.cat\/es\/recursos-es\/agenda-cultural-desembre-2018\/","title":{"rendered":"Agenda Cultural &#8211; Desembre 2018 (BCN)"},"content":{"rendered":"<p>&nbsp;<\/p>\n<p><span id=\"result_box\" class=\"\" lang=\"ca\">Ja est\u00e0 arribant l&#8217;<strong>\u00e8poca nadalenca<\/strong>! Voluntaris, <span class=\"\">volunt\u00e0ries<\/span>, aquest mes de desembre podreu celebrar el moment m\u00e9s festiu de l&#8217;any amb <span class=\"\">en<\/span>T\u00e0ndem, en un molt bon ambient! Us presentem una selecci\u00f3 d&#8217;activitats i sortides que us permetran descobrir un altre <span class=\"\">costat de Barcelona<\/span>!<\/span><\/p>\n<p>T&#8217;avisem que, per la majoria de les activitats d&#8217;aquesta agenda, <strong>has d&#8217;inscriure&#8217;t amb antelaci\u00f3<\/strong>. No badis!<\/p>\n<p><span style=\"color: #99cc00;\">[Cine]<\/span> <span id=\"result_box\" class=\"short_text\" lang=\"ca\"><span class=\"\">\u00ab<\/span><\/span><a href=\"http:\/\/lameva.barcelona.cat\/districtecultural\/agenda\/el-nadal-del-senyor-branquill%C3%B3-i-lescombra-voladora\" target=\"_blank\" rel=\"noopener noreferrer\"><span style=\"color: #ff0000;\">El Nadal del senyor Branquill\u00f3 i l&#8217;escombra voladora<\/span><\/a><span id=\"result_box\" class=\"short_text\" lang=\"ca\"><span class=\"\">\u00bb<\/span><\/span><\/p>\n<ul style=\"list-style-type: square;\">\n<li>1, 14, 15, 20, 21 de desembre<\/li>\n<li>\n<p class=\"fs40px ffoswald fw500\">Auditori Sant Mart\u00ed \/ CC Bar\u00f3 de Viver \/ CC Matas i Ramis \/ CC Urgell \/ CC Zona Nord \/ Villa Urania<\/p>\n<\/li>\n<li>Entrada gratu\u00efta &#8211; Cal inscripci\u00f3 pr\u00e8via<\/li>\n<li>Infants<\/li>\n<li><strong>Qu\u00e8 \u00e9s?<\/strong> El senyor Branquill\u00f3 viu a un gran roure amb la seva muller i tres fills. Un dia qualsevol s\u2019endinsar\u00e0 per accident en una aventura \u00e8pica que a cada pas l&#8217;allunyar\u00e0 m\u00e9s i m\u00e9s de casa seva\u2026 Aconseguir\u00e0 tornar a temps per celebrar el Nadal amb la seva fam\u00edlia?<\/li>\n<\/ul>\n<p><span style=\"color: #99cc00;\">[Cultura]<\/span> <span id=\"result_box\" class=\"short_text\" lang=\"ca\"><span class=\"\">\u00ab<\/span><\/span><a href=\"http:\/\/ajuntament.barcelona.cat\/agendajove\/es\/detall\/mercat-de-nadal-del-llibre_99400363661.html\" target=\"_blank\" rel=\"noopener noreferrer\"><span style=\"color: #ff0000;\">Mercat de Nadal del llibre<\/span><\/a><span id=\"result_box\" class=\"short_text\" lang=\"ca\"><span class=\"\">\u00bb<\/span><\/span><\/p>\n<ul style=\"list-style-type: square;\">\n<li>1 de desembre, a partir de les 11h i fins a les 21h<\/li>\n<li>Antiga F\u00e0brica Estrella Damm (Eixample)<\/li>\n<li>Entrada gratu\u00efta<\/li>\n<li>Infants \/ Joves<\/li>\n<li><strong>Qu\u00e8 \u00e9s?<\/strong> L&#8217;esdeveniment literari de Nadal et permetr\u00e0 gaudir durant tot un dia de tallers, xerrades, trobades amb autors, activitats infantils, signatures de llibres, recitals, p\u00edndoles formatives i concerts relacionats amb el llibre i el m\u00f3n literari.<\/li>\n<\/ul>\n<p><span style=\"color: #99cc00;\">[Activitats nadalenques]<\/span> <span id=\"result_box\" class=\"short_text\" lang=\"ca\"><span class=\"\">\u00ab<\/span><\/span><a href=\"https:\/\/www.barcelona.cat\/ca\/nadal\/activitats\/detall\/tio-gegant-de-santa-llucia_99400173630.html\" target=\"_blank\" rel=\"noopener noreferrer\"><span style=\"color: #ff0000;\">Ti\u00f3 Gegant de Santa Ll\u00facia<\/span><\/a><span id=\"result_box\" class=\"short_text\" lang=\"ca\"><span class=\"\">\u00bb<\/span><\/span><\/p>\n<ul style=\"list-style-type: square;\">\n<li>De l&#8217;1 al 19 de desembre, de 10h30 a 19h30<\/li>\n<li>Voltants de la Catedral de Barcelona (Ciutat Vella)<\/li>\n<li>Entrada gratu\u00efta<\/li>\n<li>Infants menors de 12 anys<\/li>\n<li><strong>Qu\u00e8 \u00e9s?<\/strong> El Ti\u00f3 Gegant espera tots els nens i nenes de Barcelona i s\u2019ha atipat tant de menjar que cagar\u00e0 regals per a tots!<\/li>\n<\/ul>\n<p><span style=\"color: #99cc00;\"><span id=\"result_box\" class=\"short_text\" lang=\"ca\"><span class=\"\">[<\/span><\/span>Cine]<\/span> <span id=\"result_box\" class=\"short_text\" lang=\"ca\"><span class=\"\">\u00ab<\/span><\/span><a href=\"http:\/\/www.cinemadretsinfants.cat\/jacob-el-llop-families\/\" target=\"_blank\" rel=\"noopener noreferrer\"><span style=\"color: #ff0000;\">Jacob el llop<\/span><\/a><span id=\"result_box\" class=\"short_text\" lang=\"ca\"><span class=\"\">\u00bb &#8211; Cicle de cinema dels drets dels infants<\/span><\/span><span id=\"result_box\" class=\"short_text\" lang=\"ca\"><\/span><\/p>\n<ul style=\"list-style-type: square;\">\n<li>2 de desembre, a les 11h<\/li>\n<li>Cinemes Girona<\/li>\n<li>Entrada gratu\u00efta &#8211; Cal inscripci\u00f3 pr\u00e8via<\/li>\n<li>Infants \/ Joves<\/li>\n<li><strong>Qu\u00e8 \u00e9s?<\/strong> Sinopsi: \u00abLa nit que compleix 7 anys, en Jacob es transforma en llop. Tot i que l\u2019endem\u00e0 torna a ser el nen de sempre, l\u2019experi\u00e8ncia l\u2019inquieta i pensa que l\u2019ha de mantenir en secret per por a ser rebutjat. Tan sols el seu germ\u00e0 gran coneix el secret del fenomen, que es repeteix cada nit de lluna plena.\u00bb Valors que tracta la pel\u00b7l\u00edcula: d<span style=\"font-size: 12pt;\">ret de tots els infants que els sigui reconeguda i respectada la seva individualitat, dret dels infants a relacionar-se lliurement, sense ser prejutjats per les seves condicions particulars&#8230;<\/span><\/li>\n<\/ul>\n<p><span style=\"color: #99cc00;\">[Creativitat nadalenca]<\/span> <span id=\"result_box\" class=\"short_text\" lang=\"ca\"> <\/span><span id=\"result_box\" class=\"short_text\" lang=\"ca\"><span class=\"\">\u00ab<\/span><\/span><a href=\"http:\/\/ajuntament.barcelona.cat\/centrescivics\/ca\/detall\/cicle-nadal-al-sortidor-taller-decoracio-de-nadal-_99400606072.html\" target=\"_blank\" rel=\"noopener noreferrer\"><span style=\"color: #ff0000;\">Taller &#8216;Decoraci\u00f3 de Nadal&#8217;<\/span><\/a><span id=\"result_box\" class=\"short_text\" lang=\"ca\"><span class=\"\">\u00bb<\/span><\/span><span id=\"result_box\" class=\"short_text\" lang=\"ca\"><\/span><\/p>\n<ul style=\"list-style-type: square;\">\n<li>4 de desembre, de 19h a 21h<\/li>\n<li>Centre C\u00edvic El Sortidor (Sants-Montju\u00efc)<\/li>\n<li>Entrada gratu\u00efta, cal inscripci\u00f3 pr\u00e8via. Places limitades<\/li>\n<li>Infants \/ Joves<\/li>\n<li><strong>Qu\u00e8 \u00e9s?<\/strong> Confecci\u00f3 decoraci\u00f3 nadalenca b\u00e0sica, amb poc material i sense la necessitat de tenir cap nivell en la costura<\/li>\n<\/ul>\n<p><span style=\"color: #99cc00;\">[Diversitat sexual]<\/span> <span id=\"result_box\" class=\"short_text\" lang=\"ca\"><span class=\"\">\u00ab<\/span><\/span><a href=\"http:\/\/ajuntament.barcelona.cat\/agendajove\/es\/detall\/parlem-clar_99400608699.html\" target=\"_blank\" rel=\"noopener noreferrer\"><span style=\"color: #ff0000;\">Parlem Clar<\/span><\/a><span id=\"result_box\" class=\"short_text\" lang=\"ca\"><span class=\"\">\u00bb<\/span><\/span><span id=\"result_box\" class=\"short_text\" lang=\"ca\"><\/span><\/p>\n<ul style=\"list-style-type: square;\">\n<li>5 i 19 de desembre a les 19h<\/li>\n<li>Espai Jove Garcilaso (Sant Andreu)<\/li>\n<li>Entrada gratu\u00efta<\/li>\n<li>Joves (de 15 a 20 anys aprox)<\/li>\n<li><strong>Qu\u00e8 \u00e9s?<\/strong> Parlar amb un grup d&#8217;iguals sobre diversitat sexual i expressar inquietuds<\/li>\n<\/ul>\n<p><span style=\"color: #99cc00;\">[M\u00fasica] <\/span><span id=\"result_box\" class=\"short_text\" lang=\"ca\"><span class=\"\">\u00ab<\/span><\/span><a href=\"http:\/\/lameva.barcelona.cat\/districtecultural\/ca\/agenda\/notes-films\" target=\"_blank\" rel=\"noopener noreferrer\"><span style=\"color: #ff0000;\">Notes &amp; Films<\/span><\/a><span id=\"result_box\" class=\"short_text\" lang=\"ca\"><span class=\"\">\u00bb<\/span><\/span><\/p>\n<ul style=\"list-style-type: square;\">\n<li>2 de desembre a les 19h i 22 de desembre a les 17h30<\/li>\n<li>Centre C\u00edvic Sant Pere Ap\u00f2stol (2\/12) i Centre Cultural Albareda<\/li>\n<li>Entrada gratu\u00efta, cal inscripci\u00f3 pr\u00e8via<\/li>\n<li>Joves<\/li>\n<li><strong>Qu\u00e8 \u00e9s?<\/strong> Un concert amb regust de crispetes, ple de m\u00fasica i cinema. A l\u2019escenari la m\u00fasica de tres clarinets ambienten i posen veu als personatges de pel\u00b7l\u00edcules de Charles Chaplin o Buster Keaton, a personatges de curtmetratges d\u2019animaci\u00f3 i a hist\u00f2ries creades a trav\u00e9s de l\u2019stopmotion. Tot plegat amb una pinzellada de bon humor<\/li>\n<\/ul>\n<p><span id=\"result_box\" class=\"short_text\" lang=\"ca\" style=\"color: #99cc00;\"><span class=\"\">[Ci\u00e8ncies] <\/span><\/span><span id=\"result_box\" class=\"short_text\" lang=\"ca\"><span class=\"\">\u00ab<span style=\"color: #ff0000;\"><a href=\"https:\/\/guia.barcelona.cat\/es\/detall\/visita-al-planetario-municipal-el-cielo-desde-el-guinardo_99400327202.html\" target=\"_blank\" rel=\"noopener noreferrer\"><span style=\"color: #ff0000;\">El cel des del Guinard\u00f3<\/span><\/a><\/span><\/span><\/span><span id=\"result_box\" class=\"short_text\" lang=\"ca\"><span class=\"\">\u00bb<\/span><\/span><span id=\"result_box\" class=\"short_text\" lang=\"ca\" style=\"color: #99cc00;\"><span class=\"\"><br \/>\n<\/span><\/span><\/p>\n<ul style=\"list-style-type: square;\">\n<li>15 de desembre, de 10h a 11h \/ de 11h30 a 12h30<\/li>\n<li>Planetari Municipal de Barcelona (Horta-Guinard\u00f3)<\/li>\n<li>1\u20ac<\/li>\n<li>Infants (a partir de 5 anys) \/ Joves<\/li>\n<li><strong>Qu\u00e8 \u00e9s?<\/strong> V<span id=\"result_box\" class=\"\" lang=\"ca\"><span class=\"\">isita<\/span> comentada per a tota la fam\u00edlia en la qual s&#8217;explica qu\u00e8 es pot veure <span class=\"\">des de la Terra<\/span> <span class=\"\">mirant<\/span> el cel i tamb\u00e9 s&#8217;expliquen els planetes del sistema solar, entre d&#8217;altres <span class=\"\">temes<\/span><\/span><\/li>\n<\/ul>\n<p><span style=\"color: #99cc00;\">[Creativitat nadalenca]<\/span> <span id=\"result_box\" class=\"short_text\" lang=\"ca\"><span class=\"\">\u00ab<\/span><\/span><a href=\"http:\/\/ajuntament.barcelona.cat\/centrescivics\/ca\/detall\/taller-brodat-nadalenc-decoracions-per-l-arbre-de-nadal-nou_99400605700.html\" target=\"_blank\" rel=\"noopener noreferrer\"><span style=\"color: #ff0000;\">Brodat nadalenc: decoracions per l&#8217;arbre de Nadal<\/span><\/a><span id=\"result_box\" class=\"short_text\" lang=\"ca\"><span class=\"\">\u00bb<\/span><\/span><span id=\"result_box\" class=\"short_text\" lang=\"ca\"><\/span><\/p>\n<ul style=\"list-style-type: square;\">\n<li>15 de desembre, de 10h30 a 13h30<\/li>\n<li>Centre C\u00edvic Villa Ur\u00e0nia (Sarri\u00e0-Sant Gervasi)<\/li>\n<li>Entrada gratu\u00efta, cal inscripci\u00f3 pr\u00e8via. Places limitades.<\/li>\n<li>Infants \/ Joves<\/li>\n<li><strong>Qu\u00e8 \u00e9s?<\/strong> Apr\u00e8n a brodar decoracions en feltre per l&#8217;arbre de Nadal. Brodarem motius inspirats en les galetes de gingebre i els flocs de neu, en vermell i blanc. No es necessiten coneixements previs de brodat ni de costura<\/li>\n<\/ul>\n<p><span style=\"color: #99cc00;\">[Dansa <span id=\"result_box\" class=\"short_text\" lang=\"ca\"><span class=\"\">contempor\u00e0nia<\/span><\/span>]<\/span> <span id=\"result_box\" class=\"short_text\" lang=\"ca\"><span class=\"\">\u00ab<\/span><\/span><a href=\"http:\/\/ajuntament.barcelona.cat\/centrescivics\/ca\/detall\/cicle-de-dansa-contemporanis-a-la-barceloneta-espectacle-la-piel-vacia_99400606013.html\" target=\"_blank\" rel=\"noopener noreferrer\"><span style=\"color: #ff0000;\">Espectacle <span class=\"notranslate\">&#8216;La piel vac\u00eda&#8217;<span id=\"result_box\" class=\"short_text\" lang=\"ca\"><\/span><\/span><\/span><\/a><span id=\"result_box\" class=\"short_text\" lang=\"ca\"><span class=\"\">\u00bb<\/span><\/span><\/p>\n<ul style=\"list-style-type: square;\">\n<li>20 de desembre, a les 20h<\/li>\n<li>Centre C\u00edvic Barceloneta (Ciutat Vella)<\/li>\n<li>Entrada gratu\u00efta<\/li>\n<li>Joves<\/li>\n<li><strong>Qu\u00e8 \u00e9s?<\/strong> Espectacle de dansa contempor\u00e0nia que q\u00fcestiona els temes de tractament, valor, sentit i sentir de la forma<\/li>\n<\/ul>\n<p><span style=\"color: #99cc00;\">[Activitat nadalenques]<\/span> <span id=\"result_box\" class=\"short_text\" lang=\"ca\"><span class=\"\">\u00ab<\/span><\/span><a href=\"http:\/\/ajuntament.barcelona.cat\/museuetnologic\/ca\/nadal-2018\" target=\"_blank\" rel=\"noopener noreferrer\"><span style=\"color: #ff0000;\">Contes i llegendes a la vora del foc<\/span><\/a><span id=\"result_box\" class=\"short_text\" lang=\"ca\"><span class=\"\">\u00bb<\/span><\/span><\/p>\n<ul style=\"list-style-type: square;\">\n<li>28 de desembre, a les 11h30 i les 12h30<\/li>\n<li>Museu Etnol\u00f2gic i de Cultures del M\u00f3n (Montcada\/Montju\u00efc)<\/li>\n<li>Activitat gratu\u00efta cal inscripci\u00f3 pr\u00e8via<\/li>\n<li>Infants \/ Joves<\/li>\n<li><strong>Qu\u00e8 \u00e9s?<\/strong> El Jep Gasulla, un actor i animador que \u00e9s tot un expert en posar al dia de la manera m\u00e9s fresca i divertida la cultura popular, reviu al voltant d&#8217;un foc virtual tot de narracions que han passat de pares a fills gr\u00e0cies a la tradici\u00f3 oral<\/li>\n<\/ul>\n<p><span style=\"color: #99cc00;\">[Coneix Barcelona]<\/span> <span id=\"result_box\" class=\"short_text\" lang=\"ca\"><span class=\"\">\u00ab<\/span><\/span><a href=\"https:\/\/www.timeout.es\/barcelona\/es\/lugares-de-interes\/universitat-de-barcelona#tab_panel_2\" target=\"_blank\" rel=\"noopener noreferrer\"><span style=\"color: #ff0000;\">Passejar a la Universitat de Barcelona<\/span><\/a><span id=\"result_box\" class=\"short_text\" lang=\"ca\"><span class=\"\">\u00bb<\/span><\/span><\/p>\n<ul style=\"list-style-type: square;\">\n<li>Tots els dies<\/li>\n<li>Universitat de Barcelona<\/li>\n<li>Entrada gratu\u00efta<\/li>\n<li>Infants \/ Joves<\/li>\n<li><strong>Qu\u00e8 \u00e9s?<\/strong> <span id=\"result_box\" class=\"\" lang=\"ca\"><span class=\"\">Passejar<\/span> <span class=\"\">a la Universitat<\/span> <span class=\"\">de Barcelona<\/span>: <span class=\"\">recorda<\/span> a Hogwarts de <span class=\"\">Harry Potter<\/span><\/span><\/li>\n<\/ul>\n<p><span style=\"color: #99cc00;\">[Salut]<\/span> <span id=\"result_box\" class=\"short_text\" lang=\"ca\"><span class=\"\">\u00ab<\/span><\/span><span style=\"color: #99cc00;\"><span style=\"color: #ff0000;\"><a href=\"http:\/\/ajuntament.barcelona.cat\/joves\/ca\/noticia\/obre-lespai-konsultam-un-servei-de-suport-psicolzegic-per-a-joves-i-adolescents\" target=\"_blank\" rel=\"noopener noreferrer\"><span style=\"color: #ff0000;\">Espai Konsulta&#8217;m<\/span><\/a><\/span><\/span><span id=\"result_box\" class=\"short_text\" lang=\"ca\"><span class=\"\">\u00bb<\/span><\/span><\/p>\n<ul style=\"list-style-type: square;\">\n<li>Dijous de 16:30 a 20:30 hores \/ dimecres de 16 a 20 hores \/ dimecres de 16 a 20 hores \/ dimecres de 14 a 17:30 hores<\/li>\n<li>Casal de joves Palau Al\u00f2s \/ Espai Via Barcino-Centre C\u00edvic Trinitat Vella \/ Centre c\u00edvic Zona Nord \/ La Marina<\/li>\n<li>Entrada gratu\u00efta<\/li>\n<li>Joves (entre 12 i 22 anys)<\/li>\n<li><strong>Qu\u00e8 \u00e9s?<\/strong> El servei \u00e9s obert a tots els adolescents i joves que necessiten una resposta especialitzada, \u00e0gil i immediata al seu malestar o patiment aix\u00ed com els familiars que requereixen una orientaci\u00f3 i recolzament especialitzats<\/li>\n<\/ul>\n","protected":false},"excerpt":{"rendered":"<p>&nbsp; Ja est\u00e0 arribant l&#8217;\u00e8poca nadalenca! Voluntaris, volunt\u00e0ries, aquest mes de desembre podreu celebrar el moment m\u00e9s festiu de l&#8217;any amb enT\u00e0ndem, en un molt bon ambient! Us presentem una selecci\u00f3 d&#8217;activitats i sortides que us permetran descobrir un altre costat de Barcelona! T&#8217;avisem que, per la majoria de les activitats d&#8217;aquesta agenda, has d&#8217;inscriure&#8217;t &hellip; <a href=\"https:\/\/entandem.cat\/es\/recursos-es\/agenda-cultural-desembre-2018\/\">Continued<\/a><\/p>\n","protected":false},"author":1,"featured_media":5252,"comment_status":"closed","ping_status":"open","sticky":false,"template":"","format":"standard","meta":{"footnotes":""},"categories":[655,320],"tags":[330,510,564,511,565,566,567,568,569,570],"class_list":["post-5288","post","type-post","status-publish","format-standard","has-post-thumbnail","hentry","category-barcelona-es","category-recursos-es","tag-afev-es","tag-agenda-cultural-es","tag-barcelona-es","tag-cine-es","tag-cultura-es","tag-dansa-es","tag-desembre-es","tag-musica-es","tag-nadal-es","tag-salut-es"],"yoast_head":"<!-- This site is optimized with the Yoast SEO plugin v27.0 - https:\/\/yoast.com\/product\/yoast-seo-wordpress\/ -->\n<title>Agenda Cultural - Desembre 2018 (BCN) - enT\u00e0ndem<\/title>\n<meta name=\"robots\" content=\"index, follow, max-snippet:-1, max-image-preview:large, max-video-preview:-1\" \/>\n<link rel=\"canonical\" href=\"https:\/\/entandem.cat\/es\/recursos-es\/agenda-cultural-desembre-2018\/\" \/>\n<meta property=\"og:locale\" content=\"es_ES\" \/>\n<meta property=\"og:type\" content=\"article\" \/>\n<meta property=\"og:title\" content=\"Agenda Cultural - Desembre 2018 (BCN) - enT\u00e0ndem\" \/>\n<meta property=\"og:description\" content=\"&nbsp; Ja est\u00e0 arribant l&#8217;\u00e8poca nadalenca! Voluntaris, volunt\u00e0ries, aquest mes de desembre podreu celebrar el moment m\u00e9s festiu de l&#8217;any amb enT\u00e0ndem, en un molt bon ambient! Us presentem una selecci\u00f3 d&#8217;activitats i sortides que us permetran descobrir un altre costat de Barcelona! T&#8217;avisem que, per la majoria de les activitats d&#8217;aquesta agenda, has d&#8217;inscriure&#8217;t &hellip; Continued\" \/>\n<meta property=\"og:url\" content=\"https:\/\/entandem.cat\/es\/recursos-es\/agenda-cultural-desembre-2018\/\" \/>\n<meta property=\"og:site_name\" content=\"enT\u00e0ndem\" \/>\n<meta property=\"article:publisher\" content=\"https:\/\/www.facebook.com\/afevcat\" \/>\n<meta property=\"article:published_time\" content=\"2018-11-26T13:48:32+00:00\" \/>\n<meta property=\"article:modified_time\" content=\"2019-09-26T11:42:10+00:00\" \/>\n<meta property=\"og:image\" content=\"https:\/\/entandem.cat\/wp-content\/uploads\/2018\/11\/Agenda-Cultural-Desembre-2018.jpg\" \/>\n\t<meta property=\"og:image:width\" content=\"2592\" \/>\n\t<meta property=\"og:image:height\" content=\"1728\" \/>\n\t<meta property=\"og:image:type\" content=\"image\/jpeg\" \/>\n<meta name=\"author\" content=\"adminTandem\" \/>\n<meta name=\"twitter:card\" content=\"summary_large_image\" \/>\n<meta name=\"twitter:creator\" content=\"@afevcat\" \/>\n<meta name=\"twitter:site\" content=\"@afevcat\" \/>\n<meta name=\"twitter:label1\" content=\"Escrito por\" \/>\n\t<meta name=\"twitter:data1\" content=\"adminTandem\" \/>\n\t<meta name=\"twitter:label2\" content=\"Tiempo de lectura\" \/>\n\t<meta name=\"twitter:data2\" content=\"5 minutos\" \/>\n<script type=\"application\/ld+json\" class=\"yoast-schema-graph\">{\"@context\":\"https:\/\/schema.org\",\"@graph\":[{\"@type\":\"Article\",\"@id\":\"https:\/\/entandem.cat\/es\/recursos-es\/agenda-cultural-desembre-2018\/#article\",\"isPartOf\":{\"@id\":\"https:\/\/entandem.cat\/es\/recursos-es\/agenda-cultural-desembre-2018\/\"},\"author\":{\"name\":\"adminTandem\",\"@id\":\"https:\/\/entandem.cat\/#\/schema\/person\/2111428ce1954193a11054a1e2b5b0da\"},\"headline\":\"Agenda Cultural &#8211; Desembre 2018 (BCN)\",\"datePublished\":\"2018-11-26T13:48:32+00:00\",\"dateModified\":\"2019-09-26T11:42:10+00:00\",\"mainEntityOfPage\":{\"@id\":\"https:\/\/entandem.cat\/es\/recursos-es\/agenda-cultural-desembre-2018\/\"},\"wordCount\":1006,\"publisher\":{\"@id\":\"https:\/\/entandem.cat\/#organization\"},\"image\":{\"@id\":\"https:\/\/entandem.cat\/es\/recursos-es\/agenda-cultural-desembre-2018\/#primaryimage\"},\"thumbnailUrl\":\"https:\/\/entandem.cat\/wp-content\/uploads\/2018\/11\/Agenda-Cultural-Desembre-2018.jpg\",\"keywords\":[\"afev\",\"agenda cultural\",\"barcelona\",\"cine\",\"cultura\",\"dansa\",\"desembre\",\"musica\",\"Nadal\",\"salut\"],\"articleSection\":[\"Barcelona\",\"Recursos\"],\"inLanguage\":\"es\"},{\"@type\":\"WebPage\",\"@id\":\"https:\/\/entandem.cat\/es\/recursos-es\/agenda-cultural-desembre-2018\/\",\"url\":\"https:\/\/entandem.cat\/es\/recursos-es\/agenda-cultural-desembre-2018\/\",\"name\":\"Agenda Cultural - Desembre 2018 (BCN) - enT\u00e0ndem\",\"isPartOf\":{\"@id\":\"https:\/\/entandem.cat\/#website\"},\"primaryImageOfPage\":{\"@id\":\"https:\/\/entandem.cat\/es\/recursos-es\/agenda-cultural-desembre-2018\/#primaryimage\"},\"image\":{\"@id\":\"https:\/\/entandem.cat\/es\/recursos-es\/agenda-cultural-desembre-2018\/#primaryimage\"},\"thumbnailUrl\":\"https:\/\/entandem.cat\/wp-content\/uploads\/2018\/11\/Agenda-Cultural-Desembre-2018.jpg\",\"datePublished\":\"2018-11-26T13:48:32+00:00\",\"dateModified\":\"2019-09-26T11:42:10+00:00\",\"breadcrumb\":{\"@id\":\"https:\/\/entandem.cat\/es\/recursos-es\/agenda-cultural-desembre-2018\/#breadcrumb\"},\"inLanguage\":\"es\",\"potentialAction\":[{\"@type\":\"ReadAction\",\"target\":[\"https:\/\/entandem.cat\/es\/recursos-es\/agenda-cultural-desembre-2018\/\"]}]},{\"@type\":\"ImageObject\",\"inLanguage\":\"es\",\"@id\":\"https:\/\/entandem.cat\/es\/recursos-es\/agenda-cultural-desembre-2018\/#primaryimage\",\"url\":\"https:\/\/entandem.cat\/wp-content\/uploads\/2018\/11\/Agenda-Cultural-Desembre-2018.jpg\",\"contentUrl\":\"https:\/\/entandem.cat\/wp-content\/uploads\/2018\/11\/Agenda-Cultural-Desembre-2018.jpg\",\"width\":2592,\"height\":1728},{\"@type\":\"BreadcrumbList\",\"@id\":\"https:\/\/entandem.cat\/es\/recursos-es\/agenda-cultural-desembre-2018\/#breadcrumb\",\"itemListElement\":[{\"@type\":\"ListItem\",\"position\":1,\"name\":\"Inici\",\"item\":\"https:\/\/entandem.cat\/es\/\"},{\"@type\":\"ListItem\",\"position\":2,\"name\":\"Agenda Cultural &#8211; Desembre 2018 (BCN)\"}]},{\"@type\":\"WebSite\",\"@id\":\"https:\/\/entandem.cat\/#website\",\"url\":\"https:\/\/entandem.cat\/\",\"name\":\"enT\u00e0ndem\",\"description\":\"Voluntariat Social Universitari\",\"publisher\":{\"@id\":\"https:\/\/entandem.cat\/#organization\"},\"potentialAction\":[{\"@type\":\"SearchAction\",\"target\":{\"@type\":\"EntryPoint\",\"urlTemplate\":\"https:\/\/entandem.cat\/?s={search_term_string}\"},\"query-input\":{\"@type\":\"PropertyValueSpecification\",\"valueRequired\":true,\"valueName\":\"search_term_string\"}}],\"inLanguage\":\"es\"},{\"@type\":\"Organization\",\"@id\":\"https:\/\/entandem.cat\/#organization\",\"name\":\"enT\u00e0ndem\",\"url\":\"https:\/\/entandem.cat\/\",\"logo\":{\"@type\":\"ImageObject\",\"inLanguage\":\"es\",\"@id\":\"https:\/\/entandem.cat\/#\/schema\/logo\/image\/\",\"url\":\"https:\/\/entandem.cat\/wp-content\/uploads\/2016\/12\/logo-entandem.png\",\"contentUrl\":\"https:\/\/entandem.cat\/wp-content\/uploads\/2016\/12\/logo-entandem.png\",\"width\":166,\"height\":44,\"caption\":\"enT\u00e0ndem\"},\"image\":{\"@id\":\"https:\/\/entandem.cat\/#\/schema\/logo\/image\/\"},\"sameAs\":[\"https:\/\/www.facebook.com\/afevcat\",\"https:\/\/x.com\/afevcat\",\"https:\/\/www.instagram.com\/afevcat\/\"]},{\"@type\":\"Person\",\"@id\":\"https:\/\/entandem.cat\/#\/schema\/person\/2111428ce1954193a11054a1e2b5b0da\",\"name\":\"adminTandem\"}]}<\/script>\n<!-- \/ Yoast SEO plugin. -->","yoast_head_json":{"title":"Agenda Cultural - Desembre 2018 (BCN) - enT\u00e0ndem","robots":{"index":"index","follow":"follow","max-snippet":"max-snippet:-1","max-image-preview":"max-image-preview:large","max-video-preview":"max-video-preview:-1"},"canonical":"https:\/\/entandem.cat\/es\/recursos-es\/agenda-cultural-desembre-2018\/","og_locale":"es_ES","og_type":"article","og_title":"Agenda Cultural - Desembre 2018 (BCN) - enT\u00e0ndem","og_description":"&nbsp; Ja est\u00e0 arribant l&#8217;\u00e8poca nadalenca! Voluntaris, volunt\u00e0ries, aquest mes de desembre podreu celebrar el moment m\u00e9s festiu de l&#8217;any amb enT\u00e0ndem, en un molt bon ambient! Us presentem una selecci\u00f3 d&#8217;activitats i sortides que us permetran descobrir un altre costat de Barcelona! T&#8217;avisem que, per la majoria de les activitats d&#8217;aquesta agenda, has d&#8217;inscriure&#8217;t &hellip; Continued","og_url":"https:\/\/entandem.cat\/es\/recursos-es\/agenda-cultural-desembre-2018\/","og_site_name":"enT\u00e0ndem","article_publisher":"https:\/\/www.facebook.com\/afevcat","article_published_time":"2018-11-26T13:48:32+00:00","article_modified_time":"2019-09-26T11:42:10+00:00","og_image":[{"width":2592,"height":1728,"url":"https:\/\/entandem.cat\/wp-content\/uploads\/2018\/11\/Agenda-Cultural-Desembre-2018.jpg","type":"image\/jpeg"}],"author":"adminTandem","twitter_card":"summary_large_image","twitter_creator":"@afevcat","twitter_site":"@afevcat","twitter_misc":{"Escrito por":"adminTandem","Tiempo de lectura":"5 minutos"},"schema":{"@context":"https:\/\/schema.org","@graph":[{"@type":"Article","@id":"https:\/\/entandem.cat\/es\/recursos-es\/agenda-cultural-desembre-2018\/#article","isPartOf":{"@id":"https:\/\/entandem.cat\/es\/recursos-es\/agenda-cultural-desembre-2018\/"},"author":{"name":"adminTandem","@id":"https:\/\/entandem.cat\/#\/schema\/person\/2111428ce1954193a11054a1e2b5b0da"},"headline":"Agenda Cultural &#8211; Desembre 2018 (BCN)","datePublished":"2018-11-26T13:48:32+00:00","dateModified":"2019-09-26T11:42:10+00:00","mainEntityOfPage":{"@id":"https:\/\/entandem.cat\/es\/recursos-es\/agenda-cultural-desembre-2018\/"},"wordCount":1006,"publisher":{"@id":"https:\/\/entandem.cat\/#organization"},"image":{"@id":"https:\/\/entandem.cat\/es\/recursos-es\/agenda-cultural-desembre-2018\/#primaryimage"},"thumbnailUrl":"https:\/\/entandem.cat\/wp-content\/uploads\/2018\/11\/Agenda-Cultural-Desembre-2018.jpg","keywords":["afev","agenda cultural","barcelona","cine","cultura","dansa","desembre","musica","Nadal","salut"],"articleSection":["Barcelona","Recursos"],"inLanguage":"es"},{"@type":"WebPage","@id":"https:\/\/entandem.cat\/es\/recursos-es\/agenda-cultural-desembre-2018\/","url":"https:\/\/entandem.cat\/es\/recursos-es\/agenda-cultural-desembre-2018\/","name":"Agenda Cultural - Desembre 2018 (BCN) - enT\u00e0ndem","isPartOf":{"@id":"https:\/\/entandem.cat\/#website"},"primaryImageOfPage":{"@id":"https:\/\/entandem.cat\/es\/recursos-es\/agenda-cultural-desembre-2018\/#primaryimage"},"image":{"@id":"https:\/\/entandem.cat\/es\/recursos-es\/agenda-cultural-desembre-2018\/#primaryimage"},"thumbnailUrl":"https:\/\/entandem.cat\/wp-content\/uploads\/2018\/11\/Agenda-Cultural-Desembre-2018.jpg","datePublished":"2018-11-26T13:48:32+00:00","dateModified":"2019-09-26T11:42:10+00:00","breadcrumb":{"@id":"https:\/\/entandem.cat\/es\/recursos-es\/agenda-cultural-desembre-2018\/#breadcrumb"},"inLanguage":"es","potentialAction":[{"@type":"ReadAction","target":["https:\/\/entandem.cat\/es\/recursos-es\/agenda-cultural-desembre-2018\/"]}]},{"@type":"ImageObject","inLanguage":"es","@id":"https:\/\/entandem.cat\/es\/recursos-es\/agenda-cultural-desembre-2018\/#primaryimage","url":"https:\/\/entandem.cat\/wp-content\/uploads\/2018\/11\/Agenda-Cultural-Desembre-2018.jpg","contentUrl":"https:\/\/entandem.cat\/wp-content\/uploads\/2018\/11\/Agenda-Cultural-Desembre-2018.jpg","width":2592,"height":1728},{"@type":"BreadcrumbList","@id":"https:\/\/entandem.cat\/es\/recursos-es\/agenda-cultural-desembre-2018\/#breadcrumb","itemListElement":[{"@type":"ListItem","position":1,"name":"Inici","item":"https:\/\/entandem.cat\/es\/"},{"@type":"ListItem","position":2,"name":"Agenda Cultural &#8211; Desembre 2018 (BCN)"}]},{"@type":"WebSite","@id":"https:\/\/entandem.cat\/#website","url":"https:\/\/entandem.cat\/","name":"enT\u00e0ndem","description":"Voluntariat Social Universitari","publisher":{"@id":"https:\/\/entandem.cat\/#organization"},"potentialAction":[{"@type":"SearchAction","target":{"@type":"EntryPoint","urlTemplate":"https:\/\/entandem.cat\/?s={search_term_string}"},"query-input":{"@type":"PropertyValueSpecification","valueRequired":true,"valueName":"search_term_string"}}],"inLanguage":"es"},{"@type":"Organization","@id":"https:\/\/entandem.cat\/#organization","name":"enT\u00e0ndem","url":"https:\/\/entandem.cat\/","logo":{"@type":"ImageObject","inLanguage":"es","@id":"https:\/\/entandem.cat\/#\/schema\/logo\/image\/","url":"https:\/\/entandem.cat\/wp-content\/uploads\/2016\/12\/logo-entandem.png","contentUrl":"https:\/\/entandem.cat\/wp-content\/uploads\/2016\/12\/logo-entandem.png","width":166,"height":44,"caption":"enT\u00e0ndem"},"image":{"@id":"https:\/\/entandem.cat\/#\/schema\/logo\/image\/"},"sameAs":["https:\/\/www.facebook.com\/afevcat","https:\/\/x.com\/afevcat","https:\/\/www.instagram.com\/afevcat\/"]},{"@type":"Person","@id":"https:\/\/entandem.cat\/#\/schema\/person\/2111428ce1954193a11054a1e2b5b0da","name":"adminTandem"}]}},"_links":{"self":[{"href":"https:\/\/entandem.cat\/es\/wp-json\/wp\/v2\/posts\/5288","targetHints":{"allow":["GET"]}}],"collection":[{"href":"https:\/\/entandem.cat\/es\/wp-json\/wp\/v2\/posts"}],"about":[{"href":"https:\/\/entandem.cat\/es\/wp-json\/wp\/v2\/types\/post"}],"author":[{"embeddable":true,"href":"https:\/\/entandem.cat\/es\/wp-json\/wp\/v2\/users\/1"}],"replies":[{"embeddable":true,"href":"https:\/\/entandem.cat\/es\/wp-json\/wp\/v2\/comments?post=5288"}],"version-history":[{"count":0,"href":"https:\/\/entandem.cat\/es\/wp-json\/wp\/v2\/posts\/5288\/revisions"}],"wp:featuredmedia":[{"embeddable":true,"href":"https:\/\/entandem.cat\/es\/wp-json\/wp\/v2\/media\/5252"}],"wp:attachment":[{"href":"https:\/\/entandem.cat\/es\/wp-json\/wp\/v2\/media?parent=5288"}],"wp:term":[{"taxonomy":"category","embeddable":true,"href":"https:\/\/entandem.cat\/es\/wp-json\/wp\/v2\/categories?post=5288"},{"taxonomy":"post_tag","embeddable":true,"href":"https:\/\/entandem.cat\/es\/wp-json\/wp\/v2\/tags?post=5288"}],"curies":[{"name":"wp","href":"https:\/\/api.w.org\/{rel}","templated":true}]}}