{"id":5011,"date":"2018-06-15T17:00:50","date_gmt":"2018-06-15T17:00:50","guid":{"rendered":"http:\/\/entandem.cat\/es\/?p=5011"},"modified":"2018-08-31T11:21:13","modified_gmt":"2018-08-31T11:21:13","slug":"entrevista-la-laia-el-mario-lasier-al-programa-al-teu-costat-radio-4","status":"publish","type":"post","link":"https:\/\/entandem.cat\/es\/prensa\/entrevista-la-laia-el-mario-lasier-al-programa-al-teu-costat-radio-4\/","title":{"rendered":"Entrevista a la Laia, el Mario i l&#8217;Asier al programa Al teu Costat &#8211; R\u00e0dio 4"},"content":{"rendered":"<h5>Amb motiu del Premi Voluntariat 2017, atorgat per la Generalitat de Catalunya el passat 26 d&#8217;abril, a l&#8217;AFEV, ens reben en Jordi Vila i en Ramon Castell\u00f3 al programa Al teu costat del mat\u00ed de r\u00e0dio 4. Entrevisten a la Laia Bernu\u00e9s, delegada territorial de l&#8217;AFEV i dos mentors voluntaris del projecte de mentoria social enT\u00e0ndem, el Mario i l&#8217;Asier.<\/h5>\n<p>Escolteu-los a partir del minut 26&#8242;<\/p>\n<p>Per <a href=\"http:\/\/www.rtve.es\/radio\/radio4\/\">R\u00e0dio 4 <span class=\"st\">100.8<\/span> fm<\/a><\/p>\n<div style=\"width: 100%; padding-top: 74px; position: relative; border-bottom: 1px solid #aaa; display: inline-block; background: rgba(255,255,255,0.9);\"><iframe loading=\"lazy\" style=\"width: 100%; height: 37px; position: absolute; left: 0; top: 0; overflow: hidden;\" src=\"http:\/\/www.rtve.es\/drmn\/embed\/audio\/4635310\" name=\"El mat\u00ed a R\u00e0dio 4 - 15 de juny de 2018 - 4a hora\" width=\"300\" height=\"150\" frameborder=\"0\" scrolling=\"no\" allowfullscreen=\"allowfullscreen\" data-mce-fragment=\"1\"><\/iframe><\/p>\n<div style=\"position: absolute; bottom: 0; left: 0; font-family: arial,helvetica,sans-serif; font-size: 12px; line-height: 1.833; display: inline-block; padding: 5px 0 5px 10px;\"><span style=\"float: left; margin-right: 10px;\"> <img decoding=\"async\" style=\"height: 20px; width: auto; background: transparent; padding: 0; margin: 0;\" src=\"http:\/\/img.irtve.es\/css\/rtve.commons\/rtve.header.footer\/i\/logoRTVEes.png\" \/> <\/span> <a style=\"color: #333; font-weight: bold;\" title=\"El mat\u00ed a R\u00e0dio 4 - 15 de juny de 2018 - 4a hora\" href=\"http:\/\/www.rtve.es\/alacarta\/audios\/el-mati-a-radio-4\/mati-radio-4-15-juny-2018-4a-hora\/4635310\/\"> <strong>El mat\u00ed a R\u00e0dio 4 &#8211; 15 de juny de 2018 &#8211; 4a hora<\/strong> <\/a><\/div>\n<\/div>\n<p>&nbsp;<\/p>\n<p>Tamb\u00e9 a:<a href=\"http:\/\/www.rtve.es\/alacarta\/audios\/el-mati-a-radio-4\/mati-radio-4-15-juny-2018-4a-hora\/4635310\/\"> http:\/\/www.rtve.es\/alacarta\/audios\/el-mati-a-radio-4\/mati-radio-4-15-juny-2018-4a-hora\/4635310\/<\/a><\/p>\n","protected":false},"excerpt":{"rendered":"<p>Amb motiu del Premi Voluntariat 2017, atorgat per la Generalitat de Catalunya el passat 26 d&#8217;abril, a l&#8217;AFEV, ens reben en Jordi Vila i en Ramon Castell\u00f3 al programa Al teu costat del mat\u00ed de r\u00e0dio 4. Entrevisten a la Laia Bernu\u00e9s, delegada territorial de l&#8217;AFEV i dos mentors voluntaris del projecte de mentoria social &hellip; <a href=\"https:\/\/entandem.cat\/es\/prensa\/entrevista-la-laia-el-mario-lasier-al-programa-al-teu-costat-radio-4\/\">Continued<\/a><\/p>\n","protected":false},"author":1,"featured_media":5006,"comment_status":"closed","ping_status":"open","sticky":false,"template":"","format":"standard","meta":{"footnotes":""},"categories":[319],"tags":[],"class_list":["post-5011","post","type-post","status-publish","format-standard","has-post-thumbnail","hentry","category-prensa"],"yoast_head":"<!-- This site is optimized with the Yoast SEO plugin v27.0 - https:\/\/yoast.com\/product\/yoast-seo-wordpress\/ -->\n<title>Entrevista a la Laia, el Mario i l&#039;Asier al programa Al teu Costat - R\u00e0dio 4 - enT\u00e0ndem<\/title>\n<meta name=\"robots\" content=\"index, follow, max-snippet:-1, max-image-preview:large, max-video-preview:-1\" \/>\n<link rel=\"canonical\" href=\"https:\/\/entandem.cat\/es\/prensa\/entrevista-la-laia-el-mario-lasier-al-programa-al-teu-costat-radio-4\/\" \/>\n<meta property=\"og:locale\" content=\"es_ES\" \/>\n<meta property=\"og:type\" content=\"article\" \/>\n<meta property=\"og:title\" content=\"Entrevista a la Laia, el Mario i l&#039;Asier al programa Al teu Costat - R\u00e0dio 4 - enT\u00e0ndem\" \/>\n<meta property=\"og:description\" content=\"Amb motiu del Premi Voluntariat 2017, atorgat per la Generalitat de Catalunya el passat 26 d&#8217;abril, a l&#8217;AFEV, ens reben en Jordi Vila i en Ramon Castell\u00f3 al programa Al teu costat del mat\u00ed de r\u00e0dio 4. Entrevisten a la Laia Bernu\u00e9s, delegada territorial de l&#8217;AFEV i dos mentors voluntaris del projecte de mentoria social &hellip; Continued\" \/>\n<meta property=\"og:url\" content=\"https:\/\/entandem.cat\/es\/prensa\/entrevista-la-laia-el-mario-lasier-al-programa-al-teu-costat-radio-4\/\" \/>\n<meta property=\"og:site_name\" content=\"enT\u00e0ndem\" \/>\n<meta property=\"article:publisher\" content=\"https:\/\/www.facebook.com\/afevcat\" \/>\n<meta property=\"article:published_time\" content=\"2018-06-15T17:00:50+00:00\" \/>\n<meta property=\"article:modified_time\" content=\"2018-08-31T11:21:13+00:00\" \/>\n<meta property=\"og:image\" content=\"https:\/\/entandem.cat\/wp-content\/uploads\/2018\/08\/WhatsApp-Image-2018-06-15-at-12.11.44.jpeg\" \/>\n\t<meta property=\"og:image:width\" content=\"1600\" \/>\n\t<meta property=\"og:image:height\" content=\"898\" \/>\n\t<meta property=\"og:image:type\" content=\"image\/jpeg\" \/>\n<meta name=\"author\" content=\"adminTandem\" \/>\n<meta name=\"twitter:card\" content=\"summary_large_image\" \/>\n<meta name=\"twitter:creator\" content=\"@afevcat\" \/>\n<meta name=\"twitter:site\" content=\"@afevcat\" \/>\n<meta name=\"twitter:label1\" content=\"Escrito por\" \/>\n\t<meta name=\"twitter:data1\" content=\"adminTandem\" \/>\n<script type=\"application\/ld+json\" class=\"yoast-schema-graph\">{\"@context\":\"https:\/\/schema.org\",\"@graph\":[{\"@type\":\"Article\",\"@id\":\"https:\/\/entandem.cat\/es\/prensa\/entrevista-la-laia-el-mario-lasier-al-programa-al-teu-costat-radio-4\/#article\",\"isPartOf\":{\"@id\":\"https:\/\/entandem.cat\/es\/prensa\/entrevista-la-laia-el-mario-lasier-al-programa-al-teu-costat-radio-4\/\"},\"author\":{\"name\":\"adminTandem\",\"@id\":\"https:\/\/entandem.cat\/#\/schema\/person\/2111428ce1954193a11054a1e2b5b0da\"},\"headline\":\"Entrevista a la Laia, el Mario i l&#8217;Asier al programa Al teu Costat &#8211; R\u00e0dio 4\",\"datePublished\":\"2018-06-15T17:00:50+00:00\",\"dateModified\":\"2018-08-31T11:21:13+00:00\",\"mainEntityOfPage\":{\"@id\":\"https:\/\/entandem.cat\/es\/prensa\/entrevista-la-laia-el-mario-lasier-al-programa-al-teu-costat-radio-4\/\"},\"wordCount\":117,\"publisher\":{\"@id\":\"https:\/\/entandem.cat\/#organization\"},\"image\":{\"@id\":\"https:\/\/entandem.cat\/es\/prensa\/entrevista-la-laia-el-mario-lasier-al-programa-al-teu-costat-radio-4\/#primaryimage\"},\"thumbnailUrl\":\"https:\/\/entandem.cat\/wp-content\/uploads\/2018\/08\/WhatsApp-Image-2018-06-15-at-12.11.44.jpeg\",\"articleSection\":[\"Prensa\"],\"inLanguage\":\"es\"},{\"@type\":\"WebPage\",\"@id\":\"https:\/\/entandem.cat\/es\/prensa\/entrevista-la-laia-el-mario-lasier-al-programa-al-teu-costat-radio-4\/\",\"url\":\"https:\/\/entandem.cat\/es\/prensa\/entrevista-la-laia-el-mario-lasier-al-programa-al-teu-costat-radio-4\/\",\"name\":\"Entrevista a la Laia, el Mario i l'Asier al programa Al teu Costat - R\u00e0dio 4 - enT\u00e0ndem\",\"isPartOf\":{\"@id\":\"https:\/\/entandem.cat\/#website\"},\"primaryImageOfPage\":{\"@id\":\"https:\/\/entandem.cat\/es\/prensa\/entrevista-la-laia-el-mario-lasier-al-programa-al-teu-costat-radio-4\/#primaryimage\"},\"image\":{\"@id\":\"https:\/\/entandem.cat\/es\/prensa\/entrevista-la-laia-el-mario-lasier-al-programa-al-teu-costat-radio-4\/#primaryimage\"},\"thumbnailUrl\":\"https:\/\/entandem.cat\/wp-content\/uploads\/2018\/08\/WhatsApp-Image-2018-06-15-at-12.11.44.jpeg\",\"datePublished\":\"2018-06-15T17:00:50+00:00\",\"dateModified\":\"2018-08-31T11:21:13+00:00\",\"breadcrumb\":{\"@id\":\"https:\/\/entandem.cat\/es\/prensa\/entrevista-la-laia-el-mario-lasier-al-programa-al-teu-costat-radio-4\/#breadcrumb\"},\"inLanguage\":\"es\",\"potentialAction\":[{\"@type\":\"ReadAction\",\"target\":[\"https:\/\/entandem.cat\/es\/prensa\/entrevista-la-laia-el-mario-lasier-al-programa-al-teu-costat-radio-4\/\"]}]},{\"@type\":\"ImageObject\",\"inLanguage\":\"es\",\"@id\":\"https:\/\/entandem.cat\/es\/prensa\/entrevista-la-laia-el-mario-lasier-al-programa-al-teu-costat-radio-4\/#primaryimage\",\"url\":\"https:\/\/entandem.cat\/wp-content\/uploads\/2018\/08\/WhatsApp-Image-2018-06-15-at-12.11.44.jpeg\",\"contentUrl\":\"https:\/\/entandem.cat\/wp-content\/uploads\/2018\/08\/WhatsApp-Image-2018-06-15-at-12.11.44.jpeg\",\"width\":1600,\"height\":898},{\"@type\":\"BreadcrumbList\",\"@id\":\"https:\/\/entandem.cat\/es\/prensa\/entrevista-la-laia-el-mario-lasier-al-programa-al-teu-costat-radio-4\/#breadcrumb\",\"itemListElement\":[{\"@type\":\"ListItem\",\"position\":1,\"name\":\"Inici\",\"item\":\"https:\/\/entandem.cat\/es\/\"},{\"@type\":\"ListItem\",\"position\":2,\"name\":\"Entrevista a la Laia, el Mario i l&#8217;Asier al programa Al teu Costat &#8211; R\u00e0dio 4\"}]},{\"@type\":\"WebSite\",\"@id\":\"https:\/\/entandem.cat\/#website\",\"url\":\"https:\/\/entandem.cat\/\",\"name\":\"enT\u00e0ndem\",\"description\":\"Voluntariat Social Universitari\",\"publisher\":{\"@id\":\"https:\/\/entandem.cat\/#organization\"},\"potentialAction\":[{\"@type\":\"SearchAction\",\"target\":{\"@type\":\"EntryPoint\",\"urlTemplate\":\"https:\/\/entandem.cat\/?s={search_term_string}\"},\"query-input\":{\"@type\":\"PropertyValueSpecification\",\"valueRequired\":true,\"valueName\":\"search_term_string\"}}],\"inLanguage\":\"es\"},{\"@type\":\"Organization\",\"@id\":\"https:\/\/entandem.cat\/#organization\",\"name\":\"enT\u00e0ndem\",\"url\":\"https:\/\/entandem.cat\/\",\"logo\":{\"@type\":\"ImageObject\",\"inLanguage\":\"es\",\"@id\":\"https:\/\/entandem.cat\/#\/schema\/logo\/image\/\",\"url\":\"https:\/\/entandem.cat\/wp-content\/uploads\/2016\/12\/logo-entandem.png\",\"contentUrl\":\"https:\/\/entandem.cat\/wp-content\/uploads\/2016\/12\/logo-entandem.png\",\"width\":166,\"height\":44,\"caption\":\"enT\u00e0ndem\"},\"image\":{\"@id\":\"https:\/\/entandem.cat\/#\/schema\/logo\/image\/\"},\"sameAs\":[\"https:\/\/www.facebook.com\/afevcat\",\"https:\/\/x.com\/afevcat\",\"https:\/\/www.instagram.com\/afevcat\/\"]},{\"@type\":\"Person\",\"@id\":\"https:\/\/entandem.cat\/#\/schema\/person\/2111428ce1954193a11054a1e2b5b0da\",\"name\":\"adminTandem\"}]}<\/script>\n<!-- \/ Yoast SEO plugin. -->","yoast_head_json":{"title":"Entrevista a la Laia, el Mario i l'Asier al programa Al teu Costat - R\u00e0dio 4 - enT\u00e0ndem","robots":{"index":"index","follow":"follow","max-snippet":"max-snippet:-1","max-image-preview":"max-image-preview:large","max-video-preview":"max-video-preview:-1"},"canonical":"https:\/\/entandem.cat\/es\/prensa\/entrevista-la-laia-el-mario-lasier-al-programa-al-teu-costat-radio-4\/","og_locale":"es_ES","og_type":"article","og_title":"Entrevista a la Laia, el Mario i l'Asier al programa Al teu Costat - R\u00e0dio 4 - enT\u00e0ndem","og_description":"Amb motiu del Premi Voluntariat 2017, atorgat per la Generalitat de Catalunya el passat 26 d&#8217;abril, a l&#8217;AFEV, ens reben en Jordi Vila i en Ramon Castell\u00f3 al programa Al teu costat del mat\u00ed de r\u00e0dio 4. Entrevisten a la Laia Bernu\u00e9s, delegada territorial de l&#8217;AFEV i dos mentors voluntaris del projecte de mentoria social &hellip; Continued","og_url":"https:\/\/entandem.cat\/es\/prensa\/entrevista-la-laia-el-mario-lasier-al-programa-al-teu-costat-radio-4\/","og_site_name":"enT\u00e0ndem","article_publisher":"https:\/\/www.facebook.com\/afevcat","article_published_time":"2018-06-15T17:00:50+00:00","article_modified_time":"2018-08-31T11:21:13+00:00","og_image":[{"width":1600,"height":898,"url":"https:\/\/entandem.cat\/wp-content\/uploads\/2018\/08\/WhatsApp-Image-2018-06-15-at-12.11.44.jpeg","type":"image\/jpeg"}],"author":"adminTandem","twitter_card":"summary_large_image","twitter_creator":"@afevcat","twitter_site":"@afevcat","twitter_misc":{"Escrito por":"adminTandem"},"schema":{"@context":"https:\/\/schema.org","@graph":[{"@type":"Article","@id":"https:\/\/entandem.cat\/es\/prensa\/entrevista-la-laia-el-mario-lasier-al-programa-al-teu-costat-radio-4\/#article","isPartOf":{"@id":"https:\/\/entandem.cat\/es\/prensa\/entrevista-la-laia-el-mario-lasier-al-programa-al-teu-costat-radio-4\/"},"author":{"name":"adminTandem","@id":"https:\/\/entandem.cat\/#\/schema\/person\/2111428ce1954193a11054a1e2b5b0da"},"headline":"Entrevista a la Laia, el Mario i l&#8217;Asier al programa Al teu Costat &#8211; R\u00e0dio 4","datePublished":"2018-06-15T17:00:50+00:00","dateModified":"2018-08-31T11:21:13+00:00","mainEntityOfPage":{"@id":"https:\/\/entandem.cat\/es\/prensa\/entrevista-la-laia-el-mario-lasier-al-programa-al-teu-costat-radio-4\/"},"wordCount":117,"publisher":{"@id":"https:\/\/entandem.cat\/#organization"},"image":{"@id":"https:\/\/entandem.cat\/es\/prensa\/entrevista-la-laia-el-mario-lasier-al-programa-al-teu-costat-radio-4\/#primaryimage"},"thumbnailUrl":"https:\/\/entandem.cat\/wp-content\/uploads\/2018\/08\/WhatsApp-Image-2018-06-15-at-12.11.44.jpeg","articleSection":["Prensa"],"inLanguage":"es"},{"@type":"WebPage","@id":"https:\/\/entandem.cat\/es\/prensa\/entrevista-la-laia-el-mario-lasier-al-programa-al-teu-costat-radio-4\/","url":"https:\/\/entandem.cat\/es\/prensa\/entrevista-la-laia-el-mario-lasier-al-programa-al-teu-costat-radio-4\/","name":"Entrevista a la Laia, el Mario i l'Asier al programa Al teu Costat - R\u00e0dio 4 - enT\u00e0ndem","isPartOf":{"@id":"https:\/\/entandem.cat\/#website"},"primaryImageOfPage":{"@id":"https:\/\/entandem.cat\/es\/prensa\/entrevista-la-laia-el-mario-lasier-al-programa-al-teu-costat-radio-4\/#primaryimage"},"image":{"@id":"https:\/\/entandem.cat\/es\/prensa\/entrevista-la-laia-el-mario-lasier-al-programa-al-teu-costat-radio-4\/#primaryimage"},"thumbnailUrl":"https:\/\/entandem.cat\/wp-content\/uploads\/2018\/08\/WhatsApp-Image-2018-06-15-at-12.11.44.jpeg","datePublished":"2018-06-15T17:00:50+00:00","dateModified":"2018-08-31T11:21:13+00:00","breadcrumb":{"@id":"https:\/\/entandem.cat\/es\/prensa\/entrevista-la-laia-el-mario-lasier-al-programa-al-teu-costat-radio-4\/#breadcrumb"},"inLanguage":"es","potentialAction":[{"@type":"ReadAction","target":["https:\/\/entandem.cat\/es\/prensa\/entrevista-la-laia-el-mario-lasier-al-programa-al-teu-costat-radio-4\/"]}]},{"@type":"ImageObject","inLanguage":"es","@id":"https:\/\/entandem.cat\/es\/prensa\/entrevista-la-laia-el-mario-lasier-al-programa-al-teu-costat-radio-4\/#primaryimage","url":"https:\/\/entandem.cat\/wp-content\/uploads\/2018\/08\/WhatsApp-Image-2018-06-15-at-12.11.44.jpeg","contentUrl":"https:\/\/entandem.cat\/wp-content\/uploads\/2018\/08\/WhatsApp-Image-2018-06-15-at-12.11.44.jpeg","width":1600,"height":898},{"@type":"BreadcrumbList","@id":"https:\/\/entandem.cat\/es\/prensa\/entrevista-la-laia-el-mario-lasier-al-programa-al-teu-costat-radio-4\/#breadcrumb","itemListElement":[{"@type":"ListItem","position":1,"name":"Inici","item":"https:\/\/entandem.cat\/es\/"},{"@type":"ListItem","position":2,"name":"Entrevista a la Laia, el Mario i l&#8217;Asier al programa Al teu Costat &#8211; R\u00e0dio 4"}]},{"@type":"WebSite","@id":"https:\/\/entandem.cat\/#website","url":"https:\/\/entandem.cat\/","name":"enT\u00e0ndem","description":"Voluntariat Social Universitari","publisher":{"@id":"https:\/\/entandem.cat\/#organization"},"potentialAction":[{"@type":"SearchAction","target":{"@type":"EntryPoint","urlTemplate":"https:\/\/entandem.cat\/?s={search_term_string}"},"query-input":{"@type":"PropertyValueSpecification","valueRequired":true,"valueName":"search_term_string"}}],"inLanguage":"es"},{"@type":"Organization","@id":"https:\/\/entandem.cat\/#organization","name":"enT\u00e0ndem","url":"https:\/\/entandem.cat\/","logo":{"@type":"ImageObject","inLanguage":"es","@id":"https:\/\/entandem.cat\/#\/schema\/logo\/image\/","url":"https:\/\/entandem.cat\/wp-content\/uploads\/2016\/12\/logo-entandem.png","contentUrl":"https:\/\/entandem.cat\/wp-content\/uploads\/2016\/12\/logo-entandem.png","width":166,"height":44,"caption":"enT\u00e0ndem"},"image":{"@id":"https:\/\/entandem.cat\/#\/schema\/logo\/image\/"},"sameAs":["https:\/\/www.facebook.com\/afevcat","https:\/\/x.com\/afevcat","https:\/\/www.instagram.com\/afevcat\/"]},{"@type":"Person","@id":"https:\/\/entandem.cat\/#\/schema\/person\/2111428ce1954193a11054a1e2b5b0da","name":"adminTandem"}]}},"_links":{"self":[{"href":"https:\/\/entandem.cat\/es\/wp-json\/wp\/v2\/posts\/5011","targetHints":{"allow":["GET"]}}],"collection":[{"href":"https:\/\/entandem.cat\/es\/wp-json\/wp\/v2\/posts"}],"about":[{"href":"https:\/\/entandem.cat\/es\/wp-json\/wp\/v2\/types\/post"}],"author":[{"embeddable":true,"href":"https:\/\/entandem.cat\/es\/wp-json\/wp\/v2\/users\/1"}],"replies":[{"embeddable":true,"href":"https:\/\/entandem.cat\/es\/wp-json\/wp\/v2\/comments?post=5011"}],"version-history":[{"count":0,"href":"https:\/\/entandem.cat\/es\/wp-json\/wp\/v2\/posts\/5011\/revisions"}],"wp:featuredmedia":[{"embeddable":true,"href":"https:\/\/entandem.cat\/es\/wp-json\/wp\/v2\/media\/5006"}],"wp:attachment":[{"href":"https:\/\/entandem.cat\/es\/wp-json\/wp\/v2\/media?parent=5011"}],"wp:term":[{"taxonomy":"category","embeddable":true,"href":"https:\/\/entandem.cat\/es\/wp-json\/wp\/v2\/categories?post=5011"},{"taxonomy":"post_tag","embeddable":true,"href":"https:\/\/entandem.cat\/es\/wp-json\/wp\/v2\/tags?post=5011"}],"curies":[{"name":"wp","href":"https:\/\/api.w.org\/{rel}","templated":true}]}}