{"id":5001,"date":"2017-11-08T10:15:48","date_gmt":"2017-11-08T10:15:48","guid":{"rendered":"http:\/\/entandem.cat\/es\/?p=5001"},"modified":"2018-08-31T10:31:25","modified_gmt":"2018-08-31T10:31:25","slug":"entrevista-al-jordi-la-laia-lafev-el-projecte-en-tandem-radio-trinijove","status":"publish","type":"post","link":"https:\/\/entandem.cat\/es\/prensa\/entrevista-al-jordi-la-laia-lafev-el-projecte-en-tandem-radio-trinijove\/","title":{"rendered":"Entrevista al Jordi i la Laia: L&#8217;AFEV i el projecte En T\u00e0ndem &#8211; R\u00e0dio Trinijove"},"content":{"rendered":"<p>La Laia <span class=\"hiddenSpellError\">Bernu\u00e9s<\/span> delegada territorial de l&#8217;<span class=\"hiddenSpellError\">AFEV<\/span> i Jordi Garrote, uns dels mentors que va participar en el projecte <span class=\"hiddenSpellError\">enT\u00e0ndem<\/span> durant el curs 2016-2017 participen en el programa Inclou-me del dilluns 07 de novembre 2017 a R\u00e0dio <span class=\"hiddenSpellError\">Trinijove<\/span>. Ens expliquen la missi\u00f3 de l&#8217;entitat <span class=\"hiddenSpellError\">AFEV<\/span> i la tasca de mentors i mentores que fan cada any m\u00e9s de 100 voluntaris i volunt\u00e0ries amb infants i joves arreu de Barcelona.<\/p>\n<p>Per <a href=\"http:\/\/radiotrinijove.org\/\">R\u00e0dio Trinijove 91.6 fm<\/a><\/p>\n<p><iframe loading=\"lazy\" id=\"audio_21910912\" style=\"border: 1px solid #EEE; box-sizing: border-box; width: 100%;\" src=\"https:\/\/www.ivoox.com\/player_ej_21910912_4_1.html?c1=ff6600\" width=\"300\" height=\"200\" frameborder=\"0\" scrolling=\"no\" allowfullscreen=\"allowfullscreen\" data-mce-fragment=\"1\"><\/iframe><\/p>\n<p>Tamb\u00e9 a: http:\/\/www.ivoox.com\/l-afev-i-projecte-en-tandem-audios-mp3_rf_21910912_1.html<\/p>\n","protected":false},"excerpt":{"rendered":"<p>La Laia Bernu\u00e9s delegada territorial de l&#8217;AFEV i Jordi Garrote, uns dels mentors que va participar en el projecte enT\u00e0ndem durant el curs 2016-2017 participen en el programa Inclou-me del dilluns 07 de novembre 2017 a R\u00e0dio Trinijove. Ens expliquen la missi\u00f3 de l&#8217;entitat AFEV i la tasca de mentors i mentores que fan cada &hellip; <a href=\"https:\/\/entandem.cat\/es\/prensa\/entrevista-al-jordi-la-laia-lafev-el-projecte-en-tandem-radio-trinijove\/\">Continued<\/a><\/p>\n","protected":false},"author":1,"featured_media":4996,"comment_status":"closed","ping_status":"open","sticky":false,"template":"","format":"standard","meta":{"footnotes":""},"categories":[319],"tags":[],"class_list":["post-5001","post","type-post","status-publish","format-standard","has-post-thumbnail","hentry","category-prensa"],"yoast_head":"<!-- This site is optimized with the Yoast SEO plugin v27.0 - https:\/\/yoast.com\/product\/yoast-seo-wordpress\/ -->\n<title>Entrevista al Jordi i la Laia: L&#039;AFEV i el projecte En T\u00e0ndem - R\u00e0dio Trinijove - enT\u00e0ndem<\/title>\n<meta name=\"robots\" content=\"index, follow, max-snippet:-1, max-image-preview:large, max-video-preview:-1\" \/>\n<link rel=\"canonical\" href=\"https:\/\/entandem.cat\/es\/prensa\/entrevista-al-jordi-la-laia-lafev-el-projecte-en-tandem-radio-trinijove\/\" \/>\n<meta property=\"og:locale\" content=\"es_ES\" \/>\n<meta property=\"og:type\" content=\"article\" \/>\n<meta property=\"og:title\" content=\"Entrevista al Jordi i la Laia: L&#039;AFEV i el projecte En T\u00e0ndem - R\u00e0dio Trinijove - enT\u00e0ndem\" \/>\n<meta property=\"og:description\" content=\"La Laia Bernu\u00e9s delegada territorial de l&#8217;AFEV i Jordi Garrote, uns dels mentors que va participar en el projecte enT\u00e0ndem durant el curs 2016-2017 participen en el programa Inclou-me del dilluns 07 de novembre 2017 a R\u00e0dio Trinijove. Ens expliquen la missi\u00f3 de l&#8217;entitat AFEV i la tasca de mentors i mentores que fan cada &hellip; Continued\" \/>\n<meta property=\"og:url\" content=\"https:\/\/entandem.cat\/es\/prensa\/entrevista-al-jordi-la-laia-lafev-el-projecte-en-tandem-radio-trinijove\/\" \/>\n<meta property=\"og:site_name\" content=\"enT\u00e0ndem\" \/>\n<meta property=\"article:publisher\" content=\"https:\/\/www.facebook.com\/afevcat\" \/>\n<meta property=\"article:published_time\" content=\"2017-11-08T10:15:48+00:00\" \/>\n<meta property=\"article:modified_time\" content=\"2018-08-31T10:31:25+00:00\" \/>\n<meta property=\"og:image\" content=\"https:\/\/entandem.cat\/wp-content\/uploads\/2017\/11\/WhatsApp-Image-2017-11-06-at-18.50.54.jpeg\" \/>\n\t<meta property=\"og:image:width\" content=\"1024\" \/>\n\t<meta property=\"og:image:height\" content=\"768\" \/>\n\t<meta property=\"og:image:type\" content=\"image\/jpeg\" \/>\n<meta name=\"author\" content=\"adminTandem\" \/>\n<meta name=\"twitter:card\" content=\"summary_large_image\" \/>\n<meta name=\"twitter:creator\" content=\"@afevcat\" \/>\n<meta name=\"twitter:site\" content=\"@afevcat\" \/>\n<meta name=\"twitter:label1\" content=\"Escrito por\" \/>\n\t<meta name=\"twitter:data1\" content=\"adminTandem\" \/>\n<script type=\"application\/ld+json\" class=\"yoast-schema-graph\">{\"@context\":\"https:\/\/schema.org\",\"@graph\":[{\"@type\":\"Article\",\"@id\":\"https:\/\/entandem.cat\/es\/prensa\/entrevista-al-jordi-la-laia-lafev-el-projecte-en-tandem-radio-trinijove\/#article\",\"isPartOf\":{\"@id\":\"https:\/\/entandem.cat\/es\/prensa\/entrevista-al-jordi-la-laia-lafev-el-projecte-en-tandem-radio-trinijove\/\"},\"author\":{\"name\":\"adminTandem\",\"@id\":\"https:\/\/entandem.cat\/#\/schema\/person\/2111428ce1954193a11054a1e2b5b0da\"},\"headline\":\"Entrevista al Jordi i la Laia: L&#8217;AFEV i el projecte En T\u00e0ndem &#8211; R\u00e0dio Trinijove\",\"datePublished\":\"2017-11-08T10:15:48+00:00\",\"dateModified\":\"2018-08-31T10:31:25+00:00\",\"mainEntityOfPage\":{\"@id\":\"https:\/\/entandem.cat\/es\/prensa\/entrevista-al-jordi-la-laia-lafev-el-projecte-en-tandem-radio-trinijove\/\"},\"wordCount\":105,\"publisher\":{\"@id\":\"https:\/\/entandem.cat\/#organization\"},\"image\":{\"@id\":\"https:\/\/entandem.cat\/es\/prensa\/entrevista-al-jordi-la-laia-lafev-el-projecte-en-tandem-radio-trinijove\/#primaryimage\"},\"thumbnailUrl\":\"https:\/\/entandem.cat\/wp-content\/uploads\/2017\/11\/WhatsApp-Image-2017-11-06-at-18.50.54.jpeg\",\"articleSection\":[\"Prensa\"],\"inLanguage\":\"es\"},{\"@type\":\"WebPage\",\"@id\":\"https:\/\/entandem.cat\/es\/prensa\/entrevista-al-jordi-la-laia-lafev-el-projecte-en-tandem-radio-trinijove\/\",\"url\":\"https:\/\/entandem.cat\/es\/prensa\/entrevista-al-jordi-la-laia-lafev-el-projecte-en-tandem-radio-trinijove\/\",\"name\":\"Entrevista al Jordi i la Laia: L'AFEV i el projecte En T\u00e0ndem - R\u00e0dio Trinijove - enT\u00e0ndem\",\"isPartOf\":{\"@id\":\"https:\/\/entandem.cat\/#website\"},\"primaryImageOfPage\":{\"@id\":\"https:\/\/entandem.cat\/es\/prensa\/entrevista-al-jordi-la-laia-lafev-el-projecte-en-tandem-radio-trinijove\/#primaryimage\"},\"image\":{\"@id\":\"https:\/\/entandem.cat\/es\/prensa\/entrevista-al-jordi-la-laia-lafev-el-projecte-en-tandem-radio-trinijove\/#primaryimage\"},\"thumbnailUrl\":\"https:\/\/entandem.cat\/wp-content\/uploads\/2017\/11\/WhatsApp-Image-2017-11-06-at-18.50.54.jpeg\",\"datePublished\":\"2017-11-08T10:15:48+00:00\",\"dateModified\":\"2018-08-31T10:31:25+00:00\",\"breadcrumb\":{\"@id\":\"https:\/\/entandem.cat\/es\/prensa\/entrevista-al-jordi-la-laia-lafev-el-projecte-en-tandem-radio-trinijove\/#breadcrumb\"},\"inLanguage\":\"es\",\"potentialAction\":[{\"@type\":\"ReadAction\",\"target\":[\"https:\/\/entandem.cat\/es\/prensa\/entrevista-al-jordi-la-laia-lafev-el-projecte-en-tandem-radio-trinijove\/\"]}]},{\"@type\":\"ImageObject\",\"inLanguage\":\"es\",\"@id\":\"https:\/\/entandem.cat\/es\/prensa\/entrevista-al-jordi-la-laia-lafev-el-projecte-en-tandem-radio-trinijove\/#primaryimage\",\"url\":\"https:\/\/entandem.cat\/wp-content\/uploads\/2017\/11\/WhatsApp-Image-2017-11-06-at-18.50.54.jpeg\",\"contentUrl\":\"https:\/\/entandem.cat\/wp-content\/uploads\/2017\/11\/WhatsApp-Image-2017-11-06-at-18.50.54.jpeg\",\"width\":1024,\"height\":768},{\"@type\":\"BreadcrumbList\",\"@id\":\"https:\/\/entandem.cat\/es\/prensa\/entrevista-al-jordi-la-laia-lafev-el-projecte-en-tandem-radio-trinijove\/#breadcrumb\",\"itemListElement\":[{\"@type\":\"ListItem\",\"position\":1,\"name\":\"Inici\",\"item\":\"https:\/\/entandem.cat\/es\/\"},{\"@type\":\"ListItem\",\"position\":2,\"name\":\"Entrevista al Jordi i la Laia: L&#8217;AFEV i el projecte En T\u00e0ndem &#8211; R\u00e0dio Trinijove\"}]},{\"@type\":\"WebSite\",\"@id\":\"https:\/\/entandem.cat\/#website\",\"url\":\"https:\/\/entandem.cat\/\",\"name\":\"enT\u00e0ndem\",\"description\":\"Voluntariat Social Universitari\",\"publisher\":{\"@id\":\"https:\/\/entandem.cat\/#organization\"},\"potentialAction\":[{\"@type\":\"SearchAction\",\"target\":{\"@type\":\"EntryPoint\",\"urlTemplate\":\"https:\/\/entandem.cat\/?s={search_term_string}\"},\"query-input\":{\"@type\":\"PropertyValueSpecification\",\"valueRequired\":true,\"valueName\":\"search_term_string\"}}],\"inLanguage\":\"es\"},{\"@type\":\"Organization\",\"@id\":\"https:\/\/entandem.cat\/#organization\",\"name\":\"enT\u00e0ndem\",\"url\":\"https:\/\/entandem.cat\/\",\"logo\":{\"@type\":\"ImageObject\",\"inLanguage\":\"es\",\"@id\":\"https:\/\/entandem.cat\/#\/schema\/logo\/image\/\",\"url\":\"https:\/\/entandem.cat\/wp-content\/uploads\/2016\/12\/logo-entandem.png\",\"contentUrl\":\"https:\/\/entandem.cat\/wp-content\/uploads\/2016\/12\/logo-entandem.png\",\"width\":166,\"height\":44,\"caption\":\"enT\u00e0ndem\"},\"image\":{\"@id\":\"https:\/\/entandem.cat\/#\/schema\/logo\/image\/\"},\"sameAs\":[\"https:\/\/www.facebook.com\/afevcat\",\"https:\/\/x.com\/afevcat\",\"https:\/\/www.instagram.com\/afevcat\/\"]},{\"@type\":\"Person\",\"@id\":\"https:\/\/entandem.cat\/#\/schema\/person\/2111428ce1954193a11054a1e2b5b0da\",\"name\":\"adminTandem\"}]}<\/script>\n<!-- \/ Yoast SEO plugin. -->","yoast_head_json":{"title":"Entrevista al Jordi i la Laia: L'AFEV i el projecte En T\u00e0ndem - R\u00e0dio Trinijove - enT\u00e0ndem","robots":{"index":"index","follow":"follow","max-snippet":"max-snippet:-1","max-image-preview":"max-image-preview:large","max-video-preview":"max-video-preview:-1"},"canonical":"https:\/\/entandem.cat\/es\/prensa\/entrevista-al-jordi-la-laia-lafev-el-projecte-en-tandem-radio-trinijove\/","og_locale":"es_ES","og_type":"article","og_title":"Entrevista al Jordi i la Laia: L'AFEV i el projecte En T\u00e0ndem - R\u00e0dio Trinijove - enT\u00e0ndem","og_description":"La Laia Bernu\u00e9s delegada territorial de l&#8217;AFEV i Jordi Garrote, uns dels mentors que va participar en el projecte enT\u00e0ndem durant el curs 2016-2017 participen en el programa Inclou-me del dilluns 07 de novembre 2017 a R\u00e0dio Trinijove. Ens expliquen la missi\u00f3 de l&#8217;entitat AFEV i la tasca de mentors i mentores que fan cada &hellip; Continued","og_url":"https:\/\/entandem.cat\/es\/prensa\/entrevista-al-jordi-la-laia-lafev-el-projecte-en-tandem-radio-trinijove\/","og_site_name":"enT\u00e0ndem","article_publisher":"https:\/\/www.facebook.com\/afevcat","article_published_time":"2017-11-08T10:15:48+00:00","article_modified_time":"2018-08-31T10:31:25+00:00","og_image":[{"width":1024,"height":768,"url":"https:\/\/entandem.cat\/wp-content\/uploads\/2017\/11\/WhatsApp-Image-2017-11-06-at-18.50.54.jpeg","type":"image\/jpeg"}],"author":"adminTandem","twitter_card":"summary_large_image","twitter_creator":"@afevcat","twitter_site":"@afevcat","twitter_misc":{"Escrito por":"adminTandem"},"schema":{"@context":"https:\/\/schema.org","@graph":[{"@type":"Article","@id":"https:\/\/entandem.cat\/es\/prensa\/entrevista-al-jordi-la-laia-lafev-el-projecte-en-tandem-radio-trinijove\/#article","isPartOf":{"@id":"https:\/\/entandem.cat\/es\/prensa\/entrevista-al-jordi-la-laia-lafev-el-projecte-en-tandem-radio-trinijove\/"},"author":{"name":"adminTandem","@id":"https:\/\/entandem.cat\/#\/schema\/person\/2111428ce1954193a11054a1e2b5b0da"},"headline":"Entrevista al Jordi i la Laia: L&#8217;AFEV i el projecte En T\u00e0ndem &#8211; R\u00e0dio Trinijove","datePublished":"2017-11-08T10:15:48+00:00","dateModified":"2018-08-31T10:31:25+00:00","mainEntityOfPage":{"@id":"https:\/\/entandem.cat\/es\/prensa\/entrevista-al-jordi-la-laia-lafev-el-projecte-en-tandem-radio-trinijove\/"},"wordCount":105,"publisher":{"@id":"https:\/\/entandem.cat\/#organization"},"image":{"@id":"https:\/\/entandem.cat\/es\/prensa\/entrevista-al-jordi-la-laia-lafev-el-projecte-en-tandem-radio-trinijove\/#primaryimage"},"thumbnailUrl":"https:\/\/entandem.cat\/wp-content\/uploads\/2017\/11\/WhatsApp-Image-2017-11-06-at-18.50.54.jpeg","articleSection":["Prensa"],"inLanguage":"es"},{"@type":"WebPage","@id":"https:\/\/entandem.cat\/es\/prensa\/entrevista-al-jordi-la-laia-lafev-el-projecte-en-tandem-radio-trinijove\/","url":"https:\/\/entandem.cat\/es\/prensa\/entrevista-al-jordi-la-laia-lafev-el-projecte-en-tandem-radio-trinijove\/","name":"Entrevista al Jordi i la Laia: L'AFEV i el projecte En T\u00e0ndem - R\u00e0dio Trinijove - enT\u00e0ndem","isPartOf":{"@id":"https:\/\/entandem.cat\/#website"},"primaryImageOfPage":{"@id":"https:\/\/entandem.cat\/es\/prensa\/entrevista-al-jordi-la-laia-lafev-el-projecte-en-tandem-radio-trinijove\/#primaryimage"},"image":{"@id":"https:\/\/entandem.cat\/es\/prensa\/entrevista-al-jordi-la-laia-lafev-el-projecte-en-tandem-radio-trinijove\/#primaryimage"},"thumbnailUrl":"https:\/\/entandem.cat\/wp-content\/uploads\/2017\/11\/WhatsApp-Image-2017-11-06-at-18.50.54.jpeg","datePublished":"2017-11-08T10:15:48+00:00","dateModified":"2018-08-31T10:31:25+00:00","breadcrumb":{"@id":"https:\/\/entandem.cat\/es\/prensa\/entrevista-al-jordi-la-laia-lafev-el-projecte-en-tandem-radio-trinijove\/#breadcrumb"},"inLanguage":"es","potentialAction":[{"@type":"ReadAction","target":["https:\/\/entandem.cat\/es\/prensa\/entrevista-al-jordi-la-laia-lafev-el-projecte-en-tandem-radio-trinijove\/"]}]},{"@type":"ImageObject","inLanguage":"es","@id":"https:\/\/entandem.cat\/es\/prensa\/entrevista-al-jordi-la-laia-lafev-el-projecte-en-tandem-radio-trinijove\/#primaryimage","url":"https:\/\/entandem.cat\/wp-content\/uploads\/2017\/11\/WhatsApp-Image-2017-11-06-at-18.50.54.jpeg","contentUrl":"https:\/\/entandem.cat\/wp-content\/uploads\/2017\/11\/WhatsApp-Image-2017-11-06-at-18.50.54.jpeg","width":1024,"height":768},{"@type":"BreadcrumbList","@id":"https:\/\/entandem.cat\/es\/prensa\/entrevista-al-jordi-la-laia-lafev-el-projecte-en-tandem-radio-trinijove\/#breadcrumb","itemListElement":[{"@type":"ListItem","position":1,"name":"Inici","item":"https:\/\/entandem.cat\/es\/"},{"@type":"ListItem","position":2,"name":"Entrevista al Jordi i la Laia: L&#8217;AFEV i el projecte En T\u00e0ndem &#8211; R\u00e0dio Trinijove"}]},{"@type":"WebSite","@id":"https:\/\/entandem.cat\/#website","url":"https:\/\/entandem.cat\/","name":"enT\u00e0ndem","description":"Voluntariat Social Universitari","publisher":{"@id":"https:\/\/entandem.cat\/#organization"},"potentialAction":[{"@type":"SearchAction","target":{"@type":"EntryPoint","urlTemplate":"https:\/\/entandem.cat\/?s={search_term_string}"},"query-input":{"@type":"PropertyValueSpecification","valueRequired":true,"valueName":"search_term_string"}}],"inLanguage":"es"},{"@type":"Organization","@id":"https:\/\/entandem.cat\/#organization","name":"enT\u00e0ndem","url":"https:\/\/entandem.cat\/","logo":{"@type":"ImageObject","inLanguage":"es","@id":"https:\/\/entandem.cat\/#\/schema\/logo\/image\/","url":"https:\/\/entandem.cat\/wp-content\/uploads\/2016\/12\/logo-entandem.png","contentUrl":"https:\/\/entandem.cat\/wp-content\/uploads\/2016\/12\/logo-entandem.png","width":166,"height":44,"caption":"enT\u00e0ndem"},"image":{"@id":"https:\/\/entandem.cat\/#\/schema\/logo\/image\/"},"sameAs":["https:\/\/www.facebook.com\/afevcat","https:\/\/x.com\/afevcat","https:\/\/www.instagram.com\/afevcat\/"]},{"@type":"Person","@id":"https:\/\/entandem.cat\/#\/schema\/person\/2111428ce1954193a11054a1e2b5b0da","name":"adminTandem"}]}},"_links":{"self":[{"href":"https:\/\/entandem.cat\/es\/wp-json\/wp\/v2\/posts\/5001","targetHints":{"allow":["GET"]}}],"collection":[{"href":"https:\/\/entandem.cat\/es\/wp-json\/wp\/v2\/posts"}],"about":[{"href":"https:\/\/entandem.cat\/es\/wp-json\/wp\/v2\/types\/post"}],"author":[{"embeddable":true,"href":"https:\/\/entandem.cat\/es\/wp-json\/wp\/v2\/users\/1"}],"replies":[{"embeddable":true,"href":"https:\/\/entandem.cat\/es\/wp-json\/wp\/v2\/comments?post=5001"}],"version-history":[{"count":0,"href":"https:\/\/entandem.cat\/es\/wp-json\/wp\/v2\/posts\/5001\/revisions"}],"wp:featuredmedia":[{"embeddable":true,"href":"https:\/\/entandem.cat\/es\/wp-json\/wp\/v2\/media\/4996"}],"wp:attachment":[{"href":"https:\/\/entandem.cat\/es\/wp-json\/wp\/v2\/media?parent=5001"}],"wp:term":[{"taxonomy":"category","embeddable":true,"href":"https:\/\/entandem.cat\/es\/wp-json\/wp\/v2\/categories?post=5001"},{"taxonomy":"post_tag","embeddable":true,"href":"https:\/\/entandem.cat\/es\/wp-json\/wp\/v2\/tags?post=5001"}],"curies":[{"name":"wp","href":"https:\/\/api.w.org\/{rel}","templated":true}]}}