{"id":4709,"date":"2018-01-29T15:08:55","date_gmt":"2018-01-29T15:08:55","guid":{"rendered":"http:\/\/entandem.cat\/es\/agenda-cultural-febrer-2018\/"},"modified":"2018-04-27T12:56:58","modified_gmt":"2018-04-27T12:56:58","slug":"agenda-cultural-febrer-2018","status":"publish","type":"post","link":"https:\/\/entandem.cat\/es\/recursos-es\/agenda-cultural-febrer-2018\/","title":{"rendered":"Agenda Cultural &#8211; Febrer 2018"},"content":{"rendered":"<p><strong>Com cada mes, us proposem una selecci\u00f3 de les millors cites culturals que podran interessar els vostres t\u00e0ndems.<\/strong><\/p>\n<p>&nbsp;<\/p>\n<p><span style=\"color: #99cc00;\">[Trobada]<\/span> \u00ab <a href=\"http:\/\/espaijovegarcilaso.org\/wp-content\/uploads\/2017\/12\/Programaci%C3%B3-trimestral-hivern-2018.pdf\"><span style=\"color: #ff0000;\">Zombie Walk<\/span><\/a>\u00bb\u00a0\u00a0<\/p>\n<ul style=\"list-style-type: square;\">\n<li>Divendres 2 de Febrer, 18h\u00a0<\/li>\n<li>Espai Jove Garcilaso<\/li>\n<li>Entrada gratu\u00efta<\/li>\n<\/ul>\n<p><span style=\"color: #99cc00;\">[Tallers]<\/span> \u00ab <a href=\"http:\/\/espaijovegarcilaso.org\/tallers-gratuits-dhivern-a-laqui-tescoltem\/\"><span style=\"color: #ff0000;\">Aqu\u00ed t\u2019escoltem<\/span><\/a>\u00bb\u00a0<\/p>\n<ul style=\"list-style-type: square;\">\n<li>\u00a0De gener fins a mar\u00e7\u00a0<\/li>\n<li>Espai Jove Garcilaso<\/li>\n<li>Gratu\u00eft<\/li>\n<\/ul>\n<p><span style=\"color: #99cc00;\">[Exposici\u00f3]<\/span> \u00ab<a href=\"http:\/\/www.lacasadelsentremesos.cat\"><span style=\"color: #ff0000;\">Pessebre popular<\/span><\/a>\u00bb<\/p>\n<ul style=\"list-style-type: square;\">\n<li>Fins el 18 de Febrer<\/li>\n<li>La Casa dels entremesos\u00a0\u00a0<\/li>\n<\/ul>\n<p><span style=\"color: #99cc00;\">[Exposici\u00f3]<\/span> \u00ab<a href=\"http:\/\/www.lacasadelsentremesos.cat\/exposicions-temporals\"><span style=\"color: #ff0000;\">Perqu\u00e8 avui \u00e9s Santa Ll\u00facia\u2026Pels volts de la Pla\u00e7a Nova<\/span><\/a>\u00bb\u00a0<\/p>\n<ul style=\"list-style-type: square;\">\n<li>Fins el 5 de Febrer\u00a0<\/li>\n<li>La Casa dels entremesos\u00a0\u00a0\u00a0\u00a0\u00a0\u00a0\u00a0\u00a0\u00a0\u00a0\u00a0\u00a0\u00a0\u00a0\u00a0\u00a0\u00a0\u00a0\u00a0\u00a0\u00a0\u00a0\u00a0\u00a0\u00a0\u00a0\u00a0\u00a0\u00a0\u00a0\u00a0\u00a0\u00a0\u00a0\u00a0\u00a0\u00a0\u00a0\u00a0\u00a0\u00a0\u00a0\u00a0\u00a0\u00a0\u00a0\u00a0\u00a0\u00a0\u00a0\u00a0\u00a0\u00a0\u00a0\u00a0 \u00a0\u00a0\u00a0\u00a0\u00a0\u00a0\u00a0\u00a0\u00a0\u00a0\u00a0\u00a0\u00a0\u00a0\u00a0\u00a0\u00a0\u00a0\u00a0\u00a0\u00a0\u00a0\u00a0\u00a0\u00a0\u00a0\u00a0<\/li>\n<\/ul>\n<p><span style=\"color: #99cc00;\">[Concert]<\/span> \u00ab<a href=\"http:\/\/www.ub.edu\/cultura\/programacio.html\"><span style=\"color: #ff0000;\">Taller d\u2019escultura sonora Baschet<\/span><\/a>\u00bb\u00a0\u00a0<\/p>\n<ul style=\"list-style-type: square;\">\n<li>\u00a08 de febrer, 20h\u00a0\u00a0\u00a0\u00a0<\/li>\n<li>\u00a0Paranimf de la Universitat de Barcelona<\/li>\n<li>\u00a0Entrada gratu\u00efta amb invitaci\u00f3 (disponible a ub.edu\/cultura)\u00a0\u00a0\u00a0\u00a0\u00a0\u00a0\u00a0\u00a0<\/li>\n<\/ul>\n<p><span style=\"color: #99cc00;\">\u00a0[Concert]<\/span> \u00ab<a href=\"http:\/\/www.ub.edu\/cultura\/programacio.html\"><span style=\"color: #ff0000;\">Pastoral Universit\u00e0ria<\/span><\/a>\u00bb<\/p>\n<ul style=\"list-style-type: square;\">\n<li>22 de Febrer, 20 h \u00a0<\/li>\n<li>Paranimf de la Universitat de Barcelona<\/li>\n<li>\u00a0Entrada gratu\u00efta amb invitaci\u00f3 (disponible a ub.edu\/cultura)<\/li>\n<\/ul>\n<p><span style=\"color: #99cc00;\">[Realitat virtual]<\/span> \u00ab<a href=\"http:\/\/www.arenasdebarcelona.com\/avui-aqui\/525\/Aquest-gener-virtualitza%C2%B4t-a-Arenas\"><span style=\"color: #ff0000;\">Virtualitza\u2019t a Arenas<\/span><\/a>\u00bb<\/p>\n<ul style=\"list-style-type: square;\">\n<li>Fins al maig<\/li>\n<li>Gratu\u00eft<\/li>\n<\/ul>\n<p><span style=\"color: #99cc00;\">[Jocs de Taula]<\/span>\u00a0\u00ab<a href=\"https:\/\/www.casaasia.cat\/actividad\/detalle\/219465-tarda-de-jocs-de-taula-espai-ludoteca\"><span style=\"color: #ff0000;\">Espai ludoteca a la Casa Asia<\/span><\/a>\u00bb<\/p>\n<ul style=\"list-style-type: square;\">\n<li>Dimecres 28 de Febrer a partir de les 18h30 fins a les 21h<\/li>\n<li>Seu de la Casa Asia\u00a0<\/li>\n<li>Entrada gratu\u00efta amb inscripci\u00f3 pr\u00e8via\u00a0<\/li>\n<\/ul>\n<p><span style=\"color: #99cc00;\">[Caminada Solid\u00e0ria]<\/span>\u00a0\u00ab<a href=\"http:\/\/www.magiclinesjd.org\/es\/participar_barcelona\"><span style=\"color: #ff0000;\">Magic Line<\/span><\/a>\u00bb<\/p>\n<ul style=\"list-style-type: square;\">\n<li>Diumenge 25 de Febrer<\/li>\n<\/ul>\n<p><span style=\"color: #99cc00;\">[Exposici\u00f3]<\/span>\u00a0\u00ab<a href=\"https:\/\/www.facebook.com\/events\/162046387761775\/\"><span style=\"color: #ff0000;\">AFEV 10 anys de lluita contra les desigualtats<\/span><\/a>\u00bb<\/p>\n<ul style=\"list-style-type: square;\">\n<li>Fins el 5 de Febrer a l&#8217;Espai Jove Fontana\u00a0<\/li>\n<li>Del 7 de Febrer fins el 4 de mar\u00e7 al centre c\u00edvic de Bar\u00f3 de Viver\u00a0<\/li>\n<li>\u00a0Entrada gratu\u00efta<\/li>\n<\/ul>\n<p><span style=\"color: #99cc00;\">[Jocs]<\/span>\u00a0\u00ab<a href=\"http:\/\/ial-d-escacs_99400566614.html\"><span style=\"color: #ff0000;\">Trobades a l&#8217;Espai Social d&#8217;Escacs<\/span><\/a>\u00bb<\/p>\n<ul style=\"list-style-type: square;\">\n<li>Divendres de les 18h30 fins a les 21h30 \/\/ Dissabtes de les 10h fins a les 13h<\/li>\n<li>Casal d&#8217;Entitats Mas Guinard\u00f3<\/li>\n<\/ul>\n<p><span style=\"color: #99cc00;\">\u00a0[Concurs Instagram] <\/span>\u00ab<a href=\"http:\/\/espaijovegarcilaso.org\/concurs-instagram-dia-de-la-dona\/\"><span style=\"color: #ff0000;\">\u266fhablamesinpalabras<\/span><\/a>\u00bb<\/p>\n<ul style=\"list-style-type: square;\">\n<li>De l&#8217;1 al 28 de Febrer\u00a0<\/li>\n<li>Espai Jove Garcilaso<\/li>\n<\/ul>\n<p><span style=\"color: #99cc00;\">[Jocs]<\/span>\u00a0\u00ab <a href=\"http:\/\/ajuntament.barcelona.cat\/biblioteques\/bibmontbau\/ca\/noticia\/roomscape\"><span style=\"color: #ff0000;\">Escape Room<\/span><\/a>\u00bb<\/p>\n<ul style=\"list-style-type: square;\">\n<li>Divendres 2 de Febrer a les 18h\u00a0<\/li>\n<li>Biblioteca Montbau &#8211; Alberts P\u00e9rez\u00a0<\/li>\n<li>Gratis amb incripci\u00f3<\/li>\n<\/ul>\n<p><span style=\"color: #99cc00;\">[Concurs]<\/span>\u00a0\u00ab<a href=\"http:\/\/espaijovegarcilaso.org\/wp-content\/uploads\/2017\/12\/Programaci%C3%B3-trimestral-hivern-2018.pdf\"><span style=\"color: #ff0000;\">Kahoot!<\/span><\/a>\u00bb<\/p>\n<ul style=\"list-style-type: square;\">\n<li>Dilluns 12 de Febrer, 18h<\/li>\n<li>Espai Jove Garcilaso<\/li>\n<\/ul>\n<p><span style=\"color: #99cc00;\">[Trobada]<\/span>\u00a0\u00ab<a href=\"http:\/\/guia.barcelona.cat\/es\/detall\/lletra-petita-club-de-lectura-infantiljuvenil-trobada-manga-infantil-a-carrec-d-alba-ginesta_99400567006.html\"><span style=\"color: #ff0000;\">Manga Infantil<\/span><\/a>\u00bb<\/p>\n<ul style=\"list-style-type: square;\">\n<li>Dimarts 27 de Febrer, 17h30<\/li>\n<li>Biblioteca Zona Nord<\/li>\n<li>Edat recomanada: 7 a 12 anys\u00a0<\/li>\n<\/ul>\n<p><span style=\"color: #99cc00;\">[Cinema]<\/span>\u00a0\u00ab<a href=\"http:\/\/www.fortpienc.org\/programacio-cultural\/lhora-dels-deures\/\"><span style=\"color: #ff0000;\">Documental: L&#8217;hora dels deures<\/span><\/a>\u00bb<\/p>\n<ul style=\"list-style-type: square;\">\n<li>Dijous 8 de Febrer, 19h30 (durada: 59\u00a0minutes)<\/li>\n<li>Centre C\u00edvic Ateneu Fort Pienc\u00a0<\/li>\n<li>Entrada lliure\u00a0<\/li>\n<\/ul>\n<p><span style=\"color: #99cc00;\">[Cinema]<\/span>\u00a0\u00ab<a href=\"http:\/\/www.fortpienc.org\/programacio-cultural\/wadjda-bicicleta-verde\/\"><span style=\"color: #ff0000;\">Wadja (La bicicleta verde)<\/span><\/a>\u00bb<\/p>\n<ul style=\"list-style-type: square;\">\n<li>Dijous 15 de Febrer, 19h30 (durada: 98 minutes)<\/li>\n<li>Centre C\u00edvic Ateneu Fort Pienc\u00a0<\/li>\n<li>Entrada lliure\u00a0<\/li>\n<\/ul>\n<h2><span lang=\"ES\">\u00a0 \u00a0 \u00a0 \u00a0<\/span><\/h2>\n<h2><span lang=\"ES\">\u00a0 \u00a0 \u00a0 \u00a0 \u00a0 \u00a0\u00a0<wbr \/>\u00a0\u00a0\u00a0\u00a0\u00a0\u00a0\u00a0\u00a0\u00a0\u00a0\u00a0\u00a0\u00a0\u00a0\u00a0\u00a0\u00a0\u00a0\u00a0\u00a0\u00a0\u00a0\u00a0\u00a0\u00a0\u00a0\u00a0\u00a0\u00a0\u00a0\u00a0\u00a0\u00a0\u00a0\u00a0<wbr \/>\u00a0\u00a0\u00a0\u00a0\u00a0\u00a0\u00a0\u00a0\u00a0\u00a0\u00a0\u00a0\u00a0\u00a0\u00a0\u00a0\u00a0\u00a0\u00a0\u00a0\u00a0\u00a0\u00a0\u00a0\u00a0\u00a0\u00a0\u00a0\u00a0\u00a0<wbr \/>\u00a0 \u00a0 \u00a0 \u00a0 <\/span>\u00a0<\/h2>\n<h2>\u00a0 \u00a0 \u00a0 \u00a0 \u00a0 \u00a0 \u00a0<\/h2>\n<h2><span lang=\"ES\">\u00a0 \u00a0 \u00a0 \u00a0 \u00a0 \u00a0 \u00a0 \u00a0 \u00a0 \u00a0 \u00a0\u00a0<wbr \/>\u00a0\u00a0\u00a0\u00a0\u00a0<\/span><\/h2>\n<h2><span lang=\"ES\">\u00a0<\/span><\/h2>\n<h2><span lang=\"ES\">\u00a0 \u00a0 \u00a0 \u00a0\u00a0<wbr \/>\u00a0\u00a0\u00a0\u00a0\u00a0\u00a0\u00a0\u00a0\u00a0\u00a0\u00a0\u00a0\u00a0\u00a0\u00a0\u00a0\u00a0\u00a0\u00a0\u00a0\u00a0\u00a0\u00a0\u00a0\u00a0\u00a0\u00a0\u00a0\u00a0\u00a0<wbr \/>\u00a0\u00a0\u00a0\u00a0\u00a0\u00a0\u00a0\u00a0\u00a0\u00a0\u00a0\u00a0\u00a0\u00a0\u00a0\u00a0\u00a0\u00a0\u00a0\u00a0\u00a0\u00a0\u00a0\u00a0\u00a0\u00a0\u00a0\u00a0\u00a0\u00a0<wbr \/>\u00a0<\/span><\/h2>\n","protected":false},"excerpt":{"rendered":"<p>Com cada mes, us proposem una selecci\u00f3 de les millors cites culturals que podran interessar els vostres t\u00e0ndems. &nbsp; [Trobada] \u00ab Zombie Walk\u00bb\u00a0\u00a0 Divendres 2 de Febrer, 18h\u00a0 Espai Jove Garcilaso Entrada gratu\u00efta [Tallers] \u00ab Aqu\u00ed t\u2019escoltem\u00bb\u00a0 \u00a0De gener fins a mar\u00e7\u00a0 Espai Jove Garcilaso Gratu\u00eft [Exposici\u00f3] \u00abPessebre popular\u00bb Fins el 18 de Febrer La &hellip; <a href=\"https:\/\/entandem.cat\/es\/recursos-es\/agenda-cultural-febrer-2018\/\">Continued<\/a><\/p>\n","protected":false},"author":1,"featured_media":4123,"comment_status":"closed","ping_status":"open","sticky":false,"template":"","format":"standard","meta":{"footnotes":""},"categories":[320],"tags":[510,511,499,512,480,513,514,515],"class_list":["post-4709","post","type-post","status-publish","format-standard","has-post-thumbnail","hentry","category-recursos-es","tag-agenda-cultural-es","tag-cine-es","tag-exposicio-es-2","tag-foto-es","tag-pintura-es","tag-sortidas-es","tag-tallers-es","tag-visita-es"],"yoast_head":"<!-- This site is optimized with the Yoast SEO plugin v27.0 - https:\/\/yoast.com\/product\/yoast-seo-wordpress\/ -->\n<title>Agenda Cultural - Febrer 2018 - enT\u00e0ndem<\/title>\n<meta name=\"robots\" content=\"index, follow, max-snippet:-1, max-image-preview:large, max-video-preview:-1\" \/>\n<link rel=\"canonical\" href=\"https:\/\/entandem.cat\/es\/recursos-es\/agenda-cultural-febrer-2018\/\" \/>\n<meta property=\"og:locale\" content=\"es_ES\" \/>\n<meta property=\"og:type\" content=\"article\" \/>\n<meta property=\"og:title\" content=\"Agenda Cultural - Febrer 2018 - enT\u00e0ndem\" \/>\n<meta property=\"og:description\" content=\"Com cada mes, us proposem una selecci\u00f3 de les millors cites culturals que podran interessar els vostres t\u00e0ndems. &nbsp; [Trobada] \u00ab Zombie Walk\u00bb\u00a0\u00a0 Divendres 2 de Febrer, 18h\u00a0 Espai Jove Garcilaso Entrada gratu\u00efta [Tallers] \u00ab Aqu\u00ed t\u2019escoltem\u00bb\u00a0 \u00a0De gener fins a mar\u00e7\u00a0 Espai Jove Garcilaso Gratu\u00eft [Exposici\u00f3] \u00abPessebre popular\u00bb Fins el 18 de Febrer La &hellip; Continued\" \/>\n<meta property=\"og:url\" content=\"https:\/\/entandem.cat\/es\/recursos-es\/agenda-cultural-febrer-2018\/\" \/>\n<meta property=\"og:site_name\" content=\"enT\u00e0ndem\" \/>\n<meta property=\"article:publisher\" content=\"https:\/\/www.facebook.com\/afevcat\" \/>\n<meta property=\"article:published_time\" content=\"2018-01-29T15:08:55+00:00\" \/>\n<meta property=\"article:modified_time\" content=\"2018-04-27T12:56:58+00:00\" \/>\n<meta property=\"og:image\" content=\"https:\/\/entandem.cat\/wp-content\/uploads\/2018\/01\/Agenda-Cultural-Febrer-2018-1024x683.jpg\" \/>\n\t<meta property=\"og:image:width\" content=\"1024\" \/>\n\t<meta property=\"og:image:height\" content=\"683\" \/>\n\t<meta property=\"og:image:type\" content=\"image\/jpeg\" \/>\n<meta name=\"author\" content=\"adminTandem\" \/>\n<meta name=\"twitter:card\" content=\"summary_large_image\" \/>\n<meta name=\"twitter:creator\" content=\"@afevcat\" \/>\n<meta name=\"twitter:site\" content=\"@afevcat\" \/>\n<meta name=\"twitter:label1\" content=\"Escrito por\" \/>\n\t<meta name=\"twitter:data1\" content=\"adminTandem\" \/>\n\t<meta name=\"twitter:label2\" content=\"Tiempo de lectura\" \/>\n\t<meta name=\"twitter:data2\" content=\"2 minutos\" \/>\n<script type=\"application\/ld+json\" class=\"yoast-schema-graph\">{\"@context\":\"https:\/\/schema.org\",\"@graph\":[{\"@type\":\"Article\",\"@id\":\"https:\/\/entandem.cat\/es\/recursos-es\/agenda-cultural-febrer-2018\/#article\",\"isPartOf\":{\"@id\":\"https:\/\/entandem.cat\/es\/recursos-es\/agenda-cultural-febrer-2018\/\"},\"author\":{\"name\":\"adminTandem\",\"@id\":\"https:\/\/entandem.cat\/#\/schema\/person\/2111428ce1954193a11054a1e2b5b0da\"},\"headline\":\"Agenda Cultural &#8211; Febrer 2018\",\"datePublished\":\"2018-01-29T15:08:55+00:00\",\"dateModified\":\"2018-04-27T12:56:58+00:00\",\"mainEntityOfPage\":{\"@id\":\"https:\/\/entandem.cat\/es\/recursos-es\/agenda-cultural-febrer-2018\/\"},\"wordCount\":339,\"publisher\":{\"@id\":\"https:\/\/entandem.cat\/#organization\"},\"image\":{\"@id\":\"https:\/\/entandem.cat\/es\/recursos-es\/agenda-cultural-febrer-2018\/#primaryimage\"},\"thumbnailUrl\":\"https:\/\/entandem.cat\/wp-content\/uploads\/2018\/01\/Agenda-Cultural-Febrer-2018.jpg\",\"keywords\":[\"agenda cultural\",\"cine\",\"exposici\u00f3\",\"foto\",\"pintura\",\"sortidas\",\"tallers\",\"visita\"],\"articleSection\":[\"Recursos\"],\"inLanguage\":\"es\"},{\"@type\":\"WebPage\",\"@id\":\"https:\/\/entandem.cat\/es\/recursos-es\/agenda-cultural-febrer-2018\/\",\"url\":\"https:\/\/entandem.cat\/es\/recursos-es\/agenda-cultural-febrer-2018\/\",\"name\":\"Agenda Cultural - Febrer 2018 - enT\u00e0ndem\",\"isPartOf\":{\"@id\":\"https:\/\/entandem.cat\/#website\"},\"primaryImageOfPage\":{\"@id\":\"https:\/\/entandem.cat\/es\/recursos-es\/agenda-cultural-febrer-2018\/#primaryimage\"},\"image\":{\"@id\":\"https:\/\/entandem.cat\/es\/recursos-es\/agenda-cultural-febrer-2018\/#primaryimage\"},\"thumbnailUrl\":\"https:\/\/entandem.cat\/wp-content\/uploads\/2018\/01\/Agenda-Cultural-Febrer-2018.jpg\",\"datePublished\":\"2018-01-29T15:08:55+00:00\",\"dateModified\":\"2018-04-27T12:56:58+00:00\",\"breadcrumb\":{\"@id\":\"https:\/\/entandem.cat\/es\/recursos-es\/agenda-cultural-febrer-2018\/#breadcrumb\"},\"inLanguage\":\"es\",\"potentialAction\":[{\"@type\":\"ReadAction\",\"target\":[\"https:\/\/entandem.cat\/es\/recursos-es\/agenda-cultural-febrer-2018\/\"]}]},{\"@type\":\"ImageObject\",\"inLanguage\":\"es\",\"@id\":\"https:\/\/entandem.cat\/es\/recursos-es\/agenda-cultural-febrer-2018\/#primaryimage\",\"url\":\"https:\/\/entandem.cat\/wp-content\/uploads\/2018\/01\/Agenda-Cultural-Febrer-2018.jpg\",\"contentUrl\":\"https:\/\/entandem.cat\/wp-content\/uploads\/2018\/01\/Agenda-Cultural-Febrer-2018.jpg\",\"width\":5184,\"height\":3456},{\"@type\":\"BreadcrumbList\",\"@id\":\"https:\/\/entandem.cat\/es\/recursos-es\/agenda-cultural-febrer-2018\/#breadcrumb\",\"itemListElement\":[{\"@type\":\"ListItem\",\"position\":1,\"name\":\"Inici\",\"item\":\"https:\/\/entandem.cat\/es\/\"},{\"@type\":\"ListItem\",\"position\":2,\"name\":\"Agenda Cultural &#8211; Febrer 2018\"}]},{\"@type\":\"WebSite\",\"@id\":\"https:\/\/entandem.cat\/#website\",\"url\":\"https:\/\/entandem.cat\/\",\"name\":\"enT\u00e0ndem\",\"description\":\"Voluntariat Social Universitari\",\"publisher\":{\"@id\":\"https:\/\/entandem.cat\/#organization\"},\"potentialAction\":[{\"@type\":\"SearchAction\",\"target\":{\"@type\":\"EntryPoint\",\"urlTemplate\":\"https:\/\/entandem.cat\/?s={search_term_string}\"},\"query-input\":{\"@type\":\"PropertyValueSpecification\",\"valueRequired\":true,\"valueName\":\"search_term_string\"}}],\"inLanguage\":\"es\"},{\"@type\":\"Organization\",\"@id\":\"https:\/\/entandem.cat\/#organization\",\"name\":\"enT\u00e0ndem\",\"url\":\"https:\/\/entandem.cat\/\",\"logo\":{\"@type\":\"ImageObject\",\"inLanguage\":\"es\",\"@id\":\"https:\/\/entandem.cat\/#\/schema\/logo\/image\/\",\"url\":\"https:\/\/entandem.cat\/wp-content\/uploads\/2016\/12\/logo-entandem.png\",\"contentUrl\":\"https:\/\/entandem.cat\/wp-content\/uploads\/2016\/12\/logo-entandem.png\",\"width\":166,\"height\":44,\"caption\":\"enT\u00e0ndem\"},\"image\":{\"@id\":\"https:\/\/entandem.cat\/#\/schema\/logo\/image\/\"},\"sameAs\":[\"https:\/\/www.facebook.com\/afevcat\",\"https:\/\/x.com\/afevcat\",\"https:\/\/www.instagram.com\/afevcat\/\"]},{\"@type\":\"Person\",\"@id\":\"https:\/\/entandem.cat\/#\/schema\/person\/2111428ce1954193a11054a1e2b5b0da\",\"name\":\"adminTandem\"}]}<\/script>\n<!-- \/ Yoast SEO plugin. -->","yoast_head_json":{"title":"Agenda Cultural - Febrer 2018 - enT\u00e0ndem","robots":{"index":"index","follow":"follow","max-snippet":"max-snippet:-1","max-image-preview":"max-image-preview:large","max-video-preview":"max-video-preview:-1"},"canonical":"https:\/\/entandem.cat\/es\/recursos-es\/agenda-cultural-febrer-2018\/","og_locale":"es_ES","og_type":"article","og_title":"Agenda Cultural - Febrer 2018 - enT\u00e0ndem","og_description":"Com cada mes, us proposem una selecci\u00f3 de les millors cites culturals que podran interessar els vostres t\u00e0ndems. &nbsp; [Trobada] \u00ab Zombie Walk\u00bb\u00a0\u00a0 Divendres 2 de Febrer, 18h\u00a0 Espai Jove Garcilaso Entrada gratu\u00efta [Tallers] \u00ab Aqu\u00ed t\u2019escoltem\u00bb\u00a0 \u00a0De gener fins a mar\u00e7\u00a0 Espai Jove Garcilaso Gratu\u00eft [Exposici\u00f3] \u00abPessebre popular\u00bb Fins el 18 de Febrer La &hellip; Continued","og_url":"https:\/\/entandem.cat\/es\/recursos-es\/agenda-cultural-febrer-2018\/","og_site_name":"enT\u00e0ndem","article_publisher":"https:\/\/www.facebook.com\/afevcat","article_published_time":"2018-01-29T15:08:55+00:00","article_modified_time":"2018-04-27T12:56:58+00:00","og_image":[{"width":1024,"height":683,"url":"https:\/\/entandem.cat\/wp-content\/uploads\/2018\/01\/Agenda-Cultural-Febrer-2018-1024x683.jpg","type":"image\/jpeg"}],"author":"adminTandem","twitter_card":"summary_large_image","twitter_creator":"@afevcat","twitter_site":"@afevcat","twitter_misc":{"Escrito por":"adminTandem","Tiempo de lectura":"2 minutos"},"schema":{"@context":"https:\/\/schema.org","@graph":[{"@type":"Article","@id":"https:\/\/entandem.cat\/es\/recursos-es\/agenda-cultural-febrer-2018\/#article","isPartOf":{"@id":"https:\/\/entandem.cat\/es\/recursos-es\/agenda-cultural-febrer-2018\/"},"author":{"name":"adminTandem","@id":"https:\/\/entandem.cat\/#\/schema\/person\/2111428ce1954193a11054a1e2b5b0da"},"headline":"Agenda Cultural &#8211; Febrer 2018","datePublished":"2018-01-29T15:08:55+00:00","dateModified":"2018-04-27T12:56:58+00:00","mainEntityOfPage":{"@id":"https:\/\/entandem.cat\/es\/recursos-es\/agenda-cultural-febrer-2018\/"},"wordCount":339,"publisher":{"@id":"https:\/\/entandem.cat\/#organization"},"image":{"@id":"https:\/\/entandem.cat\/es\/recursos-es\/agenda-cultural-febrer-2018\/#primaryimage"},"thumbnailUrl":"https:\/\/entandem.cat\/wp-content\/uploads\/2018\/01\/Agenda-Cultural-Febrer-2018.jpg","keywords":["agenda cultural","cine","exposici\u00f3","foto","pintura","sortidas","tallers","visita"],"articleSection":["Recursos"],"inLanguage":"es"},{"@type":"WebPage","@id":"https:\/\/entandem.cat\/es\/recursos-es\/agenda-cultural-febrer-2018\/","url":"https:\/\/entandem.cat\/es\/recursos-es\/agenda-cultural-febrer-2018\/","name":"Agenda Cultural - Febrer 2018 - enT\u00e0ndem","isPartOf":{"@id":"https:\/\/entandem.cat\/#website"},"primaryImageOfPage":{"@id":"https:\/\/entandem.cat\/es\/recursos-es\/agenda-cultural-febrer-2018\/#primaryimage"},"image":{"@id":"https:\/\/entandem.cat\/es\/recursos-es\/agenda-cultural-febrer-2018\/#primaryimage"},"thumbnailUrl":"https:\/\/entandem.cat\/wp-content\/uploads\/2018\/01\/Agenda-Cultural-Febrer-2018.jpg","datePublished":"2018-01-29T15:08:55+00:00","dateModified":"2018-04-27T12:56:58+00:00","breadcrumb":{"@id":"https:\/\/entandem.cat\/es\/recursos-es\/agenda-cultural-febrer-2018\/#breadcrumb"},"inLanguage":"es","potentialAction":[{"@type":"ReadAction","target":["https:\/\/entandem.cat\/es\/recursos-es\/agenda-cultural-febrer-2018\/"]}]},{"@type":"ImageObject","inLanguage":"es","@id":"https:\/\/entandem.cat\/es\/recursos-es\/agenda-cultural-febrer-2018\/#primaryimage","url":"https:\/\/entandem.cat\/wp-content\/uploads\/2018\/01\/Agenda-Cultural-Febrer-2018.jpg","contentUrl":"https:\/\/entandem.cat\/wp-content\/uploads\/2018\/01\/Agenda-Cultural-Febrer-2018.jpg","width":5184,"height":3456},{"@type":"BreadcrumbList","@id":"https:\/\/entandem.cat\/es\/recursos-es\/agenda-cultural-febrer-2018\/#breadcrumb","itemListElement":[{"@type":"ListItem","position":1,"name":"Inici","item":"https:\/\/entandem.cat\/es\/"},{"@type":"ListItem","position":2,"name":"Agenda Cultural &#8211; Febrer 2018"}]},{"@type":"WebSite","@id":"https:\/\/entandem.cat\/#website","url":"https:\/\/entandem.cat\/","name":"enT\u00e0ndem","description":"Voluntariat Social Universitari","publisher":{"@id":"https:\/\/entandem.cat\/#organization"},"potentialAction":[{"@type":"SearchAction","target":{"@type":"EntryPoint","urlTemplate":"https:\/\/entandem.cat\/?s={search_term_string}"},"query-input":{"@type":"PropertyValueSpecification","valueRequired":true,"valueName":"search_term_string"}}],"inLanguage":"es"},{"@type":"Organization","@id":"https:\/\/entandem.cat\/#organization","name":"enT\u00e0ndem","url":"https:\/\/entandem.cat\/","logo":{"@type":"ImageObject","inLanguage":"es","@id":"https:\/\/entandem.cat\/#\/schema\/logo\/image\/","url":"https:\/\/entandem.cat\/wp-content\/uploads\/2016\/12\/logo-entandem.png","contentUrl":"https:\/\/entandem.cat\/wp-content\/uploads\/2016\/12\/logo-entandem.png","width":166,"height":44,"caption":"enT\u00e0ndem"},"image":{"@id":"https:\/\/entandem.cat\/#\/schema\/logo\/image\/"},"sameAs":["https:\/\/www.facebook.com\/afevcat","https:\/\/x.com\/afevcat","https:\/\/www.instagram.com\/afevcat\/"]},{"@type":"Person","@id":"https:\/\/entandem.cat\/#\/schema\/person\/2111428ce1954193a11054a1e2b5b0da","name":"adminTandem"}]}},"_links":{"self":[{"href":"https:\/\/entandem.cat\/es\/wp-json\/wp\/v2\/posts\/4709","targetHints":{"allow":["GET"]}}],"collection":[{"href":"https:\/\/entandem.cat\/es\/wp-json\/wp\/v2\/posts"}],"about":[{"href":"https:\/\/entandem.cat\/es\/wp-json\/wp\/v2\/types\/post"}],"author":[{"embeddable":true,"href":"https:\/\/entandem.cat\/es\/wp-json\/wp\/v2\/users\/1"}],"replies":[{"embeddable":true,"href":"https:\/\/entandem.cat\/es\/wp-json\/wp\/v2\/comments?post=4709"}],"version-history":[{"count":0,"href":"https:\/\/entandem.cat\/es\/wp-json\/wp\/v2\/posts\/4709\/revisions"}],"wp:featuredmedia":[{"embeddable":true,"href":"https:\/\/entandem.cat\/es\/wp-json\/wp\/v2\/media\/4123"}],"wp:attachment":[{"href":"https:\/\/entandem.cat\/es\/wp-json\/wp\/v2\/media?parent=4709"}],"wp:term":[{"taxonomy":"category","embeddable":true,"href":"https:\/\/entandem.cat\/es\/wp-json\/wp\/v2\/categories?post=4709"},{"taxonomy":"post_tag","embeddable":true,"href":"https:\/\/entandem.cat\/es\/wp-json\/wp\/v2\/tags?post=4709"}],"curies":[{"name":"wp","href":"https:\/\/api.w.org\/{rel}","templated":true}]}}