{"id":4548,"date":"2018-04-17T08:59:57","date_gmt":"2018-04-17T08:59:57","guid":{"rendered":"http:\/\/entandem.cat\/es\/actividades\/la-mentoria-viu-un-bonic-moment-dauge-que-hem-daprofitar-xarxanet-org\/"},"modified":"2018-04-18T09:17:47","modified_gmt":"2018-04-18T09:17:47","slug":"la-mentoria-viu-un-bonic-moment-dauge-que-hem-daprofitar-xarxanet-org","status":"publish","type":"post","link":"https:\/\/entandem.cat\/es\/prensa\/la-mentoria-viu-un-bonic-moment-dauge-que-hem-daprofitar-xarxanet-org\/","title":{"rendered":"La mentoria viu un bonic moment d&#8217;auge que hem d&#8217;aprofitar &#8211; xarxanet.org"},"content":{"rendered":"<p><strong>La mentoria \u00e9s una eina molt potent on mentor\/a i mentorat\/da intercanvien experi\u00e8ncies i viv\u00e8ncies i on els processos de canvi, apoderament i coneixement es produeixen en ambd\u00f3s sentits.<\/strong><\/p>\n<p>Per <a href=\"http:\/\/xarxanet.org\/\"><strong><span style=\"color: #ff0000;\">xarxanet.org<\/span><\/strong><\/a><\/p>\n<p>Moltes de nosaltres segur que podem recordar aquella tieta, professora o amiga dels nostres pares de la que ens recordem perqu\u00e8 potser, en algun moment de la nostra vida, li vam explicar els nostres neguits, les nostres passions, all\u00e0 on vol\u00edem arribar, all\u00f2 que vol\u00edem fer&#8230; a qui potser escolt\u00e0vem i ens fix\u00e0vem&#8230; En definitiva, un mentor o una mentora que ens va acompanyar una part de la nostra vida (o tota).<\/p>\n<p><strong>Mentoria \u00e9s confian\u00e7a. Mentoria \u00e9s compartir moments, aprenentatges, passions o neguits. Mentoria \u00e9s coneixement mutu.<\/strong> Mentoria \u00e9s caminar, ni davant ni darrera, sin\u00f3 l&#8217;un al costat de l&#8217;altre. Per\u00f2 tamb\u00e9 \u00e9s permetre que alg\u00fa ensopegui mentre s&#8217;apodera de les seves decisions i l&#8217;acompanyem en el proc\u00e9s &#8230; <a href=\"http:\/\/xarxanet.org\/opinio\/la-mentoria-es-una-eina-molt-potent-mentora-i-mentoratda-intercanvien-experiencies-i\"><strong><span style=\"color: #ff0000;\">Llegir l&#8217;article sencer\u00a0<\/span><\/strong><\/a><\/p>\n","protected":false},"excerpt":{"rendered":"<p>La mentoria \u00e9s una eina molt potent on mentor\/a i mentorat\/da intercanvien experi\u00e8ncies i viv\u00e8ncies i on els processos de canvi, apoderament i coneixement es produeixen en ambd\u00f3s sentits. Per xarxanet.org Moltes de nosaltres segur que podem recordar aquella tieta, professora o amiga dels nostres pares de la que ens recordem perqu\u00e8 potser, en algun &hellip; <a href=\"https:\/\/entandem.cat\/es\/prensa\/la-mentoria-viu-un-bonic-moment-dauge-que-hem-daprofitar-xarxanet-org\/\">Continued<\/a><\/p>\n","protected":false},"author":1,"featured_media":4439,"comment_status":"closed","ping_status":"open","sticky":false,"template":"","format":"standard","meta":{"footnotes":""},"categories":[319],"tags":[],"class_list":["post-4548","post","type-post","status-publish","format-standard","has-post-thumbnail","hentry","category-prensa"],"yoast_head":"<!-- This site is optimized with the Yoast SEO plugin v27.0 - https:\/\/yoast.com\/product\/yoast-seo-wordpress\/ -->\n<title>La mentoria viu un bonic moment d&#039;auge que hem d&#039;aprofitar - xarxanet.org - enT\u00e0ndem<\/title>\n<meta name=\"robots\" content=\"index, follow, max-snippet:-1, max-image-preview:large, max-video-preview:-1\" \/>\n<link rel=\"canonical\" href=\"https:\/\/entandem.cat\/es\/prensa\/la-mentoria-viu-un-bonic-moment-dauge-que-hem-daprofitar-xarxanet-org\/\" \/>\n<meta property=\"og:locale\" content=\"es_ES\" \/>\n<meta property=\"og:type\" content=\"article\" \/>\n<meta property=\"og:title\" content=\"La mentoria viu un bonic moment d&#039;auge que hem d&#039;aprofitar - xarxanet.org - enT\u00e0ndem\" \/>\n<meta property=\"og:description\" content=\"La mentoria \u00e9s una eina molt potent on mentor\/a i mentorat\/da intercanvien experi\u00e8ncies i viv\u00e8ncies i on els processos de canvi, apoderament i coneixement es produeixen en ambd\u00f3s sentits. Per xarxanet.org Moltes de nosaltres segur que podem recordar aquella tieta, professora o amiga dels nostres pares de la que ens recordem perqu\u00e8 potser, en algun &hellip; Continued\" \/>\n<meta property=\"og:url\" content=\"https:\/\/entandem.cat\/es\/prensa\/la-mentoria-viu-un-bonic-moment-dauge-que-hem-daprofitar-xarxanet-org\/\" \/>\n<meta property=\"og:site_name\" content=\"enT\u00e0ndem\" \/>\n<meta property=\"article:publisher\" content=\"https:\/\/www.facebook.com\/afevcat\" \/>\n<meta property=\"article:published_time\" content=\"2018-04-17T08:59:57+00:00\" \/>\n<meta property=\"article:modified_time\" content=\"2018-04-18T09:17:47+00:00\" \/>\n<meta property=\"og:image\" content=\"https:\/\/entandem.cat\/wp-content\/uploads\/2018\/04\/laiaweb.jpg\" \/>\n\t<meta property=\"og:image:width\" content=\"1200\" \/>\n\t<meta property=\"og:image:height\" content=\"1040\" \/>\n\t<meta property=\"og:image:type\" content=\"image\/jpeg\" \/>\n<meta name=\"author\" content=\"adminTandem\" \/>\n<meta name=\"twitter:card\" content=\"summary_large_image\" \/>\n<meta name=\"twitter:creator\" content=\"@afevcat\" \/>\n<meta name=\"twitter:site\" content=\"@afevcat\" \/>\n<meta name=\"twitter:label1\" content=\"Escrito por\" \/>\n\t<meta name=\"twitter:data1\" content=\"adminTandem\" \/>\n\t<meta name=\"twitter:label2\" content=\"Tiempo de lectura\" \/>\n\t<meta name=\"twitter:data2\" content=\"1 minuto\" \/>\n<script type=\"application\/ld+json\" class=\"yoast-schema-graph\">{\"@context\":\"https:\/\/schema.org\",\"@graph\":[{\"@type\":\"Article\",\"@id\":\"https:\/\/entandem.cat\/es\/prensa\/la-mentoria-viu-un-bonic-moment-dauge-que-hem-daprofitar-xarxanet-org\/#article\",\"isPartOf\":{\"@id\":\"https:\/\/entandem.cat\/es\/prensa\/la-mentoria-viu-un-bonic-moment-dauge-que-hem-daprofitar-xarxanet-org\/\"},\"author\":{\"name\":\"adminTandem\",\"@id\":\"https:\/\/entandem.cat\/#\/schema\/person\/2111428ce1954193a11054a1e2b5b0da\"},\"headline\":\"La mentoria viu un bonic moment d&#8217;auge que hem d&#8217;aprofitar &#8211; xarxanet.org\",\"datePublished\":\"2018-04-17T08:59:57+00:00\",\"dateModified\":\"2018-04-18T09:17:47+00:00\",\"mainEntityOfPage\":{\"@id\":\"https:\/\/entandem.cat\/es\/prensa\/la-mentoria-viu-un-bonic-moment-dauge-que-hem-daprofitar-xarxanet-org\/\"},\"wordCount\":184,\"publisher\":{\"@id\":\"https:\/\/entandem.cat\/#organization\"},\"image\":{\"@id\":\"https:\/\/entandem.cat\/es\/prensa\/la-mentoria-viu-un-bonic-moment-dauge-que-hem-daprofitar-xarxanet-org\/#primaryimage\"},\"thumbnailUrl\":\"https:\/\/entandem.cat\/wp-content\/uploads\/2018\/04\/laiaweb.jpg\",\"articleSection\":[\"Prensa\"],\"inLanguage\":\"es\"},{\"@type\":\"WebPage\",\"@id\":\"https:\/\/entandem.cat\/es\/prensa\/la-mentoria-viu-un-bonic-moment-dauge-que-hem-daprofitar-xarxanet-org\/\",\"url\":\"https:\/\/entandem.cat\/es\/prensa\/la-mentoria-viu-un-bonic-moment-dauge-que-hem-daprofitar-xarxanet-org\/\",\"name\":\"La mentoria viu un bonic moment d'auge que hem d'aprofitar - xarxanet.org - enT\u00e0ndem\",\"isPartOf\":{\"@id\":\"https:\/\/entandem.cat\/#website\"},\"primaryImageOfPage\":{\"@id\":\"https:\/\/entandem.cat\/es\/prensa\/la-mentoria-viu-un-bonic-moment-dauge-que-hem-daprofitar-xarxanet-org\/#primaryimage\"},\"image\":{\"@id\":\"https:\/\/entandem.cat\/es\/prensa\/la-mentoria-viu-un-bonic-moment-dauge-que-hem-daprofitar-xarxanet-org\/#primaryimage\"},\"thumbnailUrl\":\"https:\/\/entandem.cat\/wp-content\/uploads\/2018\/04\/laiaweb.jpg\",\"datePublished\":\"2018-04-17T08:59:57+00:00\",\"dateModified\":\"2018-04-18T09:17:47+00:00\",\"breadcrumb\":{\"@id\":\"https:\/\/entandem.cat\/es\/prensa\/la-mentoria-viu-un-bonic-moment-dauge-que-hem-daprofitar-xarxanet-org\/#breadcrumb\"},\"inLanguage\":\"es\",\"potentialAction\":[{\"@type\":\"ReadAction\",\"target\":[\"https:\/\/entandem.cat\/es\/prensa\/la-mentoria-viu-un-bonic-moment-dauge-que-hem-daprofitar-xarxanet-org\/\"]}]},{\"@type\":\"ImageObject\",\"inLanguage\":\"es\",\"@id\":\"https:\/\/entandem.cat\/es\/prensa\/la-mentoria-viu-un-bonic-moment-dauge-que-hem-daprofitar-xarxanet-org\/#primaryimage\",\"url\":\"https:\/\/entandem.cat\/wp-content\/uploads\/2018\/04\/laiaweb.jpg\",\"contentUrl\":\"https:\/\/entandem.cat\/wp-content\/uploads\/2018\/04\/laiaweb.jpg\",\"width\":1200,\"height\":1040},{\"@type\":\"BreadcrumbList\",\"@id\":\"https:\/\/entandem.cat\/es\/prensa\/la-mentoria-viu-un-bonic-moment-dauge-que-hem-daprofitar-xarxanet-org\/#breadcrumb\",\"itemListElement\":[{\"@type\":\"ListItem\",\"position\":1,\"name\":\"Inici\",\"item\":\"https:\/\/entandem.cat\/es\/\"},{\"@type\":\"ListItem\",\"position\":2,\"name\":\"La mentoria viu un bonic moment d&#8217;auge que hem d&#8217;aprofitar &#8211; xarxanet.org\"}]},{\"@type\":\"WebSite\",\"@id\":\"https:\/\/entandem.cat\/#website\",\"url\":\"https:\/\/entandem.cat\/\",\"name\":\"enT\u00e0ndem\",\"description\":\"Voluntariat Social Universitari\",\"publisher\":{\"@id\":\"https:\/\/entandem.cat\/#organization\"},\"potentialAction\":[{\"@type\":\"SearchAction\",\"target\":{\"@type\":\"EntryPoint\",\"urlTemplate\":\"https:\/\/entandem.cat\/?s={search_term_string}\"},\"query-input\":{\"@type\":\"PropertyValueSpecification\",\"valueRequired\":true,\"valueName\":\"search_term_string\"}}],\"inLanguage\":\"es\"},{\"@type\":\"Organization\",\"@id\":\"https:\/\/entandem.cat\/#organization\",\"name\":\"enT\u00e0ndem\",\"url\":\"https:\/\/entandem.cat\/\",\"logo\":{\"@type\":\"ImageObject\",\"inLanguage\":\"es\",\"@id\":\"https:\/\/entandem.cat\/#\/schema\/logo\/image\/\",\"url\":\"https:\/\/entandem.cat\/wp-content\/uploads\/2016\/12\/logo-entandem.png\",\"contentUrl\":\"https:\/\/entandem.cat\/wp-content\/uploads\/2016\/12\/logo-entandem.png\",\"width\":166,\"height\":44,\"caption\":\"enT\u00e0ndem\"},\"image\":{\"@id\":\"https:\/\/entandem.cat\/#\/schema\/logo\/image\/\"},\"sameAs\":[\"https:\/\/www.facebook.com\/afevcat\",\"https:\/\/x.com\/afevcat\",\"https:\/\/www.instagram.com\/afevcat\/\"]},{\"@type\":\"Person\",\"@id\":\"https:\/\/entandem.cat\/#\/schema\/person\/2111428ce1954193a11054a1e2b5b0da\",\"name\":\"adminTandem\"}]}<\/script>\n<!-- \/ Yoast SEO plugin. -->","yoast_head_json":{"title":"La mentoria viu un bonic moment d'auge que hem d'aprofitar - xarxanet.org - enT\u00e0ndem","robots":{"index":"index","follow":"follow","max-snippet":"max-snippet:-1","max-image-preview":"max-image-preview:large","max-video-preview":"max-video-preview:-1"},"canonical":"https:\/\/entandem.cat\/es\/prensa\/la-mentoria-viu-un-bonic-moment-dauge-que-hem-daprofitar-xarxanet-org\/","og_locale":"es_ES","og_type":"article","og_title":"La mentoria viu un bonic moment d'auge que hem d'aprofitar - xarxanet.org - enT\u00e0ndem","og_description":"La mentoria \u00e9s una eina molt potent on mentor\/a i mentorat\/da intercanvien experi\u00e8ncies i viv\u00e8ncies i on els processos de canvi, apoderament i coneixement es produeixen en ambd\u00f3s sentits. Per xarxanet.org Moltes de nosaltres segur que podem recordar aquella tieta, professora o amiga dels nostres pares de la que ens recordem perqu\u00e8 potser, en algun &hellip; Continued","og_url":"https:\/\/entandem.cat\/es\/prensa\/la-mentoria-viu-un-bonic-moment-dauge-que-hem-daprofitar-xarxanet-org\/","og_site_name":"enT\u00e0ndem","article_publisher":"https:\/\/www.facebook.com\/afevcat","article_published_time":"2018-04-17T08:59:57+00:00","article_modified_time":"2018-04-18T09:17:47+00:00","og_image":[{"width":1200,"height":1040,"url":"https:\/\/entandem.cat\/wp-content\/uploads\/2018\/04\/laiaweb.jpg","type":"image\/jpeg"}],"author":"adminTandem","twitter_card":"summary_large_image","twitter_creator":"@afevcat","twitter_site":"@afevcat","twitter_misc":{"Escrito por":"adminTandem","Tiempo de lectura":"1 minuto"},"schema":{"@context":"https:\/\/schema.org","@graph":[{"@type":"Article","@id":"https:\/\/entandem.cat\/es\/prensa\/la-mentoria-viu-un-bonic-moment-dauge-que-hem-daprofitar-xarxanet-org\/#article","isPartOf":{"@id":"https:\/\/entandem.cat\/es\/prensa\/la-mentoria-viu-un-bonic-moment-dauge-que-hem-daprofitar-xarxanet-org\/"},"author":{"name":"adminTandem","@id":"https:\/\/entandem.cat\/#\/schema\/person\/2111428ce1954193a11054a1e2b5b0da"},"headline":"La mentoria viu un bonic moment d&#8217;auge que hem d&#8217;aprofitar &#8211; xarxanet.org","datePublished":"2018-04-17T08:59:57+00:00","dateModified":"2018-04-18T09:17:47+00:00","mainEntityOfPage":{"@id":"https:\/\/entandem.cat\/es\/prensa\/la-mentoria-viu-un-bonic-moment-dauge-que-hem-daprofitar-xarxanet-org\/"},"wordCount":184,"publisher":{"@id":"https:\/\/entandem.cat\/#organization"},"image":{"@id":"https:\/\/entandem.cat\/es\/prensa\/la-mentoria-viu-un-bonic-moment-dauge-que-hem-daprofitar-xarxanet-org\/#primaryimage"},"thumbnailUrl":"https:\/\/entandem.cat\/wp-content\/uploads\/2018\/04\/laiaweb.jpg","articleSection":["Prensa"],"inLanguage":"es"},{"@type":"WebPage","@id":"https:\/\/entandem.cat\/es\/prensa\/la-mentoria-viu-un-bonic-moment-dauge-que-hem-daprofitar-xarxanet-org\/","url":"https:\/\/entandem.cat\/es\/prensa\/la-mentoria-viu-un-bonic-moment-dauge-que-hem-daprofitar-xarxanet-org\/","name":"La mentoria viu un bonic moment d'auge que hem d'aprofitar - xarxanet.org - enT\u00e0ndem","isPartOf":{"@id":"https:\/\/entandem.cat\/#website"},"primaryImageOfPage":{"@id":"https:\/\/entandem.cat\/es\/prensa\/la-mentoria-viu-un-bonic-moment-dauge-que-hem-daprofitar-xarxanet-org\/#primaryimage"},"image":{"@id":"https:\/\/entandem.cat\/es\/prensa\/la-mentoria-viu-un-bonic-moment-dauge-que-hem-daprofitar-xarxanet-org\/#primaryimage"},"thumbnailUrl":"https:\/\/entandem.cat\/wp-content\/uploads\/2018\/04\/laiaweb.jpg","datePublished":"2018-04-17T08:59:57+00:00","dateModified":"2018-04-18T09:17:47+00:00","breadcrumb":{"@id":"https:\/\/entandem.cat\/es\/prensa\/la-mentoria-viu-un-bonic-moment-dauge-que-hem-daprofitar-xarxanet-org\/#breadcrumb"},"inLanguage":"es","potentialAction":[{"@type":"ReadAction","target":["https:\/\/entandem.cat\/es\/prensa\/la-mentoria-viu-un-bonic-moment-dauge-que-hem-daprofitar-xarxanet-org\/"]}]},{"@type":"ImageObject","inLanguage":"es","@id":"https:\/\/entandem.cat\/es\/prensa\/la-mentoria-viu-un-bonic-moment-dauge-que-hem-daprofitar-xarxanet-org\/#primaryimage","url":"https:\/\/entandem.cat\/wp-content\/uploads\/2018\/04\/laiaweb.jpg","contentUrl":"https:\/\/entandem.cat\/wp-content\/uploads\/2018\/04\/laiaweb.jpg","width":1200,"height":1040},{"@type":"BreadcrumbList","@id":"https:\/\/entandem.cat\/es\/prensa\/la-mentoria-viu-un-bonic-moment-dauge-que-hem-daprofitar-xarxanet-org\/#breadcrumb","itemListElement":[{"@type":"ListItem","position":1,"name":"Inici","item":"https:\/\/entandem.cat\/es\/"},{"@type":"ListItem","position":2,"name":"La mentoria viu un bonic moment d&#8217;auge que hem d&#8217;aprofitar &#8211; xarxanet.org"}]},{"@type":"WebSite","@id":"https:\/\/entandem.cat\/#website","url":"https:\/\/entandem.cat\/","name":"enT\u00e0ndem","description":"Voluntariat Social Universitari","publisher":{"@id":"https:\/\/entandem.cat\/#organization"},"potentialAction":[{"@type":"SearchAction","target":{"@type":"EntryPoint","urlTemplate":"https:\/\/entandem.cat\/?s={search_term_string}"},"query-input":{"@type":"PropertyValueSpecification","valueRequired":true,"valueName":"search_term_string"}}],"inLanguage":"es"},{"@type":"Organization","@id":"https:\/\/entandem.cat\/#organization","name":"enT\u00e0ndem","url":"https:\/\/entandem.cat\/","logo":{"@type":"ImageObject","inLanguage":"es","@id":"https:\/\/entandem.cat\/#\/schema\/logo\/image\/","url":"https:\/\/entandem.cat\/wp-content\/uploads\/2016\/12\/logo-entandem.png","contentUrl":"https:\/\/entandem.cat\/wp-content\/uploads\/2016\/12\/logo-entandem.png","width":166,"height":44,"caption":"enT\u00e0ndem"},"image":{"@id":"https:\/\/entandem.cat\/#\/schema\/logo\/image\/"},"sameAs":["https:\/\/www.facebook.com\/afevcat","https:\/\/x.com\/afevcat","https:\/\/www.instagram.com\/afevcat\/"]},{"@type":"Person","@id":"https:\/\/entandem.cat\/#\/schema\/person\/2111428ce1954193a11054a1e2b5b0da","name":"adminTandem"}]}},"_links":{"self":[{"href":"https:\/\/entandem.cat\/es\/wp-json\/wp\/v2\/posts\/4548","targetHints":{"allow":["GET"]}}],"collection":[{"href":"https:\/\/entandem.cat\/es\/wp-json\/wp\/v2\/posts"}],"about":[{"href":"https:\/\/entandem.cat\/es\/wp-json\/wp\/v2\/types\/post"}],"author":[{"embeddable":true,"href":"https:\/\/entandem.cat\/es\/wp-json\/wp\/v2\/users\/1"}],"replies":[{"embeddable":true,"href":"https:\/\/entandem.cat\/es\/wp-json\/wp\/v2\/comments?post=4548"}],"version-history":[{"count":0,"href":"https:\/\/entandem.cat\/es\/wp-json\/wp\/v2\/posts\/4548\/revisions"}],"wp:featuredmedia":[{"embeddable":true,"href":"https:\/\/entandem.cat\/es\/wp-json\/wp\/v2\/media\/4439"}],"wp:attachment":[{"href":"https:\/\/entandem.cat\/es\/wp-json\/wp\/v2\/media?parent=4548"}],"wp:term":[{"taxonomy":"category","embeddable":true,"href":"https:\/\/entandem.cat\/es\/wp-json\/wp\/v2\/categories?post=4548"},{"taxonomy":"post_tag","embeddable":true,"href":"https:\/\/entandem.cat\/es\/wp-json\/wp\/v2\/tags?post=4548"}],"curies":[{"name":"wp","href":"https:\/\/api.w.org\/{rel}","templated":true}]}}