{"id":4372,"date":"2018-03-22T15:38:43","date_gmt":"2018-03-22T15:38:43","guid":{"rendered":"http:\/\/entandem.cat\/es\/actividades\/agenda-cultural-abril-2018\/"},"modified":"2018-05-02T10:16:35","modified_gmt":"2018-05-02T10:16:35","slug":"agenda-cultural-abril-2018","status":"publish","type":"post","link":"https:\/\/entandem.cat\/es\/recursos-es\/agenda-cultural-abril-2018\/","title":{"rendered":"Agenda Cultural &#8211; Abril 2018"},"content":{"rendered":"<p>Com cada mes, l&#8217;equip <span class=\"hiddenGrammarError\">d&#8217;<a href=\"https:\/\/entandem.cat\">enT\u00e0ndem<\/a><\/span> t&#8217;informa dels millors plans culturals per aquest mes d&#8217;abril!\u00a0Un mes d&#8217;abril que ser\u00e0 sin\u00f2nim de cinema, de m\u00fasica, de circ, de gimn\u00e0stica i tamb\u00e9 de xocolata entre moltes altres coses m\u00e9s! Si tens curiositat per saber en qu\u00e8 consisteixen totes aquestes idees, aqu\u00ed tens tota la informaci\u00f3 necess\u00e0ria! Potser algunes d&#8217;aquestes propostes podran interessar al teu t\u00e0ndem!<\/p>\n<p>&nbsp;<\/p>\n<p><span style=\"color: #99cc00;\">[Cine]<\/span> \u00ab <a href=\"http:\/\/casalpoudelafiguera.net\/cinesaurio\/\"><span style=\"color: #ff0000;\">Mostra de cinema art\u00edstic per a joves (i no tant)\u00a0<\/span><\/a>\u00bb<\/p>\n<ul style=\"list-style-type: square;\">\n<li>Dimecres de 8h a 20h<\/li>\n<li>Casal de Barri Pou de la Figuera, sala petita<\/li>\n<li>Entrada gratu\u00efta<\/li>\n<li>Que \u00e9s? Projecci\u00f3 de cl\u00e0ssics dels cinema mundial amb posterior xerrada de reflexi\u00f3, per a joves d&#8217;entre 13 i 18 anys.<\/li>\n<\/ul>\n<p><span style=\"color: #99cc00;\">[Naturalesa] <\/span>\u00ab <a href=\"http:\/\/bioblitzbcn.museuciencies.cat\/\"><span style=\"color: #ff0000;\">Bioblitz: Descobreix la diversitat biol\u00f2gica de Barcelona<\/span><\/a> <strong>\u00bb<\/strong><\/p>\n<ul style=\"list-style-type: square;\">\n<li>20, 21, i 22 d&#8217;abril<\/li>\n<li>Jard\u00ed Bot\u00e0nic Hist\u00f2ric i els seus entorns<\/li>\n<li>Entrada gratu\u00efta<\/li>\n<li>Que \u00e9s? Jornades obertes al Jard\u00ed Bot\u00e0nic Hist\u00f2ric.<\/li>\n<\/ul>\n<p><span style=\"color: #99cc00;\">[Circ]<\/span> <strong>\u00a0\u00ab<\/strong> <a href=\"http:\/\/lameva.barcelona.cat\/districtecultural\/ca\/lib%C3%A8l%C2%B7lula?actua=498\"><span style=\"color: #ff0000;\">Lib\u00e8l-lula<\/span><\/a><strong><a href=\"http:\/\/lameva.barcelona.cat\/districtecultural\/ca\/lib%C3%A8l%C2%B7lula?actua=498\"><span style=\"color: #ff0000;\"><\/span><\/a> \u00bb<br \/>\n <\/strong><\/p>\n<ul style=\"list-style-type: square;\">\n<li>Divendres\u00a0 6 d\u2019abrila les 18h i 20h<\/li>\n<li>Centre C\u00edvic Bar\u00f3 de Viver<\/li>\n<li>Que \u00e9s? Un espectacle de circ.<\/li>\n<\/ul>\n<p><strong><span style=\"color: #99cc00;\">[Cine]<\/span> \u00ab <\/strong><a href=\"http:\/\/ajuntament.barcelona.cat\/ccivics\/vil.laurania\/p\/23773\/petit-cineclub-la-vida-den-carbasso\"><span style=\"color: #ff0000;\">La vida d\u2019en Carbass\u00f3<\/span><\/a><strong> \u00bb <\/strong><\/p>\n<ul style=\"list-style-type: square;\">\n<li>Divendres 13 a les 17.30h<\/li>\n<li>Centre C\u00edvic Vil-la Ur\u00e0nia<\/li>\n<li>Entrada gratu\u00efta<\/li>\n<li>Que \u00e9s? Projecci\u00f3 d&#8217;un dibuix animat.<\/li>\n<\/ul>\n<p><strong><span style=\"color: #99cc00;\">[M\u00fasica]<\/span> \u00ab<\/strong> <a href=\"http:\/\/lameva.barcelona.cat\/districtecultural\/ca\/54-46-reggae-xics-r%C3%A0dio\"><span style=\"color: #ff0000;\">54-56 Reggae per Xics R\u00e0dio<\/span><\/a><strong><a href=\"http:\/\/lameva.barcelona.cat\/districtecultural\/ca\/54-46-reggae-xics-r%C3%A0dio\"><span style=\"color: #ff0000;\"><\/span><\/a>\u00bb\u00a0<\/strong><strong>\u00a0\u00a0\u00a0\u00a0<\/strong><\/p>\n<ul>\n<li>14 d&#8217;abril, 18h al Centre C\u00edvic Parc Sandaru<\/li>\n<li>21 d&#8217;abril, 12h al Centre C\u00edvic Albareda<\/li>\n<li>21 d&#8217;abril, 18h al Casal Font d&#8217;en Fargues<\/li>\n<li>22 d&#8217;abril, 12h al Can Clariana Cultural<\/li>\n<\/ul>\n<p><strong><span style=\"color: #99cc00;\">[Cine]<\/span> \u00ab <\/strong><a href=\"http:\/\/cinemalliure.com\/biblioteca\/\"><span style=\"color: #ff0000;\">Cinema lliure a la Biblioteca<\/span><\/a><strong>\u00bb<\/strong>\u00a0\u00a0\u00a0\u00a0<\/p>\n<ul style=\"list-style-type: square;\">\n<li>Fins el 11 d&#8217;abril, 19h<\/li>\n<li>Curt del Festival Bibliocurts + Documental<\/li>\n<li>Entrada gratu\u00efta<\/li>\n<\/ul>\n<p><strong><span style=\"color: #99cc00;\">[Naturalesa]<\/span> \u00ab <\/strong><a href=\"https:\/\/museuciencies.cat\/activitats\/18-04_planta_t_al_botanic\/\"><span style=\"color: #ff0000;\">Planta\u2019t al Bot\u00e0nic<\/span><\/a><strong> \u00bb <\/strong><\/p>\n<ul style=\"list-style-type: square;\">\n<li>Diumenge 15 abril, de 10 a 19 h.<\/li>\n<li>Jard\u00ed Bot\u00e0nic de Barcelona.<\/li>\n<li>Que \u00e9s?\u00a0 Jornada de portes obertes amb activitats gratu\u00eftes.<\/li>\n<\/ul>\n<p><span style=\"color: #99cc00;\">[Mercat]<\/span> <strong>\u00ab <\/strong><a href=\"http:\/\/guia.barcelona.cat\/es\/detall\/mercat-drap-art-18-edicio-primavera-mercat-i-tallers-de-reciclatge-artistic-i-consum-sostenible_99400580460.html\"><span style=\"color: #ff0000;\">Drap-Art 18. Mercat i tallers de reciclatge art\u00edstic i consum sostenible<\/span><\/a> <strong>\u00bb<\/strong><\/p>\n<ul style=\"list-style-type: square;\">\n<li>Dissabtes de 11h a 22h, Tallers a les 12h<\/li>\n<li>Pla\u00e7a Reial<\/li>\n<li>Entrada gratu\u00efta<\/li>\n<\/ul>\n<p><strong><span style=\"color: #99cc00;\">[Torneig]<\/span>\u00a0 \u00ab<\/strong><a href=\"http:\/\/guia.barcelona.cat\/es\/detall\/torneig-la-leyenda-de-los-cinco-anillos-_99400580016.html\"><span style=\"color: #ff0000;\"> La leyenda de los cinco anillos<\/span><\/a><strong> \u00bb<\/strong><\/p>\n<ul style=\"list-style-type: square;\">\n<li>Diumenge 8 d&#8217;abril de 10h a 14h i de 15h a 19h<\/li>\n<li>Casa \u00c0sia<\/li>\n<li>Que \u00e9s? \u00c9s un torneig de joc de cartes.<\/li>\n<\/ul>\n<p><span style=\"color: #99cc00;\">[Gymkana]<\/span> <strong>\u00ab<\/strong> <a href=\"http:\/\/guia.barcelona.cat\/es\/detall\/l-aventura-de-coneixer-itineraris-per-barcelona-gimkchallenge-2018_99400576738.html\"><span style=\"color: #ff0000;\">GimKchallenge 2018<\/span> <\/a><strong>\u00bb<\/strong><\/p>\n<ul style=\"list-style-type: square;\">\n<li>Del 9 al 19 d&#8217;abril, de dilluns a dissabte, 16h.<\/li>\n<li>Bioblioteca Horta-Can Mariner<\/li>\n<li>Entrada gratu\u00efta<\/li>\n<\/ul>\n<p><span style=\"color: #99cc00;\">[Tallers]<\/span> <strong>\u00ab<\/strong> <a href=\"http:\/\/espaijovegarcilaso.org\/programacio-dels-tallers-de-primavera-de-laqui-tescoltem\/\"><span style=\"color: #ff0000;\">Aqu\u00ed t&#8217;escoltem<\/span><\/a> <strong>\u00bb<\/strong><\/p>\n<ul style=\"list-style-type: square;\">\n<li>Fins a Juny<\/li>\n<li>Espai Jove Garcilaso<\/li>\n<li>Tallers gratu\u00efts amb inscripci\u00f3 pr\u00e8via<\/li>\n<li>Que \u00e9s? Tallers per aprendre m\u00e9s sobre tu mateix\/a, adquirir noves habilitats, treballar l&#8217;autoetima, l&#8217;assertivitat i compartir experi\u00e8ncies amb altres joves des dels temes que m\u00e9s els interessen.<\/li>\n<\/ul>\n<p><span style=\"color: #99cc00;\">[Xocolatada]<\/span> <strong>\u00ab<\/strong> <a href=\"http:\/\/guia.barcelona.cat\/es\/detall\/xocolatades-a-l-eix-de-sarria_99400479057.html\"><span style=\"color: #ff0000;\">Xocolatades a l&#8217;Eix de Sarri\u00e0<\/span><\/a> <strong>\u00bb<\/strong><\/p>\n<ul style=\"list-style-type: square;\">\n<li>Tots els dimecres fins el 4 d&#8217;abril a les 17h30 en diferents punts de Sarri\u00e1<\/li>\n<\/ul>\n<h2>\u00a0\u00a0\u00a0\u00a0\u00a0\u00a0\u00a0\u00a0\u00a0\u00a0\u00a0\u00a0\u00a0\u00a0\u00a0\u00a0\u00a0\u00a0\u00a0\u00a0\u00a0\u00a0\u00a0\u00a0\u00a0\u00a0\u00a0\u00a0\u00a0\u00a0\u00a0\u00a0\u00a0\u00a0\u00a0\u00a0\u00a0\u00a0\u00a0\u00a0\u00a0\u00a0\u00a0\u00a0\u00a0\u00a0\u00a0\u00a0\u00a0\u00a0\u00a0\u00a0\u00a0\u00a0\u00a0\u00a0\u00a0\u00a0\u00a0\u00a0\u00a0\u00a0\u00a0\u00a0\u00a0\u00a0\u00a0\u00a0\u00a0\u00a0\u00a0\u00a0\u00a0\u00a0<\/h2>\n<h2>\u00a0<\/h2>\n<h2>\u00a0\u00a0\u00a0\u00a0\u00a0\u00a0\u00a0\u00a0\u00a0\u00a0\u00a0\u00a0\u00a0\u00a0\u00a0\u00a0\u00a0\u00a0\u00a0\u00a0\u00a0\u00a0\u00a0\u00a0\u00a0\u00a0<\/h2>\n<h2>\u00a0<\/h2>\n<h2>\u00a0\u00a0\u00a0\u00a0\u00a0\u00a0\u00a0\u00a0\u00a0\u00a0\u00a0\u00a0\u00a0\u00a0\u00a0\u00a0\u00a0\u00a0\u00a0\u00a0\u00a0\u00a0\u00a0\u00a0\u00a0\u00a0\u00a0\u00a0\u00a0\u00a0\u00a0\u00a0\u00a0\u00a0\u00a0\u00a0\u00a0\u00a0\u00a0\u00a0<\/h2>\n<p>&nbsp;<\/p>\n<p><strong>\u00a0<\/strong><\/p>\n<h2>\u00a0\u00a0\u00a0\u00a0\u00a0\u00a0\u00a0\u00a0\u00a0\u00a0\u00a0\u00a0\u00a0\u00a0\u00a0\u00a0\u00a0\u00a0\u00a0\u00a0\u00a0\u00a0\u00a0\u00a0\u00a0\u00a0\u00a0\u00a0\u00a0\u00a0\u00a0\u00a0\u00a0\u00a0\u00a0\u00a0\u00a0\u00a0\u00a0\u00a0\u00a0\u00a0\u00a0\u00a0\u00a0\u00a0\u00a0\u00a0\u00a0\u00a0\u00a0\u00a0\u00a0\u00a0\u00a0\u00a0\u00a0\u00a0\u00a0\u00a0\u00a0\u00a0\u00a0\u00a0\u00a0\u00a0\u00a0\u00a0\u00a0\u00a0\u00a0\u00a0\u00a0\u00a0\u00a0\u00a0\u00a0\u00a0\u00a0\u00a0\u00a0\u00a0\u00a0\u00a0\u00a0\u00a0\u00a0\u00a0\u00a0\u00a0\u00a0\u00a0\u00a0\u00a0\u00a0\u00a0\u00a0\u00a0\u00a0\u00a0\u00a0\u00a0\u00a0\u00a0\u00a0\u00a0\u00a0\u00a0\u00a0\u00a0\u00a0\u00a0\u00a0\u00a0\u00a0\u00a0\u00a0\u00a0\u00a0\u00a0\u00a0\u00a0\u00a0\u00a0\u00a0\u00a0\u00a0\u00a0\u00a0\u00a0\u00a0\u00a0\u00a0\u00a0\u00a0\u00a0\u00a0\u00a0\u00a0\u00a0\u00a0\u00a0\u00a0\u00a0\u00a0\u00a0\u00a0\u00a0\u00a0\u00a0\u00a0\u00a0\u00a0\u00a0\u00a0\u00a0\u00a0\u00a0\u00a0\u00a0\u00a0\u00a0\u00a0\u00a0\u00a0\u00a0\u00a0\u00a0\u00a0\u00a0\u00a0\u00a0\u00a0\u00a0\u00a0\u00a0\u00a0\u00a0\u00a0\u00a0\u00a0\u00a0\u00a0\u00a0\u00a0\u00a0\u00a0\u00a0\u00a0<\/h2>\n<p>&nbsp;<\/p>\n","protected":false},"excerpt":{"rendered":"<p>Com cada mes, l&#8217;equip d&#8217;enT\u00e0ndem t&#8217;informa dels millors plans culturals per aquest mes d&#8217;abril!\u00a0Un mes d&#8217;abril que ser\u00e0 sin\u00f2nim de cinema, de m\u00fasica, de circ, de gimn\u00e0stica i tamb\u00e9 de xocolata entre moltes altres coses m\u00e9s! Si tens curiositat per saber en qu\u00e8 consisteixen totes aquestes idees, aqu\u00ed tens tota la informaci\u00f3 necess\u00e0ria! Potser algunes &hellip; <a href=\"https:\/\/entandem.cat\/es\/recursos-es\/agenda-cultural-abril-2018\/\">Continued<\/a><\/p>\n","protected":false},"author":1,"featured_media":4366,"comment_status":"closed","ping_status":"open","sticky":false,"template":"","format":"standard","meta":{"footnotes":""},"categories":[320],"tags":[510,511,499,512,480,513,514,515],"class_list":["post-4372","post","type-post","status-publish","format-standard","has-post-thumbnail","hentry","category-recursos-es","tag-agenda-cultural-es","tag-cine-es","tag-exposicio-es-2","tag-foto-es","tag-pintura-es","tag-sortidas-es","tag-tallers-es","tag-visita-es"],"yoast_head":"<!-- This site is optimized with the Yoast SEO plugin v27.0 - https:\/\/yoast.com\/product\/yoast-seo-wordpress\/ -->\n<title>Agenda Cultural - Abril 2018 - enT\u00e0ndem<\/title>\n<meta name=\"robots\" content=\"index, follow, max-snippet:-1, max-image-preview:large, max-video-preview:-1\" \/>\n<link rel=\"canonical\" href=\"https:\/\/entandem.cat\/es\/recursos-es\/agenda-cultural-abril-2018\/\" \/>\n<meta property=\"og:locale\" content=\"es_ES\" \/>\n<meta property=\"og:type\" content=\"article\" \/>\n<meta property=\"og:title\" content=\"Agenda Cultural - Abril 2018 - enT\u00e0ndem\" \/>\n<meta property=\"og:description\" content=\"Com cada mes, l&#8217;equip d&#8217;enT\u00e0ndem t&#8217;informa dels millors plans culturals per aquest mes d&#8217;abril!\u00a0Un mes d&#8217;abril que ser\u00e0 sin\u00f2nim de cinema, de m\u00fasica, de circ, de gimn\u00e0stica i tamb\u00e9 de xocolata entre moltes altres coses m\u00e9s! Si tens curiositat per saber en qu\u00e8 consisteixen totes aquestes idees, aqu\u00ed tens tota la informaci\u00f3 necess\u00e0ria! Potser algunes &hellip; Continued\" \/>\n<meta property=\"og:url\" content=\"https:\/\/entandem.cat\/es\/recursos-es\/agenda-cultural-abril-2018\/\" \/>\n<meta property=\"og:site_name\" content=\"enT\u00e0ndem\" \/>\n<meta property=\"article:publisher\" content=\"https:\/\/www.facebook.com\/afevcat\" \/>\n<meta property=\"article:published_time\" content=\"2018-03-22T15:38:43+00:00\" \/>\n<meta property=\"article:modified_time\" content=\"2018-05-02T10:16:35+00:00\" \/>\n<meta property=\"og:image\" content=\"https:\/\/entandem.cat\/wp-content\/uploads\/2018\/03\/Agenda-Cultural-Abril-2018-1024x683.jpg\" \/>\n\t<meta property=\"og:image:width\" content=\"1024\" \/>\n\t<meta property=\"og:image:height\" content=\"683\" \/>\n\t<meta property=\"og:image:type\" content=\"image\/jpeg\" \/>\n<meta name=\"author\" content=\"adminTandem\" \/>\n<meta name=\"twitter:card\" content=\"summary_large_image\" \/>\n<meta name=\"twitter:creator\" content=\"@afevcat\" \/>\n<meta name=\"twitter:site\" content=\"@afevcat\" \/>\n<meta name=\"twitter:label1\" content=\"Escrito por\" \/>\n\t<meta name=\"twitter:data1\" content=\"adminTandem\" \/>\n\t<meta name=\"twitter:label2\" content=\"Tiempo de lectura\" \/>\n\t<meta name=\"twitter:data2\" content=\"2 minutos\" \/>\n<script type=\"application\/ld+json\" class=\"yoast-schema-graph\">{\"@context\":\"https:\/\/schema.org\",\"@graph\":[{\"@type\":\"Article\",\"@id\":\"https:\/\/entandem.cat\/es\/recursos-es\/agenda-cultural-abril-2018\/#article\",\"isPartOf\":{\"@id\":\"https:\/\/entandem.cat\/es\/recursos-es\/agenda-cultural-abril-2018\/\"},\"author\":{\"name\":\"adminTandem\",\"@id\":\"https:\/\/entandem.cat\/#\/schema\/person\/2111428ce1954193a11054a1e2b5b0da\"},\"headline\":\"Agenda Cultural &#8211; Abril 2018\",\"datePublished\":\"2018-03-22T15:38:43+00:00\",\"dateModified\":\"2018-05-02T10:16:35+00:00\",\"mainEntityOfPage\":{\"@id\":\"https:\/\/entandem.cat\/es\/recursos-es\/agenda-cultural-abril-2018\/\"},\"wordCount\":448,\"publisher\":{\"@id\":\"https:\/\/entandem.cat\/#organization\"},\"image\":{\"@id\":\"https:\/\/entandem.cat\/es\/recursos-es\/agenda-cultural-abril-2018\/#primaryimage\"},\"thumbnailUrl\":\"https:\/\/entandem.cat\/wp-content\/uploads\/2018\/03\/Agenda-Cultural-Abril-2018.jpg\",\"keywords\":[\"agenda cultural\",\"cine\",\"exposici\u00f3\",\"foto\",\"pintura\",\"sortidas\",\"tallers\",\"visita\"],\"articleSection\":[\"Recursos\"],\"inLanguage\":\"es\"},{\"@type\":\"WebPage\",\"@id\":\"https:\/\/entandem.cat\/es\/recursos-es\/agenda-cultural-abril-2018\/\",\"url\":\"https:\/\/entandem.cat\/es\/recursos-es\/agenda-cultural-abril-2018\/\",\"name\":\"Agenda Cultural - Abril 2018 - enT\u00e0ndem\",\"isPartOf\":{\"@id\":\"https:\/\/entandem.cat\/#website\"},\"primaryImageOfPage\":{\"@id\":\"https:\/\/entandem.cat\/es\/recursos-es\/agenda-cultural-abril-2018\/#primaryimage\"},\"image\":{\"@id\":\"https:\/\/entandem.cat\/es\/recursos-es\/agenda-cultural-abril-2018\/#primaryimage\"},\"thumbnailUrl\":\"https:\/\/entandem.cat\/wp-content\/uploads\/2018\/03\/Agenda-Cultural-Abril-2018.jpg\",\"datePublished\":\"2018-03-22T15:38:43+00:00\",\"dateModified\":\"2018-05-02T10:16:35+00:00\",\"breadcrumb\":{\"@id\":\"https:\/\/entandem.cat\/es\/recursos-es\/agenda-cultural-abril-2018\/#breadcrumb\"},\"inLanguage\":\"es\",\"potentialAction\":[{\"@type\":\"ReadAction\",\"target\":[\"https:\/\/entandem.cat\/es\/recursos-es\/agenda-cultural-abril-2018\/\"]}]},{\"@type\":\"ImageObject\",\"inLanguage\":\"es\",\"@id\":\"https:\/\/entandem.cat\/es\/recursos-es\/agenda-cultural-abril-2018\/#primaryimage\",\"url\":\"https:\/\/entandem.cat\/wp-content\/uploads\/2018\/03\/Agenda-Cultural-Abril-2018.jpg\",\"contentUrl\":\"https:\/\/entandem.cat\/wp-content\/uploads\/2018\/03\/Agenda-Cultural-Abril-2018.jpg\",\"width\":5184,\"height\":3456},{\"@type\":\"BreadcrumbList\",\"@id\":\"https:\/\/entandem.cat\/es\/recursos-es\/agenda-cultural-abril-2018\/#breadcrumb\",\"itemListElement\":[{\"@type\":\"ListItem\",\"position\":1,\"name\":\"Inici\",\"item\":\"https:\/\/entandem.cat\/es\/\"},{\"@type\":\"ListItem\",\"position\":2,\"name\":\"Agenda Cultural &#8211; Abril 2018\"}]},{\"@type\":\"WebSite\",\"@id\":\"https:\/\/entandem.cat\/#website\",\"url\":\"https:\/\/entandem.cat\/\",\"name\":\"enT\u00e0ndem\",\"description\":\"Voluntariat Social Universitari\",\"publisher\":{\"@id\":\"https:\/\/entandem.cat\/#organization\"},\"potentialAction\":[{\"@type\":\"SearchAction\",\"target\":{\"@type\":\"EntryPoint\",\"urlTemplate\":\"https:\/\/entandem.cat\/?s={search_term_string}\"},\"query-input\":{\"@type\":\"PropertyValueSpecification\",\"valueRequired\":true,\"valueName\":\"search_term_string\"}}],\"inLanguage\":\"es\"},{\"@type\":\"Organization\",\"@id\":\"https:\/\/entandem.cat\/#organization\",\"name\":\"enT\u00e0ndem\",\"url\":\"https:\/\/entandem.cat\/\",\"logo\":{\"@type\":\"ImageObject\",\"inLanguage\":\"es\",\"@id\":\"https:\/\/entandem.cat\/#\/schema\/logo\/image\/\",\"url\":\"https:\/\/entandem.cat\/wp-content\/uploads\/2016\/12\/logo-entandem.png\",\"contentUrl\":\"https:\/\/entandem.cat\/wp-content\/uploads\/2016\/12\/logo-entandem.png\",\"width\":166,\"height\":44,\"caption\":\"enT\u00e0ndem\"},\"image\":{\"@id\":\"https:\/\/entandem.cat\/#\/schema\/logo\/image\/\"},\"sameAs\":[\"https:\/\/www.facebook.com\/afevcat\",\"https:\/\/x.com\/afevcat\",\"https:\/\/www.instagram.com\/afevcat\/\"]},{\"@type\":\"Person\",\"@id\":\"https:\/\/entandem.cat\/#\/schema\/person\/2111428ce1954193a11054a1e2b5b0da\",\"name\":\"adminTandem\"}]}<\/script>\n<!-- \/ Yoast SEO plugin. -->","yoast_head_json":{"title":"Agenda Cultural - Abril 2018 - enT\u00e0ndem","robots":{"index":"index","follow":"follow","max-snippet":"max-snippet:-1","max-image-preview":"max-image-preview:large","max-video-preview":"max-video-preview:-1"},"canonical":"https:\/\/entandem.cat\/es\/recursos-es\/agenda-cultural-abril-2018\/","og_locale":"es_ES","og_type":"article","og_title":"Agenda Cultural - Abril 2018 - enT\u00e0ndem","og_description":"Com cada mes, l&#8217;equip d&#8217;enT\u00e0ndem t&#8217;informa dels millors plans culturals per aquest mes d&#8217;abril!\u00a0Un mes d&#8217;abril que ser\u00e0 sin\u00f2nim de cinema, de m\u00fasica, de circ, de gimn\u00e0stica i tamb\u00e9 de xocolata entre moltes altres coses m\u00e9s! Si tens curiositat per saber en qu\u00e8 consisteixen totes aquestes idees, aqu\u00ed tens tota la informaci\u00f3 necess\u00e0ria! Potser algunes &hellip; Continued","og_url":"https:\/\/entandem.cat\/es\/recursos-es\/agenda-cultural-abril-2018\/","og_site_name":"enT\u00e0ndem","article_publisher":"https:\/\/www.facebook.com\/afevcat","article_published_time":"2018-03-22T15:38:43+00:00","article_modified_time":"2018-05-02T10:16:35+00:00","og_image":[{"width":1024,"height":683,"url":"https:\/\/entandem.cat\/wp-content\/uploads\/2018\/03\/Agenda-Cultural-Abril-2018-1024x683.jpg","type":"image\/jpeg"}],"author":"adminTandem","twitter_card":"summary_large_image","twitter_creator":"@afevcat","twitter_site":"@afevcat","twitter_misc":{"Escrito por":"adminTandem","Tiempo de lectura":"2 minutos"},"schema":{"@context":"https:\/\/schema.org","@graph":[{"@type":"Article","@id":"https:\/\/entandem.cat\/es\/recursos-es\/agenda-cultural-abril-2018\/#article","isPartOf":{"@id":"https:\/\/entandem.cat\/es\/recursos-es\/agenda-cultural-abril-2018\/"},"author":{"name":"adminTandem","@id":"https:\/\/entandem.cat\/#\/schema\/person\/2111428ce1954193a11054a1e2b5b0da"},"headline":"Agenda Cultural &#8211; Abril 2018","datePublished":"2018-03-22T15:38:43+00:00","dateModified":"2018-05-02T10:16:35+00:00","mainEntityOfPage":{"@id":"https:\/\/entandem.cat\/es\/recursos-es\/agenda-cultural-abril-2018\/"},"wordCount":448,"publisher":{"@id":"https:\/\/entandem.cat\/#organization"},"image":{"@id":"https:\/\/entandem.cat\/es\/recursos-es\/agenda-cultural-abril-2018\/#primaryimage"},"thumbnailUrl":"https:\/\/entandem.cat\/wp-content\/uploads\/2018\/03\/Agenda-Cultural-Abril-2018.jpg","keywords":["agenda cultural","cine","exposici\u00f3","foto","pintura","sortidas","tallers","visita"],"articleSection":["Recursos"],"inLanguage":"es"},{"@type":"WebPage","@id":"https:\/\/entandem.cat\/es\/recursos-es\/agenda-cultural-abril-2018\/","url":"https:\/\/entandem.cat\/es\/recursos-es\/agenda-cultural-abril-2018\/","name":"Agenda Cultural - Abril 2018 - enT\u00e0ndem","isPartOf":{"@id":"https:\/\/entandem.cat\/#website"},"primaryImageOfPage":{"@id":"https:\/\/entandem.cat\/es\/recursos-es\/agenda-cultural-abril-2018\/#primaryimage"},"image":{"@id":"https:\/\/entandem.cat\/es\/recursos-es\/agenda-cultural-abril-2018\/#primaryimage"},"thumbnailUrl":"https:\/\/entandem.cat\/wp-content\/uploads\/2018\/03\/Agenda-Cultural-Abril-2018.jpg","datePublished":"2018-03-22T15:38:43+00:00","dateModified":"2018-05-02T10:16:35+00:00","breadcrumb":{"@id":"https:\/\/entandem.cat\/es\/recursos-es\/agenda-cultural-abril-2018\/#breadcrumb"},"inLanguage":"es","potentialAction":[{"@type":"ReadAction","target":["https:\/\/entandem.cat\/es\/recursos-es\/agenda-cultural-abril-2018\/"]}]},{"@type":"ImageObject","inLanguage":"es","@id":"https:\/\/entandem.cat\/es\/recursos-es\/agenda-cultural-abril-2018\/#primaryimage","url":"https:\/\/entandem.cat\/wp-content\/uploads\/2018\/03\/Agenda-Cultural-Abril-2018.jpg","contentUrl":"https:\/\/entandem.cat\/wp-content\/uploads\/2018\/03\/Agenda-Cultural-Abril-2018.jpg","width":5184,"height":3456},{"@type":"BreadcrumbList","@id":"https:\/\/entandem.cat\/es\/recursos-es\/agenda-cultural-abril-2018\/#breadcrumb","itemListElement":[{"@type":"ListItem","position":1,"name":"Inici","item":"https:\/\/entandem.cat\/es\/"},{"@type":"ListItem","position":2,"name":"Agenda Cultural &#8211; Abril 2018"}]},{"@type":"WebSite","@id":"https:\/\/entandem.cat\/#website","url":"https:\/\/entandem.cat\/","name":"enT\u00e0ndem","description":"Voluntariat Social Universitari","publisher":{"@id":"https:\/\/entandem.cat\/#organization"},"potentialAction":[{"@type":"SearchAction","target":{"@type":"EntryPoint","urlTemplate":"https:\/\/entandem.cat\/?s={search_term_string}"},"query-input":{"@type":"PropertyValueSpecification","valueRequired":true,"valueName":"search_term_string"}}],"inLanguage":"es"},{"@type":"Organization","@id":"https:\/\/entandem.cat\/#organization","name":"enT\u00e0ndem","url":"https:\/\/entandem.cat\/","logo":{"@type":"ImageObject","inLanguage":"es","@id":"https:\/\/entandem.cat\/#\/schema\/logo\/image\/","url":"https:\/\/entandem.cat\/wp-content\/uploads\/2016\/12\/logo-entandem.png","contentUrl":"https:\/\/entandem.cat\/wp-content\/uploads\/2016\/12\/logo-entandem.png","width":166,"height":44,"caption":"enT\u00e0ndem"},"image":{"@id":"https:\/\/entandem.cat\/#\/schema\/logo\/image\/"},"sameAs":["https:\/\/www.facebook.com\/afevcat","https:\/\/x.com\/afevcat","https:\/\/www.instagram.com\/afevcat\/"]},{"@type":"Person","@id":"https:\/\/entandem.cat\/#\/schema\/person\/2111428ce1954193a11054a1e2b5b0da","name":"adminTandem"}]}},"_links":{"self":[{"href":"https:\/\/entandem.cat\/es\/wp-json\/wp\/v2\/posts\/4372","targetHints":{"allow":["GET"]}}],"collection":[{"href":"https:\/\/entandem.cat\/es\/wp-json\/wp\/v2\/posts"}],"about":[{"href":"https:\/\/entandem.cat\/es\/wp-json\/wp\/v2\/types\/post"}],"author":[{"embeddable":true,"href":"https:\/\/entandem.cat\/es\/wp-json\/wp\/v2\/users\/1"}],"replies":[{"embeddable":true,"href":"https:\/\/entandem.cat\/es\/wp-json\/wp\/v2\/comments?post=4372"}],"version-history":[{"count":0,"href":"https:\/\/entandem.cat\/es\/wp-json\/wp\/v2\/posts\/4372\/revisions"}],"wp:featuredmedia":[{"embeddable":true,"href":"https:\/\/entandem.cat\/es\/wp-json\/wp\/v2\/media\/4366"}],"wp:attachment":[{"href":"https:\/\/entandem.cat\/es\/wp-json\/wp\/v2\/media?parent=4372"}],"wp:term":[{"taxonomy":"category","embeddable":true,"href":"https:\/\/entandem.cat\/es\/wp-json\/wp\/v2\/categories?post=4372"},{"taxonomy":"post_tag","embeddable":true,"href":"https:\/\/entandem.cat\/es\/wp-json\/wp\/v2\/tags?post=4372"}],"curies":[{"name":"wp","href":"https:\/\/api.w.org\/{rel}","templated":true}]}}