{"id":4074,"date":"2017-12-01T11:56:34","date_gmt":"2017-12-01T11:56:34","guid":{"rendered":"http:\/\/entandem.cat\/es\/actividades\/agenda-cultural-desembre-2017\/"},"modified":"2018-01-24T12:28:23","modified_gmt":"2018-01-24T12:28:23","slug":"agenda-cultural-desembre-2017","status":"publish","type":"post","link":"https:\/\/entandem.cat\/es\/recursos-es\/agenda-cultural-desembre-2017\/","title":{"rendered":"Agenda Cultural &#8211; Desembre 2017"},"content":{"rendered":"<p><em>El mes de desembre ser\u00e0 ric en cultura! Aqu\u00ed, en aquesta petita agenda cultural, proposem una <strong>selecci\u00f3 d&#8217;activitats i sortides culturals<\/strong> pels vostres t\u00e0ndems. Esperem que sigui del vostre inter\u00e8s!<\/em><\/p>\n<p>&nbsp;<\/p>\n<p><span style=\"color: #99cc00;\">[Cine]<\/span> \u00ab<span style=\"color: #ff0000;\">Cinef\u00f2rum: Sara, de Veus Gitanes<\/span>\u00ab<\/p>\n<ul style=\"list-style-type: square;\">\n<li>Cinemes Girona<\/li>\n<li>Dilluns 11 de Desembre: 19h<\/li>\n<li>Entrada gratu\u00efta amb inscripci\u00f3<\/li>\n<li>Per a m\u00e9s informaci\u00f3: <a href=\"http:\/\/guia.barcelona.cat\/es\/detall\/cineforum-sara-de-veus-gitanes_99400548957.html\"><span style=\"color: #ff0000;\">http:\/\/guia.barcelona.cat\/es\/detall\/cineforum-sara-de-veus-gitanes_99400548957.html<\/span><\/a><\/li>\n<\/ul>\n<p>&nbsp;<\/p>\n<p><span style=\"color: #99cc00;\">[Cine] <\/span>\u00ab<span style=\"color: #ff0000;\">Dia Internacional de les persones amb discapacitat: Projecci\u00f3 de documental \u00c1lbum de fam\u00edlia<\/span>\u00ab<\/p>\n<ul style=\"list-style-type: square;\">\n<li>Centre C\u00edvic Josep Maria Trias i Peitx<\/li>\n<li>Dimecres 5 de desembre: 18h<\/li>\n<li>Entrada gratu\u00efta<\/li>\n<li>Per a m\u00e9s informaci\u00f3: <a href=\"http:\/\/guia.barcelona.cat\/es\/detall\/dia-internacional-de-les-persones-amb-discapacitat-projeccio-de-documental-album-de-familia-_99400524705.html\"><span style=\"color: #ff0000;\">http:\/\/guia.barcelona.cat\/es\/detall\/dia-internacional-de-les-persones-amb-discapacitat-projeccio-de-documental-album-de-familia-_99400524705.html<\/span><\/a><\/li>\n<\/ul>\n<p>&nbsp;<\/p>\n<p><span style=\"color: #99cc00;\">[Cine] <\/span>\u00ab<span style=\"color: #ff0000;\">Documental del mes: The free lunch society<\/span>\u00ab<\/p>\n<ul style=\"list-style-type: square;\">\n<li>Centre C\u00edvic Ateneu Fort Pienc<\/li>\n<li>Dijous 14 de desembre: 19h30<\/li>\n<li>Entrada lliure<\/li>\n<li>Reserva d\u2019entrades: a partir del dilluns de la setmana corresponent<\/li>\n<li>Per a m\u00e9s informaci\u00f3: <a href=\"http:\/\/www.fortpienc.org\/programacio-cultural\/the-free-lunch-society\/\"><span style=\"color: #ff0000;\">http:\/\/www.fortpienc.org\/programacio-cultural\/the-free-lunch-society\/<\/span><\/a><\/li>\n<\/ul>\n<p>&nbsp;<\/p>\n<p><span style=\"color: #99cc00;\">[Concurs]<\/span> \u00ab<span style=\"color: #ff0000;\">C\u00f2mics a Les Planes<\/span>\u00ab<\/p>\n<ul style=\"list-style-type: square;\">\n<li>Centre C\u00edvic l&#8217;El\u00e8lctric<\/li>\n<li>De dilluns a dissabte de 16h a 20h30<\/li>\n<li>Activitat gratu\u00efta<\/li>\n<li>Per a m\u00e9s informaci\u00f3: <a href=\"http:\/\/guia.barcelona.cat\/es\/detall\/concurs-de-comics-a-les-planes_99400318242.html\"><span style=\"color: #ff0000;\">http:\/\/guia.barcelona.cat\/es\/detall\/concurs-de-comics-a-les-planes_99400318242.html<\/span><\/a><\/li>\n<\/ul>\n<p>&nbsp;<\/p>\n<p><span style=\"color: #99cc00;\">[Dansa] <\/span>\u00ab<span style=\"color: #ff0000;\">La piel vac\u00eda<\/span>\u00ab<\/p>\n<ul style=\"list-style-type: square;\">\n<li>Centre C\u00edvic Barceloneta<\/li>\n<li>Dijous 14 de desembre: 20h<\/li>\n<li>Per a m\u00e9s informaci\u00f3:<a href=\"http:\/\/guia.barcelona.cat\/es\/detall\/cicle-contemporanis-a-la-barceloneta-espectacles-la-piel-vacia-de-siberiapaloma-muntildeoz_99400525009.html\"><span style=\"color: #ff0000;\"> http:\/\/guia.barcelona.cat\/es\/detall\/cicle-contemporanis-a-la-barceloneta-espectacles-la-piel-vacia-de-siberiapaloma-muntildeoz_99400525009.html<\/span><\/a><\/li>\n<\/ul>\n<p>&nbsp;<\/p>\n<p><span style=\"color: #99cc00;\">[Exposici\u00f3] <\/span>\u00ab<span style=\"color: #ff0000;\">Warhol. L&#8217;art mec\u00e0nic<\/span>\u00ab<span style=\"color: #99cc00;\"> <br \/>\n <\/span><\/p>\n<ul style=\"list-style-type: square;\">\n<li>Caixa Forum, Centre Social i Cultural<\/li>\n<li>Fins al 31 de desembre<\/li>\n<li>Visites comentades amb activitats i en fam\u00edlia.<\/li>\n<li>Preu: 2\/3\u20ac<\/li>\n<li>Per a m\u00e9s informaci\u00f3: <span style=\"color: #ff0000;\">https:\/\/caixaforum.es\/barcelona\/fichaactividad?entryId=207977<\/span><\/li>\n<\/ul>\n<p>&nbsp;<\/p>\n<p><span style=\"color: #99cc00;\">[Exposici\u00f3]<\/span> \u00ab<span style=\"color: #ff0000;\">D&#8217;ONES: [R]evoluci\u00f3 de les dones en la m\u00fasica<\/span>\u00ab<\/p>\n<ul style=\"list-style-type: square;\">\n<li>Palau Robert<\/li>\n<li>Entrada gratu\u00efta<\/li>\n<li>Per a m\u00e9s informaci\u00f3: <a href=\"http:\/\/palaurobert.gencat.cat\/ca\/exposicions\/exposicionsactuals\/dones\/\"><span style=\"color: #ff0000;\">http:\/\/palaurobert.gencat.cat\/ca\/exposicions\/exposicionsactuals\/dones\/<\/span><\/a><\/li>\n<\/ul>\n<p>&nbsp;<\/p>\n<p><span style=\"color: #99cc00;\">[Exposici\u00f3]<\/span> \u00ab<span style=\"color: #ff0000;\">Jocs i joguines a l&#8217;antiguitat<\/span>\u00ab<\/p>\n<ul style=\"list-style-type: square;\">\n<li>Museu d&#8217;Arqueologia de Catalunya<\/li>\n<li>Entrada gratu\u00efta<\/li>\n<li>Per a m\u00e9s informaci\u00f3: <a href=\"http:\/\/www.macbarcelona.cat\/Exposicions\/Exposicions-temporals-actuals\/Jocs-i-joguines-a-l-antiguitat\"><span style=\"color: #ff0000;\">http:\/\/www.macbarcelona.cat\/Exposicions\/Exposicions-temporals-actuals\/Jocs-i-joguines-a-l-antiguitat<\/span><\/a><\/li>\n<\/ul>\n<p>&nbsp;<\/p>\n<p><span style=\"color: #99cc00;\">[Exposici\u00f3] <\/span>\u00ab<span style=\"color: #ff0000;\">La vida en paper. El c\u00f2mic i la il.lustraci\u00f3 com a eines de sensibilitzaci\u00f3<\/span>\u00ab<span style=\"color: #99cc00;\"><br \/>\n <\/span><\/p>\n<ul style=\"list-style-type: square;\">\n<li>Biblioteca Clar\u00e0<\/li>\n<li>Entrada gratu\u00efta<\/li>\n<li>Per a m\u00e9s informaci\u00f3: <a href=\"http:\/\/ajuntament.barcelona.cat\/biblioteques\/bibclara\/ca\/noticia\/la-vida-en-paper-el-czemic-i-la-illustracize-com-a-eines-de-sensibilitzacize\"><span style=\"color: #ff0000;\">http:\/\/ajuntament.barcelona.cat\/biblioteques\/bibclara\/ca\/noticia\/la-vida-en-paper-el-czemic-i-la-illustracize-com-a-eines-de-sensibilitzacize<\/span><\/a><\/li>\n<\/ul>\n<p>&nbsp;<\/p>\n<p><span style=\"color: #99cc00;\">[Exposici\u00f3]<\/span> \u00ab<span style=\"color: #ff0000;\">Nuna. La terra dels inuit<\/span>\u00ab<\/p>\n<ul style=\"list-style-type: square;\">\n<li>Museu de cultures del m\u00f3n.<\/li>\n<li>Entrada gratu\u00efta<\/li>\n<li>Per a m\u00e9s informaci\u00f3: <a href=\"http:\/\/museuculturesmon.bcn.cat\/nuna-inuit\"><span style=\"color: #ff0000;\">http:\/\/museuculturesmon.bcn.cat\/nuna-inuit<\/span><\/a><\/li>\n<\/ul>\n<p>&nbsp;<\/p>\n<p><span style=\"color: #99cc00;\">[ Fira ]<\/span> \u00ab<span style=\"color: #ff0000;\">Nadal a Santa Ll\u00facia<\/span>\u00bb \u00a0\u00a0\u00a0\u00a0<\/p>\n<ul style=\"list-style-type: square;\">\n<li style=\"list-style-type: none;\">\n<ul style=\"list-style-type: square;\">\n<li>Av, de la Catedral i Pla\u00e7a Nova<\/li>\n<li>Fins al 26 de desembre<\/li>\n<li>Entrada gratu\u00efta<\/li>\n<li>Per a m\u00e9s informaci\u00f3: <a href=\"https:\/\/irbarcelona.com\/navidad-en-barcelona\/fira-santa-llucia\/\"><span style=\"color: #ff0000;\">https:\/\/irbarcelona.com\/navidad-en-barcelona\/fira-santa-llucia\/<\/span><\/a><\/li>\n<\/ul>\n<\/li>\n<\/ul>\n<p><span style=\"color: #99cc00;\">[Jocs] <\/span>\u00ab<span style=\"color: #ff0000;\">Rac\u00f3 de jocs del Poble Sec<\/span>\u00ab<\/p>\n<ul style=\"list-style-type: square;\">\n<li>Pla\u00e7a de las Navas: Dijous 7 de desembre<\/li>\n<li>Pla\u00e7a de Pere Franquesa . Dijous 21 de desembre<\/li>\n<li>Pla\u00e7a d&#8217;Ovidi Montllor: Dimecres 6, Dijous 14 i Dimecres 20 de desembre de 17h a 20h30<\/li>\n<li>Entrada gratu\u00efta<\/li>\n<li>Per a m\u00e9s informaci\u00f3: <a href=\"http:\/\/guia.barcelona.cat\/es\/detall\/raco-de-jocs-de-poble-sec_99400550439.html\"><span style=\"color: #ff0000;\">http:\/\/guia.barcelona.cat\/es\/detall\/raco-de-jocs-de-poble-sec_99400550439.html<\/span><\/a><\/li>\n<\/ul>\n<p>&nbsp;<\/p>\n<p><span style=\"color: #99cc00;\">[Jocs]<\/span> \u00ab<span style=\"color: #ff0000;\">Shogi<\/span>\u00ab<\/p>\n<ul style=\"list-style-type: square;\">\n<li>Casa \u00c0sia<\/li>\n<li>14 de desembre de 18h30 a 20h30<\/li>\n<li>Entrada gratu\u00efta amb inscripci\u00f3<\/li>\n<li>Per a m\u00e9s informaci\u00f3: <a href=\"http:\/\/guia.barcelona.cat\/es\/detall\/jocs-de-taula-shogi-_99400535113.html\"><span style=\"color: #ff0000;\">http:\/\/guia.barcelona.cat\/es\/detall\/jocs-de-taula-shogi-_99400535113.html<\/span><\/a><\/li>\n<\/ul>\n<p><span style=\"color: #99cc00;\">[Jocs] <\/span>\u00ab<span style=\"color: #ff0000;\">Scavenger Hunt a la riera Sant Miquel<\/span>\u00ab<span style=\"color: #99cc00;\"><br \/>\n <\/span><\/p>\n<ul style=\"list-style-type: square;\">\n<li>Placeta de Sant Miquel<\/li>\n<li>Dimecres 20 de desembre de 17h3 a 19h<\/li>\n<li>Per a m\u00e9s informaci\u00f3: <a href=\"http:\/\/guia.barcelona.cat\/es\/detall\/scavenger-hunt-a-la-riera-sant-miquel_99400551079.html\"><span style=\"color: #ff0000;\">http:\/\/guia.barcelona.cat\/es\/detall\/scavenger-hunt-a-la-riera-sant-miquel_99400551079.html<\/span><\/a><\/li>\n<\/ul>\n<p>&nbsp;<\/p>\n<p><span style=\"color: #99cc00;\">[Mercat] <\/span>\u00ab<span style=\"color: #ff0000;\">Intercanvi de roba usada, dins de la Setmana Europea de Prevenci\u00f3 de Residus<\/span>\u00ab<span style=\"color: #99cc00;\"><br \/>\n <\/span><\/p>\n<ul style=\"list-style-type: square;\">\n<li>Centre C\u00edvic Casa Groga<\/li>\n<li>Divendres\u00a0 de desembre a les 17h<\/li>\n<li>Entrada gratu\u00efta<\/li>\n<\/ul>\n<p><span style=\"color: #99cc00;\">[M\u00fasica]<\/span>\u00a0\u00ab\u00a0<span style=\"color: #ff0000;\">Concert\u00a0de\u00a0Nadal<\/span>\u00a0\u00bb<\/p>\n<ul style=\"list-style-type: square;\">\n<li>Paranimf de la Universitat de Barcelona<\/li>\n<li>13, 15 i 18 desembre a les 20h<\/li>\n<li>Entrada gratu\u00efta amb invitaci\u00f3<\/li>\n<li>Per a m\u00e9s informaci\u00f3: <span style=\"color: #ff0000;\">ub.edu\/cultura<\/span>\u00a0\u00a0\u00a0\u00a0\u00a0\u00a0\u00a0\u00a0\u00a0\u00a0\u00a0\u00a0\u00a0\u00a0\u00a0\u00a0\u00a0\u00a0\u00a0\u00a0\u00a0\u00a0\u00a0\u00a0\u00a0\u00a0\u00a0\u00a0\u00a0\u00a0\u00a0\u00a0\u00a0\u00a0\u00a0 <\/li>\n<\/ul>\n<h2>\u00a0\u00a0\u00a0\u00a0\u00a0\u00a0\u00a0\u00a0\u00a0\u00a0\u00a0\u00a0\u00a0\u00a0\u00a0\u00a0\u00a0\u00a0\u00a0\u00a0\u00a0\u00a0\u00a0\u00a0\u00a0\u00a0\u00a0\u00a0\u00a0\u00a0\u00a0\u00a0\u00a0\u00a0\u00a0\u00a0\u00a0\u00a0\u00a0\u00a0<\/h2>\n<h2>\u00a0<\/h2>\n<p>&nbsp;<\/p>\n<p>&nbsp;<\/p>\n<p>&nbsp;<\/p>\n<h2>\u00a0\u00a0\u00a0\u00a0\u00a0\u00a0\u00a0\u00a0\u00a0\u00a0\u00a0\u00a0\u00a0\u00a0\u00a0\u00a0\u00a0\u00a0\u00a0\u00a0\u00a0\u00a0<\/h2>\n<h2>\u00a0\u00a0\u00a0\u00a0\u00a0\u00a0\u00a0\u00a0\u00a0\u00a0\u00a0\u00a0\u00a0\u00a0\u00a0\u00a0\u00a0\u00a0\u00a0\u00a0 \u00a0\u00a0\u00a0\u00a0\u00a0\u00a0\u00a0\u00a0\u00a0\u00a0\u00a0\u00a0\u00a0\u00a0\u00a0\u00a0\u00a0\u00a0\u00a0\u00a0\u00a0\u00a0\u00a0\u00a0\u00a0\u00a0\u00a0\u00a0\u00a0\u00a0\u00a0\u00a0\u00a0\u00a0\u00a0\u00a0\u00a0\u00a0\u00a0\u00a0\u00a0\u00a0\u00a0\u00a0\u00a0\u00a0\u00a0\u00a0\u00a0\u00a0\u00a0\u00a0\u00a0\u00a0\u00a0\u00a0\u00a0\u00a0\u00a0\u00a0\u00a0\u00a0\u00a0\u00a0\u00a0\u00a0\u00a0\u00a0\u00a0\u00a0\u00a0\u00a0\u00a0\u00a0\u00a0\u00a0\u00a0\u00a0\u00a0\u00a0\u00a0\u00a0\u00a0\u00a0\u00a0\u00a0\u00a0\u00a0<\/h2>\n<h2>\u00a0<\/h2>\n<h2>\u00a0<\/h2>\n<h2>\u00a0\u00a0\u00a0\u00a0\u00a0\u00a0\u00a0\u00a0\u00a0\u00a0\u00a0\u00a0\u00a0\u00a0\u00a0\u00a0\u00a0\u00a0\u00a0\u00a0\u00a0\u00a0\u00a0\u00a0\u00a0\u00a0\u00a0\u00a0\u00a0<\/h2>\n<h2>\u00a0<\/h2>\n","protected":false},"excerpt":{"rendered":"<p>El mes de desembre ser\u00e0 ric en cultura! Aqu\u00ed, en aquesta petita agenda cultural, proposem una selecci\u00f3 d&#8217;activitats i sortides culturals pels vostres t\u00e0ndems. Esperem que sigui del vostre inter\u00e8s! &nbsp; [Cine] \u00abCinef\u00f2rum: Sara, de Veus Gitanes\u00ab Cinemes Girona Dilluns 11 de Desembre: 19h Entrada gratu\u00efta amb inscripci\u00f3 Per a m\u00e9s informaci\u00f3: http:\/\/guia.barcelona.cat\/es\/detall\/cineforum-sara-de-veus-gitanes_99400548957.html &nbsp; [Cine] &hellip; <a href=\"https:\/\/entandem.cat\/es\/recursos-es\/agenda-cultural-desembre-2017\/\">Continued<\/a><\/p>\n","protected":false},"author":1,"featured_media":3594,"comment_status":"closed","ping_status":"open","sticky":false,"template":"","format":"standard","meta":{"footnotes":""},"categories":[320],"tags":[329,598,510,511,499,477],"class_list":["post-4074","post","type-post","status-publish","format-standard","has-post-thumbnail","hentry","category-recursos-es","tag-activitats-es","tag-activitats-culturals-es","tag-agenda-cultural-es","tag-cine-es","tag-exposicio-es-2","tag-jocs-es"],"yoast_head":"<!-- This site is optimized with the Yoast SEO plugin v27.0 - https:\/\/yoast.com\/product\/yoast-seo-wordpress\/ -->\n<title>Agenda Cultural - Desembre 2017 - enT\u00e0ndem<\/title>\n<meta name=\"robots\" content=\"index, follow, max-snippet:-1, max-image-preview:large, max-video-preview:-1\" \/>\n<link rel=\"canonical\" href=\"https:\/\/entandem.cat\/es\/recursos-es\/agenda-cultural-desembre-2017\/\" \/>\n<meta property=\"og:locale\" content=\"es_ES\" \/>\n<meta property=\"og:type\" content=\"article\" \/>\n<meta property=\"og:title\" content=\"Agenda Cultural - Desembre 2017 - enT\u00e0ndem\" \/>\n<meta property=\"og:description\" content=\"El mes de desembre ser\u00e0 ric en cultura! Aqu\u00ed, en aquesta petita agenda cultural, proposem una selecci\u00f3 d&#8217;activitats i sortides culturals pels vostres t\u00e0ndems. Esperem que sigui del vostre inter\u00e8s! &nbsp; [Cine] \u00abCinef\u00f2rum: Sara, de Veus Gitanes\u00ab Cinemes Girona Dilluns 11 de Desembre: 19h Entrada gratu\u00efta amb inscripci\u00f3 Per a m\u00e9s informaci\u00f3: http:\/\/guia.barcelona.cat\/es\/detall\/cineforum-sara-de-veus-gitanes_99400548957.html &nbsp; [Cine] &hellip; Continued\" \/>\n<meta property=\"og:url\" content=\"https:\/\/entandem.cat\/es\/recursos-es\/agenda-cultural-desembre-2017\/\" \/>\n<meta property=\"og:site_name\" content=\"enT\u00e0ndem\" \/>\n<meta property=\"article:publisher\" content=\"https:\/\/www.facebook.com\/afevcat\" \/>\n<meta property=\"article:published_time\" content=\"2017-12-01T11:56:34+00:00\" \/>\n<meta property=\"article:modified_time\" content=\"2018-01-24T12:28:23+00:00\" \/>\n<meta property=\"og:image\" content=\"https:\/\/entandem.cat\/wp-content\/uploads\/2017\/11\/aGENDA-CULTURAL-Desembre2017-1024x683.jpg\" \/>\n\t<meta property=\"og:image:width\" content=\"1024\" \/>\n\t<meta property=\"og:image:height\" content=\"683\" \/>\n\t<meta property=\"og:image:type\" content=\"image\/jpeg\" \/>\n<meta name=\"author\" content=\"adminTandem\" \/>\n<meta name=\"twitter:card\" content=\"summary_large_image\" \/>\n<meta name=\"twitter:creator\" content=\"@afevcat\" \/>\n<meta name=\"twitter:site\" content=\"@afevcat\" \/>\n<meta name=\"twitter:label1\" content=\"Escrito por\" \/>\n\t<meta name=\"twitter:data1\" content=\"adminTandem\" \/>\n\t<meta name=\"twitter:label2\" content=\"Tiempo de lectura\" \/>\n\t<meta name=\"twitter:data2\" content=\"3 minutos\" \/>\n<script type=\"application\/ld+json\" class=\"yoast-schema-graph\">{\"@context\":\"https:\/\/schema.org\",\"@graph\":[{\"@type\":\"Article\",\"@id\":\"https:\/\/entandem.cat\/es\/recursos-es\/agenda-cultural-desembre-2017\/#article\",\"isPartOf\":{\"@id\":\"https:\/\/entandem.cat\/es\/recursos-es\/agenda-cultural-desembre-2017\/\"},\"author\":{\"name\":\"adminTandem\",\"@id\":\"https:\/\/entandem.cat\/#\/schema\/person\/2111428ce1954193a11054a1e2b5b0da\"},\"headline\":\"Agenda Cultural &#8211; Desembre 2017\",\"datePublished\":\"2017-12-01T11:56:34+00:00\",\"dateModified\":\"2018-01-24T12:28:23+00:00\",\"mainEntityOfPage\":{\"@id\":\"https:\/\/entandem.cat\/es\/recursos-es\/agenda-cultural-desembre-2017\/\"},\"wordCount\":587,\"publisher\":{\"@id\":\"https:\/\/entandem.cat\/#organization\"},\"image\":{\"@id\":\"https:\/\/entandem.cat\/es\/recursos-es\/agenda-cultural-desembre-2017\/#primaryimage\"},\"thumbnailUrl\":\"https:\/\/entandem.cat\/wp-content\/uploads\/2017\/11\/aGENDA-CULTURAL-Desembre2017.jpg\",\"keywords\":[\"activitats\",\"activitats culturals\",\"agenda cultural\",\"cine\",\"exposici\u00f3\",\"jocs\"],\"articleSection\":[\"Recursos\"],\"inLanguage\":\"es\"},{\"@type\":\"WebPage\",\"@id\":\"https:\/\/entandem.cat\/es\/recursos-es\/agenda-cultural-desembre-2017\/\",\"url\":\"https:\/\/entandem.cat\/es\/recursos-es\/agenda-cultural-desembre-2017\/\",\"name\":\"Agenda Cultural - Desembre 2017 - enT\u00e0ndem\",\"isPartOf\":{\"@id\":\"https:\/\/entandem.cat\/#website\"},\"primaryImageOfPage\":{\"@id\":\"https:\/\/entandem.cat\/es\/recursos-es\/agenda-cultural-desembre-2017\/#primaryimage\"},\"image\":{\"@id\":\"https:\/\/entandem.cat\/es\/recursos-es\/agenda-cultural-desembre-2017\/#primaryimage\"},\"thumbnailUrl\":\"https:\/\/entandem.cat\/wp-content\/uploads\/2017\/11\/aGENDA-CULTURAL-Desembre2017.jpg\",\"datePublished\":\"2017-12-01T11:56:34+00:00\",\"dateModified\":\"2018-01-24T12:28:23+00:00\",\"breadcrumb\":{\"@id\":\"https:\/\/entandem.cat\/es\/recursos-es\/agenda-cultural-desembre-2017\/#breadcrumb\"},\"inLanguage\":\"es\",\"potentialAction\":[{\"@type\":\"ReadAction\",\"target\":[\"https:\/\/entandem.cat\/es\/recursos-es\/agenda-cultural-desembre-2017\/\"]}]},{\"@type\":\"ImageObject\",\"inLanguage\":\"es\",\"@id\":\"https:\/\/entandem.cat\/es\/recursos-es\/agenda-cultural-desembre-2017\/#primaryimage\",\"url\":\"https:\/\/entandem.cat\/wp-content\/uploads\/2017\/11\/aGENDA-CULTURAL-Desembre2017.jpg\",\"contentUrl\":\"https:\/\/entandem.cat\/wp-content\/uploads\/2017\/11\/aGENDA-CULTURAL-Desembre2017.jpg\",\"width\":5184,\"height\":3456},{\"@type\":\"BreadcrumbList\",\"@id\":\"https:\/\/entandem.cat\/es\/recursos-es\/agenda-cultural-desembre-2017\/#breadcrumb\",\"itemListElement\":[{\"@type\":\"ListItem\",\"position\":1,\"name\":\"Inici\",\"item\":\"https:\/\/entandem.cat\/es\/\"},{\"@type\":\"ListItem\",\"position\":2,\"name\":\"Agenda Cultural &#8211; Desembre 2017\"}]},{\"@type\":\"WebSite\",\"@id\":\"https:\/\/entandem.cat\/#website\",\"url\":\"https:\/\/entandem.cat\/\",\"name\":\"enT\u00e0ndem\",\"description\":\"Voluntariat Social Universitari\",\"publisher\":{\"@id\":\"https:\/\/entandem.cat\/#organization\"},\"potentialAction\":[{\"@type\":\"SearchAction\",\"target\":{\"@type\":\"EntryPoint\",\"urlTemplate\":\"https:\/\/entandem.cat\/?s={search_term_string}\"},\"query-input\":{\"@type\":\"PropertyValueSpecification\",\"valueRequired\":true,\"valueName\":\"search_term_string\"}}],\"inLanguage\":\"es\"},{\"@type\":\"Organization\",\"@id\":\"https:\/\/entandem.cat\/#organization\",\"name\":\"enT\u00e0ndem\",\"url\":\"https:\/\/entandem.cat\/\",\"logo\":{\"@type\":\"ImageObject\",\"inLanguage\":\"es\",\"@id\":\"https:\/\/entandem.cat\/#\/schema\/logo\/image\/\",\"url\":\"https:\/\/entandem.cat\/wp-content\/uploads\/2016\/12\/logo-entandem.png\",\"contentUrl\":\"https:\/\/entandem.cat\/wp-content\/uploads\/2016\/12\/logo-entandem.png\",\"width\":166,\"height\":44,\"caption\":\"enT\u00e0ndem\"},\"image\":{\"@id\":\"https:\/\/entandem.cat\/#\/schema\/logo\/image\/\"},\"sameAs\":[\"https:\/\/www.facebook.com\/afevcat\",\"https:\/\/x.com\/afevcat\",\"https:\/\/www.instagram.com\/afevcat\/\"]},{\"@type\":\"Person\",\"@id\":\"https:\/\/entandem.cat\/#\/schema\/person\/2111428ce1954193a11054a1e2b5b0da\",\"name\":\"adminTandem\"}]}<\/script>\n<!-- \/ Yoast SEO plugin. -->","yoast_head_json":{"title":"Agenda Cultural - Desembre 2017 - enT\u00e0ndem","robots":{"index":"index","follow":"follow","max-snippet":"max-snippet:-1","max-image-preview":"max-image-preview:large","max-video-preview":"max-video-preview:-1"},"canonical":"https:\/\/entandem.cat\/es\/recursos-es\/agenda-cultural-desembre-2017\/","og_locale":"es_ES","og_type":"article","og_title":"Agenda Cultural - Desembre 2017 - enT\u00e0ndem","og_description":"El mes de desembre ser\u00e0 ric en cultura! Aqu\u00ed, en aquesta petita agenda cultural, proposem una selecci\u00f3 d&#8217;activitats i sortides culturals pels vostres t\u00e0ndems. Esperem que sigui del vostre inter\u00e8s! &nbsp; [Cine] \u00abCinef\u00f2rum: Sara, de Veus Gitanes\u00ab Cinemes Girona Dilluns 11 de Desembre: 19h Entrada gratu\u00efta amb inscripci\u00f3 Per a m\u00e9s informaci\u00f3: http:\/\/guia.barcelona.cat\/es\/detall\/cineforum-sara-de-veus-gitanes_99400548957.html &nbsp; [Cine] &hellip; Continued","og_url":"https:\/\/entandem.cat\/es\/recursos-es\/agenda-cultural-desembre-2017\/","og_site_name":"enT\u00e0ndem","article_publisher":"https:\/\/www.facebook.com\/afevcat","article_published_time":"2017-12-01T11:56:34+00:00","article_modified_time":"2018-01-24T12:28:23+00:00","og_image":[{"width":1024,"height":683,"url":"https:\/\/entandem.cat\/wp-content\/uploads\/2017\/11\/aGENDA-CULTURAL-Desembre2017-1024x683.jpg","type":"image\/jpeg"}],"author":"adminTandem","twitter_card":"summary_large_image","twitter_creator":"@afevcat","twitter_site":"@afevcat","twitter_misc":{"Escrito por":"adminTandem","Tiempo de lectura":"3 minutos"},"schema":{"@context":"https:\/\/schema.org","@graph":[{"@type":"Article","@id":"https:\/\/entandem.cat\/es\/recursos-es\/agenda-cultural-desembre-2017\/#article","isPartOf":{"@id":"https:\/\/entandem.cat\/es\/recursos-es\/agenda-cultural-desembre-2017\/"},"author":{"name":"adminTandem","@id":"https:\/\/entandem.cat\/#\/schema\/person\/2111428ce1954193a11054a1e2b5b0da"},"headline":"Agenda Cultural &#8211; Desembre 2017","datePublished":"2017-12-01T11:56:34+00:00","dateModified":"2018-01-24T12:28:23+00:00","mainEntityOfPage":{"@id":"https:\/\/entandem.cat\/es\/recursos-es\/agenda-cultural-desembre-2017\/"},"wordCount":587,"publisher":{"@id":"https:\/\/entandem.cat\/#organization"},"image":{"@id":"https:\/\/entandem.cat\/es\/recursos-es\/agenda-cultural-desembre-2017\/#primaryimage"},"thumbnailUrl":"https:\/\/entandem.cat\/wp-content\/uploads\/2017\/11\/aGENDA-CULTURAL-Desembre2017.jpg","keywords":["activitats","activitats culturals","agenda cultural","cine","exposici\u00f3","jocs"],"articleSection":["Recursos"],"inLanguage":"es"},{"@type":"WebPage","@id":"https:\/\/entandem.cat\/es\/recursos-es\/agenda-cultural-desembre-2017\/","url":"https:\/\/entandem.cat\/es\/recursos-es\/agenda-cultural-desembre-2017\/","name":"Agenda Cultural - Desembre 2017 - enT\u00e0ndem","isPartOf":{"@id":"https:\/\/entandem.cat\/#website"},"primaryImageOfPage":{"@id":"https:\/\/entandem.cat\/es\/recursos-es\/agenda-cultural-desembre-2017\/#primaryimage"},"image":{"@id":"https:\/\/entandem.cat\/es\/recursos-es\/agenda-cultural-desembre-2017\/#primaryimage"},"thumbnailUrl":"https:\/\/entandem.cat\/wp-content\/uploads\/2017\/11\/aGENDA-CULTURAL-Desembre2017.jpg","datePublished":"2017-12-01T11:56:34+00:00","dateModified":"2018-01-24T12:28:23+00:00","breadcrumb":{"@id":"https:\/\/entandem.cat\/es\/recursos-es\/agenda-cultural-desembre-2017\/#breadcrumb"},"inLanguage":"es","potentialAction":[{"@type":"ReadAction","target":["https:\/\/entandem.cat\/es\/recursos-es\/agenda-cultural-desembre-2017\/"]}]},{"@type":"ImageObject","inLanguage":"es","@id":"https:\/\/entandem.cat\/es\/recursos-es\/agenda-cultural-desembre-2017\/#primaryimage","url":"https:\/\/entandem.cat\/wp-content\/uploads\/2017\/11\/aGENDA-CULTURAL-Desembre2017.jpg","contentUrl":"https:\/\/entandem.cat\/wp-content\/uploads\/2017\/11\/aGENDA-CULTURAL-Desembre2017.jpg","width":5184,"height":3456},{"@type":"BreadcrumbList","@id":"https:\/\/entandem.cat\/es\/recursos-es\/agenda-cultural-desembre-2017\/#breadcrumb","itemListElement":[{"@type":"ListItem","position":1,"name":"Inici","item":"https:\/\/entandem.cat\/es\/"},{"@type":"ListItem","position":2,"name":"Agenda Cultural &#8211; Desembre 2017"}]},{"@type":"WebSite","@id":"https:\/\/entandem.cat\/#website","url":"https:\/\/entandem.cat\/","name":"enT\u00e0ndem","description":"Voluntariat Social Universitari","publisher":{"@id":"https:\/\/entandem.cat\/#organization"},"potentialAction":[{"@type":"SearchAction","target":{"@type":"EntryPoint","urlTemplate":"https:\/\/entandem.cat\/?s={search_term_string}"},"query-input":{"@type":"PropertyValueSpecification","valueRequired":true,"valueName":"search_term_string"}}],"inLanguage":"es"},{"@type":"Organization","@id":"https:\/\/entandem.cat\/#organization","name":"enT\u00e0ndem","url":"https:\/\/entandem.cat\/","logo":{"@type":"ImageObject","inLanguage":"es","@id":"https:\/\/entandem.cat\/#\/schema\/logo\/image\/","url":"https:\/\/entandem.cat\/wp-content\/uploads\/2016\/12\/logo-entandem.png","contentUrl":"https:\/\/entandem.cat\/wp-content\/uploads\/2016\/12\/logo-entandem.png","width":166,"height":44,"caption":"enT\u00e0ndem"},"image":{"@id":"https:\/\/entandem.cat\/#\/schema\/logo\/image\/"},"sameAs":["https:\/\/www.facebook.com\/afevcat","https:\/\/x.com\/afevcat","https:\/\/www.instagram.com\/afevcat\/"]},{"@type":"Person","@id":"https:\/\/entandem.cat\/#\/schema\/person\/2111428ce1954193a11054a1e2b5b0da","name":"adminTandem"}]}},"_links":{"self":[{"href":"https:\/\/entandem.cat\/es\/wp-json\/wp\/v2\/posts\/4074","targetHints":{"allow":["GET"]}}],"collection":[{"href":"https:\/\/entandem.cat\/es\/wp-json\/wp\/v2\/posts"}],"about":[{"href":"https:\/\/entandem.cat\/es\/wp-json\/wp\/v2\/types\/post"}],"author":[{"embeddable":true,"href":"https:\/\/entandem.cat\/es\/wp-json\/wp\/v2\/users\/1"}],"replies":[{"embeddable":true,"href":"https:\/\/entandem.cat\/es\/wp-json\/wp\/v2\/comments?post=4074"}],"version-history":[{"count":0,"href":"https:\/\/entandem.cat\/es\/wp-json\/wp\/v2\/posts\/4074\/revisions"}],"wp:featuredmedia":[{"embeddable":true,"href":"https:\/\/entandem.cat\/es\/wp-json\/wp\/v2\/media\/3594"}],"wp:attachment":[{"href":"https:\/\/entandem.cat\/es\/wp-json\/wp\/v2\/media?parent=4074"}],"wp:term":[{"taxonomy":"category","embeddable":true,"href":"https:\/\/entandem.cat\/es\/wp-json\/wp\/v2\/categories?post=4074"},{"taxonomy":"post_tag","embeddable":true,"href":"https:\/\/entandem.cat\/es\/wp-json\/wp\/v2\/tags?post=4074"}],"curies":[{"name":"wp","href":"https:\/\/api.w.org\/{rel}","templated":true}]}}