{"id":4072,"date":"2017-11-09T11:44:19","date_gmt":"2017-11-09T11:44:19","guid":{"rendered":"http:\/\/entandem.cat\/es\/actividades\/agenda-cultural-novembre-2017\/"},"modified":"2018-01-24T12:29:40","modified_gmt":"2018-01-24T12:29:40","slug":"agenda-cultural-novembre-2017","status":"publish","type":"post","link":"https:\/\/entandem.cat\/es\/recursos-es\/agenda-cultural-novembre-2017\/","title":{"rendered":"Agenda Cultural &#8211; Novembre 2017"},"content":{"rendered":"<p>Aqu\u00ed us deixem un recull d&#8217;<span style=\"color: #000000;\">activitats i sortides culturals<\/span> que podeu fer en t\u00e0ndem!\u00a0Aix\u00ed podeu con\u00e8ixer-vos entre vosaltres mentre aneu a una exposici\u00f3, a veure una pel\u00b7l\u00edcula o simplement jugant &#8230;\u00a0<\/p>\n<p>&nbsp;<\/p>\n<p><span style=\"color: #99cc00;\">[Activitat]<\/span> \u00ab<span style=\"color: #ff0000;\">Tobogans gegants a Barcelona<\/span>\u00bb\u00a0<\/p>\n<ul style=\"list-style-type: square;\">\n<li>Parc de Diagonal Mar, Parc de l\u2019Espanya Industrial, Tobogans de Montjuic i el Cam\u00ed del Cel &#8230;\u00a0<\/li>\n<\/ul>\n<p><span style=\"color: #99cc00;\">[Esport]<\/span> \u00ab<span style=\"color: #ff0000;\">Salting CET10 Barcelona<\/span>\u00bb\u00a0<\/p>\n<ul style=\"list-style-type: square;\">\n<li>Dilluns a divendres : 16h30 a 21h\u00a0 \/ Caps de setmana i festius : 10h a 14h i de 17h a 21h<\/li>\n<li>\n<p>3,5\u20ac \/ 15min. \u2013 5\u20ac \/ 30 min (de dilluns\u00a0 dijous)<\/p>\n<\/li>\n<li>\n<p>C\/ Per\u00fa, 162, Barcelona<\/p>\n<\/li>\n<li>Per a m\u00e9s informaci\u00f3 :\u00a0<span style=\"color: #0000ff;\"><a href=\"http:\/\/www.saltingcenters.com\/centros-salting\/cet10-barcelona\/\">http:\/\/www.saltingcenters.com\/centros-salting\/cet10-barcelona\/<\/a><\/span><\/li>\n<\/ul>\n<p><span style=\"color: #99cc00;\">[Cine]\u00a0<\/span>\u00ab <span style=\"color: #ff0000;\">La Cinetika<\/span>\u00bb<\/p>\n<ul style=\"list-style-type: square;\">\n<li>\n<p>Projecci\u00f3 els dijous a 20 h, divendres a les 19 h30.<\/p>\n<\/li>\n<li>\n<p>Entrada lliure\u00a0<\/p>\n<\/li>\n<li>\n<p>Rambla Fabra i Puig\u00a0<\/p>\n<\/li>\n<li>Per a m\u00e9s informaci\u00f3 :\u00a0<a href=\"https:\/\/lacinetika.wordpress.com\/\">https:\/\/lacinetika.wordpress.com\/<\/a>\u00a0<\/li>\n<\/ul>\n<p><span style=\"color: #99cc00;\">[Visita]<\/span> \u00ab<span style=\"color: #ff0000;\">Museu Blau<\/span>\u00bb<\/p>\n<ul style=\"list-style-type: square;\">\n<li>Entrada redu\u00efda (de 16 a 29 anys) : 2,70 \u20ac .<\/li>\n<li>Combinada Museu Blau + Jard\u00ed Bot\u00e0nic: 3,50 \u20ac. Entrada gratu\u00efta per els menors de setze anys.<\/li>\n<\/ul>\n<p><span style=\"color: #99cc00;\">[Cine]<\/span> \u00ab<span style=\"color: #ff0000;\">Cabaret, el musical<\/span>\u00bb<\/p>\n<ul style=\"list-style-type: square;\">\n<li>Dijous 16 de novembre a les 17h.<\/li>\n<li>Filmoteca de Catalunya<\/li>\n<li>Per a m\u00e9s informaci\u00f3 : <a href=\"http:\/\/www.filmoteca.cat\/web\/programacio\/cicles\/sessions-especials\/cabaret-el-musical\">http:\/\/www.filmoteca.cat\/web\/programacio\/cicles\/sessions-especials\/cabaret-el-musical\u00a0<\/a><\/li>\n<\/ul>\n<p><span style=\"color: #99cc00;\">[Cine]<\/span> \u00ab<span style=\"color: #ff0000;\">Cantando bajo la lluvia<\/span>\u00bb\u00a0<\/p>\n<ul style=\"list-style-type: square;\">\n<li>Dissabte 18 novembre a les 17h<\/li>\n<li>Filmoteca de Catalunya<\/li>\n<li>Per a m\u00e9s informaci\u00f3 : <a href=\"http:\/\/www.filmoteca.cat\/web\/programacio\/cicles\/gene-kelly-felicitat-i-nostalgia\/singin-in-the-rain\">http:\/\/www.filmoteca.cat\/web\/programacio\/cicles\/gene-kelly-felicitat-i-nostalgia\/singin-in-the-rain<\/a><\/li>\n<\/ul>\n<p><span style=\"color: #99cc00;\">[Cine]<\/span> \u00ab<span style=\"color: #ff0000;\">Cicle de cinemaI drets dels infants<\/span>\u00bb,\u00a0projecci\u00f3 de\u00a0\u201cEl meu ve\u00ed Totoro\u201d<\/p>\n<ul style=\"list-style-type: square;\">\n<li>Diumenge 19 de novembre a les 11h\u00a0<\/li>\n<li>Cinemes Girona<\/li>\n<li>Gratuito<\/li>\n<li>Per\u00a0 a m\u00e9s informaci\u00f3 :\u00a0<a href=\"http:\/\/www.cinemadretsinfants.org\/inici-2017\/\">http:\/\/www.cinemadretsinfants.org\/inici-2017\/<\/a><\/li>\n<\/ul>\n<p><span style=\"color: #99cc00;\">[Arts Esc\u00e8niques]<\/span> \u00ab<span style=\"color: #ff0000;\">Conversaciones con una gata sorda<\/span>\u00bb\u00a0<\/p>\n<ul style=\"list-style-type: square;\">\n<li>Dimecres 22 novembre a les 20h.<\/li>\n<li>Centre cultural La Farinera del Clot.\u00a0<\/li>\n<li>Per a m\u00e9s informaci\u00f3 : <a href=\"https:\/\/farinera.org\/agenda\/conversaciones-con-gata-sorda\/\">https:\/\/farinera.org\/agenda\/conversaciones-con-gata-sorda\/<\/a><\/li>\n<\/ul>\n<p><span style=\"color: #99cc00;\">[Exposici\u00f3]<\/span> \u00ab<span style=\"color: #ff0000;\">Huellas de mujeres geniales<\/span>\u00bb\u00a0<\/p>\n<ul style=\"list-style-type: square;\">\n<li>Del 25 de noviembre al 16 de desembre<\/li>\n<li>\n<p>Centre cultural La Farinera del Clot.\u00a0<\/p>\n<\/li>\n<li>Per a m\u00e9s informaci\u00f3 : <a href=\"http:\/\/guia.barcelona.cat\/es\/detall\/muses-6e-cicle-de-dones-creadores-exposicio-huellas-de-mujeres-geniales_99400549076.html\">http:\/\/guia.barcelona.cat\/es\/detall\/muses-6e-cicle-de-dones-creadores-exposicio-huellas-de-mujeres-geniales_99400549076.html<\/a><\/li>\n<\/ul>\n<p><span style=\"color: #99cc00;\">[Exposici\u00f3]<\/span> \u00ab<span style=\"color: #ff0000;\">On van els residus?<\/span>\u00bb\u00a0<\/p>\n<ul style=\"list-style-type: square;\">\n<li>Del 3 d&#8217; octubre al 15 de novembre, de dimarts a divendres de 17h a 20h i les divendres i dissabte d&#8217;11 a 14h<\/li>\n<li>Espai Pere Calafell<\/li>\n<li>Per a m\u00e9s informaci\u00f3 : <a href=\"http:\/\/lameva.barcelona.cat\/santmarti\/ca\/noticia\/exposicize-on-van-els-residus-a-lespai-pere-calafell\">http:\/\/lameva.barcelona.cat\/santmarti\/ca\/noticia\/exposicize-on-van-els-residus-a-lespai-pere-calafell<\/a><\/li>\n<\/ul>\n<p><span style=\"color: #99cc00;\">[Exposici\u00f3 fotogr\u00e1fica]<\/span> \u00ab <span style=\"color: #ff0000;\">Born reivindicat (1971-2001)<\/span>\u00bb<\/p>\n<ul style=\"list-style-type: square;\">\n<li>Fins al 26 de novembre<\/li>\n<li>Espai Sebasti\u00e0 Dalmau<\/li>\n<li>Entrada gratuita<\/li>\n<li>Per a m\u00e9s informaci\u00f3 : <a href=\"http:\/\/elbornculturaimemoria.barcelona.cat\/activitat\/born-reivindicat-1971-2001\/\">http:\/\/elbornculturaimemoria.barcelona.cat\/activitat\/born-reivindicat-1971-2001\/<\/a><\/li>\n<\/ul>\n<p><span style=\"color: #99cc00;\">[Exposici\u00f3 fotogr\u00e1fica]<\/span> \u00abBeware of the dog\u00bb\u00a0<\/p>\n<ul style=\"list-style-type: square;\">\n<li>Fins al 21 novembre<\/li>\n<li>Fifty Dots Gallery<\/li>\n<li>Per a m\u00e9s informaci\u00f3 : <a href=\"http:\/\/www.fiftydots.com\/2017\/10\/05\/alex-llovet-beware-of-the-dog\/\">http:\/\/www.fiftydots.com\/2017\/10\/05\/alex-llovet-beware-of-the-dog\/<\/a><\/li>\n<\/ul>\n<p>&nbsp;<\/p>\n<p><span style=\"color: #99cc00;\">[Taller]<\/span> \u00ab<span style=\"color: #ff0000;\">Hist\u00f2ries i misteris al Born<\/span>\u00bb\u00a0<\/p>\n<ul style=\"list-style-type: square;\">\n<li>Dissabte 18 de novembre de 17 h a 19 h<\/li>\n<li>Espai p\u00fablic d&#8217;El Born CCM<\/li>\n<li>Preu:3\u20ac<\/li>\n<li>Per a m\u00e9s informaci\u00f3 :\u00a0<a href=\"http:\/\/elbornculturaimemoria.barcelona.cat\/activitat\/histories-i-misteris-al-born\/\">http:\/\/elbornculturaimemoria.barcelona.cat\/activitat\/histories-i-misteris-al-born\/<\/a><\/li>\n<\/ul>\n<p><span style=\"color: #99cc00;\">[Tallers]<\/span> \u00ab<span style=\"color: #ff0000;\">Experiencies que apropen petits i grans a l&#8217;art<\/span> \u00bb<\/p>\n<ul style=\"list-style-type: square;\">\n<li>Diumenges de novembre<\/li>\n<li>MACBA<\/li>\n<li>Preu:3\u20ac<\/li>\n<li>Per a m\u00e9s informaci\u00f3 : <a href=\"http:\/\/macba.es\/es\/sacarse-un-espectaculo-del-bolsillo\/1\/\/activ\">http:\/\/macba.es\/es\/sacarse-un-espectaculo-del-bolsillo\/1\/\/activ<\/a><\/li>\n<\/ul>\n<p><span style=\"color: #99cc00;\">[Visita]<\/span> \u00ab <span style=\"color: #ff0000;\">Laboratoris de l\u2019Institut Bot\u00e0nic de Barcelona (IBB)<\/span>\u00bb\u00a0<\/p>\n<ul style=\"list-style-type: square;\">\n<li>Diumenge 12 de novembre de 2017, d&#8217;11 a 11.45 h, de 12 a 12.45 h ,de 13 a 13.45 h .<\/li>\n<li>Activitat gratuita amb reserva<\/li>\n<li>Per a m\u00e9s informaci\u00f3 :\u00a0<a href=\"http:\/\/museuciencies.cat\/activitats\/laboratoris-herbari-institut-botanic\/\">http:\/\/museuciencies.cat\/activitats\/laboratoris-herbari-institut-botanic\/<\/a><\/li>\n<\/ul>\n<p><span style=\"color: #99cc00;\">[Visita]<\/span> \u00ab<span style=\"color: #ff0000;\">Setmana de la Ci\u00e8ncia 2017<\/span>\u00bb\u00a0<\/p>\n<ul style=\"list-style-type: square;\">\n<li>Jornades de portes obertes i visitas guiadas durante el mes de novembre.<\/li>\n<li>Per a m\u00e9s informaci\u00f3 : <a href=\"http:\/\/museuciencies.cat\/activitats\/laboratoris-2\/\">http:\/\/museuciencies.cat\/activitats\/laboratoris-2\/<\/a><\/li>\n<\/ul>\n<p><span style=\"color: #99cc00;\">[Concurs]<\/span> \u00ab<span style=\"color: #ff0000;\">Pintura r\u00e1pida<\/span>\u00bb\u00a0<\/p>\n<ul style=\"list-style-type: square;\">\n<li>19 de novembre, 17 h.<\/li>\n<li>Ateneu del Clot<\/li>\n<li>Per a m\u00e9s informaci\u00f3 :\u00a0<a href=\"http:\/\/ateneudelclot.com\/?p=2747\">http:\/\/ateneudelclot.com\/?p=2747<\/a><\/li>\n<\/ul>\n<p>&nbsp;<\/p>\n","protected":false},"excerpt":{"rendered":"<p>Aqu\u00ed us deixem un recull d&#8217;activitats i sortides culturals que podeu fer en t\u00e0ndem!\u00a0Aix\u00ed podeu con\u00e8ixer-vos entre vosaltres mentre aneu a una exposici\u00f3, a veure una pel\u00b7l\u00edcula o simplement jugant &#8230;\u00a0 &nbsp; [Activitat] \u00abTobogans gegants a Barcelona\u00bb\u00a0 Parc de Diagonal Mar, Parc de l\u2019Espanya Industrial, Tobogans de Montjuic i el Cam\u00ed del Cel &#8230;\u00a0 [Esport] &hellip; <a href=\"https:\/\/entandem.cat\/es\/recursos-es\/agenda-cultural-novembre-2017\/\">Continued<\/a><\/p>\n","protected":false},"author":1,"featured_media":3564,"comment_status":"closed","ping_status":"open","sticky":false,"template":"","format":"standard","meta":{"footnotes":""},"categories":[320],"tags":[510,511,499,512,480,513,514,515],"class_list":["post-4072","post","type-post","status-publish","format-standard","has-post-thumbnail","hentry","category-recursos-es","tag-agenda-cultural-es","tag-cine-es","tag-exposicio-es-2","tag-foto-es","tag-pintura-es","tag-sortidas-es","tag-tallers-es","tag-visita-es"],"yoast_head":"<!-- This site is optimized with the Yoast SEO plugin v27.0 - https:\/\/yoast.com\/product\/yoast-seo-wordpress\/ -->\n<title>Agenda Cultural - Novembre 2017 - enT\u00e0ndem<\/title>\n<meta name=\"robots\" content=\"index, follow, max-snippet:-1, max-image-preview:large, max-video-preview:-1\" \/>\n<link rel=\"canonical\" href=\"https:\/\/entandem.cat\/es\/recursos-es\/agenda-cultural-novembre-2017\/\" \/>\n<meta property=\"og:locale\" content=\"es_ES\" \/>\n<meta property=\"og:type\" content=\"article\" \/>\n<meta property=\"og:title\" content=\"Agenda Cultural - Novembre 2017 - enT\u00e0ndem\" \/>\n<meta property=\"og:description\" content=\"Aqu\u00ed us deixem un recull d&#8217;activitats i sortides culturals que podeu fer en t\u00e0ndem!\u00a0Aix\u00ed podeu con\u00e8ixer-vos entre vosaltres mentre aneu a una exposici\u00f3, a veure una pel\u00b7l\u00edcula o simplement jugant &#8230;\u00a0 &nbsp; [Activitat] \u00abTobogans gegants a Barcelona\u00bb\u00a0 Parc de Diagonal Mar, Parc de l\u2019Espanya Industrial, Tobogans de Montjuic i el Cam\u00ed del Cel &#8230;\u00a0 [Esport] &hellip; Continued\" \/>\n<meta property=\"og:url\" content=\"https:\/\/entandem.cat\/es\/recursos-es\/agenda-cultural-novembre-2017\/\" \/>\n<meta property=\"og:site_name\" content=\"enT\u00e0ndem\" \/>\n<meta property=\"article:publisher\" content=\"https:\/\/www.facebook.com\/afevcat\" \/>\n<meta property=\"article:published_time\" content=\"2017-11-09T11:44:19+00:00\" \/>\n<meta property=\"article:modified_time\" content=\"2018-01-24T12:29:40+00:00\" \/>\n<meta property=\"og:image\" content=\"https:\/\/entandem.cat\/wp-content\/uploads\/2017\/11\/AgendaculturalNovembre217-1024x683.jpg\" \/>\n\t<meta property=\"og:image:width\" content=\"1024\" \/>\n\t<meta property=\"og:image:height\" content=\"683\" \/>\n\t<meta property=\"og:image:type\" content=\"image\/jpeg\" \/>\n<meta name=\"author\" content=\"adminTandem\" \/>\n<meta name=\"twitter:card\" content=\"summary_large_image\" \/>\n<meta name=\"twitter:creator\" content=\"@afevcat\" \/>\n<meta name=\"twitter:site\" content=\"@afevcat\" \/>\n<meta name=\"twitter:label1\" content=\"Escrito por\" \/>\n\t<meta name=\"twitter:data1\" content=\"adminTandem\" \/>\n\t<meta name=\"twitter:label2\" content=\"Tiempo de lectura\" \/>\n\t<meta name=\"twitter:data2\" content=\"3 minutos\" \/>\n<script type=\"application\/ld+json\" class=\"yoast-schema-graph\">{\"@context\":\"https:\/\/schema.org\",\"@graph\":[{\"@type\":\"Article\",\"@id\":\"https:\/\/entandem.cat\/es\/recursos-es\/agenda-cultural-novembre-2017\/#article\",\"isPartOf\":{\"@id\":\"https:\/\/entandem.cat\/es\/recursos-es\/agenda-cultural-novembre-2017\/\"},\"author\":{\"name\":\"adminTandem\",\"@id\":\"https:\/\/entandem.cat\/#\/schema\/person\/2111428ce1954193a11054a1e2b5b0da\"},\"headline\":\"Agenda Cultural &#8211; Novembre 2017\",\"datePublished\":\"2017-11-09T11:44:19+00:00\",\"dateModified\":\"2018-01-24T12:29:40+00:00\",\"mainEntityOfPage\":{\"@id\":\"https:\/\/entandem.cat\/es\/recursos-es\/agenda-cultural-novembre-2017\/\"},\"wordCount\":541,\"publisher\":{\"@id\":\"https:\/\/entandem.cat\/#organization\"},\"image\":{\"@id\":\"https:\/\/entandem.cat\/es\/recursos-es\/agenda-cultural-novembre-2017\/#primaryimage\"},\"thumbnailUrl\":\"https:\/\/entandem.cat\/wp-content\/uploads\/2017\/11\/AgendaculturalNovembre217.jpg\",\"keywords\":[\"agenda cultural\",\"cine\",\"exposici\u00f3\",\"foto\",\"pintura\",\"sortidas\",\"tallers\",\"visita\"],\"articleSection\":[\"Recursos\"],\"inLanguage\":\"es\"},{\"@type\":\"WebPage\",\"@id\":\"https:\/\/entandem.cat\/es\/recursos-es\/agenda-cultural-novembre-2017\/\",\"url\":\"https:\/\/entandem.cat\/es\/recursos-es\/agenda-cultural-novembre-2017\/\",\"name\":\"Agenda Cultural - Novembre 2017 - enT\u00e0ndem\",\"isPartOf\":{\"@id\":\"https:\/\/entandem.cat\/#website\"},\"primaryImageOfPage\":{\"@id\":\"https:\/\/entandem.cat\/es\/recursos-es\/agenda-cultural-novembre-2017\/#primaryimage\"},\"image\":{\"@id\":\"https:\/\/entandem.cat\/es\/recursos-es\/agenda-cultural-novembre-2017\/#primaryimage\"},\"thumbnailUrl\":\"https:\/\/entandem.cat\/wp-content\/uploads\/2017\/11\/AgendaculturalNovembre217.jpg\",\"datePublished\":\"2017-11-09T11:44:19+00:00\",\"dateModified\":\"2018-01-24T12:29:40+00:00\",\"breadcrumb\":{\"@id\":\"https:\/\/entandem.cat\/es\/recursos-es\/agenda-cultural-novembre-2017\/#breadcrumb\"},\"inLanguage\":\"es\",\"potentialAction\":[{\"@type\":\"ReadAction\",\"target\":[\"https:\/\/entandem.cat\/es\/recursos-es\/agenda-cultural-novembre-2017\/\"]}]},{\"@type\":\"ImageObject\",\"inLanguage\":\"es\",\"@id\":\"https:\/\/entandem.cat\/es\/recursos-es\/agenda-cultural-novembre-2017\/#primaryimage\",\"url\":\"https:\/\/entandem.cat\/wp-content\/uploads\/2017\/11\/AgendaculturalNovembre217.jpg\",\"contentUrl\":\"https:\/\/entandem.cat\/wp-content\/uploads\/2017\/11\/AgendaculturalNovembre217.jpg\",\"width\":5184,\"height\":3456},{\"@type\":\"BreadcrumbList\",\"@id\":\"https:\/\/entandem.cat\/es\/recursos-es\/agenda-cultural-novembre-2017\/#breadcrumb\",\"itemListElement\":[{\"@type\":\"ListItem\",\"position\":1,\"name\":\"Inici\",\"item\":\"https:\/\/entandem.cat\/es\/\"},{\"@type\":\"ListItem\",\"position\":2,\"name\":\"Agenda Cultural &#8211; Novembre 2017\"}]},{\"@type\":\"WebSite\",\"@id\":\"https:\/\/entandem.cat\/#website\",\"url\":\"https:\/\/entandem.cat\/\",\"name\":\"enT\u00e0ndem\",\"description\":\"Voluntariat Social Universitari\",\"publisher\":{\"@id\":\"https:\/\/entandem.cat\/#organization\"},\"potentialAction\":[{\"@type\":\"SearchAction\",\"target\":{\"@type\":\"EntryPoint\",\"urlTemplate\":\"https:\/\/entandem.cat\/?s={search_term_string}\"},\"query-input\":{\"@type\":\"PropertyValueSpecification\",\"valueRequired\":true,\"valueName\":\"search_term_string\"}}],\"inLanguage\":\"es\"},{\"@type\":\"Organization\",\"@id\":\"https:\/\/entandem.cat\/#organization\",\"name\":\"enT\u00e0ndem\",\"url\":\"https:\/\/entandem.cat\/\",\"logo\":{\"@type\":\"ImageObject\",\"inLanguage\":\"es\",\"@id\":\"https:\/\/entandem.cat\/#\/schema\/logo\/image\/\",\"url\":\"https:\/\/entandem.cat\/wp-content\/uploads\/2016\/12\/logo-entandem.png\",\"contentUrl\":\"https:\/\/entandem.cat\/wp-content\/uploads\/2016\/12\/logo-entandem.png\",\"width\":166,\"height\":44,\"caption\":\"enT\u00e0ndem\"},\"image\":{\"@id\":\"https:\/\/entandem.cat\/#\/schema\/logo\/image\/\"},\"sameAs\":[\"https:\/\/www.facebook.com\/afevcat\",\"https:\/\/x.com\/afevcat\",\"https:\/\/www.instagram.com\/afevcat\/\"]},{\"@type\":\"Person\",\"@id\":\"https:\/\/entandem.cat\/#\/schema\/person\/2111428ce1954193a11054a1e2b5b0da\",\"name\":\"adminTandem\"}]}<\/script>\n<!-- \/ Yoast SEO plugin. -->","yoast_head_json":{"title":"Agenda Cultural - Novembre 2017 - enT\u00e0ndem","robots":{"index":"index","follow":"follow","max-snippet":"max-snippet:-1","max-image-preview":"max-image-preview:large","max-video-preview":"max-video-preview:-1"},"canonical":"https:\/\/entandem.cat\/es\/recursos-es\/agenda-cultural-novembre-2017\/","og_locale":"es_ES","og_type":"article","og_title":"Agenda Cultural - Novembre 2017 - enT\u00e0ndem","og_description":"Aqu\u00ed us deixem un recull d&#8217;activitats i sortides culturals que podeu fer en t\u00e0ndem!\u00a0Aix\u00ed podeu con\u00e8ixer-vos entre vosaltres mentre aneu a una exposici\u00f3, a veure una pel\u00b7l\u00edcula o simplement jugant &#8230;\u00a0 &nbsp; [Activitat] \u00abTobogans gegants a Barcelona\u00bb\u00a0 Parc de Diagonal Mar, Parc de l\u2019Espanya Industrial, Tobogans de Montjuic i el Cam\u00ed del Cel &#8230;\u00a0 [Esport] &hellip; Continued","og_url":"https:\/\/entandem.cat\/es\/recursos-es\/agenda-cultural-novembre-2017\/","og_site_name":"enT\u00e0ndem","article_publisher":"https:\/\/www.facebook.com\/afevcat","article_published_time":"2017-11-09T11:44:19+00:00","article_modified_time":"2018-01-24T12:29:40+00:00","og_image":[{"width":1024,"height":683,"url":"https:\/\/entandem.cat\/wp-content\/uploads\/2017\/11\/AgendaculturalNovembre217-1024x683.jpg","type":"image\/jpeg"}],"author":"adminTandem","twitter_card":"summary_large_image","twitter_creator":"@afevcat","twitter_site":"@afevcat","twitter_misc":{"Escrito por":"adminTandem","Tiempo de lectura":"3 minutos"},"schema":{"@context":"https:\/\/schema.org","@graph":[{"@type":"Article","@id":"https:\/\/entandem.cat\/es\/recursos-es\/agenda-cultural-novembre-2017\/#article","isPartOf":{"@id":"https:\/\/entandem.cat\/es\/recursos-es\/agenda-cultural-novembre-2017\/"},"author":{"name":"adminTandem","@id":"https:\/\/entandem.cat\/#\/schema\/person\/2111428ce1954193a11054a1e2b5b0da"},"headline":"Agenda Cultural &#8211; Novembre 2017","datePublished":"2017-11-09T11:44:19+00:00","dateModified":"2018-01-24T12:29:40+00:00","mainEntityOfPage":{"@id":"https:\/\/entandem.cat\/es\/recursos-es\/agenda-cultural-novembre-2017\/"},"wordCount":541,"publisher":{"@id":"https:\/\/entandem.cat\/#organization"},"image":{"@id":"https:\/\/entandem.cat\/es\/recursos-es\/agenda-cultural-novembre-2017\/#primaryimage"},"thumbnailUrl":"https:\/\/entandem.cat\/wp-content\/uploads\/2017\/11\/AgendaculturalNovembre217.jpg","keywords":["agenda cultural","cine","exposici\u00f3","foto","pintura","sortidas","tallers","visita"],"articleSection":["Recursos"],"inLanguage":"es"},{"@type":"WebPage","@id":"https:\/\/entandem.cat\/es\/recursos-es\/agenda-cultural-novembre-2017\/","url":"https:\/\/entandem.cat\/es\/recursos-es\/agenda-cultural-novembre-2017\/","name":"Agenda Cultural - Novembre 2017 - enT\u00e0ndem","isPartOf":{"@id":"https:\/\/entandem.cat\/#website"},"primaryImageOfPage":{"@id":"https:\/\/entandem.cat\/es\/recursos-es\/agenda-cultural-novembre-2017\/#primaryimage"},"image":{"@id":"https:\/\/entandem.cat\/es\/recursos-es\/agenda-cultural-novembre-2017\/#primaryimage"},"thumbnailUrl":"https:\/\/entandem.cat\/wp-content\/uploads\/2017\/11\/AgendaculturalNovembre217.jpg","datePublished":"2017-11-09T11:44:19+00:00","dateModified":"2018-01-24T12:29:40+00:00","breadcrumb":{"@id":"https:\/\/entandem.cat\/es\/recursos-es\/agenda-cultural-novembre-2017\/#breadcrumb"},"inLanguage":"es","potentialAction":[{"@type":"ReadAction","target":["https:\/\/entandem.cat\/es\/recursos-es\/agenda-cultural-novembre-2017\/"]}]},{"@type":"ImageObject","inLanguage":"es","@id":"https:\/\/entandem.cat\/es\/recursos-es\/agenda-cultural-novembre-2017\/#primaryimage","url":"https:\/\/entandem.cat\/wp-content\/uploads\/2017\/11\/AgendaculturalNovembre217.jpg","contentUrl":"https:\/\/entandem.cat\/wp-content\/uploads\/2017\/11\/AgendaculturalNovembre217.jpg","width":5184,"height":3456},{"@type":"BreadcrumbList","@id":"https:\/\/entandem.cat\/es\/recursos-es\/agenda-cultural-novembre-2017\/#breadcrumb","itemListElement":[{"@type":"ListItem","position":1,"name":"Inici","item":"https:\/\/entandem.cat\/es\/"},{"@type":"ListItem","position":2,"name":"Agenda Cultural &#8211; Novembre 2017"}]},{"@type":"WebSite","@id":"https:\/\/entandem.cat\/#website","url":"https:\/\/entandem.cat\/","name":"enT\u00e0ndem","description":"Voluntariat Social Universitari","publisher":{"@id":"https:\/\/entandem.cat\/#organization"},"potentialAction":[{"@type":"SearchAction","target":{"@type":"EntryPoint","urlTemplate":"https:\/\/entandem.cat\/?s={search_term_string}"},"query-input":{"@type":"PropertyValueSpecification","valueRequired":true,"valueName":"search_term_string"}}],"inLanguage":"es"},{"@type":"Organization","@id":"https:\/\/entandem.cat\/#organization","name":"enT\u00e0ndem","url":"https:\/\/entandem.cat\/","logo":{"@type":"ImageObject","inLanguage":"es","@id":"https:\/\/entandem.cat\/#\/schema\/logo\/image\/","url":"https:\/\/entandem.cat\/wp-content\/uploads\/2016\/12\/logo-entandem.png","contentUrl":"https:\/\/entandem.cat\/wp-content\/uploads\/2016\/12\/logo-entandem.png","width":166,"height":44,"caption":"enT\u00e0ndem"},"image":{"@id":"https:\/\/entandem.cat\/#\/schema\/logo\/image\/"},"sameAs":["https:\/\/www.facebook.com\/afevcat","https:\/\/x.com\/afevcat","https:\/\/www.instagram.com\/afevcat\/"]},{"@type":"Person","@id":"https:\/\/entandem.cat\/#\/schema\/person\/2111428ce1954193a11054a1e2b5b0da","name":"adminTandem"}]}},"_links":{"self":[{"href":"https:\/\/entandem.cat\/es\/wp-json\/wp\/v2\/posts\/4072","targetHints":{"allow":["GET"]}}],"collection":[{"href":"https:\/\/entandem.cat\/es\/wp-json\/wp\/v2\/posts"}],"about":[{"href":"https:\/\/entandem.cat\/es\/wp-json\/wp\/v2\/types\/post"}],"author":[{"embeddable":true,"href":"https:\/\/entandem.cat\/es\/wp-json\/wp\/v2\/users\/1"}],"replies":[{"embeddable":true,"href":"https:\/\/entandem.cat\/es\/wp-json\/wp\/v2\/comments?post=4072"}],"version-history":[{"count":0,"href":"https:\/\/entandem.cat\/es\/wp-json\/wp\/v2\/posts\/4072\/revisions"}],"wp:featuredmedia":[{"embeddable":true,"href":"https:\/\/entandem.cat\/es\/wp-json\/wp\/v2\/media\/3564"}],"wp:attachment":[{"href":"https:\/\/entandem.cat\/es\/wp-json\/wp\/v2\/media?parent=4072"}],"wp:term":[{"taxonomy":"category","embeddable":true,"href":"https:\/\/entandem.cat\/es\/wp-json\/wp\/v2\/categories?post=4072"},{"taxonomy":"post_tag","embeddable":true,"href":"https:\/\/entandem.cat\/es\/wp-json\/wp\/v2\/tags?post=4072"}],"curies":[{"name":"wp","href":"https:\/\/api.w.org\/{rel}","templated":true}]}}