{"id":4056,"date":"2017-06-20T13:40:28","date_gmt":"2017-06-20T13:40:28","guid":{"rendered":"http:\/\/entandem.cat\/es\/actividades\/els-dijous-lafev\/"},"modified":"2020-09-15T14:22:38","modified_gmt":"2020-09-15T14:22:38","slug":"els-dijous-lafev","status":"publish","type":"post","link":"https:\/\/entandem.cat\/es\/testimonios\/els-dijous-lafev\/","title":{"rendered":"Els dijous a l\u2019AFEV per Gyanu Garc\u00eda Fonollosa"},"content":{"rendered":"<h5><strong>La Gyanu <\/strong>ha sigut volunt\u00e0ria del projecte enT\u00e0ndem a Santa Coloma de Gramenet durant el curs 2016-2017. A m\u00e9s de tot all\u00f2 que va poder oferir el seu jove mentorat, ens deixa una cr\u00f2nica potent de la seva experi\u00e8ncia i del seu proc\u00e9s d&#8217;aprenentatge com a mentora.<\/h5>\n<p>\n \u00abTenia moltes ganes de comen\u00e7ar l\u2019any nou fent l\u2019acompanyament. Ganes de viure una nova experi\u00e8ncia, de poder compartir moments especials amb un jove que ho necessitava&#8230; tenia tantes expectatives, tenia al cap plans, activitats, jocs i sortides que pensava que podr\u00edem fer. Per\u00f2 tot aix\u00f2 va canviar en un instant. L\u2019instant que vaig con\u00e8ixer el jove. L\u2019instant que vaig adonar-me\u2019n que el que ell necessitava anava m\u00e9s enll\u00e0 d\u2019all\u00f2.<\/p>\n<p> Fer un acompanyament t\u00e9 moltes parts positives i t\u2019aporta moltes coses bones, per\u00f2 no sempre es mant\u00e9 aquesta l\u00ednia, de tant en tant, fos el jove o fos jo, no ens trob\u00e0vem amb ganes de fer gran cosa, tots podem tenir un mal dia. No obstant intentava sempre que ens ho pass\u00e9ssim b\u00e9.<\/p>\n<p> B\u00e9, recordo que un mes i mig despr\u00e9s de comen\u00e7ar l\u2019acompanyament vaig escriure al m\u00f2bil una petita reflexi\u00f3 sobre la import\u00e0ncia d\u2019haver anat a Santa Coloma aquell dijous.<\/p>\n<p> \u201cJa \u00e9s dijous, quina mandra traslladar-se fins a l&#8217;altra punta de la ciutat, literalment. Per\u00f2 no \u00e9s fins que arribo al punt de trobada (al Rellotge XXI) i veig que m&#8217;est\u00e0 esperant, tot i que arribo una mica tard, que no m&#8217;adono que ha valgut la pena fer una hora de trajecte. No m&#8217;ho diu, per\u00f2 s\u00e9 que t\u00e9 ganes de sortir de casa, d&#8217;estar amb alg\u00fa altre que no sigui el seu germ\u00e0 petit, que sigui dijous. Dues hores d&#8217;acompanyament, de jocs, d&#8217;una amistat que s&#8217;est\u00e0 forjant a poc a poc, un proc\u00e9s que semblava lent, per\u00f2 ja han passat quasi dos mesos i ja veig una millora. Encara no puc descriure com d&#8217;emocionada em sento quan veig que ens entenem, que riem junts, i compartim aficions. Dues hores. Dues hores que marquen una difer\u00e8ncia. No li agraden les fotos, hi ha coses que no compartim, per\u00f2 anem aprenent que hem de ser flexibles i que no sempre tenim ra\u00f3&#8230;\u201d<\/p>\n<p> Aquell dia vam anar a jugar a ping-pong a un parc del barri, vaig buscar l\u2019esport m\u00e9s semblant al tenis i en ple febrer vam sortir a jugar, ell s\u2019havia emportat les pales de casa i vam estar jugant i xerrant molta estona. Mentre est\u00e0vem de cam\u00ed parl\u00e0vem d\u2019alguna cosa que ara no recordo, potser perqu\u00e8 en aquell moment estava pensant que era genial poder estar rient alhora i que havia valgut la pena anar-hi aquell dijous.<\/p>\n<p> Vaig voler commemorar aquell dia amb una fotografia, i tot i que no li agraden massa, em va complaure i ens vam fer una foto junts, la primera de poques, per\u00f2 d\u2019un dia especial. Despr\u00e9s vam parlar sobre esports, vam passar per un pavell\u00f3 per veure un equip de nois jugar a b\u00e0squet fins que vam tornar al punt de trobada amb els altres t\u00e0ndems.<\/p>\n<p> A partir d\u2019aquell moment, vam comen\u00e7ar a tenir m\u00e9s confian\u00e7a. No ens n&#8217;hav\u00edem adonat i ja era quasi Setmana Santa. Per aquell moment ja havia vist una evoluci\u00f3, i esperava que pogu\u00e9ssim anar treballant a poc a poc. Al principi era bastant t\u00edmid fins que va agafar m\u00e9s confian\u00e7a i, tot i que parl\u00e0vem en angl\u00e8s, ens enten\u00edem for\u00e7a b\u00e9.<\/p>\n<p> Durant aquest temps hem apr\u00e8s i jugat a diferents jocs de taula i cartes, hem anat en metro a un altre barri i hem anat a\u00a0 jugar ping-pong al parc, \u00e9s el que m\u00e9s ens agrada fer als dos. Tamb\u00e9 vaig descobrir que li agrada anar a la biblioteca, vam fer-li un carnet perqu\u00e8 pogu\u00e9s anar-hi quan volgu\u00e9s, per\u00f2 de vegades an\u00e0vem junts a buscar llibres o pel\u00b7l\u00edcules.<\/p>\n<p> El David \u00e9s especial, i em sap greu no poder continuar l\u2019any vinent. S\u00e9 que ha sigut un any dif\u00edcil per part seva, s\u2019ha hagut d\u2019adaptar a un nou pa\u00eds, a una nova llengua, una nova cultura, una nova escola, etc.<\/p>\n<p> D\u2019ell he apr\u00e8s a tenir paci\u00e8ncia, a ser m\u00e9s comprensiva, per\u00f2 sobretot a pensar m\u00e9s en els altres i menys en mi, a sobreposar coses que s\u00f3n m\u00e9s importants. I, tamb\u00e9, que encara que no hagi complert l\u2019objectiu que havia imaginat des del principi no significa que hagi perdut o que sigui incapa\u00e7, sin\u00f3 que no m\u2019he donat per ven\u00e7uda i he continuat donant el millor de mi per a alg\u00fa que em necessitava.<\/p>\n<p> Ha estat un any especial i em sento afortunada d\u2019haver pogut participar amb l\u2019AFEV en aquest projecte tan bonic.\u00bb<\/p>\n<h6><strong>Gyanu Garc\u00eda Fonollosa<\/strong><\/h6>\n<h6>Volunt\u00e0ria del barri de Santa Coloma. AFEV Barcelona.<\/h6>\n<h6>Estudiant de Traducci\u00f3 i interpretaci\u00f3 a la Universitat Pompeu Fabra<\/h6>\n","protected":false},"excerpt":{"rendered":"<p>La Gyanu ha sigut volunt\u00e0ria del projecte enT\u00e0ndem a Santa Coloma de Gramenet durant el curs 2016-2017. A m\u00e9s de tot all\u00f2 que va poder oferir el seu jove mentorat, ens deixa una cr\u00f2nica potent de la seva experi\u00e8ncia i del seu proc\u00e9s d&#8217;aprenentatge com a mentora. \u00abTenia moltes ganes de comen\u00e7ar l\u2019any nou fent &hellip; <a href=\"https:\/\/entandem.cat\/es\/testimonios\/els-dijous-lafev\/\">Continued<\/a><\/p>\n","protected":false},"author":1,"featured_media":3277,"comment_status":"closed","ping_status":"open","sticky":false,"template":"","format":"standard","meta":{"footnotes":""},"categories":[742],"tags":[426,427,463,330,465,431,467,541,542,334,543,433,544,545,546,434,483,484,485,486,336,487,507,437,331,339,369,476],"class_list":["post-4056","post","type-post","status-publish","format-standard","has-post-thumbnail","hentry","category-testimonios","tag-adolescencia-es","tag-adolescentes-es","tag-adolescents-es","tag-afev-es","tag-educacio-es","tag-educacion-es","tag-entandem-es","tag-exclusio-social-es","tag-exclusion-social-es","tag-fracas-escolar-es","tag-fracaso-escolar-es","tag-igualdad-es","tag-igualtat-doportunitats-es","tag-inclusio-es","tag-inclusion-es","tag-infancia-es","tag-infants-es","tag-jovenes-es","tag-joves-es","tag-mentoria-es","tag-mentoria-social-es","tag-ninos-es","tag-santa-coloma-es","tag-voluntariado-es","tag-voluntariat-es","tag-voluntariat-social-es","tag-voluntariat-universitari-es","tag-voluntaris-es"],"yoast_head":"<!-- This site is optimized with the Yoast SEO plugin v27.0 - https:\/\/yoast.com\/product\/yoast-seo-wordpress\/ -->\n<title>Els dijous a l\u2019AFEV per Gyanu Garc\u00eda Fonollosa - enT\u00e0ndem<\/title>\n<meta name=\"robots\" content=\"index, follow, max-snippet:-1, max-image-preview:large, max-video-preview:-1\" \/>\n<link rel=\"canonical\" href=\"https:\/\/entandem.cat\/es\/testimonios\/els-dijous-lafev\/\" \/>\n<meta property=\"og:locale\" content=\"es_ES\" \/>\n<meta property=\"og:type\" content=\"article\" \/>\n<meta property=\"og:title\" content=\"Els dijous a l\u2019AFEV per Gyanu Garc\u00eda Fonollosa - enT\u00e0ndem\" \/>\n<meta property=\"og:description\" content=\"La Gyanu ha sigut volunt\u00e0ria del projecte enT\u00e0ndem a Santa Coloma de Gramenet durant el curs 2016-2017. A m\u00e9s de tot all\u00f2 que va poder oferir el seu jove mentorat, ens deixa una cr\u00f2nica potent de la seva experi\u00e8ncia i del seu proc\u00e9s d&#8217;aprenentatge com a mentora. \u00abTenia moltes ganes de comen\u00e7ar l\u2019any nou fent &hellip; Continued\" \/>\n<meta property=\"og:url\" content=\"https:\/\/entandem.cat\/es\/testimonios\/els-dijous-lafev\/\" \/>\n<meta property=\"og:site_name\" content=\"enT\u00e0ndem\" \/>\n<meta property=\"article:publisher\" content=\"https:\/\/www.facebook.com\/afevcat\" \/>\n<meta property=\"article:published_time\" content=\"2017-06-20T13:40:28+00:00\" \/>\n<meta property=\"article:modified_time\" content=\"2020-09-15T14:22:38+00:00\" \/>\n<meta property=\"og:image\" content=\"https:\/\/entandem.cat\/wp-content\/uploads\/2017\/07\/testimoni_Gyanu.jpg\" \/>\n\t<meta property=\"og:image:width\" content=\"5184\" \/>\n\t<meta property=\"og:image:height\" content=\"3456\" \/>\n\t<meta property=\"og:image:type\" content=\"image\/jpeg\" \/>\n<meta name=\"author\" content=\"adminTandem\" \/>\n<meta name=\"twitter:card\" content=\"summary_large_image\" \/>\n<meta name=\"twitter:creator\" content=\"@afevcat\" \/>\n<meta name=\"twitter:site\" content=\"@afevcat\" \/>\n<meta name=\"twitter:label1\" content=\"Escrito por\" \/>\n\t<meta name=\"twitter:data1\" content=\"adminTandem\" \/>\n\t<meta name=\"twitter:label2\" content=\"Tiempo de lectura\" \/>\n\t<meta name=\"twitter:data2\" content=\"4 minutos\" \/>\n<script type=\"application\/ld+json\" class=\"yoast-schema-graph\">{\"@context\":\"https:\/\/schema.org\",\"@graph\":[{\"@type\":\"Article\",\"@id\":\"https:\/\/entandem.cat\/es\/testimonios\/els-dijous-lafev\/#article\",\"isPartOf\":{\"@id\":\"https:\/\/entandem.cat\/es\/testimonios\/els-dijous-lafev\/\"},\"author\":{\"name\":\"adminTandem\",\"@id\":\"https:\/\/entandem.cat\/#\/schema\/person\/2111428ce1954193a11054a1e2b5b0da\"},\"headline\":\"Els dijous a l\u2019AFEV per Gyanu Garc\u00eda Fonollosa\",\"datePublished\":\"2017-06-20T13:40:28+00:00\",\"dateModified\":\"2020-09-15T14:22:38+00:00\",\"mainEntityOfPage\":{\"@id\":\"https:\/\/entandem.cat\/es\/testimonios\/els-dijous-lafev\/\"},\"wordCount\":882,\"publisher\":{\"@id\":\"https:\/\/entandem.cat\/#organization\"},\"image\":{\"@id\":\"https:\/\/entandem.cat\/es\/testimonios\/els-dijous-lafev\/#primaryimage\"},\"thumbnailUrl\":\"https:\/\/entandem.cat\/wp-content\/uploads\/2017\/07\/testimoni_Gyanu.jpg\",\"keywords\":[\"adolesc\u00e8ncia\",\"adolescentes\",\"adolescents\",\"afev\",\"educaci\u00f3\",\"educaci\u00f3n\",\"entandem\",\"exclusi\u00f3 social\",\"exclusi\u00f3n social\",\"frac\u00e0s escolar\",\"fracaso escolar\",\"igualdad\",\"igualtat d&#8217;oportunitats\",\"inclusi\u00f3\",\"inclusi\u00f3n\",\"inf\u00e0ncia\",\"infants\",\"jovenes\",\"joves\",\"mentoria\",\"mentoria social\",\"ni\u00f1os\",\"Santa coloma\",\"voluntariado\",\"voluntariat\",\"voluntariat social\",\"voluntariat universitari\",\"voluntaris\"],\"articleSection\":[\"Testimonios\"],\"inLanguage\":\"es\"},{\"@type\":\"WebPage\",\"@id\":\"https:\/\/entandem.cat\/es\/testimonios\/els-dijous-lafev\/\",\"url\":\"https:\/\/entandem.cat\/es\/testimonios\/els-dijous-lafev\/\",\"name\":\"Els dijous a l\u2019AFEV per Gyanu Garc\u00eda Fonollosa - enT\u00e0ndem\",\"isPartOf\":{\"@id\":\"https:\/\/entandem.cat\/#website\"},\"primaryImageOfPage\":{\"@id\":\"https:\/\/entandem.cat\/es\/testimonios\/els-dijous-lafev\/#primaryimage\"},\"image\":{\"@id\":\"https:\/\/entandem.cat\/es\/testimonios\/els-dijous-lafev\/#primaryimage\"},\"thumbnailUrl\":\"https:\/\/entandem.cat\/wp-content\/uploads\/2017\/07\/testimoni_Gyanu.jpg\",\"datePublished\":\"2017-06-20T13:40:28+00:00\",\"dateModified\":\"2020-09-15T14:22:38+00:00\",\"breadcrumb\":{\"@id\":\"https:\/\/entandem.cat\/es\/testimonios\/els-dijous-lafev\/#breadcrumb\"},\"inLanguage\":\"es\",\"potentialAction\":[{\"@type\":\"ReadAction\",\"target\":[\"https:\/\/entandem.cat\/es\/testimonios\/els-dijous-lafev\/\"]}]},{\"@type\":\"ImageObject\",\"inLanguage\":\"es\",\"@id\":\"https:\/\/entandem.cat\/es\/testimonios\/els-dijous-lafev\/#primaryimage\",\"url\":\"https:\/\/entandem.cat\/wp-content\/uploads\/2017\/07\/testimoni_Gyanu.jpg\",\"contentUrl\":\"https:\/\/entandem.cat\/wp-content\/uploads\/2017\/07\/testimoni_Gyanu.jpg\",\"width\":5184,\"height\":3456},{\"@type\":\"BreadcrumbList\",\"@id\":\"https:\/\/entandem.cat\/es\/testimonios\/els-dijous-lafev\/#breadcrumb\",\"itemListElement\":[{\"@type\":\"ListItem\",\"position\":1,\"name\":\"Inici\",\"item\":\"https:\/\/entandem.cat\/es\/\"},{\"@type\":\"ListItem\",\"position\":2,\"name\":\"Els dijous a l\u2019AFEV per Gyanu Garc\u00eda Fonollosa\"}]},{\"@type\":\"WebSite\",\"@id\":\"https:\/\/entandem.cat\/#website\",\"url\":\"https:\/\/entandem.cat\/\",\"name\":\"enT\u00e0ndem\",\"description\":\"Voluntariat Social Universitari\",\"publisher\":{\"@id\":\"https:\/\/entandem.cat\/#organization\"},\"potentialAction\":[{\"@type\":\"SearchAction\",\"target\":{\"@type\":\"EntryPoint\",\"urlTemplate\":\"https:\/\/entandem.cat\/?s={search_term_string}\"},\"query-input\":{\"@type\":\"PropertyValueSpecification\",\"valueRequired\":true,\"valueName\":\"search_term_string\"}}],\"inLanguage\":\"es\"},{\"@type\":\"Organization\",\"@id\":\"https:\/\/entandem.cat\/#organization\",\"name\":\"enT\u00e0ndem\",\"url\":\"https:\/\/entandem.cat\/\",\"logo\":{\"@type\":\"ImageObject\",\"inLanguage\":\"es\",\"@id\":\"https:\/\/entandem.cat\/#\/schema\/logo\/image\/\",\"url\":\"https:\/\/entandem.cat\/wp-content\/uploads\/2016\/12\/logo-entandem.png\",\"contentUrl\":\"https:\/\/entandem.cat\/wp-content\/uploads\/2016\/12\/logo-entandem.png\",\"width\":166,\"height\":44,\"caption\":\"enT\u00e0ndem\"},\"image\":{\"@id\":\"https:\/\/entandem.cat\/#\/schema\/logo\/image\/\"},\"sameAs\":[\"https:\/\/www.facebook.com\/afevcat\",\"https:\/\/x.com\/afevcat\",\"https:\/\/www.instagram.com\/afevcat\/\"]},{\"@type\":\"Person\",\"@id\":\"https:\/\/entandem.cat\/#\/schema\/person\/2111428ce1954193a11054a1e2b5b0da\",\"name\":\"adminTandem\"}]}<\/script>\n<!-- \/ Yoast SEO plugin. -->","yoast_head_json":{"title":"Els dijous a l\u2019AFEV per Gyanu Garc\u00eda Fonollosa - enT\u00e0ndem","robots":{"index":"index","follow":"follow","max-snippet":"max-snippet:-1","max-image-preview":"max-image-preview:large","max-video-preview":"max-video-preview:-1"},"canonical":"https:\/\/entandem.cat\/es\/testimonios\/els-dijous-lafev\/","og_locale":"es_ES","og_type":"article","og_title":"Els dijous a l\u2019AFEV per Gyanu Garc\u00eda Fonollosa - enT\u00e0ndem","og_description":"La Gyanu ha sigut volunt\u00e0ria del projecte enT\u00e0ndem a Santa Coloma de Gramenet durant el curs 2016-2017. A m\u00e9s de tot all\u00f2 que va poder oferir el seu jove mentorat, ens deixa una cr\u00f2nica potent de la seva experi\u00e8ncia i del seu proc\u00e9s d&#8217;aprenentatge com a mentora. \u00abTenia moltes ganes de comen\u00e7ar l\u2019any nou fent &hellip; Continued","og_url":"https:\/\/entandem.cat\/es\/testimonios\/els-dijous-lafev\/","og_site_name":"enT\u00e0ndem","article_publisher":"https:\/\/www.facebook.com\/afevcat","article_published_time":"2017-06-20T13:40:28+00:00","article_modified_time":"2020-09-15T14:22:38+00:00","og_image":[{"width":5184,"height":3456,"url":"https:\/\/entandem.cat\/wp-content\/uploads\/2017\/07\/testimoni_Gyanu.jpg","type":"image\/jpeg"}],"author":"adminTandem","twitter_card":"summary_large_image","twitter_creator":"@afevcat","twitter_site":"@afevcat","twitter_misc":{"Escrito por":"adminTandem","Tiempo de lectura":"4 minutos"},"schema":{"@context":"https:\/\/schema.org","@graph":[{"@type":"Article","@id":"https:\/\/entandem.cat\/es\/testimonios\/els-dijous-lafev\/#article","isPartOf":{"@id":"https:\/\/entandem.cat\/es\/testimonios\/els-dijous-lafev\/"},"author":{"name":"adminTandem","@id":"https:\/\/entandem.cat\/#\/schema\/person\/2111428ce1954193a11054a1e2b5b0da"},"headline":"Els dijous a l\u2019AFEV per Gyanu Garc\u00eda Fonollosa","datePublished":"2017-06-20T13:40:28+00:00","dateModified":"2020-09-15T14:22:38+00:00","mainEntityOfPage":{"@id":"https:\/\/entandem.cat\/es\/testimonios\/els-dijous-lafev\/"},"wordCount":882,"publisher":{"@id":"https:\/\/entandem.cat\/#organization"},"image":{"@id":"https:\/\/entandem.cat\/es\/testimonios\/els-dijous-lafev\/#primaryimage"},"thumbnailUrl":"https:\/\/entandem.cat\/wp-content\/uploads\/2017\/07\/testimoni_Gyanu.jpg","keywords":["adolesc\u00e8ncia","adolescentes","adolescents","afev","educaci\u00f3","educaci\u00f3n","entandem","exclusi\u00f3 social","exclusi\u00f3n social","frac\u00e0s escolar","fracaso escolar","igualdad","igualtat d&#8217;oportunitats","inclusi\u00f3","inclusi\u00f3n","inf\u00e0ncia","infants","jovenes","joves","mentoria","mentoria social","ni\u00f1os","Santa coloma","voluntariado","voluntariat","voluntariat social","voluntariat universitari","voluntaris"],"articleSection":["Testimonios"],"inLanguage":"es"},{"@type":"WebPage","@id":"https:\/\/entandem.cat\/es\/testimonios\/els-dijous-lafev\/","url":"https:\/\/entandem.cat\/es\/testimonios\/els-dijous-lafev\/","name":"Els dijous a l\u2019AFEV per Gyanu Garc\u00eda Fonollosa - enT\u00e0ndem","isPartOf":{"@id":"https:\/\/entandem.cat\/#website"},"primaryImageOfPage":{"@id":"https:\/\/entandem.cat\/es\/testimonios\/els-dijous-lafev\/#primaryimage"},"image":{"@id":"https:\/\/entandem.cat\/es\/testimonios\/els-dijous-lafev\/#primaryimage"},"thumbnailUrl":"https:\/\/entandem.cat\/wp-content\/uploads\/2017\/07\/testimoni_Gyanu.jpg","datePublished":"2017-06-20T13:40:28+00:00","dateModified":"2020-09-15T14:22:38+00:00","breadcrumb":{"@id":"https:\/\/entandem.cat\/es\/testimonios\/els-dijous-lafev\/#breadcrumb"},"inLanguage":"es","potentialAction":[{"@type":"ReadAction","target":["https:\/\/entandem.cat\/es\/testimonios\/els-dijous-lafev\/"]}]},{"@type":"ImageObject","inLanguage":"es","@id":"https:\/\/entandem.cat\/es\/testimonios\/els-dijous-lafev\/#primaryimage","url":"https:\/\/entandem.cat\/wp-content\/uploads\/2017\/07\/testimoni_Gyanu.jpg","contentUrl":"https:\/\/entandem.cat\/wp-content\/uploads\/2017\/07\/testimoni_Gyanu.jpg","width":5184,"height":3456},{"@type":"BreadcrumbList","@id":"https:\/\/entandem.cat\/es\/testimonios\/els-dijous-lafev\/#breadcrumb","itemListElement":[{"@type":"ListItem","position":1,"name":"Inici","item":"https:\/\/entandem.cat\/es\/"},{"@type":"ListItem","position":2,"name":"Els dijous a l\u2019AFEV per Gyanu Garc\u00eda Fonollosa"}]},{"@type":"WebSite","@id":"https:\/\/entandem.cat\/#website","url":"https:\/\/entandem.cat\/","name":"enT\u00e0ndem","description":"Voluntariat Social Universitari","publisher":{"@id":"https:\/\/entandem.cat\/#organization"},"potentialAction":[{"@type":"SearchAction","target":{"@type":"EntryPoint","urlTemplate":"https:\/\/entandem.cat\/?s={search_term_string}"},"query-input":{"@type":"PropertyValueSpecification","valueRequired":true,"valueName":"search_term_string"}}],"inLanguage":"es"},{"@type":"Organization","@id":"https:\/\/entandem.cat\/#organization","name":"enT\u00e0ndem","url":"https:\/\/entandem.cat\/","logo":{"@type":"ImageObject","inLanguage":"es","@id":"https:\/\/entandem.cat\/#\/schema\/logo\/image\/","url":"https:\/\/entandem.cat\/wp-content\/uploads\/2016\/12\/logo-entandem.png","contentUrl":"https:\/\/entandem.cat\/wp-content\/uploads\/2016\/12\/logo-entandem.png","width":166,"height":44,"caption":"enT\u00e0ndem"},"image":{"@id":"https:\/\/entandem.cat\/#\/schema\/logo\/image\/"},"sameAs":["https:\/\/www.facebook.com\/afevcat","https:\/\/x.com\/afevcat","https:\/\/www.instagram.com\/afevcat\/"]},{"@type":"Person","@id":"https:\/\/entandem.cat\/#\/schema\/person\/2111428ce1954193a11054a1e2b5b0da","name":"adminTandem"}]}},"_links":{"self":[{"href":"https:\/\/entandem.cat\/es\/wp-json\/wp\/v2\/posts\/4056","targetHints":{"allow":["GET"]}}],"collection":[{"href":"https:\/\/entandem.cat\/es\/wp-json\/wp\/v2\/posts"}],"about":[{"href":"https:\/\/entandem.cat\/es\/wp-json\/wp\/v2\/types\/post"}],"author":[{"embeddable":true,"href":"https:\/\/entandem.cat\/es\/wp-json\/wp\/v2\/users\/1"}],"replies":[{"embeddable":true,"href":"https:\/\/entandem.cat\/es\/wp-json\/wp\/v2\/comments?post=4056"}],"version-history":[{"count":0,"href":"https:\/\/entandem.cat\/es\/wp-json\/wp\/v2\/posts\/4056\/revisions"}],"wp:featuredmedia":[{"embeddable":true,"href":"https:\/\/entandem.cat\/es\/wp-json\/wp\/v2\/media\/3277"}],"wp:attachment":[{"href":"https:\/\/entandem.cat\/es\/wp-json\/wp\/v2\/media?parent=4056"}],"wp:term":[{"taxonomy":"category","embeddable":true,"href":"https:\/\/entandem.cat\/es\/wp-json\/wp\/v2\/categories?post=4056"},{"taxonomy":"post_tag","embeddable":true,"href":"https:\/\/entandem.cat\/es\/wp-json\/wp\/v2\/tags?post=4056"}],"curies":[{"name":"wp","href":"https:\/\/api.w.org\/{rel}","templated":true}]}}